{"id":3989,"date":"2023-09-22T11:46:13","date_gmt":"2023-09-22T14:46:13","guid":{"rendered":"https:\/\/universofamilia.com\/?p=3989"},"modified":"2025-01-28T14:25:30","modified_gmt":"2025-01-28T14:25:30","slug":"preparacao-para-a-segunda-gravidez","status":"publish","type":"post","link":"https:\/\/universofamilia.com\/hr\/preparacao-para-a-segunda-gravidez\/","title":{"rendered":"Priprema za drugu trudno\u0107u"},"content":{"rendered":"<p>Priprema za drugu trudno\u0107u. Razmi\u0161ljate li jeste li spremni za drugu godinu? Evo nekoliko pozitivnih i negativnih aspekata koje biste trebali uzeti u obzir prilikom planiranja druge trudno\u0107e.<\/p>\n\n\n\n<h3 class=\"wp-block-heading\">Korak po korak:<\/h3>\n\n\n\n<ul>\n<li>Odlu\u010divanje jeste li spremni za drugi film<\/li>\n\n\n\n<li>Priprema za drugu trudno\u0107u<\/li>\n\n\n\n<li>Druga trudno\u0107a<\/li>\n\n\n\n<li>Suo\u010davanje s pote\u0161ko\u0107ama u drugoj trudno\u0107i<\/li>\n\n\n\n<li>Zdravlje tijekom druge trudno\u0107e<\/li>\n\n\n\n<li>Financijsko upravljanje tijekom druge trudno\u0107e<\/li>\n<\/ul>\n\n\n<div class=\"wp-block-image\">\n<figure class=\"aligncenter size-full\"><img loading=\"lazy\" decoding=\"async\" width=\"960\" height=\"540\" src=\"http:\/\/universofamilia.com\/wp-content\/uploads\/sites\/148\/2023\/09\/P-UNIV-FAMILIA-Preparacao-para-a-Segunda-Gravidez-1-1.png\" alt=\"\" class=\"wp-image-3994\" srcset=\"https:\/\/universofamilia.com\/wp-content\/uploads\/sites\/148\/2023\/09\/P-UNIV-FAMILIA-Preparacao-para-a-Segunda-Gravidez-1-1.png 960w, https:\/\/universofamilia.com\/wp-content\/uploads\/sites\/148\/2023\/09\/P-UNIV-FAMILIA-Preparacao-para-a-Segunda-Gravidez-1-1-300x169.png 300w, https:\/\/universofamilia.com\/wp-content\/uploads\/sites\/148\/2023\/09\/P-UNIV-FAMILIA-Preparacao-para-a-Segunda-Gravidez-1-1-768x432.png 768w\" sizes=\"(max-width: 960px) 100vw, 960px\" \/><\/figure><\/div>\n\n\n<p>Mo\u017eda zato \u0161to uvijek zami\u0161ljam vi\u0161e djece ili zato \u0161to mi nedavno padne na pamet ideja da dam znak svom djetetu, vrijeme je da razmislim o drugoj bebi. Izgledi za pro\u0161irenje obitelji su uzbudljivi, ali i zabrinjavaju\u0107i:<\/p>\n\n\n\n<ol style=\"list-style-type:1\">\n<li>Kako znate jeste li zaista spremni?<\/li>\n\n\n\n<li>Je li prva datoteka jo\u0161 uvijek premalena?<\/li>\n\n\n\n<li>Vrijedi se suo\u010diti s kaosom i iscrpljeno\u0161\u0107u dvoje beba;<\/li>\n\n\n\n<li>Je li bolje pri\u010dekati jo\u0161 malo?<\/li>\n<\/ol>\n\n\n\n<p>Nema kona\u010dnih odgovora, ali va\u017eno je razmisliti o ovim pitanjima kako biste donijeli informiranu odluku.<\/p>\n\n\n\n<h3 class=\"wp-block-heading\"><strong>Odlu\u010divanje jeste li spremni za drugi film<\/strong><\/h3>\n\n\n\n<p>Kako va\u0161a beba raste i transformira se iz bebe u naru\u010dju u dijete koje hoda i pada, mo\u017eda se pitate kada je pravo vrijeme za drugo dijete. Budu\u0107i da je ova odluka jedinstvena za svaku obitelj, neka pitanja koja vam mogu pomo\u0107i u odre\u0111ivanju najboljeg vremena:<\/p>\n\n\n\n<ol style=\"list-style-type:1\">\n<li>Osje\u0107ate li da nedostaje djece iz obli\u017enjih zajednica kako biste mogli biti pratitelji brincadeira?<\/li>\n\n\n\n<li>Jesi li spreman\/spremna suo\u010diti se jo\u0161 jednom s fazom no\u0107i i no\u0107i bez sna, ali odustajem ili je kasno?<\/li>\n\n\n\n<li>Preferirate li rasporediti trudno\u0107u kako biste iskoristili djetinjstvo svakog djeteta bez ometanja?<\/li>\n\n\n\n<li>Svi\u0111a li vam se ideja razmaka izme\u0111u djece ili dovoljnog razmaka kako bi se smanjili sukobi me\u0111u djecom zbog vrlo sli\u010dnih stanja i razvojnih faza?<\/li>\n<\/ol>\n\n\n\n<h4 class=\"wp-block-heading\"><mark class=\"has-inline-color has-ast-global-color-0-color\">Pro\u010ditajte i:<\/mark><\/h4>\n\n\n<table style=\"border-collapse: collapse;width: 840px;height: 171px\">\n<tbody>\n<tr style=\"height: 21px\">\n<td style=\"width: 18.5759%;height: 21px\"><a href=\"https:\/\/universofamilia.com\/hr\/7-passos-de-como-criar-e-manter-um-orcamento-familiar\/\"><img loading=\"lazy\" decoding=\"async\" class=\"alignnone wp-image-3984 size-medium\" src=\"http:\/\/universofamilia.com\/wp-content\/uploads\/sites\/148\/2023\/09\/L-Universo-Familia-7-Passos-de-Como-Criar-e-Manter-um-Orcamento-Familiar-300x300.png\" alt=\"\" width=\"300\" height=\"300\" srcset=\"https:\/\/universofamilia.com\/wp-content\/uploads\/sites\/148\/2023\/09\/L-Universo-Familia-7-Passos-de-Como-Criar-e-Manter-um-Orcamento-Familiar-300x300.png 300w, https:\/\/universofamilia.com\/wp-content\/uploads\/sites\/148\/2023\/09\/L-Universo-Familia-7-Passos-de-Como-Criar-e-Manter-um-Orcamento-Familiar-150x150.png 150w, https:\/\/universofamilia.com\/wp-content\/uploads\/sites\/148\/2023\/09\/L-Universo-Familia-7-Passos-de-Como-Criar-e-Manter-um-Orcamento-Familiar.png 315w\" sizes=\"(max-width: 300px) 100vw, 300px\" \/><\/a><\/td>\n<td style=\"width: 81.4241%;height: 21px\">\n<h4><span style=\"color: #000000\"><a style=\"color: #000000\" href=\"https:\/\/universofamilia.com\/hr\/7-passos-de-como-criar-e-manter-um-orcamento-familiar\/\" target=\"_blank\" rel=\"noopener\">7 koraka kako odgojiti i odr\u017eati obiteljski Or\u00e7amento<\/a><\/span><\/h4>\n<\/td>\n<\/tr>\n<tr style=\"height: 21px\">\n<td style=\"width: 18.5759%;height: 10px\">\u00a0<\/td>\n<td style=\"width: 81.4241%;height: 10px\">\u00a0<\/td>\n<\/tr>\n<tr style=\"height: 21px\">\n<td style=\"width: 18.5759%;height: 21px\">\u00a0<\/td>\n<td style=\"width: 81.4241%;height: 21px\">\u00a0<\/td>\n<\/tr>\n<\/tbody>\n<\/table>\n\n\n<p>Ako ste na prvih nekoliko pitanja odgovorili s &quot;da&quot;, mo\u017eda je prerano da razmi\u0161ljate o drugom pitanju.<\/p>\n\n\n\n<p>Me\u0111utim, ako je na posljednja dva pitanja odgovor &quot;da&quot;, mo\u017eda je dobra ideja pri\u010dekati jo\u0161 malo prije nego \u0161to po\u010dnete planirati drugu trudno\u0107u.<\/p>\n\n\n\n<p>Uz ova razmatranja, poznato je da se moraju procijeniti i drugi \u010dimbenici, poput financijske situacije obitelji, mogu\u0107nosti skrbi za djecu i profesionalnih obveza.<\/p>\n\n\n\n<p>Bez obzira na va\u0161 izbor, znate da svaka opcija prostora izme\u0111u djece donosi svoje radosti i izazove. <\/p>\n\n\n\n<p>Na primjer, ako imate djecu u obli\u017enjim zajednicama, od sada mo\u017eemo u\u017eivati u zajedni\u010dkom skakanju, \u0161tede\u0107i vrijeme u tra\u017eenju aktivnosti. Me\u0111utim, budite spremni na mogu\u0107e rivalstvo me\u0111u djecom.<\/p>\n\n\n\n<p>S druge strane, ako odlu\u010dite vi\u0161e razmaknuti doga\u0111aje, imat \u0107ete prednost jer se mo\u017eete vi\u0161e pojedina\u010dno koncentrirati na svaku datoteku.<\/p>\n\n\n\n<p>Me\u0111utim, djeca iz vrlo udaljenih zajednica mo\u017eda nisu preblizu svojim skokovima i nema jamstva da \u0107e biti manje sukoba.<\/p>\n\n\n\n<p>Ukratko, odluka o stvaranju drugog osobnog djeteta trebala bi se donijeti na temelju individualnih okolnosti, a ne onoga \u0161to je najbolje za obitelj.<\/p>\n\n\n\n<h3 class=\"wp-block-heading\"><strong>Priprema za drugu trudno\u0107u<\/strong><\/h3>\n\n\n\n<p>Va\u017eno je biti u dobroj formi prije druge trudno\u0107e, kao i brinuti se o svom zdravlju prije prvog djeteta. <\/p>\n\n\n\n<p>To ne zahtijeva svakodnevno poha\u0111anje \u0161kole (\u0161to mo\u017ee biti te\u0161ko s malom bebom), ali zna\u010di da morate dopustiti svom tijelu da se adekvatno oporavi od prve trudno\u0107e.<\/p>\n\n\n\n<p>Ameri\u010dki koled\u017e opstetri\u010dara i ginekologa (ACOG) savjetuje izbjegavanje debljanja u prvih \u0161est mjeseci nakon poroda te, po mogu\u0107nosti, pri\u010dekati barem 18 mjeseci. To je vrijeme kada se tijelo treba obnoviti vitaminima i vratiti u idealno stanje za novu trudno\u0107u.<\/p>\n\n\n\n<p>Ako \u017eelite zatrudnjeti prije ovog razdoblja, bitno je da o tome razgovarate sa svojim lije\u010dnikom. Ako se dobro hranite, dobrog ste zdravlja i imate dovoljno energije za drugu trudno\u0107u, nema zapreke da imate drugo dijete kada se osje\u0107ate spremno.<\/p>\n\n\n<div class=\"wp-block-image\">\n<figure class=\"aligncenter size-full\"><img loading=\"lazy\" decoding=\"async\" width=\"960\" height=\"540\" src=\"http:\/\/universofamilia.com\/wp-content\/uploads\/sites\/148\/2023\/09\/P-UNIV-FAMILIA-Preparacao-para-a-Segunda-Gravidez-1.png\" alt=\"\" class=\"wp-image-3993\" srcset=\"https:\/\/universofamilia.com\/wp-content\/uploads\/sites\/148\/2023\/09\/P-UNIV-FAMILIA-Preparacao-para-a-Segunda-Gravidez-1.png 960w, https:\/\/universofamilia.com\/wp-content\/uploads\/sites\/148\/2023\/09\/P-UNIV-FAMILIA-Preparacao-para-a-Segunda-Gravidez-1-300x169.png 300w, https:\/\/universofamilia.com\/wp-content\/uploads\/sites\/148\/2023\/09\/P-UNIV-FAMILIA-Preparacao-para-a-Segunda-Gravidez-1-768x432.png 768w\" sizes=\"(max-width: 960px) 100vw, 960px\" \/><\/figure><\/div>\n\n\n<h3 class=\"wp-block-heading\"><strong>Druga trudno\u0107a<\/strong><\/h3>\n\n\n\n<p>Svaka trudno\u0107a je jedinstvena, \u010dak i ako je to drugi put da prolazite kroz ovo. Kao i kod drugih trudno\u0107a, postoje fiziolo\u0161ke razlike u vezama koje dolaze u prvu trudno\u0107u.<\/p>\n\n\n\n<p>Me\u0111utim, prije nego \u0161to se pozabavimo posebnostima rasta druge bebe, potrebno je ponovno za\u010deti.<\/p>\n\n\n\n<p>U nekim domovima, za\u010de\u0107e drugog djeteta doga\u0111a se jednako lako kao i prvog. Me\u0111utim, mogu se pojaviti i prepreke koje mnoge ljude iznenade.<\/p>\n\n\n\n<h3 class=\"wp-block-heading\"><strong>Suo\u010davanje s pote\u0161ko\u0107ama u drugoj trudno\u0107i<\/strong><\/h3>\n\n\n\n<p>Sekundarna neplodnost, koja se javlja nakon rasta dlaka bez djeteta, \u010de\u0161\u0107a je nego \u0161to biste mogli zamisliti. <\/p>\n\n\n\n<p>Op\u0107enito, uzroci su sli\u010dni primarnoj neplodnosti, kao \u0161to su dob, te\u017eina i medicinska stanja, uklju\u010duju\u0107i endometriozu, fibrome maternice ili sindrom policisti\u010dnih jajnika.<\/p>\n\n\n\n<p>Za rje\u0161avanje ove situacije preporu\u010dujemo <strong>posavjetujte se s lije\u010dnikom ako imate manje od 35 godina<\/strong> godina i nisam uspjela zatrudnjeti nakon godinu dana poku\u0161aja. Ako imate vi\u0161e od 35 godina, konzultacije se moraju obaviti nakon \u0161est mjeseci bezuspje\u0161nih poku\u0161aja.<\/p>\n\n\n\n<p>Tako\u0111er, problemi s maternicom koji su posljedica trudno\u0107e ili prethodnih poro\u0111aja mogu doprinijeti sekundarnoj neplodnosti. <\/p>\n\n\n\n<p>Stoga je va\u017eno <strong>raspravite o ovome sa svojim lije\u010dnikom<\/strong> prije nego \u0161to ponovno poku\u0161ate dobiti na te\u017eini. Mogu procijeniti va\u0161e \u0161anse za prirodno za\u010de\u0107e, savjetovati o mogu\u0107im \u010dimbenicima rizika i pru\u017eiti pomo\u0107 za plodnost, ako je potrebno.<\/p>\n\n\n\n<h3 class=\"wp-block-heading\"><strong>Zdravlje tijekom druge trudno\u0107e<\/strong><\/h3>\n\n\n\n<p>Druga trudno\u0107a mo\u017ee utjecati na va\u0161e zdravlje na razli\u010dite na\u010dine, stvaraju\u0107i i izazove i prednosti:<\/p>\n\n\n\n<ul>\n<li>Iskustvo brige za va\u0161u prvu bebu odr\u017eat \u0107e vas fizi\u010dki aktivnima tijekom druge trudno\u0107e, eliminiraju\u0107i potrebu za odvojenim vje\u017ebama.<\/li>\n\n\n\n<li>Uznemirenost \u017eivota s br\u017ee ro\u0111enim djetetom zna\u010di da \u0107ete vjerojatno imati manje vremena za brigu o simptomima trudno\u0107e.<\/li>\n\n\n\n<li>Ve\u0107 se navikla na maj\u010din \u017eivot, pa ne\u0107e osjetiti \u0161ok promjene \u017eivota koja se dogodila s njezinim prvim djetetom.<\/li>\n<\/ul>\n\n\n\n<h3 class=\"wp-block-heading\"><strong>Financijsko upravljanje tijekom druge trudno\u0107e<\/strong><\/h3>\n\n\n\n<p>Prilikom razmi\u0161ljanja o drugoj datoteci, va\u017eno je uzeti u obzir financijske implikacije.<\/p>\n\n\n\n<p>Or\u00e7amento i financije:<\/p>\n\n\n\n<ul>\n<li>Ako radite izvan ku\u0107e, mislim da ne\u0107e biti financijskog utjecaja drugog nepla\u0107enog porodiljnog dopusta ili smanjenja vremena posve\u0107enog drugom djetetu.<\/li>\n\n\n\n<li>Ako ste vlasnik ku\u0107e, \u017eeljeli biste se vratiti na posao nakon druge trudno\u0107e.<\/li>\n\n\n\n<li>Provjerite uklju\u010duje li va\u0161a ku\u0107a vi\u0161e \u010dlanova obitelji ili \u0107e biti potrebna selidba u ve\u0107u i skuplju ku\u0107u.<\/li>\n\n\n\n<li>Razmislite mo\u017eete li ponovno upotrijebiti dje\u010dju opremu koju ve\u0107 imate, poput ber\u00e7oa, lanca i kolica, ili \u0107ete morati kupiti drugi set.<\/li>\n\n\n\n<li>Nakon dodatnih utega, bez obzira na odabrano vrijeme, postoji druga datoteka.<\/li>\n<\/ul>\n\n\n\n<p>Preporu\u010duje se da s partnerom pripremite preliminarni obiteljski dokument kako biste provjerili \u0161to mo\u017eemo financijski podr\u017eati kratkoro\u010dno i dugoro\u010dno.<\/p>\n\n\n\n<p>Znajte da ne postoji savr\u0161en trenutak i da odluku morate donijeti na temelju potreba i \u017eelja va\u0161e obitelji od tri ili \u010detiri \u010dlana.<\/p>\n\n\n\n<blockquote class=\"wp-block-quote\">\n<h5 class=\"wp-block-heading\"><em>Napomene: Materijali i informacije na stranici Universo Fam\u00edlia nisu namijenjeni za medicinsku dijagnozu, niti se smiju koristiti kao takvi. <strong>Uvijek se trebate posavjetovati s lije\u010dnikom ili kvalificiranim zdravstvenim djelatnikom o svojim stvarnim potrebama.<\/strong>.<\/em><\/h5>\n<\/blockquote>\n\n\n<table style=\"border-collapse: collapse;width: 100%;height: 96px\">\n<tbody>\n<tr style=\"height: 96px\">\n<td style=\"width: 10.1223%;height: 96px\"><a href=\"https:\/\/www.luzbaby.com.br\/\" target=\"_blank\" rel=\"noopener\"><img loading=\"lazy\" decoding=\"async\" class=\"alignnone wp-image-3747\" src=\"http:\/\/universofamilia.com\/wp-content\/uploads\/sites\/148\/2023\/09\/Design-sem-nome-3-300x300.png\" alt=\"\" width=\"106\" height=\"106\" srcset=\"https:\/\/universofamilia.com\/wp-content\/uploads\/sites\/148\/2023\/09\/Design-sem-nome-3-300x300.png 300w, https:\/\/universofamilia.com\/wp-content\/uploads\/sites\/148\/2023\/09\/Design-sem-nome-3-150x150.png 150w, https:\/\/universofamilia.com\/wp-content\/uploads\/sites\/148\/2023\/09\/Design-sem-nome-3.png 315w\" sizes=\"(max-width: 106px) 100vw, 106px\" \/><\/a><\/td>\n<td style=\"width: 89.5168%;height: 96px\">\n<h4><span style=\"color: #000000\"><strong><a style=\"color: #000000\" href=\"https:\/\/www.luzbaby.com.br\/\" target=\"_blank\" rel=\"noreferrer noopener\">Conhe\u00e7a Luz Baby, jedna od najboljih trgovina proizvodima za dojen\u010dad.<\/a><\/strong><\/span><\/h4>\n<\/td>\n<\/tr>\n<\/tbody>\n<\/table>","protected":false},"excerpt":{"rendered":"<p>Priprema za drugu trudno\u0107u. Razmi\u0161ljate li jeste li spremni za svoj drugi film? Evo nekoliko pozitivnih i negativnih aspekata koje biste trebali uzeti u obzir prilikom planiranja druge trudno\u0107e. Korak po korak: \u010cini se zato \u0161to uvijek zami\u0161ljam vi\u0161e djece ili zato \u0161to sam nedavno imala ideju dati znak svojoj [\u2026]<\/p>","protected":false},"author":139,"featured_media":3995,"comment_status":"closed","ping_status":"open","sticky":false,"template":"","format":"standard","meta":{"footnotes":""},"categories":[5],"tags":[],"yoast_head":"<!-- This site is optimized with the Yoast SEO plugin v23.3 - https:\/\/yoast.com\/wordpress\/plugins\/seo\/ -->\n<title>Prepara\u00e7\u00e3o para a Segunda Gravidez - Universo Fam\u00edlia<\/title>\n<meta name=\"description\" content=\"Prepara\u00e7\u00e3o para a segunda gravidez. Est\u00e1 pensando se est\u00e1 preparada (o) para ter o segundo filho? Aqui est\u00e3o alguns aspectos positivos e negativos que voc\u00ea\" \/>\n<meta name=\"robots\" content=\"index, follow, max-snippet:-1, max-image-preview:large, max-video-preview:-1\" \/>\n<link rel=\"canonical\" href=\"https:\/\/universofamilia.com\/hr\/\u09a6\u09cd\u09ac\u09bf\u09a4\u09c0\u09af\u09bc-\u0997\u09b0\u09cd\u09ad\u09be\u09ac\u09b8\u09cd\u09a5\u09be\u09b0-\u09aa\u09cd\u09b0\/\" \/>\n<meta property=\"og:locale\" content=\"hr_HR\" \/>\n<meta property=\"og:type\" content=\"article\" \/>\n<meta property=\"og:title\" content=\"Prepara\u00e7\u00e3o para a Segunda Gravidez - Universo Fam\u00edlia\" \/>\n<meta property=\"og:description\" content=\"Prepara\u00e7\u00e3o para a segunda gravidez. Est\u00e1 pensando se est\u00e1 preparada (o) para ter o segundo filho? Aqui est\u00e3o alguns aspectos positivos e negativos que voc\u00ea\" \/>\n<meta property=\"og:url\" content=\"https:\/\/universofamilia.com\/hr\/\u09a6\u09cd\u09ac\u09bf\u09a4\u09c0\u09af\u09bc-\u0997\u09b0\u09cd\u09ad\u09be\u09ac\u09b8\u09cd\u09a5\u09be\u09b0-\u09aa\u09cd\u09b0\/\" \/>\n<meta property=\"og:site_name\" content=\"Universo Fam\u00edlia\" \/>\n<meta property=\"article:published_time\" content=\"2023-09-22T14:46:13+00:00\" \/>\n<meta property=\"article:modified_time\" content=\"2025-01-28T14:25:30+00:00\" \/>\n<meta property=\"og:image\" content=\"https:\/\/universofamilia.com\/wp-content\/uploads\/sites\/148\/2023\/09\/D-UNIVERSO-FAMILIA-Preparacao-para-a-Segunda-Gravidez.png\" \/>\n\t<meta property=\"og:image:width\" content=\"448\" \/>\n\t<meta property=\"og:image:height\" content=\"350\" \/>\n\t<meta property=\"og:image:type\" content=\"image\/png\" \/>\n<meta name=\"author\" content=\"Pedro Henrique\" \/>\n<meta name=\"twitter:card\" content=\"summary_large_image\" \/>\n<meta name=\"twitter:label1\" content=\"Written by\" \/>\n\t<meta name=\"twitter:data1\" content=\"Pedro Henrique\" \/>\n\t<meta name=\"twitter:label2\" content=\"Est. reading time\" \/>\n\t<meta name=\"twitter:data2\" content=\"8 minuta\" \/>\n<script type=\"application\/ld+json\" class=\"yoast-schema-graph\">{\"@context\":\"https:\/\/schema.org\",\"@graph\":[{\"@type\":\"WebPage\",\"@id\":\"https:\/\/universofamilia.com\/bn\/\u09a6\u09cd\u09ac\u09bf\u09a4\u09c0\u09af\u09bc-\u0997\u09b0\u09cd\u09ad\u09be\u09ac\u09b8\u09cd\u09a5\u09be\u09b0-\u09aa\u09cd\u09b0\/\",\"url\":\"https:\/\/universofamilia.com\/bn\/\u09a6\u09cd\u09ac\u09bf\u09a4\u09c0\u09af\u09bc-\u0997\u09b0\u09cd\u09ad\u09be\u09ac\u09b8\u09cd\u09a5\u09be\u09b0-\u09aa\u09cd\u09b0\/\",\"name\":\"Prepara\u00e7\u00e3o para a Segunda Gravidez - Universo Fam\u00edlia\",\"isPartOf\":{\"@id\":\"https:\/\/universofamilia.com\/el\/#website\"},\"primaryImageOfPage\":{\"@id\":\"https:\/\/universofamilia.com\/bn\/\u09a6\u09cd\u09ac\u09bf\u09a4\u09c0\u09af\u09bc-\u0997\u09b0\u09cd\u09ad\u09be\u09ac\u09b8\u09cd\u09a5\u09be\u09b0-\u09aa\u09cd\u09b0\/#primaryimage\"},\"image\":{\"@id\":\"https:\/\/universofamilia.com\/bn\/\u09a6\u09cd\u09ac\u09bf\u09a4\u09c0\u09af\u09bc-\u0997\u09b0\u09cd\u09ad\u09be\u09ac\u09b8\u09cd\u09a5\u09be\u09b0-\u09aa\u09cd\u09b0\/#primaryimage\"},\"thumbnailUrl\":\"https:\/\/universofamilia.com\/wp-content\/uploads\/sites\/148\/2023\/09\/D-UNIVERSO-FAMILIA-Preparacao-para-a-Segunda-Gravidez.png\",\"datePublished\":\"2023-09-22T14:46:13+00:00\",\"dateModified\":\"2025-01-28T14:25:30+00:00\",\"author\":{\"@id\":\"https:\/\/universofamilia.com\/el\/#\/schema\/person\/f07ce98187dd84d31154262e79b3b7ca\"},\"description\":\"Prepara\u00e7\u00e3o para a segunda gravidez. Est\u00e1 pensando se est\u00e1 preparada (o) para ter o segundo filho? Aqui est\u00e3o alguns aspectos positivos e negativos que voc\u00ea\",\"breadcrumb\":{\"@id\":\"https:\/\/universofamilia.com\/bn\/\u09a6\u09cd\u09ac\u09bf\u09a4\u09c0\u09af\u09bc-\u0997\u09b0\u09cd\u09ad\u09be\u09ac\u09b8\u09cd\u09a5\u09be\u09b0-\u09aa\u09cd\u09b0\/#breadcrumb\"},\"inLanguage\":\"hr\",\"potentialAction\":[{\"@type\":\"ReadAction\",\"target\":[\"https:\/\/universofamilia.com\/bn\/\u09a6\u09cd\u09ac\u09bf\u09a4\u09c0\u09af\u09bc-\u0997\u09b0\u09cd\u09ad\u09be\u09ac\u09b8\u09cd\u09a5\u09be\u09b0-\u09aa\u09cd\u09b0\/\"]}]},{\"@type\":\"ImageObject\",\"inLanguage\":\"hr\",\"@id\":\"https:\/\/universofamilia.com\/bn\/\u09a6\u09cd\u09ac\u09bf\u09a4\u09c0\u09af\u09bc-\u0997\u09b0\u09cd\u09ad\u09be\u09ac\u09b8\u09cd\u09a5\u09be\u09b0-\u09aa\u09cd\u09b0\/#primaryimage\",\"url\":\"https:\/\/universofamilia.com\/wp-content\/uploads\/sites\/148\/2023\/09\/D-UNIVERSO-FAMILIA-Preparacao-para-a-Segunda-Gravidez.png\",\"contentUrl\":\"https:\/\/universofamilia.com\/wp-content\/uploads\/sites\/148\/2023\/09\/D-UNIVERSO-FAMILIA-Preparacao-para-a-Segunda-Gravidez.png\",\"width\":448,\"height\":350},{\"@type\":\"BreadcrumbList\",\"@id\":\"https:\/\/universofamilia.com\/bn\/\u09a6\u09cd\u09ac\u09bf\u09a4\u09c0\u09af\u09bc-\u0997\u09b0\u09cd\u09ad\u09be\u09ac\u09b8\u09cd\u09a5\u09be\u09b0-\u09aa\u09cd\u09b0\/#breadcrumb\",\"itemListElement\":[{\"@type\":\"ListItem\",\"position\":1,\"name\":\"Home\",\"item\":\"https:\/\/universofamilia.com\/el\/\"},{\"@type\":\"ListItem\",\"position\":2,\"name\":\"Prepara\u00e7\u00e3o para a Segunda Gravidez\"}]},{\"@type\":\"WebSite\",\"@id\":\"https:\/\/universofamilia.com\/el\/#website\",\"url\":\"https:\/\/universofamilia.com\/el\/\",\"name\":\"Universo Fam\u00edlia\",\"description\":\"\",\"potentialAction\":[{\"@type\":\"SearchAction\",\"target\":{\"@type\":\"EntryPoint\",\"urlTemplate\":\"https:\/\/universofamilia.com\/el\/?s={search_term_string}\"},\"query-input\":\"required name=search_term_string\"}],\"inLanguage\":\"hr\"},{\"@type\":\"Person\",\"@id\":\"https:\/\/universofamilia.com\/el\/#\/schema\/person\/f07ce98187dd84d31154262e79b3b7ca\",\"name\":\"Pedro Henrique\",\"image\":{\"@type\":\"ImageObject\",\"inLanguage\":\"hr\",\"@id\":\"https:\/\/universofamilia.com\/el\/#\/schema\/person\/image\/\",\"url\":\"https:\/\/secure.gravatar.com\/avatar\/9edfeb808cb4e1599f64d6e45b130154?s=96&d=mm&r=g\",\"contentUrl\":\"https:\/\/secure.gravatar.com\/avatar\/9edfeb808cb4e1599f64d6e45b130154?s=96&d=mm&r=g\",\"caption\":\"Pedro Henrique\"},\"url\":\"https:\/\/universofamilia.com\/hr\/author\/editor01\/\"}]}<\/script>\n<!-- \/ Yoast SEO plugin. -->","yoast_head_json":{"title":"Prepara\u00e7\u00e3o para a Segunda Gravidez - Universo Fam\u00edlia","description":"Prepara\u00e7\u00e3o para a segunda gravidez. Est\u00e1 pensando se est\u00e1 preparada (o) para ter o segundo filho? Aqui est\u00e3o alguns aspectos positivos e negativos que voc\u00ea","robots":{"index":"index","follow":"follow","max-snippet":"max-snippet:-1","max-image-preview":"max-image-preview:large","max-video-preview":"max-video-preview:-1"},"canonical":"https:\/\/universofamilia.com\/hr\/\u09a6\u09cd\u09ac\u09bf\u09a4\u09c0\u09af\u09bc-\u0997\u09b0\u09cd\u09ad\u09be\u09ac\u09b8\u09cd\u09a5\u09be\u09b0-\u09aa\u09cd\u09b0\/","og_locale":"hr_HR","og_type":"article","og_title":"Prepara\u00e7\u00e3o para a Segunda Gravidez - Universo Fam\u00edlia","og_description":"Prepara\u00e7\u00e3o para a segunda gravidez. Est\u00e1 pensando se est\u00e1 preparada (o) para ter o segundo filho? Aqui est\u00e3o alguns aspectos positivos e negativos que voc\u00ea","og_url":"https:\/\/universofamilia.com\/hr\/\u09a6\u09cd\u09ac\u09bf\u09a4\u09c0\u09af\u09bc-\u0997\u09b0\u09cd\u09ad\u09be\u09ac\u09b8\u09cd\u09a5\u09be\u09b0-\u09aa\u09cd\u09b0\/","og_site_name":"Universo Fam\u00edlia","article_published_time":"2023-09-22T14:46:13+00:00","article_modified_time":"2025-01-28T14:25:30+00:00","og_image":[{"width":448,"height":350,"url":"https:\/\/universofamilia.com\/wp-content\/uploads\/sites\/148\/2023\/09\/D-UNIVERSO-FAMILIA-Preparacao-para-a-Segunda-Gravidez.png","type":"image\/png"}],"author":"Pedro Henrique","twitter_card":"summary_large_image","twitter_misc":{"Written by":"Pedro Henrique","Est. reading time":"8 minuta"},"schema":{"@context":"https:\/\/schema.org","@graph":[{"@type":"WebPage","@id":"https:\/\/universofamilia.com\/bn\/\u09a6\u09cd\u09ac\u09bf\u09a4\u09c0\u09af\u09bc-\u0997\u09b0\u09cd\u09ad\u09be\u09ac\u09b8\u09cd\u09a5\u09be\u09b0-\u09aa\u09cd\u09b0\/","url":"https:\/\/universofamilia.com\/bn\/\u09a6\u09cd\u09ac\u09bf\u09a4\u09c0\u09af\u09bc-\u0997\u09b0\u09cd\u09ad\u09be\u09ac\u09b8\u09cd\u09a5\u09be\u09b0-\u09aa\u09cd\u09b0\/","name":"Prepara\u00e7\u00e3o para a Segunda Gravidez - Universo Fam\u00edlia","isPartOf":{"@id":"https:\/\/universofamilia.com\/el\/#website"},"primaryImageOfPage":{"@id":"https:\/\/universofamilia.com\/bn\/\u09a6\u09cd\u09ac\u09bf\u09a4\u09c0\u09af\u09bc-\u0997\u09b0\u09cd\u09ad\u09be\u09ac\u09b8\u09cd\u09a5\u09be\u09b0-\u09aa\u09cd\u09b0\/#primaryimage"},"image":{"@id":"https:\/\/universofamilia.com\/bn\/\u09a6\u09cd\u09ac\u09bf\u09a4\u09c0\u09af\u09bc-\u0997\u09b0\u09cd\u09ad\u09be\u09ac\u09b8\u09cd\u09a5\u09be\u09b0-\u09aa\u09cd\u09b0\/#primaryimage"},"thumbnailUrl":"https:\/\/universofamilia.com\/wp-content\/uploads\/sites\/148\/2023\/09\/D-UNIVERSO-FAMILIA-Preparacao-para-a-Segunda-Gravidez.png","datePublished":"2023-09-22T14:46:13+00:00","dateModified":"2025-01-28T14:25:30+00:00","author":{"@id":"https:\/\/universofamilia.com\/el\/#\/schema\/person\/f07ce98187dd84d31154262e79b3b7ca"},"description":"Prepara\u00e7\u00e3o para a segunda gravidez. Est\u00e1 pensando se est\u00e1 preparada (o) para ter o segundo filho? Aqui est\u00e3o alguns aspectos positivos e negativos que voc\u00ea","breadcrumb":{"@id":"https:\/\/universofamilia.com\/bn\/\u09a6\u09cd\u09ac\u09bf\u09a4\u09c0\u09af\u09bc-\u0997\u09b0\u09cd\u09ad\u09be\u09ac\u09b8\u09cd\u09a5\u09be\u09b0-\u09aa\u09cd\u09b0\/#breadcrumb"},"inLanguage":"hr","potentialAction":[{"@type":"ReadAction","target":["https:\/\/universofamilia.com\/bn\/\u09a6\u09cd\u09ac\u09bf\u09a4\u09c0\u09af\u09bc-\u0997\u09b0\u09cd\u09ad\u09be\u09ac\u09b8\u09cd\u09a5\u09be\u09b0-\u09aa\u09cd\u09b0\/"]}]},{"@type":"ImageObject","inLanguage":"hr","@id":"https:\/\/universofamilia.com\/bn\/\u09a6\u09cd\u09ac\u09bf\u09a4\u09c0\u09af\u09bc-\u0997\u09b0\u09cd\u09ad\u09be\u09ac\u09b8\u09cd\u09a5\u09be\u09b0-\u09aa\u09cd\u09b0\/#primaryimage","url":"https:\/\/universofamilia.com\/wp-content\/uploads\/sites\/148\/2023\/09\/D-UNIVERSO-FAMILIA-Preparacao-para-a-Segunda-Gravidez.png","contentUrl":"https:\/\/universofamilia.com\/wp-content\/uploads\/sites\/148\/2023\/09\/D-UNIVERSO-FAMILIA-Preparacao-para-a-Segunda-Gravidez.png","width":448,"height":350},{"@type":"BreadcrumbList","@id":"https:\/\/universofamilia.com\/bn\/\u09a6\u09cd\u09ac\u09bf\u09a4\u09c0\u09af\u09bc-\u0997\u09b0\u09cd\u09ad\u09be\u09ac\u09b8\u09cd\u09a5\u09be\u09b0-\u09aa\u09cd\u09b0\/#breadcrumb","itemListElement":[{"@type":"ListItem","position":1,"name":"Home","item":"https:\/\/universofamilia.com\/el\/"},{"@type":"ListItem","position":2,"name":"Prepara\u00e7\u00e3o para a Segunda Gravidez"}]},{"@type":"WebSite","@id":"https:\/\/universofamilia.com\/el\/#website","url":"https:\/\/universofamilia.com\/el\/","name":"Universo Fam\u00edlia","description":"","potentialAction":[{"@type":"SearchAction","target":{"@type":"EntryPoint","urlTemplate":"https:\/\/universofamilia.com\/el\/?s={search_term_string}"},"query-input":"required name=search_term_string"}],"inLanguage":"hr"},{"@type":"Person","@id":"https:\/\/universofamilia.com\/el\/#\/schema\/person\/f07ce98187dd84d31154262e79b3b7ca","name":"Pedro Henrique","image":{"@type":"ImageObject","inLanguage":"hr","@id":"https:\/\/universofamilia.com\/el\/#\/schema\/person\/image\/","url":"https:\/\/secure.gravatar.com\/avatar\/9edfeb808cb4e1599f64d6e45b130154?s=96&d=mm&r=g","contentUrl":"https:\/\/secure.gravatar.com\/avatar\/9edfeb808cb4e1599f64d6e45b130154?s=96&d=mm&r=g","caption":"Pedro Henrique"},"url":"https:\/\/universofamilia.com\/hr\/author\/editor01\/"}]}},"_links":{"self":[{"href":"https:\/\/universofamilia.com\/hr\/wp-json\/wp\/v2\/posts\/3989"}],"collection":[{"href":"https:\/\/universofamilia.com\/hr\/wp-json\/wp\/v2\/posts"}],"about":[{"href":"https:\/\/universofamilia.com\/hr\/wp-json\/wp\/v2\/types\/post"}],"author":[{"embeddable":true,"href":"https:\/\/universofamilia.com\/hr\/wp-json\/wp\/v2\/users\/139"}],"replies":[{"embeddable":true,"href":"https:\/\/universofamilia.com\/hr\/wp-json\/wp\/v2\/comments?post=3989"}],"version-history":[{"count":1,"href":"https:\/\/universofamilia.com\/hr\/wp-json\/wp\/v2\/posts\/3989\/revisions"}],"predecessor-version":[{"id":8401,"href":"https:\/\/universofamilia.com\/hr\/wp-json\/wp\/v2\/posts\/3989\/revisions\/8401"}],"wp:featuredmedia":[{"embeddable":true,"href":"https:\/\/universofamilia.com\/hr\/wp-json\/wp\/v2\/media\/3995"}],"wp:attachment":[{"href":"https:\/\/universofamilia.com\/hr\/wp-json\/wp\/v2\/media?parent=3989"}],"wp:term":[{"taxonomy":"category","embeddable":true,"href":"https:\/\/universofamilia.com\/hr\/wp-json\/wp\/v2\/categories?post=3989"},{"taxonomy":"post_tag","embeddable":true,"href":"https:\/\/universofamilia.com\/hr\/wp-json\/wp\/v2\/tags?post=3989"}],"curies":[{"name":"wp","href":"https:\/\/api.w.org\/{rel}","templated":true}]}}