{"id":6630,"date":"2024-09-27T15:24:10","date_gmt":"2024-09-27T18:24:10","guid":{"rendered":"https:\/\/universofamilia.com\/?p=6630"},"modified":"2024-09-27T15:24:10","modified_gmt":"2024-09-27T18:24:10","slug":"te-para-combatir-insomnio-ansiedad","status":"publish","type":"post","link":"https:\/\/universofamilia.com\/hr\/te-para-combatir-insomnio-ansiedad\/","title":{"rendered":"\u010caj za borbu protiv nesanice i anksioznosti"},"content":{"rendered":"<p>Nesanica i anksioznost su problemi koji poga\u0111aju milijune ljudi diljem svijeta.<\/p>\n\n\n\n<p>Tra\u017eenje prirodnih rje\u0161enja, poput \u010dajeva, mo\u017ee biti odli\u010dan na\u010din za pobolj\u0161anje kvalitete sna i u\u010dinkovito smanjenje stresa bez nuspojava.<\/p>\n\n\n\n<p>U ovom \u010dlanku istra\u017eit \u0107emo prednosti \u010dajeva za borbu protiv nesanice i anksioznosti, kao i upoznati vas s njihovom primjenom. <em>Smiriti<\/em>, koristan alat za opu\u0161tanje.<\/p>\n\n\n\n<p>Tako\u0111er \u0107emo podijeliti jednostavne recepte za \u010daj koji \u0107e vam pomo\u0107i da se bolje odmorite. \ud83c\udf75\ud83d\udca4<\/p>\n\n\n\n<p><\/p>\n\n\n\n<hr class=\"wp-block-separator has-text-color has-luminous-vivid-orange-color has-alpha-channel-opacity has-luminous-vivid-orange-background-color has-background\"\/>\n\n\n\n<h2 class=\"wp-block-heading\">Pro\u010ditajte i:<\/h2>\n\n\n\n<div class=\"wp-block-columns is-layout-flex wp-container-core-columns-layout-1 wp-block-columns-is-layout-flex\">\n<div class=\"wp-block-column is-layout-flow wp-block-column-is-layout-flow\">\n<div class=\"wp-block-buttons is-layout-flex wp-block-buttons-is-layout-flex\">\n<div class=\"wp-block-button has-custom-width wp-block-button__width-100 is-style-outline\" style=\"text-decoration:none\"><a class=\"wp-block-button__link has-white-color has-vivid-cyan-blue-background-color has-text-color has-background has-link-color has-text-align-left wp-element-button\" href=\"https:\/\/universofamilia.com\/hr\/5893\/acelera-tu-celular-despierta-tu-productividad\/\" style=\"border-radius:10px\"><font style=\"vertical-align: inherit;\"><font style=\"vertical-align: inherit;\">\ud83d\udccc Ubrzajte svoj mobitel<\/font><\/font> &gt;<\/a><\/div>\n\n\n\n<div class=\"wp-block-button has-custom-width wp-block-button__width-100 is-style-outline\" style=\"text-decoration:none\"><a class=\"wp-block-button__link has-white-color has-vivid-cyan-blue-background-color has-text-color has-background has-link-color has-text-align-left wp-element-button\" href=\"https:\/\/universofamilia.com\/hr\/5869\/descubre-quien-te-esta-observando-en-las-redes-sociales\/\" style=\"border-radius:10px\">\ud83d\udccc Tko je posjetio tvoj profil<\/a><\/div>\n\n\n\n<div class=\"wp-block-button has-custom-width wp-block-button__width-100 is-style-outline\" style=\"text-decoration:none\"><a class=\"wp-block-button__link has-white-color has-vivid-cyan-blue-background-color has-text-color has-background has-link-color has-text-align-left wp-element-button\" href=\"https:\/\/universofamilia.com\/hr\/6414\/aplicaciones-para-limpiar-el-celular-y-aumentar-espacio\/\" style=\"border-radius:10px\">\ud83d\udcbe Aplikacije za pove\u0107anje prostora<\/a><\/div>\n\n\n\n<div class=\"wp-block-button has-custom-width wp-block-button__width-100 is-style-outline\" style=\"text-decoration:none\"><a class=\"wp-block-button__link has-white-color has-vivid-cyan-blue-background-color has-text-color has-background has-link-color has-text-align-left wp-element-button\" href=\"https:\/\/universofamilia.com\/hr\/6568\/aprende-mecanica-automotriz-aplicacion\/\" style=\"border-radius:10px\">\ud83d\udccc Nau\u010dite automehaniku pomo\u0107u aplikacije<\/a><\/div>\n<\/div>\n<\/div>\n<\/div>\n\n\n\n<hr class=\"wp-block-separator has-text-color has-luminous-vivid-orange-color has-alpha-channel-opacity has-luminous-vivid-orange-background-color has-background\"\/>\n\n\n\n<p><\/p>\n\n\n\n<h2 class=\"wp-block-heading\">Prednosti \u010dajeva za nesanicu i anksioznost<\/h2>\n\n\n\n<p>Biljni \u010dajevi poznati su po svojim umiruju\u0107im i opu\u0161taju\u0107im svojstvima.<\/p>\n\n\n\n<p>Oni su pristupa\u010dna i sigurna opcija za one koji \u017eele ubla\u017eiti svakodnevni stres i pobolj\u0161ati san.<\/p>\n\n\n\n<p>Biljke kori\u0161tene u ovim \u010dajevima sadr\u017ee prirodne spojeve koji poma\u017eu u smirivanju \u017eiv\u010danog sustava, opu\u0161tanju mi\u0161i\u0107a i smanjenju mentalne napetosti.<\/p>\n\n\n<div class=\"wp-block-image\">\n<figure class=\"aligncenter size-full\"><img loading=\"lazy\" decoding=\"async\" width=\"550\" height=\"350\" src=\"http:\/\/universofamilia.com\/wp-content\/uploads\/sites\/148\/2024\/09\/P-550x350-3-12.jpg\" alt=\"\" class=\"wp-image-6632\" srcset=\"https:\/\/universofamilia.com\/wp-content\/uploads\/sites\/148\/2024\/09\/P-550x350-3-12.jpg 550w, https:\/\/universofamilia.com\/wp-content\/uploads\/sites\/148\/2024\/09\/P-550x350-3-12-300x191.jpg 300w\" sizes=\"(max-width: 550px) 100vw, 550px\" \/><figcaption class=\"wp-element-caption\">\u010caj za borbu protiv nesanice i anksioznosti<\/figcaption><\/figure><\/div>\n\n\n<h4 class=\"wp-block-heading\">Glavne prednosti \u010dajeva:<\/h4>\n\n\n\n<ul class=\"wp-block-list\">\n<li><strong>Mentalno opu\u0161tanje<\/strong>Biljke poti\u010du osje\u0107aj smirenosti, smanjuju\u0107i mentalnu uznemirenost.<\/li>\n\n\n\n<li><strong>Pobolj\u0161an san<\/strong>Redovito ispijanje opu\u0161taju\u0107ih \u010dajeva mo\u017ee dugoro\u010dno pobolj\u0161ati kvalitetu sna.<\/li>\n\n\n\n<li><strong>Smanjenje anksioznosti<\/strong>Neki \u010dajevi sadr\u017ee specifi\u010dne spojeve koji poma\u017eu u ubla\u017eavanju simptoma anksioznosti.<\/li>\n\n\n\n<li><strong>Prirodna alternativa<\/strong>Oni su opcija bez nuspojava u usporedbi s lijekovima na recept.<\/li>\n<\/ul>\n\n\n\n<h2 class=\"wp-block-heading\">Recept za \u010daj od valerijane<\/h2>\n\n\n\n<p>Valerijana je biljka poznata po svojim prirodnim sedativnim svojstvima.<\/p>\n\n\n\n<p>Njegov \u010daj je savr\u0161en za one koji pate od nesanice, jer poma\u017ee u uspavljivanju i smanjenju anksioznosti. \ud83c\udf3f<\/p>\n\n\n\n<p><strong>Sastojci<\/strong>:<\/p>\n\n\n\n<ul class=\"wp-block-list\">\n<li>1 \u010dajna \u017eli\u010dica su\u0161enog korijena valerijane<\/li>\n\n\n\n<li>250 ml vru\u0107e vode<\/li>\n<\/ul>\n\n\n\n<p><strong>Priprema<\/strong>:<\/p>\n\n\n\n<ol class=\"wp-block-list\">\n<li>Prokuhajte vodu i dodajte korijen valerijane.<\/li>\n\n\n\n<li>Ostavite da odstoji 10 minuta.<\/li>\n\n\n\n<li>Procijedite i popijte otprilike 30 minuta prije spavanja.<\/li>\n<\/ol>\n\n\n\n<p>Ovaj \u010daj treba konzumirati umjereno, jer dugotrajna upotreba mo\u017ee uzrokovati pospanost tijekom dana.<\/p>\n\n\n\n<p>Mnogi ljudi prijavljuju pobolj\u0161anje kvalitete sna nakon tjedan dana redovite upotrebe.<\/p>\n\n\n\n<p><\/p>\n\n\n\n<hr class=\"wp-block-separator has-text-color has-vivid-purple-color has-alpha-channel-opacity has-vivid-purple-background-color has-background\"\/>\n\n\n\n<h2 class=\"wp-block-heading\">Ekskluzivni, besplatni sadr\u017eaj u va\u0161oj e-po\u0161ti!<\/h2>\n\n\n\n<ul class=\"wp-block-list\">\n<li style=\"font-style:normal;font-weight:500\" class=\"has-medium-font-size\">Primajte sve novosti;<\/li>\n\n\n\n<li style=\"font-style:normal;font-weight:500\" class=\"has-medium-font-size\">Nevjerojatan sadr\u017eaj na dlanu;<\/li>\n\n\n\n<li style=\"font-style:normal;font-weight:500\" class=\"has-medium-font-size\">Pretplatite se sada.<\/li>\n<\/ul>\n\n\n\n<div class=\"wp-block-media-text is-stacked-on-mobile is-vertically-aligned-center has-vivid-red-color has-text-color has-link-color wp-elements-f65c0b9eaa40a3cda7f58392480b43a2\" style=\"grid-template-columns:40% auto\"><figure class=\"wp-block-media-text__media\"><img loading=\"lazy\" decoding=\"async\" width=\"256\" height=\"256\" src=\"http:\/\/universofamilia.com\/wp-content\/uploads\/sites\/148\/2024\/09\/RECEBA-E-MAIL-1.png\" alt=\"Registriraj e-po\u0161tu\" class=\"wp-image-6592 size-full\" srcset=\"https:\/\/universofamilia.com\/wp-content\/uploads\/sites\/148\/2024\/09\/RECEBA-E-MAIL-1.png 256w, https:\/\/universofamilia.com\/wp-content\/uploads\/sites\/148\/2024\/09\/RECEBA-E-MAIL-1-150x150.png 150w\" sizes=\"(max-width: 256px) 100vw, 256px\" \/><\/figure><div class=\"wp-block-media-text__content\">\n\n\n\n<p><\/p>\n<\/div><\/div>\n\n\n\n<hr class=\"wp-block-separator has-text-color has-vivid-purple-color has-alpha-channel-opacity has-vivid-purple-background-color has-background is-style-wide\"\/>\n\n\n\n<p><\/p>\n\n\n\n<h2 class=\"wp-block-heading\">Recept za \u010daj od lavande<\/h2>\n\n\n\n<p>Lavanda je jo\u0161 jedna biljka poznata po svojim opu\u0161taju\u0107im u\u010dincima. Njen \u010daj je gladak, aromati\u010dan i poma\u017ee u smirivanju uma, \u0161to ga \u010dini idealnim za smanjenje anksioznosti. \ud83c\udf38<\/p>\n\n\n\n<p><strong>Sastojci<\/strong>:<\/p>\n\n\n\n<ul class=\"wp-block-list\">\n<li>1 \u010dajna \u017eli\u010dica suhih cvjetova lavande<\/li>\n\n\n\n<li>250 ml vru\u0107e vode<\/li>\n<\/ul>\n\n\n\n<p><strong>Priprema<\/strong>:<\/p>\n\n\n\n<ol class=\"wp-block-list\">\n<li>Zakuhajte vodu i dodajte cvjetove lavande.<\/li>\n\n\n\n<li>Ostavite da odstoji 5 do 7 minuta.<\/li>\n\n\n\n<li>Procijedite i popijte odmah nakon pripreme.<\/li>\n<\/ol>\n\n\n\n<p>Ovaj \u010daj se mo\u017ee piti nekoliko puta dnevno kako bi se anksioznost dr\u017eala pod kontrolom i postigao trajan osje\u0107aj smirenosti.<\/p>\n\n\n\n<h2 class=\"wp-block-heading\">Recept za \u010daj od kamilice<\/h2>\n\n\n\n<p>\u010caj od kamilice je mo\u017eda najpoznatiji po svojim umiruju\u0107im svojstvima. Nje\u017ean je, jednostavan za pripremu i pogodan za sve uzraste. \ud83c\udf3c<\/p>\n\n\n\n<p><strong>Sastojci<\/strong>:<\/p>\n\n\n\n<ul class=\"wp-block-list\">\n<li>1 \u017elica suhih cvjetova kamilice<\/li>\n\n\n\n<li>250 ml vru\u0107e vode<\/li>\n<\/ul>\n\n\n\n<p><strong>Priprema<\/strong>:<\/p>\n\n\n\n<ol class=\"wp-block-list\">\n<li>U vru\u0107u vodu dodajte cvjetove kamilice.<\/li>\n\n\n\n<li>Ostavite da odstoji 5 do 10 minuta.<\/li>\n\n\n\n<li>Procijedite i u\u017eivajte prije spavanja.<\/li>\n<\/ol>\n\n\n\n<p>Ovaj \u010daj ima trenutni opu\u0161taju\u0107i u\u010dinak i savr\u0161en je za one koji tra\u017ee brzo rje\u0161enje za opu\u0161tanje prije spavanja.<\/p>\n\n\n\n<h2 class=\"wp-block-heading\">Preporu\u010dena primjena: <em>Smiriti<\/em><\/h2>\n\n\n\n<p>Osim \u010dajeva, kori\u0161tenje aplikacija usmjerenih na opu\u0161tanje i dobrobit mo\u017ee biti odli\u010dan na\u010din za borbu protiv nesanice i anksioznosti.<\/p>\n\n\n\n<p>Jedna od najpopularnijih aplikacija je <em>Smiriti<\/em>, koji nudi vo\u0111ene meditacije, opu\u0161taju\u0107e zvukove i vje\u017ebe disanja koje poma\u017eu u smirivanju uma i pobolj\u0161anju kvalitete sna. \ud83d\ude0c\ud83d\udcf1<\/p>\n\n\n\n<h4 class=\"wp-block-heading\">Prednosti primjene <em>Smiriti<\/em>:<\/h4>\n\n\n\n<ul class=\"wp-block-list\">\n<li><strong>Vo\u0111ene meditacije<\/strong>: <em>Smiriti<\/em> nudi razne meditacije osmi\u0161ljene za razli\u010dite potrebe, poput smanjenja stresa ili pobolj\u0161anja sna.<\/li>\n\n\n\n<li><strong>Opu\u0161taju\u0107i zvukovi<\/strong>: Mo\u017eete u\u017eivati u izboru prirodnih zvukova i umiruju\u0107ih melodija koje \u0107e pratiti va\u0161e opu\u0161tanje.<\/li>\n\n\n\n<li><strong>Vje\u017ebe disanja<\/strong>Vo\u0111ene tehnike disanja koje poma\u017eu smiriti tijelo i um u trenucima tjeskobe.<\/li>\n<\/ul>\n\n\n<div class=\"wp-block-image\">\n<figure class=\"aligncenter size-full\"><img loading=\"lazy\" decoding=\"async\" width=\"550\" height=\"350\" src=\"http:\/\/universofamilia.com\/wp-content\/uploads\/sites\/148\/2024\/09\/P-550x350-4-4.jpg\" alt=\"\" class=\"wp-image-6631\" srcset=\"https:\/\/universofamilia.com\/wp-content\/uploads\/sites\/148\/2024\/09\/P-550x350-4-4.jpg 550w, https:\/\/universofamilia.com\/wp-content\/uploads\/sites\/148\/2024\/09\/P-550x350-4-4-300x191.jpg 300w\" sizes=\"(max-width: 550px) 100vw, 550px\" \/><figcaption class=\"wp-element-caption\">\u010caj za borbu protiv nesanice i anksioznosti<\/figcaption><\/figure><\/div>\n\n\n<h3 class=\"wp-block-heading\">Recenzije korisnika<\/h3>\n\n\n\n<p>Ovo su neka od mi\u0161ljenja ljudi koji su koristili aplikaciju <em>Smiriti<\/em>:<\/p>\n\n\n\n<ul class=\"wp-block-list\">\n<li><strong>Ana M. (Apple Store)<\/strong>: &quot;On <em>Smiriti<\/em> Promijenilo je na\u010din na koji se opu\u0161tam. Sada mogu puno br\u017ee zaspati i probuditi se odmorniji.\u201d \ud83c\udf1f\ud83c\udf1f\ud83c\udf1f\ud83c\udf1f\ud83c\udf1f<\/li>\n\n\n\n<li><strong>Carlos R. (Google Play)<\/strong>\u201eOpu\u0161taju\u0107i zvukovi i jednostavno su\u010delje \u010dine aplikaciju vrlo jednostavnom za kori\u0161tenje. Moja anksioznost se pobolj\u0161ala otkad je koristim.\u201c \ud83c\udf1f\ud83c\udf1f\ud83c\udf1f\ud83c\udf1f<\/li>\n\n\n\n<li><strong>Maria T. (Apple Store)<\/strong>&quot;Preporu\u010dujem&quot; <em>Smiriti<\/em> Svim mojim prijateljima. Smanjenje stresa je bitan dio moje dnevne rutine.&quot; \ud83c\udf1f\ud83c\udf1f\ud83c\udf1f\ud83c\udf1f\ud83c\udf1f<\/li>\n<\/ul>\n\n\n\n<h3 class=\"wp-block-heading\">Kako instalirati aplikaciju<\/h3>\n\n\n\n<p><strong>Linkovi za preuzimanje<\/strong>:<\/p>\n\n\n\n<div class=\"wp-block-columns is-layout-flex wp-container-core-columns-layout-2 wp-block-columns-is-layout-flex\">\n<div class=\"wp-block-column is-layout-flow wp-block-column-is-layout-flow\">\n<div class=\"wp-block-buttons is-layout-flex wp-block-buttons-is-layout-flex\">\n<div class=\"wp-block-button has-custom-width wp-block-button__width-100\" style=\"text-decoration:none\"><a class=\"wp-block-button__link has-white-color has-text-color has-background has-link-color has-text-align-left wp-element-button\" href=\"https:\/\/play.google.com\/store\/apps\/details?id=com.calm.android&amp;hl=pt_BR\" style=\"border-radius:10px;background-color:#aea4e0\" target=\"_blank\" rel=\"noreferrer noopener\"><strong><font style=\"vertical-align: inherit;\"><font style=\"vertical-align: inherit;\">\ud83d\udce5 <\/font><\/font>Idi na Google Play: Mirno<\/strong> <strong>za Android<\/strong><\/a><\/div>\n\n\n\n<div class=\"wp-block-button has-custom-width wp-block-button__width-100\" style=\"text-decoration:none\"><a class=\"wp-block-button__link has-white-color has-text-color has-background has-link-color has-text-align-left wp-element-button\" href=\"https:\/\/apps.apple.com\/br\/app\/calm-medita%C3%A7%C3%A3o-e-sono\/id571800810\" style=\"border-radius:10px;background-color:#d0d0d0\" target=\"_blank\" rel=\"noreferrer noopener\"><mark style=\"background-color:rgba(0, 0, 0, 0)\" class=\"has-inline-color has-black-color\"><strong>\ud83d\udce5 Pristup Apple trgovini: Mirno<\/strong><\/mark> <mark style=\"background-color:rgba(0, 0, 0, 0)\" class=\"has-inline-color has-black-color\"><strong>za iOS<\/strong><\/mark><\/a><\/div>\n<\/div>\n<\/div>\n<\/div>\n\n\n\n<h2 class=\"wp-block-heading\">Zaklju\u010dak<\/h2>\n\n\n\n<p>\u010cajevi za borbu protiv nesanice i anksioznosti prirodno su i u\u010dinkovito rje\u0161enje za pobolj\u0161anje kvalitete \u017eivota.<\/p>\n\n\n\n<p>U kombinaciji s digitalnim alatima kao \u0161to je aplikacija <em>Smiriti<\/em>, mo\u017ee napraviti veliku razliku u va\u0161oj svakodnevnoj dobrobiti.<\/p>\n\n\n\n<p>Ne ustru\u010davajte se isprobati ove recepte za \u010daj i koristiti ih <em>Smiriti<\/em> za ve\u0107e opu\u0161tanje i spokoj. \ud83c\udf75\ud83d\udca4<\/p>\n\n\n\n<p>Ako vam je ovaj \u010dlanak bio koristan, podijelite ga s prijateljima i obitelji!<\/p>\n\n\n\n<p>Tako\u0111er vas pozivamo da istra\u017eite i ostale sadr\u017eaje na na\u0161em blogu kako biste otkrili vi\u0161e na\u010dina za pobolj\u0161anje svog zdravlja i dobrobiti.<\/p>\n\n\n\n<h3 class=\"wp-block-heading\">\u010cesto postavljana pitanja: Prednosti pijenja \u010daja<\/h3>\n\n\n\n<p><strong>Koji je najbolji \u010daj za borbu protiv anksioznosti?<\/strong> \u010caj od kamilice i \u010daj od lavande izvrsne su opcije za ubla\u017eavanje anksioznosti. Oba imaju umiruju\u0107a svojstva koja poma\u017eu u opu\u0161tanju uma i tijela.<\/p>\n\n\n\n<p><strong>Poma\u017ee li ispijanje \u010daja prije spavanja pobolj\u0161ati san?<\/strong> Da, neki \u010dajevi, poput valerijane i kamilice, imaju blage sedativne u\u010dinke koji olak\u0161avaju san i pobolj\u0161avaju kvalitetu odmora.<\/p>\n\n\n\n<p><strong>Je li sigurno piti \u010daj od valerijane svaki dan?<\/strong> \u010caj od valerijane je siguran kada se konzumira umjereno. Me\u0111utim, preporu\u010duje se da se ne konzumira previ\u0161e, jer prekomjerna konzumacija mo\u017ee uzrokovati pospanost tijekom dana.<\/p>\n\n\n\n<p><\/p>\n\n\n\n<hr class=\"wp-block-separator has-text-color has-vivid-purple-color has-alpha-channel-opacity has-vivid-purple-background-color has-background\"\/>\n\n\n\n<h2 class=\"wp-block-heading\">Ekskluzivni, besplatni sadr\u017eaj u va\u0161oj e-po\u0161ti!<\/h2>\n\n\n\n<ul class=\"wp-block-list\">\n<li style=\"font-style:normal;font-weight:500\" class=\"has-medium-font-size\">Primajte sve novosti;<\/li>\n\n\n\n<li style=\"font-style:normal;font-weight:500\" class=\"has-medium-font-size\">Nevjerojatan sadr\u017eaj na dlanu;<\/li>\n\n\n\n<li style=\"font-style:normal;font-weight:500\" class=\"has-medium-font-size\">Pretplatite se sada.<\/li>\n<\/ul>\n\n\n\n<div class=\"wp-block-media-text is-stacked-on-mobile is-vertically-aligned-center has-vivid-red-color has-text-color has-link-color wp-elements-f65c0b9eaa40a3cda7f58392480b43a2\" style=\"grid-template-columns:40% auto\"><figure class=\"wp-block-media-text__media\"><img loading=\"lazy\" decoding=\"async\" width=\"256\" height=\"256\" src=\"http:\/\/universofamilia.com\/wp-content\/uploads\/sites\/148\/2024\/09\/RECEBA-E-MAIL-1.png\" alt=\"Registriraj e-po\u0161tu\" class=\"wp-image-6592 size-full\" srcset=\"https:\/\/universofamilia.com\/wp-content\/uploads\/sites\/148\/2024\/09\/RECEBA-E-MAIL-1.png 256w, https:\/\/universofamilia.com\/wp-content\/uploads\/sites\/148\/2024\/09\/RECEBA-E-MAIL-1-150x150.png 150w\" sizes=\"(max-width: 256px) 100vw, 256px\" \/><\/figure><div class=\"wp-block-media-text__content\">\n\n\n\n<p><\/p>\n<\/div><\/div>\n\n\n\n<hr class=\"wp-block-separator has-text-color has-vivid-purple-color has-alpha-channel-opacity has-vivid-purple-background-color has-background is-style-wide\"\/>\n\n\n\n<p><\/p>","protected":false},"excerpt":{"rendered":"<p>El insomnio y la ansiedad son problemas que afectan a millones de personas en todo el mundo. Buscar soluciones naturales, como los t\u00e9s, puede ser una excelente manera de mejorar la calidad del sue\u00f1o y reducir el estr\u00e9s de manera efectiva y sin efectos secundarios. En este art\u00edculo, vamos a explorar los beneficios de los [&hellip;]<\/p>","protected":false},"author":0,"featured_media":6632,"comment_status":"closed","ping_status":"open","sticky":false,"template":"","format":"standard","meta":{"footnotes":""},"categories":[2],"tags":[581,1507],"yoast_head":"<!-- This site is optimized with the Yoast SEO plugin v23.3 - https:\/\/yoast.com\/wordpress\/plugins\/seo\/ -->\n<title>T\u00e9 para Combatir el Insomnio y la Ansiedad - Universo Fam\u00edlia<\/title>\n<meta name=\"description\" content=\"T\u00e9 para Combatir el Insomnio y la Ansiedad. El insomnio y la ansiedad son problemas que afectan a millones de personas en todo el mundo.\" \/>\n<meta name=\"robots\" content=\"index, follow, max-snippet:-1, max-image-preview:large, max-video-preview:-1\" \/>\n<link rel=\"canonical\" href=\"https:\/\/universofamilia.com\/hr\/te-para-combatir-insomnio-ansiedad\/\" \/>\n<meta property=\"og:locale\" content=\"hr_HR\" \/>\n<meta property=\"og:type\" content=\"article\" \/>\n<meta property=\"og:title\" content=\"T\u00e9 para Combatir el Insomnio y la Ansiedad - Universo Fam\u00edlia\" \/>\n<meta property=\"og:description\" content=\"T\u00e9 para Combatir el Insomnio y la Ansiedad. El insomnio y la ansiedad son problemas que afectan a millones de personas en todo el mundo.\" \/>\n<meta property=\"og:url\" content=\"https:\/\/universofamilia.com\/hr\/te-para-combatir-insomnio-ansiedad\/\" \/>\n<meta property=\"og:site_name\" content=\"Universo Fam\u00edlia\" \/>\n<meta property=\"article:published_time\" content=\"2024-09-27T18:24:10+00:00\" \/>\n<meta property=\"og:image\" content=\"https:\/\/universofamilia.com\/wp-content\/uploads\/sites\/148\/2024\/09\/P-550x350-3-12.jpg\" \/>\n\t<meta property=\"og:image:width\" content=\"550\" \/>\n\t<meta property=\"og:image:height\" content=\"350\" \/>\n\t<meta property=\"og:image:type\" content=\"image\/jpeg\" \/>\n<meta name=\"twitter:card\" content=\"summary_large_image\" \/>\n<meta name=\"twitter:label1\" content=\"Est. reading time\" \/>\n\t<meta name=\"twitter:data1\" content=\"7 minuta\" \/>\n<script type=\"application\/ld+json\" class=\"yoast-schema-graph\">{\"@context\":\"https:\/\/schema.org\",\"@graph\":[{\"@type\":\"WebPage\",\"@id\":\"https:\/\/universofamilia.com\/ru\/te-para-combatir-insomnio-ansiedad\/\",\"url\":\"https:\/\/universofamilia.com\/ru\/te-para-combatir-insomnio-ansiedad\/\",\"name\":\"T\u00e9 para Combatir el Insomnio y la Ansiedad - Universo Fam\u00edlia\",\"isPartOf\":{\"@id\":\"https:\/\/universofamilia.com\/el\/#website\"},\"primaryImageOfPage\":{\"@id\":\"https:\/\/universofamilia.com\/ru\/te-para-combatir-insomnio-ansiedad\/#primaryimage\"},\"image\":{\"@id\":\"https:\/\/universofamilia.com\/ru\/te-para-combatir-insomnio-ansiedad\/#primaryimage\"},\"thumbnailUrl\":\"https:\/\/universofamilia.com\/wp-content\/uploads\/sites\/148\/2024\/09\/P-550x350-3-12.jpg\",\"datePublished\":\"2024-09-27T18:24:10+00:00\",\"dateModified\":\"2024-09-27T18:24:10+00:00\",\"author\":{\"@id\":\"\"},\"description\":\"T\u00e9 para Combatir el Insomnio y la Ansiedad. El insomnio y la ansiedad son problemas que afectan a millones de personas en todo el mundo.\",\"breadcrumb\":{\"@id\":\"https:\/\/universofamilia.com\/ru\/te-para-combatir-insomnio-ansiedad\/#breadcrumb\"},\"inLanguage\":\"hr\",\"potentialAction\":[{\"@type\":\"ReadAction\",\"target\":[\"https:\/\/universofamilia.com\/ru\/te-para-combatir-insomnio-ansiedad\/\"]}]},{\"@type\":\"ImageObject\",\"inLanguage\":\"hr\",\"@id\":\"https:\/\/universofamilia.com\/ru\/te-para-combatir-insomnio-ansiedad\/#primaryimage\",\"url\":\"https:\/\/universofamilia.com\/wp-content\/uploads\/sites\/148\/2024\/09\/P-550x350-3-12.jpg\",\"contentUrl\":\"https:\/\/universofamilia.com\/wp-content\/uploads\/sites\/148\/2024\/09\/P-550x350-3-12.jpg\",\"width\":550,\"height\":350,\"caption\":\"T\u00e9 para Combatir el Insomnio y la Ansiedad\"},{\"@type\":\"BreadcrumbList\",\"@id\":\"https:\/\/universofamilia.com\/ru\/te-para-combatir-insomnio-ansiedad\/#breadcrumb\",\"itemListElement\":[{\"@type\":\"ListItem\",\"position\":1,\"name\":\"Home\",\"item\":\"https:\/\/universofamilia.com\/el\/\"},{\"@type\":\"ListItem\",\"position\":2,\"name\":\"T\u00e9 para Combatir el Insomnio y la Ansiedad\"}]},{\"@type\":\"WebSite\",\"@id\":\"https:\/\/universofamilia.com\/el\/#website\",\"url\":\"https:\/\/universofamilia.com\/el\/\",\"name\":\"Universo Fam\u00edlia\",\"description\":\"\",\"potentialAction\":[{\"@type\":\"SearchAction\",\"target\":{\"@type\":\"EntryPoint\",\"urlTemplate\":\"https:\/\/universofamilia.com\/el\/?s={search_term_string}\"},\"query-input\":\"required name=search_term_string\"}],\"inLanguage\":\"hr\"}]}<\/script>\n<!-- \/ Yoast SEO plugin. -->","yoast_head_json":{"title":"T\u00e9 para Combatir el Insomnio y la Ansiedad - Universo Fam\u00edlia","description":"T\u00e9 para Combatir el Insomnio y la Ansiedad. El insomnio y la ansiedad son problemas que afectan a millones de personas en todo el mundo.","robots":{"index":"index","follow":"follow","max-snippet":"max-snippet:-1","max-image-preview":"max-image-preview:large","max-video-preview":"max-video-preview:-1"},"canonical":"https:\/\/universofamilia.com\/hr\/te-para-combatir-insomnio-ansiedad\/","og_locale":"hr_HR","og_type":"article","og_title":"T\u00e9 para Combatir el Insomnio y la Ansiedad - Universo Fam\u00edlia","og_description":"T\u00e9 para Combatir el Insomnio y la Ansiedad. El insomnio y la ansiedad son problemas que afectan a millones de personas en todo el mundo.","og_url":"https:\/\/universofamilia.com\/hr\/te-para-combatir-insomnio-ansiedad\/","og_site_name":"Universo Fam\u00edlia","article_published_time":"2024-09-27T18:24:10+00:00","og_image":[{"width":550,"height":350,"url":"https:\/\/universofamilia.com\/wp-content\/uploads\/sites\/148\/2024\/09\/P-550x350-3-12.jpg","type":"image\/jpeg"}],"twitter_card":"summary_large_image","twitter_misc":{"Est. reading time":"7 minuta"},"schema":{"@context":"https:\/\/schema.org","@graph":[{"@type":"WebPage","@id":"https:\/\/universofamilia.com\/ru\/te-para-combatir-insomnio-ansiedad\/","url":"https:\/\/universofamilia.com\/ru\/te-para-combatir-insomnio-ansiedad\/","name":"T\u00e9 para Combatir el Insomnio y la Ansiedad - Universo Fam\u00edlia","isPartOf":{"@id":"https:\/\/universofamilia.com\/el\/#website"},"primaryImageOfPage":{"@id":"https:\/\/universofamilia.com\/ru\/te-para-combatir-insomnio-ansiedad\/#primaryimage"},"image":{"@id":"https:\/\/universofamilia.com\/ru\/te-para-combatir-insomnio-ansiedad\/#primaryimage"},"thumbnailUrl":"https:\/\/universofamilia.com\/wp-content\/uploads\/sites\/148\/2024\/09\/P-550x350-3-12.jpg","datePublished":"2024-09-27T18:24:10+00:00","dateModified":"2024-09-27T18:24:10+00:00","author":{"@id":""},"description":"T\u00e9 para Combatir el Insomnio y la Ansiedad. El insomnio y la ansiedad son problemas que afectan a millones de personas en todo el mundo.","breadcrumb":{"@id":"https:\/\/universofamilia.com\/ru\/te-para-combatir-insomnio-ansiedad\/#breadcrumb"},"inLanguage":"hr","potentialAction":[{"@type":"ReadAction","target":["https:\/\/universofamilia.com\/ru\/te-para-combatir-insomnio-ansiedad\/"]}]},{"@type":"ImageObject","inLanguage":"hr","@id":"https:\/\/universofamilia.com\/ru\/te-para-combatir-insomnio-ansiedad\/#primaryimage","url":"https:\/\/universofamilia.com\/wp-content\/uploads\/sites\/148\/2024\/09\/P-550x350-3-12.jpg","contentUrl":"https:\/\/universofamilia.com\/wp-content\/uploads\/sites\/148\/2024\/09\/P-550x350-3-12.jpg","width":550,"height":350,"caption":"T\u00e9 para Combatir el Insomnio y la Ansiedad"},{"@type":"BreadcrumbList","@id":"https:\/\/universofamilia.com\/ru\/te-para-combatir-insomnio-ansiedad\/#breadcrumb","itemListElement":[{"@type":"ListItem","position":1,"name":"Home","item":"https:\/\/universofamilia.com\/el\/"},{"@type":"ListItem","position":2,"name":"T\u00e9 para Combatir el Insomnio y la Ansiedad"}]},{"@type":"WebSite","@id":"https:\/\/universofamilia.com\/el\/#website","url":"https:\/\/universofamilia.com\/el\/","name":"Universo Fam\u00edlia","description":"","potentialAction":[{"@type":"SearchAction","target":{"@type":"EntryPoint","urlTemplate":"https:\/\/universofamilia.com\/el\/?s={search_term_string}"},"query-input":"required name=search_term_string"}],"inLanguage":"hr"}]}},"_links":{"self":[{"href":"https:\/\/universofamilia.com\/hr\/wp-json\/wp\/v2\/posts\/6630"}],"collection":[{"href":"https:\/\/universofamilia.com\/hr\/wp-json\/wp\/v2\/posts"}],"about":[{"href":"https:\/\/universofamilia.com\/hr\/wp-json\/wp\/v2\/types\/post"}],"replies":[{"embeddable":true,"href":"https:\/\/universofamilia.com\/hr\/wp-json\/wp\/v2\/comments?post=6630"}],"version-history":[{"count":0,"href":"https:\/\/universofamilia.com\/hr\/wp-json\/wp\/v2\/posts\/6630\/revisions"}],"wp:featuredmedia":[{"embeddable":true,"href":"https:\/\/universofamilia.com\/hr\/wp-json\/wp\/v2\/media\/6632"}],"wp:attachment":[{"href":"https:\/\/universofamilia.com\/hr\/wp-json\/wp\/v2\/media?parent=6630"}],"wp:term":[{"taxonomy":"category","embeddable":true,"href":"https:\/\/universofamilia.com\/hr\/wp-json\/wp\/v2\/categories?post=6630"},{"taxonomy":"post_tag","embeddable":true,"href":"https:\/\/universofamilia.com\/hr\/wp-json\/wp\/v2\/tags?post=6630"}],"curies":[{"name":"wp","href":"https:\/\/api.w.org\/{rel}","templated":true}]}}