{"id":8905,"date":"2025-03-05T20:35:12","date_gmt":"2025-03-05T20:35:12","guid":{"rendered":"https:\/\/universofamilia.com\/?p=8905"},"modified":"2025-03-05T20:36:20","modified_gmt":"2025-03-05T20:36:20","slug":"asistencia-de-transicion","status":"publish","type":"post","link":"https:\/\/universofamilia.com\/hr\/pomoc-u-tranziciji\/","title":{"rendered":"Tranzicijska pomo\u0107: Programi podr\u0161ke veteranima u civilnom \u017eivotu"},"content":{"rendered":"<p>Prijelaz iz vojnog u civilni \u017eivot mo\u017ee biti izazovan za mnoge veterane.<\/p>\n\n\n<div class=\"wp-block-image\">\n<figure class=\"aligncenter size-full\"><img loading=\"lazy\" decoding=\"async\" width=\"550\" height=\"350\" src=\"https:\/\/universofamilia.com\/wp-content\/uploads\/sites\/148\/2025\/03\/DESTAQUE-UNIVERSO-550-x-350-1.jpg\" alt=\"\" class=\"wp-image-8906\" srcset=\"https:\/\/universofamilia.com\/wp-content\/uploads\/sites\/148\/2025\/03\/DESTAQUE-UNIVERSO-550-x-350-1.jpg 550w, https:\/\/universofamilia.com\/wp-content\/uploads\/sites\/148\/2025\/03\/DESTAQUE-UNIVERSO-550-x-350-1-300x191.jpg 300w, https:\/\/universofamilia.com\/wp-content\/uploads\/sites\/148\/2025\/03\/DESTAQUE-UNIVERSO-550-x-350-1-18x12.jpg 18w\" sizes=\"(max-width: 550px) 100vw, 550px\" \/><figcaption class=\"wp-element-caption\">Pomo\u0107 u tranziciji<\/figcaption><\/figure><\/div>\n\n\n<p>Sre\u0107om, postoji nekoliko programa podr\u0161ke koji poma\u017eu u tom procesu, nude\u0107i sve od emocionalne podr\u0161ke do osposobljavanja za ponovno uklju\u010divanje u tr\u017ei\u0161te rada.<\/p>\n\n\n\n<p>U ovom \u010dlanku istra\u017eujemo glavne resurse dostupne veteranima i kako im pristupiti.<\/p>\n\n\n\n<h2 class=\"wp-block-heading\">\u0160to su programi pomo\u0107i u tranziciji i za\u0161to su va\u017eni?<\/h2>\n\n\n\n<p>Programi pomo\u0107i u tranziciji stvoreni su kako bi se pomoglo veteranima da se prilagode civilnom \u017eivotu nakon napu\u0161tanja vojne slu\u017ebe.<\/p>\n\n\n\n<p>Pru\u017eaju financijsku, emocionalnu i profesionalnu podr\u0161ku kako bi osigurali veteranima stabilan i uspje\u0161an \u017eivot izvan vojske.<\/p>\n\n\n\n<p>Va\u017enost ovih programa je ogromna, budu\u0107i da se mnogi veterani bore s pronalaskom posla, pate od posttraumatskog stresnog poreme\u0107aja (PTSP-a) ili se suo\u010davaju s fizi\u010dkim zdravstvenim problemima.<\/p>\n\n\n\n<p>Nadalje, socijalna readaptacija mo\u017ee biti komplicirana, jer se struktura i rutina civilnog \u017eivota uvelike razlikuju od iskustava vojne slu\u017ebe.<\/p>\n\n\n\n<p>Uz pravu podr\u0161ku, veterani mogu prevladati te prepreke i izgraditi novi put do uspjeha, osiguravaju\u0107i ne samo ekonomsku stabilnost ve\u0107 i kvalitetu \u017eivota i emocionalnu dobrobit.<\/p>\n\n\n<div class=\"wp-block-image\">\n<figure class=\"aligncenter size-full\"><img loading=\"lazy\" decoding=\"async\" width=\"550\" height=\"350\" src=\"https:\/\/universofamilia.com\/wp-content\/uploads\/sites\/148\/2025\/03\/DESTAQUE-UNIVERSO-550-x-350-2.jpg\" alt=\"\" class=\"wp-image-8907\" srcset=\"https:\/\/universofamilia.com\/wp-content\/uploads\/sites\/148\/2025\/03\/DESTAQUE-UNIVERSO-550-x-350-2.jpg 550w, https:\/\/universofamilia.com\/wp-content\/uploads\/sites\/148\/2025\/03\/DESTAQUE-UNIVERSO-550-x-350-2-300x191.jpg 300w, https:\/\/universofamilia.com\/wp-content\/uploads\/sites\/148\/2025\/03\/DESTAQUE-UNIVERSO-550-x-350-2-18x12.jpg 18w\" sizes=\"(max-width: 550px) 100vw, 550px\" \/><figcaption class=\"wp-element-caption\">Pomo\u0107 u tranziciji<\/figcaption><\/figure><\/div>\n\n\n<h2 class=\"wp-block-heading\">Najbolji resursi za pomo\u0107 veteranima pri prilagodbi civilnom \u017eivotu<\/h2>\n\n\n\n<p>Postoji nekoliko programa i organizacija posve\u0107enih pru\u017eanju specifi\u010dne podr\u0161ke veteranima, poma\u017eu\u0107i im u razli\u010ditim aspektima civilnog \u017eivota.<\/p>\n\n\n\n<h3 class=\"wp-block-heading\">Povezivanje s drugim veteranima<\/h3>\n\n\n\n<p>Povezivanje s drugim veteranima klju\u010dno je za lak\u0161i prijelaz.<\/p>\n\n\n\n<p>Organizacije kao \u0161to su <strong>Ameri\u010dka legija<\/strong> i <strong>Veterani stranih ratova (VFW)<\/strong> Promi\u010du mre\u017ee podr\u0161ke, dru\u0161tvena doga\u0111anja i volonterske prilike.<\/p>\n\n\n\n<p>Ove mre\u017ee su klju\u010dne za veterane kako bi podijelili iskustva, prona\u0161li emocionalnu podr\u0161ku i osje\u0107ali se dijelom zajednice koja razumije njihove izazove.<\/p>\n\n\n\n<h3 class=\"wp-block-heading\">Kretanje naprijed<\/h3>\n\n\n\n<p><strong>Kretanje naprijed<\/strong> je online program razvijen kako bi pomogao veteranima da se nose sa svakodnevnim izazovima koriste\u0107i strategije temeljene na kognitivno-bihevioralnoj terapiji.<\/p>\n\n\n\n<p>Program podu\u010dava tehnike upravljanja stresom, rje\u0161avanja problema i dono\u0161enja odluka, poma\u017eu\u0107i u prilagodbi civilnom \u017eivotu.<\/p>\n\n\n\n<h3 class=\"wp-block-heading\">Sprje\u010davanje samoubojstava<\/h3>\n\n\n\n<p>Mentalno zdravlje veterana je prioritet. Organizacije kao \u0161to su <strong>Krizna linija za veterane<\/strong> Nude 24-satnu podr\u0161ku veteranima u krizi, osiguravaju\u0107i trenutnu pomo\u0107.<\/p>\n\n\n\n<p>Na\u017ealost, veterani imaju ve\u0107u stopu samoubojstava od op\u0107e populacije, stoga je pristup uslugama mentalnog zdravlja i prevencije samoubojstava klju\u010dan.<\/p>\n\n\n\n<h3 class=\"wp-block-heading\">Lije\u010denje traumatske ozljede mozga (TBI)<\/h3>\n\n\n\n<p>Mnogi veterani pate od <strong>traumatska ozljeda mozga (TBI)<\/strong> zbog izlo\u017eenosti eksplozijama i ozljedama tijekom vojne slu\u017ebe.<\/p>\n\n\n\n<p>Ministarstvo za pitanja veterana (VA) nudi specijalizirane programe za lije\u010denje i rehabilitaciju traumatske ozljede mozga (TBI), poma\u017eu\u0107i veteranima da povrate kognitivne i motori\u010dke funkcije.<\/p>\n\n\n\n<h2 class=\"wp-block-heading\">Kako mogu pristupiti besplatnoj profesionalnoj podr\u0161ci i obuci kao veteran?<\/h2>\n\n\n\n<p>On <strong>Ministarstvo za pitanja veterana SAD-a (VA)<\/strong> nudi razne inicijative za pomo\u0107 veteranima u ponovnoj integraciji na tr\u017ei\u0161te rada.<\/p>\n\n\n    <section class=\"mx-1 my-10\">\n                                                <a href=\"https:\/\/www.mentalhealth.va.gov\/transitioning-service\/resources.asp\" class=\"text-white\" data-analytics-label=\"optionsButton\"\n                    data-action=\"analytics#trackCTA\">\n                    <div data-options-target=\"option\"\n                        class=\"custom-section rounded-xl border p-3 shadow-md w-full bg-green-700 my-3\">\n                        <div class=\"flex w-full items-center justify-between\">\n                            <div class=\"flex items-center space-x-3\">\n                                <div class=\"text-lg font-bold\">\n                                    Ministarstvo za pitanja veterana SAD-a (VA) \u279d\n                                <\/div>\n                            <\/div>\n                        <\/div>\n                    <\/div>\n                <\/a>\n                            <p class=\"text-xs text-gray-500 text-right\"\n            style=\"margin-left: 50%; margin-bottom: 50px; margin-top: 5px;\">\n            <!-- You will be redirected to another website -->\n        <\/p>\n    <\/section>\n\n\n\n\n<p class=\"has-text-align-center\"><em><strong><em><strong><em><strong><em><strong><em><strong><strong><em><strong><em><strong><em><strong><em><strong><em><strong><em><strong><em><strong><em><strong><em><strong><em><strong><strong><em><strong><em><strong><em><strong><em><strong><em><strong><em><strong><em><strong><em><strong><em><strong><em><strong><strong>Bit \u0107ete preusmjereni na drugu stranicu<\/strong><\/strong><\/em><\/strong><\/em><\/strong><\/em><\/strong><\/em><\/strong><\/em><\/strong><\/em><\/strong><\/em><\/strong><\/em><\/strong><\/em><\/strong><\/em><\/strong><\/strong><\/em><\/strong><\/em><\/strong><\/em><\/strong><\/em><\/strong><\/em><\/strong><\/em><\/strong><\/em><\/strong><\/em><\/strong><\/em><\/strong><\/em><\/strong><\/strong><\/em><\/strong><\/em><\/strong><\/em><\/strong><\/em><\/strong><\/em><\/p>\n\n\n\n<hr class=\"wp-block-separator has-alpha-channel-opacity is-style-wide\" \/>\n\n\n\n<p><\/p>\n\n\n\n<h3 class=\"wp-block-heading\">Program profesionalne rehabilitacije (VR&amp;E)<\/h3>\n\n\n\n<p>Ovaj program pru\u017ea strukovno osposobljavanje, podr\u0161ku u tra\u017eenju posla i pomo\u0107 veteranima s invaliditetom povezanim s vojnom aktivno\u0161\u0107u.<\/p>\n\n\n\n<p>To je izvrsna opcija za one koji \u017eele razviti nove vje\u0161tine i osigurati financijsku stabilnost.<\/p>\n\n\n\n<p>Osim toga, VA tako\u0111er nudi besplatne te\u010dajeve u suradnji s visoko\u0161kolskim ustanovama, omogu\u0107uju\u0107i veteranima stjecanje novih kvalifikacija za svoje civilne karijere.<\/p>\n\n\n    <section class=\"mx-1 my-10\">\n                                                <a href=\"https:\/\/www.va.gov\/health-care\/eligibility\/\" class=\"text-white\" data-analytics-label=\"optionsButton\"\n                    data-action=\"analytics#trackCTA\">\n                    <div data-options-target=\"option\"\n                        class=\"custom-section rounded-xl border p-3 shadow-md w-full bg-green-700 my-3\">\n                        <div class=\"flex w-full items-center justify-between\">\n                            <div class=\"flex items-center space-x-3\">\n                                <div class=\"text-lg font-bold\">\n                                    Program profesionalne rehabilitacije (VR&amp;E) \u279d\n                                <\/div>\n                            <\/div>\n                        <\/div>\n                    <\/div>\n                <\/a>\n                            <p class=\"text-xs text-gray-500 text-right\"\n            style=\"margin-left: 50%; margin-bottom: 50px; margin-top: 5px;\">\n            <!-- You will be redirected to another website -->\n        <\/p>\n    <\/section>\n\n\n\n\n<p class=\"has-text-align-center\"><em><strong><em><strong><em><strong><em><strong><em><strong><strong><em><strong><em><strong><em><strong><em><strong><em><strong><em><strong><em><strong><em><strong><em><strong><em><strong><strong><em><strong><em><strong><em><strong><em><strong><em><strong><em><strong><em><strong><em><strong><em><strong><em><strong><strong>Bit \u0107ete preusmjereni na drugu stranicu<\/strong><\/strong><\/em><\/strong><\/em><\/strong><\/em><\/strong><\/em><\/strong><\/em><\/strong><\/em><\/strong><\/em><\/strong><\/em><\/strong><\/em><\/strong><\/em><\/strong><\/strong><\/em><\/strong><\/em><\/strong><\/em><\/strong><\/em><\/strong><\/em><\/strong><\/em><\/strong><\/em><\/strong><\/em><\/strong><\/em><\/strong><\/em><\/strong><\/strong><\/em><\/strong><\/em><\/strong><\/em><\/strong><\/em><\/strong><\/em><\/p>\n\n\n\n<hr class=\"wp-block-separator has-alpha-channel-opacity is-style-wide\" \/>\n\n\n\n<p><\/p>\n\n\n\n<h2 class=\"wp-block-heading\">Financijsko planiranje i pomo\u0107 pri stanovanju za veterane u tranziciji<\/h2>\n\n\n\n<p>Financijska stabilnost jedan je od najva\u017enijih stupova u prijelazu u civilni \u017eivot.<\/p>\n\n\n\n<p>Nekoliko programa nudi financijsku i stambenu pomo\u0107 za veterane:<\/p>\n\n\n\n<ul>\n<li><strong>Stambene pogodnosti za VA<\/strong>VA nudi jamstva za kredite kako bi veterani mogli kupiti ku\u0107e uz posebne uvjete.<\/li>\n\n\n\n<li><strong>Obuka za financijsko obrazovanje<\/strong>Organizacije poput USAA pru\u017eaju financijsku podr\u0161ku kako bi pomogle veteranima da bolje upravljaju svojim novcem.<\/li>\n<\/ul>\n\n\n\n<h2 class=\"wp-block-heading\">Pri\u010de o uspjehu: Veterani napreduju nakon kori\u0161tenja TAP usluga<\/h2>\n\n\n\n<p>On <strong>Program pomo\u0107i u tranziciji (TAP)<\/strong> pomogao je tisu\u0107ama veterana da postignu uspjeh nakon vojne slu\u017ebe.<\/p>\n\n\n\n<p>Mnogi su uspjeli otvoriti vlastite tvrtke, zavr\u0161iti sveu\u010dili\u0161ne studije i posti\u0107i zapa\u017eene karijere u dr\u017eavnoj slu\u017ebi.<\/p>\n\n\n\n<h2 class=\"wp-block-heading\">Programi pomo\u0107i u tranziciji su klju\u010dni<\/h2>\n\n\n\n<p>Prijelaz u civilni \u017eivot mo\u017ee biti izazovan, ali uz prave resurse, veterani mogu izgraditi svijetlu budu\u0107nost.<\/p>\n\n\n\n<p>Prava podr\u0161ka \u010dini svu razliku, osiguravaju\u0107i da oni koji su slu\u017eili na\u0161oj zemlji imaju pomo\u0107 koja im je potrebna za napredak.<\/p>\n\n\n\n<p>Ako ste veteran ili poznajete nekoga kome je potrebna pomo\u0107, saznajte vi\u0161e o ovim programima i pridru\u017eite se ovoj mre\u017ei podr\u0161ke.<\/p>\n\n\n\n<h2 class=\"wp-block-heading\">Izvori<\/h2>\n\n\n\n<ul>\n<li>Ministarstvo za pitanja veterana SAD-a (VA)<\/li>\n\n\n\n<li>Ameri\u010dka legija<\/li>\n\n\n\n<li>Krizna linija za veterane<\/li>\n\n\n\n<li>Program pomo\u0107i u tranziciji (TAP)<\/li>\n\n\n\n<li>Financijske usluge USAA-e<\/li>\n<\/ul>\n\n\n\n<h2 class=\"wp-block-heading\"><strong>\u010cesto postavljana pitanja o pomo\u0107i veteranima u tranziciji<\/strong><\/h2>\n\n\n\n<h3 class=\"wp-block-heading\">\u0160to je tranzicijska pomo\u0107 za vojne veterane?<\/h3>\n\n\n\n<p>Pomo\u0107 u tranziciji je skup programa i resursa osmi\u0161ljenih da pomognu <strong>vojni veterani<\/strong> prilagoditi se <strong>civilni \u017eivot<\/strong> nakon slu\u017eenja u oru\u017eanim snagama.<\/p>\n\n\n\n<p>Ti programi uklju\u010duju financijsku potporu, savjetovanje o mentalnom zdravlju, mogu\u0107nosti zapo\u0161ljavanja i strukovno osposobljavanje. Njegov je cilj osigurati uspje\u0161nu reintegraciju i smanjiti izazove s kojima se veterani suo\u010davaju nakon umirovljenja iz vojne slu\u017ebe.<\/p>\n\n\n\n<h3 class=\"wp-block-heading\">Koje su glavne pogodnosti za veterane u prijelazu u civilni \u017eivot?<\/h3>\n\n\n\n<p>The <strong>beneficije za veterane<\/strong> u tranziciji uklju\u010duju pomo\u0107 za <strong>tra\u017eenje posla<\/strong>, pristup visokom obrazovanju uz stipendije i subvencije, podr\u0161ka u <strong>mentalno zdravlje<\/strong> za lije\u010denje <strong>PTSP<\/strong> i druge poreme\u0107aje povezane sa slu\u017ebom, kao i pristup programima <strong>profesionalna rehabilitacija<\/strong> i financijsku pomo\u0107 za kupnju stana.<\/p>\n\n\n\n<h3 class=\"wp-block-heading\">Koji programi nude podr\u0161ku mentalnom zdravlju za veterane?<\/h3>\n\n\n\n<p>Postoji nekoliko inicijativa usmjerenih na psiholo\u0161ku dobrobit <strong>vojni veterani<\/strong>. On <strong>Krizna linija za veterane<\/strong> pru\u017ea 24-satnu pomo\u0107 onima koji pate od emocionalnih kriza ili suicidalnih misli.<\/p>\n\n\n\n<p>Postoje i programi poput <strong>Kretanje naprijed<\/strong>, koja nudi strategije temeljene na kognitivno-bihevioralnoj terapiji za upravljanje stresom i anksiozno\u0161\u0107u.<\/p>\n\n\n\n<p>Osim toga, Ministarstvo za pitanja veterana pru\u017ea tretmane za <strong>posttraumatski stresni poreme\u0107aj (PTSP)<\/strong> i <strong>traumatska ozljeda mozga (TBI)<\/strong>.<\/p>\n\n\n\n<h3 class=\"wp-block-heading\">Kako veteran mo\u017ee pristupiti programima profesionalne rehabilitacije?<\/h3>\n\n\n\n<p>On <strong>Program profesionalne rehabilitacije (VR&amp;E)<\/strong> od Ministarstva za pitanja branitelja izvrsna je opcija za one koji tra\u017ee besplatno strukovno osposobljavanje.<\/p>\n\n\n\n<p>Ovaj program poma\u017ee <strong>vojni veterani<\/strong> s invaliditetom povezanim s uslugom kako bi dobili tehni\u010dku obuku, obrazovnu podr\u0161ku i savjetovanje o tra\u017eenju posla.<\/p>\n\n\n\n<p>Zainteresirani se mogu prijaviti putem slu\u017ebenog portala <strong>GOES<\/strong> ili posjetite centar za njegu veterana.<\/p>\n\n\n\n<h3 class=\"wp-block-heading\">Koja vrsta stambene pomo\u0107i je dostupna veteranima?<\/h3>\n\n\n\n<p>The <strong>vojni veterani<\/strong> mogu pristupiti kreditima koje jam\u010di <strong>GOES<\/strong> za kupnju nekretnina s niskim kamatnim stopama i bez predujma.<\/p>\n\n\n\n<p>Tako\u0111er postoje subvencije za veterane s invaliditetom kojima su potrebne preinake doma. Osim toga, postoje organizacije koje nude pomo\u0107 i podr\u0161ku pri najmu <strong>besku\u0107nici veterani<\/strong>.<\/p>\n\n\n\n<h3 class=\"wp-block-heading\">Kako veteran mo\u017ee pobolj\u0161ati svoju financijsku stabilnost nakon vojne slu\u017ebe?<\/h3>\n\n\n\n<p>Financijska stabilnost je klju\u010dna u <strong>prijelaz u civilni \u017eivot<\/strong>. Postoje programi od <strong>financijsko obrazovanje<\/strong> kao \u0161to su one koje pru\u017ea USAA, a koje podu\u010davaju studente <strong>vojni veterani<\/strong> o upravljanju novcem, ulaganju i planiranju mirovine.<\/p>\n\n\n\n<p>Osim toga, vladine i privatne organizacije nude pomo\u0107 u upravljanju beneficijama i maksimiziranju financijskih resursa.<\/p>\n\n\n\n<h3 class=\"wp-block-heading\">Za\u0161to je va\u017eno da veterani sudjeluju u mre\u017eama podr\u0161ke?<\/h3>\n\n\n\n<p>Pove\u017eite se s drugima <strong>vojni veterani<\/strong> je klju\u010dno za uspje\u0161nu reintegraciju.<\/p>\n\n\n\n<p>Organizacije kao \u0161to su <strong>Ameri\u010dka legija<\/strong> i <strong>Veterani stranih ratova (VFW)<\/strong> Oni omogu\u0107uju doga\u0111aje, savjetovanje i volonterske prilike, omogu\u0107uju\u0107i veteranima da dijele iskustva, prime emocionalnu podr\u0161ku i prona\u0111u posao.<\/p>\n\n\n\n<p>Biti dio zajednice poma\u017ee smanjiti osje\u0107aj izolacije i poti\u010de osje\u0107aj pripadnosti.<\/p>","protected":false},"excerpt":{"rendered":"<p>Prijelaz iz vojnog u civilni \u017eivot mo\u017ee biti izazovan za mnoge veterane. Sre\u0107om, postoji nekoliko programa podr\u0161ke koji poma\u017eu u tom procesu, nude\u0107i sve od emocionalne podr\u0161ke do prekvalifikacije za posao. U ovom \u010dlanku istra\u017eujemo glavne resurse dostupne veteranima i kako im pristupiti.<\/p>","protected":false},"author":139,"featured_media":8907,"comment_status":"closed","ping_status":"open","sticky":false,"template":"","format":"standard","meta":{"footnotes":""},"categories":[5],"tags":[1983,1984,1982,1981,1980],"yoast_head":"<!-- This site is optimized with the Yoast SEO plugin v23.3 - https:\/\/yoast.com\/wordpress\/plugins\/seo\/ -->\n<title>Asistencia de Transici\u00f3n: Programas de Apoyo a Veteranos en la Vida Civil - Universo Fam\u00edlia<\/title>\n<meta name=\"description\" content=\"Asistencia de Transici\u00f3n. La transici\u00f3n de la vida militar a la vida civil puede ser un desaf\u00edo para muchos veteranos.\" \/>\n<meta name=\"robots\" content=\"index, follow, max-snippet:-1, max-image-preview:large, max-video-preview:-1\" \/>\n<link rel=\"canonical\" href=\"http:\/\/universofamilia.com\/hr\/asistencia-de-transicion\/\" \/>\n<meta property=\"og:locale\" content=\"hr_HR\" \/>\n<meta property=\"og:type\" content=\"article\" \/>\n<meta property=\"og:title\" content=\"Asistencia de Transici\u00f3n: Programas de Apoyo a Veteranos en la Vida Civil - Universo Fam\u00edlia\" \/>\n<meta property=\"og:description\" content=\"Asistencia de Transici\u00f3n. La transici\u00f3n de la vida militar a la vida civil puede ser un desaf\u00edo para muchos veteranos.\" \/>\n<meta property=\"og:url\" content=\"http:\/\/universofamilia.com\/hr\/asistencia-de-transicion\/\" \/>\n<meta property=\"og:site_name\" content=\"Universo Fam\u00edlia\" \/>\n<meta property=\"article:published_time\" content=\"2025-03-05T20:35:12+00:00\" \/>\n<meta property=\"article:modified_time\" content=\"2025-03-05T20:36:20+00:00\" \/>\n<meta property=\"og:image\" content=\"http:\/\/universofamilia.com\/wp-content\/uploads\/sites\/148\/2025\/03\/DESTAQUE-UNIVERSO-550-x-350-2.jpg\" \/>\n\t<meta property=\"og:image:width\" content=\"550\" \/>\n\t<meta property=\"og:image:height\" content=\"350\" \/>\n\t<meta property=\"og:image:type\" content=\"image\/jpeg\" \/>\n<meta name=\"author\" content=\"Pedro Henrique\" \/>\n<meta name=\"twitter:card\" content=\"summary_large_image\" \/>\n<meta name=\"twitter:label1\" content=\"Written by\" \/>\n\t<meta name=\"twitter:data1\" content=\"Pedro Henrique\" \/>\n\t<meta name=\"twitter:label2\" content=\"Est. reading time\" \/>\n\t<meta name=\"twitter:data2\" content=\"8 minuta\" \/>\n<script type=\"application\/ld+json\" class=\"yoast-schema-graph\">{\"@context\":\"https:\/\/schema.org\",\"@graph\":[{\"@type\":\"WebPage\",\"@id\":\"http:\/\/universofamilia.com\/sk\/asistencia-de-transicion\/\",\"url\":\"http:\/\/universofamilia.com\/sk\/asistencia-de-transicion\/\",\"name\":\"Asistencia de Transici\u00f3n: Programas de Apoyo a Veteranos en la Vida Civil - Universo Fam\u00edlia\",\"isPartOf\":{\"@id\":\"https:\/\/universofamilia.com\/el\/#website\"},\"primaryImageOfPage\":{\"@id\":\"http:\/\/universofamilia.com\/sk\/asistencia-de-transicion\/#primaryimage\"},\"image\":{\"@id\":\"http:\/\/universofamilia.com\/sk\/asistencia-de-transicion\/#primaryimage\"},\"thumbnailUrl\":\"https:\/\/universofamilia.com\/wp-content\/uploads\/sites\/148\/2025\/03\/DESTAQUE-UNIVERSO-550-x-350-2.jpg\",\"datePublished\":\"2025-03-05T20:35:12+00:00\",\"dateModified\":\"2025-03-05T20:36:20+00:00\",\"author\":{\"@id\":\"https:\/\/universofamilia.com\/el\/#\/schema\/person\/f07ce98187dd84d31154262e79b3b7ca\"},\"description\":\"Asistencia de Transici\u00f3n. La transici\u00f3n de la vida militar a la vida civil puede ser un desaf\u00edo para muchos veteranos.\",\"breadcrumb\":{\"@id\":\"http:\/\/universofamilia.com\/sk\/asistencia-de-transicion\/#breadcrumb\"},\"inLanguage\":\"hr\",\"potentialAction\":[{\"@type\":\"ReadAction\",\"target\":[\"http:\/\/universofamilia.com\/sk\/asistencia-de-transicion\/\"]}]},{\"@type\":\"ImageObject\",\"inLanguage\":\"hr\",\"@id\":\"http:\/\/universofamilia.com\/sk\/asistencia-de-transicion\/#primaryimage\",\"url\":\"https:\/\/universofamilia.com\/wp-content\/uploads\/sites\/148\/2025\/03\/DESTAQUE-UNIVERSO-550-x-350-2.jpg\",\"contentUrl\":\"https:\/\/universofamilia.com\/wp-content\/uploads\/sites\/148\/2025\/03\/DESTAQUE-UNIVERSO-550-x-350-2.jpg\",\"width\":550,\"height\":350,\"caption\":\"Asistencia de Transici\u00f3n\"},{\"@type\":\"BreadcrumbList\",\"@id\":\"http:\/\/universofamilia.com\/sk\/asistencia-de-transicion\/#breadcrumb\",\"itemListElement\":[{\"@type\":\"ListItem\",\"position\":1,\"name\":\"Home\",\"item\":\"https:\/\/universofamilia.com\/el\/\"},{\"@type\":\"ListItem\",\"position\":2,\"name\":\"Asistencia de Transici\u00f3n: Programas de Apoyo a Veteranos en la Vida Civil\"}]},{\"@type\":\"WebSite\",\"@id\":\"https:\/\/universofamilia.com\/el\/#website\",\"url\":\"https:\/\/universofamilia.com\/el\/\",\"name\":\"Universo Fam\u00edlia\",\"description\":\"\",\"potentialAction\":[{\"@type\":\"SearchAction\",\"target\":{\"@type\":\"EntryPoint\",\"urlTemplate\":\"https:\/\/universofamilia.com\/el\/?s={search_term_string}\"},\"query-input\":\"required name=search_term_string\"}],\"inLanguage\":\"hr\"},{\"@type\":\"Person\",\"@id\":\"https:\/\/universofamilia.com\/el\/#\/schema\/person\/f07ce98187dd84d31154262e79b3b7ca\",\"name\":\"Pedro Henrique\",\"image\":{\"@type\":\"ImageObject\",\"inLanguage\":\"hr\",\"@id\":\"https:\/\/universofamilia.com\/el\/#\/schema\/person\/image\/\",\"url\":\"https:\/\/secure.gravatar.com\/avatar\/9edfeb808cb4e1599f64d6e45b130154?s=96&d=mm&r=g\",\"contentUrl\":\"https:\/\/secure.gravatar.com\/avatar\/9edfeb808cb4e1599f64d6e45b130154?s=96&d=mm&r=g\",\"caption\":\"Pedro Henrique\"},\"url\":\"https:\/\/universofamilia.com\/hr\/author\/editor01\/\"}]}<\/script>\n<!-- \/ Yoast SEO plugin. -->","yoast_head_json":{"title":"Asistencia de Transici\u00f3n: Programas de Apoyo a Veteranos en la Vida Civil - Universo Fam\u00edlia","description":"Asistencia de Transici\u00f3n. La transici\u00f3n de la vida militar a la vida civil puede ser un desaf\u00edo para muchos veteranos.","robots":{"index":"index","follow":"follow","max-snippet":"max-snippet:-1","max-image-preview":"max-image-preview:large","max-video-preview":"max-video-preview:-1"},"canonical":"http:\/\/universofamilia.com\/hr\/asistencia-de-transicion\/","og_locale":"hr_HR","og_type":"article","og_title":"Asistencia de Transici\u00f3n: Programas de Apoyo a Veteranos en la Vida Civil - Universo Fam\u00edlia","og_description":"Asistencia de Transici\u00f3n. La transici\u00f3n de la vida militar a la vida civil puede ser un desaf\u00edo para muchos veteranos.","og_url":"http:\/\/universofamilia.com\/hr\/asistencia-de-transicion\/","og_site_name":"Universo Fam\u00edlia","article_published_time":"2025-03-05T20:35:12+00:00","article_modified_time":"2025-03-05T20:36:20+00:00","og_image":[{"width":550,"height":350,"url":"http:\/\/universofamilia.com\/wp-content\/uploads\/sites\/148\/2025\/03\/DESTAQUE-UNIVERSO-550-x-350-2.jpg","type":"image\/jpeg"}],"author":"Pedro Henrique","twitter_card":"summary_large_image","twitter_misc":{"Written by":"Pedro Henrique","Est. reading time":"8 minuta"},"schema":{"@context":"https:\/\/schema.org","@graph":[{"@type":"WebPage","@id":"http:\/\/universofamilia.com\/sk\/asistencia-de-transicion\/","url":"http:\/\/universofamilia.com\/sk\/asistencia-de-transicion\/","name":"Asistencia de Transici\u00f3n: Programas de Apoyo a Veteranos en la Vida Civil - Universo Fam\u00edlia","isPartOf":{"@id":"https:\/\/universofamilia.com\/el\/#website"},"primaryImageOfPage":{"@id":"http:\/\/universofamilia.com\/sk\/asistencia-de-transicion\/#primaryimage"},"image":{"@id":"http:\/\/universofamilia.com\/sk\/asistencia-de-transicion\/#primaryimage"},"thumbnailUrl":"https:\/\/universofamilia.com\/wp-content\/uploads\/sites\/148\/2025\/03\/DESTAQUE-UNIVERSO-550-x-350-2.jpg","datePublished":"2025-03-05T20:35:12+00:00","dateModified":"2025-03-05T20:36:20+00:00","author":{"@id":"https:\/\/universofamilia.com\/el\/#\/schema\/person\/f07ce98187dd84d31154262e79b3b7ca"},"description":"Asistencia de Transici\u00f3n. La transici\u00f3n de la vida militar a la vida civil puede ser un desaf\u00edo para muchos veteranos.","breadcrumb":{"@id":"http:\/\/universofamilia.com\/sk\/asistencia-de-transicion\/#breadcrumb"},"inLanguage":"hr","potentialAction":[{"@type":"ReadAction","target":["http:\/\/universofamilia.com\/sk\/asistencia-de-transicion\/"]}]},{"@type":"ImageObject","inLanguage":"hr","@id":"http:\/\/universofamilia.com\/sk\/asistencia-de-transicion\/#primaryimage","url":"https:\/\/universofamilia.com\/wp-content\/uploads\/sites\/148\/2025\/03\/DESTAQUE-UNIVERSO-550-x-350-2.jpg","contentUrl":"https:\/\/universofamilia.com\/wp-content\/uploads\/sites\/148\/2025\/03\/DESTAQUE-UNIVERSO-550-x-350-2.jpg","width":550,"height":350,"caption":"Asistencia de Transici\u00f3n"},{"@type":"BreadcrumbList","@id":"http:\/\/universofamilia.com\/sk\/asistencia-de-transicion\/#breadcrumb","itemListElement":[{"@type":"ListItem","position":1,"name":"Home","item":"https:\/\/universofamilia.com\/el\/"},{"@type":"ListItem","position":2,"name":"Asistencia de Transici\u00f3n: Programas de Apoyo a Veteranos en la Vida Civil"}]},{"@type":"WebSite","@id":"https:\/\/universofamilia.com\/el\/#website","url":"https:\/\/universofamilia.com\/el\/","name":"Universo Fam\u00edlia","description":"","potentialAction":[{"@type":"SearchAction","target":{"@type":"EntryPoint","urlTemplate":"https:\/\/universofamilia.com\/el\/?s={search_term_string}"},"query-input":"required name=search_term_string"}],"inLanguage":"hr"},{"@type":"Person","@id":"https:\/\/universofamilia.com\/el\/#\/schema\/person\/f07ce98187dd84d31154262e79b3b7ca","name":"Pedro Henrique","image":{"@type":"ImageObject","inLanguage":"hr","@id":"https:\/\/universofamilia.com\/el\/#\/schema\/person\/image\/","url":"https:\/\/secure.gravatar.com\/avatar\/9edfeb808cb4e1599f64d6e45b130154?s=96&d=mm&r=g","contentUrl":"https:\/\/secure.gravatar.com\/avatar\/9edfeb808cb4e1599f64d6e45b130154?s=96&d=mm&r=g","caption":"Pedro Henrique"},"url":"https:\/\/universofamilia.com\/hr\/author\/editor01\/"}]}},"_links":{"self":[{"href":"https:\/\/universofamilia.com\/hr\/wp-json\/wp\/v2\/posts\/8905"}],"collection":[{"href":"https:\/\/universofamilia.com\/hr\/wp-json\/wp\/v2\/posts"}],"about":[{"href":"https:\/\/universofamilia.com\/hr\/wp-json\/wp\/v2\/types\/post"}],"author":[{"embeddable":true,"href":"https:\/\/universofamilia.com\/hr\/wp-json\/wp\/v2\/users\/139"}],"replies":[{"embeddable":true,"href":"https:\/\/universofamilia.com\/hr\/wp-json\/wp\/v2\/comments?post=8905"}],"version-history":[{"count":3,"href":"https:\/\/universofamilia.com\/hr\/wp-json\/wp\/v2\/posts\/8905\/revisions"}],"predecessor-version":[{"id":8910,"href":"https:\/\/universofamilia.com\/hr\/wp-json\/wp\/v2\/posts\/8905\/revisions\/8910"}],"wp:featuredmedia":[{"embeddable":true,"href":"https:\/\/universofamilia.com\/hr\/wp-json\/wp\/v2\/media\/8907"}],"wp:attachment":[{"href":"https:\/\/universofamilia.com\/hr\/wp-json\/wp\/v2\/media?parent=8905"}],"wp:term":[{"taxonomy":"category","embeddable":true,"href":"https:\/\/universofamilia.com\/hr\/wp-json\/wp\/v2\/categories?post=8905"},{"taxonomy":"post_tag","embeddable":true,"href":"https:\/\/universofamilia.com\/hr\/wp-json\/wp\/v2\/tags?post=8905"}],"curies":[{"name":"wp","href":"https:\/\/api.w.org\/{rel}","templated":true}]}}