{"id":10068,"date":"2025-10-13T12:28:29","date_gmt":"2025-10-13T15:28:29","guid":{"rendered":"https:\/\/universofamilia.com\/?p=10068"},"modified":"2025-10-13T18:26:17","modified_gmt":"2025-10-13T21:26:17","slug":"crisis-climatica-global","status":"publish","type":"post","link":"https:\/\/universofamilia.com\/hu\/crisis-climatica-global\/","title":{"rendered":"Glob\u00e1lis kl\u00edmav\u00e1ls\u00e1g: a hat\u00e1sok m\u00e1r milli\u00f3kat \u00e9rintenek"},"content":{"rendered":"<p class=\"has-text-align-center\">A <strong>Glob\u00e1lis kl\u00edmav\u00e1ls\u00e1g: a hat\u00e1sok m\u00e1r milli\u00f3kat \u00e9rintenek<\/strong> a 21. sz\u00e1zad egyik legs\u00fcrget\u0151bb kih\u00edv\u00e1s\u00e1v\u00e1 v\u00e1lt.<\/p>\n\n\n\n<figure class=\"wp-block-gallery aligncenter has-nested-images columns-default is-cropped wp-block-gallery-1 is-layout-flex wp-block-gallery-is-layout-flex\">\n<figure class=\"wp-block-image size-full\"><img loading=\"lazy\" decoding=\"async\" width=\"450\" height=\"250\" data-id=\"10070\" src=\"https:\/\/universofamilia.com\/wp-content\/uploads\/sites\/148\/2025\/10\/Destaque-Novo-Universo-1.jpg\" alt=\"\" class=\"wp-image-10070\" srcset=\"https:\/\/universofamilia.com\/wp-content\/uploads\/sites\/148\/2025\/10\/Destaque-Novo-Universo-1.jpg 450w, https:\/\/universofamilia.com\/wp-content\/uploads\/sites\/148\/2025\/10\/Destaque-Novo-Universo-1-300x167.jpg 300w, https:\/\/universofamilia.com\/wp-content\/uploads\/sites\/148\/2025\/10\/Destaque-Novo-Universo-1-18x10.jpg 18w\" sizes=\"(max-width: 450px) 100vw, 450px\" \/><figcaption class=\"wp-element-caption\">CANVA<\/figcaption><\/figure>\n<\/figure>\n\n\n\n<p>Az elh\u00faz\u00f3d\u00f3 asz\u00e1lyok, a sz\u00e9ls\u0151s\u00e9ges h\u0151hull\u00e1mok, az erd\u0151t\u00fczek, a j\u00e9g felgyorsult olvad\u00e1sa \u00e9s a t\u00f6meges migr\u00e1ci\u00f3 csak n\u00e9h\u00e1ny a l\u00e1that\u00f3 k\u00f6vetkezm\u00e9nyek k\u00f6z\u00fcl.<br><strong>\u00d6sszefoglal\u00e1s:<\/strong><\/p>\n\n\n\n<ol>\n<li>Mit jelent val\u00f3j\u00e1ban a glob\u00e1lis kl\u00edmav\u00e1ls\u00e1g?<\/li>\n\n\n\n<li>Hogyan \u00e9rinti ez a vil\u00e1g milli\u00f3inak \u00e9let\u00e9t<\/li>\n\n\n\n<li>Legsebezhet\u0151bb \u00e1gazatok: eg\u00e9szs\u00e9g\u00fcgy, gazdas\u00e1g \u00e9s \u00e9lelmez\u00e9sbiztons\u00e1g<\/li>\n\n\n\n<li>A kl\u00edmav\u00e1ltoz\u00e1s jelenlegi \u00e9s val\u00f3s p\u00e9ld\u00e1i<\/li>\n\n\n\n<li>Mi t\u00f6rt\u00e9nik, \u00e9s mit kellene m\u00e9g tenni<\/li>\n\n\n\n<li>Konkl\u00fazi\u00f3 \u00e9s gyakran ism\u00e9telt k\u00e9rd\u00e9sek<\/li>\n<\/ol>\n\n\n\n<h3 class=\"wp-block-heading\"><strong>Mit jelent val\u00f3j\u00e1ban a glob\u00e1lis kl\u00edmav\u00e1ls\u00e1g?<\/strong><\/h3>\n\n\n\n<p>A <strong>Glob\u00e1lis kl\u00edmav\u00e1ls\u00e1g: a hat\u00e1sok m\u00e1r emberek milli\u00f3it \u00e9rintik<\/strong> Nem csak a h\u0151m\u00e9rs\u00e9klet-emelked\u00e9sr\u0151l van sz\u00f3.<\/p>\n\n\n\n<p>Ez egy rendszerszint\u0171 jelens\u00e9g, amely megv\u00e1ltoztatja az \u00f6kosziszt\u00e9m\u00e1kat, a gazdas\u00e1gokat \u00e9s az eg\u00e9sz k\u00f6z\u00f6ss\u00e9geket. A ... szerint <em>\u00c9ghajlatv\u00e1ltoz\u00e1si Korm\u00e1nyk\u00f6zi Test\u00fclet (IPCC)<\/em>, a bolyg\u00f3 m\u00e1r meghaladta az \u00e1tlagos n\u00f6veked\u00e9st <strong>1,2 \u00b0C<\/strong> az iparosod\u00e1s el\u0151tti korszakhoz k\u00e9pest.<\/p>\n\n\n\n<p>B\u00e1r jelent\u00e9ktelennek t\u0171nhet, ez a v\u00e1ltoz\u00e1s megv\u00e1ltoztatta a csapad\u00e9kmint\u00e1kat, feler\u0151s\u00f6d\u00f6tt a hurrik\u00e1nok sz\u00e1ma, \u00e9s cs\u00f6kkentette az \u00e9desv\u00edz el\u00e9rhet\u0151s\u00e9g\u00e9t.<\/p>\n\n\n\n<p>Ennek egy egyszer\u0171 m\u00f3dja, ha a F\u00f6ldet emberi testk\u00e9nt k\u00e9pzelj\u00fck el: egyetlen fokos l\u00e1z is apr\u00f3s\u00e1gnak t\u0171nhet, de ha \u00e1lland\u00f3 marad, az \u00f6sszes l\u00e9tfontoss\u00e1g\u00fa rendszert legyeng\u00edti.<\/p>\n\n\n\n<p>Pontosan ez az anal\u00f3gia magyar\u00e1zza a jelenlegi \u00e9ghajlati egyens\u00falyhi\u00e1nyt.<\/p>\n\n\n\n<h3 class=\"wp-block-heading\"><strong>Emberek milli\u00f3i \u00e9lnek m\u00e1r a k\u00f6vetkezm\u00e9nyekkel.<\/strong> <strong>a glob\u00e1lis kl\u00edmav\u00e1ls\u00e1gr\u00f3l<\/strong><\/h3>\n\n\n\n<p>2025-ben a k\u00f6vetkezm\u00e9nyek m\u00e1r nem a j\u00f6v\u0151re tartoznak. <\/p>\n\n\n\n<p>Az Egyes\u00fclt Nemzetek Szervezete becsl\u00e9se szerint <strong>t\u00f6bb mint 3,6 milli\u00e1rd ember<\/strong> olyan r\u00e9gi\u00f3kban \u00e9lnek, amelyek fokozottan ki vannak t\u00e9ve az \u00e9ghajlatv\u00e1ltoz\u00e1snak.<\/p>\n\n\n\n<p>Olyan v\u00e1rosok, mint Mexik\u00f3v\u00e1ros, S\u00e3o Paulo \u00e9s Lima, 40\u00b0C-ot meghalad\u00f3 h\u0151hull\u00e1mokkal n\u00e9znek szembe, amelyeket v\u00edzkorl\u00e1toz\u00e1sok k\u00eds\u00e9rnek.<\/p>\n\n\n\n<p>A vid\u00e9ki ter\u00fcletek m\u00e9g jobban szenvednek: a term\u00e9skies\u00e9s \u00e9s az elsivatagosod\u00e1s miatt eg\u00e9sz csal\u00e1dok k\u00e9nyszer\u00fclnek f\u00f6ldjeik elhagy\u00e1s\u00e1ra.<\/p>\n\n\n\n<p>Afrik\u00e1ban, a Szahar\u00e1t\u00f3l d\u00e9lre fekv\u0151 ter\u00fcleteken, eg\u00e9sz k\u00f6z\u00f6ss\u00e9gek vannak \u00faton \u00e9lelem \u00e9s v\u00edz ut\u00e1n kutatva; K\u00f6z\u00e9p-Amerik\u00e1ban a kl\u00edmamigr\u00e1ci\u00f3 csendes, de \u00e1lland\u00f3 val\u00f3s\u00e1gg\u00e1 v\u00e1lik.<\/p>\n\n\n\n<h3 class=\"wp-block-heading\"><strong>Az eg\u00e9szs\u00e9gre, a gazdas\u00e1gra \u00e9s a t\u00e1pl\u00e1lkoz\u00e1sra gyakorolt hat\u00e1sok<\/strong><\/h3>\n\n\n\n<p>A glob\u00e1lis felmeleged\u00e9snek m\u00e1r most is k\u00e9zzelfoghat\u00f3 k\u00f6vetkezm\u00e9nyei vannak a k\u00f6zeg\u00e9szs\u00e9g\u00fcgyre n\u00e9zve.<\/p>\n\n\n\n<p>Az Eg\u00e9szs\u00e9g\u00fcgyi Vil\u00e1gszervezet figyelmeztet, hogy a sz\u00fanyogok \u00e1ltal terjesztett betegs\u00e9gek, mint p\u00e9ld\u00e1ul a dengue-l\u00e1z \u00e9s a Zika-l\u00e1z, egyre sz\u00e9lesebb k\u00f6r\u0171ek.<\/p>\n\n\n\n<p>A k\u00f3rh\u00e1zak ezzel szemben a kisz\u00e1rad\u00e1s \u00e9s a h\u0151kimer\u00fclts\u00e9g eseteinek sz\u00e1m\u00e1nak n\u00f6veked\u00e9s\u00e9vel szembes\u00fclnek, k\u00fcl\u00f6n\u00f6sen az id\u0151sebb feln\u0151ttek \u00e9s a gyermekek k\u00f6r\u00e9ben.<\/p>\n\n\n\n<p>A gazdas\u00e1g sem kiv\u00e9tel ez al\u00f3l. Egy tanulm\u00e1ny szerint <em>Vil\u00e1gbank<\/em> 2024-ben kider\u00fclt, hogy a term\u00e9szeti katasztr\u00f3f\u00e1khoz kapcsol\u00f3d\u00f3 gazdas\u00e1gi vesztes\u00e9gek meghaladt\u00e1k a ... <strong>380 milli\u00e1rd doll\u00e1r \u00e9vente<\/strong>.<\/p>\n\n\n\n<p>A turizmus, a mez\u0151gazdas\u00e1g \u00e9s a hal\u00e1szat a legs\u00falyosabban \u00e9rintett \u00e1gazatok.<\/p>\n\n\n\n<p>Az \u00e9lelmez\u00e9sbiztons\u00e1got tekintve a csapad\u00e9kmennyis\u00e9g v\u00e1ltoz\u00e1sa \u00e9s a mez\u0151gazdas\u00e1gi k\u00e1rtev\u0151k sz\u00e1m\u00e1nak n\u00f6veked\u00e9se vesz\u00e9lyezteti az alapvet\u0151 gabonaf\u00e9l\u00e9k termel\u00e9s\u00e9t.<\/p>\n\n\n\n<p>Mexik\u00f3ban p\u00e9ld\u00e1ul az elm\u00falt \u00e9vekben 15 1TP3 tonn\u00e1val cs\u00f6kkent a kukoricahozam az elh\u00faz\u00f3d\u00f3 asz\u00e1lyok miatt, a ... adatai szerint. <em>\u00c9lelmez\u00e9si \u00e9s Mez\u0151gazdas\u00e1gi Szervezet<\/em>.<\/p>\n\n\n\n<figure class=\"wp-block-table\"><table><thead><tr><th><strong>\u00c9ghajlati hat\u00e1s (2025)<\/strong><\/th><th><strong>Legink\u00e1bb \u00e9rintett r\u00e9gi\u00f3<\/strong><\/th><th><strong>F\u0151 k\u00f6vetkezm\u00e9ny<\/strong><\/th><\/tr><\/thead><tbody><tr><td>Elh\u00faz\u00f3d\u00f3 asz\u00e1lyok<\/td><td>Latin-Amerika \u00e9s Afrika<\/td><td>V\u00edzhi\u00e1ny \u00e9s term\u00e9skies\u00e9s<\/td><\/tr><tr><td>Extr\u00e9m h\u0151hull\u00e1mok<\/td><td>Eur\u00f3pa \u00e9s \u00c9szak-Amerika<\/td><td>L\u00e9gz\u0151szervi megbeteged\u00e9sek sz\u00e1m\u00e1nak n\u00f6veked\u00e9se<\/td><\/tr><tr><td>\u00c1rvizek \u00e9s viharok<\/td><td>\u00c1zsia \u00e9s a Csendes-\u00f3ce\u00e1n<\/td><td>Elmozdul\u00e1sok \u00e9s az infrastrukt\u00fara k\u00e1rosod\u00e1sa<\/td><\/tr><tr><td>Pol\u00e1ris olvad\u00e1s<\/td><td>Arktisz \u00e9s Antarktisz<\/td><td>Emelked\u0151 tengerszint<\/td><\/tr><\/tbody><\/table><figcaption class=\"wp-element-caption\">Glob\u00e1lis kl\u00edmav\u00e1ls\u00e1g: a hat\u00e1sok m\u00e1r milli\u00f3kat \u00e9rintenek<\/figcaption><\/figure>\n\n\n\n<figure class=\"wp-block-gallery aligncenter has-nested-images columns-default is-cropped wp-block-gallery-2 is-layout-flex wp-block-gallery-is-layout-flex\">\n<figure class=\"wp-block-image size-full\"><img loading=\"lazy\" decoding=\"async\" width=\"450\" height=\"250\" data-id=\"10071\" src=\"https:\/\/universofamilia.com\/wp-content\/uploads\/sites\/148\/2025\/10\/Destaque-Novo-Universo-1-1.jpg\" alt=\"\" class=\"wp-image-10071\" srcset=\"https:\/\/universofamilia.com\/wp-content\/uploads\/sites\/148\/2025\/10\/Destaque-Novo-Universo-1-1.jpg 450w, https:\/\/universofamilia.com\/wp-content\/uploads\/sites\/148\/2025\/10\/Destaque-Novo-Universo-1-1-300x167.jpg 300w, https:\/\/universofamilia.com\/wp-content\/uploads\/sites\/148\/2025\/10\/Destaque-Novo-Universo-1-1-18x10.jpg 18w\" sizes=\"(max-width: 450px) 100vw, 450px\" \/><figcaption class=\"wp-element-caption\">CANVA<\/figcaption><\/figure>\n<\/figure>\n\n\n\n<p>B\u0151vebben:&nbsp;<a href=\"https:\/\/universofamilia.com\/hu\/los-paises-mas-avanzados-en-regulacion-de-ia-en-2025\/\">A mesters\u00e9ges intelligencia szab\u00e1lyoz\u00e1s\u00e1ban legfejlettebb orsz\u00e1gok 2025-ben<\/a><\/p>\n\n\n\n<h3 class=\"wp-block-heading\"><strong>K\u00e9t p\u00e9lda, ami j\u00f3l mutatja a komolys\u00e1got<\/strong><\/h3>\n\n\n\n<p><strong>1. p\u00e9lda:<\/strong> 2024-ben az indiai Csennai v\u00e1rosa hetekig iv\u00f3v\u00edz n\u00e9lk\u00fcl maradt.<\/p>\n\n\n\n<p>Az ok: az intenz\u00edv asz\u00e1lyok \u00e9s a nem hat\u00e9kony er\u0151forr\u00e1s-gazd\u00e1lkod\u00e1s kombin\u00e1ci\u00f3ja.<\/p>\n\n\n\n<p>Ami helyi probl\u00e9mak\u00e9nt indult, glob\u00e1lis figyelmeztet\u00e9ss\u00e9 v\u00e1lt a nagyv\u00e1rosokban a v\u00edzelvezet\u00e9s \u00f6sszeoml\u00e1s\u00e1nak kock\u00e1zat\u00e1ra vonatkoz\u00f3an.<\/p>\n\n\n\n<p><strong>2. p\u00e9lda:<\/strong> Mexik\u00f3ban a Chiapas megyei k\u00f6z\u00f6ss\u00e9gek arr\u00f3l sz\u00e1molnak be, hogy a csapad\u00e9kmint\u00e1zatok dr\u00e1maian megv\u00e1ltoztak az elm\u00falt \u00e9vtizedben.<\/p>\n\n\n\n<p>A hagyom\u00e1nyos k\u00e1v\u00e9termeszt\u0151k term\u00e9se elsorvadt, ami arra k\u00e9nyszer\u00edtette \u0151ket, hogy magasabb tengerszint feletti magass\u00e1gba k\u00f6lt\u00f6zzenek, vagy m\u00e1s n\u00f6v\u00e9nyek termeszt\u00e9s\u00e9re t\u00e9rjenek \u00e1t.<\/p>\n\n\n\n<p>Ezek az esetek j\u00f3l mutatj\u00e1k, hogyan <strong>Glob\u00e1lis kl\u00edmav\u00e1ls\u00e1g: a hat\u00e1sok m\u00e1r emberek milli\u00f3it \u00e9rintik<\/strong> Ez nem egy t\u00e1voli vagy elm\u00e9leti jelens\u00e9g: megv\u00e1ltoztatja a mindennapi val\u00f3s\u00e1got.<\/p>\n\n\n\n<h3 class=\"wp-block-heading\"><strong>Mit tesznek a hat\u00e1s enyh\u00edt\u00e9s\u00e9re?<\/strong><\/h3>\n\n\n\n<p>Nemzetk\u00f6zi szinten az \u00e9ghajlati meg\u00e1llapod\u00e1sok a glob\u00e1lis felmeleged\u00e9s megf\u00e9kez\u00e9s\u00e9re t\u00f6rekszenek.<\/p>\n\n\n\n<p>\u0150 <em>P\u00e1rizsi Meg\u00e1llapod\u00e1s<\/em> tov\u00e1bbra is a referenciakeret, b\u00e1r a nemzeti k\u00f6telezetts\u00e9gv\u00e1llal\u00e1sok m\u00e9g mindig nem elegend\u0151ek. <\/p>\n\n\n\n<p>A <em>COP29<\/em>, amelyet 2024-ben tartottak, arra k\u00e9rt\u00e9k az orsz\u00e1gokat, hogy 2030-ra 45%-kal cs\u00f6kkents\u00e9k kibocs\u00e1t\u00e1sukat.<\/p>\n\n\n\n<p>Az eredm\u00e9nyek azonban vegyesek: m\u00edg az Eur\u00f3pai Uni\u00f3 a meg\u00fajul\u00f3 energia fel\u00e9 halad, m\u00e1s r\u00e9gi\u00f3k tov\u00e1bbra is a sz\u00e9nre \u00e9s az olajra t\u00e1maszkodnak.<\/p>\n\n\n\n<p>Latin-Amerik\u00e1ban olyan kezdem\u00e9nyez\u00e9sek, mint a <em>ECLAC \u00c9ghajlatv\u00e9delmi Akci\u00f3terv<\/em> A nap- \u00e9s sz\u00e9lenergia fellend\u00edt\u00e9s\u00e9vel k\u00edv\u00e1nj\u00e1k el\u0151mozd\u00edtani a m\u00e9lt\u00e1nyos energia\u00e1t\u00e1ll\u00e1st. Mexik\u00f3ban p\u00e9ld\u00e1ul Sonor\u00e1ban avatt\u00e1k fel Latin-Amerika egyik legnagyobb napelemparkj\u00e1t, amely t\u00f6bb mint egymilli\u00f3 otthon ell\u00e1t\u00e1s\u00e1ra k\u00e9pes.<\/p>\n\n\n\n<p>Egy\u00e9ni szinten a v\u00e1ltoz\u00e1s szint\u00e9n otthon kezd\u0151dik. <\/p>\n\n\n\n<p>A h\u00fasfogyaszt\u00e1s cs\u00f6kkent\u00e9se, a t\u00f6megk\u00f6zleked\u00e9s vagy az elektromos k\u00f6zleked\u00e9s v\u00e1laszt\u00e1sa \u00e9s a fenntarthat\u00f3 m\u00e1rk\u00e1k t\u00e1mogat\u00e1sa mind apr\u00f3, de nagy kollekt\u00edv hat\u00e1s\u00fa tettek.<\/p>\n\n\n\n<h3 class=\"wp-block-heading\"><strong>Visszaford\u00edthatjuk a glob\u00e1lis kl\u00edmav\u00e1ls\u00e1got?<\/strong><\/h3>\n\n\n\n<p>Ez a nagy k\u00f6lt\u0151i k\u00e9rd\u00e9s, amely kih\u00edv\u00e1st jelent a korm\u00e1nyok, a v\u00e1llalkoz\u00e1sok \u00e9s a polg\u00e1rok sz\u00e1m\u00e1ra.<\/p>\n\n\n\n<p>B\u00e1r a k\u00e1r m\u00e1r jelent\u0151s, a szak\u00e9rt\u0151k egyet\u00e9rtenek abban, hogy hat\u00e1rozott fell\u00e9p\u00e9ssel a legs\u00falyosabb hat\u00e1sok m\u00e9g enyh\u00edthet\u0151k.<\/p>\n\n\n\n<p>A bolyg\u00f3 elegend\u0151 technol\u00f3gi\u00e1val rendelkezik a z\u00f6ld \u00e1t\u00e1ll\u00e1s felgyors\u00edt\u00e1s\u00e1hoz, de hi\u00e1nyzik a politikai akarat \u00e9s a t\u00e1rsadalmi tudatoss\u00e1g.<\/p>\n\n\n\n<p>A j\u00f6v\u0151 a glob\u00e1lis egy\u00fcttm\u0171k\u00f6d\u00e9s k\u00e9pess\u00e9g\u00e9t\u0151l \u00e9s a fenntarthat\u00f3s\u00e1g ir\u00e1nti val\u00f3di elk\u00f6telezetts\u00e9gt\u0151l f\u00fcgg.<\/p>\n\n\n\n<p>Nem csak az \u00f6kosziszt\u00e9m\u00e1k megment\u00e9s\u00e9r\u0151l van sz\u00f3, hanem fajk\u00e9nt val\u00f3 fennmarad\u00e1sunk v\u00e9delm\u00e9r\u0151l is.<\/p>\n\n\n\n<h3 class=\"wp-block-heading\"><strong>K\u00f6vetkeztet\u00e9s<\/strong><\/h3>\n\n\n\n<p>A <strong>Glob\u00e1lis kl\u00edmav\u00e1ls\u00e1g: a hat\u00e1sok m\u00e1r emberek milli\u00f3it \u00e9rintik<\/strong> Ez a legnagyobb bizony\u00edt\u00e9ka annak, hogy az emberis\u00e9g t\u00fall\u00e9pi bolyg\u00f3nk korl\u00e1tait.<\/p>\n\n\n\n<p>Nem a f\u00e9lelemr\u0151l sz\u00f3l, hanem a felel\u0151ss\u00e9gr\u0151l. Minden h\u0151hull\u00e1m, minden \u00e1rv\u00edz \u00e9s minden t\u0171zv\u00e9sz arra eml\u00e9keztet minket, hogy a term\u00e9szet reag\u00e1l a tetteinkre.<\/p>\n\n\n\n<p>A kl\u00edmav\u00e1ltoz\u00e1s nem t\u00e1voli fenyeget\u00e9s, hanem egy jelen, amely azonnali cselekv\u00e9st ig\u00e9nyel.<\/p>\n\n\n\n<p>A tud\u00e1s, az innov\u00e1ci\u00f3 \u00e9s az emp\u00e1tia a legjobb eszk\u00f6zeink a szembesz\u00e1ll\u00e1shoz. Ha a 20. sz\u00e1zad az iparosod\u00e1s sz\u00e1zada volt, akkor a 21. sz\u00e1zadnak a bolyg\u00f3 helyre\u00e1ll\u00edt\u00e1s\u00e1nak sz\u00e1zad\u00e1nak kell lennie.<\/p>\n\n\n\n<p>B\u0151vebben:&nbsp;<a href=\"https:\/\/universofamilia.com\/hu\/inteligencia-artificial-y-politica\/\">Mesters\u00e9ges intelligencia \u00e9s politika<\/a><\/p>\n\n\n\n<h3 class=\"wp-block-heading\"><strong>Gyakran Ism\u00e9telt K\u00e9rd\u00e9sek<\/strong><\/h3>\n\n\n\n<p><strong>1. Melyek a glob\u00e1lis kl\u00edmav\u00e1ls\u00e1g f\u0151 okai?<\/strong><br>\u00dcvegh\u00e1zhat\u00e1s\u00fa g\u00e1zok, els\u0151sorban sz\u00e9n-dioxid \u00e9s met\u00e1n kibocs\u00e1t\u00e1sa a fosszilis t\u00fczel\u0151anyagok haszn\u00e1lat\u00e1b\u00f3l, az erd\u0151irt\u00e1sb\u00f3l \u00e9s az intenz\u00edv mez\u0151gazdas\u00e1gb\u00f3l.<\/p>\n\n\n\n<p><strong>2. A vil\u00e1g mely r\u00e9gi\u00f3i a legsebezhet\u0151bbek?<\/strong><br>Afrika, Latin-Amerika \u00e9s D\u00e9lkelet-\u00c1zsia n\u00e9z szembe a legnagyobb kock\u00e1zatokkal a mez\u0151gazdas\u00e1gt\u00f3l val\u00f3 nagyfok\u00fa f\u00fcgg\u0151s\u00e9g\u00fck \u00e9s a korl\u00e1tozott alkalmazkod\u00e1si infrastrukt\u00fara miatt.<\/p>\n\n\n\n<p><strong>3. Mit tehet egy \u00e1tlagember?<\/strong><br>Energiatakar\u00e9koss\u00e1g, m\u0171anyagfogyaszt\u00e1s cs\u00f6kkent\u00e9se, \u00fajrahasznos\u00edt\u00e1s, z\u00f6ld politik\u00e1k t\u00e1mogat\u00e1sa \u00e9s m\u00e1sokkal val\u00f3 t\u00e1j\u00e9koztat\u00f3 az \u00e9ghajlatv\u00e1ltoz\u00e1s hat\u00e1sair\u00f3l.<\/p>\n\n\n\n<p>Az egy\u00e9ni cselekedetek milli\u00f3szoros\u00e1val v\u00e1ltoz\u00e1st gener\u00e1lnak.<\/p>\n\n\n\n<p><strong>4. Mi t\u00f6rt\u00e9nik, ha nem hoznak s\u00fcrg\u0151s int\u00e9zked\u00e9seket?<\/strong><br>A h\u0151m\u00e9rs\u00e9klet 2100-ra ak\u00e1r 2,8\u00b0C-kal is emelkedhet, ami \u00f6kosziszt\u00e9ma-\u00f6sszeoml\u00e1st, \u00e9lelmiszerhi\u00e1nyt, t\u00f6meges migr\u00e1ci\u00f3t \u00e9s s\u00falyos gazdas\u00e1gi hat\u00e1sokat okozhat.<\/p>\n\n\n\n<p><strong>5. Van-e val\u00f3di rem\u00e9ny a v\u00e1ltoz\u00e1sra?<\/strong><br>Igen. Minden <a href=\"https:\/\/universofamilia.com\/hu\/los-paises-mas-avanzados-en-regulacion-de-ia-en-2025\/\">innov\u00e1ci\u00f3<\/a> <a href=\"https:\/\/universofamilia.com\/hu\/inteligencia-artificial-y-politica\/\">technikai<\/a>minden hat\u00e9kony kl\u00edmapolitika \u00e9s minden tudatos d\u00f6nt\u00e9s sz\u00e1m\u00edt.<\/p>\n\n\n\n<p>A kl\u00edmav\u00e1ltoz\u00e1s kih\u00edv\u00e1s, de egyben lehet\u0151s\u00e9g is az emberis\u00e9g \u00e9s a bolyg\u00f3 k\u00f6z\u00f6tti kapcsolat \u00fajra\u00e9rtelmez\u00e9s\u00e9re.<\/p>","protected":false},"excerpt":{"rendered":"<p>La crise clim\u00e1tica global: los impactos que ya afectan a millones se ha convertido en uno de los desaf\u00edos m\u00e1s urgentes del siglo XXI. Sequ\u00edas prolongadas, olas de calor extremo, incendios forestales, deshielos acelerados y migraciones masivas son apenas algunas de sus consecuencias visibles.Sumario: \u00bfQu\u00e9 significa realmente la Crisi clim\u00e1tica global? La Crisis clim\u00e1tica global: [&hellip;]<\/p>","protected":false},"author":219,"featured_media":10069,"comment_status":"closed","ping_status":"open","sticky":false,"template":"","format":"standard","meta":{"footnotes":""},"categories":[4],"tags":[],"yoast_head":"<!-- This site is optimized with the Yoast SEO plugin v23.3 - https:\/\/yoast.com\/wordpress\/plugins\/seo\/ -->\n<title>Crisis clim\u00e1tica global: los impactos que ya est\u00e1n afectando a millones - Universo Fam\u00edlia<\/title>\n<meta name=\"description\" content=\"La crise clim\u00e1tica global: los impactos que ya afectan a millones se ha convertido en uno de los desaf\u00edos m\u00e1s urgentes del siglo XXI.\" \/>\n<meta name=\"robots\" content=\"index, follow, max-snippet:-1, max-image-preview:large, max-video-preview:-1\" \/>\n<link rel=\"canonical\" href=\"https:\/\/universofamilia.com\/hu\/crisis-climatica-global\/\" \/>\n<meta property=\"og:locale\" content=\"hu_HU\" \/>\n<meta property=\"og:type\" content=\"article\" \/>\n<meta property=\"og:title\" content=\"Crisis clim\u00e1tica global: los impactos que ya est\u00e1n afectando a millones - Universo Fam\u00edlia\" \/>\n<meta property=\"og:description\" content=\"La crise clim\u00e1tica global: los impactos que ya afectan a millones se ha convertido en uno de los desaf\u00edos m\u00e1s urgentes del siglo XXI.\" \/>\n<meta property=\"og:url\" content=\"https:\/\/universofamilia.com\/hu\/crisis-climatica-global\/\" \/>\n<meta property=\"og:site_name\" content=\"Universo Fam\u00edlia\" \/>\n<meta property=\"article:published_time\" content=\"2025-10-13T15:28:29+00:00\" \/>\n<meta property=\"article:modified_time\" content=\"2025-10-13T21:26:17+00:00\" \/>\n<meta property=\"og:image\" content=\"http:\/\/universofamilia.com\/wp-content\/uploads\/sites\/148\/2025\/10\/Destaque-Novo-Universo.jpg\" \/>\n\t<meta property=\"og:image:width\" content=\"450\" \/>\n\t<meta property=\"og:image:height\" content=\"250\" \/>\n\t<meta property=\"og:image:type\" content=\"image\/jpeg\" \/>\n<meta name=\"author\" content=\"Matheus Sangaletti\" \/>\n<meta name=\"twitter:card\" content=\"summary_large_image\" \/>\n<meta name=\"twitter:label1\" content=\"Written by\" \/>\n\t<meta name=\"twitter:data1\" content=\"Matheus Sangaletti\" \/>\n\t<meta name=\"twitter:label2\" content=\"Est. reading time\" \/>\n\t<meta name=\"twitter:data2\" content=\"8 perc\" \/>\n<script type=\"application\/ld+json\" class=\"yoast-schema-graph\">{\"@context\":\"https:\/\/schema.org\",\"@graph\":[{\"@type\":\"WebPage\",\"@id\":\"http:\/\/universofamilia.com\/crisis-climatica-global\/\",\"url\":\"http:\/\/universofamilia.com\/crisis-climatica-global\/\",\"name\":\"Crisis clim\u00e1tica global: los impactos que ya est\u00e1n afectando a millones - Universo Fam\u00edlia\",\"isPartOf\":{\"@id\":\"https:\/\/universofamilia.com\/el\/#website\"},\"primaryImageOfPage\":{\"@id\":\"http:\/\/universofamilia.com\/crisis-climatica-global\/#primaryimage\"},\"image\":{\"@id\":\"http:\/\/universofamilia.com\/crisis-climatica-global\/#primaryimage\"},\"thumbnailUrl\":\"https:\/\/universofamilia.com\/wp-content\/uploads\/sites\/148\/2025\/10\/Destaque-Novo-Universo.jpg\",\"datePublished\":\"2025-10-13T15:28:29+00:00\",\"dateModified\":\"2025-10-13T21:26:17+00:00\",\"author\":{\"@id\":\"https:\/\/universofamilia.com\/el\/#\/schema\/person\/92fcd07e9b1f4323bf74f3170fc0f78a\"},\"description\":\"La crise clim\u00e1tica global: los impactos que ya afectan a millones se ha convertido en uno de los desaf\u00edos m\u00e1s urgentes del siglo XXI.\",\"breadcrumb\":{\"@id\":\"http:\/\/universofamilia.com\/crisis-climatica-global\/#breadcrumb\"},\"inLanguage\":\"hu\",\"potentialAction\":[{\"@type\":\"ReadAction\",\"target\":[\"http:\/\/universofamilia.com\/crisis-climatica-global\/\"]}]},{\"@type\":\"ImageObject\",\"inLanguage\":\"hu\",\"@id\":\"http:\/\/universofamilia.com\/crisis-climatica-global\/#primaryimage\",\"url\":\"https:\/\/universofamilia.com\/wp-content\/uploads\/sites\/148\/2025\/10\/Destaque-Novo-Universo.jpg\",\"contentUrl\":\"https:\/\/universofamilia.com\/wp-content\/uploads\/sites\/148\/2025\/10\/Destaque-Novo-Universo.jpg\",\"width\":450,\"height\":250},{\"@type\":\"BreadcrumbList\",\"@id\":\"http:\/\/universofamilia.com\/crisis-climatica-global\/#breadcrumb\",\"itemListElement\":[{\"@type\":\"ListItem\",\"position\":1,\"name\":\"Home\",\"item\":\"https:\/\/universofamilia.com\/el\/\"},{\"@type\":\"ListItem\",\"position\":2,\"name\":\"Crisis clim\u00e1tica global: los impactos que ya est\u00e1n afectando a millones\"}]},{\"@type\":\"WebSite\",\"@id\":\"https:\/\/universofamilia.com\/el\/#website\",\"url\":\"https:\/\/universofamilia.com\/el\/\",\"name\":\"Universo Fam\u00edlia\",\"description\":\"\",\"potentialAction\":[{\"@type\":\"SearchAction\",\"target\":{\"@type\":\"EntryPoint\",\"urlTemplate\":\"https:\/\/universofamilia.com\/el\/?s={search_term_string}\"},\"query-input\":\"required name=search_term_string\"}],\"inLanguage\":\"hu\"},{\"@type\":\"Person\",\"@id\":\"https:\/\/universofamilia.com\/el\/#\/schema\/person\/92fcd07e9b1f4323bf74f3170fc0f78a\",\"name\":\"Matheus Sangaletti\",\"image\":{\"@type\":\"ImageObject\",\"inLanguage\":\"hu\",\"@id\":\"https:\/\/universofamilia.com\/el\/#\/schema\/person\/image\/\",\"url\":\"https:\/\/secure.gravatar.com\/avatar\/280ea957a14a48e6a1ad2133d2cc27c9?s=96&d=mm&r=g\",\"contentUrl\":\"https:\/\/secure.gravatar.com\/avatar\/280ea957a14a48e6a1ad2133d2cc27c9?s=96&d=mm&r=g\",\"caption\":\"Matheus Sangaletti\"},\"url\":\"https:\/\/universofamilia.com\/hu\/author\/matheuss\/\"}]}<\/script>\n<!-- \/ Yoast SEO plugin. -->","yoast_head_json":{"title":"Crisis clim\u00e1tica global: los impactos que ya est\u00e1n afectando a millones - Universo Fam\u00edlia","description":"La crise clim\u00e1tica global: los impactos que ya afectan a millones se ha convertido en uno de los desaf\u00edos m\u00e1s urgentes del siglo XXI.","robots":{"index":"index","follow":"follow","max-snippet":"max-snippet:-1","max-image-preview":"max-image-preview:large","max-video-preview":"max-video-preview:-1"},"canonical":"https:\/\/universofamilia.com\/hu\/crisis-climatica-global\/","og_locale":"hu_HU","og_type":"article","og_title":"Crisis clim\u00e1tica global: los impactos que ya est\u00e1n afectando a millones - Universo Fam\u00edlia","og_description":"La crise clim\u00e1tica global: los impactos que ya afectan a millones se ha convertido en uno de los desaf\u00edos m\u00e1s urgentes del siglo XXI.","og_url":"https:\/\/universofamilia.com\/hu\/crisis-climatica-global\/","og_site_name":"Universo Fam\u00edlia","article_published_time":"2025-10-13T15:28:29+00:00","article_modified_time":"2025-10-13T21:26:17+00:00","og_image":[{"width":450,"height":250,"url":"http:\/\/universofamilia.com\/wp-content\/uploads\/sites\/148\/2025\/10\/Destaque-Novo-Universo.jpg","type":"image\/jpeg"}],"author":"Matheus Sangaletti","twitter_card":"summary_large_image","twitter_misc":{"Written by":"Matheus Sangaletti","Est. reading time":"8 perc"},"schema":{"@context":"https:\/\/schema.org","@graph":[{"@type":"WebPage","@id":"http:\/\/universofamilia.com\/crisis-climatica-global\/","url":"http:\/\/universofamilia.com\/crisis-climatica-global\/","name":"Crisis clim\u00e1tica global: los impactos que ya est\u00e1n afectando a millones - Universo Fam\u00edlia","isPartOf":{"@id":"https:\/\/universofamilia.com\/el\/#website"},"primaryImageOfPage":{"@id":"http:\/\/universofamilia.com\/crisis-climatica-global\/#primaryimage"},"image":{"@id":"http:\/\/universofamilia.com\/crisis-climatica-global\/#primaryimage"},"thumbnailUrl":"https:\/\/universofamilia.com\/wp-content\/uploads\/sites\/148\/2025\/10\/Destaque-Novo-Universo.jpg","datePublished":"2025-10-13T15:28:29+00:00","dateModified":"2025-10-13T21:26:17+00:00","author":{"@id":"https:\/\/universofamilia.com\/el\/#\/schema\/person\/92fcd07e9b1f4323bf74f3170fc0f78a"},"description":"La crise clim\u00e1tica global: los impactos que ya afectan a millones se ha convertido en uno de los desaf\u00edos m\u00e1s urgentes del siglo XXI.","breadcrumb":{"@id":"http:\/\/universofamilia.com\/crisis-climatica-global\/#breadcrumb"},"inLanguage":"hu","potentialAction":[{"@type":"ReadAction","target":["http:\/\/universofamilia.com\/crisis-climatica-global\/"]}]},{"@type":"ImageObject","inLanguage":"hu","@id":"http:\/\/universofamilia.com\/crisis-climatica-global\/#primaryimage","url":"https:\/\/universofamilia.com\/wp-content\/uploads\/sites\/148\/2025\/10\/Destaque-Novo-Universo.jpg","contentUrl":"https:\/\/universofamilia.com\/wp-content\/uploads\/sites\/148\/2025\/10\/Destaque-Novo-Universo.jpg","width":450,"height":250},{"@type":"BreadcrumbList","@id":"http:\/\/universofamilia.com\/crisis-climatica-global\/#breadcrumb","itemListElement":[{"@type":"ListItem","position":1,"name":"Home","item":"https:\/\/universofamilia.com\/el\/"},{"@type":"ListItem","position":2,"name":"Crisis clim\u00e1tica global: los impactos que ya est\u00e1n afectando a millones"}]},{"@type":"WebSite","@id":"https:\/\/universofamilia.com\/el\/#website","url":"https:\/\/universofamilia.com\/el\/","name":"Universo Fam\u00edlia","description":"","potentialAction":[{"@type":"SearchAction","target":{"@type":"EntryPoint","urlTemplate":"https:\/\/universofamilia.com\/el\/?s={search_term_string}"},"query-input":"required name=search_term_string"}],"inLanguage":"hu"},{"@type":"Person","@id":"https:\/\/universofamilia.com\/el\/#\/schema\/person\/92fcd07e9b1f4323bf74f3170fc0f78a","name":"Matheus Sangaletti","image":{"@type":"ImageObject","inLanguage":"hu","@id":"https:\/\/universofamilia.com\/el\/#\/schema\/person\/image\/","url":"https:\/\/secure.gravatar.com\/avatar\/280ea957a14a48e6a1ad2133d2cc27c9?s=96&d=mm&r=g","contentUrl":"https:\/\/secure.gravatar.com\/avatar\/280ea957a14a48e6a1ad2133d2cc27c9?s=96&d=mm&r=g","caption":"Matheus Sangaletti"},"url":"https:\/\/universofamilia.com\/hu\/author\/matheuss\/"}]}},"_links":{"self":[{"href":"https:\/\/universofamilia.com\/hu\/wp-json\/wp\/v2\/posts\/10068"}],"collection":[{"href":"https:\/\/universofamilia.com\/hu\/wp-json\/wp\/v2\/posts"}],"about":[{"href":"https:\/\/universofamilia.com\/hu\/wp-json\/wp\/v2\/types\/post"}],"author":[{"embeddable":true,"href":"https:\/\/universofamilia.com\/hu\/wp-json\/wp\/v2\/users\/219"}],"replies":[{"embeddable":true,"href":"https:\/\/universofamilia.com\/hu\/wp-json\/wp\/v2\/comments?post=10068"}],"version-history":[{"count":2,"href":"https:\/\/universofamilia.com\/hu\/wp-json\/wp\/v2\/posts\/10068\/revisions"}],"predecessor-version":[{"id":10122,"href":"https:\/\/universofamilia.com\/hu\/wp-json\/wp\/v2\/posts\/10068\/revisions\/10122"}],"wp:featuredmedia":[{"embeddable":true,"href":"https:\/\/universofamilia.com\/hu\/wp-json\/wp\/v2\/media\/10069"}],"wp:attachment":[{"href":"https:\/\/universofamilia.com\/hu\/wp-json\/wp\/v2\/media?parent=10068"}],"wp:term":[{"taxonomy":"category","embeddable":true,"href":"https:\/\/universofamilia.com\/hu\/wp-json\/wp\/v2\/categories?post=10068"},{"taxonomy":"post_tag","embeddable":true,"href":"https:\/\/universofamilia.com\/hu\/wp-json\/wp\/v2\/tags?post=10068"}],"curies":[{"name":"wp","href":"https:\/\/api.w.org\/{rel}","templated":true}]}}