{"id":10073,"date":"2025-10-13T12:50:28","date_gmt":"2025-10-13T15:50:28","guid":{"rendered":"https:\/\/universofamilia.com\/?p=10073"},"modified":"2025-10-16T15:40:53","modified_gmt":"2025-10-16T18:40:53","slug":"ambiental","status":"publish","type":"post","link":"https:\/\/universofamilia.com\/hu\/ambiental\/","title":{"rendered":"10 fenntarthat\u00f3 int\u00e9zked\u00e9s a k\u00f6rnyezeti v\u00e1ls\u00e1g cs\u00f6kkent\u00e9s\u00e9re"},"content":{"rendered":"<p class=\"has-text-align-center\">A <strong>10 fenntarthat\u00f3 int\u00e9zked\u00e9s a k\u00f6rnyezeti v\u00e1ls\u00e1g hat\u00e1sainak cs\u00f6kkent\u00e9s\u00e9re<\/strong> s\u00fcrget\u0151 priorit\u00e1ss\u00e1 v\u00e1ltak az emberis\u00e9g sz\u00e1m\u00e1ra.<\/p>\n\n\n\n<figure class=\"wp-block-gallery aligncenter has-nested-images columns-default is-cropped wp-block-gallery-1 is-layout-flex wp-block-gallery-is-layout-flex\">\n<figure class=\"wp-block-image size-full\"><img loading=\"lazy\" decoding=\"async\" width=\"450\" height=\"250\" data-id=\"10075\" src=\"https:\/\/universofamilia.com\/wp-content\/uploads\/sites\/148\/2025\/10\/Destaque-Novo-Universo-2-1.jpg\" alt=\"\" class=\"wp-image-10075\" srcset=\"https:\/\/universofamilia.com\/wp-content\/uploads\/sites\/148\/2025\/10\/Destaque-Novo-Universo-2-1.jpg 450w, https:\/\/universofamilia.com\/wp-content\/uploads\/sites\/148\/2025\/10\/Destaque-Novo-Universo-2-1-300x167.jpg 300w, https:\/\/universofamilia.com\/wp-content\/uploads\/sites\/148\/2025\/10\/Destaque-Novo-Universo-2-1-18x10.jpg 18w\" sizes=\"(max-width: 450px) 100vw, 450px\" \/><figcaption class=\"wp-element-caption\">CANVA<\/figcaption><\/figure>\n<\/figure>\n\n\n\n<p>A k\u00f6rnyezetk\u00e1rosod\u00e1s, a biol\u00f3giai sokf\u00e9les\u00e9g cs\u00f6kken\u00e9se \u00e9s az \u00e9ghajlatv\u00e1ltoz\u00e1s m\u00e1r nem a j\u00f6v\u0151 probl\u00e9m\u00e1i; hat\u00e1saik emberek milli\u00f3inak mindennapi \u00e9let\u00e9t befoly\u00e1solj\u00e1k Mexik\u00f3ban \u00e9s vil\u00e1gszerte.<\/p>\n\n\n\n<p>Az elh\u00faz\u00f3d\u00f3 asz\u00e1lyokt\u00f3l a sz\u00e9ls\u0151s\u00e9ges h\u0151hull\u00e1mokig a k\u00f6rnyezeti v\u00e1ls\u00e1g jelei egyre l\u00e1that\u00f3bbak v\u00e1rosainkban \u00e9s vid\u00e9keinken.<\/p>\n\n\n\n<p>A fenntarthat\u00f3 szok\u00e1sok elsaj\u00e1t\u00edt\u00e1sa nemcsak a bolyg\u00f3t v\u00e9di, hanem jav\u00edtja az \u00e9letmin\u0151s\u00e9get, er\u0151s\u00edti a helyi gazdas\u00e1gokat \u00e9s cs\u00f6kkenti az eg\u00e9szs\u00e9g\u00fcgyi kock\u00e1zatokat.<\/p>\n\n\n\n<p>Ez a cikk egy gyakorlatias \u00e9s megalapozott megk\u00f6zel\u00edt\u00e9st k\u00edn\u00e1l, bemutatva, hogy az egy\u00e9ni \u00e9s kollekt\u00edv d\u00f6nt\u00e9sek hogyan hozhatnak v\u00e1ltoz\u00e1st.<\/p>\n\n\n\n<p><strong>\u00d6sszefoglal\u00e1s:<\/strong><\/p>\n\n\n\n<ol>\n<li>A fenntarthat\u00f3s\u00e1g s\u00fcrg\u0151ss\u00e9ge 2025-ben<\/li>\n\n\n\n<li>A 10 legfontosabb fenntarthat\u00f3s\u00e1gi int\u00e9zked\u00e9s \u00e9s azok alkalmaz\u00e1sa<\/li>\n\n\n\n<li>A megval\u00f3s\u00edt\u00e1s jelenlegi \u00e9s val\u00f3s p\u00e9ld\u00e1i<\/li>\n\n\n\n<li>A fenntarthat\u00f3s\u00e1g gazdas\u00e1gi, t\u00e1rsadalmi \u00e9s k\u00f6rnyezeti el\u0151nyei<\/li>\n\n\n\n<li>Hogyan lehet ezeket a tev\u00e9kenys\u00e9geket hat\u00e9konyan be\u00e9p\u00edteni a mindennapi \u00e9letbe<\/li>\n\n\n\n<li>K\u00f6vetkeztet\u00e9s \u00e9s GYIK<\/li>\n<\/ol>\n\n\n\n<h3 class=\"wp-block-heading\"><strong>A fenntarthat\u00f3s\u00e1g s\u00fcrg\u0151ss\u00e9ge 2025-ben<\/strong><\/h3>\n\n\n\n<p>A k\u00f6rnyezetk\u00e1rosod\u00e1s \u00fcteme riaszt\u00f3 m\u00e9reteket \u00f6lt\u00f6tt. A ... szerint <em>2024. \u00e9vi glob\u00e1lis k\u00f6rnyezeti \u00e1llapotjelent\u00e9s<\/em> az ENSZ-nek, <strong>A sz\u00e1razf\u00f6ldi \u00f6kosziszt\u00e9m\u00e1k t\u00f6bb mint 75%-a jelent\u0151sen megv\u00e1ltozott<\/strong>, \u00e9s az \u00f3ce\u00e1nok t\u00f6rt\u00e9nelmi szint\u0171 m\u0171anyag- \u00e9s CO\u2082-szennyez\u00e9st tapasztalnak.<\/p>\n\n\n\n<p>Tov\u00e1bb\u00e1 az el\u0151rejelz\u00e9sek szerint a glob\u00e1lis h\u0151m\u00e9rs\u00e9klet \u00e1tlagosan 1,5\u00b0C-kal emelkedik 2030 v\u00e9g\u00e9re azonnali int\u00e9zked\u00e9sek n\u00e9lk\u00fcl.<\/p>\n\n\n\n<p>Hogy jobban meg\u00e9rts\u00fck ezt, k\u00e9pzelj\u00fck el a bolyg\u00f3t \u00e9l\u0151 szervezetk\u00e9nt: minden emberi cselekedet lehet gy\u00f3gyszer vagy m\u00e9reg.<\/p>\n\n\n\n<p>A t\u00falzott kibocs\u00e1t\u00e1s, az erd\u0151irt\u00e1s \u00e9s a f\u00e9ktelen fogyaszt\u00e1s gyeng\u00edti l\u00e9tfontoss\u00e1g\u00fa rendszereiket, ami hat\u00e1ssal van az eg\u00e9szs\u00e9gre, az \u00e9lelmez\u00e9sbiztons\u00e1gra \u00e9s a gazdas\u00e1gi stabilit\u00e1sra.<\/p>\n\n\n\n<p>A fenntarthat\u00f3s\u00e1g nem csup\u00e1n ide\u00e1l, hanem t\u00fal\u00e9l\u00e9si strat\u00e9gia is.<\/p>\n\n\n\n<p>Mexik\u00f3ban a hat\u00e1sok k\u00e9zzelfoghat\u00f3ak:<\/p>\n\n\n\n<ul>\n<li>Mexik\u00f3v\u00e1ros \u00e9s Monterrey 40\u00b0C feletti h\u0151m\u00e9rs\u00e9klettel k\u00fczd\u0151 h\u0151hull\u00e1mokkal n\u00e9z szembe, ami lakosok milli\u00f3it \u00e9rinti.<\/li>\n\n\n\n<li>Oaxac\u00e1ban \u00e9s Chiapasban a mez\u0151gazdas\u00e1g ak\u00e1r 20%-os term\u00e9skies\u00e9ssel is szembes\u00fclhet az elh\u00faz\u00f3d\u00f3 asz\u00e1lyok \u00e9s a csapad\u00e9kmennyis\u00e9g v\u00e1ltoz\u00e1sai miatt.<\/li>\n\n\n\n<li>Az ipari v\u00e1rosokban a l\u00e9gszennyez\u00e9s l\u00e9g\u00fati megbeteged\u00e9seket okoz, amelyek k\u00fcl\u00f6n\u00f6sen a gyermekeket \u00e9s az id\u0151sebb feln\u0151tteket \u00e9rintik.<\/li>\n<\/ul>\n\n\n\n<p>Szembes\u00fclve ezzel a val\u00f3s\u00e1ggal, a <strong>10 fenntarthat\u00f3 int\u00e9zked\u00e9s a k\u00f6rnyezeti v\u00e1ls\u00e1g hat\u00e1sainak cs\u00f6kkent\u00e9s\u00e9re<\/strong> Nem opcion\u00e1lisak; sz\u00fcks\u00e9gesek az \u00e9let \u00e9s az \u00f6kosziszt\u00e9m\u00e1k v\u00e9delme \u00e9rdek\u00e9ben.<\/p>\n\n\n\n<h3 class=\"wp-block-heading\"><strong>10 fenntarthat\u00f3 int\u00e9zked\u00e9s a k\u00f6rnyezeti v\u00e1ls\u00e1g hat\u00e1sainak cs\u00f6kkent\u00e9s\u00e9re<\/strong><\/h3>\n\n\n\n<p>Az al\u00e1bbiakban konkr\u00e9t strat\u00e9gi\u00e1kat ismertet\u00fcnk, friss\u00edtett inform\u00e1ci\u00f3kkal, val\u00f3s p\u00e9ld\u00e1kkal \u00e9s gyakorlati aj\u00e1nl\u00e1sokkal a mindennapi \u00e9letbe val\u00f3 integr\u00e1l\u00e1sukhoz.<\/p>\n\n\n\n<h4 class=\"wp-block-heading\"><strong>Cs\u00f6kkentse az energiafogyaszt\u00e1st<\/strong><\/h4>\n\n\n\n<p>A t\u00falzott energiafogyaszt\u00e1s jelent\u0151sen hozz\u00e1j\u00e1rul a CO\u2082-kibocs\u00e1t\u00e1shoz.<\/p>\n\n\n\n<p>Apr\u00f3 tettekkel, mint p\u00e9ld\u00e1ul az izz\u00f3l\u00e1mp\u00e1k LED-ekre cser\u00e9l\u00e9se, a haszn\u00e1laton k\u00edv\u00fcli k\u00e9sz\u00fcl\u00e9kek kih\u00faz\u00e1sa a konnektorb\u00f3l, \u00e9s az energiatakar\u00e9kos k\u00e9sz\u00fcl\u00e9kek v\u00e1laszt\u00e1sa, jelent\u0151sen cs\u00f6kkenthetj\u00fck otthonunk sz\u00e9nl\u00e1bnyom\u00e1t.<\/p>\n\n\n\n<p>Mexik\u00f3v\u00e1rosban az energiahat\u00e9konys\u00e1gi programok t\u00f6bb mint ...-t tettek lehet\u0151v\u00e9. <strong>500 000 h\u00e1ztart\u00e1s<\/strong> \u00e1tlagosan \u00e9vi 15 x 3 tonn\u00e1val cs\u00f6kkenthetik \u00e1ramfogyaszt\u00e1sukat, ami gazdas\u00e1gi megtakar\u00edt\u00e1st eredm\u00e9nyez \u00e9s cs\u00f6kkenti a szennyez\u00e9st.<\/p>\n\n\n\n<h4 class=\"wp-block-heading\"><strong>Fenntarthat\u00f3 mobilit\u00e1s<\/strong><\/h4>\n\n\n\n<p>A t\u00f6megk\u00f6zleked\u00e9s, a ker\u00e9kp\u00e1r vagy az elektromos j\u00e1rm\u0171vek haszn\u00e1lata nemcsak a szennyez\u0151 anyagok kibocs\u00e1t\u00e1s\u00e1t cs\u00f6kkenti, hanem jav\u00edtja a v\u00e1rosi \u00e9let min\u0151s\u00e9g\u00e9t is.<\/p>\n\n\n\n<p>Olyan v\u00e1rosok, mint Guadalajara \u00e9s Monterrey, ker\u00e9kp\u00e1rutakat \u00e9s elektromos k\u00f6zleked\u00e9si rendszereket vezettek be, amelyek naponta t\u00f6bb mint 1,5 milli\u00f3 ember sz\u00e1m\u00e1ra el\u0151ny\u00f6sek.<\/p>\n\n\n\n<p>Ezenk\u00edv\u00fcl a fenntarthat\u00f3 mobilit\u00e1s cs\u00f6kkenti a forgalmat, a balesetek sz\u00e1m\u00e1t \u00e9s eg\u00e9szs\u00e9ges szok\u00e1sokat n\u00e9pszer\u0171s\u00edt.<\/p>\n\n\n\n<p>El tudsz k\u00e9pzelni egy olyan napot az \u00e9letedben, amikor a gyalogl\u00e1s vagy a ker\u00e9kp\u00e1roz\u00e1s a kiv\u00e9tel helyett a norm\u00e1v\u00e1 v\u00e1lik?<\/p>\n\n\n\n<h4 class=\"wp-block-heading\"><strong>Tudatos \u00e9tkez\u00e9s<\/strong><\/h4>\n\n\n\n<p>Az \u00e9lelmiszertermel\u00e9s, k\u00fcl\u00f6n\u00f6sen a h\u00fas- \u00e9s tejterm\u00e9kek, a glob\u00e1lis \u00fcvegh\u00e1zhat\u00e1s\u00fa g\u00e1zok kibocs\u00e1t\u00e1s\u00e1nak k\u00f6r\u00fclbel\u00fcl 25 %-j\u00e1\u00e9rt felel\u0151s.<\/p>\n\n\n\n<p>A h\u00fasfogyaszt\u00e1s cs\u00f6kkent\u00e9se, a helyi \u00e9s szezon\u00e1lis term\u00e9kek el\u0151nyben r\u00e9szes\u00edt\u00e9se, valamint a z\u00f6lds\u00e9gtermeszt\u00e9s el\u0151nyben r\u00e9szes\u00edt\u00e9se seg\u00edt cs\u00f6kkenteni az \u00f6kosziszt\u00e9m\u00e1kra nehezed\u0151 nyom\u00e1st \u00e9s er\u0151s\u00edti a k\u00f6z\u00f6ss\u00e9gi gazdas\u00e1gokat.<\/p>\n\n\n\n<p>Michoac\u00e1nban a helyi gazd\u00e1k diverzifik\u00e1lt n\u00f6v\u00e9nyeket \u00e9s biogazd\u00e1lkod\u00e1si technik\u00e1kat alkalmaztak, 30%-kal n\u00f6velve a z\u00f6lds\u00e9gtermel\u00e9st \u00e9s cs\u00f6kkentve a k\u00e9miai n\u00f6v\u00e9nyv\u00e9d\u0151 szerek haszn\u00e1lat\u00e1t.<\/p>\n\n\n\n<h4 class=\"wp-block-heading\"><strong>Felel\u0151s v\u00edzgazd\u00e1lkod\u00e1s<\/strong><\/h4>\n\n\n\n<p>A v\u00edz korl\u00e1tozott er\u0151forr\u00e1s, \u00e9s hat\u00e9kony kezel\u00e9se kritikus fontoss\u00e1g\u00fa. A v\u00edztakar\u00e9kos eszk\u00f6z\u00f6k telep\u00edt\u00e9se, az es\u0151v\u00edz gy\u0171jt\u00e9se \u00e9s a sziv\u00e1rg\u00e1sok jav\u00edt\u00e1sa alapvet\u0151, de hat\u00e9kony int\u00e9zked\u00e9sek.<\/p>\n\n\n\n<p>Oaxac\u00e1ban a vid\u00e9ki k\u00f6z\u00f6ss\u00e9geknek siker\u00fclt helyre\u00e1ll\u00edtaniuk a helyi v\u00edztart\u00f3 r\u00e9tegeket es\u0151v\u00edzgy\u0171jt\u0151 rendszerek \u00e9s k\u00f6z\u00f6ss\u00e9gi oktat\u00e1s r\u00e9v\u00e9n, jav\u00edtva az iv\u00f3v\u00edz el\u00e9rhet\u0151s\u00e9g\u00e9t \u00e9s biztos\u00edtva a mez\u0151gazdas\u00e1gi folytonoss\u00e1got.<\/p>\n\n\n\n<h4 class=\"wp-block-heading\"><strong>Hullad\u00e9kcs\u00f6kkent\u00e9s \u00e9s \u00fajrahasznos\u00edt\u00e1s<\/strong><\/h4>\n\n\n\n<p>A szem\u00e9t sz\u00e9tv\u00e1laszt\u00e1sa, a szerves hullad\u00e9k komposzt\u00e1l\u00e1sa \u00e9s az anyagok \u00fajrafelhaszn\u00e1l\u00e1sa megakad\u00e1lyozza, hogy rengeteg hullad\u00e9k a hullad\u00e9klerak\u00f3kba \u00e9s az \u00f3ce\u00e1nokba ker\u00fclj\u00f6n.<\/p>\n\n\n\n<p>A szerint <em>K\u00f6rnyezetv\u00e9delmi \u00e9s Term\u00e9szeti Er\u0151forr\u00e1sok Titk\u00e1rs\u00e1ga (SEMARNAT)<\/em>Mexik\u00f3 t\u00f6bb mint ...-t termel <strong>45 milli\u00f3 tonna szil\u00e1rd hullad\u00e9k \u00e9vente<\/strong>, amelynek csak 12%-\u00e1t hasznos\u00edtj\u00e1k \u00fajra. A szelekt\u00edv hullad\u00e9kgy\u0171jt\u00e9sre \u00e9s komposzt\u00e1l\u00e1sra vonatkoz\u00f3 politik\u00e1k bevezet\u00e9se megford\u00edthatja ezt a tendenci\u00e1t.<\/p>\n\n\n\n<h4 class=\"wp-block-heading\"><strong>Meg\u00fajul\u00f3 energi\u00e1k<\/strong><\/h4>\n\n\n\n<p>Az energetikai \u00e1t\u00e1ll\u00e1s kulcsfontoss\u00e1g\u00fa a fosszilis t\u00fczel\u0151anyagokt\u00f3l val\u00f3 f\u00fcgg\u0151s\u00e9g cs\u00f6kkent\u00e9se \u00e9rdek\u00e9ben.<\/p>\n\n\n\n<p>A napelemek, a kis sz\u00e9lturbin\u00e1k \u00e9s a hat\u00e9kony f\u0171t\u00e9si rendszerek telep\u00edt\u00e9se jelent\u0151sen hozz\u00e1j\u00e1rul a kibocs\u00e1t\u00e1sok cs\u00f6kkent\u00e9s\u00e9hez.<\/p>\n\n\n\n<p>2024-ben Mexik\u00f3 Sonor\u00e1ban felavatta Latin-Amerika egyik legnagyobb napelemparkj\u00e1t, amely t\u00f6bb mint egymilli\u00f3 otthon ell\u00e1t\u00e1s\u00e1ra k\u00e9pes, \u00e9s t\u00f6bb mint ... kibocs\u00e1t\u00e1s\u00e1nak elker\u00fcl\u00e9s\u00e9re. <strong>400 000 tonna CO\u2082<\/strong> \u00e9vi.<\/p>\n\n\n\n<h4 class=\"wp-block-heading\"><strong>Z\u00f6ldter\u00fcletek erd\u0151fel\u00faj\u00edt\u00e1sa \u00e9s gondoz\u00e1sa<\/strong><\/h4>\n\n\n\n<p>Az erd\u0151k \u00e9s a z\u00f6ldter\u00fcletek szab\u00e1lyozz\u00e1k az \u00e9ghajlatot, megk\u00f6tik a sz\u00e9n-dioxidot \u00e9s v\u00e9dik a biol\u00f3giai sokf\u00e9les\u00e9get.<\/p>\n\n\n\n<p>A f\u00e1k \u00fcltet\u00e9se \u00e9s a megl\u00e9v\u0151 erd\u0151k meg\u0151rz\u00e9se k\u00f6zvetlen fell\u00e9p\u00e9s a k\u00f6rnyezetk\u00e1rosod\u00e1s ellen.<\/p>\n\n\n\n<p>Egy chiapasi projekt keret\u00e9ben 2022 \u00f3ta t\u00f6bb mint 1 milli\u00f3 f\u00e1t \u00fcltettek erd\u0151irt\u00e1sos ter\u00fcleteken, helyre\u00e1ll\u00edtva az \u0151shonos fajok \u00e9l\u0151helyeit \u00e9s jav\u00edtva a k\u00f6zeli k\u00f6z\u00f6ss\u00e9gek leveg\u0151min\u0151s\u00e9g\u00e9t.<\/p>\n\n\n\n<h4 class=\"wp-block-heading\"><strong>Felel\u0151s fogyaszt\u00e1s<\/strong><\/h4>\n\n\n\n<p>A tart\u00f3s term\u00e9kek v\u00e1laszt\u00e1sa, a t\u00falzott csomagol\u00e1s elker\u00fcl\u00e9se \u00e9s a fenntarthat\u00f3 m\u00e1rk\u00e1k el\u0151nyben r\u00e9szes\u00edt\u00e9se azt az \u00fczenetet k\u00fcldi a piacnak, hogy a fenntarthat\u00f3s\u00e1g j\u00f6vedelmez\u0151, \u00e9s a fogyaszt\u00f3k keresik.<\/p>\n\n\n\n<p>A tudatos v\u00e1s\u00e1rl\u00e1s a hullad\u00e9k cs\u00f6kkent\u00e9s\u00e9n is seg\u00edt, \u00e9s el\u0151seg\u00edti a k\u00f6rforg\u00e1sos gazdas\u00e1got.<\/p>\n\n\n\n<h4 class=\"wp-block-heading\"><strong>K\u00f6rnyezeti nevel\u00e9s<\/strong><\/h4>\n\n\n\n<p>A k\u00f6rnyezeti hat\u00e1sokkal kapcsolatos ismeretek terjeszt\u00e9se az iskol\u00e1kt\u00f3l a k\u00f6z\u00f6ss\u00e9gekig n\u00f6veli a tudatoss\u00e1got \u00e9s kollekt\u00edv cselekv\u00e9sre \u00f6szt\u00f6n\u00f6z.<\/p>\n\n\n\n<p>A workshopok, az oktat\u00e1si kamp\u00e1nyok \u00e9s a k\u00f6z\u00f6ss\u00e9gi m\u00e9dia elengedhetetlen eszk\u00f6z\u00f6k az egy\u00e9ni cselekv\u00e9sek hat\u00e1s\u00e1nak megsokszoroz\u00e1s\u00e1hoz.<\/p>\n\n\n\n<h4 class=\"wp-block-heading\"><strong>\u00c1llampolg\u00e1rs\u00e1g \u00e9s politikai r\u00e9szv\u00e9tel<\/strong><\/h4>\n\n\n\n<p>A z\u00f6ld politik\u00e1kra szavaz\u00e1s, a helyi kezdem\u00e9nyez\u00e9sek t\u00e1mogat\u00e1sa, valamint a v\u00e1llalkoz\u00e1sok \u00e9s korm\u00e1nyok elsz\u00e1moltathat\u00f3s\u00e1ga biztos\u00edtja, hogy a strat\u00e9giai d\u00f6nt\u00e9sek a fenntarthat\u00f3s\u00e1got helyezz\u00e9k el\u0151t\u00e9rbe.<\/p>\n\n\n\n<p>A t\u00e1rsadalmi nyom\u00e1s felgyors\u00edthatja a tiszta energia, az \u00fajrahasznos\u00edt\u00e1si t\u00f6rv\u00e9nyek \u00e9s a k\u00f6rnyezetv\u00e9delmi programok bevezet\u00e9s\u00e9t.<\/p>\n\n\n\n<h3 class=\"wp-block-heading\"><strong>A megval\u00f3s\u00edt\u00e1s jelenlegi \u00e9s val\u00f3s p\u00e9ld\u00e1i<\/strong><\/h3>\n\n\n\n<p><strong>1. p\u00e9lda:<\/strong> Quer\u00e9tar\u00f3ban egy mez\u0151gazdas\u00e1gi sz\u00f6vetkezet 2024-ben vezetett be regenerat\u00edv gazd\u00e1lkod\u00e1si technik\u00e1kat.<\/p>\n\n\n\n<p>Ez 20%-kal n\u00f6velte a kukorica- \u00e9s babhozamot, jav\u00edtotta a helyi biodiverzit\u00e1st \u00e9s cs\u00f6kkentette a talajer\u00f3zi\u00f3t, ami azt mutatja, hogy a fenntarthat\u00f3s\u00e1g lehet j\u00f6vedelmez\u0151 \u00e9s hat\u00e9kony is.<\/p>\n\n\n\n<p><strong>2. p\u00e9lda:<\/strong> Guadalajar\u00e1ban az elektromos k\u00f6zleked\u00e9s \u00e9s a ker\u00e9kp\u00e1rutak bevezet\u00e9se kevesebb mint h\u00e1rom \u00e9v alatt 35%-kal n\u00f6velte a fenntarthat\u00f3 mobilit\u00e1st, cs\u00f6kkentve a v\u00e1rosi szennyez\u00e9st \u00e9s jav\u00edtva a polg\u00e1rok eg\u00e9szs\u00e9g\u00e9t.<\/p>\n\n\n\n<p>Ezek a p\u00e9ld\u00e1k meger\u0151s\u00edtik, hogy a <strong>10 fenntarthat\u00f3 int\u00e9zked\u00e9s a k\u00f6rnyezeti v\u00e1ls\u00e1g hat\u00e1sainak cs\u00f6kkent\u00e9s\u00e9re<\/strong> Ezek nem ut\u00f3pi\u00e1k; ezek \u00e9letk\u00e9pes strat\u00e9gi\u00e1k, ellen\u0151rizhet\u0151 eredm\u00e9nyekkel.<\/p>\n\n\n\n<h3 class=\"wp-block-heading\"><strong>A fenntarthat\u00f3s\u00e1g gazdas\u00e1gi, t\u00e1rsadalmi \u00e9s k\u00f6rnyezeti el\u0151nyei<\/strong><\/h3>\n\n\n\n<p>A fenntarthat\u00f3 gyakorlatok alkalmaz\u00e1sa sz\u00e1mos el\u0151nnyel j\u00e1r:<\/p>\n\n\n\n<ul>\n<li><strong>Gazdas\u00e1gos:<\/strong> energia- \u00e9s v\u00edzmegtakar\u00edt\u00e1s, z\u00f6ld munkahelyek teremt\u00e9se, valamint a helyi gazdas\u00e1gok er\u0151s\u00edt\u00e9se.<\/li>\n\n\n\n<li><strong>Szoci\u00e1lis:<\/strong> ellen\u00e1ll\u00f3bb k\u00f6z\u00f6ss\u00e9gek, kisebb kitetts\u00e9g a k\u00f6rnyezeti betegs\u00e9geknek \u00e9s nagyobb t\u00e1rsadalmi koh\u00e9zi\u00f3.<\/li>\n\n\n\n<li><strong>K\u00f6rnyezeti:<\/strong> kibocs\u00e1t\u00e1scs\u00f6kkent\u00e9s, biol\u00f3giai sokf\u00e9les\u00e9g meg\u0151rz\u00e9se \u00e9s az \u00e9ghajlatv\u00e1ltoz\u00e1s m\u00e9rs\u00e9kl\u00e9se.<\/li>\n<\/ul>\n\n\n\n<figure class=\"wp-block-table\"><table><thead><tr><th>Fenntarthat\u00f3 cselekv\u00e9s<\/th><th>F\u0151 el\u0151ny<\/th><th>P\u00e9lda Mexik\u00f3ban<\/th><\/tr><\/thead><tbody><tr><td>Energiacs\u00f6kkent\u00e9s<\/td><td>Kisebb sz\u00e9nl\u00e1bnyom<\/td><td>LED-izz\u00f3k a v\u00e1rosi otthonokban<\/td><\/tr><tr><td>Fenntarthat\u00f3 mobilit\u00e1s<\/td><td>Tiszt\u00e1bb leveg\u0151<\/td><td>Ker\u00e9kp\u00e1rutak \u00e9s elektromos k\u00f6zleked\u00e9s<\/td><\/tr><tr><td>Tudatos \u00e9tkez\u00e9s<\/td><td>Kevesebb mez\u0151gazdas\u00e1gi kibocs\u00e1t\u00e1s<\/td><td>Helyi mez\u0151gazdas\u00e1g \u00e9s h\u00fcvelyesek fogyaszt\u00e1sa<\/td><\/tr><tr><td>V\u00edzgazd\u00e1lkod\u00e1s<\/td><td>V\u00edzell\u00e1t\u00e1s<\/td><td>Es\u0151v\u00edzgy\u0171jt\u00e9s Oaxac\u00e1ban<\/td><\/tr><tr><td>Erd\u0151telep\u00edt\u00e9s<\/td><td>Biodiverzit\u00e1s meg\u0151rz\u00e9se<\/td><td>Fa\u00fcltet\u00e9s Chiapasban<\/td><\/tr><\/tbody><\/table><figcaption class=\"wp-element-caption\">10 fenntarthat\u00f3 int\u00e9zked\u00e9s a k\u00f6rnyezeti v\u00e1ls\u00e1g hat\u00e1sainak cs\u00f6kkent\u00e9s\u00e9re<\/figcaption><\/figure>\n\n\n\n<figure class=\"wp-block-gallery aligncenter has-nested-images columns-default is-cropped wp-block-gallery-2 is-layout-flex wp-block-gallery-is-layout-flex\">\n<figure class=\"wp-block-image size-full\"><img loading=\"lazy\" decoding=\"async\" width=\"450\" height=\"250\" data-id=\"10076\" src=\"https:\/\/universofamilia.com\/wp-content\/uploads\/sites\/148\/2025\/10\/Destaque-Novo-Universo-4.jpg\" alt=\"\" class=\"wp-image-10076\" srcset=\"https:\/\/universofamilia.com\/wp-content\/uploads\/sites\/148\/2025\/10\/Destaque-Novo-Universo-4.jpg 450w, https:\/\/universofamilia.com\/wp-content\/uploads\/sites\/148\/2025\/10\/Destaque-Novo-Universo-4-300x167.jpg 300w, https:\/\/universofamilia.com\/wp-content\/uploads\/sites\/148\/2025\/10\/Destaque-Novo-Universo-4-18x10.jpg 18w\" sizes=\"(max-width: 450px) 100vw, 450px\" \/><figcaption class=\"wp-element-caption\">CANVA<\/figcaption><\/figure>\n<\/figure>\n\n\n\n<p>B\u0151vebben:&nbsp;<a href=\"https:\/\/universofamilia.com\/hu\/crisis-climatica-global\/\">Glob\u00e1lis kl\u00edmav\u00e1ls\u00e1g: a hat\u00e1sok m\u00e1r milli\u00f3kat \u00e9rintenek<\/a><\/p>\n\n\n\n<h3 class=\"wp-block-heading\"><strong>Hogyan lehet ezeket a tev\u00e9kenys\u00e9geket be\u00e9p\u00edteni a mindennapi \u00e9letbe<\/strong><\/h3>\n\n\n\n<p>Ezen tev\u00e9kenys\u00e9gek integr\u00e1l\u00e1sa elk\u00f6telezetts\u00e9get \u00e9s k\u00f6vetkezetess\u00e9get ig\u00e9nyel. A k\u00f6vetkez\u0151ket teheti:<\/p>\n\n\n\n<ul>\n<li>Tekints\u00fck \u00e1t az energiafogyaszt\u00e1si szok\u00e1sainkat \u00e9s cs\u00f6kkents\u00fck a hullad\u00e9kot.<\/li>\n\n\n\n<li>V\u00e1lassz fenntarthat\u00f3 k\u00f6zleked\u00e9si m\u00f3dokat, \u00e9s amikor csak lehets\u00e9ges, gyalogolj.<\/li>\n\n\n\n<li>V\u00e1s\u00e1rolj helyi \u00e9s szezon\u00e1lis term\u00e9keket, cs\u00f6kkentve ezzel a k\u00e1rosanyag-kibocs\u00e1t\u00e1st \u00e9s t\u00e1mogatva a termel\u0151ket.<\/li>\n\n\n\n<li>Vegyen r\u00e9szt k\u00f6z\u00f6ss\u00e9gi \u00fajrahasznos\u00edt\u00e1si \u00e9s erd\u0151telep\u00edt\u00e9si programokban.<\/li>\n\n\n\n<li>Oktasd a csal\u00e1dodat \u00e9s a bar\u00e1taidat, megsokszorozva tetteid hat\u00e1s\u00e1t.<\/li>\n<\/ul>\n\n\n\n<p>K\u00e9rdezd meg magadt\u00f3l: <strong>Mi t\u00f6rt\u00e9nne, ha emberek milli\u00f3i egyszerre vezetn\u00e9k be ezeket az int\u00e9zked\u00e9seket?<\/strong> A v\u00e1lasz j\u00f3l mutatja a kollekt\u00edv fell\u00e9p\u00e9s erej\u00e9t a kl\u00edmav\u00e1ltoz\u00e1s elleni k\u00fczdelemben.<\/p>\n\n\n\n<h3 class=\"wp-block-heading\"><strong>K\u00f6vetkeztet\u00e9s<\/strong><\/h3>\n\n\n\n<p>V\u00e9gezze el a <strong>10 fenntarthat\u00f3 int\u00e9zked\u00e9s a k\u00f6rnyezeti v\u00e1ls\u00e1g hat\u00e1sainak cs\u00f6kkent\u00e9s\u00e9re<\/strong> Ez nemcsak k\u00f6rnyezetv\u00e9delmi k\u00f6telezetts\u00e9g, hanem befektet\u00e9s a j\u00f6v\u0151nkbe.<\/p>\n\n\n\n<p>A tudom\u00e1nyos bizony\u00edt\u00e9kok, a helyi p\u00e9ld\u00e1k \u00e9s a kl\u00edmav\u00e1ltoz\u00e1s s\u00fcrget\u0151 helyzete azt mutatj\u00e1k, hogy minden egyes cselekedet sz\u00e1m\u00edt.<\/p>\n\n\n\n<p><a href=\"https:\/\/universofamilia.com\/hu\/inteligencia-artificial-y-politica\/\">\u00d6r\u00f6kbefogad\u00e1s<\/a> A fenntarthat\u00f3 gyakorlatok er\u0151s\u00edtik a k\u00f6z\u00f6ss\u00e9gek ellen\u00e1ll\u00f3 k\u00e9pess\u00e9g\u00e9t, v\u00e9dik az \u00f6kosziszt\u00e9m\u00e1kat \u00e9s eg\u00e9szs\u00e9gesebb j\u00f6v\u0151t biztos\u00edtanak.<\/p>\n\n\n\n<p>A kih\u00edv\u00e1s glob\u00e1lis, de a megold\u00e1s is lehet: a tud\u00e1s, az egy\u00fcttm\u0171k\u00f6d\u00e9s \u00e9s a tudatos cselekv\u00e9s az eszk\u00f6z egy fenntarthat\u00f3, igazs\u00e1gos \u00e9s ellen\u00e1ll\u00f3 vil\u00e1g megteremt\u00e9s\u00e9hez.<\/p>\n\n\n\n<p>B\u0151vebben:&nbsp;<a href=\"https:\/\/universofamilia.com\/hu\/los-paises-mas-avanzados-en-regulacion-de-ia-en-2025\/\">A mesters\u00e9ges intelligencia szab\u00e1lyoz\u00e1s\u00e1ban legfejlettebb orsz\u00e1gok 2025-ben<\/a><\/p>\n\n\n\n<h3 class=\"wp-block-heading\"><strong>Gyakran Ism\u00e9telt K\u00e9rd\u00e9sek<\/strong><\/h3>\n\n\n\n<p><strong>1. Mi\u00e9rt fontos most cselekedni?<\/strong><br>A k\u00f6rnyezetk\u00e1rosod\u00e1s \u00e9s az \u00e9ghajlatv\u00e1ltoz\u00e1s gyorsan terjed, hat\u00e1ssal van az eg\u00e9szs\u00e9gre, a gazdas\u00e1gra \u00e9s az \u00e9lelmez\u00e9sbiztons\u00e1gra. Minden azonnali int\u00e9zked\u00e9snek kumulat\u00edv pozit\u00edv hat\u00e1sa van.<\/p>\n\n\n\n<p><strong>2. Melyik cselekv\u00e9snek van a legnagyobb hat\u00e1sa?<\/strong><br>A kontextust\u00f3l f\u00fcgg, de a fenntarthat\u00f3 mobilit\u00e1s, a meg\u00fajul\u00f3 energia \u00e9s a hullad\u00e9kgazd\u00e1lkod\u00e1s gyakran gyors \u00e9s m\u00e9rhet\u0151 el\u0151ny\u00f6ket eredm\u00e9nyez.<\/p>\n\n\n\n<p><strong>3. Hogyan vonjuk be a k\u00f6z\u00f6ss\u00e9get?<\/strong><br>Szervezzen workshopokat, vegyen r\u00e9szt helyi projektekben, \u00e9s osszon meg fenntarthat\u00f3s\u00e1gi inform\u00e1ci\u00f3kat a k\u00f6z\u00f6ss\u00e9gi m\u00e9di\u00e1ban \u00e9s az iskol\u00e1kban.<\/p>\n\n\n\n<p><strong>4. Dr\u00e1ga a fenntarthat\u00f3s\u00e1g?<\/strong><br>Bizonyos int\u00e9zked\u00e9sek kezdeti beruh\u00e1z\u00e1st ig\u00e9nyelnek, de k\u00f6z\u00e9p- \u00e9s hossz\u00fa t\u00e1v\u00fa megtakar\u00edt\u00e1sokat, valamint k\u00f6rnyezeti \u00e9s t\u00e1rsadalmi el\u0151ny\u00f6ket eredm\u00e9nyeznek.<\/p>\n\n\n\n<p><strong>5. Mi a teend\u0151, ha a korm\u00e1ny nem t\u00e1mogatja a z\u00f6ld politik\u00e1kat?<\/strong><br>Az egy\u00e9ni \u00e9s kollekt\u00edv fell\u00e9p\u00e9s tov\u00e1bbra is hat\u00e9kony. <\/p>\n\n\n\n<p>A k\u00f6z\u00f6ss\u00e9gi kezdem\u00e9nyez\u00e9sek \u00e9s a felel\u0151s v\u00e1llalkoz\u00e1sok t\u00e1mogat\u00e1sa ellens\u00falyozhatja az azonnali k\u00f6zpolitik\u00e1k hi\u00e1ny\u00e1t.<\/p>","protected":false},"excerpt":{"rendered":"<p>A k\u00f6rnyezeti v\u00e1ls\u00e1g hat\u00e1sainak cs\u00f6kkent\u00e9s\u00e9re ir\u00e1nyul\u00f3 10 fenntarthat\u00f3 int\u00e9zked\u00e9s s\u00fcrget\u0151 priorit\u00e1ss\u00e1 v\u00e1lt az emberis\u00e9g sz\u00e1m\u00e1ra. A k\u00f6rnyezetk\u00e1rosod\u00e1s, a biol\u00f3giai sokf\u00e9les\u00e9g cs\u00f6kken\u00e9se \u00e9s az \u00e9ghajlatv\u00e1ltoz\u00e1s m\u00e1r nem j\u00f6v\u0151beli probl\u00e9m\u00e1k; hat\u00e1suk emberek milli\u00f3inak mindennapi \u00e9let\u00e9t befoly\u00e1solja Mexik\u00f3ban \u00e9s vil\u00e1gszerte. Az asz\u00e1lyokt\u00f3l [\u2026]<\/p>","protected":false},"author":219,"featured_media":10074,"comment_status":"closed","ping_status":"open","sticky":false,"template":"","format":"standard","meta":{"footnotes":""},"categories":[4],"tags":[],"yoast_head":"<!-- This site is optimized with the Yoast SEO plugin v23.3 - https:\/\/yoast.com\/wordpress\/plugins\/seo\/ -->\n<title>10 acciones sustentables para reducir la crisis ambiental - Universo Fam\u00edlia<\/title>\n<meta name=\"description\" content=\"Las 10 acciones sustentables para reducir los efectos de la crisis ambiental se han convertido en una prioridad urgente para la humanidad.\" \/>\n<meta name=\"robots\" content=\"index, follow, max-snippet:-1, max-image-preview:large, max-video-preview:-1\" \/>\n<link rel=\"canonical\" href=\"https:\/\/universofamilia.com\/hu\/ambiental\/\" \/>\n<meta property=\"og:locale\" content=\"hu_HU\" \/>\n<meta property=\"og:type\" content=\"article\" \/>\n<meta property=\"og:title\" content=\"10 acciones sustentables para reducir la crisis ambiental - Universo Fam\u00edlia\" \/>\n<meta property=\"og:description\" content=\"Las 10 acciones sustentables para reducir los efectos de la crisis ambiental se han convertido en una prioridad urgente para la humanidad.\" \/>\n<meta property=\"og:url\" content=\"https:\/\/universofamilia.com\/hu\/ambiental\/\" \/>\n<meta property=\"og:site_name\" content=\"Universo Fam\u00edlia\" \/>\n<meta property=\"article:published_time\" content=\"2025-10-13T15:50:28+00:00\" \/>\n<meta property=\"article:modified_time\" content=\"2025-10-16T18:40:53+00:00\" \/>\n<meta property=\"og:image\" content=\"https:\/\/universofamilia.com\/wp-content\/uploads\/sites\/148\/2025\/10\/Destaque-Novo-Universo-2.jpg\" \/>\n\t<meta property=\"og:image:width\" content=\"450\" \/>\n\t<meta property=\"og:image:height\" content=\"250\" \/>\n\t<meta property=\"og:image:type\" content=\"image\/jpeg\" \/>\n<meta name=\"author\" content=\"Matheus Sangaletti\" \/>\n<meta name=\"twitter:card\" content=\"summary_large_image\" \/>\n<meta name=\"twitter:label1\" content=\"Written by\" \/>\n\t<meta name=\"twitter:data1\" content=\"Matheus Sangaletti\" \/>\n\t<meta name=\"twitter:label2\" content=\"Est. reading time\" \/>\n\t<meta name=\"twitter:data2\" content=\"10 perc\" \/>\n<script type=\"application\/ld+json\" class=\"yoast-schema-graph\">{\"@context\":\"https:\/\/schema.org\",\"@graph\":[{\"@type\":\"WebPage\",\"@id\":\"https:\/\/universofamilia.com\/ko\/ambiental\/\",\"url\":\"https:\/\/universofamilia.com\/ko\/ambiental\/\",\"name\":\"10 acciones sustentables para reducir la crisis ambiental - Universo Fam\u00edlia\",\"isPartOf\":{\"@id\":\"https:\/\/universofamilia.com\/el\/#website\"},\"primaryImageOfPage\":{\"@id\":\"https:\/\/universofamilia.com\/ko\/ambiental\/#primaryimage\"},\"image\":{\"@id\":\"https:\/\/universofamilia.com\/ko\/ambiental\/#primaryimage\"},\"thumbnailUrl\":\"https:\/\/universofamilia.com\/wp-content\/uploads\/sites\/148\/2025\/10\/Destaque-Novo-Universo-2.jpg\",\"datePublished\":\"2025-10-13T15:50:28+00:00\",\"dateModified\":\"2025-10-16T18:40:53+00:00\",\"author\":{\"@id\":\"https:\/\/universofamilia.com\/el\/#\/schema\/person\/92fcd07e9b1f4323bf74f3170fc0f78a\"},\"description\":\"Las 10 acciones sustentables para reducir los efectos de la crisis ambiental se han convertido en una prioridad urgente para la humanidad.\",\"breadcrumb\":{\"@id\":\"https:\/\/universofamilia.com\/ko\/ambiental\/#breadcrumb\"},\"inLanguage\":\"hu\",\"potentialAction\":[{\"@type\":\"ReadAction\",\"target\":[\"https:\/\/universofamilia.com\/ko\/ambiental\/\"]}]},{\"@type\":\"ImageObject\",\"inLanguage\":\"hu\",\"@id\":\"https:\/\/universofamilia.com\/ko\/ambiental\/#primaryimage\",\"url\":\"https:\/\/universofamilia.com\/wp-content\/uploads\/sites\/148\/2025\/10\/Destaque-Novo-Universo-2.jpg\",\"contentUrl\":\"https:\/\/universofamilia.com\/wp-content\/uploads\/sites\/148\/2025\/10\/Destaque-Novo-Universo-2.jpg\",\"width\":450,\"height\":250},{\"@type\":\"BreadcrumbList\",\"@id\":\"https:\/\/universofamilia.com\/ko\/ambiental\/#breadcrumb\",\"itemListElement\":[{\"@type\":\"ListItem\",\"position\":1,\"name\":\"Home\",\"item\":\"https:\/\/universofamilia.com\/el\/\"},{\"@type\":\"ListItem\",\"position\":2,\"name\":\"10 acciones sustentables para reducir la crisis ambiental\"}]},{\"@type\":\"WebSite\",\"@id\":\"https:\/\/universofamilia.com\/el\/#website\",\"url\":\"https:\/\/universofamilia.com\/el\/\",\"name\":\"Universo Fam\u00edlia\",\"description\":\"\",\"potentialAction\":[{\"@type\":\"SearchAction\",\"target\":{\"@type\":\"EntryPoint\",\"urlTemplate\":\"https:\/\/universofamilia.com\/el\/?s={search_term_string}\"},\"query-input\":\"required name=search_term_string\"}],\"inLanguage\":\"hu\"},{\"@type\":\"Person\",\"@id\":\"https:\/\/universofamilia.com\/el\/#\/schema\/person\/92fcd07e9b1f4323bf74f3170fc0f78a\",\"name\":\"Matheus Sangaletti\",\"image\":{\"@type\":\"ImageObject\",\"inLanguage\":\"hu\",\"@id\":\"https:\/\/universofamilia.com\/el\/#\/schema\/person\/image\/\",\"url\":\"https:\/\/secure.gravatar.com\/avatar\/280ea957a14a48e6a1ad2133d2cc27c9?s=96&d=mm&r=g\",\"contentUrl\":\"https:\/\/secure.gravatar.com\/avatar\/280ea957a14a48e6a1ad2133d2cc27c9?s=96&d=mm&r=g\",\"caption\":\"Matheus Sangaletti\"},\"url\":\"https:\/\/universofamilia.com\/hu\/author\/matheuss\/\"}]}<\/script>\n<!-- \/ Yoast SEO plugin. -->","yoast_head_json":{"title":"10 acciones sustentables para reducir la crisis ambiental - Universo Fam\u00edlia","description":"Las 10 acciones sustentables para reducir los efectos de la crisis ambiental se han convertido en una prioridad urgente para la humanidad.","robots":{"index":"index","follow":"follow","max-snippet":"max-snippet:-1","max-image-preview":"max-image-preview:large","max-video-preview":"max-video-preview:-1"},"canonical":"https:\/\/universofamilia.com\/hu\/ambiental\/","og_locale":"hu_HU","og_type":"article","og_title":"10 acciones sustentables para reducir la crisis ambiental - Universo Fam\u00edlia","og_description":"Las 10 acciones sustentables para reducir los efectos de la crisis ambiental se han convertido en una prioridad urgente para la humanidad.","og_url":"https:\/\/universofamilia.com\/hu\/ambiental\/","og_site_name":"Universo Fam\u00edlia","article_published_time":"2025-10-13T15:50:28+00:00","article_modified_time":"2025-10-16T18:40:53+00:00","og_image":[{"width":450,"height":250,"url":"https:\/\/universofamilia.com\/wp-content\/uploads\/sites\/148\/2025\/10\/Destaque-Novo-Universo-2.jpg","type":"image\/jpeg"}],"author":"Matheus Sangaletti","twitter_card":"summary_large_image","twitter_misc":{"Written by":"Matheus Sangaletti","Est. reading time":"10 perc"},"schema":{"@context":"https:\/\/schema.org","@graph":[{"@type":"WebPage","@id":"https:\/\/universofamilia.com\/ko\/ambiental\/","url":"https:\/\/universofamilia.com\/ko\/ambiental\/","name":"10 acciones sustentables para reducir la crisis ambiental - Universo Fam\u00edlia","isPartOf":{"@id":"https:\/\/universofamilia.com\/el\/#website"},"primaryImageOfPage":{"@id":"https:\/\/universofamilia.com\/ko\/ambiental\/#primaryimage"},"image":{"@id":"https:\/\/universofamilia.com\/ko\/ambiental\/#primaryimage"},"thumbnailUrl":"https:\/\/universofamilia.com\/wp-content\/uploads\/sites\/148\/2025\/10\/Destaque-Novo-Universo-2.jpg","datePublished":"2025-10-13T15:50:28+00:00","dateModified":"2025-10-16T18:40:53+00:00","author":{"@id":"https:\/\/universofamilia.com\/el\/#\/schema\/person\/92fcd07e9b1f4323bf74f3170fc0f78a"},"description":"Las 10 acciones sustentables para reducir los efectos de la crisis ambiental se han convertido en una prioridad urgente para la humanidad.","breadcrumb":{"@id":"https:\/\/universofamilia.com\/ko\/ambiental\/#breadcrumb"},"inLanguage":"hu","potentialAction":[{"@type":"ReadAction","target":["https:\/\/universofamilia.com\/ko\/ambiental\/"]}]},{"@type":"ImageObject","inLanguage":"hu","@id":"https:\/\/universofamilia.com\/ko\/ambiental\/#primaryimage","url":"https:\/\/universofamilia.com\/wp-content\/uploads\/sites\/148\/2025\/10\/Destaque-Novo-Universo-2.jpg","contentUrl":"https:\/\/universofamilia.com\/wp-content\/uploads\/sites\/148\/2025\/10\/Destaque-Novo-Universo-2.jpg","width":450,"height":250},{"@type":"BreadcrumbList","@id":"https:\/\/universofamilia.com\/ko\/ambiental\/#breadcrumb","itemListElement":[{"@type":"ListItem","position":1,"name":"Home","item":"https:\/\/universofamilia.com\/el\/"},{"@type":"ListItem","position":2,"name":"10 acciones sustentables para reducir la crisis ambiental"}]},{"@type":"WebSite","@id":"https:\/\/universofamilia.com\/el\/#website","url":"https:\/\/universofamilia.com\/el\/","name":"Universo Fam\u00edlia","description":"","potentialAction":[{"@type":"SearchAction","target":{"@type":"EntryPoint","urlTemplate":"https:\/\/universofamilia.com\/el\/?s={search_term_string}"},"query-input":"required name=search_term_string"}],"inLanguage":"hu"},{"@type":"Person","@id":"https:\/\/universofamilia.com\/el\/#\/schema\/person\/92fcd07e9b1f4323bf74f3170fc0f78a","name":"Matheus Sangaletti","image":{"@type":"ImageObject","inLanguage":"hu","@id":"https:\/\/universofamilia.com\/el\/#\/schema\/person\/image\/","url":"https:\/\/secure.gravatar.com\/avatar\/280ea957a14a48e6a1ad2133d2cc27c9?s=96&d=mm&r=g","contentUrl":"https:\/\/secure.gravatar.com\/avatar\/280ea957a14a48e6a1ad2133d2cc27c9?s=96&d=mm&r=g","caption":"Matheus Sangaletti"},"url":"https:\/\/universofamilia.com\/hu\/author\/matheuss\/"}]}},"_links":{"self":[{"href":"https:\/\/universofamilia.com\/hu\/wp-json\/wp\/v2\/posts\/10073"}],"collection":[{"href":"https:\/\/universofamilia.com\/hu\/wp-json\/wp\/v2\/posts"}],"about":[{"href":"https:\/\/universofamilia.com\/hu\/wp-json\/wp\/v2\/types\/post"}],"author":[{"embeddable":true,"href":"https:\/\/universofamilia.com\/hu\/wp-json\/wp\/v2\/users\/219"}],"replies":[{"embeddable":true,"href":"https:\/\/universofamilia.com\/hu\/wp-json\/wp\/v2\/comments?post=10073"}],"version-history":[{"count":2,"href":"https:\/\/universofamilia.com\/hu\/wp-json\/wp\/v2\/posts\/10073\/revisions"}],"predecessor-version":[{"id":10170,"href":"https:\/\/universofamilia.com\/hu\/wp-json\/wp\/v2\/posts\/10073\/revisions\/10170"}],"wp:featuredmedia":[{"embeddable":true,"href":"https:\/\/universofamilia.com\/hu\/wp-json\/wp\/v2\/media\/10074"}],"wp:attachment":[{"href":"https:\/\/universofamilia.com\/hu\/wp-json\/wp\/v2\/media?parent=10073"}],"wp:term":[{"taxonomy":"category","embeddable":true,"href":"https:\/\/universofamilia.com\/hu\/wp-json\/wp\/v2\/categories?post=10073"},{"taxonomy":"post_tag","embeddable":true,"href":"https:\/\/universofamilia.com\/hu\/wp-json\/wp\/v2\/tags?post=10073"}],"curies":[{"name":"wp","href":"https:\/\/api.w.org\/{rel}","templated":true}]}}