{"id":10179,"date":"2025-10-17T15:33:59","date_gmt":"2025-10-17T18:33:59","guid":{"rendered":"https:\/\/universofamilia.com\/?p=10179"},"modified":"2025-10-17T15:34:01","modified_gmt":"2025-10-17T18:34:01","slug":"tendencias-tecnologicas-de-2025-que-afectaran-tu-dia-a-dia","status":"publish","type":"post","link":"https:\/\/universofamilia.com\/hu\/tendencias-tecnologicas-de-2025-que-afectaran-tu-dia-a-dia\/","title":{"rendered":"2025-\u00f6s technol\u00f3giai trendek, amelyek befoly\u00e1solj\u00e1k a mindennapi \u00e9letedet"},"content":{"rendered":"<p class=\"has-text-align-center\">A <strong>2025-\u00f6s technol\u00f3giai trendek, amelyek befoly\u00e1solj\u00e1k a mindennapi \u00e9letedet<\/strong> M\u00e1r egy \u00faj korszakot jel\u00f6lnek abban, ahogyan \u00e9l\u00fcnk, dolgozunk \u00e9s a digit\u00e1lis vil\u00e1ggal interakci\u00f3ba l\u00e9p\u00fcnk.<\/p>\n\n\n\n<figure class=\"wp-block-gallery aligncenter has-nested-images columns-default is-cropped wp-block-gallery-1 is-layout-flex wp-block-gallery-is-layout-flex\">\n<figure class=\"wp-block-image size-full\"><img loading=\"lazy\" decoding=\"async\" width=\"450\" height=\"250\" data-id=\"10181\" src=\"https:\/\/universofamilia.com\/wp-content\/uploads\/sites\/148\/2025\/10\/Destaque-Novo-Universo-13-1.jpg\" alt=\"\" class=\"wp-image-10181\" srcset=\"https:\/\/universofamilia.com\/wp-content\/uploads\/sites\/148\/2025\/10\/Destaque-Novo-Universo-13-1.jpg 450w, https:\/\/universofamilia.com\/wp-content\/uploads\/sites\/148\/2025\/10\/Destaque-Novo-Universo-13-1-300x167.jpg 300w, https:\/\/universofamilia.com\/wp-content\/uploads\/sites\/148\/2025\/10\/Destaque-Novo-Universo-13-1-18x10.jpg 18w\" sizes=\"(max-width: 450px) 100vw, 450px\" \/><figcaption class=\"wp-element-caption\">CANVA<\/figcaption><\/figure>\n<\/figure>\n\n\n\n<p class=\"has-text-align-center\">Ez az \u00e9v fordul\u00f3pontot jelent, ahol a mesters\u00e9ges intelligencia, az automatiz\u00e1l\u00e1s \u00e9s a technol\u00f3giai fenntarthat\u00f3s\u00e1g \u00f6sszefon\u00f3dik a mindennapi \u00e9lettel.<\/p>\n\n\n\n<p>A k\u00f6vetkez\u0151 n\u00e9h\u00e1ny percben felfedezheted, hogyan alak\u00edtj\u00e1k \u00e1t ezek az innov\u00e1ci\u00f3k a gazdas\u00e1got, az oktat\u00e1st, az eg\u00e9szs\u00e9g\u00fcgyet, a sz\u00f3rakoztat\u00e1st \u00e9s azt, ahogyan a k\u00f6rnyezeteddel kapcsolatba l\u00e9psz.<\/p>\n\n\n\n<p><strong>A cikk \u00f6sszefoglal\u00e1sa:<\/strong><\/p>\n\n\n\n<ol>\n<li>A generat\u00edv mesters\u00e9ges intelligencia forradalma.<\/li>\n\n\n\n<li>A hiperautomatiz\u00e1l\u00e1s, mint az \u00faj munkaer\u0151-norma.<\/li>\n\n\n\n<li>Z\u00f6ld technol\u00f3gia \u00e9s digit\u00e1lis fenntarthat\u00f3s\u00e1g.<\/li>\n\n\n\n<li>Kiterjesztett val\u00f3s\u00e1g \u00e9s mag\u00e1val ragad\u00f3 \u00e9lm\u00e9nyek.<\/li>\n\n\n\n<li>Digit\u00e1lis adatv\u00e9delem \u00e9s online bizalom.<\/li>\n\n\n\n<li>Konkl\u00fazi\u00f3 \u00e9s gyakran ism\u00e9telt k\u00e9rd\u00e9sek.<\/li>\n<\/ol>\n\n\n\n<h3 class=\"wp-block-heading\">Generat\u00edv mesters\u00e9ges intelligencia forradalom<\/h3>\n\n\n\n<p>2025-re a mesters\u00e9ges intelligencia (MI) m\u00e1r nem \u00edg\u00e9ret, hanem mindennapi eszk\u00f6zz\u00e9 v\u00e1lt. <\/p>\n\n\n\n<p>A generat\u00edv mesters\u00e9ges intelligencia platformok lehet\u0151v\u00e9 teszik tartalmak l\u00e9trehoz\u00e1s\u00e1t, feladatok optimaliz\u00e1l\u00e1s\u00e1t, s\u0151t szem\u00e9lyre szabott term\u00e9kek tervez\u00e9s\u00e9t is mind\u00f6ssze egy r\u00f6vid utas\u00edt\u00e1ssal.<\/p>\n\n\n\n<p>Egy jelent\u00e9s szerint <em>McKinsey &amp; Company<\/em> 2025 \u00e1prilis\u00e1ban k\u00f6zz\u00e9tett\u00e9k, t\u00f6bb mint <strong>65% glob\u00e1lis v\u00e1llalatok<\/strong> m\u00e1r haszn\u00e1lnak mesters\u00e9ges intelligenci\u00e1t legal\u00e1bb egy kritikus folyamat automatiz\u00e1l\u00e1s\u00e1ra, \u00e9s ez a sz\u00e1m h\u00f3napr\u00f3l h\u00f3napra n\u00f6vekszik.<\/p>\n\n\n\n<p>Ez a fejleszt\u00e9s nemcsak az \u00fczleti \u00e9letet, hanem a mag\u00e1n\u00e9letet is \u00e1talak\u00edtja.<\/p>\n\n\n\n<p>Manaps\u00e1g az emberek okosabb virtu\u00e1lis asszisztenseket haszn\u00e1lnak \u00e9tkez\u00e9seik megtervez\u00e9s\u00e9hez, p\u00e9nz\u00fcgyeik kezel\u00e9s\u00e9hez vagy \u00faj k\u00e9szs\u00e9gek elsaj\u00e1t\u00edt\u00e1s\u00e1hoz.<\/p>\n\n\n\n<p>P\u00e9ld\u00e1ul egy mexik\u00f3i di\u00e1k a mesters\u00e9ges intelligencia seg\u00edts\u00e9g\u00e9vel azonnali visszajelz\u00e9ssel jav\u00edthatja angol kiejt\u00e9s\u00e9t, vagy egy v\u00e1llalkoz\u00f3 k\u00fcls\u0151 \u00fcgyn\u00f6ks\u00e9g ig\u00e9nybev\u00e9tele n\u00e9lk\u00fcl tervezhet a szakter\u00fclet\u00e9re szabott hirdet\u00e9si kamp\u00e1nyokat.<\/p>\n\n\n\n<p>Teljesen felv\u00e1ltja-e a mesters\u00e9ges intelligencia az emberi munk\u00e1t? <\/p>\n\n\n\n<p>Val\u00f3sz\u00edn\u0171leg nem. Ink\u00e1bb \u00fajra\u00e9rtelmezi az id\u0151 \u00e9rt\u00e9k\u00e9t, arra \u00f6szt\u00f6n\u00f6zve a szakembereket, hogy arra \u00f6sszpontos\u00edtsanak, ami val\u00f3ban kreativit\u00e1st, emp\u00e1ti\u00e1t \u00e9s strat\u00e9giai gondolkod\u00e1st ig\u00e9nyel.<\/p>\n\n\n\n<h3 class=\"wp-block-heading\">A hiperautomatiz\u00e1l\u00e1s, mint az \u00faj munkaer\u0151-norma<\/h3>\n\n\n\n<p>Egy m\u00e1sik a <strong>2025-\u00f6s technol\u00f3giai trendek, amelyek befoly\u00e1solj\u00e1k a mindennapi \u00e9letedet<\/strong> a hiperautomatiz\u00e1l\u00e1s megszil\u00e1rdul\u00e1sa.<\/p>\n\n\n\n<p>Ez a koncepci\u00f3, amely \u00f6tv\u00f6zi a mesters\u00e9ges intelligenci\u00e1t, a g\u00e9pi tanul\u00e1st \u00e9s a robotik\u00e1t, forradalmas\u00edtja az eg\u00e9sz \u00e1gazatokat.<\/p>\n\n\n\n<p>A k\u00e9szletgazd\u00e1lkod\u00e1st\u00f3l a p\u00e9nz\u00fcgyi elemz\u00e9sig az algoritmusok most olyan feladatokat is k\u00e9pesek elv\u00e9gezni, amelyekhez kor\u00e1bban eg\u00e9sz csapatokra volt sz\u00fcks\u00e9g.<\/p>\n\n\n\n<p>A szerint <em>Vil\u00e1ggazdas\u00e1gi F\u00f3rum<\/em>legal\u00e1bb 2025 v\u00e9g\u00e9re <strong>az adminisztrat\u00edv m\u0171veletek 30%-je<\/strong> Latin-Amerik\u00e1ban automatiz\u00e1lni fogj\u00e1k.<\/p>\n\n\n\n<p>Ez a tendencia nem a munkahelyek t\u00f6meges elveszt\u00e9se, hanem a munkahelyi szerepek m\u00e9lyrehat\u00f3 \u00e1talakul\u00e1sa.<\/p>\n\n\n\n<p>A leg\u00e9rt\u00e9kesebb szakemberek azok lesznek, akik k\u00e9pesek adatokat \u00e9rtelmezni, hibrid (emberi \u00e9s digit\u00e1lis) csapatokat vezetni, \u00e9s a technol\u00f3gia seg\u00edts\u00e9g\u00e9vel etikus megold\u00e1sokat l\u00e9trehozni.<\/p>\n\n\n\n<p>Egy\u00e9rtelm\u0171 p\u00e9lda l\u00e1that\u00f3 a logisztikai szektorban: olyan v\u00e1llalatok, mint a DHL \u00e9s a Mercado Libre, predikt\u00edv rendszereket haszn\u00e1lnak a cs\u00facskereslet el\u0151rejelz\u00e9s\u00e9re \u00e9s a sz\u00e1ll\u00edt\u00e1si \u00fatvonalak val\u00f3s idej\u0171 \u00e1tszervez\u00e9s\u00e9re, cs\u00f6kkentve a k\u00f6lts\u00e9geket \u00e9s jav\u00edtva az \u00fcgyf\u00e9l\u00e9lm\u00e9nyt.<\/p>\n\n\n\n<h3 class=\"wp-block-heading\">Z\u00f6ld technol\u00f3gia \u00e9s digit\u00e1lis fenntarthat\u00f3s\u00e1g<\/h3>\n\n\n\n<p>A k\u00f6rnyezettudatoss\u00e1g m\u00e1r nem lehet\u0151s\u00e9g, hanem k\u00f6vetelm\u00e9ny. 2025-re a technol\u00f3giai ipar\u00e1gnak azzal a kih\u00edv\u00e1ssal kell szemben\u00e9znie, hogy cs\u00f6kkentse \u00f6kol\u00f3giai l\u00e1bnyom\u00e1t.<\/p>\n\n\n\n<p>A napenergi\u00e1val m\u0171k\u00f6d\u0151 adatk\u00f6zpontokt\u00f3l az \u00fajrahasznos\u00edthat\u00f3 anyagokb\u00f3l k\u00e9sz\u00fclt okostelefonokig a j\u00f6v\u0151 egy olyan ir\u00e1nyba mutat, <strong>z\u00f6ldebb \u00e9s fenntarthat\u00f3bb technol\u00f3gia<\/strong>.<\/p>\n\n\n\n<p>A szerint <em>Nemzetk\u00f6zi Energia\u00fcgyn\u00f6ks\u00e9g (IEA)<\/em>, az adatk\u00f6zpontok fogyasztj\u00e1k a <strong>31 TP3 biljoona glob\u00e1lis villamos energia<\/strong>, de az \u00faj h\u0171t\u00e9si \u00e9s energiahat\u00e9konys\u00e1gi megold\u00e1sok ezt a sz\u00e1mot 2030-ra a fel\u00e9re cs\u00f6kkenthetik.<\/p>\n\n\n\n<p>Olyan vezet\u0151 c\u00e9gek, mint a Google \u00e9s a Microsoft, m\u00e1r most is 100% meg\u00fajul\u00f3 energi\u00e1val m\u0171k\u00f6dnek, ezzel m\u00e9rc\u00e9t \u00e1ll\u00edtva az eg\u00e9sz ipar\u00e1g sz\u00e1m\u00e1ra.<\/p>\n\n\n\n<p>\u00cdme egy er\u0151teljes anal\u00f3gia: ha a technol\u00f3gia erd\u0151 lenne, 2025 lenne az az \u00e9v, amikor megtanuln\u00e1nk t\u00f6bb f\u00e1t \u00fcltetni, mint amennyit kiv\u00e1gunk.<\/p>\n\n\n\n<p>A fenntarthat\u00f3 gyakorlatok alkalmaz\u00e1sa a technol\u00f3giai innov\u00e1ci\u00f3ban nemcsak a bolyg\u00f3nak, hanem a helyi gazdas\u00e1goknak is el\u0151ny\u00f6s, z\u00f6ld munkahelyeket teremt \u00e9s el\u0151seg\u00edti a felel\u0151s fogyaszt\u00e1st.<\/p>\n\n\n\n<h3 class=\"wp-block-heading\">Kiterjesztett val\u00f3s\u00e1g \u00e9s mag\u00e1val ragad\u00f3 \u00e9lm\u00e9nyek<\/h3>\n\n\n\n<p>Egy m\u00e1sik a <strong>2025-\u00f6s technol\u00f3giai trendek, amelyek befoly\u00e1solj\u00e1k a mindennapi \u00e9letedet<\/strong> a kiterjesztett val\u00f3s\u00e1g (AR) \u00e9s a virtu\u00e1lis val\u00f3s\u00e1g (VR) terjeszked\u00e9se.<\/p>\n\n\n\n<p>Ezek a technol\u00f3gi\u00e1k m\u00e1r nem korl\u00e1toz\u00f3dnak a sz\u00f3rakoztat\u00e1sra; most m\u00e1r az oktat\u00e1st, a turizmust \u00e9s az orvostudom\u00e1nyt is befoly\u00e1solj\u00e1k.<\/p>\n\n\n\n<p>P\u00e9ld\u00e1ul Mexik\u00f3v\u00e1rosban \u00e9s Monterreyben a k\u00f3rh\u00e1zak virtu\u00e1lis val\u00f3s\u00e1g k\u00f6rnyezeteket haszn\u00e1lnak a seb\u00e9szek k\u00e9pz\u00e9s\u00e9re an\u00e9lk\u00fcl, hogy a val\u00f3di betegeket vesz\u00e9lyeztetn\u00e9k.<\/p>\n\n\n\n<p>Az oktat\u00e1sban olyan platformok, mint a <em>Meta Oktat\u00e1si Laborat\u00f3rium<\/em> Mag\u00e1val ragad\u00f3 \u00e9lm\u00e9nyeket k\u00edn\u00e1lnak, ahol a di\u00e1kok felfedezhetik a Naprendszert, vagy \u0151si civiliz\u00e1ci\u00f3kba utazhatnak an\u00e9lk\u00fcl, hogy elhagyn\u00e1k a tantermet.<\/p>\n\n\n\n<p>A k\u00f6nny\u0171 lencs\u00e9k, a hossz\u00fa \u00fczemidej\u0171 akkumul\u00e1torok \u00e9s az 5G-kapcsolat fejleszt\u00e9se t\u00f6meges elterjed\u00e9st eredm\u00e9nyezett.<\/p>\n\n\n\n<p>Tov\u00e1bb\u00e1 a \u201efunkcion\u00e1lis metaverzum\u201d fogalma is fejl\u0151dik: m\u00e1r nem a val\u00f3s\u00e1g el\u0151l val\u00f3 menek\u00fcl\u00e9sr\u0151l sz\u00f3l, hanem annak hasznos inform\u00e1ci\u00f3kkal, egy\u00fcttm\u0171k\u00f6d\u00e9sen alapul\u00f3 \u00e9lm\u00e9nyekkel \u00e9s immerz\u00edv tanul\u00e1ssal val\u00f3 gazdag\u00edt\u00e1s\u00e1r\u00f3l.<\/p>\n\n\n\n<h3 class=\"wp-block-heading\">Digit\u00e1lis adatv\u00e9delem \u00e9s online bizalom<\/h3>\n\n\n\n<p>Ahogy a technol\u00f3gia fejl\u0151dik, \u00fagy n\u0151nek az adatv\u00e9delemmel kapcsolatos aggodalmak is.<\/p>\n\n\n\n<p>A <strong>2025-\u00f6s technol\u00f3giai trendek, amelyek befoly\u00e1solj\u00e1k a mindennapi \u00e9letedet<\/strong> er\u0151s hangs\u00falyt fektetnek a k\u00f6vetkez\u0151kre: <strong>szem\u00e9lyes adatok v\u00e9delme<\/strong>.<\/p>\n\n\n\n<p>A v\u00e9grehajt\u00e1s <em>Latin-amerikai adatv\u00e9delmi rendelet (RLPD)<\/em>az eur\u00f3pai modell ihlette, \u00e9s magasabb biztons\u00e1gi szabv\u00e1nyokat vezetett be.<\/p>\n\n\n\n<p>A felhaszn\u00e1l\u00f3k most nagyobb \u00e1tl\u00e1that\u00f3s\u00e1got k\u00f6vetelnek adataik felhaszn\u00e1l\u00e1s\u00e1val kapcsolatban, a v\u00e1llalatok pedig egy\u00e9rtelm\u0171bb szab\u00e1lyzatokkal \u00e9s er\u0151sebb titkos\u00edt\u00e1ssal v\u00e1laszolnak.<\/p>\n\n\n\n<p>Emellett egyre nagyobb teret h\u00f3d\u00edtanak a blokkl\u00e1nc alap\u00fa, decentraliz\u00e1lt digit\u00e1lis identit\u00e1srendszerek, amelyek lehet\u0151v\u00e9 teszik az emberek sz\u00e1m\u00e1ra, hogy ellen\u0151rizz\u00e9k, milyen inform\u00e1ci\u00f3kat osztanak meg \u00e9s kivel.<\/p>\n\n\n\n<p>Ez a v\u00e1ltoz\u00e1s meger\u0151s\u00edti a digit\u00e1lis k\u00f6rnyezetbe vetett bizalmat, ami elengedhetetlen egy olyan korban, amelyet az \u00f6sszekapcsolts\u00e1g ural.<\/p>\n\n\n\n<p>A biztons\u00e1g m\u00e1r nem csup\u00e1n egy technikai r\u00e9teg: etikai pill\u00e9re minden olyan v\u00e1llalatnak, amely hiteless\u00e9gre \u00e9s lojalit\u00e1sra t\u00f6rekszik.<\/p>\n\n\n\n<h3 class=\"wp-block-heading\">T\u00e1bl\u00e1zat: A 2025-\u00f6s f\u0151bb technol\u00f3giai trendek hat\u00e1sa<\/h3>\n\n\n\n<figure class=\"wp-block-table\"><table><thead><tr><th>Technol\u00f3giai trend<\/th><th>F\u0151 hat\u00e1s<\/th><th>Glob\u00e1lis adapt\u00e1ci\u00f3s szint (2025)<\/th><\/tr><\/thead><tbody><tr><td>Generat\u00edv mesters\u00e9ges intelligencia<\/td><td>Kreat\u00edv \u00e9s produkt\u00edv automatiz\u00e1l\u00e1s<\/td><td>65%<\/td><\/tr><tr><td>Hiperautomatiz\u00e1l\u00e1s<\/td><td>M\u0171k\u00f6d\u00e9si hat\u00e9konys\u00e1g \u00e9s hibacs\u00f6kkent\u00e9s<\/td><td>30%<\/td><\/tr><tr><td>Z\u00f6ld technol\u00f3gia<\/td><td>Fenntarthat\u00f3s\u00e1g \u00e9s kibocs\u00e1t\u00e1scs\u00f6kkent\u00e9s<\/td><td>45%<\/td><\/tr><tr><td>Kiterjesztett \u00e9s virtu\u00e1lis val\u00f3s\u00e1g<\/td><td>Oktat\u00e1s \u00e9s mag\u00e1val ragad\u00f3 sz\u00f3rakoz\u00e1s<\/td><td>40%<\/td><\/tr><tr><td>Digit\u00e1lis adatv\u00e9delem<\/td><td>Adatv\u00e9delem \u00e9s online bizalom<\/td><td>55%<\/td><\/tr><\/tbody><\/table><figcaption class=\"wp-element-caption\">2025-\u00f6s technol\u00f3giai trendek, amelyek befoly\u00e1solj\u00e1k a mindennapi \u00e9letedet<\/figcaption><\/figure>\n\n\n\n<figure class=\"wp-block-gallery aligncenter has-nested-images columns-default is-cropped wp-block-gallery-2 is-layout-flex wp-block-gallery-is-layout-flex\">\n<figure class=\"wp-block-image size-full\"><img loading=\"lazy\" decoding=\"async\" width=\"450\" height=\"250\" data-id=\"10182\" src=\"https:\/\/universofamilia.com\/wp-content\/uploads\/sites\/148\/2025\/10\/Destaque-Novo-Universo-15.jpg\" alt=\"\" class=\"wp-image-10182\" srcset=\"https:\/\/universofamilia.com\/wp-content\/uploads\/sites\/148\/2025\/10\/Destaque-Novo-Universo-15.jpg 450w, https:\/\/universofamilia.com\/wp-content\/uploads\/sites\/148\/2025\/10\/Destaque-Novo-Universo-15-300x167.jpg 300w, https:\/\/universofamilia.com\/wp-content\/uploads\/sites\/148\/2025\/10\/Destaque-Novo-Universo-15-18x10.jpg 18w\" sizes=\"(max-width: 450px) 100vw, 450px\" \/><figcaption class=\"wp-element-caption\">CANVA<\/figcaption><\/figure>\n<\/figure>\n\n\n\n<p>B\u0151vebben:<a href=\"https:\/\/universofamilia.com\/hu\/inteligencia-artificial-en-el-dia-a-dia\/\">\u00a0Mesters\u00e9ges intelligencia a mindennapi \u00e9letben<\/a><\/p>\n\n\n\n<h3 class=\"wp-block-heading\">Konkl\u00fazi\u00f3: Az innov\u00e1ci\u00f3 \u00e9s az embers\u00e9g k\u00f6z\u00f6tti egyens\u00faly<\/h3>\n\n\n\n<p>A <strong>2025-\u00f6s technol\u00f3giai trendek, amelyek befoly\u00e1solj\u00e1k a mindennapi \u00e9letedet<\/strong> Nemcsak \u00fajra\u00e9rtelmezik a j\u00f6v\u0151t: alak\u00edtj\u00e1k a jelent is.<\/p>\n\n\n\n<p>A l\u00e9nyeg nem az, hogy ellen\u00e1lljunk a v\u00e1ltoz\u00e1snak, hanem az, hogy megtanuljunk egy\u00fctt \u00e9lni vele.<\/p>\n\n\n\n<p>A digit\u00e1lis eszk\u00f6z\u00f6k folyamatosan fejl\u0151dnek, de igazi erej\u00fck abban rejlik, hogy az emberek hogyan integr\u00e1lj\u00e1k \u0151ket etikusan, felel\u0151ss\u00e9gteljesen \u00e9s kreat\u00edvan.<\/p>\n\n\n\n<p>Az idei \u00e9s az elk\u00f6vetkez\u0151 \u00e9vek kih\u00edv\u00e1sa az innov\u00e1ci\u00f3 \u00e9s az embers\u00e9gess\u00e9g k\u00f6z\u00f6tti egyens\u00faly megteremt\u00e9se.<\/p>\n\n\n\n<p>A technol\u00f3gi\u00e1nak nem szabadna helyettes\u00edtenie az emberis\u00e9get, hanem ink\u00e1bb fel kellene hangs\u00falyoznia a benne rejl\u0151 lehet\u0151s\u00e9geket.<\/p>\n\n\n\n<p>B\u0151vebben:<a href=\"https:\/\/universofamilia.com\/hu\/inteligencia-artificial-en-el-dia-a-dia\/\">\u00a0<\/a><a href=\"https:\/\/universofamilia.com\/hu\/autenticacion-sin-contrasena-el-futuro-de-la-seguridad-digital\/\">Jelsz\u00f3 n\u00e9lk\u00fcli hiteles\u00edt\u00e9s: A digit\u00e1lis biztons\u00e1g j\u00f6v\u0151je<\/a><\/p>\n\n\n\n<h3 class=\"wp-block-heading\">Gyakran Ism\u00e9telt K\u00e9rd\u00e9sek<\/h3>\n\n\n\n<p><strong>1. Mely \u00e1gazatokat fogj\u00e1k legink\u00e1bb \u00e9rinteni a 2025-\u00f6s technol\u00f3giai trendek?<\/strong><br>F\u0151k\u00e9nt az oktat\u00e1s, az eg\u00e9szs\u00e9g\u00fcgy, az e-kereskedelem \u00e9s a p\u00e9nz\u00fcgyi szolg\u00e1ltat\u00e1sok, a mesters\u00e9ges intelligencia \u00e9s az automatiz\u00e1l\u00e1s t\u00f6meges elterjed\u00e9se miatt.<\/p>\n\n\n\n<p><strong>2. Hogyan tud valaki alkalmazkodni ezekhez a v\u00e1ltoz\u00e1sokhoz?<\/strong><br>A digit\u00e1lis k\u00e9szs\u00e9gekbe, a kritikai gondolkod\u00e1sba \u00e9s a folyamatos tanul\u00e1sba val\u00f3 befektet\u00e9s kulcsfontoss\u00e1g\u00fa lesz ahhoz, hogy relev\u00e1ns maradjunk az egyre ink\u00e1bb automatiz\u00e1lt piacon.<\/p>\n\n\n\n<p><strong>3. Milyen kock\u00e1zatokkal j\u00e1rnak ezek az innov\u00e1ci\u00f3k?<\/strong><br>A legnagyobb kih\u00edv\u00e1sok a kiberbiztons\u00e1ghoz, a mesters\u00e9ges intelligencia haszn\u00e1lat\u00e1nak etik\u00e1j\u00e1hoz \u00e9s a r\u00e9gi\u00f3k k\u00f6z\u00f6tti digit\u00e1lis egyenl\u0151tlens\u00e9ghez kapcsol\u00f3dnak.<\/p>\n\n\n\n<p><strong>4. \u00c9rdemes-e fenntarthat\u00f3 technol\u00f3gi\u00e1ba befektetni?<\/strong><br>Mindenk\u00e9ppen. A z\u00f6ld gyakorlatokat folytat\u00f3 v\u00e1llalatok nemcsak cs\u00f6kkentik k\u00f6rnyezeti terhel\u00e9s\u00fcket, hanem jav\u00edtj\u00e1k h\u00edrnev\u00fcket \u00e9s tudatos fogyaszt\u00f3kat vonzanak.<\/p>\n\n\n\n<p><strong>\u00d6sszefoglalva<\/strong>, a <strong>2025-\u00f6s technol\u00f3giai trendek, amelyek befoly\u00e1solj\u00e1k a mindennapi \u00e9letedet<\/strong> Ezek egy evol\u00faci\u00f3s l\u00e9p\u00e9st jelentenek egy intelligensebb, hat\u00e9konyabb \u00e9s fenntarthat\u00f3bb j\u00f6v\u0151 fel\u00e9.<\/p>\n\n\n\n<p>Azok, akik meg\u00e9rtik a hat\u00f3k\u00f6r\u00fcket \u00e9s megtanulj\u00e1k kihaszn\u00e1lni azokat, nemcsak a digit\u00e1lis korban fognak boldogulni, hanem hozz\u00e1j\u00e1rulnak egy \u00f6sszekapcsoltabb \u00e9s tudatosabb vil\u00e1g \u00e9p\u00edt\u00e9s\u00e9hez is.<\/p>","protected":false},"excerpt":{"rendered":"<p>Las tendencias tecnol\u00f3gicas de 2025 que afectar\u00e1n tu d\u00eda a d\u00eda ya est\u00e1n marcando una nueva era en la forma en que vivimos, trabajamos y nos relacionamos con el mundo digital. Este a\u00f1o representa un punto de inflexi\u00f3n, donde la inteligencia artificial, la automatizaci\u00f3n y la sostenibilidad tecnol\u00f3gica se entrelazan con la vida cotidiana. En [&hellip;]<\/p>","protected":false},"author":219,"featured_media":10180,"comment_status":"closed","ping_status":"open","sticky":false,"template":"","format":"standard","meta":{"footnotes":""},"categories":[3],"tags":[],"yoast_head":"<!-- This site is optimized with the Yoast SEO plugin v23.3 - https:\/\/yoast.com\/wordpress\/plugins\/seo\/ -->\n<title>Tendencias tecnol\u00f3gicas de 2025 que afectar\u00e1n tu d\u00eda a d\u00eda - Universo Fam\u00edlia<\/title>\n<meta name=\"description\" content=\"Las tendencias tecnol\u00f3gicas de 2025 que afectar\u00e1n tu d\u00eda a d\u00eda ya est\u00e1n marcando una nueva era en la forma en que vivimos, trabajamos y nos..\" \/>\n<meta name=\"robots\" content=\"index, follow, max-snippet:-1, max-image-preview:large, max-video-preview:-1\" \/>\n<link rel=\"canonical\" href=\"https:\/\/universofamilia.com\/hu\/tendencias-tecnologicas-de-2025-que-afectaran-tu-dia-a-dia\/\" \/>\n<meta property=\"og:locale\" content=\"hu_HU\" \/>\n<meta property=\"og:type\" content=\"article\" \/>\n<meta property=\"og:title\" content=\"Tendencias tecnol\u00f3gicas de 2025 que afectar\u00e1n tu d\u00eda a d\u00eda - Universo Fam\u00edlia\" \/>\n<meta property=\"og:description\" content=\"Las tendencias tecnol\u00f3gicas de 2025 que afectar\u00e1n tu d\u00eda a d\u00eda ya est\u00e1n marcando una nueva era en la forma en que vivimos, trabajamos y nos..\" \/>\n<meta property=\"og:url\" content=\"https:\/\/universofamilia.com\/hu\/tendencias-tecnologicas-de-2025-que-afectaran-tu-dia-a-dia\/\" \/>\n<meta property=\"og:site_name\" content=\"Universo Fam\u00edlia\" \/>\n<meta property=\"article:published_time\" content=\"2025-10-17T18:33:59+00:00\" \/>\n<meta property=\"article:modified_time\" content=\"2025-10-17T18:34:01+00:00\" \/>\n<meta property=\"og:image\" content=\"https:\/\/universofamilia.com\/wp-content\/uploads\/sites\/148\/2025\/10\/Destaque-Novo-Universo-13.jpg\" \/>\n\t<meta property=\"og:image:width\" content=\"450\" \/>\n\t<meta property=\"og:image:height\" content=\"250\" \/>\n\t<meta property=\"og:image:type\" content=\"image\/jpeg\" \/>\n<meta name=\"author\" content=\"Matheus Sangaletti\" \/>\n<meta name=\"twitter:card\" content=\"summary_large_image\" \/>\n<meta name=\"twitter:label1\" content=\"Written by\" \/>\n\t<meta name=\"twitter:data1\" content=\"Matheus Sangaletti\" \/>\n\t<meta name=\"twitter:label2\" content=\"Est. reading time\" \/>\n\t<meta name=\"twitter:data2\" content=\"8 perc\" \/>\n<script type=\"application\/ld+json\" class=\"yoast-schema-graph\">{\"@context\":\"https:\/\/schema.org\",\"@graph\":[{\"@type\":\"WebPage\",\"@id\":\"https:\/\/universofamilia.com\/cs\/tendencias-tecnologicas-de-2025-que-afectaran-tu-dia-a-dia\/\",\"url\":\"https:\/\/universofamilia.com\/cs\/tendencias-tecnologicas-de-2025-que-afectaran-tu-dia-a-dia\/\",\"name\":\"Tendencias tecnol\u00f3gicas de 2025 que afectar\u00e1n tu d\u00eda a d\u00eda - Universo Fam\u00edlia\",\"isPartOf\":{\"@id\":\"https:\/\/universofamilia.com\/el\/#website\"},\"primaryImageOfPage\":{\"@id\":\"https:\/\/universofamilia.com\/cs\/tendencias-tecnologicas-de-2025-que-afectaran-tu-dia-a-dia\/#primaryimage\"},\"image\":{\"@id\":\"https:\/\/universofamilia.com\/cs\/tendencias-tecnologicas-de-2025-que-afectaran-tu-dia-a-dia\/#primaryimage\"},\"thumbnailUrl\":\"https:\/\/universofamilia.com\/wp-content\/uploads\/sites\/148\/2025\/10\/Destaque-Novo-Universo-13.jpg\",\"datePublished\":\"2025-10-17T18:33:59+00:00\",\"dateModified\":\"2025-10-17T18:34:01+00:00\",\"author\":{\"@id\":\"https:\/\/universofamilia.com\/el\/#\/schema\/person\/92fcd07e9b1f4323bf74f3170fc0f78a\"},\"description\":\"Las tendencias tecnol\u00f3gicas de 2025 que afectar\u00e1n tu d\u00eda a d\u00eda ya est\u00e1n marcando una nueva era en la forma en que vivimos, trabajamos y nos..\",\"breadcrumb\":{\"@id\":\"https:\/\/universofamilia.com\/cs\/tendencias-tecnologicas-de-2025-que-afectaran-tu-dia-a-dia\/#breadcrumb\"},\"inLanguage\":\"hu\",\"potentialAction\":[{\"@type\":\"ReadAction\",\"target\":[\"https:\/\/universofamilia.com\/cs\/tendencias-tecnologicas-de-2025-que-afectaran-tu-dia-a-dia\/\"]}]},{\"@type\":\"ImageObject\",\"inLanguage\":\"hu\",\"@id\":\"https:\/\/universofamilia.com\/cs\/tendencias-tecnologicas-de-2025-que-afectaran-tu-dia-a-dia\/#primaryimage\",\"url\":\"https:\/\/universofamilia.com\/wp-content\/uploads\/sites\/148\/2025\/10\/Destaque-Novo-Universo-13.jpg\",\"contentUrl\":\"https:\/\/universofamilia.com\/wp-content\/uploads\/sites\/148\/2025\/10\/Destaque-Novo-Universo-13.jpg\",\"width\":450,\"height\":250},{\"@type\":\"BreadcrumbList\",\"@id\":\"https:\/\/universofamilia.com\/cs\/tendencias-tecnologicas-de-2025-que-afectaran-tu-dia-a-dia\/#breadcrumb\",\"itemListElement\":[{\"@type\":\"ListItem\",\"position\":1,\"name\":\"Home\",\"item\":\"https:\/\/universofamilia.com\/el\/\"},{\"@type\":\"ListItem\",\"position\":2,\"name\":\"Tendencias tecnol\u00f3gicas de 2025 que afectar\u00e1n tu d\u00eda a d\u00eda\"}]},{\"@type\":\"WebSite\",\"@id\":\"https:\/\/universofamilia.com\/el\/#website\",\"url\":\"https:\/\/universofamilia.com\/el\/\",\"name\":\"Universo Fam\u00edlia\",\"description\":\"\",\"potentialAction\":[{\"@type\":\"SearchAction\",\"target\":{\"@type\":\"EntryPoint\",\"urlTemplate\":\"https:\/\/universofamilia.com\/el\/?s={search_term_string}\"},\"query-input\":\"required name=search_term_string\"}],\"inLanguage\":\"hu\"},{\"@type\":\"Person\",\"@id\":\"https:\/\/universofamilia.com\/el\/#\/schema\/person\/92fcd07e9b1f4323bf74f3170fc0f78a\",\"name\":\"Matheus Sangaletti\",\"image\":{\"@type\":\"ImageObject\",\"inLanguage\":\"hu\",\"@id\":\"https:\/\/universofamilia.com\/el\/#\/schema\/person\/image\/\",\"url\":\"https:\/\/secure.gravatar.com\/avatar\/280ea957a14a48e6a1ad2133d2cc27c9?s=96&d=mm&r=g\",\"contentUrl\":\"https:\/\/secure.gravatar.com\/avatar\/280ea957a14a48e6a1ad2133d2cc27c9?s=96&d=mm&r=g\",\"caption\":\"Matheus Sangaletti\"},\"url\":\"https:\/\/universofamilia.com\/hu\/author\/matheuss\/\"}]}<\/script>\n<!-- \/ Yoast SEO plugin. -->","yoast_head_json":{"title":"Tendencias tecnol\u00f3gicas de 2025 que afectar\u00e1n tu d\u00eda a d\u00eda - Universo Fam\u00edlia","description":"Las tendencias tecnol\u00f3gicas de 2025 que afectar\u00e1n tu d\u00eda a d\u00eda ya est\u00e1n marcando una nueva era en la forma en que vivimos, trabajamos y nos..","robots":{"index":"index","follow":"follow","max-snippet":"max-snippet:-1","max-image-preview":"max-image-preview:large","max-video-preview":"max-video-preview:-1"},"canonical":"https:\/\/universofamilia.com\/hu\/tendencias-tecnologicas-de-2025-que-afectaran-tu-dia-a-dia\/","og_locale":"hu_HU","og_type":"article","og_title":"Tendencias tecnol\u00f3gicas de 2025 que afectar\u00e1n tu d\u00eda a d\u00eda - Universo Fam\u00edlia","og_description":"Las tendencias tecnol\u00f3gicas de 2025 que afectar\u00e1n tu d\u00eda a d\u00eda ya est\u00e1n marcando una nueva era en la forma en que vivimos, trabajamos y nos..","og_url":"https:\/\/universofamilia.com\/hu\/tendencias-tecnologicas-de-2025-que-afectaran-tu-dia-a-dia\/","og_site_name":"Universo Fam\u00edlia","article_published_time":"2025-10-17T18:33:59+00:00","article_modified_time":"2025-10-17T18:34:01+00:00","og_image":[{"width":450,"height":250,"url":"https:\/\/universofamilia.com\/wp-content\/uploads\/sites\/148\/2025\/10\/Destaque-Novo-Universo-13.jpg","type":"image\/jpeg"}],"author":"Matheus Sangaletti","twitter_card":"summary_large_image","twitter_misc":{"Written by":"Matheus Sangaletti","Est. reading time":"8 perc"},"schema":{"@context":"https:\/\/schema.org","@graph":[{"@type":"WebPage","@id":"https:\/\/universofamilia.com\/cs\/tendencias-tecnologicas-de-2025-que-afectaran-tu-dia-a-dia\/","url":"https:\/\/universofamilia.com\/cs\/tendencias-tecnologicas-de-2025-que-afectaran-tu-dia-a-dia\/","name":"Tendencias tecnol\u00f3gicas de 2025 que afectar\u00e1n tu d\u00eda a d\u00eda - Universo Fam\u00edlia","isPartOf":{"@id":"https:\/\/universofamilia.com\/el\/#website"},"primaryImageOfPage":{"@id":"https:\/\/universofamilia.com\/cs\/tendencias-tecnologicas-de-2025-que-afectaran-tu-dia-a-dia\/#primaryimage"},"image":{"@id":"https:\/\/universofamilia.com\/cs\/tendencias-tecnologicas-de-2025-que-afectaran-tu-dia-a-dia\/#primaryimage"},"thumbnailUrl":"https:\/\/universofamilia.com\/wp-content\/uploads\/sites\/148\/2025\/10\/Destaque-Novo-Universo-13.jpg","datePublished":"2025-10-17T18:33:59+00:00","dateModified":"2025-10-17T18:34:01+00:00","author":{"@id":"https:\/\/universofamilia.com\/el\/#\/schema\/person\/92fcd07e9b1f4323bf74f3170fc0f78a"},"description":"Las tendencias tecnol\u00f3gicas de 2025 que afectar\u00e1n tu d\u00eda a d\u00eda ya est\u00e1n marcando una nueva era en la forma en que vivimos, trabajamos y nos..","breadcrumb":{"@id":"https:\/\/universofamilia.com\/cs\/tendencias-tecnologicas-de-2025-que-afectaran-tu-dia-a-dia\/#breadcrumb"},"inLanguage":"hu","potentialAction":[{"@type":"ReadAction","target":["https:\/\/universofamilia.com\/cs\/tendencias-tecnologicas-de-2025-que-afectaran-tu-dia-a-dia\/"]}]},{"@type":"ImageObject","inLanguage":"hu","@id":"https:\/\/universofamilia.com\/cs\/tendencias-tecnologicas-de-2025-que-afectaran-tu-dia-a-dia\/#primaryimage","url":"https:\/\/universofamilia.com\/wp-content\/uploads\/sites\/148\/2025\/10\/Destaque-Novo-Universo-13.jpg","contentUrl":"https:\/\/universofamilia.com\/wp-content\/uploads\/sites\/148\/2025\/10\/Destaque-Novo-Universo-13.jpg","width":450,"height":250},{"@type":"BreadcrumbList","@id":"https:\/\/universofamilia.com\/cs\/tendencias-tecnologicas-de-2025-que-afectaran-tu-dia-a-dia\/#breadcrumb","itemListElement":[{"@type":"ListItem","position":1,"name":"Home","item":"https:\/\/universofamilia.com\/el\/"},{"@type":"ListItem","position":2,"name":"Tendencias tecnol\u00f3gicas de 2025 que afectar\u00e1n tu d\u00eda a d\u00eda"}]},{"@type":"WebSite","@id":"https:\/\/universofamilia.com\/el\/#website","url":"https:\/\/universofamilia.com\/el\/","name":"Universo Fam\u00edlia","description":"","potentialAction":[{"@type":"SearchAction","target":{"@type":"EntryPoint","urlTemplate":"https:\/\/universofamilia.com\/el\/?s={search_term_string}"},"query-input":"required name=search_term_string"}],"inLanguage":"hu"},{"@type":"Person","@id":"https:\/\/universofamilia.com\/el\/#\/schema\/person\/92fcd07e9b1f4323bf74f3170fc0f78a","name":"Matheus Sangaletti","image":{"@type":"ImageObject","inLanguage":"hu","@id":"https:\/\/universofamilia.com\/el\/#\/schema\/person\/image\/","url":"https:\/\/secure.gravatar.com\/avatar\/280ea957a14a48e6a1ad2133d2cc27c9?s=96&d=mm&r=g","contentUrl":"https:\/\/secure.gravatar.com\/avatar\/280ea957a14a48e6a1ad2133d2cc27c9?s=96&d=mm&r=g","caption":"Matheus Sangaletti"},"url":"https:\/\/universofamilia.com\/hu\/author\/matheuss\/"}]}},"_links":{"self":[{"href":"https:\/\/universofamilia.com\/hu\/wp-json\/wp\/v2\/posts\/10179"}],"collection":[{"href":"https:\/\/universofamilia.com\/hu\/wp-json\/wp\/v2\/posts"}],"about":[{"href":"https:\/\/universofamilia.com\/hu\/wp-json\/wp\/v2\/types\/post"}],"author":[{"embeddable":true,"href":"https:\/\/universofamilia.com\/hu\/wp-json\/wp\/v2\/users\/219"}],"replies":[{"embeddable":true,"href":"https:\/\/universofamilia.com\/hu\/wp-json\/wp\/v2\/comments?post=10179"}],"version-history":[{"count":1,"href":"https:\/\/universofamilia.com\/hu\/wp-json\/wp\/v2\/posts\/10179\/revisions"}],"predecessor-version":[{"id":10183,"href":"https:\/\/universofamilia.com\/hu\/wp-json\/wp\/v2\/posts\/10179\/revisions\/10183"}],"wp:featuredmedia":[{"embeddable":true,"href":"https:\/\/universofamilia.com\/hu\/wp-json\/wp\/v2\/media\/10180"}],"wp:attachment":[{"href":"https:\/\/universofamilia.com\/hu\/wp-json\/wp\/v2\/media?parent=10179"}],"wp:term":[{"taxonomy":"category","embeddable":true,"href":"https:\/\/universofamilia.com\/hu\/wp-json\/wp\/v2\/categories?post=10179"},{"taxonomy":"post_tag","embeddable":true,"href":"https:\/\/universofamilia.com\/hu\/wp-json\/wp\/v2\/tags?post=10179"}],"curies":[{"name":"wp","href":"https:\/\/api.w.org\/{rel}","templated":true}]}}