{"id":10184,"date":"2025-10-17T16:36:08","date_gmt":"2025-10-17T19:36:08","guid":{"rendered":"https:\/\/universofamilia.com\/?p=10184"},"modified":"2025-10-17T16:46:53","modified_gmt":"2025-10-17T19:46:53","slug":"realidad-aumentada-y-metaverso","status":"publish","type":"post","link":"https:\/\/universofamilia.com\/hu\/realidad-aumentada-y-metaverso\/","title":{"rendered":"\u00d6nvezet\u0151 aut\u00f3k, kiterjesztett val\u00f3s\u00e1g \u00e9s a metaverzum"},"content":{"rendered":"<p class=\"has-text-align-center\">A <strong>\u00d6nvezet\u0151 aut\u00f3k, kiterjesztett val\u00f3s\u00e1g \u00e9s a metaverzum: mire sz\u00e1m\u00edthatunk?<\/strong> 2025-ben ezek m\u00e1r nem futurisztikus koncepci\u00f3k, hanem egy olyan technol\u00f3giai \u00e1talakul\u00e1s pill\u00e9rei, amely \u00fajra\u00e9rtelmezi a mobilit\u00e1st.<\/p>\n\n\n\n<figure class=\"wp-block-gallery aligncenter has-nested-images columns-default is-cropped wp-block-gallery-1 is-layout-flex wp-block-gallery-is-layout-flex\">\n<figure class=\"wp-block-image size-full\"><img loading=\"lazy\" decoding=\"async\" width=\"450\" height=\"250\" data-id=\"10186\" src=\"https:\/\/universofamilia.com\/wp-content\/uploads\/sites\/148\/2025\/10\/Destaque-Novo-Universo-17-1.jpg\" alt=\"\" class=\"wp-image-10186\" srcset=\"https:\/\/universofamilia.com\/wp-content\/uploads\/sites\/148\/2025\/10\/Destaque-Novo-Universo-17-1.jpg 450w, https:\/\/universofamilia.com\/wp-content\/uploads\/sites\/148\/2025\/10\/Destaque-Novo-Universo-17-1-300x167.jpg 300w, https:\/\/universofamilia.com\/wp-content\/uploads\/sites\/148\/2025\/10\/Destaque-Novo-Universo-17-1-18x10.jpg 18w\" sizes=\"(max-width: 450px) 100vw, 450px\" \/><figcaption class=\"wp-element-caption\">CANVA<\/figcaption><\/figure>\n<\/figure>\n\n\n\n<p class=\"has-text-align-center\">Ez az \u00e9v h\u00e1rom olyan innov\u00e1ci\u00f3 tal\u00e1lkoz\u00e1si pontj\u00e1t jelzi, amelyek egykor t\u00e1volinak t\u0171ntek, de most egy\u00fcttm\u0171k\u00f6dve biztons\u00e1gosabb, mag\u00e1val ragad\u00f3bb \u00e9s szem\u00e9lyre szabottabb k\u00f6rnyezetet teremtenek.<\/p>\n\n\n\n<p>Ez a cikk azt vizsg\u00e1lja, hogy ezek az el\u0151rel\u00e9p\u00e9sek hogyan alak\u00edtj\u00e1k a jelent \u00e9s a k\u00f6zvetlen j\u00f6v\u0151t, a val\u00f3s alkalmaz\u00e1si lehet\u0151s\u00e9geiket, az \u00e1ltaluk jelentett etikai \u00e9s t\u00e1rsadalmi kih\u00edv\u00e1sokat, \u00e9s hogy mire sz\u00e1m\u00edthatunk az elk\u00f6vetkez\u0151 \u00e9vekben.<\/p>\n\n\n\n<p><strong>A cikk \u00f6sszefoglal\u00e1sa:<\/strong><\/p>\n\n\n\n<ol>\n<li>Az \u00f6nvezet\u0151 aut\u00f3k meg\u00e1ll\u00edthatatlan t\u00e9rnyer\u00e9se.<\/li>\n\n\n\n<li>Kiterjesztett val\u00f3s\u00e1g: a k\u00e9perny\u0151t\u0151l a fizikai k\u00f6rnyezetig.<\/li>\n\n\n\n<li>A metaverzum \u00e9s a digit\u00e1lis \u00e9lm\u00e9nyek terjeszked\u00e9se.<\/li>\n\n\n\n<li>A mobilit\u00e1s, az immerzi\u00f3 \u00e9s a virtualit\u00e1s \u00f6sszekapcsol\u00f3d\u00e1sa.<\/li>\n\n\n\n<li>Etikai kih\u00edv\u00e1sok, fenntarthat\u00f3s\u00e1g \u00e9s adatv\u00e9delem.<\/li>\n\n\n\n<li>Konkl\u00fazi\u00f3 \u00e9s gyakran ism\u00e9telt k\u00e9rd\u00e9sek.<\/li>\n<\/ol>\n\n\n\n<h3 class=\"wp-block-heading\">Az \u00f6nvezet\u0151 aut\u00f3k meg\u00e1ll\u00edthatatlan el\u0151ret\u00f6r\u00e9se<\/h3>\n\n\n\n<p>A <strong>\u00d6nvezet\u0151 aut\u00f3k, kiterjesztett val\u00f3s\u00e1g \u00e9s a metaverzum: mire sz\u00e1m\u00edthatunk?<\/strong> H\u00e1rom p\u00e1rhuzamos forradalmat k\u00e9pviselnek, de a vezet\u0151 n\u00e9lk\u00fcli j\u00e1rm\u0171vek fejleszt\u00e9se v\u00e1lt a legk\u00e9zzelfoghat\u00f3bb tengelly\u00e9.<\/p>\n\n\n\n<p>2025-re olyan c\u00e9gek, mint a Tesla, a Waymo, a Baidu \u00e9s a Cruise jelent\u0151s el\u0151rel\u00e9p\u00e9st tettek a 4. szint\u0171 auton\u00f3mia fel\u00e9, amely lehet\u0151v\u00e9 teszi az aut\u00f3k sz\u00e1m\u00e1ra, hogy emberi beavatkoz\u00e1s n\u00e9lk\u00fcl k\u00f6zlekedjenek ellen\u0151rz\u00f6tt v\u00e1rosi k\u00f6rnyezetben.<\/p>\n\n\n\n<p>Egy friss jelent\u00e9s szerint <em>Sz\u00f6vets\u00e9ges piackutat\u00e1s<\/em>a glob\u00e1lis \u00f6nvezet\u0151 j\u00e1rm\u0171vek piaca el\u00e9ri a ... \u00e9rt\u00e9k\u00e9t. <strong>2,3 billi\u00f3 USD 2030-ra<\/strong>, amelyet a szenzorokba, g\u00e9pi tanul\u00e1si szoftverekbe \u00e9s 5G h\u00e1l\u00f3zatokba t\u00f6rt\u00e9n\u0151 n\u00f6vekv\u0151 beruh\u00e1z\u00e1sok vez\u00e9relnek<\/p>\n\n\n\n<p> Mexik\u00f3ban m\u00e1r l\u00e9teznek k\u00eds\u00e9rleti programok Monterreyben \u00e9s Guadalajar\u00e1ban, ahol kijel\u00f6lt ter\u00fcleteken \u00f6nvezet\u0151 taxik flott\u00e1i m\u0171k\u00f6dnek, hat\u00e9konyabb \u00e1tsz\u00e1ll\u00e1st k\u00edn\u00e1lva \u00e9s cs\u00f6kkentve az emberi hib\u00e1k miatti balesetek sz\u00e1m\u00e1t.<\/p>\n\n\n\n<p>A vita azonban t\u00falmutat a m\u00e9rn\u00f6ki munk\u00e1n: bizalmat is mag\u00e1ban foglal. Hajland\u00f3 vagy teljesen \u00e1tadni a j\u00e1rm\u0171ved feletti ir\u00e1ny\u00edt\u00e1st egy algoritmusnak?<\/p>\n\n\n\n<p>Az \u00f6nvezet\u0151 aut\u00f3kra val\u00f3 \u00e1tt\u00e9r\u00e9s \u00faj kapcsolatot ig\u00e9nyel az ember \u00e9s a g\u00e9p k\u00f6z\u00f6tt, amelyben az \u00e1tl\u00e1that\u00f3s\u00e1g \u00e9s a biztons\u00e1g elengedhetetlen.<\/p>\n\n\n\n<h3 class=\"wp-block-heading\">Kiterjesztett val\u00f3s\u00e1g: a k\u00e9perny\u0151t\u0151l a fizikai k\u00f6rnyezetig<\/h3>\n\n\n\n<p>A m\u00e1sodik jelent\u0151s \u00e1talakul\u00e1s bel\u00fcl <strong>\u00d6nvezet\u0151 aut\u00f3k, kiterjesztett val\u00f3s\u00e1g \u00e9s a metaverzum: mire sz\u00e1m\u00edthatunk?<\/strong> a kiterjesztett val\u00f3s\u00e1g (AR) t\u00e9rnyer\u00e9se.<\/p>\n\n\n\n<p>Ez a technol\u00f3gia feler\u0151s\u00edti a val\u00f3s k\u00f6rnyezetet az\u00e1ltal, hogy digit\u00e1lis inform\u00e1ci\u00f3kat vet\u00edt r\u00e1, interakt\u00edv \u00e9lm\u00e9nyeket gener\u00e1lva, amelyek kor\u00e1bban csak a sci-fiben l\u00e9teztek.<\/p>\n\n\n\n<p>2025-re az AR (AR) technol\u00f3gi\u00e1t integr\u00e1lj\u00e1k a j\u00e1rm\u0171vek sz\u00e9lv\u00e9d\u0151ibe, \u00e9s olyan adatokat vet\u00edtenek ki, mint a sebess\u00e9gkorl\u00e1toz\u00e1sok, a biztons\u00e1gos t\u00e1vols\u00e1gok \u00e9s az optim\u00e1lis \u00fatvonalak, k\u00f6zvetlen\u00fcl a vezet\u0151 vagy az utas l\u00e1t\u00f3ter\u00e9be.<\/p>\n\n\n\n<p>Az olyan m\u00e1rk\u00e1k, mint a BMW \u00e9s a Mercedes-Benz, m\u00e1r felszerelnek egyes modelleket fejlett head-up kijelz\u0151kkel, amelyek mesters\u00e9ges intelligenci\u00e1t haszn\u00e1lnak a kock\u00e1zatok el\u0151rejelz\u00e9s\u00e9re \u00e9s proakt\u00edv \u00fatmutat\u00e1s ny\u00fajt\u00e1s\u00e1ra.<\/p>\n\n\n\n<p><\/p>\n\n\n\n<p>Az aut\u00f3iparon k\u00edv\u00fcl a kiterjesztett val\u00f3s\u00e1g az oktat\u00e1s \u00e9s a kereskedelem k\u00f6zponti elem\u00e9v\u00e9 v\u00e1lt.<\/p>\n\n\n\n<p>Egy aktu\u00e1lis p\u00e9lda: Mexik\u00f3ban egyes egyetemek virtu\u00e1lis laborat\u00f3riumokban alkalmazz\u00e1k az AR-t, hogy a m\u00e9rn\u00f6khallgat\u00f3k fizikai anyagok haszn\u00e1lata n\u00e9lk\u00fcl is interakci\u00f3ba l\u00e9phessenek az elektromos rendszerek 3D-s modelljeivel.<\/p>\n\n\n\n<p>L\u00e9nyeg\u00e9ben a kiterjesztett val\u00f3s\u00e1g \u00e1talak\u00edtja a vil\u00e1gr\u00f3l alkotott k\u00e9p\u00fcnket, elmosva a hat\u00e1rokat a digit\u00e1lis \u00e9s a k\u00e9zzelfoghat\u00f3 k\u00f6z\u00f6tt.<\/p>\n\n\n\n<p>Mint egy intelligens lencse a val\u00f3s\u00e1gra, kiterjeszti az emberi l\u00e1t\u00e1s, tanul\u00e1s \u00e9s cselekv\u00e9s k\u00e9pess\u00e9g\u00e9t.<\/p>\n\n\n\n<h3 class=\"wp-block-heading\">A metaverzum \u00e9s a digit\u00e1lis \u00e9lm\u00e9nyek terjeszked\u00e9se<\/h3>\n\n\n\n<p>A metaverzum kiforrott\u00e1 v\u00e1lt. Ami egykor t\u00e1rsadalmi vagy sz\u00f3rakoztat\u00f3 k\u00eds\u00e9rlet volt, az m\u00e1ra egy gazdas\u00e1gi \u00e9s oktat\u00e1si platformm\u00e1 v\u00e1lt, sz\u00e1mos val\u00f3s alkalmaz\u00e1ssal.<\/p>\n\n\n\n<p>2025-ben els\u0151sorban k\u00e9pz\u00e9sekre, munka\u00e9rtekezletekre, t\u00e1veg\u00e9szs\u00e9g\u00fcgyre \u00e9s egy\u00fcttm\u0171k\u00f6d\u00e9sen alapul\u00f3 projektfejleszt\u00e9sre fogj\u00e1k haszn\u00e1lni.<\/p>\n\n\n\n<p>A kontextusban <strong>\u00d6nvezet\u0151 aut\u00f3k, kiterjesztett val\u00f3s\u00e1g \u00e9s a metaverzum: mire sz\u00e1m\u00edthatunk?<\/strong>Ez az \u00f6sszekapcsolt virtu\u00e1lis univerzum a t\u00e1vmunka, az alkot\u00e1s \u00e9s a tanul\u00e1s ter\u00e9v\u00e9 v\u00e1lik.<\/p>\n\n\n\n<p>Olyan c\u00e9gek, mint a Meta, a Microsoft \u00e9s az NVIDIA, a kezdeti koncepci\u00f3t valami pragmatikusabb\u00e1 alak\u00edtott\u00e1k:<\/p>\n\n\n\n<p>Olyan \u00f6kosziszt\u00e9m\u00e1k, ahol az emberek val\u00f3s id\u0151ben m\u0171k\u00f6dhetnek egy\u00fctt a vil\u00e1g k\u00fcl\u00f6nb\u00f6z\u0151 r\u00e9szeir\u0151l, hiperrealisztikus avat\u00e1rok \u00e9s 3D szimul\u00e1ci\u00f3s eszk\u00f6z\u00f6k seg\u00edts\u00e9g\u00e9vel.<\/p>\n\n\n\n<p>Mexik\u00f3ban olyan \u00e1gazatok, mint az \u00e9p\u00edt\u00e9szet \u00e9s az orvostudom\u00e1ny, m\u00e1r kihaszn\u00e1lj\u00e1k ezeket a k\u00f6rnyezeteket szakembereik k\u00e9pz\u00e9s\u00e9re.<\/p>\n\n\n\n<p>P\u00e9ld\u00e1ul egy seb\u00e9szekb\u0151l \u00e1ll\u00f3 csoport a <em>Salvador Zubir\u00e1n Nemzeti Orvostudom\u00e1nyi \u00e9s T\u00e1pl\u00e1lkoz\u00e1studom\u00e1nyi Int\u00e9zet<\/em> virtu\u00e1lis k\u00f6rnyezeteket haszn\u00e1l a komplex elj\u00e1r\u00e1sok megtervez\u00e9s\u00e9hez, miel\u0151tt azokat val\u00f3di m\u0171t\u0151kben v\u00e9grehajtan\u00e1.<\/p>\n\n\n\n<p>A metaverzum a mobilit\u00e1ssal is kapcsolatban \u00e1ll: az \u00f6nvezet\u0151 aut\u00f3k ezeknek a tereknek a mobil kiterjeszt\u00e9seiv\u00e9 v\u00e1lhatnak, ahol az utasok dolgozhatnak, tanulhatnak vagy sz\u00f3rakozhatnak utaz\u00e1s k\u00f6zben an\u00e9lk\u00fcl, hogy a forgalom miatt kellene agg\u00f3dniuk.<\/p>\n\n\n\n<h3 class=\"wp-block-heading\">A mobilit\u00e1s, az immerzi\u00f3 \u00e9s a virtualit\u00e1s \u00f6sszekapcsol\u00f3d\u00e1sa<\/h3>\n\n\n\n<p>Az igaz\u00e1n leny\u0171g\u00f6z\u0151 dolog a <strong>\u00d6nvezet\u0151 aut\u00f3k, kiterjesztett val\u00f3s\u00e1g \u00e9s a metaverzum: mire sz\u00e1m\u00edthatunk?<\/strong> Nem az egyes technol\u00f3gi\u00e1kr\u00f3l van sz\u00f3 k\u00fcl\u00f6n-k\u00fcl\u00f6n, hanem azok integr\u00e1ci\u00f3j\u00e1r\u00f3l.<\/p>\n\n\n\n<p>2025-re a k\u00f6zt\u00fck l\u00e9v\u0151 szinergia teljesen \u00faj digit\u00e1lis \u00f6kosziszt\u00e9m\u00e1kat hoz l\u00e9tre.<\/p>\n\n\n\n<p>K\u00e9pzeld el: besz\u00e1llsz egy kiterjesztett val\u00f3s\u00e1ggal felszerelt \u00f6nvezet\u0151 j\u00e1rm\u0171be.<\/p>\n\n\n\n<p>Mik\u00f6zben az aut\u00f3 vezet, a sz\u00e9lv\u00e9d\u0151 inform\u00e1ci\u00f3kat vet\u00edt ki az \u00e1thalad\u00f3 helyekr\u0151l \u2013 el\u0151zm\u00e9nyeket, aj\u00e1nl\u00e1sokat, id\u0151j\u00e1r\u00e1st \u00e9s forgalmat \u2013, mik\u00f6zben \u00d6n egy virtu\u00e1lis \u00e9rtekezleten vesz r\u00e9szt a metaverzumban.<\/p>\n\n\n\n<p>Nem vagy elszakadva a val\u00f3s\u00e1gt\u00f3l, hanem kit\u00e1gulva benne.<\/p>\n\n\n\n<p>Ez az igazi forradalom: nem p\u00e1rhuzamos vil\u00e1gokban \u00e9lni, hanem egyetlen hibrid k\u00f6rnyezetben, ahol a fizikai \u00e9s a digit\u00e1lis egy\u00fctt l\u00e9tezik.<\/p>\n\n\n\n<p>Ez az integr\u00e1ci\u00f3 \u00fajra\u00e9rtelmezi a \u201ejelenl\u00e9t\u201d fogalm\u00e1t, \u00e9s a rutint intelligens \u00e9s szem\u00e9lyre szabott \u00e9lm\u00e9nny\u00e9 alak\u00edtja.<\/p>\n\n\n\n<p>Egy konkr\u00e9t p\u00e9lda erre a projekt <em>Okos Mobilit\u00e1si K\u00f6zpont<\/em> D\u00e9l-Kore\u00e1ban fejlesztett\u00e9k ki, amely az \u00f6nvezet\u0151 k\u00f6zleked\u00e9st, a kiterjesztett val\u00f3s\u00e1got \u00e9s a 6G-kapcsolatot \u00f6tv\u00f6zi, hogy a felhaszn\u00e1l\u00f3hoz igaz\u00edtott dinamikus \u00fatvonalakat hozzon l\u00e9tre.<\/p>\n\n\n\n<p>Ez a modell referenciak\u00e9nt szolg\u00e1l majd a latin-amerikai v\u00e1rosok sz\u00e1m\u00e1ra, amelyek a hat\u00e9konyabb \u00e9s \u00f6sszekapcsoltabb v\u00e1rosi mobilit\u00e1s fel\u00e9 k\u00edv\u00e1nnak \u00e1t\u00e1llni.<\/p>\n\n\n\n<h3 class=\"wp-block-heading\">Etikai kih\u00edv\u00e1sok, fenntarthat\u00f3s\u00e1g \u00e9s adatv\u00e9delem<\/h3>\n\n\n\n<p>Minden technol\u00f3giai forradalom erk\u00f6lcsi dilemm\u00e1kat vet fel.<\/p>\n\n\n\n<p>A ... eset\u00e9ben <strong>\u00d6nvezet\u0151 aut\u00f3k, kiterjesztett val\u00f3s\u00e1g \u00e9s a metaverzum: mire sz\u00e1m\u00edthatunk?<\/strong>az adatv\u00e9delemmel, a fenntarthat\u00f3s\u00e1ggal \u00e9s az adatfelhaszn\u00e1l\u00e1ssal kapcsolatos k\u00e9rd\u00e9sek s\u00fcrget\u0151v\u00e9 v\u00e1lnak.<\/p>\n\n\n\n<p>A szem\u00e9lyes adatok immerz\u00edv k\u00f6rnyezetben t\u00f6rt\u00e9n\u0151 feldolgoz\u00e1sa szigor\u00fa szab\u00e1lyoz\u00e1st ig\u00e9nyel.<\/p>\n\n\n\n<p>2025-ben a <em>Eur\u00f3pai Uni\u00f3<\/em> \u00e9s sz\u00e1mos latin-amerikai orsz\u00e1g, k\u00f6zt\u00fck Mexik\u00f3 is, szigor\u00fabb jogi kereteket fogadott el a digit\u00e1lis identit\u00e1s v\u00e9delme \u00e9s a biometrikus k\u00f6vet\u00e9s korl\u00e1toz\u00e1sa \u00e9rdek\u00e9ben.<\/p>\n\n\n\n<p>Egy m\u00e1sik kih\u00edv\u00e1s a fenntarthat\u00f3s\u00e1g. A metaverzumot \u00e9s a mesters\u00e9ges intelligenci\u00e1t t\u00e1mogat\u00f3 adatk\u00f6zpontok nagy mennyis\u00e9g\u0171 energi\u00e1t fogyasztanak.<\/p>\n\n\n\n<p>A szerint <em>Nemzetk\u00f6zi Energia\u00fcgyn\u00f6ks\u00e9g (IEA)<\/em>a digit\u00e1lis m\u0171veletek k\u00f6r\u00fclbel\u00fcl <strong>41 TP3 billi\u00f3 a glob\u00e1lis villamosenergia-fogyaszt\u00e1sb\u00f3l<\/strong>.<\/p>\n\n\n\n<p>A v\u00e1llalatok meg\u00fajul\u00f3 energiastrat\u00e9gi\u00e1kkal \u00e9s algoritmikus optimaliz\u00e1l\u00e1ssal reag\u00e1lnak sz\u00e9nl\u00e1bnyomuk cs\u00f6kkent\u00e9se \u00e9rdek\u00e9ben.<\/p>\n\n\n\n<p>Az \u00f6nvezet\u0151 aut\u00f3k etik\u00e1ja is vita t\u00e1rgy\u00e1t k\u00e9pezi: hogyan kellene reag\u00e1lnia egy j\u00e1rm\u0171nek egy elker\u00fclhetetlen baleset eset\u00e9n?<\/p>\n\n\n\n<p>Az ilyen t\u00edpus\u00fa dilemm\u00e1k, amelyeket \u201ealgoritmikus erk\u00f6lcsi d\u00f6nt\u00e9seknek\u201d neveznek, t\u00e1rsadalmi konszenzust \u00e9s \u00e1tl\u00e1that\u00f3s\u00e1got ig\u00e9nyelnek a mesters\u00e9ges intelligencia rendszerek programoz\u00e1s\u00e1ban.<\/p>\n\n\n\n<p>Egyszer\u0171en fogalmazva, a technol\u00f3gia nem fejl\u0151dhet erk\u00f6lcsi ir\u00e1nyt\u0171 n\u00e9lk\u00fcl. A felel\u0151s innov\u00e1ci\u00f3 az egyetlen m\u00f3dja annak, hogy biztos\u00edtsuk, hogy a halad\u00e1s az emberek jav\u00e1t szolg\u00e1lja, ne pedig kiszor\u00edtsa \u0151ket.<\/p>\n\n\n\n<h3 class=\"wp-block-heading\">T\u00e1bl\u00e1zat: Az \u00fajonnan megjelen\u0151 technol\u00f3gi\u00e1k szinergi\u00e1ja 2025-ben<\/h3>\n\n\n\n<figure class=\"wp-block-table\"><table><thead><tr><th>Technol\u00f3gia<\/th><th>F\u0151 alkalmaz\u00e1s<\/th><th>Hat\u00e1s a mindennapi \u00e9letre<\/th><th>Glob\u00e1lis adapt\u00e1ci\u00f3s szint (2025)<\/th><\/tr><\/thead><tbody><tr><td>\u00d6nvezet\u0151 aut\u00f3k<\/td><td>Biztons\u00e1gos \u00e9s hat\u00e9kony mobilit\u00e1s<\/td><td>A balesetek \u00e9s a forgalom cs\u00f6kkent\u00e9se<\/td><td>40%<\/td><\/tr><tr><td>Kiterjesztett val\u00f3s\u00e1g<\/td><td>Oktat\u00e1s \u00e9s k\u00f6zleked\u00e9s<\/td><td>Mag\u00e1val ragad\u00f3 tanul\u00e1s \u00e9s vizu\u00e1lis seg\u00edts\u00e9gny\u00fajt\u00e1s<\/td><td>45%<\/td><\/tr><tr><td>Metaverzum<\/td><td>Egy\u00fcttm\u0171k\u00f6d\u00e9s \u00e9s sz\u00f3rakoz\u00e1s<\/td><td>T\u00e1vmunka \u00e9s virtu\u00e1lis t\u00e1rsas\u00e1gi \u00e9lm\u00e9nyek<\/td><td>35%<\/td><\/tr><\/tbody><\/table><figcaption class=\"wp-element-caption\">\u00d6nvezet\u0151 aut\u00f3k, kiterjesztett val\u00f3s\u00e1g \u00e9s a metaverzum: mire sz\u00e1m\u00edthatunk?<\/figcaption><\/figure>\n\n\n\n<figure class=\"wp-block-gallery aligncenter has-nested-images columns-default is-cropped wp-block-gallery-2 is-layout-flex wp-block-gallery-is-layout-flex\">\n<figure class=\"wp-block-image size-full\"><img loading=\"lazy\" decoding=\"async\" width=\"450\" height=\"250\" data-id=\"10187\" src=\"https:\/\/universofamilia.com\/wp-content\/uploads\/sites\/148\/2025\/10\/Destaque-Novo-Universo-16.jpg\" alt=\"\" class=\"wp-image-10187\" srcset=\"https:\/\/universofamilia.com\/wp-content\/uploads\/sites\/148\/2025\/10\/Destaque-Novo-Universo-16.jpg 450w, https:\/\/universofamilia.com\/wp-content\/uploads\/sites\/148\/2025\/10\/Destaque-Novo-Universo-16-300x167.jpg 300w, https:\/\/universofamilia.com\/wp-content\/uploads\/sites\/148\/2025\/10\/Destaque-Novo-Universo-16-18x10.jpg 18w\" sizes=\"(max-width: 450px) 100vw, 450px\" \/><figcaption class=\"wp-element-caption\">CANVA<\/figcaption><\/figure>\n<\/figure>\n\n\n\n<p>B\u0151vebben:<a href=\"https:\/\/universofamilia.com\/hu\/inteligencia-artificial-en-el-dia-a-dia\/\">&nbsp;Mesters\u00e9ges intelligencia a mindennapi \u00e9letben<\/a><\/p>\n\n\n\n<h3 class=\"wp-block-heading\">K\u00f6vetkeztet\u00e9s: Egy \u00e1tfog\u00f3 technol\u00f3giai \u00f6kosziszt\u00e9ma fel\u00e9<\/h3>\n\n\n\n<p>A <strong>\u00d6nvezet\u0151 aut\u00f3k, kiterjesztett val\u00f3s\u00e1g \u00e9s a metaverzum: mire sz\u00e1m\u00edthatunk?<\/strong> Azt a pontot szimboliz\u00e1lj\u00e1k, ahol a technol\u00f3gia megsz\u0171nik eszk\u00f6z lenni, \u00e9s szerves k\u00f6rnyezett\u00e9 v\u00e1lik.<\/p>\n\n\n\n<p>Ezek az innov\u00e1ci\u00f3k nemcsak az \u00e1ltalunk haszn\u00e1lt t\u00e1rgyakat alak\u00edtj\u00e1k \u00e1t, hanem azt is, ahogyan az emberi interakci\u00f3t, a tanul\u00e1st \u00e9s a mobilit\u00e1st felfogjuk.<\/p>\n\n\n\n<p>A j\u00f6v\u0151 nem lesz teljesen digit\u00e1lis \u00e9s nem is teljesen fizikai, hanem a k\u00e9t vil\u00e1g egyens\u00falya.<\/p>\n\n\n\n<p>A val\u00f3di c\u00e9l olyan \u00e9lm\u00e9nyek megteremt\u00e9se, amelyek a j\u00f3ll\u00e9tet, az akad\u00e1lymentess\u00e9get \u00e9s a fenntarthat\u00f3s\u00e1got helyezik el\u0151t\u00e9rbe.<\/p>\n\n\n\n<p>A technol\u00f3gia, ha megfelel\u0151en ir\u00e1ny\u00edtj\u00e1k, sz\u00f3 szerint \u00e9s \u00e1tvitt \u00e9rtelemben is az az eszk\u00f6z lehet, amely az emberis\u00e9get egy intelligensebb, \u00f6sszekapcsoltabb \u00e9s empatikusabb \u00e9let fel\u00e9 viszi.<\/p>\n\n\n\n<p>B\u0151vebben:<a href=\"https:\/\/universofamilia.com\/hu\/inteligencia-artificial-en-el-dia-a-dia\/\">&nbsp;<\/a><a href=\"https:\/\/universofamilia.com\/hu\/tendencias-tecnologicas-de-2025-que-afectaran-tu-dia-a-dia\/\">2025-\u00f6s technol\u00f3giai trendek, amelyek befoly\u00e1solj\u00e1k a mindennapi \u00e9letedet<\/a><\/p>\n\n\n\n<h3 class=\"wp-block-heading\">Gyakran Ism\u00e9telt K\u00e9rd\u00e9sek<\/h3>\n\n\n\n<p><strong>1. Mikorra v\u00e1rhat\u00f3, hogy az \u00f6nvezet\u0151 aut\u00f3k elterjednek Mexik\u00f3ban?<\/strong><br>A teljesen \u00f6nvezet\u0151 tesztek v\u00e1rhat\u00f3an 2026 \u00e9s 2028 k\u00f6z\u00f6tt b\u0151v\u00fclnek, a helyi szab\u00e1lyoz\u00e1sokt\u00f3l \u00e9s az 5G infrastrukt\u00far\u00e1t\u00f3l f\u00fcgg\u0151en.<\/p>\n\n\n\n<p><strong>2. Milyen szerepet fog j\u00e1tszani a kiterjesztett val\u00f3s\u00e1g az oktat\u00e1sban?<\/strong><br>Kulcsfontoss\u00e1g\u00fa eszk\u00f6z lesz a gyakorlati tanul\u00e1sban, k\u00fcl\u00f6n\u00f6sen a m\u0171szaki p\u00e1ly\u00e1kon, mivel lehet\u0151v\u00e9 teszi a val\u00f3s idej\u0171 szimul\u00e1ci\u00f3kat \u00e9s a folyamatok vizualiz\u00e1ci\u00f3j\u00e1t.<\/p>\n\n\n\n<p>Mexik\u00f3ban n\u00e9h\u00e1ny egyetem virtu\u00e1lis laborat\u00f3riumokban alkalmazza az AR-t, hogy a m\u00e9rn\u00f6khallgat\u00f3k fizikai anyagok haszn\u00e1lata n\u00e9lk\u00fcl is interakci\u00f3ba l\u00e9phessenek az elektromos rendszerek 3D-s modelljeivel.<\/p>\n\n\n\n<p><strong>3. A metaverzum csak a videoj\u00e1t\u00e9koknak sz\u00f3l?<\/strong><br>Nem. 2025-ben els\u0151sorban k\u00e9pz\u00e9sre, munka\u00e9rtekezletekre, t\u00e1veg\u00e9szs\u00e9g\u00fcgyre \u00e9s egy\u00fcttm\u0171k\u00f6d\u00e9sen alapul\u00f3 projektfejleszt\u00e9sre haszn\u00e1lj\u00e1k.<\/p>\n\n\n\n<p><strong>4. Melyek ezen technol\u00f3gi\u00e1k f\u0151 kock\u00e1zatai?<\/strong><br><a href=\"https:\/\/universofamilia.com\/hu\/autenticacion-sin-contrasena-el-futuro-de-la-seguridad-digital\/\">Mag\u00e1n\u00e9let<\/a>, digit\u00e1lis f\u00fcgg\u0151s\u00e9g \u00e9s egyenl\u0151tlens\u00e9g <a href=\"https:\/\/universofamilia.com\/hu\/inteligencia-artificial-en-el-dia-a-dia\/\">hozz\u00e1f\u00e9r\u00e9s<\/a>Ez\u00e9rt a digit\u00e1lis oktat\u00e1si \u00e9s befogad\u00e1si politik\u00e1k elengedhetetlenek lesznek az etikus \u00e9s m\u00e9lt\u00e1nyos haszn\u00e1lat biztos\u00edt\u00e1s\u00e1hoz.<\/p>\n\n\n\n<p><\/p>","protected":false},"excerpt":{"rendered":"<p>\u00d6nvezet\u0151 aut\u00f3k, kiterjesztett val\u00f3s\u00e1g \u00e9s a metaverzum: amire sz\u00e1m\u00edthatunk 2025-ben, az m\u00e1r nem futurisztikus koncepci\u00f3k, hanem egy olyan technol\u00f3giai \u00e1talakul\u00e1s pill\u00e9rei, amely \u00fajra\u00e9rtelmezi a mobilit\u00e1st. Ez az \u00e9v egy olyan pontot jelent, amikor h\u00e1rom, egykor t\u00e1volinak t\u0171n\u0151 innov\u00e1ci\u00f3 tal\u00e1lkozik, amelyek most egy\u00fcttm\u0171k\u00f6dve biztons\u00e1gosabb, mag\u00e1val ragad\u00f3bb \u00e9s szem\u00e9lyre szabottabb k\u00f6rnyezetet teremtenek. Ez a cikk a [\u2026]<\/p>","protected":false},"author":219,"featured_media":10185,"comment_status":"closed","ping_status":"open","sticky":false,"template":"","format":"standard","meta":{"footnotes":""},"categories":[3],"tags":[],"yoast_head":"<!-- This site is optimized with the Yoast SEO plugin v23.3 - https:\/\/yoast.com\/wordpress\/plugins\/seo\/ -->\n<title>Autom\u00f3viles aut\u00f3nomos, realidad aumentada y metaverso - Universo Fam\u00edlia<\/title>\n<meta name=\"description\" content=\"Las autom\u00f3viles aut\u00f3nomos, realidad aumentada y metaverso:qu\u00e9 esperar en 2025 ya no son conceptos futuristas, sino pilares de una transform..\" \/>\n<meta name=\"robots\" content=\"index, follow, max-snippet:-1, max-image-preview:large, max-video-preview:-1\" \/>\n<link rel=\"canonical\" href=\"https:\/\/universofamilia.com\/hu\/realidad-aumentada-y-metaverso\/\" \/>\n<meta property=\"og:locale\" content=\"hu_HU\" \/>\n<meta property=\"og:type\" content=\"article\" \/>\n<meta property=\"og:title\" content=\"Autom\u00f3viles aut\u00f3nomos, realidad aumentada y metaverso - Universo Fam\u00edlia\" \/>\n<meta property=\"og:description\" content=\"Las autom\u00f3viles aut\u00f3nomos, realidad aumentada y metaverso:qu\u00e9 esperar en 2025 ya no son conceptos futuristas, sino pilares de una transform..\" \/>\n<meta property=\"og:url\" content=\"https:\/\/universofamilia.com\/hu\/realidad-aumentada-y-metaverso\/\" \/>\n<meta property=\"og:site_name\" content=\"Universo Fam\u00edlia\" \/>\n<meta property=\"article:published_time\" content=\"2025-10-17T19:36:08+00:00\" \/>\n<meta property=\"article:modified_time\" content=\"2025-10-17T19:46:53+00:00\" \/>\n<meta property=\"og:image\" content=\"https:\/\/universofamilia.com\/wp-content\/uploads\/sites\/148\/2025\/10\/Destaque-Novo-Universo-17.jpg\" \/>\n\t<meta property=\"og:image:width\" content=\"450\" \/>\n\t<meta property=\"og:image:height\" content=\"250\" \/>\n\t<meta property=\"og:image:type\" content=\"image\/jpeg\" \/>\n<meta name=\"author\" content=\"Matheus Sangaletti\" \/>\n<meta name=\"twitter:card\" content=\"summary_large_image\" \/>\n<meta name=\"twitter:label1\" content=\"Written by\" \/>\n\t<meta name=\"twitter:data1\" content=\"Matheus Sangaletti\" \/>\n\t<meta name=\"twitter:label2\" content=\"Est. reading time\" \/>\n\t<meta name=\"twitter:data2\" content=\"9 perc\" \/>\n<script type=\"application\/ld+json\" class=\"yoast-schema-graph\">{\"@context\":\"https:\/\/schema.org\",\"@graph\":[{\"@type\":\"WebPage\",\"@id\":\"https:\/\/universofamilia.com\/cs\/realidad-aumentada-y-metaverso\/\",\"url\":\"https:\/\/universofamilia.com\/cs\/realidad-aumentada-y-metaverso\/\",\"name\":\"Autom\u00f3viles aut\u00f3nomos, realidad aumentada y metaverso - Universo Fam\u00edlia\",\"isPartOf\":{\"@id\":\"https:\/\/universofamilia.com\/el\/#website\"},\"primaryImageOfPage\":{\"@id\":\"https:\/\/universofamilia.com\/cs\/realidad-aumentada-y-metaverso\/#primaryimage\"},\"image\":{\"@id\":\"https:\/\/universofamilia.com\/cs\/realidad-aumentada-y-metaverso\/#primaryimage\"},\"thumbnailUrl\":\"https:\/\/universofamilia.com\/wp-content\/uploads\/sites\/148\/2025\/10\/Destaque-Novo-Universo-17.jpg\",\"datePublished\":\"2025-10-17T19:36:08+00:00\",\"dateModified\":\"2025-10-17T19:46:53+00:00\",\"author\":{\"@id\":\"https:\/\/universofamilia.com\/el\/#\/schema\/person\/92fcd07e9b1f4323bf74f3170fc0f78a\"},\"description\":\"Las autom\u00f3viles aut\u00f3nomos, realidad aumentada y metaverso:qu\u00e9 esperar en 2025 ya no son conceptos futuristas, sino pilares de una transform..\",\"breadcrumb\":{\"@id\":\"https:\/\/universofamilia.com\/cs\/realidad-aumentada-y-metaverso\/#breadcrumb\"},\"inLanguage\":\"hu\",\"potentialAction\":[{\"@type\":\"ReadAction\",\"target\":[\"https:\/\/universofamilia.com\/cs\/realidad-aumentada-y-metaverso\/\"]}]},{\"@type\":\"ImageObject\",\"inLanguage\":\"hu\",\"@id\":\"https:\/\/universofamilia.com\/cs\/realidad-aumentada-y-metaverso\/#primaryimage\",\"url\":\"https:\/\/universofamilia.com\/wp-content\/uploads\/sites\/148\/2025\/10\/Destaque-Novo-Universo-17.jpg\",\"contentUrl\":\"https:\/\/universofamilia.com\/wp-content\/uploads\/sites\/148\/2025\/10\/Destaque-Novo-Universo-17.jpg\",\"width\":450,\"height\":250},{\"@type\":\"BreadcrumbList\",\"@id\":\"https:\/\/universofamilia.com\/cs\/realidad-aumentada-y-metaverso\/#breadcrumb\",\"itemListElement\":[{\"@type\":\"ListItem\",\"position\":1,\"name\":\"Home\",\"item\":\"https:\/\/universofamilia.com\/el\/\"},{\"@type\":\"ListItem\",\"position\":2,\"name\":\"Autom\u00f3viles aut\u00f3nomos, realidad aumentada y metaverso\"}]},{\"@type\":\"WebSite\",\"@id\":\"https:\/\/universofamilia.com\/el\/#website\",\"url\":\"https:\/\/universofamilia.com\/el\/\",\"name\":\"Universo Fam\u00edlia\",\"description\":\"\",\"potentialAction\":[{\"@type\":\"SearchAction\",\"target\":{\"@type\":\"EntryPoint\",\"urlTemplate\":\"https:\/\/universofamilia.com\/el\/?s={search_term_string}\"},\"query-input\":\"required name=search_term_string\"}],\"inLanguage\":\"hu\"},{\"@type\":\"Person\",\"@id\":\"https:\/\/universofamilia.com\/el\/#\/schema\/person\/92fcd07e9b1f4323bf74f3170fc0f78a\",\"name\":\"Matheus Sangaletti\",\"image\":{\"@type\":\"ImageObject\",\"inLanguage\":\"hu\",\"@id\":\"https:\/\/universofamilia.com\/el\/#\/schema\/person\/image\/\",\"url\":\"https:\/\/secure.gravatar.com\/avatar\/280ea957a14a48e6a1ad2133d2cc27c9?s=96&d=mm&r=g\",\"contentUrl\":\"https:\/\/secure.gravatar.com\/avatar\/280ea957a14a48e6a1ad2133d2cc27c9?s=96&d=mm&r=g\",\"caption\":\"Matheus Sangaletti\"},\"url\":\"https:\/\/universofamilia.com\/hu\/author\/matheuss\/\"}]}<\/script>\n<!-- \/ Yoast SEO plugin. -->","yoast_head_json":{"title":"Autom\u00f3viles aut\u00f3nomos, realidad aumentada y metaverso - Universo Fam\u00edlia","description":"Las autom\u00f3viles aut\u00f3nomos, realidad aumentada y metaverso:qu\u00e9 esperar en 2025 ya no son conceptos futuristas, sino pilares de una transform..","robots":{"index":"index","follow":"follow","max-snippet":"max-snippet:-1","max-image-preview":"max-image-preview:large","max-video-preview":"max-video-preview:-1"},"canonical":"https:\/\/universofamilia.com\/hu\/realidad-aumentada-y-metaverso\/","og_locale":"hu_HU","og_type":"article","og_title":"Autom\u00f3viles aut\u00f3nomos, realidad aumentada y metaverso - Universo Fam\u00edlia","og_description":"Las autom\u00f3viles aut\u00f3nomos, realidad aumentada y metaverso:qu\u00e9 esperar en 2025 ya no son conceptos futuristas, sino pilares de una transform..","og_url":"https:\/\/universofamilia.com\/hu\/realidad-aumentada-y-metaverso\/","og_site_name":"Universo Fam\u00edlia","article_published_time":"2025-10-17T19:36:08+00:00","article_modified_time":"2025-10-17T19:46:53+00:00","og_image":[{"width":450,"height":250,"url":"https:\/\/universofamilia.com\/wp-content\/uploads\/sites\/148\/2025\/10\/Destaque-Novo-Universo-17.jpg","type":"image\/jpeg"}],"author":"Matheus Sangaletti","twitter_card":"summary_large_image","twitter_misc":{"Written by":"Matheus Sangaletti","Est. reading time":"9 perc"},"schema":{"@context":"https:\/\/schema.org","@graph":[{"@type":"WebPage","@id":"https:\/\/universofamilia.com\/cs\/realidad-aumentada-y-metaverso\/","url":"https:\/\/universofamilia.com\/cs\/realidad-aumentada-y-metaverso\/","name":"Autom\u00f3viles aut\u00f3nomos, realidad aumentada y metaverso - Universo Fam\u00edlia","isPartOf":{"@id":"https:\/\/universofamilia.com\/el\/#website"},"primaryImageOfPage":{"@id":"https:\/\/universofamilia.com\/cs\/realidad-aumentada-y-metaverso\/#primaryimage"},"image":{"@id":"https:\/\/universofamilia.com\/cs\/realidad-aumentada-y-metaverso\/#primaryimage"},"thumbnailUrl":"https:\/\/universofamilia.com\/wp-content\/uploads\/sites\/148\/2025\/10\/Destaque-Novo-Universo-17.jpg","datePublished":"2025-10-17T19:36:08+00:00","dateModified":"2025-10-17T19:46:53+00:00","author":{"@id":"https:\/\/universofamilia.com\/el\/#\/schema\/person\/92fcd07e9b1f4323bf74f3170fc0f78a"},"description":"Las autom\u00f3viles aut\u00f3nomos, realidad aumentada y metaverso:qu\u00e9 esperar en 2025 ya no son conceptos futuristas, sino pilares de una transform..","breadcrumb":{"@id":"https:\/\/universofamilia.com\/cs\/realidad-aumentada-y-metaverso\/#breadcrumb"},"inLanguage":"hu","potentialAction":[{"@type":"ReadAction","target":["https:\/\/universofamilia.com\/cs\/realidad-aumentada-y-metaverso\/"]}]},{"@type":"ImageObject","inLanguage":"hu","@id":"https:\/\/universofamilia.com\/cs\/realidad-aumentada-y-metaverso\/#primaryimage","url":"https:\/\/universofamilia.com\/wp-content\/uploads\/sites\/148\/2025\/10\/Destaque-Novo-Universo-17.jpg","contentUrl":"https:\/\/universofamilia.com\/wp-content\/uploads\/sites\/148\/2025\/10\/Destaque-Novo-Universo-17.jpg","width":450,"height":250},{"@type":"BreadcrumbList","@id":"https:\/\/universofamilia.com\/cs\/realidad-aumentada-y-metaverso\/#breadcrumb","itemListElement":[{"@type":"ListItem","position":1,"name":"Home","item":"https:\/\/universofamilia.com\/el\/"},{"@type":"ListItem","position":2,"name":"Autom\u00f3viles aut\u00f3nomos, realidad aumentada y metaverso"}]},{"@type":"WebSite","@id":"https:\/\/universofamilia.com\/el\/#website","url":"https:\/\/universofamilia.com\/el\/","name":"Universo Fam\u00edlia","description":"","potentialAction":[{"@type":"SearchAction","target":{"@type":"EntryPoint","urlTemplate":"https:\/\/universofamilia.com\/el\/?s={search_term_string}"},"query-input":"required name=search_term_string"}],"inLanguage":"hu"},{"@type":"Person","@id":"https:\/\/universofamilia.com\/el\/#\/schema\/person\/92fcd07e9b1f4323bf74f3170fc0f78a","name":"Matheus Sangaletti","image":{"@type":"ImageObject","inLanguage":"hu","@id":"https:\/\/universofamilia.com\/el\/#\/schema\/person\/image\/","url":"https:\/\/secure.gravatar.com\/avatar\/280ea957a14a48e6a1ad2133d2cc27c9?s=96&d=mm&r=g","contentUrl":"https:\/\/secure.gravatar.com\/avatar\/280ea957a14a48e6a1ad2133d2cc27c9?s=96&d=mm&r=g","caption":"Matheus Sangaletti"},"url":"https:\/\/universofamilia.com\/hu\/author\/matheuss\/"}]}},"_links":{"self":[{"href":"https:\/\/universofamilia.com\/hu\/wp-json\/wp\/v2\/posts\/10184"}],"collection":[{"href":"https:\/\/universofamilia.com\/hu\/wp-json\/wp\/v2\/posts"}],"about":[{"href":"https:\/\/universofamilia.com\/hu\/wp-json\/wp\/v2\/types\/post"}],"author":[{"embeddable":true,"href":"https:\/\/universofamilia.com\/hu\/wp-json\/wp\/v2\/users\/219"}],"replies":[{"embeddable":true,"href":"https:\/\/universofamilia.com\/hu\/wp-json\/wp\/v2\/comments?post=10184"}],"version-history":[{"count":3,"href":"https:\/\/universofamilia.com\/hu\/wp-json\/wp\/v2\/posts\/10184\/revisions"}],"predecessor-version":[{"id":10192,"href":"https:\/\/universofamilia.com\/hu\/wp-json\/wp\/v2\/posts\/10184\/revisions\/10192"}],"wp:featuredmedia":[{"embeddable":true,"href":"https:\/\/universofamilia.com\/hu\/wp-json\/wp\/v2\/media\/10185"}],"wp:attachment":[{"href":"https:\/\/universofamilia.com\/hu\/wp-json\/wp\/v2\/media?parent=10184"}],"wp:term":[{"taxonomy":"category","embeddable":true,"href":"https:\/\/universofamilia.com\/hu\/wp-json\/wp\/v2\/categories?post=10184"},{"taxonomy":"post_tag","embeddable":true,"href":"https:\/\/universofamilia.com\/hu\/wp-json\/wp\/v2\/tags?post=10184"}],"curies":[{"name":"wp","href":"https:\/\/api.w.org\/{rel}","templated":true}]}}