{"id":10194,"date":"2025-10-23T14:05:06","date_gmt":"2025-10-23T17:05:06","guid":{"rendered":"https:\/\/universofamilia.com\/?p=10194"},"modified":"2025-10-23T14:05:10","modified_gmt":"2025-10-23T17:05:10","slug":"tres-pilares-esenciales-para-una-carrera-robusta","status":"publish","type":"post","link":"https:\/\/universofamilia.com\/hu\/tres-pilares-esenciales-para-una-carrera-robusta\/","title":{"rendered":"H\u00e1rom alapvet\u0151 pill\u00e9r egy stabil karrierhez"},"content":{"rendered":"<p class=\"has-text-align-center\">Hogy ezen az \u00faton eligazodjunk, felfedezz\u00fck, <strong>H\u00e1rom alapvet\u0151 pill\u00e9r egy stabil karrierhez<\/strong>, ami lehet\u0151v\u00e9 teszi kulcsfontoss\u00e1g\u00fa k\u00e9szs\u00e9gek fejleszt\u00e9s\u00e9t.<\/p>\n\n\n\n<figure class=\"wp-block-gallery aligncenter has-nested-images columns-default is-cropped wp-block-gallery-1 is-layout-flex wp-block-gallery-is-layout-flex\">\n<figure class=\"wp-block-image size-full\"><img loading=\"lazy\" decoding=\"async\" width=\"450\" height=\"250\" data-id=\"10196\" src=\"https:\/\/universofamilia.com\/wp-content\/uploads\/sites\/148\/2025\/10\/Destaque-Novo-Universo-18-1.jpg\" alt=\"\" class=\"wp-image-10196\" srcset=\"https:\/\/universofamilia.com\/wp-content\/uploads\/sites\/148\/2025\/10\/Destaque-Novo-Universo-18-1.jpg 450w, https:\/\/universofamilia.com\/wp-content\/uploads\/sites\/148\/2025\/10\/Destaque-Novo-Universo-18-1-300x167.jpg 300w, https:\/\/universofamilia.com\/wp-content\/uploads\/sites\/148\/2025\/10\/Destaque-Novo-Universo-18-1-18x10.jpg 18w\" sizes=\"(max-width: 450px) 100vw, 450px\" \/><figcaption class=\"wp-element-caption\">CANVA<\/figcaption><\/figure>\n<\/figure>\n\n\n\n<p class=\"has-text-align-center\">Manaps\u00e1g, \u00e9rtsd meg <strong>Hogyan \u00e9p\u00edts\u00fcnk stabil karriert a technol\u00f3gia kor\u00e1ban?<\/strong> fontosabb, mint valaha.<\/p>\n\n\n\n<p class=\"has-text-align-center\">A mesters\u00e9ges intelligencia, az automatiz\u00e1l\u00e1s \u00e9s a digitaliz\u00e1ci\u00f3 folyamatos fejl\u0151d\u00e9se \u00e1talak\u00edtja a hagyom\u00e1nyos munkahelyeket, \u00e9s \u00faj k\u00e9szs\u00e9geket ig\u00e9nyel.<\/p>\n\n\n\n<p class=\"has-text-align-center\"><\/p>\n\n\n\n<h3 class=\"wp-block-heading\">1. M\u0171szaki \u00e9s emberi k\u00e9szs\u00e9gek <\/h3>\n\n\n\n<p>A digit\u00e1lis korban a technikai k\u00e9szs\u00e9gek (p\u00e9ld\u00e1ul az adatelemz\u00e9s, a mesters\u00e9ges intelligencia, a kiberbiztons\u00e1g) egyre n\u00e9pszer\u0171bbek, de az emberi k\u00e9szs\u00e9gek (kreativit\u00e1s, ellen\u00e1ll\u00f3 k\u00e9pess\u00e9g, kommunik\u00e1ci\u00f3) sem maradnak el:<\/p>\n\n\n\n<p>A jelent\u00e9s megjegyzi, hogy a mesters\u00e9ges intelligencia \u00e9s a big data mellett az \u201eagilit\u00e1s\u201d, a \u201erugalmass\u00e1g\u201d \u00e9s az \u201eanalitikus gondolkod\u00e1s\u201d is egyre ink\u00e1bb \u00e9rt\u00e9kesnek sz\u00e1m\u00edt.<\/p>\n\n\n\n<p>P\u00e9ld\u00e1ul a leggyorsabban n\u00f6vekv\u0151 poz\u00edci\u00f3k k\u00f6z\u00e9 tartoznak a big data szakemberek, a fintech m\u00e9rn\u00f6k\u00f6k \u00e9s a mesters\u00e9ges intelligencia szak\u00e9rt\u0151k.<\/p>\n\n\n\n<p><br>K\u00e9pzelj\u00fck el Ana, egy hagyom\u00e1nyos marketinges eset\u00e9t: \u00fagy d\u00f6nt, hogy elsaj\u00e1t\u00edtja az adattudom\u00e1ny alapjait, mik\u00f6zben egyidej\u0171leg fejleszti t\u00f6rt\u00e9netmes\u00e9l\u00e9si k\u00e9szs\u00e9geit.<\/p>\n\n\n\n<p> Ennek a kett\u0151s profilnak k\u00f6sz\u00f6nhet\u0151en a technikai megl\u00e1t\u00e1sokat olyan \u00fczenetekk\u00e9 tudja alak\u00edtani, amelyek megsz\u00f3l\u00edtj\u00e1k a k\u00f6z\u00f6ns\u00e9get.<\/p>\n\n\n\n<p>Ez a kombin\u00e1ci\u00f3 el\u0151ny\u00f6ket biztos\u00edt a szigor\u00faan technikai vagy szigor\u00faan emberi profilokkal szemben.<\/p>\n\n\n\n<h3 class=\"wp-block-heading\">2. Folyamatos tanul\u00e1si szeml\u00e9let \u00e9s alkalmazkod\u00f3k\u00e9pess\u00e9g<\/h3>\n\n\n\n<p>A j\u00f3 karrier\u00e9p\u00edt\u00e9s ma folyamatos k\u00e9pz\u00e9st ig\u00e9nyel.<\/p>\n\n\n\n<p>M\u00e1r nem el\u00e9g elv\u00e9gezni egy alapk\u00e9pz\u00e9st, \u00e9s \u201efelakasztani\u201d a c\u00edmet a falra: folyamatosan el\u0151re kell tekinteni, naprak\u00e9sznek kell maradni, \u00e9s sz\u00fcks\u00e9g eset\u00e9n v\u00e1ltoztatni kell az elk\u00e9pzel\u00e9seken.<\/p>\n\n\n\n<p>Ez az akt\u00edv gondolkod\u00e1sm\u00f3d lehet\u0151v\u00e9 teszi, hogy el\u0151re l\u00e1ssuk a v\u00e1ltoz\u00e1sokat, ne csak reag\u00e1ljunk r\u00e1juk.<\/p>\n\n\n\n<p>Ugyanez a jelent\u00e9s megjegyzi, hogy az emberek \u00e9s g\u00e9pek k\u00f6z\u00f6tti t\u00e9r a szorosabb egy\u00fcttm\u0171k\u00f6d\u00e9s fel\u00e9 tol\u00f3dik el:<\/p>\n\n\n\n<p> Jelenleg a feladatok 47%-\u00e1t els\u0151sorban emberek v\u00e9gezt\u00e9k egyed\u00fcl, de 2030-ra v\u00e1rhat\u00f3an egyens\u00faly alakul ki az emberek, a g\u00e9pek \u00e9s a kett\u0151 kombin\u00e1ci\u00f3ja k\u00f6z\u00f6tt.<\/p>\n\n\n\n<p>Ez azt jelenti, hogy azok, akik \u00e9rtik, hogyan kell dolgozni <em>-vel<\/em> a technol\u00f3gi\u00e1nak \u2013 nem csak ellene \u2013 el\u0151nye lesz.<\/p>\n\n\n\n<h3 class=\"wp-block-heading\">3. H\u00e1l\u00f3zatok, l\u00e1that\u00f3s\u00e1g \u00e9s strat\u00e9giai pozicion\u00e1l\u00e1s<\/h3>\n\n\n\n<p>Egy er\u0151s karrier nem csak arr\u00f3l sz\u00f3l, hogy mit tudsz, hanem arr\u00f3l is, hogy kit ismersz, hogyan \u00e9rz\u00e9kelnek t\u00e9ged, \u00e9s milyen \u00e9rt\u00e9keket k\u00f6zvet\u00edtesz.<\/p>\n\n\n\n<p>A LinkedIn, a t\u00e1vmunka \u00e9s a glob\u00e1lis csapatok kor\u00e1ban a szakmai m\u00e1rk\u00e1d sz\u00e1m\u00edt.<\/p>\n\n\n\n<p>Hasonl\u00edtsuk \u00f6ssze egy kerttel: lehetnek j\u00f3 magjaink (k\u00e9szs\u00e9gek), term\u00e9keny talajunk (lehet\u0151s\u00e9gek) \u00e9s kedvez\u0151 id\u0151j\u00e1r\u00e1sunk (technol\u00f3gia), de ha nem \u00f6nt\u00f6zz\u00fck a kert\u00fcnket (l\u00e1that\u00f3s\u00e1g, kapcsolatok), \u00e9s nem \u00fcltetj\u00fck a megfelel\u0151 helyekre, akkor nem fog vir\u00e1gozni.<\/p>\n\n\n\n<p>P\u00e9ld\u00e1ul valaki, aki relev\u00e1ns tartalmakat oszt meg technikai t\u00e9m\u00e1kban a szakmai k\u00f6z\u00f6ss\u00e9g\u00e9ben, r\u00e9szt vesz csoportokban, egy\u00fcttm\u0171k\u00f6dik ny\u00edlt projektekben \u00e9s kapcsolatokat teremt, nagyobb el\u00e9r\u00e9ssel \u00e9s lehet\u0151s\u00e9gekkel fog rendelkezni, mint egy ugyanilyen k\u00e9pzett, de \u201el\u00e1thatatlan\u201d szem\u00e9ly.<\/p>\n\n\n\n<h2 class=\"wp-block-heading\">Akci\u00f3terv: L\u00e9p\u00e9sr\u0151l l\u00e9p\u00e9sre a karrier\u00e9p\u00edt\u00e9shez<\/h2>\n\n\n\n<h3 class=\"wp-block-heading\">1. l\u00e9p\u00e9s: \u00d6n\u00e9rt\u00e9kel\u00e9s \u00e9s c\u00e9lmeghat\u00e1roz\u00e1s<\/h3>\n\n\n\n<p>El\u0151sz\u00f6r is, k\u00e9sz\u00edtsen lelt\u00e1rt jelenlegi k\u00e9szs\u00e9geir\u0151l, \u00e9rdekl\u0151d\u00e9si k\u00f6r\u00e9r\u0151l \u00e9s \u00e9rt\u00e9keir\u0151l. K\u00e9rdezz\u00e9tek meg magatokt\u00f3l:<\/p>\n\n\n\n<p>A munk\u00e1m melyik r\u00e9sze ir\u00e1nt vagyok szenved\u00e9lyes? A technol\u00f3gia mely ter\u00fcletei ir\u00e1nt vagyok k\u00edv\u00e1ncsi? Milyen hat\u00e1st szeretn\u00e9k el\u00e9rni?<\/p>\n\n\n\n<p>Hat\u00e1rozzon meg egy vil\u00e1gos 3-5 \u00e9ves c\u00e9lt: p\u00e9ld\u00e1ul \u201ea digit\u00e1lis eg\u00e9szs\u00e9g\u00fcgyre szakosodott adatelemz\u0151v\u00e9 v\u00e1lni\u201d vagy \u201etechnol\u00f3giai \u00e1talakul\u00e1si projekteket vezetni mexik\u00f3i kkv-kn\u00e1l\u201d.<\/p>\n\n\n\n<h3 class=\"wp-block-heading\">2. l\u00e9p\u00e9s: R\u00e9sek felt\u00e9rk\u00e9pez\u00e9se \u00e9s c\u00e9lzott k\u00e9pz\u00e9s<\/h3>\n\n\n\n<p>Miut\u00e1n meghat\u00e1roztad a c\u00e9lodat, azonos\u00edtsd be, milyen k\u00e9szs\u00e9geid vannak.<\/p>\n\n\n\n<p>Haszn\u00e1ljon glob\u00e1lis jelent\u00e9seket referenciak\u00e9nt: p\u00e9ld\u00e1ul a munkaad\u00f3k becsl\u00e9sek szerint 86%-a arra sz\u00e1m\u00edt, hogy a mesters\u00e9ges intelligencia \u00e9s az inform\u00e1ci\u00f3feldolgoz\u00e1s 2030-ra \u00e1talak\u00edtja v\u00e1llalkoz\u00e1sukat.<\/p>\n\n\n\n<p>Teh\u00e1t, ha a c\u00e9lod mag\u00e1ban foglalja a \u201etechnol\u00f3gi\u00e1t\u201d, akkor lehet, hogy meg kell tanulnod a mesters\u00e9ges intelligencia, az adatelemz\u00e9s vagy a kiberbiztons\u00e1g alapjait.<\/p>\n\n\n\n<p><br>Iratkozz fel kurzusokra, vegy\u00e9l r\u00e9szt val\u00f3s projektekben, \u00e9s k\u00e9rj mentor\u00e1l\u00e1st. Alkalmazd a tanultakat azonnal a munk\u00e1dban vagy szem\u00e9lyes kezdem\u00e9nyez\u00e9seidben: a gyakorlat meger\u0151s\u00edti a tanul\u00e1st.<\/p>\n\n\n\n<h3 class=\"wp-block-heading\">3. l\u00e9p\u00e9s: \u00c9p\u00edtsd fel szakmai l\u00e1that\u00f3s\u00e1godat h\u00e1rom alapvet\u0151 pill\u00e9rre a stabil karriered \u00e9rdek\u00e9ben<\/h3>\n\n\n\n<p>Hozd l\u00e9tre vagy friss\u00edtsd a szakmai profilodat: Ne csak a feladatokat, hanem konkr\u00e9t eredm\u00e9nyeket is t\u00fcntess fel.<\/p>\n\n\n\n<p>Ossz meg blogokon, h\u00e1l\u00f3zatokon \u00e9s f\u00f3rumokon; vegy\u00e9l r\u00e9szt webin\u00e1riumokon; m\u0171k\u00f6dj egy\u00fctt technol\u00f3giai k\u00f6z\u00f6ss\u00e9gekben.<\/p>\n\n\n\n<p>A hiteles l\u00e1that\u00f3s\u00e1g olyan lehet\u0151s\u00e9gekkel k\u00f6t \u00f6ssze, amelyeket nem hirdettek.<\/p>\n\n\n\n<h3 class=\"wp-block-heading\">4. l\u00e9p\u00e9s: K\u00eds\u00e9rletez\u00e9s \u00e9s alkalmazkod\u00e1s<\/h3>\n\n\n\n<p>Egy technol\u00f3giai k\u00f6rnyezetben a stabilit\u00e1s m\u00e1r nem mindig az egyetlen szerepben val\u00f3 megmarad\u00e1sb\u00f3l, hanem a v\u00e1ltoz\u00e1s k\u00e9pess\u00e9g\u00e9b\u0151l fakad. V\u00e9gezz &quot;k\u00eds\u00e9rleti projekteket&quot; a szabadid\u0151dben:<\/p>\n\n\n\n<p>P\u00e9ld\u00e1ul fejlessz ki egy protot\u00edpust egy mesters\u00e9ges intelligencia eszk\u00f6zh\u00f6z, vagy vegy\u00e9l r\u00e9szt egy hackathonon. Ez a fajta tapasztalat kezdem\u00e9nyez\u0151k\u00e9szs\u00e9get \u00e9s alkalmazkod\u00f3k\u00e9pess\u00e9get mutat.<\/p>\n\n\n\n<p><br>Fontold meg a diverzifik\u00e1ci\u00f3t is: Az \u00faj k\u00e9szs\u00e9geidhez (tan\u00e1csad\u00e1s, szabad\u00fasz\u00f3 munka, tan\u00edt\u00e1s) kapcsol\u00f3d\u00f3 m\u00e1sodlagos j\u00f6vedelem er\u0151s\u00edtheti a karrieredet.<\/p>\n\n\n\n<h3 class=\"wp-block-heading\">5. l\u00e9p\u00e9s: Iterat\u00edv \u00e9rt\u00e9kel\u00e9s \u00e9s kiigaz\u00edt\u00e1s<\/h3>\n\n\n\n<p>Tekintsd \u00e1t a halad\u00e1sodat f\u00e9l\u00e9vente: Mit tanult\u00e1l? Milyen projekteket fejezt\u00e9l be? Milyen kapcsolatokat k\u00f6t\u00f6tt\u00e9l?<\/p>\n\n\n\n<p>Igaz\u00edtsa \u00fatvonal\u00e1t a piaci v\u00e1ltoz\u00e1sokhoz. Felfedezhet egy \u00faj, felt\u00f6rekv\u0151 technol\u00f3gi\u00e1t, amelyet \u00e9rdemes be\u00e9p\u00edteni.<\/p>\n\n\n\n<p>A c\u00e9l az, hogy f\u00fcrg\u00e9n mozogjunk, ne pedig egy merev tervhez ragaszkodjunk.<\/p>\n\n\n\n<h2 class=\"wp-block-heading\">Konkr\u00e9t p\u00e9ld\u00e1k a stabil karrier h\u00e1rom alapvet\u0151 pill\u00e9r\u00e9nek alkalmaz\u00e1s\u00e1ra<\/h2>\n\n\n\n<ul>\n<li>1. p\u00e9lda: Carlos hagyom\u00e1nyos ipari m\u00e9rn\u00f6k egy gy\u00e1rt\u00f3 c\u00e9gn\u00e9l. \u00dagy d\u00f6nt, hogy karrierj\u00e9t az \u201eIpar 4.0\u201d fel\u00e9 orient\u00e1lja. Elsaj\u00e1t\u00edtja az automatiz\u00e1l\u00e1s, az IoT-\u00e9rz\u00e9kel\u0151k \u00e9s az adatelemz\u00e9s alapjait, mik\u00f6zben fejleszti multidiszciplin\u00e1ris csapatok vezet\u00e9s\u00e9nek k\u00e9pess\u00e9g\u00e9t. K\u00e9t \u00e9v alatt hidat k\u00e9pez v\u00e1llalata termel\u00e9si \u00e9s adatter\u00fcletei k\u00f6z\u00f6tt.<\/li>\n\n\n\n<li>2. p\u00e9lda: Maria HR szakember. L\u00e1tja, hogy sok feladat automatiz\u00e1lt. Ez\u00e9rt be\u00e9p\u00edti a People Analytics k\u00e9szs\u00e9geit, a tehets\u00e9gek kiv\u00e1laszt\u00e1s\u00e1hoz \u00e9s fejleszt\u00e9s\u00e9hez sz\u00fcks\u00e9ges mesters\u00e9ges intelligencia platformokat, \u00e9s a \u201ej\u00f6v\u0151 tehets\u00e9geinek\u201d specialist\u00e1jak\u00e9nt pozicion\u00e1lja mag\u00e1t. Karrier\u00fatja a meg\u00fajul\u00e1s p\u00e9ld\u00e1j\u00e1v\u00e1 v\u00e1lik.<\/li>\n<\/ul>\n\n\n\n<h2 class=\"wp-block-heading\">Trendek, amiket \u00e9rdemes szem el\u0151tt tartani<\/h2>\n\n\n\n<ul>\n<li>A v\u00e1llalatok becsl\u00e9sei szerint 2025 \u00e9s 2030 k\u00f6z\u00f6tt a sz\u00fcks\u00e9ges k\u00e9szs\u00e9gek k\u00f6r\u00fclbel\u00fcl 39%-a megv\u00e1ltozik vagy elavul.<\/li>\n\n\n\n<li>Az olyan felt\u00f6rekv\u0151 technol\u00f3gi\u00e1k, mint a t\u00e9rbeli sz\u00e1m\u00edt\u00e1stechnika (AR\/VR), \u00e1talak\u00edtj\u00e1k az egy\u00fcttm\u0171k\u00f6d\u00e9s \u00e9s a tanul\u00e1s m\u00f3dj\u00e1t, \u00faj karrierutakat nyitva meg.<\/li>\n\n\n\n<li>Nem csak a technol\u00f3gi\u00e1r\u00f3l van sz\u00f3: az emberi gondolkod\u00e1sm\u00f3d (alkalmazkod\u00f3k\u00e9pess\u00e9g, folyamatos tanul\u00e1s, kreativit\u00e1s) tov\u00e1bbra is kulcsfontoss\u00e1g\u00fa lesz.<\/li>\n<\/ul>\n\n\n\n<p>Ezek egy olyan korszak jelei, amelyben egy stabil karrier fel\u00e9p\u00edt\u00e9s\u00e9hez a technikai \u00e9s az emberi, a strat\u00e9giai \u00e9s a rugalmass\u00e1g \u00f6tv\u00f6z\u00e9s\u00e9re van sz\u00fcks\u00e9g.<\/p>\n\n\n\n<figure class=\"wp-block-gallery aligncenter has-nested-images columns-default is-cropped wp-block-gallery-2 is-layout-flex wp-block-gallery-is-layout-flex\">\n<figure class=\"wp-block-image size-full\"><img loading=\"lazy\" decoding=\"async\" width=\"450\" height=\"250\" data-id=\"10197\" src=\"https:\/\/universofamilia.com\/wp-content\/uploads\/sites\/148\/2025\/10\/Destaque-Novo-Universo-19.jpg\" alt=\"\" class=\"wp-image-10197\" srcset=\"https:\/\/universofamilia.com\/wp-content\/uploads\/sites\/148\/2025\/10\/Destaque-Novo-Universo-19.jpg 450w, https:\/\/universofamilia.com\/wp-content\/uploads\/sites\/148\/2025\/10\/Destaque-Novo-Universo-19-300x167.jpg 300w, https:\/\/universofamilia.com\/wp-content\/uploads\/sites\/148\/2025\/10\/Destaque-Novo-Universo-19-18x10.jpg 18w\" sizes=\"(max-width: 450px) 100vw, 450px\" \/><figcaption class=\"wp-element-caption\">CANVA<\/figcaption><\/figure>\n<\/figure>\n\n\n\n<p>B\u0151vebben:\u00a0<a href=\"https:\/\/universofamilia.com\/hu\/el-teletrabajo-en-2025-las-nuevas-tendencias-del-home-office\/\">T\u00e1vmunka 2025-ben: \u00daj otthoni irodai trendek<\/a><\/p>\n\n\n\n<h2 class=\"wp-block-heading\">K\u00f6vetkeztet\u00e9s<\/h2>\n\n\n\n<p>A k\u00f6zponti k\u00e9rd\u00e9s \u2013<strong>Hogyan \u00e9p\u00edts\u00fcnk stabil karriert a technol\u00f3gia kor\u00e1ban?<\/strong>? Megsz\u0171nik retorika lenni, amikor a saj\u00e1t \u00fatitervv\u00e9 v\u00e1lik.<\/p>\n\n\n\n<p>A fel\u00e9p\u00edt\u00e9se azt jelenti: tudatos v\u00e1laszt\u00e1s, sz\u00e1nd\u00e9kos \u00f6nk\u00e9pz\u00e9s, hiteles l\u00e1that\u00f3v\u00e1 t\u00e9tel \u00e9s rugalmas alkalmazkod\u00e1s.<\/p>\n\n\n\n<p>D\u00f6ntsd el, hogy a kezdeti c\u00edmeden t\u00fal is akt\u00edv maradsz, \u00faj dolgokat tanulsz, egy\u00fcttm\u0171k\u00f6dsz \u00e9s meg\u00fajulsz.<\/p>\n\n\n\n<p>Ne feledd: a technol\u00f3gia nem ellens\u00e9g \u00e9s nem is c\u00e9l, hanem eszk\u00f6z.<\/p>\n\n\n\n<p>A versenyel\u0151ny\u00f6d te magad vagy: a k\u00edv\u00e1ncsis\u00e1god, a v\u00e1ltoz\u00e1sra val\u00f3 nyitotts\u00e1god, \u00e9s a k\u00e9pess\u00e9ged, hogy eligazodj az emberi \u00e9s a digit\u00e1lis vil\u00e1g metsz\u00e9spontj\u00e1ban.<\/p>\n\n\n\n<p>B\u0151vebben:\u00a0<a href=\"https:\/\/universofamilia.com\/hu\/profesiones-del-futuro\/\">A j\u00f6v\u0151 szakm\u00e1i: felt\u00f6rekv\u0151 karrierek mesters\u00e9ges intelligenci\u00e1val<\/a><\/p>\n\n\n\n<h2 class=\"wp-block-heading\">Gyakran Ism\u00e9telt K\u00e9rd\u00e9sek<\/h2>\n\n\n\n<p><strong>Teljesen meg kell v\u00e1ltoztatnom a szakm\u00e1mat, hogy alkalmazkodjak a technol\u00f3giai korszakhoz?<\/strong><br><\/p>\n\n\n\n<p>Nem felt\u00e9tlen\u00fcl. Megtarthatod az alapvet\u0151 kompetenci\u00e1idat, \u00e9s hozz\u00e1adhatod a relev\u00e1ns technol\u00f3giai vagy emberi k\u00e9szs\u00e9geidet. A c\u00e9l nem az, hogy mindent feladj, amit eddig megtapasztalt\u00e1l, hanem az, hogy integr\u00e1ld.<\/p>\n\n\n\n<p><strong>Mennyi id\u0151 alatt l\u00e1that\u00f3 jelent\u0151s el\u0151rel\u00e9p\u00e9s?<\/strong><br><\/p>\n\n\n\n<p>Att\u00f3l f\u00fcgg, hogy milyen a kiindul\u00f3pontod \u00e9s a tanul\u00e1si temp\u00f3d, de sokan 12-24 h\u00f3napon bel\u00fcl l\u00e1that\u00f3 v\u00e1ltoz\u00e1st \u00e9rnek el, ha k\u00f6vetkezetesek.<\/p>\n\n\n\n<p><strong>Val\u00f3ban sz\u00e1m\u00edtanak a \u201esoft skillek\u201d a technikai k\u00e9szs\u00e9gekhez k\u00e9pest?<\/strong><br><\/p>\n\n\n\n<p>Igen. A technol\u00f3gia gyorsan fejl\u0151dik, de az olyan emberi k\u00e9szs\u00e9gek, mint az alkalmazkod\u00f3k\u00e9pess\u00e9g, a szisztematikus gondolkod\u00e1s, a vezet\u0151i k\u00e9szs\u00e9gek \u00e9s a kommunik\u00e1ci\u00f3, tov\u00e1bbra is kulcsfontoss\u00e1g\u00faak a hat\u00e1s el\u00e9r\u00e9s\u00e9hez.<\/p>\n\n\n\n<p><strong>Hol tanulhatok \u00faj k\u00e9szs\u00e9geket an\u00e9lk\u00fcl, hogy sokat k\u00f6lten\u00e9k?<\/strong><br><\/p>\n\n\n\n<p>Az online tanul\u00e1si platformok, a ny\u00edlt forr\u00e1sk\u00f3d\u00fa k\u00f6z\u00f6ss\u00e9gek, a bootcampek, az ingyenes mentor\u00e1l\u00e1s \u00e9s a saj\u00e1t projektek mind kiv\u00e1l\u00f3 lehet\u0151s\u00e9gek.<\/p>\n\n\n\n<p>A l\u00e9nyeg az, hogy alkalmazd a tanultakat.<\/p>\n\n\n\n<p><strong>Mit tegyek, ha a c\u00e9gem nem t\u00e1mogatja a technol\u00f3giai fejleszt\u00e9semet?<\/strong><br><\/p>\n\n\n\n<p>B\u0151vebben:\u00a0<a href=\"https:\/\/universofamilia.com\/hu\/cursos-online-gratuitos-para-prepararse-para-el-mercado-digital\/\">Ingyenes online kurzusok a digit\u00e1lis piacra val\u00f3 felk\u00e9sz\u00fcl\u00e9shez<\/a><\/p>\n\n\n\n<p>L\u00e9gy kezdem\u00e9nyez\u0151: szentelj id\u0151t a tanul\u00e1sra, m\u0171k\u00f6dj egy\u00fctt a munkak\u00f6r\u00f6d\u00f6n k\u00edv\u00fcl, keress k\u00fcls\u0151 csoportokat vagy h\u00e1l\u00f3zatokat. Ez a proaktivit\u00e1s sokat el\u00e1rul a profilodr\u00f3l.<\/p>","protected":false},"excerpt":{"rendered":"<p>Para orientarte en este camino, exploraremos tres pilares esenciales para una carrera robusta, que te permitir\u00e1n desarrollar competencias clave. En la actualidad, entender c\u00f3mo construir una carrera s\u00f3lida en la era de la tecnolog\u00eda es m\u00e1s importante que nunca. Los avances constantes en inteligencia artificial, automatizaci\u00f3n y digitalizaci\u00f3n transforman los trabajos tradicionales y exigen nuevas [&hellip;]<\/p>","protected":false},"author":219,"featured_media":10195,"comment_status":"closed","ping_status":"open","sticky":false,"template":"","format":"standard","meta":{"footnotes":""},"categories":[5],"tags":[],"yoast_head":"<!-- This site is optimized with the Yoast SEO plugin v23.3 - https:\/\/yoast.com\/wordpress\/plugins\/seo\/ -->\n<title>Tres pilares esenciales para una carrera robusta - Universo Fam\u00edlia<\/title>\n<meta name=\"description\" content=\"Para orientarte en este camino, exploraremos tres pilares esenciales para una carrera robusta, que te permitir\u00e1n desarrollar competencias...\" \/>\n<meta name=\"robots\" content=\"index, follow, max-snippet:-1, max-image-preview:large, max-video-preview:-1\" \/>\n<link rel=\"canonical\" href=\"https:\/\/universofamilia.com\/hu\/tres-pilares-esenciales-para-una-carrera-robusta\/\" \/>\n<meta property=\"og:locale\" content=\"hu_HU\" \/>\n<meta property=\"og:type\" content=\"article\" \/>\n<meta property=\"og:title\" content=\"Tres pilares esenciales para una carrera robusta - Universo Fam\u00edlia\" \/>\n<meta property=\"og:description\" content=\"Para orientarte en este camino, exploraremos tres pilares esenciales para una carrera robusta, que te permitir\u00e1n desarrollar competencias...\" \/>\n<meta property=\"og:url\" content=\"https:\/\/universofamilia.com\/hu\/tres-pilares-esenciales-para-una-carrera-robusta\/\" \/>\n<meta property=\"og:site_name\" content=\"Universo Fam\u00edlia\" \/>\n<meta property=\"article:published_time\" content=\"2025-10-23T17:05:06+00:00\" \/>\n<meta property=\"article:modified_time\" content=\"2025-10-23T17:05:10+00:00\" \/>\n<meta property=\"og:image\" content=\"https:\/\/universofamilia.com\/wp-content\/uploads\/sites\/148\/2025\/10\/Destaque-Novo-Universo-18.jpg\" \/>\n\t<meta property=\"og:image:width\" content=\"450\" \/>\n\t<meta property=\"og:image:height\" content=\"250\" \/>\n\t<meta property=\"og:image:type\" content=\"image\/jpeg\" \/>\n<meta name=\"author\" content=\"Matheus Sangaletti\" \/>\n<meta name=\"twitter:card\" content=\"summary_large_image\" \/>\n<meta name=\"twitter:label1\" content=\"Written by\" \/>\n\t<meta name=\"twitter:data1\" content=\"Matheus Sangaletti\" \/>\n\t<meta name=\"twitter:label2\" content=\"Est. reading time\" \/>\n\t<meta name=\"twitter:data2\" content=\"8 perc\" \/>\n<script type=\"application\/ld+json\" class=\"yoast-schema-graph\">{\"@context\":\"https:\/\/schema.org\",\"@graph\":[{\"@type\":\"WebPage\",\"@id\":\"https:\/\/universofamilia.com\/sr\/tres-pilares-esenciales-para-una-carrera-robusta\/\",\"url\":\"https:\/\/universofamilia.com\/sr\/tres-pilares-esenciales-para-una-carrera-robusta\/\",\"name\":\"Tres pilares esenciales para una carrera robusta - Universo Fam\u00edlia\",\"isPartOf\":{\"@id\":\"https:\/\/universofamilia.com\/el\/#website\"},\"primaryImageOfPage\":{\"@id\":\"https:\/\/universofamilia.com\/sr\/tres-pilares-esenciales-para-una-carrera-robusta\/#primaryimage\"},\"image\":{\"@id\":\"https:\/\/universofamilia.com\/sr\/tres-pilares-esenciales-para-una-carrera-robusta\/#primaryimage\"},\"thumbnailUrl\":\"https:\/\/universofamilia.com\/wp-content\/uploads\/sites\/148\/2025\/10\/Destaque-Novo-Universo-18.jpg\",\"datePublished\":\"2025-10-23T17:05:06+00:00\",\"dateModified\":\"2025-10-23T17:05:10+00:00\",\"author\":{\"@id\":\"https:\/\/universofamilia.com\/el\/#\/schema\/person\/92fcd07e9b1f4323bf74f3170fc0f78a\"},\"description\":\"Para orientarte en este camino, exploraremos tres pilares esenciales para una carrera robusta, que te permitir\u00e1n desarrollar competencias...\",\"breadcrumb\":{\"@id\":\"https:\/\/universofamilia.com\/sr\/tres-pilares-esenciales-para-una-carrera-robusta\/#breadcrumb\"},\"inLanguage\":\"hu\",\"potentialAction\":[{\"@type\":\"ReadAction\",\"target\":[\"https:\/\/universofamilia.com\/sr\/tres-pilares-esenciales-para-una-carrera-robusta\/\"]}]},{\"@type\":\"ImageObject\",\"inLanguage\":\"hu\",\"@id\":\"https:\/\/universofamilia.com\/sr\/tres-pilares-esenciales-para-una-carrera-robusta\/#primaryimage\",\"url\":\"https:\/\/universofamilia.com\/wp-content\/uploads\/sites\/148\/2025\/10\/Destaque-Novo-Universo-18.jpg\",\"contentUrl\":\"https:\/\/universofamilia.com\/wp-content\/uploads\/sites\/148\/2025\/10\/Destaque-Novo-Universo-18.jpg\",\"width\":450,\"height\":250},{\"@type\":\"BreadcrumbList\",\"@id\":\"https:\/\/universofamilia.com\/sr\/tres-pilares-esenciales-para-una-carrera-robusta\/#breadcrumb\",\"itemListElement\":[{\"@type\":\"ListItem\",\"position\":1,\"name\":\"Home\",\"item\":\"https:\/\/universofamilia.com\/el\/\"},{\"@type\":\"ListItem\",\"position\":2,\"name\":\"Tres pilares esenciales para una carrera robusta\"}]},{\"@type\":\"WebSite\",\"@id\":\"https:\/\/universofamilia.com\/el\/#website\",\"url\":\"https:\/\/universofamilia.com\/el\/\",\"name\":\"Universo Fam\u00edlia\",\"description\":\"\",\"potentialAction\":[{\"@type\":\"SearchAction\",\"target\":{\"@type\":\"EntryPoint\",\"urlTemplate\":\"https:\/\/universofamilia.com\/el\/?s={search_term_string}\"},\"query-input\":\"required name=search_term_string\"}],\"inLanguage\":\"hu\"},{\"@type\":\"Person\",\"@id\":\"https:\/\/universofamilia.com\/el\/#\/schema\/person\/92fcd07e9b1f4323bf74f3170fc0f78a\",\"name\":\"Matheus Sangaletti\",\"image\":{\"@type\":\"ImageObject\",\"inLanguage\":\"hu\",\"@id\":\"https:\/\/universofamilia.com\/el\/#\/schema\/person\/image\/\",\"url\":\"https:\/\/secure.gravatar.com\/avatar\/280ea957a14a48e6a1ad2133d2cc27c9?s=96&d=mm&r=g\",\"contentUrl\":\"https:\/\/secure.gravatar.com\/avatar\/280ea957a14a48e6a1ad2133d2cc27c9?s=96&d=mm&r=g\",\"caption\":\"Matheus Sangaletti\"},\"url\":\"https:\/\/universofamilia.com\/hu\/author\/matheuss\/\"}]}<\/script>\n<!-- \/ Yoast SEO plugin. -->","yoast_head_json":{"title":"Tres pilares esenciales para una carrera robusta - Universo Fam\u00edlia","description":"Para orientarte en este camino, exploraremos tres pilares esenciales para una carrera robusta, que te permitir\u00e1n desarrollar competencias...","robots":{"index":"index","follow":"follow","max-snippet":"max-snippet:-1","max-image-preview":"max-image-preview:large","max-video-preview":"max-video-preview:-1"},"canonical":"https:\/\/universofamilia.com\/hu\/tres-pilares-esenciales-para-una-carrera-robusta\/","og_locale":"hu_HU","og_type":"article","og_title":"Tres pilares esenciales para una carrera robusta - Universo Fam\u00edlia","og_description":"Para orientarte en este camino, exploraremos tres pilares esenciales para una carrera robusta, que te permitir\u00e1n desarrollar competencias...","og_url":"https:\/\/universofamilia.com\/hu\/tres-pilares-esenciales-para-una-carrera-robusta\/","og_site_name":"Universo Fam\u00edlia","article_published_time":"2025-10-23T17:05:06+00:00","article_modified_time":"2025-10-23T17:05:10+00:00","og_image":[{"width":450,"height":250,"url":"https:\/\/universofamilia.com\/wp-content\/uploads\/sites\/148\/2025\/10\/Destaque-Novo-Universo-18.jpg","type":"image\/jpeg"}],"author":"Matheus Sangaletti","twitter_card":"summary_large_image","twitter_misc":{"Written by":"Matheus Sangaletti","Est. reading time":"8 perc"},"schema":{"@context":"https:\/\/schema.org","@graph":[{"@type":"WebPage","@id":"https:\/\/universofamilia.com\/sr\/tres-pilares-esenciales-para-una-carrera-robusta\/","url":"https:\/\/universofamilia.com\/sr\/tres-pilares-esenciales-para-una-carrera-robusta\/","name":"Tres pilares esenciales para una carrera robusta - Universo Fam\u00edlia","isPartOf":{"@id":"https:\/\/universofamilia.com\/el\/#website"},"primaryImageOfPage":{"@id":"https:\/\/universofamilia.com\/sr\/tres-pilares-esenciales-para-una-carrera-robusta\/#primaryimage"},"image":{"@id":"https:\/\/universofamilia.com\/sr\/tres-pilares-esenciales-para-una-carrera-robusta\/#primaryimage"},"thumbnailUrl":"https:\/\/universofamilia.com\/wp-content\/uploads\/sites\/148\/2025\/10\/Destaque-Novo-Universo-18.jpg","datePublished":"2025-10-23T17:05:06+00:00","dateModified":"2025-10-23T17:05:10+00:00","author":{"@id":"https:\/\/universofamilia.com\/el\/#\/schema\/person\/92fcd07e9b1f4323bf74f3170fc0f78a"},"description":"Para orientarte en este camino, exploraremos tres pilares esenciales para una carrera robusta, que te permitir\u00e1n desarrollar competencias...","breadcrumb":{"@id":"https:\/\/universofamilia.com\/sr\/tres-pilares-esenciales-para-una-carrera-robusta\/#breadcrumb"},"inLanguage":"hu","potentialAction":[{"@type":"ReadAction","target":["https:\/\/universofamilia.com\/sr\/tres-pilares-esenciales-para-una-carrera-robusta\/"]}]},{"@type":"ImageObject","inLanguage":"hu","@id":"https:\/\/universofamilia.com\/sr\/tres-pilares-esenciales-para-una-carrera-robusta\/#primaryimage","url":"https:\/\/universofamilia.com\/wp-content\/uploads\/sites\/148\/2025\/10\/Destaque-Novo-Universo-18.jpg","contentUrl":"https:\/\/universofamilia.com\/wp-content\/uploads\/sites\/148\/2025\/10\/Destaque-Novo-Universo-18.jpg","width":450,"height":250},{"@type":"BreadcrumbList","@id":"https:\/\/universofamilia.com\/sr\/tres-pilares-esenciales-para-una-carrera-robusta\/#breadcrumb","itemListElement":[{"@type":"ListItem","position":1,"name":"Home","item":"https:\/\/universofamilia.com\/el\/"},{"@type":"ListItem","position":2,"name":"Tres pilares esenciales para una carrera robusta"}]},{"@type":"WebSite","@id":"https:\/\/universofamilia.com\/el\/#website","url":"https:\/\/universofamilia.com\/el\/","name":"Universo Fam\u00edlia","description":"","potentialAction":[{"@type":"SearchAction","target":{"@type":"EntryPoint","urlTemplate":"https:\/\/universofamilia.com\/el\/?s={search_term_string}"},"query-input":"required name=search_term_string"}],"inLanguage":"hu"},{"@type":"Person","@id":"https:\/\/universofamilia.com\/el\/#\/schema\/person\/92fcd07e9b1f4323bf74f3170fc0f78a","name":"Matheus Sangaletti","image":{"@type":"ImageObject","inLanguage":"hu","@id":"https:\/\/universofamilia.com\/el\/#\/schema\/person\/image\/","url":"https:\/\/secure.gravatar.com\/avatar\/280ea957a14a48e6a1ad2133d2cc27c9?s=96&d=mm&r=g","contentUrl":"https:\/\/secure.gravatar.com\/avatar\/280ea957a14a48e6a1ad2133d2cc27c9?s=96&d=mm&r=g","caption":"Matheus Sangaletti"},"url":"https:\/\/universofamilia.com\/hu\/author\/matheuss\/"}]}},"_links":{"self":[{"href":"https:\/\/universofamilia.com\/hu\/wp-json\/wp\/v2\/posts\/10194"}],"collection":[{"href":"https:\/\/universofamilia.com\/hu\/wp-json\/wp\/v2\/posts"}],"about":[{"href":"https:\/\/universofamilia.com\/hu\/wp-json\/wp\/v2\/types\/post"}],"author":[{"embeddable":true,"href":"https:\/\/universofamilia.com\/hu\/wp-json\/wp\/v2\/users\/219"}],"replies":[{"embeddable":true,"href":"https:\/\/universofamilia.com\/hu\/wp-json\/wp\/v2\/comments?post=10194"}],"version-history":[{"count":1,"href":"https:\/\/universofamilia.com\/hu\/wp-json\/wp\/v2\/posts\/10194\/revisions"}],"predecessor-version":[{"id":10198,"href":"https:\/\/universofamilia.com\/hu\/wp-json\/wp\/v2\/posts\/10194\/revisions\/10198"}],"wp:featuredmedia":[{"embeddable":true,"href":"https:\/\/universofamilia.com\/hu\/wp-json\/wp\/v2\/media\/10195"}],"wp:attachment":[{"href":"https:\/\/universofamilia.com\/hu\/wp-json\/wp\/v2\/media?parent=10194"}],"wp:term":[{"taxonomy":"category","embeddable":true,"href":"https:\/\/universofamilia.com\/hu\/wp-json\/wp\/v2\/categories?post=10194"},{"taxonomy":"post_tag","embeddable":true,"href":"https:\/\/universofamilia.com\/hu\/wp-json\/wp\/v2\/tags?post=10194"}],"curies":[{"name":"wp","href":"https:\/\/api.w.org\/{rel}","templated":true}]}}