{"id":10199,"date":"2025-10-23T14:55:44","date_gmt":"2025-10-23T17:55:44","guid":{"rendered":"https:\/\/universofamilia.com\/?p=10199"},"modified":"2025-10-23T14:55:46","modified_gmt":"2025-10-23T17:55:46","slug":"soft-skills-mas-valoradas-en-2025","status":"publish","type":"post","link":"https:\/\/universofamilia.com\/hu\/soft-skills-mas-valoradas-en-2025\/","title":{"rendered":"Leg\u00e9rt\u00e9kesebb soft skillek 2025-ben"},"content":{"rendered":"<p class=\"has-text-align-center\">Egy olyan munka vil\u00e1g\u00e1ban, ahol a technol\u00f3gia \u00fajra\u00e9rtelmezi a munkav\u00e9gz\u00e9s m\u00f3dj\u00e1t, a meg\u00e9rt\u00e9s <strong>Hogyan fejleszthetj\u00fck a leg\u00e9rt\u00e9kesebb soft skilleket 2025-ben?<\/strong> n\u00e9lk\u00fcl\u00f6zhetetlen azok sz\u00e1m\u00e1ra, akik nemcsak t\u00fal\u00e9lni, hanem kiteljesedni is szeretn\u00e9nek.<\/p>\n\n\n\n<figure class=\"wp-block-gallery aligncenter has-nested-images columns-default is-cropped wp-block-gallery-1 is-layout-flex wp-block-gallery-is-layout-flex\">\n<figure class=\"wp-block-image size-full\"><img loading=\"lazy\" decoding=\"async\" width=\"450\" height=\"250\" data-id=\"10201\" src=\"https:\/\/universofamilia.com\/wp-content\/uploads\/sites\/148\/2025\/10\/Destaque-Novo-Universo-20-1.jpg\" alt=\"\" class=\"wp-image-10201\" srcset=\"https:\/\/universofamilia.com\/wp-content\/uploads\/sites\/148\/2025\/10\/Destaque-Novo-Universo-20-1.jpg 450w, https:\/\/universofamilia.com\/wp-content\/uploads\/sites\/148\/2025\/10\/Destaque-Novo-Universo-20-1-300x167.jpg 300w, https:\/\/universofamilia.com\/wp-content\/uploads\/sites\/148\/2025\/10\/Destaque-Novo-Universo-20-1-18x10.jpg 18w\" sizes=\"(max-width: 450px) 100vw, 450px\" \/><figcaption class=\"wp-element-caption\">CANVA<\/figcaption><\/figure>\n<\/figure>\n\n\n\n<p class=\"has-text-align-center\">Az automatiz\u00e1l\u00e1s, a mesters\u00e9ges intelligencia, a globaliz\u00e1ci\u00f3 \u00e9s a hibrid modellek megv\u00e1ltoztatt\u00e1k a szervezetek dinamik\u00e1j\u00e1t.<\/p>\n\n\n\n<p>Manaps\u00e1g a f\u0151iskolai diploma vagy a m\u0171szaki ismeretek m\u00e1r nem garant\u00e1lj\u00e1k a relev\u00e1ns eredm\u00e9nyeket; a megk\u00fcl\u00f6nb\u00f6ztet\u0151 t\u00e9nyez\u0151 az emberi kompetenci\u00e1kban rejlik: t\u00f6bbek k\u00f6z\u00f6tt a kommunik\u00e1ci\u00f3ban, az alkalmazkod\u00f3k\u00e9pess\u00e9gben, a kritikai gondolkod\u00e1sban \u00e9s az \u00e9rzelmi intelligenci\u00e1ban.<\/p>\n\n\n\n<p><\/p>\n\n\n\n<p>Ez a cikk m\u00e9lyrehat\u00f3 elemz\u00e9st ny\u00fajt azokr\u00f3l a soft skillekr\u0151l, amelyek id\u00e9n v\u00e1ltoz\u00e1st hoznak majd.<\/p>\n\n\n\n<p>El\u0151sz\u00f6r is megvizsg\u00e1ljuk ezek relevanci\u00e1j\u00e1t a mai munkaer\u0151piacon; majd r\u00e9szletesen ismertetj\u00fck a kulcsfontoss\u00e1g\u00fa k\u00e9szs\u00e9geket, azok fejleszt\u00e9s\u00e9nek \u00e9s alkalmaz\u00e1s\u00e1nak m\u00f3dj\u00e1t; v\u00e9g\u00fcl val\u00f3s p\u00e9ld\u00e1kat mutatunk be olyan szakemberekr\u0151l, akik sikeresen integr\u00e1lt\u00e1k ezeket; v\u00e9g\u00fcl pedig a gyakran ism\u00e9telt k\u00e9rd\u00e9sekre \u00e9s a j\u00f6v\u0151beli trendekre t\u00e9r\u00fcnk ki.<\/p>\n\n\n\n<p>Mindez naprak\u00e9sz adatokon \u00e9s megb\u00edzhat\u00f3 forr\u00e1sokb\u00f3l sz\u00e1rmaz\u00f3 hivatkoz\u00e1sokon alapul.<\/p>\n\n\n\n<h2 class=\"wp-block-heading\">A soft skillek jelent\u0151s\u00e9ge a technol\u00f3giai korszakban<\/h2>\n\n\n\n<p>M\u00edg a kem\u00e9ny k\u00e9szs\u00e9gek \u2013 olyan m\u0171szaki ismeretek, mint a programoz\u00e1s, az adatelemz\u00e9s vagy a m\u00e9rn\u00f6ki tudom\u00e1nyok \u2013 elengedhetetlenek, a soft skillek azok, amelyek lehet\u0151v\u00e9 teszik ezen ismeretek hat\u00e9kony alkalmaz\u00e1s\u00e1t.<\/p>\n\n\n\n<p>A vezet\u00e9s, a kommunik\u00e1ci\u00f3, a probl\u00e9mamegold\u00e1s \u00e9s a strat\u00e9giai egy\u00fcttm\u0171k\u00f6d\u00e9s k\u00e9pess\u00e9ge k\u00fcl\u00f6nb\u00f6zteti meg a szakembereket a dinamikus k\u00f6rnyezetben.<\/p>\n\n\n\n<p>A szerint <strong>A munkahelyek j\u00f6v\u0151je 2025-\u00f6s jelent\u00e9s<\/strong> A Vil\u00e1ggazdas\u00e1gi F\u00f3rum szerint a jelenlegi k\u00e9szs\u00e9gek 39%-je v\u00e1rhat\u00f3an megv\u00e1ltozik vagy elavul 2025 \u00e9s 2030 k\u00f6z\u00f6tt.<\/p>\n\n\n\n<p>Ez azt jelenti, hogy a szakembereknek a technikai k\u00e9szs\u00e9geket az emberi kompetenci\u00e1kkal kell \u00f6tv\u00f6zni\u00fck ahhoz, hogy relev\u00e1nsak maradjanak. <\/p>\n\n\n\n<p><strong>Anal\u00f3gia:<\/strong> K\u00e9pzeld el magad egy hegyi ment\u0151csapat tagjak\u00e9nt.<\/p>\n\n\n\n<p>A modern eszk\u00f6z\u00f6k (technol\u00f3gia, szoftver, hardver) elengedhetetlenek, de vezet\u00e9s, kommunik\u00e1ci\u00f3 \u00e9s alkalmazkod\u00f3k\u00e9pess\u00e9g n\u00e9lk\u00fcl m\u00e9g a legjobb felszerel\u00e9s sem garant\u00e1lja a sikert.<\/p>\n\n\n\n<p>Ugyanez t\u00f6rt\u00e9nik a munkahelyen is: a soft skillek jelentik a hajt\u00f3er\u0151t a rendelkez\u00e9sre \u00e1ll\u00f3 eszk\u00f6z\u00f6k kihaszn\u00e1l\u00e1sa m\u00f6g\u00f6tt.<\/p>\n\n\n\n<h2 class=\"wp-block-heading\">A 10 leg\u00e9rt\u00e9kesebb soft skill 2025-ben<\/h2>\n\n\n\n<p>Az al\u00e1bbiakban t\u00edz kritikus emberi kompetenci\u00e1ra b\u0151v\u00edtj\u00fck a list\u00e1t, gyakorlati p\u00e9ld\u00e1kkal illusztr\u00e1lva azok alkalmaz\u00e1s\u00e1t:<\/p>\n\n\n\n<h3 class=\"wp-block-heading\">1. Hat\u00e9kony kommunik\u00e1ci\u00f3<\/h3>\n\n\n\n<p>Nem csak a helyes besz\u00e9dr\u0151l vagy \u00edr\u00e1sr\u00f3l van sz\u00f3, hanem a gondolatok vil\u00e1gos k\u00f6zvet\u00edt\u00e9s\u00e9r\u0151l \u00e9s az akt\u00edv hallgat\u00e1sr\u00f3l is.<\/p>\n\n\n\n<p>2025-ben a hat\u00e9kony kommunik\u00e1ci\u00f3 l\u00e9tfontoss\u00e1g\u00fa a hibrid csapatok vezet\u00e9s\u00e9hez \u00e9s a glob\u00e1lis koll\u00e9g\u00e1kkal val\u00f3 egy\u00fcttm\u0171k\u00f6d\u00e9shez.<\/p>\n\n\n\n<p>Az olyan c\u00e9gek, mint a Deloitte, arr\u00f3l sz\u00e1molnak be, hogy a munkaad\u00f3k 361%-a a kommunik\u00e1ci\u00f3t tartja a legfontosabb soft skillnek a munkateljes\u00edtm\u00e9ny szempontj\u00e1b\u00f3l.<\/p>\n\n\n\n<p><strong>P\u00e9lda:<\/strong><\/p>\n\n\n\n<p>Ana, digit\u00e1lis marketing menedzser, vil\u00e1gos \u00f6sszefoglal\u00f3k, folyamatos visszajelz\u00e9s \u00e9s struktur\u00e1lt virtu\u00e1lis megbesz\u00e9l\u00e9sek seg\u00edts\u00e9g\u00e9vel seg\u00edti glob\u00e1lis csapat\u00e1t a kamp\u00e1nyc\u00e9lok meg\u00e9rt\u00e9s\u00e9ben.<\/p>\n\n\n\n<p>A kommunik\u00e1ci\u00f3ja elker\u00fcli a zavart \u00e9s 25%-vel n\u00f6veli a termel\u00e9kenys\u00e9get.<\/p>\n\n\n\n<h3 class=\"wp-block-heading\">2. Alkalmazkod\u00f3k\u00e9pess\u00e9g \u00e9s ellen\u00e1ll\u00f3 k\u00e9pess\u00e9g<\/h3>\n\n\n\n<p>A technol\u00f3giai v\u00e1ltoz\u00e1sok sebess\u00e9ge rugalmas szakembereket ig\u00e9nyel, akik k\u00e9pesek a bizonytalans\u00e1ggal megbirk\u00f3zni a teljes\u00edtm\u00e9ny fel\u00e1ldoz\u00e1sa n\u00e9lk\u00fcl.<\/p>\n\n\n\n<p>Az alkalmazkod\u00f3k\u00e9pess\u00e9g \u00e9s a rugalmass\u00e1g lehet\u0151v\u00e9 teszi sz\u00e1munkra, hogy \u00faj szerepeket v\u00e1llaljunk, digit\u00e1lis eszk\u00f6z\u00f6ket integr\u00e1ljunk \u00e9s lek\u00fczdj\u00fck az akad\u00e1lyokat.<\/p>\n\n\n\n<p><strong>P\u00e9lda:<\/strong><\/p>\n\n\n\n<p>Carlos, aki gy\u00e1rt\u00e1sm\u00e9rn\u00f6k, megtanulta az automatiz\u00e1l\u00e1si platformok haszn\u00e1lat\u00e1t, \u00e9s egy Ipar 4.0 \u00e1t\u00e1ll\u00e1si projektet vezetett, amelynek sor\u00e1n 15%-val cs\u00f6kkentette a termel\u00e9si id\u0151t, \u00e9s bemutatta, hogyan hoz k\u00e9zzelfoghat\u00f3 eredm\u00e9nyeket a rugalmass\u00e1g.<\/p>\n\n\n\n<h3 class=\"wp-block-heading\">3. Kritikus gondolkod\u00e1s \u00e9s probl\u00e9mamegold\u00e1s<\/h3>\n\n\n\n<p>A kritikai gondolkod\u00e1s a helyzetek elemz\u00e9s\u00e9nek, a felt\u00e9telez\u00e9sek megk\u00e9rd\u0151jelez\u00e9s\u00e9nek \u00e9s a megalapozott d\u00f6nt\u00e9sek meghozatal\u00e1nak k\u00e9pess\u00e9ge.<\/p>\n\n\n\n<p>A szervezetek \u00e9rt\u00e9kelik a komplex probl\u00e9m\u00e1k kreat\u00edv \u00e9s hat\u00e9kony megold\u00e1s\u00e1nak k\u00e9pess\u00e9g\u00e9t.<\/p>\n\n\n\n<p><strong>Relev\u00e1ns adatok:<\/strong> Egy Hays-tanulm\u00e1ny szerint a kritikai gondolkod\u00e1s lesz a harmadik legkeresettebb soft skill 2025-re, k\u00f6zvetlen\u00fcl a kommunik\u00e1ci\u00f3 \u00e9s az alkalmazkod\u00f3k\u00e9pess\u00e9g ut\u00e1n.<\/p>\n\n\n\n<h3 class=\"wp-block-heading\">4. \u00c9rzelmi intelligencia<\/h3>\n\n\n\n<p>Az \u00e9rzelmi intelligencia lehet\u0151v\u00e9 teszi sz\u00e1munkra, hogy felismerj\u00fck \u00e9s kezelj\u00fck saj\u00e1t \u00e9s m\u00e1sok \u00e9rzelmeit, ami kulcsfontoss\u00e1g\u00fa az emp\u00e1ti\u00e1val val\u00f3 vezet\u00e9shez \u00e9s az etikus d\u00f6nt\u00e9shozatalhoz.<\/p>\n\n\n\n<p>Az \u00e9rzelmileg intelligens vezet\u0151kkel rendelkez\u0151 csapatok ak\u00e1r 30 %-vel nagyobb munkaelk\u00f6telezetts\u00e9get mutatnak.<\/p>\n\n\n\n<h3 class=\"wp-block-heading\">5. Csapatmunka \u00e9s egy\u00fcttm\u0171k\u00f6d\u00e9s<\/h3>\n\n\n\n<p>A hat\u00e9kony egy\u00fcttm\u0171k\u00f6d\u00e9s elengedhetetlen a multidiszciplin\u00e1ris \u00e9s t\u00e1voli projektekben.<\/p>\n\n\n\n<p>A tud\u00e1smegoszt\u00e1s, az \u00f6tletek meghallgat\u00e1sa \u00e9s a megold\u00e1sok kidolgoz\u00e1s\u00e1nak k\u00e9pess\u00e9ge hozz\u00e1j\u00e1rul a k\u00f6z\u00f6s sikerhez.<\/p>\n\n\n\n<h3 class=\"wp-block-heading\">6. Kreativit\u00e1s \u00e9s innov\u00e1ci\u00f3<\/h3>\n\n\n\n<p>A protokollok betart\u00e1s\u00e1n t\u00fal a v\u00e1llalatok olyan embereket keresnek, akik k\u00e9pesek eredeti \u00f6tleteket \u00e9s diszrupt\u00edv megold\u00e1sokat gener\u00e1lni.<\/p>\n\n\n\n<p>Egy olyan vil\u00e1gban, ahol a mesters\u00e9ges intelligencia automatiz\u00e1lja az ism\u00e9tl\u0151d\u0151 feladatokat, az emberi kreativit\u00e1s strat\u00e9giai er\u0151forr\u00e1ss\u00e1 v\u00e1lik.<\/p>\n\n\n\n<h3 class=\"wp-block-heading\">7. Id\u0151gazd\u00e1lkod\u00e1s \u00e9s termel\u00e9kenys\u00e9g<\/h3>\n\n\n\n<p>A hibrid munka hat\u00e9konys\u00e1got ig\u00e9nyel.<\/p>\n\n\n\n<p>A feladatok rangsorol\u00e1sa, a projektek szervez\u00e9se \u00e9s a c\u00e9lok \u00f6n\u00e1ll\u00f3 el\u00e9r\u00e9se kritikus k\u00e9szs\u00e9g, amely k\u00f6zvetlen\u00fcl befoly\u00e1solja a v\u00e1llalat j\u00f6vedelmez\u0151s\u00e9g\u00e9t.<\/p>\n\n\n\n<h3 class=\"wp-block-heading\">8. Folyamatos tanul\u00e1si k\u00e9pess\u00e9g<\/h3>\n\n\n\n<p>A folyamatos k\u00e9pz\u00e9s elengedhetetlen az \u00faj eszk\u00f6z\u00f6kh\u00f6z, m\u00f3dszertanokhoz \u00e9s trendekhez val\u00f3 alkalmazkod\u00e1shoz.<\/p>\n\n\n\n<p>A folyamatos tanul\u00e1s biztos\u00edtja a szakmai relevanci\u00e1t \u00e9s a felmer\u00fcl\u0151 szerepk\u00f6r\u00f6k bet\u00f6lt\u00e9s\u00e9nek k\u00e9pess\u00e9g\u00e9t.<\/p>\n\n\n\n<h3 class=\"wp-block-heading\">9. Befogad\u00f3 vezet\u00e9s<\/h3>\n\n\n\n<p>A soksz\u00edn\u0171 csapatok vezet\u00e9se emp\u00e1ti\u00e1t, j\u00f6v\u0151k\u00e9pet \u00e9s motiv\u00e1ci\u00f3s k\u00e9szs\u00e9geket ig\u00e9nyel. Egy befogad\u00f3 vezet\u0151 egy\u00fcttm\u0171k\u00f6d\u00e9sre, innov\u00e1ci\u00f3ra \u00e9s elk\u00f6telezetts\u00e9gre \u00e9p\u00fcl\u0151 k\u00f6rnyezetet teremt.<\/p>\n\n\n\n<h3 class=\"wp-block-heading\">10. T\u00e1rgyal\u00e1s \u00e9s konfliktusmegold\u00e1s<\/h3>\n\n\n\n<p>A meg\u00e1llapod\u00e1sok el\u00e9r\u00e9s\u00e9nek, a n\u00e9zetelt\u00e9r\u00e9sek k\u00f6zvet\u00edt\u00e9s\u00e9nek \u00e9s a konszenzus\u00e9p\u00edt\u00e9snek ismerete elengedhetetlen az \u00f6sszetett \u00e9s versenyk\u00e9pes k\u00f6rnyezetben. <\/p>\n\n\n\n<p>Ezek a k\u00e9szs\u00e9gek hozz\u00e1j\u00e1rulnak az eg\u00e9szs\u00e9ges \u00e9s produkt\u00edv munkakapcsolatok fenntart\u00e1s\u00e1hoz.<\/p>\n\n\n\n<h2 class=\"wp-block-heading\">A soft skillek t\u00e1bl\u00e1zata \u00e9s a v\u00e1rhat\u00f3 kereslet 2025-ben<\/h2>\n\n\n\n<figure class=\"wp-block-table\"><table><thead><tr><th>Puha k\u00e9szs\u00e9g<\/th><th>Becs\u00fclt kereslet (%)<\/th><th>A termel\u00e9kenys\u00e9gre gyakorolt hat\u00e1s<\/th><\/tr><\/thead><tbody><tr><td>Hat\u00e9kony kommunik\u00e1ci\u00f3<\/td><td>36%<\/td><td>Magas<\/td><\/tr><tr><td>Alkalmazkod\u00f3k\u00e9pess\u00e9g \u00e9s ellen\u00e1ll\u00f3 k\u00e9pess\u00e9g<\/td><td>34%<\/td><td>Nagyon magas<\/td><\/tr><tr><td>Kritikus gondolkod\u00e1s<\/td><td>32%<\/td><td>Magas<\/td><\/tr><tr><td>\u00c9rzelmi intelligencia<\/td><td>30%<\/td><td>Magas<\/td><\/tr><tr><td>csapatmunka<\/td><td>28%<\/td><td>K\u00f6zepesen magas<\/td><\/tr><tr><td>Kreativit\u00e1s<\/td><td>25%<\/td><td>Magas<\/td><\/tr><tr><td>Id\u0151gazd\u00e1lkod\u00e1s<\/td><td>22%<\/td><td>\u00c1tlagos<\/td><\/tr><tr><td>Folyamatos tanul\u00e1s<\/td><td>20%<\/td><td>\u00c1tlagos<\/td><\/tr><tr><td>Befogad\u00f3 vezet\u00e9s<\/td><td>18%<\/td><td>\u00c1tlagos<\/td><\/tr><tr><td>T\u00e1rgyal\u00e1s<\/td><td>15%<\/td><td>\u00c1tlagos<\/td><\/tr><\/tbody><\/table><figcaption class=\"wp-element-caption\">Forr\u00e1s: Hays, Vil\u00e1ggazdas\u00e1gi F\u00f3rum, 2025.<\/figcaption><\/figure>\n\n\n\n<figure class=\"wp-block-gallery aligncenter has-nested-images columns-default is-cropped wp-block-gallery-2 is-layout-flex wp-block-gallery-is-layout-flex\">\n<figure class=\"wp-block-image size-full\"><img loading=\"lazy\" decoding=\"async\" width=\"450\" height=\"250\" data-id=\"10202\" src=\"https:\/\/universofamilia.com\/wp-content\/uploads\/sites\/148\/2025\/10\/Destaque-Novo-Universo-21.jpg\" alt=\"\" class=\"wp-image-10202\" srcset=\"https:\/\/universofamilia.com\/wp-content\/uploads\/sites\/148\/2025\/10\/Destaque-Novo-Universo-21.jpg 450w, https:\/\/universofamilia.com\/wp-content\/uploads\/sites\/148\/2025\/10\/Destaque-Novo-Universo-21-300x167.jpg 300w, https:\/\/universofamilia.com\/wp-content\/uploads\/sites\/148\/2025\/10\/Destaque-Novo-Universo-21-18x10.jpg 18w\" sizes=\"(max-width: 450px) 100vw, 450px\" \/><figcaption class=\"wp-element-caption\">CANVA<\/figcaption><\/figure>\n<\/figure>\n\n\n\n<p>B\u0151vebben:\u00a0<a href=\"https:\/\/universofamilia.com\/hu\/el-teletrabajo-en-2025-las-nuevas-tendencias-del-home-office\/\">T\u00e1vmunka 2025-ben: \u00daj otthoni irodai trendek<\/a><\/p>\n\n\n\n<h2 class=\"wp-block-heading\">Hogyan fejleszthetj\u00fck ezeket a soft skilleket<\/h2>\n\n\n\n<ol>\n<li><strong>Hat\u00e9kony kommunik\u00e1ci\u00f3:<\/strong> nyilv\u00e1nos besz\u00e9d workshopok, rendszeres el\u0151ad\u00e1sok, 360\u00b0-os visszajelz\u00e9s.<\/li>\n\n\n\n<li><strong>Alkalmazkod\u00f3k\u00e9pess\u00e9g:<\/strong> \u00faj technol\u00f3giai kurzusok, k\u00eds\u00e9rleti projektek, mentor\u00e1l\u00e1s.<\/li>\n\n\n\n<li><strong>Kritikus gondolkod\u00e1s:<\/strong> esetelemz\u00e9s, vit\u00e1k \u00e9s probl\u00e9mamegold\u00f3 gyakorlatok.<\/li>\n\n\n\n<li><strong>\u00c9rzelmi intelligencia:<\/strong> mindfulness, coaching \u00e9s rendszeres \u00f6n\u00e9rt\u00e9kel\u00e9s.<\/li>\n\n\n\n<li><strong>Csapatmunka:<\/strong> r\u00e9szv\u00e9tel egy\u00fcttm\u0171k\u00f6d\u00e9si projektekben \u00e9s v\u00e1llalati \u00f6nk\u00e9ntess\u00e9g.<\/li>\n\n\n\n<li><strong>Kreativit\u00e1s:<\/strong> terek az innov\u00e1ci\u00f3hoz, az \u00f6tletel\u00e9shez \u00e9s a gyors protot\u00edpus-k\u00e9sz\u00edt\u00e9shez.<\/li>\n\n\n\n<li><strong>Id\u0151gazd\u00e1lkod\u00e1s:<\/strong> digit\u00e1lis termel\u00e9kenys\u00e9gi eszk\u00f6z\u00f6k, heti tervez\u00e9s.<\/li>\n\n\n\n<li><strong>Folyamatos tanul\u00e1s:<\/strong> online kurzusok, webin\u00e1riumok, trendolvas\u00e1s.<\/li>\n\n\n\n<li><strong>Befogad\u00f3 vezet\u00e9s:<\/strong> soksz\u00edn\u0171s\u00e9gi k\u00e9pz\u00e9s, mentor\u00e1l\u00e1s \u00e9s csapatszint\u0171 visszajelz\u00e9s.<\/li>\n\n\n\n<li><strong>T\u00e1rgyal\u00e1s:<\/strong> szerepj\u00e1t\u00e9kok, esettanulm\u00e1nyok \u00e9s konfliktusszimul\u00e1ci\u00f3k.<\/li>\n<\/ol>\n\n\n\n<h2 class=\"wp-block-heading\">Azok az \u00e1gazatok, ahol a soft skilleknek a legnagyobb hat\u00e1suk van Mexik\u00f3ban<\/h2>\n\n\n\n<ul>\n<li><strong>Technol\u00f3gia:<\/strong> egy\u00fcttm\u0171k\u00f6d\u00e9si k\u00e9szs\u00e9g, alkalmazkod\u00f3k\u00e9pess\u00e9g \u00e9s folyamatos tanul\u00e1s.<\/li>\n\n\n\n<li><strong>P\u00e9nz\u00fcgyi szolg\u00e1ltat\u00e1sok:<\/strong> kommunik\u00e1ci\u00f3, t\u00e1rgyal\u00e1s \u00e9s kritikai gondolkod\u00e1s.<\/li>\n\n\n\n<li><strong>Kiskereskedelem \u00e9s kereskedelem:<\/strong> \u00fcgyf\u00e9lszolg\u00e1lat, rugalmass\u00e1g \u00e9s id\u0151gazd\u00e1lkod\u00e1s.<\/li>\n\n\n\n<li><strong>Gy\u00e1rt\u00e1s:<\/strong> csapatmunka, probl\u00e9mamegold\u00e1s \u00e9s befogad\u00f3 vezet\u00e9s.<\/li>\n\n\n\n<li><strong>Tan\u00e1csad\u00e1s \u00e9s oktat\u00e1s:<\/strong> kreativit\u00e1s, \u00e9rzelmi intelligencia \u00e9s vezet\u0151i k\u00e9pess\u00e9gek.<\/li>\n<\/ul>\n\n\n\n<h2 class=\"wp-block-heading\">Professzion\u00e1lis alkalmaz\u00e1si p\u00e9ld\u00e1k<\/h2>\n\n\n\n<p><strong>1. p\u00e9lda:<\/strong> Laura, HR-szak\u00e9rt\u0151, a People Analytics alkalmaz\u00e1s\u00e1t alkalmazza \u00e9rzelmi intelligencia seg\u00edts\u00e9g\u00e9vel a teljes\u00edtm\u00e9ny- \u00e9s munkak\u00f6rnyezeti adatok \u00e9rtelmez\u00e9s\u00e9hez.<\/p>\n\n\n\n<p>A megk\u00f6zel\u00edt\u00e9s\u00fck 18%-vel jav\u00edtja a tehets\u00e9gek megtart\u00e1s\u00e1t.<\/p>\n\n\n\n<p><strong>2. p\u00e9lda:<\/strong> Juan, egy UX designer, a kreativit\u00e1st \u00e9s a kritikai gondolkod\u00e1st \u00f6tv\u00f6zi, hogy jav\u00edtsa a p\u00e9nz\u00fcgyi alkalmaz\u00e1sok felhaszn\u00e1l\u00f3i \u00e9lm\u00e9ny\u00e9t, n\u00f6velve az elk\u00f6telez\u0151d\u00e9st \u00e9s cs\u00f6kkentve a navig\u00e1ci\u00f3s hib\u00e1kat.<\/p>\n\n\n\n<h2 class=\"wp-block-heading\">Strat\u00e9gia a soft skillek karrierbe val\u00f3 integr\u00e1l\u00e1s\u00e1ra<\/h2>\n\n\n\n<ol>\n<li><strong>\u00d6n\u00e9rt\u00e9kel\u00e9s:<\/strong> azonos\u00edtja az er\u0151ss\u00e9geket \u00e9s a fejlesztend\u0151 ter\u00fcleteket.<\/li>\n\n\n\n<li><strong>Fejleszt\u00e9si terv:<\/strong> V\u00e1laszd ki a szektorodnak legmegfelel\u0151bb k\u00e9szs\u00e9geket.<\/li>\n\n\n\n<li><strong>\u00c1lland\u00f3 gyakorl\u00e1s:<\/strong> alkalmazd a tanultakat val\u00f3s projektekben.<\/li>\n\n\n\n<li><strong>L\u00e1that\u00f3s\u00e1g:<\/strong> kommunik\u00e1ld a k\u00e9szs\u00e9geidet szakmai h\u00e1l\u00f3zatokban \u00e9s interj\u00fakon.<\/li>\n\n\n\n<li><strong>Id\u0151szakos \u00e9rt\u00e9kel\u00e9s:<\/strong> m\u00e9ri az el\u0151rehalad\u00e1st, \u00e9s a piaci v\u00e1ltoz\u00e1sokhoz igaz\u00edtja a c\u00e9lokat.<\/li>\n<\/ol>\n\n\n\n<h2 class=\"wp-block-heading\">Trendek, amelyek befoly\u00e1solj\u00e1k a soft skilleket 2025-ben<\/h2>\n\n\n\n<ul>\n<li>A mesters\u00e9ges intelligencia \u00e9s az automatiz\u00e1l\u00e1s t\u00f6bb ember-g\u00e9p egy\u00fcttm\u0171k\u00f6d\u00e9st ig\u00e9nyel majd.<\/li>\n\n\n\n<li>A hibrid csapatok n\u00f6velik a vil\u00e1gos kommunik\u00e1ci\u00f3 \u00e9s az id\u0151gazd\u00e1lkod\u00e1s fontoss\u00e1g\u00e1t.<\/li>\n\n\n\n<li>A gener\u00e1ci\u00f3s \u00e9s kultur\u00e1lis soksz\u00edn\u0171s\u00e9g befogad\u00f3 vezet\u00e9st \u00e9s emp\u00e1ti\u00e1t ig\u00e9nyel.<\/li>\n<\/ul>\n\n\n\n<p>Ezek a trendek al\u00e1h\u00fazz\u00e1k, hogy az emberi k\u00e9szs\u00e9gek tov\u00e1bbra is meghat\u00e1roz\u00f3 t\u00e9nyez\u0151k maradnak, m\u00e9g egy magasan technol\u00f3giai k\u00f6rnyezetben is.<\/p>\n\n\n\n<h2 class=\"wp-block-heading\">K\u00f6vetkeztet\u00e9s<\/h2>\n\n\n\n<p>A <strong>Leg\u00e9rt\u00e9kesebb soft skillek 2025-ben<\/strong> Nem luxuscikk vagy extra; elengedhetetlenek ahhoz, hogy kit\u0171nj a v\u00e1ltoz\u00f3 munkaer\u0151piacon. Fejleszt\u00e9s\u00fck lehet\u0151v\u00e9 teszi, hogy:<\/p>\n\n\n\n<ul>\n<li>Alkalmazkodj az \u00faj szerepk\u00f6r\u00f6kh\u00f6z \u00e9s technol\u00f3gi\u00e1khoz.<\/li>\n\n\n\n<li>Hat\u00e9konyan m\u0171k\u00f6dj egy\u00fctt soksz\u00edn\u0171 csapatokkal.<\/li>\n\n\n\n<li>Hozz megalapozott \u00e9s kreat\u00edv d\u00f6nt\u00e9seket.<\/li>\n\n\n\n<li>Emp\u00e1ti\u00e1val \u00e9s strat\u00e9giai v\u00edzi\u00f3val vezess.<\/li>\n<\/ul>\n\n\n\n<p>Ha befektetsz ezekbe a k\u00e9szs\u00e9gekbe, azzal befektetsz a szakmai j\u00f6v\u0151dbe, biztos\u00edtva, hogy a karriered ne csak fennmaradjon, hanem vir\u00e1gozzon is.<\/p>\n\n\n\n<p>B\u0151vebben:<a href=\"https:\/\/universofamilia.com\/hu\/tres-pilares-esenciales-para-una-carrera-robusta\/\">\u00a0H\u00e1rom alapvet\u0151 pill\u00e9r egy stabil karrierhez<\/a><\/p>\n\n\n\n<h2 class=\"wp-block-heading\">Gyakran Ism\u00e9telt K\u00e9rd\u00e9sek<\/h2>\n\n\n\n<p><strong>Mi\u00e9rt olyan fontosak a soft skillek a hard skillekhez k\u00e9pest?<\/strong><br>Mert lehet\u0151v\u00e9 teszik a m\u0171szaki ismeretek hat\u00e9kony alkalmaz\u00e1s\u00e1t, a v\u00e1ltoz\u00e1sokhoz val\u00f3 alkalmazkod\u00e1st \u00e9s az egy\u00fcttm\u0171k\u00f6d\u00e9st \u00f6sszetett k\u00f6rnyezetekben.<\/p>\n\n\n\n<p><strong>El lehet-e saj\u00e1t\u00edtani ezeket a k\u00e9szs\u00e9geket \u00f6n\u00e1ll\u00f3an?<\/strong><br>Igen, \u00e1lland\u00f3 gyakorl\u00e1s, visszajelz\u00e9sek, online kurzusok \u00e9s val\u00f3s munkatapasztalatok r\u00e9v\u00e9n.<\/p>\n\n\n\n<p><strong>Melyik a leg\u00e9rt\u00e9kesebb soft skill jelenleg Mexik\u00f3ban?<\/strong><br>Hays \u00e9s a Vil\u00e1ggazdas\u00e1gi F\u00f3rum szerint a hat\u00e9kony kommunik\u00e1ci\u00f3 \u00e9s az alkalmazkod\u00f3k\u00e9pess\u00e9g vezeti a keresletet.<\/p>\n\n\n\n<p><strong>Hogyan m\u00e9rhetem a soft skillek ter\u00e9n el\u00e9rt fejl\u0151d\u00e9semet?<\/strong><br>Id\u0151szakos \u00f6n\u00e9rt\u00e9kel\u00e9sek, koll\u00e9g\u00e1kt\u00f3l kapott visszajelz\u00e9sek \u00e9s k\u00e9zzelfoghat\u00f3 projekteredm\u00e9nyek r\u00e9v\u00e9n.<\/p>\n\n\n\n<p><strong>Mely szektorok ig\u00e9nylik a legnagyobb kreativit\u00e1st \u00e9s innov\u00e1ci\u00f3t?<\/strong><br>A technol\u00f3gia, a tan\u00e1csad\u00e1s, a design, a digit\u00e1lis marketing \u00e9s az oktat\u00e1s azok a szektorok, ahol a legnagyobb az ig\u00e9ny az alkalmazott kreativit\u00e1sra.<\/p>","protected":false},"excerpt":{"rendered":"<p>Egy olyan munka vil\u00e1g\u00e1ban, ahol a technol\u00f3gia \u00fajra\u00e9rtelmezi a munkav\u00e9gz\u00e9s m\u00f3dj\u00e1t, elengedhetetlenn\u00e9 v\u00e1lik annak meg\u00e9rt\u00e9se, hogyan lehet a leg\u00e9rt\u00e9kesebb soft skilleket kihaszn\u00e1lni 2025-ben azok sz\u00e1m\u00e1ra, akik nemcsak t\u00fal\u00e9lni, hanem kiteljesedni is szeretn\u00e9nek. Az automatiz\u00e1l\u00e1s, a mesters\u00e9ges intelligencia, a globaliz\u00e1ci\u00f3 \u00e9s a hibrid modellek megv\u00e1ltoztatt\u00e1k a szervezetek dinamik\u00e1j\u00e1t. Manaps\u00e1g egy diploma [\u2026]<\/p>","protected":false},"author":219,"featured_media":10200,"comment_status":"closed","ping_status":"open","sticky":false,"template":"","format":"standard","meta":{"footnotes":""},"categories":[5],"tags":[],"yoast_head":"<!-- This site is optimized with the Yoast SEO plugin v23.3 - https:\/\/yoast.com\/wordpress\/plugins\/seo\/ -->\n<title>Soft skills m\u00e1s valoradas en 2025 - Universo Fam\u00edlia<\/title>\n<meta name=\"description\" content=\"En un mundo laboral donde la tecnolog\u00eda redefine la manera de trabajar, entender c\u00f3mo potenciar las soft skills m\u00e1s valoradas en 2025 se...\" \/>\n<meta name=\"robots\" content=\"index, follow, max-snippet:-1, max-image-preview:large, max-video-preview:-1\" \/>\n<link rel=\"canonical\" href=\"http:\/\/universofamilia.com\/hu\/soft-skills-mas-valoradas-en-2025\/\" \/>\n<meta property=\"og:locale\" content=\"hu_HU\" \/>\n<meta property=\"og:type\" content=\"article\" \/>\n<meta property=\"og:title\" content=\"Soft skills m\u00e1s valoradas en 2025 - Universo Fam\u00edlia\" \/>\n<meta property=\"og:description\" content=\"En un mundo laboral donde la tecnolog\u00eda redefine la manera de trabajar, entender c\u00f3mo potenciar las soft skills m\u00e1s valoradas en 2025 se...\" \/>\n<meta property=\"og:url\" content=\"http:\/\/universofamilia.com\/hu\/soft-skills-mas-valoradas-en-2025\/\" \/>\n<meta property=\"og:site_name\" content=\"Universo Fam\u00edlia\" \/>\n<meta property=\"article:published_time\" content=\"2025-10-23T17:55:44+00:00\" \/>\n<meta property=\"article:modified_time\" content=\"2025-10-23T17:55:46+00:00\" \/>\n<meta property=\"og:image\" content=\"http:\/\/universofamilia.com\/wp-content\/uploads\/sites\/148\/2025\/10\/Destaque-Novo-Universo-20.jpg\" \/>\n\t<meta property=\"og:image:width\" content=\"450\" \/>\n\t<meta property=\"og:image:height\" content=\"250\" \/>\n\t<meta property=\"og:image:type\" content=\"image\/jpeg\" \/>\n<meta name=\"author\" content=\"Matheus Sangaletti\" \/>\n<meta name=\"twitter:card\" content=\"summary_large_image\" \/>\n<meta name=\"twitter:label1\" content=\"Written by\" \/>\n\t<meta name=\"twitter:data1\" content=\"Matheus Sangaletti\" \/>\n\t<meta name=\"twitter:label2\" content=\"Est. reading time\" \/>\n\t<meta name=\"twitter:data2\" content=\"9 perc\" \/>\n<script type=\"application\/ld+json\" class=\"yoast-schema-graph\">{\"@context\":\"https:\/\/schema.org\",\"@graph\":[{\"@type\":\"WebPage\",\"@id\":\"http:\/\/universofamilia.com\/hu\/soft-skills-mas-valoradas-en-2025\/\",\"url\":\"http:\/\/universofamilia.com\/hu\/soft-skills-mas-valoradas-en-2025\/\",\"name\":\"Soft skills m\u00e1s valoradas en 2025 - Universo Fam\u00edlia\",\"isPartOf\":{\"@id\":\"http:\/\/universofamilia.com\/zh_hk\/#website\"},\"primaryImageOfPage\":{\"@id\":\"http:\/\/universofamilia.com\/hu\/soft-skills-mas-valoradas-en-2025\/#primaryimage\"},\"image\":{\"@id\":\"http:\/\/universofamilia.com\/hu\/soft-skills-mas-valoradas-en-2025\/#primaryimage\"},\"thumbnailUrl\":\"https:\/\/universofamilia.com\/wp-content\/uploads\/sites\/148\/2025\/10\/Destaque-Novo-Universo-20.jpg\",\"datePublished\":\"2025-10-23T17:55:44+00:00\",\"dateModified\":\"2025-10-23T17:55:46+00:00\",\"author\":{\"@id\":\"http:\/\/universofamilia.com\/zh_hk\/#\/schema\/person\/92fcd07e9b1f4323bf74f3170fc0f78a\"},\"description\":\"En un mundo laboral donde la tecnolog\u00eda redefine la manera de trabajar, entender c\u00f3mo potenciar las soft skills m\u00e1s valoradas en 2025 se...\",\"breadcrumb\":{\"@id\":\"http:\/\/universofamilia.com\/hu\/soft-skills-mas-valoradas-en-2025\/#breadcrumb\"},\"inLanguage\":\"hu\",\"potentialAction\":[{\"@type\":\"ReadAction\",\"target\":[\"http:\/\/universofamilia.com\/hu\/soft-skills-mas-valoradas-en-2025\/\"]}]},{\"@type\":\"ImageObject\",\"inLanguage\":\"hu\",\"@id\":\"http:\/\/universofamilia.com\/hu\/soft-skills-mas-valoradas-en-2025\/#primaryimage\",\"url\":\"https:\/\/universofamilia.com\/wp-content\/uploads\/sites\/148\/2025\/10\/Destaque-Novo-Universo-20.jpg\",\"contentUrl\":\"https:\/\/universofamilia.com\/wp-content\/uploads\/sites\/148\/2025\/10\/Destaque-Novo-Universo-20.jpg\",\"width\":450,\"height\":250},{\"@type\":\"BreadcrumbList\",\"@id\":\"http:\/\/universofamilia.com\/hu\/soft-skills-mas-valoradas-en-2025\/#breadcrumb\",\"itemListElement\":[{\"@type\":\"ListItem\",\"position\":1,\"name\":\"Home\",\"item\":\"http:\/\/universofamilia.com\/zh_hk\/\"},{\"@type\":\"ListItem\",\"position\":2,\"name\":\"Soft skills m\u00e1s valoradas en 2025\"}]},{\"@type\":\"WebSite\",\"@id\":\"http:\/\/universofamilia.com\/zh_hk\/#website\",\"url\":\"http:\/\/universofamilia.com\/zh_hk\/\",\"name\":\"Universo Fam\u00edlia\",\"description\":\"\",\"potentialAction\":[{\"@type\":\"SearchAction\",\"target\":{\"@type\":\"EntryPoint\",\"urlTemplate\":\"http:\/\/universofamilia.com\/zh_hk\/?s={search_term_string}\"},\"query-input\":\"required name=search_term_string\"}],\"inLanguage\":\"hu\"},{\"@type\":\"Person\",\"@id\":\"http:\/\/universofamilia.com\/zh_hk\/#\/schema\/person\/92fcd07e9b1f4323bf74f3170fc0f78a\",\"name\":\"Matheus Sangaletti\",\"image\":{\"@type\":\"ImageObject\",\"inLanguage\":\"hu\",\"@id\":\"http:\/\/universofamilia.com\/zh_hk\/#\/schema\/person\/image\/\",\"url\":\"https:\/\/secure.gravatar.com\/avatar\/280ea957a14a48e6a1ad2133d2cc27c9?s=96&d=mm&r=g\",\"contentUrl\":\"https:\/\/secure.gravatar.com\/avatar\/280ea957a14a48e6a1ad2133d2cc27c9?s=96&d=mm&r=g\",\"caption\":\"Matheus Sangaletti\"},\"url\":\"https:\/\/universofamilia.com\/hu\/author\/matheuss\/\"}]}<\/script>\n<!-- \/ Yoast SEO plugin. -->","yoast_head_json":{"title":"Soft skills m\u00e1s valoradas en 2025 - Universo Fam\u00edlia","description":"En un mundo laboral donde la tecnolog\u00eda redefine la manera de trabajar, entender c\u00f3mo potenciar las soft skills m\u00e1s valoradas en 2025 se...","robots":{"index":"index","follow":"follow","max-snippet":"max-snippet:-1","max-image-preview":"max-image-preview:large","max-video-preview":"max-video-preview:-1"},"canonical":"http:\/\/universofamilia.com\/hu\/soft-skills-mas-valoradas-en-2025\/","og_locale":"hu_HU","og_type":"article","og_title":"Soft skills m\u00e1s valoradas en 2025 - Universo Fam\u00edlia","og_description":"En un mundo laboral donde la tecnolog\u00eda redefine la manera de trabajar, entender c\u00f3mo potenciar las soft skills m\u00e1s valoradas en 2025 se...","og_url":"http:\/\/universofamilia.com\/hu\/soft-skills-mas-valoradas-en-2025\/","og_site_name":"Universo Fam\u00edlia","article_published_time":"2025-10-23T17:55:44+00:00","article_modified_time":"2025-10-23T17:55:46+00:00","og_image":[{"width":450,"height":250,"url":"http:\/\/universofamilia.com\/wp-content\/uploads\/sites\/148\/2025\/10\/Destaque-Novo-Universo-20.jpg","type":"image\/jpeg"}],"author":"Matheus Sangaletti","twitter_card":"summary_large_image","twitter_misc":{"Written by":"Matheus Sangaletti","Est. reading time":"9 perc"},"schema":{"@context":"https:\/\/schema.org","@graph":[{"@type":"WebPage","@id":"http:\/\/universofamilia.com\/hu\/soft-skills-mas-valoradas-en-2025\/","url":"http:\/\/universofamilia.com\/hu\/soft-skills-mas-valoradas-en-2025\/","name":"Soft skills m\u00e1s valoradas en 2025 - Universo Fam\u00edlia","isPartOf":{"@id":"http:\/\/universofamilia.com\/zh_hk\/#website"},"primaryImageOfPage":{"@id":"http:\/\/universofamilia.com\/hu\/soft-skills-mas-valoradas-en-2025\/#primaryimage"},"image":{"@id":"http:\/\/universofamilia.com\/hu\/soft-skills-mas-valoradas-en-2025\/#primaryimage"},"thumbnailUrl":"https:\/\/universofamilia.com\/wp-content\/uploads\/sites\/148\/2025\/10\/Destaque-Novo-Universo-20.jpg","datePublished":"2025-10-23T17:55:44+00:00","dateModified":"2025-10-23T17:55:46+00:00","author":{"@id":"http:\/\/universofamilia.com\/zh_hk\/#\/schema\/person\/92fcd07e9b1f4323bf74f3170fc0f78a"},"description":"En un mundo laboral donde la tecnolog\u00eda redefine la manera de trabajar, entender c\u00f3mo potenciar las soft skills m\u00e1s valoradas en 2025 se...","breadcrumb":{"@id":"http:\/\/universofamilia.com\/hu\/soft-skills-mas-valoradas-en-2025\/#breadcrumb"},"inLanguage":"hu","potentialAction":[{"@type":"ReadAction","target":["http:\/\/universofamilia.com\/hu\/soft-skills-mas-valoradas-en-2025\/"]}]},{"@type":"ImageObject","inLanguage":"hu","@id":"http:\/\/universofamilia.com\/hu\/soft-skills-mas-valoradas-en-2025\/#primaryimage","url":"https:\/\/universofamilia.com\/wp-content\/uploads\/sites\/148\/2025\/10\/Destaque-Novo-Universo-20.jpg","contentUrl":"https:\/\/universofamilia.com\/wp-content\/uploads\/sites\/148\/2025\/10\/Destaque-Novo-Universo-20.jpg","width":450,"height":250},{"@type":"BreadcrumbList","@id":"http:\/\/universofamilia.com\/hu\/soft-skills-mas-valoradas-en-2025\/#breadcrumb","itemListElement":[{"@type":"ListItem","position":1,"name":"Home","item":"http:\/\/universofamilia.com\/zh_hk\/"},{"@type":"ListItem","position":2,"name":"Soft skills m\u00e1s valoradas en 2025"}]},{"@type":"WebSite","@id":"http:\/\/universofamilia.com\/zh_hk\/#website","url":"http:\/\/universofamilia.com\/zh_hk\/","name":"Universo Fam\u00edlia","description":"","potentialAction":[{"@type":"SearchAction","target":{"@type":"EntryPoint","urlTemplate":"http:\/\/universofamilia.com\/zh_hk\/?s={search_term_string}"},"query-input":"required name=search_term_string"}],"inLanguage":"hu"},{"@type":"Person","@id":"http:\/\/universofamilia.com\/zh_hk\/#\/schema\/person\/92fcd07e9b1f4323bf74f3170fc0f78a","name":"Matheus Sangaletti","image":{"@type":"ImageObject","inLanguage":"hu","@id":"http:\/\/universofamilia.com\/zh_hk\/#\/schema\/person\/image\/","url":"https:\/\/secure.gravatar.com\/avatar\/280ea957a14a48e6a1ad2133d2cc27c9?s=96&d=mm&r=g","contentUrl":"https:\/\/secure.gravatar.com\/avatar\/280ea957a14a48e6a1ad2133d2cc27c9?s=96&d=mm&r=g","caption":"Matheus Sangaletti"},"url":"https:\/\/universofamilia.com\/hu\/author\/matheuss\/"}]}},"_links":{"self":[{"href":"https:\/\/universofamilia.com\/hu\/wp-json\/wp\/v2\/posts\/10199"}],"collection":[{"href":"https:\/\/universofamilia.com\/hu\/wp-json\/wp\/v2\/posts"}],"about":[{"href":"https:\/\/universofamilia.com\/hu\/wp-json\/wp\/v2\/types\/post"}],"author":[{"embeddable":true,"href":"https:\/\/universofamilia.com\/hu\/wp-json\/wp\/v2\/users\/219"}],"replies":[{"embeddable":true,"href":"https:\/\/universofamilia.com\/hu\/wp-json\/wp\/v2\/comments?post=10199"}],"version-history":[{"count":1,"href":"https:\/\/universofamilia.com\/hu\/wp-json\/wp\/v2\/posts\/10199\/revisions"}],"predecessor-version":[{"id":10203,"href":"https:\/\/universofamilia.com\/hu\/wp-json\/wp\/v2\/posts\/10199\/revisions\/10203"}],"wp:featuredmedia":[{"embeddable":true,"href":"https:\/\/universofamilia.com\/hu\/wp-json\/wp\/v2\/media\/10200"}],"wp:attachment":[{"href":"https:\/\/universofamilia.com\/hu\/wp-json\/wp\/v2\/media?parent=10199"}],"wp:term":[{"taxonomy":"category","embeddable":true,"href":"https:\/\/universofamilia.com\/hu\/wp-json\/wp\/v2\/categories?post=10199"},{"taxonomy":"post_tag","embeddable":true,"href":"https:\/\/universofamilia.com\/hu\/wp-json\/wp\/v2\/tags?post=10199"}],"curies":[{"name":"wp","href":"https:\/\/api.w.org\/{rel}","templated":true}]}}