{"id":10218,"date":"2025-10-27T13:27:29","date_gmt":"2025-10-27T16:27:29","guid":{"rendered":"https:\/\/universofamilia.com\/?p=10218"},"modified":"2025-10-27T13:27:40","modified_gmt":"2025-10-27T16:27:40","slug":"proteccion-familiar-en-tiempos-de-incertidumbre-economica","status":"publish","type":"post","link":"https:\/\/universofamilia.com\/hu\/proteccion-familiar-en-tiempos-de-incertidumbre-economica\/","title":{"rendered":"Csal\u00e1dv\u00e9delem gazdas\u00e1gi bizonytalans\u00e1g idej\u00e9n"},"content":{"rendered":"<p class=\"has-text-align-center\">2025-ben felmer\u00fcl a k\u00e9rd\u00e9s, <strong>\u201eCsal\u00e1dv\u00e9delem a gazdas\u00e1gi bizonytalans\u00e1g idej\u00e9n\u201d<\/strong> Aktu\u00e1lisabb\u00e1 v\u00e1lik, mint valaha.<\/p>\n\n\n\n<figure class=\"wp-block-gallery aligncenter has-nested-images columns-default is-cropped wp-block-gallery-1 is-layout-flex wp-block-gallery-is-layout-flex\">\n<figure class=\"wp-block-image size-full\"><img loading=\"lazy\" decoding=\"async\" width=\"450\" height=\"250\" data-id=\"10220\" src=\"https:\/\/universofamilia.com\/wp-content\/uploads\/sites\/148\/2025\/10\/Destaque-Novo-Universo-25-1.jpg\" alt=\"\" class=\"wp-image-10220\" srcset=\"https:\/\/universofamilia.com\/wp-content\/uploads\/sites\/148\/2025\/10\/Destaque-Novo-Universo-25-1.jpg 450w, https:\/\/universofamilia.com\/wp-content\/uploads\/sites\/148\/2025\/10\/Destaque-Novo-Universo-25-1-300x167.jpg 300w, https:\/\/universofamilia.com\/wp-content\/uploads\/sites\/148\/2025\/10\/Destaque-Novo-Universo-25-1-18x10.jpg 18w\" sizes=\"(max-width: 450px) 100vw, 450px\" \/><figcaption class=\"wp-element-caption\">CANVA<\/figcaption><\/figure>\n<\/figure>\n\n\n\n<p class=\"has-text-align-center\">A glob\u00e1lis infl\u00e1ci\u00f3, a v\u00e1ltoz\u00e9kony munkaer\u0151piacok \u00e9s a k\u00fcl\u00f6nb\u00f6z\u0151 r\u00e9gi\u00f3k politikai instabilit\u00e1sa olyan k\u00f6rnyezetet teremtett, ahol a csal\u00e1di p\u00e9nz\u00fcgyi tervez\u00e9s m\u00e1r nem opcion\u00e1lis, hanem kritikus sz\u00fcks\u00e9gszer\u0171s\u00e9g.<\/p>\n\n\n\n<p class=\"has-text-align-center\">A Vil\u00e1gbank becsl\u00e9se szerint Latin-Amerik\u00e1ban az infl\u00e1ci\u00f3 id\u00e9n \u00e1tlagosan 5,8% lesz, ami k\u00f6zvetlen\u00fcl befoly\u00e1solja a csal\u00e1dok v\u00e1s\u00e1rl\u00f3erej\u00e9t.<\/p>\n\n\n\n<p>Ez a cikk m\u00e9lyrehat\u00f3 elemz\u00e9st \u00e9s gyakorlati strat\u00e9gi\u00e1kat k\u00edn\u00e1l mexik\u00f3i \u00e9s latin-amerikai csal\u00e1dok sz\u00e1m\u00e1ra p\u00e9nz\u00fcgyeik v\u00e9delm\u00e9re, okos d\u00f6nt\u00e9sek meghozatal\u00e1ra \u00e9s gazdas\u00e1gi ellen\u00e1ll\u00f3 k\u00e9pess\u00e9g\u00fck meger\u0151s\u00edt\u00e9s\u00e9re a bizonytalans\u00e1ggal szemben.<\/p>\n\n\n\n<p>Megvizsg\u00e1ljuk, hogyan szervezz\u00fck meg a csal\u00e1di k\u00f6lts\u00e9gvet\u00e9st, hogyan n\u00e9pszer\u0171s\u00edts\u00fck a p\u00e9nz\u00fcgyi oktat\u00e1st, hogyan diverzifik\u00e1ljuk a j\u00f6vedelmet, hogyan haszn\u00e1ljuk ki a biztos\u00edt\u00e1sokat \u00e9s m\u00e9g sok minden m\u00e1st.<\/p>\n\n\n\n<h2 class=\"wp-block-heading\">\u00d6sszefoglal\u00e1s<\/h2>\n\n\n\n<p>Az olvas\u00e1s sor\u00e1n v\u00e9gigvezet\u0151 \u00fatmutat\u00f3k\u00e9nt ez a cikk nyolc kulcsfontoss\u00e1g\u00fa ter\u00fcletre \u00f6sszpontos\u00edt:<\/p>\n\n\n\n<ol>\n<li>Egy szil\u00e1rd v\u00e9szhelyzeti alap l\u00e9trehoz\u00e1sa.<\/li>\n\n\n\n<li>R\u00e9szletes csal\u00e1di k\u00f6lts\u00e9gvet\u00e9s elk\u00e9sz\u00edt\u00e9se.<\/li>\n\n\n\n<li>A p\u00e9nz\u00fcgyi oktat\u00e1s, mint a reziliencia eszk\u00f6ze.<\/li>\n\n\n\n<li>A j\u00f6vedelemforr\u00e1sok diverzifik\u00e1l\u00e1sa.<\/li>\n\n\n\n<li>Megfelel\u0151 biztos\u00edt\u00e1s megszerz\u00e9se.<\/li>\n\n\n\n<li>Takar\u00e9kos gondolkod\u00e1sm\u00f3d \u00e9s felel\u0151ss\u00e9gteljes szok\u00e1sok.<\/li>\n\n\n\n<li>Professzion\u00e1lis p\u00e9nz\u00fcgyi tan\u00e1csad\u00e1s.<\/li>\n\n\n\n<li>Rugalmass\u00e1g \u00e9s alkalmazkod\u00e1s a gazdas\u00e1gi v\u00e1ltoz\u00e1sokhoz.<\/li>\n<\/ol>\n\n\n\n<p>A sz\u00f6vegben gyakorlati p\u00e9ld\u00e1kat, anal\u00f3gi\u00e1kat \u00e9s tippeket fogunk belefoglalni, amelyek seg\u00edtenek jobban meg\u00e9rteni, hogyan tehetnek a csal\u00e1dok gazdas\u00e1gi j\u00f3l\u00e9t\u00fck v\u00e9delme \u00e9rdek\u00e9ben.<\/p>\n\n\n\n<h2 class=\"wp-block-heading\">L\u00e9trehoznak egy v\u00e9szhelyzeti alapot a csal\u00e1dok v\u00e9delm\u00e9re a gazdas\u00e1gi bizonytalans\u00e1g idej\u00e9n<\/h2>\n\n\n\n<p>A gazdas\u00e1gi bizonytalans\u00e1g elleni v\u00e9dekez\u00e9s els\u0151 l\u00e9p\u00e9se egy v\u00e9sztartal\u00e9k l\u00e9trehoz\u00e1sa.<\/p>\n\n\n\n<p><\/p>\n\n\n\n<p>Ennek az alapnak h\u00e1rom-hat h\u00f3napnyi alapvet\u0151 kiad\u00e1st kell fedeznie, bele\u00e9rtve az \u00e9lelmiszert, a lakhat\u00e1st, az alapvet\u0151 szolg\u00e1ltat\u00e1sokat \u00e9s a k\u00f6zleked\u00e9st.<\/p>\n\n\n\n<p>Ez a p\u00e9nz\u00fcgyi tartal\u00e9k lehet\u0151v\u00e9 teszi a csal\u00e1dok sz\u00e1m\u00e1ra, hogy megbirk\u00f3zzanak a v\u00e1ratlan esem\u00e9nyekkel an\u00e9lk\u00fcl, hogy k\u00f6lts\u00e9ges ad\u00f3ss\u00e1gokra k\u00e9nyszer\u00fcln\u00e9nek.<\/p>\n\n\n\n<p><strong>Val\u00f3s p\u00e9lda:<\/strong> Egy k\u00f6zepes j\u00f6vedelm\u0171 mexik\u00f3v\u00e1rosi csal\u00e1d k\u00e9t \u00e9ven kereszt\u00fcl havi fizet\u00e9s\u00e9nek 10%-\u00e1t egy v\u00e9szhelyzeti alapba utalta.<\/p>\n\n\n\n<p>Amikor a 2025-\u00f6s infl\u00e1ci\u00f3 hat\u00e1ssal volt az \u00e9lelmiszerek \u00e9s szolg\u00e1ltat\u00e1sok \u00e1raira, k\u00e9pesek voltak fenntartani \u00e9letmin\u0151s\u00e9g\u00fcket an\u00e9lk\u00fcl, hogy vesz\u00e9lyeztett\u00e9k volna p\u00e9nz\u00fcgyi k\u00f6telezetts\u00e9geiket.<\/p>\n\n\n\n<p>A p\u00e9nzmegtakar\u00edt\u00e1s nem ig\u00e9nyel nagy \u00f6sszegeket; a l\u00e9nyeg a k\u00f6vetkezetess\u00e9g \u00e9s a fegyelem.<\/p>\n\n\n\n<p>A k\u00fcl\u00f6n megtakar\u00edt\u00e1si sz\u00e1ml\u00e1ra t\u00f6rt\u00e9n\u0151 \u00e1tutal\u00e1sok automatiz\u00e1l\u00e1sa hat\u00e9kony m\u00f3dszer lehet az egys\u00e9gess\u00e9g fenntart\u00e1s\u00e1ra.<\/p>\n\n\n\n<h2 class=\"wp-block-heading\">K\u00e9sz\u00edtsen csal\u00e1di k\u00f6lts\u00e9gvet\u00e9st<\/h2>\n\n\n\n<p>A csal\u00e1di k\u00f6lts\u00e9gvet\u00e9s egy olyan \u00fatmutat\u00f3, amely seg\u00edt hat\u00e9konyan kezelni a h\u00e1ztart\u00e1s bev\u00e9teleit \u00e9s kiad\u00e1sait.<\/p>\n\n\n\n<p>Ennek helyes elv\u00e9gz\u00e9s\u00e9hez el\u0151sz\u00f6r fel kell sorolnia az \u00f6sszes bev\u00e9teli forr\u00e1st, majd azonos\u00edtania kell az \u00f6sszes \u00e1lland\u00f3 \u00e9s v\u00e1ltoz\u00f3 k\u00f6lts\u00e9get.<\/p>\n\n\n\n<p><strong>P\u00e9lda:<\/strong> Maria, egy h\u00e1romgyermekes anya Monterreyben, egy havi t\u00e1bl\u00e1zatot haszn\u00e1l, amelyben kateg\u00f3ri\u00e1kba sorolja a kiad\u00e1sait \u00e9lelmiszer, k\u00f6zleked\u00e9s, oktat\u00e1s, sz\u00f3rakoz\u00e1s \u00e9s megtakar\u00edt\u00e1sok szerint.<\/p>\n\n\n\n<p>Ez lehet\u0151v\u00e9 teszi a p\u00e9nzsziv\u00e1rg\u00e1sok \u00e9szlel\u00e9s\u00e9t \u00e9s az er\u0151forr\u00e1sok \u00e1tcsoportos\u00edt\u00e1s\u00e1t a val\u00f3ban fontos dolgokra, p\u00e9ld\u00e1ul a megtakar\u00edt\u00e1sra \u00e9s a gyermekek oktat\u00e1s\u00e1ba val\u00f3 befektet\u00e9sre.<\/p>\n\n\n\n<p>A k\u00f6lts\u00e9gvet\u00e9s \u00e1tl\u00e1that\u00f3s\u00e1ga seg\u00edt megalapozott d\u00f6nt\u00e9seket hozni, \u00e9s elker\u00fclni az impulz\u00edv k\u00f6ltekez\u00e9s csapd\u00e1j\u00e1t.<\/p>\n\n\n\n<p>Ezenk\u00edv\u00fcl a csal\u00e1d minden tagj\u00e1nak bevon\u00e1sa el\u0151seg\u00edti a p\u00e9nz\u00fcgyi oktat\u00e1st \u00e9s a k\u00f6z\u00f6s felel\u0151ss\u00e9gv\u00e1llal\u00e1st.<\/p>\n\n\n\n<h2 class=\"wp-block-heading\">Az otthoni p\u00e9nz\u00fcgyi oktat\u00e1s n\u00e9pszer\u0171s\u00edt\u00e9se<\/h2>\n\n\n\n<p>A p\u00e9nz\u00fcgyi oktat\u00e1s elengedhetetlen ahhoz, hogy a csal\u00e1dtagok meg\u00e9rts\u00e9k, hogyan m\u0171k\u00f6dnek olyan fogalmak, mint a megtakar\u00edt\u00e1s, a befektet\u00e9s, az infl\u00e1ci\u00f3 \u00e9s az ad\u00f3ss\u00e1g.<\/p>\n\n\n\n<p>A korai \u00e9letkort\u00f3l kezd\u0151d\u0151 tan\u00edt\u00e1s seg\u00edt a gyerekeknek \u00e9s tin\u00e9dzsereknek felel\u0151ss\u00e9gteljes szok\u00e1sok kialak\u00edt\u00e1s\u00e1ban, amelyek pozit\u00edv hat\u00e1ssal lesznek gazdas\u00e1gi j\u00f6v\u0151j\u00fckre.<\/p>\n\n\n\n<p><strong>Relev\u00e1ns adatok:<\/strong> Az ECLAC szerint a p\u00e9nz\u00fcgyi ismeretekkel rendelkez\u0151 h\u00e1ztart\u00e1sok 25%-kal nagyobb val\u00f3sz\u00edn\u0171s\u00e9ggel tartanak fenn folyamatos megtakar\u00edt\u00e1sokat \u00e9s hoznak megalapozott befektet\u00e9si d\u00f6nt\u00e9seket.<a>cepal.org<\/a>).<\/p>\n\n\n\n<p>Az olyan egyszer\u0171 tev\u00e9kenys\u00e9gek, mint a gyerekek bevon\u00e1sa a k\u00f6lts\u00e9gvet\u00e9s-tervez\u00e9sbe, az \u00e1rak \u00f6sszehasonl\u00edt\u00e1s\u00e1nak megtan\u00edt\u00e1sa, vagy a szem\u00e9lyes kiad\u00e1saik kezel\u00e9s\u00e9re sz\u00e1nt zsebp\u00e9nz kijel\u00f6l\u00e9se, nagyon hat\u00e9konyak lehetnek.<\/p>\n\n\n\n<h2 class=\"wp-block-heading\">Diverzifik\u00e1lja a j\u00f6vedelemforr\u00e1sokat<\/h2>\n\n\n\n<p>Az egyetlen j\u00f6vedelemforr\u00e1sra val\u00f3 t\u00e1maszkod\u00e1s jelent\u0151s kock\u00e1zatot jelent a bizonytalan id\u0151kben.<\/p>\n\n\n\n<p>Az \u00faj j\u00f6vedelemforr\u00e1sok, p\u00e9ld\u00e1ul a szabad\u00fasz\u00f3 munka, a v\u00e1llalkoz\u00f3i tev\u00e9kenys\u00e9g vagy a kisebb befektet\u00e9sek felkutat\u00e1sa stabilit\u00e1st ny\u00fajthat \u00e9s cs\u00f6kkentheti a munkahelyek elveszt\u00e9s\u00e9vel szembeni kitetts\u00e9get.<\/p>\n\n\n\n<p><strong>P\u00e9lda:<\/strong> Luis, egy guadalajarai m\u00e9rn\u00f6k, online programoz\u00e1si \u00f3r\u00e1kat kezdett k\u00edn\u00e1lni a f\u0151 munk\u00e1ja mellett.<\/p>\n\n\n\n<p>A 2025-\u00f6s munkaer\u0151piac volatilit\u00e1sa idej\u00e9n a kieg\u00e9sz\u00edt\u0151 j\u00f6vedelme lehet\u0151v\u00e9 tette sz\u00e1m\u00e1ra, hogy fenntartsa alapvet\u0151 kiad\u00e1sait \u00e9s folytassa a megtakar\u00edt\u00e1st.<\/p>\n\n\n\n<p>A diverzifik\u00e1ci\u00f3 nemcsak a csal\u00e1dot v\u00e9di a v\u00e1ls\u00e1gokt\u00f3l, hanem lehet\u0151s\u00e9geket nyit a k\u00e9szs\u00e9gek fejleszt\u00e9s\u00e9re \u00e9s a gazdas\u00e1gi n\u00f6veked\u00e9s \u00faj forr\u00e1sainak felt\u00e1r\u00e1s\u00e1ra is.<\/p>\n\n\n\n<h2 class=\"wp-block-heading\">Megfelel\u0151 biztos\u00edt\u00e1s megl\u00e9te<\/h2>\n\n\n\n<p>A biztos\u00edt\u00e1s kulcsfontoss\u00e1g\u00fa eszk\u00f6z a csal\u00e1dja v\u00e9delm\u00e9ben a v\u00e1ratlan esem\u00e9nyek ellen. Az aj\u00e1nlott fedezet mag\u00e1ban foglalja az eg\u00e9szs\u00e9g-, \u00e9let-, lak\u00e1s- \u00e9s aut\u00f3biztos\u00edt\u00e1st.<\/p>\n\n\n\n<p>V\u00e9szhelyzet eset\u00e9n ezek a biztos\u00edt\u00e1sok megakad\u00e1lyozz\u00e1k, hogy a csal\u00e1dnak fel kelljen sz\u00e1molnia megtakar\u00edt\u00e1sait vagy elad\u00f3sodnia.<\/p>\n\n\n\n<p><strong>Kapcsol\u00f3d\u00f3 statisztik\u00e1k:<\/strong> A Mexik\u00f3i Biztos\u00edt\u00f3int\u00e9zetek Sz\u00f6vets\u00e9ge (AMIS) tanulm\u00e1nya szerint a mexik\u00f3i csal\u00e1doknak csak 40%-a rendelkezik megfelel\u0151 eg\u00e9szs\u00e9gbiztos\u00edt\u00e1ssal, ami kiszolg\u00e1ltatott\u00e1 teszi \u0151ket a v\u00e1ratlan kiad\u00e1soknak.<a>amis.com.mx<\/a>).<\/p>\n\n\n\n<p>A megfelel\u0151 biztos\u00edt\u00e1s kiv\u00e1laszt\u00e1sa mag\u00e1ban foglalja az egyes csal\u00e1dok egyedi ig\u00e9nyeinek elemz\u00e9s\u00e9t \u00e9s az egyes k\u00f6tv\u00e9nyek k\u00f6lts\u00e9g-haszon ar\u00e1ny\u00e1nak \u00e9rt\u00e9kel\u00e9s\u00e9t.<\/p>\n\n\n\n<h2 class=\"wp-block-heading\">Tartsa fenn a takar\u00e9kos gondolkod\u00e1sm\u00f3dot<\/h2>\n\n\n\n<p>A folyamatos megtakar\u00edt\u00e1s szeml\u00e9letm\u00f3dj\u00e1nak elsaj\u00e1t\u00edt\u00e1sa kulcsfontoss\u00e1g\u00fa, m\u00e9g kis \u00f6sszegek eset\u00e9n is.<\/p>\n\n\n\n<p>A megtakar\u00edt\u00e1si sz\u00e1ml\u00e1kra t\u00f6rt\u00e9n\u0151 befizet\u00e9sek automatiz\u00e1l\u00e1sa, a vil\u00e1gos c\u00e9lok kit\u0171z\u00e9se \u00e9s a kiad\u00e1sok rendszeres \u00e1ttekint\u00e9se lehet\u0151v\u00e9 teszi, hogy val\u00f3di kontrollt gyakoroljon p\u00e9nz\u00fcgyei felett.<\/p>\n\n\n\n<p>Egy hasznos hasonlat: a h\u00e1ztart\u00e1si megtakar\u00edt\u00e1sok olyanok, mint egy kert. Ha k\u00f6vetkezetesen \u00fclteted \u00e9s rendszeresen gondozod \u0151ket, akkor a megfelel\u0151 id\u0151ben fognak n\u00f6vekedni \u00e9s gy\u00fcm\u00f6lcs\u00f6t teremni.<\/p>\n\n\n\n<p>Elhanyagol\u00e1sa viszont kritikus pillanatokban er\u0151forr\u00e1sok n\u00e9lk\u00fcl hagyhatja a csal\u00e1dot.<\/p>\n\n\n\n<figure class=\"wp-block-gallery aligncenter has-nested-images columns-default is-cropped wp-block-gallery-2 is-layout-flex wp-block-gallery-is-layout-flex\">\n<figure class=\"wp-block-image size-full\"><img loading=\"lazy\" decoding=\"async\" width=\"450\" height=\"250\" data-id=\"10221\" src=\"https:\/\/universofamilia.com\/wp-content\/uploads\/sites\/148\/2025\/10\/Destaque-Novo-Universo-26.jpg\" alt=\"\" class=\"wp-image-10221\" srcset=\"https:\/\/universofamilia.com\/wp-content\/uploads\/sites\/148\/2025\/10\/Destaque-Novo-Universo-26.jpg 450w, https:\/\/universofamilia.com\/wp-content\/uploads\/sites\/148\/2025\/10\/Destaque-Novo-Universo-26-300x167.jpg 300w, https:\/\/universofamilia.com\/wp-content\/uploads\/sites\/148\/2025\/10\/Destaque-Novo-Universo-26-18x10.jpg 18w\" sizes=\"(max-width: 450px) 100vw, 450px\" \/><figcaption class=\"wp-element-caption\">CANVA<\/figcaption><\/figure>\n<\/figure>\n\n\n\n<p>B\u0151vebben:&nbsp;<a href=\"https:\/\/universofamilia.com\/hu\/economia-mundial-en-2025-recesion-o-recuperacion\/\">Vil\u00e1ggazdas\u00e1g 2025-ben: Recesszi\u00f3 vagy fellend\u00fcl\u00e9s?<\/a><\/p>\n\n\n\n<h2 class=\"wp-block-heading\">K\u00e9rjen professzion\u00e1lis p\u00e9nz\u00fcgyi tan\u00e1csot<\/h2>\n\n\n\n<p>A professzion\u00e1lis tan\u00e1csad\u00e1s lehet\u0151v\u00e9 teszi az er\u0151forr\u00e1s-gazd\u00e1lkod\u00e1s optimaliz\u00e1l\u00e1s\u00e1t, a beruh\u00e1z\u00e1sok megtervez\u00e9s\u00e9t \u00e9s a megalapozott strat\u00e9giai d\u00f6nt\u00e9sek meghozatal\u00e1t.<\/p>\n\n\n\n<p>A p\u00e9nz\u00fcgyi tan\u00e1csad\u00f3k seg\u00edthetnek megtakar\u00edt\u00e1si tervek, biztons\u00e1gos befektet\u00e9sek \u00e9s ad\u00f3strat\u00e9gi\u00e1k kidolgoz\u00e1s\u00e1ban, amelyek maximaliz\u00e1lj\u00e1k a csal\u00e1d j\u00f3l\u00e9t\u00e9t.<\/p>\n\n\n\n<p>Nem csak a nagy vagyonokr\u00f3l van sz\u00f3; b\u00e1rmely csal\u00e1d sz\u00e1m\u00e1ra hasznos lehet egy olyan p\u00e9nz\u00fcgyi tervez\u0151, aki a h\u00e1ztart\u00e1s konkr\u00e9t k\u00f6lts\u00e9gvet\u00e9s\u00e9hez \u00e9s ig\u00e9nyeihez igaz\u00edtja a strat\u00e9gi\u00e1kat.<\/p>\n\n\n\n<h2 class=\"wp-block-heading\">L\u00e9gy rugalmas \u00e9s alkalmazkodj a v\u00e1ltoz\u00e1sokhoz<\/h2>\n\n\n\n<p>A gazdas\u00e1gi ellen\u00e1ll\u00f3 k\u00e9pess\u00e9g az \u00faj k\u00f6r\u00fclm\u00e9nyekhez val\u00f3 alkalmazkod\u00f3k\u00e9pess\u00e9gt\u0151l f\u00fcgg.<\/p>\n\n\n\n<p>A k\u00f6lts\u00e9gvet\u00e9s kiigaz\u00edt\u00e1sa, a bev\u00e9teli lehet\u0151s\u00e9gek felt\u00e1r\u00e1sa \u00e9s a fogyaszt\u00e1si szok\u00e1sok m\u00f3dos\u00edt\u00e1sa olyan int\u00e9zked\u00e9sek, amelyek lehet\u0151v\u00e9 teszik a csal\u00e1d sz\u00e1m\u00e1ra, hogy nagyobb magabiztoss\u00e1ggal n\u00e9zzen szembe a bizonytalans\u00e1ggal.<\/p>\n\n\n\n<p>2025-re a glob\u00e1lis gazdas\u00e1g gyors \u00e9s folyamatos v\u00e1ltoz\u00e1sokon megy kereszt\u00fcl. A rugalmass\u00e1g lehet\u0151v\u00e9 teszi, hogy el\u0151re l\u00e1ssuk a probl\u00e9m\u00e1kat \u00e9s megragadjuk azokat a lehet\u0151s\u00e9geket, amelyeket m\u00e1sok esetleg elszalasztan\u00e1nak.<\/p>\n\n\n\n<h2 class=\"wp-block-heading\">Tov\u00e1bbi strat\u00e9gi\u00e1k a csal\u00e1dok v\u00e9delm\u00e9re<\/h2>\n\n\n\n<ol>\n<li><strong>Okos v\u00e1s\u00e1rl\u00e1s:<\/strong> Hasonl\u00edtsa \u00f6ssze az \u00e1rakat, haszn\u00e1lja ki a kedvezm\u00e9nyeket, \u00e9s rangsorolja a val\u00f3s sz\u00fcks\u00e9gleteit.<\/li>\n\n\n\n<li><strong>Oktat\u00e1si tervez\u00e9s:<\/strong> \u00c9rt\u00e9kelje azokat az oktat\u00e1si alternat\u00edv\u00e1kat, amelyek optimaliz\u00e1lj\u00e1k a k\u00f6lts\u00e9g-haszon ar\u00e1nyt a min\u0151s\u00e9g fel\u00e1ldoz\u00e1sa n\u00e9lk\u00fcl.<\/li>\n\n\n\n<li><strong>A hitel felel\u0151ss\u00e9gteljes felhaszn\u00e1l\u00e1sa:<\/strong> Ker\u00fcld a felesleges ad\u00f3ss\u00e1gokat, \u00e9s helyezd el\u0151t\u00e9rbe a magas kamatoz\u00e1s\u00fa ad\u00f3ss\u00e1gok visszafizet\u00e9s\u00e9t.<\/li>\n\n\n\n<li><strong>K\u00e9szs\u00e9gekbe val\u00f3 befektet\u00e9s:<\/strong> K\u00e9pezd magad \u00faj munk\u00e1kra vagy v\u00e1llalkoz\u00e1sokra, amelyek plusz bev\u00e9telt gener\u00e1lnak.<\/li>\n<\/ol>\n\n\n\n<h2 class=\"wp-block-heading\">K\u00f6vetkeztet\u00e9s<\/h2>\n\n\n\n<p>A csal\u00e1d v\u00e9delme gazdas\u00e1gi bizonytalans\u00e1g idej\u00e9n \u00e1tfog\u00f3 megk\u00f6zel\u00edt\u00e9st ig\u00e9nyel.<\/p>\n\n\n\n<p>A v\u00e9sztartal\u00e9k l\u00e9trehoz\u00e1sa, a k\u00f6lts\u00e9gvet\u00e9s-tervez\u00e9s, a p\u00e9nz\u00fcgyi oktat\u00e1s, a j\u00f6vedelem diverzifik\u00e1l\u00e1sa, a megfelel\u0151 biztos\u00edt\u00e1s megl\u00e9te, a rendszeres megtakar\u00edt\u00e1s, a szakmai tan\u00e1csad\u00e1s ig\u00e9nybev\u00e9tele \u00e9s a v\u00e1ltoz\u00e1sokhoz val\u00f3 alkalmazkod\u00e1s alapvet\u0151 strat\u00e9gi\u00e1k.<\/p>\n\n\n\n<p>A k\u00e9rd\u00e9s <strong>\u201eCsal\u00e1dv\u00e9delem a gazdas\u00e1gi bizonytalans\u00e1g idej\u00e9n\u201d<\/strong> Ez nem csak retorika, hanem cselekv\u00e9sre \u00f6szt\u00f6nz\u0151 ir\u00e1nyvonal is.<\/p>\n\n\n\n<p>Azok a csal\u00e1dok, amelyek ezeket a strat\u00e9gi\u00e1kat alkalmazz\u00e1k, nagyobb val\u00f3sz\u00edn\u0171s\u00e9ggel tartj\u00e1k fenn a stabilit\u00e1st, magabiztosan n\u00e9znek szembe a v\u00e1ls\u00e1gokkal, \u00e9s szil\u00e1rd p\u00e9nz\u00fcgyi j\u00f6v\u0151t \u00e9p\u00edtenek.<\/p>\n\n\n\n<p>B\u0151vebben:&nbsp;<a href=\"https:\/\/universofamilia.com\/hu\/crisis-climatica-global\/\">Glob\u00e1lis kl\u00edmav\u00e1ls\u00e1g: a hat\u00e1sok m\u00e1r milli\u00f3kat \u00e9rintenek<\/a><\/p>\n\n\n\n<h3 class=\"wp-block-heading\">Gyakran Ism\u00e9telt K\u00e9rd\u00e9sek<\/h3>\n\n\n\n<p><strong>1. Mennyit kellene f\u00e9lretennem v\u00e9sztartal\u00e9kra?<\/strong><br>H\u00e1rom \u00e9s hat h\u00f3nap k\u00f6z\u00f6tti alapvet\u0151 kiad\u00e1sok.<\/p>\n\n\n\n<p><strong>2. Hogyan vonhatom be a gyermekeimet a p\u00e9nz\u00fcgyi oktat\u00e1sba?<\/strong><br>Adj nekik zsebp\u00e9nzt, tan\u00edtsd meg \u0151ket \u00f6sszehasonl\u00edtani az \u00e1rakat \u00e9s f\u00e9lretenni szem\u00e9lyes c\u00e9ljaikra.<\/p>\n\n\n\n<p><strong>3. Mely biztos\u00edt\u00e1sok elengedhetetlenek?<\/strong><br>Eg\u00e9szs\u00e9g, \u00e9let, lakhat\u00e1s \u00e9s aut\u00f3 a csal\u00e1d konkr\u00e9t ig\u00e9nyei szerint.<\/p>\n\n\n\n<p><strong>4. Hogyan diverzifik\u00e1lhatod a j\u00f6vedelmedet an\u00e9lk\u00fcl, hogy elhanyagoln\u00e1d a f\u0151 munk\u00e1dat?<\/strong><br>Fedezz fel szabad\u00fasz\u00f3 munk\u00e1kat, kisv\u00e1llalkoz\u00e1sokat vagy alacsony kock\u00e1zat\u00fa befektet\u00e9seket, amelyek nem veszik ig\u00e9nybe az \u00f6sszes id\u0151det.<\/p>\n\n\n\n<p><strong>5. Mikor kell szakemberhez fordulni?<\/strong><br>Amikor csak optimaliz\u00e1lni szeretn\u00e9 az er\u0151forr\u00e1sokat, megtervezni a beruh\u00e1z\u00e1sokat, vagy megv\u00e9deni a csal\u00e1di vagyont.<\/p>","protected":false},"excerpt":{"rendered":"<p>En 2025, la pregunta \u201cProtecci\u00f3n familiar en tiempos de incertidumbre econ\u00f3mica\u201d se vuelve m\u00e1s relevante que nunca. La inflaci\u00f3n global, la volatilidad de los mercados laborales y la inestabilidad pol\u00edtica en diversas regiones han generado un entorno en el que la planificaci\u00f3n financiera familiar ya no es opcional, sino una necesidad cr\u00edtica. Seg\u00fan el Banco [&hellip;]<\/p>","protected":false},"author":219,"featured_media":10219,"comment_status":"closed","ping_status":"open","sticky":false,"template":"","format":"standard","meta":{"footnotes":""},"categories":[4],"tags":[],"yoast_head":"<!-- This site is optimized with the Yoast SEO plugin v23.3 - https:\/\/yoast.com\/wordpress\/plugins\/seo\/ -->\n<title>Protecci\u00f3n familiar en tiempos de incertidumbre econ\u00f3mica - Universo Fam\u00edlia<\/title>\n<meta name=\"description\" content=\"En 2025, la pregunta \u201cProtecci\u00f3n familiar en tiempos de incertidumbre econ\u00f3mica\u201d se vuelve m\u00e1s relevante que nunca.\" \/>\n<meta name=\"robots\" content=\"index, follow, max-snippet:-1, max-image-preview:large, max-video-preview:-1\" \/>\n<link rel=\"canonical\" href=\"https:\/\/universofamilia.com\/hu\/proteccion-familiar-en-tiempos-de-incertidumbre-economica\/\" \/>\n<meta property=\"og:locale\" content=\"hu_HU\" \/>\n<meta property=\"og:type\" content=\"article\" \/>\n<meta property=\"og:title\" content=\"Protecci\u00f3n familiar en tiempos de incertidumbre econ\u00f3mica - Universo Fam\u00edlia\" \/>\n<meta property=\"og:description\" content=\"En 2025, la pregunta \u201cProtecci\u00f3n familiar en tiempos de incertidumbre econ\u00f3mica\u201d se vuelve m\u00e1s relevante que nunca.\" \/>\n<meta property=\"og:url\" content=\"https:\/\/universofamilia.com\/hu\/proteccion-familiar-en-tiempos-de-incertidumbre-economica\/\" \/>\n<meta property=\"og:site_name\" content=\"Universo Fam\u00edlia\" \/>\n<meta property=\"article:published_time\" content=\"2025-10-27T16:27:29+00:00\" \/>\n<meta property=\"article:modified_time\" content=\"2025-10-27T16:27:40+00:00\" \/>\n<meta property=\"og:image\" content=\"https:\/\/universofamilia.com\/wp-content\/uploads\/sites\/148\/2025\/10\/Destaque-Novo-Universo-25.jpg\" \/>\n\t<meta property=\"og:image:width\" content=\"450\" \/>\n\t<meta property=\"og:image:height\" content=\"250\" \/>\n\t<meta property=\"og:image:type\" content=\"image\/jpeg\" \/>\n<meta name=\"author\" content=\"Matheus Sangaletti\" \/>\n<meta name=\"twitter:card\" content=\"summary_large_image\" \/>\n<meta name=\"twitter:label1\" content=\"Written by\" \/>\n\t<meta name=\"twitter:data1\" content=\"Matheus Sangaletti\" \/>\n\t<meta name=\"twitter:label2\" content=\"Est. reading time\" \/>\n\t<meta name=\"twitter:data2\" content=\"8 perc\" \/>\n<script type=\"application\/ld+json\" class=\"yoast-schema-graph\">{\"@context\":\"https:\/\/schema.org\",\"@graph\":[{\"@type\":\"WebPage\",\"@id\":\"https:\/\/universofamilia.com\/el\/proteccion-familiar-en-tiempos-de-incertidumbre-economica\/\",\"url\":\"https:\/\/universofamilia.com\/el\/proteccion-familiar-en-tiempos-de-incertidumbre-economica\/\",\"name\":\"Protecci\u00f3n familiar en tiempos de incertidumbre econ\u00f3mica - Universo Fam\u00edlia\",\"isPartOf\":{\"@id\":\"https:\/\/universofamilia.com\/el\/#website\"},\"primaryImageOfPage\":{\"@id\":\"https:\/\/universofamilia.com\/el\/proteccion-familiar-en-tiempos-de-incertidumbre-economica\/#primaryimage\"},\"image\":{\"@id\":\"https:\/\/universofamilia.com\/el\/proteccion-familiar-en-tiempos-de-incertidumbre-economica\/#primaryimage\"},\"thumbnailUrl\":\"https:\/\/universofamilia.com\/wp-content\/uploads\/sites\/148\/2025\/10\/Destaque-Novo-Universo-25.jpg\",\"datePublished\":\"2025-10-27T16:27:29+00:00\",\"dateModified\":\"2025-10-27T16:27:40+00:00\",\"author\":{\"@id\":\"https:\/\/universofamilia.com\/el\/#\/schema\/person\/92fcd07e9b1f4323bf74f3170fc0f78a\"},\"description\":\"En 2025, la pregunta \u201cProtecci\u00f3n familiar en tiempos de incertidumbre econ\u00f3mica\u201d se vuelve m\u00e1s relevante que nunca.\",\"breadcrumb\":{\"@id\":\"https:\/\/universofamilia.com\/el\/proteccion-familiar-en-tiempos-de-incertidumbre-economica\/#breadcrumb\"},\"inLanguage\":\"hu\",\"potentialAction\":[{\"@type\":\"ReadAction\",\"target\":[\"https:\/\/universofamilia.com\/el\/proteccion-familiar-en-tiempos-de-incertidumbre-economica\/\"]}]},{\"@type\":\"ImageObject\",\"inLanguage\":\"hu\",\"@id\":\"https:\/\/universofamilia.com\/el\/proteccion-familiar-en-tiempos-de-incertidumbre-economica\/#primaryimage\",\"url\":\"https:\/\/universofamilia.com\/wp-content\/uploads\/sites\/148\/2025\/10\/Destaque-Novo-Universo-25.jpg\",\"contentUrl\":\"https:\/\/universofamilia.com\/wp-content\/uploads\/sites\/148\/2025\/10\/Destaque-Novo-Universo-25.jpg\",\"width\":450,\"height\":250},{\"@type\":\"BreadcrumbList\",\"@id\":\"https:\/\/universofamilia.com\/el\/proteccion-familiar-en-tiempos-de-incertidumbre-economica\/#breadcrumb\",\"itemListElement\":[{\"@type\":\"ListItem\",\"position\":1,\"name\":\"Home\",\"item\":\"https:\/\/universofamilia.com\/el\/\"},{\"@type\":\"ListItem\",\"position\":2,\"name\":\"Protecci\u00f3n familiar en tiempos de incertidumbre econ\u00f3mica\"}]},{\"@type\":\"WebSite\",\"@id\":\"https:\/\/universofamilia.com\/el\/#website\",\"url\":\"https:\/\/universofamilia.com\/el\/\",\"name\":\"Universo Fam\u00edlia\",\"description\":\"\",\"potentialAction\":[{\"@type\":\"SearchAction\",\"target\":{\"@type\":\"EntryPoint\",\"urlTemplate\":\"https:\/\/universofamilia.com\/el\/?s={search_term_string}\"},\"query-input\":\"required name=search_term_string\"}],\"inLanguage\":\"hu\"},{\"@type\":\"Person\",\"@id\":\"https:\/\/universofamilia.com\/el\/#\/schema\/person\/92fcd07e9b1f4323bf74f3170fc0f78a\",\"name\":\"Matheus Sangaletti\",\"image\":{\"@type\":\"ImageObject\",\"inLanguage\":\"hu\",\"@id\":\"https:\/\/universofamilia.com\/el\/#\/schema\/person\/image\/\",\"url\":\"https:\/\/secure.gravatar.com\/avatar\/280ea957a14a48e6a1ad2133d2cc27c9?s=96&d=mm&r=g\",\"contentUrl\":\"https:\/\/secure.gravatar.com\/avatar\/280ea957a14a48e6a1ad2133d2cc27c9?s=96&d=mm&r=g\",\"caption\":\"Matheus Sangaletti\"},\"url\":\"https:\/\/universofamilia.com\/hu\/author\/matheuss\/\"}]}<\/script>\n<!-- \/ Yoast SEO plugin. -->","yoast_head_json":{"title":"Protecci\u00f3n familiar en tiempos de incertidumbre econ\u00f3mica - Universo Fam\u00edlia","description":"En 2025, la pregunta \u201cProtecci\u00f3n familiar en tiempos de incertidumbre econ\u00f3mica\u201d se vuelve m\u00e1s relevante que nunca.","robots":{"index":"index","follow":"follow","max-snippet":"max-snippet:-1","max-image-preview":"max-image-preview:large","max-video-preview":"max-video-preview:-1"},"canonical":"https:\/\/universofamilia.com\/hu\/proteccion-familiar-en-tiempos-de-incertidumbre-economica\/","og_locale":"hu_HU","og_type":"article","og_title":"Protecci\u00f3n familiar en tiempos de incertidumbre econ\u00f3mica - Universo Fam\u00edlia","og_description":"En 2025, la pregunta \u201cProtecci\u00f3n familiar en tiempos de incertidumbre econ\u00f3mica\u201d se vuelve m\u00e1s relevante que nunca.","og_url":"https:\/\/universofamilia.com\/hu\/proteccion-familiar-en-tiempos-de-incertidumbre-economica\/","og_site_name":"Universo Fam\u00edlia","article_published_time":"2025-10-27T16:27:29+00:00","article_modified_time":"2025-10-27T16:27:40+00:00","og_image":[{"width":450,"height":250,"url":"https:\/\/universofamilia.com\/wp-content\/uploads\/sites\/148\/2025\/10\/Destaque-Novo-Universo-25.jpg","type":"image\/jpeg"}],"author":"Matheus Sangaletti","twitter_card":"summary_large_image","twitter_misc":{"Written by":"Matheus Sangaletti","Est. reading time":"8 perc"},"schema":{"@context":"https:\/\/schema.org","@graph":[{"@type":"WebPage","@id":"https:\/\/universofamilia.com\/el\/proteccion-familiar-en-tiempos-de-incertidumbre-economica\/","url":"https:\/\/universofamilia.com\/el\/proteccion-familiar-en-tiempos-de-incertidumbre-economica\/","name":"Protecci\u00f3n familiar en tiempos de incertidumbre econ\u00f3mica - Universo Fam\u00edlia","isPartOf":{"@id":"https:\/\/universofamilia.com\/el\/#website"},"primaryImageOfPage":{"@id":"https:\/\/universofamilia.com\/el\/proteccion-familiar-en-tiempos-de-incertidumbre-economica\/#primaryimage"},"image":{"@id":"https:\/\/universofamilia.com\/el\/proteccion-familiar-en-tiempos-de-incertidumbre-economica\/#primaryimage"},"thumbnailUrl":"https:\/\/universofamilia.com\/wp-content\/uploads\/sites\/148\/2025\/10\/Destaque-Novo-Universo-25.jpg","datePublished":"2025-10-27T16:27:29+00:00","dateModified":"2025-10-27T16:27:40+00:00","author":{"@id":"https:\/\/universofamilia.com\/el\/#\/schema\/person\/92fcd07e9b1f4323bf74f3170fc0f78a"},"description":"En 2025, la pregunta \u201cProtecci\u00f3n familiar en tiempos de incertidumbre econ\u00f3mica\u201d se vuelve m\u00e1s relevante que nunca.","breadcrumb":{"@id":"https:\/\/universofamilia.com\/el\/proteccion-familiar-en-tiempos-de-incertidumbre-economica\/#breadcrumb"},"inLanguage":"hu","potentialAction":[{"@type":"ReadAction","target":["https:\/\/universofamilia.com\/el\/proteccion-familiar-en-tiempos-de-incertidumbre-economica\/"]}]},{"@type":"ImageObject","inLanguage":"hu","@id":"https:\/\/universofamilia.com\/el\/proteccion-familiar-en-tiempos-de-incertidumbre-economica\/#primaryimage","url":"https:\/\/universofamilia.com\/wp-content\/uploads\/sites\/148\/2025\/10\/Destaque-Novo-Universo-25.jpg","contentUrl":"https:\/\/universofamilia.com\/wp-content\/uploads\/sites\/148\/2025\/10\/Destaque-Novo-Universo-25.jpg","width":450,"height":250},{"@type":"BreadcrumbList","@id":"https:\/\/universofamilia.com\/el\/proteccion-familiar-en-tiempos-de-incertidumbre-economica\/#breadcrumb","itemListElement":[{"@type":"ListItem","position":1,"name":"Home","item":"https:\/\/universofamilia.com\/el\/"},{"@type":"ListItem","position":2,"name":"Protecci\u00f3n familiar en tiempos de incertidumbre econ\u00f3mica"}]},{"@type":"WebSite","@id":"https:\/\/universofamilia.com\/el\/#website","url":"https:\/\/universofamilia.com\/el\/","name":"Universo Fam\u00edlia","description":"","potentialAction":[{"@type":"SearchAction","target":{"@type":"EntryPoint","urlTemplate":"https:\/\/universofamilia.com\/el\/?s={search_term_string}"},"query-input":"required name=search_term_string"}],"inLanguage":"hu"},{"@type":"Person","@id":"https:\/\/universofamilia.com\/el\/#\/schema\/person\/92fcd07e9b1f4323bf74f3170fc0f78a","name":"Matheus Sangaletti","image":{"@type":"ImageObject","inLanguage":"hu","@id":"https:\/\/universofamilia.com\/el\/#\/schema\/person\/image\/","url":"https:\/\/secure.gravatar.com\/avatar\/280ea957a14a48e6a1ad2133d2cc27c9?s=96&d=mm&r=g","contentUrl":"https:\/\/secure.gravatar.com\/avatar\/280ea957a14a48e6a1ad2133d2cc27c9?s=96&d=mm&r=g","caption":"Matheus Sangaletti"},"url":"https:\/\/universofamilia.com\/hu\/author\/matheuss\/"}]}},"_links":{"self":[{"href":"https:\/\/universofamilia.com\/hu\/wp-json\/wp\/v2\/posts\/10218"}],"collection":[{"href":"https:\/\/universofamilia.com\/hu\/wp-json\/wp\/v2\/posts"}],"about":[{"href":"https:\/\/universofamilia.com\/hu\/wp-json\/wp\/v2\/types\/post"}],"author":[{"embeddable":true,"href":"https:\/\/universofamilia.com\/hu\/wp-json\/wp\/v2\/users\/219"}],"replies":[{"embeddable":true,"href":"https:\/\/universofamilia.com\/hu\/wp-json\/wp\/v2\/comments?post=10218"}],"version-history":[{"count":3,"href":"https:\/\/universofamilia.com\/hu\/wp-json\/wp\/v2\/posts\/10218\/revisions"}],"predecessor-version":[{"id":10224,"href":"https:\/\/universofamilia.com\/hu\/wp-json\/wp\/v2\/posts\/10218\/revisions\/10224"}],"wp:featuredmedia":[{"embeddable":true,"href":"https:\/\/universofamilia.com\/hu\/wp-json\/wp\/v2\/media\/10219"}],"wp:attachment":[{"href":"https:\/\/universofamilia.com\/hu\/wp-json\/wp\/v2\/media?parent=10218"}],"wp:term":[{"taxonomy":"category","embeddable":true,"href":"https:\/\/universofamilia.com\/hu\/wp-json\/wp\/v2\/categories?post=10218"},{"taxonomy":"post_tag","embeddable":true,"href":"https:\/\/universofamilia.com\/hu\/wp-json\/wp\/v2\/tags?post=10218"}],"curies":[{"name":"wp","href":"https:\/\/api.w.org\/{rel}","templated":true}]}}