{"id":10230,"date":"2025-10-28T17:07:40","date_gmt":"2025-10-28T20:07:40","guid":{"rendered":"https:\/\/universofamilia.com\/?p=10230"},"modified":"2025-10-28T17:07:43","modified_gmt":"2025-10-28T20:07:43","slug":"guia-practica-para-un-hogar-inteligente-y-conectado","status":"publish","type":"post","link":"https:\/\/universofamilia.com\/hu\/guia-practica-para-un-hogar-inteligente-y-conectado\/","title":{"rendered":"Gyakorlati \u00fatmutat\u00f3 az okos \u00e9s h\u00e1l\u00f3zatba kapcsolt otthonhoz"},"content":{"rendered":"<p class=\"has-text-align-center\">A digit\u00e1lis korban, ahol a technol\u00f3gia \u00fajra\u00e9rtelmezi az \u00e9letm\u00f3dunkat, <strong>Gyakorlati \u00fatmutat\u00f3 az okos \u00e9s h\u00e1l\u00f3zatba kapcsolt otthonhoz<\/strong> Alapvet\u0151 t\u00e9m\u00e1v\u00e1 v\u00e1lt azok sz\u00e1m\u00e1ra, akik a k\u00e9nyelmet, a hat\u00e9konys\u00e1got \u00e9s a fenntarthat\u00f3s\u00e1got keresik.<\/p>\n\n\n\n<figure class=\"wp-block-gallery aligncenter has-nested-images columns-default is-cropped wp-block-gallery-1 is-layout-flex wp-block-gallery-is-layout-flex\">\n<figure class=\"wp-block-image size-full\"><img loading=\"lazy\" decoding=\"async\" width=\"450\" height=\"250\" data-id=\"10232\" src=\"https:\/\/universofamilia.com\/wp-content\/uploads\/sites\/148\/2025\/10\/Destaque-Novo-Universo-29-1.jpg\" alt=\"\" class=\"wp-image-10232\" srcset=\"https:\/\/universofamilia.com\/wp-content\/uploads\/sites\/148\/2025\/10\/Destaque-Novo-Universo-29-1.jpg 450w, https:\/\/universofamilia.com\/wp-content\/uploads\/sites\/148\/2025\/10\/Destaque-Novo-Universo-29-1-300x167.jpg 300w, https:\/\/universofamilia.com\/wp-content\/uploads\/sites\/148\/2025\/10\/Destaque-Novo-Universo-29-1-18x10.jpg 18w\" sizes=\"(max-width: 450px) 100vw, 450px\" \/><figcaption class=\"wp-element-caption\">CANVA<\/figcaption><\/figure>\n<\/figure>\n\n\n\n<p class=\"has-text-align-center\">Ez a lakhat\u00e1si forma nem csak kevesek sz\u00e1m\u00e1ra fenntartott luxus; ez egy el\u00e9rhet\u0151 \u00e9s strat\u00e9giai fejl\u0151d\u00e9si ir\u00e1ny, amely jav\u00edtja a mindennapi \u00e9let min\u0151s\u00e9g\u00e9t, optimaliz\u00e1lja az er\u0151forr\u00e1sokat \u00e9s fokozott biztons\u00e1got ny\u00fajt.<\/p>\n\n\n\n<h3 class=\"wp-block-heading\">\u00d6sszefoglal\u00e1s<\/h3>\n\n\n\n<p>Ebben a cikkben megismerheti, hogyan m\u0171k\u00f6dnek az okosotthon-rendszerek, milyen el\u0151ny\u00f6ket k\u00edn\u00e1lnak, mely eszk\u00f6z\u00f6ket aj\u00e1nlj\u00e1k legink\u00e1bb 2025-ben, hogyan integr\u00e1lhatja biztons\u00e1gosan a technol\u00f3gi\u00e1t, \u00e9s milyen trendek fogj\u00e1k alak\u00edtani az okosotthonok j\u00f6v\u0151j\u00e9t.<\/p>\n\n\n\n<p>Ezenk\u00edv\u00fcl a v\u00e9g\u00e9n relev\u00e1ns statisztik\u00e1k, \u00f6sszehasonl\u00edt\u00f3 t\u00e1bl\u00e1zat, gyakorlati p\u00e9ld\u00e1k \u00e9s egy gyakran ism\u00e9telt k\u00e9rd\u00e9sek r\u00e9sz tal\u00e1lhat\u00f3.<\/p>\n\n\n\n<h2 class=\"wp-block-heading\">Az evol\u00faci\u00f3 az okosotthon fel\u00e9<\/h2>\n\n\n\n<p>Egy \u00e9vtizeddel ezel\u0151tt m\u00e9g sci-finek t\u0171nt a l\u00e1mp\u00e1k hangvez\u00e9rl\u00e9ssel t\u00f6rt\u00e9n\u0151 felkapcsol\u00e1sa vagy a h\u0151m\u00e9rs\u00e9klet be\u00e1ll\u00edt\u00e1sa a mobiltelefonunkr\u00f3l.<\/p>\n\n\n\n<p>Ma m\u00e1r ez a mindennapi val\u00f3s\u00e1g.<\/p>\n\n\n\n<p>Egy <strong>okosotthon<\/strong> \u00d6sszekapcsolt eszk\u00f6z\u00f6ket haszn\u00e1l, az \u00e9rz\u00e9kel\u0151kt\u0151l a virtu\u00e1lis asszisztensekig, amelyek az interneten kereszt\u00fcl kommunik\u00e1lnak egym\u00e1ssal, automatiz\u00e1lj\u00e1k a feladatokat \u00e9s szem\u00e9lyre szabott \u00e9lm\u00e9nyeket teremtenek.<\/p>\n\n\n\n<p>Szerint <strong>Statista (2025)<\/strong>Latin-Amerik\u00e1ban a h\u00e1ztart\u00e1sok t\u00f6bb mint 471%-a rendelkezik m\u00e1r legal\u00e1bb egy okoseszk\u00f6zzel, \u00e9s ez a sz\u00e1m \u00e9vr\u0151l \u00e9vre n\u00f6vekszik az el\u00e9rhet\u0151s\u00e9g \u00e9s az energiatakar\u00e9koss\u00e1g ir\u00e1nti \u00e9rdekl\u0151d\u00e9s miatt.<\/p>\n\n\n\n<p>Mexik\u00f3 k\u00fcl\u00f6n\u00f6sen vezet\u0151 szerepet t\u00f6lt be a r\u00e9gi\u00f3ban az 5G h\u00e1l\u00f3zatok elterjed\u00e9s\u00e9nek \u00e9s a t\u00f6bb m\u00e1rk\u00e1val kompatibilis rendszerek integr\u00e1ci\u00f3j\u00e1nak k\u00f6sz\u00f6nhet\u0151en.<\/p>\n\n\n\n<p>Ez a technol\u00f3giai forradalom nemcsak a lakhat\u00e1st alak\u00edtja \u00e1t, hanem az emberek k\u00f6rnyezet\u00fckkel val\u00f3 kapcsolat\u00e1t is:<\/p>\n\n\n\n<p>Az otthon megsz\u0171nik passz\u00edv t\u00e9r lenni, \u00e9s egy... <strong>interakt\u00edv \u00f6kosziszt\u00e9ma<\/strong> amely alkalmazkodik minden ember temp\u00f3j\u00e1hoz.<\/p>\n\n\n\n<h2 class=\"wp-block-heading\">Mi\u00e9rt \u00e9rdemes okosotthonn\u00e1 alak\u00edtani a h\u00e1zadat?<\/h2>\n\n\n\n<p>A vonzereje <strong><strong>Gyakorlati \u00fatmutat\u00f3 az okos \u00e9s h\u00e1l\u00f3zatba kapcsolt otthonhoz<\/strong><\/strong> A funkcionalit\u00e1s, a k\u00e9nyelem \u00e9s a fenntarthat\u00f3s\u00e1g k\u00f6z\u00f6tti egyens\u00falyban rejlik.<\/p>\n\n\n\n<p>Az otthonautomatiz\u00e1l\u00e1s k\u00e9zzelfoghat\u00f3 el\u0151ny\u00f6ket k\u00edn\u00e1l:<\/p>\n\n\n\n<ol>\n<li><strong>Energiahat\u00e9konys\u00e1g:<\/strong> Az Amerika-k\u00f6zi Fejleszt\u00e9si Bank (IDB) adatai szerint az intelligens rendszerek a t\u00e9nyleges felhaszn\u00e1l\u00e1snak megfelel\u0151en szab\u00e1lyozz\u00e1k a vil\u00e1g\u00edt\u00e1s, a v\u00edz \u00e9s a l\u00e9gkondicion\u00e1l\u00f3 fogyaszt\u00e1s\u00e1t, ak\u00e1r 251 TP3T-val is cs\u00f6kkentve a kiad\u00e1sokat.<\/li>\n\n\n\n<li><strong>Fejlett biztons\u00e1g:<\/strong> A mesters\u00e9ges intelligenci\u00e1val vez\u00e9relt kamer\u00e1k, mozg\u00e1s\u00e9rz\u00e9kel\u0151k \u00e9s digit\u00e1lis z\u00e1rak t\u00e1vir\u00e1ny\u00edt\u00e1st \u00e9s val\u00f3s idej\u0171 riaszt\u00e1sokat biztos\u00edtanak.<\/li>\n\n\n\n<li><strong>Szem\u00e9lyre szabott k\u00e9nyelem:<\/strong> Az eszk\u00f6z\u00f6k \u201etanulnak\u201d a felhaszn\u00e1l\u00f3 szok\u00e1saib\u00f3l, ide\u00e1lis k\u00f6rnyezetet teremtve az adott id\u0151pontnak, id\u0151j\u00e1r\u00e1snak vagy hangulatnak megfelel\u0151en.<\/li>\n\n\n\n<li><strong>K\u00f6zpontos\u00edtott vez\u00e9rl\u00e9s:<\/strong> Minden vez\u00e9relhet\u0151 alkalmaz\u00e1son vagy hangutas\u00edt\u00e1sokkal, ak\u00e1r otthonr\u00f3l is.<\/li>\n<\/ol>\n\n\n\n<p>A l\u00e9nyeg az, hogy meg\u00e9rts\u00fck, a technol\u00f3gia nem az \u00e9let bonyol\u00edt\u00e1s\u00e1ra szolg\u00e1l, hanem... <strong>egyszer\u0171bb\u00e9, intuit\u00edvabb\u00e1 \u00e9s fenntarthat\u00f3bb\u00e1 tenni<\/strong>.<\/p>\n\n\n\n<h2 class=\"wp-block-heading\">Hogyan kezdj hozz\u00e1 otthonod \u00e1talak\u00edt\u00e1s\u00e1hoz<\/h2>\n\n\n\n<p>Egy okosotthon bevezet\u00e9se nem ig\u00e9nyel nagy kezdeti beruh\u00e1z\u00e1st.<\/p>\n\n\n\n<p>Az ide\u00e1lis strat\u00e9gia az, hogy l\u00e9p\u00e9sr\u0151l l\u00e9p\u00e9sre haladjunk el\u0151re, rangsorolva azokat a ter\u00fcleteket, amelyek a legnagyobb hat\u00e1ssal vannak a mindennapi j\u00f3l\u00e9t\u00fcnkre.<\/p>\n\n\n\n<h3 class=\"wp-block-heading\">1. Kezdje a vil\u00e1g\u00edt\u00e1ssal<\/h3>\n\n\n\n<p>Az intelligens spotl\u00e1mp\u00e1k a legn\u00e9pszer\u0171bb kiindul\u00f3pontok.<\/p>\n\n\n\n<p>Lehet\u0151v\u00e9 teszik az intenzit\u00e1s, az \u00fctemtervek \u00e9s a sz\u00ednek telefonodr\u00f3l t\u00f6rt\u00e9n\u0151 szab\u00e1lyoz\u00e1s\u00e1t.<\/p>\n\n\n\n<p>Egy konkr\u00e9t p\u00e9lda: beprogramozhatja a l\u00e1mp\u00e1kat \u00fagy, hogy hajnalban finoman kapcsoljanak fel, ez\u00e1ltal jav\u00edtva a pihen\u00e9s\u00e9t \u00e9s cs\u00f6kkentve a felesleges energiafogyaszt\u00e1st.<\/p>\n\n\n\n<h3 class=\"wp-block-heading\">2. A kl\u00edma pontos szab\u00e1lyoz\u00e1sa<\/h3>\n\n\n\n<p>Az okos termoszt\u00e1tok, mint p\u00e9ld\u00e1ul a Nest vagy az Ecobee, elemzik a viselked\u00e9sedet, \u00e9s automatikusan be\u00e1ll\u00edtj\u00e1k a h\u0151m\u00e9rs\u00e9kletet.<\/p>\n\n\n\n<p>Ha azt \u00e9rz\u00e9kelik, hogy senki sincs otthon, cs\u00f6kkentik az energiafogyaszt\u00e1st.<\/p>\n\n\n\n<p>Ezenk\u00edv\u00fcl egyes modellek integr\u00e1lj\u00e1k az \u00e9ghajlati inform\u00e1ci\u00f3kat a v\u00e1ltoz\u00e1sok el\u0151rejelz\u00e9se \u00e9s a stabil k\u00f6rnyezet fenntart\u00e1sa \u00e9rdek\u00e9ben.<\/p>\n\n\n\n<h3 class=\"wp-block-heading\">3. N\u00f6velje a biztons\u00e1got<\/h3>\n\n\n\n<p>Az arc- vagy ujjlenyomat-felismer\u0151 digit\u00e1lis z\u00e1rak magasabb szint\u0171 v\u00e9delmet ny\u00fajtanak, mint a hagyom\u00e1nyos kulcsok.<\/p>\n\n\n\n<p>A mesters\u00e9ges intelligenci\u00e1val m\u0171k\u00f6d\u0151 kamer\u00e1k ek\u00f6zben k\u00fcl\u00f6nbs\u00e9get tesznek az emberek, a h\u00e1zi\u00e1llatok vagy a gyan\u00fas mozg\u00e1sok k\u00f6z\u00f6tt, elker\u00fclve a t\u00e9ves riaszt\u00e1sokat.<\/p>\n\n\n\n<h3 class=\"wp-block-heading\">4. Csatlakoztassa a k\u00e9sz\u00fcl\u00e9keit<\/h3>\n\n\n\n<p>A legt\u00f6bb m\u00e1rka m\u00e1r tartalmaz intelligens funkci\u00f3kat:<\/p>\n\n\n\n<p>H\u0171t\u0151szekr\u00e9nyek, amelyek a k\u00e9szlet alapj\u00e1n javasolnak recepteket, mos\u00f3g\u00e9pek, amelyek a t\u00f6ltetnek megfelel\u0151en \u00e1ll\u00edtj\u00e1k be a ciklust, vagy robotporsz\u00edv\u00f3k, amelyek felismerik a helyeket.<\/p>\n\n\n\n<h3 class=\"wp-block-heading\">5. K\u00f6zpontos\u00edtsa az ir\u00e1ny\u00edt\u00e1st<\/h3>\n\n\n\n<p>Az okosotthon igazi ereje abban rejlik, hogy <strong>integr\u00e1ci\u00f3<\/strong>.<\/p>\n\n\n\n<p>Az olyan platformok, mint a Google Home, az Alexa vagy az Apple HomeKit, lehet\u0151v\u00e9 teszik az \u00f6sszes eszk\u00f6z egyetlen \u00f6kosziszt\u00e9m\u00e1ba val\u00f3 egyes\u00edt\u00e9s\u00e9t, teljes k\u00f6r\u0171 vez\u00e9rl\u00e9st biztos\u00edtva alkalmaz\u00e1son vagy hangutas\u00edt\u00e1sokkal.<\/p>\n\n\n\n<h2 class=\"wp-block-heading\">\u00d6sszehasonl\u00edt\u00f3 t\u00e1bl\u00e1zat: f\u0151 vez\u00e9rl\u0151rendszerek<\/h2>\n\n\n\n<figure class=\"wp-block-table\"><table><thead><tr><th>Platform<\/th><th>Kompatibilit\u00e1s<\/th><th>Felhaszn\u00e1l\u00f3i fel\u00fclet<\/th><th>Hangasszisztens<\/th><th>Biztons\u00e1gi szint<\/th><\/tr><\/thead><tbody><tr><td>Google Kezd\u0151lap<\/td><td>T\u00f6bbm\u00e1rk\u00e1s (Nest, Philips, LG stb.)<\/td><td>Nagyon intuit\u00edv<\/td><td>Google Asszisztens<\/td><td>Magas<\/td><\/tr><tr><td>Amazon Alexa<\/td><td>Sz\u00e9les eszk\u00f6zv\u00e1laszt\u00e9k<\/td><td>Megk\u00f6zel\u00edthet\u0151 \u00e9s stabil<\/td><td>Alexa<\/td><td>Magas<\/td><\/tr><tr><td>Apple HomeKit<\/td><td>Apple \u00f6kosziszt\u00e9ma<\/td><td>Minimalista<\/td><td>Siri<\/td><td>Nagyon magas<\/td><\/tr><\/tbody><\/table><figcaption class=\"wp-element-caption\">Gyakorlati \u00fatmutat\u00f3 az okos \u00e9s h\u00e1l\u00f3zatba kapcsolt otthonhoz<br><br><\/figcaption><\/figure>\n\n\n\n<figure class=\"wp-block-gallery aligncenter has-nested-images columns-default is-cropped wp-block-gallery-2 is-layout-flex wp-block-gallery-is-layout-flex\">\n<figure class=\"wp-block-image size-full\"><img loading=\"lazy\" decoding=\"async\" width=\"450\" height=\"250\" data-id=\"10233\" src=\"https:\/\/universofamilia.com\/wp-content\/uploads\/sites\/148\/2025\/10\/Destaque-Novo-Universo-30.jpg\" alt=\"\" class=\"wp-image-10233\" srcset=\"https:\/\/universofamilia.com\/wp-content\/uploads\/sites\/148\/2025\/10\/Destaque-Novo-Universo-30.jpg 450w, https:\/\/universofamilia.com\/wp-content\/uploads\/sites\/148\/2025\/10\/Destaque-Novo-Universo-30-300x167.jpg 300w, https:\/\/universofamilia.com\/wp-content\/uploads\/sites\/148\/2025\/10\/Destaque-Novo-Universo-30-18x10.jpg 18w\" sizes=\"(max-width: 450px) 100vw, 450px\" \/><figcaption class=\"wp-element-caption\">CANVA<\/figcaption><\/figure>\n<\/figure>\n\n\n\n<p>B\u0151vebben:<a href=\"https:\/\/universofamilia.com\/hu\/inteligencia-artificial-en-el-dia-a-dia\/\">\u00a0Mesters\u00e9ges intelligencia a mindennapi \u00e9letben<\/a><\/p>\n\n\n\n<h2 class=\"wp-block-heading\">1. p\u00e9lda: egy automatiz\u00e1lt rutin a val\u00f3 \u00e9letben<\/h2>\n\n\n\n<p>K\u00e9pzeld el, hogy \u00e9bred\u00e9skor lassan felh\u00faz\u00f3dnak a f\u00fcgg\u00f6ny\u00f6k, mag\u00e1t\u00f3l bekapcsol a k\u00e1v\u00e9f\u0151z\u0151, \u00e9s elkezd\u0151dik a reggeli lej\u00e1tsz\u00e1si list\u00e1d.<\/p>\n\n\n\n<p>Ek\u00f6zben a termoszt\u00e1t be\u00e1ll\u00edtja az ide\u00e1lis h\u0151m\u00e9rs\u00e9kletet, a f\u00fcrd\u0151szobai t\u00fck\u00f6r pedig mutatja a napi id\u0151j\u00e1r\u00e1st.<\/p>\n\n\n\n<p>Nem a luxusr\u00f3l van sz\u00f3, hanem a j\u00f3ll\u00e9tre alkalmazott hat\u00e9konys\u00e1gr\u00f3l.<\/p>\n\n\n\n<p>Ez a mindennapi \u00e9lm\u00e9ny, amelyet \u00e9rz\u00e9kel\u0151k \u00e9s programozott rutinok ir\u00e1ny\u00edtanak, a l\u00e9nyeg\u00e9t k\u00e9pviseli <strong>Gyakorlati \u00fatmutat\u00f3 az okos \u00e9s h\u00e1l\u00f3zatba kapcsolt otthonhoz<\/strong>:<\/p>\n\n\n\n<p>Egyszer\u0171s\u00edtsd az \u00e9leted, mik\u00f6zben \u00f3vod a k\u00f6rnyezetet.<\/p>\n\n\n\n<h2 class=\"wp-block-heading\">A technol\u00f3gia \u00e9s a fenntarthat\u00f3s\u00e1g k\u00f6z\u00f6tti kapcsolat<\/h2>\n\n\n\n<p>Az okosotthonok a bolyg\u00f3 sz\u00f6vets\u00e9gesei is.<\/p>\n\n\n\n<p>Az automatiz\u00e1l\u00e1snak k\u00f6sz\u00f6nhet\u0151en az energia- \u00e9s v\u00edzfogyaszt\u00e1s jelent\u0151sen cs\u00f6kken.<\/p>\n\n\n\n<p>Mexik\u00f3ban a <strong>Nemzeti Energiahat\u00e9konys\u00e1gi Bizotts\u00e1g (CONUEE)<\/strong> El\u0151seg\u00edti az intelligens otthoni technol\u00f3gi\u00e1k haszn\u00e1lat\u00e1t a nemzeti energiatakar\u00e9koss\u00e1gi politik\u00e1k r\u00e9szek\u00e9nt.<\/p>\n\n\n\n<p>A technol\u00f3giai fenntarthat\u00f3s\u00e1g koncepci\u00f3ja m\u00e1r nem opcion\u00e1lis, hanem k\u00f6z\u00f6s felel\u0151ss\u00e9g. Egy \u201egondolkod\u00f3\u201d otthon nemcsak a p\u00e9nz\u00fcgyeir\u0151l gondoskodik, hanem\u2026 <strong>v\u00e9di a term\u00e9szeti er\u0151forr\u00e1sokat<\/strong>.<\/p>\n\n\n\n<h2 class=\"wp-block-heading\">2. p\u00e9lda: id\u0151sek h\u00e1za<\/h2>\n\n\n\n<p>Inspir\u00e1l\u00f3 p\u00e9lda erre egy nyugd\u00edjas p\u00e1r esete, akik mozg\u00e1s\u00e9rz\u00e9kel\u0151ket, f\u00fcst\u00e9rz\u00e9kel\u0151ket \u00e9s automatikus orvosi eml\u00e9keztet\u0151ket integr\u00e1lnak otthonaikba.<\/p>\n\n\n\n<p>A mesters\u00e9ges intelligencia figyelmezteti \u0151ket, ha elfelejtik bevenni a gy\u00f3gyszer\u00fcket, vagy ha rendelleness\u00e9get \u00e9szlelnek az \u00e1ramfogyaszt\u00e1sban.<\/p>\n\n\n\n<p>Ez a fajta megold\u00e1s azt mutatja be, hogy a technol\u00f3gi\u00e1nak hogyan lehet emberi c\u00e9lja: elk\u00eds\u00e9rni, gondoskodni r\u00f3la \u00e9s f\u00fcggetlens\u00e9get biztos\u00edtani.<\/p>\n\n\n\n<h2 class=\"wp-block-heading\">Az otthon, mint \u00e9l\u0151 szervezet anal\u00f3gi\u00e1ja<\/h2>\n\n\n\n<p>Gondolj az otthonodra \u00fagy, mint egy \u00e9l\u0151l\u00e9nyre, amely l\u00e9legzik, \u00e9rez \u00e9s reag\u00e1l.<\/p>\n\n\n\n<p>Minden csatlakoztatott eszk\u00f6z \u201eszervk\u00e9nt\u201d m\u0171k\u00f6dik, amely \u00e9rz\u00e9keli, elemzi \u00e9s reag\u00e1l az ingerekre.<\/p>\n\n\n\n<p>A mesters\u00e9ges intelligencia a k\u00f6zponti idegrendszer lenne, ami mindent harmonikusan koordin\u00e1l.<\/p>\n\n\n\n<p>Ily m\u00f3don az okosotthon nemcsak a feladatokat automatiz\u00e1lja:<\/p>\n\n\n\n<p><strong>Teremts szinergi\u00e1t a technol\u00f3gia \u00e9s az \u00e9rzelmek k\u00f6z\u00f6tt<\/strong>ahol minden cselekedetnek c\u00e9lja van, \u00e9s minden interakci\u00f3 hozz\u00e1j\u00e1rul a j\u00f3l\u00e9thez.<\/p>\n\n\n\n<h2 class=\"wp-block-heading\">Okosotthon-trendek 2025-ben<\/h2>\n\n\n\n<p>A fejl\u0151d\u00e9s folytat\u00f3dik. A jelenlegi helyzetet ezek a f\u0151bb trendek hat\u00e1rozz\u00e1k meg:<\/p>\n\n\n\n<ul>\n<li><strong>Kontextu\u00e1lis mesters\u00e9ges intelligencia:<\/strong> A rendszerek nemcsak a szok\u00e1sokat, hanem az \u00e9rzelmeket \u00e9s a hangulatokat is megtanulj\u00e1k, hogy a vil\u00e1g\u00edt\u00e1st, a zen\u00e9t vagy a kl\u00edm\u00e1t az adott k\u00f6r\u00fclm\u00e9nyekhez igaz\u00edts\u00e1k.<\/li>\n\n\n\n<li><strong>Belf\u00f6ldi meg\u00fajul\u00f3 energia:<\/strong> Napelemek integr\u00e1l\u00e1sa intelligens rendszerekkel, amelyek kezelik azok haszn\u00e1lat\u00e1t \u00e9s t\u00e1rol\u00e1s\u00e1t.<\/li>\n\n\n\n<li><strong>Teljes interoperabilit\u00e1s:<\/strong> A Matter trend lehet\u0151v\u00e9 teszi a k\u00fcl\u00f6nb\u00f6z\u0151 m\u00e1rk\u00e1j\u00fa eszk\u00f6z\u00f6k korl\u00e1toz\u00e1s n\u00e9lk\u00fcli kommunik\u00e1ci\u00f3j\u00e1t.<\/li>\n\n\n\n<li><strong>Vizion\u00e1rius asszisztensek:<\/strong> Kamer\u00e1k, amelyek gesztusokat \u00e9s mozdulatokat \u00e9rtelmeznek, hogy hang n\u00e9lk\u00fcli parancsokat hajtsanak v\u00e9gre.<\/li>\n<\/ul>\n\n\n\n<p>Ezek az innov\u00e1ci\u00f3k el\u0151mozd\u00edtj\u00e1k az \u00e1tmenetet a val\u00f3ban \u00f6sszekapcsolt, tudatos \u00e9s szem\u00e9lyre szabott otthonok fel\u00e9.<\/p>\n\n\n\n<h2 class=\"wp-block-heading\">Kih\u00edv\u00e1sok \u00e9s \u00f3vint\u00e9zked\u00e9sek<\/h2>\n\n\n\n<p>B\u00e1r az el\u0151ny\u00f6k sz\u00e9lesk\u00f6r\u0171ek, a kock\u00e1zatokat sem szabad figyelmen k\u00edv\u00fcl hagyni.<\/p>\n\n\n\n<p>Az adatv\u00e9delem \u00e9s a kiberbiztons\u00e1g kritikus szempontok a <strong><strong>Gyakorlati \u00fatmutat\u00f3 az okos \u00e9s h\u00e1l\u00f3zatba kapcsolt otthonhoz<\/strong><\/strong>.<\/p>\n\n\n\n<p>A szak\u00e9rt\u0151k a k\u00f6vetkez\u0151ket javasolj\u00e1k:<\/p>\n\n\n\n<ul>\n<li>Haszn\u00e1ljon er\u0151s jelszavakat, \u00e9s rendszeresen friss\u00edtse azokat.<\/li>\n\n\n\n<li>Tartsa naprak\u00e9szen az eszk\u00f6z firmware-j\u00e9t.<\/li>\n\n\n\n<li>Tekintse \u00e1t a hozz\u00e1f\u00e9r\u00e9si enged\u00e9lyeket minden egyes \u00f6sszekapcsolt alkalmaz\u00e1sban.<\/li>\n<\/ul>\n\n\n\n<p>A c\u00e9l a k\u00e9nyelem \u00e9lvezete a digit\u00e1lis biztons\u00e1g fel\u00e1ldoz\u00e1sa n\u00e9lk\u00fcl.<\/p>\n\n\n\n<h2 class=\"wp-block-heading\">K\u00f6vetkeztet\u00e9s<\/h2>\n\n\n\n<p>Otthonod \u00f6sszekapcsolt otthonn\u00e1 alak\u00edt\u00e1sa egy olyan d\u00f6nt\u00e9s, amely t\u00falmutat a technol\u00f3gi\u00e1n. Ez egy hat\u00e9konyabb, biztons\u00e1gosabb \u00e9s fenntarthat\u00f3bb \u00e9letm\u00f3d kialak\u00edt\u00e1s\u00e1t jelenti.<\/p>\n\n\n\n<p>\u0150 <strong><strong>Gyakorlati \u00fatmutat\u00f3 az okos \u00e9s h\u00e1l\u00f3zatba kapcsolt otthonhoz<\/strong><\/strong> Eszk\u00f6z\u00f6ket k\u00edn\u00e1l ahhoz, hogy olyan teret teremts, ahol a technol\u00f3gia a te javadra v\u00e1lik, \u00e9s nem ford\u00edtva.<\/p>\n\n\n\n<p>V\u00e9gs\u0151 soron nem arr\u00f3l van sz\u00f3, hogy t\u00f6bb eszk\u00f6z\u00fcnk legyen, hanem arr\u00f3l, hogy <strong>\u00e9lj jobban<\/strong>, az innov\u00e1ci\u00f3 \u00e9s az embers\u00e9gess\u00e9g egyens\u00faly\u00e1val.<\/p>\n\n\n\n<p>K\u00e9szen \u00e1llsz arra, hogy az otthonod is megtanuljon gondoskodni r\u00f3lad?<\/p>\n\n\n\n<p>B\u0151vebben:<a href=\"https:\/\/universofamilia.com\/hu\/inteligencia-artificial-en-el-dia-a-dia\/\">\u00a0<\/a><a href=\"https:\/\/universofamilia.com\/hu\/5-apps-de-ia-para-organizar-tu-rutina-en-casa\/\">5 mesters\u00e9ges intelligencia \u00e1ltal fejlesztett alkalmaz\u00e1s az otthoni rutin megszervez\u00e9s\u00e9hez<\/a><\/p>\n\n\n\n<h2 class=\"wp-block-heading\">Gyakran Ism\u00e9telt K\u00e9rd\u00e9sek<\/h2>\n\n\n\n<p><strong>1. Mennyibe ker\u00fcl egy h\u00e1zat okosotthonn\u00e1 alak\u00edtani?<\/strong><br>Az automatiz\u00e1l\u00e1s szintj\u00e9t\u0151l f\u00fcgg.<\/p>\n\n\n\n<p>\u00c1tlagosan egy alapvet\u0151 kezdeti befektet\u00e9s 300 \u00e9s 600 doll\u00e1r k\u00f6z\u00f6tt mozog, ami elegend\u0151 a vil\u00e1g\u00edt\u00e1s, a biztons\u00e1g \u00e9s a kl\u00edmaberendez\u00e9s integr\u00e1l\u00e1s\u00e1ra.<\/p>\n\n\n\n<p><strong>2. Sz\u00fcks\u00e9ges-e \u00e1lland\u00f3 internetkapcsolat?<\/strong><br>Igen, a legt\u00f6bb eszk\u00f6znek stabil Wi-Fi kapcsolatra van sz\u00fcks\u00e9ge a megfelel\u0151 m\u0171k\u00f6d\u00e9shez \u00e9s a friss\u00edt\u00e9sek fogad\u00e1s\u00e1hoz.<\/p>\n\n\n\n<p><strong>3. Lehets\u00e9ges k\u00fcl\u00f6nb\u00f6z\u0151 m\u00e1rk\u00e1j\u00fa term\u00e9keket haszn\u00e1lni ugyanabban a rendszerben?<\/strong><br>A 2023-ban bevezetett Matter szabv\u00e1nynak k\u00f6sz\u00f6nhet\u0151en a k\u00fcl\u00f6nb\u00f6z\u0151 m\u00e1rk\u00e1kt\u00f3l sz\u00e1rmaz\u00f3 eszk\u00f6z\u00f6k t\u00f6bbs\u00e9ge m\u00e1r k\u00e9pes egy\u00fctt m\u0171k\u00f6dni.<\/p>\n\n\n\n<p><strong>4. Sok energi\u00e1t fogyasztanak az intelligens rendszerek?<\/strong><br>Nem. A c\u00e9lja pontosan a fogyaszt\u00e1s cs\u00f6kkent\u00e9se, a kereslet automatikus m\u00f3dos\u00edt\u00e1sa a t\u00e9nyleges felhaszn\u00e1l\u00e1shoz igaz\u00edtva.<\/p>\n\n\n\n<p><strong>5. Milyen trend fogja uralni az okosotthonok j\u00f6v\u0151j\u00e9t?<\/strong><br>\u00c9rzelmi szem\u00e9lyre szab\u00e1s: olyan otthonok, amelyek felismerik a hangulatokat, \u00e9s a k\u00f6rnyezet\u00fcket a j\u00f3ll\u00e9t \u00e9s a ment\u00e1lis eg\u00e9szs\u00e9g jav\u00edt\u00e1sa \u00e9rdek\u00e9ben alak\u00edtj\u00e1k.<\/p>","protected":false},"excerpt":{"rendered":"<p>A digit\u00e1lis korban, ahol a technol\u00f3gia \u00fajra\u00e9rtelmezi \u00e9letm\u00f3dunkat, az okos \u00e9s h\u00e1l\u00f3zatba kapcsolt otthonr\u00f3l sz\u00f3l\u00f3 gyakorlati \u00fatmutat\u00f3 elengedhetetlen olvasm\u00e1nny\u00e1 v\u00e1lt azok sz\u00e1m\u00e1ra, akik a k\u00e9nyelmet, a hat\u00e9konys\u00e1got \u00e9s a fenntarthat\u00f3s\u00e1got keresik. Ez a fajta lakhat\u00e1s nem csak egy kiv\u00e1lasztottak sz\u00e1m\u00e1ra fenntartott luxus; ez egy el\u00e9rhet\u0151 \u00e9s strat\u00e9giai fejl\u0151d\u00e9s, amely jav\u00edtja [\u2026]<\/p>","protected":false},"author":219,"featured_media":10231,"comment_status":"closed","ping_status":"open","sticky":false,"template":"","format":"standard","meta":{"footnotes":""},"categories":[3],"tags":[],"yoast_head":"<!-- This site is optimized with the Yoast SEO plugin v23.3 - https:\/\/yoast.com\/wordpress\/plugins\/seo\/ -->\n<title>Gu\u00eda pr\u00e1ctica para un hogar inteligente y conectado - Universo Fam\u00edlia<\/title>\n<meta name=\"description\" content=\"En la era digital, donde la tecnolog\u00eda redefine la forma de vivir, Gu\u00eda pr\u00e1ctica para un hogar inteligente y conectado se ha convertido en...\" \/>\n<meta name=\"robots\" content=\"index, follow, max-snippet:-1, max-image-preview:large, max-video-preview:-1\" \/>\n<link rel=\"canonical\" href=\"https:\/\/universofamilia.com\/hu\/guia-practica-para-un-hogar-inteligente-y-conectado\/\" \/>\n<meta property=\"og:locale\" content=\"hu_HU\" \/>\n<meta property=\"og:type\" content=\"article\" \/>\n<meta property=\"og:title\" content=\"Gu\u00eda pr\u00e1ctica para un hogar inteligente y conectado - Universo Fam\u00edlia\" \/>\n<meta property=\"og:description\" content=\"En la era digital, donde la tecnolog\u00eda redefine la forma de vivir, Gu\u00eda pr\u00e1ctica para un hogar inteligente y conectado se ha convertido en...\" \/>\n<meta property=\"og:url\" content=\"https:\/\/universofamilia.com\/hu\/guia-practica-para-un-hogar-inteligente-y-conectado\/\" \/>\n<meta property=\"og:site_name\" content=\"Universo Fam\u00edlia\" \/>\n<meta property=\"article:published_time\" content=\"2025-10-28T20:07:40+00:00\" \/>\n<meta property=\"article:modified_time\" content=\"2025-10-28T20:07:43+00:00\" \/>\n<meta property=\"og:image\" content=\"https:\/\/universofamilia.com\/wp-content\/uploads\/sites\/148\/2025\/10\/Destaque-Novo-Universo-29.jpg\" \/>\n\t<meta property=\"og:image:width\" content=\"450\" \/>\n\t<meta property=\"og:image:height\" content=\"250\" \/>\n\t<meta property=\"og:image:type\" content=\"image\/jpeg\" \/>\n<meta name=\"author\" content=\"Matheus Sangaletti\" \/>\n<meta name=\"twitter:card\" content=\"summary_large_image\" \/>\n<meta name=\"twitter:label1\" content=\"Written by\" \/>\n\t<meta name=\"twitter:data1\" content=\"Matheus Sangaletti\" \/>\n\t<meta name=\"twitter:label2\" content=\"Est. reading time\" \/>\n\t<meta name=\"twitter:data2\" content=\"9 perc\" \/>\n<script type=\"application\/ld+json\" class=\"yoast-schema-graph\">{\"@context\":\"https:\/\/schema.org\",\"@graph\":[{\"@type\":\"WebPage\",\"@id\":\"https:\/\/universofamilia.com\/sr\/guia-practica-para-un-hogar-inteligente-y-conectado\/\",\"url\":\"https:\/\/universofamilia.com\/sr\/guia-practica-para-un-hogar-inteligente-y-conectado\/\",\"name\":\"Gu\u00eda pr\u00e1ctica para un hogar inteligente y conectado - Universo Fam\u00edlia\",\"isPartOf\":{\"@id\":\"https:\/\/universofamilia.com\/el\/#website\"},\"primaryImageOfPage\":{\"@id\":\"https:\/\/universofamilia.com\/sr\/guia-practica-para-un-hogar-inteligente-y-conectado\/#primaryimage\"},\"image\":{\"@id\":\"https:\/\/universofamilia.com\/sr\/guia-practica-para-un-hogar-inteligente-y-conectado\/#primaryimage\"},\"thumbnailUrl\":\"https:\/\/universofamilia.com\/wp-content\/uploads\/sites\/148\/2025\/10\/Destaque-Novo-Universo-29.jpg\",\"datePublished\":\"2025-10-28T20:07:40+00:00\",\"dateModified\":\"2025-10-28T20:07:43+00:00\",\"author\":{\"@id\":\"https:\/\/universofamilia.com\/el\/#\/schema\/person\/92fcd07e9b1f4323bf74f3170fc0f78a\"},\"description\":\"En la era digital, donde la tecnolog\u00eda redefine la forma de vivir, Gu\u00eda pr\u00e1ctica para un hogar inteligente y conectado se ha convertido en...\",\"breadcrumb\":{\"@id\":\"https:\/\/universofamilia.com\/sr\/guia-practica-para-un-hogar-inteligente-y-conectado\/#breadcrumb\"},\"inLanguage\":\"hu\",\"potentialAction\":[{\"@type\":\"ReadAction\",\"target\":[\"https:\/\/universofamilia.com\/sr\/guia-practica-para-un-hogar-inteligente-y-conectado\/\"]}]},{\"@type\":\"ImageObject\",\"inLanguage\":\"hu\",\"@id\":\"https:\/\/universofamilia.com\/sr\/guia-practica-para-un-hogar-inteligente-y-conectado\/#primaryimage\",\"url\":\"https:\/\/universofamilia.com\/wp-content\/uploads\/sites\/148\/2025\/10\/Destaque-Novo-Universo-29.jpg\",\"contentUrl\":\"https:\/\/universofamilia.com\/wp-content\/uploads\/sites\/148\/2025\/10\/Destaque-Novo-Universo-29.jpg\",\"width\":450,\"height\":250},{\"@type\":\"BreadcrumbList\",\"@id\":\"https:\/\/universofamilia.com\/sr\/guia-practica-para-un-hogar-inteligente-y-conectado\/#breadcrumb\",\"itemListElement\":[{\"@type\":\"ListItem\",\"position\":1,\"name\":\"Home\",\"item\":\"https:\/\/universofamilia.com\/el\/\"},{\"@type\":\"ListItem\",\"position\":2,\"name\":\"Gu\u00eda pr\u00e1ctica para un hogar inteligente y conectado\"}]},{\"@type\":\"WebSite\",\"@id\":\"https:\/\/universofamilia.com\/el\/#website\",\"url\":\"https:\/\/universofamilia.com\/el\/\",\"name\":\"Universo Fam\u00edlia\",\"description\":\"\",\"potentialAction\":[{\"@type\":\"SearchAction\",\"target\":{\"@type\":\"EntryPoint\",\"urlTemplate\":\"https:\/\/universofamilia.com\/el\/?s={search_term_string}\"},\"query-input\":\"required name=search_term_string\"}],\"inLanguage\":\"hu\"},{\"@type\":\"Person\",\"@id\":\"https:\/\/universofamilia.com\/el\/#\/schema\/person\/92fcd07e9b1f4323bf74f3170fc0f78a\",\"name\":\"Matheus Sangaletti\",\"image\":{\"@type\":\"ImageObject\",\"inLanguage\":\"hu\",\"@id\":\"https:\/\/universofamilia.com\/el\/#\/schema\/person\/image\/\",\"url\":\"https:\/\/secure.gravatar.com\/avatar\/280ea957a14a48e6a1ad2133d2cc27c9?s=96&d=mm&r=g\",\"contentUrl\":\"https:\/\/secure.gravatar.com\/avatar\/280ea957a14a48e6a1ad2133d2cc27c9?s=96&d=mm&r=g\",\"caption\":\"Matheus Sangaletti\"},\"url\":\"https:\/\/universofamilia.com\/hu\/author\/matheuss\/\"}]}<\/script>\n<!-- \/ Yoast SEO plugin. -->","yoast_head_json":{"title":"Gu\u00eda pr\u00e1ctica para un hogar inteligente y conectado - Universo Fam\u00edlia","description":"En la era digital, donde la tecnolog\u00eda redefine la forma de vivir, Gu\u00eda pr\u00e1ctica para un hogar inteligente y conectado se ha convertido en...","robots":{"index":"index","follow":"follow","max-snippet":"max-snippet:-1","max-image-preview":"max-image-preview:large","max-video-preview":"max-video-preview:-1"},"canonical":"https:\/\/universofamilia.com\/hu\/guia-practica-para-un-hogar-inteligente-y-conectado\/","og_locale":"hu_HU","og_type":"article","og_title":"Gu\u00eda pr\u00e1ctica para un hogar inteligente y conectado - Universo Fam\u00edlia","og_description":"En la era digital, donde la tecnolog\u00eda redefine la forma de vivir, Gu\u00eda pr\u00e1ctica para un hogar inteligente y conectado se ha convertido en...","og_url":"https:\/\/universofamilia.com\/hu\/guia-practica-para-un-hogar-inteligente-y-conectado\/","og_site_name":"Universo Fam\u00edlia","article_published_time":"2025-10-28T20:07:40+00:00","article_modified_time":"2025-10-28T20:07:43+00:00","og_image":[{"width":450,"height":250,"url":"https:\/\/universofamilia.com\/wp-content\/uploads\/sites\/148\/2025\/10\/Destaque-Novo-Universo-29.jpg","type":"image\/jpeg"}],"author":"Matheus Sangaletti","twitter_card":"summary_large_image","twitter_misc":{"Written by":"Matheus Sangaletti","Est. reading time":"9 perc"},"schema":{"@context":"https:\/\/schema.org","@graph":[{"@type":"WebPage","@id":"https:\/\/universofamilia.com\/sr\/guia-practica-para-un-hogar-inteligente-y-conectado\/","url":"https:\/\/universofamilia.com\/sr\/guia-practica-para-un-hogar-inteligente-y-conectado\/","name":"Gu\u00eda pr\u00e1ctica para un hogar inteligente y conectado - Universo Fam\u00edlia","isPartOf":{"@id":"https:\/\/universofamilia.com\/el\/#website"},"primaryImageOfPage":{"@id":"https:\/\/universofamilia.com\/sr\/guia-practica-para-un-hogar-inteligente-y-conectado\/#primaryimage"},"image":{"@id":"https:\/\/universofamilia.com\/sr\/guia-practica-para-un-hogar-inteligente-y-conectado\/#primaryimage"},"thumbnailUrl":"https:\/\/universofamilia.com\/wp-content\/uploads\/sites\/148\/2025\/10\/Destaque-Novo-Universo-29.jpg","datePublished":"2025-10-28T20:07:40+00:00","dateModified":"2025-10-28T20:07:43+00:00","author":{"@id":"https:\/\/universofamilia.com\/el\/#\/schema\/person\/92fcd07e9b1f4323bf74f3170fc0f78a"},"description":"En la era digital, donde la tecnolog\u00eda redefine la forma de vivir, Gu\u00eda pr\u00e1ctica para un hogar inteligente y conectado se ha convertido en...","breadcrumb":{"@id":"https:\/\/universofamilia.com\/sr\/guia-practica-para-un-hogar-inteligente-y-conectado\/#breadcrumb"},"inLanguage":"hu","potentialAction":[{"@type":"ReadAction","target":["https:\/\/universofamilia.com\/sr\/guia-practica-para-un-hogar-inteligente-y-conectado\/"]}]},{"@type":"ImageObject","inLanguage":"hu","@id":"https:\/\/universofamilia.com\/sr\/guia-practica-para-un-hogar-inteligente-y-conectado\/#primaryimage","url":"https:\/\/universofamilia.com\/wp-content\/uploads\/sites\/148\/2025\/10\/Destaque-Novo-Universo-29.jpg","contentUrl":"https:\/\/universofamilia.com\/wp-content\/uploads\/sites\/148\/2025\/10\/Destaque-Novo-Universo-29.jpg","width":450,"height":250},{"@type":"BreadcrumbList","@id":"https:\/\/universofamilia.com\/sr\/guia-practica-para-un-hogar-inteligente-y-conectado\/#breadcrumb","itemListElement":[{"@type":"ListItem","position":1,"name":"Home","item":"https:\/\/universofamilia.com\/el\/"},{"@type":"ListItem","position":2,"name":"Gu\u00eda pr\u00e1ctica para un hogar inteligente y conectado"}]},{"@type":"WebSite","@id":"https:\/\/universofamilia.com\/el\/#website","url":"https:\/\/universofamilia.com\/el\/","name":"Universo Fam\u00edlia","description":"","potentialAction":[{"@type":"SearchAction","target":{"@type":"EntryPoint","urlTemplate":"https:\/\/universofamilia.com\/el\/?s={search_term_string}"},"query-input":"required name=search_term_string"}],"inLanguage":"hu"},{"@type":"Person","@id":"https:\/\/universofamilia.com\/el\/#\/schema\/person\/92fcd07e9b1f4323bf74f3170fc0f78a","name":"Matheus Sangaletti","image":{"@type":"ImageObject","inLanguage":"hu","@id":"https:\/\/universofamilia.com\/el\/#\/schema\/person\/image\/","url":"https:\/\/secure.gravatar.com\/avatar\/280ea957a14a48e6a1ad2133d2cc27c9?s=96&d=mm&r=g","contentUrl":"https:\/\/secure.gravatar.com\/avatar\/280ea957a14a48e6a1ad2133d2cc27c9?s=96&d=mm&r=g","caption":"Matheus Sangaletti"},"url":"https:\/\/universofamilia.com\/hu\/author\/matheuss\/"}]}},"_links":{"self":[{"href":"https:\/\/universofamilia.com\/hu\/wp-json\/wp\/v2\/posts\/10230"}],"collection":[{"href":"https:\/\/universofamilia.com\/hu\/wp-json\/wp\/v2\/posts"}],"about":[{"href":"https:\/\/universofamilia.com\/hu\/wp-json\/wp\/v2\/types\/post"}],"author":[{"embeddable":true,"href":"https:\/\/universofamilia.com\/hu\/wp-json\/wp\/v2\/users\/219"}],"replies":[{"embeddable":true,"href":"https:\/\/universofamilia.com\/hu\/wp-json\/wp\/v2\/comments?post=10230"}],"version-history":[{"count":1,"href":"https:\/\/universofamilia.com\/hu\/wp-json\/wp\/v2\/posts\/10230\/revisions"}],"predecessor-version":[{"id":10234,"href":"https:\/\/universofamilia.com\/hu\/wp-json\/wp\/v2\/posts\/10230\/revisions\/10234"}],"wp:featuredmedia":[{"embeddable":true,"href":"https:\/\/universofamilia.com\/hu\/wp-json\/wp\/v2\/media\/10231"}],"wp:attachment":[{"href":"https:\/\/universofamilia.com\/hu\/wp-json\/wp\/v2\/media?parent=10230"}],"wp:term":[{"taxonomy":"category","embeddable":true,"href":"https:\/\/universofamilia.com\/hu\/wp-json\/wp\/v2\/categories?post=10230"},{"taxonomy":"post_tag","embeddable":true,"href":"https:\/\/universofamilia.com\/hu\/wp-json\/wp\/v2\/tags?post=10230"}],"curies":[{"name":"wp","href":"https:\/\/api.w.org\/{rel}","templated":true}]}}