{"id":10235,"date":"2025-10-29T22:38:27","date_gmt":"2025-10-30T01:38:27","guid":{"rendered":"https:\/\/universofamilia.com\/?p=10235"},"modified":"2025-10-29T22:38:32","modified_gmt":"2025-10-30T01:38:32","slug":"emprendimiento-digital-como-empezar-desde-cero-en-2025","status":"publish","type":"post","link":"https:\/\/universofamilia.com\/hu\/emprendimiento-digital-como-empezar-desde-cero-en-2025\/","title":{"rendered":"Digit\u00e1lis v\u00e1llalkoz\u00e1s: hogyan kezdj\u00fcnk a null\u00e1r\u00f3l 2025-ben"},"content":{"rendered":"<p class=\"has-text-align-center\">Ind\u00edtson el egy <strong>Digit\u00e1lis v\u00e1llalkoz\u00e1s: hogyan kezdj\u00fcnk a null\u00e1r\u00f3l 2025-ben<\/strong> Ez m\u00e1r nem a technol\u00f3giai szak\u00e9rt\u0151k vagy a nagybefektet\u0151k \u00e1lma.<\/p>\n\n\n\n<figure class=\"wp-block-gallery aligncenter has-nested-images columns-default is-cropped wp-block-gallery-1 is-layout-flex wp-block-gallery-is-layout-flex\">\n<figure class=\"wp-block-image size-full\"><img loading=\"lazy\" decoding=\"async\" width=\"450\" height=\"250\" data-id=\"10237\" src=\"https:\/\/universofamilia.com\/wp-content\/uploads\/sites\/148\/2025\/10\/Destaque-Novo-Universo-31-1.jpg\" alt=\"\" class=\"wp-image-10237\" srcset=\"https:\/\/universofamilia.com\/wp-content\/uploads\/sites\/148\/2025\/10\/Destaque-Novo-Universo-31-1.jpg 450w, https:\/\/universofamilia.com\/wp-content\/uploads\/sites\/148\/2025\/10\/Destaque-Novo-Universo-31-1-300x167.jpg 300w, https:\/\/universofamilia.com\/wp-content\/uploads\/sites\/148\/2025\/10\/Destaque-Novo-Universo-31-1-18x10.jpg 18w\" sizes=\"(max-width: 450px) 100vw, 450px\" \/><figcaption class=\"wp-element-caption\">CANVA<\/figcaption><\/figure>\n<\/figure>\n\n\n\n<p class=\"has-text-align-center\">Manaps\u00e1g b\u00e1rki, akinek van egy szil\u00e1rd \u00f6tlete, internetkapcsolata \u00e9s tanulni v\u00e1gyik, j\u00f6vedelmez\u0151 projektet \u00e9p\u00edthet a nappalij\u00e1b\u00f3l.<\/p>\n\n\n\n<p class=\"has-text-align-center\">De hol is kezdj\u00fck igaz\u00e1n, amikor a digit\u00e1lis vil\u00e1g ilyen gyorsan fejl\u0151dik?<\/p>\n\n\n\n<p><strong>\u00d6sszefoglal\u00e1s:<\/strong><\/p>\n\n\n\n<p>A digit\u00e1lis v\u00e1llalkoz\u00e1s \u00faj kontextusa 2025-ben<\/p>\n\n\n\n<p>Milyen k\u00e9szs\u00e9gek elengedhetetlenek ahhoz, hogy a null\u00e1r\u00f3l indulhassunk?<\/p>\n\n\n\n<p>Konkr\u00e9t l\u00e9p\u00e9sek a fenntarthat\u00f3 digit\u00e1lis v\u00e1llalkoz\u00e1s ki\u00e9p\u00edt\u00e9s\u00e9hez<\/p>\n\n\n\n<p>Kulcsfontoss\u00e1g\u00fa platformok \u00e9s eszk\u00f6z\u00f6k \u00faj v\u00e1llalkoz\u00f3k sz\u00e1m\u00e1ra<\/p>\n\n\n\n<p>Gyakori hib\u00e1k \u00e9s hogyan ker\u00fclj\u00fck el \u0151ket<\/p>\n\n\n\n<p>K\u00f6vetkeztet\u00e9sek \u00e9s gyakran ism\u00e9telt k\u00e9rd\u00e9sek<\/p>\n\n\n\n<h2 class=\"wp-block-heading\"><strong>A digit\u00e1lis v\u00e1llalkoz\u00e1s \u00faj kontextusa 2025-ben<\/strong><\/h2>\n\n\n\n<p>2025-ben a latin-amerikai digit\u00e1lis \u00f6kosziszt\u00e9ma az egyik leg\u00e9l\u00e9nkebb szakasz\u00e1t \u00e9li.<\/p>\n\n\n\n<p>Az adatok szerint <strong>Amerika-k\u00f6zi Fejleszt\u00e9si Bank (IDB)<\/strong>az e-kereskedelem a r\u00e9gi\u00f3ban n\u0151tt <strong>28% \u00e9vente 2020 \u00e9s 2024 k\u00f6z\u00f6tt<\/strong>, amelyet a felgyorsult digitaliz\u00e1ci\u00f3 \u00e9s az elektronikus fizet\u00e9sekhez val\u00f3 t\u00f6meges hozz\u00e1f\u00e9r\u00e9s hajt.<\/p>\n\n\n\n<p>K\u00fcl\u00f6n\u00f6sen Mexik\u00f3 v\u00e1lt a technol\u00f3giai startupok, az online oktat\u00e1s \u00e9s a digit\u00e1lis k\u00e9szs\u00e9gekkel bev\u00e9telt kov\u00e1csol\u00f3 f\u00fcggetlen v\u00e1llalkoz\u00e1sok meleg\u00e1gy\u00e1v\u00e1.<\/p>\n\n\n\n<p>Ebben a forgat\u00f3k\u00f6nyvben a <strong>digit\u00e1lis v\u00e1llalkoz\u00e1s<\/strong> Ez nemcsak gazdas\u00e1gi lehet\u0151s\u00e9get jelent, hanem val\u00f3di utat is a szakmai f\u00fcggetlens\u00e9g \u00e9s a p\u00e9nz\u00fcgyi stabilit\u00e1s fel\u00e9.<\/p>\n\n\n\n<p>A null\u00e1r\u00f3l indulni tal\u00e1n ijeszt\u0151 feladatnak t\u0171nhet, de a megfelel\u0151 strat\u00e9gi\u00e1val a digit\u00e1lis k\u00f6rnyezet minden eddigin\u00e9l nagyobb hozz\u00e1f\u00e9r\u00e9st k\u00edn\u00e1l.<\/p>\n\n\n\n<p>Ma m\u00e1r ingyenes eszk\u00f6z\u00f6k, t\u00e1mogat\u00f3 k\u00f6z\u00f6ss\u00e9gek \u00e9s online kurzusok \u00e1llnak rendelkez\u00e9sre, amelyek minden l\u00e9p\u00e9st megk\u00f6nny\u00edtenek.<\/p>\n\n\n\n<h2 class=\"wp-block-heading\"><strong>Alapvet\u0151 k\u00e9szs\u00e9gek a null\u00e1r\u00f3l val\u00f3 kezd\u00e9shez<\/strong><\/h2>\n\n\n\n<p>A kiindul\u00f3pont nem a t\u0151ke, hanem a szak\u00e9rtelem.<\/p>\n\n\n\n<p>Ahhoz, hogy sikeres legyen egy <strong>Digit\u00e1lis v\u00e1llalkoz\u00e1s: hogyan kezdj\u00fcnk a null\u00e1r\u00f3l 2025-ben<\/strong>H\u00e1rom pill\u00e9r elsaj\u00e1t\u00edt\u00e1sa elengedhetetlen:<\/p>\n\n\n\n<p><strong>V\u00e1llalkoz\u00f3i szeml\u00e9let, digit\u00e1lis \u00edr\u00e1stud\u00e1s \u00e9s id\u0151gazd\u00e1lkod\u00e1s<\/strong>.<\/p>\n\n\n\n<p><strong>V\u00e1llalkoz\u00f3i gondolkod\u00e1sm\u00f3d:<\/strong> Nem csak az \u00f6tletekr\u0151l van sz\u00f3, hanem arr\u00f3l is, hogy ki\u00e1lljunk mellett\u00fck a bizonytalans\u00e1gban.<\/p>\n\n\n\n<p>A strat\u00e9giai gondolkod\u00e1s \u00e9s az \u00e9rzelmi ellen\u00e1ll\u00f3 k\u00e9pess\u00e9g az alapja a tov\u00e1bbl\u00e9p\u00e9snek, amikor az eredm\u00e9nyek lassan \u00e9rkeznek.<\/p>\n\n\n\n<p><strong>Digit\u00e1lis \u00edr\u00e1stud\u00e1s:<\/strong> A k\u00f6z\u00f6ss\u00e9gi m\u00e9dia haszn\u00e1lat\u00e1nak ismerete m\u00e1r nem el\u00e9g.<\/p>\n\n\n\n<p>2025-ben az algoritmusok folyamatosan v\u00e1ltoznak, ez\u00e9rt elengedhetetlen a webanalitika, a digit\u00e1lis marketing \u00e9s az automatiz\u00e1l\u00e1si eszk\u00f6z\u00f6k ismerete.<\/p>\n\n\n\n<p><strong>Id\u0151gazd\u00e1lkod\u00e1s:<\/strong> A digit\u00e1lis k\u00f6rnyezetben a termel\u00e9kenys\u00e9g megsokszoroz\u00f3dik, ha megtanuljuk rangsorolni a feladatokat \u00e9s elker\u00fclni az inform\u00e1ci\u00f3 t\u00falterhel\u00e9st.<\/p>\n\n\n\n<p>Ezen k\u00e9szs\u00e9gek fejleszt\u00e9s\u00e9nek j\u00f3 m\u00f3dja az, ha alkalmazzuk a <strong>A 70\/20\/10-es szab\u00e1ly<\/strong>:<\/p>\n\n\n\n<p>70% val\u00f3s gyakorlat (projekt ind\u00edt\u00e1sa vagy szolg\u00e1ltat\u00e1s \u00e9rt\u00e9kes\u00edt\u00e9se), 20% mentor\u00e1l\u00e1s vagy egy\u00fcttm\u0171k\u00f6d\u00e9s \u00e9s 10% form\u00e1lis tanul\u00e1s.<\/p>\n\n\n\n<h2 class=\"wp-block-heading\"><strong>Konkr\u00e9t l\u00e9p\u00e9sek a fenntarthat\u00f3 digit\u00e1lis v\u00e1llalkoz\u00e1s ki\u00e9p\u00edt\u00e9s\u00e9hez<\/strong><\/h2>\n\n\n\n<p>Egy digit\u00e1lis v\u00e1llalkoz\u00e1s elind\u00edt\u00e1s\u00e1hoz nem t\u00f6k\u00e9letes tervre van sz\u00fcks\u00e9g, hanem fenntarthat\u00f3 cselekv\u00e9sek logikus sorozat\u00e1ra.<\/p>\n\n\n\n<p>\u00cdme egy gyakorlatias, l\u00e9p\u00e9sr\u0151l l\u00e9p\u00e9sre \u00fatmutat\u00f3:<\/p>\n\n\n\n<figure class=\"wp-block-table\"><table><thead><tr><th>Sz\u00ednpad<\/th><th>F\u0151 c\u00e9lkit\u0171z\u00e9s<\/th><th>Aj\u00e1nlott eszk\u00f6z\u00f6k<\/th><\/tr><\/thead><tbody><tr><td>1. R\u00e9smeghat\u00e1roz\u00e1s<\/td><td>Nevezzen meg egy val\u00f3s probl\u00e9m\u00e1t, amit meg tud oldani.<\/td><td>Google Trends, AnswerThePublic<\/td><\/tr><tr><td>2. Az \u00f6tlet valid\u00e1l\u00e1sa<\/td><td>Er\u0151s\u00edtse meg, hogy van r\u00e1 kereslet<\/td><td>Felm\u00e9r\u00e9sek, k\u00f6z\u00f6ss\u00e9gi h\u00e1l\u00f3zatok, f\u00f3rumok<\/td><\/tr><tr><td>3. Term\u00e9kfel\u00e9p\u00edt\u00e9s<\/td><td>Alkoss valami funkcion\u00e1lisat, b\u00e1r egyszer\u0171t.<\/td><td>Canva, Note, WordPress<\/td><\/tr><tr><td>4. Digit\u00e1lis bevezet\u00e9s<\/td><td>L\u00e1that\u00f3s\u00e1g \u00e9s forgalom gener\u00e1l\u00e1sa<\/td><td>Instagram, TikTok, SEO, e-mail marketing<\/td><\/tr><tr><td>5. Sk\u00e1l\u00e1zhat\u00f3s\u00e1g<\/td><td>Folyamatok automatiz\u00e1l\u00e1sa \u00e9s feladatok deleg\u00e1l\u00e1sa<\/td><td>Zapier, ChatGPT, Trello<\/td><\/tr><\/tbody><\/table><figcaption class=\"wp-element-caption\">Digit\u00e1lis v\u00e1llalkoz\u00e1s: hogyan kezdj\u00fcnk a null\u00e1r\u00f3l 2025-ben<\/figcaption><\/figure>\n\n\n\n<figure class=\"wp-block-gallery aligncenter has-nested-images columns-default is-cropped wp-block-gallery-2 is-layout-flex wp-block-gallery-is-layout-flex\">\n<figure class=\"wp-block-image size-full\"><img loading=\"lazy\" decoding=\"async\" width=\"450\" height=\"250\" data-id=\"10238\" src=\"https:\/\/universofamilia.com\/wp-content\/uploads\/sites\/148\/2025\/10\/Destaque-Novo-Universo-32.jpg\" alt=\"\" class=\"wp-image-10238\" srcset=\"https:\/\/universofamilia.com\/wp-content\/uploads\/sites\/148\/2025\/10\/Destaque-Novo-Universo-32.jpg 450w, https:\/\/universofamilia.com\/wp-content\/uploads\/sites\/148\/2025\/10\/Destaque-Novo-Universo-32-300x167.jpg 300w, https:\/\/universofamilia.com\/wp-content\/uploads\/sites\/148\/2025\/10\/Destaque-Novo-Universo-32-18x10.jpg 18w\" sizes=\"(max-width: 450px) 100vw, 450px\" \/><figcaption class=\"wp-element-caption\">CANVA<\/figcaption><\/figure>\n<\/figure>\n\n\n\n<p>B\u0151vebben:\u00a0<a href=\"https:\/\/universofamilia.com\/hu\/el-teletrabajo-en-2025-las-nuevas-tendencias-del-home-office\/\">T\u00e1vmunka 2025-ben: \u00daj otthoni irodai trendek<\/a><\/p>\n\n\n\n<h3 class=\"wp-block-heading\">Val\u00f3s p\u00e9lda 1:<\/h3>\n\n\n\n<p>Egy mexik\u00f3i grafikus egyedi log\u00f3k k\u00e9sz\u00edt\u00e9s\u00e9vel kezdte az Instagramon.<\/p>\n\n\n\n<p>Hat h\u00f3nap alatt digit\u00e1lis \u00e1ruh\u00e1zz\u00e1 alak\u00edtotta szolg\u00e1ltat\u00e1s\u00e1t, amely egyedi sablonokat k\u00edn\u00e1l, automatiz\u00e1lva a fizet\u00e9seket \u00e9s a sz\u00e1ll\u00edt\u00e1sokat. <\/p>\n\n\n\n<p>Siker\u00fck a korai meger\u0151s\u00edt\u00e9sen \u00e9s a k\u00f6z\u00f6ss\u00e9gi m\u00e9di\u00e1ban val\u00f3 \u00e1lland\u00f3 jelenl\u00e9t\u00fck\u00f6n alapult.<\/p>\n\n\n\n<h3 class=\"wp-block-heading\">Val\u00f3s p\u00e9lda 2:<\/h3>\n\n\n\n<p>Egy matektan\u00e1r elind\u00edtott egy oktat\u00e1si t\u00e9m\u00e1j\u00fa YouTube-csatorn\u00e1t, \u00e9s k\u00f6vetkezetess\u00e9g\u00e9nek k\u00f6sz\u00f6nhet\u0151en tags\u00e1gokon kereszt\u00fcl bev\u00e9telt is szerzett bel\u0151le.<\/p>\n\n\n\n<p>Kezdeti befektet\u00e9s n\u00e9lk\u00fcl, csup\u00e1n tud\u00e1ssal \u00e9s strat\u00e9gi\u00e1val, fenntarthat\u00f3 j\u00f6vedelemre tett szert.<\/p>\n\n\n\n<h2 class=\"wp-block-heading\"><strong>Kulcsfontoss\u00e1g\u00fa platformok \u00e9s eszk\u00f6z\u00f6k \u00faj v\u00e1llalkoz\u00f3k sz\u00e1m\u00e1ra<\/strong><\/h2>\n\n\n\n<p>A m\u00faltban egy v\u00e1llalkoz\u00e1s megnyit\u00e1sa jelent\u0151s fix k\u00f6lts\u00e9gekkel j\u00e1rt.<\/p>\n\n\n\n<p>Ezzel szemben 2025-re a digit\u00e1lis platformokhoz val\u00f3 hozz\u00e1f\u00e9r\u00e9s lehet\u0151v\u00e9 teszi majd, hogy minim\u00e1lis befektet\u00e9ssel induljon.<\/p>\n\n\n\n<p><strong>E-kereskedelem:<\/strong> A Shopify, a Tiendanube \u00e9s a Mercado Shops leegyszer\u0171s\u00edti a digit\u00e1lis \u00e1ruh\u00e1zak l\u00e9trehoz\u00e1s\u00e1nak folyamat\u00e1t technikai ismeretek n\u00e9lk\u00fcl.<\/p>\n\n\n\n<p><strong>Szabad\u00fasz\u00f3 szolg\u00e1ltat\u00e1sok:<\/strong> A Fiverr \u00e9s a Workana tov\u00e1bbra is lehet\u0151s\u00e9get k\u00edn\u00e1l azonnali professzion\u00e1lis szolg\u00e1ltat\u00e1sok ny\u00fajt\u00e1s\u00e1ra.<\/p>\n\n\n\n<p><strong>Tartalomk\u00e9sz\u00edt\u00e9s:<\/strong> A Canva \u00e9s a CapCut demokratiz\u00e1lta a tervez\u00e9st \u00e9s a vide\u00f3szerkeszt\u00e9st.<\/p>\n\n\n\n<p><strong>Kezel\u00e9s \u00e9s automatiz\u00e1l\u00e1s:<\/strong> A Notion, a Trello \u00e9s az Airtable lehet\u0151v\u00e9 teszi a projektek, a p\u00e9nz\u00fcgyek \u00e9s a c\u00e9lok egy helyr\u0151l t\u00f6rt\u00e9n\u0151 kezel\u00e9s\u00e9t.<\/p>\n\n\n\n<p>Az eszk\u00f6z\u00f6k alkalmaz\u00e1sa nem azt jelenti, hogy mindegyiket haszn\u00e1ljuk, hanem azt, hogy azokat v\u00e1lasztjuk ki, amelyek konkr\u00e9t ig\u00e9nyeket el\u00e9g\u00edtenek ki.<\/p>\n\n\n\n<p>Egy j\u00f3 digit\u00e1lis strat\u00e9gia az egyszer\u0171s\u00e9get az \u00e1lland\u00f3s\u00e1ggal \u00f6tv\u00f6zi.<\/p>\n\n\n\n<h2 class=\"wp-block-heading\"><strong>Gyakori hib\u00e1k \u00e9s hogyan ker\u00fclj\u00fck el \u0151ket<\/strong><\/h2>\n\n\n\n<p>Sok digit\u00e1lis v\u00e1llalkoz\u00f3 h\u00e1rom f\u0151 okb\u00f3l adja fel: a f\u00f3kusz hi\u00e1nya, a kudarct\u00f3l val\u00f3 f\u00e9lelem \u00e9s az \u00e1lland\u00f3 \u00f6sszehasonl\u00edtgat\u00e1s.<\/p>\n\n\n\n<p><strong>F\u00f3kusz hi\u00e1nya:<\/strong> Ha t\u00fal sok \u00f6tletet pr\u00f3b\u00e1lunk egyszerre megragadni, az sz\u00e9tsz\u00f3rja az energi\u00e1t.<\/p>\n\n\n\n<p>A legjobb egyszerre egy projektet valid\u00e1lni.<\/p>\n\n\n\n<p><strong>A kudarct\u00f3l val\u00f3 f\u00e9lelem:<\/strong> A legnagyobb hiba nem a kudarc, hanem a m\u00e9r\u00e9s elmulaszt\u00e1sa.<\/p>\n\n\n\n<p>A metrik\u00e1k seg\u00edtenek a motiv\u00e1ci\u00f3 elveszt\u00e9se n\u00e9lk\u00fcl korrig\u00e1lni a helyzetet.<\/p>\n\n\n\n<p><strong>T\u00falzott \u00f6sszehasonl\u00edt\u00e1s:<\/strong> Minden v\u00e1llalkoz\u00e1snak megvan a saj\u00e1t ritmusa.<\/p>\n\n\n\n<p>M\u00e1sok l\u00e1that\u00f3s\u00e1ga nem t\u00fckr\u00f6zi a bels\u0151 folyamataikat.<\/p>\n\n\n\n<p>Egy hasznos anal\u00f3gia, ha a digit\u00e1lis v\u00e1llalkoz\u00e1st \u00fagy k\u00e9pzelj\u00fck el, mint egy\u2026 <strong>k\u00e1v\u00e9\u00fcltetv\u00e9ny<\/strong>Nem sz\u00e1m\u00edt, h\u00e1ny mag van, ha a talajt nem gondozz\u00e1k.<\/p>\n\n\n\n<p>A n\u00f6veked\u00e9s val\u00f3di forr\u00e1sai a k\u00f6vetkezetess\u00e9g \u00e9s a piaci k\u00f6rnyezethez val\u00f3 alkalmazkod\u00e1s.<\/p>\n\n\n\n<h2 class=\"wp-block-heading\"><strong>A c\u00e9ltudatoss\u00e1g \u00e9s a k\u00f6z\u00f6ss\u00e9g fontoss\u00e1ga<\/strong><\/h2>\n\n\n\n<p>2025-ben a fogyaszt\u00f3k nagyra \u00e9rt\u00e9kelik a hiteless\u00e9get \u00e9s az emberi kapcsolatokat.<\/p>\n\n\n\n<p>A sikeres projektek nem csak eladhat\u00f3k, <strong>K\u00f6z\u00f6ss\u00e9geket \u00e9p\u00edtenek<\/strong>.<\/p>\n\n\n\n<p>A c\u00e9lt nem kital\u00e1lj\u00e1k, hanem a hat\u00e1s r\u00e9v\u00e9n fedezik fel.<\/p>\n\n\n\n<p>Egy szil\u00e1rd digit\u00e1lis v\u00e1llalkoz\u00e1s a k\u00f6vetkez\u0151k megv\u00e1laszol\u00e1s\u00e1n alapul: <em>Mi\u00e9rt b\u00edzna meg bennem b\u00e1rki is?<\/em><\/p>\n\n\n\n<p>Egy szem\u00e9lyes m\u00e1rka vagy c\u00e9ltudatos v\u00e1llalkoz\u00e1s l\u00e9trehoz\u00e1sa \u00e1tl\u00e1that\u00f3s\u00e1got, k\u00f6vetkezetess\u00e9get \u00e9s a folyamatos tanul\u00e1s ir\u00e1nti elk\u00f6telezetts\u00e9get ig\u00e9nyel.<\/p>\n\n\n\n<p>J\u00f3l p\u00e9ld\u00e1zz\u00e1k ezt a mikrov\u00e1llalkoz\u00e1sok, amelyek \u00f6tv\u00f6zik a fenntarthat\u00f3s\u00e1got, az oktat\u00e1st \u00e9s a technol\u00f3gi\u00e1t, val\u00f3di \u00e9rt\u00e9ket teremtve az azonnali profiton t\u00fal.<\/p>\n\n\n\n<h2 class=\"wp-block-heading\"><strong>Eredm\u00e9nyek m\u00e9r\u00e9se \u00e9s kiterjeszt\u00e9se 2025-re<\/strong><\/h2>\n\n\n\n<p>M\u00e9r\u00e9s n\u00e9lk\u00fcl nincs n\u00f6veked\u00e9s. A jelenlegi helyzetben a legfontosabb mutat\u00f3k a k\u00f6vetkez\u0151k:<\/p>\n\n\n\n<p><strong>CAC (\u00fcgyf\u00e9lszerz\u00e9si k\u00f6lts\u00e9g):<\/strong> Mennyibe ker\u00fcl egy \u00faj \u00fcgyf\u00e9l vonz\u00e1sa?<\/p>\n\n\n\n<p><strong>LTV (\u00fcgyf\u00e9l \u00e9letciklusra vet\u00edtett \u00e9rt\u00e9ke):<\/strong> mennyi bev\u00e9telt gener\u00e1l egy \u00fcgyf\u00e9l a v\u00e1llalkoz\u00e1ssal val\u00f3 kapcsolata sor\u00e1n.<\/p>\n\n\n\n<p><strong>Megtart\u00e1si ar\u00e1ny:<\/strong> a lojalit\u00e1s \u00e9s az el\u00e9gedetts\u00e9g mutat\u00f3ja.<\/p>\n\n\n\n<p>Az olyan eszk\u00f6z\u00f6k, mint a Google Analytics 4 vagy a Metricool, lehet\u0151v\u00e9 teszik a viselked\u00e9si adatok \u00e9rtelmez\u00e9s\u00e9t \u00e9s a strat\u00e9gi\u00e1k optimaliz\u00e1l\u00e1s\u00e1t.<\/p>\n\n\n\n<p>Az adatvez\u00e9relt d\u00f6nt\u00e9sek jelentik a k\u00fcl\u00f6nbs\u00e9get az improviz\u00e1ci\u00f3 \u00e9s a sk\u00e1l\u00e1z\u00e1s k\u00f6z\u00f6tt.<\/p>\n\n\n\n<h2 class=\"wp-block-heading\"><strong>K\u00f6vetkeztet\u00e9s<\/strong><\/h2>\n\n\n\n<p>Egy digit\u00e1lis v\u00e1llalkoz\u00e1s ind\u00edt\u00e1sa 2025-ben nem a szerencs\u00e9n m\u00falik, hanem azon, hogy meg\u00e9rts\u00fck a v\u00e1ltoz\u00f3 \u00f6kosziszt\u00e9ma szab\u00e1lyait \u00e9s strat\u00e9giailag cselekedj\u00fcnk.<\/p>\n\n\n\n<p><strong>Digit\u00e1lis v\u00e1llalkoz\u00e1s: hogyan kezdj\u00fcnk a null\u00e1r\u00f3l 2025-ben<\/strong> C\u00e9ltudatos \u00e9p\u00edt\u00e9st, tanul\u00e1st \u00e9s kitart\u00e1st jelent.<\/p>\n\n\n\n<p>Mindenki, aki \u00fagy d\u00f6nt, hogy megteszi az els\u0151 l\u00e9p\u00e9st, nemcsak a munkahelyi val\u00f3s\u00e1g\u00e1t alak\u00edtja \u00e1t, hanem a digit\u00e1lis vil\u00e1ghoz val\u00f3 viszonyul\u00e1s\u00e1t is.<\/p>\n\n\n\n<p>A kicsiben kezdeni, de nagyban gondolkodni tov\u00e1bbra is a siker leghat\u00e9konyabb k\u00e9plete.<\/p>\n\n\n\n<p>B\u0151vebben:\u00a0<a href=\"https:\/\/universofamilia.com\/hu\/soft-skills-mas-valoradas-en-2025\/\">Leg\u00e9rt\u00e9kesebb soft skillek 2025-ben<\/a><\/p>\n\n\n\n<h2 class=\"wp-block-heading\"><strong>Gyakran Ism\u00e9telt K\u00e9rd\u00e9sek<\/strong><\/h2>\n\n\n\n<p><strong>1. Mennyi p\u00e9nzre van sz\u00fcks\u00e9gem egy digit\u00e1lis v\u00e1llalkoz\u00e1s elind\u00edt\u00e1s\u00e1hoz?<\/strong><br><\/p>\n\n\n\n<p>A modellt\u0151l f\u00fcgg. Sok projekt kevesebb mint 100 doll\u00e1rb\u00f3l indul, ingyenes vagy olcs\u00f3 eszk\u00f6z\u00f6ket haszn\u00e1lva.<\/p>\n\n\n\n<p>A l\u00e9nyeg, hogy el\u0151sz\u00f6r a k\u00e9pz\u00e9sbe fektess\u00fcnk be.<\/p>\n\n\n\n<p><strong>2. Mi a leggyakoribb hiba a kezd\u00e9skor?<\/strong><br><\/p>\n\n\n\n<p>Az \u00f6tlet valid\u00e1l\u00e1s\u00e1nak elmulaszt\u00e1sa id\u0151 vagy p\u00e9nz befektet\u00e9se el\u0151tt.<\/p>\n\n\n\n<p>Teszteld a javaslatodat k\u00f6z\u00f6ss\u00e9gi oldalakon vagy k\u00f6z\u00f6ss\u00e9gekben, miel\u0151tt hivatalosan is k\u00f6zz\u00e9tenn\u00e9d.<\/p>\n\n\n\n<p><strong>3. Mely piaci r\u00e9sek \u00edg\u00e9retesek 2025-ben?<\/strong><br><\/p>\n\n\n\n<p>A digit\u00e1lis oktat\u00e1s, a holisztikus j\u00f3ll\u00e9t, az alkalmazott mesters\u00e9ges intelligencia, a fenntarthat\u00f3 term\u00e9kek \u00e9s a szem\u00e9lyre szabott szolg\u00e1ltat\u00e1sok a legj\u00f6vedelmez\u0151bbek k\u00f6z\u00e9 tartoznak.<\/p>\n\n\n\n<p><strong>4. Meg lehet-e \u00e9lni egy egy\u00e9ni digit\u00e1lis v\u00e1llalkoz\u00e1sb\u00f3l?<\/strong><br><\/p>\n\n\n\n<p>Igen, de fegyelmet, folyamatos friss\u00edt\u00e9st \u00e9s j\u00f6vedelemdiverzifik\u00e1ci\u00f3s strat\u00e9gi\u00e1kat (szolg\u00e1ltat\u00e1sok, tags\u00e1gok vagy digit\u00e1lis term\u00e9kek) ig\u00e9nyel.<\/p>\n\n\n\n<p><strong>5. Mennyi id\u0151 alatt l\u00e1that\u00f3 eredm\u00e9ny?<\/strong><br><\/p>\n\n\n\n<p>\u00c1ltal\u00e1ban h\u00e1rom-hat h\u00f3napba telik, mire egy \u00f6tlet valid\u00e1l\u00f3dik \u00e9s meg\u00e9rkezik az els\u0151 \u00e1lland\u00f3 bev\u00e9tel, az er\u0151fesz\u00edt\u00e9st\u0151l \u00e9s a k\u00f6vetkezetess\u00e9gt\u0151l f\u00fcgg\u0151en.<\/p>","protected":false},"excerpt":{"rendered":"<p>Comenzar un emprendimiento digital: c\u00f3mo empezar desde cero en 2025 ya no es un sue\u00f1o reservado para expertos en tecnolog\u00eda o grandes inversionistas. Hoy, cualquier persona con una idea s\u00f3lida, conexi\u00f3n a internet y deseo de aprender puede construir un proyecto rentable desde la sala de su casa. Pero \u00bfpor d\u00f3nde se empieza realmente cuando [&hellip;]<\/p>","protected":false},"author":219,"featured_media":10236,"comment_status":"closed","ping_status":"open","sticky":false,"template":"","format":"standard","meta":{"footnotes":""},"categories":[5],"tags":[],"yoast_head":"<!-- This site is optimized with the Yoast SEO plugin v23.3 - https:\/\/yoast.com\/wordpress\/plugins\/seo\/ -->\n<title>Emprendimiento digital: c\u00f3mo empezar desde cero en 2025 - Universo Fam\u00edlia<\/title>\n<meta name=\"description\" content=\"Comenzar un emprendimiento digital: c\u00f3mo empezar desde cero en 2025 ya no es un sue\u00f1o reservado para expertos en tecnolog\u00eda o grandes...\" \/>\n<meta name=\"robots\" content=\"index, follow, max-snippet:-1, max-image-preview:large, max-video-preview:-1\" \/>\n<link rel=\"canonical\" href=\"https:\/\/universofamilia.com\/hu\/emprendimiento-digital-como-empezar-desde-cero-en-2025\/\" \/>\n<meta property=\"og:locale\" content=\"hu_HU\" \/>\n<meta property=\"og:type\" content=\"article\" \/>\n<meta property=\"og:title\" content=\"Emprendimiento digital: c\u00f3mo empezar desde cero en 2025 - Universo Fam\u00edlia\" \/>\n<meta property=\"og:description\" content=\"Comenzar un emprendimiento digital: c\u00f3mo empezar desde cero en 2025 ya no es un sue\u00f1o reservado para expertos en tecnolog\u00eda o grandes...\" \/>\n<meta property=\"og:url\" content=\"https:\/\/universofamilia.com\/hu\/emprendimiento-digital-como-empezar-desde-cero-en-2025\/\" \/>\n<meta property=\"og:site_name\" content=\"Universo Fam\u00edlia\" \/>\n<meta property=\"article:published_time\" content=\"2025-10-30T01:38:27+00:00\" \/>\n<meta property=\"article:modified_time\" content=\"2025-10-30T01:38:32+00:00\" \/>\n<meta property=\"og:image\" content=\"https:\/\/universofamilia.com\/wp-content\/uploads\/sites\/148\/2025\/10\/Destaque-Novo-Universo-31.jpg\" \/>\n\t<meta property=\"og:image:width\" content=\"450\" \/>\n\t<meta property=\"og:image:height\" content=\"250\" \/>\n\t<meta property=\"og:image:type\" content=\"image\/jpeg\" \/>\n<meta name=\"author\" content=\"Matheus Sangaletti\" \/>\n<meta name=\"twitter:card\" content=\"summary_large_image\" \/>\n<meta name=\"twitter:label1\" content=\"Written by\" \/>\n\t<meta name=\"twitter:data1\" content=\"Matheus Sangaletti\" \/>\n\t<meta name=\"twitter:label2\" content=\"Est. reading time\" \/>\n\t<meta name=\"twitter:data2\" content=\"8 perc\" \/>\n<script type=\"application\/ld+json\" class=\"yoast-schema-graph\">{\"@context\":\"https:\/\/schema.org\",\"@graph\":[{\"@type\":\"WebPage\",\"@id\":\"https:\/\/universofamilia.com\/nl\/emprendimiento-digital-como-empezar-desde-cero-en-2025\/\",\"url\":\"https:\/\/universofamilia.com\/nl\/emprendimiento-digital-como-empezar-desde-cero-en-2025\/\",\"name\":\"Emprendimiento digital: c\u00f3mo empezar desde cero en 2025 - Universo Fam\u00edlia\",\"isPartOf\":{\"@id\":\"https:\/\/universofamilia.com\/el\/#website\"},\"primaryImageOfPage\":{\"@id\":\"https:\/\/universofamilia.com\/nl\/emprendimiento-digital-como-empezar-desde-cero-en-2025\/#primaryimage\"},\"image\":{\"@id\":\"https:\/\/universofamilia.com\/nl\/emprendimiento-digital-como-empezar-desde-cero-en-2025\/#primaryimage\"},\"thumbnailUrl\":\"https:\/\/universofamilia.com\/wp-content\/uploads\/sites\/148\/2025\/10\/Destaque-Novo-Universo-31.jpg\",\"datePublished\":\"2025-10-30T01:38:27+00:00\",\"dateModified\":\"2025-10-30T01:38:32+00:00\",\"author\":{\"@id\":\"https:\/\/universofamilia.com\/el\/#\/schema\/person\/92fcd07e9b1f4323bf74f3170fc0f78a\"},\"description\":\"Comenzar un emprendimiento digital: c\u00f3mo empezar desde cero en 2025 ya no es un sue\u00f1o reservado para expertos en tecnolog\u00eda o grandes...\",\"breadcrumb\":{\"@id\":\"https:\/\/universofamilia.com\/nl\/emprendimiento-digital-como-empezar-desde-cero-en-2025\/#breadcrumb\"},\"inLanguage\":\"hu\",\"potentialAction\":[{\"@type\":\"ReadAction\",\"target\":[\"https:\/\/universofamilia.com\/nl\/emprendimiento-digital-como-empezar-desde-cero-en-2025\/\"]}]},{\"@type\":\"ImageObject\",\"inLanguage\":\"hu\",\"@id\":\"https:\/\/universofamilia.com\/nl\/emprendimiento-digital-como-empezar-desde-cero-en-2025\/#primaryimage\",\"url\":\"https:\/\/universofamilia.com\/wp-content\/uploads\/sites\/148\/2025\/10\/Destaque-Novo-Universo-31.jpg\",\"contentUrl\":\"https:\/\/universofamilia.com\/wp-content\/uploads\/sites\/148\/2025\/10\/Destaque-Novo-Universo-31.jpg\",\"width\":450,\"height\":250},{\"@type\":\"BreadcrumbList\",\"@id\":\"https:\/\/universofamilia.com\/nl\/emprendimiento-digital-como-empezar-desde-cero-en-2025\/#breadcrumb\",\"itemListElement\":[{\"@type\":\"ListItem\",\"position\":1,\"name\":\"Home\",\"item\":\"https:\/\/universofamilia.com\/el\/\"},{\"@type\":\"ListItem\",\"position\":2,\"name\":\"Emprendimiento digital: c\u00f3mo empezar desde cero en 2025\"}]},{\"@type\":\"WebSite\",\"@id\":\"https:\/\/universofamilia.com\/el\/#website\",\"url\":\"https:\/\/universofamilia.com\/el\/\",\"name\":\"Universo Fam\u00edlia\",\"description\":\"\",\"potentialAction\":[{\"@type\":\"SearchAction\",\"target\":{\"@type\":\"EntryPoint\",\"urlTemplate\":\"https:\/\/universofamilia.com\/el\/?s={search_term_string}\"},\"query-input\":\"required name=search_term_string\"}],\"inLanguage\":\"hu\"},{\"@type\":\"Person\",\"@id\":\"https:\/\/universofamilia.com\/el\/#\/schema\/person\/92fcd07e9b1f4323bf74f3170fc0f78a\",\"name\":\"Matheus Sangaletti\",\"image\":{\"@type\":\"ImageObject\",\"inLanguage\":\"hu\",\"@id\":\"https:\/\/universofamilia.com\/el\/#\/schema\/person\/image\/\",\"url\":\"https:\/\/secure.gravatar.com\/avatar\/280ea957a14a48e6a1ad2133d2cc27c9?s=96&d=mm&r=g\",\"contentUrl\":\"https:\/\/secure.gravatar.com\/avatar\/280ea957a14a48e6a1ad2133d2cc27c9?s=96&d=mm&r=g\",\"caption\":\"Matheus Sangaletti\"},\"url\":\"https:\/\/universofamilia.com\/hu\/author\/matheuss\/\"}]}<\/script>\n<!-- \/ Yoast SEO plugin. -->","yoast_head_json":{"title":"Emprendimiento digital: c\u00f3mo empezar desde cero en 2025 - Universo Fam\u00edlia","description":"Comenzar un emprendimiento digital: c\u00f3mo empezar desde cero en 2025 ya no es un sue\u00f1o reservado para expertos en tecnolog\u00eda o grandes...","robots":{"index":"index","follow":"follow","max-snippet":"max-snippet:-1","max-image-preview":"max-image-preview:large","max-video-preview":"max-video-preview:-1"},"canonical":"https:\/\/universofamilia.com\/hu\/emprendimiento-digital-como-empezar-desde-cero-en-2025\/","og_locale":"hu_HU","og_type":"article","og_title":"Emprendimiento digital: c\u00f3mo empezar desde cero en 2025 - Universo Fam\u00edlia","og_description":"Comenzar un emprendimiento digital: c\u00f3mo empezar desde cero en 2025 ya no es un sue\u00f1o reservado para expertos en tecnolog\u00eda o grandes...","og_url":"https:\/\/universofamilia.com\/hu\/emprendimiento-digital-como-empezar-desde-cero-en-2025\/","og_site_name":"Universo Fam\u00edlia","article_published_time":"2025-10-30T01:38:27+00:00","article_modified_time":"2025-10-30T01:38:32+00:00","og_image":[{"width":450,"height":250,"url":"https:\/\/universofamilia.com\/wp-content\/uploads\/sites\/148\/2025\/10\/Destaque-Novo-Universo-31.jpg","type":"image\/jpeg"}],"author":"Matheus Sangaletti","twitter_card":"summary_large_image","twitter_misc":{"Written by":"Matheus Sangaletti","Est. reading time":"8 perc"},"schema":{"@context":"https:\/\/schema.org","@graph":[{"@type":"WebPage","@id":"https:\/\/universofamilia.com\/nl\/emprendimiento-digital-como-empezar-desde-cero-en-2025\/","url":"https:\/\/universofamilia.com\/nl\/emprendimiento-digital-como-empezar-desde-cero-en-2025\/","name":"Emprendimiento digital: c\u00f3mo empezar desde cero en 2025 - Universo Fam\u00edlia","isPartOf":{"@id":"https:\/\/universofamilia.com\/el\/#website"},"primaryImageOfPage":{"@id":"https:\/\/universofamilia.com\/nl\/emprendimiento-digital-como-empezar-desde-cero-en-2025\/#primaryimage"},"image":{"@id":"https:\/\/universofamilia.com\/nl\/emprendimiento-digital-como-empezar-desde-cero-en-2025\/#primaryimage"},"thumbnailUrl":"https:\/\/universofamilia.com\/wp-content\/uploads\/sites\/148\/2025\/10\/Destaque-Novo-Universo-31.jpg","datePublished":"2025-10-30T01:38:27+00:00","dateModified":"2025-10-30T01:38:32+00:00","author":{"@id":"https:\/\/universofamilia.com\/el\/#\/schema\/person\/92fcd07e9b1f4323bf74f3170fc0f78a"},"description":"Comenzar un emprendimiento digital: c\u00f3mo empezar desde cero en 2025 ya no es un sue\u00f1o reservado para expertos en tecnolog\u00eda o grandes...","breadcrumb":{"@id":"https:\/\/universofamilia.com\/nl\/emprendimiento-digital-como-empezar-desde-cero-en-2025\/#breadcrumb"},"inLanguage":"hu","potentialAction":[{"@type":"ReadAction","target":["https:\/\/universofamilia.com\/nl\/emprendimiento-digital-como-empezar-desde-cero-en-2025\/"]}]},{"@type":"ImageObject","inLanguage":"hu","@id":"https:\/\/universofamilia.com\/nl\/emprendimiento-digital-como-empezar-desde-cero-en-2025\/#primaryimage","url":"https:\/\/universofamilia.com\/wp-content\/uploads\/sites\/148\/2025\/10\/Destaque-Novo-Universo-31.jpg","contentUrl":"https:\/\/universofamilia.com\/wp-content\/uploads\/sites\/148\/2025\/10\/Destaque-Novo-Universo-31.jpg","width":450,"height":250},{"@type":"BreadcrumbList","@id":"https:\/\/universofamilia.com\/nl\/emprendimiento-digital-como-empezar-desde-cero-en-2025\/#breadcrumb","itemListElement":[{"@type":"ListItem","position":1,"name":"Home","item":"https:\/\/universofamilia.com\/el\/"},{"@type":"ListItem","position":2,"name":"Emprendimiento digital: c\u00f3mo empezar desde cero en 2025"}]},{"@type":"WebSite","@id":"https:\/\/universofamilia.com\/el\/#website","url":"https:\/\/universofamilia.com\/el\/","name":"Universo Fam\u00edlia","description":"","potentialAction":[{"@type":"SearchAction","target":{"@type":"EntryPoint","urlTemplate":"https:\/\/universofamilia.com\/el\/?s={search_term_string}"},"query-input":"required name=search_term_string"}],"inLanguage":"hu"},{"@type":"Person","@id":"https:\/\/universofamilia.com\/el\/#\/schema\/person\/92fcd07e9b1f4323bf74f3170fc0f78a","name":"Matheus Sangaletti","image":{"@type":"ImageObject","inLanguage":"hu","@id":"https:\/\/universofamilia.com\/el\/#\/schema\/person\/image\/","url":"https:\/\/secure.gravatar.com\/avatar\/280ea957a14a48e6a1ad2133d2cc27c9?s=96&d=mm&r=g","contentUrl":"https:\/\/secure.gravatar.com\/avatar\/280ea957a14a48e6a1ad2133d2cc27c9?s=96&d=mm&r=g","caption":"Matheus Sangaletti"},"url":"https:\/\/universofamilia.com\/hu\/author\/matheuss\/"}]}},"_links":{"self":[{"href":"https:\/\/universofamilia.com\/hu\/wp-json\/wp\/v2\/posts\/10235"}],"collection":[{"href":"https:\/\/universofamilia.com\/hu\/wp-json\/wp\/v2\/posts"}],"about":[{"href":"https:\/\/universofamilia.com\/hu\/wp-json\/wp\/v2\/types\/post"}],"author":[{"embeddable":true,"href":"https:\/\/universofamilia.com\/hu\/wp-json\/wp\/v2\/users\/219"}],"replies":[{"embeddable":true,"href":"https:\/\/universofamilia.com\/hu\/wp-json\/wp\/v2\/comments?post=10235"}],"version-history":[{"count":1,"href":"https:\/\/universofamilia.com\/hu\/wp-json\/wp\/v2\/posts\/10235\/revisions"}],"predecessor-version":[{"id":10239,"href":"https:\/\/universofamilia.com\/hu\/wp-json\/wp\/v2\/posts\/10235\/revisions\/10239"}],"wp:featuredmedia":[{"embeddable":true,"href":"https:\/\/universofamilia.com\/hu\/wp-json\/wp\/v2\/media\/10236"}],"wp:attachment":[{"href":"https:\/\/universofamilia.com\/hu\/wp-json\/wp\/v2\/media?parent=10235"}],"wp:term":[{"taxonomy":"category","embeddable":true,"href":"https:\/\/universofamilia.com\/hu\/wp-json\/wp\/v2\/categories?post=10235"},{"taxonomy":"post_tag","embeddable":true,"href":"https:\/\/universofamilia.com\/hu\/wp-json\/wp\/v2\/tags?post=10235"}],"curies":[{"name":"wp","href":"https:\/\/api.w.org\/{rel}","templated":true}]}}