{"id":10351,"date":"2025-11-17T21:17:16","date_gmt":"2025-11-18T00:17:16","guid":{"rendered":"https:\/\/universofamilia.com\/?p=10351"},"modified":"2025-11-17T21:17:19","modified_gmt":"2025-11-18T00:17:19","slug":"certificaciones-de-sostenibilidad-que-impulsan-tu-carrera","status":"publish","type":"post","link":"https:\/\/universofamilia.com\/hu\/certificaciones-de-sostenibilidad-que-impulsan-tu-carrera\/","title":{"rendered":"Fenntarthat\u00f3s\u00e1gi tan\u00fas\u00edtv\u00e1nyok, amelyek fellend\u00edtik karrierj\u00e9t"},"content":{"rendered":"<p class=\"has-text-align-center\">Kezdje ezzel <strong>Fenntarthat\u00f3s\u00e1gi tan\u00fas\u00edtv\u00e1nyok, amelyek fellend\u00edtik karrierj\u00e9t<\/strong> Jav\u00edtsa poz\u00edci\u00f3j\u00e1t, \u00e9s magyar\u00e1zza el, mi\u00e9rt kulcsfontoss\u00e1g\u00faak ezek a k\u00e9pes\u00edt\u00e9sek a karrierel\u0151menetelhez.<\/p>\n\n\n\n<figure class=\"wp-block-gallery aligncenter has-nested-images columns-default is-cropped wp-block-gallery-1 is-layout-flex wp-block-gallery-is-layout-flex\">\n<figure class=\"wp-block-image size-full\"><img loading=\"lazy\" decoding=\"async\" width=\"450\" height=\"250\" data-id=\"10353\" src=\"https:\/\/universofamilia.com\/wp-content\/uploads\/sites\/148\/2025\/11\/Destaque-Novo-Universo-2-2.jpg\" alt=\"\" class=\"wp-image-10353\" srcset=\"https:\/\/universofamilia.com\/wp-content\/uploads\/sites\/148\/2025\/11\/Destaque-Novo-Universo-2-2.jpg 450w, https:\/\/universofamilia.com\/wp-content\/uploads\/sites\/148\/2025\/11\/Destaque-Novo-Universo-2-2-300x167.jpg 300w, https:\/\/universofamilia.com\/wp-content\/uploads\/sites\/148\/2025\/11\/Destaque-Novo-Universo-2-2-18x10.jpg 18w\" sizes=\"(max-width: 450px) 100vw, 450px\" \/><figcaption class=\"wp-element-caption\">Canva<\/figcaption><\/figure>\n<\/figure>\n\n\n\n<p class=\"has-text-align-center\">Seg\u00edt meg\u00e9rteni a szabv\u00e1nyok elsaj\u00e1t\u00edt\u00e1s\u00e1nak hat\u00e1s\u00e1t is, amelyek befoly\u00e1solj\u00e1k a munkav\u00e1llal\u00e1si d\u00f6nt\u00e9seket \u00e9s az \u00faj lehet\u0151s\u00e9geket.<\/p>\n\n\n\n<p class=\"has-text-align-center\">Itt egy r\u00f6vid \u00f6sszefoglal\u00f3t tal\u00e1l: defin\u00edci\u00f3, a t\u00e9rnyer\u00e9s\u00e9nek okai, el\u0151nyei, friss statisztik\u00e1k, k\u00e9t p\u00e9lda, egy anal\u00f3gia, egy ellen\u0151rz\u00f6tt t\u00e1bl\u00e1zat, egy gyakorlati \u00fatmutat\u00f3 \u00e9s a gyakori k\u00e9rd\u00e9sekre adott v\u00e1laszok.<\/p>\n\n\n\n<h2 class=\"wp-block-heading\">A fenntarthat\u00f3s\u00e1g m\u00e1r nem professzion\u00e1lis kell\u00e9k<\/h2>\n\n\n\n<p>Kevesebb mint egy \u00e9vtized alatt sz\u00e1mos ipar\u00e1g k\u00f6rnyezetv\u00e9delmi, t\u00e1rsadalmi \u00e9s ir\u00e1ny\u00edt\u00e1si szabv\u00e1nyokat vezetett be strat\u00e9giai mutat\u00f3inak r\u00e9sz\u00e9v\u00e9.<\/p>\n\n\n\n<p>T\u00f6bb nemzetk\u00f6zi jelent\u00e9s is meger\u0151s\u00edti ezt a v\u00e1ltoz\u00e1st.<\/p>\n\n\n\n<p>Egy 2024-es Deloitte-tanulm\u00e1ny kimutatta, hogy <strong>A glob\u00e1lis v\u00e1llalatok 75% csoportja n\u00f6velte a fenntarthat\u00f3s\u00e1gi k\u00e9pz\u00e9sben r\u00e9szes\u00fclt profilok felv\u00e9tel\u00e9t.<\/strong>, amelyet az \u00e9ghajlatv\u00e1ltoz\u00e1ssal kapcsolatos szab\u00e1lyoz\u00e1sok, az energetikai \u00e1t\u00e1ll\u00e1s \u00e9s a fogyaszt\u00f3i nyom\u00e1s vez\u00e9rel.<\/p>\n\n\n\n<p>Ahogy ezek a k\u00f6telezetts\u00e9gek b\u0151v\u00fclnek, \u00fagy n\u0151 a munkaer\u0151 ir\u00e1nti kereslet. Nem \u00e9ri meg megel\u0151zni a v\u00e1ltoz\u00e1sokat?<\/p>\n\n\n\n<p>A j\u00f3 h\u00edr\u0171 int\u00e9zm\u00e9nyekt\u0151l sz\u00e1rmaz\u00f3 tan\u00fas\u00edtv\u00e1nyok egyfajta \u201eszakmai \u00fatlev\u00e9ll\u00e9\u201d v\u00e1lnak, amely igazolja a tud\u00e1st \u00e9s a felel\u0151s gyakorlatot, f\u00fcggetlen\u00fcl att\u00f3l, hogy m\u00e9rn\u00f6ki, kommunik\u00e1ci\u00f3s, jogi, adminisztr\u00e1ci\u00f3s vagy technol\u00f3giai ter\u00fcleten dolgozik valaki.<\/p>\n\n\n\n<h2 class=\"wp-block-heading\">Mi\u00e9rt v\u00e1ltak elengedhetetlenn\u00e9 a tan\u00fas\u00edtv\u00e1nyok Mexik\u00f3ban<\/h2>\n\n\n\n<p>Mexik\u00f3 m\u00e9lyrehat\u00f3 k\u00f6rnyezetv\u00e9delmi \u00e9s v\u00e1llalati keretrendszer-meg\u00faj\u00edt\u00e1son megy kereszt\u00fcl.<\/p>\n\n\n\n<p>A P\u00e1rizsi Meg\u00e1llapod\u00e1ssal \u00f6sszhangban l\u00e9v\u0151 szab\u00e1lyoz\u00e1sok hat\u00e1lybal\u00e9p\u00e9se, a p\u00e9nz\u00fcgyi piacokon \u00e9rv\u00e9nyes \u00faj ESG-k\u00f6vetelm\u00e9nyek \u00e9s a nearshoring nyom\u00e1sa arra \u00f6szt\u00f6nzi a v\u00e1llalatokat, hogy val\u00f3di megfelel\u00e9st tan\u00fas\u00edtsanak.<\/p>\n\n\n\n<p>Ezzel p\u00e1rhuzamosan olyan \u00e1gazatok, mint az energia, a gy\u00e1rt\u00e1s, az \u00e9p\u00edt\u0151ipar, a mez\u0151gazdas\u00e1g, a turizmus \u00e9s a technol\u00f3gia elkezdt\u00e9k integr\u00e1lni azokat a szakembereket, akik mindent \u00e9rtenek a k\u00f6rforg\u00e1sos gazdas\u00e1gt\u00f3l a sz\u00e9nl\u00e1bnyomm\u00e9r\u00e9sig.<\/p>\n\n\n\n<p>Emiatt azok, akik befektetnek a tan\u00fas\u00edtv\u00e1nyokba, gyorsabban fejl\u0151dnek.<\/p>\n\n\n\n<p>Tov\u00e1bbi el\u0151ny a mobilit\u00e1s:<\/p>\n\n\n\n<p>Nemzetk\u00f6zileg elismert k\u00e9pes\u00edt\u00e9ssel a mexik\u00f3i tehets\u00e9gek egyenl\u0151 felt\u00e9telekkel versenyezhetnek a kibocs\u00e1t\u00e1scs\u00f6kkent\u00e9s, a k\u00f6rnyezetv\u00e9delmi audit, az energiahat\u00e9konys\u00e1g vagy a v\u00e1llalati fenntarthat\u00f3s\u00e1g glob\u00e1lis projektjeiben.<\/p>\n\n\n\n<h2 class=\"wp-block-heading\">Mit hoznak ezek a k\u00e9pes\u00edt\u00e9sek a karrieredbe?<\/h2>\n\n\n\n<p>Az \u00e9rt\u00e9k h\u00e1rom f\u0151 t\u00e9nyez\u0151b\u0151l ad\u00f3dik:<\/p>\n\n\n\n<p><strong>Ellen\u0151rizhet\u0151 \u00e9rv\u00e9nyess\u00e9g<\/strong>M\u0171szaki szak\u00e9rtelm\u00fcket v\u00e1llalatok, tan\u00e1csad\u00f3 c\u00e9gek, szervezetek \u00e9s korm\u00e1nyok el\u0151tt mutatj\u00e1k be.<\/p>\n\n\n\n<p><strong>\u00c1lland\u00f3 friss\u00edt\u00e9sek<\/strong>Sokan id\u0151szakos meg\u00faj\u00edt\u00e1st is tartalmaznak, ami naprak\u00e9szen tart\u00e1st ig\u00e9nyel.<\/p>\n\n\n\n<p><strong>Nemzetk\u00f6zi elismer\u00e9s<\/strong>Lehet\u0151v\u00e9 teszi a hat\u00e1rokon \u00e1tny\u00fal\u00f3 projektekben val\u00f3 r\u00e9szv\u00e9telt, ami kulcsfontoss\u00e1g\u00fa el\u0151ny az egyre ink\u00e1bb \u00f6sszekapcsol\u00f3d\u00f3 piacon.<\/p>\n\n\n\n<p>M\u00e9g ha m\u00e1r van egyetemi v\u00e9gzetts\u00e9ged, ezek a k\u00e9pes\u00edt\u00e9sek a profilod &quot;multiplik\u00e1torak\u00e9nt&quot; m\u0171k\u00f6dnek, k\u00fcl\u00f6n\u00f6sen azokban az ipar\u00e1gakban, ahol a szab\u00e1lyoz\u00e1si v\u00e1ltoz\u00e1sok gyors \u00fctemben zajlanak.<\/p>\n\n\n\n<h2 class=\"wp-block-heading\">Egy anal\u00f3gia a hat\u00e1s meg\u00e9rt\u00e9s\u00e9hez<\/h2>\n\n\n\n<p>K\u00e9pzelj el valakit, aki t\u00f6k\u00e9letesen tud vezetni, de soha nem volt jogos\u00edtv\u00e1nya.<\/p>\n\n\n\n<p>Lehet, hogy rendelkezik a k\u00e9pess\u00e9ggel, de hi\u00e1nyzik egy hivatalos dokumentum, ami feljogos\u00edtan\u00e1 \u0151t a korl\u00e1toz\u00e1sok n\u00e9lk\u00fcli mozg\u00e1sra.<\/p>\n\n\n\n<p>A tan\u00fas\u00edtv\u00e1nyok ugyanezt a szerepet j\u00e1tszj\u00e1k a fenntarthat\u00f3s\u00e1gban: lehet\u0151v\u00e9 teszik, hogy professzion\u00e1lisan \u00e9s magabiztosan m\u0171k\u00f6dj\u00f6n, megel\u0151zve b\u00e1rmely szervezetet.<\/p>\n\n\n\n<h2 class=\"wp-block-heading\">Elismert k\u00e9pes\u00edt\u00e9sek \u00e9s azok hat\u00e1sa a foglalkoztat\u00e1sra<\/h2>\n\n\n\n<p>Az \u00f6kosziszt\u00e9ma sz\u00e9lesk\u00f6r\u0171, b\u00e1r egyes k\u00e9pes\u00edt\u00e9sek kiemelkednek er\u0151ss\u00e9g\u00fckkel, tudom\u00e1nyos ig\u00e9nyess\u00e9g\u00fckkel \u00e9s nemzetk\u00f6zi jelenl\u00e9t\u00fckkel. Ezek a ma legink\u00e1bb \u00e9rt\u00e9kelt int\u00e9zm\u00e9nyek:<\/p>\n\n\n\n<h3 class=\"wp-block-heading\">1. LEED Szakmai Min\u0151s\u00edt\u00e9sek (Z\u00f6ld \u00c9p\u00fclet Tan\u00fas\u00edt\u00f3 Int\u00e9zet)<\/h3>\n\n\n\n<p>LEED min\u0151s\u00edt\u00e9sek, p\u00e9ld\u00e1ul <strong>LEED Z\u00f6ld T\u00e1rsult<\/strong> \u00e9s <strong>LEED AP<\/strong>Alapvet\u0151 fontoss\u00e1g\u00faak azok sz\u00e1m\u00e1ra, akik az \u00e9p\u00edt\u0151iparban, a tervez\u00e9sben, az \u00e9p\u00edt\u00e9szetben \u00e9s az \u00e9p\u00fclet\u00fczemeltet\u00e9sben dolgoznak.<\/p>\n\n\n\n<p>Az energiahat\u00e9konys\u00e1gra, a felel\u0151s v\u00edzhaszn\u00e1latra, a fenntarthat\u00f3 anyagokra \u00e9s az \u00e9p\u00fcletek k\u00f6rnyezeti hat\u00e1s\u00e1nak cs\u00f6kkent\u00e9s\u00e9re ir\u00e1nyul\u00f3 strat\u00e9gi\u00e1kra \u00f6sszpontos\u00edtanak.<\/p>\n\n\n\n<p>A min\u0151s\u00edtett szakemberek \u00e1llami \u00e9s mag\u00e1n infrastruktur\u00e1lis projektekben vesznek r\u00e9szt, amelyek gyakran k\u00fclf\u00f6ldi befektet\u00e9sekhez kapcsol\u00f3dnak, nagyszab\u00e1s\u00fa lehet\u0151s\u00e9geket teremtve a mexik\u00f3i v\u00e1rosokban.<\/p>\n\n\n\n<h3 class=\"wp-block-heading\">2. GRI Szakmai Tan\u00fas\u00edt\u00f3 Program (Glob\u00e1lis Jelent\u00e9st\u00e9teli Kezdem\u00e9nyez\u00e9s)<\/h3>\n\n\n\n<p>Egy olyan k\u00f6rnyezetben, ahol az \u00e1tl\u00e1that\u00f3s\u00e1g az \u00fczleti teljes\u00edtm\u00e9ny r\u00e9sze, a GRI szabv\u00e1nyok elsaj\u00e1t\u00edt\u00e1sa b\u00e1rmely szakembert vonz\u00f3 jel\u00f6ltt\u00e9 tesz a fenntarthat\u00f3s\u00e1g, a v\u00e1llalati felel\u0151ss\u00e9gv\u00e1llal\u00e1s, az audit\u00e1l\u00e1s, a szervezeti kommunik\u00e1ci\u00f3 vagy a p\u00e9nz\u00fcgyek ter\u00fclet\u00e9n.<\/p>\n\n\n\n<p>A nemzetk\u00f6zi piacokon jegyzett mexik\u00f3i v\u00e1llalatok egyre ink\u00e1bb olyan szakemberekhez fordulnak, akik k\u00e9pesek megb\u00edzhat\u00f3 jelent\u00e9seket k\u00e9sz\u00edteni ezek alapj\u00e1n.<\/p>\n\n\n\n<h3 class=\"wp-block-heading\">3. ISSP Fenntarthat\u00f3s\u00e1gi Szakmai Tan\u00fas\u00edtv\u00e1ny<\/h3>\n\n\n\n<p>A Fenntarthat\u00f3s\u00e1gi Szakemberek Nemzetk\u00f6zi T\u00e1rsas\u00e1ga k\u00e9t szintet k\u00edn\u00e1l: <strong>ISSP Fenntarthat\u00f3s\u00e1gi munkat\u00e1rs<\/strong> \u00e9s <strong>ISSP min\u0151s\u00edtett fenntarthat\u00f3s\u00e1gi szakember<\/strong>.<\/p>\n\n\n\n<p>\u00c1ltal\u00e1nos k\u00e9pes\u00edt\u00e9ssel rendelkeznek, de tudom\u00e1nyos alaposs\u00e1ggal rendelkeznek, alkalmasak azok sz\u00e1m\u00e1ra, akik tan\u00e1csad\u00e1s, hat\u00e1selemz\u00e9s, ESG programok vagy a fenntarthat\u00f3s\u00e1g strat\u00e9giai integr\u00e1ci\u00f3ja ter\u00fclet\u00e9n szeretn\u00e9nek dolgozni.<\/p>\n\n\n\n<h3 class=\"wp-block-heading\">4. Energiagazd\u00e1lkod\u00e1si tan\u00fas\u00edtv\u00e1nyok (ISO 50001 \/ ENERGYSTAR)<\/h3>\n\n\n\n<p>Az energiahat\u00e9konys\u00e1g kulcsfontoss\u00e1g\u00fa k\u00f6vetelm\u00e9ny a gy\u00e1rt\u00f3v\u00e1llalatok, sz\u00e1llod\u00e1k, k\u00f3rh\u00e1zak \u00e9s adatk\u00f6zpontok sz\u00e1m\u00e1ra. <\/p>\n\n\n\n<p>Az ISO 50001 szabv\u00e1ny szerinti k\u00e9pz\u00e9s \u00faj lehet\u0151s\u00e9geket nyit az auditok, a fogyaszt\u00e1sgazd\u00e1lkod\u00e1s \u00e9s a folyamatoptimaliz\u00e1l\u00e1s ter\u00e9n, amelyek 2023 \u00f3ta jelent\u0151sen megn\u0151ttek az \u00fczemeltet\u00e9si k\u00f6lts\u00e9gek \u00e9s az \u00e9ghajlati k\u00f6telezetts\u00e9gv\u00e1llal\u00e1sok miatt.<\/p>\n\n\n\n<h2 class=\"wp-block-heading\">\u00d6sszehasonl\u00edt\u00f3 t\u00e1bl\u00e1zat: f\u0151bb fenntarthat\u00f3s\u00e1gi tan\u00fas\u00edtv\u00e1nyok (100% \u00e1ltal ellen\u0151rz\u00f6tt inform\u00e1ci\u00f3k)<\/h2>\n\n\n\n<figure class=\"wp-block-table\"><table><thead><tr><th>Tan\u00fas\u00edtv\u00e1ny<\/th><th>F\u0151 f\u00f3kusz<\/th><th>Felel\u0151s int\u00e9zm\u00e9ny<\/th><th>Nemzetk\u00f6zi preszt\u00edzs<\/th><th>Azok az \u00e1gazatok, ahol a legnagyobb a kereslet r\u00e1<\/th><\/tr><\/thead><tbody><tr><td>LEED (Z\u00f6ld munkat\u00e1rs \/ AP)<\/td><td>Fenntarthat\u00f3 \u00e9p\u00edt\u00e9s \u00e9s energiahat\u00e9konys\u00e1g az \u00e9p\u00fcletekben<\/td><td>Amerikai Z\u00f6ld \u00c9p\u00edt\u00e9si Tan\u00e1cs \/ GBCI<\/td><td>Nagyon magas<\/td><td>\u00c9p\u00edt\u0151ipar, \u00e9p\u00edt\u00e9szet, ingatlan\u00fcgyletek, k\u00f6zmunk\u00e1k<\/td><\/tr><tr><td>GRI Szakmai Tan\u00fas\u00edtv\u00e1ny<\/td><td>Fenntarthat\u00f3s\u00e1gi jelent\u00e9sek \u00e9s ESG-mutat\u00f3k<\/td><td>Glob\u00e1lis Jelent\u00e9st\u00e9teli Kezdem\u00e9nyez\u00e9s<\/td><td>Magas<\/td><td>V\u00e1llalati, p\u00e9nz\u00fcgyi, audit, kommunik\u00e1ci\u00f3<\/td><\/tr><tr><td>ISSP-SA \/ ISSP-CSP<\/td><td>\u00c1tfog\u00f3 fenntarthat\u00f3s\u00e1gi strat\u00e9gi\u00e1k<\/td><td>Nemzetk\u00f6zi Fenntarthat\u00f3s\u00e1gi Szakemberek T\u00e1rsas\u00e1ga<\/td><td>Magas<\/td><td>Tan\u00e1csad\u00e1s, CSR, hat\u00e1selemz\u00e9s<\/td><\/tr><tr><td>ISO 50001 Energiagazd\u00e1lkod\u00e1s<\/td><td>Energiagazd\u00e1lkod\u00e1si rendszerek<\/td><td>Nemzetk\u00f6zi Szabv\u00e1ny\u00fcgyi Szervezet<\/td><td>Magas<\/td><td>Gy\u00e1rt\u00e1s, sz\u00e1ll\u00edtm\u00e1nyoz\u00e1s, eg\u00e9szs\u00e9g\u00fcgy, turizmus, logisztika<\/td><\/tr><\/tbody><\/table><figcaption class=\"wp-element-caption\">Fenntarthat\u00f3s\u00e1gi tan\u00fas\u00edtv\u00e1nyok, amelyek fellend\u00edtik karrierj\u00e9t<\/figcaption><\/figure>\n\n\n\n<h2 class=\"wp-block-heading\">K\u00e9t val\u00f3s p\u00e9lda arra, hogyan lend\u00edtik fel ezek a k\u00e9pes\u00edt\u00e9sek a karriert<\/h2>\n\n\n\n<p><strong>1. p\u00e9lda: \u00c9p\u00edt\u00e9szet \u00e9s kivitelez\u00e9s<\/strong><br>Egy 28 \u00e9ves mexik\u00f3i \u00e9p\u00edt\u00e9szeti tervez\u00e9sre szakosodott szakember 2024-ben szerezte meg a LEED Green Associate tan\u00fas\u00edtv\u00e1nyt.<\/p>\n\n\n\n<p>Kor\u00e1bban csak lak\u00f3\u00e9p\u00fcletek projektjein dolgozott; miut\u00e1n megszerezte a k\u00e9pes\u00edt\u00e9st, nemzetk\u00f6zi szabv\u00e1nyoknak megfelel\u0151 v\u00e1llalati \u00e9p\u00fcletekre vonatkoz\u00f3 p\u00e1ly\u00e1zatokon vett r\u00e9szt, 35% fizet\u00e9semel\u00e9st \u00e9rt el, \u00e9s olyan szerz\u0151d\u00e9sekhez is hozz\u00e1f\u00e9rt, amelyekre kor\u00e1bban nem tudott p\u00e1ly\u00e1zni.<\/p>\n\n\n\n<p><strong>2. p\u00e9lda: V\u00e1llalati tan\u00e1csad\u00e1s<\/strong><br>Egy kock\u00e1zatelemz\u00e9sben tapasztalattal rendelkez\u0151 k\u00f6zgazd\u00e1sz \u00fagy d\u00f6nt\u00f6tt, hogy megszerzi a GRI tan\u00fas\u00edtv\u00e1nyt.<\/p>\n\n\n\n<p>Kevesebb mint egy \u00e9v alatt vezette egy k\u00fclf\u00f6ldi befektet\u00e9seket vonz\u00f3 logisztikai v\u00e1llalat els\u0151 fenntarthat\u00f3s\u00e1gi jelent\u00e9s\u00e9nek kidolgoz\u00e1s\u00e1t.<\/p>\n\n\n\n<p>Tan\u00fas\u00edtv\u00e1nyuk kulcsfontoss\u00e1g\u00fa volt ahhoz, hogy a projekt megfeleljen a nemzetk\u00f6zi befektet\u0151k \u00e1ltal el\u0151\u00edrt \u00e1tvil\u00e1g\u00edt\u00e1si k\u00f6vetelm\u00e9nyeknek.<\/p>\n\n\n\n<h2 class=\"wp-block-heading\">Hogyan v\u00e1lasszuk ki a megfelel\u0151 tan\u00fas\u00edtv\u00e1nyt id\u0151 \u00e9s p\u00e9nz pazarl\u00e1sa n\u00e9lk\u00fcl?<\/h2>\n\n\n\n<p>A megalapozott d\u00f6nt\u00e9s meghozatal\u00e1hoz tan\u00e1csos a k\u00f6vetkez\u0151 krit\u00e9riumokat figyelembe venni:<\/p>\n\n\n\n<p><strong>Szektor, amelyben dolgozni szeretne<\/strong><\/p>\n\n\n\n<p><br>A fenntarthat\u00f3 \u00e9p\u00edt\u00e9s, az energia, a p\u00e9nz\u00fcgy, a mez\u0151gazdas\u00e1g, a tan\u00e1csad\u00e1s vagy az audit\u00e1l\u00e1s m\u00e1s k\u00e9pes\u00edt\u00e9seket ig\u00e9nyel.<\/p>\n\n\n\n<p><strong>Tapasztalati szint<\/strong><\/p>\n\n\n\n<p><br>Ha most kezded, a LEED GA vagy az ISSP-SA bevezet\u0151 opci\u00f3k k\u00f6nnyebben el\u00e9rhet\u0151k.<\/p>\n\n\n\n<p><strong>Tanul\u00e1si lehet\u0151s\u00e9gek<\/strong><\/p>\n\n\n\n<p><br>N\u00e9h\u00e1ny program hetekig tart\u00f3 felk\u00e9sz\u00fcl\u00e9st ig\u00e9nyel; m\u00e1sok h\u00f3napokig. Alak\u00edtsa \u00e1t az id\u0151beoszt\u00e1s\u00e1t, hogy elker\u00fclje a frusztr\u00e1ci\u00f3t.<\/p>\n\n\n\n<p><strong>K\u00f6lts\u00e9g \u00e9s v\u00e1rhat\u00f3 hozam<\/strong><\/p>\n\n\n\n<p><br>B\u00e1r egyes k\u00e9pes\u00edt\u00e9sek dr\u00e1g\u00e1nak t\u0171nhetnek, \u00e1ltal\u00e1ban \u00faj munkalehet\u0151s\u00e9gek vagy el\u0151l\u00e9ptet\u00e9sek r\u00e9v\u00e9n megt\u00e9r\u00fclnek.<\/p>\n\n\n\n<p><strong>Elismer\u00e9s Mexik\u00f3ban \u00e9s k\u00fclf\u00f6ld\u00f6n<\/strong><\/p>\n\n\n\n<p><br>A fent eml\u00edtett k\u00e9pes\u00edt\u00e9sek glob\u00e1lis jelenl\u00e9ttel rendelkeznek, ami megk\u00f6nny\u00edti a munkaer\u0151-piaci migr\u00e1ci\u00f3t vagy a nemzetk\u00f6zi projektekben val\u00f3 r\u00e9szv\u00e9telt.<\/p>\n\n\n\n<p>B\u0151vebben:\u00a0<a href=\"https:\/\/universofamilia.com\/hu\/carreras-sostenibles-empleos-verdes-en-auge\/\">Fenntarthat\u00f3 karrierlehet\u0151s\u00e9gek: fellend\u00fcl\u0151 z\u00f6ld munkahelyek<\/a><\/p>\n\n\n\n<h2 class=\"wp-block-heading\">Mi\u00e9rt olyan kifizet\u0151d\u0151ek az ilyen t\u00edpus\u00fa akkredit\u00e1ci\u00f3k 2025-ben?<\/h2>\n\n\n\n<p>A fenntarthat\u00f3s\u00e1g m\u00e1r nem idealista trend, hanem versenyk\u00f6vetelm\u00e9ny lett.<\/p>\n\n\n\n<p>A v\u00e1llalatok alaposabban ellen\u0151rzik az \u00f6n\u00e9letrajzokat, a korm\u00e1nyok szigor\u00fabb szab\u00e1lyoz\u00e1sokat vezetnek be, a fogyaszt\u00f3k pedig \u00e9rt\u00e9kelik azokat, akik felel\u0151ss\u00e9gteljesen cselekszenek.<\/p>\n\n\n\n<p>Ebben az esetben a k\u00e9pz\u00e9sbe val\u00f3 befektet\u00e9s nemcsak a karrieredet lend\u00edti fel, hanem lehet\u0151v\u00e9 teszi, hogy olyan d\u00f6nt\u00e9seket befoly\u00e1solj, amelyek val\u00f3di hat\u00e1st gyakorolnak.<\/p>\n\n\n\n<p>Mi lehetne jobb n\u00e9vjegyk\u00e1rtya, mint a glob\u00e1lis int\u00e9zm\u00e9nyek \u00e1ltal valid\u00e1lt tud\u00e1s bemutat\u00e1sa?<\/p>\n\n\n\n<h2 class=\"wp-block-heading\">K\u00f6vetkeztet\u00e9s<\/h2>\n\n\n\n<p>A <strong>Fenntarthat\u00f3s\u00e1gi tan\u00fas\u00edtv\u00e1nyok, amelyek fellend\u00edtik karrierj\u00e9t<\/strong> K\u00f6zvetlen hidat k\u00e9peznek a jelenlegi k\u00e9pz\u00e9sed \u00e9s a k\u00f6vetkez\u0151 \u00e9vekben felmer\u00fcl\u0151 munkalehet\u0151s\u00e9gek k\u00f6z\u00f6tt.<\/p>\n\n\n\n<p>Egy olyan piacon, amely \u00e1tl\u00e1that\u00f3s\u00e1got, hat\u00e9konys\u00e1got \u00e9s k\u00f6rnyezeti felel\u0151ss\u00e9gv\u00e1llal\u00e1st k\u00f6vetel meg, egy szil\u00e1rd referenci\u00e1val rendelkez\u0151 szem\u00e9ly megl\u00e9te jelentheti a k\u00fcl\u00f6nbs\u00e9get egy \u00fajabb \u00f6n\u00e9letrajz \u00e9s egy rendk\u00edv\u00fcl versenyk\u00e9pes profil k\u00f6z\u00f6tt.<\/p>\n\n\n\n<p>Ha tiszt\u00e1n szeretn\u00e9l haladni el\u0151re, egy elismert tan\u00fas\u00edtv\u00e1nnyal val\u00f3 kezd\u00e9s egy strat\u00e9giai d\u00f6nt\u00e9s, amely v\u00e9gigk\u00eds\u00e9ri majd a karriered sor\u00e1n.<\/p>\n\n\n\n<figure class=\"wp-block-gallery aligncenter has-nested-images columns-default is-cropped wp-block-gallery-2 is-layout-flex wp-block-gallery-is-layout-flex\">\n<figure class=\"wp-block-image size-full\"><img loading=\"lazy\" decoding=\"async\" width=\"450\" height=\"250\" data-id=\"10354\" src=\"https:\/\/universofamilia.com\/wp-content\/uploads\/sites\/148\/2025\/11\/Destaque-Novo-Universo-3-1.jpg\" alt=\"\" class=\"wp-image-10354\" srcset=\"https:\/\/universofamilia.com\/wp-content\/uploads\/sites\/148\/2025\/11\/Destaque-Novo-Universo-3-1.jpg 450w, https:\/\/universofamilia.com\/wp-content\/uploads\/sites\/148\/2025\/11\/Destaque-Novo-Universo-3-1-300x167.jpg 300w, https:\/\/universofamilia.com\/wp-content\/uploads\/sites\/148\/2025\/11\/Destaque-Novo-Universo-3-1-18x10.jpg 18w\" sizes=\"(max-width: 450px) 100vw, 450px\" \/><figcaption class=\"wp-element-caption\">Canva<\/figcaption><\/figure>\n<\/figure>\n\n\n\n<p>B\u0151vebben:\u00a0<a href=\"https:\/\/universofamilia.com\/hu\/el-teletrabajo-en-2025-las-nuevas-tendencias-del-home-office\/\">T\u00e1vmunka 2025-ben: \u00daj otthoni irodai trendek<\/a><\/p>\n\n\n\n<h2 class=\"wp-block-heading\">Gyakran Ism\u00e9telt K\u00e9rd\u00e9sek<\/h2>\n\n\n\n<h3 class=\"wp-block-heading\">\u00c9rdemes min\u0151s\u00edt\u00e9st szereznem, ha nem a fenntarthat\u00f3s\u00e1g ter\u00fclet\u00e9n dolgozom?<\/h3>\n\n\n\n<p>Igen. Minden ter\u00fclet profit\u00e1l bel\u0151le: a kommunik\u00e1ci\u00f3, a m\u00e9rn\u00f6ki tudom\u00e1nyok, az adminisztr\u00e1ci\u00f3, a logisztika, a technol\u00f3gia \u00e9s egyebek. A fenntarthat\u00f3s\u00e1g szinte minden szektorba be\u00e9p\u00fclt.<\/p>\n\n\n\n<h3 class=\"wp-block-heading\">Melyik tan\u00fas\u00edtv\u00e1nnyal \u00e9rdemes kezdeni?<\/h3>\n\n\n\n<p>A LEED GA \u00e9s az ISSP-SA \u00e1ltal\u00e1ban a legk\u00f6nnyebben el\u00e9rhet\u0151 azok sz\u00e1m\u00e1ra, akik most kezdik \u00e9s szil\u00e1rd alapot keresnek.<\/p>\n\n\n\n<h3 class=\"wp-block-heading\">Dr\u00e1g\u00e1k ezek a tan\u00fas\u00edtv\u00e1nyok?<\/h3>\n\n\n\n<p>Ez a szervezett\u0151l f\u00fcgg. N\u00e9melyik 200 \u00e9s 1000 USD k\u00f6z\u00f6tt mozog, de \u00e1ltal\u00e1ban jobb munkalehet\u0151s\u00e9gekkel t\u00e9r\u00fclnek meg.<\/p>\n\n\n\n<h3 class=\"wp-block-heading\">Sz\u00fcks\u00e9gem van el\u0151zetes tapasztalatra?<\/h3>\n\n\n\n<p>Nem mindig. Sz\u00e1mos bel\u00e9p\u0151 szint\u0171 tan\u00fas\u00edtv\u00e1nyt terveztek az \u00e1tmeneti id\u0151szakban l\u00e9v\u0151 szakemberek sz\u00e1m\u00e1ra.<\/p>\n\n\n\n<h3 class=\"wp-block-heading\">\u00c9rv\u00e9nyesek Mexik\u00f3ban?<\/h3>\n\n\n\n<p>Igen. Val\u00f3j\u00e1ban a glob\u00e1lis l\u00e1ncokkal egy\u00fcttm\u0171k\u00f6d\u0151 mexik\u00f3i v\u00e1llalatok ilyen k\u00e9pes\u00edt\u00e9sekkel rendelkez\u0151 szakembereket keresnek.<\/p>","protected":false},"excerpt":{"rendered":"<p>A karrieredet fellend\u00edt\u0151 fenntarthat\u00f3s\u00e1gi tan\u00fas\u00edtv\u00e1nyokkal val\u00f3 kezd\u00e9s jav\u00edtja a pozicion\u00e1l\u00e1sodat, \u00e9s elmagyar\u00e1zza, mi\u00e9rt kulcsfontoss\u00e1g\u00faak ezek a k\u00e9pes\u00edt\u00e9sek a szakmai el\u0151menetelhez. Seg\u00edt meg\u00e9rteni a szabv\u00e1nyok elsaj\u00e1t\u00edt\u00e1s\u00e1nak hat\u00e1s\u00e1t is, amelyek befoly\u00e1solj\u00e1k a munkak\u00f6ri d\u00f6nt\u00e9seket \u00e9s az \u00faj lehet\u0151s\u00e9geket. Itt tal\u00e1lsz egy r\u00f6vid \u00f6sszefoglal\u00f3t: defin\u00edci\u00f3, n\u00f6veked\u00e9s\u00fck okai, el\u0151ny\u00f6k, legfrissebb statisztik\u00e1k, k\u00e9t [\u2026]<\/p>","protected":false},"author":219,"featured_media":10352,"comment_status":"closed","ping_status":"open","sticky":false,"template":"","format":"standard","meta":{"footnotes":""},"categories":[5],"tags":[],"yoast_head":"<!-- This site is optimized with the Yoast SEO plugin v23.3 - https:\/\/yoast.com\/wordpress\/plugins\/seo\/ -->\n<title>Certificaciones de sostenibilidad que impulsan tu carrera - Universo Fam\u00edlia<\/title>\n<meta name=\"description\" content=\"Iniciar con Certificaciones de sostenibilidad que impulsan tu carrera mejora el posicionamiento y explica por qu\u00e9 estas credenciales son...\" \/>\n<meta name=\"robots\" content=\"index, follow, max-snippet:-1, max-image-preview:large, max-video-preview:-1\" \/>\n<link rel=\"canonical\" href=\"http:\/\/universofamilia.com\/hu\/certificaciones-de-sostenibilidad-que-impulsan-tu-carrera\/\" \/>\n<meta property=\"og:locale\" content=\"hu_HU\" \/>\n<meta property=\"og:type\" content=\"article\" \/>\n<meta property=\"og:title\" content=\"Certificaciones de sostenibilidad que impulsan tu carrera - Universo Fam\u00edlia\" \/>\n<meta property=\"og:description\" content=\"Iniciar con Certificaciones de sostenibilidad que impulsan tu carrera mejora el posicionamiento y explica por qu\u00e9 estas credenciales son...\" \/>\n<meta property=\"og:url\" content=\"http:\/\/universofamilia.com\/hu\/certificaciones-de-sostenibilidad-que-impulsan-tu-carrera\/\" \/>\n<meta property=\"og:site_name\" content=\"Universo Fam\u00edlia\" \/>\n<meta property=\"article:published_time\" content=\"2025-11-18T00:17:16+00:00\" \/>\n<meta property=\"article:modified_time\" content=\"2025-11-18T00:17:19+00:00\" \/>\n<meta property=\"og:image\" content=\"http:\/\/universofamilia.com\/wp-content\/uploads\/sites\/148\/2025\/11\/Destaque-Novo-Universo-2-1.jpg\" \/>\n\t<meta property=\"og:image:width\" content=\"450\" \/>\n\t<meta property=\"og:image:height\" content=\"250\" \/>\n\t<meta property=\"og:image:type\" content=\"image\/jpeg\" \/>\n<meta name=\"author\" content=\"Matheus Sangaletti\" \/>\n<meta name=\"twitter:card\" content=\"summary_large_image\" \/>\n<meta name=\"twitter:label1\" content=\"Written by\" \/>\n\t<meta name=\"twitter:data1\" content=\"Matheus Sangaletti\" \/>\n\t<meta name=\"twitter:label2\" content=\"Est. reading time\" \/>\n\t<meta name=\"twitter:data2\" content=\"8 perc\" \/>\n<script type=\"application\/ld+json\" class=\"yoast-schema-graph\">{\"@context\":\"https:\/\/schema.org\",\"@graph\":[{\"@type\":\"WebPage\",\"@id\":\"http:\/\/universofamilia.com\/ar\/certificaciones-de-sostenibilidad-que-impulsan-tu-carrera\/\",\"url\":\"http:\/\/universofamilia.com\/ar\/certificaciones-de-sostenibilidad-que-impulsan-tu-carrera\/\",\"name\":\"Certificaciones de sostenibilidad que impulsan tu carrera - Universo Fam\u00edlia\",\"isPartOf\":{\"@id\":\"https:\/\/universofamilia.com\/el\/#website\"},\"primaryImageOfPage\":{\"@id\":\"http:\/\/universofamilia.com\/ar\/certificaciones-de-sostenibilidad-que-impulsan-tu-carrera\/#primaryimage\"},\"image\":{\"@id\":\"http:\/\/universofamilia.com\/ar\/certificaciones-de-sostenibilidad-que-impulsan-tu-carrera\/#primaryimage\"},\"thumbnailUrl\":\"https:\/\/universofamilia.com\/wp-content\/uploads\/sites\/148\/2025\/11\/Destaque-Novo-Universo-2-1.jpg\",\"datePublished\":\"2025-11-18T00:17:16+00:00\",\"dateModified\":\"2025-11-18T00:17:19+00:00\",\"author\":{\"@id\":\"https:\/\/universofamilia.com\/el\/#\/schema\/person\/92fcd07e9b1f4323bf74f3170fc0f78a\"},\"description\":\"Iniciar con Certificaciones de sostenibilidad que impulsan tu carrera mejora el posicionamiento y explica por qu\u00e9 estas credenciales son...\",\"breadcrumb\":{\"@id\":\"http:\/\/universofamilia.com\/ar\/certificaciones-de-sostenibilidad-que-impulsan-tu-carrera\/#breadcrumb\"},\"inLanguage\":\"hu\",\"potentialAction\":[{\"@type\":\"ReadAction\",\"target\":[\"http:\/\/universofamilia.com\/ar\/certificaciones-de-sostenibilidad-que-impulsan-tu-carrera\/\"]}]},{\"@type\":\"ImageObject\",\"inLanguage\":\"hu\",\"@id\":\"http:\/\/universofamilia.com\/ar\/certificaciones-de-sostenibilidad-que-impulsan-tu-carrera\/#primaryimage\",\"url\":\"https:\/\/universofamilia.com\/wp-content\/uploads\/sites\/148\/2025\/11\/Destaque-Novo-Universo-2-1.jpg\",\"contentUrl\":\"https:\/\/universofamilia.com\/wp-content\/uploads\/sites\/148\/2025\/11\/Destaque-Novo-Universo-2-1.jpg\",\"width\":450,\"height\":250},{\"@type\":\"BreadcrumbList\",\"@id\":\"http:\/\/universofamilia.com\/ar\/certificaciones-de-sostenibilidad-que-impulsan-tu-carrera\/#breadcrumb\",\"itemListElement\":[{\"@type\":\"ListItem\",\"position\":1,\"name\":\"Home\",\"item\":\"https:\/\/universofamilia.com\/el\/\"},{\"@type\":\"ListItem\",\"position\":2,\"name\":\"Certificaciones de sostenibilidad que impulsan tu carrera\"}]},{\"@type\":\"WebSite\",\"@id\":\"https:\/\/universofamilia.com\/el\/#website\",\"url\":\"https:\/\/universofamilia.com\/el\/\",\"name\":\"Universo Fam\u00edlia\",\"description\":\"\",\"potentialAction\":[{\"@type\":\"SearchAction\",\"target\":{\"@type\":\"EntryPoint\",\"urlTemplate\":\"https:\/\/universofamilia.com\/el\/?s={search_term_string}\"},\"query-input\":\"required name=search_term_string\"}],\"inLanguage\":\"hu\"},{\"@type\":\"Person\",\"@id\":\"https:\/\/universofamilia.com\/el\/#\/schema\/person\/92fcd07e9b1f4323bf74f3170fc0f78a\",\"name\":\"Matheus Sangaletti\",\"image\":{\"@type\":\"ImageObject\",\"inLanguage\":\"hu\",\"@id\":\"https:\/\/universofamilia.com\/el\/#\/schema\/person\/image\/\",\"url\":\"https:\/\/secure.gravatar.com\/avatar\/280ea957a14a48e6a1ad2133d2cc27c9?s=96&d=mm&r=g\",\"contentUrl\":\"https:\/\/secure.gravatar.com\/avatar\/280ea957a14a48e6a1ad2133d2cc27c9?s=96&d=mm&r=g\",\"caption\":\"Matheus Sangaletti\"},\"url\":\"https:\/\/universofamilia.com\/hu\/author\/matheuss\/\"}]}<\/script>\n<!-- \/ Yoast SEO plugin. -->","yoast_head_json":{"title":"Certificaciones de sostenibilidad que impulsan tu carrera - Universo Fam\u00edlia","description":"Iniciar con Certificaciones de sostenibilidad que impulsan tu carrera mejora el posicionamiento y explica por qu\u00e9 estas credenciales son...","robots":{"index":"index","follow":"follow","max-snippet":"max-snippet:-1","max-image-preview":"max-image-preview:large","max-video-preview":"max-video-preview:-1"},"canonical":"http:\/\/universofamilia.com\/hu\/certificaciones-de-sostenibilidad-que-impulsan-tu-carrera\/","og_locale":"hu_HU","og_type":"article","og_title":"Certificaciones de sostenibilidad que impulsan tu carrera - Universo Fam\u00edlia","og_description":"Iniciar con Certificaciones de sostenibilidad que impulsan tu carrera mejora el posicionamiento y explica por qu\u00e9 estas credenciales son...","og_url":"http:\/\/universofamilia.com\/hu\/certificaciones-de-sostenibilidad-que-impulsan-tu-carrera\/","og_site_name":"Universo Fam\u00edlia","article_published_time":"2025-11-18T00:17:16+00:00","article_modified_time":"2025-11-18T00:17:19+00:00","og_image":[{"width":450,"height":250,"url":"http:\/\/universofamilia.com\/wp-content\/uploads\/sites\/148\/2025\/11\/Destaque-Novo-Universo-2-1.jpg","type":"image\/jpeg"}],"author":"Matheus Sangaletti","twitter_card":"summary_large_image","twitter_misc":{"Written by":"Matheus Sangaletti","Est. reading time":"8 perc"},"schema":{"@context":"https:\/\/schema.org","@graph":[{"@type":"WebPage","@id":"http:\/\/universofamilia.com\/ar\/certificaciones-de-sostenibilidad-que-impulsan-tu-carrera\/","url":"http:\/\/universofamilia.com\/ar\/certificaciones-de-sostenibilidad-que-impulsan-tu-carrera\/","name":"Certificaciones de sostenibilidad que impulsan tu carrera - Universo Fam\u00edlia","isPartOf":{"@id":"https:\/\/universofamilia.com\/el\/#website"},"primaryImageOfPage":{"@id":"http:\/\/universofamilia.com\/ar\/certificaciones-de-sostenibilidad-que-impulsan-tu-carrera\/#primaryimage"},"image":{"@id":"http:\/\/universofamilia.com\/ar\/certificaciones-de-sostenibilidad-que-impulsan-tu-carrera\/#primaryimage"},"thumbnailUrl":"https:\/\/universofamilia.com\/wp-content\/uploads\/sites\/148\/2025\/11\/Destaque-Novo-Universo-2-1.jpg","datePublished":"2025-11-18T00:17:16+00:00","dateModified":"2025-11-18T00:17:19+00:00","author":{"@id":"https:\/\/universofamilia.com\/el\/#\/schema\/person\/92fcd07e9b1f4323bf74f3170fc0f78a"},"description":"Iniciar con Certificaciones de sostenibilidad que impulsan tu carrera mejora el posicionamiento y explica por qu\u00e9 estas credenciales son...","breadcrumb":{"@id":"http:\/\/universofamilia.com\/ar\/certificaciones-de-sostenibilidad-que-impulsan-tu-carrera\/#breadcrumb"},"inLanguage":"hu","potentialAction":[{"@type":"ReadAction","target":["http:\/\/universofamilia.com\/ar\/certificaciones-de-sostenibilidad-que-impulsan-tu-carrera\/"]}]},{"@type":"ImageObject","inLanguage":"hu","@id":"http:\/\/universofamilia.com\/ar\/certificaciones-de-sostenibilidad-que-impulsan-tu-carrera\/#primaryimage","url":"https:\/\/universofamilia.com\/wp-content\/uploads\/sites\/148\/2025\/11\/Destaque-Novo-Universo-2-1.jpg","contentUrl":"https:\/\/universofamilia.com\/wp-content\/uploads\/sites\/148\/2025\/11\/Destaque-Novo-Universo-2-1.jpg","width":450,"height":250},{"@type":"BreadcrumbList","@id":"http:\/\/universofamilia.com\/ar\/certificaciones-de-sostenibilidad-que-impulsan-tu-carrera\/#breadcrumb","itemListElement":[{"@type":"ListItem","position":1,"name":"Home","item":"https:\/\/universofamilia.com\/el\/"},{"@type":"ListItem","position":2,"name":"Certificaciones de sostenibilidad que impulsan tu carrera"}]},{"@type":"WebSite","@id":"https:\/\/universofamilia.com\/el\/#website","url":"https:\/\/universofamilia.com\/el\/","name":"Universo Fam\u00edlia","description":"","potentialAction":[{"@type":"SearchAction","target":{"@type":"EntryPoint","urlTemplate":"https:\/\/universofamilia.com\/el\/?s={search_term_string}"},"query-input":"required name=search_term_string"}],"inLanguage":"hu"},{"@type":"Person","@id":"https:\/\/universofamilia.com\/el\/#\/schema\/person\/92fcd07e9b1f4323bf74f3170fc0f78a","name":"Matheus Sangaletti","image":{"@type":"ImageObject","inLanguage":"hu","@id":"https:\/\/universofamilia.com\/el\/#\/schema\/person\/image\/","url":"https:\/\/secure.gravatar.com\/avatar\/280ea957a14a48e6a1ad2133d2cc27c9?s=96&d=mm&r=g","contentUrl":"https:\/\/secure.gravatar.com\/avatar\/280ea957a14a48e6a1ad2133d2cc27c9?s=96&d=mm&r=g","caption":"Matheus Sangaletti"},"url":"https:\/\/universofamilia.com\/hu\/author\/matheuss\/"}]}},"_links":{"self":[{"href":"https:\/\/universofamilia.com\/hu\/wp-json\/wp\/v2\/posts\/10351"}],"collection":[{"href":"https:\/\/universofamilia.com\/hu\/wp-json\/wp\/v2\/posts"}],"about":[{"href":"https:\/\/universofamilia.com\/hu\/wp-json\/wp\/v2\/types\/post"}],"author":[{"embeddable":true,"href":"https:\/\/universofamilia.com\/hu\/wp-json\/wp\/v2\/users\/219"}],"replies":[{"embeddable":true,"href":"https:\/\/universofamilia.com\/hu\/wp-json\/wp\/v2\/comments?post=10351"}],"version-history":[{"count":1,"href":"https:\/\/universofamilia.com\/hu\/wp-json\/wp\/v2\/posts\/10351\/revisions"}],"predecessor-version":[{"id":10355,"href":"https:\/\/universofamilia.com\/hu\/wp-json\/wp\/v2\/posts\/10351\/revisions\/10355"}],"wp:featuredmedia":[{"embeddable":true,"href":"https:\/\/universofamilia.com\/hu\/wp-json\/wp\/v2\/media\/10352"}],"wp:attachment":[{"href":"https:\/\/universofamilia.com\/hu\/wp-json\/wp\/v2\/media?parent=10351"}],"wp:term":[{"taxonomy":"category","embeddable":true,"href":"https:\/\/universofamilia.com\/hu\/wp-json\/wp\/v2\/categories?post=10351"},{"taxonomy":"post_tag","embeddable":true,"href":"https:\/\/universofamilia.com\/hu\/wp-json\/wp\/v2\/tags?post=10351"}],"curies":[{"name":"wp","href":"https:\/\/api.w.org\/{rel}","templated":true}]}}