{"id":10413,"date":"2025-12-15T16:39:04","date_gmt":"2025-12-15T19:39:04","guid":{"rendered":"https:\/\/universofamilia.com\/?p=10413"},"modified":"2025-12-15T16:39:08","modified_gmt":"2025-12-15T19:39:08","slug":"aplicaciones-esenciales-para-familias-en-2025","status":"publish","type":"post","link":"https:\/\/universofamilia.com\/hu\/aplicaciones-esenciales-para-familias-en-2025\/","title":{"rendered":"N\u00e9lk\u00fcl\u00f6zhetetlen alkalmaz\u00e1sok csal\u00e1dok sz\u00e1m\u00e1ra 2025-ben"},"content":{"rendered":"<p class=\"has-text-align-center\"><strong>N\u00e9lk\u00fcl\u00f6zhetetlen alkalmaz\u00e1sok csal\u00e1dok sz\u00e1m\u00e1ra 2025-ben<\/strong> Ez nem csup\u00e1n egy technol\u00f3giai trend, hanem egy gyakorlati v\u00e1lasz a mai csal\u00e1di \u00e9let szervez\u0151d\u00e9s\u00e9re.<\/p>\n\n\n\n<figure class=\"wp-block-gallery has-nested-images columns-default is-cropped wp-block-gallery-1 is-layout-flex wp-block-gallery-is-layout-flex\">\n<figure class=\"wp-block-image size-full\"><img loading=\"lazy\" decoding=\"async\" width=\"450\" height=\"250\" data-id=\"10415\" src=\"https:\/\/universofamilia.com\/wp-content\/uploads\/sites\/148\/2025\/12\/Destaque-Novo-Universo-1.jpg\" alt=\"\" class=\"wp-image-10415\" srcset=\"https:\/\/universofamilia.com\/wp-content\/uploads\/sites\/148\/2025\/12\/Destaque-Novo-Universo-1.jpg 450w, https:\/\/universofamilia.com\/wp-content\/uploads\/sites\/148\/2025\/12\/Destaque-Novo-Universo-1-300x167.jpg 300w, https:\/\/universofamilia.com\/wp-content\/uploads\/sites\/148\/2025\/12\/Destaque-Novo-Universo-1-18x10.jpg 18w\" sizes=\"(max-width: 450px) 100vw, 450px\" \/><figcaption class=\"wp-element-caption\">N\u00e9lk\u00fcl\u00f6zhetetlen alkalmaz\u00e1sok csal\u00e1dok sz\u00e1m\u00e1ra 2025-ben<\/figcaption><\/figure>\n<\/figure>\n\n\n\n<p class=\"has-text-align-center\">Egy olyan k\u00f6rnyezetben, ahol az id\u0151 korl\u00e1tozott, az inform\u00e1ci\u00f3 gyorsan terjed, \u00e9s a sz\u00fcl\u0151i szerep \u00faj digit\u00e1lis kih\u00edv\u00e1sokkal n\u00e9z szembe, a megfelel\u0151 mobileszk\u00f6z\u00f6k kiv\u00e1laszt\u00e1sa val\u00f3di k\u00fcl\u00f6nbs\u00e9get jelent.<\/p>\n\n\n\n<p class=\"has-text-align-center\">Ebben a cikkben vil\u00e1gos \u00e9s naprak\u00e9sz \u00e1ttekint\u00e9st tal\u00e1lsz arr\u00f3l, hogy milyen t\u00edpus\u00fa alkalmaz\u00e1sok val\u00f3ban hasznosak a csal\u00e1dok sz\u00e1m\u00e1ra 2025-ben.<\/p>\n\n\n\n<p class=\"has-text-align-center\">Hogyan adnak hozz\u00e1 \u00e9rt\u00e9ket a mindennapi \u00e9letben, \u00e9s milyen krit\u00e9riumokat kell figyelembe venni a telep\u00edt\u00e9s\u00fck el\u0151tt.<\/p>\n\n\n\n<p><strong>\u00d6sszefoglal\u00e1s:<\/strong> Mi\u00e9rt v\u00e1ltak n\u00e9lk\u00fcl\u00f6zhetetlenn\u00e9 ezek az alkalmaz\u00e1sok, f\u0151bb kateg\u00f3ri\u00e1k, val\u00f3di el\u0151ny\u00f6k, egy relev\u00e1ns t\u00e9ny Mexik\u00f3ban, k\u00e9t konkr\u00e9t p\u00e9lda, vil\u00e1gos anal\u00f3gia, \u00f6sszehasonl\u00edt\u00f3 t\u00e1bl\u00e1zat \u00e9s v\u00e1laszok a gyakran ism\u00e9telt k\u00e9rd\u00e9sekre.<\/p>\n\n\n\n<h2 class=\"wp-block-heading\"><strong>Mi\u00e9rt fognak a csal\u00e1dok jobban t\u00e1maszkodni az alkalmaz\u00e1sokra 2025-ben?<\/strong><\/h2>\n\n\n\n<p>A mai csal\u00e1di \u00e9let az iskolai \u00f3rarend, a hibrid munka, a megel\u0151z\u0151 eg\u00e9szs\u00e9g\u00fcgyi int\u00e9zked\u00e9sek \u00e9s a digit\u00e1lis sz\u00f3rakoz\u00e1s k\u00f6r\u00fcl forog.<\/p>\n\n\n\n<p>Ebben az esetben a telefon megsz\u0171nt puszt\u00e1n kommunik\u00e1ci\u00f3s eszk\u00f6z lenni, \u00e9s otthoni fel\u00fcgyeleti k\u00f6zpontt\u00e1 v\u00e1lt.<\/p>\n\n\n\n<p>Szerint <strong>INEGI<\/strong>, t\u00f6bb mint <strong>A hat \u00e9v feletti mexik\u00f3i lakoss\u00e1g 88%-a haszn\u00e1l okostelefont<\/strong> (ENDUTIH 2024).<\/p>\n\n\n\n<p>Ez a t\u00e9ny magyar\u00e1zza, hogy a csal\u00e1di d\u00f6nt\u00e9sek, a beoszt\u00e1sok szervez\u00e9s\u00e9t\u0151l a gyermekek digit\u00e1lis biztons\u00e1g\u00e1nak v\u00e9delm\u00e9ig, mi\u00e9rt t\u00e1maszkodnak egyre ink\u00e1bb a mobilalkalmaz\u00e1sokra.<\/p>\n\n\n\n<p>A k\u00e9nyelemen t\u00fal, <strong>N\u00e9lk\u00fcl\u00f6zhetetlen alkalmaz\u00e1sok csal\u00e1dok sz\u00e1m\u00e1ra 2025-ben<\/strong> Az\u00e9rt t\u0171nnek ki, mert lehet\u0151v\u00e9 teszik a probl\u00e9m\u00e1k el\u0151rejelz\u00e9s\u00e9t, cs\u00f6kkentik a mindennapi s\u00farl\u00f3d\u00e1sokat, \u00e9s er\u0151s\u00edtik a sz\u00fcl\u0151k, gyermekek \u00e9s gondoz\u00f3k k\u00f6z\u00f6tti kommunik\u00e1ci\u00f3t.<\/p>\n\n\n\n<p>Nem arr\u00f3l van sz\u00f3, hogy sok alkalmaz\u00e1st telep\u00edts\u00fcnk, hanem arr\u00f3l, hogy n\u00e9h\u00e1ny j\u00f3l \u00e1tgondolt alkalmaz\u00e1st v\u00e1lasszunk.<\/p>\n\n\n\n<h2 class=\"wp-block-heading\"><strong>A val\u00f3ban alapvet\u0151 alkalmaz\u00e1sok azonos\u00edt\u00e1s\u00e1nak f\u0151 krit\u00e9riumai<\/strong><\/h2>\n\n\n\n<p>Miel\u0151tt \u00e1ttekinten\u00e9nk a kateg\u00f3ri\u00e1kat, fontos meg\u00e9rteni, hogy mit\u0151l \u201en\u00e9lk\u00fcl\u00f6zhetetlen\u201d egy csal\u00e1di alkalmaz\u00e1s 2025-ben. Nem el\u00e9g, ha n\u00e9pszer\u0171 vagy ingyenes.<\/p>\n\n\n\n<p>Az els\u0151 krit\u00e9rium az <strong>adatbiztons\u00e1g<\/strong>A megb\u00edzhat\u00f3 alkalmaz\u00e1sok vil\u00e1gosan elmagyar\u00e1zz\u00e1k, hogyan v\u00e9dik a szem\u00e9lyes adatokat, hogyan k\u00edn\u00e1lnak robusztus sz\u00fcl\u0151i fel\u00fcgyeletet, \u00e9s hogyan felelnek meg a jelenlegi adatv\u00e9delmi el\u0151\u00edr\u00e1soknak.<\/p>\n\n\n\n<p>A <strong>gener\u00e1ci\u00f3k k\u00f6z\u00f6tti haszn\u00e1lhat\u00f3s\u00e1g<\/strong>.<\/p>\n\n\n\n<p>Egy csal\u00e1di alkalmaz\u00e1snak intuit\u00edvnak kell lennie feln\u0151ttek, gyermekek \u00e9s id\u0151sek sz\u00e1m\u00e1ra egyar\u00e1nt, zavar\u00f3 folyamatok vagy sz\u00fcks\u00e9gtelen technikai akad\u00e1lyok n\u00e9lk\u00fcl.<\/p>\n\n\n\n<p>V\u00e9g\u00fcl, a <strong>tart\u00f3s gyakorlati \u00e9rt\u00e9k<\/strong> Sz\u00e1m\u00edt. Azok az eszk\u00f6z\u00f6k, amiket csak egy h\u00e9tig haszn\u00e1lsz, nem indokolj\u00e1k a r\u00e1juk ford\u00edtott teret vagy figyelmet.<\/p>\n\n\n\n<p>A legjobbak term\u00e9szetes m\u00f3don beilleszkednek a mindennapi rutinba, \u00e9s konkr\u00e9t probl\u00e9m\u00e1kat oldanak meg.<\/p>\n\n\n\n<h2 class=\"wp-block-heading\"><strong>Csal\u00e1dszervez\u00e9s: a digit\u00e1lis \u00e9let \u00faj tengelye<\/strong><\/h2>\n\n\n\n<p>K\u00f6z\u00f6tt <strong>N\u00e9lk\u00fcl\u00f6zhetetlen alkalmaz\u00e1sok csal\u00e1dok sz\u00e1m\u00e1ra 2025-ben<\/strong>A szervezeti jelleg\u0171ek k\u00f6zponti helyet foglalnak el.<\/p>\n\n\n\n<p>A megosztott napt\u00e1rak, a k\u00f6z\u00f6s list\u00e1k \u00e9s az intelligens eml\u00e9keztet\u0151k seg\u00edtenek a tev\u00e9kenys\u00e9gek szinkroniz\u00e1l\u00e1s\u00e1ban folyamatos vit\u00e1k n\u00e9lk\u00fcl.<\/p>\n\n\n\n<p>Amikor minden tag maga el\u00e9 k\u00e9pzeli az iskolai k\u00f6telezetts\u00e9geit, az orvosi vizsg\u00e1latokat vagy a munkabeoszt\u00e1sokat, cs\u00f6kkennek a f\u00e9lre\u00e9rt\u00e9sek.<\/p>\n\n\n\n<p>A technol\u00f3gia, ha megfelel\u0151en haszn\u00e1lj\u00e1k, csendes k\u00f6zvet\u00edt\u0151k\u00e9nt m\u0171k\u00f6dik.<\/p>\n\n\n\n<p><strong>1. p\u00e9lda:<\/strong> Egy \u00e1ltal\u00e1nos iskol\u00e1s \u00e9s k\u00f6z\u00e9piskol\u00e1s gyerekekkel rendelkez\u0151 csal\u00e1d egy megosztott napt\u00e1ralkalmaz\u00e1st haszn\u00e1l a vizsg\u00e1k, sportedz\u00e9sek \u00e9s iskolai megbesz\u00e9l\u00e9sek \u00f6sszehangol\u00e1s\u00e1ra.<\/p>\n\n\n\n<p>Az inform\u00e1ci\u00f3k k\u00f6zpontos\u00edt\u00e1s\u00e1val elker\u00fclhet\u0151k a zavaros \u00fczenetek, \u00e9s cs\u00f6kken a heti stressz.<\/p>\n\n\n\n<h2 class=\"wp-block-heading\"><strong>Digit\u00e1lis biztons\u00e1g \u00e9s sz\u00fcl\u0151i fel\u00fcgyelet: val\u00f3di priorit\u00e1s<\/strong><\/h2>\n\n\n\n<p>Az internethez val\u00f3 korai hozz\u00e1f\u00e9r\u00e9s arra k\u00e9nyszer\u00edti a csal\u00e1dokat, hogy olyan eszk\u00f6z\u00f6ket alkalmazzanak, amelyek megv\u00e9dik a gyermekeket an\u00e9lk\u00fcl, hogy megs\u00e9rten\u00e9k a mag\u00e1n\u00e9let\u00fcket.<\/p>\n\n\n\n<p>2025-ben a sz\u00fcl\u0151i fel\u00fcgyeleti alkalmaz\u00e1sok \u00e1tl\u00e1that\u00f3bb \u00e9s oktat\u00f3 jelleg\u0171 modellek fel\u00e9 fejl\u0151dtek.<\/p>\n\n\n\n<p>Ahelyett, hogy mindent blokkoln\u00e1nak, ink\u00e1bb enged\u00e9lyezik <strong>hat\u00e1rid\u0151ket be\u00e1ll\u00edtani<\/strong>sz\u0171rje a tartalmat \u00e9letkor szerint, \u00e9s \u00f6szt\u00f6n\u00f6zze a technol\u00f3gia felel\u0151ss\u00e9gteljes haszn\u00e1lat\u00e1r\u00f3l sz\u00f3l\u00f3 besz\u00e9lget\u00e9seket.<\/p>\n\n\n\n<p>Ez a megk\u00f6zel\u00edt\u00e9s bizalmat \u00e9s progressz\u00edv auton\u00f3mi\u00e1t er\u0151s\u00edt.<\/p>\n\n\n\n<p>Itt, <strong>N\u00e9lk\u00fcl\u00f6zhetetlen alkalmaz\u00e1sok csal\u00e1dok sz\u00e1m\u00e1ra 2025-ben<\/strong> Kiemelked\u0151ek a vil\u00e1gos jelent\u00e9sek, a rugalmas konfigur\u00e1ci\u00f3k \u00e9s az \u00faj k\u00f6z\u00f6ss\u00e9gi platformok naprak\u00e9sz t\u00e1mogat\u00e1sa ter\u00e9n.<\/p>\n\n\n\n<h2 class=\"wp-block-heading\"><strong>Eg\u00e9szs\u00e9g \u00e9s csal\u00e1di j\u00f3l\u00e9t a tenyeredben<\/strong><\/h2>\n\n\n\n<p>Egy m\u00e1sik, jelent\u0151s\u00e9gre szert tev\u0151 kateg\u00f3ria a fizikai \u00e9s \u00e9rzelmi eg\u00e9szs\u00e9g\u00fcgyi alkalmaz\u00e1sokat integr\u00e1lja.<\/p>\n\n\n\n<p>Az aktivit\u00e1sk\u00f6vet\u00e9s, az orvosi eml\u00e9keztet\u0151k \u00e9s a ment\u00e1lis wellness-forr\u00e1sok mostant\u00f3l a csal\u00e1di \u00f6kosziszt\u00e9ma r\u00e9sz\u00e9t k\u00e9pezik.<\/p>\n\n\n\n<p>Az \u00e9rt\u00e9k nem a szakemberek lecser\u00e9l\u00e9s\u00e9ben rejlik, hanem abban, hogy <strong>t\u00e1mogatni az eg\u00e9szs\u00e9ges szok\u00e1sokat<\/strong>.<\/p>\n\n\n\n<p>Az olt\u00e1si \u00fctemterv nyomon k\u00f6vet\u00e9s\u00e9t\u0151l az akt\u00edv sz\u00fcnetek n\u00e9pszer\u0171s\u00edt\u00e9s\u00e9ig ezek az alkalmaz\u00e1sok folytonoss\u00e1got \u00e9s megel\u0151z\u00e9st biztos\u00edtanak.<\/p>\n\n\n\n<p>Amikor az alapvet\u0151 orvosi inform\u00e1ci\u00f3k rendszerezettek \u00e9s hozz\u00e1f\u00e9rhet\u0151ek, a csal\u00e1d nagyobb lelki nyugalommal \u00e9s kevesebb improviz\u00e1ci\u00f3val hoz d\u00f6nt\u00e9seket.<\/p>\n\n\n\n<h2 class=\"wp-block-heading\"><strong>Oktat\u00e1s \u00e9s eg\u00e9sz \u00e9leten \u00e1t tart\u00f3 tanul\u00e1s a tantermen k\u00edv\u00fcl<\/strong><\/h2>\n\n\n\n<p>A tanul\u00e1s m\u00e1r nem korl\u00e1toz\u00f3dik az iskol\u00e1ra. A csal\u00e1dbar\u00e1t oktat\u00e1si platformok megk\u00f6nny\u00edtik a tananyag meger\u0151s\u00edt\u00e9s\u00e9t, felkeltik a k\u00edv\u00e1ncsis\u00e1got, \u00e9s t\u00falzott nyom\u00e1s n\u00e9lk\u00fcl t\u00e1mogatj\u00e1k a tanul\u00e1si folyamatot.<\/p>\n\n\n\n<p>2025-ben a legjobb javaslatok az adapt\u00edv tartalmakat helyezik el\u0151t\u00e9rbe, an\u00e9lk\u00fcl, hogy felesleges ingerekkel tel\u00edten\u00e9k el \u0151ket.<\/p>\n\n\n\n<p>A l\u00e9nyeg az, hogy kieg\u00e9sz\u00edts\u00fck, ne pedig helyettes\u00edts\u00fck a hivatalos oktat\u00e1si tapasztalatot.<\/p>\n\n\n\n<p><strong>2. p\u00e9lda:<\/strong> Sz\u00fcl\u0151k, akik egy oktat\u00e1si alkalmaz\u00e1st haszn\u00e1lnak az otthoni olvas\u00e1s t\u00e1mogat\u00e1s\u00e1ra, \u00e9s naponta 15 percet sz\u00e1nnak ir\u00e1ny\u00edtott tev\u00e9kenys\u00e9gekre.<\/p>\n\n\n\n<p>A fejl\u0151d\u00e9s l\u00e1that\u00f3v\u00e1 \u00e9s megoszthat\u00f3v\u00e1 v\u00e1lik an\u00e9lk\u00fcl, hogy a tanul\u00e1s teherr\u00e9 v\u00e1lna.<\/p>\n\n\n\n<h2 class=\"wp-block-heading\"><strong>Csal\u00e1di kommunik\u00e1ci\u00f3 zs\u00fafolt id\u0151kben<\/strong><\/h2>\n\n\n\n<p>B\u00e1r alapvet\u0151nek t\u0171nhet, az \u00fczenetk\u00fcld\u0151 \u00e9s videoh\u00edv\u00e1si alkalmaz\u00e1sok tov\u00e1bbra is elengedhetetlenek, ha sz\u00e1nd\u00e9kosan haszn\u00e1ljuk \u0151ket.<\/p>\n\n\n\n<p>Nagycsal\u00e1dokban vagy elt\u00e9r\u0151 id\u0151beoszt\u00e1s\u00fa csal\u00e1dokban el\u0151seg\u00edtik a napi kapcsolattart\u00e1st.<\/p>\n\n\n\n<p>A k\u00fcl\u00f6nbs\u00e9g 2025-ben abban rejlik, hogy <strong>tudatos haszn\u00e1lat<\/strong>Nem az \u00e1lland\u00f3 \u00fczenetekr\u0151l van sz\u00f3, hanem az \u00e9rzelmi k\u00f6zels\u00e9get er\u0151s\u00edt\u0151 digit\u00e1lis terekr\u0151l.<\/p>\n\n\n\n<p>A tiszta \u00e9s tiszteletteljes kommunik\u00e1ci\u00f3 cs\u00f6kkenti a konfliktusokat \u00e9s er\u0151s\u00edti a csal\u00e1di meg\u00e1llapod\u00e1sokat.<\/p>\n\n\n\n<h2 class=\"wp-block-heading\"><strong>Egy anal\u00f3gia a val\u00f3di hat\u00e1s meg\u00e9rt\u00e9s\u00e9hez<\/strong><\/h2>\n\n\n\n<p>Gondolj bele <strong>N\u00e9lk\u00fcl\u00f6zhetetlen alkalmaz\u00e1sok csal\u00e1dok sz\u00e1m\u00e1ra 2025-ben<\/strong> Olyan, mintha egy modern aut\u00f3ban k\u00e9pzeln\u00e9nk el egy kezel\u0151panelt.<\/p>\n\n\n\n<p>Nem vezet helyetted, de kijelzi a sebess\u00e9get, az \u00fczemanyagszintet \u00e9s az id\u0151szer\u0171 riaszt\u00e1sokat. A m\u0171szerfal n\u00e9lk\u00fcl az utaz\u00e1s folytat\u00f3dik, b\u00e1r nagyobb kock\u00e1zattal \u00e9s elhaszn\u00e1l\u00f3d\u00e1ssal.<\/p>\n\n\n\n<p>Az alkalmaz\u00e1sok nem helyettes\u00edtik a p\u00e1rbesz\u00e9det vagy a jelenl\u00e9tet, de seg\u00edtenek jobb d\u00f6nt\u00e9seket hozni az utaz\u00e1s el\u0151rehaladt\u00e1val.<\/p>\n\n\n\n<h2 class=\"wp-block-heading\"><strong>T\u00e1bl\u00e1zat: F\u0151bb kateg\u00f3ri\u00e1k \u00e9s f\u0151bb el\u0151ny\u00f6k<\/strong><\/h2>\n\n\n\n<figure class=\"wp-block-table\"><table><thead><tr><th>Alkalmaz\u00e1si kateg\u00f3ria<\/th><th>A csal\u00e1d f\u0151 el\u0151nye<\/th><\/tr><\/thead><tbody><tr><td>Csal\u00e1di szervezet<\/td><td>Kevesebb \u00fctemez\u00e9si \u00fctk\u00f6z\u00e9s<\/td><\/tr><tr><td>Sz\u00fcl\u0151i fel\u00fcgyelet<\/td><td>Biztons\u00e1gosabb \u00e9s kiegyens\u00falyozottabb digit\u00e1lis haszn\u00e1lat<\/td><\/tr><tr><td>Eg\u00e9szs\u00e9g \u00e9s j\u00f3ll\u00e9t<\/td><td>Megel\u0151z\u00e9s \u00e9s k\u00f6vetkezetes szok\u00e1sok<\/td><\/tr><tr><td>Oktat\u00e1s<\/td><td>Otthoni tanul\u00e1s t\u00e1mogat\u00e1sa<\/td><\/tr><tr><td>Kommunik\u00e1ci\u00f3<\/td><td>Szoros kapcsolatok a t\u00e1vols\u00e1g ellen\u00e9re<\/td><\/tr><\/tbody><\/table><figcaption class=\"wp-element-caption\">N\u00e9lk\u00fcl\u00f6zhetetlen alkalmaz\u00e1sok csal\u00e1dok sz\u00e1m\u00e1ra 2025-ben<\/figcaption><\/figure>\n\n\n\n<figure class=\"wp-block-gallery has-nested-images columns-default is-cropped wp-block-gallery-2 is-layout-flex wp-block-gallery-is-layout-flex\">\n<figure class=\"wp-block-image size-full\"><img loading=\"lazy\" decoding=\"async\" width=\"450\" height=\"250\" data-id=\"10416\" src=\"https:\/\/universofamilia.com\/wp-content\/uploads\/sites\/148\/2025\/12\/Destaque-Novo-Universo-1-1.jpg\" alt=\"\" class=\"wp-image-10416\" srcset=\"https:\/\/universofamilia.com\/wp-content\/uploads\/sites\/148\/2025\/12\/Destaque-Novo-Universo-1-1.jpg 450w, https:\/\/universofamilia.com\/wp-content\/uploads\/sites\/148\/2025\/12\/Destaque-Novo-Universo-1-1-300x167.jpg 300w, https:\/\/universofamilia.com\/wp-content\/uploads\/sites\/148\/2025\/12\/Destaque-Novo-Universo-1-1-18x10.jpg 18w\" sizes=\"(max-width: 450px) 100vw, 450px\" \/><figcaption class=\"wp-element-caption\">N\u00e9lk\u00fcl\u00f6zhetetlen alkalmaz\u00e1sok csal\u00e1dok sz\u00e1m\u00e1ra 2025-ben<\/figcaption><\/figure>\n<\/figure>\n\n\n\n<p>B\u0151vebben:<a href=\"https:\/\/universofamilia.com\/hu\/inteligencia-artificial-en-el-dia-a-dia\/\">\u00a0Mesters\u00e9ges intelligencia a mindennapi \u00e9letben<\/a><\/p>\n\n\n\n<h2 class=\"wp-block-heading\"><strong>Hogyan v\u00e1lasszunk an\u00e9lk\u00fcl, hogy t\u00falterheln\u00e9nk a csal\u00e1di telefont<\/strong><\/h2>\n\n\n\n<p>Gyakori hiba t\u00fal sok alkalmaz\u00e1s telep\u00edt\u00e9se \u201ecsak a biztons\u00e1g kedv\u00e9\u00e9rt\u201d. A tapasztalat azt mutatja, hogy a kevesebb t\u00f6bb.<\/p>\n\n\n\n<p>C\u00e9lszer\u0171 fokozatosan felm\u00e9rni a val\u00f3s ig\u00e9nyeket \u00e9s tesztelni az eszk\u00f6z\u00f6ket.<\/p>\n\n\n\n<p>A friss\u00edt\u00e9sek keres\u00e9se, az adatv\u00e9delmi ir\u00e1nyelvek elolvas\u00e1sa \u00e9s a haszn\u00e1lati gyakoris\u00e1g megfigyel\u00e9se az els\u0151 n\u00e9h\u00e1ny h\u00e9tben seg\u00edt eld\u00f6nteni, hogy \u00e9rdemes-e megtartani egy alkalmaz\u00e1st.<\/p>\n\n\n\n<p>Itt az emberi \u00edt\u00e9l\u0151k\u00e9pess\u00e9gnek nagyobb s\u00fallyal van latba t\u00e9ve a l\u00e9ce, mint a technol\u00f3giai \u00fajdons\u00e1gnak.<\/p>\n\n\n\n<h2 class=\"wp-block-heading\"><strong>A feln\u0151ttek szerepe a felel\u0151s haszn\u00e1latban<\/strong><\/h2>\n\n\n\n<p>Egyetlen technol\u00f3gia sem m\u0171k\u00f6dik \u00f6nmag\u00e1ban. Azok a csal\u00e1dok, akik a legt\u00f6bbet hozz\u00e1k ki ezekb\u0151l az eszk\u00f6z\u00f6kb\u0151l, gyakran vil\u00e1gos besz\u00e9lget\u00e9sekkel k\u00eds\u00e9rik haszn\u00e1latukat a hat\u00e1rokr\u00f3l, az elv\u00e1r\u00e1sokr\u00f3l \u00e9s a felel\u0151ss\u00e9gekr\u0151l.<\/p>\n\n\n\n<p>Amikor a feln\u0151ttek p\u00e9ld\u00e1t mutatnak, a digit\u00e1lis tanul\u00e1s term\u00e9szetesen folyik. Mi \u00e9rtelme szab\u00e1lyokat bevezetni, ha senki sem tartja be \u0151ket?<\/p>\n\n\n\n<h2 class=\"wp-block-heading\"><strong>Konkl\u00fazi\u00f3: A technol\u00f3gia a csal\u00e1d szolg\u00e1lat\u00e1ban, nem pedig ford\u00edtva<\/strong><\/h2>\n\n\n\n<p><strong>N\u00e9lk\u00fcl\u00f6zhetetlen alkalmaz\u00e1sok csal\u00e1dok sz\u00e1m\u00e1ra 2025-ben<\/strong> Konkr\u00e9t lehet\u0151s\u00e9get jelentenek a csal\u00e1di \u00e9let megszervez\u00e9s\u00e9re, v\u00e9delm\u00e9re \u00e9s t\u00e1mogat\u00e1s\u00e1ra egy egyre ink\u00e1bb digit\u00e1lis k\u00f6rnyezetben.<\/p>\n\n\n\n<p>Gondosan kiv\u00e1lasztva, er\u0151s\u00edtik a megszokott rutinokat \u00e9s cs\u00f6kkentik a felesleges fesz\u00fclts\u00e9get.<\/p>\n\n\n\n<p>Az igazi \u00e9rt\u00e9k akkor bontakozik ki, amikor a technol\u00f3gi\u00e1t tudatosan integr\u00e1lj\u00e1k, tiszteletben tartva az id\u0151beoszt\u00e1st, a kapcsolatokat \u00e9s a val\u00f3s ig\u00e9nyeket.<\/p>\n\n\n\n<p>Ebben az egyens\u00falyban az alkalmaz\u00e1sok megsz\u0171nnek zavar\u00f3 t\u00e9nyez\u0151k lenni, \u00e9s mindennapi sz\u00f6vets\u00e9gesekk\u00e9 v\u00e1lnak.<\/p>\n\n\n\n<p>B\u0151vebben:\u00a0<a href=\"https:\/\/universofamilia.com\/hu\/como-resguardar-tu-informacion-personal-en-la-era-digital\/\">Hogyan v\u00e9dheti meg szem\u00e9lyes adatait a digit\u00e1lis korban<\/a><\/p>\n\n\n\n<h2 class=\"wp-block-heading\"><strong>Gyakran ism\u00e9telt k\u00e9rd\u00e9sek<\/strong><\/h2>\n\n\n\n<p><strong>Minden csal\u00e1di alkalmaz\u00e1s biztons\u00e1gos?<\/strong><\/p>\n\n\n\n<p>Nem. Haszn\u00e1lat el\u0151tt aj\u00e1nlott \u00e1ttekinteni az enged\u00e9lyeket, az adatv\u00e9delmi ir\u00e1nyelveket \u00e9s a fejleszt\u0151 h\u00edrnev\u00e9t.<\/p>\n\n\n\n<p><strong>Kell fizetni a j\u00f3 alkalmaz\u00e1sok\u00e9rt?<\/strong><\/p>\n\n\n\n<p>Sok ingyenes lehet\u0151s\u00e9g j\u00f3l m\u0171k\u00f6dik, b\u00e1r a fizet\u0151s verzi\u00f3k \u00e1ltal\u00e1ban nagyobb kontrollt \u00e9s t\u00e1mogat\u00e1st k\u00edn\u00e1lnak.<\/p>\n\n\n\n<p><strong>Milyen korban \u00e9rdemes csal\u00e1di alkalmaz\u00e1sokat bevezetni a gyerekekbe?<\/strong><\/p>\n\n\n\n<p>A fejleszt\u00e9st\u0151l \u00e9s a kontextust\u00f3l f\u00fcgg, de mindig t\u00e1mogat\u00e1ssal \u00e9s egy\u00e9rtelm\u0171 szab\u00e1lyokkal kell rendelkezni a kezdetekt\u0151l fogva.<\/p>\n\n\n\n<p><strong>Az alkalmaz\u00e1sok helyettes\u00edtik a csal\u00e1di kommunik\u00e1ci\u00f3t?<\/strong><\/p>\n\n\n\n<p>Egy\u00e1ltal\u00e1n nem. T\u00e1mogat\u00e1sk\u00e9nt szolg\u00e1lnak, nem pedig a p\u00e1rbesz\u00e9d \u00e9s a jelenl\u00e9t helyettes\u00edt\u00e9s\u00e9re.<\/p>","protected":false},"excerpt":{"rendered":"<p>Aplicaciones esenciales para familias en 2025 no es solo una tendencia tecnol\u00f3gica, sino una respuesta pr\u00e1ctica a la forma en que hoy se organiza la vida familiar. En un contexto donde el tiempo es limitado, la informaci\u00f3n circula r\u00e1pido y la crianza enfrenta nuevos retos digitales, elegir bien las herramientas m\u00f3viles marca una diferencia real. [&hellip;]<\/p>","protected":false},"author":219,"featured_media":10414,"comment_status":"closed","ping_status":"open","sticky":false,"template":"","format":"standard","meta":{"footnotes":""},"categories":[3],"tags":[],"yoast_head":"<!-- This site is optimized with the Yoast SEO plugin v23.3 - https:\/\/yoast.com\/wordpress\/plugins\/seo\/ -->\n<title>Aplicaciones esenciales para familias en 2025 - Universo Fam\u00edlia<\/title>\n<meta name=\"description\" content=\"Aplicaciones esenciales para familias en 2025 no es solo una tendencia tecnol\u00f3gica, sino una respuesta pr\u00e1ctica a la forma en que hoy...\" \/>\n<meta name=\"robots\" content=\"index, follow, max-snippet:-1, max-image-preview:large, max-video-preview:-1\" \/>\n<link rel=\"canonical\" href=\"http:\/\/universofamilia.com\/hu\/aplicaciones-esenciales-para-familias-en-2025\/\" \/>\n<meta property=\"og:locale\" content=\"hu_HU\" \/>\n<meta property=\"og:type\" content=\"article\" \/>\n<meta property=\"og:title\" content=\"Aplicaciones esenciales para familias en 2025 - Universo Fam\u00edlia\" \/>\n<meta property=\"og:description\" content=\"Aplicaciones esenciales para familias en 2025 no es solo una tendencia tecnol\u00f3gica, sino una respuesta pr\u00e1ctica a la forma en que hoy...\" \/>\n<meta property=\"og:url\" content=\"http:\/\/universofamilia.com\/hu\/aplicaciones-esenciales-para-familias-en-2025\/\" \/>\n<meta property=\"og:site_name\" content=\"Universo Fam\u00edlia\" \/>\n<meta property=\"article:published_time\" content=\"2025-12-15T19:39:04+00:00\" \/>\n<meta property=\"article:modified_time\" content=\"2025-12-15T19:39:08+00:00\" \/>\n<meta property=\"og:image\" content=\"http:\/\/universofamilia.com\/wp-content\/uploads\/sites\/148\/2025\/12\/Destaque-Novo-Universo.jpg\" \/>\n\t<meta property=\"og:image:width\" content=\"450\" \/>\n\t<meta property=\"og:image:height\" content=\"250\" \/>\n\t<meta property=\"og:image:type\" content=\"image\/jpeg\" \/>\n<meta name=\"author\" content=\"Matheus Sangaletti\" \/>\n<meta name=\"twitter:card\" content=\"summary_large_image\" \/>\n<meta name=\"twitter:label1\" content=\"Written by\" \/>\n\t<meta name=\"twitter:data1\" content=\"Matheus Sangaletti\" \/>\n\t<meta name=\"twitter:label2\" content=\"Est. reading time\" \/>\n\t<meta name=\"twitter:data2\" content=\"8 perc\" \/>\n<script type=\"application\/ld+json\" class=\"yoast-schema-graph\">{\"@context\":\"https:\/\/schema.org\",\"@graph\":[{\"@type\":\"WebPage\",\"@id\":\"http:\/\/universofamilia.com\/zh_hk\/aplicaciones-esenciales-para-familias-en-2025\/\",\"url\":\"http:\/\/universofamilia.com\/zh_hk\/aplicaciones-esenciales-para-familias-en-2025\/\",\"name\":\"Aplicaciones esenciales para familias en 2025 - Universo Fam\u00edlia\",\"isPartOf\":{\"@id\":\"https:\/\/universofamilia.com\/el\/#website\"},\"primaryImageOfPage\":{\"@id\":\"http:\/\/universofamilia.com\/zh_hk\/aplicaciones-esenciales-para-familias-en-2025\/#primaryimage\"},\"image\":{\"@id\":\"http:\/\/universofamilia.com\/zh_hk\/aplicaciones-esenciales-para-familias-en-2025\/#primaryimage\"},\"thumbnailUrl\":\"https:\/\/universofamilia.com\/wp-content\/uploads\/sites\/148\/2025\/12\/Destaque-Novo-Universo.jpg\",\"datePublished\":\"2025-12-15T19:39:04+00:00\",\"dateModified\":\"2025-12-15T19:39:08+00:00\",\"author\":{\"@id\":\"https:\/\/universofamilia.com\/el\/#\/schema\/person\/92fcd07e9b1f4323bf74f3170fc0f78a\"},\"description\":\"Aplicaciones esenciales para familias en 2025 no es solo una tendencia tecnol\u00f3gica, sino una respuesta pr\u00e1ctica a la forma en que hoy...\",\"breadcrumb\":{\"@id\":\"http:\/\/universofamilia.com\/zh_hk\/aplicaciones-esenciales-para-familias-en-2025\/#breadcrumb\"},\"inLanguage\":\"hu\",\"potentialAction\":[{\"@type\":\"ReadAction\",\"target\":[\"http:\/\/universofamilia.com\/zh_hk\/aplicaciones-esenciales-para-familias-en-2025\/\"]}]},{\"@type\":\"ImageObject\",\"inLanguage\":\"hu\",\"@id\":\"http:\/\/universofamilia.com\/zh_hk\/aplicaciones-esenciales-para-familias-en-2025\/#primaryimage\",\"url\":\"https:\/\/universofamilia.com\/wp-content\/uploads\/sites\/148\/2025\/12\/Destaque-Novo-Universo.jpg\",\"contentUrl\":\"https:\/\/universofamilia.com\/wp-content\/uploads\/sites\/148\/2025\/12\/Destaque-Novo-Universo.jpg\",\"width\":450,\"height\":250,\"caption\":\"Aplicaciones esenciales para familias en 2025\"},{\"@type\":\"BreadcrumbList\",\"@id\":\"http:\/\/universofamilia.com\/zh_hk\/aplicaciones-esenciales-para-familias-en-2025\/#breadcrumb\",\"itemListElement\":[{\"@type\":\"ListItem\",\"position\":1,\"name\":\"Home\",\"item\":\"https:\/\/universofamilia.com\/el\/\"},{\"@type\":\"ListItem\",\"position\":2,\"name\":\"Aplicaciones esenciales para familias en 2025\"}]},{\"@type\":\"WebSite\",\"@id\":\"https:\/\/universofamilia.com\/el\/#website\",\"url\":\"https:\/\/universofamilia.com\/el\/\",\"name\":\"Universo Fam\u00edlia\",\"description\":\"\",\"potentialAction\":[{\"@type\":\"SearchAction\",\"target\":{\"@type\":\"EntryPoint\",\"urlTemplate\":\"https:\/\/universofamilia.com\/el\/?s={search_term_string}\"},\"query-input\":\"required name=search_term_string\"}],\"inLanguage\":\"hu\"},{\"@type\":\"Person\",\"@id\":\"https:\/\/universofamilia.com\/el\/#\/schema\/person\/92fcd07e9b1f4323bf74f3170fc0f78a\",\"name\":\"Matheus Sangaletti\",\"image\":{\"@type\":\"ImageObject\",\"inLanguage\":\"hu\",\"@id\":\"https:\/\/universofamilia.com\/el\/#\/schema\/person\/image\/\",\"url\":\"https:\/\/secure.gravatar.com\/avatar\/280ea957a14a48e6a1ad2133d2cc27c9?s=96&d=mm&r=g\",\"contentUrl\":\"https:\/\/secure.gravatar.com\/avatar\/280ea957a14a48e6a1ad2133d2cc27c9?s=96&d=mm&r=g\",\"caption\":\"Matheus Sangaletti\"},\"url\":\"https:\/\/universofamilia.com\/hu\/author\/matheuss\/\"}]}<\/script>\n<!-- \/ Yoast SEO plugin. -->","yoast_head_json":{"title":"Aplicaciones esenciales para familias en 2025 - Universo Fam\u00edlia","description":"Aplicaciones esenciales para familias en 2025 no es solo una tendencia tecnol\u00f3gica, sino una respuesta pr\u00e1ctica a la forma en que hoy...","robots":{"index":"index","follow":"follow","max-snippet":"max-snippet:-1","max-image-preview":"max-image-preview:large","max-video-preview":"max-video-preview:-1"},"canonical":"http:\/\/universofamilia.com\/hu\/aplicaciones-esenciales-para-familias-en-2025\/","og_locale":"hu_HU","og_type":"article","og_title":"Aplicaciones esenciales para familias en 2025 - Universo Fam\u00edlia","og_description":"Aplicaciones esenciales para familias en 2025 no es solo una tendencia tecnol\u00f3gica, sino una respuesta pr\u00e1ctica a la forma en que hoy...","og_url":"http:\/\/universofamilia.com\/hu\/aplicaciones-esenciales-para-familias-en-2025\/","og_site_name":"Universo Fam\u00edlia","article_published_time":"2025-12-15T19:39:04+00:00","article_modified_time":"2025-12-15T19:39:08+00:00","og_image":[{"width":450,"height":250,"url":"http:\/\/universofamilia.com\/wp-content\/uploads\/sites\/148\/2025\/12\/Destaque-Novo-Universo.jpg","type":"image\/jpeg"}],"author":"Matheus Sangaletti","twitter_card":"summary_large_image","twitter_misc":{"Written by":"Matheus Sangaletti","Est. reading time":"8 perc"},"schema":{"@context":"https:\/\/schema.org","@graph":[{"@type":"WebPage","@id":"http:\/\/universofamilia.com\/zh_hk\/aplicaciones-esenciales-para-familias-en-2025\/","url":"http:\/\/universofamilia.com\/zh_hk\/aplicaciones-esenciales-para-familias-en-2025\/","name":"Aplicaciones esenciales para familias en 2025 - Universo Fam\u00edlia","isPartOf":{"@id":"https:\/\/universofamilia.com\/el\/#website"},"primaryImageOfPage":{"@id":"http:\/\/universofamilia.com\/zh_hk\/aplicaciones-esenciales-para-familias-en-2025\/#primaryimage"},"image":{"@id":"http:\/\/universofamilia.com\/zh_hk\/aplicaciones-esenciales-para-familias-en-2025\/#primaryimage"},"thumbnailUrl":"https:\/\/universofamilia.com\/wp-content\/uploads\/sites\/148\/2025\/12\/Destaque-Novo-Universo.jpg","datePublished":"2025-12-15T19:39:04+00:00","dateModified":"2025-12-15T19:39:08+00:00","author":{"@id":"https:\/\/universofamilia.com\/el\/#\/schema\/person\/92fcd07e9b1f4323bf74f3170fc0f78a"},"description":"Aplicaciones esenciales para familias en 2025 no es solo una tendencia tecnol\u00f3gica, sino una respuesta pr\u00e1ctica a la forma en que hoy...","breadcrumb":{"@id":"http:\/\/universofamilia.com\/zh_hk\/aplicaciones-esenciales-para-familias-en-2025\/#breadcrumb"},"inLanguage":"hu","potentialAction":[{"@type":"ReadAction","target":["http:\/\/universofamilia.com\/zh_hk\/aplicaciones-esenciales-para-familias-en-2025\/"]}]},{"@type":"ImageObject","inLanguage":"hu","@id":"http:\/\/universofamilia.com\/zh_hk\/aplicaciones-esenciales-para-familias-en-2025\/#primaryimage","url":"https:\/\/universofamilia.com\/wp-content\/uploads\/sites\/148\/2025\/12\/Destaque-Novo-Universo.jpg","contentUrl":"https:\/\/universofamilia.com\/wp-content\/uploads\/sites\/148\/2025\/12\/Destaque-Novo-Universo.jpg","width":450,"height":250,"caption":"Aplicaciones esenciales para familias en 2025"},{"@type":"BreadcrumbList","@id":"http:\/\/universofamilia.com\/zh_hk\/aplicaciones-esenciales-para-familias-en-2025\/#breadcrumb","itemListElement":[{"@type":"ListItem","position":1,"name":"Home","item":"https:\/\/universofamilia.com\/el\/"},{"@type":"ListItem","position":2,"name":"Aplicaciones esenciales para familias en 2025"}]},{"@type":"WebSite","@id":"https:\/\/universofamilia.com\/el\/#website","url":"https:\/\/universofamilia.com\/el\/","name":"Universo Fam\u00edlia","description":"","potentialAction":[{"@type":"SearchAction","target":{"@type":"EntryPoint","urlTemplate":"https:\/\/universofamilia.com\/el\/?s={search_term_string}"},"query-input":"required name=search_term_string"}],"inLanguage":"hu"},{"@type":"Person","@id":"https:\/\/universofamilia.com\/el\/#\/schema\/person\/92fcd07e9b1f4323bf74f3170fc0f78a","name":"Matheus Sangaletti","image":{"@type":"ImageObject","inLanguage":"hu","@id":"https:\/\/universofamilia.com\/el\/#\/schema\/person\/image\/","url":"https:\/\/secure.gravatar.com\/avatar\/280ea957a14a48e6a1ad2133d2cc27c9?s=96&d=mm&r=g","contentUrl":"https:\/\/secure.gravatar.com\/avatar\/280ea957a14a48e6a1ad2133d2cc27c9?s=96&d=mm&r=g","caption":"Matheus Sangaletti"},"url":"https:\/\/universofamilia.com\/hu\/author\/matheuss\/"}]}},"_links":{"self":[{"href":"https:\/\/universofamilia.com\/hu\/wp-json\/wp\/v2\/posts\/10413"}],"collection":[{"href":"https:\/\/universofamilia.com\/hu\/wp-json\/wp\/v2\/posts"}],"about":[{"href":"https:\/\/universofamilia.com\/hu\/wp-json\/wp\/v2\/types\/post"}],"author":[{"embeddable":true,"href":"https:\/\/universofamilia.com\/hu\/wp-json\/wp\/v2\/users\/219"}],"replies":[{"embeddable":true,"href":"https:\/\/universofamilia.com\/hu\/wp-json\/wp\/v2\/comments?post=10413"}],"version-history":[{"count":1,"href":"https:\/\/universofamilia.com\/hu\/wp-json\/wp\/v2\/posts\/10413\/revisions"}],"predecessor-version":[{"id":10417,"href":"https:\/\/universofamilia.com\/hu\/wp-json\/wp\/v2\/posts\/10413\/revisions\/10417"}],"wp:featuredmedia":[{"embeddable":true,"href":"https:\/\/universofamilia.com\/hu\/wp-json\/wp\/v2\/media\/10414"}],"wp:attachment":[{"href":"https:\/\/universofamilia.com\/hu\/wp-json\/wp\/v2\/media?parent=10413"}],"wp:term":[{"taxonomy":"category","embeddable":true,"href":"https:\/\/universofamilia.com\/hu\/wp-json\/wp\/v2\/categories?post=10413"},{"taxonomy":"post_tag","embeddable":true,"href":"https:\/\/universofamilia.com\/hu\/wp-json\/wp\/v2\/tags?post=10413"}],"curies":[{"name":"wp","href":"https:\/\/api.w.org\/{rel}","templated":true}]}}