{"id":1977,"date":"2023-05-27T16:15:00","date_gmt":"2023-05-27T16:15:00","guid":{"rendered":"https:\/\/universofamilia.com\/?p=1977"},"modified":"2023-05-27T16:15:00","modified_gmt":"2023-05-27T16:15:00","slug":"o-que-e-ser-mae-adotiva","status":"publish","type":"post","link":"https:\/\/universofamilia.com\/hu\/o-que-e-ser-mae-adotiva\/","title":{"rendered":"Mit jelent \u00f6r\u00f6kbefogad\u00f3 any\u00e1nak lenni?"},"content":{"rendered":"<h4 class=\"wp-block-heading\">Hat\u00e1rok n\u00e9lk\u00fcli szerelem<\/h4>\n\n\n\n<p>T\u00f6bbnek lenni egy fens\u00e9ges \u00e9lm\u00e9ny, amely t\u00falmutat a v\u00e9rs\u00e9gi k\u00f6tel\u00e9keken. Egy szeretetteljesebb ember sz\u00e1m\u00e1ra ez az \u00e9lm\u00e9ny m\u00e9g k\u00fcl\u00f6nlegesebb.<\/p>\n\n\n\n<p>Ebben a sz\u00f6vegben azt vizsg\u00e1ljuk, mit jelent nagyobb szeretettel lenni, szemben\u00e9zni a kih\u00edv\u00e1sokkal, az \u00f6r\u00f6m\u00f6kkel \u00e9s a felt\u00e9tel n\u00e9lk\u00fcli szeretettel, amelyek \u00e1thatj\u00e1k ezt az egyed\u00fcl\u00e1ll\u00f3 utaz\u00e1st.<\/p>\n\n\n\n<h3 class=\"wp-block-heading\">L\u00e1sd m\u00e9g:<\/h3>\n\n\n\n<p><a href=\"https:\/\/universofamilia.com\/hu\/o-que-e-ser-mae\/\" target=\"_blank\" rel=\"noreferrer noopener\">Vagy mit jelent m\u00e3e-nek lenni? Egy felt\u00e9tel n\u00e9lk\u00fcli szeretet, amely \u00e9leteket v\u00e1ltoztat meg<\/a><\/p>\n\n\n\n<p><a href=\"https:\/\/universofamilia.com\/hu\/a-importancia-do-controle-de-gastos-familiar\/\" target=\"_blank\" rel=\"noreferrer noopener\">A csal\u00e1di kiad\u00e1sok ellen\u0151rz\u00e9s\u00e9nek fontoss\u00e1ga<\/a><\/p>\n\n\n\n<p><a href=\"https:\/\/www.luzbaby.com.br\/\" target=\"_blank\" rel=\"noreferrer noopener\">A Luz Baby az egyik legjobb csecsem\u0151term\u00e9keket \u00e1rus\u00edt\u00f3 \u00fczlet. Kattints ide.<\/a><\/p>\n\n\n\n<h4 class=\"wp-block-heading\">A Escolha do Cora\u00e7\u00e3o<\/h4>\n\n\n\n<p>Amikor egy n\u0151 \u00fagy d\u00f6nt, hogy szeret\u0151bb lesz, a b\u00e1tors\u00e1g \u00e9s a szeretet iskol\u00e1j\u00e1val n\u00e9z szembe. Megnyitja a sz\u00edv\u00e9t egy olyan gyermek befogad\u00e1s\u00e1ra, aki nem az \u0151 m\u00e9h\u00e9b\u0151l sz\u00fcletett, de akit ugyanolyan intenzit\u00e1ssal \u00e9s v\u00e1ggyal v\u00e1rnak t\u0151le.<\/p>\n\n\n\n<p>Az \u00f6r\u00f6kbefogad\u00f3 anyas\u00e1g lehet\u0151s\u00e9get ad arra, hogy m\u00e9ly \u00e9s tart\u00f3s k\u00f6tel\u00e9ket alak\u00edtsunk ki egy olyan gyermekkel, aki m\u00e1s utakon j\u00e1r.<\/p>\n\n\n\n<figure class=\"wp-block-image size-full\"><img loading=\"lazy\" decoding=\"async\" width=\"448\" height=\"350\" src=\"http:\/\/universofamilia.com\/wp-content\/uploads\/sites\/148\/2023\/05\/FOTO-DESTAQUE-mae-adotiva-universo-familia-448x350-.png\" alt=\"\" class=\"wp-image-1979\" srcset=\"https:\/\/universofamilia.com\/wp-content\/uploads\/sites\/148\/2023\/05\/FOTO-DESTAQUE-mae-adotiva-universo-familia-448x350-.png 448w, https:\/\/universofamilia.com\/wp-content\/uploads\/sites\/148\/2023\/05\/FOTO-DESTAQUE-mae-adotiva-universo-familia-448x350--300x234.png 300w\" sizes=\"(max-width: 448px) 100vw, 448px\" \/><\/figure>\n\n\n\n<h4 class=\"wp-block-heading\">A felt\u00e9tel n\u00e9lk\u00fcli szeretet ereje<\/h4>\n\n\n\n<p>Egy szeret\u0151 anya szeretete val\u00f3ban felt\u00e9tel n\u00e9lk\u00fcli. T\u00e1mogatja a gyermeket a saj\u00e1t t\u00f6rt\u00e9net\u00e9vel, sebeivel \u00e9s kih\u00edv\u00e1saival, amelyek gondoskod\u00e1st \u00e9s meg\u00e9rt\u00e9st ig\u00e9nyelnek.<\/p>\n\n\n\n<p>Ez\u00e9rt a szeretetteljesebb \u00e9letm\u00f3d azt jelenti, hogy hajland\u00f3ak vagyunk szeretettel, t\u00fcrelemmel \u00e9s odaad\u00e1ssal szemben\u00e9zni ezekkel a neh\u00e9zs\u00e9gekkel, \u00e9s olyan k\u00f6tel\u00e9ket \u00e9p\u00edt\u00fcnk, amely legy\u0151z minden akad\u00e1lyt.<\/p>\n\n\n\n<h4 class=\"wp-block-heading\">A v\u00e1rakoz\u00e1s napja<\/h4>\n\n\n\n<p>Egy szeret\u0151 anya napja gyakran v\u00e1rakoz\u00e1ssal kezd\u0151dik. Tal\u00e1lkozik a sz\u00fcl\u0151kkel, interj\u00fakon \u00e9s vizsg\u00e1kon esik \u00e1t, \u00e9s v\u00e1rja a pillanatot, amikor a karjainkba veheti gyermek\u00e9t.<\/p>\n\n\n\n<p>Ez a v\u00e1rakoz\u00e1s nyomaszt\u00f3 lehet, de egyben lehet\u0151s\u00e9get is ad arra, hogy \u00e9rzelmileg \u00e9s fizikailag is felk\u00e9sz\u00fclj\u00fcnk arra, hogy minden sz\u00fcks\u00e9ges szeretettel \u00e9s gondoskod\u00e1ssal fogadhassuk a gyermekeket.<\/p>\n\n\n\n<figure class=\"wp-block-image size-full\"><img loading=\"lazy\" decoding=\"async\" width=\"550\" height=\"350\" src=\"http:\/\/universofamilia.com\/wp-content\/uploads\/sites\/148\/2023\/05\/POST-FOTO-APPS-DE-mae-adotiva-universo-familia-.png\" alt=\"\" class=\"wp-image-1980\" srcset=\"https:\/\/universofamilia.com\/wp-content\/uploads\/sites\/148\/2023\/05\/POST-FOTO-APPS-DE-mae-adotiva-universo-familia-.png 550w, https:\/\/universofamilia.com\/wp-content\/uploads\/sites\/148\/2023\/05\/POST-FOTO-APPS-DE-mae-adotiva-universo-familia--300x191.png 300w\" sizes=\"(max-width: 550px) 100vw, 550px\" \/><\/figure>\n\n\n\n<h4 class=\"wp-block-heading\">\u00c1talakul\u00e1s \u00e9s tanul\u00e1s<\/h4>\n\n\n\n<p>Az \u00f6r\u00f6kbefogad\u00f3 anyas\u00e1g a szem\u00e9lyes \u00e1talakul\u00e1s napja. Szerelmem megtanulja \u00faj m\u00f3don felem\u00e9szteni a vil\u00e1got, \u00e9rt\u00e9kelni az apr\u00f3 pillanatokat \u00e9s megtal\u00e1lni a sz\u00e9ps\u00e9get a neh\u00e9zs\u00e9gekben.<\/p>\n\n\n\n<p>Er\u0151 \u00e9s inspir\u00e1ci\u00f3 forr\u00e1s\u00e1v\u00e1 v\u00e1lik gyermekei sz\u00e1m\u00e1ra, tud\u00e1ssal \u00e9s szeretettel ir\u00e1ny\u00edtva az \u00e9let \u00fatj\u00e1t.<\/p>\n\n\n\n<h4 class=\"wp-block-heading\">Kih\u00edv\u00e1sok Lek\u00fczd\u00e9se<\/h4>\n\n\n\n<p>A nagyobb szeretethez egyedi kih\u00edv\u00e1sok lek\u00fczd\u00e9s\u00e9re is sz\u00fcks\u00e9g van. Egy tehets\u00e9ges gyermek olyan traumatikus \u00e9lm\u00e9nyeket \u00e9lhetett \u00e1t, amelyek a m\u00faltban nem t\u00f6rt\u00e9ntek meg, vagy amelyek \u00e9rz\u00e9keny \u00e9s figyelmes megk\u00f6zel\u00edt\u00e9st ig\u00e9nyelnek.<\/p>\n\n\n\n<p>Ez\u00e9rt any\u00e1m igyekszik meg\u00e9rteni gyermeke \u00e9rzelmi sz\u00fcks\u00e9gleteit, t\u00e1mogat\u00e1st, biztons\u00e1got, valamint szeretetteljes \u00e9s bizalmi l\u00e9gk\u00f6rt k\u00edn\u00e1lva. A viharok k\u00f6zep\u00e9n v\u00f6r\u00f6sre sz\u00ednez\u0151dik, stabilit\u00e1st \u00e9s biztons\u00e1gos mened\u00e9ket ny\u00fajtva a gyermekeknek.<\/p>\n\n\n\n<h4 class=\"wp-block-heading\">Az \u00f6r\u00f6kbefogad\u00f3 anyas\u00e1g \u00f6r\u00f6mei<\/h4>\n\n\n\n<p>Az anyas\u00e1g \u00e9s az \u00f6r\u00f6kbefogad\u00e1s \u00f6r\u00f6mei sz\u00e1mtalanok. Att\u00f3l a pillanatt\u00f3l kezdve, hogy a gyermek a karjainkba ker\u00fcl, minden h\u00f3d\u00edt\u00e1s, minden mosoly \u00e9s minden nyitott \u00f6lel\u00e9s, szeretteim a tiszta boldogs\u00e1g \u00e9s a h\u00e1la pillanatait \u00e9lik \u00e1t.<\/p>\n\n\n\n<p>Ennek ellen\u00e9re \u00fcnnepli az apr\u00f3 gy\u0151zelmeket, \u00e9s b\u00fcszke gyermekei n\u00f6veked\u00e9s\u00e9re \u00e9s fejl\u0151d\u00e9s\u00e9re, tudv\u00e1n, hogy v\u00e1ltoz\u00e1st hoznak az \u00e9let\u00e9be.<\/p>\n\n\n\n<figure class=\"wp-block-image size-full\"><img loading=\"lazy\" decoding=\"async\" width=\"550\" height=\"350\" src=\"http:\/\/universofamilia.com\/wp-content\/uploads\/sites\/148\/2023\/05\/POST-FOTO-APPS-DE-mae-adotiva-universo-familia-1.png\" alt=\"\" class=\"wp-image-1981\" srcset=\"https:\/\/universofamilia.com\/wp-content\/uploads\/sites\/148\/2023\/05\/POST-FOTO-APPS-DE-mae-adotiva-universo-familia-1.png 550w, https:\/\/universofamilia.com\/wp-content\/uploads\/sites\/148\/2023\/05\/POST-FOTO-APPS-DE-mae-adotiva-universo-familia-1-300x191.png 300w\" sizes=\"(max-width: 550px) 100vw, 550px\" \/><\/figure>\n\n\n\n<h4 class=\"wp-block-heading\">A Fam\u00edlia do Cora\u00e7\u00e3o<\/h4>\n\n\n\n<p>Az \u00f6r\u00f6kbefogad\u00f3 anyas\u00e1gban a csal\u00e1d nemcsak v\u00e9r szerinti, hanem szeretet \u00e9s \u00e9rzelmi k\u00f6tel\u00e9k r\u00e9v\u00e9n \u00e9p\u00fcl fel. A szerelmem \u00e9s a gyermekem egy beteljes\u00fcl\u00e9sen \u00e9s szereteten alapul\u00f3 kapcsolatot \u00e9p\u00edtenek ki, amely t\u00falmutat a biol\u00f3giai k\u00f6tel\u00e9keken.<\/p>\n\n\n\n<p>Sz\u00edvb\u0151l j\u00f6v\u0151 csal\u00e1dd\u00e1 v\u00e1lnak, akiket a szeretet \u00e9s az \u00e9let megoszt\u00e1s\u00e1nak k\u00f6lcs\u00f6n\u00f6s v\u00e1gya egyes\u00edt.<\/p>\n\n\n\n<h4 class=\"wp-block-heading\">K\u00f6vetkeztet\u00e9s<\/h4>\n\n\n\n<p>A nagyobb szeretet a szeretet, a b\u00e1tors\u00e1g \u00e9s az elk\u00f6telezetts\u00e9g \u00fatja. Nyisd meg a sz\u00edved, hogy befogadj egy gyermeket, \u00e9s k\u00edn\u00e1lj neki biztons\u00e1gos \u00e9s szeret\u0151 \u00e9letet. R\u00f6viden, ez a kih\u00edv\u00e1sok lek\u00fczd\u00e9s\u00e9t, az \u00e9letek \u00e1talak\u00edt\u00e1s\u00e1t \u00e9s egy felt\u00e9tel n\u00e9lk\u00fcli szereteten alapul\u00f3 csal\u00e1d \u00e9p\u00edt\u00e9s\u00e9t jelenti.<\/p>\n\n\n\n<p>Az \u00f6r\u00f6kbefogad\u00f3 anyas\u00e1g izgalmas \u00e9s gazdag\u00edt\u00f3 \u00e9lm\u00e9ny, amely m\u00e9ly \u00e9s tart\u00f3s k\u00f6tel\u00e9kek kialak\u00edt\u00e1s\u00e1ra k\u00e9pes. Nemcsak a v\u00e9r szerinti kapcsolatok, hanem az igaz szerelem miatt is az vagyok.<\/p>\n\n\n\n<p>Ak\u00e1r biol\u00f3giai, ak\u00e1r \u00f6r\u00f6kbefogad\u00e1si okokr\u00f3l van sz\u00f3, az igaz\u00e1n sz\u00e1m\u00edt a gyermeknek ny\u00fajtott szeretet \u00e9s gondoskod\u00e1s.<\/p>\n\n\n\n<p>Az \u00f6r\u00f6kbefogad\u00f3 anyas\u00e1g er\u0151teljes p\u00e9lda arra, hogy a szeretet nem tartalmaz akad\u00e1lyokat, \u00e9s hogy egy szeret\u0151 anya k\u00e9pes egy szeretettel, meg\u00e9rt\u00e9ssel \u00e9s lehet\u0151s\u00e9gekkel teli vil\u00e1got k\u00edn\u00e1lni gyermeke n\u00f6veked\u00e9s\u00e9hez \u00e9s fejl\u0151d\u00e9s\u00e9hez.<\/p>\n\n\n\n<p>B\u00e1rcsak a legszeret\u0151bbek \u00fajj\u00e1alakuln\u00e1nak \u00e9s \u00e9rt\u00e9keln\u00e9k \u0151ket b\u00e1tors\u00e1guk, elk\u00f6telezetts\u00e9g\u00fck \u00e9s felt\u00e9tel n\u00e9lk\u00fcli szeretet\u00fck \u00e1ltal. Lehetsz szeret\u0151bb \u00e9s aj\u00e1nd\u00e9k, kiv\u00e1lts\u00e1g \u00e9s egy \u00e9leteket \u00e1talak\u00edt\u00f3 utaz\u00e1s.<\/p>\n\n\n\n<p>V\u00e9gs\u0151 soron ezeket a rendk\u00edv\u00fcli n\u0151ket az\u00e9rt \u00fcnneplik, mert v\u00e1gynak arra, hogy megnyiss\u00e1k a sz\u00edv\u00fcket \u00e9s v\u00e1ltoz\u00e1st hozzanak gyermekeik \u00e9let\u00e9be, szeretettel \u00e9s gondoskod\u00e1ssal hagyva maguk ut\u00e1n egy \u00f6r\u00f6kk\u00e9 tart\u00f3 \u00f6r\u00f6ks\u00e9get.<\/p>","protected":false},"excerpt":{"rendered":"<p>T\u00f6bbnek lenni egy fens\u00e9ges \u00e9lm\u00e9ny, amely t\u00falmutat a v\u00e9rs\u00e9gi k\u00f6tel\u00e9keken. Egy szeretetteljesebb ember sz\u00e1m\u00e1ra ez az \u00e9lm\u00e9ny m\u00e9g k\u00fcl\u00f6nlegesebb.<\/p>\n<p>Ebben a sz\u00f6vegben azt vizsg\u00e1ljuk, mit jelent nagyobb szeretettel lenni, szemben\u00e9zni a kih\u00edv\u00e1sokkal, az \u00f6r\u00f6m\u00f6kkel \u00e9s a felt\u00e9tel n\u00e9lk\u00fcli szeretettel, amelyek \u00e1thatj\u00e1k ezt az egyed\u00fcl\u00e1ll\u00f3 utaz\u00e1st.<\/p>","protected":false},"author":0,"featured_media":1982,"comment_status":"closed","ping_status":"open","sticky":false,"template":"","format":"standard","meta":{"footnotes":""},"categories":[5],"tags":[74,1058,1484],"yoast_head":"<!-- This site is optimized with the Yoast SEO plugin v23.3 - https:\/\/yoast.com\/wordpress\/plugins\/seo\/ -->\n<title>O Que \u00c9 Ser M\u00e3e Adotiva - Universo Fam\u00edlia<\/title>\n<meta name=\"description\" content=\"Ser m\u00e3e \u00e9 uma experi\u00eancia sublime que transcende os la\u00e7os de sangue. Para uma m\u00e3e adotiva, essa experi\u00eancia \u00e9 ainda mais especial.\" \/>\n<meta name=\"robots\" content=\"index, follow, max-snippet:-1, max-image-preview:large, max-video-preview:-1\" \/>\n<link rel=\"canonical\" href=\"http:\/\/universofamilia.com\/hu\/o-que-e-ser-mae-adotiva\/\" \/>\n<meta property=\"og:locale\" content=\"hu_HU\" \/>\n<meta property=\"og:type\" content=\"article\" \/>\n<meta property=\"og:title\" content=\"O Que \u00c9 Ser M\u00e3e Adotiva - Universo Fam\u00edlia\" \/>\n<meta property=\"og:description\" content=\"Ser m\u00e3e \u00e9 uma experi\u00eancia sublime que transcende os la\u00e7os de sangue. Para uma m\u00e3e adotiva, essa experi\u00eancia \u00e9 ainda mais especial.\" \/>\n<meta property=\"og:url\" content=\"http:\/\/universofamilia.com\/hu\/o-que-e-ser-mae-adotiva\/\" \/>\n<meta property=\"og:site_name\" content=\"Universo Fam\u00edlia\" \/>\n<meta property=\"article:published_time\" content=\"2023-05-27T16:15:00+00:00\" \/>\n<meta property=\"og:image\" content=\"http:\/\/universofamilia.com\/wp-content\/uploads\/sites\/148\/2023\/05\/FOTO-DESTAQUE-mae-adotiva-universo-familia-448x350-1-1.png\" \/>\n\t<meta property=\"og:image:width\" content=\"448\" \/>\n\t<meta property=\"og:image:height\" content=\"350\" \/>\n\t<meta property=\"og:image:type\" content=\"image\/png\" \/>\n<meta name=\"twitter:card\" content=\"summary_large_image\" \/>\n<meta name=\"twitter:label1\" content=\"Est. reading time\" \/>\n\t<meta name=\"twitter:data1\" content=\"5 perc\" \/>\n<script type=\"application\/ld+json\" class=\"yoast-schema-graph\">{\"@context\":\"https:\/\/schema.org\",\"@graph\":[{\"@type\":\"WebPage\",\"@id\":\"http:\/\/universofamilia.com\/el\/o-que-e-ser-mae-adotiva\/\",\"url\":\"http:\/\/universofamilia.com\/el\/o-que-e-ser-mae-adotiva\/\",\"name\":\"O Que \u00c9 Ser M\u00e3e Adotiva - Universo Fam\u00edlia\",\"isPartOf\":{\"@id\":\"https:\/\/universofamilia.com\/el\/#website\"},\"primaryImageOfPage\":{\"@id\":\"http:\/\/universofamilia.com\/el\/o-que-e-ser-mae-adotiva\/#primaryimage\"},\"image\":{\"@id\":\"http:\/\/universofamilia.com\/el\/o-que-e-ser-mae-adotiva\/#primaryimage\"},\"thumbnailUrl\":\"https:\/\/universofamilia.com\/wp-content\/uploads\/sites\/148\/2023\/05\/FOTO-DESTAQUE-mae-adotiva-universo-familia-448x350-1-1.png\",\"datePublished\":\"2023-05-27T16:15:00+00:00\",\"dateModified\":\"2023-05-27T16:15:00+00:00\",\"author\":{\"@id\":\"\"},\"description\":\"Ser m\u00e3e \u00e9 uma experi\u00eancia sublime que transcende os la\u00e7os de sangue. Para uma m\u00e3e adotiva, essa experi\u00eancia \u00e9 ainda mais especial.\",\"breadcrumb\":{\"@id\":\"http:\/\/universofamilia.com\/el\/o-que-e-ser-mae-adotiva\/#breadcrumb\"},\"inLanguage\":\"hu\",\"potentialAction\":[{\"@type\":\"ReadAction\",\"target\":[\"http:\/\/universofamilia.com\/el\/o-que-e-ser-mae-adotiva\/\"]}]},{\"@type\":\"ImageObject\",\"inLanguage\":\"hu\",\"@id\":\"http:\/\/universofamilia.com\/el\/o-que-e-ser-mae-adotiva\/#primaryimage\",\"url\":\"https:\/\/universofamilia.com\/wp-content\/uploads\/sites\/148\/2023\/05\/FOTO-DESTAQUE-mae-adotiva-universo-familia-448x350-1-1.png\",\"contentUrl\":\"https:\/\/universofamilia.com\/wp-content\/uploads\/sites\/148\/2023\/05\/FOTO-DESTAQUE-mae-adotiva-universo-familia-448x350-1-1.png\",\"width\":448,\"height\":350},{\"@type\":\"BreadcrumbList\",\"@id\":\"http:\/\/universofamilia.com\/el\/o-que-e-ser-mae-adotiva\/#breadcrumb\",\"itemListElement\":[{\"@type\":\"ListItem\",\"position\":1,\"name\":\"Home\",\"item\":\"https:\/\/universofamilia.com\/el\/\"},{\"@type\":\"ListItem\",\"position\":2,\"name\":\"O Que \u00c9 Ser M\u00e3e Adotiva\"}]},{\"@type\":\"WebSite\",\"@id\":\"https:\/\/universofamilia.com\/el\/#website\",\"url\":\"https:\/\/universofamilia.com\/el\/\",\"name\":\"Universo Fam\u00edlia\",\"description\":\"\",\"potentialAction\":[{\"@type\":\"SearchAction\",\"target\":{\"@type\":\"EntryPoint\",\"urlTemplate\":\"https:\/\/universofamilia.com\/el\/?s={search_term_string}\"},\"query-input\":\"required name=search_term_string\"}],\"inLanguage\":\"hu\"}]}<\/script>\n<!-- \/ Yoast SEO plugin. -->","yoast_head_json":{"title":"O Que \u00c9 Ser M\u00e3e Adotiva - Universo Fam\u00edlia","description":"Ser m\u00e3e \u00e9 uma experi\u00eancia sublime que transcende os la\u00e7os de sangue. Para uma m\u00e3e adotiva, essa experi\u00eancia \u00e9 ainda mais especial.","robots":{"index":"index","follow":"follow","max-snippet":"max-snippet:-1","max-image-preview":"max-image-preview:large","max-video-preview":"max-video-preview:-1"},"canonical":"http:\/\/universofamilia.com\/hu\/o-que-e-ser-mae-adotiva\/","og_locale":"hu_HU","og_type":"article","og_title":"O Que \u00c9 Ser M\u00e3e Adotiva - Universo Fam\u00edlia","og_description":"Ser m\u00e3e \u00e9 uma experi\u00eancia sublime que transcende os la\u00e7os de sangue. Para uma m\u00e3e adotiva, essa experi\u00eancia \u00e9 ainda mais especial.","og_url":"http:\/\/universofamilia.com\/hu\/o-que-e-ser-mae-adotiva\/","og_site_name":"Universo Fam\u00edlia","article_published_time":"2023-05-27T16:15:00+00:00","og_image":[{"width":448,"height":350,"url":"http:\/\/universofamilia.com\/wp-content\/uploads\/sites\/148\/2023\/05\/FOTO-DESTAQUE-mae-adotiva-universo-familia-448x350-1-1.png","type":"image\/png"}],"twitter_card":"summary_large_image","twitter_misc":{"Est. reading time":"5 perc"},"schema":{"@context":"https:\/\/schema.org","@graph":[{"@type":"WebPage","@id":"http:\/\/universofamilia.com\/el\/o-que-e-ser-mae-adotiva\/","url":"http:\/\/universofamilia.com\/el\/o-que-e-ser-mae-adotiva\/","name":"O Que \u00c9 Ser M\u00e3e Adotiva - Universo Fam\u00edlia","isPartOf":{"@id":"https:\/\/universofamilia.com\/el\/#website"},"primaryImageOfPage":{"@id":"http:\/\/universofamilia.com\/el\/o-que-e-ser-mae-adotiva\/#primaryimage"},"image":{"@id":"http:\/\/universofamilia.com\/el\/o-que-e-ser-mae-adotiva\/#primaryimage"},"thumbnailUrl":"https:\/\/universofamilia.com\/wp-content\/uploads\/sites\/148\/2023\/05\/FOTO-DESTAQUE-mae-adotiva-universo-familia-448x350-1-1.png","datePublished":"2023-05-27T16:15:00+00:00","dateModified":"2023-05-27T16:15:00+00:00","author":{"@id":""},"description":"Ser m\u00e3e \u00e9 uma experi\u00eancia sublime que transcende os la\u00e7os de sangue. Para uma m\u00e3e adotiva, essa experi\u00eancia \u00e9 ainda mais especial.","breadcrumb":{"@id":"http:\/\/universofamilia.com\/el\/o-que-e-ser-mae-adotiva\/#breadcrumb"},"inLanguage":"hu","potentialAction":[{"@type":"ReadAction","target":["http:\/\/universofamilia.com\/el\/o-que-e-ser-mae-adotiva\/"]}]},{"@type":"ImageObject","inLanguage":"hu","@id":"http:\/\/universofamilia.com\/el\/o-que-e-ser-mae-adotiva\/#primaryimage","url":"https:\/\/universofamilia.com\/wp-content\/uploads\/sites\/148\/2023\/05\/FOTO-DESTAQUE-mae-adotiva-universo-familia-448x350-1-1.png","contentUrl":"https:\/\/universofamilia.com\/wp-content\/uploads\/sites\/148\/2023\/05\/FOTO-DESTAQUE-mae-adotiva-universo-familia-448x350-1-1.png","width":448,"height":350},{"@type":"BreadcrumbList","@id":"http:\/\/universofamilia.com\/el\/o-que-e-ser-mae-adotiva\/#breadcrumb","itemListElement":[{"@type":"ListItem","position":1,"name":"Home","item":"https:\/\/universofamilia.com\/el\/"},{"@type":"ListItem","position":2,"name":"O Que \u00c9 Ser M\u00e3e Adotiva"}]},{"@type":"WebSite","@id":"https:\/\/universofamilia.com\/el\/#website","url":"https:\/\/universofamilia.com\/el\/","name":"Universo Fam\u00edlia","description":"","potentialAction":[{"@type":"SearchAction","target":{"@type":"EntryPoint","urlTemplate":"https:\/\/universofamilia.com\/el\/?s={search_term_string}"},"query-input":"required name=search_term_string"}],"inLanguage":"hu"}]}},"_links":{"self":[{"href":"https:\/\/universofamilia.com\/hu\/wp-json\/wp\/v2\/posts\/1977"}],"collection":[{"href":"https:\/\/universofamilia.com\/hu\/wp-json\/wp\/v2\/posts"}],"about":[{"href":"https:\/\/universofamilia.com\/hu\/wp-json\/wp\/v2\/types\/post"}],"replies":[{"embeddable":true,"href":"https:\/\/universofamilia.com\/hu\/wp-json\/wp\/v2\/comments?post=1977"}],"version-history":[{"count":0,"href":"https:\/\/universofamilia.com\/hu\/wp-json\/wp\/v2\/posts\/1977\/revisions"}],"wp:featuredmedia":[{"embeddable":true,"href":"https:\/\/universofamilia.com\/hu\/wp-json\/wp\/v2\/media\/1982"}],"wp:attachment":[{"href":"https:\/\/universofamilia.com\/hu\/wp-json\/wp\/v2\/media?parent=1977"}],"wp:term":[{"taxonomy":"category","embeddable":true,"href":"https:\/\/universofamilia.com\/hu\/wp-json\/wp\/v2\/categories?post=1977"},{"taxonomy":"post_tag","embeddable":true,"href":"https:\/\/universofamilia.com\/hu\/wp-json\/wp\/v2\/tags?post=1977"}],"curies":[{"name":"wp","href":"https:\/\/api.w.org\/{rel}","templated":true}]}}