{"id":2016,"date":"2023-05-28T17:00:00","date_gmt":"2023-05-28T17:00:00","guid":{"rendered":"https:\/\/universofamilia.com\/?p=2016"},"modified":"2025-10-05T22:56:30","modified_gmt":"2025-10-06T01:56:30","slug":"como-aliviar-as-colicas-do-bebe","status":"publish","type":"post","link":"https:\/\/universofamilia.com\/hu\/como-aliviar-as-colicas-do-bebe\/","title":{"rendered":"Hogyan enyh\u00edts\u00fck a baba k\u00f3lik\u00e1j\u00e1t?"},"content":{"rendered":"<h4 class=\"wp-block-heading\">Fedezzen fel hat\u00e9kony technik\u00e1kat a Trazer okozta f\u00e1jdalom enyh\u00edt\u00e9s\u00e9re \u00e9s k\u00e9nyelm\u00e9re<\/h4>\n\n\n\n<p>A baba \u00f6lel\u00e9se \u00f6r\u00f6met \u00e9s felt\u00e9tel n\u00e9lk\u00fcli szeretetet hoz, de kih\u00edv\u00e1sokkal is j\u00e1rhat, p\u00e9ld\u00e1ul hasf\u00e1j\u00e1ssal. Ezek a hasizmok aggodalommal t\u00f6lthetnek el, a baba pedig k\u00e9nyelmetlen\u00fcl \u00e9rezheti mag\u00e1t.<\/p>\n\n\n\n<p>Ebben az \u00fatmutat\u00f3ban hat\u00e9kony technik\u00e1kat fogunk felt\u00e1rni a baba k\u00f3lik\u00e1j\u00e1nak enyh\u00edt\u00e9s\u00e9re, k\u00e9nyelmet \u00e9s lelki nyugalmat biztos\u00edtva.<\/p>\n\n\n\n<h3 class=\"wp-block-heading\">L\u00e1sd m\u00e9g:<\/h3>\n\n\n\n<p><a href=\"https:\/\/universofamilia.com\/hu\/o-que-e-ser-mae\/\" target=\"_blank\" rel=\"noreferrer noopener\">Mit jelent any\u00e1nak lenni?<\/a><\/p>\n\n\n\n<p><a href=\"https:\/\/universofamilia.com\/hu\/os-melhores-apps-de-emagrecimento-gratuitos\/\" target=\"_blank\" rel=\"noreferrer noopener\">A legjobb ingyenes emagrecimento alkalmaz\u00e1sok<\/a><\/p>\n\n\n\n<h4 class=\"wp-block-heading\">A babak\u00f3lika meg\u00e9rt\u00e9se<\/h4>\n\n\n<div class=\"wp-block-image\">\n<figure class=\"aligncenter size-full\"><img loading=\"lazy\" decoding=\"async\" width=\"550\" height=\"350\" src=\"http:\/\/universofamilia.com\/wp-content\/uploads\/sites\/148\/2023\/05\/POST-APPs-Colica-Bebe-universo-familia-.png\" alt=\"\" class=\"wp-image-2017\" srcset=\"https:\/\/universofamilia.com\/wp-content\/uploads\/sites\/148\/2023\/05\/POST-APPs-Colica-Bebe-universo-familia-.png 550w, https:\/\/universofamilia.com\/wp-content\/uploads\/sites\/148\/2023\/05\/POST-APPs-Colica-Bebe-universo-familia--300x191.png 300w\" sizes=\"(max-width: 550px) 100vw, 550px\" \/><\/figure><\/div>\n\n\n<p>Miel\u0151tt belekezden\u00e9nk, fontos meg\u00e9rteni, hogy a k\u00f3lika gyakori a csecsem\u0151kn\u00e9l, \u00e1ltal\u00e1ban k\u00e9thetente jelentkezik, \u00e9s nagyj\u00e1b\u00f3l k\u00e9thetente elm\u00falik.<\/p>\n\n\n\n<p>A g\u00f6rcs\u00f6k vigasztalhatatlan s\u00edr\u00e1st, nyugtalans\u00e1got \u00e9s alv\u00e1si neh\u00e9zs\u00e9geket okozhatnak. B\u00e1r a pontos oka ismeretlen, egyes elm\u00e9letek szerint az em\u00e9szt\u0151rendszer \u00e9retlens\u00e9ge vagy bizonyos \u00e9telekkel szembeni \u00e9rz\u00e9kenys\u00e9g v\u00e1lthat ki k\u00f3lik\u00e1t.<\/p>\n\n\n\n<h4 class=\"wp-block-heading\">Gyeng\u00e9d massz\u00e1zs a megk\u00f6nnyebb\u00fcl\u00e9s\u00e9rt<\/h4>\n\n\n\n<p>A csecsem\u0151kori k\u00f3lika enyh\u00edt\u00e9s\u00e9nek hat\u00e9kony technik\u00e1ja a gyeng\u00e9d hasmassz\u00e1zs. Kezdje azzal, hogy a bab\u00e1t oldalra fekteti, arcra, \u00e9s gyeng\u00e9d, k\u00f6rk\u00f6r\u00f6s mozdulatokkal massz\u00edrozza az \u00f3ramutat\u00f3 j\u00e1r\u00e1s\u00e1val megegyez\u0151 ir\u00e1nyba a k\u00f6ld\u00f6k k\u00f6r\u00fcl. Serkenti az em\u00e9szt\u00e9st \u00e9s enyh\u00edti a f\u00e1jdalmat.<\/p>\n\n\n<div class=\"wp-block-image\">\n<figure class=\"aligncenter size-full\"><img loading=\"lazy\" decoding=\"async\" width=\"550\" height=\"350\" src=\"http:\/\/universofamilia.com\/wp-content\/uploads\/sites\/148\/2023\/05\/POST-APPs-Colica-Bebe-universo-familia-1.png\" alt=\"\" class=\"wp-image-2018\" srcset=\"https:\/\/universofamilia.com\/wp-content\/uploads\/sites\/148\/2023\/05\/POST-APPs-Colica-Bebe-universo-familia-1.png 550w, https:\/\/universofamilia.com\/wp-content\/uploads\/sites\/148\/2023\/05\/POST-APPs-Colica-Bebe-universo-familia-1-300x191.png 300w\" sizes=\"(max-width: 550px) 100vw, 550px\" \/><\/figure><\/div>\n\n\n<p>\u00dcgyelj arra, hogy ne haszn\u00e1lj babaolajat vagy test\u00e1pol\u00f3t, hogy elker\u00fcld a baba \u00e9rz\u00e9keny b\u0151r\u00e9nek s\u00farl\u00f3d\u00e1s\u00e1t. A massz\u00e1zst nyugodtan \u00e9s szeretettel kell v\u00e9gezni, kapcsolatot teremtve k\u00f6zted \u00e9s a kicsi k\u00f6z\u00f6tt.<\/p>\n\n\n\n<h4 class=\"wp-block-heading\">K\u00f6nny\u00edt\u0151 poz\u00edci\u00f3k<\/h4>\n\n\n\n<p>K\u00eds\u00e9rletezzen k\u00fcl\u00f6nb\u00f6z\u0151 testhelyzetekkel, hogy enyh\u00edtse a baba k\u00f3lik\u00e1j\u00e1t. Ha a baba karj\u00e1t az alkarj\u00e1ra vagy az oldal\u00e1ra helyezi, az seg\u00edthet a g\u00e1zok kiereszt\u00e9s\u00e9ben \u00e9s a hasi kellemetlens\u00e9gek enyh\u00edt\u00e9s\u00e9ben.<\/p>\n\n\n\n<p>Az is hasznos, ha a bab\u00e1t f\u00fcgg\u0151leges helyzetben r\u00f6gz\u00edtj\u00fck, \u00f3vatosan a v\u00e1ll\u00e1hoz t\u00e1masztva, mik\u00f6zben az oldalait finoman megr\u00e1zzuk, hogy el\u0151seg\u00edts\u00fck a g\u00e1zok t\u00e1voz\u00e1s\u00e1t. \u00dcgyelj\u00fcnk arra, hogy mindig megfelel\u0151en t\u00e1masztsuk meg a baba fej\u00e9t \u00e9s s\u00faly\u00e1t, garant\u00e1lva a biztons\u00e1g\u00e1t.<\/p>\n\n\n<div class=\"wp-block-image\">\n<figure class=\"aligncenter size-full\"><img loading=\"lazy\" decoding=\"async\" width=\"550\" height=\"350\" src=\"http:\/\/universofamilia.com\/wp-content\/uploads\/sites\/148\/2023\/05\/POST-APPs-Colica-Bebe-universo-familia-2.png\" alt=\"\" class=\"wp-image-2019\" srcset=\"https:\/\/universofamilia.com\/wp-content\/uploads\/sites\/148\/2023\/05\/POST-APPs-Colica-Bebe-universo-familia-2.png 550w, https:\/\/universofamilia.com\/wp-content\/uploads\/sites\/148\/2023\/05\/POST-APPs-Colica-Bebe-universo-familia-2-300x191.png 300w\" sizes=\"(max-width: 550px) 100vw, 550px\" \/><\/figure><\/div>\n\n\n<h4 class=\"wp-block-heading\">T\u00e1pl\u00e1lkoz\u00e1si probl\u00e9m\u00e1k<\/h4>\n\n\n\n<p>Ha szoptat, tekintse \u00e1t \u00e9trendj\u00e9t, \u00e9s azonos\u00edtsa azokat az \u00e9teleket, amelyek hozz\u00e1j\u00e1rulhatnak a baba k\u00f3lik\u00e1j\u00e1hoz. Egyes \u00e9telek, p\u00e9ld\u00e1ul a koffein, a f\u0171szeres vagy latin \u00e9telek em\u00e9szt\u00e9si kellemetlens\u00e9geket okozhatnak a bab\u00e1n\u00e1l.<\/p>\n\n\n\n<p>Ha ideiglenesen kiiktatja ezeket az \u00e9teleket az \u00e9trendj\u00e9b\u0151l, meger\u0151s\u00edtheti, hogy a k\u00f3lika t\u00fcnetei enyh\u00fcltek. Ha t\u00e1pszerrel eteti a bab\u00e1j\u00e1t, besz\u00e9ljen gyermekorvos\u00e1val a k\u00f3lik\u00e1s bab\u00e1k sz\u00e1m\u00e1ra megfelel\u0151 t\u00e1pszerre val\u00f3 \u00e1tt\u00e9r\u00e9s lehet\u0151s\u00e9g\u00e9r\u0151l.<\/p>\n\n\n\n<h4 class=\"wp-block-heading\">Halk hangok \u00e9s mozg\u00e1sok<\/h4>\n\n\n\n<p>A gyeng\u00e9d mozdulatok nyugtat\u00f3 hat\u00e1ssal lehetnek a bab\u00e1ra. Pr\u00f3b\u00e1ljon ki feh\u00e9r zajt, p\u00e9ld\u00e1ul ventil\u00e1tort vagy feh\u00e9rzaj-g\u00e9pet, hogy elnyomja a k\u00fcls\u0151 hangokat \u00e9s csendes k\u00f6rnyezetet teremtsen.<\/p>\n\n\n\n<p>A baba ringat\u00e1sa babban vagy a karjaidban megnyugtat\u00f3 lehet, \u00e9s seg\u00edthet a k\u00f3lika enyh\u00edt\u00e9s\u00e9ben. \u00dcgyelj arra, hogy a baba biztons\u00e1gban legyen ezekn\u00e9l a mozdulatokn\u00e1l, t\u00e1maszd meg a fej\u00e9t, \u00e9s megfelel\u0151en helyezd el a bab\u00e1dat.<\/p>\n\n\n\n<h4 class=\"wp-block-heading\">K\u00f6vetkeztet\u00e9s<\/h4>\n\n\n\n<p>A csecsem\u0151kori k\u00f3lika kih\u00edv\u00e1st jelenthet az \u00d6n orsz\u00e1g\u00e1ban, de fontos meg\u00e9rteni, hogy ez egy m\u00fal\u00f3 \u00e1llapot. Megfelel\u0151 technik\u00e1kkal, mint p\u00e9ld\u00e1ul a gyeng\u00e9d massz\u00e1zs, az etet\u00e9si v\u00e1ltoztat\u00e1sok, a pihentet\u0151 poz\u00edci\u00f3k \u00e9s a relax\u00e1l\u00f3 hangok, megk\u00f6nnyebb\u00fcl\u00e9st \u00e9s k\u00e9nyelmet ny\u00fajthat a kicsinek.<\/p>\n\n\n\n<p>Gyermekorvosk\u00e9nt k\u00eds\u00e9rje v\u00e9gig bab\u00e1ja fejl\u0151d\u00e9s\u00e9t, \u00e9s tudja, hogy szeretete \u00e9s gondoskod\u00e1sa alapvet\u0151 fontoss\u00e1g\u00fa ahhoz, hogy seg\u00edtsen bab\u00e1j\u00e1nak lek\u00fczdeni a k\u00f3lik\u00e1t.<\/p>\n\n\n\n<blockquote class=\"wp-block-quote\">\n<h5 class=\"wp-block-heading\"><em>Megjegyz\u00e9sek: Az Universo Fam\u00edlia oldal\u00e1n tal\u00e1lhat\u00f3 anyagok \u00e9s inform\u00e1ci\u00f3k nem orvosi diagn\u00f3zis fel\u00e1ll\u00edt\u00e1s\u00e1ra szolg\u00e1lnak, \u00e9s nem is szabad azokat ilyen c\u00e9lra haszn\u00e1lni. <strong>Mindig konzult\u00e1ljon orvos\u00e1val vagy k\u00e9pzett eg\u00e9szs\u00e9g\u00fcgyi szakemberrel a val\u00f3di sz\u00fcks\u00e9gleteivel kapcsolatban.<\/strong>.<\/em><\/h5>\n<\/blockquote>\n\n\n\n<h4 class=\"wp-block-heading\">Kutat\u00e1si forr\u00e1sok<\/h4>\n\n\n\n<p>Amikor a csecsem\u0151kori k\u00f3lika enyh\u00edt\u00e9s\u00e9nek m\u00f3djait kutatjuk, fontos, hogy megb\u00edzhat\u00f3 \u00e9s naprak\u00e9sz forr\u00e1sokat konzult\u00e1ljunk. \u00cdme n\u00e9h\u00e1ny javaslat a megb\u00edzhat\u00f3 kutat\u00e1si forr\u00e1sokra:<\/p>\n\n\n\n<p>Amerikai Gyermekgy\u00f3gy\u00e1szati Akad\u00e9mia: Az AAP hivatalos weboldala sz\u00e1mos forr\u00e1st \u00e9s inform\u00e1ci\u00f3t k\u00edn\u00e1l a csecsem\u0151k eg\u00e9szs\u00e9g\u00e9vel kapcsolatban, bele\u00e9rtve a k\u00f3lik\u00e1r\u00f3l \u00e9s az \u00fajsz\u00fcl\u00f6ttek gondoz\u00e1s\u00e1r\u00f3l sz\u00f3l\u00f3 cikkeket is. (Oldal: <a href=\"http:\/\/www.aap.org\">www.aap.org<\/a>)<\/p>\n\n\n\n<p>Mayo Klinika: A Mayo Klinika egy elismert orvosi int\u00e9zm\u00e9ny, amely megb\u00edzhat\u00f3 orvosi inform\u00e1ci\u00f3kat ny\u00fajt. Weboldalukon cikkek \u00e9s \u00fatmutat\u00e1sok tal\u00e1lhat\u00f3k a csecsem\u0151kn\u00e9l jelentkez\u0151 k\u00f3lik\u00e1r\u00f3l. (Weboldal: <a href=\"http:\/\/www.mayoclinic.org\">www.mayoclinic.org<\/a>)<\/p>\n\n\n\n<p>BabyCenter: A BabyCenter egy n\u00e9pszer\u0171, orsz\u00e1goknak \u00e9s gondoz\u00f3knak szentelt oldal, amely a gyermekek eg\u00e9szs\u00e9g\u00e9vel \u00e9s fejl\u0151d\u00e9s\u00e9vel kapcsolatos k\u00fcl\u00f6nf\u00e9le k\u00e9rd\u00e9sekr\u0151l k\u00edn\u00e1l inform\u00e1ci\u00f3kat, bele\u00e9rtve a k\u00f3lik\u00e1r\u00f3l sz\u00f3l\u00f3 cikkeket is. (Oldal: <a href=\"http:\/\/www.babycenter.com\">www.babycenter.com<\/a>)<\/p>\n\n\n\n<p>Nemzeti Eg\u00e9szs\u00e9g\u00fcgyi Int\u00e9zetek (NIH): Az NIH egy orvosi kutat\u00f3int\u00e9zet az Egyes\u00fclt \u00c1llamokban, amely bizony\u00edt\u00e9kokon alapul\u00f3 inform\u00e1ci\u00f3kat ny\u00fajt sz\u00e1mos eg\u00e9szs\u00e9g\u00fcgyi t\u00e9m\u00e1ban, bele\u00e9rtve a csecsem\u0151kn\u00e9l jelentkez\u0151 k\u00f3lik\u00e1t is. (Oldal: <a href=\"http:\/\/www.nih.gov\">www.nih.gov<\/a>)<\/p>\n\n\n\n<p>WebMD: A WebMD egy megb\u00edzhat\u00f3 forr\u00e1s az orvosi \u00e9s eg\u00e9szs\u00e9g\u00fcgyi inform\u00e1ci\u00f3k ter\u00e9n. Az oldalnak vannak olyan r\u00e9szei, amelyek a csecsem\u0151kkel \u00e9s gyermekekkel kapcsolatos t\u00e9m\u00e1knak szenteltek, ahol inform\u00e1ci\u00f3kat tal\u00e1lhat a k\u00f3lik\u00e1r\u00f3l \u00e9s annak enyh\u00edt\u00e9s\u00e9r\u0151l. (Oldal: <a href=\"http:\/\/www.webmd.com\">www.webmd.com<\/a>)<\/p>\n\n\n\n<p>Mindig ellen\u0151rizze a felhaszn\u00e1lt forr\u00e1sok hiteless\u00e9g\u00e9t, \u00e9s konzult\u00e1ljon eg\u00e9szs\u00e9g\u00fcgyi szakemberekkel, p\u00e9ld\u00e1ul gyermekorvosokkal, hogy szem\u00e9lyre szabott \u00e9s megfelel\u0151 \u00fatmutat\u00e1st kapjon bab\u00e1ja sz\u00e1m\u00e1ra.<\/p>","protected":false},"excerpt":{"rendered":"<p>Fedezzen fel hat\u00e9kony technik\u00e1kat a Trazer okozta f\u00e1jdalom enyh\u00edt\u00e9s\u00e9re \u00e9s k\u00e9nyelm\u00e9re<\/p>\n<p>A baba \u00f6lel\u00e9se \u00f6r\u00f6met \u00e9s felt\u00e9tel n\u00e9lk\u00fcli szeretetet hoz, de kih\u00edv\u00e1sokkal is j\u00e1rhat, p\u00e9ld\u00e1ul hasf\u00e1j\u00e1ssal. Ezek a hasizmok aggodalommal t\u00f6lthetnek el, a baba pedig k\u00e9nyelmetlen\u00fcl \u00e9rezheti mag\u00e1t.<\/p>","protected":false},"author":219,"featured_media":2020,"comment_status":"closed","ping_status":"open","sticky":false,"template":"","format":"standard","meta":{"footnotes":""},"categories":[3],"tags":[386,417,580,1484],"yoast_head":"<!-- This site is optimized with the Yoast SEO plugin v23.3 - https:\/\/yoast.com\/wordpress\/plugins\/seo\/ -->\n<title>Como Aliviar as C\u00f3licas do Beb\u00ea - Universo Fam\u00edlia<\/title>\n<meta name=\"description\" content=\"Como Aliviar as C\u00f3licas do Beb\u00ea. Descubra T\u00e9cnicas Eficazes para Trazer Al\u00edvio e Conforto. A chegada de um beb\u00ea traz alegria e amor...\" \/>\n<meta name=\"robots\" content=\"index, follow, max-snippet:-1, max-image-preview:large, max-video-preview:-1\" \/>\n<link rel=\"canonical\" href=\"https:\/\/universofamilia.com\/hu\/como-aliviar-as-colicas-do-bebe\/\" \/>\n<meta property=\"og:locale\" content=\"hu_HU\" \/>\n<meta property=\"og:type\" content=\"article\" \/>\n<meta property=\"og:title\" content=\"Como Aliviar as C\u00f3licas do Beb\u00ea - Universo Fam\u00edlia\" \/>\n<meta property=\"og:description\" content=\"Como Aliviar as C\u00f3licas do Beb\u00ea. Descubra T\u00e9cnicas Eficazes para Trazer Al\u00edvio e Conforto. A chegada de um beb\u00ea traz alegria e amor...\" \/>\n<meta property=\"og:url\" content=\"https:\/\/universofamilia.com\/hu\/como-aliviar-as-colicas-do-bebe\/\" \/>\n<meta property=\"og:site_name\" content=\"Universo Fam\u00edlia\" \/>\n<meta property=\"article:published_time\" content=\"2023-05-28T17:00:00+00:00\" \/>\n<meta property=\"article:modified_time\" content=\"2025-10-06T01:56:30+00:00\" \/>\n<meta property=\"og:image\" content=\"https:\/\/universofamilia.com\/wp-content\/uploads\/sites\/148\/2023\/05\/FOTO-DESTAQUE-Colica-Bebe-universo-familia-448x350-.png\" \/>\n\t<meta property=\"og:image:width\" content=\"448\" \/>\n\t<meta property=\"og:image:height\" content=\"350\" \/>\n\t<meta property=\"og:image:type\" content=\"image\/png\" \/>\n<meta name=\"author\" content=\"Matheus Sangaletti\" \/>\n<meta name=\"twitter:card\" content=\"summary_large_image\" \/>\n<meta name=\"twitter:label1\" content=\"Written by\" \/>\n\t<meta name=\"twitter:data1\" content=\"Matheus Sangaletti\" \/>\n\t<meta name=\"twitter:label2\" content=\"Est. reading time\" \/>\n\t<meta name=\"twitter:data2\" content=\"5 perc\" \/>\n<script type=\"application\/ld+json\" class=\"yoast-schema-graph\">{\"@context\":\"https:\/\/schema.org\",\"@graph\":[{\"@type\":\"WebPage\",\"@id\":\"https:\/\/universofamilia.com\/ja\/como-aliviar-as-colicas-do-bebe\/\",\"url\":\"https:\/\/universofamilia.com\/ja\/como-aliviar-as-colicas-do-bebe\/\",\"name\":\"Como Aliviar as C\u00f3licas do Beb\u00ea - Universo Fam\u00edlia\",\"isPartOf\":{\"@id\":\"https:\/\/universofamilia.com\/el\/#website\"},\"primaryImageOfPage\":{\"@id\":\"https:\/\/universofamilia.com\/ja\/como-aliviar-as-colicas-do-bebe\/#primaryimage\"},\"image\":{\"@id\":\"https:\/\/universofamilia.com\/ja\/como-aliviar-as-colicas-do-bebe\/#primaryimage\"},\"thumbnailUrl\":\"https:\/\/universofamilia.com\/wp-content\/uploads\/sites\/148\/2023\/05\/FOTO-DESTAQUE-Colica-Bebe-universo-familia-448x350-.png\",\"datePublished\":\"2023-05-28T17:00:00+00:00\",\"dateModified\":\"2025-10-06T01:56:30+00:00\",\"author\":{\"@id\":\"https:\/\/universofamilia.com\/el\/#\/schema\/person\/92fcd07e9b1f4323bf74f3170fc0f78a\"},\"description\":\"Como Aliviar as C\u00f3licas do Beb\u00ea. Descubra T\u00e9cnicas Eficazes para Trazer Al\u00edvio e Conforto. A chegada de um beb\u00ea traz alegria e amor...\",\"breadcrumb\":{\"@id\":\"https:\/\/universofamilia.com\/ja\/como-aliviar-as-colicas-do-bebe\/#breadcrumb\"},\"inLanguage\":\"hu\",\"potentialAction\":[{\"@type\":\"ReadAction\",\"target\":[\"https:\/\/universofamilia.com\/ja\/como-aliviar-as-colicas-do-bebe\/\"]}]},{\"@type\":\"ImageObject\",\"inLanguage\":\"hu\",\"@id\":\"https:\/\/universofamilia.com\/ja\/como-aliviar-as-colicas-do-bebe\/#primaryimage\",\"url\":\"https:\/\/universofamilia.com\/wp-content\/uploads\/sites\/148\/2023\/05\/FOTO-DESTAQUE-Colica-Bebe-universo-familia-448x350-.png\",\"contentUrl\":\"https:\/\/universofamilia.com\/wp-content\/uploads\/sites\/148\/2023\/05\/FOTO-DESTAQUE-Colica-Bebe-universo-familia-448x350-.png\",\"width\":448,\"height\":350},{\"@type\":\"BreadcrumbList\",\"@id\":\"https:\/\/universofamilia.com\/ja\/como-aliviar-as-colicas-do-bebe\/#breadcrumb\",\"itemListElement\":[{\"@type\":\"ListItem\",\"position\":1,\"name\":\"Home\",\"item\":\"https:\/\/universofamilia.com\/el\/\"},{\"@type\":\"ListItem\",\"position\":2,\"name\":\"Como Aliviar as C\u00f3licas do Beb\u00ea\"}]},{\"@type\":\"WebSite\",\"@id\":\"https:\/\/universofamilia.com\/el\/#website\",\"url\":\"https:\/\/universofamilia.com\/el\/\",\"name\":\"Universo Fam\u00edlia\",\"description\":\"\",\"potentialAction\":[{\"@type\":\"SearchAction\",\"target\":{\"@type\":\"EntryPoint\",\"urlTemplate\":\"https:\/\/universofamilia.com\/el\/?s={search_term_string}\"},\"query-input\":\"required name=search_term_string\"}],\"inLanguage\":\"hu\"},{\"@type\":\"Person\",\"@id\":\"https:\/\/universofamilia.com\/el\/#\/schema\/person\/92fcd07e9b1f4323bf74f3170fc0f78a\",\"name\":\"Matheus Sangaletti\",\"image\":{\"@type\":\"ImageObject\",\"inLanguage\":\"hu\",\"@id\":\"https:\/\/universofamilia.com\/el\/#\/schema\/person\/image\/\",\"url\":\"https:\/\/secure.gravatar.com\/avatar\/280ea957a14a48e6a1ad2133d2cc27c9?s=96&d=mm&r=g\",\"contentUrl\":\"https:\/\/secure.gravatar.com\/avatar\/280ea957a14a48e6a1ad2133d2cc27c9?s=96&d=mm&r=g\",\"caption\":\"Matheus Sangaletti\"},\"url\":\"https:\/\/universofamilia.com\/hu\/author\/matheuss\/\"}]}<\/script>\n<!-- \/ Yoast SEO plugin. -->","yoast_head_json":{"title":"Como Aliviar as C\u00f3licas do Beb\u00ea - Universo Fam\u00edlia","description":"Como Aliviar as C\u00f3licas do Beb\u00ea. Descubra T\u00e9cnicas Eficazes para Trazer Al\u00edvio e Conforto. A chegada de um beb\u00ea traz alegria e amor...","robots":{"index":"index","follow":"follow","max-snippet":"max-snippet:-1","max-image-preview":"max-image-preview:large","max-video-preview":"max-video-preview:-1"},"canonical":"https:\/\/universofamilia.com\/hu\/como-aliviar-as-colicas-do-bebe\/","og_locale":"hu_HU","og_type":"article","og_title":"Como Aliviar as C\u00f3licas do Beb\u00ea - Universo Fam\u00edlia","og_description":"Como Aliviar as C\u00f3licas do Beb\u00ea. Descubra T\u00e9cnicas Eficazes para Trazer Al\u00edvio e Conforto. A chegada de um beb\u00ea traz alegria e amor...","og_url":"https:\/\/universofamilia.com\/hu\/como-aliviar-as-colicas-do-bebe\/","og_site_name":"Universo Fam\u00edlia","article_published_time":"2023-05-28T17:00:00+00:00","article_modified_time":"2025-10-06T01:56:30+00:00","og_image":[{"width":448,"height":350,"url":"https:\/\/universofamilia.com\/wp-content\/uploads\/sites\/148\/2023\/05\/FOTO-DESTAQUE-Colica-Bebe-universo-familia-448x350-.png","type":"image\/png"}],"author":"Matheus Sangaletti","twitter_card":"summary_large_image","twitter_misc":{"Written by":"Matheus Sangaletti","Est. reading time":"5 perc"},"schema":{"@context":"https:\/\/schema.org","@graph":[{"@type":"WebPage","@id":"https:\/\/universofamilia.com\/ja\/como-aliviar-as-colicas-do-bebe\/","url":"https:\/\/universofamilia.com\/ja\/como-aliviar-as-colicas-do-bebe\/","name":"Como Aliviar as C\u00f3licas do Beb\u00ea - Universo Fam\u00edlia","isPartOf":{"@id":"https:\/\/universofamilia.com\/el\/#website"},"primaryImageOfPage":{"@id":"https:\/\/universofamilia.com\/ja\/como-aliviar-as-colicas-do-bebe\/#primaryimage"},"image":{"@id":"https:\/\/universofamilia.com\/ja\/como-aliviar-as-colicas-do-bebe\/#primaryimage"},"thumbnailUrl":"https:\/\/universofamilia.com\/wp-content\/uploads\/sites\/148\/2023\/05\/FOTO-DESTAQUE-Colica-Bebe-universo-familia-448x350-.png","datePublished":"2023-05-28T17:00:00+00:00","dateModified":"2025-10-06T01:56:30+00:00","author":{"@id":"https:\/\/universofamilia.com\/el\/#\/schema\/person\/92fcd07e9b1f4323bf74f3170fc0f78a"},"description":"Como Aliviar as C\u00f3licas do Beb\u00ea. Descubra T\u00e9cnicas Eficazes para Trazer Al\u00edvio e Conforto. A chegada de um beb\u00ea traz alegria e amor...","breadcrumb":{"@id":"https:\/\/universofamilia.com\/ja\/como-aliviar-as-colicas-do-bebe\/#breadcrumb"},"inLanguage":"hu","potentialAction":[{"@type":"ReadAction","target":["https:\/\/universofamilia.com\/ja\/como-aliviar-as-colicas-do-bebe\/"]}]},{"@type":"ImageObject","inLanguage":"hu","@id":"https:\/\/universofamilia.com\/ja\/como-aliviar-as-colicas-do-bebe\/#primaryimage","url":"https:\/\/universofamilia.com\/wp-content\/uploads\/sites\/148\/2023\/05\/FOTO-DESTAQUE-Colica-Bebe-universo-familia-448x350-.png","contentUrl":"https:\/\/universofamilia.com\/wp-content\/uploads\/sites\/148\/2023\/05\/FOTO-DESTAQUE-Colica-Bebe-universo-familia-448x350-.png","width":448,"height":350},{"@type":"BreadcrumbList","@id":"https:\/\/universofamilia.com\/ja\/como-aliviar-as-colicas-do-bebe\/#breadcrumb","itemListElement":[{"@type":"ListItem","position":1,"name":"Home","item":"https:\/\/universofamilia.com\/el\/"},{"@type":"ListItem","position":2,"name":"Como Aliviar as C\u00f3licas do Beb\u00ea"}]},{"@type":"WebSite","@id":"https:\/\/universofamilia.com\/el\/#website","url":"https:\/\/universofamilia.com\/el\/","name":"Universo Fam\u00edlia","description":"","potentialAction":[{"@type":"SearchAction","target":{"@type":"EntryPoint","urlTemplate":"https:\/\/universofamilia.com\/el\/?s={search_term_string}"},"query-input":"required name=search_term_string"}],"inLanguage":"hu"},{"@type":"Person","@id":"https:\/\/universofamilia.com\/el\/#\/schema\/person\/92fcd07e9b1f4323bf74f3170fc0f78a","name":"Matheus Sangaletti","image":{"@type":"ImageObject","inLanguage":"hu","@id":"https:\/\/universofamilia.com\/el\/#\/schema\/person\/image\/","url":"https:\/\/secure.gravatar.com\/avatar\/280ea957a14a48e6a1ad2133d2cc27c9?s=96&d=mm&r=g","contentUrl":"https:\/\/secure.gravatar.com\/avatar\/280ea957a14a48e6a1ad2133d2cc27c9?s=96&d=mm&r=g","caption":"Matheus Sangaletti"},"url":"https:\/\/universofamilia.com\/hu\/author\/matheuss\/"}]}},"_links":{"self":[{"href":"https:\/\/universofamilia.com\/hu\/wp-json\/wp\/v2\/posts\/2016"}],"collection":[{"href":"https:\/\/universofamilia.com\/hu\/wp-json\/wp\/v2\/posts"}],"about":[{"href":"https:\/\/universofamilia.com\/hu\/wp-json\/wp\/v2\/types\/post"}],"author":[{"embeddable":true,"href":"https:\/\/universofamilia.com\/hu\/wp-json\/wp\/v2\/users\/219"}],"replies":[{"embeddable":true,"href":"https:\/\/universofamilia.com\/hu\/wp-json\/wp\/v2\/comments?post=2016"}],"version-history":[{"count":1,"href":"https:\/\/universofamilia.com\/hu\/wp-json\/wp\/v2\/posts\/2016\/revisions"}],"predecessor-version":[{"id":9884,"href":"https:\/\/universofamilia.com\/hu\/wp-json\/wp\/v2\/posts\/2016\/revisions\/9884"}],"wp:featuredmedia":[{"embeddable":true,"href":"https:\/\/universofamilia.com\/hu\/wp-json\/wp\/v2\/media\/2020"}],"wp:attachment":[{"href":"https:\/\/universofamilia.com\/hu\/wp-json\/wp\/v2\/media?parent=2016"}],"wp:term":[{"taxonomy":"category","embeddable":true,"href":"https:\/\/universofamilia.com\/hu\/wp-json\/wp\/v2\/categories?post=2016"},{"taxonomy":"post_tag","embeddable":true,"href":"https:\/\/universofamilia.com\/hu\/wp-json\/wp\/v2\/tags?post=2016"}],"curies":[{"name":"wp","href":"https:\/\/api.w.org\/{rel}","templated":true}]}}