{"id":2109,"date":"2023-05-31T16:30:11","date_gmt":"2023-05-31T19:30:11","guid":{"rendered":"https:\/\/universofamilia.com\/?p=2109"},"modified":"2023-05-31T16:30:11","modified_gmt":"2023-05-31T19:30:11","slug":"por-que-os-bebes-se-assustam-tanto","status":"publish","type":"post","link":"https:\/\/universofamilia.com\/hu\/por-que-os-bebes-se-assustam-tanto\/","title":{"rendered":"Mi\u00e9rt f\u00e9lnek annyira a bab\u00e1k?"},"content":{"rendered":"<p>Mi\u00e9rt f\u00e9lnek annyira a bab\u00e1k, \u00e9rtsd meg ezt az \u00e9rzelmi \u00e9s viselked\u00e9si jelens\u00e9get.<\/p>\n\n\n\n<p>A csecsem\u0151k k\u00edv\u00e1ncsi \u00e9s sebezhet\u0151 term\u00e9szet\u00fckr\u0151l ismertek. \u00c9let\u00fck els\u0151 h\u00f3napjaiban gyakran megfigyelhet\u0151, hogy a gyerekek k\u00f6nnyen megijednek l\u00e1tsz\u00f3lag \u00e1rtalmatlan ingerekt\u0151l.<\/p>\n\n\n\n<p>Ez a reakci\u00f3 sok orsz\u00e1got \u00e9s gondoz\u00f3t \u00e9rdekelhet, felvetve a k\u00e9rd\u00e9st: mi\u00e9rt f\u00e9lnek annyira a csecsem\u0151k?<\/p>\n\n\n\n<p>Ebben a cikkben ezt az \u00e9rzelmi \u00e9s viselked\u00e9si jelens\u00e9get vizsg\u00e1ljuk meg a csecsem\u0151kn\u00e9l, betekint\u00e9st ny\u00fajtva viselked\u00e9s\u00fck okaiba, \u00e9s tan\u00e1csokat adva, hogy seg\u00edts\u00fck az orsz\u00e1gokat ezen helyzetek kezel\u00e9s\u00e9ben.<\/p>\n\n\n\n<h3 class=\"wp-block-heading\">L\u00e1sd m\u00e9g:<\/h3>\n\n\n\n<p><a href=\"https:\/\/universofamilia.com\/hu\/como-aliviar-as-colicas-do-bebe\/\" target=\"_blank\" rel=\"noreferrer noopener\">Hogyan enyh\u00edts\u00fck a baba k\u00f3lik\u00e1j\u00e1t?<\/a><\/p>\n\n\n\n<p><a href=\"https:\/\/universofamilia.com\/hu\/o-que-e-ser-mae\/\" target=\"_blank\" rel=\"noreferrer noopener\">Mit jelent any\u00e1nak lenni?<\/a><\/p>\n\n\n\n<p><a href=\"https:\/\/www.luzbaby.com.br\/\" target=\"_blank\" rel=\"noreferrer noopener\">A Luz Baby az egyik legjobb csecsem\u0151term\u00e9keket \u00e1rus\u00edt\u00f3 \u00fczlet. Kattints ide.<\/a><\/p>\n\n\n<div class=\"wp-block-image\">\n<figure class=\"aligncenter size-full\"><img loading=\"lazy\" decoding=\"async\" width=\"550\" height=\"350\" src=\"http:\/\/universofamilia.com\/wp-content\/uploads\/sites\/148\/2023\/05\/POST-SUSTO-BEBe-universo-familia-.png\" alt=\"\" class=\"wp-image-2110\" srcset=\"https:\/\/universofamilia.com\/wp-content\/uploads\/sites\/148\/2023\/05\/POST-SUSTO-BEBe-universo-familia-.png 550w, https:\/\/universofamilia.com\/wp-content\/uploads\/sites\/148\/2023\/05\/POST-SUSTO-BEBe-universo-familia--300x191.png 300w\" sizes=\"(max-width: 550px) 100vw, 550px\" \/><\/figure><\/div>\n\n\n<h4 class=\"wp-block-heading\">\u00c9rz\u00e9kszervi fejl\u0151d\u00e9s az els\u0151 h\u00f3napokban<\/h4>\n\n\n\n<p>A csecsem\u0151k \u00e9let\u00fck els\u0151 h\u00f3napjaiban gyors \u00e9rz\u00e9kszervi fejl\u0151d\u00e9sen mennek kereszt\u00fcl. Hall\u00e1suk, l\u00e1t\u00e1suk \u00e9s \u00e9rz\u00e9kszerveik folyamatosan fejl\u0151dnek, ami azt jelenti, hogy egy teljesen \u00faj vil\u00e1got fogadnak be.<\/p>\n\n\n\n<p>Ennek eredm\u00e9nyek\u00e9nt m\u00e9g az enyhe \u00e9s gyakori ingerek is fenyeget\u0151nek t\u0171nhetnek egy olyan baba sz\u00e1m\u00e1ra, aki m\u00e9g csak ismerkedik a k\u00f6rnyezet\u00e9vel.<\/p>\n\n\n\n<h4 class=\"wp-block-heading\">Akaratlan ijedts\u00e9gek<\/h4>\n\n\n\n<p>Az \u00e9rz\u00e9kszervi fejl\u0151d\u00e9s mellett a csecsem\u0151knek van egy \u201eriaszt\u00e1si reflexnek\u201d vagy \u201eMoro-reflexnek\u201d nevezett reflex\u00fck is. Ez a reflexi\u00f3 egy akaratlan reakci\u00f3 hirtelen ingerre, p\u00e9ld\u00e1ul hangos zajra vagy a k\u00f6rnyezet hirtelen v\u00e1ltoz\u00e1s\u00e1ra.<\/p>\n\n\n\n<p>Amikor a bab\u00e1t valami ilyesmi meglepi, kiny\u00fajthatja a karj\u00e1t, kinyithatja \u00e9s \u00edvbe hajl\u00edthatja. Ez a t\u00fckr\u00f6z\u0151d\u00e9s t\u00e9vesen f\u00e9lelemk\u00e9nt vagy f\u00e9lelemk\u00e9nt \u00e9rtelmezhet\u0151, de val\u00f3j\u00e1ban ez a baba \u00e9retlen idegrendszer\u00e9nek automatikus v\u00e1lasza.<\/p>\n\n\n\n<h4 class=\"wp-block-heading\">A fenyeget\u00e9s \u00e9rz\u00e9kel\u00e9se<\/h4>\n\n\n\n<p>A bab\u00e1k folyamatosan tanulnak a k\u00f6r\u00fcl\u00f6tt\u00fck l\u00e9v\u0151 vil\u00e1gr\u00f3l, \u00e9s a tudatoss\u00e1g fontos r\u00e9sze ennek a folyamatnak.<\/p>\n\n\n\n<p>Mivel nem k\u00e9pesek megk\u00fcl\u00f6nb\u00f6ztetni, mi az, ami val\u00f3ban vesz\u00e9lyes, \u00e9s mi nem, term\u00e9szetes, hogy intenz\u00edven reag\u00e1lnak minden ismeretlen vagy v\u00e1ratlan ingerre.<\/p>\n\n\n\n<p>Ez a reakci\u00f3 az \u00f6nmeg\u0151rz\u00e9s egyik form\u00e1ja, \u00e9s evol\u00faci\u00f3s v\u00e1lasznak tekinthet\u0151, amely seg\u00edt biztos\u00edtani a t\u00fal\u00e9l\u00e9st.<\/p>\n\n\n\n<h4 class=\"wp-block-heading\">A k\u00f6rnyezet hat\u00e1sa<\/h4>\n\n\n\n<p>A k\u00f6rnyezet, amelyben a baba feln\u0151, szint\u00e9n jelent\u0151s szerepet j\u00e1tszik a f\u00e9lelemre val\u00f3 hajlam\u00e1ban. A kaotikus k\u00f6rnyezet, nagyon hangos zajokkal \u00e9s \u00e1lland\u00f3 ingerekkel, miatt a baba \u00e1lland\u00f3 \u00e9bers\u00e9gbe ker\u00fclhet, \u00e9s k\u00f6nnyebben megijedhet.<\/p>\n\n\n\n<p>M\u00e1sr\u00e9szt egy nyugodt \u00e9s biztons\u00e1gos k\u00f6rnyezet, k\u00f6vetkezetes rutinokkal \u00e9s az ismer\u0151ss\u00e9g \u00e9rz\u00e9s\u00e9vel, seg\u00edthet a bab\u00e1nak nyugodtabbnak \u00e9rezni mag\u00e1t, \u00e9s kev\u00e9sb\u00e9 hajlamosnak az ijedt reakci\u00f3kra.<\/p>\n\n\n\n<h4 class=\"wp-block-heading\">Tippek a f\u00e9lelmek kezel\u00e9s\u00e9re<\/h4>\n\n\n\n<p>\u00cdme n\u00e9h\u00e1ny hasznos tipp, hogy seg\u00edtsen megbirk\u00f3zni a bab\u00e1k \u00e1ltal gyakran tapasztalt ijedts\u00e9gekkel:<\/p>\n\n\n\n<p><strong>Nyugodj meg<\/strong>Amikor a baba megijed, fontos, hogy a k\u00f6rnyezeted nyugodt maradjon. A bab\u00e1k \u00e9rz\u00e9kelhetik \u00e9s elnyelhetik k\u00e9t gondoz\u00f3 szorong\u00e1s\u00e1t, vagy ez fokozhatja a saj\u00e1t izgatotts\u00e1gukat.<\/p>\n\n\n\n<p>A nyugalom meg\u0151rz\u00e9s\u00e9vel az orsz\u00e1g biztons\u00e1g\u00e9rzetet \u00e9s nyugalmat k\u00f6zvet\u00edt a bab\u00e1nak.<\/p>\n\n\n\n<p><strong>Fizikai k\u00e9nyelmet ny\u00fajt<\/strong>Az \u00f6lel\u00e9sek, a gyeng\u00e9d simogat\u00e1sok \u00e9s a fizikai kontaktus megnyugtat\u00f3 lehet a baba sz\u00e1m\u00e1ra egy ijedts\u00e9g ut\u00e1n. Ez seg\u00edt biztons\u00e1g- \u00e9s v\u00e9detts\u00e9g\u00e9rzetet teremteni, megnyugtatja \u00e9s cs\u00f6kkenti az \u00e9rzelmi kellemetlens\u00e9geket.<\/p>\n\n\n\n<p><strong>Teremts biztons\u00e1gos k\u00f6rnyezetet<\/strong>Gy\u0151z\u0151dj\u00f6n meg arr\u00f3l, hogy a k\u00f6rnyezet, amelyben a baba az idej\u00e9nek nagy r\u00e9sz\u00e9t t\u00f6lti, biztons\u00e1gos \u00e9s mentes a t\u00falzott ingerekt\u0151l. Cs\u00f6kkentse a zajt, ker\u00fclje az er\u0151s f\u00e9nyeket, \u00e9s teremtsen nyugodt \u00e9s megnyugtat\u00f3 l\u00e9gk\u00f6rt.<\/p>\n\n\n\n<p>Ez seg\u00edt a bab\u00e1nak biztons\u00e1gosabban \u00e9rezni mag\u00e1t, \u00e9s kev\u00e9sb\u00e9 lesz hajlamos az ijedts\u00e9gre.<\/p>\n\n\n\n<p><strong>Fokozatosan vezess be \u00faj ingereket<\/strong>Ahogy a baba fejl\u0151dik, fontos, hogy fokozatosan tegy\u00fck ki \u0151t \u00faj ingereknek \u00e9s helyzeteknek. A hangokat, f\u00e9nyeket \u00e9s text\u00far\u00e1kat gyeng\u00e9d \u00e9s kontroll\u00e1lt m\u00f3don vezess\u00fck be, hagyva, hogy a baba lassan megszokja \u0151ket.<\/p>\n\n\n\n<p>Ez seg\u00edt cs\u00f6kkenteni az \u00faj ingerek hat\u00e1s\u00e1t \u00e9s el\u0151seg\u00edti a nyugodtabb alkalmazkod\u00e1st.<\/p>\n\n\n\n<p><strong>Rutinok \u00e9s kisz\u00e1m\u00edthat\u00f3s\u00e1g kialak\u00edt\u00e1sa<\/strong>A bab\u00e1k biztons\u00e1gosabbnak \u00e9rzik magukat, ha k\u00f6vetkezetes \u00e9s kisz\u00e1m\u00edthat\u00f3 napirendj\u00fck van. Ez kontroll \u00e9s stabilit\u00e1s \u00e9rzet\u00e9t adja a k\u00f6rnyezetben.<\/p>\n\n\n\n<p>Tartsa be a rendszeres \u00e9tkez\u00e9si, alv\u00e1si \u00e9s egy\u00e9b tev\u00e9kenys\u00e9gek id\u0151pontj\u00e1t, hogy a baba tudja, mire sz\u00e1m\u00edthat, ez\u00e1ltal cs\u00f6kkentve az ijedts\u00e9g val\u00f3sz\u00edn\u0171s\u00e9g\u00e9t.<\/p>\n\n\n\n<h4 class=\"wp-block-heading\">K\u00f6vetkeztet\u00e9s<\/h4>\n\n\n\n<p>A bab\u00e1k \u00e1ltal gyakran \u00e1t\u00e9lt ijeds\u00e9gek a fejl\u0151d\u00e9s\u00fck norm\u00e1lis r\u00e9sz\u00e9t k\u00e9pezik. A fejl\u0151d\u00e9sben l\u00e9v\u0151 \u00e9rz\u00e9kszervek, az akaratlan reflexek \u00e9s a szeretet \u00e9rz\u00e9kel\u00e9se hozz\u00e1j\u00e1rulnak ehhez a reakci\u00f3hoz.<\/p>\n\n\n\n<p>Fontos megjegyezni, hogy a csecsem\u0151k k\u00e9t orsz\u00e1gra \u00e9s gondoz\u00f3kra t\u00e1maszkodnak ahhoz, hogy biztons\u00e1gban \u00e9s v\u00e9dve \u00e9rezz\u00e9k magukat.<\/p>\n\n\n\n<p>Azzal, hogy meg\u00e9rtj\u00fck a bab\u00e1k f\u00e9lelm\u00e9nek ok\u00e1t, \u00e9s technik\u00e1kat alkalmazunk ezeknek a helyzeteknek a kezel\u00e9s\u00e9re, seg\u00edthet\u00fcnk gyermekeinknek nyugodtabbnak \u00e9s biztons\u00e1gosabbnak \u00e9rezni magukat a k\u00f6rnyezet\u00fckben.<\/p>\n\n\n\n<p>A nyugalom meg\u0151rz\u00e9s\u00e9vel, a fizikai k\u00e9nyelem biztos\u00edt\u00e1s\u00e1val, a biztons\u00e1gos k\u00f6rnyezet megteremt\u00e9s\u00e9vel, az \u00faj ingerek fokozatos bevezet\u00e9s\u00e9vel \u00e9s a tervezett rutinok kialak\u00edt\u00e1s\u00e1val seg\u00edthet\u00fcnk a bab\u00e1knak jobban megbirk\u00f3zni a f\u00e9lelmeikkel, \u00e9s el\u0151seg\u00edthetj\u00fck az eg\u00e9szs\u00e9ges \u00e9s \u00e9rzelmileg kiegyens\u00falyozott fejl\u0151d\u00e9st.<\/p>\n\n\n\n<p>Tudd, hogy minden baba egyedi, \u00e9s m\u00e1sk\u00e9pp reag\u00e1lhat az ingerekre. A baba egy\u00e9ni ig\u00e9nyeinek megfigyel\u00e9se \u00e9s meg\u00e9rt\u00e9se elengedhetetlen ahhoz, hogy a sz\u00fcks\u00e9ges t\u00e1mogat\u00e1st ny\u00fajthasd ezekben az ijeszt\u0151 pillanatokban.<\/p>\n\n\n\n<h4 class=\"wp-block-heading\">Kutat\u00e1si forr\u00e1sok<\/h4>\n\n\n\n<p>\u00cdme n\u00e9h\u00e1ny javasolt bet\u0171t\u00edpus, amelyeket haszn\u00e1lhatsz a kutat\u00e1sodhoz:<\/p>\n\n\n\n<p><strong>Tudom\u00e1nyos cikkek<\/strong>: Haszn\u00e1ljon tudom\u00e1nyos adatb\u00e1zisokat, p\u00e9ld\u00e1ul a PubMed-et \u00e9s a Google Scholar-t, hogy megtal\u00e1lja a csecsem\u0151k \u00e9rzelmi \u00e9s \u00e9rz\u00e9kszervi fejl\u0151d\u00e9s\u00e9vel kapcsolatos tudom\u00e1nyos tanulm\u00e1nyokat.<\/p>\n\n\n\n<p><strong>Szakk\u00f6nyvek<\/strong>Keressen olyan k\u00f6nyveket, amelyeket gyermekfejl\u0151d\u00e9si, pszichol\u00f3giai vagy gyermekgy\u00f3gy\u00e1szati szakemberek \u00edrtak. N\u00e9h\u00e1ny p\u00e9lda a relev\u00e1ns c\u00edmekre: Margot Sunderland \u201eA sz\u00fcl\u0151s\u00e9g tudom\u00e1nya\u201d \u00e9s Hetty van de Rijt \u00e9s Frans Plooij \u201eCsod\u00e1latos hetek\u201d.<\/p>\n\n\n\n<p><strong>\u00dajrajel\u00f6l\u00e9si szervezetek<\/strong>L\u00e1togassa meg a gyermekeg\u00e9szs\u00e9g\u00fcgy ter\u00fclet\u00e9n m\u0171k\u00f6d\u0151, \u00fajj\u00e1alakult szervezetek, p\u00e9ld\u00e1ul az Amerikai Gyermekgy\u00f3gy\u00e1szati Akad\u00e9mia (AAP) \u00e9s az Eg\u00e9szs\u00e9g\u00fcgyi Vil\u00e1gszervezet (WHO) weboldalait. Ezek az int\u00e9zm\u00e9nyek \u00e1ltal\u00e1ban naprak\u00e9sz ir\u00e1nyelveket \u00e9s inform\u00e1ci\u00f3kat tesznek k\u00f6zz\u00e9 a csecsem\u0151k fejl\u0151d\u00e9s\u00e9r\u0151l \u00e9s gondoz\u00e1s\u00e1r\u00f3l.<\/p>\n\n\n\n<p>Blogok \u00e9s megb\u00edzhat\u00f3 oldalak: Sz\u00e1mos blog \u00e9s oldal l\u00e9tezik, amelyek a gyermekfejl\u0151d\u00e9sr\u0151l sz\u00f3l\u00f3 megb\u00edzhat\u00f3 inform\u00e1ci\u00f3k ny\u00fajt\u00e1s\u00e1ra specializ\u00e1l\u00f3dtak. N\u00e9h\u00e1ny p\u00e9lda erre: Verywell Family, HealthyChildren.org \u00e9s BabyCenter.<\/p>\n\n\n\n<p>Tan\u00fas\u00edtv\u00e1ny \u2013 mindig ellen\u0151rizze a felhaszn\u00e1lt forr\u00e1sok hiteless\u00e9g\u00e9t, k\u00e9rjen inform\u00e1ci\u00f3t tudom\u00e1nyosan megalapozott, k\u00e9pzett szakemberekt\u0151l. M\u00e1s forr\u00e1sokb\u00f3l sz\u00e1rmaz\u00f3 inform\u00e1ci\u00f3k id\u00e9z\u00e9sekor vagy felhaszn\u00e1l\u00e1sakor fontos, hogy megfelel\u0151en hivatkozzon a pl\u00e1gium elker\u00fcl\u00e9se \u00e9rdek\u00e9ben, \u00e9s megtisztelje vagy elismerje az eredeti szerz\u0151ket.<\/p>","protected":false},"excerpt":{"rendered":"<p>Mi\u00e9rt f\u00e9lnek annyira a bab\u00e1k, \u00e9rtsd meg ezt az \u00e9rzelmi \u00e9s viselked\u00e9si jelens\u00e9get.<br \/>\nA csecsem\u0151k k\u00edv\u00e1ncsi \u00e9s sebezhet\u0151 term\u00e9szet\u00fckr\u0151l ismertek. \u00c9let\u00fck els\u0151 h\u00f3napjaiban gyakran megfigyelhet\u0151, hogy a gyerekek k\u00f6nnyen megijednek l\u00e1tsz\u00f3lag \u00e1rtalmatlan ingerekt\u0151l.<br \/>\nEz a reakci\u00f3 sok orsz\u00e1got \u00e9s gondoz\u00f3t \u00e9rdekelhet, felvetve a k\u00e9rd\u00e9st: mi\u00e9rt f\u00e9lnek annyira a csecsem\u0151k?<br \/>\nEbben a cikkben ezt az \u00e9rzelmi \u00e9s viselked\u00e9si jelens\u00e9get vizsg\u00e1ljuk meg a csecsem\u0151kn\u00e9l, betekint\u00e9st ny\u00fajtva viselked\u00e9s\u00fck okaiba, \u00e9s tan\u00e1csokat adva, hogy seg\u00edts\u00fck az orsz\u00e1gokat ezen helyzetek kezel\u00e9s\u00e9ben.<\/p>","protected":false},"author":0,"featured_media":2111,"comment_status":"closed","ping_status":"open","sticky":false,"template":"","format":"standard","meta":{"footnotes":""},"categories":[5],"tags":[417,509,1397],"yoast_head":"<!-- This site is optimized with the Yoast SEO plugin v23.3 - https:\/\/yoast.com\/wordpress\/plugins\/seo\/ -->\n<title>Por que os beb\u00eas se assustam tanto - Universo Fam\u00edlia<\/title>\n<meta name=\"description\" content=\"Por que os beb\u00eas se assustam tanto, entenda esse fen\u00f4meno emocional e comportamental.\" \/>\n<meta name=\"robots\" content=\"index, follow, max-snippet:-1, max-image-preview:large, max-video-preview:-1\" \/>\n<link rel=\"canonical\" href=\"https:\/\/universofamilia.com\/hu\/por-que-os-bebes-se-assustam-tanto\/\" \/>\n<meta property=\"og:locale\" content=\"hu_HU\" \/>\n<meta property=\"og:type\" content=\"article\" \/>\n<meta property=\"og:title\" content=\"Por que os beb\u00eas se assustam tanto - Universo Fam\u00edlia\" \/>\n<meta property=\"og:description\" content=\"Por que os beb\u00eas se assustam tanto, entenda esse fen\u00f4meno emocional e comportamental.\" \/>\n<meta property=\"og:url\" content=\"https:\/\/universofamilia.com\/hu\/por-que-os-bebes-se-assustam-tanto\/\" \/>\n<meta property=\"og:site_name\" content=\"Universo Fam\u00edlia\" \/>\n<meta property=\"article:published_time\" content=\"2023-05-31T19:30:11+00:00\" \/>\n<meta property=\"og:image\" content=\"https:\/\/universofamilia.com\/wp-content\/uploads\/sites\/148\/2023\/05\/FOTO-DESTAQUE-SUSTO-BEBE-universo-familia-448x350-.png\" \/>\n\t<meta property=\"og:image:width\" content=\"448\" \/>\n\t<meta property=\"og:image:height\" content=\"350\" \/>\n\t<meta property=\"og:image:type\" content=\"image\/png\" \/>\n<meta name=\"twitter:card\" content=\"summary_large_image\" \/>\n<meta name=\"twitter:label1\" content=\"Est. reading time\" \/>\n\t<meta name=\"twitter:data1\" content=\"6 perc\" \/>\n<script type=\"application\/ld+json\" class=\"yoast-schema-graph\">{\"@context\":\"https:\/\/schema.org\",\"@graph\":[{\"@type\":\"WebPage\",\"@id\":\"https:\/\/universofamilia.com\/ja\/por-que-os-bebes-se-assustam-tanto\/\",\"url\":\"https:\/\/universofamilia.com\/ja\/por-que-os-bebes-se-assustam-tanto\/\",\"name\":\"Por que os beb\u00eas se assustam tanto - Universo Fam\u00edlia\",\"isPartOf\":{\"@id\":\"https:\/\/universofamilia.com\/el\/#website\"},\"primaryImageOfPage\":{\"@id\":\"https:\/\/universofamilia.com\/ja\/por-que-os-bebes-se-assustam-tanto\/#primaryimage\"},\"image\":{\"@id\":\"https:\/\/universofamilia.com\/ja\/por-que-os-bebes-se-assustam-tanto\/#primaryimage\"},\"thumbnailUrl\":\"https:\/\/universofamilia.com\/wp-content\/uploads\/sites\/148\/2023\/05\/FOTO-DESTAQUE-SUSTO-BEBE-universo-familia-448x350-.png\",\"datePublished\":\"2023-05-31T19:30:11+00:00\",\"dateModified\":\"2023-05-31T19:30:11+00:00\",\"author\":{\"@id\":\"\"},\"description\":\"Por que os beb\u00eas se assustam tanto, entenda esse fen\u00f4meno emocional e comportamental.\",\"breadcrumb\":{\"@id\":\"https:\/\/universofamilia.com\/ja\/por-que-os-bebes-se-assustam-tanto\/#breadcrumb\"},\"inLanguage\":\"hu\",\"potentialAction\":[{\"@type\":\"ReadAction\",\"target\":[\"https:\/\/universofamilia.com\/ja\/por-que-os-bebes-se-assustam-tanto\/\"]}]},{\"@type\":\"ImageObject\",\"inLanguage\":\"hu\",\"@id\":\"https:\/\/universofamilia.com\/ja\/por-que-os-bebes-se-assustam-tanto\/#primaryimage\",\"url\":\"https:\/\/universofamilia.com\/wp-content\/uploads\/sites\/148\/2023\/05\/FOTO-DESTAQUE-SUSTO-BEBE-universo-familia-448x350-.png\",\"contentUrl\":\"https:\/\/universofamilia.com\/wp-content\/uploads\/sites\/148\/2023\/05\/FOTO-DESTAQUE-SUSTO-BEBE-universo-familia-448x350-.png\",\"width\":448,\"height\":350},{\"@type\":\"BreadcrumbList\",\"@id\":\"https:\/\/universofamilia.com\/ja\/por-que-os-bebes-se-assustam-tanto\/#breadcrumb\",\"itemListElement\":[{\"@type\":\"ListItem\",\"position\":1,\"name\":\"Home\",\"item\":\"https:\/\/universofamilia.com\/el\/\"},{\"@type\":\"ListItem\",\"position\":2,\"name\":\"Por que os beb\u00eas se assustam tanto\"}]},{\"@type\":\"WebSite\",\"@id\":\"https:\/\/universofamilia.com\/el\/#website\",\"url\":\"https:\/\/universofamilia.com\/el\/\",\"name\":\"Universo Fam\u00edlia\",\"description\":\"\",\"potentialAction\":[{\"@type\":\"SearchAction\",\"target\":{\"@type\":\"EntryPoint\",\"urlTemplate\":\"https:\/\/universofamilia.com\/el\/?s={search_term_string}\"},\"query-input\":\"required name=search_term_string\"}],\"inLanguage\":\"hu\"}]}<\/script>\n<!-- \/ Yoast SEO plugin. -->","yoast_head_json":{"title":"Por que os beb\u00eas se assustam tanto - Universo Fam\u00edlia","description":"Por que os beb\u00eas se assustam tanto, entenda esse fen\u00f4meno emocional e comportamental.","robots":{"index":"index","follow":"follow","max-snippet":"max-snippet:-1","max-image-preview":"max-image-preview:large","max-video-preview":"max-video-preview:-1"},"canonical":"https:\/\/universofamilia.com\/hu\/por-que-os-bebes-se-assustam-tanto\/","og_locale":"hu_HU","og_type":"article","og_title":"Por que os beb\u00eas se assustam tanto - Universo Fam\u00edlia","og_description":"Por que os beb\u00eas se assustam tanto, entenda esse fen\u00f4meno emocional e comportamental.","og_url":"https:\/\/universofamilia.com\/hu\/por-que-os-bebes-se-assustam-tanto\/","og_site_name":"Universo Fam\u00edlia","article_published_time":"2023-05-31T19:30:11+00:00","og_image":[{"width":448,"height":350,"url":"https:\/\/universofamilia.com\/wp-content\/uploads\/sites\/148\/2023\/05\/FOTO-DESTAQUE-SUSTO-BEBE-universo-familia-448x350-.png","type":"image\/png"}],"twitter_card":"summary_large_image","twitter_misc":{"Est. reading time":"6 perc"},"schema":{"@context":"https:\/\/schema.org","@graph":[{"@type":"WebPage","@id":"https:\/\/universofamilia.com\/ja\/por-que-os-bebes-se-assustam-tanto\/","url":"https:\/\/universofamilia.com\/ja\/por-que-os-bebes-se-assustam-tanto\/","name":"Por que os beb\u00eas se assustam tanto - Universo Fam\u00edlia","isPartOf":{"@id":"https:\/\/universofamilia.com\/el\/#website"},"primaryImageOfPage":{"@id":"https:\/\/universofamilia.com\/ja\/por-que-os-bebes-se-assustam-tanto\/#primaryimage"},"image":{"@id":"https:\/\/universofamilia.com\/ja\/por-que-os-bebes-se-assustam-tanto\/#primaryimage"},"thumbnailUrl":"https:\/\/universofamilia.com\/wp-content\/uploads\/sites\/148\/2023\/05\/FOTO-DESTAQUE-SUSTO-BEBE-universo-familia-448x350-.png","datePublished":"2023-05-31T19:30:11+00:00","dateModified":"2023-05-31T19:30:11+00:00","author":{"@id":""},"description":"Por que os beb\u00eas se assustam tanto, entenda esse fen\u00f4meno emocional e comportamental.","breadcrumb":{"@id":"https:\/\/universofamilia.com\/ja\/por-que-os-bebes-se-assustam-tanto\/#breadcrumb"},"inLanguage":"hu","potentialAction":[{"@type":"ReadAction","target":["https:\/\/universofamilia.com\/ja\/por-que-os-bebes-se-assustam-tanto\/"]}]},{"@type":"ImageObject","inLanguage":"hu","@id":"https:\/\/universofamilia.com\/ja\/por-que-os-bebes-se-assustam-tanto\/#primaryimage","url":"https:\/\/universofamilia.com\/wp-content\/uploads\/sites\/148\/2023\/05\/FOTO-DESTAQUE-SUSTO-BEBE-universo-familia-448x350-.png","contentUrl":"https:\/\/universofamilia.com\/wp-content\/uploads\/sites\/148\/2023\/05\/FOTO-DESTAQUE-SUSTO-BEBE-universo-familia-448x350-.png","width":448,"height":350},{"@type":"BreadcrumbList","@id":"https:\/\/universofamilia.com\/ja\/por-que-os-bebes-se-assustam-tanto\/#breadcrumb","itemListElement":[{"@type":"ListItem","position":1,"name":"Home","item":"https:\/\/universofamilia.com\/el\/"},{"@type":"ListItem","position":2,"name":"Por que os beb\u00eas se assustam tanto"}]},{"@type":"WebSite","@id":"https:\/\/universofamilia.com\/el\/#website","url":"https:\/\/universofamilia.com\/el\/","name":"Universo Fam\u00edlia","description":"","potentialAction":[{"@type":"SearchAction","target":{"@type":"EntryPoint","urlTemplate":"https:\/\/universofamilia.com\/el\/?s={search_term_string}"},"query-input":"required name=search_term_string"}],"inLanguage":"hu"}]}},"_links":{"self":[{"href":"https:\/\/universofamilia.com\/hu\/wp-json\/wp\/v2\/posts\/2109"}],"collection":[{"href":"https:\/\/universofamilia.com\/hu\/wp-json\/wp\/v2\/posts"}],"about":[{"href":"https:\/\/universofamilia.com\/hu\/wp-json\/wp\/v2\/types\/post"}],"replies":[{"embeddable":true,"href":"https:\/\/universofamilia.com\/hu\/wp-json\/wp\/v2\/comments?post=2109"}],"version-history":[{"count":0,"href":"https:\/\/universofamilia.com\/hu\/wp-json\/wp\/v2\/posts\/2109\/revisions"}],"wp:featuredmedia":[{"embeddable":true,"href":"https:\/\/universofamilia.com\/hu\/wp-json\/wp\/v2\/media\/2111"}],"wp:attachment":[{"href":"https:\/\/universofamilia.com\/hu\/wp-json\/wp\/v2\/media?parent=2109"}],"wp:term":[{"taxonomy":"category","embeddable":true,"href":"https:\/\/universofamilia.com\/hu\/wp-json\/wp\/v2\/categories?post=2109"},{"taxonomy":"post_tag","embeddable":true,"href":"https:\/\/universofamilia.com\/hu\/wp-json\/wp\/v2\/tags?post=2109"}],"curies":[{"name":"wp","href":"https:\/\/api.w.org\/{rel}","templated":true}]}}