{"id":2130,"date":"2023-06-01T10:17:34","date_gmt":"2023-06-01T13:17:34","guid":{"rendered":"https:\/\/universofamilia.com\/?p=2130"},"modified":"2023-06-01T10:17:34","modified_gmt":"2023-06-01T13:17:34","slug":"as-6-melhores-dicas-para-cuidar-bem-do-seu-guarda-roupa","status":"publish","type":"post","link":"https:\/\/universofamilia.com\/hu\/as-6-melhores-dicas-para-cuidar-bem-do-seu-guarda-roupa\/","title":{"rendered":"6 tipp a Guarda-Roupa gondoz\u00e1s\u00e1hoz"},"content":{"rendered":"<p><p style=\"text-align: justify;\">\u00cdme 6 tipp a Guarda-Roupa \u00e1pol\u00e1s\u00e1hoz. Egy rendezett \u00e9s j\u00f3l karbantartott ruhat\u00e1r nemcsak megk\u00f6nny\u00edti a mindennapi \u00f6lt\u00f6zk\u00f6d\u00e9st, hanem meghosszabb\u00edtja ruh\u00e1id \u00e9lettartam\u00e1t is, \u00edgy id\u0151t \u00e9s p\u00e9nzt takar\u00edthatsz meg hossz\u00fa t\u00e1von.<\/p><\/p>\n\n\n\n<p><p style=\"text-align: justify;\">Ebben a cikkben bemutatjuk a legjobb m\u00f3dszereket a ruh\u00e1k \u00e1pol\u00e1s\u00e1ra, a rendszerez\u00e9st\u0151l az alkatr\u00e9szek megfelel\u0151 karbantart\u00e1s\u00e1ig.<\/p><\/p>\n\n\n\n<p><p style=\"text-align: justify;\">K\u00f6vesd ezeket az egyszer\u0171 \u00e9s hat\u00e9kony tippeket, hogy ruh\u00e1id makul\u00e1tlanul tiszt\u00e1k \u00e9s mindig j\u00f3 \u00e1llapotban legyenek.<\/p><\/p>\n\n\n\n<h3 class=\"wp-block-heading\" style=\"text-align: justify;\">L\u00e1sd m\u00e9g:<\/h3>\n\n\n\n<p><p style=\"text-align: justify;\"><a href=\"https:\/\/universofamilia.com\/hu\/como-aliviar-as-colicas-do-bebe\/\" target=\"_blank\" rel=\"noreferrer noopener\">Hogyan enyh\u00edts\u00fck a baba k\u00f3lik\u00e1j\u00e1t?<\/a><\/p><\/p>\n\n\n\n<p><p style=\"text-align: justify;\"><a href=\"https:\/\/universofamilia.com\/hu\/por-que-os-bebes-se-assustam-tanto\/\" target=\"_blank\" rel=\"noreferrer noopener\">Mi\u00e9rt f\u00e9lnek annyira a bab\u00e1k?<\/a><\/p><\/p>\n\n\n\n<p><p style=\"text-align: justify;\"><a href=\"https:\/\/www.luzbaby.com.br\/\" target=\"_blank\" rel=\"noreferrer noopener\">A Luz Baby az egyik legjobb csecsem\u0151term\u00e9keket \u00e1rus\u00edt\u00f3 \u00fczlet. Kattints ide.<\/a><\/p><\/p>\n\n\n\n<h4 class=\"wp-block-heading\" style=\"text-align: justify;\"><strong>Szervez\u00e9s<\/strong><\/h4>\n\n\n\n<p><p style=\"text-align: justify;\">A ruhat\u00e1rol\u00e1shoz elengedhetetlen egy hat\u00e9kony rendszer. Kezdd azzal, hogy kateg\u00f3ri\u00e1kba sorolod a ruh\u00e1idat, p\u00e9ld\u00e1ul ingek, leggingsek, ruh\u00e1k \u00e9s bl\u00fazok. Minden kateg\u00f3ri\u00e1n bel\u00fcl rendszerezd sz\u00edn vagy anyagt\u00edpus szerint.<\/p><\/p>\n\n\n\n<p><p style=\"text-align: justify;\">Haszn\u00e1lj min\u0151s\u00e9gi szekr\u00e9nyeket a holmik, \u00e9s dobozokat vagy fi\u00f3kokat a kisebb t\u00e1rgyak, p\u00e9ld\u00e1ul ruh\u00e1k \u00e9s feh\u00e9rnem\u0171k t\u00e1rol\u00e1s\u00e1ra. \u00cdgy mindig tudni fogod, hol keresd, mire van sz\u00fcks\u00e9ged, elker\u00fclve a felesleges pazarl\u00e1st.<\/p><\/p>\n\n\n\n<h4 class=\"wp-block-heading\" style=\"text-align: justify;\"><strong>1\u00ba Mit haszn\u00e1ljunk ruh\u00e1k vagy ruh\u00e1k tiszt\u00edt\u00e1s\u00e1ra \u00e9s t\u00e1rol\u00e1s\u00e1ra?<\/strong><\/h4>\n\n\n<div class=\"wp-block-image\">\n<figure class=\"aligncenter size-full\" style=\"text-align: justify;\"><img loading=\"lazy\" decoding=\"async\" width=\"550\" height=\"350\" class=\"wp-image-2131\" src=\"http:\/\/universofamilia.com\/wp-content\/uploads\/sites\/148\/2023\/06\/POST-PISGUARDA-ROUPA-universo-familia-.png\" alt=\"\" srcset=\"https:\/\/universofamilia.com\/wp-content\/uploads\/sites\/148\/2023\/06\/POST-PISGUARDA-ROUPA-universo-familia-.png 550w, https:\/\/universofamilia.com\/wp-content\/uploads\/sites\/148\/2023\/06\/POST-PISGUARDA-ROUPA-universo-familia--300x191.png 300w\" sizes=\"(max-width: 550px) 100vw, 550px\" \/><\/figure><\/div>\n\n\n<p><p style=\"text-align: justify;\">A ruh\u00e1k vagy ruh\u00e1k tiszt\u00edt\u00e1s\u00e1hoz \u00e9s elt\u00e1vol\u00edt\u00e1s\u00e1hoz haszn\u00e1lhat n\u00e9h\u00e1ny egyszer\u0171 \u00e9s hat\u00e9kony lehet\u0151s\u00e9get.<\/p><\/p>\n\n\n\n<h5 class=\"wp-block-heading\" style=\"text-align: justify;\"><strong>\u00cdme n\u00e9h\u00e1ny javaslat:<\/strong><\/h5>\n\n\n\n<h5 class=\"wp-block-heading\" style=\"text-align: justify;\"><strong>Alaptiszt\u00edt\u00e1s<\/strong><\/h5>\n\n\n\n<p><p style=\"text-align: justify;\">Miel\u0151tt b\u00e1rmilyen illatanyagot hozz\u00e1adn\u00e1l, fontos, hogy alaposan kitiszt\u00edtsd a ruhat\u00e1rol\u00f3dat. Vedd ki az \u00f6sszes ruh\u00e1t, \u00e9s tiszt\u00edtsd meg az ajt\u00f3kat, fi\u00f3kokat \u00e9s szekr\u00e9nyeket nedves ruh\u00e1val \u00e9s enyhe mos\u00f3szerrel. Miel\u0151tt folytatn\u00e1d, gy\u0151z\u0151dj meg r\u00f3la, hogy a hely por- \u00e9s t\u00f6rmel\u00e9kmentes.<\/p><\/p>\n\n\n\n<h5 class=\"wp-block-heading\"><strong>Illatos tasakok<\/strong><\/h5>\n\n\n\n<p><p style=\"text-align: justify;\">Az illatos\u00edtott t\u00e1sk\u00e1k kiv\u00e1l\u00f3 megold\u00e1st jelentenek a szennyes ruh\u00e1k t\u00e1rol\u00e1s\u00e1ra. Gyorsan megv\u00e1s\u00e1rolhatod \u0151ket, vagy elk\u00e9sz\u00edtheted a saj\u00e1todat.<\/p><\/p>\n\n\n\n<p><p style=\"text-align: justify;\">Haszn\u00e1lj l\u00e9g\u00e1tereszt\u0151 anyagb\u00f3l, p\u00e9ld\u00e1ul pamutb\u00f3l vagy organz\u00e1b\u00f3l k\u00e9sz\u00fclt zacsk\u00f3kat, \u00e9s helyezz bele illatos \u00f6sszetev\u0151ket, p\u00e9ld\u00e1ul sz\u00e1r\u00edtott vir\u00e1gokat, levendul\u00e1t, zs\u00edrkr\u00e9t\u00e1t vagy ak\u00e1r illatos tasakok darabjait.<\/p><\/p>\n\n\n\n<p><p style=\"text-align: justify;\">Ezut\u00e1n csak n\u00e9zd meg a ruhat\u00e1rol\u00f3 h\u00e1tulj\u00e1n l\u00e9v\u0151 zacsk\u00f3kat. Ezek seg\u00edtenek fenntartani a kellemes \u00e9s friss illatot.<\/p><\/p>\n\n\n\n<h5 class=\"wp-block-heading\"><strong>Sz\u00e1r\u00edt\u00f3g\u00e9p leped\u0151k<\/strong><\/h5>\n\n\n\n<p><p style=\"text-align: justify;\">Egy m\u00e1sik lehet\u0151s\u00e9g az illatos\u00edtott sz\u00e1r\u00edt\u00f3g\u00e9pkend\u0151k haszn\u00e1lata. \u00dagy tervezt\u00e9k, hogy a sz\u00e1r\u00edt\u00e1si folyamat sor\u00e1n kellemes leveg\u0151vel l\u00e1ss\u00e1k el a ruh\u00e1kat, de illatos\u00edt\u00e1sra vagy t\u00e1rol\u00e1sra is haszn\u00e1lhat\u00f3k.<\/p><\/p>\n\n\n\n<p><p style=\"text-align: justify;\">El\u00e9g egy vagy k\u00e9t leped\u0151t tenni a ruha\u00e1llv\u00e1nyokra vagy a ruhat\u00e1rol\u00f3 fi\u00f3kjaiba. Ezek l\u00e1gy illatot \u00e1rasztanak, amit\u0151l a ruh\u00e1id cheirosa sz\u00edn\u0171ek lesznek.<\/p><\/p>\n\n\n\n<h5 class=\"wp-block-heading\"><strong>N\u00e1trium-hidrog\u00e9n-karbon\u00e1t<\/strong><\/h5>\n\n\n\n<p><p style=\"text-align: justify;\">A sz\u00f3dabikarb\u00f3na kiv\u00e1l\u00f3 szagelnyel\u0151. Ezzel az anyaggal megszabadulhatsz a ruhat\u00e1radban l\u00e9v\u0151 nem k\u00edv\u00e1nt t\u00e1rgyakt\u00f3l.<\/p><\/p>\n\n\n\n<p><p style=\"text-align: justify;\">Helyezzen egy nyitott ed\u00e9nyt sz\u00f3dabikarb\u00f3n\u00e1val a l\u00e1basokba vagy fi\u00f3kokba, \u00e9s hagyja f\u0151ni n\u00e9h\u00e1ny \u00f3r\u00e1n \u00e1t, vagy ak\u00e1r egy \u00e9jszak\u00e1n \u00e1t. A sz\u00f3dabikarb\u00f3na seg\u00edt elnyelni a szagokat, friss, kellemes illatot hagyva maga ut\u00e1n.<\/p><\/p>\n\n\n\n<h5 class=\"wp-block-heading\"><strong>Ill\u00f3olajok<\/strong><\/h5>\n\n\n\n<p><p style=\"text-align: justify;\">Az ill\u00f3olajok sokoldal\u00fa megold\u00e1st k\u00edn\u00e1lnak a ruh\u00e1k t\u00e1rol\u00e1s\u00e1ra egy kellemes gyermekfel\u00fcgyelet mellett. Cseppentsen n\u00e9h\u00e1ny csepp ill\u00f3olajat vattacsom\u00f3kra vagy sz\u00f6vetdarabokra, \u00e9s helyezze \u0151ket a ruhasz\u00e1r\u00edt\u00f3 \u00e1llv\u00e1nyokra vagy fi\u00f3kokba.<\/p><\/p>\n\n\n\n<p><p style=\"text-align: justify;\">V\u00e1lasszon olyan illatanyagokat, mint a levendula, a lime, az alecrim vagy a hortel\u00e3-pimenta, amelyek arom\u00e1s tulajdons\u00e1gokkal rendelkeznek, \u00e9s seg\u00edthetnek a nemk\u00edv\u00e1natos rovarok el\u0171z\u00e9s\u00e9ben is.<\/p><\/p>\n\n\n\n<p><p style=\"text-align: justify;\">Fontos megjegyezni, hogy ha b\u00e1rmilyen term\u00e9ket vagy illatanyagot a ruh\u00e1zati \u00fczleten k\u00edv\u00fcl haszn\u00e1lsz, figyelembe kell venni az esetleges allergi\u00e1kat vagy \u00e9rz\u00e9kenys\u00e9geket. Miel\u0151tt az eg\u00e9sz ruh\u00e1dra felvinn\u00e9d, teszteld a term\u00e9keket egy kis ter\u00fcleten, \u00e9s gy\u0151z\u0151dj meg arr\u00f3l, hogy nem okoznak nem k\u00edv\u00e1nt reakci\u00f3kat.<\/p><\/p>\n\n\n\n<p><p style=\"text-align: justify;\">Ne felejtsd el rendszeresen cser\u00e9lni vagy friss\u00edteni a zs\u00e1kokat, sz\u00e1r\u00edt\u00f3g\u00e9pkend\u0151ket vagy ill\u00f3olajokat, hogy a ruh\u00e1id illata friss \u00e9s kellemes maradjon.<\/p><\/p>\n\n\n\n<h4 class=\"wp-block-heading\"><strong>2. J\u00f3 dolog nem feladni \u00e9s sok\u00e1ig kivenni a poharakat a szekr\u00e9nyb\u0151l.<\/strong><\/h4>\n\n\n<div class=\"wp-block-image\">\n<figure class=\"aligncenter size-full\"><img loading=\"lazy\" decoding=\"async\" width=\"550\" height=\"350\" src=\"http:\/\/universofamilia.com\/wp-content\/uploads\/sites\/148\/2023\/06\/POST-PISGUARDA-ROUPA-universo-familia-1.png\" alt=\"\" class=\"wp-image-2132\" srcset=\"https:\/\/universofamilia.com\/wp-content\/uploads\/sites\/148\/2023\/06\/POST-PISGUARDA-ROUPA-universo-familia-1.png 550w, https:\/\/universofamilia.com\/wp-content\/uploads\/sites\/148\/2023\/06\/POST-PISGUARDA-ROUPA-universo-familia-1-300x191.png 300w\" sizes=\"(max-width: 550px) 100vw, 550px\" \/><\/figure><\/div>\n\n\n<p><p style=\"text-align: justify;\">A k\u00f6p\u00f6ly\u00f6z\u00e9s kialakul\u00e1s\u00e1nak megel\u0151z\u00e9se \u00e9s a ruhat\u00e1rad v\u00e9delme \u00e9rdek\u00e9ben van n\u00e9h\u00e1ny megel\u0151z\u0151 int\u00e9zked\u00e9s, amit megtehetsz.<\/p><\/p>\n\n\n\n<h5 class=\"wp-block-heading\"><strong>\u00cdme n\u00e9h\u00e1ny hasznos tipp<\/strong><\/h5>\n\n\n\n<p><p style=\"text-align: justify;\">Tartsa sz\u00e1razon a k\u00f6rnyezetet: Tartsa tiszt\u00e1n a poharakat, \u00e9s nedves k\u00f6rnyezetben is j\u00f3l haszn\u00e1lhat\u00f3k. Gy\u0151z\u0151dj\u00f6n meg arr\u00f3l, hogy a ruhat\u00e1rol\u00f3 sz\u00e1raz \u00e9s j\u00f3l szell\u0151z\u0151 helyen van.<\/p><\/p>\n\n\n\n<p><p style=\"text-align: justify;\">Ker\u00fclje a nedves helyek, p\u00e9ld\u00e1ul banheiros vagy janelas vazamentos k\u00f6zel\u00e9be helyez\u00e9s\u00e9t. Haszn\u00e1ljon p\u00e1ramentes\u00edt\u0151ket vagy szilikag\u00e9llel t\u00f6lt\u00f6tt tart\u00e1lyokat a leveg\u0151 p\u00e1ratartalm\u00e1nak elnyel\u00e9s\u00e9re.<\/p><\/p>\n\n\n\n<h5 class=\"wp-block-heading\"><strong>Rendszeres simogat\u00e1s<\/strong><\/h5>\n\n\n\n<p><p style=\"text-align: justify;\">Rendszeresen tiszt\u00edtsd a szekr\u00e9nyt, hogy elker\u00fcld a szennyez\u0151d\u00e9sek felhalmoz\u00f3d\u00e1s\u00e1t, amelyek a poharak sz\u00e1m\u00e1ra t\u00e1pl\u00e1l\u00e9kk\u00e9nt szolg\u00e1lhatnak. Az ajt\u00f3kat, fi\u00f3kokat \u00e9s fel\u00fcleteket nedves ruh\u00e1val \u00e9s enyhe mos\u00f3szerrel tiszt\u00edtsd. Miel\u0151tt visszapakoln\u00e1d a ruh\u00e1kat, gy\u0151z\u0151dj meg r\u00f3la, hogy minden teljesen sz\u00e1raz.<\/p><\/p>\n\n\n\n<h5 class=\"wp-block-heading\"><strong>Haszn\u00e1ljon mofoellenes term\u00e9keket<\/strong><\/h5>\n\n\n\n<p><p style=\"text-align: justify;\">Kaphat\u00f3k mofo elleni term\u00e9kek, p\u00e9ld\u00e1ul szilikag\u00e9l zacsk\u00f3k vagy anti-mofo zacsk\u00f3k. Ezek seg\u00edtenek felsz\u00edvni a felesleges nedvess\u00e9get a ter\u00fcleten, \u00e9s megakad\u00e1lyozz\u00e1k a mofo kialakul\u00e1s\u00e1t.<\/p><\/p>\n\n\n\n<p><p style=\"text-align: justify;\">Helyezze ezeket a term\u00e9keket a ruhasz\u00e1r\u00edt\u00f3 \u00e1llv\u00e1nyra, k\u00fcl\u00f6n\u00f6sen a nedvess\u00e9gnek jobban kitett helyeken.<\/p><\/p>\n\n\n\n<h5 class=\"wp-block-heading\"><strong>Megfelel\u0151 szell\u0151z\u00e9s<\/strong><\/h5>\n\n\n\n<p><p style=\"text-align: justify;\">Hagyd id\u0151nk\u00e9nt nyitva a gardr\u00f3bszekr\u00e9ny ajtaj\u00e1t, hogy a leveg\u0151 keringhessen. Ez seg\u00edt elker\u00fclni a nedvess\u00e9g felhalmoz\u00f3d\u00e1s\u00e1t, \u00e9s cs\u00f6kkenti a szennyez\u0151d\u00e9sek \u00e9s a cupinok ruh\u00e1kra val\u00f3 r\u00e1teleped\u00e9s\u00e9nek val\u00f3sz\u00edn\u0171s\u00e9g\u00e9t.<\/p><\/p>\n\n\n\n<h5 class=\"wp-block-heading\"><strong>Haszn\u00e1ljon r\u00fcgyriaszt\u00f3kat<\/strong><\/h5>\n\n\n\n<p><p style=\"text-align: justify;\">A ruh\u00e1k rovarriaszt\u00f3k elleni v\u00e9delm\u00e9hez haszn\u00e1lhat speci\u00e1lis riaszt\u00f3szereket. L\u00e9teznek olyan term\u00e9kek, mint p\u00e9ld\u00e1ul spray-k vagy tasakok, amelyek rovarokat \u00e9s rovarokat tasz\u00edt\u00f3 anyagokat tartalmaznak. A ruhav\u00e9d\u0151t a gy\u00e1rt\u00f3 utas\u00edt\u00e1sai szerint alkalmazza.<\/p><\/p>\n\n\n\n<h5 class=\"wp-block-heading\"><strong>Rendszeres ellen\u0151rz\u00e9s<\/strong><\/h5>\n\n\n\n<p><p style=\"text-align: justify;\">Rendszeresen ellen\u0151rizze a ruh\u00e1zat\u00e1t, hogy azonos\u00edtsa a cupin- vagy mofo-fert\u0151z\u00e9s jeleit.<\/p><\/p>\n\n\n\n<p><p style=\"text-align: justify;\">Ellen\u0151rizd a ruh\u00e1kat, a p\u00e1ntokat \u00e9s a ruhav\u00e9d\u0151 sz\u00e9leit s\u00e9r\u00fcl\u00e9s, reped\u00e9s vagy folt nyomai ut\u00e1n kutatva. Min\u00e9l jobban be tudom azonos\u00edtani a probl\u00e9m\u00e1t, ann\u00e1l k\u00f6nnyebb lesz kezelni.<\/p><\/p>\n\n\n\n<h5 class=\"wp-block-heading\"><strong>K\u00f6zvetlen napf\u00e9ny<\/strong><\/h5>\n\n\n\n<p><p style=\"text-align: justify;\">Amikor csak lehets\u00e9ges, tedd ki a ruh\u00e1idat a napra. A k\u00f6zvetlen napf\u00e9ny seg\u00edt a nedvess\u00e9g \u00e9s a gombafert\u0151z\u00e9s elt\u00e1vol\u00edt\u00e1s\u00e1ban. Ha van szabad helyed, akaszd fel a ruh\u00e1idat egy r\u00fadra a napon n\u00e9h\u00e1ny \u00f3r\u00e1ra.<\/p><\/p>\n\n\n\n<p><p style=\"text-align: justify;\">Ne feledd, hogy a megel\u0151z\u00e9s elengedhetetlen a ruh\u00e1k nem megfelel\u0151 t\u00e1rol\u00e1s\u00e1b\u00f3l ad\u00f3d\u00f3 probl\u00e9m\u00e1k elker\u00fcl\u00e9se \u00e9rdek\u00e9ben. Ezen megel\u0151z\u0151 int\u00e9zked\u00e9sek bevezet\u00e9s\u00e9vel megv\u00e9ded a ruh\u00e1idat, \u00e9s biztons\u00e1gban tartod a k\u00f6rnyezetet, mentes\u00edtve a nem k\u00edv\u00e1nt probl\u00e9m\u00e1kt\u00f3l.<\/p><\/p>\n\n\n\n<h4 class=\"wp-block-heading\"><strong>3\u00ba Hogyan t\u00e1roljuk vagy t\u00e1roljuk a ruh\u00e1kat mindig becsomagolva \u00e9s rendszerezve<\/strong><\/h4>\n\n\n<div class=\"wp-block-image\">\n<figure class=\"aligncenter size-full\"><img loading=\"lazy\" decoding=\"async\" width=\"550\" height=\"350\" src=\"http:\/\/universofamilia.com\/wp-content\/uploads\/sites\/148\/2023\/06\/POST-PISGUARDA-ROUPA-universo-familia-2.png\" alt=\"\" class=\"wp-image-2133\" srcset=\"https:\/\/universofamilia.com\/wp-content\/uploads\/sites\/148\/2023\/06\/POST-PISGUARDA-ROUPA-universo-familia-2.png 550w, https:\/\/universofamilia.com\/wp-content\/uploads\/sites\/148\/2023\/06\/POST-PISGUARDA-ROUPA-universo-familia-2-300x191.png 300w\" sizes=\"(max-width: 550px) 100vw, 550px\" \/><\/figure><\/div>\n\n\n<p><p style=\"text-align: justify;\">A ruhaszekr\u00e9ny \u00e1lland\u00f3 pakolhat\u00f3s\u00e1ga \u00e9s rendszerez\u00e9se n\u00e9mi fegyelmet \u00e9s k\u00f6vetkezetes szok\u00e1sokat ig\u00e9nyel. \u00cdme n\u00e9h\u00e1ny tipp, amelyek seg\u00edthetnek rendben tartani a ruh\u00e1idat:<\/p><\/p>\n\n\n\n<h5 class=\"wp-block-heading\"><strong>Kateg\u00f3ri\u00e1k l\u00e9trehoz\u00e1sa<\/strong><\/h5>\n\n\n\n<p><p style=\"text-align: justify;\">V\u00e1logasd sz\u00e9t a ruh\u00e1idat kateg\u00f3ri\u00e1k szerint, p\u00e9ld\u00e1ul p\u00f3l\u00f3k, leggingsek, ruh\u00e1k, bl\u00fazok stb. Az egyes kateg\u00f3ri\u00e1kon bel\u00fcl rendszerezd sz\u00edn vagy anyagt\u00edpus szerint. Az Isso seg\u00edts\u00e9g\u00e9vel k\u00f6nnyebben megtal\u00e1lod, amire sz\u00fcks\u00e9ged van, \u00e9s vizu\u00e1lisan rendezetten tarthatod a ruhat\u00e1radat.<\/p><\/p>\n\n\n\n<h5 class=\"wp-block-heading\"><strong>Nagyon helyes<\/strong><\/h5>\n\n\n\n<p><p style=\"text-align: justify;\">Az \u00f6sszehajtogathatatlan t\u00e1rgyakat, p\u00e9ld\u00e1ul p\u00f3l\u00f3kat, als\u00f3nem\u0171ket \u00e9s rossz ruh\u00e1kat megfelel\u0151en kell \u00f6sszehajtani. Hajtsa \u00f6ssze \u0151ket egyenletesen, \u00e9s rendezett m\u00f3don helyezze a kijel\u00f6lt fi\u00f3kokba vagy polcokra.<\/p><\/p>\n\n\n\n<h5 class=\"wp-block-heading\"><strong>Descarte vagy mit nem haszn\u00e1lunk m\u00e1sk\u00e9pp<\/strong><\/h5>\n\n\n\n<p><p style=\"text-align: justify;\">Rendszeresen v\u00e1logasd sz\u00e9t a ruh\u00e1idat, \u00e9s v\u00e1lassz sz\u00e9t olyan darabokat, amelyeket m\u00e1r nem haszn\u00e1lsz. Ne add el ezeket a ruh\u00e1kat j\u00f3 \u00e1llapotban. Ez seg\u00edt cs\u00f6kkenteni az alkatr\u00e9szek felesleges felhalmoz\u00f3d\u00e1s\u00e1t, \u00e9s csak azt tarthatod meg, amit t\u00e9nylegesen haszn\u00e1lsz \u00e9s kapsz.<\/p><\/p>\n\n\n\n<h5 class=\"wp-block-heading\"><strong>Tartson fenn egy szervezeti rutint<\/strong><\/h5>\n\n\n\n<p><p style=\"text-align: justify;\">Sz\u00e1nj hetente n\u00e9h\u00e1ny percet a ruhat\u00e1rad t\u00e1rol\u00e1s\u00e1ra \u00e9s rendszerez\u00e9s\u00e9re. Ellen\u0151rizd, hogy az alkatr\u00e9szek a megfelel\u0151 helyeken vannak-e, sz\u00fcks\u00e9g eset\u00e9n igaz\u00edtsd ki \u00e9s rendezd \u00e1t \u0151ket. Ez a rendszeres gyakorlat megakad\u00e1lyozza, hogy a kicsavarod\u00e1s felhalmoz\u00f3djon \u00e9s nagyobb probl\u00e9m\u00e1v\u00e1 v\u00e1ljon.<\/p><\/p>\n\n\n\n<h5 class=\"wp-block-heading\"><strong>Haszn\u00e1lj szervez\u0151ket \u00e9s elv\u00e1laszt\u00f3kat<\/strong><\/h5>\n\n\n\n<p><p style=\"text-align: justify;\">Haszn\u00e1lj rendez\u0151ket, p\u00e9ld\u00e1ul dobozokat, kosarakat \u00e9s fi\u00f3kelv\u00e1laszt\u00f3kat a kisebb t\u00e1rgyak \u00e9s kieg\u00e9sz\u00edt\u0151k rendszerez\u00e9s\u00e9hez. Ez megk\u00f6nny\u00edti ezeknek a t\u00e1rgyaknak a megtal\u00e1l\u00e1s\u00e1t, \u00e9s megakad\u00e1lyozza a rendetlens\u00e9get a gardr\u00f3bban.<\/p><\/p>\n\n\n\n<h5 class=\"wp-block-heading\"><strong>Tedd a tiszta ruh\u00e1kat a megfelel\u0151 helyre<\/strong><\/h5>\n\n\n\n<p><p style=\"text-align: justify;\">Mos\u00e1s \u00e9s \u00e1tad\u00e1sok sor\u00e1n a ruh\u00e1kat k\u00f6zvetlen\u00fcl a megfelel\u0151, nem ruh\u00e1zati t\u00e1rol\u00f3helyre helyezd. Ker\u00fcld a felhalmoz\u00f3dott t\u00f6rmel\u00e9kek fel\u00fcleteken val\u00f3 hagy\u00e1s\u00e1t, mert ez felesleges t\u00f6rmel\u00e9kk\u00e9pz\u0151d\u00e9st okozhat.<\/p><\/p>\n\n\n\n<h5 class=\"wp-block-heading\"><strong>Tartsa a fi\u00f3kjait sorrendben<\/strong><\/h5>\n\n\n\n<p><p style=\"text-align: justify;\">Hajtsd \u00f6ssze megfelel\u0151en a ruh\u00e1kat, \u00e9s rendezd el \u0151ket a fi\u00f3kokban. Ker\u00fcld a k\u00fcl\u00f6nb\u00f6z\u0151 t\u00edpus\u00fa ruh\u00e1k egyazon fi\u00f3kban val\u00f3 \u00f6sszekever\u00e9s\u00e9t, hogy k\u00f6nnyen megtal\u00e1ld, amire sz\u00fcks\u00e9ged van.<\/p><\/p>\n\n\n\n<h5 class=\"wp-block-heading\"><strong>Tov\u00e1bbi helyek haszn\u00e1lata<\/strong><\/h5>\n\n\n\n<p><p style=\"text-align: justify;\">Haszn\u00e1lj tov\u00e1bbi tereket, p\u00e9ld\u00e1ul fels\u0151 polcokat vagy a ruhat\u00e1rol\u00f3 feletti r\u00e9szeket a r\u00e9gebbi vagy kev\u00e9sb\u00e9 haszn\u00e1lt holmik t\u00e1rol\u00e1s\u00e1ra. Haszn\u00e1lj v\u00e1kuumdobozokat vagy zacsk\u00f3kat ezeknek a daraboknak a v\u00e9delm\u00e9re \u00e9s a k\u00f6nyvek biztons\u00e1g\u00e1nak meg\u0151rz\u00e9s\u00e9re.<\/p><\/p>\n\n\n\n<h4 class=\"wp-block-heading\">4\u00ba A ruh\u00e1k elhelyez\u00e9se a szob\u00e1kban nem a ruhat\u00e1rol\u00e1suk.<\/h4>\n\n\n<div class=\"wp-block-image\">\n<figure class=\"aligncenter size-full\"><img loading=\"lazy\" decoding=\"async\" width=\"550\" height=\"350\" src=\"http:\/\/universofamilia.com\/wp-content\/uploads\/sites\/148\/2023\/06\/POST-PISGUARDA-ROUPA-universo-familia-3.png\" alt=\"\" class=\"wp-image-2134\" srcset=\"https:\/\/universofamilia.com\/wp-content\/uploads\/sites\/148\/2023\/06\/POST-PISGUARDA-ROUPA-universo-familia-3.png 550w, https:\/\/universofamilia.com\/wp-content\/uploads\/sites\/148\/2023\/06\/POST-PISGUARDA-ROUPA-universo-familia-3-300x191.png 300w\" sizes=\"(max-width: 550px) 100vw, 550px\" \/><\/figure><\/div>\n\n\n<p><p style=\"text-align: justify;\">A ruh\u00e1kat rendezett \u00e9s praktikus m\u00f3don kell elhelyezni a helyis\u00e9gekben.<\/p><\/p>\n\n\n\n<h5 class=\"wp-block-heading\">K\u00f6vesd ezeket a tippeket:<\/h5>\n\n\n\n<h5 class=\"wp-block-heading\"><strong>Rendez\u00e9s t\u00edpus szerint<\/strong><\/h5>\n\n\n\n<p><p style=\"text-align: justify;\">Csoportos\u00edtsd a hasonl\u00f3 darabokat. P\u00e9ld\u00e1ul akaszd \u00f6ssze az \u00f6sszes ingedet, az \u00f6sszes zoknidat, \u00e9s \u00edgy tov\u00e1bb. Ez megk\u00f6nny\u00edti a ruh\u00e1k \u00e1ttekint\u00e9s\u00e9t \u00e9s kiv\u00e1laszt\u00e1s\u00e1t, amikor valami konkr\u00e9tat keresel.<\/p><\/p>\n\n\n\n<h5 class=\"wp-block-heading\"><strong>Sz\u00edn szerinti rendez\u00e9s<\/strong><\/h5>\n\n\n\n<p><p style=\"text-align: justify;\">Az egyes ruhakateg\u00f3ri\u00e1kon bel\u00fcl rendezd el a darabokat sorrend szerint. Kezdd a legtiszt\u00e1bb magokkal, \u00e9s haladj a legs\u00f6t\u00e9tebbek fel\u00e9. Ez a zsin\u00f3r szerinti elrendez\u00e9s kellemes eszt\u00e9tikai megjelen\u00e9st k\u00f6lcs\u00f6n\u00f6z, \u00e9s seg\u00edt a nem k\u00edv\u00e1nt ruh\u00e1k gyors megtal\u00e1l\u00e1s\u00e1ban.<\/p><\/p>\n\n\n\n<h5 class=\"wp-block-heading\"><strong>Haszn\u00e1ljon megfelel\u0151 kabinokat<\/strong><\/h5>\n\n\n\n<p><p style=\"text-align: justify;\">Minden ruhat\u00edpushoz haszn\u00e1lj megfelel\u0151 fazont. A hossz\u00fa, \u00edvelt v\u00e1ll\u00fa fazonok ide\u00e1lisak bl\u00e9zerekhez \u00e9s dzsekikhez, mivel megtartj\u00e1k a ruhadarabok form\u00e1j\u00e1t. A finom fazonok ide\u00e1lisak ingekhez, fels\u0151kh\u00f6z \u00e9s k\u00f6nny\u0171 ruh\u00e1khoz. Szokny\u00e1k \u00e9s harisny\u00e1k eset\u00e9n haszn\u00e1lj csatokat a megfelel\u0151 r\u00f6gz\u00edt\u00e9shez.<\/p><\/p>\n\n\n\n<h5 class=\"wp-block-heading\"><strong>Helyes felakaszt\u00e1s<\/strong><\/h5>\n\n\n\n<p><p style=\"text-align: justify;\">Ha a ruh\u00e1zat nem megfelel\u0151, gy\u0151z\u0151dj\u00f6n meg arr\u00f3l, hogy nincs rendesen elrendezve. \u00cdgy elker\u00fclheti a nem k\u00edv\u00e1nt gy\u0171r\u0151d\u00e9seket \u00e9s gy\u0171r\u0151d\u00e9st. Gy\u0151z\u0151dj\u00f6n meg arr\u00f3l, hogy a ruh\u00e1k nem l\u00f3gnak a szoba k\u00f6zep\u00e9n, \u00e9s nem s\u00farolj\u00e1k a v\u00e1llsz\u0151rzetet.<\/p><\/p>\n\n\n\n<h5 class=\"wp-block-heading\"><strong>Hossz\u00fa kis dolgok rendszerez\u00e9se<\/strong><\/h5>\n\n\n\n<p><p style=\"text-align: justify;\">Hossz\u00fa ruh\u00e1khoz, p\u00e9ld\u00e1ul ruh\u00e1khoz \u00e9s kab\u00e1tokhoz olyan \u00e1llv\u00e1nyokat haszn\u00e1ljon, amelyek alj\u00e1n egy tov\u00e1bbi v\u00edzszintes r\u00fad tal\u00e1lhat\u00f3. Ez seg\u00edt megakad\u00e1lyozni, hogy a hossz\u00fa darabok hozz\u00e1\u00e9rjenek vagy megs\u00e9r\u00fcljenek, \u00e9s megakad\u00e1lyozz\u00e1k, hogy gy\u0171r\u0151djenek vagy megs\u00e9r\u00fcljenek.<\/p><\/p>\n\n\n\n<h5 class=\"wp-block-heading\"><strong>F\u00fcgg\u0151leges t\u00e9rk\u00f6z haszn\u00e1lata<\/strong><\/h5>\n\n\n\n<p><p style=\"text-align: justify;\">Haszn\u00e1ld ki a ruhat\u00e1rol\u00f3ban rendelkez\u00e9sre \u00e1ll\u00f3 f\u00fcgg\u0151leges teret. Akaszd fel a ruhadarabokat k\u00fcl\u00f6nb\u00f6z\u0151 magass\u00e1gokban, r\u00e9tegesen rakd egym\u00e1sra a ruh\u00e1kat. Ez maximaliz\u00e1lja a rendelkez\u00e9sre \u00e1ll\u00f3 helyet, \u00e9s megk\u00f6nny\u00edti a ruhadarabok \u00e1ttekint\u00e9s\u00e9t.<\/p><\/p>\n\n\n\n<h5 class=\"wp-block-heading\"><strong>Kieg\u00e9sz\u00edt\u0151k kategoriz\u00e1l\u00e1sa<\/strong><\/h5>\n\n\n\n<p><p style=\"text-align: justify;\">A ruh\u00e1k mellett a szekr\u00e9nyeket kieg\u00e9sz\u00edt\u0151k, p\u00e9ld\u00e1ul b\u0151r\u00e1ruk, \u00f6vek \u00e9s szalagok rendszerez\u00e9s\u00e9re is haszn\u00e1lhatod. Haszn\u00e1lj kamp\u00f3s vagy extra akaszt\u00f3s helyeket, hogy ezeket a t\u00e1rgyakat rendezett \u00e9s k\u00f6nnyen hozz\u00e1f\u00e9rhet\u0151 m\u00f3don felakaszthasd.<\/p><\/p>\n\n\n\n<h5 class=\"wp-block-heading\"><strong>T\u00e9rk\u00f6z a gyerekek k\u00f6z\u00f6tt<\/strong><\/h5>\n\n\n\n<p><p style=\"text-align: justify;\">Ker\u00fcld a ruh\u00e1k t\u00fal szoros akaszt\u00e1s\u00e1t t\u00f6bb napig. Hagyj elegend\u0151 helyet a darabok k\u00f6z\u00f6tt, hogy l\u00e9legezni tudjanak \u00e9s ne zs\u00fafol\u00f3djanak \u00f6ssze. \u00cdgy k\u00f6nnyebb lesz \u00e1tl\u00e1tni \u0151ket, \u00e9s megakad\u00e1lyozhatod, hogy a ruh\u00e1k \u00f6sszegy\u0171r\u0151djenek.<\/p><\/p>\n\n\n\n<h5 class=\"wp-block-heading\"><strong>Rendszeres friss\u00edt\u00e9s<\/strong><\/h5>\n\n\n\n<p><p style=\"text-align: justify;\">Rendszeresen ellen\u0151rizd a ruhat\u00e1radat, \u00e9s vedd ki a m\u00e1r nem haszn\u00e1lt darabokat. Ez seg\u00edt meg\u0151rizni a helyed, \u00e9s biztos\u00edtja, hogy csak azok a ruh\u00e1k maradjanak haszn\u00e1latlanul, amelyeket szeretsz \u00e9s rendszeresen hordasz.<\/p><\/p>\n\n\n\n<h4 class=\"wp-block-heading\"><strong>5\u00ba Ruh\u00e1kat tiszt\u00edtsa vagy t\u00e1rolja a szabadban<\/strong><\/h4>\n\n\n\n<p><p style=\"text-align: justify;\">A ruhaszekr\u00e9ny tiszt\u00edt\u00e1sa fontos a szennyez\u0151d\u00e9sek \u00e9s por elt\u00e1vol\u00edt\u00e1s\u00e1hoz, valamint a k\u00f6rnyezet \u00e1ltal\u00e1nos megjelen\u00e9s\u00e9nek jav\u00edt\u00e1s\u00e1hoz. \u00cdme n\u00e9h\u00e1ny tipp a ruhaszekr\u00e9ny tiszt\u00edt\u00e1s\u00e1hoz:<\/p><\/p>\n\n\n\n<h5 class=\"wp-block-heading\"><strong>Mindent elt\u00e1vol\u00edtani<\/strong><\/h5>\n\n\n\n<p><p style=\"text-align: justify;\">A takar\u00edt\u00e1s megkezd\u00e9se el\u0151tt t\u00e1vol\u00edtsa el az \u00f6sszes ruhadarabot \u00e9s t\u00e1rgyat, amelyek nem a ruhat\u00e1rol\u00f3 alap tetej\u00e9n vannak. Helyezze \u0151ket biztons\u00e1gos helyre a fel\u00fcletek tiszt\u00edt\u00e1s\u00e1nak megk\u00f6nny\u00edt\u00e9se \u00e9rdek\u00e9ben.<\/p><\/p>\n\n\n\n<h5 class=\"wp-block-heading\"><strong>Poeira e teias de aranha<\/strong><\/h5>\n\n\n\n<p><p style=\"text-align: justify;\">Mikrosz\u00e1las kend\u0151 vagy t\u00e1vtart\u00f3 seg\u00edts\u00e9g\u00e9vel t\u00e1vol\u00edtsa el a ruha\u00e1llv\u00e1ny k\u00fcls\u0151 fel\u00fclet\u00e9t. Ford\u00edtson k\u00fcl\u00f6n\u00f6s figyelmet a magasabban l\u00e9v\u0151 ter\u00fcletekre, ahol a f\u0171 \u00e9s a narancsvir\u00e1g felhalmoz\u00f3dhat.<\/p><\/p>\n\n\n\n<h5 class=\"wp-block-heading\"><strong>Fel\u00fcleti s\u00e1rg\u00e1sod\u00e1s<\/strong><\/h5>\n\n\n\n<p><p style=\"text-align: justify;\">A ruhatart\u00f3 k\u00fcls\u0151 fel\u00fcleteinek tiszt\u00edt\u00e1s\u00e1hoz nedves ruh\u00e1val \u00e9s enyhe mos\u00f3szerrel tiszt\u00edtsa meg. Gyeng\u00e9d mozdulatokkal t\u00f6r\u00f6lje \u00e1t a kend\u0151t, elt\u00e1vol\u00edtva a l\u00e1that\u00f3 foltokat vagy szennyez\u0151d\u00e9seket. Ker\u00fclje az agressz\u00edv vegyszerek haszn\u00e1lat\u00e1t, mivel azok k\u00e1ros\u00edthatj\u00e1k a ruhatart\u00f3 fel\u00fclet\u00e9t.<\/p><\/p>\n\n\n\n<h5 class=\"wp-block-heading\"><strong>Kapuk \u00e9s idi\u00f3t\u00e1k<\/strong><\/h5>\n\n\n\n<p><p style=\"text-align: justify;\">Tiszt\u00edtsa meg az ajt\u00f3kat \u00e9s a ruhat\u00e1rol\u00f3 fi\u00f3kokat nedves ruh\u00e1val. Makacs foltok vagy zs\u00edros lerak\u00f3d\u00e1sok eset\u00e9n s\u00f6t\u00e9t v\u00edz \u00e9s semleges szappan oldat\u00e1val t\u00e1vol\u00edthatja el azokat.<\/p><\/p>\n\n\n\n<h5 class=\"wp-block-heading\"><strong>Vide\u00f3k \u00e9s s\u00e1lak<\/strong><\/h5>\n\n\n\n<p><p style=\"text-align: justify;\">Ha \u00fcvegajt\u00f3k vagy t\u00fckr\u00f6k vannak a ruh\u00e1idban, haszn\u00e1lj \u00fcvegtiszt\u00edt\u00f3t a foltok \u00e9s a digit\u00e1lis lenyomatok elt\u00e1vol\u00edt\u00e1s\u00e1hoz. Puha ruh\u00e1val vigye fel a tiszt\u00edt\u00f3szert, \u00e9s gyeng\u00e9d, k\u00f6rk\u00f6r\u00f6s mozdulatokkal oszlassa el.<\/p><\/p>\n\n\n\n<h5 class=\"wp-block-heading\"><strong>Aspire o ch\u00e3o<\/strong><\/h5>\n\n\n\n<p><p style=\"text-align: justify;\">Ha a ruha\u00e1llv\u00e1ny nem \u00e1ll j\u00f3l, porsz\u00edv\u00f3val t\u00e1vol\u00edtsa el a k\u00f6r\u00fcl\u00f6tte felhalmoz\u00f3dott szennyez\u0151d\u00e9seket, hajsz\u00e1lakat \u00e9s apr\u00f3 t\u00f6rmel\u00e9ket.<\/p><\/p>\n\n\n<div class=\"wp-block-image\">\n<figure class=\"aligncenter size-full\"><img loading=\"lazy\" decoding=\"async\" width=\"550\" height=\"350\" src=\"http:\/\/universofamilia.com\/wp-content\/uploads\/sites\/148\/2023\/06\/POST-GUARDA-ROUPA-universo-familia-.png\" alt=\"\" class=\"wp-image-2135\" srcset=\"https:\/\/universofamilia.com\/wp-content\/uploads\/sites\/148\/2023\/06\/POST-GUARDA-ROUPA-universo-familia-.png 550w, https:\/\/universofamilia.com\/wp-content\/uploads\/sites\/148\/2023\/06\/POST-GUARDA-ROUPA-universo-familia--300x191.png 300w\" sizes=\"(max-width: 550px) 100vw, 550px\" \/><\/figure><\/div>\n\n\n<h4 class=\"wp-block-heading\"><strong>6\u00ba gy\u00e1rt\u00f3i specifik\u00e1ci\u00f3k<\/strong><\/h4>\n\n\n\n<p><p style=\"text-align: justify;\">A gy\u00e1rt\u00f3 specifik\u00e1ci\u00f3i a ruha\u00fczlet modellj\u00e9t\u0151l \u00e9s m\u00e1rk\u00e1j\u00e1t\u00f3l f\u00fcgg\u0151en v\u00e1ltozhatnak. \u00cdme azonban n\u00e9h\u00e1ny \u00e1ltal\u00e1nos specifik\u00e1ci\u00f3, amelyet a gy\u00e1rt\u00f3k \u00e1ltal\u00e1ban megadnak:<\/p><\/p>\n\n\n\n<h5 class=\"wp-block-heading\"><strong>M\u00e9retek<\/strong><\/h5>\n\n\n\n<p><p style=\"text-align: justify;\">A gardr\u00f3b m\u00e9retei fontosak annak biztos\u00edt\u00e1s\u00e1hoz, hogy elf\u00e9rjen az otthonodban rendelkez\u00e9sre \u00e1ll\u00f3 t\u00e9rben. A specifik\u00e1ci\u00f3k tartalmazhatj\u00e1k a gurul\u00f3s gardr\u00f3b magass\u00e1g\u00e1t, hossz\u00e1t \u00e9s m\u00e9lys\u00e9g\u00e9t.<\/p><\/p>\n\n\n\n<h5 class=\"wp-block-heading\"><strong>Anyagok<\/strong><\/h5>\n\n\n\n<p><p style=\"text-align: justify;\">A gy\u00e1rt\u00f3 specifik\u00e1ci\u00f3i \u00e1ltal\u00e1ban felt\u00fcntetik a ruhat\u00e1rol\u00f3 \u00e9p\u00edt\u00e9s\u00e9hez felhaszn\u00e1lt anyagokat. Ez tartalmazhat inform\u00e1ci\u00f3kat a fa t\u00edpus\u00e1r\u00f3l, p\u00e9ld\u00e1ul MDF (k\u00f6zepes s\u0171r\u0171s\u00e9g\u0171 farostlemez) vagy kompenz\u00e1lt, vagy r\u00e9szleteket m\u00e1s anyagokr\u00f3l, p\u00e9ld\u00e1ul a fi\u00f3kfoganty\u00fak f\u00e9mj\u00e9r\u0151l.<\/p><\/p>\n\n\n\n<h5 class=\"wp-block-heading\"><strong>V\u00e9gs\u0151<\/strong><\/h5>\n\n\n\n<p><p style=\"text-align: justify;\">Ezek a specifik\u00e1ci\u00f3k felfedhetik a szekr\u00e9ny kidolgoz\u00e1s\u00e1t, p\u00e9ld\u00e1ul a fest\u00e9st, lakkot vagy lamin\u00e1lt anyagot. Ez befoly\u00e1solhatja a mobil megjelen\u00e9s\u00e9t \u00e9s tart\u00f3ss\u00e1g\u00e1t.<\/p><\/p>\n\n\n\n<h5 class=\"wp-block-heading\"><strong>Felfegyverkez\u00e9si k\u00e9pess\u00e9g<\/strong><\/h5>\n\n\n\n<p><p style=\"text-align: justify;\">N\u00e9h\u00e1ny specifik\u00e1ci\u00f3 inform\u00e1ci\u00f3t ny\u00fajthat a ruhat\u00e1rol\u00f3 kapacit\u00e1s\u00e1r\u00f3l, p\u00e9ld\u00e1ul a polcok, fi\u00f3kok \u00e9s ruhaakaszt\u00f3 s\u00ednek sz\u00e1m\u00e1r\u00f3l. Ez seg\u00edt meg\u00e9rteni, hogy mennyi ruhadarab \u00e9s t\u00e1rgy t\u00e1rolhat\u00f3 nem mobil m\u00f3don.<\/p><\/p>\n\n\n\n<h5 class=\"wp-block-heading\"><strong>\u00d6sszeszerel\u00e9si \u00e9s \u00e1pol\u00e1si \u00fatmutat\u00f3<\/strong><\/h5>\n\n\n\n<p><p style=\"text-align: justify;\">A gy\u00e1rt\u00f3 t\u00e1j\u00e9koztat\u00e1st tud adni a ruhat\u00e1rol\u00e1s \u00f6sszeszerel\u00e9si folyamat\u00e1r\u00f3l, bele\u00e9rtve azt is, hogy a ruha\u00e1llv\u00e1nyt sz\u00e9tszerelve vagy el\u0151re \u00f6sszeszerelve sz\u00e1ll\u00edtj\u00e1k-e. A specifik\u00e1ci\u00f3k tartalmazhatnak \u00e1pol\u00e1si \u00e9s karbantart\u00e1si utas\u00edt\u00e1sokat is, amelyek biztos\u00edtj\u00e1k, hogy a ruha\u00e1llv\u00e1ny hossz\u00fa ideig j\u00f3 \u00e1llapotban maradjon.<\/p><\/p>\n\n\n\n<p><p style=\"text-align: justify;\"><strong>S\u00faly \u00e9s teherb\u00edr\u00e1s<\/strong><\/p><\/p>\n\n\n\n<p><p style=\"text-align: justify;\">Bizonyos esetekben a specifik\u00e1ci\u00f3k tartalmazhatnak inform\u00e1ci\u00f3kat a ruha\u00e1llv\u00e1ny s\u00faly\u00e1r\u00f3l \u00e9s terhelhet\u0151s\u00e9g\u00e9r\u0151l. Ez hasznos a mobil stabilit\u00e1s\u00e1nak \u00e9s ellen\u00e1ll\u00e1s\u00e1nak meg\u00e9rt\u00e9s\u00e9hez.<\/p><\/p>\n\n\n\n<p><p style=\"text-align: justify;\">Fontos megjegyezni, hogy a specifik\u00e1ci\u00f3k a gy\u00e1rt\u00f3t\u00f3l \u00e9s a ruhamodellt\u0151l f\u00fcgg\u0151en elt\u00e9r\u0151ek lehetnek. Mindig tekintse meg az adott gy\u00e1rt\u00f3 \u00e1ltal megadott inform\u00e1ci\u00f3kat a megv\u00e1s\u00e1rolni k\u00edv\u00e1nt ruha\u00e1llv\u00e1ny pontos r\u00e9szleteir\u0151l.<\/p><\/p>\n\n\n\n<h4 class=\"wp-block-heading\"><strong>K\u00f6vetkeztet\u00e9s<\/strong><\/h4>\n\n\n<div class=\"wp-block-image\">\n<figure class=\"aligncenter size-full\"><img loading=\"lazy\" decoding=\"async\" width=\"550\" height=\"350\" src=\"http:\/\/universofamilia.com\/wp-content\/uploads\/sites\/148\/2023\/06\/POST-GUARDA-ROUPA-universo-familia-1.png\" alt=\"\" class=\"wp-image-2136\" srcset=\"https:\/\/universofamilia.com\/wp-content\/uploads\/sites\/148\/2023\/06\/POST-GUARDA-ROUPA-universo-familia-1.png 550w, https:\/\/universofamilia.com\/wp-content\/uploads\/sites\/148\/2023\/06\/POST-GUARDA-ROUPA-universo-familia-1-300x191.png 300w\" sizes=\"(max-width: 550px) 100vw, 550px\" \/><\/figure><\/div>\n\n\n<p><p style=\"text-align: justify;\">A ruh\u00e1k t\u00e1rol\u00e1s\u00e1nak gondos \u00e1pol\u00e1sa egy olyan szok\u00e1s, amelynek sz\u00e1mtalan el\u0151nye van. Ha ruh\u00e1it rendszerezve \u00e9s k\u00f6nnyen hozz\u00e1f\u00e9rhet\u0151en tartja, meghosszabb\u00edtja alkatr\u00e9szei \u00e9lettartam\u00e1t, \u00e9s hossz\u00fa t\u00e1von p\u00e9nzt takar\u00edt meg.<\/p><\/p>\n\n\n\n<p><p style=\"text-align: justify;\">A cikkben bemutatott utas\u00edt\u00e1sok betart\u00e1s\u00e1val, a ruh\u00e1k megfelel\u0151 rendszerez\u00e9s\u00e9t\u0151l a karbantart\u00e1s\u00e1ig, kifog\u00e1stalan ruha\u00fczletet \u00e9s olyan ruh\u00e1kat kaphat, amelyek sz\u00e9pek \u00e9s sokkal tov\u00e1bb tartanak.<\/p><\/p>\n\n\n\n<p><p style=\"text-align: justify;\">\u00dcgyelj a rendszeres ruhav\u00e1logat\u00e1sra, a mos\u00e1si utas\u00edt\u00e1sok betart\u00e1s\u00e1ra, a ruhadarabok helyes \u00f6sszeszerel\u00e9s\u00e9re \u00e9s sz\u00fcks\u00e9g eset\u00e9n apr\u00f3bb igaz\u00edt\u00e1sokra. Ezekkel az egyszer\u0171 gyakorlatokkal olyan ruhat\u00e1rad lesz, amely t\u00fckr\u00f6zi a szem\u00e9lyes st\u00edlusodat, \u00e9s \u00f6r\u00f6mmel viselhet\u0151 minden nap.<\/p><\/p>","protected":false},"excerpt":{"rendered":"<p>Egy rendezett \u00e9s j\u00f3l karbantartott ruhat\u00e1r nemcsak megk\u00f6nny\u00edti a mindennapi \u00f6lt\u00f6zk\u00f6d\u00e9st, hanem meghosszabb\u00edtja ruh\u00e1id \u00e9lettartam\u00e1t is, \u00edgy id\u0151t \u00e9s p\u00e9nzt takar\u00edt meg hossz\u00fa t\u00e1von.<br \/>\nEbben a cikkben bemutatjuk a legjobb m\u00f3dszereket a ruh\u00e1k \u00e1pol\u00e1s\u00e1ra, a rendszerez\u00e9st\u0151l az alkatr\u00e9szek megfelel\u0151 karbantart\u00e1s\u00e1ig.<br \/>\nK\u00f6vesd ezeket az egyszer\u0171 \u00e9s hat\u00e9kony tippeket, hogy ruh\u00e1id makul\u00e1tlanul tiszt\u00e1k \u00e9s mindig j\u00f3 \u00e1llapotban legyenek.<\/p>","protected":false},"author":0,"featured_media":2137,"comment_status":"closed","ping_status":"open","sticky":false,"template":"","format":"standard","meta":{"footnotes":""},"categories":[4],"tags":[41,1117,1397],"yoast_head":"<!-- This site is optimized with the Yoast SEO plugin v23.3 - https:\/\/yoast.com\/wordpress\/plugins\/seo\/ -->\n<title>As 6 Melhores Dicas para Cuidar Bem do seu Guarda-Roupa - Universo Fam\u00edlia<\/title>\n<meta name=\"description\" content=\"As 6 Melhores Dicas para Cuidar Bem do seu Guarda-Roupa. Ter um guarda-roupa organizado e bem cuidado n\u00e3o s\u00f3 facilita o seu dia a dia...\" \/>\n<meta name=\"robots\" content=\"index, follow, max-snippet:-1, max-image-preview:large, max-video-preview:-1\" \/>\n<link rel=\"canonical\" href=\"http:\/\/universofamilia.com\/hu\/as-6-melhores-dicas-para-cuidar-bem-do-seu-guarda-roupa\/\" \/>\n<meta property=\"og:locale\" content=\"hu_HU\" \/>\n<meta property=\"og:type\" content=\"article\" \/>\n<meta property=\"og:title\" content=\"As 6 Melhores Dicas para Cuidar Bem do seu Guarda-Roupa - Universo Fam\u00edlia\" \/>\n<meta property=\"og:description\" content=\"As 6 Melhores Dicas para Cuidar Bem do seu Guarda-Roupa. Ter um guarda-roupa organizado e bem cuidado n\u00e3o s\u00f3 facilita o seu dia a dia...\" \/>\n<meta property=\"og:url\" content=\"http:\/\/universofamilia.com\/hu\/as-6-melhores-dicas-para-cuidar-bem-do-seu-guarda-roupa\/\" \/>\n<meta property=\"og:site_name\" content=\"Universo Fam\u00edlia\" \/>\n<meta property=\"article:published_time\" content=\"2023-06-01T13:17:34+00:00\" \/>\n<meta property=\"og:image\" content=\"http:\/\/universofamilia.com\/wp-content\/uploads\/sites\/148\/2023\/06\/FOTO-DESTAQUE-GUARDA-ROUPA-universo-familia-448x350-.png\" \/>\n\t<meta property=\"og:image:width\" content=\"448\" \/>\n\t<meta property=\"og:image:height\" content=\"350\" \/>\n\t<meta property=\"og:image:type\" content=\"image\/png\" \/>\n<meta name=\"twitter:card\" content=\"summary_large_image\" \/>\n<meta name=\"twitter:label1\" content=\"Est. reading time\" \/>\n\t<meta name=\"twitter:data1\" content=\"15 perc\" \/>\n<script type=\"application\/ld+json\" class=\"yoast-schema-graph\">{\"@context\":\"https:\/\/schema.org\",\"@graph\":[{\"@type\":\"WebPage\",\"@id\":\"http:\/\/universofamilia.com\/ja\/as-6-melhores-dicas-para-cuidar-bem-do-seu-guarda-roupa\/\",\"url\":\"http:\/\/universofamilia.com\/ja\/as-6-melhores-dicas-para-cuidar-bem-do-seu-guarda-roupa\/\",\"name\":\"As 6 Melhores Dicas para Cuidar Bem do seu Guarda-Roupa - Universo Fam\u00edlia\",\"isPartOf\":{\"@id\":\"https:\/\/universofamilia.com\/el\/#website\"},\"primaryImageOfPage\":{\"@id\":\"http:\/\/universofamilia.com\/ja\/as-6-melhores-dicas-para-cuidar-bem-do-seu-guarda-roupa\/#primaryimage\"},\"image\":{\"@id\":\"http:\/\/universofamilia.com\/ja\/as-6-melhores-dicas-para-cuidar-bem-do-seu-guarda-roupa\/#primaryimage\"},\"thumbnailUrl\":\"https:\/\/universofamilia.com\/wp-content\/uploads\/sites\/148\/2023\/06\/FOTO-DESTAQUE-GUARDA-ROUPA-universo-familia-448x350-.png\",\"datePublished\":\"2023-06-01T13:17:34+00:00\",\"dateModified\":\"2023-06-01T13:17:34+00:00\",\"author\":{\"@id\":\"\"},\"description\":\"As 6 Melhores Dicas para Cuidar Bem do seu Guarda-Roupa. Ter um guarda-roupa organizado e bem cuidado n\u00e3o s\u00f3 facilita o seu dia a dia...\",\"breadcrumb\":{\"@id\":\"http:\/\/universofamilia.com\/ja\/as-6-melhores-dicas-para-cuidar-bem-do-seu-guarda-roupa\/#breadcrumb\"},\"inLanguage\":\"hu\",\"potentialAction\":[{\"@type\":\"ReadAction\",\"target\":[\"http:\/\/universofamilia.com\/ja\/as-6-melhores-dicas-para-cuidar-bem-do-seu-guarda-roupa\/\"]}]},{\"@type\":\"ImageObject\",\"inLanguage\":\"hu\",\"@id\":\"http:\/\/universofamilia.com\/ja\/as-6-melhores-dicas-para-cuidar-bem-do-seu-guarda-roupa\/#primaryimage\",\"url\":\"https:\/\/universofamilia.com\/wp-content\/uploads\/sites\/148\/2023\/06\/FOTO-DESTAQUE-GUARDA-ROUPA-universo-familia-448x350-.png\",\"contentUrl\":\"https:\/\/universofamilia.com\/wp-content\/uploads\/sites\/148\/2023\/06\/FOTO-DESTAQUE-GUARDA-ROUPA-universo-familia-448x350-.png\",\"width\":448,\"height\":350},{\"@type\":\"BreadcrumbList\",\"@id\":\"http:\/\/universofamilia.com\/ja\/as-6-melhores-dicas-para-cuidar-bem-do-seu-guarda-roupa\/#breadcrumb\",\"itemListElement\":[{\"@type\":\"ListItem\",\"position\":1,\"name\":\"Home\",\"item\":\"https:\/\/universofamilia.com\/el\/\"},{\"@type\":\"ListItem\",\"position\":2,\"name\":\"As 6 Melhores Dicas para Cuidar Bem do seu Guarda-Roupa\"}]},{\"@type\":\"WebSite\",\"@id\":\"https:\/\/universofamilia.com\/el\/#website\",\"url\":\"https:\/\/universofamilia.com\/el\/\",\"name\":\"Universo Fam\u00edlia\",\"description\":\"\",\"potentialAction\":[{\"@type\":\"SearchAction\",\"target\":{\"@type\":\"EntryPoint\",\"urlTemplate\":\"https:\/\/universofamilia.com\/el\/?s={search_term_string}\"},\"query-input\":\"required name=search_term_string\"}],\"inLanguage\":\"hu\"}]}<\/script>\n<!-- \/ Yoast SEO plugin. -->","yoast_head_json":{"title":"As 6 Melhores Dicas para Cuidar Bem do seu Guarda-Roupa - Universo Fam\u00edlia","description":"As 6 Melhores Dicas para Cuidar Bem do seu Guarda-Roupa. Ter um guarda-roupa organizado e bem cuidado n\u00e3o s\u00f3 facilita o seu dia a dia...","robots":{"index":"index","follow":"follow","max-snippet":"max-snippet:-1","max-image-preview":"max-image-preview:large","max-video-preview":"max-video-preview:-1"},"canonical":"http:\/\/universofamilia.com\/hu\/as-6-melhores-dicas-para-cuidar-bem-do-seu-guarda-roupa\/","og_locale":"hu_HU","og_type":"article","og_title":"As 6 Melhores Dicas para Cuidar Bem do seu Guarda-Roupa - Universo Fam\u00edlia","og_description":"As 6 Melhores Dicas para Cuidar Bem do seu Guarda-Roupa. Ter um guarda-roupa organizado e bem cuidado n\u00e3o s\u00f3 facilita o seu dia a dia...","og_url":"http:\/\/universofamilia.com\/hu\/as-6-melhores-dicas-para-cuidar-bem-do-seu-guarda-roupa\/","og_site_name":"Universo Fam\u00edlia","article_published_time":"2023-06-01T13:17:34+00:00","og_image":[{"width":448,"height":350,"url":"http:\/\/universofamilia.com\/wp-content\/uploads\/sites\/148\/2023\/06\/FOTO-DESTAQUE-GUARDA-ROUPA-universo-familia-448x350-.png","type":"image\/png"}],"twitter_card":"summary_large_image","twitter_misc":{"Est. reading time":"15 perc"},"schema":{"@context":"https:\/\/schema.org","@graph":[{"@type":"WebPage","@id":"http:\/\/universofamilia.com\/ja\/as-6-melhores-dicas-para-cuidar-bem-do-seu-guarda-roupa\/","url":"http:\/\/universofamilia.com\/ja\/as-6-melhores-dicas-para-cuidar-bem-do-seu-guarda-roupa\/","name":"As 6 Melhores Dicas para Cuidar Bem do seu Guarda-Roupa - Universo Fam\u00edlia","isPartOf":{"@id":"https:\/\/universofamilia.com\/el\/#website"},"primaryImageOfPage":{"@id":"http:\/\/universofamilia.com\/ja\/as-6-melhores-dicas-para-cuidar-bem-do-seu-guarda-roupa\/#primaryimage"},"image":{"@id":"http:\/\/universofamilia.com\/ja\/as-6-melhores-dicas-para-cuidar-bem-do-seu-guarda-roupa\/#primaryimage"},"thumbnailUrl":"https:\/\/universofamilia.com\/wp-content\/uploads\/sites\/148\/2023\/06\/FOTO-DESTAQUE-GUARDA-ROUPA-universo-familia-448x350-.png","datePublished":"2023-06-01T13:17:34+00:00","dateModified":"2023-06-01T13:17:34+00:00","author":{"@id":""},"description":"As 6 Melhores Dicas para Cuidar Bem do seu Guarda-Roupa. Ter um guarda-roupa organizado e bem cuidado n\u00e3o s\u00f3 facilita o seu dia a dia...","breadcrumb":{"@id":"http:\/\/universofamilia.com\/ja\/as-6-melhores-dicas-para-cuidar-bem-do-seu-guarda-roupa\/#breadcrumb"},"inLanguage":"hu","potentialAction":[{"@type":"ReadAction","target":["http:\/\/universofamilia.com\/ja\/as-6-melhores-dicas-para-cuidar-bem-do-seu-guarda-roupa\/"]}]},{"@type":"ImageObject","inLanguage":"hu","@id":"http:\/\/universofamilia.com\/ja\/as-6-melhores-dicas-para-cuidar-bem-do-seu-guarda-roupa\/#primaryimage","url":"https:\/\/universofamilia.com\/wp-content\/uploads\/sites\/148\/2023\/06\/FOTO-DESTAQUE-GUARDA-ROUPA-universo-familia-448x350-.png","contentUrl":"https:\/\/universofamilia.com\/wp-content\/uploads\/sites\/148\/2023\/06\/FOTO-DESTAQUE-GUARDA-ROUPA-universo-familia-448x350-.png","width":448,"height":350},{"@type":"BreadcrumbList","@id":"http:\/\/universofamilia.com\/ja\/as-6-melhores-dicas-para-cuidar-bem-do-seu-guarda-roupa\/#breadcrumb","itemListElement":[{"@type":"ListItem","position":1,"name":"Home","item":"https:\/\/universofamilia.com\/el\/"},{"@type":"ListItem","position":2,"name":"As 6 Melhores Dicas para Cuidar Bem do seu Guarda-Roupa"}]},{"@type":"WebSite","@id":"https:\/\/universofamilia.com\/el\/#website","url":"https:\/\/universofamilia.com\/el\/","name":"Universo Fam\u00edlia","description":"","potentialAction":[{"@type":"SearchAction","target":{"@type":"EntryPoint","urlTemplate":"https:\/\/universofamilia.com\/el\/?s={search_term_string}"},"query-input":"required name=search_term_string"}],"inLanguage":"hu"}]}},"_links":{"self":[{"href":"https:\/\/universofamilia.com\/hu\/wp-json\/wp\/v2\/posts\/2130"}],"collection":[{"href":"https:\/\/universofamilia.com\/hu\/wp-json\/wp\/v2\/posts"}],"about":[{"href":"https:\/\/universofamilia.com\/hu\/wp-json\/wp\/v2\/types\/post"}],"replies":[{"embeddable":true,"href":"https:\/\/universofamilia.com\/hu\/wp-json\/wp\/v2\/comments?post=2130"}],"version-history":[{"count":0,"href":"https:\/\/universofamilia.com\/hu\/wp-json\/wp\/v2\/posts\/2130\/revisions"}],"wp:featuredmedia":[{"embeddable":true,"href":"https:\/\/universofamilia.com\/hu\/wp-json\/wp\/v2\/media\/2137"}],"wp:attachment":[{"href":"https:\/\/universofamilia.com\/hu\/wp-json\/wp\/v2\/media?parent=2130"}],"wp:term":[{"taxonomy":"category","embeddable":true,"href":"https:\/\/universofamilia.com\/hu\/wp-json\/wp\/v2\/categories?post=2130"},{"taxonomy":"post_tag","embeddable":true,"href":"https:\/\/universofamilia.com\/hu\/wp-json\/wp\/v2\/tags?post=2130"}],"curies":[{"name":"wp","href":"https:\/\/api.w.org\/{rel}","templated":true}]}}