{"id":2207,"date":"2023-06-02T23:02:38","date_gmt":"2023-06-03T02:02:38","guid":{"rendered":"https:\/\/universofamilia.com\/?p=2207"},"modified":"2023-06-02T23:02:38","modified_gmt":"2023-06-03T02:02:38","slug":"dificuldade-de-audicao-em-criancas","status":"publish","type":"post","link":"https:\/\/universofamilia.com\/hu\/dificuldade-de-audicao-em-criancas\/","title":{"rendered":"Hall\u00e1sk\u00e1rosod\u00e1s gyermekekn\u00e9l: t\u00fcnetek, ell\u00e1t\u00e1s \u00e9s diagn\u00f3zis"},"content":{"rendered":"<p>Hall\u00e1sprobl\u00e9m\u00e1k gyermekekn\u00e9l: t\u00fcnetek, ell\u00e1t\u00e1s \u00e9s diagn\u00f3zis. A hall\u00e1s kulcsszerepet j\u00e1tszik a gyermekkori tanul\u00e1s fejl\u0151d\u00e9s\u00e9ben.<\/p>\n\n\n\n<p>Sajnos egyes gyermekek hall\u00e1sk\u00e1rosod\u00e1ssal k\u00fczdenek, ami negat\u00edvan befoly\u00e1solhatja \u00e9letmin\u0151s\u00e9g\u00fcket \u00e9s tanulm\u00e1nyi teljes\u00edtm\u00e9ny\u00fcket.<\/p>\n\n\n\n<p>Ebben a cikkben a gyermekek hall\u00e1sk\u00e1rosod\u00e1s\u00e1nak t\u00fcneteit, a sz\u00fcks\u00e9ges ell\u00e1t\u00e1st \u00e9s a megfelel\u0151 diagn\u00f3zis fel\u00e1ll\u00edt\u00e1s\u00e1nak m\u00f3dj\u00e1t t\u00e1rgyaljuk.<\/p>\n\n\n\n<h3 class=\"wp-block-heading\">L\u00e1sd m\u00e9g:<\/h3>\n\n\n\n<p><a href=\"https:\/\/universofamilia.com\/hu\/como-aliviar-as-colicas-do-bebe\/\" target=\"_blank\" rel=\"noreferrer noopener\">Hogyan enyh\u00edts\u00fck a baba k\u00f3lik\u00e1j\u00e1t?<\/a><\/p>\n\n\n\n<p><a href=\"https:\/\/universofamilia.com\/hu\/por-que-os-bebes-se-assustam-tanto\/\" target=\"_blank\" rel=\"noreferrer noopener\">Mi\u00e9rt f\u00e9lnek annyira a bab\u00e1k?<\/a><\/p>\n\n\n\n<p><a href=\"https:\/\/www.luzbaby.com.br\/\" target=\"_blank\" rel=\"noreferrer noopener\">A Luz Baby az egyik legjobb csecsem\u0151term\u00e9keket \u00e1rus\u00edt\u00f3 \u00fczlet. Kattints ide.<\/a><\/p>\n\n\n\n<h4 class=\"wp-block-heading\">A hall\u00e1sk\u00e1rosod\u00e1s t\u00fcnetei gyermekekn\u00e9l<\/h4>\n\n\n<div class=\"wp-block-image\">\n<figure class=\"aligncenter size-full\"><img loading=\"lazy\" decoding=\"async\" width=\"550\" height=\"350\" src=\"http:\/\/universofamilia.com\/wp-content\/uploads\/sites\/148\/2023\/06\/POST-DIFICULDADE-DE-OUVIR-universo-familia-2.png\" alt=\"\" class=\"wp-image-2208\" srcset=\"https:\/\/universofamilia.com\/wp-content\/uploads\/sites\/148\/2023\/06\/POST-DIFICULDADE-DE-OUVIR-universo-familia-2.png 550w, https:\/\/universofamilia.com\/wp-content\/uploads\/sites\/148\/2023\/06\/POST-DIFICULDADE-DE-OUVIR-universo-familia-2-300x191.png 300w\" sizes=\"(max-width: 550px) 100vw, 550px\" \/><\/figure><\/div>\n\n\n<p>A hall\u00e1sprobl\u00e9m\u00e1k azonos\u00edt\u00e1sa gyermekekn\u00e9l kih\u00edv\u00e1st jelenthet, mivel a t\u00fcnetek a probl\u00e9ma s\u00falyoss\u00e1g\u00e1t\u00f3l f\u00fcgg\u0151en v\u00e1ltozhatnak. \u00cdme n\u00e9h\u00e1ny gyakori mell\u00e9k\u00fcreg, amelyet \u00e9rdemes megfigyelni:<\/p>\n\n\n\n<p><strong>K\u00e9sleltetett besz\u00e9d<\/strong>A hall\u00e1ss\u00e9r\u00fclt gyermekek gyakran jelent\u0151s k\u00e9sedelmet tapasztalnak a nyelv elsaj\u00e1t\u00edt\u00e1s\u00e1ban, \u00e9s a nyelvi fejl\u0151d\u00e9s nem fejl\u0151dik ki.<\/p>\n\n\n\n<p><strong>Neh\u00e9zs\u00e9g az utas\u00edt\u00e1sok k\u00f6vet\u00e9s\u00e9ben<\/strong>Ha egy gyermek nem reag\u00e1l megfelel\u0151en az egyszer\u0171 sz\u00f3beli parancsokra, vagy neh\u00e9zs\u00e9get okoz sz\u00e1m\u00e1ra az utas\u00edt\u00e1sok meg\u00e9rt\u00e9se \u00e9s k\u00f6vet\u00e9se, az hall\u00e1sprobl\u00e9m\u00e1ra utalhat.<\/p>\n\n\n\n<p><strong>A telev\u00edzi\u00f3 vagy a r\u00e1di\u00f3 hangereje t\u00fal hangos<\/strong>Ha egy gyermek mindig k\u00e9nyelmetlen\u00fcl magasra szokta hangos\u00edtani a telev\u00edzi\u00f3t vagy a r\u00e1di\u00f3t, az annak a jele lehet, hogy nehezen hall.<\/p>\n\n\n\n<p><strong>Koncentr\u00e1ci\u00f3s probl\u00e9m\u00e1k<\/strong>A hall\u00e1ss\u00e9r\u00fclt gyermekeknek neh\u00e9zs\u00e9geik lehetnek a koncentr\u00e1ci\u00f3val az oszt\u00e1lyteremben vagy zajos k\u00f6rnyezetben az \u00e9rz\u00e9kszervi t\u00falterhel\u00e9s miatt.<\/p>\n\n\n\n<p><strong>K\u00e9s\u00e9sek a nyelvi fejl\u0151d\u00e9s kudarc\u00e1ban \u00e9s elmarad\u00e1s\u00e1ban<\/strong>A k\u00e9s\u0151i besz\u00e9dfejl\u0151d\u00e9s mellett a gyerekek neh\u00e9zs\u00e9geket tapasztalhatnak a szavak helyes artikul\u00e1ci\u00f3j\u00e1ban, illetve a nyelvek helyes meg\u00e9rt\u00e9s\u00e9ben \u00e9s haszn\u00e1lat\u00e1ban.<\/p>\n\n\n<div class=\"wp-block-image\">\n<figure class=\"aligncenter size-full\"><img loading=\"lazy\" decoding=\"async\" width=\"550\" height=\"350\" src=\"http:\/\/universofamilia.com\/wp-content\/uploads\/sites\/148\/2023\/06\/POST-DIFICULDADE-DE-OUVIR-universo-familia-1.png\" alt=\"\" class=\"wp-image-2209\" srcset=\"https:\/\/universofamilia.com\/wp-content\/uploads\/sites\/148\/2023\/06\/POST-DIFICULDADE-DE-OUVIR-universo-familia-1.png 550w, https:\/\/universofamilia.com\/wp-content\/uploads\/sites\/148\/2023\/06\/POST-DIFICULDADE-DE-OUVIR-universo-familia-1-300x191.png 300w\" sizes=\"(max-width: 550px) 100vw, 550px\" \/><\/figure><\/div>\n\n\n<h4 class=\"wp-block-heading\">Hall\u00e1ss\u00e9r\u00fclt gyermekek gondoz\u00e1sa<\/h4>\n\n\n\n<p>Ha \u00fagy gondolja, hogy gyermeke hall\u00e1si neh\u00e9zs\u00e9gekkel k\u00fczd, fontos, hogy megfelel\u0151 ell\u00e1t\u00e1st k\u00e9rjen, vagy amennyire csak lehets\u00e9ges. \u00d6sszefoglalva, \u00edme n\u00e9h\u00e1ny fontos int\u00e9zked\u00e9s, amit meg kell tenni:<\/p>\n\n\n\n<p><strong>Konzult\u00e1ljon szakemberrel<\/strong>Egyeztessen id\u0151pontot egy f\u00fcl-orr-g\u00e9g\u00e9sz szakorvossal vagy gyermekhall\u00e1sra szakosodott logop\u00e9dussal. \u0150k teszteket \u00e9s vizsg\u00e1latokat v\u00e9gezhetnek a gyermekek hall\u00e1s\u00e1nak ellen\u0151rz\u00e9s\u00e9re \u00e9s a neh\u00e9zs\u00e9gi fok meghat\u00e1roz\u00e1s\u00e1ra.<\/p>\n\n\n\n<p><strong>Kedvez\u0151 k\u00f6rnyezet<\/strong>Teremtsen kedvez\u0151 k\u00f6rnyezetet otthon \u00e9s az iskol\u00e1ban a hall\u00e1ss\u00e9r\u00fclt gyermekek sz\u00e1m\u00e1ra. Cs\u00f6kkentse a h\u00e1tt\u00e9rzajt, besz\u00e9ljen el\u0151re n\u00e9zve, \u00e9s haszn\u00e1lja a testbesz\u00e9d\u00e9t a kommunik\u00e1ci\u00f3 seg\u00edt\u00e9s\u00e9re.<\/p>\n\n\n\n<p><strong>Oktat\u00e1si t\u00e1mogat\u00e1s<\/strong>A hall\u00e1ss\u00e9r\u00fclt gyermekek sz\u00e1m\u00e1ra hasznosak lehetnek a speci\u00e1lis oktat\u00e1si beavatkoz\u00e1sok, p\u00e9ld\u00e1ul a t\u00e1mogat\u00f3 tantermek vagy a logop\u00e9dia. Ezek a beavatkoz\u00e1sok teh\u00e1t seg\u00edthetnek a kommunik\u00e1ci\u00f3s k\u00e9szs\u00e9gek fejleszt\u00e9s\u00e9ben \u00e9s a nem tanult hall\u00e1sk\u00e1rosod\u00e1s hat\u00e1s\u00e1nak minimaliz\u00e1l\u00e1s\u00e1ban.<\/p>\n\n\n\n<p><strong>\u00c9rzelmi t\u00e1mogat\u00e1s<\/strong>A hall\u00e1ss\u00e9r\u00fclt Lidar-ok kezel\u00e9se kih\u00edv\u00e1st jelenthet mind a gyermekek, mind a csal\u00e1dok sz\u00e1m\u00e1ra. R\u00f6viden, elengedhetetlen a megfelel\u0151 \u00e9rzelmi t\u00e1mogat\u00e1s biztos\u00edt\u00e1sa. V\u00e9g\u00fcl pedig gondoskodjunk arr\u00f3l, hogy a gyermekek meg\u00e9rtettnek, b\u00e1tor\u00edtottnak \u00e9s \u00e9rt\u00e9kesnek \u00e9rezz\u00e9k magukat.<\/p>\n\n\n\n<p>A hall\u00e1si neh\u00e9zs\u00e9gekr\u0151l val\u00f3 ny\u00edlt kommunik\u00e1ci\u00f3 \u00e9s a t\u00e1mogat\u00f3 forr\u00e1sok, p\u00e9ld\u00e1ul t\u00e1mogat\u00f3 csoportok vagy csal\u00e1dter\u00e1pia felkutat\u00e1sa is nagyon hasznos lehet.<\/p>\n\n\n\n<p><strong>Seg\u00edt\u0151 technol\u00f3gi\u00e1k<\/strong>Sok esetben a seg\u00edt\u0151 technol\u00f3gi\u00e1k, p\u00e9ld\u00e1ul hall\u00f3k\u00e9sz\u00fcl\u00e9kek vagy cochle\u00e1ris implant\u00e1tumok haszn\u00e1lata jelent\u0151sen jav\u00edthatja a gyermekek hall\u00e1s\u00e1t. Ezut\u00e1n konzult\u00e1ljon egy szakemberrel, hogy meg\u00e1llap\u00edtsa, melyik lehet\u0151s\u00e9g a legmegfelel\u0151bb gyermeke eset\u00e9ben.<\/p>\n\n\n\n<h4 class=\"wp-block-heading\">A hall\u00e1sk\u00e1rosod\u00e1s diagnosztiz\u00e1l\u00e1sa gyermekekn\u00e9l<\/h4>\n\n\n<div class=\"wp-block-image\">\n<figure class=\"aligncenter size-full\"><img loading=\"lazy\" decoding=\"async\" width=\"550\" height=\"350\" src=\"http:\/\/universofamilia.com\/wp-content\/uploads\/sites\/148\/2023\/06\/POST-DIFICULDADE-DE-OUVIR-universo-familia-.png\" alt=\"\" class=\"wp-image-2210\" srcset=\"https:\/\/universofamilia.com\/wp-content\/uploads\/sites\/148\/2023\/06\/POST-DIFICULDADE-DE-OUVIR-universo-familia-.png 550w, https:\/\/universofamilia.com\/wp-content\/uploads\/sites\/148\/2023\/06\/POST-DIFICULDADE-DE-OUVIR-universo-familia--300x191.png 300w\" sizes=\"(max-width: 550px) 100vw, 550px\" \/><\/figure><\/div>\n\n\n<p>A gyermekek hall\u00e1sprobl\u00e9m\u00e1inak pontos diagnosztiz\u00e1l\u00e1s\u00e1hoz k\u00fcl\u00f6nb\u00f6z\u0151 teszteket \u00e9s vizsg\u00e1latokat kell elv\u00e9gezni. \u00cdme n\u00e9h\u00e1ny a leggyakoribb diagnosztikai technik\u00e1k k\u00f6z\u00fcl:<\/p>\n\n\n\n<p><strong>Hall\u00e1svizsg\u00e1latok<\/strong>Ezeket a gyors, nem invaz\u00edv teszteket csak az \u00fajsz\u00fcl\u00f6ttek \u00e9s kisgyermekek esetleges hall\u00e1sprobl\u00e9m\u00e1inak azonos\u00edt\u00e1s\u00e1ra haszn\u00e1lj\u00e1k. \u00c1ltal\u00e1ban hangok megjelen\u00edt\u00e9s\u00e9t \u00e9s a hall\u00e1si v\u00e1laszok megfigyel\u00e9s\u00e9t foglalj\u00e1k magukban.<\/p>\n\n\n\n<p><strong>Audiometria<\/strong>Az audiometria egy olyan vizsg\u00e1lat, amely a hall\u00e1st \u00e9s a k\u00fcl\u00f6nb\u00f6z\u0151 hangok megk\u00fcl\u00f6nb\u00f6ztet\u00e9s\u00e9nek k\u00e9pess\u00e9g\u00e9t m\u00e9ri. Audiol\u00f3gus v\u00e9gzi, \u00e9s a gyermek szem\u00e9lyis\u00e9g\u00e9hez \u00e9s k\u00e9pess\u00e9geihez igaz\u00edthat\u00f3.<\/p>\n\n\n\n<p><strong>Hall\u00e1s \u00e1ltal kiv\u00e1ltott potenci\u00e1lok<\/strong>Ezek a tesztek az agy elektromos aktivit\u00e1s\u00e1t r\u00f6gz\u00edtik hangingerekre adott v\u00e1laszk\u00e9nt. Seg\u00edtenek felm\u00e9rni a hall\u00f3rendszer \u00e9ps\u00e9g\u00e9t \u00e9s azonos\u00edtani az esetleges m\u0171k\u00f6d\u00e9si zavarokat.<\/p>\n\n\n\n<p><strong>Nyelvi \u00e9s fejleszt\u00e9si t\u00e1mogat\u00e1s<\/strong>A k\u00e9t hall\u00e1svizsg\u00e1lat mellett fontos a nyelvi fejl\u0151d\u00e9s \u00e9s a gyermek kommunik\u00e1ci\u00f3s k\u00e9szs\u00e9geinek \u00e1tfog\u00f3 felm\u00e9r\u00e9se is. Ez mag\u00e1ban foglalhatja az adott orsz\u00e1gra vonatkoz\u00f3 szabv\u00e1nyos\u00edtott felm\u00e9r\u00e9seket, klinikai megfigyel\u00e9seket \u00e9s k\u00e9rd\u0151\u00edveket.<\/p>\n\n\n\n<h4 class=\"wp-block-heading\">K\u00f6vetkeztet\u00e9s<\/h4>\n\n\n\n<p>A gyermekek hall\u00e1sk\u00e1rosod\u00e1sa jelent\u0151s hat\u00e1ssal lehet \u00e1ltal\u00e1nos fejl\u0151d\u00e9s\u00fckre \u00e9s tanulm\u00e1nyi teljes\u00edtm\u00e9ny\u00fckre. Fontos, hogy figyelj\u00fcnk a hall\u00e1sk\u00e1rosod\u00e1s jeleire, \u00e9s a lehet\u0151 legsz\u00fcks\u00e9gesebb m\u00f3don k\u00e9rj\u00fcnk megfelel\u0151 ell\u00e1t\u00e1st.<\/p>\n\n\n\n<p>R\u00f6viden, a szakemberekkel val\u00f3 konzult\u00e1ci\u00f3, a kedvez\u0151 k\u00f6rnyezet megteremt\u00e9se, az oktat\u00e1si \u00e9s \u00e9rzelmi t\u00e1mogat\u00e1s ny\u00fajt\u00e1sa, valamint a seg\u00edt\u0151 technol\u00f3gi\u00e1k haszn\u00e1lata fontos int\u00e9zked\u00e9sek a gyermekek hall\u00e1sk\u00e1rosod\u00e1ssal j\u00e1r\u00f3 kih\u00edv\u00e1sok lek\u00fczd\u00e9s\u00e9ben.<\/p>\n\n\n\n<p>A pontos diagn\u00f3zis \u00e9s a korai beavatkoz\u00e1s pozit\u00edv v\u00e1ltoz\u00e1st hozhat a nyelvi fejl\u0151d\u00e9sben, \u00e9s nem \u00e1ltal\u00e1nos a gyermekekn\u00e9l, lehet\u0151v\u00e9 t\u00e9ve sz\u00e1mukra, hogy kibontakoztass\u00e1k teljes potenci\u00e1ljukat.<\/p>\n\n\n<div class=\"wp-block-image\">\n<figure class=\"aligncenter size-full\"><img loading=\"lazy\" decoding=\"async\" width=\"550\" height=\"350\" src=\"http:\/\/universofamilia.com\/wp-content\/uploads\/sites\/148\/2023\/06\/POST-DIFICULDADE-DE-OUVIR-universo-familia-3.png\" alt=\"\" class=\"wp-image-2215\" srcset=\"https:\/\/universofamilia.com\/wp-content\/uploads\/sites\/148\/2023\/06\/POST-DIFICULDADE-DE-OUVIR-universo-familia-3.png 550w, https:\/\/universofamilia.com\/wp-content\/uploads\/sites\/148\/2023\/06\/POST-DIFICULDADE-DE-OUVIR-universo-familia-3-300x191.png 300w\" sizes=\"(max-width: 550px) 100vw, 550px\" \/><\/figure><\/div>\n\n\n<blockquote class=\"wp-block-quote\">\n<h5 class=\"wp-block-heading\"><em>Megjegyz\u00e9sek: Az Universo Fam\u00edlia oldal\u00e1n tal\u00e1lhat\u00f3 anyagok \u00e9s inform\u00e1ci\u00f3k nem orvosi diagn\u00f3zis fel\u00e1ll\u00edt\u00e1s\u00e1ra szolg\u00e1lnak, \u00e9s nem is szabad azokat ilyen c\u00e9lra haszn\u00e1lni. <strong>Mindig konzult\u00e1ljon orvos\u00e1val vagy k\u00e9pzett eg\u00e9szs\u00e9g\u00fcgyi szakemberrel a val\u00f3di sz\u00fcks\u00e9gleteivel kapcsolatban.<\/strong>.<\/em><\/h5>\n<\/blockquote>\n\n\n\n<h4 class=\"wp-block-heading\">Kutat\u00e1si forr\u00e1sok<\/h4>\n\n\n\n<p>Amikor egy olyan sz\u00f6veget \u00edrsz, amely a gyermekek meghallgat\u00e1s\u00e1nak neh\u00e9zs\u00e9geir\u0151l sz\u00f3l, fontos, hogy megb\u00edzhat\u00f3 \u00e9s naprak\u00e9sz forr\u00e1sokra alapozd. \u00cdme n\u00e9h\u00e1ny javasolt forr\u00e1s, amelyeket felhaszn\u00e1lhatsz a t\u00e9ma tov\u00e1bbi kutat\u00e1s\u00e1hoz:<\/p>\n\n\n\n<p>Amerikai Besz\u00e9d-Nyelv-Hall\u00e1s T\u00e1rsas\u00e1g (ASHA) \u2013 Az ASHA egy szakmai szervezet, amely forr\u00e1sokat \u00e9s inform\u00e1ci\u00f3kat biztos\u00edt a besz\u00e9ddel, a nyelvvel \u00e9s a hall\u00e1ssal kapcsolatban. A weboldal (https:\/\/www.asha.org\/) cikkeket, \u00fatmutat\u00f3kat \u00e9s kutat\u00e1sokat tartalmaz a gyermekek hall\u00e1sprobl\u00e9m\u00e1ival kapcsolatban.<\/p>\n\n\n\n<p>Betegs\u00e9gmegel\u0151z\u00e9si \u00e9s J\u00e1rv\u00e1nyv\u00e9delmi K\u00f6zpontok (CDC) \u2013 A CDC egy Egyes\u00fclt \u00c1llamokbeli eg\u00e9szs\u00e9g\u00fcgyi \u00fcgyn\u00f6ks\u00e9g, amely ny\u00edlt inform\u00e1ci\u00f3kat ny\u00fajt sz\u00e1mos eg\u00e9szs\u00e9g\u00fcgyi \u00e1llapotr\u00f3l. A CDC weboldala (https:\/\/www.cdc.gov\/) megb\u00edzhat\u00f3 forr\u00e1s lehet statisztikai adatok, hall\u00e1svizsg\u00e1lati ir\u00e1nyelvek \u00e9s a gyermekek hall\u00e1sk\u00e1rosod\u00e1s\u00e1nak hat\u00e1saival kapcsolatos inform\u00e1ci\u00f3k beszerz\u00e9s\u00e9hez.<\/p>\n\n\n\n<p>Amerikai Gyermekgy\u00f3gy\u00e1szati Akad\u00e9mia (AAP) \u2013 Az AAP a gyermekek eg\u00e9szs\u00e9g\u00e9vel foglalkoz\u00f3 szervezet, amely klinikai \u00fatmutat\u00e1st ny\u00fajt az orvosoknak \u00e9s a csal\u00e1doknak. Az AAP weboldala (https:\/\/www.aap.org\/) inform\u00e1ci\u00f3kat tartalmaz a gyermekek hall\u00e1sk\u00e1rosod\u00e1s\u00e1nak felm\u00e9r\u00e9s\u00e9r\u0151l, diagnosztiz\u00e1l\u00e1s\u00e1r\u00f3l \u00e9s kezel\u00e9s\u00e9r\u0151l.<\/p>\n\n\n\n<p>Nemzeti Sikets\u00e9gi \u00e9s Egy\u00e9b Kommunik\u00e1ci\u00f3s Zavarok Int\u00e9zete (NIDCD) \u2013 Az NIDCD az Egyes\u00fclt \u00c1llamok korm\u00e1ny\u00e1nak kutat\u00f3int\u00e9zete, amely a hall\u00e1s-, kommunik\u00e1ci\u00f3s \u00e9s nyelvi zavarokkal kapcsolatos k\u00e9rd\u00e9sekkel foglalkozik. Ezenk\u00edv\u00fcl az NIDCD weboldala (https:\/\/www.nidcd.nih.gov\/) forr\u00e1sokat \u00e9s naprak\u00e9sz inform\u00e1ci\u00f3kat k\u00edn\u00e1l a gyermekek hall\u00e1sneh\u00e9zs\u00e9geivel kapcsolatban.<\/p>\n\n\n\n<p>Eg\u00e9szs\u00e9g\u00fcgyi Vil\u00e1gszervezet (WHO) \u2013 A WHO az Egyes\u00fclt Nemzetek Szervezet\u00e9nek szakos\u00edtott \u00fcgyn\u00f6ks\u00e9ge, amely a glob\u00e1lis eg\u00e9szs\u00e9g\u00fcgy el\u0151mozd\u00edt\u00e1s\u00e1n dolgozik. A WHO weboldala (https:\/\/www.who.int\/) inform\u00e1ci\u00f3kat ny\u00fajt a gyermekek hall\u00e1sk\u00e1rosod\u00e1s\u00e1nak el\u0151fordul\u00e1s\u00e1r\u00f3l, hat\u00e1s\u00e1r\u00f3l \u00e9s az ezzel kapcsolatos beavatkoz\u00e1si strat\u00e9gi\u00e1kr\u00f3l glob\u00e1lis szinten.<\/p>\n\n\n\n<p>Ez\u00e9rt mindig ellen\u0151rizni kell a forr\u00e1sok hiteless\u00e9g\u00e9t, \u00e9s inform\u00e1ci\u00f3kat kell keresni az eg\u00e9szs\u00e9g\u00fcgyi \u00e9s hall\u00e1skutat\u00e1s ter\u00fclet\u00e9n m\u0171k\u00f6d\u0151 szervezetekt\u0151l \u00e9s int\u00e9zm\u00e9nyekt\u0151l.<\/p>","protected":false},"excerpt":{"rendered":"<p>Hall\u00e1sprobl\u00e9m\u00e1k gyermekekn\u00e9l: t\u00fcnetek, ell\u00e1t\u00e1s \u00e9s diagn\u00f3zis. A hall\u00e1s kulcsszerepet j\u00e1tszik a gyermekkori tanul\u00e1s fejl\u0151d\u00e9s\u00e9ben.<\/p>\n<p>Sajnos egyes gyermekek hall\u00e1sk\u00e1rosod\u00e1ssal k\u00fczdenek, ami negat\u00edvan befoly\u00e1solhatja \u00e9letmin\u0151s\u00e9g\u00fcket \u00e9s tanulm\u00e1nyi teljes\u00edtm\u00e9ny\u00fcket.<\/p>\n<p>Ebben a cikkben a gyermekek hall\u00e1sk\u00e1rosod\u00e1s\u00e1nak t\u00fcneteit, a sz\u00fcks\u00e9ges ell\u00e1t\u00e1st \u00e9s a megfelel\u0151 diagn\u00f3zis fel\u00e1ll\u00edt\u00e1s\u00e1nak m\u00f3dj\u00e1t t\u00e1rgyaljuk.<\/p>","protected":false},"author":0,"featured_media":2216,"comment_status":"open","ping_status":"open","sticky":false,"template":"","format":"standard","meta":{"footnotes":""},"categories":[5],"tags":[580,775,1437],"yoast_head":"<!-- This site is optimized with the Yoast SEO plugin v23.3 - https:\/\/yoast.com\/wordpress\/plugins\/seo\/ -->\n<title>Dificuldade de Audi\u00e7\u00e3o em Crian\u00e7as: Sintomas, Cuidados e Diagn\u00f3stico - Universo Fam\u00edlia<\/title>\n<meta name=\"description\" content=\"Dificuldade de Audi\u00e7\u00e3o em Crian\u00e7as,\" \/>\n<meta name=\"robots\" content=\"index, follow, max-snippet:-1, max-image-preview:large, max-video-preview:-1\" \/>\n<link rel=\"canonical\" href=\"https:\/\/universofamilia.com\/hu\/dificuldade-de-audicao-em-criancas\/\" \/>\n<meta property=\"og:locale\" content=\"hu_HU\" \/>\n<meta property=\"og:type\" content=\"article\" \/>\n<meta property=\"og:title\" content=\"Dificuldade de Audi\u00e7\u00e3o em Crian\u00e7as: Sintomas, Cuidados e Diagn\u00f3stico - Universo Fam\u00edlia\" \/>\n<meta property=\"og:description\" content=\"Dificuldade de Audi\u00e7\u00e3o em Crian\u00e7as,\" \/>\n<meta property=\"og:url\" content=\"https:\/\/universofamilia.com\/hu\/dificuldade-de-audicao-em-criancas\/\" \/>\n<meta property=\"og:site_name\" content=\"Universo Fam\u00edlia\" \/>\n<meta property=\"article:published_time\" content=\"2023-06-03T02:02:38+00:00\" \/>\n<meta property=\"og:image\" content=\"https:\/\/universofamilia.com\/wp-content\/uploads\/sites\/148\/2023\/06\/FOTO-DESTAQUE-DIFICULDADE-DE-OUVIR-universo-familia-448x350-1-1.png\" \/>\n\t<meta property=\"og:image:width\" content=\"448\" \/>\n\t<meta property=\"og:image:height\" content=\"350\" \/>\n\t<meta property=\"og:image:type\" content=\"image\/png\" \/>\n<meta name=\"twitter:card\" content=\"summary_large_image\" \/>\n<meta name=\"twitter:label1\" content=\"Est. reading time\" \/>\n\t<meta name=\"twitter:data1\" content=\"7 perc\" \/>\n<script type=\"application\/ld+json\" class=\"yoast-schema-graph\">{\"@context\":\"https:\/\/schema.org\",\"@graph\":[{\"@type\":\"WebPage\",\"@id\":\"https:\/\/universofamilia.com\/bg\/dificuldade-de-audicao-em-criancas\/\",\"url\":\"https:\/\/universofamilia.com\/bg\/dificuldade-de-audicao-em-criancas\/\",\"name\":\"Dificuldade de Audi\u00e7\u00e3o em Crian\u00e7as: Sintomas, Cuidados e Diagn\u00f3stico - Universo Fam\u00edlia\",\"isPartOf\":{\"@id\":\"https:\/\/universofamilia.com\/el\/#website\"},\"primaryImageOfPage\":{\"@id\":\"https:\/\/universofamilia.com\/bg\/dificuldade-de-audicao-em-criancas\/#primaryimage\"},\"image\":{\"@id\":\"https:\/\/universofamilia.com\/bg\/dificuldade-de-audicao-em-criancas\/#primaryimage\"},\"thumbnailUrl\":\"https:\/\/universofamilia.com\/wp-content\/uploads\/sites\/148\/2023\/06\/FOTO-DESTAQUE-DIFICULDADE-DE-OUVIR-universo-familia-448x350-1-1.png\",\"datePublished\":\"2023-06-03T02:02:38+00:00\",\"dateModified\":\"2023-06-03T02:02:38+00:00\",\"author\":{\"@id\":\"\"},\"description\":\"Dificuldade de Audi\u00e7\u00e3o em Crian\u00e7as,\",\"breadcrumb\":{\"@id\":\"https:\/\/universofamilia.com\/bg\/dificuldade-de-audicao-em-criancas\/#breadcrumb\"},\"inLanguage\":\"hu\",\"potentialAction\":[{\"@type\":\"ReadAction\",\"target\":[\"https:\/\/universofamilia.com\/bg\/dificuldade-de-audicao-em-criancas\/\"]}]},{\"@type\":\"ImageObject\",\"inLanguage\":\"hu\",\"@id\":\"https:\/\/universofamilia.com\/bg\/dificuldade-de-audicao-em-criancas\/#primaryimage\",\"url\":\"https:\/\/universofamilia.com\/wp-content\/uploads\/sites\/148\/2023\/06\/FOTO-DESTAQUE-DIFICULDADE-DE-OUVIR-universo-familia-448x350-1-1.png\",\"contentUrl\":\"https:\/\/universofamilia.com\/wp-content\/uploads\/sites\/148\/2023\/06\/FOTO-DESTAQUE-DIFICULDADE-DE-OUVIR-universo-familia-448x350-1-1.png\",\"width\":448,\"height\":350},{\"@type\":\"BreadcrumbList\",\"@id\":\"https:\/\/universofamilia.com\/bg\/dificuldade-de-audicao-em-criancas\/#breadcrumb\",\"itemListElement\":[{\"@type\":\"ListItem\",\"position\":1,\"name\":\"Home\",\"item\":\"https:\/\/universofamilia.com\/el\/\"},{\"@type\":\"ListItem\",\"position\":2,\"name\":\"Dificuldade de Audi\u00e7\u00e3o em Crian\u00e7as: Sintomas, Cuidados e Diagn\u00f3stico\"}]},{\"@type\":\"WebSite\",\"@id\":\"https:\/\/universofamilia.com\/el\/#website\",\"url\":\"https:\/\/universofamilia.com\/el\/\",\"name\":\"Universo Fam\u00edlia\",\"description\":\"\",\"potentialAction\":[{\"@type\":\"SearchAction\",\"target\":{\"@type\":\"EntryPoint\",\"urlTemplate\":\"https:\/\/universofamilia.com\/el\/?s={search_term_string}\"},\"query-input\":\"required name=search_term_string\"}],\"inLanguage\":\"hu\"}]}<\/script>\n<!-- \/ Yoast SEO plugin. -->","yoast_head_json":{"title":"Dificuldade de Audi\u00e7\u00e3o em Crian\u00e7as: Sintomas, Cuidados e Diagn\u00f3stico - Universo Fam\u00edlia","description":"Dificuldade de Audi\u00e7\u00e3o em Crian\u00e7as,","robots":{"index":"index","follow":"follow","max-snippet":"max-snippet:-1","max-image-preview":"max-image-preview:large","max-video-preview":"max-video-preview:-1"},"canonical":"https:\/\/universofamilia.com\/hu\/dificuldade-de-audicao-em-criancas\/","og_locale":"hu_HU","og_type":"article","og_title":"Dificuldade de Audi\u00e7\u00e3o em Crian\u00e7as: Sintomas, Cuidados e Diagn\u00f3stico - Universo Fam\u00edlia","og_description":"Dificuldade de Audi\u00e7\u00e3o em Crian\u00e7as,","og_url":"https:\/\/universofamilia.com\/hu\/dificuldade-de-audicao-em-criancas\/","og_site_name":"Universo Fam\u00edlia","article_published_time":"2023-06-03T02:02:38+00:00","og_image":[{"width":448,"height":350,"url":"https:\/\/universofamilia.com\/wp-content\/uploads\/sites\/148\/2023\/06\/FOTO-DESTAQUE-DIFICULDADE-DE-OUVIR-universo-familia-448x350-1-1.png","type":"image\/png"}],"twitter_card":"summary_large_image","twitter_misc":{"Est. reading time":"7 perc"},"schema":{"@context":"https:\/\/schema.org","@graph":[{"@type":"WebPage","@id":"https:\/\/universofamilia.com\/bg\/dificuldade-de-audicao-em-criancas\/","url":"https:\/\/universofamilia.com\/bg\/dificuldade-de-audicao-em-criancas\/","name":"Dificuldade de Audi\u00e7\u00e3o em Crian\u00e7as: Sintomas, Cuidados e Diagn\u00f3stico - Universo Fam\u00edlia","isPartOf":{"@id":"https:\/\/universofamilia.com\/el\/#website"},"primaryImageOfPage":{"@id":"https:\/\/universofamilia.com\/bg\/dificuldade-de-audicao-em-criancas\/#primaryimage"},"image":{"@id":"https:\/\/universofamilia.com\/bg\/dificuldade-de-audicao-em-criancas\/#primaryimage"},"thumbnailUrl":"https:\/\/universofamilia.com\/wp-content\/uploads\/sites\/148\/2023\/06\/FOTO-DESTAQUE-DIFICULDADE-DE-OUVIR-universo-familia-448x350-1-1.png","datePublished":"2023-06-03T02:02:38+00:00","dateModified":"2023-06-03T02:02:38+00:00","author":{"@id":""},"description":"Dificuldade de Audi\u00e7\u00e3o em Crian\u00e7as,","breadcrumb":{"@id":"https:\/\/universofamilia.com\/bg\/dificuldade-de-audicao-em-criancas\/#breadcrumb"},"inLanguage":"hu","potentialAction":[{"@type":"ReadAction","target":["https:\/\/universofamilia.com\/bg\/dificuldade-de-audicao-em-criancas\/"]}]},{"@type":"ImageObject","inLanguage":"hu","@id":"https:\/\/universofamilia.com\/bg\/dificuldade-de-audicao-em-criancas\/#primaryimage","url":"https:\/\/universofamilia.com\/wp-content\/uploads\/sites\/148\/2023\/06\/FOTO-DESTAQUE-DIFICULDADE-DE-OUVIR-universo-familia-448x350-1-1.png","contentUrl":"https:\/\/universofamilia.com\/wp-content\/uploads\/sites\/148\/2023\/06\/FOTO-DESTAQUE-DIFICULDADE-DE-OUVIR-universo-familia-448x350-1-1.png","width":448,"height":350},{"@type":"BreadcrumbList","@id":"https:\/\/universofamilia.com\/bg\/dificuldade-de-audicao-em-criancas\/#breadcrumb","itemListElement":[{"@type":"ListItem","position":1,"name":"Home","item":"https:\/\/universofamilia.com\/el\/"},{"@type":"ListItem","position":2,"name":"Dificuldade de Audi\u00e7\u00e3o em Crian\u00e7as: Sintomas, Cuidados e Diagn\u00f3stico"}]},{"@type":"WebSite","@id":"https:\/\/universofamilia.com\/el\/#website","url":"https:\/\/universofamilia.com\/el\/","name":"Universo Fam\u00edlia","description":"","potentialAction":[{"@type":"SearchAction","target":{"@type":"EntryPoint","urlTemplate":"https:\/\/universofamilia.com\/el\/?s={search_term_string}"},"query-input":"required name=search_term_string"}],"inLanguage":"hu"}]}},"_links":{"self":[{"href":"https:\/\/universofamilia.com\/hu\/wp-json\/wp\/v2\/posts\/2207"}],"collection":[{"href":"https:\/\/universofamilia.com\/hu\/wp-json\/wp\/v2\/posts"}],"about":[{"href":"https:\/\/universofamilia.com\/hu\/wp-json\/wp\/v2\/types\/post"}],"replies":[{"embeddable":true,"href":"https:\/\/universofamilia.com\/hu\/wp-json\/wp\/v2\/comments?post=2207"}],"version-history":[{"count":0,"href":"https:\/\/universofamilia.com\/hu\/wp-json\/wp\/v2\/posts\/2207\/revisions"}],"wp:featuredmedia":[{"embeddable":true,"href":"https:\/\/universofamilia.com\/hu\/wp-json\/wp\/v2\/media\/2216"}],"wp:attachment":[{"href":"https:\/\/universofamilia.com\/hu\/wp-json\/wp\/v2\/media?parent=2207"}],"wp:term":[{"taxonomy":"category","embeddable":true,"href":"https:\/\/universofamilia.com\/hu\/wp-json\/wp\/v2\/categories?post=2207"},{"taxonomy":"post_tag","embeddable":true,"href":"https:\/\/universofamilia.com\/hu\/wp-json\/wp\/v2\/tags?post=2207"}],"curies":[{"name":"wp","href":"https:\/\/api.w.org\/{rel}","templated":true}]}}