{"id":2227,"date":"2023-06-05T10:43:39","date_gmt":"2023-06-05T13:43:39","guid":{"rendered":"https:\/\/universofamilia.com\/?p=2227"},"modified":"2023-06-05T10:43:39","modified_gmt":"2023-06-05T13:43:39","slug":"o-que-influencia-o-sono-do-bebe","status":"publish","type":"post","link":"https:\/\/universofamilia.com\/hu\/o-que-influencia-o-sono-do-bebe\/","title":{"rendered":"O Que Influence no Sono do B\u00ea | Ber\u00e7o, k\u00f6z\u00f6s \u00e1gy vagy Montessoriana?"},"content":{"rendered":"<p>Milyen hat\u00e1ssal van a baba fi\u00e1ra: Ber\u00e7o, k\u00f6z\u00f6s \u00e1gy vagy Montessoriana?<\/p>\n\n\n\n<p>Vagy k\u00e9t baba van, ez rendk\u00edv\u00fcl fontos k\u00e9rd\u00e9s az orsz\u00e1god sz\u00e1m\u00e1ra. A j\u00f3 \u00e9jszakai alv\u00e1s elengedhetetlen k\u00e9t gyermek eg\u00e9szs\u00e9ges fejl\u0151d\u00e9s\u00e9hez \u00e9s j\u00f3l\u00e9t\u00e9hez.<\/p>\n\n\n\n<p>A k\u00fcl\u00f6nf\u00e9le alv\u00e1si lehet\u0151s\u00e9gek k\u00f6z\u00fcl h\u00e1rom emelkedik ki: a ber\u00e7o, a k\u00f6z\u00f6s \u00e1gy \u00e9s a Montessoriana.<\/p>\n\n\n\n<p>Ebben a cikkben megvizsg\u00e1ljuk ezeket a lehet\u0151s\u00e9geket, \u00e9s elemezz\u00fck, hogyan befoly\u00e1solhatj\u00e1k a baba hangj\u00e1t.<\/p>\n\n\n\n<h3 class=\"wp-block-heading\">Olvasd el m\u00e9g:<\/h3>\n\n\n\n<p><a href=\"https:\/\/universofamilia.com\/hu\/meu-bebe-dorme-mal\/\" target=\"_blank\" rel=\"noreferrer noopener\">Rosszul alszik a bab\u00e1m, l\u00e1sd az 5 gyakori hib\u00e1t, amit el kell ker\u00fcln\u00f6d.<\/a><\/p>\n\n\n\n<p><a href=\"https:\/\/universofamilia.com\/hu\/dicas-de-seguranca-para-o-sono-do-bebe-escolha-do-local-posicao-colchao-e-muito-mais\/\" target=\"_blank\" rel=\"noreferrer noopener sponsored nofollow\">Biztons\u00e1gi utas\u00edt\u00e1sok a baba fi\u00e1nak: biztons\u00e1gos hely, poz\u00edci\u00f3, matrac \u00e9s m\u00e9g sok m\u00e1s.<\/a><\/p>\n\n\n\n<p><a href=\"https:\/\/www.luzbaby.com.br\/\" target=\"_blank\" rel=\"noreferrer noopener\">A Luz Baby az egyik legjobb csecsem\u0151term\u00e9keket \u00e1rus\u00edt\u00f3 \u00fczlet. Kattints ide.<\/a><\/p>\n\n\n\n<h3 class=\"wp-block-heading\"><strong>Ber\u00e7o: egy klasszikus a csendes hangz\u00e1s\u00e9rt<\/strong><\/h3>\n\n\n\n<p>Ez egy hagyom\u00e1nyos baba\u00e1gy. Biztons\u00e1gos \u00e9s elk\u00fcl\u00f6n\u00edtett teret biztos\u00edt, k\u00e9nyelmes k\u00f6rnyezetet biztos\u00edtva.<\/p>\n\n\n<div class=\"wp-block-image\">\n<figure class=\"aligncenter size-full\"><img loading=\"lazy\" decoding=\"async\" width=\"800\" height=\"560\" src=\"http:\/\/universofamilia.com\/wp-content\/uploads\/sites\/148\/2023\/06\/POST-BEBE-INFLUENCIA-DO-SONO-UNIVERSO-FAMILIA-1.png\" alt=\"\" class=\"wp-image-2231\" srcset=\"https:\/\/universofamilia.com\/wp-content\/uploads\/sites\/148\/2023\/06\/POST-BEBE-INFLUENCIA-DO-SONO-UNIVERSO-FAMILIA-1.png 800w, https:\/\/universofamilia.com\/wp-content\/uploads\/sites\/148\/2023\/06\/POST-BEBE-INFLUENCIA-DO-SONO-UNIVERSO-FAMILIA-1-300x210.png 300w, https:\/\/universofamilia.com\/wp-content\/uploads\/sites\/148\/2023\/06\/POST-BEBE-INFLUENCIA-DO-SONO-UNIVERSO-FAMILIA-1-768x538.png 768w\" sizes=\"(max-width: 800px) 100vw, 800px\" \/><\/figure><\/div>\n\n\n<p>Egy \u00e1gy haszn\u00e1lat\u00e1val az orsz\u00e1gnak lehet\u0151s\u00e9ge van egy k\u00f6vetkezetes \u00e9jszakai rutin kialak\u00edt\u00e1s\u00e1ra, seg\u00edtve a bab\u00e1t abban, hogy a teret a gyermekkel t\u00e1rs\u00edtsa.<\/p>\n\n\n\n<p>Fontos befektetni egy min\u0151s\u00e9gi matracba \u00e9s a baba ig\u00e9nyeinek megfelel\u0151 \u00e1gynem\u0171be.<\/p>\n\n\n\n<h3 class=\"wp-block-heading\"><strong>Megosztott \u00e1gy: k\u00f6zels\u00e9g \u00e9s k\u00e9nyelem<\/strong><\/h3>\n\n\n\n<p>A k\u00f6z\u00f6s \u00e1gyban az \u00e1gyat \u00fagy osztj\u00e1k meg, mint a baba alv\u00e1sa k\u00f6zben. Ez a lehet\u0151s\u00e9g k\u00f6zels\u00e9get \u00e9s k\u00e9nyelmet biztos\u00edt, lehet\u0151v\u00e9 t\u00e9ve, hogy az orsz\u00e1g azonnal gondoskodjon a baba ig\u00e9nyeir\u0151l.<\/p>\n\n\n<div class=\"wp-block-image\">\n<figure class=\"aligncenter size-full\"><img loading=\"lazy\" decoding=\"async\" width=\"800\" height=\"560\" src=\"http:\/\/universofamilia.com\/wp-content\/uploads\/sites\/148\/2023\/06\/POST-BEBE-INFLUENCIA-DO-SONO-UNIVERSO-FAMILIA-2.png\" alt=\"\" class=\"wp-image-2232\" srcset=\"https:\/\/universofamilia.com\/wp-content\/uploads\/sites\/148\/2023\/06\/POST-BEBE-INFLUENCIA-DO-SONO-UNIVERSO-FAMILIA-2.png 800w, https:\/\/universofamilia.com\/wp-content\/uploads\/sites\/148\/2023\/06\/POST-BEBE-INFLUENCIA-DO-SONO-UNIVERSO-FAMILIA-2-300x210.png 300w, https:\/\/universofamilia.com\/wp-content\/uploads\/sites\/148\/2023\/06\/POST-BEBE-INFLUENCIA-DO-SONO-UNIVERSO-FAMILIA-2-768x538.png 768w\" sizes=\"(max-width: 800px) 100vw, 800px\" \/><\/figure><\/div>\n\n\n<p>K\u00e9t orsz\u00e1g \u00e1lland\u00f3 jelenl\u00e9te seg\u00edthet megnyugtatni a bab\u00e1t \u00e9jszaka \u00e9s megk\u00f6nny\u00edtheti a szoptat\u00e1st.<\/p>\n\n\n\n<p>Fontos azonban a biztons\u00e1gi \u00f3vint\u00e9zked\u00e9sek megt\u00e9tele, p\u00e9ld\u00e1ul egy nagy vagy elegend\u0151 \u00e1gy haszn\u00e1lata, valamint annak biztos\u00edt\u00e1sa, hogy a baba biztons\u00e1gos \u00e9s elegend\u0151 helyen aludhasson.<\/p>\n\n\n\n<h3 class=\"wp-block-heading\"><strong>Montessori \u00e1gy: f\u00fcggetlens\u00e9g a ced\u00f3t\u00f3l<\/strong><\/h3>\n\n\n\n<p>A Montessoriana \u00e1gy a Montessori filoz\u00f3fi\u00e1t k\u00f6veti, amely a gyermekek f\u00fcggetlens\u00e9g\u00e9t \u00e9s auton\u00f3mi\u00e1j\u00e1t \u00e9rt\u00e9keli. K\u00fcl\u00f6nb\u00f6z\u0151 t\u00edpus\u00fa \u00e1gyakban a baba szabadon hozz\u00e1f\u00e9rhet az alv\u00f3helyhez a Cedo-t\u00f3l, szintek vagy ker\u00edt\u00e9sek n\u00e9lk\u00fcl.<\/p>\n\n\n<div class=\"wp-block-image\">\n<figure class=\"aligncenter size-full\"><img loading=\"lazy\" decoding=\"async\" width=\"800\" height=\"560\" src=\"http:\/\/universofamilia.com\/wp-content\/uploads\/sites\/148\/2023\/06\/POST-BEBE-INFLUENCIA-DO-SONO-UNIVERSO-FAMILIA.png\" alt=\"\" class=\"wp-image-2233\" srcset=\"https:\/\/universofamilia.com\/wp-content\/uploads\/sites\/148\/2023\/06\/POST-BEBE-INFLUENCIA-DO-SONO-UNIVERSO-FAMILIA.png 800w, https:\/\/universofamilia.com\/wp-content\/uploads\/sites\/148\/2023\/06\/POST-BEBE-INFLUENCIA-DO-SONO-UNIVERSO-FAMILIA-300x210.png 300w, https:\/\/universofamilia.com\/wp-content\/uploads\/sites\/148\/2023\/06\/POST-BEBE-INFLUENCIA-DO-SONO-UNIVERSO-FAMILIA-768x538.png 768w\" sizes=\"(max-width: 800px) 100vw, 800px\" \/><\/figure><\/div>\n\n\n<p>Az Isso lehet\u0151v\u00e9 teszi sz\u00e1m\u00e1ra, hogy fejlessze motoros k\u00e9szs\u00e9geit \u00e9s megtanuljon szabadon mozogni. Azonban elengedhetetlen annak biztos\u00edt\u00e1sa, hogy a k\u00f6rnyezet biztons\u00e1gos legyen a baba sz\u00e1m\u00e1ra, elt\u00e1vol\u00edtva a vesz\u00e9lyes t\u00e1rgyakat \u00e9s elker\u00fclve az \u00fctk\u00f6z\u00e9seket.<\/p>\n\n\n\n<h3 class=\"wp-block-heading\"><strong>A tudatos v\u00e1laszt\u00e1s sor\u00e1n figyelembe veend\u0151 t\u00e9nyez\u0151k<\/strong><\/h3>\n\n\n\n<p>Amikor eld\u00f6ntj\u00fck, hogy melyik opci\u00f3t haszn\u00e1ljuk, fontos figyelembe venni n\u00e9h\u00e1ny kulcsfontoss\u00e1g\u00fa t\u00e9nyez\u0151t:<\/p>\n\n\n\n<p><strong>Biztons\u00e1g<\/strong>A kiv\u00e1lasztott opci\u00f3t\u00f3l f\u00fcggetlen\u00fcl a baba biztons\u00e1ga mindig els\u0151dleges fontoss\u00e1g\u00fa. Gy\u0151z\u0151dj\u00f6n meg arr\u00f3l, hogy a k\u00f6rnyezet mentes a vesz\u00e9lyekt\u0151l, p\u00e9ld\u00e1ul laza t\u00e1rgyakt\u00f3l, neh\u00e9z takar\u00f3kt\u00f3l vagy b\u00e1rmit\u0151l, ami megfojthatja a bab\u00e1t.<\/p>\n\n\n\n<p><strong>A baba preferenci\u00e1i \u00e9s ig\u00e9nyei<\/strong>Minden baba egyedi, ez\u00e9rt figyelembe kell venni a preferenci\u00e1it \u00e9s ig\u00e9nyeit. Vannak bab\u00e1k, akik jobban \u00e9rzik magukat egy \u00e1gyban, m\u00edg m\u00e1sok a k\u00f6z\u00f6s \u00e1gy k\u00f6zel\u00e9ben szeretnek lenni. A baba jelz\u00e9seinek \u00e9s jelz\u00e9seinek megfigyel\u00e9se \u00e9s meg\u00e9rt\u00e9se seg\u00edthet a d\u00f6nt\u00e9shozatalban.<\/p>\n\n\n\n<p><strong>Rutin \u00e9s k\u00f6vetkezetess\u00e9g<\/strong>Egy v\u00e1lasztott lehet\u0151s\u00e9gt\u0151l f\u00fcgg\u0151en az \u00e1lland\u00f3 \u00e9jszakai rutin kialak\u00edt\u00e1sa el\u0151ny\u00f6s lehet a baba sz\u00e1m\u00e1ra.<\/p>\n\n\n\n<p>Ez mag\u00e1ban foglalja a rendszeres lefekv\u00e9si id\u0151beoszt\u00e1s betart\u00e1s\u00e1t, a nyugodt \u00e9s t\u00e1mogat\u00f3 k\u00f6rnyezet megteremt\u00e9s\u00e9t, valamint olyan gyakorlatok bevezet\u00e9s\u00e9t, amelyek seg\u00edtenek a bab\u00e1nak ellazulni lefekv\u00e9s el\u0151tt, p\u00e9ld\u00e1ul egy reggeli f\u00fcrdet\u00e9s vagy egy gyeng\u00e9d massz\u00e1zs.<\/p>\n\n\n\n<h3 class=\"wp-block-heading\"><strong>K\u00f6vetkeztet\u00e9s<\/strong><\/h3>\n\n\n\n<p>A ber\u00e7o, a k\u00f6z\u00f6s \u00e1gy \u00e9s a Montessoriana \u00e1gy k\u00f6z\u00f6tti v\u00e1laszt\u00e1s a baba fi\u00e1nak szem\u00e9lyes d\u00f6nt\u00e9s, amelyet a baba biztons\u00e1g\u00e1nak, preferenci\u00e1inak \u00e9s egy\u00e9ni ig\u00e9nyeinek figyelembev\u00e9tel\u00e9vel kell meghozni, valamint egy k\u00f6vetkezetes \u00e9jszakai rutin kialak\u00edt\u00e1sa mellett.<\/p>\n\n\n\n<p>A ber\u00e7o elk\u00fcl\u00f6n\u00edtett \u00e9s p\u00e1rn\u00e1zott teret k\u00edn\u00e1l, m\u00edg a k\u00f6z\u00f6s \u00e1gy k\u00f6zels\u00e9get \u00e9s k\u00e9nyelmet biztos\u00edt a vid\u00e9ki k\u00f6rnyezethez. A J\u00e1 a Montessoriana \u00e1gy el\u0151seg\u00edti a f\u00fcggetlens\u00e9get \u00e9s az auton\u00f3mi\u00e1t a cedo-t\u00f3l.<\/p>\n\n\n\n<p>A v\u00e1lasztott lehet\u0151s\u00e9gekt\u0151l f\u00fcggetlen\u00fcl fontos biztons\u00e1gos \u00e9s a baba hangjainak megfelel\u0151 k\u00f6rnyezetet teremteni, elker\u00fclve a kock\u00e1zatokat \u00e9s betartva a biztons\u00e1gi aj\u00e1nl\u00e1sokat.<\/p>\n\n\n\n<p>A v\u00e9gs\u0151 c\u00e9l az, hogy biztos\u00edtsuk a baba nyugodt \u00e9jszakai alv\u00e1s\u00e1t, el\u0151seg\u00edtve az eg\u00e9szs\u00e9ges fejl\u0151d\u00e9s\u00e9t \u00e9s a j\u00f3 \u00e1ltal\u00e1nos eg\u00e9szs\u00e9gi \u00e1llapot\u00e1t.<\/p>\n\n\n\n<h3 class=\"wp-block-heading\">Kutat\u00e1si forr\u00e1s<\/h3>\n\n\n\n<p>Az al\u00e1bbiakban n\u00e9h\u00e1ny megb\u00edzhat\u00f3 forr\u00e1s tal\u00e1lhat\u00f3, ahol tov\u00e1bbi inform\u00e1ci\u00f3kat tal\u00e1lhat a baba hangj\u00e1r\u00f3l, valamint az \u00e1gynem\u0171vel, a megosztott \u00e1gyakkal \u00e9s a Montessori \u00e1gyakkal kapcsolatos lehet\u0151s\u00e9gekr\u0151l:<\/p>\n\n\n\n<p>Gyermekeknek sz\u00f3l\u00f3 hangk\u00f6nyvek, mint p\u00e9ld\u00e1ul Elizabeth Pantley \u201eSolu\u00e7\u00f5es para Noites Sem Choro\u201d, Elizabeth Pantley \u201eThe No-Cry Sleep Solution\u201d \u00e9s Simone Davies \u201eThe Montessori Toddler\u201d.<\/p>\n\n\n\n<p>Megb\u00edzhat\u00f3 szervezetek webhelyei, mint p\u00e9ld\u00e1ul az Amerikai Gyermekgy\u00f3gy\u00e1szati Akad\u00e9mia (AAP), a BabyCenter, a Mayo Klinika \u00e9s a Nemzeti Alv\u00e1s Alap\u00edtv\u00e1ny.<\/p>\n\n\n\n<p>Konzult\u00e1ljon gyermekorvosokkal vagy gyermekfejl\u0151d\u00e9si szakemberekkel, hogy tudom\u00e1nyos bizony\u00edt\u00e9kokon alapul\u00f3, szem\u00e9lyre szabott \u00fatmutat\u00e1st kapjon.<\/p>\n\n\n\n<p>Eml\u00e9keztetve arra, hogy mindig fontos ellen\u0151rizni a konzult\u00e1lt forr\u00e1sok hiteless\u00e9g\u00e9t, \u00e9s naprak\u00e9sz inform\u00e1ci\u00f3kat keresni, mivel az aj\u00e1nl\u00e1sok id\u0151vel v\u00e1ltozhatnak az \u00faj vizsg\u00e1latok \u00e9s felfedez\u00e9sek alapj\u00e1n.<\/p>","protected":false},"excerpt":{"rendered":"<p>Milyen hat\u00e1ssal van a baba fi\u00e1ra: Ber\u00e7o, k\u00f6z\u00f6s \u00e1gy vagy Montessoriana?<br \/>\nVagy k\u00e9t baba van, ez rendk\u00edv\u00fcl fontos k\u00e9rd\u00e9s az orsz\u00e1god sz\u00e1m\u00e1ra. A j\u00f3 \u00e9jszakai alv\u00e1s elengedhetetlen k\u00e9t gyermek eg\u00e9szs\u00e9ges fejl\u0151d\u00e9s\u00e9hez \u00e9s j\u00f3l\u00e9t\u00e9hez.<br \/>\nA k\u00fcl\u00f6nf\u00e9le alv\u00e1si lehet\u0151s\u00e9gek k\u00f6z\u00fcl h\u00e1rom emelkedik ki: a ber\u00e7o, a k\u00f6z\u00f6s \u00e1gy \u00e9s a Montessoriana.<br \/>\nEbben a cikkben megvizsg\u00e1ljuk ezeket a lehet\u0151s\u00e9geket, \u00e9s elemezz\u00fck, hogyan befoly\u00e1solhatj\u00e1k a baba hangj\u00e1t.<\/p>","protected":false},"author":0,"featured_media":2234,"comment_status":"closed","ping_status":"open","sticky":false,"template":"","format":"standard","meta":{"footnotes":""},"categories":[5],"tags":[938,1062,1437],"yoast_head":"<!-- This site is optimized with the Yoast SEO plugin v23.3 - https:\/\/yoast.com\/wordpress\/plugins\/seo\/ -->\n<title>O Que Influencia no Sono do Beb\u00ea | Ber\u00e7o, Cama Compartilhada ou Montessoriana? - Universo Fam\u00edlia<\/title>\n<meta name=\"description\" content=\"O Que Influencia no Sono do Beb\u00ea: Ber\u00e7o, Cama Compartilhada ou Montessoriana?\" \/>\n<meta name=\"robots\" content=\"index, follow, max-snippet:-1, max-image-preview:large, max-video-preview:-1\" \/>\n<link rel=\"canonical\" href=\"http:\/\/universofamilia.com\/hu\/o-que-influencia-o-sono-do-bebe\/\" \/>\n<meta property=\"og:locale\" content=\"hu_HU\" \/>\n<meta property=\"og:type\" content=\"article\" \/>\n<meta property=\"og:title\" content=\"O Que Influencia no Sono do Beb\u00ea | Ber\u00e7o, Cama Compartilhada ou Montessoriana? - Universo Fam\u00edlia\" \/>\n<meta property=\"og:description\" content=\"O Que Influencia no Sono do Beb\u00ea: Ber\u00e7o, Cama Compartilhada ou Montessoriana?\" \/>\n<meta property=\"og:url\" content=\"http:\/\/universofamilia.com\/hu\/o-que-influencia-o-sono-do-bebe\/\" \/>\n<meta property=\"og:site_name\" content=\"Universo Fam\u00edlia\" \/>\n<meta property=\"article:published_time\" content=\"2023-06-05T13:43:39+00:00\" \/>\n<meta property=\"og:image\" content=\"http:\/\/universofamilia.com\/wp-content\/uploads\/sites\/148\/2023\/06\/FOTO-DESTAQUE-DIFICULDADE-DE-OUVIRDIFICULDADE-DE-DORMIR-universo-familia-448x350-1.png\" \/>\n\t<meta property=\"og:image:width\" content=\"448\" \/>\n\t<meta property=\"og:image:height\" content=\"350\" \/>\n\t<meta property=\"og:image:type\" content=\"image\/png\" \/>\n<meta name=\"twitter:card\" content=\"summary_large_image\" \/>\n<meta name=\"twitter:label1\" content=\"Est. reading time\" \/>\n\t<meta name=\"twitter:data1\" content=\"5 perc\" \/>\n<script type=\"application\/ld+json\" class=\"yoast-schema-graph\">{\"@context\":\"https:\/\/schema.org\",\"@graph\":[{\"@type\":\"WebPage\",\"@id\":\"http:\/\/universofamilia.com\/ja\/o-que-influencia-o-sono-do-bebe\/\",\"url\":\"http:\/\/universofamilia.com\/ja\/o-que-influencia-o-sono-do-bebe\/\",\"name\":\"O Que Influencia no Sono do Beb\u00ea | Ber\u00e7o, Cama Compartilhada ou Montessoriana? - Universo Fam\u00edlia\",\"isPartOf\":{\"@id\":\"https:\/\/universofamilia.com\/el\/#website\"},\"primaryImageOfPage\":{\"@id\":\"http:\/\/universofamilia.com\/ja\/o-que-influencia-o-sono-do-bebe\/#primaryimage\"},\"image\":{\"@id\":\"http:\/\/universofamilia.com\/ja\/o-que-influencia-o-sono-do-bebe\/#primaryimage\"},\"thumbnailUrl\":\"https:\/\/universofamilia.com\/wp-content\/uploads\/sites\/148\/2023\/06\/FOTO-DESTAQUE-DIFICULDADE-DE-OUVIRDIFICULDADE-DE-DORMIR-universo-familia-448x350-1.png\",\"datePublished\":\"2023-06-05T13:43:39+00:00\",\"dateModified\":\"2023-06-05T13:43:39+00:00\",\"author\":{\"@id\":\"\"},\"description\":\"O Que Influencia no Sono do Beb\u00ea: Ber\u00e7o, Cama Compartilhada ou Montessoriana?\",\"breadcrumb\":{\"@id\":\"http:\/\/universofamilia.com\/ja\/o-que-influencia-o-sono-do-bebe\/#breadcrumb\"},\"inLanguage\":\"hu\",\"potentialAction\":[{\"@type\":\"ReadAction\",\"target\":[\"http:\/\/universofamilia.com\/ja\/o-que-influencia-o-sono-do-bebe\/\"]}]},{\"@type\":\"ImageObject\",\"inLanguage\":\"hu\",\"@id\":\"http:\/\/universofamilia.com\/ja\/o-que-influencia-o-sono-do-bebe\/#primaryimage\",\"url\":\"https:\/\/universofamilia.com\/wp-content\/uploads\/sites\/148\/2023\/06\/FOTO-DESTAQUE-DIFICULDADE-DE-OUVIRDIFICULDADE-DE-DORMIR-universo-familia-448x350-1.png\",\"contentUrl\":\"https:\/\/universofamilia.com\/wp-content\/uploads\/sites\/148\/2023\/06\/FOTO-DESTAQUE-DIFICULDADE-DE-OUVIRDIFICULDADE-DE-DORMIR-universo-familia-448x350-1.png\",\"width\":448,\"height\":350},{\"@type\":\"BreadcrumbList\",\"@id\":\"http:\/\/universofamilia.com\/ja\/o-que-influencia-o-sono-do-bebe\/#breadcrumb\",\"itemListElement\":[{\"@type\":\"ListItem\",\"position\":1,\"name\":\"Home\",\"item\":\"https:\/\/universofamilia.com\/el\/\"},{\"@type\":\"ListItem\",\"position\":2,\"name\":\"O Que Influencia no Sono do Beb\u00ea | Ber\u00e7o, Cama Compartilhada ou Montessoriana?\"}]},{\"@type\":\"WebSite\",\"@id\":\"https:\/\/universofamilia.com\/el\/#website\",\"url\":\"https:\/\/universofamilia.com\/el\/\",\"name\":\"Universo Fam\u00edlia\",\"description\":\"\",\"potentialAction\":[{\"@type\":\"SearchAction\",\"target\":{\"@type\":\"EntryPoint\",\"urlTemplate\":\"https:\/\/universofamilia.com\/el\/?s={search_term_string}\"},\"query-input\":\"required name=search_term_string\"}],\"inLanguage\":\"hu\"}]}<\/script>\n<!-- \/ Yoast SEO plugin. -->","yoast_head_json":{"title":"O Que Influencia no Sono do Beb\u00ea | Ber\u00e7o, Cama Compartilhada ou Montessoriana? - Universo Fam\u00edlia","description":"O Que Influencia no Sono do Beb\u00ea: Ber\u00e7o, Cama Compartilhada ou Montessoriana?","robots":{"index":"index","follow":"follow","max-snippet":"max-snippet:-1","max-image-preview":"max-image-preview:large","max-video-preview":"max-video-preview:-1"},"canonical":"http:\/\/universofamilia.com\/hu\/o-que-influencia-o-sono-do-bebe\/","og_locale":"hu_HU","og_type":"article","og_title":"O Que Influencia no Sono do Beb\u00ea | Ber\u00e7o, Cama Compartilhada ou Montessoriana? - Universo Fam\u00edlia","og_description":"O Que Influencia no Sono do Beb\u00ea: Ber\u00e7o, Cama Compartilhada ou Montessoriana?","og_url":"http:\/\/universofamilia.com\/hu\/o-que-influencia-o-sono-do-bebe\/","og_site_name":"Universo Fam\u00edlia","article_published_time":"2023-06-05T13:43:39+00:00","og_image":[{"width":448,"height":350,"url":"http:\/\/universofamilia.com\/wp-content\/uploads\/sites\/148\/2023\/06\/FOTO-DESTAQUE-DIFICULDADE-DE-OUVIRDIFICULDADE-DE-DORMIR-universo-familia-448x350-1.png","type":"image\/png"}],"twitter_card":"summary_large_image","twitter_misc":{"Est. reading time":"5 perc"},"schema":{"@context":"https:\/\/schema.org","@graph":[{"@type":"WebPage","@id":"http:\/\/universofamilia.com\/ja\/o-que-influencia-o-sono-do-bebe\/","url":"http:\/\/universofamilia.com\/ja\/o-que-influencia-o-sono-do-bebe\/","name":"O Que Influencia no Sono do Beb\u00ea | Ber\u00e7o, Cama Compartilhada ou Montessoriana? - Universo Fam\u00edlia","isPartOf":{"@id":"https:\/\/universofamilia.com\/el\/#website"},"primaryImageOfPage":{"@id":"http:\/\/universofamilia.com\/ja\/o-que-influencia-o-sono-do-bebe\/#primaryimage"},"image":{"@id":"http:\/\/universofamilia.com\/ja\/o-que-influencia-o-sono-do-bebe\/#primaryimage"},"thumbnailUrl":"https:\/\/universofamilia.com\/wp-content\/uploads\/sites\/148\/2023\/06\/FOTO-DESTAQUE-DIFICULDADE-DE-OUVIRDIFICULDADE-DE-DORMIR-universo-familia-448x350-1.png","datePublished":"2023-06-05T13:43:39+00:00","dateModified":"2023-06-05T13:43:39+00:00","author":{"@id":""},"description":"O Que Influencia no Sono do Beb\u00ea: Ber\u00e7o, Cama Compartilhada ou Montessoriana?","breadcrumb":{"@id":"http:\/\/universofamilia.com\/ja\/o-que-influencia-o-sono-do-bebe\/#breadcrumb"},"inLanguage":"hu","potentialAction":[{"@type":"ReadAction","target":["http:\/\/universofamilia.com\/ja\/o-que-influencia-o-sono-do-bebe\/"]}]},{"@type":"ImageObject","inLanguage":"hu","@id":"http:\/\/universofamilia.com\/ja\/o-que-influencia-o-sono-do-bebe\/#primaryimage","url":"https:\/\/universofamilia.com\/wp-content\/uploads\/sites\/148\/2023\/06\/FOTO-DESTAQUE-DIFICULDADE-DE-OUVIRDIFICULDADE-DE-DORMIR-universo-familia-448x350-1.png","contentUrl":"https:\/\/universofamilia.com\/wp-content\/uploads\/sites\/148\/2023\/06\/FOTO-DESTAQUE-DIFICULDADE-DE-OUVIRDIFICULDADE-DE-DORMIR-universo-familia-448x350-1.png","width":448,"height":350},{"@type":"BreadcrumbList","@id":"http:\/\/universofamilia.com\/ja\/o-que-influencia-o-sono-do-bebe\/#breadcrumb","itemListElement":[{"@type":"ListItem","position":1,"name":"Home","item":"https:\/\/universofamilia.com\/el\/"},{"@type":"ListItem","position":2,"name":"O Que Influencia no Sono do Beb\u00ea | Ber\u00e7o, Cama Compartilhada ou Montessoriana?"}]},{"@type":"WebSite","@id":"https:\/\/universofamilia.com\/el\/#website","url":"https:\/\/universofamilia.com\/el\/","name":"Universo Fam\u00edlia","description":"","potentialAction":[{"@type":"SearchAction","target":{"@type":"EntryPoint","urlTemplate":"https:\/\/universofamilia.com\/el\/?s={search_term_string}"},"query-input":"required name=search_term_string"}],"inLanguage":"hu"}]}},"_links":{"self":[{"href":"https:\/\/universofamilia.com\/hu\/wp-json\/wp\/v2\/posts\/2227"}],"collection":[{"href":"https:\/\/universofamilia.com\/hu\/wp-json\/wp\/v2\/posts"}],"about":[{"href":"https:\/\/universofamilia.com\/hu\/wp-json\/wp\/v2\/types\/post"}],"replies":[{"embeddable":true,"href":"https:\/\/universofamilia.com\/hu\/wp-json\/wp\/v2\/comments?post=2227"}],"version-history":[{"count":0,"href":"https:\/\/universofamilia.com\/hu\/wp-json\/wp\/v2\/posts\/2227\/revisions"}],"wp:featuredmedia":[{"embeddable":true,"href":"https:\/\/universofamilia.com\/hu\/wp-json\/wp\/v2\/media\/2234"}],"wp:attachment":[{"href":"https:\/\/universofamilia.com\/hu\/wp-json\/wp\/v2\/media?parent=2227"}],"wp:term":[{"taxonomy":"category","embeddable":true,"href":"https:\/\/universofamilia.com\/hu\/wp-json\/wp\/v2\/categories?post=2227"},{"taxonomy":"post_tag","embeddable":true,"href":"https:\/\/universofamilia.com\/hu\/wp-json\/wp\/v2\/tags?post=2227"}],"curies":[{"name":"wp","href":"https:\/\/api.w.org\/{rel}","templated":true}]}}