{"id":2236,"date":"2023-06-05T18:52:15","date_gmt":"2023-06-05T21:52:15","guid":{"rendered":"https:\/\/universofamilia.com\/?p=2236"},"modified":"2023-06-05T18:52:15","modified_gmt":"2023-06-05T21:52:15","slug":"dicas-de-seguranca-para-o-sono-do-bebe-escolha-do-local-posicao-colchao-e-muito-mais","status":"publish","type":"post","link":"https:\/\/universofamilia.com\/hu\/dicas-de-seguranca-para-o-sono-do-bebe-escolha-do-local-posicao-colchao-e-muito-mais\/","title":{"rendered":"Biztons\u00e1gi utas\u00edt\u00e1sok a baba hangj\u00e1hoz"},"content":{"rendered":"<h3 class=\"wp-block-heading\">Biztons\u00e1gi utas\u00edt\u00e1sok a baba fi\u00e1nak: biztons\u00e1gos hely, poz\u00edci\u00f3, matrac \u00e9s m\u00e9g sok m\u00e1s.<\/h3>\n\n\n\n<p> A kisfi\u00fak biztons\u00e1ga els\u0151dleges szempont az orsz\u00e1g sz\u00e1m\u00e1ra.<\/p>\n\n\n\n<p>A gyermek eg\u00e9szs\u00e9ges fejl\u0151d\u00e9s\u00e9hez elengedhetetlen, hogy biztons\u00e1gos k\u00f6rnyezetben legyen, amely el\u0151seg\u00edti a pihen\u00e9st.<\/p>\n\n\n\n<p>Ebben a cikkben hat fontos tippet mutatunk be, amelyekkel garant\u00e1lhatod gyermeked biztons\u00e1g\u00e1t, a helysz\u00edn meg\u0151rz\u00e9s\u00e9t\u0151l kezdve a lehets\u00e9ges kock\u00e1zatok elker\u00fcl\u00e9s\u00e9ig. K\u00f6vesd ezeket az ir\u00e1nyelveket, \u00e9s \u00e9lvezd a nyugodt \u00e9jszak\u00e1kat, tudv\u00e1n, hogy gyermeked biztons\u00e1gos k\u00f6rnyezetben van.<\/p>\n\n\n\n<h3 class=\"wp-block-heading\">Olvasd el m\u00e9g:<\/h3>\n\n\n\n<p><a href=\"https:\/\/universofamilia.com\/hu\/meu-bebe-dorme-mal\/\" target=\"_blank\" rel=\"noreferrer noopener\">Rosszul alszik a bab\u00e1m, l\u00e1sd az 5 gyakori hib\u00e1t, amit el kell ker\u00fcln\u00f6d.<\/a><\/p>\n\n\n\n<p><a href=\"https:\/\/universofamilia.com\/hu\/o-que-influencia-o-sono-do-bebe\/\" target=\"_blank\" rel=\"noreferrer noopener\">O Que Influence no Sono do B\u00ea | Ber\u00e7o, k\u00f6z\u00f6s \u00e1gy vagy Montessoriana?<\/a><\/p>\n\n\n\n<p><a href=\"https:\/\/www.luzbaby.com.br\/\" target=\"_blank\" rel=\"noreferrer noopener\">A Luz Baby az egyik legjobb csecsem\u0151term\u00e9keket \u00e1rus\u00edt\u00f3 \u00fczlet. Kattints ide.<\/a><\/p>\n\n\n\n<h3 class=\"wp-block-heading\">Helyi ir\u00e1nymutat\u00e1s: elegend\u0151 hely \u00e9s csendes k\u00f6rnyezet<\/h3>\n\n\n\n<p>A baba hangj\u00e1nak megfelel\u0151 hely\u00e9nek kiv\u00e1laszt\u00e1sa kulcsfontoss\u00e1g\u00fa. V\u00e1lasszon biztons\u00e1gos lefedetts\u00e9get, lehet\u0151leg INMETRO tan\u00fas\u00edtv\u00e1nnyal rendelkez\u0151 hajat. Gy\u0151z\u0151dj\u00f6n meg arr\u00f3l, hogy a gyerekek megfelel\u0151 t\u00e1vols\u00e1gban vannak, megakad\u00e1lyozva, hogy a baba beszoruljon vagy elmenek\u00fclj\u00f6n.<\/p>\n\n\n<div class=\"wp-block-image\">\n<figure class=\"aligncenter size-full\"><img loading=\"lazy\" decoding=\"async\" width=\"800\" height=\"560\" src=\"http:\/\/universofamilia.com\/wp-content\/uploads\/sites\/148\/2023\/06\/POST-BEBE-SEGURANCA-DO-BEBE-O-UNIVERSO-FAMILIA.png\" alt=\"\" class=\"wp-image-2237\" srcset=\"https:\/\/universofamilia.com\/wp-content\/uploads\/sites\/148\/2023\/06\/POST-BEBE-SEGURANCA-DO-BEBE-O-UNIVERSO-FAMILIA.png 800w, https:\/\/universofamilia.com\/wp-content\/uploads\/sites\/148\/2023\/06\/POST-BEBE-SEGURANCA-DO-BEBE-O-UNIVERSO-FAMILIA-300x210.png 300w, https:\/\/universofamilia.com\/wp-content\/uploads\/sites\/148\/2023\/06\/POST-BEBE-SEGURANCA-DO-BEBE-O-UNIVERSO-FAMILIA-768x538.png 768w\" sizes=\"(max-width: 800px) 100vw, 800px\" \/><\/figure><\/div>\n\n\n<p>Ezenk\u00edv\u00fcl keressen egy csendes k\u00f6rnyezetet, t\u00e1vol a zajt\u00f3l \u00e9s a stresszforr\u00e1sokt\u00f3l. Tudja, hogy a hang elengedhetetlen a baba fejl\u0151d\u00e9s\u00e9hez, \u00e9s a nyugodt k\u00f6rnyezet hozz\u00e1j\u00e1rul a pihentet\u0151bb \u00e9jszak\u00e1hoz.<\/p>\n\n\n\n<h3 class=\"wp-block-heading\">Babapoz\u00edci\u00f3: partt\u00f3l alv\u00e1sig<\/h3>\n\n\n\n<p>A baba hason fekv\u00e9se a legbiztons\u00e1gosabb alv\u00e1si poz\u00edci\u00f3. Ez a poz\u00edci\u00f3 cs\u00f6kkenti a fullad\u00e1s \u00e9s a hirtelen hal\u00e1l kock\u00e1zat\u00e1t. Ker\u00fclje a baba h\u00e1t\u00e1ra vagy oldal\u00e1ra fektet\u00e9s\u00e9t, mivel ezek a poz\u00edci\u00f3k n\u00f6velik a fullad\u00e1svesz\u00e9lyt. Fontos kiemelni, hogy az alv\u00e1s k\u00f6lts\u00e9gei addig \u00e9rv\u00e9nyesek, am\u00edg a baba be nem fejezi az egy\u00e9ves oktat\u00e1st.<\/p>\n\n\n\n<h3 class=\"wp-block-heading\">V\u00e1lasszon megfelel\u0151 matracot<\/h3>\n\n\n\n<p>A baba biztons\u00e1ga \u00e9rdek\u00e9ben elengedhetetlen a matrac, ami nem altatja el a bab\u00e1t. V\u00e1lasszon kem\u00e9ny \u00e9s lapos matracot, alapoz\u00e1s \u00e9s egyenetlens\u00e9gek n\u00e9lk\u00fcl.<\/p>\n\n\n\n<p>Ker\u00fcld a nagyon vastag matracokat, mivel ezek form\u00e1lhatj\u00e1k a baba test\u00e9t \u00e9s n\u00f6velhetik a fullad\u00e1svesz\u00e9lyt.<\/p>\n\n\n\n<p>Azt is ellen\u0151rizd, hogy a matrac t\u00f6k\u00e9letesen illeszkedik-e a fekhelybe, megakad\u00e1lyozva, hogy a baba a matrac sz\u00e9lei k\u00f6z\u00e9 szoruljon.<\/p>\n\n\n\n<h3 class=\"wp-block-heading\">Ker\u00fclje a t\u00falmeleged\u00e9st: megfelel\u0151 szobah\u0151m\u00e9rs\u00e9klet<\/h3>\n\n\n\n<p>A megfelel\u0151 szobah\u0151m\u00e9rs\u00e9klet fenntart\u00e1sa elengedhetetlen a baba biztons\u00e1ga \u00e9rdek\u00e9ben. Ker\u00fclje a t\u00falmeleged\u00e9st, mivel a bab\u00e1k nehezen szab\u00e1lyozz\u00e1k a testh\u0151m\u00e9rs\u00e9klet\u00fcket.<\/p>\n\n\n<div class=\"wp-block-image\">\n<figure class=\"aligncenter size-full\"><img loading=\"lazy\" decoding=\"async\" width=\"800\" height=\"560\" src=\"http:\/\/universofamilia.com\/wp-content\/uploads\/sites\/148\/2023\/06\/POST-BEBE-SEGURANCA-DO-BEBE-O-UNIVERSO-FAMILIA-1.png\" alt=\"\" class=\"wp-image-2238\" srcset=\"https:\/\/universofamilia.com\/wp-content\/uploads\/sites\/148\/2023\/06\/POST-BEBE-SEGURANCA-DO-BEBE-O-UNIVERSO-FAMILIA-1.png 800w, https:\/\/universofamilia.com\/wp-content\/uploads\/sites\/148\/2023\/06\/POST-BEBE-SEGURANCA-DO-BEBE-O-UNIVERSO-FAMILIA-1-300x210.png 300w, https:\/\/universofamilia.com\/wp-content\/uploads\/sites\/148\/2023\/06\/POST-BEBE-SEGURANCA-DO-BEBE-O-UNIVERSO-FAMILIA-1-768x538.png 768w\" sizes=\"(max-width: 800px) 100vw, 800px\" \/><\/figure><\/div>\n\n\n<p>V\u00e1lasszon az \u00e9vszaknak megfelel\u0151 ruh\u00e1zatot, \u00e9s tartsa h\u0171v\u00f6sen \u00e9s sz\u00e1razon. Egy szobah\u0151m\u00e9rs\u00e9klet\u0171 h\u0151m\u00e9r\u0151 hasznos eszk\u00f6z lehet annak biztos\u00edt\u00e1s\u00e1ra, hogy a h\u0151m\u00e9rs\u00e9klet k\u00e9nyelmes legyen a baba sz\u00e1m\u00e1ra.<\/p>\n\n\n\n<h3 class=\"wp-block-heading\">\u00dcres legyen: ker\u00fclje a laza t\u00e1rgyakat \u00e9s a t\u00falzott forgalmat<\/h3>\n\n\n\n<p>A gyermekek sz\u00e1m\u00e1ra biztons\u00e1gos ter\u00fcletet mentes\u00edteni kell a laza t\u00e1rgyakt\u00f3l. Ker\u00fclje a travesseiros, almofada, bolyhos takar\u00f3k, brinquedos vagy ber\u00e7o v\u00e9d\u0151huzatok kihelyez\u00e9s\u00e9t.<\/p>\n\n\n\n<p>Ezek a t\u00e1rgyak n\u00f6velik a fullad\u00e1s vagy a baba le\u00e1ll\u00e1s\u00e1nak kock\u00e1zat\u00e1t. Kiz\u00e1r\u00f3lag megfelel\u0151 m\u00e9ret\u0171, szorosan illeszked\u0151 \u00e9s b\u0151 als\u00f3nem\u0171t haszn\u00e1ljon, hogy a baba vesz\u00e9lytelen k\u00f6rnyezetben aludhasson.<\/p>\n\n\n\n<p>Biztons\u00e1gos fel\u00fcletre helyezze: ker\u00fclje a kanap\u00e9kat \u00e9s a feln\u0151tt \u00e1gyakat<\/p>\n\n\n\n<p>Ker\u00fclje a baba nem biztons\u00e1gos fel\u00fcletekre, p\u00e9ld\u00e1ul kanap\u00e9ra, fotelre vagy feln\u0151tt\u00e1gyra helyez\u00e9s\u00e9t. Ezek a fel\u00fcletek nem biztons\u00e1gosak a csecsem\u0151k sz\u00e1m\u00e1ra, \u00e9s n\u00f6velik az \u00e1ram\u00fct\u00e9s vagy a fullad\u00e1s kock\u00e1zat\u00e1t.<\/p>\n\n\n\n<p>Fontos, hogy a baba mindig a saj\u00e1t \u00e1gy\u00e1ban aludjon, megfelel\u0151 matraccal \u00e9s kifejezetten sz\u00e1m\u00e1ra kialak\u00edtott k\u00f6rnyezetben.<\/p>\n\n\n\n<h3 class=\"wp-block-heading\">K\u00f6vetkeztet\u00e9s<\/h3>\n\n\n\n<p>A bab\u00e1k hangbiztons\u00e1g\u00e1nak garant\u00e1l\u00e1sa mindk\u00e9t orsz\u00e1g alapvet\u0151 felel\u0151ss\u00e9ge. A cikkben eml\u00edtett utas\u00edt\u00e1sok betart\u00e1s\u00e1val biztons\u00e1gos \u00e9s megfelel\u0151 k\u00f6rnyezetet biztos\u00edthat gyermeke pihen\u00e9s\u00e9hez.<\/p>\n\n\n\n<p>\u00dcgyeljen arra, hogy megfelel\u0151 \u00e1gyat v\u00e1lasszon, helyezze a bab\u00e1t az alv\u00f3fel\u00fcletre, haszn\u00e1ljon kem\u00e9ny matracot, ker\u00fclje a t\u00falmeleged\u00e9st, tartsa az \u00e1gyat mentesen a laza t\u00e1rgyakt\u00f3l, \u00e9s soha ne helyezze nem biztons\u00e1gos fel\u00fcletre.<\/p>\n\n\n\n<p>Azt is tudom, hogy minden baba egyedi, \u00e9s egy\u00e9ni ig\u00e9nyei lehetnek. Figyelje a sz\u0171r\u0151t, \u00e9s figyeljen a kellemetlens\u00e9g vagy neh\u00e9zs\u00e9g jeleire a hangjelz\u00e9s alatt.<\/p>\n\n\n\n<p>Ha b\u00e1rmilyen k\u00e9ts\u00e9ge vagy agg\u00e1lya mer\u00fcl fel, mindig forduljon szakk\u00e9pzett eg\u00e9szs\u00e9g\u00fcgyi szakemberhez.<\/p>\n\n\n\n<p>A baba biztons\u00e1ga \u00e9rdek\u00e9ben optimaliz\u00e1lt hangk\u00f6rnyezet megteremt\u00e9s\u00e9vel csendes \u00e9s biztons\u00e1gos hangz\u00e1st biztos\u00edt, ami elengedhetetlen a megfelel\u0151 n\u00f6veked\u00e9shez \u00e9s fejl\u0151d\u00e9shez.<\/p>\n\n\n\n<p>Ne feledd, hogy a gyermekbiztons\u00e1g egy folyamatos gyakorlat, \u00e9s fontos, hogy a biztons\u00e1gi int\u00e9zked\u00e9seket a baba n\u00f6veked\u00e9s\u00e9vel \u00e9s fejl\u0151d\u00e9s\u00e9vel fel\u00fclvizsg\u00e1ld \u00e9s adapt\u00e1ld.<\/p>\n\n\n\n<p>A kisfi\u00fa biztons\u00e1g\u00e1nak el\u0151t\u00e9rbe helyez\u00e9se \u00e9rt\u00e9kes befektet\u00e9s, amelynek nem a gyermeke eg\u00e9szs\u00e9g\u00e9be kell fektetnie. Ezen utas\u00edt\u00e1sok betart\u00e1s\u00e1val v\u00e9dett \u00e9s kedvez\u0151 k\u00f6rnyezetet teremthet gyermeke nyugodt \u00e9s biztons\u00e1gos hangz\u00e1s\u00e1hoz.<\/p>\n\n\n\n<h3 class=\"wp-block-heading\">Kutat\u00e1s forr\u00e1sa:<\/h3>\n\n\n\n<p>Fontos, hogy ny\u00edlt \u00e9s megb\u00edzhat\u00f3 vizsg\u00e1latot folytassunk a kisfi\u00fak biztons\u00e1gi ir\u00e1nyelveivel kapcsolatban. Sz\u00e1mos elismert szervezet \u00e9s int\u00e9zm\u00e9ny k\u00edn\u00e1l naprak\u00e9sz inform\u00e1ci\u00f3kat ebben a t\u00e9m\u00e1ban. \u00cdme n\u00e9h\u00e1ny forr\u00e1s, amelyre t\u00e1maszkodhatsz, ha t\u00f6bbet szeretn\u00e9l megtudni a t\u00e9m\u00e1r\u00f3l:<\/p>\n\n\n\n<p>Amerikai Gyermekgy\u00f3gy\u00e1szati Akad\u00e9mia (AAP) \u2013 Az AAP weboldala r\u00e9szletes \u00fatmutat\u00e1st ny\u00fajt a csecsem\u0151k biztons\u00e1g\u00e1val kapcsolatban, bele\u00e9rtve az alv\u00e1si poz\u00edci\u00f3ra, a megfelel\u0151 elhelyez\u00e9sre, a matracokra \u00e9s sok m\u00e1sra vonatkoz\u00f3 aj\u00e1nl\u00e1sokat. El\u00e9rhet\u0151 a k\u00f6vetkez\u0151 c\u00edmen: https:\/\/www.aap.org\/<\/p>\n\n\n\n<p>Biztons\u00e1gos alv\u00e1s kamp\u00e1ny \u2013 Ez az Egyes\u00fclt \u00c1llamokban zajl\u00f3 orsz\u00e1gos kamp\u00e1ny inform\u00e1ci\u00f3kat \u00e9s forr\u00e1sokat biztos\u00edt a bab\u00e1k biztons\u00e1gos alv\u00e1s\u00e1nak n\u00e9pszer\u0171s\u00edt\u00e9s\u00e9re, bele\u00e9rtve az alv\u00e1si poz\u00edci\u00f3kra vonatkoz\u00f3 \u00fatmutat\u00e1st egy biztons\u00e1gos alv\u00e1si k\u00f6rnyezetben. El\u00e9rhet\u0151 a k\u00f6vetkez\u0151 c\u00edmen: https:\/\/safetosleep.nichd.nih.gov\/<\/p>\n\n\n\n<p>Funda\u00e7\u00e3o Nacional do No (Nemzeti Alv\u00e1s Alap\u00edtv\u00e1ny) \u2013 Ez a szervezet c\u00e9lja, hogy felh\u00edvja a figyelmet az eg\u00e9szs\u00e9ges alv\u00e1s fontoss\u00e1g\u00e1ra, bele\u00e9rtve a biztons\u00e1gos babaalv\u00e1sr\u00f3l sz\u00f3l\u00f3 ir\u00e1nyelveket is. El\u00e9rhet\u0151 a k\u00f6vetkez\u0151 c\u00edmen: https:\/\/www.sleepfoundation.org\/<\/p>\n\n\n\n<p>Felh\u00edvjuk figyelm\u00e9t, hogy a tal\u00e1lt inform\u00e1ci\u00f3k forr\u00e1sa mindig ellen\u0151rz\u00f6tt \u00e9s aktu\u00e1lis, \u00edgy az aj\u00e1nl\u00e1sok id\u0151vel friss\u00fclhetnek. Az eg\u00e9szs\u00e9g\u00fcgyi szakemberekkel, p\u00e9ld\u00e1ul gyermekorvosokkal val\u00f3 konzult\u00e1ci\u00f3 szint\u00e9n a legjobb m\u00f3dja annak, hogy megb\u00edzhat\u00f3 \u00e9s szem\u00e9lyre szabott inform\u00e1ci\u00f3kat szerezzen gyermeke sz\u00e1m\u00e1ra.<\/p>","protected":false},"excerpt":{"rendered":"<p>Biztons\u00e1gi utas\u00edt\u00e1sok kisfi\u00fak sz\u00e1m\u00e1ra: biztons\u00e1gos hely, poz\u00edci\u00f3, matrac \u00e9s sok m\u00e1s. A kisfi\u00fak biztons\u00e1ga els\u0151dleges szempont az orsz\u00e1gban.<br \/>\nA gyermek eg\u00e9szs\u00e9ges fejl\u0151d\u00e9s\u00e9hez elengedhetetlen, hogy biztons\u00e1gos k\u00f6rnyezetben legyen, amely el\u0151seg\u00edti a pihen\u00e9st.<br \/>\nEbben a cikkben hat fontos tippet mutatunk be, amelyekkel garant\u00e1lhatod gyermeked biztons\u00e1g\u00e1t, a helysz\u00edn meg\u0151rz\u00e9s\u00e9t\u0151l kezdve a lehets\u00e9ges kock\u00e1zatok elker\u00fcl\u00e9s\u00e9ig. K\u00f6vesd ezeket az ir\u00e1nyelveket, \u00e9s \u00e9lvezd a nyugodt \u00e9jszak\u00e1kat, tudv\u00e1n, hogy gyermeked biztons\u00e1gos k\u00f6rnyezetben van.<\/p>","protected":false},"author":0,"featured_media":2239,"comment_status":"closed","ping_status":"open","sticky":false,"template":"","format":"standard","meta":{"footnotes":""},"categories":[5],"tags":[938,1437,1448],"yoast_head":"<!-- This site is optimized with the Yoast SEO plugin v23.3 - https:\/\/yoast.com\/wordpress\/plugins\/seo\/ -->\n<title>Dicas de seguran\u00e7a para o sono do beb\u00ea - Universo Fam\u00edlia<\/title>\n<meta name=\"description\" content=\"Dicas de seguran\u00e7a para o sono do beb\u00ea: escolha do local, posi\u00e7\u00e3o, colch\u00e3o e muito mais A seguran\u00e7a do sono do beb\u00ea \u00e9 uma\" \/>\n<meta name=\"robots\" content=\"index, follow, max-snippet:-1, max-image-preview:large, max-video-preview:-1\" \/>\n<link rel=\"canonical\" href=\"https:\/\/universofamilia.com\/hu\/\u09b8\u09cd\u09a5\u09be\u09a8\u09c0\u09af\u09bc-\u09b8\u09cd\u09a5\u09be\u09a8\u09c7-\u09b6\u09bf\u09b6\u09c1\u09b0-\u09a8\u09bf\/\" \/>\n<meta property=\"og:locale\" content=\"hu_HU\" \/>\n<meta property=\"og:type\" content=\"article\" \/>\n<meta property=\"og:title\" content=\"Dicas de seguran\u00e7a para o sono do beb\u00ea - Universo Fam\u00edlia\" \/>\n<meta property=\"og:description\" content=\"Dicas de seguran\u00e7a para o sono do beb\u00ea: escolha do local, posi\u00e7\u00e3o, colch\u00e3o e muito mais A seguran\u00e7a do sono do beb\u00ea \u00e9 uma\" \/>\n<meta property=\"og:url\" content=\"https:\/\/universofamilia.com\/hu\/\u09b8\u09cd\u09a5\u09be\u09a8\u09c0\u09af\u09bc-\u09b8\u09cd\u09a5\u09be\u09a8\u09c7-\u09b6\u09bf\u09b6\u09c1\u09b0-\u09a8\u09bf\/\" \/>\n<meta property=\"og:site_name\" content=\"Universo Fam\u00edlia\" \/>\n<meta property=\"article:published_time\" content=\"2023-06-05T21:52:15+00:00\" \/>\n<meta property=\"og:image\" content=\"https:\/\/universofamilia.com\/wp-content\/uploads\/sites\/148\/2023\/06\/FOTO-DESTAQUE-SEGURANCA-DO-BEBE-universo-familia-448x350-.png\" \/>\n\t<meta property=\"og:image:width\" content=\"448\" \/>\n\t<meta property=\"og:image:height\" content=\"350\" \/>\n\t<meta property=\"og:image:type\" content=\"image\/png\" \/>\n<meta name=\"twitter:card\" content=\"summary_large_image\" \/>\n<meta name=\"twitter:label1\" content=\"Est. reading time\" \/>\n\t<meta name=\"twitter:data1\" content=\"6 perc\" \/>\n<script type=\"application\/ld+json\" class=\"yoast-schema-graph\">{\"@context\":\"https:\/\/schema.org\",\"@graph\":[{\"@type\":\"WebPage\",\"@id\":\"https:\/\/universofamilia.com\/bn\/\u09b8\u09cd\u09a5\u09be\u09a8\u09c0\u09af\u09bc-\u09b8\u09cd\u09a5\u09be\u09a8\u09c7-\u09b6\u09bf\u09b6\u09c1\u09b0-\u09a8\u09bf\/\",\"url\":\"https:\/\/universofamilia.com\/bn\/\u09b8\u09cd\u09a5\u09be\u09a8\u09c0\u09af\u09bc-\u09b8\u09cd\u09a5\u09be\u09a8\u09c7-\u09b6\u09bf\u09b6\u09c1\u09b0-\u09a8\u09bf\/\",\"name\":\"Dicas de seguran\u00e7a para o sono do beb\u00ea - Universo Fam\u00edlia\",\"isPartOf\":{\"@id\":\"https:\/\/universofamilia.com\/el\/#website\"},\"primaryImageOfPage\":{\"@id\":\"https:\/\/universofamilia.com\/bn\/\u09b8\u09cd\u09a5\u09be\u09a8\u09c0\u09af\u09bc-\u09b8\u09cd\u09a5\u09be\u09a8\u09c7-\u09b6\u09bf\u09b6\u09c1\u09b0-\u09a8\u09bf\/#primaryimage\"},\"image\":{\"@id\":\"https:\/\/universofamilia.com\/bn\/\u09b8\u09cd\u09a5\u09be\u09a8\u09c0\u09af\u09bc-\u09b8\u09cd\u09a5\u09be\u09a8\u09c7-\u09b6\u09bf\u09b6\u09c1\u09b0-\u09a8\u09bf\/#primaryimage\"},\"thumbnailUrl\":\"https:\/\/universofamilia.com\/wp-content\/uploads\/sites\/148\/2023\/06\/FOTO-DESTAQUE-SEGURANCA-DO-BEBE-universo-familia-448x350-.png\",\"datePublished\":\"2023-06-05T21:52:15+00:00\",\"dateModified\":\"2023-06-05T21:52:15+00:00\",\"author\":{\"@id\":\"\"},\"description\":\"Dicas de seguran\u00e7a para o sono do beb\u00ea: escolha do local, posi\u00e7\u00e3o, colch\u00e3o e muito mais A seguran\u00e7a do sono do beb\u00ea \u00e9 uma\",\"breadcrumb\":{\"@id\":\"https:\/\/universofamilia.com\/bn\/\u09b8\u09cd\u09a5\u09be\u09a8\u09c0\u09af\u09bc-\u09b8\u09cd\u09a5\u09be\u09a8\u09c7-\u09b6\u09bf\u09b6\u09c1\u09b0-\u09a8\u09bf\/#breadcrumb\"},\"inLanguage\":\"hu\",\"potentialAction\":[{\"@type\":\"ReadAction\",\"target\":[\"https:\/\/universofamilia.com\/bn\/\u09b8\u09cd\u09a5\u09be\u09a8\u09c0\u09af\u09bc-\u09b8\u09cd\u09a5\u09be\u09a8\u09c7-\u09b6\u09bf\u09b6\u09c1\u09b0-\u09a8\u09bf\/\"]}]},{\"@type\":\"ImageObject\",\"inLanguage\":\"hu\",\"@id\":\"https:\/\/universofamilia.com\/bn\/\u09b8\u09cd\u09a5\u09be\u09a8\u09c0\u09af\u09bc-\u09b8\u09cd\u09a5\u09be\u09a8\u09c7-\u09b6\u09bf\u09b6\u09c1\u09b0-\u09a8\u09bf\/#primaryimage\",\"url\":\"https:\/\/universofamilia.com\/wp-content\/uploads\/sites\/148\/2023\/06\/FOTO-DESTAQUE-SEGURANCA-DO-BEBE-universo-familia-448x350-.png\",\"contentUrl\":\"https:\/\/universofamilia.com\/wp-content\/uploads\/sites\/148\/2023\/06\/FOTO-DESTAQUE-SEGURANCA-DO-BEBE-universo-familia-448x350-.png\",\"width\":448,\"height\":350},{\"@type\":\"BreadcrumbList\",\"@id\":\"https:\/\/universofamilia.com\/bn\/\u09b8\u09cd\u09a5\u09be\u09a8\u09c0\u09af\u09bc-\u09b8\u09cd\u09a5\u09be\u09a8\u09c7-\u09b6\u09bf\u09b6\u09c1\u09b0-\u09a8\u09bf\/#breadcrumb\",\"itemListElement\":[{\"@type\":\"ListItem\",\"position\":1,\"name\":\"Home\",\"item\":\"https:\/\/universofamilia.com\/el\/\"},{\"@type\":\"ListItem\",\"position\":2,\"name\":\"Dicas de seguran\u00e7a para o sono do beb\u00ea\"}]},{\"@type\":\"WebSite\",\"@id\":\"https:\/\/universofamilia.com\/el\/#website\",\"url\":\"https:\/\/universofamilia.com\/el\/\",\"name\":\"Universo Fam\u00edlia\",\"description\":\"\",\"potentialAction\":[{\"@type\":\"SearchAction\",\"target\":{\"@type\":\"EntryPoint\",\"urlTemplate\":\"https:\/\/universofamilia.com\/el\/?s={search_term_string}\"},\"query-input\":\"required name=search_term_string\"}],\"inLanguage\":\"hu\"}]}<\/script>\n<!-- \/ Yoast SEO plugin. -->","yoast_head_json":{"title":"Dicas de seguran\u00e7a para o sono do beb\u00ea - Universo Fam\u00edlia","description":"Dicas de seguran\u00e7a para o sono do beb\u00ea: escolha do local, posi\u00e7\u00e3o, colch\u00e3o e muito mais A seguran\u00e7a do sono do beb\u00ea \u00e9 uma","robots":{"index":"index","follow":"follow","max-snippet":"max-snippet:-1","max-image-preview":"max-image-preview:large","max-video-preview":"max-video-preview:-1"},"canonical":"https:\/\/universofamilia.com\/hu\/\u09b8\u09cd\u09a5\u09be\u09a8\u09c0\u09af\u09bc-\u09b8\u09cd\u09a5\u09be\u09a8\u09c7-\u09b6\u09bf\u09b6\u09c1\u09b0-\u09a8\u09bf\/","og_locale":"hu_HU","og_type":"article","og_title":"Dicas de seguran\u00e7a para o sono do beb\u00ea - Universo Fam\u00edlia","og_description":"Dicas de seguran\u00e7a para o sono do beb\u00ea: escolha do local, posi\u00e7\u00e3o, colch\u00e3o e muito mais A seguran\u00e7a do sono do beb\u00ea \u00e9 uma","og_url":"https:\/\/universofamilia.com\/hu\/\u09b8\u09cd\u09a5\u09be\u09a8\u09c0\u09af\u09bc-\u09b8\u09cd\u09a5\u09be\u09a8\u09c7-\u09b6\u09bf\u09b6\u09c1\u09b0-\u09a8\u09bf\/","og_site_name":"Universo Fam\u00edlia","article_published_time":"2023-06-05T21:52:15+00:00","og_image":[{"width":448,"height":350,"url":"https:\/\/universofamilia.com\/wp-content\/uploads\/sites\/148\/2023\/06\/FOTO-DESTAQUE-SEGURANCA-DO-BEBE-universo-familia-448x350-.png","type":"image\/png"}],"twitter_card":"summary_large_image","twitter_misc":{"Est. reading time":"6 perc"},"schema":{"@context":"https:\/\/schema.org","@graph":[{"@type":"WebPage","@id":"https:\/\/universofamilia.com\/bn\/\u09b8\u09cd\u09a5\u09be\u09a8\u09c0\u09af\u09bc-\u09b8\u09cd\u09a5\u09be\u09a8\u09c7-\u09b6\u09bf\u09b6\u09c1\u09b0-\u09a8\u09bf\/","url":"https:\/\/universofamilia.com\/bn\/\u09b8\u09cd\u09a5\u09be\u09a8\u09c0\u09af\u09bc-\u09b8\u09cd\u09a5\u09be\u09a8\u09c7-\u09b6\u09bf\u09b6\u09c1\u09b0-\u09a8\u09bf\/","name":"Dicas de seguran\u00e7a para o sono do beb\u00ea - Universo Fam\u00edlia","isPartOf":{"@id":"https:\/\/universofamilia.com\/el\/#website"},"primaryImageOfPage":{"@id":"https:\/\/universofamilia.com\/bn\/\u09b8\u09cd\u09a5\u09be\u09a8\u09c0\u09af\u09bc-\u09b8\u09cd\u09a5\u09be\u09a8\u09c7-\u09b6\u09bf\u09b6\u09c1\u09b0-\u09a8\u09bf\/#primaryimage"},"image":{"@id":"https:\/\/universofamilia.com\/bn\/\u09b8\u09cd\u09a5\u09be\u09a8\u09c0\u09af\u09bc-\u09b8\u09cd\u09a5\u09be\u09a8\u09c7-\u09b6\u09bf\u09b6\u09c1\u09b0-\u09a8\u09bf\/#primaryimage"},"thumbnailUrl":"https:\/\/universofamilia.com\/wp-content\/uploads\/sites\/148\/2023\/06\/FOTO-DESTAQUE-SEGURANCA-DO-BEBE-universo-familia-448x350-.png","datePublished":"2023-06-05T21:52:15+00:00","dateModified":"2023-06-05T21:52:15+00:00","author":{"@id":""},"description":"Dicas de seguran\u00e7a para o sono do beb\u00ea: escolha do local, posi\u00e7\u00e3o, colch\u00e3o e muito mais A seguran\u00e7a do sono do beb\u00ea \u00e9 uma","breadcrumb":{"@id":"https:\/\/universofamilia.com\/bn\/\u09b8\u09cd\u09a5\u09be\u09a8\u09c0\u09af\u09bc-\u09b8\u09cd\u09a5\u09be\u09a8\u09c7-\u09b6\u09bf\u09b6\u09c1\u09b0-\u09a8\u09bf\/#breadcrumb"},"inLanguage":"hu","potentialAction":[{"@type":"ReadAction","target":["https:\/\/universofamilia.com\/bn\/\u09b8\u09cd\u09a5\u09be\u09a8\u09c0\u09af\u09bc-\u09b8\u09cd\u09a5\u09be\u09a8\u09c7-\u09b6\u09bf\u09b6\u09c1\u09b0-\u09a8\u09bf\/"]}]},{"@type":"ImageObject","inLanguage":"hu","@id":"https:\/\/universofamilia.com\/bn\/\u09b8\u09cd\u09a5\u09be\u09a8\u09c0\u09af\u09bc-\u09b8\u09cd\u09a5\u09be\u09a8\u09c7-\u09b6\u09bf\u09b6\u09c1\u09b0-\u09a8\u09bf\/#primaryimage","url":"https:\/\/universofamilia.com\/wp-content\/uploads\/sites\/148\/2023\/06\/FOTO-DESTAQUE-SEGURANCA-DO-BEBE-universo-familia-448x350-.png","contentUrl":"https:\/\/universofamilia.com\/wp-content\/uploads\/sites\/148\/2023\/06\/FOTO-DESTAQUE-SEGURANCA-DO-BEBE-universo-familia-448x350-.png","width":448,"height":350},{"@type":"BreadcrumbList","@id":"https:\/\/universofamilia.com\/bn\/\u09b8\u09cd\u09a5\u09be\u09a8\u09c0\u09af\u09bc-\u09b8\u09cd\u09a5\u09be\u09a8\u09c7-\u09b6\u09bf\u09b6\u09c1\u09b0-\u09a8\u09bf\/#breadcrumb","itemListElement":[{"@type":"ListItem","position":1,"name":"Home","item":"https:\/\/universofamilia.com\/el\/"},{"@type":"ListItem","position":2,"name":"Dicas de seguran\u00e7a para o sono do beb\u00ea"}]},{"@type":"WebSite","@id":"https:\/\/universofamilia.com\/el\/#website","url":"https:\/\/universofamilia.com\/el\/","name":"Universo Fam\u00edlia","description":"","potentialAction":[{"@type":"SearchAction","target":{"@type":"EntryPoint","urlTemplate":"https:\/\/universofamilia.com\/el\/?s={search_term_string}"},"query-input":"required name=search_term_string"}],"inLanguage":"hu"}]}},"_links":{"self":[{"href":"https:\/\/universofamilia.com\/hu\/wp-json\/wp\/v2\/posts\/2236"}],"collection":[{"href":"https:\/\/universofamilia.com\/hu\/wp-json\/wp\/v2\/posts"}],"about":[{"href":"https:\/\/universofamilia.com\/hu\/wp-json\/wp\/v2\/types\/post"}],"replies":[{"embeddable":true,"href":"https:\/\/universofamilia.com\/hu\/wp-json\/wp\/v2\/comments?post=2236"}],"version-history":[{"count":0,"href":"https:\/\/universofamilia.com\/hu\/wp-json\/wp\/v2\/posts\/2236\/revisions"}],"wp:featuredmedia":[{"embeddable":true,"href":"https:\/\/universofamilia.com\/hu\/wp-json\/wp\/v2\/media\/2239"}],"wp:attachment":[{"href":"https:\/\/universofamilia.com\/hu\/wp-json\/wp\/v2\/media?parent=2236"}],"wp:term":[{"taxonomy":"category","embeddable":true,"href":"https:\/\/universofamilia.com\/hu\/wp-json\/wp\/v2\/categories?post=2236"},{"taxonomy":"post_tag","embeddable":true,"href":"https:\/\/universofamilia.com\/hu\/wp-json\/wp\/v2\/tags?post=2236"}],"curies":[{"name":"wp","href":"https:\/\/api.w.org\/{rel}","templated":true}]}}