{"id":2242,"date":"2023-06-05T19:19:36","date_gmt":"2023-06-05T22:19:36","guid":{"rendered":"https:\/\/universofamilia.com\/?p=2242"},"modified":"2023-06-05T19:19:36","modified_gmt":"2023-06-05T22:19:36","slug":"quais-os-ciclos-do-sono-do-bebe","status":"publish","type":"post","link":"https:\/\/universofamilia.com\/hu\/quais-os-ciclos-do-sono-do-bebe\/","title":{"rendered":"Quais, a baba hangciklusai"},"content":{"rendered":"<h3 class=\"wp-block-heading\">Amikor baba alv\u00e1si ciklusokat haszn\u00e1lsz, \u00e9rtsd meg \u00e9s seg\u00edts a kicsinek jobban aludni.<\/h3>\n\n\n\n<p>A baba alv\u00e1si ciklusai elengedhetetlenek az eg\u00e9szs\u00e9ges fejl\u0151d\u00e9sedhez, \u00e9s ahhoz is, hogy orsz\u00e1godban is legyenek pihen\u0151 pillanatok.<\/p>\n\n\n\n<p>Kih\u00edv\u00e1s lehet meg\u00e9rteni, hogyan m\u0171k\u00f6dnek ezek a ciklusok, \u00e9s megfelel\u0151 technik\u00e1kat alkalmazni, hogy seg\u00edts\u00e9k a bab\u00e1t jobban aludni, de t\u00fcrelemmel \u00e9s tud\u00e1ssal lehets\u00e9ges eg\u00e9szs\u00e9ges alv\u00e1si rutint kialak\u00edtani az eg\u00e9sz csal\u00e1d sz\u00e1m\u00e1ra.<\/p>\n\n\n\n<p>Ebben a cikkben megvizsg\u00e1ljuk a baba hangk\u00e9pz\u00e9s\u00e9nek k\u00fcl\u00f6nb\u00f6z\u0151 szakaszait, \u00e9s \u00e9rt\u00e9kes tan\u00e1csokat adunk a folyamat megk\u00f6nny\u00edt\u00e9s\u00e9hez.<\/p>\n\n\n\n<h3 class=\"wp-block-heading\">Olvasd el m\u00e9g:<\/h3>\n\n\n\n<p><a href=\"https:\/\/universofamilia.com\/hu\/meu-bebe-dorme-mal\/\" target=\"_blank\" rel=\"noreferrer noopener\">Rosszul alszik a bab\u00e1m, l\u00e1sd az 5 gyakori hib\u00e1t, amit el kell ker\u00fcln\u00f6d.<\/a><\/p>\n\n\n\n<p><a href=\"https:\/\/universofamilia.com\/hu\/o-que-influencia-o-sono-do-bebe\/\" target=\"_blank\" rel=\"noreferrer noopener\">O Que Influence no Sono do B\u00ea | Ber\u00e7o, k\u00f6z\u00f6s \u00e1gy vagy Montessoriana?<\/a><\/p>\n\n\n\n<p><a href=\"https:\/\/universofamilia.com\/hu\/dicas-de-seguranca-para-o-sono-do-bebe-escolha-do-local-posicao-colchao-e-muito-mais\/\" target=\"_blank\" rel=\"noreferrer noopener\">Biztons\u00e1gi utas\u00edt\u00e1sok a baba fi\u00e1nak: biztons\u00e1gos hely, poz\u00edci\u00f3, matrac \u00e9s m\u00e9g sok m\u00e1s<\/a><\/p>\n\n\n\n<h3 class=\"wp-block-heading\">O ciclo do sono do beb\u00ea<\/h3>\n\n\n\n<p>A baba alv\u00e1si ciklusa k\u00e9t f\u0151 f\u00e1zisb\u00f3l \u00e1ll: a REM alv\u00e1sb\u00f3l (gyors szemmozg\u00e1s) \u00e9s a nem REM alv\u00e1sb\u00f3l.<\/p>\n\n\n<div class=\"wp-block-image\">\n<figure class=\"aligncenter size-full\"><img loading=\"lazy\" decoding=\"async\" width=\"800\" height=\"560\" src=\"http:\/\/universofamilia.com\/wp-content\/uploads\/sites\/148\/2023\/06\/POST-BEBE-SEGURANCA-DO-BEBE-O-UNIVERSO-FAMILIA-2.png\" alt=\"\" class=\"wp-image-2244\" srcset=\"https:\/\/universofamilia.com\/wp-content\/uploads\/sites\/148\/2023\/06\/POST-BEBE-SEGURANCA-DO-BEBE-O-UNIVERSO-FAMILIA-2.png 800w, https:\/\/universofamilia.com\/wp-content\/uploads\/sites\/148\/2023\/06\/POST-BEBE-SEGURANCA-DO-BEBE-O-UNIVERSO-FAMILIA-2-300x210.png 300w, https:\/\/universofamilia.com\/wp-content\/uploads\/sites\/148\/2023\/06\/POST-BEBE-SEGURANCA-DO-BEBE-O-UNIVERSO-FAMILIA-2-768x538.png 768w\" sizes=\"(max-width: 800px) 100vw, 800px\" \/><\/figure><\/div>\n\n\n<p>A REM alv\u00e1s sor\u00e1n az agyi aktivit\u00e1s intenz\u00edvebb, m\u00edg a nem REM alv\u00e1s sor\u00e1n m\u00e9lyebb \u00e9s nyugodtabb az alv\u00e1s.<\/p>\n\n\n\n<h3 class=\"wp-block-heading\">REM alv\u00e1s<\/h3>\n\n\n\n<p>A REM f\u00e1zis elengedhetetlen a baba agy\u00e1nak fejl\u0151d\u00e9s\u00e9hez. Ebben a f\u00e1zisban intenz\u00edv agyi aktivit\u00e1s t\u00f6rt\u00e9nik, hasonl\u00f3an k\u00e9t feln\u0151tt\u00e9hez.<\/p>\n\n\n\n<p>Ez az az \u00e1llapot, amir\u0151l \u00e1lmodunk. REM alv\u00e1s k\u00f6zben a baba szeme gyorsan mozog az egyik oldalr\u00f3l a m\u00e1sikra.<\/p>\n\n\n\n<h3 class=\"wp-block-heading\">Nincs REM<\/h3>\n\n\n\n<p>A nem REM alv\u00e1st lassabb agyi aktivit\u00e1s \u00e9s sz\u00e9lesebb agyhull\u00e1mok jellemzik.<\/p>\n\n\n\n<p>A nem REM alv\u00e1snak h\u00e1rom k\u00fcl\u00f6nb\u00f6z\u0151 szakasza van, a k\u00f6nnyebbt\u0151l a m\u00e9lyebbig. Ez nem egy m\u00e9lyebb \u00e1llapot, vagy nehezebben megjegyezhet\u0151.<\/p>\n\n\n\n<h3 class=\"wp-block-heading\">Hangciklus id\u0151tartama<\/h3>\n\n\n\n<p>A baba alv\u00e1si ciklusai r\u00f6videbbek, mint k\u00e9t feln\u0151tt\u00e9. M\u00edg egy feln\u0151tt k\u00f6r\u00fclbel\u00fcl 90 perc alatt tud v\u00e9gigmenni egy teljes alv\u00e1si cikluson, a csecsem\u0151k 50-60 perces ciklusokon is \u00e1teshetnek.<\/p>\n\n\n\n<p>Ez a k\u00fcl\u00f6nbs\u00e9g magyar\u00e1zza, hogy a bab\u00e1k mi\u00e9rt \u00e9rtenek egyet gyakrabban \u00e9jszaka.<\/p>\n\n\n\n<h3 class=\"wp-block-heading\">K\u00f6vetkeztet\u00e9s<\/h3>\n\n\n\n<p>A baba hangciklusainak meg\u00e9rt\u00e9se \u00e9s a megfelel\u0151 technik\u00e1k alkalmaz\u00e1sa nagyban befoly\u00e1solhatja a hangmin\u0151s\u00e9get mind a baba, mind az orsz\u00e1g sz\u00e1m\u00e1ra.<\/p>\n\n\n\n<p>Alak\u00edtson ki k\u00f6vetkezetes rutint, teremtsen a hangz\u00e1snak kedvez\u0151 k\u00f6rnyezetet, ker\u00fclje a t\u00falzott ingerl\u00e9st lefekv\u00e9s el\u0151tt, figyeljen a hangcs\u00f6veire, biztos\u00edtson megfelel\u0151 t\u00e1pl\u00e1l\u00e9kot, \u00e9s ny\u00fajtson k\u00e9nyelmet \u00e9s biztons\u00e1got olyan strat\u00e9gi\u00e1kkal, amelyek seg\u00edthetnek a baba hangj\u00e1nak jav\u00edt\u00e1s\u00e1ban.<\/p>\n\n\n\n<p>Ne feledkezz\u00fcnk meg arr\u00f3l, hogy minden baba egyedi, ez\u00e9rt sz\u00fcks\u00e9gess\u00e9 v\u00e1lhat a technik\u00e1k egy\u00e9ni ig\u00e9nyekhez val\u00f3 igaz\u00edt\u00e1sa. Legyen t\u00fcrelmes, \u00e9s ne cs\u00fcggedjen, ha a baba hangja nem stabiliz\u00e1l\u00f3dik azonnal.<\/p>\n\n\n\n<p>Az id\u0151 m\u00fal\u00e1s\u00e1val kialak\u00edthat\u00f3 egy eg\u00e9szs\u00e9ges, eg\u00e9szs\u00e9ges rutin az eg\u00e9sz csal\u00e1d sz\u00e1m\u00e1ra.<\/p>\n\n\n\n<p>Kieg\u00e9sz\u00edt\u0151kre \u00e9s ruh\u00e1ra van sz\u00fcks\u00e9gem, conhe\u00e7a | <a href=\"https:\/\/www.luzbaby.com.br\/\" target=\"_blank\" rel=\"noreferrer noopener\">A Luz Baby az egyik legjobb csecsem\u0151term\u00e9keket \u00e1rus\u00edt\u00f3 \u00fczlet. Kattints ide.<\/a><\/p>\n\n\n\n<h3 class=\"wp-block-heading\">Kutat\u00e1si forr\u00e1s<\/h3>\n\n\n\n<p>Cikk \u00edr\u00e1sakor mindig fontos megb\u00edzhat\u00f3 forr\u00e1sokra hivatkozni a tartalom \u00f6ssze\u00e1ll\u00edt\u00e1sakor. \u00cdme n\u00e9h\u00e1ny forr\u00e1s, amelyek seg\u00edts\u00e9g\u00e9vel t\u00f6bbet megtudhat bab\u00e1ja alv\u00e1si ciklusair\u00f3l:<\/p>\n\n\n\n<p>Amerikai Gyermekgy\u00f3gy\u00e1szati Akad\u00e9mia (AAP): Az AAP weboldala \u00e1tfog\u00f3 inform\u00e1ci\u00f3kat k\u00edn\u00e1l a gyermekek eg\u00e9szs\u00e9g\u00e9r\u0151l, bele\u00e9rtve cikkeket \u00e9s bizony\u00edt\u00e9kokon alapul\u00f3 ir\u00e1nyelveket. Az oldal a k\u00f6vetkez\u0151 c\u00edmen \u00e9rhet\u0151 el: https:\/\/www.aap.org\/<\/p>\n\n\n\n<p>Funda\u00e7\u00e3o Nacional do Sono (Nemzeti Alv\u00e1s Alap\u00edtv\u00e1ny): A Nemzeti Alv\u00e1s Alap\u00edtv\u00e1ny egy nonprofit szervezet, amely az alv\u00e1s eg\u00e9szs\u00e9g\u00e9nek el\u0151mozd\u00edt\u00e1s\u00e1ra t\u00f6rekszik. Ez az oldal hasznos inform\u00e1ci\u00f3kat tartalmaz a gyermekek hangjair\u00f3l. Hozz\u00e1f\u00e9r\u00e9s: https:\/\/www.sleepfoundation.org\/<\/p>\n\n\n\n<p>Mayo Klinika: A Mayo Klinika egy elismert orvosi int\u00e9zm\u00e9ny, amely megb\u00edzhat\u00f3 inform\u00e1ci\u00f3kat ny\u00fajt sz\u00e1mos eg\u00e9szs\u00e9g\u00fcgyi t\u00e9m\u00e1ban. A baba ultrahangos ciklusair\u00f3l itt tal\u00e1l inform\u00e1ci\u00f3kat: https:\/\/www.mayoclinic.org\/<\/p>\n\n\n\n<p>Betegs\u00e9gmegel\u0151z\u00e9si \u00e9s J\u00e1rv\u00e1nyv\u00e9delmi K\u00f6zpontok (CDC): A CDC egy sz\u00f6vets\u00e9gi \u00fcgyn\u00f6ks\u00e9g az Egyes\u00fclt \u00c1llamokban, amely megb\u00edzhat\u00f3 inform\u00e1ci\u00f3kat ny\u00fajt az eg\u00e9szs\u00e9gr\u0151l \u00e9s a j\u00f3l\u00e9tr\u0151l. Ez az oldal hasznos forr\u00e1sokat tartalmaz a gyermekek hangjair\u00f3l. Hozz\u00e1f\u00e9r\u00e9s: https:\/\/www.cdc.gov\/<\/p>\n\n\n\n<p>Szakk\u00f6nyvek: Sz\u00e1mos, csecsem\u0151-szonoter\u00e1pi\u00e1s szakemberek \u00e1ltal \u00edrt k\u00f6nyv r\u00e9szletes inform\u00e1ci\u00f3kat ny\u00fajt a baba szonoter\u00e1pi\u00e1s ciklusair\u00f3l. N\u00e9h\u00e1ny n\u00e9pszer\u0171 p\u00e9lda: Richard Ferber \u201eOldjuk meg gyermeke alv\u00e1si probl\u00e9m\u00e1it\u201d c\u00edm\u0171 m\u0171ve \u00e9s Marc Weissbluth \u201eEg\u00e9szs\u00e9ges alv\u00e1si szok\u00e1sok, boldog gyermek\u201d c\u00edm\u0171 m\u0171ve.<\/p>\n\n\n\n<p>Amikor ilyen forr\u00e1sokat haszn\u00e1lsz, \u00fcgyelj a helyes hivatkoz\u00e1sokra \u00e9s a szerz\u0151 jogainak tiszteletben tart\u00e1s\u00e1ra. T\u00f6bb megb\u00edzhat\u00f3 forr\u00e1s keres\u00e9se \u00e9s az inform\u00e1ci\u00f3k kritikai elemz\u00e9se alapvet\u0151 fontoss\u00e1g\u00fa a cikk pontoss\u00e1g\u00e1nak \u00e9s hiteless\u00e9g\u00e9nek garant\u00e1l\u00e1sa \u00e9rdek\u00e9ben.<\/p>","protected":false},"excerpt":{"rendered":"<p>Amikor baba alv\u00e1si ciklusokat haszn\u00e1lsz, \u00e9rtsd meg \u00e9s seg\u00edts a kicsinek jobban aludni.<\/p>\n<p>A baba alv\u00e1si ciklusai elengedhetetlenek az eg\u00e9szs\u00e9ges fejl\u0151d\u00e9sedhez, \u00e9s ahhoz is, hogy orsz\u00e1godban is legyenek pihen\u0151 pillanatok.<\/p>\n<p>Kih\u00edv\u00e1s lehet meg\u00e9rteni, hogyan m\u0171k\u00f6dnek ezek a ciklusok, \u00e9s megfelel\u0151 technik\u00e1kat alkalmazni, hogy seg\u00edts\u00e9k a bab\u00e1t jobban aludni, de t\u00fcrelemmel \u00e9s tud\u00e1ssal lehets\u00e9ges eg\u00e9szs\u00e9ges alv\u00e1si rutint kialak\u00edtani az eg\u00e9sz csal\u00e1d sz\u00e1m\u00e1ra.<\/p>\n<p>Ebben a cikkben megvizsg\u00e1ljuk a baba hangk\u00e9pz\u00e9s\u00e9nek k\u00fcl\u00f6nb\u00f6z\u0151 szakaszait, \u00e9s \u00e9rt\u00e9kes tan\u00e1csokat adunk a folyamat megk\u00f6nny\u00edt\u00e9s\u00e9hez.<\/p>","protected":false},"author":0,"featured_media":2245,"comment_status":"closed","ping_status":"open","sticky":false,"template":"","format":"standard","meta":{"footnotes":""},"categories":[5],"tags":[560,1437,1448],"yoast_head":"<!-- This site is optimized with the Yoast SEO plugin v23.3 - https:\/\/yoast.com\/wordpress\/plugins\/seo\/ -->\n<title>Quais os Ciclos do Sono do Beb\u00ea - Universo Fam\u00edlia<\/title>\n<meta name=\"description\" content=\"Quais os Ciclos do Sono do Beb\u00ea, entenda e Ajude seu Pequeno a Dormir Melhor.\" \/>\n<meta name=\"robots\" content=\"index, follow, max-snippet:-1, max-image-preview:large, max-video-preview:-1\" \/>\n<link rel=\"canonical\" href=\"https:\/\/universofamilia.com\/hu\/quais-os-ciclos-do-sono-do-bebe\/\" \/>\n<meta property=\"og:locale\" content=\"hu_HU\" \/>\n<meta property=\"og:type\" content=\"article\" \/>\n<meta property=\"og:title\" content=\"Quais os Ciclos do Sono do Beb\u00ea - Universo Fam\u00edlia\" \/>\n<meta property=\"og:description\" content=\"Quais os Ciclos do Sono do Beb\u00ea, entenda e Ajude seu Pequeno a Dormir Melhor.\" \/>\n<meta property=\"og:url\" content=\"https:\/\/universofamilia.com\/hu\/quais-os-ciclos-do-sono-do-bebe\/\" \/>\n<meta property=\"og:site_name\" content=\"Universo Fam\u00edlia\" \/>\n<meta property=\"article:published_time\" content=\"2023-06-05T22:19:36+00:00\" \/>\n<meta property=\"og:image\" content=\"https:\/\/universofamilia.com\/wp-content\/uploads\/sites\/148\/2023\/06\/FOTO-DESTAQUE-ciclos-de-sono-do-bebe-universo-familia-448x350-.png\" \/>\n\t<meta property=\"og:image:width\" content=\"448\" \/>\n\t<meta property=\"og:image:height\" content=\"350\" \/>\n\t<meta property=\"og:image:type\" content=\"image\/png\" \/>\n<meta name=\"twitter:card\" content=\"summary_large_image\" \/>\n<meta name=\"twitter:label1\" content=\"Est. reading time\" \/>\n\t<meta name=\"twitter:data1\" content=\"5 perc\" \/>\n<script type=\"application\/ld+json\" class=\"yoast-schema-graph\">{\"@context\":\"https:\/\/schema.org\",\"@graph\":[{\"@type\":\"WebPage\",\"@id\":\"https:\/\/universofamilia.com\/zh_hk\/quais-os-ciclos-do-sono-do-bebe\/\",\"url\":\"https:\/\/universofamilia.com\/zh_hk\/quais-os-ciclos-do-sono-do-bebe\/\",\"name\":\"Quais os Ciclos do Sono do Beb\u00ea - Universo Fam\u00edlia\",\"isPartOf\":{\"@id\":\"https:\/\/universofamilia.com\/el\/#website\"},\"primaryImageOfPage\":{\"@id\":\"https:\/\/universofamilia.com\/zh_hk\/quais-os-ciclos-do-sono-do-bebe\/#primaryimage\"},\"image\":{\"@id\":\"https:\/\/universofamilia.com\/zh_hk\/quais-os-ciclos-do-sono-do-bebe\/#primaryimage\"},\"thumbnailUrl\":\"https:\/\/universofamilia.com\/wp-content\/uploads\/sites\/148\/2023\/06\/FOTO-DESTAQUE-ciclos-de-sono-do-bebe-universo-familia-448x350-.png\",\"datePublished\":\"2023-06-05T22:19:36+00:00\",\"dateModified\":\"2023-06-05T22:19:36+00:00\",\"author\":{\"@id\":\"\"},\"description\":\"Quais os Ciclos do Sono do Beb\u00ea, entenda e Ajude seu Pequeno a Dormir Melhor.\",\"breadcrumb\":{\"@id\":\"https:\/\/universofamilia.com\/zh_hk\/quais-os-ciclos-do-sono-do-bebe\/#breadcrumb\"},\"inLanguage\":\"hu\",\"potentialAction\":[{\"@type\":\"ReadAction\",\"target\":[\"https:\/\/universofamilia.com\/zh_hk\/quais-os-ciclos-do-sono-do-bebe\/\"]}]},{\"@type\":\"ImageObject\",\"inLanguage\":\"hu\",\"@id\":\"https:\/\/universofamilia.com\/zh_hk\/quais-os-ciclos-do-sono-do-bebe\/#primaryimage\",\"url\":\"https:\/\/universofamilia.com\/wp-content\/uploads\/sites\/148\/2023\/06\/FOTO-DESTAQUE-ciclos-de-sono-do-bebe-universo-familia-448x350-.png\",\"contentUrl\":\"https:\/\/universofamilia.com\/wp-content\/uploads\/sites\/148\/2023\/06\/FOTO-DESTAQUE-ciclos-de-sono-do-bebe-universo-familia-448x350-.png\",\"width\":448,\"height\":350},{\"@type\":\"BreadcrumbList\",\"@id\":\"https:\/\/universofamilia.com\/zh_hk\/quais-os-ciclos-do-sono-do-bebe\/#breadcrumb\",\"itemListElement\":[{\"@type\":\"ListItem\",\"position\":1,\"name\":\"Home\",\"item\":\"https:\/\/universofamilia.com\/el\/\"},{\"@type\":\"ListItem\",\"position\":2,\"name\":\"Quais os Ciclos do Sono do Beb\u00ea\"}]},{\"@type\":\"WebSite\",\"@id\":\"https:\/\/universofamilia.com\/el\/#website\",\"url\":\"https:\/\/universofamilia.com\/el\/\",\"name\":\"Universo Fam\u00edlia\",\"description\":\"\",\"potentialAction\":[{\"@type\":\"SearchAction\",\"target\":{\"@type\":\"EntryPoint\",\"urlTemplate\":\"https:\/\/universofamilia.com\/el\/?s={search_term_string}\"},\"query-input\":\"required name=search_term_string\"}],\"inLanguage\":\"hu\"}]}<\/script>\n<!-- \/ Yoast SEO plugin. -->","yoast_head_json":{"title":"Quais os Ciclos do Sono do Beb\u00ea - Universo Fam\u00edlia","description":"Quais os Ciclos do Sono do Beb\u00ea, entenda e Ajude seu Pequeno a Dormir Melhor.","robots":{"index":"index","follow":"follow","max-snippet":"max-snippet:-1","max-image-preview":"max-image-preview:large","max-video-preview":"max-video-preview:-1"},"canonical":"https:\/\/universofamilia.com\/hu\/quais-os-ciclos-do-sono-do-bebe\/","og_locale":"hu_HU","og_type":"article","og_title":"Quais os Ciclos do Sono do Beb\u00ea - Universo Fam\u00edlia","og_description":"Quais os Ciclos do Sono do Beb\u00ea, entenda e Ajude seu Pequeno a Dormir Melhor.","og_url":"https:\/\/universofamilia.com\/hu\/quais-os-ciclos-do-sono-do-bebe\/","og_site_name":"Universo Fam\u00edlia","article_published_time":"2023-06-05T22:19:36+00:00","og_image":[{"width":448,"height":350,"url":"https:\/\/universofamilia.com\/wp-content\/uploads\/sites\/148\/2023\/06\/FOTO-DESTAQUE-ciclos-de-sono-do-bebe-universo-familia-448x350-.png","type":"image\/png"}],"twitter_card":"summary_large_image","twitter_misc":{"Est. reading time":"5 perc"},"schema":{"@context":"https:\/\/schema.org","@graph":[{"@type":"WebPage","@id":"https:\/\/universofamilia.com\/zh_hk\/quais-os-ciclos-do-sono-do-bebe\/","url":"https:\/\/universofamilia.com\/zh_hk\/quais-os-ciclos-do-sono-do-bebe\/","name":"Quais os Ciclos do Sono do Beb\u00ea - Universo Fam\u00edlia","isPartOf":{"@id":"https:\/\/universofamilia.com\/el\/#website"},"primaryImageOfPage":{"@id":"https:\/\/universofamilia.com\/zh_hk\/quais-os-ciclos-do-sono-do-bebe\/#primaryimage"},"image":{"@id":"https:\/\/universofamilia.com\/zh_hk\/quais-os-ciclos-do-sono-do-bebe\/#primaryimage"},"thumbnailUrl":"https:\/\/universofamilia.com\/wp-content\/uploads\/sites\/148\/2023\/06\/FOTO-DESTAQUE-ciclos-de-sono-do-bebe-universo-familia-448x350-.png","datePublished":"2023-06-05T22:19:36+00:00","dateModified":"2023-06-05T22:19:36+00:00","author":{"@id":""},"description":"Quais os Ciclos do Sono do Beb\u00ea, entenda e Ajude seu Pequeno a Dormir Melhor.","breadcrumb":{"@id":"https:\/\/universofamilia.com\/zh_hk\/quais-os-ciclos-do-sono-do-bebe\/#breadcrumb"},"inLanguage":"hu","potentialAction":[{"@type":"ReadAction","target":["https:\/\/universofamilia.com\/zh_hk\/quais-os-ciclos-do-sono-do-bebe\/"]}]},{"@type":"ImageObject","inLanguage":"hu","@id":"https:\/\/universofamilia.com\/zh_hk\/quais-os-ciclos-do-sono-do-bebe\/#primaryimage","url":"https:\/\/universofamilia.com\/wp-content\/uploads\/sites\/148\/2023\/06\/FOTO-DESTAQUE-ciclos-de-sono-do-bebe-universo-familia-448x350-.png","contentUrl":"https:\/\/universofamilia.com\/wp-content\/uploads\/sites\/148\/2023\/06\/FOTO-DESTAQUE-ciclos-de-sono-do-bebe-universo-familia-448x350-.png","width":448,"height":350},{"@type":"BreadcrumbList","@id":"https:\/\/universofamilia.com\/zh_hk\/quais-os-ciclos-do-sono-do-bebe\/#breadcrumb","itemListElement":[{"@type":"ListItem","position":1,"name":"Home","item":"https:\/\/universofamilia.com\/el\/"},{"@type":"ListItem","position":2,"name":"Quais os Ciclos do Sono do Beb\u00ea"}]},{"@type":"WebSite","@id":"https:\/\/universofamilia.com\/el\/#website","url":"https:\/\/universofamilia.com\/el\/","name":"Universo Fam\u00edlia","description":"","potentialAction":[{"@type":"SearchAction","target":{"@type":"EntryPoint","urlTemplate":"https:\/\/universofamilia.com\/el\/?s={search_term_string}"},"query-input":"required name=search_term_string"}],"inLanguage":"hu"}]}},"_links":{"self":[{"href":"https:\/\/universofamilia.com\/hu\/wp-json\/wp\/v2\/posts\/2242"}],"collection":[{"href":"https:\/\/universofamilia.com\/hu\/wp-json\/wp\/v2\/posts"}],"about":[{"href":"https:\/\/universofamilia.com\/hu\/wp-json\/wp\/v2\/types\/post"}],"replies":[{"embeddable":true,"href":"https:\/\/universofamilia.com\/hu\/wp-json\/wp\/v2\/comments?post=2242"}],"version-history":[{"count":0,"href":"https:\/\/universofamilia.com\/hu\/wp-json\/wp\/v2\/posts\/2242\/revisions"}],"wp:featuredmedia":[{"embeddable":true,"href":"https:\/\/universofamilia.com\/hu\/wp-json\/wp\/v2\/media\/2245"}],"wp:attachment":[{"href":"https:\/\/universofamilia.com\/hu\/wp-json\/wp\/v2\/media?parent=2242"}],"wp:term":[{"taxonomy":"category","embeddable":true,"href":"https:\/\/universofamilia.com\/hu\/wp-json\/wp\/v2\/categories?post=2242"},{"taxonomy":"post_tag","embeddable":true,"href":"https:\/\/universofamilia.com\/hu\/wp-json\/wp\/v2\/tags?post=2242"}],"curies":[{"name":"wp","href":"https:\/\/api.w.org\/{rel}","templated":true}]}}