{"id":2309,"date":"2023-06-08T17:15:12","date_gmt":"2023-06-08T20:15:12","guid":{"rendered":"https:\/\/universofamilia.com\/?p=2309"},"modified":"2023-06-08T17:15:12","modified_gmt":"2023-06-08T20:15:12","slug":"a-importancia-de-comemorar-o-dia-dos-namorados","status":"publish","type":"post","link":"https:\/\/universofamilia.com\/hu\/a-importancia-de-comemorar-o-dia-dos-namorados\/","title":{"rendered":"A Valentin-nap meg\u00fcnnepl\u00e9s\u00e9nek fontoss\u00e1ga"},"content":{"rendered":"<p>A Valentin-nap megeml\u00e9kez\u00e9s\u00e9nek fontoss\u00e1ga. A Valentin-nap egy k\u00fcl\u00f6nleges d\u00e1tum, amely az otthonok k\u00f6z\u00f6tti szeretetet \u00e9s egys\u00e9get \u00fcnnepli.<\/p>\n\n\n\n<p>Megjegyzend\u0151, hogy egyesek csup\u00e1n egy kereskedelmi \u00fcnnepnek tekinthetik, val\u00f3j\u00e1ban ennek a d\u00e1tumnak a megeml\u00e9kez\u00e9se jelent\u0151s hat\u00e1ssal lehet a kapcsolatokra.<\/p>\n\n\n\n<p>Ebben a cikkben megvizsg\u00e1ljuk a Valentin-nap meg\u00fcnnepl\u00e9s\u00e9nek fontoss\u00e1g\u00e1t, \u00e9s azt, hogy ez az \u00fcnnep hogyan er\u0151s\u00edtheti a kapcsolatot k\u00f6zted \u00e9s a h\u00e1zast\u00e1rsad k\u00f6z\u00f6tt.<\/p>\n\n\n\n<h4 class=\"wp-block-heading\">Olvasd el m\u00e9g:<\/h4>\n\n\n\n<p><a href=\"https:\/\/universofamilia.com\/hu\/como-surpreender-minha-esposa-no-casamento-dicas-para-criar-memorias-inesqueciveis\/\" target=\"_blank\" rel=\"noreferrer noopener\">Hogyan lepjem meg a feles\u00e9gemet a h\u00e1zass\u00e1gban: Mond\u00e1sok szokatlan eml\u00e9kek felid\u00e9z\u00e9s\u00e9re<\/a><\/p>\n\n\n\n<p><a href=\"https:\/\/universofamilia.com\/hu\/planejamento-financeiro-familiar\/\" target=\"_blank\" rel=\"noreferrer noopener\">Csal\u00e1di p\u00e9nz\u00fcgyi tervez\u00e9s: Biztos\u00edtson boldog j\u00f6v\u0151t csal\u00e1dja sz\u00e1m\u00e1ra<\/a><\/p>\n\n\n\n<p><a href=\"https:\/\/universofamilia.com\/hu\/10-dicas-para-manter-um-relacionamento-saudavel\/\" target=\"_blank\" rel=\"noreferrer noopener\">10 tipp a Saud\u00e1vel-kapcsolat fenntart\u00e1s\u00e1hoz<\/a><\/p>\n\n\n\n<h3 class=\"wp-block-heading\">Mutass szeretetet \u00e9s megbecs\u00fcl\u00e9st<\/h3>\n\n\n<div class=\"wp-block-image\">\n<figure class=\"aligncenter size-full\"><img loading=\"lazy\" decoding=\"async\" width=\"800\" height=\"560\" src=\"http:\/\/universofamilia.com\/wp-content\/uploads\/sites\/148\/2023\/06\/POST-DIA-DOS-NAMORADOS-UNIVERSO-FAMILIA-8.png\" alt=\"\" class=\"wp-image-2320\" srcset=\"https:\/\/universofamilia.com\/wp-content\/uploads\/sites\/148\/2023\/06\/POST-DIA-DOS-NAMORADOS-UNIVERSO-FAMILIA-8.png 800w, https:\/\/universofamilia.com\/wp-content\/uploads\/sites\/148\/2023\/06\/POST-DIA-DOS-NAMORADOS-UNIVERSO-FAMILIA-8-300x210.png 300w, https:\/\/universofamilia.com\/wp-content\/uploads\/sites\/148\/2023\/06\/POST-DIA-DOS-NAMORADOS-UNIVERSO-FAMILIA-8-768x538.png 768w\" sizes=\"(max-width: 800px) 100vw, 800px\" \/><figcaption class=\"wp-element-caption\"><em>Fot\u00f3: (reprodukci\u00f3\/internet)<\/em><\/figcaption><\/figure><\/div>\n\n\n<p>A Valentin-nap meg\u00fcnnepl\u00e9se t\u00f6k\u00e9letes alkalom arra, hogy kifejezd a p\u00e1rod ir\u00e1nti szeretetedet \u00e9s megbecs\u00fcl\u00e9sedet.<\/p>\n\n\n\n<p>Azzal, hogy id\u0151t \u00e9s energi\u00e1t sz\u00e1nsz valami k\u00fcl\u00f6nleges megtervez\u00e9s\u00e9re, megmutatod, hogy \u00e9rt\u00e9keled a kapcsolatot, \u00e9s t\u00f6r\u0151dsz a szeretteiddel.<\/p>\n\n\n\n<p>A romantikus gesztusok, mint p\u00e9ld\u00e1ul a gondosan megv\u00e1lasztott aj\u00e1nd\u00e9kok, szerelmes levelek \u00e9s romantikus meglepet\u00e9sek, seg\u00edthetnek abban, hogy partnered szeretettnek \u00e9s \u00e9rt\u00e9kesnek \u00e9rezze mag\u00e1t.<\/p>\n\n\n\n<h3 class=\"wp-block-heading\">Er\u0151s\u00edtsd az \u00e9rzelmi kapcsolatot<\/h3>\n\n\n<div class=\"wp-block-image\">\n<figure class=\"aligncenter size-full\"><img loading=\"lazy\" decoding=\"async\" width=\"800\" height=\"560\" src=\"http:\/\/universofamilia.com\/wp-content\/uploads\/sites\/148\/2023\/06\/POST-DIA-DOS-NAMORADOS-UNIVERSO-FAMILIA-1-1.png\" alt=\"\" class=\"wp-image-2313\" srcset=\"https:\/\/universofamilia.com\/wp-content\/uploads\/sites\/148\/2023\/06\/POST-DIA-DOS-NAMORADOS-UNIVERSO-FAMILIA-1-1.png 800w, https:\/\/universofamilia.com\/wp-content\/uploads\/sites\/148\/2023\/06\/POST-DIA-DOS-NAMORADOS-UNIVERSO-FAMILIA-1-1-300x210.png 300w, https:\/\/universofamilia.com\/wp-content\/uploads\/sites\/148\/2023\/06\/POST-DIA-DOS-NAMORADOS-UNIVERSO-FAMILIA-1-1-768x538.png 768w\" sizes=\"(max-width: 800px) 100vw, 800px\" \/><figcaption class=\"wp-element-caption\"><em>Fot\u00f3: (reprodukci\u00f3\/internet)<\/em><\/figcaption><\/figure><\/div>\n\n\n<p>A Valentin-nap \u00fcnnepl\u00e9se lehet\u0151s\u00e9get k\u00edn\u00e1l a p\u00e1r k\u00f6z\u00f6tti \u00e9rzelmi k\u00f6tel\u00e9k meger\u0151s\u00edt\u00e9s\u00e9re.<\/p>\n\n\n\n<p>Azzal, hogy min\u0151s\u00e9gi id\u0151t t\u00f6lt\u00f6t\u00f6k egy\u00fctt, megoszthattok \u00e9lm\u00e9nyeket \u00e9s boldog eml\u00e9keket teremthettek, m\u00e9lyebb k\u00f6tel\u00e9ket teremtetek.<\/p>\n\n\n\n<p>Ez a meger\u0151s\u00edtett \u00e9rzelmi kapcsolat seg\u00edthet a p\u00e1rkapcsolati kih\u00edv\u00e1sok lek\u00fczd\u00e9s\u00e9ben, \u00e9s el\u0151seg\u00edtheti a ny\u00edltabb \u00e9s \u0151szint\u00e9bb kommunik\u00e1ci\u00f3t.<\/p>\n\n\n\n<h3 class=\"wp-block-heading\">\u00daj\u00edtson meg egy romantikus b\u00e9k\u00e9t<\/h3>\n\n\n<div class=\"wp-block-image\">\n<figure class=\"aligncenter size-full\"><img loading=\"lazy\" decoding=\"async\" width=\"800\" height=\"560\" src=\"http:\/\/universofamilia.com\/wp-content\/uploads\/sites\/148\/2023\/06\/POST-DIA-DOS-NAMORADOS-UNIVERSO-FAMILIA-4.png\" alt=\"\" class=\"wp-image-2316\" srcset=\"https:\/\/universofamilia.com\/wp-content\/uploads\/sites\/148\/2023\/06\/POST-DIA-DOS-NAMORADOS-UNIVERSO-FAMILIA-4.png 800w, https:\/\/universofamilia.com\/wp-content\/uploads\/sites\/148\/2023\/06\/POST-DIA-DOS-NAMORADOS-UNIVERSO-FAMILIA-4-300x210.png 300w, https:\/\/universofamilia.com\/wp-content\/uploads\/sites\/148\/2023\/06\/POST-DIA-DOS-NAMORADOS-UNIVERSO-FAMILIA-4-768x538.png 768w\" sizes=\"(max-width: 800px) 100vw, 800px\" \/><figcaption class=\"wp-element-caption\"><em>Fot\u00f3: (reprodukci\u00f3\/internet)<\/em><\/figcaption><\/figure><\/div>\n\n\n<p>A mindennapi rutinban sokszor al\u00e1\u00e1shatja a szerelmi viszonyt egy kapcsolatban. A Valentin-nap meg\u00fcnnepl\u00e9se lehet\u0151s\u00e9get ad a szerelem \u00e9s a romantika meg\u00faj\u00edt\u00e1s\u00e1ra.<\/p>\n\n\n\n<p>Egy romantikus gyertyaf\u00e9nyes vacsora megtervez\u00e9se, egy h\u00e9tv\u00e9ge lefoglal\u00e1sa egy k\u00fcl\u00f6nleges helyen, vagy ak\u00e1r egy el\u0151re megtervezett men\u00fc \u00f6ssze\u00e1ll\u00edt\u00e1sa is seg\u00edthet \u00fajra\u00e9leszteni a szerelmi t\u00f6rt\u00e9netet.<\/p>\n\n\n\n<p>Ezek a k\u00fcl\u00f6nleges pillanatok a kapcsolat kezdeti leporol\u00e1s\u00e1ra \u00e9s a romantika \u00e9letben tart\u00e1s\u00e1ra vezethet\u0151k vissza.<\/p>\n\n\n\n<h3 class=\"wp-block-heading\">Alkoss tart\u00f3s eml\u00e9keket<\/h3>\n\n\n\n<p>Mivel a lembran\u00e7\u00e1k olyan kincsek, amelyeket \u00f6r\u00f6kre meg\u0151rizhet\u00fcnk. A Valentin-nap meg\u00fcnnepl\u00e9se lehet\u0151v\u00e9 teszi, hogy tart\u00f3s eml\u00e9keket teremts\u00fcnk.<\/p>\n\n\n\n<p>Legyen sz\u00f3 egy felejthetetlen utaz\u00e1sr\u00f3l, egy izgalmas kalandr\u00f3l vagy egy romantikus otthon t\u00f6lt\u00f6tt est\u00e9r\u0151l, ezek a k\u00fcl\u00f6nleges pillanatok a h\u00e1z t\u00f6rt\u00e9nelm\u00e9nek r\u00e9sz\u00e9v\u00e9 v\u00e1lnak.<\/p>\n\n\n\n<p>A j\u00f6v\u0151ben, amikor visszatekint\u00fcnk, ezek az eml\u00e9kek \u00e9rt\u00e9kes eml\u00e9kek lesznek, amelyek m\u00e9g jobban egyes\u00edtenek majd benneteket.<\/p>\n\n\n\n<h3 class=\"wp-block-heading\">Prioriz\u00e1ld a kapcsolatot<\/h3>\n\n\n<div class=\"wp-block-image\">\n<figure class=\"aligncenter size-full\"><img loading=\"lazy\" decoding=\"async\" width=\"800\" height=\"560\" src=\"http:\/\/universofamilia.com\/wp-content\/uploads\/sites\/148\/2023\/06\/POST-DIA-DOS-NAMORADOS-UNIVERSO-FAMILIA-2.png\" alt=\"\" class=\"wp-image-2310\" srcset=\"https:\/\/universofamilia.com\/wp-content\/uploads\/sites\/148\/2023\/06\/POST-DIA-DOS-NAMORADOS-UNIVERSO-FAMILIA-2.png 800w, https:\/\/universofamilia.com\/wp-content\/uploads\/sites\/148\/2023\/06\/POST-DIA-DOS-NAMORADOS-UNIVERSO-FAMILIA-2-300x210.png 300w, https:\/\/universofamilia.com\/wp-content\/uploads\/sites\/148\/2023\/06\/POST-DIA-DOS-NAMORADOS-UNIVERSO-FAMILIA-2-768x538.png 768w\" sizes=\"(max-width: 800px) 100vw, 800px\" \/><figcaption class=\"wp-element-caption\"><em>Fot\u00f3: (reprodukci\u00f3\/internet)<\/em><\/figcaption><\/figure><\/div>\n\n\n<p>A napr\u00f3l napra val\u00f3 rohan\u00e1s sokszor arra k\u00e9sztet minket, hogy h\u00e1tt\u00e9rbe szor\u00edtsuk a kapcsolatunkat. A Valentin-nap meg\u00fcnnepl\u00e9se egy m\u00f3dja annak, hogy el\u0151t\u00e9rbe helyezz\u00fck a kapcsolatainkat, \u00e9s kiz\u00e1r\u00f3lag a partner\u00fcnkre sz\u00e1njunk id\u0151t.<\/p>\n\n\n\n<p>Ez egy lehet\u0151s\u00e9g arra, hogy \u00fajra kapcsolatba l\u00e9pjetek egym\u00e1ssal, \u00fajra\u00e9rt\u00e9kelj\u00e9tek a priorit\u00e1saitokat, \u00e9s meger\u0151s\u00edts\u00e9tek egym\u00e1s ir\u00e1nti elk\u00f6telezetts\u00e9geteket.<\/p>\n\n\n\n<p>Azzal, hogy id\u0151t fektetsz a min\u0151s\u00e9gbe, megmutatod partnerednek, hogy ez fontos sz\u00e1m\u00e1ra, \u00e9s hogy a kapcsolatotok \u00e1lland\u00f3 figyelmet \u00e9s t\u00f6r\u0151d\u00e9st \u00e9rdemel.<\/p>\n\n\n\n<h3 class=\"wp-block-heading\">Aj\u00e1nd\u00e9k\u00f6tletek<\/h3>\n\n\n\n<h4 class=\"wp-block-heading\">Otthonaink\u00e9rt<\/h4>\n\n\n<div class=\"wp-block-image\">\n<figure class=\"aligncenter size-full\"><img loading=\"lazy\" decoding=\"async\" width=\"800\" height=\"560\" src=\"http:\/\/universofamilia.com\/wp-content\/uploads\/sites\/148\/2023\/06\/POST-DIA-DOS-NAMORADOS-UNIVERSO-FAMILIA-7-1.png\" alt=\"\" class=\"wp-image-2319\" srcset=\"https:\/\/universofamilia.com\/wp-content\/uploads\/sites\/148\/2023\/06\/POST-DIA-DOS-NAMORADOS-UNIVERSO-FAMILIA-7-1.png 800w, https:\/\/universofamilia.com\/wp-content\/uploads\/sites\/148\/2023\/06\/POST-DIA-DOS-NAMORADOS-UNIVERSO-FAMILIA-7-1-300x210.png 300w, https:\/\/universofamilia.com\/wp-content\/uploads\/sites\/148\/2023\/06\/POST-DIA-DOS-NAMORADOS-UNIVERSO-FAMILIA-7-1-768x538.png 768w\" sizes=\"(max-width: 800px) 100vw, 800px\" \/><figcaption class=\"wp-element-caption\"><em>Fot\u00f3: (reprodukci\u00f3\/internet)<\/em><\/figcaption><\/figure><\/div>\n\n\n<p><strong>\u00d3ra<\/strong>Eleg\u00e1ns \u00e9s kifinomult kar\u00f3ra, klasszikus aj\u00e1nd\u00e9k f\u00e9rfiaknak. Amellett, hogy funkcion\u00e1lis, kieg\u00e9sz\u00edt\u0151 is, amely kieg\u00e9sz\u00edti a vizu\u00e1lis megjelen\u00e9st \u00e9s st\u00edlust k\u00f6zvet\u00edt.<\/p>\n\n\n\n<p><strong>Borotv\u00e1lkoz\u00f3k\u00e9szlet<\/strong>A megjelen\u00e9s\u00fckre odafigyelni szeret\u0151 f\u00e9rfiak sz\u00e1m\u00e1ra n\u00e9pszer\u0171 v\u00e1laszt\u00e1s a szak\u00e1ll\u00e1pol\u00f3 k\u00e9szlet. Tartalmazhat szak\u00e1llkef\u00e9t, min\u0151s\u00e9gi szak\u00e1llkr\u00e9met, szak\u00e1llkef\u00e9t \u00e9s egy\u00e9b haj\u00e1pol\u00e1si term\u00e9keket.<\/p>\n\n\n\n<p><strong>Elektronika<\/strong>Sok otthon \u00e9rt\u00e9keli a technol\u00f3gi\u00e1val kapcsolatos aj\u00e1nd\u00e9kokat, p\u00e9ld\u00e1ul a vezet\u00e9k n\u00e9lk\u00fcli f\u00fclhallgat\u00f3kat, elektronikus k\u00fcty\u00fcket, vagy ak\u00e1r egy \u00faj okostelefont vagy t\u00e1blag\u00e9pet.<\/p>\n\n\n\n<h4 class=\"wp-block-heading\">Para mint n\u0151v\u00e9rek<\/h4>\n\n\n<div class=\"wp-block-image\">\n<figure class=\"aligncenter size-full\"><img loading=\"lazy\" decoding=\"async\" width=\"800\" height=\"560\" src=\"http:\/\/universofamilia.com\/wp-content\/uploads\/sites\/148\/2023\/06\/POST-DIA-DOS-NAMORADOS-UNIVERSO-FAMILIA-6.png\" alt=\"\" class=\"wp-image-2318\" srcset=\"https:\/\/universofamilia.com\/wp-content\/uploads\/sites\/148\/2023\/06\/POST-DIA-DOS-NAMORADOS-UNIVERSO-FAMILIA-6.png 800w, https:\/\/universofamilia.com\/wp-content\/uploads\/sites\/148\/2023\/06\/POST-DIA-DOS-NAMORADOS-UNIVERSO-FAMILIA-6-300x210.png 300w, https:\/\/universofamilia.com\/wp-content\/uploads\/sites\/148\/2023\/06\/POST-DIA-DOS-NAMORADOS-UNIVERSO-FAMILIA-6-768x538.png 768w\" sizes=\"(max-width: 800px) 100vw, 800px\" \/><figcaption class=\"wp-element-caption\"><em>Fot\u00f3: (reprodukci\u00f3\/internet)<\/em><\/figcaption><\/figure><\/div>\n\n\n<p><strong>\u00c9kszerek<\/strong>Az \u00e9kszer klasszikus \u00e9s id\u0151tlen aj\u00e1nd\u00e9k a n\u0151k sz\u00e1m\u00e1ra. Lehet nyakl\u00e1nc, gy\u0171r\u0171, kark\u00f6t\u0151 vagy ak\u00e1r f\u00fclbeval\u00f3, a szem\u00e9ly st\u00edlusa \u00e9s preferenci\u00e1i szerint kiv\u00e1lasztva.<\/p>\n\n\n\n<p><strong>Parf\u00fcm\u00f6k<\/strong>A min\u0151s\u00e9gi parf\u00fcm mindig n\u00e9pszer\u0171 v\u00e1laszt\u00e1s a n\u0151k megjelen\u00e9s\u00e9ben. Az elegancia \u00e9s a kifinomults\u00e1g kifejez\u00e9s\u00e9nek egyik m\u00f3dja, valamint egyedi \u00e9rz\u00e9kszervi \u00e9lm\u00e9nyt ny\u00fajt.<\/p>\n\n\n\n<p><strong>Sz\u00e9ps\u00e9gszalon vagy gy\u00f3gyf\u00fcrd\u0151<\/strong>Egy aj\u00e1nd\u00e9k, amely lehet\u0151v\u00e9 teszi a n\u0151 sz\u00e1m\u00e1ra, hogy ellazuljon, gondoskodjon mag\u00e1r\u00f3l, \u00e9s mindig \u00f6r\u00f6met szerezzen mag\u00e1nak. Lehet ez egy utalv\u00e1ny egy wellness napra, egy pihentet\u0151 massz\u00e1zsra vagy egy sz\u00e9ps\u00e9g\u00e1pol\u00e1si kezel\u00e9sre egy neves szalonban.<\/p>\n\n\n\n<p>Fontos kiemelni, hogy ezek csak p\u00e9ld\u00e1k a gyakori aj\u00e1nd\u00e9kokra, az ide\u00e1lis aj\u00e1nd\u00e9k kiv\u00e1laszt\u00e1sakor figyelembe kell venni az egyes szem\u00e9lyek egy\u00e9ni \u00edzl\u00e9s\u00e9t.<\/p>\n\n\n\n<h3 class=\"wp-block-heading\">K\u00f6vetkeztet\u00e9s<\/h3>\n\n\n\n<p>R\u00f6viden, a Szeretet Napj\u00e1nak megeml\u00e9kez\u00e9se az otthonok k\u00f6z\u00f6tti kapcsolatokban sokkal t\u00f6bb, mint egy egyszer\u0171 napt\u00e1ri d\u00e1tum.<\/p>\n\n\n\n<p>Lehet\u0151s\u00e9get ad arra, hogy kimutassuk a szeretet\u00fcnket \u00e9s a megbecs\u00fcl\u00e9s\u00fcnket, meger\u0151s\u00edts\u00fck az \u00e9rzelmi kapcsolatainkat, meg\u00faj\u00edtsuk a szerelmet \u00e9s a romantik\u00e1t, tart\u00f3s eml\u00e9keket teremts\u00fcnk \u00e9s rangsoroljuk a kapcsolatainkat.<\/p>\n\n\n\n<p>Azzal, hogy id\u0151t \u00e9s energi\u00e1t sz\u00e1nsz ennek a k\u00fcl\u00f6nleges d\u00e1tumnak a meg\u00fcnnepl\u00e9s\u00e9re, meger\u0151s\u00edted a partnereiddel val\u00f3 kapcsolatodat, \u00e9s eg\u00e9szs\u00e9gesebb \u00e9s boldogabb kapcsolatot \u00e9p\u00edtesz ki.<\/p>\n\n\n\n<p>Ismerd meg azt is\u00a0<a href=\"https:\/\/www.luzbaby.com.br\/\" target=\"_blank\" rel=\"noreferrer noopener\">A Luz Baby az egyik legjobb csecsem\u0151term\u00e9keket \u00e1rus\u00edt\u00f3 \u00fczlet. Kattints ide.<\/a><\/p>","protected":false},"excerpt":{"rendered":"<p>A Valentin-nap megeml\u00e9kez\u00e9s\u00e9nek fontoss\u00e1ga. A Valentin-nap egy k\u00fcl\u00f6nleges d\u00e1tum, amely az otthonok k\u00f6z\u00f6tti szeretetet \u00e9s egys\u00e9get \u00fcnnepli.<\/p>\n<p>Megjegyzend\u0151, hogy egyesek csup\u00e1n egy kereskedelmi \u00fcnnepnek tekinthetik, val\u00f3j\u00e1ban ennek a d\u00e1tumnak a megeml\u00e9kez\u00e9se jelent\u0151s hat\u00e1ssal lehet a kapcsolatokra.<\/p>\n<p>Ebben a cikkben megvizsg\u00e1ljuk a Valentin-nap meg\u00fcnnepl\u00e9s\u00e9nek fontoss\u00e1g\u00e1t, \u00e9s azt, hogy ez az \u00fcnnep hogyan er\u0151s\u00edtheti a kapcsolatot k\u00f6zted \u00e9s a h\u00e1zast\u00e1rsad k\u00f6z\u00f6tt.<\/p>","protected":false},"author":0,"featured_media":2321,"comment_status":"closed","ping_status":"open","sticky":false,"template":"","format":"standard","meta":{"footnotes":""},"categories":[5],"tags":[29,772,1406],"yoast_head":"<!-- This site is optimized with the Yoast SEO plugin v23.3 - https:\/\/yoast.com\/wordpress\/plugins\/seo\/ -->\n<title>A import\u00e2ncia de comemorar o dia dos Namorados - Universo Fam\u00edlia<\/title>\n<meta name=\"description\" content=\"A import\u00e2ncia de comemorar o dia dos NamoradosO dia dos Namorados \u00e9 uma data especial que celebra o amor e a uni\u00e3o entre casais.\" \/>\n<meta name=\"robots\" content=\"index, follow, max-snippet:-1, max-image-preview:large, max-video-preview:-1\" \/>\n<link rel=\"canonical\" href=\"https:\/\/universofamilia.com\/hu\/a-importancia-de-comemorar-o-dia-dos-namorados\/\" \/>\n<meta property=\"og:locale\" content=\"hu_HU\" \/>\n<meta property=\"og:type\" content=\"article\" \/>\n<meta property=\"og:title\" content=\"A import\u00e2ncia de comemorar o dia dos Namorados - Universo Fam\u00edlia\" \/>\n<meta property=\"og:description\" content=\"A import\u00e2ncia de comemorar o dia dos NamoradosO dia dos Namorados \u00e9 uma data especial que celebra o amor e a uni\u00e3o entre casais.\" \/>\n<meta property=\"og:url\" content=\"https:\/\/universofamilia.com\/hu\/a-importancia-de-comemorar-o-dia-dos-namorados\/\" \/>\n<meta property=\"og:site_name\" content=\"Universo Fam\u00edlia\" \/>\n<meta property=\"article:published_time\" content=\"2023-06-08T20:15:12+00:00\" \/>\n<meta property=\"og:image\" content=\"https:\/\/universofamilia.com\/wp-content\/uploads\/sites\/148\/2023\/06\/FOTO-DESTAQUE-Como-Surpreender-Minha-Esposa-universo-familia-448x350-1-1.png\" \/>\n\t<meta property=\"og:image:width\" content=\"448\" \/>\n\t<meta property=\"og:image:height\" content=\"350\" \/>\n\t<meta property=\"og:image:type\" content=\"image\/png\" \/>\n<meta name=\"twitter:card\" content=\"summary_large_image\" \/>\n<meta name=\"twitter:label1\" content=\"Est. reading time\" \/>\n\t<meta name=\"twitter:data1\" content=\"6 perc\" \/>\n<script type=\"application\/ld+json\" class=\"yoast-schema-graph\">{\"@context\":\"https:\/\/schema.org\",\"@graph\":[{\"@type\":\"WebPage\",\"@id\":\"https:\/\/universofamilia.com\/id\/a-importancia-de-comemorar-o-dia-dos-namorados\/\",\"url\":\"https:\/\/universofamilia.com\/id\/a-importancia-de-comemorar-o-dia-dos-namorados\/\",\"name\":\"A import\u00e2ncia de comemorar o dia dos Namorados - Universo Fam\u00edlia\",\"isPartOf\":{\"@id\":\"http:\/\/universofamilia.com\/zh_hk\/#website\"},\"primaryImageOfPage\":{\"@id\":\"https:\/\/universofamilia.com\/id\/a-importancia-de-comemorar-o-dia-dos-namorados\/#primaryimage\"},\"image\":{\"@id\":\"https:\/\/universofamilia.com\/id\/a-importancia-de-comemorar-o-dia-dos-namorados\/#primaryimage\"},\"thumbnailUrl\":\"https:\/\/universofamilia.com\/wp-content\/uploads\/sites\/148\/2023\/06\/FOTO-DESTAQUE-Como-Surpreender-Minha-Esposa-universo-familia-448x350-1-1.png\",\"datePublished\":\"2023-06-08T20:15:12+00:00\",\"dateModified\":\"2023-06-08T20:15:12+00:00\",\"author\":{\"@id\":\"\"},\"description\":\"A import\u00e2ncia de comemorar o dia dos NamoradosO dia dos Namorados \u00e9 uma data especial que celebra o amor e a uni\u00e3o entre casais.\",\"breadcrumb\":{\"@id\":\"https:\/\/universofamilia.com\/id\/a-importancia-de-comemorar-o-dia-dos-namorados\/#breadcrumb\"},\"inLanguage\":\"hu\",\"potentialAction\":[{\"@type\":\"ReadAction\",\"target\":[\"https:\/\/universofamilia.com\/id\/a-importancia-de-comemorar-o-dia-dos-namorados\/\"]}]},{\"@type\":\"ImageObject\",\"inLanguage\":\"hu\",\"@id\":\"https:\/\/universofamilia.com\/id\/a-importancia-de-comemorar-o-dia-dos-namorados\/#primaryimage\",\"url\":\"https:\/\/universofamilia.com\/wp-content\/uploads\/sites\/148\/2023\/06\/FOTO-DESTAQUE-Como-Surpreender-Minha-Esposa-universo-familia-448x350-1-1.png\",\"contentUrl\":\"https:\/\/universofamilia.com\/wp-content\/uploads\/sites\/148\/2023\/06\/FOTO-DESTAQUE-Como-Surpreender-Minha-Esposa-universo-familia-448x350-1-1.png\",\"width\":448,\"height\":350},{\"@type\":\"BreadcrumbList\",\"@id\":\"https:\/\/universofamilia.com\/id\/a-importancia-de-comemorar-o-dia-dos-namorados\/#breadcrumb\",\"itemListElement\":[{\"@type\":\"ListItem\",\"position\":1,\"name\":\"Home\",\"item\":\"http:\/\/universofamilia.com\/zh_hk\/\"},{\"@type\":\"ListItem\",\"position\":2,\"name\":\"A import\u00e2ncia de comemorar o dia dos Namorados\"}]},{\"@type\":\"WebSite\",\"@id\":\"http:\/\/universofamilia.com\/zh_hk\/#website\",\"url\":\"http:\/\/universofamilia.com\/zh_hk\/\",\"name\":\"Universo Fam\u00edlia\",\"description\":\"\",\"potentialAction\":[{\"@type\":\"SearchAction\",\"target\":{\"@type\":\"EntryPoint\",\"urlTemplate\":\"http:\/\/universofamilia.com\/zh_hk\/?s={search_term_string}\"},\"query-input\":\"required name=search_term_string\"}],\"inLanguage\":\"hu\"}]}<\/script>\n<!-- \/ Yoast SEO plugin. -->","yoast_head_json":{"title":"A import\u00e2ncia de comemorar o dia dos Namorados - Universo Fam\u00edlia","description":"A import\u00e2ncia de comemorar o dia dos NamoradosO dia dos Namorados \u00e9 uma data especial que celebra o amor e a uni\u00e3o entre casais.","robots":{"index":"index","follow":"follow","max-snippet":"max-snippet:-1","max-image-preview":"max-image-preview:large","max-video-preview":"max-video-preview:-1"},"canonical":"https:\/\/universofamilia.com\/hu\/a-importancia-de-comemorar-o-dia-dos-namorados\/","og_locale":"hu_HU","og_type":"article","og_title":"A import\u00e2ncia de comemorar o dia dos Namorados - Universo Fam\u00edlia","og_description":"A import\u00e2ncia de comemorar o dia dos NamoradosO dia dos Namorados \u00e9 uma data especial que celebra o amor e a uni\u00e3o entre casais.","og_url":"https:\/\/universofamilia.com\/hu\/a-importancia-de-comemorar-o-dia-dos-namorados\/","og_site_name":"Universo Fam\u00edlia","article_published_time":"2023-06-08T20:15:12+00:00","og_image":[{"width":448,"height":350,"url":"https:\/\/universofamilia.com\/wp-content\/uploads\/sites\/148\/2023\/06\/FOTO-DESTAQUE-Como-Surpreender-Minha-Esposa-universo-familia-448x350-1-1.png","type":"image\/png"}],"twitter_card":"summary_large_image","twitter_misc":{"Est. reading time":"6 perc"},"schema":{"@context":"https:\/\/schema.org","@graph":[{"@type":"WebPage","@id":"https:\/\/universofamilia.com\/id\/a-importancia-de-comemorar-o-dia-dos-namorados\/","url":"https:\/\/universofamilia.com\/id\/a-importancia-de-comemorar-o-dia-dos-namorados\/","name":"A import\u00e2ncia de comemorar o dia dos Namorados - Universo Fam\u00edlia","isPartOf":{"@id":"http:\/\/universofamilia.com\/zh_hk\/#website"},"primaryImageOfPage":{"@id":"https:\/\/universofamilia.com\/id\/a-importancia-de-comemorar-o-dia-dos-namorados\/#primaryimage"},"image":{"@id":"https:\/\/universofamilia.com\/id\/a-importancia-de-comemorar-o-dia-dos-namorados\/#primaryimage"},"thumbnailUrl":"https:\/\/universofamilia.com\/wp-content\/uploads\/sites\/148\/2023\/06\/FOTO-DESTAQUE-Como-Surpreender-Minha-Esposa-universo-familia-448x350-1-1.png","datePublished":"2023-06-08T20:15:12+00:00","dateModified":"2023-06-08T20:15:12+00:00","author":{"@id":""},"description":"A import\u00e2ncia de comemorar o dia dos NamoradosO dia dos Namorados \u00e9 uma data especial que celebra o amor e a uni\u00e3o entre casais.","breadcrumb":{"@id":"https:\/\/universofamilia.com\/id\/a-importancia-de-comemorar-o-dia-dos-namorados\/#breadcrumb"},"inLanguage":"hu","potentialAction":[{"@type":"ReadAction","target":["https:\/\/universofamilia.com\/id\/a-importancia-de-comemorar-o-dia-dos-namorados\/"]}]},{"@type":"ImageObject","inLanguage":"hu","@id":"https:\/\/universofamilia.com\/id\/a-importancia-de-comemorar-o-dia-dos-namorados\/#primaryimage","url":"https:\/\/universofamilia.com\/wp-content\/uploads\/sites\/148\/2023\/06\/FOTO-DESTAQUE-Como-Surpreender-Minha-Esposa-universo-familia-448x350-1-1.png","contentUrl":"https:\/\/universofamilia.com\/wp-content\/uploads\/sites\/148\/2023\/06\/FOTO-DESTAQUE-Como-Surpreender-Minha-Esposa-universo-familia-448x350-1-1.png","width":448,"height":350},{"@type":"BreadcrumbList","@id":"https:\/\/universofamilia.com\/id\/a-importancia-de-comemorar-o-dia-dos-namorados\/#breadcrumb","itemListElement":[{"@type":"ListItem","position":1,"name":"Home","item":"http:\/\/universofamilia.com\/zh_hk\/"},{"@type":"ListItem","position":2,"name":"A import\u00e2ncia de comemorar o dia dos Namorados"}]},{"@type":"WebSite","@id":"http:\/\/universofamilia.com\/zh_hk\/#website","url":"http:\/\/universofamilia.com\/zh_hk\/","name":"Universo Fam\u00edlia","description":"","potentialAction":[{"@type":"SearchAction","target":{"@type":"EntryPoint","urlTemplate":"http:\/\/universofamilia.com\/zh_hk\/?s={search_term_string}"},"query-input":"required name=search_term_string"}],"inLanguage":"hu"}]}},"_links":{"self":[{"href":"https:\/\/universofamilia.com\/hu\/wp-json\/wp\/v2\/posts\/2309"}],"collection":[{"href":"https:\/\/universofamilia.com\/hu\/wp-json\/wp\/v2\/posts"}],"about":[{"href":"https:\/\/universofamilia.com\/hu\/wp-json\/wp\/v2\/types\/post"}],"replies":[{"embeddable":true,"href":"https:\/\/universofamilia.com\/hu\/wp-json\/wp\/v2\/comments?post=2309"}],"version-history":[{"count":0,"href":"https:\/\/universofamilia.com\/hu\/wp-json\/wp\/v2\/posts\/2309\/revisions"}],"wp:featuredmedia":[{"embeddable":true,"href":"https:\/\/universofamilia.com\/hu\/wp-json\/wp\/v2\/media\/2321"}],"wp:attachment":[{"href":"https:\/\/universofamilia.com\/hu\/wp-json\/wp\/v2\/media?parent=2309"}],"wp:term":[{"taxonomy":"category","embeddable":true,"href":"https:\/\/universofamilia.com\/hu\/wp-json\/wp\/v2\/categories?post=2309"},{"taxonomy":"post_tag","embeddable":true,"href":"https:\/\/universofamilia.com\/hu\/wp-json\/wp\/v2\/tags?post=2309"}],"curies":[{"name":"wp","href":"https:\/\/api.w.org\/{rel}","templated":true}]}}