{"id":2359,"date":"2023-06-10T21:30:12","date_gmt":"2023-06-11T00:30:12","guid":{"rendered":"https:\/\/universofamilia.com\/?p=2359"},"modified":"2025-01-28T15:03:22","modified_gmt":"2025-01-28T15:03:22","slug":"10-dicas-funcionais-para-monta-um-quarto-de-bebe-funcional","status":"publish","type":"post","link":"https:\/\/universofamilia.com\/hu\/10-dicas-funcionais-para-monta-um-quarto-de-bebe-funcional\/","title":{"rendered":"10 praktikus tipp a babaszoba berendez\u00e9s\u00e9hez"},"content":{"rendered":"<p>Bem-vinda (o) a babaszoba berendez\u00e9s\u00e9nek var\u00e1zslatos pillanata! N\u00e9zd meg a 10 praktikus \u00f6tletet a babaszoba \u00f6sszeszerel\u00e9s\u00e9hez.<\/p>\n\n\n\n<p>Ebben az \u00fatmutat\u00f3ban megosztunk n\u00e9h\u00e1ny alapvet\u0151 dolgot, hogy funkcion\u00e1lis \u00e9s b\u00e1jos k\u00f6rnyezetet teremthess a kis kincsednek.<\/p>\n\n\n\n<p>A t\u00e9mav\u00e1laszt\u00e1st\u00f3l a szem\u00e9lyre szabott r\u00e9szletekig k\u00f6vesd ir\u00e1nyelveinket, hogy ez a t\u00e9r egyedi \u00e9s h\u00edvogat\u00f3 legyen.<\/p>\n\n\n\n<p>A v\u00e9g\u00e9n lesz egy b\u00f3nusz, ami sokat fog seg\u00edteni.<\/p>\n\n\n<div class=\"wp-block-image\">\n<figure class=\"aligncenter size-full\"><img loading=\"lazy\" decoding=\"async\" width=\"800\" height=\"560\" src=\"http:\/\/universofamilia.com\/wp-content\/uploads\/sites\/148\/2023\/06\/POST-10-Dicas-Funcionais-para-Montar-um-Quarto-de-Bebe-Funcional-UNIVERSO-FAMILIA-5.png\" alt=\"\" class=\"wp-image-2365\" srcset=\"https:\/\/universofamilia.com\/wp-content\/uploads\/sites\/148\/2023\/06\/POST-10-Dicas-Funcionais-para-Montar-um-Quarto-de-Bebe-Funcional-UNIVERSO-FAMILIA-5.png 800w, https:\/\/universofamilia.com\/wp-content\/uploads\/sites\/148\/2023\/06\/POST-10-Dicas-Funcionais-para-Montar-um-Quarto-de-Bebe-Funcional-UNIVERSO-FAMILIA-5-300x210.png 300w, https:\/\/universofamilia.com\/wp-content\/uploads\/sites\/148\/2023\/06\/POST-10-Dicas-Funcionais-para-Montar-um-Quarto-de-Bebe-Funcional-UNIVERSO-FAMILIA-5-768x538.png 768w\" sizes=\"(max-width: 800px) 100vw, 800px\" \/><figcaption class=\"wp-element-caption\"><em>Fot\u00f3: (reprodukci\u00f3\/internet)<\/em><\/figcaption><\/figure><\/div>\n\n\n<h3 class=\"wp-block-heading\">Olvasd el m\u00e9g:<\/h3>\n\n\n\n<p><a href=\"https:\/\/universofamilia.com\/hu\/o-que-influencia-o-sono-do-bebe\/\" target=\"_blank\" rel=\"noreferrer noopener\">O Que Influence no Sono do B\u00ea | Ber\u00e7o, k\u00f6z\u00f6s \u00e1gy vagy Montessoriana?<\/a><\/p>\n\n\n\n<p><a href=\"https:\/\/universofamilia.com\/hu\/dicas-de-seguranca-para-o-sono-do-bebe-escolha-do-local-posicao-colchao-e-muito-mais\/\" target=\"_blank\" rel=\"noreferrer noopener\">Biztons\u00e1gi utas\u00edt\u00e1sok a baba fi\u00e1nak: biztons\u00e1gos hely, poz\u00edci\u00f3, matrac \u00e9s m\u00e9g sok m\u00e1s<\/a><\/p>\n\n\n\n<h3 class=\"wp-block-heading\">T\u00e9ma \u00e9s st\u00edlus kiv\u00e1laszt\u00e1sa<\/h3>\n\n\n\n<p>A szoba tervez\u00e9s\u00e9nek megkezd\u00e9sekor fontos, hogy olyan t\u00e9m\u00e1t \u00e9s st\u00edlust v\u00e1lasszunk, amely harm\u00f3ni\u00e1t \u00e9s b\u00e9k\u00e9t k\u00f6zvet\u00edt.<\/p>\n\n\n\n<p>Ez\u00e9rt vedd figyelembe csal\u00e1dod szem\u00e9lyis\u00e9g\u00e9t, \u00e9s v\u00e1lassz egy olyan dekor\u00e1ci\u00f3t, amely b\u00e1jos \u00e9s mag\u00e1val ragad\u00f3 a hercegn\u0151d sz\u00e1m\u00e1ra.<\/p>\n\n\n\n<h3 class=\"wp-block-heading\">Magok \u00e9s dekor\u00e1ci\u00f3<\/h3>\n\n\n\n<p>Ezek a magok kulcsfontoss\u00e1g\u00fa szerepet j\u00e1tszanak a nyugodt k\u00f6rnyezet megteremt\u00e9s\u00e9ben. V\u00e1lasszon l\u00e1gy sz\u00edneket, p\u00e9ld\u00e1ul pasztellr\u00f3zsasz\u00ednt, orgonasz\u00ednt vagy babak\u00e9ket a falak fest\u00e9s\u00e9hez.<\/p>\n\n\n\n<p>Kombin\u00e1ld tematikus d\u00edsz\u00edt\u0151elemekkel, p\u00e9ld\u00e1ul pel\u00facia bogarakkal, felh\u0151kkel \u00e9s csillagokkal.<\/p>\n\n\n\n<h3 class=\"wp-block-heading\">Alapvet\u0151 b\u00fatorok<\/h3>\n\n\n<div class=\"wp-block-image\">\n<figure class=\"aligncenter size-full\"><img loading=\"lazy\" decoding=\"async\" width=\"800\" height=\"560\" src=\"http:\/\/universofamilia.com\/wp-content\/uploads\/sites\/148\/2023\/06\/POST-10-Dicas-Funcionais-para-Montar-um-Quarto-de-Bebe-Funcional-UNIVERSO-FAMILIA-1.png\" alt=\"\" class=\"wp-image-2361\" srcset=\"https:\/\/universofamilia.com\/wp-content\/uploads\/sites\/148\/2023\/06\/POST-10-Dicas-Funcionais-para-Montar-um-Quarto-de-Bebe-Funcional-UNIVERSO-FAMILIA-1.png 800w, https:\/\/universofamilia.com\/wp-content\/uploads\/sites\/148\/2023\/06\/POST-10-Dicas-Funcionais-para-Montar-um-Quarto-de-Bebe-Funcional-UNIVERSO-FAMILIA-1-300x210.png 300w, https:\/\/universofamilia.com\/wp-content\/uploads\/sites\/148\/2023\/06\/POST-10-Dicas-Funcionais-para-Montar-um-Quarto-de-Bebe-Funcional-UNIVERSO-FAMILIA-1-768x538.png 768w\" sizes=\"(max-width: 800px) 100vw, 800px\" \/><figcaption class=\"wp-element-caption\"><em>Fot\u00f3: (reprodukci\u00f3\/internet)<\/em><\/figcaption><\/figure><\/div>\n\n\n<p>A mozg\u00e1sod elengedhetetlen egy funkcion\u00e1lis szob\u00e1hoz. Fektess be egy k\u00e9nyelmes \u00e9s biztons\u00e1gos t\u00e1rol\u00f3ba, egy t\u00e1gas kom\u00f3dba a ruh\u00e1k \u00e9s szokny\u00e1k t\u00e1rol\u00e1s\u00e1ra, \u00e9s egy okos elv\u00e1laszt\u00f3kkal ell\u00e1tott ruha\u00e1llv\u00e1nyba a baba holmijainak rendszerez\u00e9s\u00e9hez.<\/p>\n\n\n\n<h3 class=\"wp-block-heading\">Vil\u00e1g\u00edt\u00e1s \u00e9s szell\u0151z\u00e9s<\/h3>\n\n\n\n<p>A megfelel\u0151 vil\u00e1g\u00edt\u00e1s hangulatos \u00e9s pihentet\u0151 l\u00e9gk\u00f6rt biztos\u00edt. V\u00e1lasszon l\u00e1gy, \u00e1ll\u00edthat\u00f3 f\u00e9ny\u0171 l\u00e1mp\u00e1kat, amelyek ide\u00e1lisak az \u00e9jszakai szoptat\u00e1si pillanatokhoz.<\/p>\n\n\n\n<p>Ezenk\u00edv\u00fcl gy\u0151z\u0151dj\u00f6n meg r\u00f3la, hogy f\u00fcgg\u00f6ny\u00f6k vagy rol\u00f3k vannak, amelyek blokkolj\u00e1k a f\u00e9nyt \u00e9s garant\u00e1lj\u00e1k a baba mag\u00e1n\u00e9let\u00e9t.<\/p>\n\n\n\n<h3 class=\"wp-block-heading\">Szervez\u00e9s \u00e9s t\u00e1rol\u00e1s<\/h3>\n\n\n\n<p>A szoba rendben tart\u00e1sa elengedhetetlen a baba mindennapjainak megk\u00f6nny\u00edt\u00e9s\u00e9hez. Haszn\u00e1lj polcokat \u00e9s f\u00fclk\u00e9ket dekorat\u00edv t\u00e1rgyak \u00e9s j\u00e1t\u00e9kok elhelyez\u00e9s\u00e9re. A rendszerez\u0151 dobozok \u00e9s kosarak t\u00f6k\u00e9letesek ruh\u00e1k, ruhadarabok \u00e9s kieg\u00e9sz\u00edt\u0151k t\u00e1rol\u00e1s\u00e1ra, \u00edgy minden k\u00e9zn\u00e9l van.<\/p>\n\n\n<div class=\"wp-block-image\">\n<figure class=\"aligncenter size-full\"><img loading=\"lazy\" decoding=\"async\" width=\"800\" height=\"560\" src=\"http:\/\/universofamilia.com\/wp-content\/uploads\/sites\/148\/2023\/06\/POST-10-Dicas-Funcionais-para-Montar-um-Quarto-de-Bebe-Funcional-UNIVERSO-FAMILIA-2.png\" alt=\"\" class=\"wp-image-2362\" srcset=\"https:\/\/universofamilia.com\/wp-content\/uploads\/sites\/148\/2023\/06\/POST-10-Dicas-Funcionais-para-Montar-um-Quarto-de-Bebe-Funcional-UNIVERSO-FAMILIA-2.png 800w, https:\/\/universofamilia.com\/wp-content\/uploads\/sites\/148\/2023\/06\/POST-10-Dicas-Funcionais-para-Montar-um-Quarto-de-Bebe-Funcional-UNIVERSO-FAMILIA-2-300x210.png 300w, https:\/\/universofamilia.com\/wp-content\/uploads\/sites\/148\/2023\/06\/POST-10-Dicas-Funcionais-para-Montar-um-Quarto-de-Bebe-Funcional-UNIVERSO-FAMILIA-2-768x538.png 768w\" sizes=\"(max-width: 800px) 100vw, 800px\" \/><figcaption class=\"wp-element-caption\"><em>Fot\u00f3: (reprodukci\u00f3\/internet)<\/em><\/figcaption><\/figure><\/div>\n\n\n<h3 class=\"wp-block-heading\">Biztons\u00e1g \u00e9s praktikum<\/h3>\n\n\n\n<p>A szoba berendez\u00e9sekor mindig a baba biztons\u00e1g\u00e1t kell szem el\u0151tt tartani.<\/p>\n\n\n\n<p>A balesetek elker\u00fcl\u00e9se \u00e9rdek\u00e9ben felt\u00e9tlen\u00fcl szereljen fel konnektorv\u00e9d\u0151ket, biztons\u00e1gi z\u00e1rakat a fi\u00f3kokra \u00e9s szekr\u00e9nyekre, \u00e9s t\u00e1vol\u00edtsa el a lekerek\u00edtett sz\u00e9l\u0171 b\u00fatorokat.<\/p>\n\n\n\n<p>Ezenk\u00edv\u00fcl tartsa t\u00e1vol a vegyszereket \u00e9s az \u00e9les t\u00e1rgyakat a bab\u00e1t\u00f3l, biztos\u00edtva a biztons\u00e1gos \u00e9s praktikus k\u00f6rnyezetet.<\/p>\n\n\n\n<h3 class=\"wp-block-heading\">Szem\u00e9lyre szabott r\u00e9szletek<\/h3>\n\n\n\n<p>Dobj k\u00fcl\u00f6nleges hangulatot a baba szob\u00e1j\u00e1ba szem\u00e9lyre szabott r\u00e9szletekkel<\/p>\n\n\n\n<p>A poik, a finom k\u00e9pekkel d\u00edsz\u00edtett dekorat\u00edv festm\u00e9nyek, a csal\u00e1di fot\u00f3k \u00e9s az anjinho nev\u00e9vel ell\u00e1tott plakettek egyedi b\u00e1jt k\u00f6lcs\u00f6n\u00f6znek a k\u00f6rnyezetnek. \u00cdgy a puha p\u00e1rn\u00e1k \u00e9s sz\u0151nyegek k\u00e9nyelmet \u00e9s otthonoss\u00e1got biztos\u00edtanak.<\/p>\n\n\n\n<h3 class=\"wp-block-heading\">Szoptat\u00f3 menza<\/h3>\n\n\n<div class=\"wp-block-image\">\n<figure class=\"aligncenter size-full\"><img loading=\"lazy\" decoding=\"async\" width=\"800\" height=\"560\" src=\"http:\/\/universofamilia.com\/wp-content\/uploads\/sites\/148\/2023\/06\/POST-10-Dicas-Funcionais-para-Montar-um-Quarto-de-Bebe-Funcional-UNIVERSO-FAMILIA-3.png\" alt=\"\" class=\"wp-image-2363\" srcset=\"https:\/\/universofamilia.com\/wp-content\/uploads\/sites\/148\/2023\/06\/POST-10-Dicas-Funcionais-para-Montar-um-Quarto-de-Bebe-Funcional-UNIVERSO-FAMILIA-3.png 800w, https:\/\/universofamilia.com\/wp-content\/uploads\/sites\/148\/2023\/06\/POST-10-Dicas-Funcionais-para-Montar-um-Quarto-de-Bebe-Funcional-UNIVERSO-FAMILIA-3-300x210.png 300w, https:\/\/universofamilia.com\/wp-content\/uploads\/sites\/148\/2023\/06\/POST-10-Dicas-Funcionais-para-Montar-um-Quarto-de-Bebe-Funcional-UNIVERSO-FAMILIA-3-768x538.png 768w\" sizes=\"(max-width: 800px) 100vw, 800px\" \/><figcaption class=\"wp-element-caption\"><em>Fot\u00f3: (reprodukci\u00f3\/internet)<\/em><\/figcaption><\/figure><\/div>\n\n\n<p>A cumis\u00fcveg beszerel\u00e9se elengedhetetlen a bab\u00e1val val\u00f3 k\u00f6tel\u00e9k meger\u0151s\u00edt\u00e9s\u00e9hez. Fektess be egy k\u00e9nyelmes \u00e9s ergonomikus sz\u00e9kbe, ahol ellazulhatsz szop\u00e1s k\u00f6zben.<\/p>\n\n\n\n<p>A szoptat\u00f3s p\u00e1rna megfelel\u0151 t\u00e1maszt ny\u00fajt a bab\u00e1nak, \u00edgy ez a pillanat b\u00e9k\u00e9sebb\u00e9 v\u00e1lik. R\u00f6viden, sz\u00f3 sem lehet arr\u00f3l, hogy prateleira-t vagy kieg\u00e9sz\u00edt\u0151ket, p\u00e9ld\u00e1ul cumis\u00fcvegeket \u00e9s ken\u0151cs\u00f6ket adjunk hozz\u00e1.<\/p>\n\n\n\n<h3 class=\"wp-block-heading\">K\u00f6vetkeztet\u00e9s<\/h3>\n\n\n\n<p>A babaszoba berendez\u00e9se izgalmas pillanat, \u00e9s minden v\u00e1rakoz\u00e1st fel\u00fclm\u00fal. Ha k\u00f6veted ezt a 10 m\u0171k\u00f6d\u0151 l\u00e9p\u00e9st, k\u00e9nyelmes, biztons\u00e1gos \u00e9s funkcion\u00e1lis teret teremthetsz a kis kincsednek.<\/p>\n\n\n\n<p>Assim, k\u00f6ztudott, hogy minden r\u00e9szlet fontos, a puha magokt\u00f3l a praktikus \u00e9s szem\u00e9lyre szabott mozdulatokig.<\/p>\n\n\n\n<p>Haszn\u00e1ld ki ezt a k\u00fcl\u00f6nleges pillanatot, \u00e9s k\u00e9sz\u00fclj fel arra, hogy egy szeretetteljes \u00e9s gondoskod\u00f3 k\u00f6rnyezetben fogadhatod a bab\u00e1dat.<\/p>\n\n\n\n<h3 class=\"wp-block-heading\">B\u00f3nusz \u2013 Az orsz\u00e1gok leggyakrabban feltett k\u00e9rd\u00e9sei<\/h3>\n\n\n\n<p><strong>1. Hogyan rendezhetek be egy babaszob\u00e1t egy kis helyen?<\/strong><\/p>\n\n\n\n<p>Egy kis szob\u00e1ban a hely optim\u00e1lis kihaszn\u00e1l\u00e1s\u00e1hoz v\u00e1lasszon multifunkcion\u00e1lis b\u00fatorokat, p\u00e9ld\u00e1ul be\u00e9p\u00edtett fi\u00f3kos polcokat \u00e9s fi\u00f3kos kom\u00f3dokat, amelyek t\u00e1rol\u00f3egys\u00e9gk\u00e9nt is funkcion\u00e1lnak. V\u00e9g\u00fcl haszn\u00e1ljon polcokat \u00e9s f\u00fclk\u00e9ket a falakban a helytakar\u00e9koss\u00e1g \u00e9rdek\u00e9ben.<\/p>\n\n\n\n<p><strong>2. Mennyire fontos a tart\u00f3s \u00e9s biztons\u00e1gos j\u00e1rm\u0171vek kiv\u00e1laszt\u00e1sa?<\/strong><\/p>\n\n\n\n<p>A tart\u00f3s \u00e9s biztons\u00e1gos szerkezetek garant\u00e1lj\u00e1k a bab\u00e1k biztons\u00e1g\u00e1t \u00e9s a k\u00e9t szerkezet hossz\u00fa \u00e9lettartam\u00e1t. Ek\u00f6zben gy\u0151z\u0151dj\u00f6n meg arr\u00f3l, hogy biztons\u00e1gi tan\u00fas\u00edtv\u00e1nnyal rendelkez\u0151 \u00e9s min\u0151s\u00e9gi anyagokb\u00f3l k\u00e9sz\u00fclt term\u00e9keket v\u00e1laszt, amelyek ellen\u00e1llnak a mindennapi haszn\u00e1latnak.<\/p>\n\n\n\n<p><strong>3. Melyik magok a legalkalmasabbak a baba szob\u00e1j\u00e1ba?<\/strong><\/p>\n\n\n\n<p>A l\u00e1gy sz\u00ednek, mint p\u00e9ld\u00e1ul a pasztellr\u00f3zsasz\u00edn, a lila, a babak\u00e9k \u00e9s a semleges t\u00f3nusok nyugodt \u00e9s pihentet\u0151 l\u00e9gk\u00f6rt teremtenek. Ker\u00fcld a vibr\u00e1l\u00f3 magokat, mivel ezek t\u00fals\u00e1gosan stimul\u00e1lhatj\u00e1k a bab\u00e1t.<\/p>\n\n\n\n<p><strong>4. Mire kell figyelnem egy \u00e1pol\u00e1si cantinho l\u00e9trehoz\u00e1sakor?<\/strong><\/p>\n\n\n\n<p>Egy k\u00e9nyelmes szoptat\u00f3s sz\u00e9khez ergonomikus sz\u00e9kre, megfelel\u0151 al\u00e1t\u00e1maszt\u00e1st biztos\u00edt\u00f3 szoptat\u00f3s p\u00e1rn\u00e1ra, valamint egy sz\u00e9kre vagy t\u00e1maszt\u00e9kra van sz\u00fcks\u00e9g a n\u00e9lk\u00fcl\u00f6zhetetlen kieg\u00e9sz\u00edt\u0151k sz\u00e1m\u00e1ra.<\/p>\n\n\n\n<p>Ez\u00e9rt gondoskodjon j\u00f3 vil\u00e1g\u00edt\u00e1sr\u00f3l \u00e9s egy csendes helyr\u0151l, hogy pihentet\u0151 l\u00e9gk\u00f6rt teremtsen.<\/p>\n\n\n<div class=\"wp-block-image\">\n<figure class=\"aligncenter size-full\"><img loading=\"lazy\" decoding=\"async\" width=\"800\" height=\"560\" src=\"http:\/\/universofamilia.com\/wp-content\/uploads\/sites\/148\/2023\/06\/POST-10-Dicas-Funcionais-para-Montar-um-Quarto-de-Bebe-Funcional-UNIVERSO-FAMILIA-4.png\" alt=\"\" class=\"wp-image-2364\" srcset=\"https:\/\/universofamilia.com\/wp-content\/uploads\/sites\/148\/2023\/06\/POST-10-Dicas-Funcionais-para-Montar-um-Quarto-de-Bebe-Funcional-UNIVERSO-FAMILIA-4.png 800w, https:\/\/universofamilia.com\/wp-content\/uploads\/sites\/148\/2023\/06\/POST-10-Dicas-Funcionais-para-Montar-um-Quarto-de-Bebe-Funcional-UNIVERSO-FAMILIA-4-300x210.png 300w, https:\/\/universofamilia.com\/wp-content\/uploads\/sites\/148\/2023\/06\/POST-10-Dicas-Funcionais-para-Montar-um-Quarto-de-Bebe-Funcional-UNIVERSO-FAMILIA-4-768x538.png 768w\" sizes=\"(max-width: 800px) 100vw, 800px\" \/><figcaption class=\"wp-element-caption\"><em>Fot\u00f3: (reprodukci\u00f3\/internet)<\/em><\/figcaption><\/figure><\/div>\n\n\n<p><strong>5. Hogyan adhatok hozz\u00e1 szem\u00e9lyre szabott r\u00e9szleteket a baba szob\u00e1j\u00e1hoz?<\/strong><\/p>\n\n\n\n<p>Haszn\u00e1lj d\u00edszes kereteket finom k\u00e9pekkel, p\u00e9ld\u00e1ul illusztr\u00e1ci\u00f3kkal vagy f\u00e9nyk\u00e9pekkel, amelyeknek jelent\u00e9s\u00fck van a csal\u00e1d sz\u00e1m\u00e1ra.<\/p>\n\n\n\n<p>A szob\u00e1t szem\u00e9lyre is szabhatod plakettekkel, p\u00e9ld\u00e1ul a baba nev\u00e9vel, dekorat\u00edv falmatric\u00e1kkal vagy ak\u00e1r egyedi b\u00fatorokkal is. \u00cdgy ezek az apr\u00f3 r\u00e9szletek egyedi \u00e9s k\u00fcl\u00f6nleges hangulatot k\u00f6lcs\u00f6n\u00f6znek a k\u00f6rnyezetnek.<\/p>\n\n\n\n<p>R\u00f6viden, most, hogy minden sz\u00fcks\u00e9ges l\u00e9p\u00e9s megt\u00f6rt\u00e9nt egy funkcion\u00e1lis babaszoba kialak\u00edt\u00e1s\u00e1hoz, itt az ideje, hogy t\u00f6bbet tegy\u00fcnk a munk\u00e1b\u00f3l, \u00e9s egy b\u00e1jos helyet teremts\u00fcnk a kis kincsednek.<\/p>\n\n\n\n<p>Ez\u00e9rt fontos figyelembe venni a biztons\u00e1got, a praktikumot \u00e9s a csal\u00e1d szem\u00e9lyes \u00edzl\u00e9s\u00e9t, amikor dekor\u00e1ci\u00f3s \u00e9s k\u00f6lt\u00f6ztet\u00e9si d\u00f6nt\u00e9seket hozunk. <\/p>\n\n\n\n<p>Ez\u00e9rt haszn\u00e1ld ki ezt a k\u00fcl\u00f6nleges pillanatot, \u00e9s k\u00e9sz\u00fclj fel arra, hogy egy k\u00e9nyelmes \u00e9s szeret\u0151 k\u00f6rnyezetben fogadhatod a bab\u00e1dat.<\/p>\n\n\n\n<p>Kieg\u00e9sz\u00edt\u0151kre \u00e9s ruh\u00e1ra van sz\u00fcks\u00e9gem, conhe\u00e7a |&nbsp;<a href=\"https:\/\/www.luzbaby.com.br\/\" target=\"_blank\" rel=\"noreferrer noopener\">A Luz Baby az egyik legjobb csecsem\u0151term\u00e9keket \u00e1rus\u00edt\u00f3 \u00fczlet. Kattints ide<\/a><\/p>","protected":false},"excerpt":{"rendered":"<p>Bem-vinda (o) ao var\u00e1zslatos pillanat a babaszoba berendez\u00e9s\u00e9hez!<\/p>\n<p>Ebben az \u00fatmutat\u00f3ban 10 alapvet\u0151 tippet osztunk meg, hogy hogyan teremts funkcion\u00e1lis \u00e9s b\u00e1jos k\u00f6rnyezetet a kis kincsednek.<\/p>\n<p>A t\u00e9mav\u00e1laszt\u00e1st\u00f3l a szem\u00e9lyre szabott r\u00e9szletekig k\u00f6vesd ir\u00e1nyelveinket, hogy ez a t\u00e9r egyedi \u00e9s h\u00edvogat\u00f3 legyen.<\/p>\n<p>A v\u00e9g\u00e9n lesz egy b\u00f3nusz, ami sokat fog seg\u00edteni.<\/p>","protected":false},"author":139,"featured_media":2366,"comment_status":"closed","ping_status":"open","sticky":false,"template":"","format":"standard","meta":{"footnotes":""},"categories":[3],"tags":[28,719,773],"yoast_head":"<!-- This site is optimized with the Yoast SEO plugin v23.3 - https:\/\/yoast.com\/wordpress\/plugins\/seo\/ -->\n<title>10 Dicas Funcionais para Montar o Quarto de Beb\u00ea - Universo Fam\u00edlia<\/title>\n<meta name=\"description\" content=\"10 Dicas Funcionais para Montar um Quarto de Beb\u00ea Funcional. Bem-vinda (o) ao momento m\u00e1gico de montar o quarto do seu beb\u00ea\" \/>\n<meta name=\"robots\" content=\"index, follow, max-snippet:-1, max-image-preview:large, max-video-preview:-1\" \/>\n<link rel=\"canonical\" href=\"http:\/\/universofamilia.com\/hu\/10-dicas-funcionais-para-monta-um-quarto-de-bebe-funcional\/\" \/>\n<meta property=\"og:locale\" content=\"hu_HU\" \/>\n<meta property=\"og:type\" content=\"article\" \/>\n<meta property=\"og:title\" content=\"10 Dicas Funcionais para Montar o Quarto de Beb\u00ea - Universo Fam\u00edlia\" \/>\n<meta property=\"og:description\" content=\"10 Dicas Funcionais para Montar um Quarto de Beb\u00ea Funcional. Bem-vinda (o) ao momento m\u00e1gico de montar o quarto do seu beb\u00ea\" \/>\n<meta property=\"og:url\" content=\"http:\/\/universofamilia.com\/hu\/10-dicas-funcionais-para-monta-um-quarto-de-bebe-funcional\/\" \/>\n<meta property=\"og:site_name\" content=\"Universo Fam\u00edlia\" \/>\n<meta property=\"article:published_time\" content=\"2023-06-11T00:30:12+00:00\" \/>\n<meta property=\"article:modified_time\" content=\"2025-01-28T15:03:22+00:00\" \/>\n<meta property=\"og:image\" content=\"http:\/\/universofamilia.com\/wp-content\/uploads\/sites\/148\/2023\/06\/FOTO-DESTAQUE-10-Dicas-Funcionais-para-Montar-um-Quarto-de-Bebe-Funcional-a-universo-familia-448x350-.png\" \/>\n\t<meta property=\"og:image:width\" content=\"448\" \/>\n\t<meta property=\"og:image:height\" content=\"350\" \/>\n\t<meta property=\"og:image:type\" content=\"image\/png\" \/>\n<meta name=\"author\" content=\"Pedro Henrique\" \/>\n<meta name=\"twitter:card\" content=\"summary_large_image\" \/>\n<meta name=\"twitter:label1\" content=\"Written by\" \/>\n\t<meta name=\"twitter:data1\" content=\"Pedro Henrique\" \/>\n\t<meta name=\"twitter:label2\" content=\"Est. reading time\" \/>\n\t<meta name=\"twitter:data2\" content=\"7 perc\" \/>\n<script type=\"application\/ld+json\" class=\"yoast-schema-graph\">{\"@context\":\"https:\/\/schema.org\",\"@graph\":[{\"@type\":\"WebPage\",\"@id\":\"http:\/\/universofamilia.com\/sk\/10-dicas-funcionais-para-monta-um-quarto-de-bebe-funcional\/\",\"url\":\"http:\/\/universofamilia.com\/sk\/10-dicas-funcionais-para-monta-um-quarto-de-bebe-funcional\/\",\"name\":\"10 Dicas Funcionais para Montar o Quarto de Beb\u00ea - Universo Fam\u00edlia\",\"isPartOf\":{\"@id\":\"http:\/\/universofamilia.com\/zh_hk\/#website\"},\"primaryImageOfPage\":{\"@id\":\"http:\/\/universofamilia.com\/sk\/10-dicas-funcionais-para-monta-um-quarto-de-bebe-funcional\/#primaryimage\"},\"image\":{\"@id\":\"http:\/\/universofamilia.com\/sk\/10-dicas-funcionais-para-monta-um-quarto-de-bebe-funcional\/#primaryimage\"},\"thumbnailUrl\":\"https:\/\/universofamilia.com\/wp-content\/uploads\/sites\/148\/2023\/06\/FOTO-DESTAQUE-10-Dicas-Funcionais-para-Montar-um-Quarto-de-Bebe-Funcional-a-universo-familia-448x350-.png\",\"datePublished\":\"2023-06-11T00:30:12+00:00\",\"dateModified\":\"2025-01-28T15:03:22+00:00\",\"author\":{\"@id\":\"http:\/\/universofamilia.com\/zh_hk\/#\/schema\/person\/f07ce98187dd84d31154262e79b3b7ca\"},\"description\":\"10 Dicas Funcionais para Montar um Quarto de Beb\u00ea Funcional. Bem-vinda (o) ao momento m\u00e1gico de montar o quarto do seu beb\u00ea\",\"breadcrumb\":{\"@id\":\"http:\/\/universofamilia.com\/sk\/10-dicas-funcionais-para-monta-um-quarto-de-bebe-funcional\/#breadcrumb\"},\"inLanguage\":\"hu\",\"potentialAction\":[{\"@type\":\"ReadAction\",\"target\":[\"http:\/\/universofamilia.com\/sk\/10-dicas-funcionais-para-monta-um-quarto-de-bebe-funcional\/\"]}]},{\"@type\":\"ImageObject\",\"inLanguage\":\"hu\",\"@id\":\"http:\/\/universofamilia.com\/sk\/10-dicas-funcionais-para-monta-um-quarto-de-bebe-funcional\/#primaryimage\",\"url\":\"https:\/\/universofamilia.com\/wp-content\/uploads\/sites\/148\/2023\/06\/FOTO-DESTAQUE-10-Dicas-Funcionais-para-Montar-um-Quarto-de-Bebe-Funcional-a-universo-familia-448x350-.png\",\"contentUrl\":\"https:\/\/universofamilia.com\/wp-content\/uploads\/sites\/148\/2023\/06\/FOTO-DESTAQUE-10-Dicas-Funcionais-para-Montar-um-Quarto-de-Bebe-Funcional-a-universo-familia-448x350-.png\",\"width\":448,\"height\":350},{\"@type\":\"BreadcrumbList\",\"@id\":\"http:\/\/universofamilia.com\/sk\/10-dicas-funcionais-para-monta-um-quarto-de-bebe-funcional\/#breadcrumb\",\"itemListElement\":[{\"@type\":\"ListItem\",\"position\":1,\"name\":\"Home\",\"item\":\"http:\/\/universofamilia.com\/zh_hk\/\"},{\"@type\":\"ListItem\",\"position\":2,\"name\":\"10 Dicas Funcionais para Montar o Quarto de Beb\u00ea\"}]},{\"@type\":\"WebSite\",\"@id\":\"http:\/\/universofamilia.com\/zh_hk\/#website\",\"url\":\"http:\/\/universofamilia.com\/zh_hk\/\",\"name\":\"Universo Fam\u00edlia\",\"description\":\"\",\"potentialAction\":[{\"@type\":\"SearchAction\",\"target\":{\"@type\":\"EntryPoint\",\"urlTemplate\":\"http:\/\/universofamilia.com\/zh_hk\/?s={search_term_string}\"},\"query-input\":\"required name=search_term_string\"}],\"inLanguage\":\"hu\"},{\"@type\":\"Person\",\"@id\":\"http:\/\/universofamilia.com\/zh_hk\/#\/schema\/person\/f07ce98187dd84d31154262e79b3b7ca\",\"name\":\"Pedro Henrique\",\"image\":{\"@type\":\"ImageObject\",\"inLanguage\":\"hu\",\"@id\":\"http:\/\/universofamilia.com\/zh_hk\/#\/schema\/person\/image\/\",\"url\":\"https:\/\/secure.gravatar.com\/avatar\/9edfeb808cb4e1599f64d6e45b130154?s=96&d=mm&r=g\",\"contentUrl\":\"https:\/\/secure.gravatar.com\/avatar\/9edfeb808cb4e1599f64d6e45b130154?s=96&d=mm&r=g\",\"caption\":\"Pedro Henrique\"},\"url\":\"https:\/\/universofamilia.com\/hu\/author\/editor01\/\"}]}<\/script>\n<!-- \/ Yoast SEO plugin. -->","yoast_head_json":{"title":"10 Dicas Funcionais para Montar o Quarto de Beb\u00ea - Universo Fam\u00edlia","description":"10 Dicas Funcionais para Montar um Quarto de Beb\u00ea Funcional. Bem-vinda (o) ao momento m\u00e1gico de montar o quarto do seu beb\u00ea","robots":{"index":"index","follow":"follow","max-snippet":"max-snippet:-1","max-image-preview":"max-image-preview:large","max-video-preview":"max-video-preview:-1"},"canonical":"http:\/\/universofamilia.com\/hu\/10-dicas-funcionais-para-monta-um-quarto-de-bebe-funcional\/","og_locale":"hu_HU","og_type":"article","og_title":"10 Dicas Funcionais para Montar o Quarto de Beb\u00ea - Universo Fam\u00edlia","og_description":"10 Dicas Funcionais para Montar um Quarto de Beb\u00ea Funcional. Bem-vinda (o) ao momento m\u00e1gico de montar o quarto do seu beb\u00ea","og_url":"http:\/\/universofamilia.com\/hu\/10-dicas-funcionais-para-monta-um-quarto-de-bebe-funcional\/","og_site_name":"Universo Fam\u00edlia","article_published_time":"2023-06-11T00:30:12+00:00","article_modified_time":"2025-01-28T15:03:22+00:00","og_image":[{"width":448,"height":350,"url":"http:\/\/universofamilia.com\/wp-content\/uploads\/sites\/148\/2023\/06\/FOTO-DESTAQUE-10-Dicas-Funcionais-para-Montar-um-Quarto-de-Bebe-Funcional-a-universo-familia-448x350-.png","type":"image\/png"}],"author":"Pedro Henrique","twitter_card":"summary_large_image","twitter_misc":{"Written by":"Pedro Henrique","Est. reading time":"7 perc"},"schema":{"@context":"https:\/\/schema.org","@graph":[{"@type":"WebPage","@id":"http:\/\/universofamilia.com\/sk\/10-dicas-funcionais-para-monta-um-quarto-de-bebe-funcional\/","url":"http:\/\/universofamilia.com\/sk\/10-dicas-funcionais-para-monta-um-quarto-de-bebe-funcional\/","name":"10 Dicas Funcionais para Montar o Quarto de Beb\u00ea - Universo Fam\u00edlia","isPartOf":{"@id":"http:\/\/universofamilia.com\/zh_hk\/#website"},"primaryImageOfPage":{"@id":"http:\/\/universofamilia.com\/sk\/10-dicas-funcionais-para-monta-um-quarto-de-bebe-funcional\/#primaryimage"},"image":{"@id":"http:\/\/universofamilia.com\/sk\/10-dicas-funcionais-para-monta-um-quarto-de-bebe-funcional\/#primaryimage"},"thumbnailUrl":"https:\/\/universofamilia.com\/wp-content\/uploads\/sites\/148\/2023\/06\/FOTO-DESTAQUE-10-Dicas-Funcionais-para-Montar-um-Quarto-de-Bebe-Funcional-a-universo-familia-448x350-.png","datePublished":"2023-06-11T00:30:12+00:00","dateModified":"2025-01-28T15:03:22+00:00","author":{"@id":"http:\/\/universofamilia.com\/zh_hk\/#\/schema\/person\/f07ce98187dd84d31154262e79b3b7ca"},"description":"10 Dicas Funcionais para Montar um Quarto de Beb\u00ea Funcional. Bem-vinda (o) ao momento m\u00e1gico de montar o quarto do seu beb\u00ea","breadcrumb":{"@id":"http:\/\/universofamilia.com\/sk\/10-dicas-funcionais-para-monta-um-quarto-de-bebe-funcional\/#breadcrumb"},"inLanguage":"hu","potentialAction":[{"@type":"ReadAction","target":["http:\/\/universofamilia.com\/sk\/10-dicas-funcionais-para-monta-um-quarto-de-bebe-funcional\/"]}]},{"@type":"ImageObject","inLanguage":"hu","@id":"http:\/\/universofamilia.com\/sk\/10-dicas-funcionais-para-monta-um-quarto-de-bebe-funcional\/#primaryimage","url":"https:\/\/universofamilia.com\/wp-content\/uploads\/sites\/148\/2023\/06\/FOTO-DESTAQUE-10-Dicas-Funcionais-para-Montar-um-Quarto-de-Bebe-Funcional-a-universo-familia-448x350-.png","contentUrl":"https:\/\/universofamilia.com\/wp-content\/uploads\/sites\/148\/2023\/06\/FOTO-DESTAQUE-10-Dicas-Funcionais-para-Montar-um-Quarto-de-Bebe-Funcional-a-universo-familia-448x350-.png","width":448,"height":350},{"@type":"BreadcrumbList","@id":"http:\/\/universofamilia.com\/sk\/10-dicas-funcionais-para-monta-um-quarto-de-bebe-funcional\/#breadcrumb","itemListElement":[{"@type":"ListItem","position":1,"name":"Home","item":"http:\/\/universofamilia.com\/zh_hk\/"},{"@type":"ListItem","position":2,"name":"10 Dicas Funcionais para Montar o Quarto de Beb\u00ea"}]},{"@type":"WebSite","@id":"http:\/\/universofamilia.com\/zh_hk\/#website","url":"http:\/\/universofamilia.com\/zh_hk\/","name":"Universo Fam\u00edlia","description":"","potentialAction":[{"@type":"SearchAction","target":{"@type":"EntryPoint","urlTemplate":"http:\/\/universofamilia.com\/zh_hk\/?s={search_term_string}"},"query-input":"required name=search_term_string"}],"inLanguage":"hu"},{"@type":"Person","@id":"http:\/\/universofamilia.com\/zh_hk\/#\/schema\/person\/f07ce98187dd84d31154262e79b3b7ca","name":"Pedro Henrique","image":{"@type":"ImageObject","inLanguage":"hu","@id":"http:\/\/universofamilia.com\/zh_hk\/#\/schema\/person\/image\/","url":"https:\/\/secure.gravatar.com\/avatar\/9edfeb808cb4e1599f64d6e45b130154?s=96&d=mm&r=g","contentUrl":"https:\/\/secure.gravatar.com\/avatar\/9edfeb808cb4e1599f64d6e45b130154?s=96&d=mm&r=g","caption":"Pedro Henrique"},"url":"https:\/\/universofamilia.com\/hu\/author\/editor01\/"}]}},"_links":{"self":[{"href":"https:\/\/universofamilia.com\/hu\/wp-json\/wp\/v2\/posts\/2359"}],"collection":[{"href":"https:\/\/universofamilia.com\/hu\/wp-json\/wp\/v2\/posts"}],"about":[{"href":"https:\/\/universofamilia.com\/hu\/wp-json\/wp\/v2\/types\/post"}],"author":[{"embeddable":true,"href":"https:\/\/universofamilia.com\/hu\/wp-json\/wp\/v2\/users\/139"}],"replies":[{"embeddable":true,"href":"https:\/\/universofamilia.com\/hu\/wp-json\/wp\/v2\/comments?post=2359"}],"version-history":[{"count":1,"href":"https:\/\/universofamilia.com\/hu\/wp-json\/wp\/v2\/posts\/2359\/revisions"}],"predecessor-version":[{"id":8427,"href":"https:\/\/universofamilia.com\/hu\/wp-json\/wp\/v2\/posts\/2359\/revisions\/8427"}],"wp:featuredmedia":[{"embeddable":true,"href":"https:\/\/universofamilia.com\/hu\/wp-json\/wp\/v2\/media\/2366"}],"wp:attachment":[{"href":"https:\/\/universofamilia.com\/hu\/wp-json\/wp\/v2\/media?parent=2359"}],"wp:term":[{"taxonomy":"category","embeddable":true,"href":"https:\/\/universofamilia.com\/hu\/wp-json\/wp\/v2\/categories?post=2359"},{"taxonomy":"post_tag","embeddable":true,"href":"https:\/\/universofamilia.com\/hu\/wp-json\/wp\/v2\/tags?post=2359"}],"curies":[{"name":"wp","href":"https:\/\/api.w.org\/{rel}","templated":true}]}}