{"id":2774,"date":"2023-06-19T14:56:08","date_gmt":"2023-06-19T17:56:08","guid":{"rendered":"https:\/\/universofamilia.com\/?p=2774"},"modified":"2023-06-19T14:56:08","modified_gmt":"2023-06-19T17:56:08","slug":"15-ideias-criativas-para-decorar-o-quarto-de-menina","status":"publish","type":"post","link":"https:\/\/universofamilia.com\/hu\/15-ideias-criativas-para-decorar-o-quarto-de-menina\/","title":{"rendered":"15 kreat\u00edv \u00f6tlet a Menina szoba d\u00edsz\u00edt\u00e9s\u00e9re"},"content":{"rendered":"<p>15 kreat\u00edv \u00f6tlet a l\u00e1nyszoba d\u00edsz\u00edt\u00e9s\u00e9re | Var\u00e1zslatos vil\u00e1gg\u00e1 var\u00e1zsolja a teret. Egy l\u00e1nyszoba d\u00edsz\u00edt\u00e9se b\u00e1rki sz\u00e1m\u00e1ra sz\u00f3rakoztat\u00f3 \u00e9s izgalmas \u00e9lm\u00e9ny lehet.<\/p>\n\n\n\n<p>T\u00f6k\u00e9letes lehet\u0151s\u00e9g arra, hogy olyan teret alak\u00edts ki, amely t\u00fckr\u00f6zi gyermeked egyedi szem\u00e9lyis\u00e9g\u00e9t \u00e9s serkenti a kreativit\u00e1sodat.<\/p>\n\n\n\n<p>15 kreat\u00edv \u00f6tletet mutatunk be, amelyekkel egy l\u00e1ny szob\u00e1j\u00e1t var\u00e1zslatos vil\u00e1gg\u00e1 var\u00e1zsolhatja, ahol \u00e1lmodozhat \u00e9s j\u00f3l \u00e9rezheti mag\u00e1t. Fogadd vissza javaslatainkat, \u00e9s engedd szabadj\u00e1ra a fant\u00e1zi\u00e1dat!<\/p>\n\n\n<div class=\"wp-block-image\">\n<figure class=\"aligncenter size-full\"><img loading=\"lazy\" decoding=\"async\" width=\"550\" height=\"350\" src=\"http:\/\/universofamilia.com\/wp-content\/uploads\/sites\/148\/2023\/06\/POST-15-ideias-de-quarto-meninas-universo-familia-.png\" alt=\"\" class=\"wp-image-2775\" srcset=\"https:\/\/universofamilia.com\/wp-content\/uploads\/sites\/148\/2023\/06\/POST-15-ideias-de-quarto-meninas-universo-familia-.png 550w, https:\/\/universofamilia.com\/wp-content\/uploads\/sites\/148\/2023\/06\/POST-15-ideias-de-quarto-meninas-universo-familia--300x191.png 300w\" sizes=\"(max-width: 550px) 100vw, 550px\" \/><figcaption class=\"wp-element-caption\"><em>Fot\u00f3: (reprodukci\u00f3\/internet)<\/em><\/figcaption><\/figure><\/div>\n\n\n<h3 class=\"wp-block-heading\">Var\u00e1zsmagok palett\u00e1ja<\/h3>\n\n\n\n<p>A megfelel\u0151 sz\u00ednpaletta kiv\u00e1laszt\u00e1sa elengedhetetlen a b\u00e1jos hangulat megteremt\u00e9s\u00e9hez. V\u00e1lassz l\u00e1gy \u00e9s n\u0151ies sz\u00edneket, p\u00e9ld\u00e1ul r\u00f3zsasz\u00ednt, orgonasz\u00ednt \u00e9s feh\u00e9ret.<\/p>\n\n\n\n<p>Ezek a magok nyugalmat \u00e9s finoms\u00e1got \u00e1rasztanak, valamint k\u00fcl\u00f6nb\u00f6z\u0151 dekor\u00e1ci\u00f3s st\u00edlusokkal kombin\u00e1lhat\u00f3k.<\/p>\n\n\n\n<h3 class=\"wp-block-heading\">Falmatric\u00e1k<\/h3>\n\n\n\n<p>A falmatric\u00e1k sokoldal\u00fa \u00e9s gazdas\u00e1gos megold\u00e1st jelentenek a filmszob\u00e1d szem\u00e9lyis\u00e9g\u00e9nek felruh\u00e1z\u00e1s\u00e1ra.<\/p>\n\n\n\n<p>K\u00fcl\u00f6nb\u00f6z\u0151 modellek kaphat\u00f3k, a mesefigur\u00e1kt\u00f3l a bolyhos \u00e1llatokig. A felhelyez\u00e9s egyszer\u0171 \u00e9s nem k\u00e1ros\u00edtja a falat, \u00edgy a vizu\u00e1lis \u00e9lm\u00e9nyt mindig az ig\u00e9nyeid szerint szab\u00e1lyozhatod.<\/p>\n\n\n\n<h3 class=\"wp-block-heading\">M\u00f3veis Funcionais<\/h3>\n\n\n\n<p>Haszn\u00e1ld ki a rendelkez\u00e9sre \u00e1ll\u00f3 teret funkcion\u00e1lis mobil eszk\u00f6z\u00f6kkel. A be\u00e9p\u00edtett fi\u00f3kos \u00e1gyak, a f\u00fclk\u00e9kkel ell\u00e1tott \u00e1gyak \u00e9s a t\u00e1rol\u00f3hellyel rendelkez\u0151 asztalok a legjobb megold\u00e1sok arra, hogy a szob\u00e1d rendezett \u00e9s praktikus maradjon.<\/p>\n\n\n\n<p>Leia is&nbsp;<a href=\"https:\/\/universofamilia.com\/hu\/posso-utilizar-ventilador-no-quarto-do-bebe\/\" target=\"_blank\" rel=\"noreferrer noopener\">Haszn\u00e1lhatok ventil\u00e1tort a baba szob\u00e1j\u00e1ban?<\/a><\/p>\n\n\n\n<h3 class=\"wp-block-heading\">J\u00e1t\u00e9kos f\u00fcgg\u00f6ny\u00f6k<\/h3>\n\n\n<div class=\"wp-block-image\">\n<figure class=\"aligncenter size-full\"><img loading=\"lazy\" decoding=\"async\" width=\"550\" height=\"350\" src=\"http:\/\/universofamilia.com\/wp-content\/uploads\/sites\/148\/2023\/06\/POST-15-ideias-de-quarto-meninas-universo-familia-1.png\" alt=\"\" class=\"wp-image-2776\" srcset=\"https:\/\/universofamilia.com\/wp-content\/uploads\/sites\/148\/2023\/06\/POST-15-ideias-de-quarto-meninas-universo-familia-1.png 550w, https:\/\/universofamilia.com\/wp-content\/uploads\/sites\/148\/2023\/06\/POST-15-ideias-de-quarto-meninas-universo-familia-1-300x191.png 300w\" sizes=\"(max-width: 550px) 100vw, 550px\" \/><figcaption class=\"wp-element-caption\"><em>Fot\u00f3: (reprodukci\u00f3\/internet)<\/em><\/figcaption><\/figure><\/div>\n\n\n<p>Fektess be olyan f\u00fcgg\u00f6ny\u00f6kbe, amelyek var\u00e1zslatos \u00e9s b\u00e1jos hangulatot \u00e1rasztanak. A k\u00f6nny\u0171 anyagok, mint p\u00e9ld\u00e1ul a voile \u00e9s az organza, mozg\u00e1st \u00e9s l\u00e1gys\u00e1got k\u00f6lcs\u00f6n\u00f6znek a k\u00f6rnyezetnek. Vir\u00e1gok, bubor\u00e9kok vagy csillagok mint\u00e1i b\u00e1jos szokny\u00e1kkal.<\/p>\n\n\n\n<h3 class=\"wp-block-heading\">Ilumina\u00e7\u00e3o Aconchegante<\/h3>\n\n\n\n<p>A megfelel\u0151 vil\u00e1g\u00edt\u00e1s kellemes l\u00e9gk\u00f6rt teremt. Haszn\u00e1ljon k\u00f6zvetett vil\u00e1g\u00edt\u00e1st, p\u00e9ld\u00e1ul mennyezeti l\u00e1mp\u00e1kat \u00e9s l\u00e1gy t\u00f3nus\u00fa l\u00e1mpatesteket a pihentet\u0151 \u00e9s var\u00e1zslatos hangulat megteremt\u00e9s\u00e9hez.<\/p>\n\n\n\n<p>Kreat\u00edv \u00f6tlet lehet csillag vagy felh\u0151 form\u00e1tum\u00fa LED-l\u00e1mp\u00e1kat haszn\u00e1lni egy k\u00fcl\u00f6nleges hat\u00e1s el\u00e9r\u00e9s\u00e9hez.<\/p>\n\n\n\n<h3 class=\"wp-block-heading\">Dekorat\u00edv Prateleiras<\/h3>\n\n\n\n<p>A prateleir\u00e1k nagyszer\u0171 sz\u00f6vets\u00e9gesek a terem megszervez\u00e9s\u00e9ben \u00e9s filmj\u00fck k\u00e9t kedvenc t\u00e1rgy\u00e1nak ki\u00e1ll\u00edt\u00e1s\u00e1ban. Escolha prateleiras con ludic form\u00e1tumok, como cora\u00e7\u00f5es, estrelas vagy nuvens.<\/p>\n\n\n<div class=\"wp-block-image\">\n<figure class=\"aligncenter size-full\"><img loading=\"lazy\" decoding=\"async\" width=\"550\" height=\"350\" src=\"http:\/\/universofamilia.com\/wp-content\/uploads\/sites\/148\/2023\/06\/POST-15-ideias-de-quarto-meninas-universo-familia-2.png\" alt=\"\" class=\"wp-image-2777\" srcset=\"https:\/\/universofamilia.com\/wp-content\/uploads\/sites\/148\/2023\/06\/POST-15-ideias-de-quarto-meninas-universo-familia-2.png 550w, https:\/\/universofamilia.com\/wp-content\/uploads\/sites\/148\/2023\/06\/POST-15-ideias-de-quarto-meninas-universo-familia-2-300x191.png 300w\" sizes=\"(max-width: 550px) 100vw, 550px\" \/><figcaption class=\"wp-element-caption\"><em>Fot\u00f3: (reprodukci\u00f3\/internet)<\/em><\/figcaption><\/figure><\/div>\n\n\n<p>Haszn\u00e1lhat\u00f3k k\u00f6nyvek, bab\u00e1k, haj \u00e9s m\u00e1s t\u00e1rgyak megjelen\u00edt\u00e9s\u00e9re, amelyek a gyermek univerzum\u00e1nak r\u00e9sz\u00e9t k\u00e9pezik.<\/p>\n\n\n\n<h3 class=\"wp-block-heading\">Tematikus h\u00e1tt\u00e9rk\u00e9p<\/h3>\n\n\n\n<p>Egy tematikus tap\u00e9ta fantasztikus m\u00f3dja annak, hogy a szob\u00e1dat fant\u00e1ziavil\u00e1gg\u00e1 var\u00e1zsoljuk.<\/p>\n\n\n\n<p>V\u00e1lasszon hercegn\u0151k, mes\u00e9k, unikornisok vagy term\u00e9szeti elemek mint\u00e1it. V\u00e1lasszon min\u0151s\u00e9gi tap\u00e9t\u00e1t, amely k\u00f6nnyen tiszt\u00edthat\u00f3 \u00e9s tart\u00f3s.<\/p>\n\n\n\n<h3 class=\"wp-block-heading\">Kreat\u00edv szervezet<\/h3>\n\n\n\n<p>A mappa rendszerez\u00e9s\u00e9nek megtan\u00edt\u00e1sa sz\u00f3rakoztat\u00f3 lehet! Haszn\u00e1lj sz\u00ednes dobozokat, kosarakat \u00e9s m\u00e1s szem\u00e9lyre szabott t\u00e1rol\u00f3eszk\u00f6z\u00f6ket j\u00e1t\u00e9kok \u00e9s kieg\u00e9sz\u00edt\u0151k t\u00e1rol\u00e1s\u00e1ra.<\/p>\n\n\n\n<p>Matric\u00e1kkal vagy festm\u00e9nyekkel d\u00edsz\u00edtheted \u0151ket, \u00edgy a rendszerez\u00e9s interakt\u00edv tev\u00e9kenys\u00e9gg\u00e9 alak\u00edthat\u00f3.<\/p>\n\n\n\n<h3 class=\"wp-block-heading\">Bolyhos sz\u0151nyegek<\/h3>\n\n\n\n<p>Vastag, puha sz\u0151nyeg k\u00e9nyelmes diz\u00e1jnnal \u00e9s h\u00e1l\u00f3szobai st\u00edlussal. V\u00e1lasszon vid\u00e1m form\u00e1j\u00fa modelleket, p\u00e9ld\u00e1ul vir\u00e1gokat, sz\u00edveket vagy \u00e1llatokat.<\/p>\n\n\n\n<p>A padl\u00f3 v\u00e9delme mellett v\u00e1ltozatosabb\u00e1 \u00e9s k\u00e9nyelmesebb\u00e9 teszi a k\u00f6rnyezetet.<\/p>\n\n\n\n<h3 class=\"wp-block-heading\">B\u00e1jos k\u00e9pek<\/h3>\n\n\n\n<p>Haszn\u00e1lj b\u00e1jos illusztr\u00e1ci\u00f3kkal ell\u00e1tott k\u00e9peket a szob\u00e1d falainak d\u00edsz\u00edt\u00e9s\u00e9re. A mes\u00e9k, rajzfilmfigur\u00e1k vagy ak\u00e1r a saj\u00e1t gyerekkorodb\u00f3l sz\u00e1rmaz\u00f3 mes\u00e9k k\u00e9pei k\u00fcl\u00f6nleges \u00e9s szem\u00e9lyre szabott hat\u00e1st k\u00f6lcs\u00f6n\u00f6zhetnek a k\u00f6rnyezetnek.<\/p>\n\n\n\n<p>Leia is <a href=\"https:\/\/universofamilia.com\/hu\/posso-utilizar-ar-condicionado-no-quarto-do-bebe\/\" target=\"_blank\" rel=\"noreferrer noopener\">Haszn\u00e1lhatom a balzsamot a baba szob\u00e1j\u00e1ban?<\/a><\/p>\n\n\n\n<h3 class=\"wp-block-heading\">Var\u00e1zst\u00fck\u00f6r<\/h3>\n\n\n\n<p>Egy dekorat\u00edv t\u00fck\u00f6r eleg\u00e1ns \u00e9s funkcion\u00e1lis kieg\u00e9sz\u00edt\u0151je lehet egy l\u00e1nyszoba berendez\u00e9s\u00e9nek. V\u00e1lasszon finom d\u00edszl\u00e9ccel vagy szokatlan form\u00e1j\u00fa, p\u00e9ld\u00e1ul koszor\u00fakkal vagy vir\u00e1gokkal d\u00edsz\u00edtett t\u00fckr\u00f6t.<\/p>\n\n\n<div class=\"wp-block-image\">\n<figure class=\"aligncenter size-full\"><img loading=\"lazy\" decoding=\"async\" width=\"550\" height=\"350\" src=\"http:\/\/universofamilia.com\/wp-content\/uploads\/sites\/148\/2023\/06\/POST-15-ideias-de-quarto-meninas-universo-familia-3.png\" alt=\"\" class=\"wp-image-2778\" srcset=\"https:\/\/universofamilia.com\/wp-content\/uploads\/sites\/148\/2023\/06\/POST-15-ideias-de-quarto-meninas-universo-familia-3.png 550w, https:\/\/universofamilia.com\/wp-content\/uploads\/sites\/148\/2023\/06\/POST-15-ideias-de-quarto-meninas-universo-familia-3-300x191.png 300w\" sizes=\"(max-width: 550px) 100vw, 550px\" \/><figcaption class=\"wp-element-caption\"><em>Fot\u00f3: (reprodukci\u00f3\/internet)<\/em><\/figcaption><\/figure><\/div>\n\n\n<p>Amellett, hogy t\u00e1rol\u00e1sra is alkalmas, fant\u00e1ziaelemeket is ad a t\u00e9rnek.<\/p>\n\n\n\n<h3 class=\"wp-block-heading\">Cama dos Sonhos<\/h3>\n\n\n\n<p>V\u00e1ltoztasd \u00e1t \u00e1gyadat var\u00e1zslatos mened\u00e9kk\u00e9. Haszn\u00e1lj k\u00e9t sz\u00fanyogh\u00e1l\u00f3t vagy s\u00e1trat, hogy exkluz\u00edv \u00e9s hangulatos teret teremts.<\/p>\n\n\n\n<p>Csillagos hat\u00e1s\u00e9rt LED-l\u00e1mp\u00e1kkal, a maxim\u00e1lis k\u00e9nyelem\u00e9rt pedig puha p\u00e1rn\u00e1kkal teheted teljess\u00e9.<\/p>\n\n\n\n<h3 class=\"wp-block-heading\">Sz\u00f3rakoztat\u00f3 r\u00e9sek<\/h3>\n\n\n\n<p>A f\u00fclk\u00e9k praktikus \u00e9s dekorat\u00edv m\u00f3dja annak, hogy ki\u00e1ll\u00edtsd a csal\u00e1dod kedvenc t\u00e1rgyait. V\u00e1lassz vid\u00e1m form\u00e1tum\u00fa modelleket, p\u00e9ld\u00e1ul cashinhas, sz\u00edvecsk\u00e9k vagy bubor\u00e9kok form\u00e1j\u00e1ban.<\/p>\n\n\n\n<p>Falra vagy b\u00fatorokra szerelhet\u0151k, j\u00e1t\u00e9kos hangulatot k\u00f6lcs\u00f6n\u00f6zve a k\u00f6rnyezetnek.<\/p>\n\n\n\n<h3 class=\"wp-block-heading\">Reading Cantinho<\/h3>\n\n\n\n<p>\u00c9l\u00e9nk\u00edtsd az olvas\u00e1s ir\u00e1nti szeretetedet egy k\u00fcl\u00f6nleges dallal. Teremts egy k\u00e9nyelmes teret fotelekkel, p\u00e1rn\u00e1kkal \u00e9s egy gyerekk\u00f6nyvekkel teli polccal.<\/p>\n\n\n\n<p>D\u00edsz\u00edtsd a falakat tematikus j\u00e1t\u00e9kokkal, \u00e9s teremts var\u00e1zslatos hangulatot, ahol gyermeked hihetetlen t\u00f6rt\u00e9neteken kereszt\u00fcl utazhat.<\/p>\n\n\n\n<h3 class=\"wp-block-heading\">Fot\u00f3k \u00e9s citroms\u00e1rga falfestm\u00e9ny<\/h3>\n\n\n\n<p>K\u00e9sz\u00edts fot\u00f3kkal \u00e9s vir\u00e1gokkal teli falat, hogy megt\u00f6ltsd a szob\u00e1dat eml\u00e9kekkel. Nyomtass ki k\u00fcl\u00f6nleges pillanatokat \u00e9s eml\u00e9keket \u00e1br\u00e1zol\u00f3 fot\u00f3kat d\u00edsz\u00edtett hangsz\u00f3r\u00f3kkal.<\/p>\n\n\n<div class=\"wp-block-image\">\n<figure class=\"aligncenter size-full\"><img loading=\"lazy\" decoding=\"async\" width=\"550\" height=\"350\" src=\"http:\/\/universofamilia.com\/wp-content\/uploads\/sites\/148\/2023\/06\/POST-15-ideias-de-quarto-meninas-universo-familia-4.png\" alt=\"\" class=\"wp-image-2779\" srcset=\"https:\/\/universofamilia.com\/wp-content\/uploads\/sites\/148\/2023\/06\/POST-15-ideias-de-quarto-meninas-universo-familia-4.png 550w, https:\/\/universofamilia.com\/wp-content\/uploads\/sites\/148\/2023\/06\/POST-15-ideias-de-quarto-meninas-universo-familia-4-300x191.png 300w\" sizes=\"(max-width: 550px) 100vw, 550px\" \/><figcaption class=\"wp-element-caption\"><em>Fot\u00f3: (reprodukci\u00f3\/internet)<\/em><\/figcaption><\/figure><\/div>\n\n\n<p>Adj hozz\u00e1 sz\u00e1ml\u00e1kat, filmbejegyz\u00e9seket \u00e9s apr\u00f3 t\u00e1rgyakat, amelyek elnyelik az \u00e9rzelmeket. \u00cdgy a szoba egyedi, pozit\u00edv \u00e9rz\u00e9sekkel teli t\u00e9rr\u00e9 v\u00e1lik.<\/p>\n\n\n\n<p>Kieg\u00e9sz\u00edt\u0151kre \u00e9s ruh\u00e1ra van sz\u00fcks\u00e9gem, conhe\u00e7a |&nbsp;<a href=\"https:\/\/www.luzbaby.com.br\/\" target=\"_blank\" rel=\"noreferrer noopener\">A Luz Baby az egyik legjobb csecsem\u0151term\u00e9keket \u00e1rus\u00edt\u00f3 \u00fczlet. Kattints ide<\/a><\/p>\n\n\n\n<h3 class=\"wp-block-heading\">K\u00f6vetkeztet\u00e9s<\/h3>\n\n\n\n<p>Egy l\u00e1ny szob\u00e1j\u00e1nak kreat\u00edv d\u00edsz\u00edt\u00e9se egy m\u00f3dja annak, hogy kifejezd a szeretet\u00e9t \u00e9s t\u00f6r\u0151d\u00e9s\u00e9t. Az ebben a cikkben bemutatott \u00f6tletekkel var\u00e1zslatos vil\u00e1gg\u00e1 var\u00e1zsolhatod a k\u00f6rnyezetet, serkentve a k\u00e9pzeletet \u00e9s felejthetetlen eml\u00e9keket teremtve.<\/p>\n\n\n\n<p>\u00dcgyelj arra, hogy a filmeddel is foglalkozz a szed\u00e9si folyamattal, \u00e9s engedd meg magadnak, hogy akt\u00edvan r\u00e9szt vegy\u00e9l a saj\u00e1t var\u00e1zslatos mened\u00e9ked l\u00e9trehoz\u00e1s\u00e1ban.<\/p>","protected":false},"excerpt":{"rendered":"<p>15 kreat\u00edv \u00f6tlet a l\u00e1nyszoba d\u00edsz\u00edt\u00e9s\u00e9re | Var\u00e1zsolj var\u00e1zslatos vil\u00e1got a t\u00e9rb\u0151l. Egy l\u00e1nyszoba d\u00edsz\u00edt\u00e9se sz\u00f3rakoztat\u00f3 \u00e9s izgalmas \u00e9lm\u00e9ny lehet b\u00e1rki sz\u00e1m\u00e1ra. T\u00f6k\u00e9letes alkalom arra, hogy olyan teret teremts, amely t\u00fckr\u00f6zi gyermeked egyedi szem\u00e9lyis\u00e9g\u00e9t \u00e9s serkenti a kreativit\u00e1sodat. Bemutatjuk [\u2026]<\/p>","protected":false},"author":0,"featured_media":2781,"comment_status":"closed","ping_status":"open","sticky":false,"template":"","format":"standard","meta":{"footnotes":""},"categories":[4],"tags":[718,1308,1309],"yoast_head":"<!-- This site is optimized with the Yoast SEO plugin v23.3 - https:\/\/yoast.com\/wordpress\/plugins\/seo\/ -->\n<title>15 Ideias Criativas para Decorar o Quarto de Menina - Universo Fam\u00edlia<\/title>\n<meta name=\"description\" content=\"15 Ideias Criativas para Decorar o Quarto de Menina. Transforme o Espa\u00e7o em um Mundo Encantado. Decorar o quarto de uma menina pode ser uma\" \/>\n<meta name=\"robots\" content=\"index, follow, max-snippet:-1, max-image-preview:large, max-video-preview:-1\" \/>\n<link rel=\"canonical\" href=\"http:\/\/universofamilia.com\/hu\/15-kreative-ideen-zur-dekoration-des-madchenzimmers\/\" \/>\n<meta property=\"og:locale\" content=\"hu_HU\" \/>\n<meta property=\"og:type\" content=\"article\" \/>\n<meta property=\"og:title\" content=\"15 Ideias Criativas para Decorar o Quarto de Menina - Universo Fam\u00edlia\" \/>\n<meta property=\"og:description\" content=\"15 Ideias Criativas para Decorar o Quarto de Menina. Transforme o Espa\u00e7o em um Mundo Encantado. Decorar o quarto de uma menina pode ser uma\" \/>\n<meta property=\"og:url\" content=\"http:\/\/universofamilia.com\/hu\/15-kreative-ideen-zur-dekoration-des-madchenzimmers\/\" \/>\n<meta property=\"og:site_name\" content=\"Universo Fam\u00edlia\" \/>\n<meta property=\"article:published_time\" content=\"2023-06-19T17:56:08+00:00\" \/>\n<meta property=\"og:image\" content=\"http:\/\/universofamilia.com\/wp-content\/uploads\/sites\/148\/2023\/06\/DESTAQUE-decoracao-quarto-menina-universo-familia-.png\" \/>\n\t<meta property=\"og:image:width\" content=\"448\" \/>\n\t<meta property=\"og:image:height\" content=\"350\" \/>\n\t<meta property=\"og:image:type\" content=\"image\/png\" \/>\n<meta name=\"twitter:card\" content=\"summary_large_image\" \/>\n<meta name=\"twitter:label1\" content=\"Est. reading time\" \/>\n\t<meta name=\"twitter:data1\" content=\"6 perc\" \/>\n<script type=\"application\/ld+json\" class=\"yoast-schema-graph\">{\"@context\":\"https:\/\/schema.org\",\"@graph\":[{\"@type\":\"WebPage\",\"@id\":\"http:\/\/universofamilia.com\/de\/15-kreative-ideen-zur-dekoration-des-madchenzimmers\/\",\"url\":\"http:\/\/universofamilia.com\/de\/15-kreative-ideen-zur-dekoration-des-madchenzimmers\/\",\"name\":\"15 Ideias Criativas para Decorar o Quarto de Menina - Universo Fam\u00edlia\",\"isPartOf\":{\"@id\":\"http:\/\/universofamilia.com\/zh_hk\/#website\"},\"primaryImageOfPage\":{\"@id\":\"http:\/\/universofamilia.com\/de\/15-kreative-ideen-zur-dekoration-des-madchenzimmers\/#primaryimage\"},\"image\":{\"@id\":\"http:\/\/universofamilia.com\/de\/15-kreative-ideen-zur-dekoration-des-madchenzimmers\/#primaryimage\"},\"thumbnailUrl\":\"https:\/\/universofamilia.com\/wp-content\/uploads\/sites\/148\/2023\/06\/DESTAQUE-decoracao-quarto-menina-universo-familia-.png\",\"datePublished\":\"2023-06-19T17:56:08+00:00\",\"dateModified\":\"2023-06-19T17:56:08+00:00\",\"author\":{\"@id\":\"\"},\"description\":\"15 Ideias Criativas para Decorar o Quarto de Menina. Transforme o Espa\u00e7o em um Mundo Encantado. Decorar o quarto de uma menina pode ser uma\",\"breadcrumb\":{\"@id\":\"http:\/\/universofamilia.com\/de\/15-kreative-ideen-zur-dekoration-des-madchenzimmers\/#breadcrumb\"},\"inLanguage\":\"hu\",\"potentialAction\":[{\"@type\":\"ReadAction\",\"target\":[\"http:\/\/universofamilia.com\/de\/15-kreative-ideen-zur-dekoration-des-madchenzimmers\/\"]}]},{\"@type\":\"ImageObject\",\"inLanguage\":\"hu\",\"@id\":\"http:\/\/universofamilia.com\/de\/15-kreative-ideen-zur-dekoration-des-madchenzimmers\/#primaryimage\",\"url\":\"https:\/\/universofamilia.com\/wp-content\/uploads\/sites\/148\/2023\/06\/DESTAQUE-decoracao-quarto-menina-universo-familia-.png\",\"contentUrl\":\"https:\/\/universofamilia.com\/wp-content\/uploads\/sites\/148\/2023\/06\/DESTAQUE-decoracao-quarto-menina-universo-familia-.png\",\"width\":448,\"height\":350},{\"@type\":\"BreadcrumbList\",\"@id\":\"http:\/\/universofamilia.com\/de\/15-kreative-ideen-zur-dekoration-des-madchenzimmers\/#breadcrumb\",\"itemListElement\":[{\"@type\":\"ListItem\",\"position\":1,\"name\":\"Home\",\"item\":\"http:\/\/universofamilia.com\/zh_hk\/\"},{\"@type\":\"ListItem\",\"position\":2,\"name\":\"15 Ideias Criativas para Decorar o Quarto de Menina\"}]},{\"@type\":\"WebSite\",\"@id\":\"http:\/\/universofamilia.com\/zh_hk\/#website\",\"url\":\"http:\/\/universofamilia.com\/zh_hk\/\",\"name\":\"Universo Fam\u00edlia\",\"description\":\"\",\"potentialAction\":[{\"@type\":\"SearchAction\",\"target\":{\"@type\":\"EntryPoint\",\"urlTemplate\":\"http:\/\/universofamilia.com\/zh_hk\/?s={search_term_string}\"},\"query-input\":\"required name=search_term_string\"}],\"inLanguage\":\"hu\"}]}<\/script>\n<!-- \/ Yoast SEO plugin. -->","yoast_head_json":{"title":"15 Ideias Criativas para Decorar o Quarto de Menina - Universo Fam\u00edlia","description":"15 Ideias Criativas para Decorar o Quarto de Menina. Transforme o Espa\u00e7o em um Mundo Encantado. Decorar o quarto de uma menina pode ser uma","robots":{"index":"index","follow":"follow","max-snippet":"max-snippet:-1","max-image-preview":"max-image-preview:large","max-video-preview":"max-video-preview:-1"},"canonical":"http:\/\/universofamilia.com\/hu\/15-kreative-ideen-zur-dekoration-des-madchenzimmers\/","og_locale":"hu_HU","og_type":"article","og_title":"15 Ideias Criativas para Decorar o Quarto de Menina - Universo Fam\u00edlia","og_description":"15 Ideias Criativas para Decorar o Quarto de Menina. Transforme o Espa\u00e7o em um Mundo Encantado. Decorar o quarto de uma menina pode ser uma","og_url":"http:\/\/universofamilia.com\/hu\/15-kreative-ideen-zur-dekoration-des-madchenzimmers\/","og_site_name":"Universo Fam\u00edlia","article_published_time":"2023-06-19T17:56:08+00:00","og_image":[{"width":448,"height":350,"url":"http:\/\/universofamilia.com\/wp-content\/uploads\/sites\/148\/2023\/06\/DESTAQUE-decoracao-quarto-menina-universo-familia-.png","type":"image\/png"}],"twitter_card":"summary_large_image","twitter_misc":{"Est. reading time":"6 perc"},"schema":{"@context":"https:\/\/schema.org","@graph":[{"@type":"WebPage","@id":"http:\/\/universofamilia.com\/de\/15-kreative-ideen-zur-dekoration-des-madchenzimmers\/","url":"http:\/\/universofamilia.com\/de\/15-kreative-ideen-zur-dekoration-des-madchenzimmers\/","name":"15 Ideias Criativas para Decorar o Quarto de Menina - Universo Fam\u00edlia","isPartOf":{"@id":"http:\/\/universofamilia.com\/zh_hk\/#website"},"primaryImageOfPage":{"@id":"http:\/\/universofamilia.com\/de\/15-kreative-ideen-zur-dekoration-des-madchenzimmers\/#primaryimage"},"image":{"@id":"http:\/\/universofamilia.com\/de\/15-kreative-ideen-zur-dekoration-des-madchenzimmers\/#primaryimage"},"thumbnailUrl":"https:\/\/universofamilia.com\/wp-content\/uploads\/sites\/148\/2023\/06\/DESTAQUE-decoracao-quarto-menina-universo-familia-.png","datePublished":"2023-06-19T17:56:08+00:00","dateModified":"2023-06-19T17:56:08+00:00","author":{"@id":""},"description":"15 Ideias Criativas para Decorar o Quarto de Menina. Transforme o Espa\u00e7o em um Mundo Encantado. Decorar o quarto de uma menina pode ser uma","breadcrumb":{"@id":"http:\/\/universofamilia.com\/de\/15-kreative-ideen-zur-dekoration-des-madchenzimmers\/#breadcrumb"},"inLanguage":"hu","potentialAction":[{"@type":"ReadAction","target":["http:\/\/universofamilia.com\/de\/15-kreative-ideen-zur-dekoration-des-madchenzimmers\/"]}]},{"@type":"ImageObject","inLanguage":"hu","@id":"http:\/\/universofamilia.com\/de\/15-kreative-ideen-zur-dekoration-des-madchenzimmers\/#primaryimage","url":"https:\/\/universofamilia.com\/wp-content\/uploads\/sites\/148\/2023\/06\/DESTAQUE-decoracao-quarto-menina-universo-familia-.png","contentUrl":"https:\/\/universofamilia.com\/wp-content\/uploads\/sites\/148\/2023\/06\/DESTAQUE-decoracao-quarto-menina-universo-familia-.png","width":448,"height":350},{"@type":"BreadcrumbList","@id":"http:\/\/universofamilia.com\/de\/15-kreative-ideen-zur-dekoration-des-madchenzimmers\/#breadcrumb","itemListElement":[{"@type":"ListItem","position":1,"name":"Home","item":"http:\/\/universofamilia.com\/zh_hk\/"},{"@type":"ListItem","position":2,"name":"15 Ideias Criativas para Decorar o Quarto de Menina"}]},{"@type":"WebSite","@id":"http:\/\/universofamilia.com\/zh_hk\/#website","url":"http:\/\/universofamilia.com\/zh_hk\/","name":"Universo Fam\u00edlia","description":"","potentialAction":[{"@type":"SearchAction","target":{"@type":"EntryPoint","urlTemplate":"http:\/\/universofamilia.com\/zh_hk\/?s={search_term_string}"},"query-input":"required name=search_term_string"}],"inLanguage":"hu"}]}},"_links":{"self":[{"href":"https:\/\/universofamilia.com\/hu\/wp-json\/wp\/v2\/posts\/2774"}],"collection":[{"href":"https:\/\/universofamilia.com\/hu\/wp-json\/wp\/v2\/posts"}],"about":[{"href":"https:\/\/universofamilia.com\/hu\/wp-json\/wp\/v2\/types\/post"}],"replies":[{"embeddable":true,"href":"https:\/\/universofamilia.com\/hu\/wp-json\/wp\/v2\/comments?post=2774"}],"version-history":[{"count":0,"href":"https:\/\/universofamilia.com\/hu\/wp-json\/wp\/v2\/posts\/2774\/revisions"}],"wp:featuredmedia":[{"embeddable":true,"href":"https:\/\/universofamilia.com\/hu\/wp-json\/wp\/v2\/media\/2781"}],"wp:attachment":[{"href":"https:\/\/universofamilia.com\/hu\/wp-json\/wp\/v2\/media?parent=2774"}],"wp:term":[{"taxonomy":"category","embeddable":true,"href":"https:\/\/universofamilia.com\/hu\/wp-json\/wp\/v2\/categories?post=2774"},{"taxonomy":"post_tag","embeddable":true,"href":"https:\/\/universofamilia.com\/hu\/wp-json\/wp\/v2\/tags?post=2774"}],"curies":[{"name":"wp","href":"https:\/\/api.w.org\/{rel}","templated":true}]}}