{"id":2782,"date":"2023-06-19T15:32:11","date_gmt":"2023-06-19T18:32:11","guid":{"rendered":"https:\/\/universofamilia.com\/?p=2782"},"modified":"2023-06-19T15:32:11","modified_gmt":"2023-06-19T18:32:11","slug":"15-ideias-criativas-para-decorar-o-quarto-de-menino","status":"publish","type":"post","link":"https:\/\/universofamilia.com\/hu\/15-ideias-criativas-para-decorar-o-quarto-de-menino\/","title":{"rendered":"15 kreat\u00edv \u00f6tlet Menino szob\u00e1j\u00e1nak d\u00edsz\u00edt\u00e9s\u00e9re"},"content":{"rendered":"<p>15 kreat\u00edv \u00f6tlet a menino szob\u00e1j\u00e1nak d\u00edsz\u00edt\u00e9s\u00e9re, inspir\u00e1ci\u00f3 modern f\u00e9rfiaknak. A gyerekszoba d\u00edsz\u00edt\u00e9se izgalmas \u00e9s kreat\u00edv feladat a legmodernebbek sz\u00e1m\u00e1ra.<\/p>\n\n\n\n<p>Bemutatunk 15 innovat\u00edv \u00e9s sz\u00f3rakoztat\u00f3 \u00f6tletet, amelyek seg\u00edtenek \u00e1talak\u00edtani gyermeked otthon\u00e1t egyedi \u00e9s k\u00fcl\u00f6nleges k\u00f6rnyezett\u00e9.<\/p>\n\n\n\n<p>A szuperh\u0151s ihlette t\u00e9m\u00e1kt\u00f3l az okos b\u00fatormegold\u00e1sokig sz\u00e1mos lehet\u0151s\u00e9get tal\u00e1lsz itt, hogy olyan szob\u00e1t teremts, amely serkenti a k\u00e9pzeletet \u00e9s k\u00e9nyelmet ny\u00fajt a kicsiknek.<\/p>\n\n\n<div class=\"wp-block-image\">\n<figure class=\"aligncenter size-full\"><img loading=\"lazy\" decoding=\"async\" width=\"550\" height=\"350\" src=\"http:\/\/universofamilia.com\/wp-content\/uploads\/sites\/148\/2023\/06\/POST-15-ideias-de-quarto-meninos-universo-familia-.png\" alt=\"\" class=\"wp-image-2783\" srcset=\"https:\/\/universofamilia.com\/wp-content\/uploads\/sites\/148\/2023\/06\/POST-15-ideias-de-quarto-meninos-universo-familia-.png 550w, https:\/\/universofamilia.com\/wp-content\/uploads\/sites\/148\/2023\/06\/POST-15-ideias-de-quarto-meninos-universo-familia--300x191.png 300w\" sizes=\"(max-width: 550px) 100vw, 550px\" \/><figcaption class=\"wp-element-caption\"><em>Fot\u00f3: (reprodukci\u00f3\/internet)<\/em><\/figcaption><\/figure><\/div>\n\n\n<h3 class=\"wp-block-heading\">Szuperh\u0151s\u00f6s t\u00e9ma: Energia- \u00e9s k\u00e9pzel\u0151er\u0151-robban\u00e1s!<\/h3>\n\n\n\n<p>Ha a filmed im\u00e1dja a szuperh\u0151s\u00f6ket, mi\u00e9rt ne alak\u00edtan\u00e1d \u00e1t a szob\u00e1jukat egy hihetetlen tematikus t\u00e9rr\u00e9?<\/p>\n\n\n\n<p>Haszn\u00e1lj tap\u00e9t\u00e1t kedvenc karaktereid mint\u00e1ival, ragassz matric\u00e1kat a szekr\u00e9ny fedel\u00e9re, \u00e9s akassz posztereket a falakra.<\/p>\n\n\n\n<p>Eg\u00e9sz\u00edtsd ki a dekor\u00e1ci\u00f3t tematikus \u00e1gynem\u0171vel \u00e9s f\u00fcgg\u00f6ny\u00f6kkel. Ez az \u00f6tlet sok v\u00e1ltozatoss\u00e1got \u00e9s k\u00f6rnyezetszennyez\u00e9st hoz a k\u00f6rnyezetbe!<\/p>\n\n\n\n<h3 class=\"wp-block-heading\">Mundo dos Esportes: Fiatal sportol\u00f3k negyedik \u00e1lma<\/h3>\n\n\n\n<p>Ha sportfilmet vet\u00edtesz, olyan szob\u00e1t alak\u00edts ki, amely t\u00fckr\u00f6zi a t\u00e1jat. Haszn\u00e1lj \u00e9l\u00e9nk sz\u00edneket a falakon, p\u00e9ld\u00e1ul z\u00f6ldet \u00e9s s\u00e1rg\u00e1t a focihoz, vagy k\u00e9ket \u00e9s feh\u00e9ret a kos\u00e1rlabd\u00e1hoz.<\/p>\n\n\n\n<p>Akassz fel transzparenseket a falra, \u00e9s helyezz el transzparenseket tr\u00f3fe\u00e1k \u00e9s sportfelszerel\u00e9sek bemutat\u00e1s\u00e1ra.<\/p>\n\n\n\n<p>Fontold meg egy sport quad mint\u00e1s sz\u0151nyeget is. Im\u00e1dni fogod a kis sportol\u00f3dat!<\/p>\n\n\n\n<p>Leia is\u00a0<a href=\"https:\/\/universofamilia.com\/hu\/posso-utilizar-ventilador-no-quarto-do-bebe\/\" target=\"_blank\" rel=\"noreferrer noopener\">Haszn\u00e1lhatok ventil\u00e1tort a baba szob\u00e1j\u00e1ban?<\/a><\/p>\n\n\n\n<h3 class=\"wp-block-heading\">Kreativit\u00e1s tere: A fiatal m\u0171v\u00e9szek mened\u00e9ke<\/h3>\n\n\n\n<p>\u00d6szt\u00f6n\u00f6zd gyermekeid kreativit\u00e1s\u00e1t egy inspir\u00e1l\u00f3 szob\u00e1val, ahol m\u0171v\u00e9szi kalandokat t\u00f6lthetsz le. Fesd le a falat lousa tussal, hogy helyesen tudj rajzolni \u00e9s \u00edrni.<\/p>\n\n\n\n<p>Szerelj fel polcokat a m\u0171alkot\u00e1sok \u00e9s a kell\u00e9kek, p\u00e9ld\u00e1ul ceruz\u00e1k, tint\u00e1k \u00e9s ecsetek bemutat\u00e1s\u00e1ra. A falon l\u00e9v\u0151 corti\u00e7a panel is haszn\u00e1lhat\u00f3 a tervek \u00e9s inspir\u00e1ci\u00f3k r\u00f6gz\u00edt\u00e9s\u00e9re.<\/p>\n\n\n\n<h3 class=\"wp-block-heading\">\u00c9rz\u00e9kszervi dekor\u00e1ci\u00f3: Stimul\u00e1lja gyermeke \u00e9rz\u00e9keit<\/h3>\n\n\n\n<p>Teremts olyan szob\u00e1t, amely \u00e9rz\u00e9kszervi elemekkel stimul\u00e1lja gyermeked \u00e9rz\u00e9keit. Haszn\u00e1lj k\u00fcl\u00f6nb\u00f6z\u0151 text\u00far\u00e1j\u00fa, p\u00e9ld\u00e1ul pol\u00e1r vagy egysz\u00edn\u0171 f\u00fcgg\u00f6ny\u00f6ket a tapinthat\u00f3 \u00e9lm\u00e9ny \u00e9rdek\u00e9ben.<\/p>\n\n\n\n<p>Helyezz sz\u00ednes LED-l\u00e1mp\u00e1kat a falakra, hogy hangulatos \u00e9s vizu\u00e1lisan stimul\u00e1l\u00f3 k\u00f6rnyezetet teremts. A l\u00e1bt\u00f6rl\u0151k \u00e9s a k\u00e9nyelmes p\u00e1rn\u00e1k szint\u00e9n hozz\u00e1j\u00e1rulnak a hangulatos l\u00e9gk\u00f6r megteremt\u00e9s\u00e9hez.<\/p>\n\n\n\n<h3 class=\"wp-block-heading\">Nuvens e Bal\u00f5es: Egy csipetnyi fant\u00e1zia<\/h3>\n\n\n\n<p>V\u00e1ltoztasd \u00e1t gyermeked szob\u00e1j\u00e1t var\u00e1zslatos szob\u00e1v\u00e1 felh\u0151kkel \u00e9s a padl\u00f3ra l\u00f3g\u00f3 b\u00e1l\u00e1kkal.<\/p>\n\n\n\n<p>Haszn\u00e1lj matric\u00e1kat sz\u00ednes pap\u00edrral. Kombin\u00e1ld puha magokkal a falon, hogy k\u00f6nnyed \u00e9s var\u00e1zslatos hangulatot teremts. A kis \u00e1lmodoz\u00f3d im\u00e1dni fogja ezt a dekor\u00e1ci\u00f3t!<\/p>\n\n\n\n<h3 class=\"wp-block-heading\">Magas \u00e1gy Escorreg\u00e1val: Egy kaland, amit minden f\u00e9rfi megtapasztalhat<\/h3>\n\n\n\n<p>Hogy m\u00e9g sz\u00f3rakoztat\u00f3bb\u00e1 tedd a gyerekszob\u00e1dat, fektess be egy be\u00e9p\u00edtett fut\u00f3sz\u0151nyeggel ell\u00e1tott gal\u00e9ria\u00e1gyba.<\/p>\n\n\n<div class=\"wp-block-image\">\n<figure class=\"aligncenter size-full\"><img loading=\"lazy\" decoding=\"async\" width=\"550\" height=\"350\" src=\"http:\/\/universofamilia.com\/wp-content\/uploads\/sites\/148\/2023\/06\/POST-15-ideias-de-quarto-meninos-universo-familia-2.png\" alt=\"\" class=\"wp-image-2785\" srcset=\"https:\/\/universofamilia.com\/wp-content\/uploads\/sites\/148\/2023\/06\/POST-15-ideias-de-quarto-meninos-universo-familia-2.png 550w, https:\/\/universofamilia.com\/wp-content\/uploads\/sites\/148\/2023\/06\/POST-15-ideias-de-quarto-meninos-universo-familia-2-300x191.png 300w\" sizes=\"(max-width: 550px) 100vw, 550px\" \/><figcaption class=\"wp-element-caption\"><em>Fot\u00f3: (reprodukci\u00f3\/internet)<\/em><\/figcaption><\/figure><\/div>\n\n\n<p>Ez az \u00f6tlet igazi kalandd\u00e1 var\u00e1zsolja a lefekv\u00e9st. A z\u00e1rt \u00e1gyr\u00e9szt j\u00e1tsz\u00f3t\u00e9rk\u00e9nt vagy tanul\u00f3sarokk\u00e9nt is haszn\u00e1lhatod.<\/p>\n\n\n\n<h3 class=\"wp-block-heading\">Kreat\u00edv szervez\u00e9s: Hely j\u00e1t\u00e9kok t\u00e1rol\u00e1s\u00e1ra<\/h3>\n\n\n\n<p>A j\u00f3 szervezetts\u00e9g elengedhetetlen egy gyerekszob\u00e1ban. Haszn\u00e1lj sz\u00ednes m\u0171anyag dobozokat \u00e9s rudakat a j\u00e1t\u00e9kok \u00f6sszeszerel\u00e9s\u00e9hez.<\/p>\n\n\n\n<p>Helyezz c\u00edmk\u00e9ket a dobozokra a k\u00f6nny\u0171 azonos\u00edt\u00e1s \u00e9rdek\u00e9ben. Egy m\u00e1sik lehet\u0151s\u00e9g, hogy f\u00fclk\u00e9kkel ell\u00e1tott polcokat haszn\u00e1lsz k\u00f6nyvek \u00e9s d\u00edszt\u00e1rgyak t\u00e1rol\u00e1s\u00e1ra. \u00cdgy rendezett \u00e9s funkcion\u00e1lis k\u00f6rnyezetet teremthetsz.<\/p>\n\n\n\n<h3 class=\"wp-block-heading\">Fekete n\u00e9gyzet fal: Kikapcsolhat\u00f3 soksz\u00edn\u0171s\u00e9g<\/h3>\n\n\n\n<p>Egy fekete n\u00e9gyzet alak\u00fa fal nagyszer\u0171 m\u00f3dja a kreativit\u00e1s \u00e9s a tanul\u00e1s \u00f6szt\u00f6nz\u00e9s\u00e9nek.<\/p>\n\n\n\n<p>A f\u00e1jloddal k\u00f6zvetlen\u00fcl a falra \u00edrhatsz, rajzolhatsz \u00e9s gyakorolhatod a bet\u0171ket \u00e9s sz\u00e1mokat. Egyszer\u0171en vigy\u00e9l fel fekete n\u00e9gyzet alak\u00fa tint\u00e1t a k\u00edv\u00e1nt ter\u00fcletre. Ez az \u00f6tlet sokoldal\u00fa \u00e9s modern hangulatot k\u00f6lcs\u00f6n\u00f6z a szob\u00e1nak.<\/p>\n\n\n\n<p>Leia is\u00a0<a href=\"https:\/\/universofamilia.com\/hu\/posso-utilizar-ar-condicionado-no-quarto-do-bebe\/\" target=\"_blank\" rel=\"noreferrer noopener\">Haszn\u00e1lhatom a balzsamot a baba szob\u00e1j\u00e1ban?<\/a><\/p>\n\n\n\n<h3 class=\"wp-block-heading\">Interakt\u00edv vil\u00e1gt\u00e9rk\u00e9p: Ismerd meg a vil\u00e1got an\u00e9lk\u00fcl, hogy megn\u00e9zn\u00e9d a szob\u00e1t<\/h3>\n\n\n\n<p>Keltsd fel filmed k\u00edv\u00e1ncsis\u00e1g\u00e1t egy interakt\u00edv vil\u00e1gt\u00e9rk\u00e9ppel a falon. Fedezd fel a k\u00fcl\u00f6nb\u00f6z\u0151 orsz\u00e1gokat, azonos\u00edtsd a v\u00e1rosokat \u00e9s ismerd meg a vil\u00e1g kultur\u00e1lis soksz\u00edn\u0171s\u00e9g\u00e9t.<\/p>\n\n\n<div class=\"wp-block-image\">\n<figure class=\"aligncenter size-full\"><img loading=\"lazy\" decoding=\"async\" width=\"550\" height=\"350\" src=\"http:\/\/universofamilia.com\/wp-content\/uploads\/sites\/148\/2023\/06\/POST-15-ideias-de-quarto-meninos-universo-familia-4.png\" alt=\"\" class=\"wp-image-2787\" srcset=\"https:\/\/universofamilia.com\/wp-content\/uploads\/sites\/148\/2023\/06\/POST-15-ideias-de-quarto-meninos-universo-familia-4.png 550w, https:\/\/universofamilia.com\/wp-content\/uploads\/sites\/148\/2023\/06\/POST-15-ideias-de-quarto-meninos-universo-familia-4-300x191.png 300w\" sizes=\"(max-width: 550px) 100vw, 550px\" \/><figcaption class=\"wp-element-caption\"><em>Fot\u00f3: (reprodukci\u00f3\/internet)<\/em><\/figcaption><\/figure><\/div>\n\n\n<p>Sz\u00ednes filctollakkal emeld ki azokat a helyeket, amiket m\u00e1r ismersz, vagy amiket meg szeretn\u00e9l l\u00e1togatni. Tanuls\u00e1gos \u00e9s sz\u00f3rakoztat\u00f3 dekor\u00e1ci\u00f3!<\/p>\n\n\n\n<h3 class=\"wp-block-heading\">Ipari st\u00edlus: A szem\u00e9lyis\u00e9g negyedik szob\u00e1ja<\/h3>\n\n\n\n<p>Id\u0151sebb gyerekek sz\u00e1m\u00e1ra egy ipari st\u00edlus\u00fa szoba remek v\u00e1laszt\u00e1s lehet. Haszn\u00e1lj visszafogott sz\u00edneket, mint p\u00e9ld\u00e1ul a cinza, a preto \u00e9s a marrom.<\/p>\n\n\n\n<p>Haszn\u00e1lj f\u00e9m vagy rusztikus fa b\u00fatorokat a v\u00e1rosi \u00e9s inform\u00e1lis hangulat megteremt\u00e9s\u00e9hez. Eg\u00e9sz\u00edtsd ki az \u00f6sszk\u00e9pet ipari st\u00edlus\u00fa vil\u00e1g\u00edt\u00e1ssal. A szob\u00e1d olyan lesz, mint a saj\u00e1t loftod!<\/p>\n\n\n\n<h3 class=\"wp-block-heading\">Dzsungel t\u00e9ma: Kaland a term\u00e9szetben<\/h3>\n\n\n\n<p>Var\u00e1zsolj var\u00e1zslatos dzsungell\u00e9 gyermeked szob\u00e1j\u00e1t! Haszn\u00e1lj \u00e1llatmint\u00e1s tap\u00e9t\u00e1t, p\u00e9ld\u00e1ul oroszl\u00e1nt, elef\u00e1ntot vagy zsir\u00e1fot.<\/p>\n\n\n\n<p>Ragassz n\u00f6v\u00e9nyi matric\u00e1kat a falakra. Helyezz \u00e1llat alak\u00fa p\u00e1rn\u00e1kat az \u00e1gyra, \u00e9s haszn\u00e1lj n\u00e9pi mint\u00e1s sz\u0151nyegeket.<\/p>\n\n\n\n<p>Ez a dekor\u00e1ci\u00f3 fel\u00e9breszti a kicsi kalandv\u00e1gy\u00f3 szellem\u00e9t.<\/p>\n\n\n\n<h3 class=\"wp-block-heading\">Prateleiras Criativas: Exibindo gy\u0171jtem\u00e9nyek \u00e9s kincsek<\/h3>\n\n\n\n<p>K\u00e9sz\u00edts kreat\u00edv k\u00f6nyveket gy\u0171jtem\u00e9nyeid \u00e9s kincseid bemutat\u00e1s\u00e1hoz. Haszn\u00e1lhatsz prateleir\u00e1kat felh\u0151k, bet\u0171k vagy geometriai alakzatok form\u00e1j\u00e1ban.<\/p>\n\n\n\n<p>Rendszerezd harmonikusan a j\u00e1t\u00e9kokat, k\u00f6nyveket \u00e9s d\u00edszt\u00e1rgyakat. Ez az \u00f6tlet egy\u00e9nis\u00e9get k\u00f6lcs\u00f6n\u00f6z a szob\u00e1nak \u00e9s serkenti a rendszerez\u00e9st.<\/p>\n\n\n\n<h3 class=\"wp-block-heading\">Tenda Aconchegante: Cantinho a kikapcsol\u00f3d\u00e1shoz<\/h3>\n\n\n\n<p>Teremts k\u00e9nyelmes teret a gyerekszob\u00e1ban egy t\u00e1rol\u00f3hellyel. Helyezz el p\u00e1rn\u00e1kat \u00e9s vastag takar\u00f3kat, hogy t\u00f6k\u00e9letes \u00e9tkez\u0151helyet hozz l\u00e9tre olvas\u00e1shoz \u00e9s pihen\u00e9shez.<\/p>\n\n\n\n<p>Haszn\u00e1lj sz\u00ednes \u00e9s mint\u00e1s anyagokat, hogy vonz\u00f3bb\u00e1 tedd ezt a trendet. Ide\u00e1lis hely a kikapcsol\u00f3d\u00e1sra \u00e9s a fant\u00e1zi\u00e1d szabadj\u00e1ra enged\u00e9s\u00e9re.<\/p>\n\n\n\n<h3 class=\"wp-block-heading\">Fun Shelf: K\u00f6nyvek k\u00e9zn\u00e9l<\/h3>\n\n\n\n<p>\u00c9l\u00e9nk\u00edtsd az olvas\u00e1si szok\u00e1saidat egy vid\u00e1m polccal a gyermeked szob\u00e1j\u00e1ban. Haszn\u00e1lj bet\u0171k vagy karakterek form\u00e1j\u00fa k\u00f6nyvespolcokat a k\u00f6nyvek j\u00e1t\u00e9kos t\u00e1rol\u00e1s\u00e1ra.<\/p>\n\n\n<div class=\"wp-block-image\">\n<figure class=\"aligncenter size-full\"><img loading=\"lazy\" decoding=\"async\" width=\"550\" height=\"350\" src=\"http:\/\/universofamilia.com\/wp-content\/uploads\/sites\/148\/2023\/06\/POST-15-ideias-de-quarto-meninos-universo-familia-3.png\" alt=\"\" class=\"wp-image-2786\" srcset=\"https:\/\/universofamilia.com\/wp-content\/uploads\/sites\/148\/2023\/06\/POST-15-ideias-de-quarto-meninos-universo-familia-3.png 550w, https:\/\/universofamilia.com\/wp-content\/uploads\/sites\/148\/2023\/06\/POST-15-ideias-de-quarto-meninos-universo-familia-3-300x191.png 300w\" sizes=\"(max-width: 550px) 100vw, 550px\" \/><figcaption class=\"wp-element-caption\"><em>Fot\u00f3: (reprodukci\u00f3\/internet)<\/em><\/figcaption><\/figure><\/div>\n\n\n<p>Helyezz p\u00e1rn\u00e1kat vagy sz\u00e9keket a polc mell\u00e9, hogy k\u00e9nyelmes helyet teremts az olvas\u00e1shoz. \u00cdgy a kedvenc k\u00f6nyveid mindig k\u00e9zn\u00e9l lesznek.<\/p>\n\n\n\n<h3 class=\"wp-block-heading\">M\u00e1gneses falak: Egy extra adag sz\u00f3rakoz\u00e1s<\/h3>\n\n\n\n<p>V\u00e1ltoztasd \u00e1t gyerekszob\u00e1d falait igaz\u00e1n sz\u00f3rakoztat\u00f3 k\u00e9pekk\u00e9. Haszn\u00e1lj m\u00e1gneses tint\u00e1t egy vagy t\u00f6bb falon, hogy rajzokkal, fot\u00f3kkal \u00e9s \u00fczenetekkel r\u00f6gz\u00edthesd a k\u00e9peket.<\/p>\n\n\n\n<p>A dekor\u00e1ci\u00f3 vagy a hangulat megteremt\u00e9se mellett ez az \u00f6tlet serkenti a kreativit\u00e1st \u00e9s az interakci\u00f3t is.<\/p>\n\n\n\n<p>Kieg\u00e9sz\u00edt\u0151kre \u00e9s ruh\u00e1ra van sz\u00fcks\u00e9gem, conhe\u00e7a |\u00a0<a href=\"https:\/\/www.luzbaby.com.br\/\" target=\"_blank\" rel=\"noreferrer noopener\">A Luz Baby az egyik legjobb csecsem\u0151term\u00e9keket \u00e1rus\u00edt\u00f3 \u00fczlet. Kattints ide<\/a><\/p>\n\n\n\n<h3 class=\"wp-block-heading\">K\u00f6vetkeztet\u00e9s<\/h3>\n\n\n\n<p>A gyerekszoba berendez\u00e9se izgalmas \u00e9lm\u00e9ny lehet a modern l\u00e1nyok sz\u00e1m\u00e1ra. Ezzel a 15 kreat\u00edv \u00f6tlettel egyedi teret hozhatsz l\u00e9tre, amely t\u00fckr\u00f6zi gyermeked szem\u00e9lyis\u00e9g\u00e9t \u00e9s \u00e9rdekl\u0151d\u00e9si k\u00f6r\u00e9t.<\/p>\n\n\n\n<p>Fontos, hogy a javaslatokat az \u00e9letst\u00edlusodhoz \u00e9s az \u00edzl\u00e9sedhez igaz\u00edtsd. Egy kis k\u00e9pzel\u0151er\u0151vel \u00e9s kreativit\u00e1ssal a szob\u00e1t igazi soksz\u00edn\u0171s\u00e9g \u00e9s k\u00e9nyelem o\u00e1zis\u00e1v\u00e1 alak\u00edthatod a kicsi sz\u00e1m\u00e1ra.<\/p>","protected":false},"excerpt":{"rendered":"<p>15 Ideias Criativas para Decorar o Quarto de Menino, Inspira\u00e7\u00e3o para M\u00e3es Modernas. Decorar o quarto de um menino \u00e9 uma tarefa emocionante e criativa para as m\u00e3es modernas. Vamos apresentar 15 ideias inovadoras e divertidas que ajudar\u00e3o a transformar o espa\u00e7o do seu filho em um ambiente \u00fanico e especial. Desde temas inspirados em [&hellip;]<\/p>","protected":false},"author":0,"featured_media":2788,"comment_status":"closed","ping_status":"open","sticky":false,"template":"","format":"standard","meta":{"footnotes":""},"categories":[4],"tags":[716,717,1311],"yoast_head":"<!-- This site is optimized with the Yoast SEO plugin v23.3 - https:\/\/yoast.com\/wordpress\/plugins\/seo\/ -->\n<title>15 Ideias Criativas para Decorar o Quarto de Menino - Universo Fam\u00edlia<\/title>\n<meta name=\"description\" content=\"15 Ideias Criativas para Decorar o Quarto de Menino, Inspira\u00e7\u00e3o para M\u00e3es Modernas. Decorar o quarto de um menino \u00e9 uma tarefa emocionante\" \/>\n<meta name=\"robots\" content=\"index, follow, max-snippet:-1, max-image-preview:large, max-video-preview:-1\" \/>\n<link rel=\"canonical\" href=\"http:\/\/universofamilia.com\/hu\/15-idei-creative-pentru-decorarea-camerei-copiilor\/\" \/>\n<meta property=\"og:locale\" content=\"hu_HU\" \/>\n<meta property=\"og:type\" content=\"article\" \/>\n<meta property=\"og:title\" content=\"15 Ideias Criativas para Decorar o Quarto de Menino - Universo Fam\u00edlia\" \/>\n<meta property=\"og:description\" content=\"15 Ideias Criativas para Decorar o Quarto de Menino, Inspira\u00e7\u00e3o para M\u00e3es Modernas. Decorar o quarto de um menino \u00e9 uma tarefa emocionante\" \/>\n<meta property=\"og:url\" content=\"http:\/\/universofamilia.com\/hu\/15-idei-creative-pentru-decorarea-camerei-copiilor\/\" \/>\n<meta property=\"og:site_name\" content=\"Universo Fam\u00edlia\" \/>\n<meta property=\"article:published_time\" content=\"2023-06-19T18:32:11+00:00\" \/>\n<meta property=\"og:image\" content=\"http:\/\/universofamilia.com\/wp-content\/uploads\/sites\/148\/2023\/06\/DESTAQUE-decoracao-quarto-menino-universo-familia-.png\" \/>\n\t<meta property=\"og:image:width\" content=\"448\" \/>\n\t<meta property=\"og:image:height\" content=\"350\" \/>\n\t<meta property=\"og:image:type\" content=\"image\/png\" \/>\n<meta name=\"twitter:card\" content=\"summary_large_image\" \/>\n<meta name=\"twitter:label1\" content=\"Est. reading time\" \/>\n\t<meta name=\"twitter:data1\" content=\"7 perc\" \/>\n<script type=\"application\/ld+json\" class=\"yoast-schema-graph\">{\"@context\":\"https:\/\/schema.org\",\"@graph\":[{\"@type\":\"WebPage\",\"@id\":\"http:\/\/universofamilia.com\/ro\/15-idei-creative-pentru-decorarea-camerei-copiilor\/\",\"url\":\"http:\/\/universofamilia.com\/ro\/15-idei-creative-pentru-decorarea-camerei-copiilor\/\",\"name\":\"15 Ideias Criativas para Decorar o Quarto de Menino - Universo Fam\u00edlia\",\"isPartOf\":{\"@id\":\"http:\/\/universofamilia.com\/zh_hk\/#website\"},\"primaryImageOfPage\":{\"@id\":\"http:\/\/universofamilia.com\/ro\/15-idei-creative-pentru-decorarea-camerei-copiilor\/#primaryimage\"},\"image\":{\"@id\":\"http:\/\/universofamilia.com\/ro\/15-idei-creative-pentru-decorarea-camerei-copiilor\/#primaryimage\"},\"thumbnailUrl\":\"https:\/\/universofamilia.com\/wp-content\/uploads\/sites\/148\/2023\/06\/DESTAQUE-decoracao-quarto-menino-universo-familia-.png\",\"datePublished\":\"2023-06-19T18:32:11+00:00\",\"dateModified\":\"2023-06-19T18:32:11+00:00\",\"author\":{\"@id\":\"\"},\"description\":\"15 Ideias Criativas para Decorar o Quarto de Menino, Inspira\u00e7\u00e3o para M\u00e3es Modernas. Decorar o quarto de um menino \u00e9 uma tarefa emocionante\",\"breadcrumb\":{\"@id\":\"http:\/\/universofamilia.com\/ro\/15-idei-creative-pentru-decorarea-camerei-copiilor\/#breadcrumb\"},\"inLanguage\":\"hu\",\"potentialAction\":[{\"@type\":\"ReadAction\",\"target\":[\"http:\/\/universofamilia.com\/ro\/15-idei-creative-pentru-decorarea-camerei-copiilor\/\"]}]},{\"@type\":\"ImageObject\",\"inLanguage\":\"hu\",\"@id\":\"http:\/\/universofamilia.com\/ro\/15-idei-creative-pentru-decorarea-camerei-copiilor\/#primaryimage\",\"url\":\"https:\/\/universofamilia.com\/wp-content\/uploads\/sites\/148\/2023\/06\/DESTAQUE-decoracao-quarto-menino-universo-familia-.png\",\"contentUrl\":\"https:\/\/universofamilia.com\/wp-content\/uploads\/sites\/148\/2023\/06\/DESTAQUE-decoracao-quarto-menino-universo-familia-.png\",\"width\":448,\"height\":350},{\"@type\":\"BreadcrumbList\",\"@id\":\"http:\/\/universofamilia.com\/ro\/15-idei-creative-pentru-decorarea-camerei-copiilor\/#breadcrumb\",\"itemListElement\":[{\"@type\":\"ListItem\",\"position\":1,\"name\":\"Home\",\"item\":\"http:\/\/universofamilia.com\/zh_hk\/\"},{\"@type\":\"ListItem\",\"position\":2,\"name\":\"15 Ideias Criativas para Decorar o Quarto de Menino\"}]},{\"@type\":\"WebSite\",\"@id\":\"http:\/\/universofamilia.com\/zh_hk\/#website\",\"url\":\"http:\/\/universofamilia.com\/zh_hk\/\",\"name\":\"Universo Fam\u00edlia\",\"description\":\"\",\"potentialAction\":[{\"@type\":\"SearchAction\",\"target\":{\"@type\":\"EntryPoint\",\"urlTemplate\":\"http:\/\/universofamilia.com\/zh_hk\/?s={search_term_string}\"},\"query-input\":\"required name=search_term_string\"}],\"inLanguage\":\"hu\"}]}<\/script>\n<!-- \/ Yoast SEO plugin. -->","yoast_head_json":{"title":"15 Ideias Criativas para Decorar o Quarto de Menino - Universo Fam\u00edlia","description":"15 Ideias Criativas para Decorar o Quarto de Menino, Inspira\u00e7\u00e3o para M\u00e3es Modernas. Decorar o quarto de um menino \u00e9 uma tarefa emocionante","robots":{"index":"index","follow":"follow","max-snippet":"max-snippet:-1","max-image-preview":"max-image-preview:large","max-video-preview":"max-video-preview:-1"},"canonical":"http:\/\/universofamilia.com\/hu\/15-idei-creative-pentru-decorarea-camerei-copiilor\/","og_locale":"hu_HU","og_type":"article","og_title":"15 Ideias Criativas para Decorar o Quarto de Menino - Universo Fam\u00edlia","og_description":"15 Ideias Criativas para Decorar o Quarto de Menino, Inspira\u00e7\u00e3o para M\u00e3es Modernas. Decorar o quarto de um menino \u00e9 uma tarefa emocionante","og_url":"http:\/\/universofamilia.com\/hu\/15-idei-creative-pentru-decorarea-camerei-copiilor\/","og_site_name":"Universo Fam\u00edlia","article_published_time":"2023-06-19T18:32:11+00:00","og_image":[{"width":448,"height":350,"url":"http:\/\/universofamilia.com\/wp-content\/uploads\/sites\/148\/2023\/06\/DESTAQUE-decoracao-quarto-menino-universo-familia-.png","type":"image\/png"}],"twitter_card":"summary_large_image","twitter_misc":{"Est. reading time":"7 perc"},"schema":{"@context":"https:\/\/schema.org","@graph":[{"@type":"WebPage","@id":"http:\/\/universofamilia.com\/ro\/15-idei-creative-pentru-decorarea-camerei-copiilor\/","url":"http:\/\/universofamilia.com\/ro\/15-idei-creative-pentru-decorarea-camerei-copiilor\/","name":"15 Ideias Criativas para Decorar o Quarto de Menino - Universo Fam\u00edlia","isPartOf":{"@id":"http:\/\/universofamilia.com\/zh_hk\/#website"},"primaryImageOfPage":{"@id":"http:\/\/universofamilia.com\/ro\/15-idei-creative-pentru-decorarea-camerei-copiilor\/#primaryimage"},"image":{"@id":"http:\/\/universofamilia.com\/ro\/15-idei-creative-pentru-decorarea-camerei-copiilor\/#primaryimage"},"thumbnailUrl":"https:\/\/universofamilia.com\/wp-content\/uploads\/sites\/148\/2023\/06\/DESTAQUE-decoracao-quarto-menino-universo-familia-.png","datePublished":"2023-06-19T18:32:11+00:00","dateModified":"2023-06-19T18:32:11+00:00","author":{"@id":""},"description":"15 Ideias Criativas para Decorar o Quarto de Menino, Inspira\u00e7\u00e3o para M\u00e3es Modernas. Decorar o quarto de um menino \u00e9 uma tarefa emocionante","breadcrumb":{"@id":"http:\/\/universofamilia.com\/ro\/15-idei-creative-pentru-decorarea-camerei-copiilor\/#breadcrumb"},"inLanguage":"hu","potentialAction":[{"@type":"ReadAction","target":["http:\/\/universofamilia.com\/ro\/15-idei-creative-pentru-decorarea-camerei-copiilor\/"]}]},{"@type":"ImageObject","inLanguage":"hu","@id":"http:\/\/universofamilia.com\/ro\/15-idei-creative-pentru-decorarea-camerei-copiilor\/#primaryimage","url":"https:\/\/universofamilia.com\/wp-content\/uploads\/sites\/148\/2023\/06\/DESTAQUE-decoracao-quarto-menino-universo-familia-.png","contentUrl":"https:\/\/universofamilia.com\/wp-content\/uploads\/sites\/148\/2023\/06\/DESTAQUE-decoracao-quarto-menino-universo-familia-.png","width":448,"height":350},{"@type":"BreadcrumbList","@id":"http:\/\/universofamilia.com\/ro\/15-idei-creative-pentru-decorarea-camerei-copiilor\/#breadcrumb","itemListElement":[{"@type":"ListItem","position":1,"name":"Home","item":"http:\/\/universofamilia.com\/zh_hk\/"},{"@type":"ListItem","position":2,"name":"15 Ideias Criativas para Decorar o Quarto de Menino"}]},{"@type":"WebSite","@id":"http:\/\/universofamilia.com\/zh_hk\/#website","url":"http:\/\/universofamilia.com\/zh_hk\/","name":"Universo Fam\u00edlia","description":"","potentialAction":[{"@type":"SearchAction","target":{"@type":"EntryPoint","urlTemplate":"http:\/\/universofamilia.com\/zh_hk\/?s={search_term_string}"},"query-input":"required name=search_term_string"}],"inLanguage":"hu"}]}},"_links":{"self":[{"href":"https:\/\/universofamilia.com\/hu\/wp-json\/wp\/v2\/posts\/2782"}],"collection":[{"href":"https:\/\/universofamilia.com\/hu\/wp-json\/wp\/v2\/posts"}],"about":[{"href":"https:\/\/universofamilia.com\/hu\/wp-json\/wp\/v2\/types\/post"}],"replies":[{"embeddable":true,"href":"https:\/\/universofamilia.com\/hu\/wp-json\/wp\/v2\/comments?post=2782"}],"version-history":[{"count":0,"href":"https:\/\/universofamilia.com\/hu\/wp-json\/wp\/v2\/posts\/2782\/revisions"}],"wp:featuredmedia":[{"embeddable":true,"href":"https:\/\/universofamilia.com\/hu\/wp-json\/wp\/v2\/media\/2788"}],"wp:attachment":[{"href":"https:\/\/universofamilia.com\/hu\/wp-json\/wp\/v2\/media?parent=2782"}],"wp:term":[{"taxonomy":"category","embeddable":true,"href":"https:\/\/universofamilia.com\/hu\/wp-json\/wp\/v2\/categories?post=2782"},{"taxonomy":"post_tag","embeddable":true,"href":"https:\/\/universofamilia.com\/hu\/wp-json\/wp\/v2\/tags?post=2782"}],"curies":[{"name":"wp","href":"https:\/\/api.w.org\/{rel}","templated":true}]}}