{"id":2973,"date":"2023-06-22T15:00:00","date_gmt":"2023-06-22T18:00:00","guid":{"rendered":"https:\/\/universofamilia.com\/?p=2973"},"modified":"2025-01-28T14:29:43","modified_gmt":"2025-01-28T14:29:43","slug":"os-7-erros-que-quase-toda-mae-comete-sobre-maternidade","status":"publish","type":"post","link":"https:\/\/universofamilia.com\/hu\/os-7-erros-que-quase-toda-mae-comete-sobre-maternidade\/","title":{"rendered":"7 hiba, amit mindenki elk\u00f6vet az anyas\u00e1ggal kapcsolatban"},"content":{"rendered":"<p>A 7 hiba, amit mindenki elk\u00f6vet az anyas\u00e1ggal kapcsolatban. T\u00f6bbnek lenni csod\u00e1latos kih\u00edv\u00e1s, de tele van bizonytalans\u00e1gokkal \u00e9s k\u00e9rd\u00e9sekkel is.<\/p>\n\n\n\n<p>A t\u00f6k\u00e9letess\u00e9g keres\u00e9se k\u00f6zben olykor hib\u00e1kat k\u00f6vet\u00fcnk el, amelyek k\u00e1ros\u00edthatj\u00e1k gyermekeink eg\u00e9szs\u00e9ges fejl\u0151d\u00e9s\u00e9t \u00e9s j\u00f3l\u00e9t\u00e9t. N\u00e9zz\u00fck meg a 7 leggyakoribb sz\u00fcl\u00e9szeti hib\u00e1t \u00e9s azt, hogyan ker\u00fclhetj\u00fck el \u0151ket. Gyere velem!<\/p>\n\n\n\n<h3 class=\"wp-block-heading\">A M\u00e3e tenta ser perfeita<\/h3>\n\n\n\n<p>Sokkal t\u00f6bben \u00e9rzik a t\u00f6k\u00e9letess\u00e9g nyom\u00e1s\u00e1t az anyas\u00e1g minden aspektus\u00e1ban. Fontos azonban megjegyezni, hogy semmi sem t\u00f6k\u00e9letes, \u00e9s semmi m\u00e1st nem foglal mag\u00e1ban.<\/p>\n\n\n<div class=\"wp-block-image\">\n<figure class=\"aligncenter size-full\"><img loading=\"lazy\" decoding=\"async\" width=\"550\" height=\"350\" src=\"http:\/\/universofamilia.com\/wp-content\/uploads\/sites\/148\/2023\/06\/POST-7-ERROS-MATERNINDADE-universo-familia-.png\" alt=\"\" class=\"wp-image-2998\" srcset=\"https:\/\/universofamilia.com\/wp-content\/uploads\/sites\/148\/2023\/06\/POST-7-ERROS-MATERNINDADE-universo-familia-.png 550w, https:\/\/universofamilia.com\/wp-content\/uploads\/sites\/148\/2023\/06\/POST-7-ERROS-MATERNINDADE-universo-familia--300x191.png 300w\" sizes=\"(max-width: 550px) 100vw, 550px\" \/><figcaption class=\"wp-element-caption\"><em>Fot\u00f3: (reprodukci\u00f3\/internet)<\/em><\/figcaption><\/figure><\/div>\n\n\n<p>Olajozd el a korl\u00e1taidat, \u00e9s \u00e9rtsd meg, hogy a kisebb hib\u00e1k norm\u00e1lisak, \u00e9s a tanul\u00e1s velej\u00e1r\u00f3i. A t\u00f6k\u00e9letess\u00e9g keres\u00e9se helyett a szeretetet \u00e9s a filmeddel val\u00f3 kapcsolatot helyezd el\u0151t\u00e9rbe.<\/p>\n\n\n\n<h3 class=\"wp-block-heading\">Hasonl\u00edtsa \u00f6ssze a lidar form\u00e1it a f\u00e1jlokkal<\/h3>\n\n\n\n<p>Minden gyermeknek megvan a saj\u00e1t st\u00edlusa a gyereknevel\u00e9sben, \u00e9s ez teljesen norm\u00e1lis. Az \u00e1lland\u00f3 \u00f6nmagunk m\u00e1sokkal val\u00f3 \u00f6sszehasonl\u00edt\u00e1sa csak bizonytalans\u00e1ghoz \u00e9s el\u00e9gedetlens\u00e9ghez vezet.<\/p>\n\n\n\n<p>Becs\u00fcld meg a saj\u00e1t k\u00e9pess\u00e9geidet, \u00e9s b\u00edzd r\u00e1nk anyai \u00f6szt\u00f6neidet. Tudom, hogy minden gyermek egyedi, \u00e9s szem\u00e9lyre szabott gondoskod\u00e1st ig\u00e9nyel.<\/p>\n\n\n\n<h3 class=\"wp-block-heading\">Bizony\u00edtsd be, hogy nincs sz\u00fcks\u00e9ged seg\u00edts\u00e9gre<\/h3>\n\n\n\n<p>Sokszor azt is hissz\u00fck, hogy minden\u00e9rt nek\u00fcnk kell felel\u0151ss\u00e9get v\u00e1llalnunk, vagy hogy ez rendk\u00edv\u00fcl kimer\u00edt\u0151 lehet. Ne f\u00e9lj\u00fcnk seg\u00edts\u00e9get k\u00e9rni, amikor sz\u00fcks\u00e9ges.<\/p>\n\n\n\n<p>Sz\u00e1m\u00edts a csal\u00e1dodra, a bar\u00e1taidra vagy a szakemberekre, hogy seg\u00edtsenek a mindennapi feladatokban, vagy hogy pihen\u0151id\u0151t biztos\u00edtsanak sz\u00e1modra. Tudd, hogy vigy\u00e1znod kell magadra \u00e9s a gyermekeidre is.<\/p>\n\n\n\n<h3 class=\"wp-block-heading\">Pr\u00f3b\u00e1ld meg magad m\u00f6g\u00f6tt hagyni a haz\u00e1dat, \u00e9s v\u00e1llalj minden felel\u0151ss\u00e9get.<\/h3>\n\n\n\n<p>Az anyas\u00e1g egy k\u00f6z\u00f6s nap, amit anya \u00e9s apa megoszt. Ne v\u00e1llalj magadra minden felel\u0151ss\u00e9get az\u00e9rt, hogy r\u00e9szt vehess vagy akt\u00edvan r\u00e9szt vehess a gyermeknevel\u00e9sben.<\/p>\n\n\n\n<p>Megosztjuk a feladatokat, a d\u00f6nt\u00e9seket \u00e9s a k\u00fcl\u00f6nleges pillanatokat. Ez a partners\u00e9g er\u0151s\u00edti a csal\u00e1dot, \u00e9s lehet\u0151v\u00e9 teszi mindketten, hogy teljes m\u00e9rt\u00e9kben \u00e9lvezhess\u00e9k haz\u00e1nk tapasztalatait.<\/p>\n\n\n\n<h3 class=\"wp-block-heading\">V\u00e1zlat egy n\u0151r\u0151l, aki az anyja m\u00f6g\u00f6tt \u00e9l, \u00e9s nem gondoskodik mag\u00e1r\u00f3l<\/h3>\n\n\n\n<p>Mostant\u00f3l egyre gyakoribb lesz, hogy a n\u0151k teljesen a gyermekeiknek szentelik magukat, megfeledkezve \u00f6nmagukr\u00f3l. Fontos eml\u00e9kezni arra, hogy n\u0151 \u00e9s anya vagy.<\/p>\n\n\n\n<p>Sz\u00e1nj id\u0151t magadra, \u00e1pold a hobbidat, az \u00e9rdekl\u0151d\u00e9si k\u00f6r\u00f6det \u00e9s a kapcsolataidat. Tedd fontoss\u00e1 a boldogs\u00e1godat \u00e9s a boldogs\u00e1godat.<\/p>\n\n\n\n<h3 class=\"wp-block-heading\">Vigy\u00e1zz a fizikai \u00e9s \u00e9rzelmi eg\u00e9szs\u00e9gedre<\/h3>\n\n\n\n<p>T\u00fal sok gyerek saj\u00e1t maga gondoskodik a saj\u00e1t sz\u00fcks\u00e9gleteir\u0151l, elhanyagolva fizikai \u00e9s \u00e9rzelmi eg\u00e9szs\u00e9g\u00e9t. Tudd, hogy j\u00f3l kell lenned ahhoz, hogy gondoskodhass a gyermekedr\u0151l. \u00c9tkezz megfelel\u0151en, mozogj, aludj eleget, \u00e9s vigy\u00e1zz a ment\u00e1lis eg\u00e9szs\u00e9gedre. Tedd az \u00f6ngondoskod\u00e1st priorit\u00e1ss\u00e1, \u00e9s keresd a kikapcsol\u00f3d\u00e1s pillanatait.<\/p>\n\n\n\n<h3 class=\"wp-block-heading\">Bizony\u00edtja, hogy az anyas\u00e1gban vannak abszol\u00fat igazs\u00e1gok<\/h3>\n\n\n\n<p>V\u00e9gtelen mennyis\u00e9g\u0171 inform\u00e1ci\u00f3 \u00e1ll rendelkez\u00e9sre a sz\u00fcl\u00e9szetr\u0151l, \u00e9s egyik sem vonatkozik mindenki m\u00e1sra. L\u00e9gy \u00f3vatos a kering\u0151 abszol\u00fat igazs\u00e1gokkal.<\/p>\n\n\n\n<p>Minden gyermek egyedi, ak\u00e1rcsak minden anya. B\u00edzz magadban az iskol\u00e1idban. Keress megb\u00edzhat\u00f3 inform\u00e1ci\u00f3kat, de tudd, hogy te vagy a legjobb b\u00edr\u00f3 a d\u00f6nt\u00e9sben, hogy mi a legjobb a gyermeked sz\u00e1m\u00e1ra.<\/p>\n\n\n\n<h3 class=\"wp-block-heading\">K\u00f6vetkeztet\u00e9s<\/h3>\n\n\n\n<p>Az anyas\u00e1g egy folyamatos tanul\u00e1si folyamat, tele kih\u00edv\u00e1sokkal \u00e9s felfedez\u00e9sekkel. Ha elker\u00fcl\u00f6d ezt a 7 gyakori hib\u00e1t, akkor a legt\u00f6bbet hozhatod ki abb\u00f3l a napb\u00f3l, meger\u0151s\u00edtve a k\u00f6tel\u00e9ket a gyermekeddel, \u00e9s meg\u0151rizve fizikai \u00e9s \u00e9rzelmi eg\u00e9szs\u00e9gedet.<\/p>\n\n\n\n<p>Tudom, hogy nincs t\u00f6k\u00e9letes anya, csak egy szeret\u0151 \u00e9s odaad\u00f3 anya l\u00e9tezik, aki tud\u00e1ssal \u00e9s szeretettel k\u00e9szen \u00e1ll szemben\u00e9zni az anyas\u00e1g kih\u00edv\u00e1saival.<\/p>\n\n\n\n<p>Al\u00e9m disso, kieg\u00e9sz\u00edt\u0151kre \u00e9s ruh\u00e1kra van sz\u00fcks\u00e9ge, conhe\u00e7a |&nbsp;<a href=\"https:\/\/www.luzbaby.com.br\/\" target=\"_blank\" rel=\"noreferrer noopener\">A Luz Baby az egyik legjobb csecsem\u0151term\u00e9keket \u00e1rus\u00edt\u00f3 \u00fczlet. Kattints ide<\/a><\/p>","protected":false},"excerpt":{"rendered":"<p>Os 7 erros que (quase) toda m\u00e3e comete sobre maternidade. Ser m\u00e3e \u00e9 um desafio maravilhoso, mas tamb\u00e9m repleto de incertezas e questionamentos. \u00c0s vezes, na busca pela perfei\u00e7\u00e3o, cometemos alguns erros que podem prejudicar nosso bem-estar e o desenvolvimento saud\u00e1vel dos nossos filhos. Vamos abordar os 7 erros mais comuns da maternidade e como [&hellip;]<\/p>","protected":false},"author":139,"featured_media":2974,"comment_status":"closed","ping_status":"open","sticky":false,"template":"","format":"standard","meta":{"footnotes":""},"categories":[5],"tags":[44,833],"yoast_head":"<!-- This site is optimized with the Yoast SEO plugin v23.3 - https:\/\/yoast.com\/wordpress\/plugins\/seo\/ -->\n<title>Os 7 erros que (quase) toda m\u00e3e comete sobre maternidade - Universo Fam\u00edlia<\/title>\n<meta name=\"description\" content=\"Os 7 erros que (quase) toda m\u00e3e comete sobre maternidade. Ser m\u00e3e \u00e9 um desafio maravilhoso, mas tamb\u00e9m repleto de incertezas e...\" \/>\n<meta name=\"robots\" content=\"index, follow, max-snippet:-1, max-image-preview:large, max-video-preview:-1\" \/>\n<link rel=\"canonical\" href=\"http:\/\/universofamilia.com\/hu\/os-7-erros-que-quase-toda-mae-comete-sobre-maternidade\/\" \/>\n<meta property=\"og:locale\" content=\"hu_HU\" \/>\n<meta property=\"og:type\" content=\"article\" \/>\n<meta property=\"og:title\" content=\"Os 7 erros que (quase) toda m\u00e3e comete sobre maternidade - Universo Fam\u00edlia\" \/>\n<meta property=\"og:description\" content=\"Os 7 erros que (quase) toda m\u00e3e comete sobre maternidade. Ser m\u00e3e \u00e9 um desafio maravilhoso, mas tamb\u00e9m repleto de incertezas e...\" \/>\n<meta property=\"og:url\" content=\"http:\/\/universofamilia.com\/hu\/os-7-erros-que-quase-toda-mae-comete-sobre-maternidade\/\" \/>\n<meta property=\"og:site_name\" content=\"Universo Fam\u00edlia\" \/>\n<meta property=\"article:published_time\" content=\"2023-06-22T18:00:00+00:00\" \/>\n<meta property=\"article:modified_time\" content=\"2025-01-28T14:29:43+00:00\" \/>\n<meta property=\"og:image\" content=\"http:\/\/universofamilia.com\/wp-content\/uploads\/sites\/148\/2023\/06\/DESTAQUE-7-ERROS-MATERNIDADE-universo-familia-.png\" \/>\n\t<meta property=\"og:image:width\" content=\"448\" \/>\n\t<meta property=\"og:image:height\" content=\"350\" \/>\n\t<meta property=\"og:image:type\" content=\"image\/png\" \/>\n<meta name=\"author\" content=\"Pedro Henrique\" \/>\n<meta name=\"twitter:card\" content=\"summary_large_image\" \/>\n<meta name=\"twitter:label1\" content=\"Written by\" \/>\n\t<meta name=\"twitter:data1\" content=\"Pedro Henrique\" \/>\n\t<meta name=\"twitter:label2\" content=\"Est. reading time\" \/>\n\t<meta name=\"twitter:data2\" content=\"4 perc\" \/>\n<script type=\"application\/ld+json\" class=\"yoast-schema-graph\">{\"@context\":\"https:\/\/schema.org\",\"@graph\":[{\"@type\":\"WebPage\",\"@id\":\"http:\/\/universofamilia.com\/zh\/os-7-erros-que-quase-toda-mae-comete-sobre-maternidade\/\",\"url\":\"http:\/\/universofamilia.com\/zh\/os-7-erros-que-quase-toda-mae-comete-sobre-maternidade\/\",\"name\":\"Os 7 erros que (quase) toda m\u00e3e comete sobre maternidade - Universo Fam\u00edlia\",\"isPartOf\":{\"@id\":\"http:\/\/universofamilia.com\/zh_hk\/#website\"},\"primaryImageOfPage\":{\"@id\":\"http:\/\/universofamilia.com\/zh\/os-7-erros-que-quase-toda-mae-comete-sobre-maternidade\/#primaryimage\"},\"image\":{\"@id\":\"http:\/\/universofamilia.com\/zh\/os-7-erros-que-quase-toda-mae-comete-sobre-maternidade\/#primaryimage\"},\"thumbnailUrl\":\"https:\/\/universofamilia.com\/wp-content\/uploads\/sites\/148\/2023\/06\/DESTAQUE-7-ERROS-MATERNIDADE-universo-familia-.png\",\"datePublished\":\"2023-06-22T18:00:00+00:00\",\"dateModified\":\"2025-01-28T14:29:43+00:00\",\"author\":{\"@id\":\"http:\/\/universofamilia.com\/zh_hk\/#\/schema\/person\/f07ce98187dd84d31154262e79b3b7ca\"},\"description\":\"Os 7 erros que (quase) toda m\u00e3e comete sobre maternidade. Ser m\u00e3e \u00e9 um desafio maravilhoso, mas tamb\u00e9m repleto de incertezas e...\",\"breadcrumb\":{\"@id\":\"http:\/\/universofamilia.com\/zh\/os-7-erros-que-quase-toda-mae-comete-sobre-maternidade\/#breadcrumb\"},\"inLanguage\":\"hu\",\"potentialAction\":[{\"@type\":\"ReadAction\",\"target\":[\"http:\/\/universofamilia.com\/zh\/os-7-erros-que-quase-toda-mae-comete-sobre-maternidade\/\"]}]},{\"@type\":\"ImageObject\",\"inLanguage\":\"hu\",\"@id\":\"http:\/\/universofamilia.com\/zh\/os-7-erros-que-quase-toda-mae-comete-sobre-maternidade\/#primaryimage\",\"url\":\"https:\/\/universofamilia.com\/wp-content\/uploads\/sites\/148\/2023\/06\/DESTAQUE-7-ERROS-MATERNIDADE-universo-familia-.png\",\"contentUrl\":\"https:\/\/universofamilia.com\/wp-content\/uploads\/sites\/148\/2023\/06\/DESTAQUE-7-ERROS-MATERNIDADE-universo-familia-.png\",\"width\":448,\"height\":350},{\"@type\":\"BreadcrumbList\",\"@id\":\"http:\/\/universofamilia.com\/zh\/os-7-erros-que-quase-toda-mae-comete-sobre-maternidade\/#breadcrumb\",\"itemListElement\":[{\"@type\":\"ListItem\",\"position\":1,\"name\":\"Home\",\"item\":\"http:\/\/universofamilia.com\/zh_hk\/\"},{\"@type\":\"ListItem\",\"position\":2,\"name\":\"Os 7 erros que (quase) toda m\u00e3e comete sobre maternidade\"}]},{\"@type\":\"WebSite\",\"@id\":\"http:\/\/universofamilia.com\/zh_hk\/#website\",\"url\":\"http:\/\/universofamilia.com\/zh_hk\/\",\"name\":\"Universo Fam\u00edlia\",\"description\":\"\",\"potentialAction\":[{\"@type\":\"SearchAction\",\"target\":{\"@type\":\"EntryPoint\",\"urlTemplate\":\"http:\/\/universofamilia.com\/zh_hk\/?s={search_term_string}\"},\"query-input\":\"required name=search_term_string\"}],\"inLanguage\":\"hu\"},{\"@type\":\"Person\",\"@id\":\"http:\/\/universofamilia.com\/zh_hk\/#\/schema\/person\/f07ce98187dd84d31154262e79b3b7ca\",\"name\":\"Pedro Henrique\",\"image\":{\"@type\":\"ImageObject\",\"inLanguage\":\"hu\",\"@id\":\"http:\/\/universofamilia.com\/zh_hk\/#\/schema\/person\/image\/\",\"url\":\"https:\/\/secure.gravatar.com\/avatar\/9edfeb808cb4e1599f64d6e45b130154?s=96&d=mm&r=g\",\"contentUrl\":\"https:\/\/secure.gravatar.com\/avatar\/9edfeb808cb4e1599f64d6e45b130154?s=96&d=mm&r=g\",\"caption\":\"Pedro Henrique\"},\"url\":\"https:\/\/universofamilia.com\/hu\/author\/editor01\/\"}]}<\/script>\n<!-- \/ Yoast SEO plugin. -->","yoast_head_json":{"title":"Os 7 erros que (quase) toda m\u00e3e comete sobre maternidade - Universo Fam\u00edlia","description":"Os 7 erros que (quase) toda m\u00e3e comete sobre maternidade. Ser m\u00e3e \u00e9 um desafio maravilhoso, mas tamb\u00e9m repleto de incertezas e...","robots":{"index":"index","follow":"follow","max-snippet":"max-snippet:-1","max-image-preview":"max-image-preview:large","max-video-preview":"max-video-preview:-1"},"canonical":"http:\/\/universofamilia.com\/hu\/os-7-erros-que-quase-toda-mae-comete-sobre-maternidade\/","og_locale":"hu_HU","og_type":"article","og_title":"Os 7 erros que (quase) toda m\u00e3e comete sobre maternidade - Universo Fam\u00edlia","og_description":"Os 7 erros que (quase) toda m\u00e3e comete sobre maternidade. Ser m\u00e3e \u00e9 um desafio maravilhoso, mas tamb\u00e9m repleto de incertezas e...","og_url":"http:\/\/universofamilia.com\/hu\/os-7-erros-que-quase-toda-mae-comete-sobre-maternidade\/","og_site_name":"Universo Fam\u00edlia","article_published_time":"2023-06-22T18:00:00+00:00","article_modified_time":"2025-01-28T14:29:43+00:00","og_image":[{"width":448,"height":350,"url":"http:\/\/universofamilia.com\/wp-content\/uploads\/sites\/148\/2023\/06\/DESTAQUE-7-ERROS-MATERNIDADE-universo-familia-.png","type":"image\/png"}],"author":"Pedro Henrique","twitter_card":"summary_large_image","twitter_misc":{"Written by":"Pedro Henrique","Est. reading time":"4 perc"},"schema":{"@context":"https:\/\/schema.org","@graph":[{"@type":"WebPage","@id":"http:\/\/universofamilia.com\/zh\/os-7-erros-que-quase-toda-mae-comete-sobre-maternidade\/","url":"http:\/\/universofamilia.com\/zh\/os-7-erros-que-quase-toda-mae-comete-sobre-maternidade\/","name":"Os 7 erros que (quase) toda m\u00e3e comete sobre maternidade - Universo Fam\u00edlia","isPartOf":{"@id":"http:\/\/universofamilia.com\/zh_hk\/#website"},"primaryImageOfPage":{"@id":"http:\/\/universofamilia.com\/zh\/os-7-erros-que-quase-toda-mae-comete-sobre-maternidade\/#primaryimage"},"image":{"@id":"http:\/\/universofamilia.com\/zh\/os-7-erros-que-quase-toda-mae-comete-sobre-maternidade\/#primaryimage"},"thumbnailUrl":"https:\/\/universofamilia.com\/wp-content\/uploads\/sites\/148\/2023\/06\/DESTAQUE-7-ERROS-MATERNIDADE-universo-familia-.png","datePublished":"2023-06-22T18:00:00+00:00","dateModified":"2025-01-28T14:29:43+00:00","author":{"@id":"http:\/\/universofamilia.com\/zh_hk\/#\/schema\/person\/f07ce98187dd84d31154262e79b3b7ca"},"description":"Os 7 erros que (quase) toda m\u00e3e comete sobre maternidade. Ser m\u00e3e \u00e9 um desafio maravilhoso, mas tamb\u00e9m repleto de incertezas e...","breadcrumb":{"@id":"http:\/\/universofamilia.com\/zh\/os-7-erros-que-quase-toda-mae-comete-sobre-maternidade\/#breadcrumb"},"inLanguage":"hu","potentialAction":[{"@type":"ReadAction","target":["http:\/\/universofamilia.com\/zh\/os-7-erros-que-quase-toda-mae-comete-sobre-maternidade\/"]}]},{"@type":"ImageObject","inLanguage":"hu","@id":"http:\/\/universofamilia.com\/zh\/os-7-erros-que-quase-toda-mae-comete-sobre-maternidade\/#primaryimage","url":"https:\/\/universofamilia.com\/wp-content\/uploads\/sites\/148\/2023\/06\/DESTAQUE-7-ERROS-MATERNIDADE-universo-familia-.png","contentUrl":"https:\/\/universofamilia.com\/wp-content\/uploads\/sites\/148\/2023\/06\/DESTAQUE-7-ERROS-MATERNIDADE-universo-familia-.png","width":448,"height":350},{"@type":"BreadcrumbList","@id":"http:\/\/universofamilia.com\/zh\/os-7-erros-que-quase-toda-mae-comete-sobre-maternidade\/#breadcrumb","itemListElement":[{"@type":"ListItem","position":1,"name":"Home","item":"http:\/\/universofamilia.com\/zh_hk\/"},{"@type":"ListItem","position":2,"name":"Os 7 erros que (quase) toda m\u00e3e comete sobre maternidade"}]},{"@type":"WebSite","@id":"http:\/\/universofamilia.com\/zh_hk\/#website","url":"http:\/\/universofamilia.com\/zh_hk\/","name":"Universo Fam\u00edlia","description":"","potentialAction":[{"@type":"SearchAction","target":{"@type":"EntryPoint","urlTemplate":"http:\/\/universofamilia.com\/zh_hk\/?s={search_term_string}"},"query-input":"required name=search_term_string"}],"inLanguage":"hu"},{"@type":"Person","@id":"http:\/\/universofamilia.com\/zh_hk\/#\/schema\/person\/f07ce98187dd84d31154262e79b3b7ca","name":"Pedro Henrique","image":{"@type":"ImageObject","inLanguage":"hu","@id":"http:\/\/universofamilia.com\/zh_hk\/#\/schema\/person\/image\/","url":"https:\/\/secure.gravatar.com\/avatar\/9edfeb808cb4e1599f64d6e45b130154?s=96&d=mm&r=g","contentUrl":"https:\/\/secure.gravatar.com\/avatar\/9edfeb808cb4e1599f64d6e45b130154?s=96&d=mm&r=g","caption":"Pedro Henrique"},"url":"https:\/\/universofamilia.com\/hu\/author\/editor01\/"}]}},"_links":{"self":[{"href":"https:\/\/universofamilia.com\/hu\/wp-json\/wp\/v2\/posts\/2973"}],"collection":[{"href":"https:\/\/universofamilia.com\/hu\/wp-json\/wp\/v2\/posts"}],"about":[{"href":"https:\/\/universofamilia.com\/hu\/wp-json\/wp\/v2\/types\/post"}],"author":[{"embeddable":true,"href":"https:\/\/universofamilia.com\/hu\/wp-json\/wp\/v2\/users\/139"}],"replies":[{"embeddable":true,"href":"https:\/\/universofamilia.com\/hu\/wp-json\/wp\/v2\/comments?post=2973"}],"version-history":[{"count":1,"href":"https:\/\/universofamilia.com\/hu\/wp-json\/wp\/v2\/posts\/2973\/revisions"}],"predecessor-version":[{"id":8404,"href":"https:\/\/universofamilia.com\/hu\/wp-json\/wp\/v2\/posts\/2973\/revisions\/8404"}],"wp:featuredmedia":[{"embeddable":true,"href":"https:\/\/universofamilia.com\/hu\/wp-json\/wp\/v2\/media\/2974"}],"wp:attachment":[{"href":"https:\/\/universofamilia.com\/hu\/wp-json\/wp\/v2\/media?parent=2973"}],"wp:term":[{"taxonomy":"category","embeddable":true,"href":"https:\/\/universofamilia.com\/hu\/wp-json\/wp\/v2\/categories?post=2973"},{"taxonomy":"post_tag","embeddable":true,"href":"https:\/\/universofamilia.com\/hu\/wp-json\/wp\/v2\/tags?post=2973"}],"curies":[{"name":"wp","href":"https:\/\/api.w.org\/{rel}","templated":true}]}}