{"id":3622,"date":"2023-08-23T08:00:00","date_gmt":"2023-08-23T11:00:00","guid":{"rendered":"https:\/\/universofamilia.com\/?p=3622"},"modified":"2025-01-22T01:29:10","modified_gmt":"2025-01-22T01:29:10","slug":"cantando-para-nossos-bebes","status":"publish","type":"post","link":"https:\/\/universofamilia.com\/hu\/cantando-para-nossos-bebes\/","title":{"rendered":"\u00c9nek a bab\u00e1inknak: 5 zene var\u00e1zslatos dalsz\u00f6veggel \u00e9s mag\u00e1val ragad\u00f3 eredettel"},"content":{"rendered":"<p>\u00c9nekelj\u00fcnk a bab\u00e1inknak, 5 dal b\u00e1jos sz\u00f6veggel \u00e9s mag\u00e1val ragad\u00f3 eredettel. A zene ereje felbecs\u00fclhetetlen, k\u00fcl\u00f6n\u00f6sen, ha a megnyugtat\u00e1sr\u00f3l \u00e9s a vel\u00fck val\u00f3 kapcsolatteremt\u00e9sr\u0151l van sz\u00f3.<\/p>\n\n\n\n<p>A bab\u00e1knak \u00e9nekelni nemcsak \u00e9rzelmi k\u00f6tel\u00e9kek kialak\u00edt\u00e1s\u00e1nak egyik m\u00f3dja, hanem a kognit\u00edv \u00e9s \u00e9rzelmi fejl\u0151d\u00e9s serkent\u00e9se is.<\/p>\n\n\n\n<p>Vicces m\u00f3don bemutatunk \u00f6t n\u00e9pszer\u0171 dalt, amelyeket bab\u00e1knak \u00e9nekelhettek, bele\u00e9rtve a mag\u00e1val ragad\u00f3 dalsz\u00f6vegeket \u00e9s a sz\u00e1rmaz\u00e1suk m\u00f6g\u00f6tt rejl\u0151 leny\u0171g\u00f6z\u0151 t\u00f6rt\u00e9neteket.<\/p>\n\n\n<div class=\"wp-block-image\">\n<figure class=\"aligncenter size-full\"><img loading=\"lazy\" decoding=\"async\" width=\"550\" height=\"350\" src=\"http:\/\/universofamilia.com\/wp-content\/uploads\/sites\/148\/2023\/08\/POST-Cantando-para-as-criancas-universo-familia-.png\" alt=\"\" class=\"wp-image-3623\" srcset=\"https:\/\/universofamilia.com\/wp-content\/uploads\/sites\/148\/2023\/08\/POST-Cantando-para-as-criancas-universo-familia-.png 550w, https:\/\/universofamilia.com\/wp-content\/uploads\/sites\/148\/2023\/08\/POST-Cantando-para-as-criancas-universo-familia--300x191.png 300w\" sizes=\"(max-width: 550px) 100vw, 550px\" \/><figcaption class=\"wp-element-caption\"><em>Fot\u00f3: (reprodukci\u00f3\/internet)<\/em><\/figcaption><\/figure><\/div>\n\n\n<h3 class=\"wp-block-heading\">1. \u201eBoa Noite, Amiguinho\u201d \u2013 Szeret\u0151 dallam az alv\u00e1shoz<\/h3>\n\n\n\n<h4 class=\"wp-block-heading\">Eredet \u00e9s jelent\u00e9s<\/h4>\n\n\n\n<p>A \u201eBoa Noite, Amiguinho\u201d c\u00edm\u0171 zene egy hagyom\u00e1nyos, var\u00e1zslatos nin\u00e1r dal. L\u00e1gy dallammal \u00e9s szeretetteljes sz\u00f6veggel rendelkez\u0151 dalt gyerekek \u00e9nekelt\u00e9k, hogy megnyugtass\u00e1k csecsem\u0151iket elalv\u00e1s el\u0151tt.<\/p>\n\n\n\n<p>A szavak egyszer\u0171s\u00e9ge \u00e9s a dallam gyeng\u00e9ds\u00e9ge teszi ezt a m\u0171fajt kedvelt iskol\u00e1v\u00e1, ahol a szeretetet \u00e9s a nyugalmat \u00e1tadhatjuk a kicsiknek.<\/p>\n\n\n\n<h4 class=\"wp-block-heading\">Lev\u00e9l:<\/h4>\n\n\n\n<div class=\"wp-block-columns is-layout-flex wp-container-core-columns-layout-1 wp-block-columns-is-layout-flex\">\n<div class=\"wp-block-column is-layout-flow wp-block-column-is-layout-flow\" style=\"flex-basis:100%\">\n<div class=\"wp-block-group is-layout-constrained wp-block-group-is-layout-constrained\"><div class=\"wp-block-group__inner-container\">\n<p>\u201eBoa noite, amiguinho\u201d<\/p>\n\n\n\n<p>Ideje aludni<\/p>\n\n\n\n<p>A lua j\u00e1 chegou<\/p>\n\n\n\n<p>E as estrelas v\u00e3o continuar<\/p>\n\n\n\n<p>Boa noite, amiguinho<\/p>\n\n\n\n<p>\u00d3, \u00e9g, vagy f\u00e9nyes<\/p>\n\n\n\n<p>Gy\u00f6ny\u00f6r\u0171 fiakkal<\/p>\n\n\n\n<p>\u201eKivel k\u00fcldesz?\u201d<\/p>\n<\/div><\/div>\n<\/div>\n<\/div>\n\n\n\n<h3 class=\"wp-block-heading\">2. \u201eO Barquinho\u201d \u2013 Vitorl\u00e1z\u00e1s nyugodt \u00e9s b\u00e9k\u00e9s vizeken<\/h3>\n\n\n\n<h4 class=\"wp-block-heading\">Eredet \u00e9s jelent\u00e9s<\/h4>\n\n\n\n<p>Az \u201eO Barquinho\u201d dallam egy csendes napon kalauzol el minket a k\u00e9pzelet tenger\u00e9n. A n\u00e9pdalokb\u00f3l ered\u0151 zene azt a nyugalmat \u00e9s b\u00e9k\u00e9t szimboliz\u00e1lja, amelyet egy nyugodt vizeken vitorl\u00e1z\u00f3 haj\u00f3 megtapasztalhat.<\/p>\n\n\n\n<p>L\u00e1gy dallama \u00e9s l\u00e1gy dalsz\u00f6vege n\u00e9pszer\u0171 dall\u00e1 v\u00e1lt, amely megnyugtatja a bab\u00e1kat \u00e9s b\u00e9k\u00e9s \u00e1lmokat id\u00e9z el\u0151.<\/p>\n\n\n\n<h4 class=\"wp-block-heading\">Lev\u00e9l:<\/h4>\n\n\n\n<div class=\"wp-block-columns is-layout-flex wp-container-core-columns-layout-2 wp-block-columns-is-layout-flex\">\n<div class=\"wp-block-column is-layout-flow wp-block-column-is-layout-flow\" style=\"flex-basis:100%\">\n<div class=\"wp-block-group is-layout-constrained wp-block-group-is-layout-constrained\"><div class=\"wp-block-group__inner-container\">\n<p>\u201e\u00d3, barquinho vai, egy tardinha cai<\/p>\n\n\n\n<p>O sol j\u00e1 vai embora, o dia findou<\/p>\n\n\n\n<p>O barquinho vai, a tardinha cai<\/p>\n\n\n\n<p>\u201cO sol j\u00e1 vai embora, o dia findou\u201d<\/p>\n<\/div><\/div>\n<\/div>\n<\/div>\n\n\n\n<h3 class=\"wp-block-heading\">3. \u201eDorme, nen\u00e9m\u201d \u2013 A Convite para o Soninho Tranquilo<\/h3>\n\n\n\n<h4 class=\"wp-block-heading\">Eredet \u00e9s jelent\u00e9s<\/h4>\n\n\n\n<p>A \u201eDorme, nen\u00e9m\u201d egy nyugalmat \u00e9s vigaszt sug\u00e1rz\u00f3 dallam. Kultur\u00e1lis hagyom\u00e1nyokban gy\u00f6kerez\u0151 dallam, amely gyeng\u00e9d csemege a bab\u00e1nak, hogy b\u00e9k\u00e9sen elaludjon.<\/p>\n\n\n\n<p>A l\u00e1gy szavak \u00e9s a mag\u00e1val ragad\u00f3 dallam teszi ezt a zen\u00e9t vil\u00e1gszerte n\u00e9pszer\u0171v\u00e9, szeretetet \u00e9s szeretetet k\u00f6zvet\u00edtve.<\/p>\n\n\n\n<h4 class=\"wp-block-heading\">Lev\u00e9l:<\/h4>\n\n\n\n<div class=\"wp-block-group is-layout-constrained wp-block-group-is-layout-constrained\"><div class=\"wp-block-group__inner-container\">\n<p>\u201eAludj, nen\u00e9m, majd cuc\u00e1ba megy\u00fcnk\u201d<\/p>\n\n\n\n<p>Papai a ro\u00e7a volt, a mama a munk\u00e1\u00e9rt<\/p>\n\n\n\n<p>Aludj el, b\u00e9bi, meg\u00fct\u00f6k egy cuk\u00e1t<\/p>\n\n\n\n<p>Papai a ro\u00e7a volt, a mama a munk\u00e1\u00e9rt<\/p>\n<\/div><\/div>\n\n\n\n<h3 class=\"wp-block-heading\">4. \u201eBorboletinha\u201d \u2013 A Song of Enchantment and Brincadeira<\/h3>\n\n\n\n<h4 class=\"wp-block-heading\">Eredet \u00e9s jelent\u00e9s<\/h4>\n\n\n\n<p>A \u201eBorboletinha\u201d egy gyerekdal, amely zen\u00e9t \u00e9s ugr\u00e1l\u00e1st \u00f6tv\u00f6z. Vid\u00e1m dallammal \u00e9s k\u00e9pzeletet serkent\u0151 sz\u00f6veggel, ez a zene n\u00e9pszer\u0171 dal a bab\u00e1k sz\u00e1m\u00e1ra.<\/p>\n\n\n\n<p>A vir\u00e1gr\u00f3l vir\u00e1gra sz\u00e1ll\u00f3 bubor\u00e9kra val\u00f3 utal\u00e1s a n\u00f6veked\u00e9sben l\u00e9v\u0151 gyermekek felfedez\u00e9s\u00e9re \u00e9s k\u00edv\u00e1ncsis\u00e1g\u00e1ra utal.<\/p>\n\n\n\n<h4 class=\"wp-block-heading\">Lev\u00e9l:<\/h4>\n\n\n\n<div class=\"wp-block-group is-layout-constrained wp-block-group-is-layout-constrained\"><div class=\"wp-block-group__inner-container\">\n<p>\u201eBorboletinha van a konyh\u00e1ban\u201d<\/p>\n\n\n\n<p>Csokol\u00e1d\u00e9k\u00e9sz\u00edt\u00e9s keresztany\u00e1val<\/p>\n\n\n\n<p>Csin\u00e1lod, csin\u00e1lod, csin\u00e1lod, csin\u00e1lod, csin\u00e1lod<\/p>\n\n\n\n<p>\u2013 Egy canela \u00e9 quente, meg fog \u00e9gni?<\/p>\n<\/div><\/div>\n\n\n\n<h3 class=\"wp-block-heading\">5. \u201eAcalanto\u201d \u2013 \u00c1lmok k\u00f6r\u00fcli dallam<\/h3>\n\n\n\n<h4 class=\"wp-block-heading\">Eredet \u00e9s jelent\u00e9s<\/h4>\n\n\n\n<p>Az \u201eAcalanto\u201d egy gyermekdal, amely \u00e1tl\u00e9pi a kultur\u00e1lis hat\u00e1rokat. Mag\u00e1val ragad\u00f3 dallammal \u00e9s nyugalmat \u00e1raszt\u00f3 dalsz\u00f6veggel ez a dal a bab\u00e1k gondoz\u00f3inak szeretet\u00e9t \u00e9s ragaszkod\u00e1s\u00e1t fejezi ki.<\/p>\n\n\n\n<p>Az \u201eacalanto\u201d sz\u00f3 a meleg\u00edt\u00e9s \u00e9s csomagol\u00e1s folyamat\u00e1ra utal, \u00edgy ez a zene term\u00e9szetes v\u00e1laszt\u00e1s a nyugalom pillanataihoz.<\/p>\n\n\n\n<h4 class=\"wp-block-heading\">Lev\u00e9l:<\/h4>\n\n\n\n<div class=\"wp-block-group is-layout-constrained wp-block-group-is-layout-constrained\"><div class=\"wp-block-group__inner-container\">\n<p>\u201eAludj, meu menino, meu acalanto<\/p>\n\n\n\n<p>Mi a vacsora?<\/p>\n\n\n\n<p>O sol vai se deitar<\/p>\n\n\n\n<p>Aludj, fiam, acalant\u00f3m<\/p>\n\n\n\n<p>Mi a vacsora?<\/p>\n\n\n\n<p>\u201eO sol vai se deitar\u201d<\/p>\n<\/div><\/div>\n\n\n\n<h3 class=\"wp-block-heading\">Befejez\u00e9s: Szerelemszeren\u00e1d a kicsiknek<\/h3>\n\n\n\n<p>A bab\u00e1knak \u00e9nekelni egy jelent\u0151s\u00e9gteljes \u00e9s szeretettel teli hagyom\u00e1ny. A babazene nemcsak vigaszt ny\u00fajt, hanem k\u00fcl\u00f6nleges k\u00f6tel\u00e9ket is teremt a gondoz\u00f3k \u00e9s a bab\u00e1k k\u00f6z\u00f6tt.<\/p>\n\n\n\n<p>Azzal, hogy ezeket a mag\u00e1val ragad\u00f3 t\u00f6rt\u00e9netekkel \u00e1tsz\u0151tt dalokat \u00e9nekelj\u00fck, egy \u00e9rt\u00e9kes aj\u00e1nd\u00e9kot osztunk meg \u2013 a zen\u00e9t, amely t\u00e1pl\u00e1lja kicsinyeink sz\u00edv\u00e9t \u00e9s elm\u00e9j\u00e9t.<\/p>\n\n\n\n<h3 class=\"wp-block-heading\">Gyakran ism\u00e9telt k\u00e9rd\u00e9sek<\/h3>\n\n\n\n<h4 class=\"wp-block-heading\">1. Mi\u00e9rt fontos az \u00e9nekl\u00e9s a bab\u00e1knak?<\/h4>\n\n\n\n<p>A bab\u00e1knak \u00e9nekl\u00e9s seg\u00edt \u00e9rzelmi k\u00f6tel\u00e9kek kialak\u00edt\u00e1s\u00e1ban, megnyugtatja a gyerekeket \u00e9s serkenti a kognit\u00edv fejl\u0151d\u00e9st.<\/p>\n\n\n\n<h4 class=\"wp-block-heading\">2. Ez a zene egy adott kult\u00far\u00e1ra jellemz\u0151?<\/h4>\n\n\n\n<p>N\u00e9h\u00e1ny zen\u00e9nek meghat\u00e1rozott eredete van, m\u00edg m\u00e1sokat a vil\u00e1g k\u00fcl\u00f6nb\u00f6z\u0151 kult\u00far\u00e1iban \u00e9nekelnek.<\/p>\n\n\n\n<h4 class=\"wp-block-heading\">3. Hogyan v\u00e1lasszam ki a megfelel\u0151 zen\u00e9t a bab\u00e1mnak?<\/h4>\n\n\n\n<p>V\u00e1lassz l\u00e1gy dallam\u00fa \u00e9s gyeng\u00e9d dalsz\u00f6veg\u0171 zen\u00e9t. A baba reakci\u00f3j\u00e1nak megfigyel\u00e9se seg\u00edthet azonos\u00edtani, hogy melyik zen\u00e9t r\u00e9szes\u00edti el\u0151nyben.<\/p>\n\n\n\n<h4 class=\"wp-block-heading\">4. Vannak-e pozit\u00edv hat\u00e1sai a babazen\u00e9nek?<\/h4>\n\n\n\n<p>A babazene seg\u00edthet megnyugtatni a bab\u00e1t \u00e9s pihentet\u0151 rutint kialak\u00edtani lefekv\u00e9s el\u0151tt.<\/p>\n\n\n\n<h4 class=\"wp-block-heading\">5. Ezeken a zen\u00e9ken k\u00edv\u00fcl vannak m\u00e1s n\u00e9pszer\u0171 \u00e9nekl\u00e9si lehet\u0151s\u00e9gek is bab\u00e1knak?<\/h4>\n\n\n\n<p>Sim, a k\u00fcl\u00f6nb\u00f6z\u0151 kult\u00far\u00e1kban sokf\u00e9le zene l\u00e9tezik, mindegyiknek megvannak a saj\u00e1t t\u00f6rt\u00e9netei \u00e9s jelent\u00e9sei.<\/p>\n\n\n\n<p>Al\u00e9m disso, kieg\u00e9sz\u00edt\u0151kre \u00e9s ruh\u00e1kra van sz\u00fcks\u00e9ge, conhe\u00e7a |&nbsp;<a href=\"https:\/\/www.luzbaby.com.br\/\" target=\"_blank\" rel=\"noreferrer noopener\">A Luz Baby az egyik legjobb csecsem\u0151term\u00e9keket \u00e1rus\u00edt\u00f3 \u00fczlet. Kattints ide<\/a><\/p>","protected":false},"excerpt":{"rendered":"<p>Cantando para nossos beb\u00eas, 5 m\u00fasicas com letras encantadoras e origens cativantes. O poder da m\u00fasica \u00e9 ineg\u00e1vel, especialmente quando se trata de acalmar e conectar com os nossos pequenos. Cantar para os beb\u00eas n\u00e3o \u00e9 apenas uma maneira de criar la\u00e7os emocionais, mas tamb\u00e9m de estimular o desenvolvimento cognitivo e emocional. De forma divertida, [&hellip;]<\/p>","protected":false},"author":139,"featured_media":3625,"comment_status":"closed","ping_status":"open","sticky":false,"template":"","format":"standard","meta":{"footnotes":""},"categories":[3],"tags":[],"yoast_head":"<!-- This site is optimized with the Yoast SEO plugin v23.3 - https:\/\/yoast.com\/wordpress\/plugins\/seo\/ -->\n<title>Cantando para Nossos Beb\u00eas: 5 M\u00fasicas com Letras Encantadoras e Origens Cativantes - Universo Fam\u00edlia<\/title>\n<meta name=\"description\" content=\"Cantando para nossos beb\u00eas, 5 m\u00fasicas com letras encantadoras e origens cativantes. O poder da m\u00fasica \u00e9 ineg\u00e1vel, especialmente quando se trata de acalmar\" \/>\n<meta name=\"robots\" content=\"index, follow, max-snippet:-1, max-image-preview:large, max-video-preview:-1\" \/>\n<link rel=\"canonical\" href=\"https:\/\/universofamilia.com\/hu\/cantando-para-nossos-bebes\/\" \/>\n<meta property=\"og:locale\" content=\"hu_HU\" \/>\n<meta property=\"og:type\" content=\"article\" \/>\n<meta property=\"og:title\" content=\"Cantando para Nossos Beb\u00eas: 5 M\u00fasicas com Letras Encantadoras e Origens Cativantes - Universo Fam\u00edlia\" \/>\n<meta property=\"og:description\" content=\"Cantando para nossos beb\u00eas, 5 m\u00fasicas com letras encantadoras e origens cativantes. O poder da m\u00fasica \u00e9 ineg\u00e1vel, especialmente quando se trata de acalmar\" \/>\n<meta property=\"og:url\" content=\"https:\/\/universofamilia.com\/hu\/cantando-para-nossos-bebes\/\" \/>\n<meta property=\"og:site_name\" content=\"Universo Fam\u00edlia\" \/>\n<meta property=\"article:published_time\" content=\"2023-08-23T11:00:00+00:00\" \/>\n<meta property=\"article:modified_time\" content=\"2025-01-22T01:29:10+00:00\" \/>\n<meta property=\"og:image\" content=\"https:\/\/universofamilia.com\/wp-content\/uploads\/sites\/148\/2023\/08\/DESTAQUE-cantando-para-as-criancas-universo-familia-.png\" \/>\n\t<meta property=\"og:image:width\" content=\"448\" \/>\n\t<meta property=\"og:image:height\" content=\"350\" \/>\n\t<meta property=\"og:image:type\" content=\"image\/png\" \/>\n<meta name=\"author\" content=\"Pedro Henrique\" \/>\n<meta name=\"twitter:card\" content=\"summary_large_image\" \/>\n<meta name=\"twitter:label1\" content=\"Written by\" \/>\n\t<meta name=\"twitter:data1\" content=\"Pedro Henrique\" \/>\n\t<meta name=\"twitter:label2\" content=\"Est. reading time\" \/>\n\t<meta name=\"twitter:data2\" content=\"5 perc\" \/>\n<script type=\"application\/ld+json\" class=\"yoast-schema-graph\">{\"@context\":\"https:\/\/schema.org\",\"@graph\":[{\"@type\":\"WebPage\",\"@id\":\"https:\/\/universofamilia.com\/de\/cantando-para-nossos-bebes\/\",\"url\":\"https:\/\/universofamilia.com\/de\/cantando-para-nossos-bebes\/\",\"name\":\"Cantando para Nossos Beb\u00eas: 5 M\u00fasicas com Letras Encantadoras e Origens Cativantes - Universo Fam\u00edlia\",\"isPartOf\":{\"@id\":\"https:\/\/universofamilia.com\/el\/#website\"},\"primaryImageOfPage\":{\"@id\":\"https:\/\/universofamilia.com\/de\/cantando-para-nossos-bebes\/#primaryimage\"},\"image\":{\"@id\":\"https:\/\/universofamilia.com\/de\/cantando-para-nossos-bebes\/#primaryimage\"},\"thumbnailUrl\":\"https:\/\/universofamilia.com\/wp-content\/uploads\/sites\/148\/2023\/08\/DESTAQUE-cantando-para-as-criancas-universo-familia-.png\",\"datePublished\":\"2023-08-23T11:00:00+00:00\",\"dateModified\":\"2025-01-22T01:29:10+00:00\",\"author\":{\"@id\":\"https:\/\/universofamilia.com\/el\/#\/schema\/person\/f07ce98187dd84d31154262e79b3b7ca\"},\"description\":\"Cantando para nossos beb\u00eas, 5 m\u00fasicas com letras encantadoras e origens cativantes. O poder da m\u00fasica \u00e9 ineg\u00e1vel, especialmente quando se trata de acalmar\",\"breadcrumb\":{\"@id\":\"https:\/\/universofamilia.com\/de\/cantando-para-nossos-bebes\/#breadcrumb\"},\"inLanguage\":\"hu\",\"potentialAction\":[{\"@type\":\"ReadAction\",\"target\":[\"https:\/\/universofamilia.com\/de\/cantando-para-nossos-bebes\/\"]}]},{\"@type\":\"ImageObject\",\"inLanguage\":\"hu\",\"@id\":\"https:\/\/universofamilia.com\/de\/cantando-para-nossos-bebes\/#primaryimage\",\"url\":\"https:\/\/universofamilia.com\/wp-content\/uploads\/sites\/148\/2023\/08\/DESTAQUE-cantando-para-as-criancas-universo-familia-.png\",\"contentUrl\":\"https:\/\/universofamilia.com\/wp-content\/uploads\/sites\/148\/2023\/08\/DESTAQUE-cantando-para-as-criancas-universo-familia-.png\",\"width\":448,\"height\":350},{\"@type\":\"BreadcrumbList\",\"@id\":\"https:\/\/universofamilia.com\/de\/cantando-para-nossos-bebes\/#breadcrumb\",\"itemListElement\":[{\"@type\":\"ListItem\",\"position\":1,\"name\":\"Home\",\"item\":\"https:\/\/universofamilia.com\/el\/\"},{\"@type\":\"ListItem\",\"position\":2,\"name\":\"Cantando para Nossos Beb\u00eas: 5 M\u00fasicas com Letras Encantadoras e Origens Cativantes\"}]},{\"@type\":\"WebSite\",\"@id\":\"https:\/\/universofamilia.com\/el\/#website\",\"url\":\"https:\/\/universofamilia.com\/el\/\",\"name\":\"Universo Fam\u00edlia\",\"description\":\"\",\"potentialAction\":[{\"@type\":\"SearchAction\",\"target\":{\"@type\":\"EntryPoint\",\"urlTemplate\":\"https:\/\/universofamilia.com\/el\/?s={search_term_string}\"},\"query-input\":\"required name=search_term_string\"}],\"inLanguage\":\"hu\"},{\"@type\":\"Person\",\"@id\":\"https:\/\/universofamilia.com\/el\/#\/schema\/person\/f07ce98187dd84d31154262e79b3b7ca\",\"name\":\"Pedro Henrique\",\"image\":{\"@type\":\"ImageObject\",\"inLanguage\":\"hu\",\"@id\":\"https:\/\/universofamilia.com\/el\/#\/schema\/person\/image\/\",\"url\":\"https:\/\/secure.gravatar.com\/avatar\/9edfeb808cb4e1599f64d6e45b130154?s=96&d=mm&r=g\",\"contentUrl\":\"https:\/\/secure.gravatar.com\/avatar\/9edfeb808cb4e1599f64d6e45b130154?s=96&d=mm&r=g\",\"caption\":\"Pedro Henrique\"},\"url\":\"https:\/\/universofamilia.com\/hu\/author\/editor01\/\"}]}<\/script>\n<!-- \/ Yoast SEO plugin. -->","yoast_head_json":{"title":"Cantando para Nossos Beb\u00eas: 5 M\u00fasicas com Letras Encantadoras e Origens Cativantes - Universo Fam\u00edlia","description":"Cantando para nossos beb\u00eas, 5 m\u00fasicas com letras encantadoras e origens cativantes. O poder da m\u00fasica \u00e9 ineg\u00e1vel, especialmente quando se trata de acalmar","robots":{"index":"index","follow":"follow","max-snippet":"max-snippet:-1","max-image-preview":"max-image-preview:large","max-video-preview":"max-video-preview:-1"},"canonical":"https:\/\/universofamilia.com\/hu\/cantando-para-nossos-bebes\/","og_locale":"hu_HU","og_type":"article","og_title":"Cantando para Nossos Beb\u00eas: 5 M\u00fasicas com Letras Encantadoras e Origens Cativantes - Universo Fam\u00edlia","og_description":"Cantando para nossos beb\u00eas, 5 m\u00fasicas com letras encantadoras e origens cativantes. O poder da m\u00fasica \u00e9 ineg\u00e1vel, especialmente quando se trata de acalmar","og_url":"https:\/\/universofamilia.com\/hu\/cantando-para-nossos-bebes\/","og_site_name":"Universo Fam\u00edlia","article_published_time":"2023-08-23T11:00:00+00:00","article_modified_time":"2025-01-22T01:29:10+00:00","og_image":[{"width":448,"height":350,"url":"https:\/\/universofamilia.com\/wp-content\/uploads\/sites\/148\/2023\/08\/DESTAQUE-cantando-para-as-criancas-universo-familia-.png","type":"image\/png"}],"author":"Pedro Henrique","twitter_card":"summary_large_image","twitter_misc":{"Written by":"Pedro Henrique","Est. reading time":"5 perc"},"schema":{"@context":"https:\/\/schema.org","@graph":[{"@type":"WebPage","@id":"https:\/\/universofamilia.com\/de\/cantando-para-nossos-bebes\/","url":"https:\/\/universofamilia.com\/de\/cantando-para-nossos-bebes\/","name":"Cantando para Nossos Beb\u00eas: 5 M\u00fasicas com Letras Encantadoras e Origens Cativantes - Universo Fam\u00edlia","isPartOf":{"@id":"https:\/\/universofamilia.com\/el\/#website"},"primaryImageOfPage":{"@id":"https:\/\/universofamilia.com\/de\/cantando-para-nossos-bebes\/#primaryimage"},"image":{"@id":"https:\/\/universofamilia.com\/de\/cantando-para-nossos-bebes\/#primaryimage"},"thumbnailUrl":"https:\/\/universofamilia.com\/wp-content\/uploads\/sites\/148\/2023\/08\/DESTAQUE-cantando-para-as-criancas-universo-familia-.png","datePublished":"2023-08-23T11:00:00+00:00","dateModified":"2025-01-22T01:29:10+00:00","author":{"@id":"https:\/\/universofamilia.com\/el\/#\/schema\/person\/f07ce98187dd84d31154262e79b3b7ca"},"description":"Cantando para nossos beb\u00eas, 5 m\u00fasicas com letras encantadoras e origens cativantes. O poder da m\u00fasica \u00e9 ineg\u00e1vel, especialmente quando se trata de acalmar","breadcrumb":{"@id":"https:\/\/universofamilia.com\/de\/cantando-para-nossos-bebes\/#breadcrumb"},"inLanguage":"hu","potentialAction":[{"@type":"ReadAction","target":["https:\/\/universofamilia.com\/de\/cantando-para-nossos-bebes\/"]}]},{"@type":"ImageObject","inLanguage":"hu","@id":"https:\/\/universofamilia.com\/de\/cantando-para-nossos-bebes\/#primaryimage","url":"https:\/\/universofamilia.com\/wp-content\/uploads\/sites\/148\/2023\/08\/DESTAQUE-cantando-para-as-criancas-universo-familia-.png","contentUrl":"https:\/\/universofamilia.com\/wp-content\/uploads\/sites\/148\/2023\/08\/DESTAQUE-cantando-para-as-criancas-universo-familia-.png","width":448,"height":350},{"@type":"BreadcrumbList","@id":"https:\/\/universofamilia.com\/de\/cantando-para-nossos-bebes\/#breadcrumb","itemListElement":[{"@type":"ListItem","position":1,"name":"Home","item":"https:\/\/universofamilia.com\/el\/"},{"@type":"ListItem","position":2,"name":"Cantando para Nossos Beb\u00eas: 5 M\u00fasicas com Letras Encantadoras e Origens Cativantes"}]},{"@type":"WebSite","@id":"https:\/\/universofamilia.com\/el\/#website","url":"https:\/\/universofamilia.com\/el\/","name":"Universo Fam\u00edlia","description":"","potentialAction":[{"@type":"SearchAction","target":{"@type":"EntryPoint","urlTemplate":"https:\/\/universofamilia.com\/el\/?s={search_term_string}"},"query-input":"required name=search_term_string"}],"inLanguage":"hu"},{"@type":"Person","@id":"https:\/\/universofamilia.com\/el\/#\/schema\/person\/f07ce98187dd84d31154262e79b3b7ca","name":"Pedro Henrique","image":{"@type":"ImageObject","inLanguage":"hu","@id":"https:\/\/universofamilia.com\/el\/#\/schema\/person\/image\/","url":"https:\/\/secure.gravatar.com\/avatar\/9edfeb808cb4e1599f64d6e45b130154?s=96&d=mm&r=g","contentUrl":"https:\/\/secure.gravatar.com\/avatar\/9edfeb808cb4e1599f64d6e45b130154?s=96&d=mm&r=g","caption":"Pedro Henrique"},"url":"https:\/\/universofamilia.com\/hu\/author\/editor01\/"}]}},"_links":{"self":[{"href":"https:\/\/universofamilia.com\/hu\/wp-json\/wp\/v2\/posts\/3622"}],"collection":[{"href":"https:\/\/universofamilia.com\/hu\/wp-json\/wp\/v2\/posts"}],"about":[{"href":"https:\/\/universofamilia.com\/hu\/wp-json\/wp\/v2\/types\/post"}],"author":[{"embeddable":true,"href":"https:\/\/universofamilia.com\/hu\/wp-json\/wp\/v2\/users\/139"}],"replies":[{"embeddable":true,"href":"https:\/\/universofamilia.com\/hu\/wp-json\/wp\/v2\/comments?post=3622"}],"version-history":[{"count":1,"href":"https:\/\/universofamilia.com\/hu\/wp-json\/wp\/v2\/posts\/3622\/revisions"}],"predecessor-version":[{"id":8285,"href":"https:\/\/universofamilia.com\/hu\/wp-json\/wp\/v2\/posts\/3622\/revisions\/8285"}],"wp:featuredmedia":[{"embeddable":true,"href":"https:\/\/universofamilia.com\/hu\/wp-json\/wp\/v2\/media\/3625"}],"wp:attachment":[{"href":"https:\/\/universofamilia.com\/hu\/wp-json\/wp\/v2\/media?parent=3622"}],"wp:term":[{"taxonomy":"category","embeddable":true,"href":"https:\/\/universofamilia.com\/hu\/wp-json\/wp\/v2\/categories?post=3622"},{"taxonomy":"post_tag","embeddable":true,"href":"https:\/\/universofamilia.com\/hu\/wp-json\/wp\/v2\/tags?post=3622"}],"curies":[{"name":"wp","href":"https:\/\/api.w.org\/{rel}","templated":true}]}}