{"id":3627,"date":"2023-08-24T08:00:00","date_gmt":"2023-08-24T11:00:00","guid":{"rendered":"https:\/\/universofamilia.com\/?p=3627"},"modified":"2025-01-22T01:27:43","modified_gmt":"2025-01-22T01:27:43","slug":"os-10-utensilios-indispensaveis-para-a-introducao-alimentar-de-bebes","status":"publish","type":"post","link":"https:\/\/universofamilia.com\/hu\/os-10-utensilios-indispensaveis-para-a-introducao-alimentar-de-bebes\/","title":{"rendered":"A 10 n\u00e9lk\u00fcl\u00f6zhetetlen eszk\u00f6z a babat\u00e1pl\u00e1l\u00e1s bevezet\u00e9s\u00e9hez"},"content":{"rendered":"<p>A 10 n\u00e9lk\u00fcl\u00f6zhetetlen eszk\u00f6z a baba etet\u00e9s\u00e9nek megkezd\u00e9s\u00e9hez. Az etet\u00e9sbe val\u00f3 bevezet\u00e9s izgalmas \u00e9s fontos pillanat a baba fejl\u0151d\u00e9s\u00e9ben.<\/p>\n\n\n\n<p>Mik\u00f6zben \u00faj \u00edzeket \u00e9s text\u00far\u00e1kat fedezel fel, elengedhetetlen a megfelel\u0151 eszk\u00f6z\u00f6k, hogy az \u00e1tmenet z\u00f6kken\u0151mentes \u00e9s biztons\u00e1gos legyen.<\/p>\n\n\n\n<p>Bemutatom a 10 n\u00e9lk\u00fcl\u00f6zhetetlen eszk\u00f6zt, hogy a baba etet\u00e9s\u00e9nek bevezet\u00e9se pozit\u00edv \u00e9s t\u00e1pl\u00e1l\u00f3 \u00e9lm\u00e9ny legyen. R\u00e9szletes \u00e9s gyakorlatias utas\u00edt\u00e1sokkal magabiztosan v\u00e1ghatsz neki ennek az \u00faj szakasznak.<\/p>\n\n\n<div class=\"wp-block-image\">\n<figure class=\"aligncenter size-full\"><img loading=\"lazy\" decoding=\"async\" width=\"550\" height=\"350\" src=\"http:\/\/universofamilia.com\/wp-content\/uploads\/sites\/148\/2023\/08\/POST-utensilios-para-introducao-alimentar-universo-familia-.png\" alt=\"\" class=\"wp-image-3628\" srcset=\"https:\/\/universofamilia.com\/wp-content\/uploads\/sites\/148\/2023\/08\/POST-utensilios-para-introducao-alimentar-universo-familia-.png 550w, https:\/\/universofamilia.com\/wp-content\/uploads\/sites\/148\/2023\/08\/POST-utensilios-para-introducao-alimentar-universo-familia--300x191.png 300w\" sizes=\"(max-width: 550px) 100vw, 550px\" \/><figcaption class=\"wp-element-caption\"><em>Fot\u00f3: (reprodukci\u00f3\/internet)<\/em><\/figcaption><\/figure><\/div>\n\n\n<h3 class=\"wp-block-heading\">1. Macias szilikon colheres<\/h3>\n\n\n\n<p>Etet\u00e9s k\u00f6zben elengedhetetlen a t\u00f6m\u00f6r szilikonbet\u00e9tek haszn\u00e1lata. Ezek nagyon \u00e9rz\u00e9kenyek a baba \u00edny\u00e9re, \u00e9s k\u00e9nyelmesebb\u00e9 teszik az etet\u00e9st. V\u00e1lasszon puha v\u00e9g\u0171 \u00e9s ergonomikus foganty\u00faval rendelkez\u0151 nyak\u00f6rvet az etet\u00e9s megk\u00f6nny\u00edt\u00e9se \u00e9rdek\u00e9ben.<\/p>\n\n\n\n<h3 class=\"wp-block-heading\">2. Pratos com Divis\u00f3rias<\/h3>\n\n\n\n<p>Az elv\u00e1laszt\u00f3val ell\u00e1tott ed\u00e9nyek kiv\u00e1l\u00f3an alkalmasak a k\u00fcl\u00f6nb\u00f6z\u0151 \u00e9telek sz\u00e9tv\u00e1laszt\u00e1s\u00e1ra \u00e9s a kevered\u00e9s megakad\u00e1lyoz\u00e1s\u00e1ra. Ez seg\u00edt a bab\u00e1nak a v\u00e1ltozatos \u00edzek megtapasztal\u00e1s\u00e1ban an\u00e9lk\u00fcl, hogy minden egyetlen kever\u00e9kk\u00e9 alakulna.<\/p>\n\n\n\n<h3 class=\"wp-block-heading\">3. Treinamento pelyhek<\/h3>\n\n\n\n<p>Amikor a baba m\u00e9g t\u00fal korai ahhoz, hogy a tejen k\u00edv\u00fcl m\u00e1s folyad\u00e9kot igyon, a gyakorl\u00f3pelyhek okos v\u00e1laszt\u00e1snak bizonyulnak.<\/p>\n\n\n\n<p>Ezek a kulcsok a k\u00e1belek r\u00f6gz\u00edt\u00e9s\u00e9hez \u00e9s r\u00f6gz\u00edt\u00e9s\u00e9hez, amelyek megk\u00f6nny\u00edtik az anyatej h\u00f3pehelybe val\u00f3 \u00e1tmenet\u00e9t.<\/p>\n\n\n\n<h3 class=\"wp-block-heading\">4. Bib\u00e0dores Imperme\u00e1veis<\/h3>\n\n\n\n<p>Az \u00e9tel behozatal\u00e1t gyakran t\u00e1rs\u00edtj\u00e1k a bagun\u00e7\u00e1val. A v\u00edz\u00e1ll\u00f3 babaruh\u00e1k ezt a helyzetet seg\u00edtik el\u0151, megv\u00e9dve a babaruh\u00e1kat a foltokt\u00f3l \u00e9s a foltokt\u00f3l. V\u00e1lasszon zs\u00e1kos modelleket az \u00e9telmarad\u00e9kok \u00f6sszegy\u0171jt\u00e9s\u00e9hez.<\/p>\n\n\n\n<h3 class=\"wp-block-heading\">5. Konyhai apr\u00edt\u00f3g\u00e9p<\/h3>\n\n\n\n<p>Amikor a baba t\u00fal kor\u00e1n ismerkedik meg az \u00faj text\u00far\u00e1kkal, egy apr\u00edt\u00f3g\u00e9p seg\u00edthet.<\/p>\n\n\n\n<p>K\u00f6nnyed\u00e9n k\u00e9sz\u00edthetsz vele p\u00fcr\u00e9ket \u00e9s h\u00e1zi krumplit, biztos\u00edtva, hogy a baba friss \u00e9s pir\u00edtott \u00e9teleket fogyasszon.<\/p>\n\n\n\n<h3 class=\"wp-block-heading\">6. Cadeira de Alimenta\u00e7\u00e3o Adequada<\/h3>\n\n\n\n<p>A biztons\u00e1gos \u00e9s \u00e1ll\u00edthat\u00f3 etet\u0151l\u00e1nc elengedhetetlen a baba \u00e9tkez\u00e9s k\u00f6zbeni pozicion\u00e1l\u00e1s\u00e1hoz. V\u00e9dje a l\u00e1ncot biztons\u00e1gi \u00f6vvel \u00e9s l\u00e1bt\u00e1maszt\u00e9kkal, el\u0151seg\u00edtve a k\u00e9nyelmes testtart\u00e1st.<\/p>\n\n\n\n<h3 class=\"wp-block-heading\">7. Cs\u00fasz\u00e1smentes szilikon sz\u0151nyeg<\/h3>\n\n\n\n<p>Cs\u00fasz\u00e1sg\u00e1tl\u00f3 szilikon sz\u0151nyeggel megakad\u00e1lyozhatod, hogy a b\u00e9bi\u00e9tel \u00e9s a pelyhek lecs\u00fasszanak \u00e9tkez\u00e9s k\u00f6zben.<\/p>\n\n\n\n<p>Ez nemcsak a s\u00falyt cs\u00f6kkenti, hanem biztos\u00edtja, hogy a baba az etet\u00e9sre tudjon koncentr\u00e1lni.<\/p>\n\n\n\n<h3 class=\"wp-block-heading\">8. K\u00e9pz\u00e9si m\u0171helyek<\/h3>\n\n\n\n<p>Ahogy a baba fejleszti a motoros k\u00e9szs\u00e9geit, edz\u0151eszk\u00f6z\u00f6ket haszn\u00e1l, hogy megpr\u00f3b\u00e1lja felszedni a piszkos \u00e9teleket.<\/p>\n\n\n\n<p>V\u00e1lasszon ergonomikus foganty\u00faval \u00e9s lekerek\u00edtett v\u00e9gekkel rendelkez\u0151 modelleket a nagyobb biztons\u00e1g \u00e9rdek\u00e9ben.<\/p>\n\n\n\n<h3 class=\"wp-block-heading\">9. \u00c1tmeneti Kupa a Tamp\u00e1val<\/h3>\n\n\n\n<p>Amikor a baba t\u00fal korai folyad\u00e9kot inni, anyatejre van sz\u00fcks\u00e9ge, ilyenkor egy \u00e1tmeneti poh\u00e1r fed\u00e9llel a legjobb megold\u00e1s.<\/p>\n\n\n\n<p>A fed\u00e9l megakad\u00e1lyozza a ki\u00f6ml\u00e9st, \u00e9s lehet\u0151v\u00e9 teszi a baba sz\u00e1m\u00e1ra, hogy \u00f6n\u00e1ll\u00f3abban igyon.<\/p>\n\n\n\n<h3 class=\"wp-block-heading\">10. Eszk\u00f6zsteriliz\u00e1l\u00f3<\/h3>\n\n\n\n<p>A babaev\u0151eszk\u00f6z\u00f6k tiszt\u00e1n \u00e9s cs\u00edramentesen tart\u00e1sa elengedhetetlen. Egy praktikus eszk\u00f6zsteriliz\u00e1l\u00f3 biztos\u00edtja, hogy ed\u00e9nyei, t\u00e1ny\u00e9rjai \u00e9s pehelyjei mindig haszn\u00e1latra k\u00e9szek legyenek.<\/p>\n\n\n\n<p>Al\u00e9m disso, egy \u00fczlet, amely jelzi, \u00e9s milyen jogi lehet\u0151s\u00e9gei vannak<a href=\"https:\/\/www.luzbaby.com.br\/\" target=\"_blank\" rel=\"noreferrer noopener\"> A Baby Light az egyik legjobb baba\u00e1pol\u00e1si term\u00e9keket \u00e1rus\u00edt\u00f3 \u00fczlet. Kattints ide<\/a><\/p>\n\n\n\n<h3 class=\"wp-block-heading\">K\u00f6vetkeztet\u00e9s<\/h3>\n\n\n\n<p>Bizonyos eszk\u00f6z\u00f6k mindent megv\u00e1ltoztathatnak a baba etet\u00e9s\u00e9nek bevezet\u00e9sekor. 10 alapvet\u0151 eszk\u00f6zzel felk\u00e9sz\u00fclhetsz arra, hogy ezt az \u00e9lm\u00e9nyt biztons\u00e1goss\u00e1, k\u00e9nyelmess\u00e9 \u00e9s t\u00e1pl\u00e1l\u00f3v\u00e1 tedd.<\/p>\n\n\n\n<p>Tudd, hogy minden baba egyedi, ez\u00e9rt igaz\u00edtsd vagy haszn\u00e1ld ezeket az eszk\u00f6z\u00f6ket gyermeked egy\u00e9ni preferenci\u00e1i szerint.<\/p>\n\n\n\n<h3 class=\"wp-block-heading\">Gyakran Ism\u00e9telt K\u00e9rd\u00e9sek (GYIK):<\/h3>\n\n\n\n<h4 class=\"wp-block-heading\">1. Mikor kezdjem el etetni a bab\u00e1mat?<\/h4>\n\n\n\n<p>\u00c1ltal\u00e1ban a t\u00e1pl\u00e1lkoz\u00e1s bevezet\u00e9se 6 h\u00f3napos kor k\u00f6r\u00fcl kezd\u0151dik, amikor a baba k\u00e9szen \u00e1ll az \u00faj \u00e9telek felfedez\u00e9s\u00e9re.<\/p>\n\n\n\n<h4 class=\"wp-block-heading\">2. H\u00e1ny ev\u0151eszk\u00f6zt kell v\u00e1s\u00e1rolnom az \u00e9telek bevezet\u00e9s\u00e9nek megkezd\u00e9se el\u0151tt?<\/h4>\n\n\n\n<p>A cikkben eml\u00edtett 10 eszk\u00f6z elengedhetetlen az \u00e9telek z\u00f6kken\u0151mentes elk\u00e9sz\u00edt\u00e9s\u00e9hez. Miel\u0151tt elkezden\u00e9d a folyamatot, gy\u0151z\u0151dj meg r\u00f3la, hogy rendelkez\u00e9sedre \u00e1llnak.<\/p>\n\n\n\n<h4 class=\"wp-block-heading\">3. Honnan tudhatom, hogy a bab\u00e1m k\u00e9szen \u00e1ll-e a tr\u00e9ningeszk\u00f6z\u00f6k haszn\u00e1lat\u00e1ra?<\/h4>\n\n\n\n<p>Amikor a baba elkezd t\u00e1rgyakat \u00fct\u00f6getni az eny\u00e9mmel, \u00e9s \u00e9rdekl\u0151d\u00e9st mutat a feln\u0151ttek etet\u00e9s\u00e9nek ut\u00e1nz\u00e1sa ir\u00e1nt, az annak a jele, hogy k\u00e9szen \u00e1ll a k\u00e9pz\u00e9si feladatok megtapasztal\u00e1s\u00e1ra.<\/p>\n\n\n\n<h4 class=\"wp-block-heading\">4. Minden haszn\u00e1lat ut\u00e1n steriliz\u00e1lnom kell az eszk\u00f6z\u00f6ket?<\/h4>\n\n\n\n<p>Az eszk\u00f6z\u00f6k steriliz\u00e1l\u00e1sa minden haszn\u00e1lat ut\u00e1n aj\u00e1nlott, k\u00fcl\u00f6n\u00f6sen az els\u0151 h\u00f3napokban. Ahogy a baba n\u00f6vekszik, ez a gyakoris\u00e1g cs\u00f6kkenthet\u0151.<\/p>\n\n\n\n<h4 class=\"wp-block-heading\">5. Mit tegyek, ha a bab\u00e1m fog vagy haszn\u00e1l fog\u00f3kat?<\/h4>\n\n\n\n<p>Gyakori, hogy a bab\u00e1knak id\u0151re van sz\u00fcks\u00e9g\u00fck, mire megszokj\u00e1k a dolgokat. Tov\u00e1bbra is k\u00edn\u00e1ld \u00e9s modellezd, vagy haszn\u00e1ld \u0151ket, hogy \u00f6szt\u00f6n\u00f6zd \u0151ket k\u00eds\u00e9rletez\u00e9sre.<\/p>","protected":false},"excerpt":{"rendered":"<p>Os 10 utens\u00edlios indispens\u00e1veis para a introdu\u00e7\u00e3o alimentar de beb\u00eas. A fase de introdu\u00e7\u00e3o alimentar \u00e9 um momento emocionante e importante no desenvolvimento do beb\u00ea. \u00c0 medida que eles exploram novos sabores e texturas, \u00e9 essencial contar com os utens\u00edlios corretos para tornar essa transi\u00e7\u00e3o suave e segura. Vou te mostrar os 10 utens\u00edlios indispens\u00e1veis [&hellip;]<\/p>","protected":false},"author":139,"featured_media":3629,"comment_status":"closed","ping_status":"open","sticky":false,"template":"","format":"standard","meta":{"footnotes":""},"categories":[5],"tags":[],"yoast_head":"<!-- This site is optimized with the Yoast SEO plugin v23.3 - https:\/\/yoast.com\/wordpress\/plugins\/seo\/ -->\n<title>Os 10 Utens\u00edlios Indispens\u00e1veis para a Introdu\u00e7\u00e3o Alimentar de Beb\u00eas - Universo Fam\u00edlia<\/title>\n<meta name=\"description\" content=\"Os 10 utens\u00edlios indispens\u00e1veis para a introdu\u00e7\u00e3o alimentar de beb\u00eas. A fase de introdu\u00e7\u00e3o alimentar \u00e9 um momento emocionante\" \/>\n<meta name=\"robots\" content=\"index, follow, max-snippet:-1, max-image-preview:large, max-video-preview:-1\" \/>\n<link rel=\"canonical\" href=\"https:\/\/universofamilia.com\/hu\/os-10-utensilios-indispensaveis-para-a-introducao-alimentar-de-bebes\/\" \/>\n<meta property=\"og:locale\" content=\"hu_HU\" \/>\n<meta property=\"og:type\" content=\"article\" \/>\n<meta property=\"og:title\" content=\"Os 10 Utens\u00edlios Indispens\u00e1veis para a Introdu\u00e7\u00e3o Alimentar de Beb\u00eas - Universo Fam\u00edlia\" \/>\n<meta property=\"og:description\" content=\"Os 10 utens\u00edlios indispens\u00e1veis para a introdu\u00e7\u00e3o alimentar de beb\u00eas. A fase de introdu\u00e7\u00e3o alimentar \u00e9 um momento emocionante\" \/>\n<meta property=\"og:url\" content=\"https:\/\/universofamilia.com\/hu\/os-10-utensilios-indispensaveis-para-a-introducao-alimentar-de-bebes\/\" \/>\n<meta property=\"og:site_name\" content=\"Universo Fam\u00edlia\" \/>\n<meta property=\"article:published_time\" content=\"2023-08-24T11:00:00+00:00\" \/>\n<meta property=\"article:modified_time\" content=\"2025-01-22T01:27:43+00:00\" \/>\n<meta property=\"og:image\" content=\"https:\/\/universofamilia.com\/wp-content\/uploads\/sites\/148\/2023\/08\/DESTAQUE-utensilios-para-introducao-alimentar-universo-familia-.png\" \/>\n\t<meta property=\"og:image:width\" content=\"448\" \/>\n\t<meta property=\"og:image:height\" content=\"350\" \/>\n\t<meta property=\"og:image:type\" content=\"image\/png\" \/>\n<meta name=\"author\" content=\"Pedro Henrique\" \/>\n<meta name=\"twitter:card\" content=\"summary_large_image\" \/>\n<meta name=\"twitter:label1\" content=\"Written by\" \/>\n\t<meta name=\"twitter:data1\" content=\"Pedro Henrique\" \/>\n\t<meta name=\"twitter:label2\" content=\"Est. reading time\" \/>\n\t<meta name=\"twitter:data2\" content=\"5 perc\" \/>\n<script type=\"application\/ld+json\" class=\"yoast-schema-graph\">{\"@context\":\"https:\/\/schema.org\",\"@graph\":[{\"@type\":\"WebPage\",\"@id\":\"https:\/\/universofamilia.com\/da\/os-10-utensilios-indispensaveis-para-a-introducao-alimentar-de-bebes\/\",\"url\":\"https:\/\/universofamilia.com\/da\/os-10-utensilios-indispensaveis-para-a-introducao-alimentar-de-bebes\/\",\"name\":\"Os 10 Utens\u00edlios Indispens\u00e1veis para a Introdu\u00e7\u00e3o Alimentar de Beb\u00eas - Universo Fam\u00edlia\",\"isPartOf\":{\"@id\":\"https:\/\/universofamilia.com\/el\/#website\"},\"primaryImageOfPage\":{\"@id\":\"https:\/\/universofamilia.com\/da\/os-10-utensilios-indispensaveis-para-a-introducao-alimentar-de-bebes\/#primaryimage\"},\"image\":{\"@id\":\"https:\/\/universofamilia.com\/da\/os-10-utensilios-indispensaveis-para-a-introducao-alimentar-de-bebes\/#primaryimage\"},\"thumbnailUrl\":\"https:\/\/universofamilia.com\/wp-content\/uploads\/sites\/148\/2023\/08\/DESTAQUE-utensilios-para-introducao-alimentar-universo-familia-.png\",\"datePublished\":\"2023-08-24T11:00:00+00:00\",\"dateModified\":\"2025-01-22T01:27:43+00:00\",\"author\":{\"@id\":\"https:\/\/universofamilia.com\/el\/#\/schema\/person\/f07ce98187dd84d31154262e79b3b7ca\"},\"description\":\"Os 10 utens\u00edlios indispens\u00e1veis para a introdu\u00e7\u00e3o alimentar de beb\u00eas. A fase de introdu\u00e7\u00e3o alimentar \u00e9 um momento emocionante\",\"breadcrumb\":{\"@id\":\"https:\/\/universofamilia.com\/da\/os-10-utensilios-indispensaveis-para-a-introducao-alimentar-de-bebes\/#breadcrumb\"},\"inLanguage\":\"hu\",\"potentialAction\":[{\"@type\":\"ReadAction\",\"target\":[\"https:\/\/universofamilia.com\/da\/os-10-utensilios-indispensaveis-para-a-introducao-alimentar-de-bebes\/\"]}]},{\"@type\":\"ImageObject\",\"inLanguage\":\"hu\",\"@id\":\"https:\/\/universofamilia.com\/da\/os-10-utensilios-indispensaveis-para-a-introducao-alimentar-de-bebes\/#primaryimage\",\"url\":\"https:\/\/universofamilia.com\/wp-content\/uploads\/sites\/148\/2023\/08\/DESTAQUE-utensilios-para-introducao-alimentar-universo-familia-.png\",\"contentUrl\":\"https:\/\/universofamilia.com\/wp-content\/uploads\/sites\/148\/2023\/08\/DESTAQUE-utensilios-para-introducao-alimentar-universo-familia-.png\",\"width\":448,\"height\":350},{\"@type\":\"BreadcrumbList\",\"@id\":\"https:\/\/universofamilia.com\/da\/os-10-utensilios-indispensaveis-para-a-introducao-alimentar-de-bebes\/#breadcrumb\",\"itemListElement\":[{\"@type\":\"ListItem\",\"position\":1,\"name\":\"Home\",\"item\":\"https:\/\/universofamilia.com\/el\/\"},{\"@type\":\"ListItem\",\"position\":2,\"name\":\"Os 10 Utens\u00edlios Indispens\u00e1veis para a Introdu\u00e7\u00e3o Alimentar de Beb\u00eas\"}]},{\"@type\":\"WebSite\",\"@id\":\"https:\/\/universofamilia.com\/el\/#website\",\"url\":\"https:\/\/universofamilia.com\/el\/\",\"name\":\"Universo Fam\u00edlia\",\"description\":\"\",\"potentialAction\":[{\"@type\":\"SearchAction\",\"target\":{\"@type\":\"EntryPoint\",\"urlTemplate\":\"https:\/\/universofamilia.com\/el\/?s={search_term_string}\"},\"query-input\":\"required name=search_term_string\"}],\"inLanguage\":\"hu\"},{\"@type\":\"Person\",\"@id\":\"https:\/\/universofamilia.com\/el\/#\/schema\/person\/f07ce98187dd84d31154262e79b3b7ca\",\"name\":\"Pedro Henrique\",\"image\":{\"@type\":\"ImageObject\",\"inLanguage\":\"hu\",\"@id\":\"https:\/\/universofamilia.com\/el\/#\/schema\/person\/image\/\",\"url\":\"https:\/\/secure.gravatar.com\/avatar\/9edfeb808cb4e1599f64d6e45b130154?s=96&d=mm&r=g\",\"contentUrl\":\"https:\/\/secure.gravatar.com\/avatar\/9edfeb808cb4e1599f64d6e45b130154?s=96&d=mm&r=g\",\"caption\":\"Pedro Henrique\"},\"url\":\"https:\/\/universofamilia.com\/hu\/author\/editor01\/\"}]}<\/script>\n<!-- \/ Yoast SEO plugin. -->","yoast_head_json":{"title":"Os 10 Utens\u00edlios Indispens\u00e1veis para a Introdu\u00e7\u00e3o Alimentar de Beb\u00eas - Universo Fam\u00edlia","description":"Os 10 utens\u00edlios indispens\u00e1veis para a introdu\u00e7\u00e3o alimentar de beb\u00eas. A fase de introdu\u00e7\u00e3o alimentar \u00e9 um momento emocionante","robots":{"index":"index","follow":"follow","max-snippet":"max-snippet:-1","max-image-preview":"max-image-preview:large","max-video-preview":"max-video-preview:-1"},"canonical":"https:\/\/universofamilia.com\/hu\/os-10-utensilios-indispensaveis-para-a-introducao-alimentar-de-bebes\/","og_locale":"hu_HU","og_type":"article","og_title":"Os 10 Utens\u00edlios Indispens\u00e1veis para a Introdu\u00e7\u00e3o Alimentar de Beb\u00eas - Universo Fam\u00edlia","og_description":"Os 10 utens\u00edlios indispens\u00e1veis para a introdu\u00e7\u00e3o alimentar de beb\u00eas. A fase de introdu\u00e7\u00e3o alimentar \u00e9 um momento emocionante","og_url":"https:\/\/universofamilia.com\/hu\/os-10-utensilios-indispensaveis-para-a-introducao-alimentar-de-bebes\/","og_site_name":"Universo Fam\u00edlia","article_published_time":"2023-08-24T11:00:00+00:00","article_modified_time":"2025-01-22T01:27:43+00:00","og_image":[{"width":448,"height":350,"url":"https:\/\/universofamilia.com\/wp-content\/uploads\/sites\/148\/2023\/08\/DESTAQUE-utensilios-para-introducao-alimentar-universo-familia-.png","type":"image\/png"}],"author":"Pedro Henrique","twitter_card":"summary_large_image","twitter_misc":{"Written by":"Pedro Henrique","Est. reading time":"5 perc"},"schema":{"@context":"https:\/\/schema.org","@graph":[{"@type":"WebPage","@id":"https:\/\/universofamilia.com\/da\/os-10-utensilios-indispensaveis-para-a-introducao-alimentar-de-bebes\/","url":"https:\/\/universofamilia.com\/da\/os-10-utensilios-indispensaveis-para-a-introducao-alimentar-de-bebes\/","name":"Os 10 Utens\u00edlios Indispens\u00e1veis para a Introdu\u00e7\u00e3o Alimentar de Beb\u00eas - Universo Fam\u00edlia","isPartOf":{"@id":"https:\/\/universofamilia.com\/el\/#website"},"primaryImageOfPage":{"@id":"https:\/\/universofamilia.com\/da\/os-10-utensilios-indispensaveis-para-a-introducao-alimentar-de-bebes\/#primaryimage"},"image":{"@id":"https:\/\/universofamilia.com\/da\/os-10-utensilios-indispensaveis-para-a-introducao-alimentar-de-bebes\/#primaryimage"},"thumbnailUrl":"https:\/\/universofamilia.com\/wp-content\/uploads\/sites\/148\/2023\/08\/DESTAQUE-utensilios-para-introducao-alimentar-universo-familia-.png","datePublished":"2023-08-24T11:00:00+00:00","dateModified":"2025-01-22T01:27:43+00:00","author":{"@id":"https:\/\/universofamilia.com\/el\/#\/schema\/person\/f07ce98187dd84d31154262e79b3b7ca"},"description":"Os 10 utens\u00edlios indispens\u00e1veis para a introdu\u00e7\u00e3o alimentar de beb\u00eas. A fase de introdu\u00e7\u00e3o alimentar \u00e9 um momento emocionante","breadcrumb":{"@id":"https:\/\/universofamilia.com\/da\/os-10-utensilios-indispensaveis-para-a-introducao-alimentar-de-bebes\/#breadcrumb"},"inLanguage":"hu","potentialAction":[{"@type":"ReadAction","target":["https:\/\/universofamilia.com\/da\/os-10-utensilios-indispensaveis-para-a-introducao-alimentar-de-bebes\/"]}]},{"@type":"ImageObject","inLanguage":"hu","@id":"https:\/\/universofamilia.com\/da\/os-10-utensilios-indispensaveis-para-a-introducao-alimentar-de-bebes\/#primaryimage","url":"https:\/\/universofamilia.com\/wp-content\/uploads\/sites\/148\/2023\/08\/DESTAQUE-utensilios-para-introducao-alimentar-universo-familia-.png","contentUrl":"https:\/\/universofamilia.com\/wp-content\/uploads\/sites\/148\/2023\/08\/DESTAQUE-utensilios-para-introducao-alimentar-universo-familia-.png","width":448,"height":350},{"@type":"BreadcrumbList","@id":"https:\/\/universofamilia.com\/da\/os-10-utensilios-indispensaveis-para-a-introducao-alimentar-de-bebes\/#breadcrumb","itemListElement":[{"@type":"ListItem","position":1,"name":"Home","item":"https:\/\/universofamilia.com\/el\/"},{"@type":"ListItem","position":2,"name":"Os 10 Utens\u00edlios Indispens\u00e1veis para a Introdu\u00e7\u00e3o Alimentar de Beb\u00eas"}]},{"@type":"WebSite","@id":"https:\/\/universofamilia.com\/el\/#website","url":"https:\/\/universofamilia.com\/el\/","name":"Universo Fam\u00edlia","description":"","potentialAction":[{"@type":"SearchAction","target":{"@type":"EntryPoint","urlTemplate":"https:\/\/universofamilia.com\/el\/?s={search_term_string}"},"query-input":"required name=search_term_string"}],"inLanguage":"hu"},{"@type":"Person","@id":"https:\/\/universofamilia.com\/el\/#\/schema\/person\/f07ce98187dd84d31154262e79b3b7ca","name":"Pedro Henrique","image":{"@type":"ImageObject","inLanguage":"hu","@id":"https:\/\/universofamilia.com\/el\/#\/schema\/person\/image\/","url":"https:\/\/secure.gravatar.com\/avatar\/9edfeb808cb4e1599f64d6e45b130154?s=96&d=mm&r=g","contentUrl":"https:\/\/secure.gravatar.com\/avatar\/9edfeb808cb4e1599f64d6e45b130154?s=96&d=mm&r=g","caption":"Pedro Henrique"},"url":"https:\/\/universofamilia.com\/hu\/author\/editor01\/"}]}},"_links":{"self":[{"href":"https:\/\/universofamilia.com\/hu\/wp-json\/wp\/v2\/posts\/3627"}],"collection":[{"href":"https:\/\/universofamilia.com\/hu\/wp-json\/wp\/v2\/posts"}],"about":[{"href":"https:\/\/universofamilia.com\/hu\/wp-json\/wp\/v2\/types\/post"}],"author":[{"embeddable":true,"href":"https:\/\/universofamilia.com\/hu\/wp-json\/wp\/v2\/users\/139"}],"replies":[{"embeddable":true,"href":"https:\/\/universofamilia.com\/hu\/wp-json\/wp\/v2\/comments?post=3627"}],"version-history":[{"count":1,"href":"https:\/\/universofamilia.com\/hu\/wp-json\/wp\/v2\/posts\/3627\/revisions"}],"predecessor-version":[{"id":8284,"href":"https:\/\/universofamilia.com\/hu\/wp-json\/wp\/v2\/posts\/3627\/revisions\/8284"}],"wp:featuredmedia":[{"embeddable":true,"href":"https:\/\/universofamilia.com\/hu\/wp-json\/wp\/v2\/media\/3629"}],"wp:attachment":[{"href":"https:\/\/universofamilia.com\/hu\/wp-json\/wp\/v2\/media?parent=3627"}],"wp:term":[{"taxonomy":"category","embeddable":true,"href":"https:\/\/universofamilia.com\/hu\/wp-json\/wp\/v2\/categories?post=3627"},{"taxonomy":"post_tag","embeddable":true,"href":"https:\/\/universofamilia.com\/hu\/wp-json\/wp\/v2\/tags?post=3627"}],"curies":[{"name":"wp","href":"https:\/\/api.w.org\/{rel}","templated":true}]}}