{"id":3683,"date":"2023-08-30T08:04:00","date_gmt":"2023-08-30T11:04:00","guid":{"rendered":"https:\/\/universofamilia.com\/?p=3683"},"modified":"2025-01-28T14:33:24","modified_gmt":"2025-01-28T14:33:24","slug":"emprestimo-bolsa-familia-como-a-solicitar-e-aproveitar-essa-oportunidade","status":"publish","type":"post","link":"https:\/\/universofamilia.com\/hu\/emprestimo-bolsa-familia-como-a-solicitar-e-aproveitar-essa-oportunidade\/","title":{"rendered":"Bolsa Fam\u00edlia k\u00f6lcs\u00f6n: Hogyan ig\u00e9nyelhet \u00e9s hogyan \u00e9lhet ezzel a lehet\u0151s\u00e9ggel?"},"content":{"rendered":"<p>Csal\u00e1di k\u00f6lcs\u00f6n, \u00edgy ig\u00e9nyelheti \u00e9s \u00e9lhet ezzel a lehet\u0151s\u00e9ggel. A Bolsa Fam\u00edlia k\u00f6lcs\u00f6n egy hitellehet\u0151s\u00e9g alacsony j\u00f6vedelm\u0171 csal\u00e1dok \u00e9s mikrov\u00e1llalkoz\u00f3k sz\u00e1m\u00e1ra, akik p\u00e9nz\u00fcgyi forr\u00e1sokhoz szeretn\u00e9nek hozz\u00e1f\u00e9rni \u00e9letmin\u0151s\u00e9g\u00fck jav\u00edt\u00e1sa \u00e9rdek\u00e9ben.<\/p>\n\n\n\n<p>A Bolsa Fam\u00edlia program Aux\u00edlio Brasil \u00e1ltali lecser\u00e9l\u00e9se ut\u00e1n is el\u00e9rhet\u0151 ez a hitelkeret. Ebben a cikkben a hitelfelv\u00e9tel felt\u00e9teleit \u00e9s a jelenlegi ig\u00e9nyl\u00e9s m\u00f3dj\u00e1t t\u00e1rgyaljuk.<\/p>\n\n\n\n<h3 class=\"wp-block-heading\">A Bolsa Fam\u00edlia \u00e9s evol\u00faci\u00f3s programja<\/h3>\n\n\n\n<p>A Bolsa Fam\u00edlia, a sz\u00f6vets\u00e9gi korm\u00e1ny \u00e1ltal l\u00e9trehozott program, f\u0151 c\u00e9lja, hogy j\u00f6vedelmet osszon sz\u00e9t a r\u00e1szorul\u00f3 helyzetben l\u00e9v\u0151 csal\u00e1dok k\u00f6z\u00f6tt.<\/p>\n\n\n\n<p>A 2003-ban indult, a 10 836. sz\u00e1m\u00fa t\u00f6rv\u00e9nny\u00e9 alak\u00edtott ideiglenes int\u00e9zked\u00e9ssel egys\u00e9ges\u00edtette a m\u00e1r l\u00e9tez\u0151 szoci\u00e1lis j\u00f6vedelemprogramokat.<\/p>\n\n\n\n<p>Assim, k\u00e9t \u00e9v alatt, az R$ 2 milli\u00e1rd \u00fczenetet kap a kedvezm\u00e9nyezett csal\u00e1dok k\u00f6z\u00f6tt, amelyek \u00e9rt\u00e9kei a k\u00f6vetkez\u0151k k\u00f6z\u00f6tt v\u00e1ltoznak: <strong>R$ 89,07 \u00e9s R$ 178,00 csal\u00e1donk\u00e9nt.<\/strong><\/p>\n\n\n\n<p>M\u00e9g nem, az Aux\u00edlio Brasil 2021-es tov\u00e1bbfejlesztett programja. Azt is bejelentett\u00e9k, hogy az \u00faj program szab\u00e1lyokat is tartalmaz majd, bele\u00e9rtve az \u00e9rt\u00e9keket \u00e9s a fizet\u00e9si m\u00f3dokat.<\/p>\n\n\n\n<p>El\u0151sz\u00f6r is, t\u00f6bbet profit\u00e1ljon, mint <strong>14,5 milli\u00f3 csal\u00e1d<\/strong>, csal\u00e1donk\u00e9nt \u00e1tlagosan R$ \u00e9rt\u00e9kkel 224,41.<\/p>\n\n\n<div class=\"wp-block-image\">\n<figure class=\"aligncenter size-full\"><img loading=\"lazy\" decoding=\"async\" width=\"960\" height=\"540\" src=\"http:\/\/universofamilia.com\/wp-content\/uploads\/sites\/148\/2023\/08\/P-UNIV-FAMILIA-Emprestimo-Bolsa-Familia-Como-Solicitar-e-Aproveitar-Essa-Oportunidade.png\" alt=\"\" class=\"wp-image-3715\" srcset=\"https:\/\/universofamilia.com\/wp-content\/uploads\/sites\/148\/2023\/08\/P-UNIV-FAMILIA-Emprestimo-Bolsa-Familia-Como-Solicitar-e-Aproveitar-Essa-Oportunidade.png 960w, https:\/\/universofamilia.com\/wp-content\/uploads\/sites\/148\/2023\/08\/P-UNIV-FAMILIA-Emprestimo-Bolsa-Familia-Como-Solicitar-e-Aproveitar-Essa-Oportunidade-300x169.png 300w, https:\/\/universofamilia.com\/wp-content\/uploads\/sites\/148\/2023\/08\/P-UNIV-FAMILIA-Emprestimo-Bolsa-Familia-Como-Solicitar-e-Aproveitar-Essa-Oportunidade-768x432.png 768w\" sizes=\"(max-width: 960px) 100vw, 960px\" \/><figcaption class=\"wp-element-caption\"><em>Fot\u00f3: (reprodukci\u00f3\/internet)<\/em><\/figcaption><\/figure><\/div>\n\n\n<p>A kifizet\u00e9seket tov\u00e1bbra is a Bolsa Fam\u00edlia Cart\u00e3o v\u00e9gzi, de mostant\u00f3l lehet\u0151s\u00e9g van arra is, hogy a juttat\u00e1st szoci\u00e1lis alapban, a Caixa vagy a Cont\u00e1bil sz\u00e1ml\u00e1r\u00f3l vegy\u00e9k fel.<\/p>\n\n\n\n<h3 class=\"wp-block-heading\">A Bolsa Fam\u00edlia k\u00f6lcs\u00f6n \u00e9s annak m\u0171k\u00f6d\u00e9se<\/h3>\n\n\n\n<p>Ez a hitelt\u00edpus, annak ellen\u00e9re, hogy Bolsa Fam\u00edlia k\u00f6lcs\u00f6nk\u00e9nt ismert, jelenleg Produkt\u00edv Orient\u00e1lt Mikrohitelnek nevezik.<\/p>\n\n\n\n<p>Az Al\u00e9m disso, vagyis a Munka\u00fcgyi \u00e9s Foglalkoztat\u00e1si Miniszt\u00e9rium (TEM) \u00e1ltal koordin\u00e1lt Nemzeti Orient\u00e1lt Termel\u0151 Mikrohitel Program (PNMPO) hitelhez val\u00f3 hozz\u00e1f\u00e9r\u00e9st k\u00edn\u00e1l a k\u00f6vetkez\u0151 m\u00f3dokon: <strong>alacsonyabb kamatl\u00e1bak<\/strong>, k\u00fcl\u00f6n\u00f6sen a Bolsa Fam\u00edli\u00e1ban vagy Aux\u00edlio Brasilban bejegyzett alacsony j\u00f6vedelm\u0171 csal\u00e1dok sz\u00e1m\u00e1ra.<\/p>\n\n\n\n<h4 class=\"wp-block-heading\"><strong><mark class=\"has-inline-color has-ast-global-color-8-color\">Al\u00e1bb olvasom:<\/mark><\/strong><\/h4>\n\n\n<table style=\"border-collapse: collapse;width: 100%;height: 63px\">\n<tbody>\n<tr style=\"height: 21px\">\n<td style=\"width: 18.5759%;height: 21px\"><a href=\"https:\/\/universofamilia.com\/hu\/caixa-libera-consulta-do-pis-pasep\/\" target=\"_blank\" rel=\"noopener\"><img loading=\"lazy\" decoding=\"async\" class=\"alignnone wp-image-3875 size-medium\" src=\"http:\/\/universofamilia.com\/wp-content\/uploads\/sites\/148\/2023\/08\/CALENDARIO-DO-PIS-300x300.png\" alt=\"\" width=\"300\" height=\"300\" srcset=\"https:\/\/universofamilia.com\/wp-content\/uploads\/sites\/148\/2023\/08\/CALENDARIO-DO-PIS-300x300.png 300w, https:\/\/universofamilia.com\/wp-content\/uploads\/sites\/148\/2023\/08\/CALENDARIO-DO-PIS-150x150.png 150w, https:\/\/universofamilia.com\/wp-content\/uploads\/sites\/148\/2023\/08\/CALENDARIO-DO-PIS.png 315w\" sizes=\"(max-width: 300px) 100vw, 300px\" \/><\/a><\/td>\n<td style=\"width: 81.4241%;height: 21px\">\n<h4><span style=\"color: #333333\"><a style=\"color: #333333\" href=\"https:\/\/universofamilia.com\/hu\/caixa-libera-consulta-do-pis-pasep\/\"><strong>PIS\/PASEP 2023 napt\u00e1r<\/strong><\/a><\/span><\/h4>\n<\/td>\n<\/tr>\n<tr style=\"height: 21px\">\n<td style=\"width: 18.5759%;height: 21px\"><img loading=\"lazy\" decoding=\"async\" class=\"alignnone wp-image-3876 size-medium\" src=\"http:\/\/universofamilia.com\/wp-content\/uploads\/sites\/148\/2023\/08\/AMOSTRA-DO-BOTICARIO-300x300.png\" alt=\"\" width=\"300\" height=\"300\" srcset=\"https:\/\/universofamilia.com\/wp-content\/uploads\/sites\/148\/2023\/08\/AMOSTRA-DO-BOTICARIO-300x300.png 300w, https:\/\/universofamilia.com\/wp-content\/uploads\/sites\/148\/2023\/08\/AMOSTRA-DO-BOTICARIO-150x150.png 150w, https:\/\/universofamilia.com\/wp-content\/uploads\/sites\/148\/2023\/08\/AMOSTRA-DO-BOTICARIO.png 315w\" sizes=\"(max-width: 300px) 100vw, 300px\" \/><\/td>\n<td style=\"width: 81.4241%;height: 21px\">\n<h4><span style=\"color: #333333\"><strong><a style=\"color: #333333\" href=\"https:\/\/universofamilia.com\/hu\/amostras-gratis-boticario-como-solicitar-pelo-celular\/\" target=\"_blank\" rel=\"noreferrer noopener\">Hogyan k\u00e9rhetek ingyenes mint\u00e1kat a Botic\u00e1rio-t\u00f3l?<\/a><\/strong><\/span><\/h4>\n<\/td>\n<\/tr>\n<tr style=\"height: 21px\">\n<td style=\"width: 18.5759%;height: 21px\"><a href=\"https:\/\/universofamilia.com\/hu\/cursos-online-gratis-para-se-tornar-um-marceneiro\/\" target=\"_blank\" rel=\"noopener\"><img loading=\"lazy\" decoding=\"async\" class=\"alignnone wp-image-3934 size-medium\" src=\"http:\/\/universofamilia.com\/wp-content\/uploads\/sites\/148\/2023\/08\/cursos-online-gratis-para-se-tornar-um-marceneiro-300x300.png\" alt=\"\" width=\"300\" height=\"300\" srcset=\"https:\/\/universofamilia.com\/wp-content\/uploads\/sites\/148\/2023\/08\/cursos-online-gratis-para-se-tornar-um-marceneiro-300x300.png 300w, https:\/\/universofamilia.com\/wp-content\/uploads\/sites\/148\/2023\/08\/cursos-online-gratis-para-se-tornar-um-marceneiro-150x150.png 150w, https:\/\/universofamilia.com\/wp-content\/uploads\/sites\/148\/2023\/08\/cursos-online-gratis-para-se-tornar-um-marceneiro.png 315w\" sizes=\"(max-width: 300px) 100vw, 300px\" \/><\/a><\/td>\n<td style=\"width: 81.4241%;height: 21px\">\n<h4><span style=\"color: #000000\"><a style=\"color: #000000\" href=\"https:\/\/universofamilia.com\/hu\/cursos-online-gratis-para-se-tornar-um-marceneiro\/\" target=\"_blank\" rel=\"noopener\">Ingyenes online tanfolyamok Marceneirov\u00e1 v\u00e1l\u00e1shoz<\/a><\/span><\/h4>\n<\/td>\n<\/tr>\n<\/tbody>\n<\/table>\n\n\n<p>A 2005-ben l\u00e9trehozott Al\u00e9m disso programot 2011-ben Crescer Programmal b\u0151v\u00edtett\u00e9k ki, lehet\u0151v\u00e9 t\u00e9ve a v\u00e1llalkoz\u00f3k sz\u00e1m\u00e1ra, hogy mikrohitelekhez is hozz\u00e1f\u00e9rjenek a sz\u00f6vets\u00e9gi \u00e1llami bankokon kereszt\u00fcl.<\/p>\n\n\n\n<p>\u00cdgy orsz\u00e1gszerte t\u00f6bb ezer hitelm\u0171veletet hajtanak v\u00e9gre.<\/p>\n\n\n\n<h3 class=\"wp-block-heading\">Hogyan ig\u00e9nyelhetek Bolsa Fam\u00edlia k\u00f6lcs\u00f6nt?<\/h3>\n\n\n\n<p>A Bolsa Fam\u00edlia k\u00f6lcs\u00f6n ig\u00e9nyl\u00e9s\u00e9hez fel kell venni a kapcsolatot az \u00f6nkorm\u00e1nyzatban illet\u00e9kes int\u00e9zm\u00e9nyekkel.<\/p>\n\n\n\n<p>Ha k\u00e9ts\u00e9gei vannak, vagy \u00fatmutat\u00e1sra van sz\u00fcks\u00e9ge, javasoljuk, hogy a helyi Sebrae-n\u00e1l vagy a Szoci\u00e1lis Seg\u00edts\u00e9gny\u00fajt\u00f3 K\u00f6zpontn\u00e1l (CRAS) k\u00e9rjen seg\u00edts\u00e9get.<\/p>\n\n\n\n<p>A szem\u00e9lyes \u00e9s csal\u00e1di adatok megad\u00e1s\u00e1hoz az int\u00e9zm\u00e9ny elemz\u00e9st v\u00e9gez a jogosults\u00e1g meg\u00e1llap\u00edt\u00e1sa \u00e9rdek\u00e9ben.<\/p>\n\n\n<div class=\"wp-block-image\">\n<figure class=\"aligncenter size-full\"><img loading=\"lazy\" decoding=\"async\" width=\"960\" height=\"540\" src=\"http:\/\/universofamilia.com\/wp-content\/uploads\/sites\/148\/2023\/08\/P-UNIV-FAMILIA-Emprestimo-Bolsa-Familia-Como-Solicitar-e-Aproveitar-Essa-Oportunidade-1.png\" alt=\"\" class=\"wp-image-3717\" srcset=\"https:\/\/universofamilia.com\/wp-content\/uploads\/sites\/148\/2023\/08\/P-UNIV-FAMILIA-Emprestimo-Bolsa-Familia-Como-Solicitar-e-Aproveitar-Essa-Oportunidade-1.png 960w, https:\/\/universofamilia.com\/wp-content\/uploads\/sites\/148\/2023\/08\/P-UNIV-FAMILIA-Emprestimo-Bolsa-Familia-Como-Solicitar-e-Aproveitar-Essa-Oportunidade-1-300x169.png 300w, https:\/\/universofamilia.com\/wp-content\/uploads\/sites\/148\/2023\/08\/P-UNIV-FAMILIA-Emprestimo-Bolsa-Familia-Como-Solicitar-e-Aproveitar-Essa-Oportunidade-1-768x432.png 768w\" sizes=\"(max-width: 960px) 100vw, 960px\" \/><figcaption class=\"wp-element-caption\"><em>Fot\u00f3: (reprodukci\u00f3\/internet)<\/em><\/figcaption><\/figure><\/div>\n\n\n<h3 class=\"wp-block-heading\">P\u00e9nzint\u00e9zetek \u00e9s Empr\u00e9stimo felt\u00e9telei<\/h3>\n\n\n\n<p>K\u00fcl\u00f6nb\u00f6z\u0151 bankok, bele\u00e9rtve az orsz\u00e1g legnagyobbjait is <strong>mint p\u00e9ld\u00e1ul az Ita\u00fa, a Bradesco, a Banco do Brasil \u00e9s a Caixa Econ\u00f4mica Federal,<\/strong> vagy orient\u00e1lt produkt\u00edv mikrohitelt k\u00edn\u00e1lunk.<\/p>\n\n\n\n<p>Minden int\u00e9zm\u00e9nynek megvannak a saj\u00e1t szab\u00e1lyai \u00e9s felt\u00e9telei, ez\u00e9rt fontos ellen\u0151rizni az egyes bankok konkr\u00e9t k\u00f6vetelm\u00e9nyeit.<\/p>\n\n\n\n<p>P\u00e9ld\u00e1ul, vagy <strong>Braz\u00edlia Bank<\/strong> K\u00f6lcs\u00f6n\u00f6ket k\u00edn\u00e1l mind jogi, mind term\u00e9szetes szem\u00e9lyek sz\u00e1m\u00e1ra, 1851 TP3T vagy ann\u00e1l magasabb t\u00f6rv\u00e9nyes ad\u00f3kulcsokkal, v\u00e1llalatok sz\u00e1m\u00e1ra 15 ezer R$ \u00e9s term\u00e9szetes szem\u00e9lyek sz\u00e1m\u00e1ra 2 ezer R$ hitelkerettel.<\/p>\n\n\n\n<p>Assim, a Caixa Econ\u00f4mica Federal mikrohitelt tesz el\u00e9rhet\u0151v\u00e9 a mikrov\u00e1llalkoz\u00e1sok sz\u00e1m\u00e1ra, 3 491 TP3 tonna vagy ann\u00e1l nagyobb ad\u00f3kulccsal \u00e9s 21 ezer R1TP4 tonna \u00e9rt\u00e9kkel.<\/p>\n\n\n\n<p>Igen vagy <strong>Brazil Bank<\/strong> Lehet\u0151s\u00e9get k\u00edn\u00e1l jelenlegi br\u00f3kerek \u00e9s \u00fczlettulajdonosok sz\u00e1m\u00e1ra, akiknek f\u00f6ldb\u00e9rleti d\u00edja R$ 30 ezer.<\/p>\n\n\n\n<p>Mivel az ad\u00f3k \u00e9s az \u00e1rak v\u00e1ltoznak, minden \u00faj megrendel\u00e9s r\u00e9szletes \u00e9rt\u00e9kel\u00e9sen megy kereszt\u00fcl. M\u00e1s bankok, mint p\u00e9ld\u00e1ul a B<strong>Radesco \u00e9s Ita\u00fa<\/strong>, mikrohitel opci\u00f3kat is k\u00edn\u00e1lunk R$ \u00e9rt\u00e9kben 21 ezer \u00e9s csomagok <strong>15-sz\u00f6r d\u00f6ntetlen<\/strong>.<\/p>\n\n\n\n<h3 class=\"wp-block-heading\">Juros \u00e9s Poss\u00edvel ad\u00f3i \u00daj form\u00e1tum az Aux\u00edlio Brasil-lal<\/h3>\n\n\n<div class=\"wp-block-image\">\n<figure class=\"aligncenter size-full\"><img loading=\"lazy\" decoding=\"async\" width=\"960\" height=\"540\" src=\"http:\/\/universofamilia.com\/wp-content\/uploads\/sites\/148\/2023\/08\/P-UNIV-FAMILIA-Emprestimo-Bolsa-Familia-Como-Solicitar-e-Aproveitar-Essa-Oportunidade-2.png\" alt=\"\" class=\"wp-image-3718\" srcset=\"https:\/\/universofamilia.com\/wp-content\/uploads\/sites\/148\/2023\/08\/P-UNIV-FAMILIA-Emprestimo-Bolsa-Familia-Como-Solicitar-e-Aproveitar-Essa-Oportunidade-2.png 960w, https:\/\/universofamilia.com\/wp-content\/uploads\/sites\/148\/2023\/08\/P-UNIV-FAMILIA-Emprestimo-Bolsa-Familia-Como-Solicitar-e-Aproveitar-Essa-Oportunidade-2-300x169.png 300w, https:\/\/universofamilia.com\/wp-content\/uploads\/sites\/148\/2023\/08\/P-UNIV-FAMILIA-Emprestimo-Bolsa-Familia-Como-Solicitar-e-Aproveitar-Essa-Oportunidade-2-768x432.png 768w\" sizes=\"(max-width: 960px) 100vw, 960px\" \/><figcaption class=\"wp-element-caption\"><em>Fot\u00f3: (reprodukci\u00f3\/internet)<\/em><\/figcaption><\/figure><\/div>\n\n\n<p>Az ad\u00f3kulcsok a k\u00e9relmez\u0151 profilj\u00e1t\u00f3l \u00e9s a kiv\u00e1lasztott p\u00e9nzint\u00e9zett\u0151l f\u00fcgg\u0151en v\u00e1ltozhatnak. Azonban a fent eml\u00edtett int\u00e9zked\u00e9sek megfontol\u00e1s\u00e1ra is lehet\u0151s\u00e9g van.<\/p>\n\n\n\n<p>Emellett felmer\u00fcl az Aux\u00edlio Brasil Consignado nev\u0171 hitelt\u00edpus bevezet\u00e9se is, amely egy olyan hitelforma, amelynek eset\u00e9ben az \u00e9rt\u00e9ket k\u00f6zvetlen\u00fcl a nyeres\u00e9gb\u0151l sz\u00e1molj\u00e1k le. Az Embora m\u00e1r enged\u00e9lyt kapott, \u00e9s a sz\u00f6vets\u00e9gi szen\u00e1tus szab\u00e1lyoz\u00e1s\u00e1ra v\u00e1r.<\/p>\n\n\n\n<h3 class=\"wp-block-heading\">K\u00f6vetkeztet\u00e9s<\/h3>\n\n\n\n<p>A Bolsa Fam\u00edlia Hitel, vagyis az Orient\u00e1lt Termel\u0151 Mikrohitel tov\u00e1bbra is fontos lehet\u0151s\u00e9g az alacsony j\u00f6vedelm\u0171 csal\u00e1dok \u00e9s a mikrov\u00e1llalkoz\u00f3k sz\u00e1m\u00e1ra, akik p\u00e9nz\u00fcgyi helyzet\u00fck jav\u00edt\u00e1s\u00e1ra t\u00f6rekszenek.<\/p>\n\n\n\n<p>\u00cdgy, mivel lehet\u0151s\u00e9g van alacsonyabb ad\u00f3kulcs\u00fa forr\u00e1sokhoz val\u00f3 hozz\u00e1f\u00e9r\u00e9sre, elengedhetetlen, hogy \u00fatmutat\u00e1st k\u00e9rj\u00fcnk az illet\u00e9kes int\u00e9zm\u00e9nyekt\u0151l, \u00e9s \u00e9rt\u00e9kelj\u00fck a k\u00fcl\u00f6nb\u00f6z\u0151 bankok \u00e1ltal k\u00edn\u00e1lt felt\u00e9teleket.<\/p>\n\n\n\n<p>A szoci\u00e1lis program fejl\u0151d\u00e9s\u00e9vel \u00e9s az \u00e9vszakok v\u00e1ltoz\u00e1s\u00e1val ez a fajta hitel \u00e9rt\u00e9kes lehet\u0151s\u00e9geket k\u00edn\u00e1lhat a gazdas\u00e1gi n\u00f6veked\u00e9s \u00e9s az \u00e9letmin\u0151s\u00e9g jav\u00edt\u00e1sa szempontj\u00e1b\u00f3l.<\/p>\n\n\n\n<h3 class=\"wp-block-heading\">Tov\u00e1bbi inform\u00e1ci\u00f3k forr\u00e1sai<\/h3>\n\n\n\n<p>Ha alaposabb vizsg\u00e1latot szeretn\u00e9l v\u00e9gezni az \u00fcgyben, javaslom, hogy megb\u00edzhat\u00f3 \u00e9s naprak\u00e9sz forr\u00e1sokat konzult\u00e1lj, mint p\u00e9ld\u00e1ul:<\/p>\n\n\n\n<p><strong>A sz\u00f6vets\u00e9gi korm\u00e1ny hivatalos oldala<\/strong>A brazil korm\u00e1ny hivatalos weboldala naprak\u00e9sz inform\u00e1ci\u00f3kat ny\u00fajt a szoci\u00e1lis programokr\u00f3l, bele\u00e9rtve az Aux\u00edlio Brasil \u00e9s az Oriented Productive Microcredit programokat. Weboldal: https:\/\/www.gov.br\/pt-br<\/p>\n\n\n\n<p><strong>Sz\u00f6vets\u00e9gi Gazdas\u00e1gi Bank<\/strong>A Caixa, mint a szoci\u00e1lis juttat\u00e1sok kifizet\u00e9s\u00e9ben r\u00e9szt vev\u0151 p\u00e9nz\u00fcgyi int\u00e9zm\u00e9ny, megb\u00edzhat\u00f3 inform\u00e1ci\u00f3forr\u00e1s a fizet\u00e9sekkel, k\u00e9szp\u00e9nzfelv\u00e9telekkel \u00e9s banki szolg\u00e1ltat\u00e1sokkal kapcsolatban. Weboldal: https:\/\/www.caixa.gov.br<\/p>\n\n\n\n<p><strong>Brazil Bank<\/strong>A Banco do Brasil p\u00e9nz\u00fcgyi szolg\u00e1ltat\u00e1sokkal, t\u00f6bbek k\u00f6z\u00f6tt produkt\u00edv mikrohitelekkel kapcsolatos inform\u00e1ci\u00f3kat is k\u00edn\u00e1l. Weboldal: https:\/\/www.bb.com.br<\/p>\n\n\n\n<p><strong>Sebrae<\/strong>A Brazil Mikro- \u00e9s Kisv\u00e1llalkoz\u00e1s-t\u00e1mogat\u00e1si Szolg\u00e1lat (Sebrae) kiv\u00e1l\u00f3 inform\u00e1ci\u00f3forr\u00e1s a v\u00e1llalkoz\u00f3k sz\u00e1m\u00e1ra, bele\u00e9rtve a mikrohitelekkel \u00e9s az \u00fczleti t\u00e1mogat\u00e1ssal kapcsolatos \u00fatmutat\u00e1st is. Weboldal: https:\/\/www.sebrae.com.br<\/p>\n\n\n\n<p><strong>\u00c1llampolg\u00e1rs\u00e1gi Miniszt\u00e9rium<\/strong>Az \u00c1llampolg\u00e1rs\u00e1gi Miniszt\u00e9rium felel\u0151s a szoci\u00e1lis programok\u00e9rt, \u00e9s t\u00e1j\u00e9koztat\u00e1st tud ny\u00fajtani az Aux\u00edlio Brasilr\u00f3l \u00e9s egy\u00e9b juttat\u00e1sokr\u00f3l. Weboldal: https:\/\/www.gov.br\/cidadania<\/p>\n\n\n\n<p>Ez\u00e9rt k\u00f6ztudott, hogy a p\u00e9nz\u00fcgyi \u00e9s szab\u00e1lyoz\u00e1si inform\u00e1ci\u00f3k id\u0151vel v\u00e1ltozhatnak. Ez\u00e9rt a kutat\u00e1sok elv\u00e9gz\u00e9se \u00e9s a p\u00e9nz\u00fcgyi d\u00f6nt\u00e9sek meghozatala sor\u00e1n elengedhetetlen a naprak\u00e9sz \u00e9s megb\u00edzhat\u00f3 forr\u00e1sok konzult\u00e1l\u00e1sa.<\/p>\n\n\n\n<h3 class=\"wp-block-heading\">Gyakran ism\u00e9telt k\u00e9rd\u00e9sek<\/h3>\n\n\n\n<div class=\"wp-block-uagb-faq uagb-faq__outer-wrap uagb-block-2786431e uagb-faq-icon-row uagb-faq-layout-accordion uagb-faq-expand-first-true uagb-faq-inactive-other-true uagb-faq__wrap uagb-buttons-layout-wrap uagb-faq-equal-height\" data-faqtoggle=\"true\" role=\"tablist\">\n\n<div class=\"wp-block-uagb-faq-child uagb-faq-child__outer-wrap uagb-faq-item uagb-block-928f9f2a\" role=\"tab\"><div class=\"uagb-faq-questions-button uagb-faq-questions\"><span class=\"uagb-icon uagb-faq-icon-wrap\"><\/span><span class=\"uagb-icon-active uagb-faq-icon-wrap\"><\/span><span class=\"uagb-question\"><strong>1. Mi a Bolsa Fam\u00edlia k\u00f6lcs\u00f6n?<\/strong><\/span><\/div><p class=\"uagb-faq-content\">A Bolsa Fam\u00edlia Hitel egy olyan hitelt\u00edpus, amely alacsony j\u00f6vedelm\u0171 csal\u00e1dok \u00e9s mikrov\u00e1llalkoz\u00f3k sz\u00e1m\u00e1ra \u00e9rhet\u0151 el, akik p\u00e9nz\u00fcgyi forr\u00e1sokhoz szeretn\u00e9nek hozz\u00e1f\u00e9rni \u00e9letmin\u0151s\u00e9g\u00fck jav\u00edt\u00e1sa \u00e9rdek\u00e9ben.<\/p><\/div>\n\n\n<div class=\"wp-block-uagb-faq-child uagb-faq-child__outer-wrap uagb-faq-item uagb-block-50fb32b4\" role=\"tab\"><div class=\"uagb-faq-questions-button uagb-faq-questions\"><span class=\"uagb-icon uagb-faq-icon-wrap\"><\/span><span class=\"uagb-icon-active uagb-faq-icon-wrap\"><\/span><span class=\"uagb-question\"><strong>2. Mikor hozt\u00e1k l\u00e9tre a Bolsa Fam\u00edlia programot, \u00e9s hogyan fejl\u0151d\u00f6tt?<\/strong><\/span><\/div><p class=\"uagb-faq-content\">A programot 2003-ban hozt\u00e1k l\u00e9tre, \u00e9s egyes\u00edtette a k\u00fcl\u00f6nf\u00e9le megl\u00e9v\u0151 szoci\u00e1lis j\u00f6vedelemprogramokat. K\u00e9t \u00e9v alatt 2 milli\u00e1rd \u00fczenetet fogunk eljuttatni a kedvezm\u00e9nyezett csal\u00e1dokhoz.<\/p><\/div>\n\n\n<div class=\"wp-block-uagb-faq-child uagb-faq-child__outer-wrap uagb-faq-item uagb-block-97aab760\" role=\"tab\"><div class=\"uagb-faq-questions-button uagb-faq-questions\"><span class=\"uagb-icon uagb-faq-icon-wrap\"><\/span><span class=\"uagb-icon-active uagb-faq-icon-wrap\"><\/span><span class=\"uagb-question\"><strong>3. Hogyan m\u0171k\u00f6dik a Bolsa Fam\u00edlia k\u00f6lcs\u00f6n?<\/strong><\/span><\/div><p class=\"uagb-faq-content\">A Bolsa Fam\u00edlia Hitel, ma m\u00e1r Produkt\u00edv Orient\u00e1lt Mikrohitel n\u00e9ven ismert, 2005 \u00f3ta l\u00e9tezik, \u00e9s a Munka\u00fcgyi \u00e9s Foglalkoztat\u00e1si Miniszt\u00e9rium koordin\u00e1lja. Alacsonyabb t\u00f6rv\u00e9nyes ad\u00f3kulcsokkal k\u00edn\u00e1l hitelhez val\u00f3 hozz\u00e1f\u00e9r\u00e9st a Bolsa Fam\u00edli\u00e1ban vagy az Aux\u00edlio Brasilban regisztr\u00e1lt r\u00e1szorul\u00f3 csal\u00e1dok sz\u00e1m\u00e1ra.<\/p><\/div>\n\n\n<div class=\"wp-block-uagb-faq-child uagb-faq-child__outer-wrap uagb-faq-item uagb-block-16896cfa\" role=\"tab\"><div class=\"uagb-faq-questions-button uagb-faq-questions\"><span class=\"uagb-icon uagb-faq-icon-wrap\"><\/span><span class=\"uagb-icon-active uagb-faq-icon-wrap\"><\/span><span class=\"uagb-question\"><strong>4. Mely bankok k\u00edn\u00e1lnak produkt\u00edv mikrohitelt?<\/strong><\/span><\/div><p class=\"uagb-faq-content\">Sz\u00e1mos bank, k\u00f6zt\u00fck az Ita\u00fa, a Bradesco, a Banco do Brasil \u00e9s a Caixa Econ\u00f4mica Federal k\u00edn\u00e1l orient\u00e1lt produkt\u00edv mikrohitelt, mindegyik saj\u00e1t szab\u00e1lyaival \u00e9s felt\u00e9teleivel.<\/p><\/div>\n\n<\/div>\n\n\n<table style=\"border-collapse: collapse;width: 100%;height: 96px\">\n<tbody>\n<tr style=\"height: 96px\">\n<td style=\"width: 10.1223%;height: 96px\"><a href=\"https:\/\/www.luzbaby.com.br\/\" target=\"_blank\" rel=\"noopener\"><img loading=\"lazy\" decoding=\"async\" class=\"alignnone wp-image-3747\" src=\"http:\/\/universofamilia.com\/wp-content\/uploads\/sites\/148\/2023\/09\/Design-sem-nome-3-300x300.png\" alt=\"\" width=\"106\" height=\"106\" srcset=\"https:\/\/universofamilia.com\/wp-content\/uploads\/sites\/148\/2023\/09\/Design-sem-nome-3-300x300.png 300w, https:\/\/universofamilia.com\/wp-content\/uploads\/sites\/148\/2023\/09\/Design-sem-nome-3-150x150.png 150w, https:\/\/universofamilia.com\/wp-content\/uploads\/sites\/148\/2023\/09\/Design-sem-nome-3.png 315w\" sizes=\"(max-width: 106px) 100vw, 106px\" \/><\/a><\/td>\n<td style=\"width: 89.5168%;height: 96px\">\n<h4><span style=\"color: #000000\"><strong><a style=\"color: #000000\" href=\"https:\/\/www.luzbaby.com.br\/\" target=\"_blank\" rel=\"noreferrer noopener\">Conhe\u00e7a Luz Baby, az egyik legjobb csecsem\u0151term\u00e9k bolt.<\/a><\/strong><\/span><\/h4>\n<\/td>\n<\/tr>\n<\/tbody>\n<\/table>","protected":false},"excerpt":{"rendered":"<p>Empr\u00e9stimo bolsa fam\u00edlia, veja como solicitar e aproveitar essa oportunidade. O Empr\u00e9stimo Bolsa Fam\u00edlia \u00e9 uma op\u00e7\u00e3o de cr\u00e9dito voltada para fam\u00edlias de baixa renda e microempreendedores que desejam acessar recursos financeiros para melhorar sua qualidade de vida. Mesmo ap\u00f3s a substitui\u00e7\u00e3o do programa Bolsa Fam\u00edlia pelo Aux\u00edlio Brasil, essa linha de cr\u00e9dito ainda est\u00e1 [&hellip;]<\/p>","protected":false},"author":139,"featured_media":3687,"comment_status":"closed","ping_status":"open","sticky":false,"template":"","format":"standard","meta":{"footnotes":""},"categories":[3],"tags":[],"yoast_head":"<!-- This site is optimized with the Yoast SEO plugin v23.3 - https:\/\/yoast.com\/wordpress\/plugins\/seo\/ -->\n<title>Empr\u00e9stimo Bolsa Fam\u00edlia: Como Solicitar e Aproveitar Essa Oportunidade - Universo Fam\u00edlia<\/title>\n<meta name=\"description\" content=\"Empr\u00e9stimo bolsa fam\u00edlia, como a solicitar e aproveitar essa oportunidade. O Empr\u00e9stimo Bolsa Fam\u00edlia \u00e9 uma op\u00e7\u00e3o de cr\u00e9dito voltada para fam\u00edlias de baixa renda\" \/>\n<meta name=\"robots\" content=\"index, follow, max-snippet:-1, max-image-preview:large, max-video-preview:-1\" \/>\n<link rel=\"canonical\" href=\"https:\/\/universofamilia.com\/hu\/emprestimo-bolsa-familia-como-a-solicitar-e-aproveitar-essa-oportunidade\/\" \/>\n<meta property=\"og:locale\" content=\"hu_HU\" \/>\n<meta property=\"og:type\" content=\"article\" \/>\n<meta property=\"og:title\" content=\"Empr\u00e9stimo Bolsa Fam\u00edlia: Como Solicitar e Aproveitar Essa Oportunidade - Universo Fam\u00edlia\" \/>\n<meta property=\"og:description\" content=\"Empr\u00e9stimo bolsa fam\u00edlia, como a solicitar e aproveitar essa oportunidade. O Empr\u00e9stimo Bolsa Fam\u00edlia \u00e9 uma op\u00e7\u00e3o de cr\u00e9dito voltada para fam\u00edlias de baixa renda\" \/>\n<meta property=\"og:url\" content=\"https:\/\/universofamilia.com\/hu\/emprestimo-bolsa-familia-como-a-solicitar-e-aproveitar-essa-oportunidade\/\" \/>\n<meta property=\"og:site_name\" content=\"Universo Fam\u00edlia\" \/>\n<meta property=\"article:published_time\" content=\"2023-08-30T11:04:00+00:00\" \/>\n<meta property=\"article:modified_time\" content=\"2025-01-28T14:33:24+00:00\" \/>\n<meta property=\"og:image\" content=\"https:\/\/universofamilia.com\/wp-content\/uploads\/sites\/148\/2023\/08\/D-UNIVERSO-FAMILIA-Emprestimo-Bolsa-Familia-Como-Solicitar-e-Aproveitar-Essa-Oportunidade.png\" \/>\n\t<meta property=\"og:image:width\" content=\"448\" \/>\n\t<meta property=\"og:image:height\" content=\"350\" \/>\n\t<meta property=\"og:image:type\" content=\"image\/png\" \/>\n<meta name=\"author\" content=\"Pedro Henrique\" \/>\n<meta name=\"twitter:card\" content=\"summary_large_image\" \/>\n<meta name=\"twitter:label1\" content=\"Written by\" \/>\n\t<meta name=\"twitter:data1\" content=\"Pedro Henrique\" \/>\n\t<meta name=\"twitter:label2\" content=\"Est. reading time\" \/>\n\t<meta name=\"twitter:data2\" content=\"8 perc\" \/>\n<script type=\"application\/ld+json\" class=\"yoast-schema-graph\">{\"@context\":\"https:\/\/schema.org\",\"@graph\":[{\"@type\":\"WebPage\",\"@id\":\"https:\/\/universofamilia.com\/da\/emprestimo-bolsa-familia-como-a-solicitar-e-aproveitar-essa-oportunidade\/\",\"url\":\"https:\/\/universofamilia.com\/da\/emprestimo-bolsa-familia-como-a-solicitar-e-aproveitar-essa-oportunidade\/\",\"name\":\"Empr\u00e9stimo Bolsa Fam\u00edlia: Como Solicitar e Aproveitar Essa Oportunidade - Universo Fam\u00edlia\",\"isPartOf\":{\"@id\":\"https:\/\/universofamilia.com\/el\/#website\"},\"primaryImageOfPage\":{\"@id\":\"https:\/\/universofamilia.com\/da\/emprestimo-bolsa-familia-como-a-solicitar-e-aproveitar-essa-oportunidade\/#primaryimage\"},\"image\":{\"@id\":\"https:\/\/universofamilia.com\/da\/emprestimo-bolsa-familia-como-a-solicitar-e-aproveitar-essa-oportunidade\/#primaryimage\"},\"thumbnailUrl\":\"https:\/\/universofamilia.com\/wp-content\/uploads\/sites\/148\/2023\/08\/D-UNIVERSO-FAMILIA-Emprestimo-Bolsa-Familia-Como-Solicitar-e-Aproveitar-Essa-Oportunidade.png\",\"datePublished\":\"2023-08-30T11:04:00+00:00\",\"dateModified\":\"2025-01-28T14:33:24+00:00\",\"author\":{\"@id\":\"https:\/\/universofamilia.com\/el\/#\/schema\/person\/f07ce98187dd84d31154262e79b3b7ca\"},\"description\":\"Empr\u00e9stimo bolsa fam\u00edlia, como a solicitar e aproveitar essa oportunidade. O Empr\u00e9stimo Bolsa Fam\u00edlia \u00e9 uma op\u00e7\u00e3o de cr\u00e9dito voltada para fam\u00edlias de baixa renda\",\"breadcrumb\":{\"@id\":\"https:\/\/universofamilia.com\/da\/emprestimo-bolsa-familia-como-a-solicitar-e-aproveitar-essa-oportunidade\/#breadcrumb\"},\"inLanguage\":\"hu\",\"potentialAction\":[{\"@type\":\"ReadAction\",\"target\":[\"https:\/\/universofamilia.com\/da\/emprestimo-bolsa-familia-como-a-solicitar-e-aproveitar-essa-oportunidade\/\"]}]},{\"@type\":\"ImageObject\",\"inLanguage\":\"hu\",\"@id\":\"https:\/\/universofamilia.com\/da\/emprestimo-bolsa-familia-como-a-solicitar-e-aproveitar-essa-oportunidade\/#primaryimage\",\"url\":\"https:\/\/universofamilia.com\/wp-content\/uploads\/sites\/148\/2023\/08\/D-UNIVERSO-FAMILIA-Emprestimo-Bolsa-Familia-Como-Solicitar-e-Aproveitar-Essa-Oportunidade.png\",\"contentUrl\":\"https:\/\/universofamilia.com\/wp-content\/uploads\/sites\/148\/2023\/08\/D-UNIVERSO-FAMILIA-Emprestimo-Bolsa-Familia-Como-Solicitar-e-Aproveitar-Essa-Oportunidade.png\",\"width\":448,\"height\":350},{\"@type\":\"BreadcrumbList\",\"@id\":\"https:\/\/universofamilia.com\/da\/emprestimo-bolsa-familia-como-a-solicitar-e-aproveitar-essa-oportunidade\/#breadcrumb\",\"itemListElement\":[{\"@type\":\"ListItem\",\"position\":1,\"name\":\"Home\",\"item\":\"https:\/\/universofamilia.com\/el\/\"},{\"@type\":\"ListItem\",\"position\":2,\"name\":\"Empr\u00e9stimo Bolsa Fam\u00edlia: Como Solicitar e Aproveitar Essa Oportunidade\"}]},{\"@type\":\"WebSite\",\"@id\":\"https:\/\/universofamilia.com\/el\/#website\",\"url\":\"https:\/\/universofamilia.com\/el\/\",\"name\":\"Universo Fam\u00edlia\",\"description\":\"\",\"potentialAction\":[{\"@type\":\"SearchAction\",\"target\":{\"@type\":\"EntryPoint\",\"urlTemplate\":\"https:\/\/universofamilia.com\/el\/?s={search_term_string}\"},\"query-input\":\"required name=search_term_string\"}],\"inLanguage\":\"hu\"},{\"@type\":\"Person\",\"@id\":\"https:\/\/universofamilia.com\/el\/#\/schema\/person\/f07ce98187dd84d31154262e79b3b7ca\",\"name\":\"Pedro Henrique\",\"image\":{\"@type\":\"ImageObject\",\"inLanguage\":\"hu\",\"@id\":\"https:\/\/universofamilia.com\/el\/#\/schema\/person\/image\/\",\"url\":\"https:\/\/secure.gravatar.com\/avatar\/9edfeb808cb4e1599f64d6e45b130154?s=96&d=mm&r=g\",\"contentUrl\":\"https:\/\/secure.gravatar.com\/avatar\/9edfeb808cb4e1599f64d6e45b130154?s=96&d=mm&r=g\",\"caption\":\"Pedro Henrique\"},\"url\":\"https:\/\/universofamilia.com\/hu\/author\/editor01\/\"}]}<\/script>\n<!-- \/ Yoast SEO plugin. -->","yoast_head_json":{"title":"Empr\u00e9stimo Bolsa Fam\u00edlia: Como Solicitar e Aproveitar Essa Oportunidade - Universo Fam\u00edlia","description":"Empr\u00e9stimo bolsa fam\u00edlia, como a solicitar e aproveitar essa oportunidade. O Empr\u00e9stimo Bolsa Fam\u00edlia \u00e9 uma op\u00e7\u00e3o de cr\u00e9dito voltada para fam\u00edlias de baixa renda","robots":{"index":"index","follow":"follow","max-snippet":"max-snippet:-1","max-image-preview":"max-image-preview:large","max-video-preview":"max-video-preview:-1"},"canonical":"https:\/\/universofamilia.com\/hu\/emprestimo-bolsa-familia-como-a-solicitar-e-aproveitar-essa-oportunidade\/","og_locale":"hu_HU","og_type":"article","og_title":"Empr\u00e9stimo Bolsa Fam\u00edlia: Como Solicitar e Aproveitar Essa Oportunidade - Universo Fam\u00edlia","og_description":"Empr\u00e9stimo bolsa fam\u00edlia, como a solicitar e aproveitar essa oportunidade. O Empr\u00e9stimo Bolsa Fam\u00edlia \u00e9 uma op\u00e7\u00e3o de cr\u00e9dito voltada para fam\u00edlias de baixa renda","og_url":"https:\/\/universofamilia.com\/hu\/emprestimo-bolsa-familia-como-a-solicitar-e-aproveitar-essa-oportunidade\/","og_site_name":"Universo Fam\u00edlia","article_published_time":"2023-08-30T11:04:00+00:00","article_modified_time":"2025-01-28T14:33:24+00:00","og_image":[{"width":448,"height":350,"url":"https:\/\/universofamilia.com\/wp-content\/uploads\/sites\/148\/2023\/08\/D-UNIVERSO-FAMILIA-Emprestimo-Bolsa-Familia-Como-Solicitar-e-Aproveitar-Essa-Oportunidade.png","type":"image\/png"}],"author":"Pedro Henrique","twitter_card":"summary_large_image","twitter_misc":{"Written by":"Pedro Henrique","Est. reading time":"8 perc"},"schema":{"@context":"https:\/\/schema.org","@graph":[{"@type":"WebPage","@id":"https:\/\/universofamilia.com\/da\/emprestimo-bolsa-familia-como-a-solicitar-e-aproveitar-essa-oportunidade\/","url":"https:\/\/universofamilia.com\/da\/emprestimo-bolsa-familia-como-a-solicitar-e-aproveitar-essa-oportunidade\/","name":"Empr\u00e9stimo Bolsa Fam\u00edlia: Como Solicitar e Aproveitar Essa Oportunidade - Universo Fam\u00edlia","isPartOf":{"@id":"https:\/\/universofamilia.com\/el\/#website"},"primaryImageOfPage":{"@id":"https:\/\/universofamilia.com\/da\/emprestimo-bolsa-familia-como-a-solicitar-e-aproveitar-essa-oportunidade\/#primaryimage"},"image":{"@id":"https:\/\/universofamilia.com\/da\/emprestimo-bolsa-familia-como-a-solicitar-e-aproveitar-essa-oportunidade\/#primaryimage"},"thumbnailUrl":"https:\/\/universofamilia.com\/wp-content\/uploads\/sites\/148\/2023\/08\/D-UNIVERSO-FAMILIA-Emprestimo-Bolsa-Familia-Como-Solicitar-e-Aproveitar-Essa-Oportunidade.png","datePublished":"2023-08-30T11:04:00+00:00","dateModified":"2025-01-28T14:33:24+00:00","author":{"@id":"https:\/\/universofamilia.com\/el\/#\/schema\/person\/f07ce98187dd84d31154262e79b3b7ca"},"description":"Empr\u00e9stimo bolsa fam\u00edlia, como a solicitar e aproveitar essa oportunidade. O Empr\u00e9stimo Bolsa Fam\u00edlia \u00e9 uma op\u00e7\u00e3o de cr\u00e9dito voltada para fam\u00edlias de baixa renda","breadcrumb":{"@id":"https:\/\/universofamilia.com\/da\/emprestimo-bolsa-familia-como-a-solicitar-e-aproveitar-essa-oportunidade\/#breadcrumb"},"inLanguage":"hu","potentialAction":[{"@type":"ReadAction","target":["https:\/\/universofamilia.com\/da\/emprestimo-bolsa-familia-como-a-solicitar-e-aproveitar-essa-oportunidade\/"]}]},{"@type":"ImageObject","inLanguage":"hu","@id":"https:\/\/universofamilia.com\/da\/emprestimo-bolsa-familia-como-a-solicitar-e-aproveitar-essa-oportunidade\/#primaryimage","url":"https:\/\/universofamilia.com\/wp-content\/uploads\/sites\/148\/2023\/08\/D-UNIVERSO-FAMILIA-Emprestimo-Bolsa-Familia-Como-Solicitar-e-Aproveitar-Essa-Oportunidade.png","contentUrl":"https:\/\/universofamilia.com\/wp-content\/uploads\/sites\/148\/2023\/08\/D-UNIVERSO-FAMILIA-Emprestimo-Bolsa-Familia-Como-Solicitar-e-Aproveitar-Essa-Oportunidade.png","width":448,"height":350},{"@type":"BreadcrumbList","@id":"https:\/\/universofamilia.com\/da\/emprestimo-bolsa-familia-como-a-solicitar-e-aproveitar-essa-oportunidade\/#breadcrumb","itemListElement":[{"@type":"ListItem","position":1,"name":"Home","item":"https:\/\/universofamilia.com\/el\/"},{"@type":"ListItem","position":2,"name":"Empr\u00e9stimo Bolsa Fam\u00edlia: Como Solicitar e Aproveitar Essa Oportunidade"}]},{"@type":"WebSite","@id":"https:\/\/universofamilia.com\/el\/#website","url":"https:\/\/universofamilia.com\/el\/","name":"Universo Fam\u00edlia","description":"","potentialAction":[{"@type":"SearchAction","target":{"@type":"EntryPoint","urlTemplate":"https:\/\/universofamilia.com\/el\/?s={search_term_string}"},"query-input":"required name=search_term_string"}],"inLanguage":"hu"},{"@type":"Person","@id":"https:\/\/universofamilia.com\/el\/#\/schema\/person\/f07ce98187dd84d31154262e79b3b7ca","name":"Pedro Henrique","image":{"@type":"ImageObject","inLanguage":"hu","@id":"https:\/\/universofamilia.com\/el\/#\/schema\/person\/image\/","url":"https:\/\/secure.gravatar.com\/avatar\/9edfeb808cb4e1599f64d6e45b130154?s=96&d=mm&r=g","contentUrl":"https:\/\/secure.gravatar.com\/avatar\/9edfeb808cb4e1599f64d6e45b130154?s=96&d=mm&r=g","caption":"Pedro Henrique"},"url":"https:\/\/universofamilia.com\/hu\/author\/editor01\/"}]}},"_links":{"self":[{"href":"https:\/\/universofamilia.com\/hu\/wp-json\/wp\/v2\/posts\/3683"}],"collection":[{"href":"https:\/\/universofamilia.com\/hu\/wp-json\/wp\/v2\/posts"}],"about":[{"href":"https:\/\/universofamilia.com\/hu\/wp-json\/wp\/v2\/types\/post"}],"author":[{"embeddable":true,"href":"https:\/\/universofamilia.com\/hu\/wp-json\/wp\/v2\/users\/139"}],"replies":[{"embeddable":true,"href":"https:\/\/universofamilia.com\/hu\/wp-json\/wp\/v2\/comments?post=3683"}],"version-history":[{"count":1,"href":"https:\/\/universofamilia.com\/hu\/wp-json\/wp\/v2\/posts\/3683\/revisions"}],"predecessor-version":[{"id":8406,"href":"https:\/\/universofamilia.com\/hu\/wp-json\/wp\/v2\/posts\/3683\/revisions\/8406"}],"wp:featuredmedia":[{"embeddable":true,"href":"https:\/\/universofamilia.com\/hu\/wp-json\/wp\/v2\/media\/3687"}],"wp:attachment":[{"href":"https:\/\/universofamilia.com\/hu\/wp-json\/wp\/v2\/media?parent=3683"}],"wp:term":[{"taxonomy":"category","embeddable":true,"href":"https:\/\/universofamilia.com\/hu\/wp-json\/wp\/v2\/categories?post=3683"},{"taxonomy":"post_tag","embeddable":true,"href":"https:\/\/universofamilia.com\/hu\/wp-json\/wp\/v2\/tags?post=3683"}],"curies":[{"name":"wp","href":"https:\/\/api.w.org\/{rel}","templated":true}]}}