{"id":3968,"date":"2023-09-19T14:42:56","date_gmt":"2023-09-19T17:42:56","guid":{"rendered":"https:\/\/universofamilia.com\/?p=3968"},"modified":"2025-01-28T14:27:15","modified_gmt":"2025-01-28T14:27:15","slug":"7-passos-de-como-criar-e-manter-um-orcamento-familiar","status":"publish","type":"post","link":"https:\/\/universofamilia.com\/hu\/7-passos-de-como-criar-e-manter-um-orcamento-familiar\/","title":{"rendered":"7 l\u00e9p\u00e9s a csal\u00e1di gyertya felnevel\u00e9s\u00e9hez \u00e9s fenntart\u00e1s\u00e1hoz"},"content":{"rendered":"<p>7 l\u00e9p\u00e9s a csal\u00e1di d\u00edszek k\u00e9sz\u00edt\u00e9s\u00e9hez \u00e9s karbantart\u00e1s\u00e1hoz. Ebben az \u00fatmutat\u00f3ban egy egyszer\u0171, szakaszos folyamatot mutatunk be, amely seg\u00edt a csal\u00e1dodnak megfelel\u0151 aj\u00e1nd\u00e9kot k\u00e9sz\u00edteni \u00e9s karbantartani. N\u00e9zd meg, hogyan csin\u00e1ld ezt:<\/p>\n\n\n\n<ul>\n<li><strong>Sz\u00e1m\u00edtsa ki a teljes j\u00f6vedelm\u00e9t<\/strong>Az els\u0151 l\u00e9p\u00e9s annak pontos meghat\u00e1roz\u00e1sa, hogy mennyi p\u00e9nz \u00e9rkezik az otthonodba.<\/li>\n\n\n\n<li><strong>Elemezze a kiad\u00e1sait<\/strong>Tudd meg pontosan, mire megy el a p\u00e9nzed a r\u00e9szletes \u00e9tlapok \u00e1ttekint\u00e9s\u00e9vel.<\/li>\n\n\n\n<li><strong>K\u00e9sz\u00edtse el a nyilatkozat\u00e1t<\/strong>A bev\u00e9teleid \u00e9s kiad\u00e1said alapj\u00e1n alak\u00edts ki egy re\u00e1lis, a csal\u00e1dod ig\u00e9nyeit kiel\u00e9g\u00edt\u0151 elrendez\u00e9st.<\/li>\n\n\n\n<li><strong>Haszn\u00e1ljon k\u00eds\u00e9r\u0151rendszert<\/strong>P\u00e9nz\u00fcgyeid fenntart\u00e1s\u00e1hoz vagy ellen\u0151rz\u00e9s\u00e9hez vezess be egy olyan rendszert, amely megk\u00f6nny\u00edti a bev\u00e9teleid \u00e9s kiad\u00e1said nyilv\u00e1ntart\u00e1s\u00e1t.<\/li>\n\n\n\n<li><strong>Cs\u00f6kkentse a felesleges kiad\u00e1sokat<\/strong>: Azonos\u00edtsa \u00e9s sz\u00fcntesse meg a sz\u00fcks\u00e9gtelen kiad\u00e1sokat a p\u00e9nz\u00fcgyi forr\u00e1sok felszabad\u00edt\u00e1sa \u00e9rdek\u00e9ben.<\/li>\n\n\n\n<li><strong>A megtakar\u00edt\u00e1sok egy r\u00e9sz\u00e9nek elk\u00fcl\u00f6n\u00edt\u00e9se<\/strong>J\u00f6vedelmed egy bizonyos sz\u00e1zal\u00e9k\u00e1t megtakar\u00edt\u00e1sokra \u00e9s hossz\u00fa t\u00e1v\u00fa p\u00e9nz\u00fcgyi c\u00e9lokra ford\u00edtsd.<\/li>\n\n\n\n<li><strong>Folyamatos be\u00e1ll\u00edt\u00e1sok elv\u00e9gz\u00e9se<\/strong>Ahogy a p\u00e9nz\u00fcgyi helyzeted v\u00e1ltozik, igaz\u00edtsd az adataidat, hogy azok t\u00fckr\u00f6zz\u00e9k ezeket a v\u00e1ltoz\u00e1sokat.<\/li>\n<\/ul>\n\n\n<div class=\"wp-block-image\">\n<figure class=\"aligncenter size-full\"><img loading=\"lazy\" decoding=\"async\" width=\"960\" height=\"540\" src=\"http:\/\/universofamilia.com\/wp-content\/uploads\/sites\/148\/2023\/09\/P-UNIV-FAMILIA-7-Passos-de-Como-Criar-e-Manter-um-Orcamento-Familiar.png\" alt=\"\" class=\"wp-image-3969\" srcset=\"https:\/\/universofamilia.com\/wp-content\/uploads\/sites\/148\/2023\/09\/P-UNIV-FAMILIA-7-Passos-de-Como-Criar-e-Manter-um-Orcamento-Familiar.png 960w, https:\/\/universofamilia.com\/wp-content\/uploads\/sites\/148\/2023\/09\/P-UNIV-FAMILIA-7-Passos-de-Como-Criar-e-Manter-um-Orcamento-Familiar-300x169.png 300w, https:\/\/universofamilia.com\/wp-content\/uploads\/sites\/148\/2023\/09\/P-UNIV-FAMILIA-7-Passos-de-Como-Criar-e-Manter-um-Orcamento-Familiar-768x432.png 768w\" sizes=\"(max-width: 960px) 100vw, 960px\" \/><\/figure><\/div>\n\n\n<p>Meg\u00e9rtj\u00fck, hogy egy t\u00e1rgy l\u00e9trehoz\u00e1sa nem felt\u00e9tlen\u00fcl a legig\u00e9nyesebb tev\u00e9kenys\u00e9g, hanem ink\u00e1bb a p\u00e9nz\u00fcgyek garant\u00e1l\u00e1sa vagy k\u00e9zben tart\u00e1sa \u00e9rdek\u00e9ben elengedhetetlen.<\/p>\n\n\n\n<p>K\u00fcl\u00f6n\u00f6sen fontos ez a j\u00f6v\u0151beli orsz\u00e1gok sz\u00e1m\u00e1ra, amelyeket a bab\u00e1val kapcsolatos kiad\u00e1sok terhelhetnek, valamint az els\u0151 utaz\u00e1sukat kezd\u0151 orsz\u00e1gok sz\u00e1m\u00e1ra, amelyeket t\u00falterhelhetnek a babav\u00e1r\u00e1ssal j\u00e1r\u00f3 \u00e9let k\u00f6vetelm\u00e9nyei.<\/p>\n\n\n\n<p>A p\u00e9nz\u00fcgyi tervez\u00e9s el\u0151nyei azonban jelent\u0151sek. Teh\u00e1t folytassa az olvas\u00e1st, \u00e9s kezdje el csal\u00e1di \u00f6r\u00f6ks\u00e9g\u00e9nek megteremt\u00e9s\u00e9t m\u00e9g ma.<\/p>\n\n\n\n<h3 class=\"wp-block-heading\"><strong>P\u00e9nz\u00fcgyi c\u00e9lok kit\u0171z\u00e9se egy hat\u00e9kony szervezet sz\u00e1m\u00e1ra<\/strong><\/h3>\n\n\n\n<p>Sok \u00faj orsz\u00e1g sz\u00e1m\u00e1ra kih\u00edv\u00e1st jelenthet egy eszk\u00f6z l\u00e9trehoz\u00e1sa, mivel szok\u00e1s a r\u00f6vid t\u00e1v\u00fa sz\u00fcks\u00e9gletekre \u00f6sszpontos\u00edtani a hossz\u00fa t\u00e1v\u00fa tervez\u00e9s helyett.<\/p>\n\n\n\n<p>Azonban elengedhetetlen \u00e1tgondolni, hogy mire lesz sz\u00fcks\u00e9g a j\u00f6v\u0151ben. Ha kisbuszt, nagyobb h\u00e1zat szeretne v\u00e1s\u00e1rolni, vagy p\u00e9nzt f\u00e9lretenni gyermeke egyetemi tanulm\u00e1nyaira, a vil\u00e1gos c\u00e9lok megk\u00f6nny\u00edtik egy j\u00f3l struktur\u00e1lt p\u00e9nz\u00fcgyi terv k\u00f6vet\u00e9s\u00e9t.<\/p>\n\n\n\n<h3 class=\"wp-block-heading\"><strong>Sz\u00e1m\u00edtsa ki a teljes j\u00f6vedelm\u00e9t<\/strong><\/h3>\n\n\n\n<p>Sz\u00e1m\u00edtsd ki a havi j\u00f6vedelmedet a fizet\u00e9si bizonylatok \u00e9s banksz\u00e1mlakivonatok seg\u00edts\u00e9g\u00e9vel. A k\u00e9szp\u00e9nzes fizet\u00e9sed mellett vedd figyelembe a csal\u00e1dod egy\u00e9b bev\u00e9teli forr\u00e1sait is, p\u00e9ld\u00e1ul a plusz tev\u00e9kenys\u00e9geket.<\/p>\n\n\n\n<p>Teh\u00e1t, ha otthon\u00fcl\u0151 apak\u00e9nt tervezel \u00e9lni, akkor felk\u00e9sz\u00fclt vagy arra, hogy egyetlen fizet\u00e9sb\u0151l \u00e9lj. Miel\u0151tt elk\u00f6lt\u00f6zn\u00e9l vagy v\u00e1llalkoz\u00e1sba kezden\u00e9l, gyakorold egy ideig, hogy a partnered j\u00f6vedelm\u00e9vel \u00e9lj, \u00e9s a saj\u00e1t j\u00f6vedelmedet haszn\u00e1ld fel a megosztotts\u00e1gok vagy vesztes\u00e9gek megsz\u00fcntet\u00e9s\u00e9re.<\/p>\n\n\n\n<h3 class=\"wp-block-heading\"><strong>Elemezze a kiad\u00e1sait<\/strong><\/h3>\n\n\n\n<p>Egyre nehezebb tudni, hogy hol van a p\u00e9nzed. Sokan nincsenek tiszt\u00e1ban a kiad\u00e1saikkal, ami megnehez\u00edtheti a p\u00e9nz kifizet\u00e9s\u00e9t \u00e9s a sz\u00e1ll\u00e1sra val\u00f3 megtakar\u00edt\u00e1st.<\/p>\n\n\n\n<p>Ezenk\u00edv\u00fcl kezdd azzal, hogy \u00e1tn\u00e9zed az elm\u00falt k\u00e9t f\u00e9l\u00e9v banksz\u00e1mlakivonatait, hogy meg\u00e9rtsd a kiad\u00e1saidat. Ezt k\u00f6vet\u0151en a j\u00f6v\u0151ben gondosan figyeld a kiad\u00e1saidat, k\u00fcl\u00f6n\u00f6s figyelmet ford\u00edtva a rendk\u00edv\u00fcli kiad\u00e1sokra, p\u00e9ld\u00e1ul a v\u00e1s\u00e1rokra vagy aj\u00e1nd\u00e9kokra Natalban.<\/p>\n\n\n\n<h4 class=\"wp-block-heading\"><strong>K\u00e9sz\u00edtse el a nyilatkozat\u00e1t<\/strong><\/h4>\n\n\n\n<p>A legt\u00f6bb csal\u00e1d sz\u00e1m\u00e1ra egy hat\u00e9kony p\u00e9nz\u00fcgyi terv az 50\/30\/20 elven alapul, amely a kiad\u00e1sokat a k\u00f6vetkez\u0151 m\u00f3don osztja fel sz\u00fcks\u00e9gletek, v\u00e1gyak \u00e9s c\u00e9lok szerint:<\/p>\n\n\n\n<ul>\n<li>50% alapvet\u0151 kell\u00e9kekhez, p\u00e9ld\u00e1ul moradi\u00e1hoz, sz\u00e1ml\u00e1khoz \u00e9s karbantart\u00e1shoz.<\/li>\n\n\n\n<li>30% nem l\u00e9tfontoss\u00e1g\u00fa kell\u00e9kekhez, p\u00e9ld\u00e1ul aj\u00e1nd\u00e9kokhoz, v\u00e1s\u00e1rokhoz \u00e9s sz\u00f3rakoztat\u00e1shoz.<\/li>\n\n\n\n<li>20% a kifizet\u00e9sre \u00e9s az osztal\u00e9kfizet\u00e9sre vonatkoz\u00f3an.<\/li>\n<\/ul>\n\n\n\n<p>Miut\u00e1n meg\u00e9rtetted a havi kiad\u00e1saidat, oszd be az egyes t\u00e9teleket h\u00e1rom csoportba, hogy felm\u00e9rd a p\u00e9nz\u00fcgyi helyzetedet.<\/p>\n\n\n\n<p>Tov\u00e1bb\u00e1, ha a l\u00e9tfontoss\u00e1g\u00fa kiad\u00e1said nem k\u00e9pviselik a likvid j\u00f6vedelmed c\u00e9lj\u00e1t, \u00e9s nem ford\u00edtasz kevesebbet, mint 20% szeg\u00e9nys\u00e9gre, itt az ideje, hogy kiigaz\u00edt\u00e1sokat v\u00e9gezz ezen c\u00e9lok el\u00e9r\u00e9se \u00e9rdek\u00e9ben.<\/p>\n\n\n\n<h3 class=\"wp-block-heading\"><strong>Haszn\u00e1ljon k\u00eds\u00e9r\u0151rendszert<\/strong><\/h3>\n\n\n\n<p>Van egy rendszer, ami elengedhetetlen a megrendel\u00e9s k\u00f6vet\u00e9s\u00e9hez. Egy n\u00e9pszer\u0171 megold\u00e1s, ha nem Excel t\u00e1bl\u00e1zatot haszn\u00e1lsz a kiad\u00e1said r\u00f6gz\u00edt\u00e9s\u00e9re, ami \u00e1ttekinthet\u0151bb\u00e9 teszi azokat, k\u00fcl\u00f6n\u00f6sen a sorok t\u00f6rzsadatok szerinti kategoriz\u00e1l\u00e1s\u00e1val.<\/p>\n\n\n\n<p>Egyszer\u0171s\u00edtse m\u00e9g jobban a k\u00f6nyvel\u00e9s\u00e9t olyan eszk\u00f6z\u00f6kkel vagy alkalmaz\u00e1sokkal, amelyek figyelemmel k\u00eds\u00e9rik berendez\u00e9seit, nyomon k\u00f6vetik kiad\u00e1sait, \u00e9s riaszt\u00e1sokat k\u00fcldenek t\u00fall\u00e9p\u00e9s eset\u00e9n.<\/p>\n\n\n\n<p>Hasonl\u00f3k\u00e9ppen, egy m\u00e1sik alternat\u00edva az olyan alkalmaz\u00e1sokkal val\u00f3 k\u00eds\u00e9rletez\u00e9s, amelyek a tart\u00f3zkod\u00e1si helyed alapj\u00e1n a bor\u00edt\u00e9krendez\u00e9si koncepci\u00f3t haszn\u00e1lj\u00e1k a kiad\u00e1said szab\u00e1lyoz\u00e1s\u00e1ra bizonyos kateg\u00f3ri\u00e1kban, p\u00e9ld\u00e1ul a szupermarketekben.<\/p>\n\n\n\n<h3 class=\"wp-block-heading\"><strong>Cs\u00f6kkentse a felesleges kiad\u00e1sokat<\/strong><\/h3>\n\n\n\n<p>N\u00e9h\u00e1ny fix, kontroll\u00e1lhatatlan kiad\u00e1s, p\u00e9ld\u00e1ul az aut\u00f3hitel-t\u00f6rleszt\u0151r\u00e9szletek vagy a finansz\u00edroz\u00e1s ellen\u00e9re m\u00e1sokat cs\u00f6kkenteni lehet. Elemezd a bev\u00e9teleidet, hogy azonos\u00edtsd azokat a ter\u00fcleteket, ahol sp\u00f3rolhatsz.<\/p>\n\n\n\n<p>Az R$ 200 otthoni jav\u00edt\u00e1si k\u00f6lts\u00e9geinek vagy az R$ 50 elektronikus doboz ad\u00f3j\u00e1nak lek\u00fczd\u00e9se ezen k\u00f6lts\u00e9gek cs\u00f6kkent\u00e9s\u00e9vel kezd\u0151dik.<\/p>\n\n\n\n<p>A babafelszerel\u00e9sek, p\u00e9ld\u00e1ul a babakocsi, a ruhat\u00e1ska \u00e9s a ugr\u00e1l\u00f3v\u00e1rak k\u00f6lts\u00e9geit m\u00e9rlegelni lehet a t\u00e1rgyakkal szemben. Gondolj a mindennapi haszn\u00e1latra sz\u00fcks\u00e9ges alapvet\u0151 dolgokra is, p\u00e9ld\u00e1ul a takar\u00f3kra, nedves ruh\u00e1kra \u00e9s a b\u00e9bi\u00e9telre.<\/p>\n\n\n\n<p>A p\u00e9nzmegtakar\u00edt\u00e1s \u00e9rdek\u00e9ben arra gondoltam, hogy kihagyom a kev\u00e9sb\u00e9 fontos t\u00e9teleket a list\u00e1r\u00f3l, \u00e9s ehelyett k\u00f6lcs\u00f6n\u00f6ket vagy haszn\u00e1lt ruh\u00e1kat veszek fel, mivel a jelenlegi biztons\u00e1gr\u00f3l gondoskodom a sz\u00fcl\u0151knek.<\/p>\n\n\n\n<p>Ezenk\u00edv\u00fcl cs\u00f6kkentheti k\u00f6lts\u00e9geit, ha csatlakozik egy seg\u00e9lyszolg\u00e1lathoz, vagy nagy mennyis\u00e9gben v\u00e1s\u00e1rol.<\/p>\n\n\n\n<h3 class=\"wp-block-heading\"><strong>A megtakar\u00edt\u00e1sok egy r\u00e9sz\u00e9nek elk\u00fcl\u00f6n\u00edt\u00e9se<\/strong><\/h3>\n\n\n\n<p>A baba j\u00f6v\u0151beli tanulm\u00e1nyainak megtervez\u00e9s\u00e9hez elengedhetetlen n\u00e9h\u00e1ny fontos l\u00e9p\u00e9s k\u00f6vet\u00e9se:<\/p>\n\n\n\n<ul>\n<li><strong>Cs\u00f6kkentse a hitelk\u00e1rty\u00e1s fizet\u00e9seket<\/strong>Fizessenek b\u00e1rmennyit megl\u00e9v\u0151 hitelk\u00e1rty\u00e1jukkal, \u00edgy jelent\u0151sen megtakar\u00edthatnak az ad\u00f3kon.<\/li>\n\n\n\n<li><strong>Hozz l\u00e9tre egy v\u00e9szhelyzeti alapot<\/strong>: H\u00e1rom-hat havi kiad\u00e1soknak megfelel\u0151 \u00f6sszeg\u0171 tartal\u00e9kot k\u00e9pezzen a p\u00e9nz\u00fcgyi biztons\u00e1g garant\u00e1l\u00e1sa \u00e9rdek\u00e9ben.<\/li>\n\n\n\n<li><strong>Hozz\u00e1j\u00e1rul\u00e1s a lakhat\u00e1shoz<\/strong>Kezdjen el befektetni egy IRA, 401(k) vagy m\u00e1s lakhat\u00e1si tervbe, hogy meger\u0151s\u00edtse \u00e1ltal\u00e1nos p\u00e9nz\u00fcgyi helyzet\u00e9t, ami a csal\u00e1dja jav\u00e1t is szolg\u00e1lja.<\/li>\n\n\n\n<li><strong>Nyisson sz\u00e1ml\u00e1t oktat\u00e1sra<\/strong>Nyiss egy egyetemi alapsz\u00e1ml\u00e1t, hogy gyarapodhasson a p\u00e9nzed, \u00e9s ad\u00f3fizet\u00e9s n\u00e9lk\u00fcl fedezhesd a j\u00f6v\u0151beni tanulm\u00e1nyi k\u00f6lts\u00e9geidet.<\/li>\n<\/ul>\n\n\n\n<p>Tudv\u00e1n, hogy mivel gyermeke jogosult lehet \u00e1llami \u00f6szt\u00f6nd\u00edjakra \u00e9s di\u00e1khitelekre, elengedhetetlen, hogy saj\u00e1t gazdas\u00e1ggal rendelkezzen, amely seg\u00edthet az esetlegesen felmer\u00fcl\u0151 oktat\u00e1si probl\u00e9m\u00e1kban.<\/p>\n\n\n\n<h3 class=\"wp-block-heading\"><strong>Folyamatos be\u00e1ll\u00edt\u00e1sok elv\u00e9gz\u00e9se<\/strong><\/h3>\n\n\n\n<p>Az or\u00e7amento nem \u00e1lland\u00f3; egy\u00fctt fejl\u0151dik az \u00e9let v\u00e1ltoz\u00e1saival. Az \u00e1rv\u00e1ltoz\u00e1sok \u00e9s az esem\u00e9nyek kiegyens\u00falyozatlann\u00e1 tehetik az embereket. P\u00e9ld\u00e1ul, ahogy a baba n\u00f6vekszik, a t\u00e1pszer \u00e9s a csecsem\u0151gondoz\u00e1s mennyis\u00e9ge cs\u00f6kkenhet.<\/p>\n\n\n\n<p>Egy m\u00e1sodik gyermek sz\u00fclet\u00e9se vagy a munkahelyi v\u00e1ltoz\u00e1sok szint\u00e9n m\u00f3dos\u00edt\u00e1sokat ig\u00e9nyelnek a sorrendben. Az is kulcsfontoss\u00e1g\u00fa, hogy ne hanyagoljuk el a csal\u00e1d hossz\u00fa t\u00e1v\u00fa p\u00e9nz\u00fcgyi tervez\u00e9s\u00e9t, valamint a sz\u00fcl\u0151i l\u00e9t kih\u00edv\u00e1sait.<\/p>\n\n\n\n<p>Az egyszer\u0171 l\u00e9p\u00e9sek betart\u00e1sa most jelent\u0151s el\u0151ny\u00f6ket hozhat \u00d6nnek \u00e9s gyermekeinek a j\u00f6v\u0151ben.<\/p>\n\n\n<table style=\"border-collapse: collapse;width: 100%;height: 96px\">\n<tbody>\n<tr style=\"height: 96px\">\n<td style=\"width: 10.1223%;height: 96px\"><a href=\"https:\/\/www.luzbaby.com.br\/\" target=\"_blank\" rel=\"noopener\"><img loading=\"lazy\" decoding=\"async\" class=\"alignnone wp-image-3747\" src=\"http:\/\/universofamilia.com\/wp-content\/uploads\/sites\/148\/2023\/09\/Design-sem-nome-3-300x300.png\" alt=\"\" width=\"106\" height=\"106\" srcset=\"https:\/\/universofamilia.com\/wp-content\/uploads\/sites\/148\/2023\/09\/Design-sem-nome-3-300x300.png 300w, https:\/\/universofamilia.com\/wp-content\/uploads\/sites\/148\/2023\/09\/Design-sem-nome-3-150x150.png 150w, https:\/\/universofamilia.com\/wp-content\/uploads\/sites\/148\/2023\/09\/Design-sem-nome-3.png 315w\" sizes=\"(max-width: 106px) 100vw, 106px\" \/><\/a><\/td>\n<td style=\"width: 89.5168%;height: 96px\">\n<h4><span style=\"color: #000000\"><strong><a style=\"color: #000000\" href=\"https:\/\/www.luzbaby.com.br\/\" target=\"_blank\" rel=\"noreferrer noopener\">Conhe\u00e7a Luz Baby, az egyik legjobb csecsem\u0151term\u00e9k bolt.<\/a><\/strong><\/span><\/h4>\n<\/td>\n<\/tr>\n<\/tbody>\n<\/table>","protected":false},"excerpt":{"rendered":"<p>7 l\u00e9p\u00e9s a csal\u00e1di d\u00edsz k\u00e9sz\u00edt\u00e9s\u00e9hez \u00e9s karbantart\u00e1s\u00e1hoz. Ebben az \u00fatmutat\u00f3ban egy egyszer\u0171, szakaszos folyamatot mutatunk be, amely seg\u00edt \u00d6nnek egy csal\u00e1dj\u00e1nak megfelel\u0151 aj\u00e1nd\u00e9k elk\u00e9sz\u00edt\u00e9s\u00e9ben \u00e9s karbantart\u00e1s\u00e1ban. N\u00e9zze meg, hogyan teheti ezt meg: Meg\u00e9rtj\u00fck, hogy egy d\u00edsz elk\u00e9sz\u00edt\u00e9se nem felt\u00e9tlen\u00fcl nehezebb tev\u00e9kenys\u00e9g, de elengedhetetlen a garant\u00e1l\u00e1sa vagy [\u2026]<\/p>","protected":false},"author":139,"featured_media":3972,"comment_status":"closed","ping_status":"open","sticky":false,"template":"","format":"standard","meta":{"footnotes":""},"categories":[3],"tags":[],"yoast_head":"<!-- This site is optimized with the Yoast SEO plugin v23.3 - https:\/\/yoast.com\/wordpress\/plugins\/seo\/ -->\n<title>7 Passos de Como Criar e Manter um Or\u00e7amento Familiar - Universo Fam\u00edlia<\/title>\n<meta name=\"description\" content=\"7 passos de como criar e manter um or\u00e7amento familiar. Neste guia, apresentamos um processo simples em etapas para ajudar voc\u00ea a criar e manter um or\u00e7amento\" \/>\n<meta name=\"robots\" content=\"index, follow, max-snippet:-1, max-image-preview:large, max-video-preview:-1\" \/>\n<link rel=\"canonical\" href=\"https:\/\/universofamilia.com\/hu\/7-passos-de-como-criar-e-manter-um-orcamento-familiar\/\" \/>\n<meta property=\"og:locale\" content=\"hu_HU\" \/>\n<meta property=\"og:type\" content=\"article\" \/>\n<meta property=\"og:title\" content=\"7 Passos de Como Criar e Manter um Or\u00e7amento Familiar - Universo Fam\u00edlia\" \/>\n<meta property=\"og:description\" content=\"7 passos de como criar e manter um or\u00e7amento familiar. Neste guia, apresentamos um processo simples em etapas para ajudar voc\u00ea a criar e manter um or\u00e7amento\" \/>\n<meta property=\"og:url\" content=\"https:\/\/universofamilia.com\/hu\/7-passos-de-como-criar-e-manter-um-orcamento-familiar\/\" \/>\n<meta property=\"og:site_name\" content=\"Universo Fam\u00edlia\" \/>\n<meta property=\"article:published_time\" content=\"2023-09-19T17:42:56+00:00\" \/>\n<meta property=\"article:modified_time\" content=\"2025-01-28T14:27:15+00:00\" \/>\n<meta property=\"og:image\" content=\"https:\/\/universofamilia.com\/wp-content\/uploads\/sites\/148\/2023\/09\/D-UNIVERSO-FAMILIA-7-Passos-de-Como-Criar-e-Manter-um-Orcamento-Familiar.png\" \/>\n\t<meta property=\"og:image:width\" content=\"448\" \/>\n\t<meta property=\"og:image:height\" content=\"350\" \/>\n\t<meta property=\"og:image:type\" content=\"image\/png\" \/>\n<meta name=\"author\" content=\"Pedro Henrique\" \/>\n<meta name=\"twitter:card\" content=\"summary_large_image\" \/>\n<meta name=\"twitter:label1\" content=\"Written by\" \/>\n\t<meta name=\"twitter:data1\" content=\"Pedro Henrique\" \/>\n\t<meta name=\"twitter:label2\" content=\"Est. reading time\" \/>\n\t<meta name=\"twitter:data2\" content=\"7 perc\" \/>\n<script type=\"application\/ld+json\" class=\"yoast-schema-graph\">{\"@context\":\"https:\/\/schema.org\",\"@graph\":[{\"@type\":\"WebPage\",\"@id\":\"https:\/\/universofamilia.com\/id\/7-passos-de-como-criar-e-manter-um-orcamento-familiar\/\",\"url\":\"https:\/\/universofamilia.com\/id\/7-passos-de-como-criar-e-manter-um-orcamento-familiar\/\",\"name\":\"7 Passos de Como Criar e Manter um Or\u00e7amento Familiar - Universo Fam\u00edlia\",\"isPartOf\":{\"@id\":\"https:\/\/universofamilia.com\/el\/#website\"},\"primaryImageOfPage\":{\"@id\":\"https:\/\/universofamilia.com\/id\/7-passos-de-como-criar-e-manter-um-orcamento-familiar\/#primaryimage\"},\"image\":{\"@id\":\"https:\/\/universofamilia.com\/id\/7-passos-de-como-criar-e-manter-um-orcamento-familiar\/#primaryimage\"},\"thumbnailUrl\":\"https:\/\/universofamilia.com\/wp-content\/uploads\/sites\/148\/2023\/09\/D-UNIVERSO-FAMILIA-7-Passos-de-Como-Criar-e-Manter-um-Orcamento-Familiar.png\",\"datePublished\":\"2023-09-19T17:42:56+00:00\",\"dateModified\":\"2025-01-28T14:27:15+00:00\",\"author\":{\"@id\":\"https:\/\/universofamilia.com\/el\/#\/schema\/person\/f07ce98187dd84d31154262e79b3b7ca\"},\"description\":\"7 passos de como criar e manter um or\u00e7amento familiar. Neste guia, apresentamos um processo simples em etapas para ajudar voc\u00ea a criar e manter um or\u00e7amento\",\"breadcrumb\":{\"@id\":\"https:\/\/universofamilia.com\/id\/7-passos-de-como-criar-e-manter-um-orcamento-familiar\/#breadcrumb\"},\"inLanguage\":\"hu\",\"potentialAction\":[{\"@type\":\"ReadAction\",\"target\":[\"https:\/\/universofamilia.com\/id\/7-passos-de-como-criar-e-manter-um-orcamento-familiar\/\"]}]},{\"@type\":\"ImageObject\",\"inLanguage\":\"hu\",\"@id\":\"https:\/\/universofamilia.com\/id\/7-passos-de-como-criar-e-manter-um-orcamento-familiar\/#primaryimage\",\"url\":\"https:\/\/universofamilia.com\/wp-content\/uploads\/sites\/148\/2023\/09\/D-UNIVERSO-FAMILIA-7-Passos-de-Como-Criar-e-Manter-um-Orcamento-Familiar.png\",\"contentUrl\":\"https:\/\/universofamilia.com\/wp-content\/uploads\/sites\/148\/2023\/09\/D-UNIVERSO-FAMILIA-7-Passos-de-Como-Criar-e-Manter-um-Orcamento-Familiar.png\",\"width\":448,\"height\":350},{\"@type\":\"BreadcrumbList\",\"@id\":\"https:\/\/universofamilia.com\/id\/7-passos-de-como-criar-e-manter-um-orcamento-familiar\/#breadcrumb\",\"itemListElement\":[{\"@type\":\"ListItem\",\"position\":1,\"name\":\"Home\",\"item\":\"https:\/\/universofamilia.com\/el\/\"},{\"@type\":\"ListItem\",\"position\":2,\"name\":\"7 Passos de Como Criar e Manter um Or\u00e7amento Familiar\"}]},{\"@type\":\"WebSite\",\"@id\":\"https:\/\/universofamilia.com\/el\/#website\",\"url\":\"https:\/\/universofamilia.com\/el\/\",\"name\":\"Universo Fam\u00edlia\",\"description\":\"\",\"potentialAction\":[{\"@type\":\"SearchAction\",\"target\":{\"@type\":\"EntryPoint\",\"urlTemplate\":\"https:\/\/universofamilia.com\/el\/?s={search_term_string}\"},\"query-input\":\"required name=search_term_string\"}],\"inLanguage\":\"hu\"},{\"@type\":\"Person\",\"@id\":\"https:\/\/universofamilia.com\/el\/#\/schema\/person\/f07ce98187dd84d31154262e79b3b7ca\",\"name\":\"Pedro Henrique\",\"image\":{\"@type\":\"ImageObject\",\"inLanguage\":\"hu\",\"@id\":\"https:\/\/universofamilia.com\/el\/#\/schema\/person\/image\/\",\"url\":\"https:\/\/secure.gravatar.com\/avatar\/9edfeb808cb4e1599f64d6e45b130154?s=96&d=mm&r=g\",\"contentUrl\":\"https:\/\/secure.gravatar.com\/avatar\/9edfeb808cb4e1599f64d6e45b130154?s=96&d=mm&r=g\",\"caption\":\"Pedro Henrique\"},\"url\":\"https:\/\/universofamilia.com\/hu\/author\/editor01\/\"}]}<\/script>\n<!-- \/ Yoast SEO plugin. -->","yoast_head_json":{"title":"7 Passos de Como Criar e Manter um Or\u00e7amento Familiar - Universo Fam\u00edlia","description":"7 passos de como criar e manter um or\u00e7amento familiar. Neste guia, apresentamos um processo simples em etapas para ajudar voc\u00ea a criar e manter um or\u00e7amento","robots":{"index":"index","follow":"follow","max-snippet":"max-snippet:-1","max-image-preview":"max-image-preview:large","max-video-preview":"max-video-preview:-1"},"canonical":"https:\/\/universofamilia.com\/hu\/7-passos-de-como-criar-e-manter-um-orcamento-familiar\/","og_locale":"hu_HU","og_type":"article","og_title":"7 Passos de Como Criar e Manter um Or\u00e7amento Familiar - Universo Fam\u00edlia","og_description":"7 passos de como criar e manter um or\u00e7amento familiar. Neste guia, apresentamos um processo simples em etapas para ajudar voc\u00ea a criar e manter um or\u00e7amento","og_url":"https:\/\/universofamilia.com\/hu\/7-passos-de-como-criar-e-manter-um-orcamento-familiar\/","og_site_name":"Universo Fam\u00edlia","article_published_time":"2023-09-19T17:42:56+00:00","article_modified_time":"2025-01-28T14:27:15+00:00","og_image":[{"width":448,"height":350,"url":"https:\/\/universofamilia.com\/wp-content\/uploads\/sites\/148\/2023\/09\/D-UNIVERSO-FAMILIA-7-Passos-de-Como-Criar-e-Manter-um-Orcamento-Familiar.png","type":"image\/png"}],"author":"Pedro Henrique","twitter_card":"summary_large_image","twitter_misc":{"Written by":"Pedro Henrique","Est. reading time":"7 perc"},"schema":{"@context":"https:\/\/schema.org","@graph":[{"@type":"WebPage","@id":"https:\/\/universofamilia.com\/id\/7-passos-de-como-criar-e-manter-um-orcamento-familiar\/","url":"https:\/\/universofamilia.com\/id\/7-passos-de-como-criar-e-manter-um-orcamento-familiar\/","name":"7 Passos de Como Criar e Manter um Or\u00e7amento Familiar - Universo Fam\u00edlia","isPartOf":{"@id":"https:\/\/universofamilia.com\/el\/#website"},"primaryImageOfPage":{"@id":"https:\/\/universofamilia.com\/id\/7-passos-de-como-criar-e-manter-um-orcamento-familiar\/#primaryimage"},"image":{"@id":"https:\/\/universofamilia.com\/id\/7-passos-de-como-criar-e-manter-um-orcamento-familiar\/#primaryimage"},"thumbnailUrl":"https:\/\/universofamilia.com\/wp-content\/uploads\/sites\/148\/2023\/09\/D-UNIVERSO-FAMILIA-7-Passos-de-Como-Criar-e-Manter-um-Orcamento-Familiar.png","datePublished":"2023-09-19T17:42:56+00:00","dateModified":"2025-01-28T14:27:15+00:00","author":{"@id":"https:\/\/universofamilia.com\/el\/#\/schema\/person\/f07ce98187dd84d31154262e79b3b7ca"},"description":"7 passos de como criar e manter um or\u00e7amento familiar. Neste guia, apresentamos um processo simples em etapas para ajudar voc\u00ea a criar e manter um or\u00e7amento","breadcrumb":{"@id":"https:\/\/universofamilia.com\/id\/7-passos-de-como-criar-e-manter-um-orcamento-familiar\/#breadcrumb"},"inLanguage":"hu","potentialAction":[{"@type":"ReadAction","target":["https:\/\/universofamilia.com\/id\/7-passos-de-como-criar-e-manter-um-orcamento-familiar\/"]}]},{"@type":"ImageObject","inLanguage":"hu","@id":"https:\/\/universofamilia.com\/id\/7-passos-de-como-criar-e-manter-um-orcamento-familiar\/#primaryimage","url":"https:\/\/universofamilia.com\/wp-content\/uploads\/sites\/148\/2023\/09\/D-UNIVERSO-FAMILIA-7-Passos-de-Como-Criar-e-Manter-um-Orcamento-Familiar.png","contentUrl":"https:\/\/universofamilia.com\/wp-content\/uploads\/sites\/148\/2023\/09\/D-UNIVERSO-FAMILIA-7-Passos-de-Como-Criar-e-Manter-um-Orcamento-Familiar.png","width":448,"height":350},{"@type":"BreadcrumbList","@id":"https:\/\/universofamilia.com\/id\/7-passos-de-como-criar-e-manter-um-orcamento-familiar\/#breadcrumb","itemListElement":[{"@type":"ListItem","position":1,"name":"Home","item":"https:\/\/universofamilia.com\/el\/"},{"@type":"ListItem","position":2,"name":"7 Passos de Como Criar e Manter um Or\u00e7amento Familiar"}]},{"@type":"WebSite","@id":"https:\/\/universofamilia.com\/el\/#website","url":"https:\/\/universofamilia.com\/el\/","name":"Universo Fam\u00edlia","description":"","potentialAction":[{"@type":"SearchAction","target":{"@type":"EntryPoint","urlTemplate":"https:\/\/universofamilia.com\/el\/?s={search_term_string}"},"query-input":"required name=search_term_string"}],"inLanguage":"hu"},{"@type":"Person","@id":"https:\/\/universofamilia.com\/el\/#\/schema\/person\/f07ce98187dd84d31154262e79b3b7ca","name":"Pedro Henrique","image":{"@type":"ImageObject","inLanguage":"hu","@id":"https:\/\/universofamilia.com\/el\/#\/schema\/person\/image\/","url":"https:\/\/secure.gravatar.com\/avatar\/9edfeb808cb4e1599f64d6e45b130154?s=96&d=mm&r=g","contentUrl":"https:\/\/secure.gravatar.com\/avatar\/9edfeb808cb4e1599f64d6e45b130154?s=96&d=mm&r=g","caption":"Pedro Henrique"},"url":"https:\/\/universofamilia.com\/hu\/author\/editor01\/"}]}},"_links":{"self":[{"href":"https:\/\/universofamilia.com\/hu\/wp-json\/wp\/v2\/posts\/3968"}],"collection":[{"href":"https:\/\/universofamilia.com\/hu\/wp-json\/wp\/v2\/posts"}],"about":[{"href":"https:\/\/universofamilia.com\/hu\/wp-json\/wp\/v2\/types\/post"}],"author":[{"embeddable":true,"href":"https:\/\/universofamilia.com\/hu\/wp-json\/wp\/v2\/users\/139"}],"replies":[{"embeddable":true,"href":"https:\/\/universofamilia.com\/hu\/wp-json\/wp\/v2\/comments?post=3968"}],"version-history":[{"count":1,"href":"https:\/\/universofamilia.com\/hu\/wp-json\/wp\/v2\/posts\/3968\/revisions"}],"predecessor-version":[{"id":8402,"href":"https:\/\/universofamilia.com\/hu\/wp-json\/wp\/v2\/posts\/3968\/revisions\/8402"}],"wp:featuredmedia":[{"embeddable":true,"href":"https:\/\/universofamilia.com\/hu\/wp-json\/wp\/v2\/media\/3972"}],"wp:attachment":[{"href":"https:\/\/universofamilia.com\/hu\/wp-json\/wp\/v2\/media?parent=3968"}],"wp:term":[{"taxonomy":"category","embeddable":true,"href":"https:\/\/universofamilia.com\/hu\/wp-json\/wp\/v2\/categories?post=3968"},{"taxonomy":"post_tag","embeddable":true,"href":"https:\/\/universofamilia.com\/hu\/wp-json\/wp\/v2\/tags?post=3968"}],"curies":[{"name":"wp","href":"https:\/\/api.w.org\/{rel}","templated":true}]}}