{"id":3989,"date":"2023-09-22T11:46:13","date_gmt":"2023-09-22T14:46:13","guid":{"rendered":"https:\/\/universofamilia.com\/?p=3989"},"modified":"2025-01-28T14:25:30","modified_gmt":"2025-01-28T14:25:30","slug":"preparacao-para-a-segunda-gravidez","status":"publish","type":"post","link":"https:\/\/universofamilia.com\/hu\/preparacao-para-a-segunda-gravidez\/","title":{"rendered":"Felk\u00e9sz\u00fcl\u00e9s a m\u00e1sodik terhess\u00e9gre"},"content":{"rendered":"<p>Felk\u00e9sz\u00fcl\u00e9s a m\u00e1sodik terhess\u00e9gre. Gondolkodsz azon, hogy k\u00e9szen \u00e1llsz-e a m\u00e1sodik \u00e9vre? \u00cdme n\u00e9h\u00e1ny pozit\u00edv \u00e9s negat\u00edv szempont, amit figyelembe kell venned a m\u00e1sodik terhess\u00e9ged tervez\u00e9sekor.<\/p>\n\n\n\n<h3 class=\"wp-block-heading\">L\u00e9p\u00e9sr\u0151l l\u00e9p\u00e9sre:<\/h3>\n\n\n\n<ul>\n<li>D\u00f6ntsd el, hogy k\u00e9szen \u00e1llsz-e a m\u00e1sodik filmre<\/li>\n\n\n\n<li>Felk\u00e9sz\u00fcl\u00e9s a m\u00e1sodik terhess\u00e9gre<\/li>\n\n\n\n<li>M\u00e1sodik terhess\u00e9g<\/li>\n\n\n\n<li>A m\u00e1sodik terhess\u00e9g neh\u00e9zs\u00e9geinek kezel\u00e9se<\/li>\n\n\n\n<li>Eg\u00e9szs\u00e9g a m\u00e1sodik terhess\u00e9g alatt<\/li>\n\n\n\n<li>P\u00e9nz\u00fcgyi menedzsment a m\u00e1sodik terhess\u00e9g alatt<\/li>\n<\/ul>\n\n\n<div class=\"wp-block-image\">\n<figure class=\"aligncenter size-full\"><img loading=\"lazy\" decoding=\"async\" width=\"960\" height=\"540\" src=\"http:\/\/universofamilia.com\/wp-content\/uploads\/sites\/148\/2023\/09\/P-UNIV-FAMILIA-Preparacao-para-a-Segunda-Gravidez-1-1.png\" alt=\"\" class=\"wp-image-3994\" srcset=\"https:\/\/universofamilia.com\/wp-content\/uploads\/sites\/148\/2023\/09\/P-UNIV-FAMILIA-Preparacao-para-a-Segunda-Gravidez-1-1.png 960w, https:\/\/universofamilia.com\/wp-content\/uploads\/sites\/148\/2023\/09\/P-UNIV-FAMILIA-Preparacao-para-a-Segunda-Gravidez-1-1-300x169.png 300w, https:\/\/universofamilia.com\/wp-content\/uploads\/sites\/148\/2023\/09\/P-UNIV-FAMILIA-Preparacao-para-a-Segunda-Gravidez-1-1-768x432.png 768w\" sizes=\"(max-width: 960px) 100vw, 960px\" \/><\/figure><\/div>\n\n\n<p>Tal\u00e1n az\u00e9rt, mert mindig t\u00f6bb gyereket k\u00e9pzelek el, vagy mert mostan\u00e1ban eszembe jutott, hogy jelet adjunk a gyermek\u00fcnknek, itt az ideje a m\u00e1sodik bab\u00e1ra gondolni. A csal\u00e1db\u0151v\u00edt\u00e9s kil\u00e1t\u00e1sa izgalmas, de aggaszt\u00f3 is:<\/p>\n\n\n\n<ol style=\"list-style-type:1\">\n<li>Honnan tudod, hogy val\u00f3ban felk\u00e9sz\u00fclt\u00e9l?<\/li>\n\n\n\n<li>Az els\u0151 f\u00e1jl m\u00e9g mindig t\u00fal kicsi?<\/li>\n\n\n\n<li>Meg\u00e9ri szemben\u00e9zni a k\u00e1osszal \u00e9s k\u00e9t baba kimer\u00fclts\u00e9g\u00e9vel;<\/li>\n\n\n\n<li>Jobb lenne m\u00e9g egy kicsit v\u00e1rni?<\/li>\n<\/ol>\n\n\n\n<p>Nincsenek v\u00e9gleges v\u00e1laszok, de fontos \u00e1tgondolni ezeket a k\u00e9rd\u00e9seket, hogy megalapozott d\u00f6nt\u00e9st hozhassunk.<\/p>\n\n\n\n<h3 class=\"wp-block-heading\"><strong>D\u00f6ntsd el, hogy k\u00e9szen \u00e1llsz-e a m\u00e1sodik filmre<\/strong><\/h3>\n\n\n\n<p>Ahogy a bab\u00e1d n\u00f6vekszik \u00e9s \u00e1talakul a karj\u00e1ban l\u00e9v\u0151b\u0151l j\u00e1r\u00f3 \u00e9s es\u0151 gyermekk\u00e9, val\u00f3sz\u00edn\u0171leg azon t\u0171n\u0151dsz, mikor a megfelel\u0151 az id\u0151 egy m\u00e1sodik gyermek v\u00e1llal\u00e1s\u00e1ra. Mivel ez a d\u00f6nt\u00e9s minden csal\u00e1dban egyedi, n\u00e9h\u00e1ny k\u00e9rd\u00e9s seg\u00edthet meghat\u00e1rozni a legjobb id\u0151pontot:<\/p>\n\n\n\n<ol style=\"list-style-type:1\">\n<li>\u00dagy \u00e9rzed, hogy kev\u00e9s a k\u00f6zeli k\u00f6z\u00f6ss\u00e9gekb\u0151l sz\u00e1rmaz\u00f3 gyerek, akikkel egy\u00fctt dolgozhatn\u00e1l a brincadeir\u00e1kn\u00e1l?<\/li>\n\n\n\n<li>Hajland\u00f3 vagy \u00fajra szemben\u00e9zni az \u00e9jszak\u00e1k \u00e9s az alv\u00e1s n\u00e9lk\u00fcli \u00e9jszak\u00e1k szakasz\u00e1val, de feladom, vagy m\u00e1r k\u00e9s\u0151?<\/li>\n\n\n\n<li>Jobban szeretn\u00e9d elosztani a terhess\u00e9get, hogy kihaszn\u00e1lhasd minden gyermek gyermekkori szakasz\u00e1t zavar\u00f3 t\u00e9nyez\u0151k n\u00e9lk\u00fcl?<\/li>\n\n\n\n<li>Tetszik \u00d6nnek a gyerekek k\u00f6z\u00f6tti t\u00e1vols\u00e1gtart\u00e1s \u00f6tlete, vagy el\u00e9g ahhoz, hogy minimaliz\u00e1ljuk a nagyon hasonl\u00f3 k\u00f6r\u00fclm\u00e9nyek \u00e9s fejl\u0151d\u00e9si szakaszok miatti konfliktusokat a gyerekek k\u00f6z\u00f6tt?<\/li>\n<\/ol>\n\n\n\n<h4 class=\"wp-block-heading\"><mark class=\"has-inline-color has-ast-global-color-0-color\">Olvasd el m\u00e9g:<\/mark><\/h4>\n\n\n<table style=\"border-collapse: collapse;width: 840px;height: 171px\">\n<tbody>\n<tr style=\"height: 21px\">\n<td style=\"width: 18.5759%;height: 21px\"><a href=\"https:\/\/universofamilia.com\/hu\/7-passos-de-como-criar-e-manter-um-orcamento-familiar\/\"><img loading=\"lazy\" decoding=\"async\" class=\"alignnone wp-image-3984 size-medium\" src=\"http:\/\/universofamilia.com\/wp-content\/uploads\/sites\/148\/2023\/09\/L-Universo-Familia-7-Passos-de-Como-Criar-e-Manter-um-Orcamento-Familiar-300x300.png\" alt=\"\" width=\"300\" height=\"300\" srcset=\"https:\/\/universofamilia.com\/wp-content\/uploads\/sites\/148\/2023\/09\/L-Universo-Familia-7-Passos-de-Como-Criar-e-Manter-um-Orcamento-Familiar-300x300.png 300w, https:\/\/universofamilia.com\/wp-content\/uploads\/sites\/148\/2023\/09\/L-Universo-Familia-7-Passos-de-Como-Criar-e-Manter-um-Orcamento-Familiar-150x150.png 150w, https:\/\/universofamilia.com\/wp-content\/uploads\/sites\/148\/2023\/09\/L-Universo-Familia-7-Passos-de-Como-Criar-e-Manter-um-Orcamento-Familiar.png 315w\" sizes=\"(max-width: 300px) 100vw, 300px\" \/><\/a><\/td>\n<td style=\"width: 81.4241%;height: 21px\">\n<h4><span style=\"color: #000000\"><a style=\"color: #000000\" href=\"https:\/\/universofamilia.com\/hu\/7-passos-de-como-criar-e-manter-um-orcamento-familiar\/\" target=\"_blank\" rel=\"noopener\">7 l\u00e9p\u00e9s a csal\u00e1di gyertya felnevel\u00e9s\u00e9hez \u00e9s fenntart\u00e1s\u00e1hoz<\/a><\/span><\/h4>\n<\/td>\n<\/tr>\n<tr style=\"height: 21px\">\n<td style=\"width: 18.5759%;height: 10px\">\u00a0<\/td>\n<td style=\"width: 81.4241%;height: 10px\">\u00a0<\/td>\n<\/tr>\n<tr style=\"height: 21px\">\n<td style=\"width: 18.5759%;height: 21px\">\u00a0<\/td>\n<td style=\"width: 81.4241%;height: 21px\">\u00a0<\/td>\n<\/tr>\n<\/tbody>\n<\/table>\n\n\n<p>Ha az els\u0151 n\u00e9h\u00e1ny k\u00e9rd\u00e9sre igennel v\u00e1laszolt\u00e1l, tal\u00e1n t\u00fal korai lenne a m\u00e1sodik k\u00e9rd\u00e9sen gondolkodnod.<\/p>\n\n\n\n<p>Ha azonban az utols\u00f3 k\u00e9t k\u00e9rd\u00e9sre igennel v\u00e1laszolunk, \u00e9rdemes lehet m\u00e9g egy kicsit v\u00e1rni, miel\u0151tt elkezdj\u00fck a m\u00e1sodik terhess\u00e9g tervez\u00e9s\u00e9t.<\/p>\n\n\n\n<p>Ezen szempontok mellett ismert, hogy m\u00e1s t\u00e9nyez\u0151ket is \u00e9rt\u00e9kelni kell, p\u00e9ld\u00e1ul a csal\u00e1d anyagi helyzet\u00e9t, a gyermekgondoz\u00e1si lehet\u0151s\u00e9geket \u00e9s a szakmai felel\u0151ss\u00e9geket.<\/p>\n\n\n\n<p>F\u00fcggetlen\u00fcl att\u00f3l, hogy mit v\u00e1lasztasz, tudod, hogy minden egyes, a gyerekek k\u00f6z\u00f6tti t\u00e9rv\u00e1laszt\u00e1si lehet\u0151s\u00e9g meghozza a maga \u00f6r\u00f6meit \u00e9s kih\u00edv\u00e1sait. <\/p>\n\n\n\n<p>P\u00e9ld\u00e1ul, ha a k\u00f6zeli k\u00f6z\u00f6ss\u00e9gekben \u00e9lnek gyermekeid, egy\u00fctt ugr\u00e1lhatunk innen, \u00edgy id\u0151t takar\u00edthatunk meg a tev\u00e9kenys\u00e9gek keres\u00e9s\u00e9vel. K\u00e9sz\u00fclj fel azonban a gyerekek k\u00f6z\u00f6tti esetleges rivaliz\u00e1l\u00e1sra.<\/p>\n\n\n\n<p>M\u00e1sr\u00e9szt, ha \u00fagy d\u00f6ntesz, hogy jobban elosztod az esem\u00e9nyeket, akkor azzal az el\u0151nnyel fogsz rendelkezni, hogy jobban tudsz majd az egyes f\u00e1jlokra koncentr\u00e1lni.<\/p>\n\n\n\n<p>Azonban a nagyon t\u00e1voli k\u00f6z\u00f6ss\u00e9gekben \u00e9l\u0151 gyerekek nem biztos, hogy t\u00fal k\u00f6zel vannak az ugr\u00f3deszk\u00e1ikhoz, \u00e9s nincs garancia arra, hogy kevesebb konfliktus lesz.<\/p>\n\n\n\n<p>R\u00f6viden, a m\u00e1sodik szem\u00e9lyes gyermek v\u00e1llal\u00e1s\u00e1r\u00f3l sz\u00f3l\u00f3 d\u00f6nt\u00e9st az egy\u00e9ni k\u00f6r\u00fclm\u00e9nyek alapj\u00e1n kell meghozni, \u00e9s nem a csal\u00e1d sz\u00e1m\u00e1ra legjobbat figyelembe v\u00e9ve.<\/p>\n\n\n\n<h3 class=\"wp-block-heading\"><strong>Felk\u00e9sz\u00fcl\u00e9s a m\u00e1sodik terhess\u00e9gre<\/strong><\/h3>\n\n\n\n<p>Fontos, hogy j\u00f3 form\u00e1ban legy\u00e9l a m\u00e1sodik terhess\u00e9g el\u0151tt, valamint agg\u00f3dj az eg\u00e9szs\u00e9ged miatt az els\u0151 gyermek el\u0151tt. <\/p>\n\n\n\n<p>Ez nem jelenti azt, hogy naponta iskol\u00e1ba kell j\u00e1rni (ami egy kisbab\u00e1val neh\u00e9z lehet), de azt jelenti, hogy hagyni kell a testednek megfelel\u0151en regener\u00e1l\u00f3dni az els\u0151 terhess\u00e9g ut\u00e1n.<\/p>\n\n\n\n<p>Az Amerikai Sz\u00fcl\u00e9sz-N\u0151gy\u00f3gy\u00e1szati Koll\u00e9gium (ACOG) azt javasolja, hogy a sz\u00fcl\u00e9st k\u00f6vet\u0151 els\u0151 hat h\u00f3napban ker\u00fclj\u00fck a s\u00falygyarapod\u00e1st, \u00e9s lehet\u0151leg legal\u00e1bb 18 h\u00f3napot v\u00e1rjunk. Ez az az id\u0151szak, amikor a szervezet felt\u00f6lt\u0151dhet vitaminokkal, \u00e9s visszat\u00e9rhet az ide\u00e1lis \u00e1llapotba egy \u00fajabb terhess\u00e9ghez.<\/p>\n\n\n\n<p>Ha enn\u00e9l kor\u00e1bban szeretne teherbe esni, felt\u00e9tlen\u00fcl besz\u00e9lje meg orvos\u00e1val. Ha j\u00f3l t\u00e1pl\u00e1lkozik, j\u00f3 eg\u00e9szs\u00e9gnek \u00f6rvend, \u00e9s elegend\u0151 energi\u00e1val rendelkezik egy m\u00e1sodik terhess\u00e9ghez, akkor nincs akad\u00e1lya annak, hogy megsz\u00fclje a m\u00e1sodik gyermek\u00e9t, amikor k\u00e9szen \u00e1ll r\u00e1.<\/p>\n\n\n<div class=\"wp-block-image\">\n<figure class=\"aligncenter size-full\"><img loading=\"lazy\" decoding=\"async\" width=\"960\" height=\"540\" src=\"http:\/\/universofamilia.com\/wp-content\/uploads\/sites\/148\/2023\/09\/P-UNIV-FAMILIA-Preparacao-para-a-Segunda-Gravidez-1.png\" alt=\"\" class=\"wp-image-3993\" srcset=\"https:\/\/universofamilia.com\/wp-content\/uploads\/sites\/148\/2023\/09\/P-UNIV-FAMILIA-Preparacao-para-a-Segunda-Gravidez-1.png 960w, https:\/\/universofamilia.com\/wp-content\/uploads\/sites\/148\/2023\/09\/P-UNIV-FAMILIA-Preparacao-para-a-Segunda-Gravidez-1-300x169.png 300w, https:\/\/universofamilia.com\/wp-content\/uploads\/sites\/148\/2023\/09\/P-UNIV-FAMILIA-Preparacao-para-a-Segunda-Gravidez-1-768x432.png 768w\" sizes=\"(max-width: 960px) 100vw, 960px\" \/><\/figure><\/div>\n\n\n<h3 class=\"wp-block-heading\"><strong>M\u00e1sodik terhess\u00e9g<\/strong><\/h3>\n\n\n\n<p>Minden terhess\u00e9g egyedi, m\u00e9g akkor is, ha ez a m\u00e1sodik alkalom, hogy ezt \u00e1t\u00e9led. A m\u00e1sodik terhess\u00e9gekn\u00e9l fiziol\u00f3giai k\u00fcl\u00f6nbs\u00e9gek vannak az els\u0151 t\u00e1v\u00fa kapcsolatokban.<\/p>\n\n\n\n<p>Miel\u0151tt azonban a m\u00e1sodik baba n\u00f6veked\u00e9s\u00e9nek saj\u00e1toss\u00e1gaival foglalkozn\u00e1nk, \u00fajra kell teherbe esnie.<\/p>\n\n\n\n<p>N\u00e9h\u00e1ny csal\u00e1dban a m\u00e1sodik gyermek fogantat\u00e1sa ugyanolyan k\u00f6nnyen megy, mint az els\u0151. Azonban olyan akad\u00e1lyok is ad\u00f3dhatnak, amelyek sokakat v\u00e1ratlanul \u00e9rnek.<\/p>\n\n\n\n<h3 class=\"wp-block-heading\"><strong>A m\u00e1sodik terhess\u00e9g neh\u00e9zs\u00e9geinek kezel\u00e9se<\/strong><\/h3>\n\n\n\n<p>A m\u00e1sodlagos medd\u0151s\u00e9g, amely a gyermek n\u00e9lk\u00fcli hajn\u00f6veked\u00e9s ut\u00e1n jelentkezik, gyakoribb, mint gondoln\u00e1d. <\/p>\n\n\n\n<p>Az okok \u00e1ltal\u00e1ban hasonl\u00f3ak az els\u0151dleges medd\u0151s\u00e9ghez, mint p\u00e9ld\u00e1ul az \u00e9letkor, a tests\u00faly \u00e9s az eg\u00e9szs\u00e9g\u00fcgyi \u00e1llapotok, bele\u00e9rtve az endometri\u00f3zist, a m\u00e9hmi\u00f3m\u00e1t vagy a policiszt\u00e1s petef\u00e9szek szindr\u00f3m\u00e1t.<\/p>\n\n\n\n<p>A helyzet kezel\u00e9s\u00e9re azt javasoljuk, hogy <strong>35 \u00e9v alattiak eset\u00e9n forduljanak orvoshoz<\/strong> \u00e9vek \u00f3ta nem siker\u00fclt teherbe esnem egy \u00e9vnyi pr\u00f3b\u00e1lkoz\u00e1s ut\u00e1n sem. Ha \u00d6n 35 \u00e9v feletti, a konzult\u00e1ci\u00f3ra hat h\u00f3napnyi sikertelen pr\u00f3b\u00e1lkoz\u00e1s ut\u00e1n kell sort ker\u00edteni.<\/p>\n\n\n\n<p>A terhess\u00e9g vagy a kor\u00e1bbi sz\u00fcl\u00e9sek okozta m\u00e9hprobl\u00e9m\u00e1k is hozz\u00e1j\u00e1rulhatnak a m\u00e1sodlagos medd\u0151s\u00e9ghez. <\/p>\n\n\n\n<p>Ez\u00e9rt fontos <strong>megbesz\u00e9lni az isso com seu medicine-t<\/strong> miel\u0151tt \u00fajra megpr\u00f3b\u00e1lna h\u00edzni. Felm\u00e9rhetik a term\u00e9szetes fogamz\u00e1s es\u00e9lyeit, tan\u00e1csot adhatnak a lehets\u00e9ges kock\u00e1zati t\u00e9nyez\u0151kr\u0151l, \u00e9s sz\u00fcks\u00e9g eset\u00e9n medd\u0151s\u00e9gi seg\u00edts\u00e9get ny\u00fajthatnak.<\/p>\n\n\n\n<h3 class=\"wp-block-heading\"><strong>Eg\u00e9szs\u00e9g a m\u00e1sodik terhess\u00e9g alatt<\/strong><\/h3>\n\n\n\n<p>A m\u00e1sodik terhess\u00e9g sz\u00e1mos m\u00f3don befoly\u00e1solhatja az eg\u00e9szs\u00e9g\u00e9t, kih\u00edv\u00e1sokat \u00e9s el\u0151ny\u00f6ket egyar\u00e1nt teremtve:<\/p>\n\n\n\n<ul>\n<li>Az els\u0151 bab\u00e1d gondoz\u00e1s\u00e1nak \u00e9lm\u00e9nye fizikailag akt\u00edvv\u00e1 tesz a m\u00e1sodik terhess\u00e9ged alatt, \u00edgy nem kell k\u00fcl\u00f6n testmozg\u00e1st \u00fctemezned.<\/li>\n\n\n\n<li>A gyorsabban fejl\u0151d\u0151 gyerekkel j\u00e1r\u00f3 ny\u00fczsg\u00e9s azt jelenti, hogy val\u00f3sz\u00edn\u0171leg kevesebb ideje lesz agg\u00f3dni a terhess\u00e9gi t\u00fcnetek miatt.<\/li>\n\n\n\n<li>M\u00e1r hozz\u00e1szokott az anyja \u00e9let\u00e9hez, \u00edgy nem fogja \u00e9rezni az els\u0151 gyermek\u00e9vel bek\u00f6vetkezett \u00e9letv\u00e1ltoz\u00e1s sokkj\u00e1t.<\/li>\n<\/ul>\n\n\n\n<h3 class=\"wp-block-heading\"><strong>P\u00e9nz\u00fcgyi menedzsment a m\u00e1sodik terhess\u00e9g alatt<\/strong><\/h3>\n\n\n\n<p>Amikor egy m\u00e1sodik f\u00e1jlr\u00f3l gondolkodunk, fontos figyelembe venni a p\u00e9nz\u00fcgyi vonzatokat.<\/p>\n\n\n\n<p>Orsz\u00e1s \u00e9s finansz\u00edroz\u00e1s:<\/p>\n\n\n\n<ul>\n<li>Ha otthonr\u00f3l dolgozol, szerintem nem lesz anyagi vonzata egy m\u00e1sodik fizetetlen sz\u00fcl\u00e9si szabads\u00e1gnak vagy a m\u00e1sodik bab\u00e1ra sz\u00e1nt id\u0151 cs\u00f6kkent\u00e9s\u00e9nek.<\/li>\n\n\n\n<li>Ha \u00d6n a h\u00e1z tulajdonosa, szeretne visszat\u00e9rni dolgozni egy m\u00e1sodik terhess\u00e9g ut\u00e1n.<\/li>\n\n\n\n<li>Ellen\u0151rizd, hogy a h\u00e1zadban t\u00f6bb csal\u00e1dtag is tart\u00f3zkodik-e, vagy sz\u00fcks\u00e9gess\u00e9 v\u00e1lik-e k\u00f6lt\u00f6zni egy nagyobb \u00e9s dr\u00e1g\u00e1bb h\u00e1zba.<\/li>\n\n\n\n<li>Gondold \u00e1t, hogy fel tudod-e haszn\u00e1lni a m\u00e1r megl\u00e9v\u0151 babakieg\u00e9sz\u00edt\u0151idet, p\u00e9ld\u00e1ul a h\u00e1tizs\u00e1kot, a l\u00e1ncot \u00e9s a babakocsit, vagy egy m\u00e1sodik szettet kell v\u00e1s\u00e1rolnod.<\/li>\n\n\n\n<li>A kiv\u00e1lasztott id\u0151pontt\u00f3l f\u00fcggetlen\u00fcl a tov\u00e1bbi s\u00falyok ut\u00e1n egy m\u00e1sodik f\u00e1jl is tal\u00e1lhat\u00f3.<\/li>\n<\/ul>\n\n\n\n<p>Javasoljuk, hogy a partnereddel k\u00f6z\u00f6sen k\u00e9sz\u00edtsetek egy el\u0151zetes csal\u00e1di dokumentumot, amelyben igazolj\u00e1tok, hogy mit tudunk r\u00f6vid \u00e9s hossz\u00fa t\u00e1von anyagilag t\u00e1mogatni.<\/p>\n\n\n\n<p>Tudd, hogy nincs t\u00f6k\u00e9letes pillanat, \u00e9s a d\u00f6nt\u00e9st a h\u00e1rom-n\u00e9gy tag\u00fa csal\u00e1dod ig\u00e9nyei \u00e9s k\u00edv\u00e1ns\u00e1gai alapj\u00e1n kell meghozni.<\/p>\n\n\n\n<blockquote class=\"wp-block-quote\">\n<h5 class=\"wp-block-heading\"><em>Megjegyz\u00e9sek: Az Universo Fam\u00edlia oldal\u00e1n tal\u00e1lhat\u00f3 anyagok \u00e9s inform\u00e1ci\u00f3k nem orvosi diagn\u00f3zis fel\u00e1ll\u00edt\u00e1s\u00e1ra szolg\u00e1lnak, \u00e9s nem is szabad azokat ilyen c\u00e9lra haszn\u00e1lni. <strong>Mindig konzult\u00e1ljon orvos\u00e1val vagy k\u00e9pzett eg\u00e9szs\u00e9g\u00fcgyi szakemberrel a val\u00f3di sz\u00fcks\u00e9gleteivel kapcsolatban.<\/strong>.<\/em><\/h5>\n<\/blockquote>\n\n\n<table style=\"border-collapse: collapse;width: 100%;height: 96px\">\n<tbody>\n<tr style=\"height: 96px\">\n<td style=\"width: 10.1223%;height: 96px\"><a href=\"https:\/\/www.luzbaby.com.br\/\" target=\"_blank\" rel=\"noopener\"><img loading=\"lazy\" decoding=\"async\" class=\"alignnone wp-image-3747\" src=\"http:\/\/universofamilia.com\/wp-content\/uploads\/sites\/148\/2023\/09\/Design-sem-nome-3-300x300.png\" alt=\"\" width=\"106\" height=\"106\" srcset=\"https:\/\/universofamilia.com\/wp-content\/uploads\/sites\/148\/2023\/09\/Design-sem-nome-3-300x300.png 300w, https:\/\/universofamilia.com\/wp-content\/uploads\/sites\/148\/2023\/09\/Design-sem-nome-3-150x150.png 150w, https:\/\/universofamilia.com\/wp-content\/uploads\/sites\/148\/2023\/09\/Design-sem-nome-3.png 315w\" sizes=\"(max-width: 106px) 100vw, 106px\" \/><\/a><\/td>\n<td style=\"width: 89.5168%;height: 96px\">\n<h4><span style=\"color: #000000\"><strong><a style=\"color: #000000\" href=\"https:\/\/www.luzbaby.com.br\/\" target=\"_blank\" rel=\"noreferrer noopener\">Conhe\u00e7a Luz Baby, az egyik legjobb csecsem\u0151term\u00e9k bolt.<\/a><\/strong><\/span><\/h4>\n<\/td>\n<\/tr>\n<\/tbody>\n<\/table>","protected":false},"excerpt":{"rendered":"<p>Felk\u00e9sz\u00fcl\u00e9s a m\u00e1sodik terhess\u00e9gre. Gondolkodsz azon, hogy k\u00e9szen \u00e1llsz-e a m\u00e1sodik filmedre? \u00cdme n\u00e9h\u00e1ny pozit\u00edv \u00e9s negat\u00edv szempont, amit figyelembe kell venned a m\u00e1sodik terhess\u00e9ged tervez\u00e9sekor. L\u00e9p\u00e9sr\u0151l l\u00e9p\u00e9sre: \u00dagy t\u0171nik, az\u00e9rt, mert mindig t\u00f6bb gyereket k\u00e9pzelek el, vagy mert nemr\u00e9giben eszembe jutott, hogy jelet adjak a [\u2026]<\/p>","protected":false},"author":139,"featured_media":3995,"comment_status":"closed","ping_status":"open","sticky":false,"template":"","format":"standard","meta":{"footnotes":""},"categories":[5],"tags":[],"yoast_head":"<!-- This site is optimized with the Yoast SEO plugin v23.3 - https:\/\/yoast.com\/wordpress\/plugins\/seo\/ -->\n<title>Prepara\u00e7\u00e3o para a Segunda Gravidez - Universo Fam\u00edlia<\/title>\n<meta name=\"description\" content=\"Prepara\u00e7\u00e3o para a segunda gravidez. Est\u00e1 pensando se est\u00e1 preparada (o) para ter o segundo filho? Aqui est\u00e3o alguns aspectos positivos e negativos que voc\u00ea\" \/>\n<meta name=\"robots\" content=\"index, follow, max-snippet:-1, max-image-preview:large, max-video-preview:-1\" \/>\n<link rel=\"canonical\" href=\"https:\/\/universofamilia.com\/hu\/\u09a6\u09cd\u09ac\u09bf\u09a4\u09c0\u09af\u09bc-\u0997\u09b0\u09cd\u09ad\u09be\u09ac\u09b8\u09cd\u09a5\u09be\u09b0-\u09aa\u09cd\u09b0\/\" \/>\n<meta property=\"og:locale\" content=\"hu_HU\" \/>\n<meta property=\"og:type\" content=\"article\" \/>\n<meta property=\"og:title\" content=\"Prepara\u00e7\u00e3o para a Segunda Gravidez - Universo Fam\u00edlia\" \/>\n<meta property=\"og:description\" content=\"Prepara\u00e7\u00e3o para a segunda gravidez. Est\u00e1 pensando se est\u00e1 preparada (o) para ter o segundo filho? Aqui est\u00e3o alguns aspectos positivos e negativos que voc\u00ea\" \/>\n<meta property=\"og:url\" content=\"https:\/\/universofamilia.com\/hu\/\u09a6\u09cd\u09ac\u09bf\u09a4\u09c0\u09af\u09bc-\u0997\u09b0\u09cd\u09ad\u09be\u09ac\u09b8\u09cd\u09a5\u09be\u09b0-\u09aa\u09cd\u09b0\/\" \/>\n<meta property=\"og:site_name\" content=\"Universo Fam\u00edlia\" \/>\n<meta property=\"article:published_time\" content=\"2023-09-22T14:46:13+00:00\" \/>\n<meta property=\"article:modified_time\" content=\"2025-01-28T14:25:30+00:00\" \/>\n<meta property=\"og:image\" content=\"https:\/\/universofamilia.com\/wp-content\/uploads\/sites\/148\/2023\/09\/D-UNIVERSO-FAMILIA-Preparacao-para-a-Segunda-Gravidez.png\" \/>\n\t<meta property=\"og:image:width\" content=\"448\" \/>\n\t<meta property=\"og:image:height\" content=\"350\" \/>\n\t<meta property=\"og:image:type\" content=\"image\/png\" \/>\n<meta name=\"author\" content=\"Pedro Henrique\" \/>\n<meta name=\"twitter:card\" content=\"summary_large_image\" \/>\n<meta name=\"twitter:label1\" content=\"Written by\" \/>\n\t<meta name=\"twitter:data1\" content=\"Pedro Henrique\" \/>\n\t<meta name=\"twitter:label2\" content=\"Est. reading time\" \/>\n\t<meta name=\"twitter:data2\" content=\"8 perc\" \/>\n<script type=\"application\/ld+json\" class=\"yoast-schema-graph\">{\"@context\":\"https:\/\/schema.org\",\"@graph\":[{\"@type\":\"WebPage\",\"@id\":\"https:\/\/universofamilia.com\/bn\/\u09a6\u09cd\u09ac\u09bf\u09a4\u09c0\u09af\u09bc-\u0997\u09b0\u09cd\u09ad\u09be\u09ac\u09b8\u09cd\u09a5\u09be\u09b0-\u09aa\u09cd\u09b0\/\",\"url\":\"https:\/\/universofamilia.com\/bn\/\u09a6\u09cd\u09ac\u09bf\u09a4\u09c0\u09af\u09bc-\u0997\u09b0\u09cd\u09ad\u09be\u09ac\u09b8\u09cd\u09a5\u09be\u09b0-\u09aa\u09cd\u09b0\/\",\"name\":\"Prepara\u00e7\u00e3o para a Segunda Gravidez - Universo Fam\u00edlia\",\"isPartOf\":{\"@id\":\"https:\/\/universofamilia.com\/el\/#website\"},\"primaryImageOfPage\":{\"@id\":\"https:\/\/universofamilia.com\/bn\/\u09a6\u09cd\u09ac\u09bf\u09a4\u09c0\u09af\u09bc-\u0997\u09b0\u09cd\u09ad\u09be\u09ac\u09b8\u09cd\u09a5\u09be\u09b0-\u09aa\u09cd\u09b0\/#primaryimage\"},\"image\":{\"@id\":\"https:\/\/universofamilia.com\/bn\/\u09a6\u09cd\u09ac\u09bf\u09a4\u09c0\u09af\u09bc-\u0997\u09b0\u09cd\u09ad\u09be\u09ac\u09b8\u09cd\u09a5\u09be\u09b0-\u09aa\u09cd\u09b0\/#primaryimage\"},\"thumbnailUrl\":\"https:\/\/universofamilia.com\/wp-content\/uploads\/sites\/148\/2023\/09\/D-UNIVERSO-FAMILIA-Preparacao-para-a-Segunda-Gravidez.png\",\"datePublished\":\"2023-09-22T14:46:13+00:00\",\"dateModified\":\"2025-01-28T14:25:30+00:00\",\"author\":{\"@id\":\"https:\/\/universofamilia.com\/el\/#\/schema\/person\/f07ce98187dd84d31154262e79b3b7ca\"},\"description\":\"Prepara\u00e7\u00e3o para a segunda gravidez. Est\u00e1 pensando se est\u00e1 preparada (o) para ter o segundo filho? Aqui est\u00e3o alguns aspectos positivos e negativos que voc\u00ea\",\"breadcrumb\":{\"@id\":\"https:\/\/universofamilia.com\/bn\/\u09a6\u09cd\u09ac\u09bf\u09a4\u09c0\u09af\u09bc-\u0997\u09b0\u09cd\u09ad\u09be\u09ac\u09b8\u09cd\u09a5\u09be\u09b0-\u09aa\u09cd\u09b0\/#breadcrumb\"},\"inLanguage\":\"hu\",\"potentialAction\":[{\"@type\":\"ReadAction\",\"target\":[\"https:\/\/universofamilia.com\/bn\/\u09a6\u09cd\u09ac\u09bf\u09a4\u09c0\u09af\u09bc-\u0997\u09b0\u09cd\u09ad\u09be\u09ac\u09b8\u09cd\u09a5\u09be\u09b0-\u09aa\u09cd\u09b0\/\"]}]},{\"@type\":\"ImageObject\",\"inLanguage\":\"hu\",\"@id\":\"https:\/\/universofamilia.com\/bn\/\u09a6\u09cd\u09ac\u09bf\u09a4\u09c0\u09af\u09bc-\u0997\u09b0\u09cd\u09ad\u09be\u09ac\u09b8\u09cd\u09a5\u09be\u09b0-\u09aa\u09cd\u09b0\/#primaryimage\",\"url\":\"https:\/\/universofamilia.com\/wp-content\/uploads\/sites\/148\/2023\/09\/D-UNIVERSO-FAMILIA-Preparacao-para-a-Segunda-Gravidez.png\",\"contentUrl\":\"https:\/\/universofamilia.com\/wp-content\/uploads\/sites\/148\/2023\/09\/D-UNIVERSO-FAMILIA-Preparacao-para-a-Segunda-Gravidez.png\",\"width\":448,\"height\":350},{\"@type\":\"BreadcrumbList\",\"@id\":\"https:\/\/universofamilia.com\/bn\/\u09a6\u09cd\u09ac\u09bf\u09a4\u09c0\u09af\u09bc-\u0997\u09b0\u09cd\u09ad\u09be\u09ac\u09b8\u09cd\u09a5\u09be\u09b0-\u09aa\u09cd\u09b0\/#breadcrumb\",\"itemListElement\":[{\"@type\":\"ListItem\",\"position\":1,\"name\":\"Home\",\"item\":\"https:\/\/universofamilia.com\/el\/\"},{\"@type\":\"ListItem\",\"position\":2,\"name\":\"Prepara\u00e7\u00e3o para a Segunda Gravidez\"}]},{\"@type\":\"WebSite\",\"@id\":\"https:\/\/universofamilia.com\/el\/#website\",\"url\":\"https:\/\/universofamilia.com\/el\/\",\"name\":\"Universo Fam\u00edlia\",\"description\":\"\",\"potentialAction\":[{\"@type\":\"SearchAction\",\"target\":{\"@type\":\"EntryPoint\",\"urlTemplate\":\"https:\/\/universofamilia.com\/el\/?s={search_term_string}\"},\"query-input\":\"required name=search_term_string\"}],\"inLanguage\":\"hu\"},{\"@type\":\"Person\",\"@id\":\"https:\/\/universofamilia.com\/el\/#\/schema\/person\/f07ce98187dd84d31154262e79b3b7ca\",\"name\":\"Pedro Henrique\",\"image\":{\"@type\":\"ImageObject\",\"inLanguage\":\"hu\",\"@id\":\"https:\/\/universofamilia.com\/el\/#\/schema\/person\/image\/\",\"url\":\"https:\/\/secure.gravatar.com\/avatar\/9edfeb808cb4e1599f64d6e45b130154?s=96&d=mm&r=g\",\"contentUrl\":\"https:\/\/secure.gravatar.com\/avatar\/9edfeb808cb4e1599f64d6e45b130154?s=96&d=mm&r=g\",\"caption\":\"Pedro Henrique\"},\"url\":\"https:\/\/universofamilia.com\/hu\/author\/editor01\/\"}]}<\/script>\n<!-- \/ Yoast SEO plugin. -->","yoast_head_json":{"title":"Prepara\u00e7\u00e3o para a Segunda Gravidez - Universo Fam\u00edlia","description":"Prepara\u00e7\u00e3o para a segunda gravidez. Est\u00e1 pensando se est\u00e1 preparada (o) para ter o segundo filho? Aqui est\u00e3o alguns aspectos positivos e negativos que voc\u00ea","robots":{"index":"index","follow":"follow","max-snippet":"max-snippet:-1","max-image-preview":"max-image-preview:large","max-video-preview":"max-video-preview:-1"},"canonical":"https:\/\/universofamilia.com\/hu\/\u09a6\u09cd\u09ac\u09bf\u09a4\u09c0\u09af\u09bc-\u0997\u09b0\u09cd\u09ad\u09be\u09ac\u09b8\u09cd\u09a5\u09be\u09b0-\u09aa\u09cd\u09b0\/","og_locale":"hu_HU","og_type":"article","og_title":"Prepara\u00e7\u00e3o para a Segunda Gravidez - Universo Fam\u00edlia","og_description":"Prepara\u00e7\u00e3o para a segunda gravidez. Est\u00e1 pensando se est\u00e1 preparada (o) para ter o segundo filho? Aqui est\u00e3o alguns aspectos positivos e negativos que voc\u00ea","og_url":"https:\/\/universofamilia.com\/hu\/\u09a6\u09cd\u09ac\u09bf\u09a4\u09c0\u09af\u09bc-\u0997\u09b0\u09cd\u09ad\u09be\u09ac\u09b8\u09cd\u09a5\u09be\u09b0-\u09aa\u09cd\u09b0\/","og_site_name":"Universo Fam\u00edlia","article_published_time":"2023-09-22T14:46:13+00:00","article_modified_time":"2025-01-28T14:25:30+00:00","og_image":[{"width":448,"height":350,"url":"https:\/\/universofamilia.com\/wp-content\/uploads\/sites\/148\/2023\/09\/D-UNIVERSO-FAMILIA-Preparacao-para-a-Segunda-Gravidez.png","type":"image\/png"}],"author":"Pedro Henrique","twitter_card":"summary_large_image","twitter_misc":{"Written by":"Pedro Henrique","Est. reading time":"8 perc"},"schema":{"@context":"https:\/\/schema.org","@graph":[{"@type":"WebPage","@id":"https:\/\/universofamilia.com\/bn\/\u09a6\u09cd\u09ac\u09bf\u09a4\u09c0\u09af\u09bc-\u0997\u09b0\u09cd\u09ad\u09be\u09ac\u09b8\u09cd\u09a5\u09be\u09b0-\u09aa\u09cd\u09b0\/","url":"https:\/\/universofamilia.com\/bn\/\u09a6\u09cd\u09ac\u09bf\u09a4\u09c0\u09af\u09bc-\u0997\u09b0\u09cd\u09ad\u09be\u09ac\u09b8\u09cd\u09a5\u09be\u09b0-\u09aa\u09cd\u09b0\/","name":"Prepara\u00e7\u00e3o para a Segunda Gravidez - Universo Fam\u00edlia","isPartOf":{"@id":"https:\/\/universofamilia.com\/el\/#website"},"primaryImageOfPage":{"@id":"https:\/\/universofamilia.com\/bn\/\u09a6\u09cd\u09ac\u09bf\u09a4\u09c0\u09af\u09bc-\u0997\u09b0\u09cd\u09ad\u09be\u09ac\u09b8\u09cd\u09a5\u09be\u09b0-\u09aa\u09cd\u09b0\/#primaryimage"},"image":{"@id":"https:\/\/universofamilia.com\/bn\/\u09a6\u09cd\u09ac\u09bf\u09a4\u09c0\u09af\u09bc-\u0997\u09b0\u09cd\u09ad\u09be\u09ac\u09b8\u09cd\u09a5\u09be\u09b0-\u09aa\u09cd\u09b0\/#primaryimage"},"thumbnailUrl":"https:\/\/universofamilia.com\/wp-content\/uploads\/sites\/148\/2023\/09\/D-UNIVERSO-FAMILIA-Preparacao-para-a-Segunda-Gravidez.png","datePublished":"2023-09-22T14:46:13+00:00","dateModified":"2025-01-28T14:25:30+00:00","author":{"@id":"https:\/\/universofamilia.com\/el\/#\/schema\/person\/f07ce98187dd84d31154262e79b3b7ca"},"description":"Prepara\u00e7\u00e3o para a segunda gravidez. Est\u00e1 pensando se est\u00e1 preparada (o) para ter o segundo filho? Aqui est\u00e3o alguns aspectos positivos e negativos que voc\u00ea","breadcrumb":{"@id":"https:\/\/universofamilia.com\/bn\/\u09a6\u09cd\u09ac\u09bf\u09a4\u09c0\u09af\u09bc-\u0997\u09b0\u09cd\u09ad\u09be\u09ac\u09b8\u09cd\u09a5\u09be\u09b0-\u09aa\u09cd\u09b0\/#breadcrumb"},"inLanguage":"hu","potentialAction":[{"@type":"ReadAction","target":["https:\/\/universofamilia.com\/bn\/\u09a6\u09cd\u09ac\u09bf\u09a4\u09c0\u09af\u09bc-\u0997\u09b0\u09cd\u09ad\u09be\u09ac\u09b8\u09cd\u09a5\u09be\u09b0-\u09aa\u09cd\u09b0\/"]}]},{"@type":"ImageObject","inLanguage":"hu","@id":"https:\/\/universofamilia.com\/bn\/\u09a6\u09cd\u09ac\u09bf\u09a4\u09c0\u09af\u09bc-\u0997\u09b0\u09cd\u09ad\u09be\u09ac\u09b8\u09cd\u09a5\u09be\u09b0-\u09aa\u09cd\u09b0\/#primaryimage","url":"https:\/\/universofamilia.com\/wp-content\/uploads\/sites\/148\/2023\/09\/D-UNIVERSO-FAMILIA-Preparacao-para-a-Segunda-Gravidez.png","contentUrl":"https:\/\/universofamilia.com\/wp-content\/uploads\/sites\/148\/2023\/09\/D-UNIVERSO-FAMILIA-Preparacao-para-a-Segunda-Gravidez.png","width":448,"height":350},{"@type":"BreadcrumbList","@id":"https:\/\/universofamilia.com\/bn\/\u09a6\u09cd\u09ac\u09bf\u09a4\u09c0\u09af\u09bc-\u0997\u09b0\u09cd\u09ad\u09be\u09ac\u09b8\u09cd\u09a5\u09be\u09b0-\u09aa\u09cd\u09b0\/#breadcrumb","itemListElement":[{"@type":"ListItem","position":1,"name":"Home","item":"https:\/\/universofamilia.com\/el\/"},{"@type":"ListItem","position":2,"name":"Prepara\u00e7\u00e3o para a Segunda Gravidez"}]},{"@type":"WebSite","@id":"https:\/\/universofamilia.com\/el\/#website","url":"https:\/\/universofamilia.com\/el\/","name":"Universo Fam\u00edlia","description":"","potentialAction":[{"@type":"SearchAction","target":{"@type":"EntryPoint","urlTemplate":"https:\/\/universofamilia.com\/el\/?s={search_term_string}"},"query-input":"required name=search_term_string"}],"inLanguage":"hu"},{"@type":"Person","@id":"https:\/\/universofamilia.com\/el\/#\/schema\/person\/f07ce98187dd84d31154262e79b3b7ca","name":"Pedro Henrique","image":{"@type":"ImageObject","inLanguage":"hu","@id":"https:\/\/universofamilia.com\/el\/#\/schema\/person\/image\/","url":"https:\/\/secure.gravatar.com\/avatar\/9edfeb808cb4e1599f64d6e45b130154?s=96&d=mm&r=g","contentUrl":"https:\/\/secure.gravatar.com\/avatar\/9edfeb808cb4e1599f64d6e45b130154?s=96&d=mm&r=g","caption":"Pedro Henrique"},"url":"https:\/\/universofamilia.com\/hu\/author\/editor01\/"}]}},"_links":{"self":[{"href":"https:\/\/universofamilia.com\/hu\/wp-json\/wp\/v2\/posts\/3989"}],"collection":[{"href":"https:\/\/universofamilia.com\/hu\/wp-json\/wp\/v2\/posts"}],"about":[{"href":"https:\/\/universofamilia.com\/hu\/wp-json\/wp\/v2\/types\/post"}],"author":[{"embeddable":true,"href":"https:\/\/universofamilia.com\/hu\/wp-json\/wp\/v2\/users\/139"}],"replies":[{"embeddable":true,"href":"https:\/\/universofamilia.com\/hu\/wp-json\/wp\/v2\/comments?post=3989"}],"version-history":[{"count":1,"href":"https:\/\/universofamilia.com\/hu\/wp-json\/wp\/v2\/posts\/3989\/revisions"}],"predecessor-version":[{"id":8401,"href":"https:\/\/universofamilia.com\/hu\/wp-json\/wp\/v2\/posts\/3989\/revisions\/8401"}],"wp:featuredmedia":[{"embeddable":true,"href":"https:\/\/universofamilia.com\/hu\/wp-json\/wp\/v2\/media\/3995"}],"wp:attachment":[{"href":"https:\/\/universofamilia.com\/hu\/wp-json\/wp\/v2\/media?parent=3989"}],"wp:term":[{"taxonomy":"category","embeddable":true,"href":"https:\/\/universofamilia.com\/hu\/wp-json\/wp\/v2\/categories?post=3989"},{"taxonomy":"post_tag","embeddable":true,"href":"https:\/\/universofamilia.com\/hu\/wp-json\/wp\/v2\/tags?post=3989"}],"curies":[{"name":"wp","href":"https:\/\/api.w.org\/{rel}","templated":true}]}}