{"id":4341,"date":"2023-10-26T14:08:43","date_gmt":"2023-10-26T17:08:43","guid":{"rendered":"https:\/\/universofamilia.com\/?p=4341"},"modified":"2025-10-13T22:02:04","modified_gmt":"2025-10-14T01:02:04","slug":"las-mejores-aplicaciones-para-crear-videos-con-fotos-y-musica","status":"publish","type":"post","link":"https:\/\/universofamilia.com\/hu\/las-mejores-aplicaciones-para-crear-videos-con-fotos-y-musica\/","title":{"rendered":"A legjobb alkalmaz\u00e1sok vide\u00f3k k\u00e9sz\u00edt\u00e9s\u00e9hez f\u00e9nyk\u00e9pekkel \u00e9s zen\u00e9vel"},"content":{"rendered":"<p>Az ut\u00f3bbi \u00e9vekben n\u00e9pszer\u0171v\u00e9 v\u00e1ltak a fot\u00f3kkal \u00e9s zen\u00e9vel rendelkez\u0151 vide\u00f3k\u00e9sz\u00edt\u0151 alkalmaz\u00e1sok, amelyek lehet\u0151v\u00e9 teszik az emberek sz\u00e1m\u00e1ra, hogy egyedi \u00e9s lebilincsel\u0151 m\u00f3don fejezz\u00e9k ki kreativit\u00e1sukat.<\/p>\n\n\n\n<p>K\u00f6nny\u0171 haszn\u00e1latuknak \u00e9s a k\u00f6z\u00f6ss\u00e9gi m\u00e9di\u00e1ban a vizu\u00e1lis tartalmak ir\u00e1nti n\u00f6vekv\u0151 keresletnek k\u00f6sz\u00f6nhet\u0151en ezek az eszk\u00f6z\u00f6k sz\u00e1mos felhaszn\u00e1l\u00f3 eszk\u00f6zt\u00e1r\u00e1nak elengedhetetlen r\u00e9sz\u00e9v\u00e9 v\u00e1ltak.<\/p>\n\n\n\n<p>Ebben a cikkben megvizsg\u00e1ljuk ezen alkalmaz\u00e1sok fontoss\u00e1g\u00e1t, \u00e9s bemutatjuk a piacon el\u00e9rhet\u0151 h\u00e1rom legjobbat.<\/p>\n\n\n\n<h2 class=\"wp-block-heading\">Az alkalmaz\u00e1sok fontoss\u00e1ga<\/h2>\n\n\n\n<p>A vizu\u00e1lis tartalmak ir\u00e1nti n\u00f6vekv\u0151 kereslet a k\u00f6z\u00f6ss\u00e9gi m\u00e9di\u00e1ban \u00e9s m\u00e1s online platformokon a vide\u00f3t hat\u00e9kony eszk\u00f6zz\u00e9 tette az \u00fczenetek k\u00f6zvet\u00edt\u00e9s\u00e9re, a t\u00f6rt\u00e9netmes\u00e9l\u00e9sre \u00e9s a fontos pillanatok meg\u00f6r\u00f6k\u00edt\u00e9s\u00e9re.<\/p>\n\n\n\n<p>A professzion\u00e1lis vide\u00f3k k\u00e9sz\u00edt\u00e9se azonban a legt\u00f6bb ember sz\u00e1m\u00e1ra kih\u00edv\u00e1st jelenthet. Itt j\u00f6nnek k\u00e9pbe a fot\u00f3kkal \u00e9s zen\u00e9vel rendelkez\u0151 vide\u00f3k\u00e9sz\u00edt\u0151 alkalmaz\u00e1sok, amelyek leegyszer\u0171s\u00edtik a folyamatot, \u00e9s mindenki sz\u00e1m\u00e1ra el\u00e9rhet\u0151v\u00e9 teszik.<\/p>\n\n\n\n<p>Ezek az alkalmaz\u00e1sok l\u00e9tfontoss\u00e1g\u00fa szerepet j\u00e1tszanak k\u00fcl\u00f6nf\u00e9le helyzetekben, p\u00e9ld\u00e1ul:<\/p>\n\n\n\n<h2 class=\"wp-block-heading\">Eml\u00e9kek megoszt\u00e1sa<\/h2>\n\n\n\n<p>A vide\u00f3k\u00e9sz\u00edt\u0151 alkalmaz\u00e1sok lehet\u0151v\u00e9 teszik a felhaszn\u00e1l\u00f3k sz\u00e1m\u00e1ra, hogy gal\u00e9ri\u00e1ikb\u00f3l sz\u00e1rmaz\u00f3 f\u00e9nyk\u00e9peket \u00e9s vide\u00f3kat kombin\u00e1ljanak, izgalmas \u00e9s lebilincsel\u0151 diavet\u00edt\u00e9seket k\u00e9sz\u00edtve.<\/p>\n\n\n\n<p>Ez k\u00fcl\u00f6n\u00f6sen fontos a k\u00fcl\u00f6nleges eml\u00e9kek, p\u00e9ld\u00e1ul sz\u00fclet\u00e9snapok, esk\u00fcv\u0151k, kir\u00e1ndul\u00e1sok \u00e9s m\u00e1s fontos alkalmak meg\u0151rz\u00e9se \u00e9s megoszt\u00e1sa szempontj\u00e1b\u00f3l.<\/p>\n\n\n\n<h2 class=\"wp-block-heading\">Digit\u00e1lis marketing<\/h2>\n\n\n\n<p>A m\u00e1rk\u00e1k \u00e9s a v\u00e1llalkoz\u00f3k sz\u00e1m\u00e1ra elengedhetetlen a lebilincsel\u0151 vide\u00f3k k\u00e9sz\u00edt\u00e9s\u00e9nek k\u00e9pess\u00e9ge a k\u00f6z\u00f6ns\u00e9g figyelm\u00e9nek felkelt\u00e9s\u00e9hez \u00e9s a term\u00e9kek vagy szolg\u00e1ltat\u00e1sok n\u00e9pszer\u0171s\u00edt\u00e9s\u00e9hez.<\/p>\n\n\n\n<p>A vide\u00f3k\u00e9sz\u00edt\u0151 alkalmaz\u00e1sok leegyszer\u0171s\u00edtik ezt a folyamatot, lehet\u0151v\u00e9 t\u00e9ve a v\u00e1llalkoz\u00e1sok sz\u00e1m\u00e1ra, hogy min\u0151s\u00e9gi vizu\u00e1lis tartalmat hozzanak l\u00e9tre an\u00e9lk\u00fcl, hogy speci\u00e1lis technikai ismeretekre lenne sz\u00fcks\u00e9g\u00fck.<\/p>\n\n\n\n<h2 class=\"wp-block-heading\">K\u00f6z\u00f6ss\u00e9gi m\u00e9dia aktivit\u00e1s<\/h2>\n\n\n\n<p>A k\u00f6z\u00f6ss\u00e9gi m\u00e9dia nagyra \u00e9rt\u00e9keli a vizu\u00e1lis \u00e9s lebilincsel\u0151 tartalmakat. A fot\u00f3kkal \u00e9s zen\u00e9vel ell\u00e1tott vide\u00f3k hat\u00e9kony m\u00f3dja annak, hogy a k\u00f6vet\u0151ket lek\u00f6ss\u00fck \u00e9s n\u00f6velj\u00fck a bejegyz\u00e9sek el\u00e9r\u00e9s\u00e9t.<\/p>\n\n\n\n<p>A vide\u00f3k\u00e9sz\u00edt\u0151 alkalmaz\u00e1sok megk\u00f6nny\u00edtik a kiv\u00e1l\u00f3 min\u0151s\u00e9g\u0171 tartalom el\u0151\u00e1ll\u00edt\u00e1s\u00e1t olyan platformokra, mint az Instagram, a TikTok \u00e9s a Facebook.<\/p>\n\n\n\n<p>Most pedig n\u00e9zz\u00fck meg a jelenleg el\u00e9rhet\u0151 h\u00e1rom legjobb alkalmaz\u00e1st vide\u00f3k k\u00e9sz\u00edt\u00e9s\u00e9re f\u00e9nyk\u00e9pekkel \u00e9s zen\u00e9vel.<\/p>\n\n\n\n<h2 class=\"wp-block-heading\">1. InShot<\/h2>\n\n\n\n<p>Az InShot egy sokoldal\u00fa \u00e9s k\u00f6nnyen haszn\u00e1lhat\u00f3 alkalmaz\u00e1s, amely a tartalomk\u00e9sz\u00edt\u0151k \u00e9s a vide\u00f3rajong\u00f3k kedvenc\u00e9v\u00e9 v\u00e1lt. Az InShot seg\u00edts\u00e9g\u00e9vel n\u00e9h\u00e1ny egyszer\u0171 l\u00e9p\u00e9sben lebilincsel\u0151 vide\u00f3kat k\u00e9sz\u00edthetsz. Az alkalmaz\u00e1s olyan funkci\u00f3kat k\u00edn\u00e1l, mint:<\/p>\n\n\n\n<ul>\n<li><strong>Vide\u00f3- \u00e9s fot\u00f3szerkeszt\u00e9s<\/strong>Az InShot seg\u00edts\u00e9g\u00e9vel f\u00e9nyk\u00e9peket \u00e9s vide\u00f3kat kombin\u00e1lhatsz, valamint effekteket, \u00e1tmeneteket, matric\u00e1kat \u00e9s sz\u00f6veget adhatsz hozz\u00e1juk.<\/li>\n\n\n\n<li><strong>Egyedi filmzene<\/strong>: Hozz\u00e1adhatsz zen\u00e9ket a k\u00f6nyvt\u00e1radb\u00f3l, vagy v\u00e1laszthatsz a m\u00e1r megl\u00e9v\u0151 dalok k\u00f6z\u00fcl az alkalmaz\u00e1sban.<\/li>\n\n\n\n<li><strong>Sebess\u00e9gszab\u00e1lyoz\u00f3k<\/strong>: A klipek sebess\u00e9g\u00e9nek m\u00f3dos\u00edt\u00e1s\u00e1val lass\u00edtott vagy gyors\u00edtott effekteket hozhat l\u00e9tre.<\/li>\n\n\n\n<li><strong>Export\u00e1l\u00e1s k\u00fcl\u00f6nb\u00f6z\u0151 form\u00e1tumokban<\/strong>Az InShot export\u00e1l\u00e1si lehet\u0151s\u00e9geket k\u00edn\u00e1l k\u00fcl\u00f6nf\u00e9le k\u00f6z\u00f6ss\u00e9gi h\u00e1l\u00f3zatokhoz, biztos\u00edtva a vide\u00f3 megfelel\u0151 m\u00e9ret\u00e9t \u00e9s min\u0151s\u00e9g\u00e9t.<\/li>\n<\/ul>\n\n\n\n<p>Az InShot egy hat\u00e9kony \u00e9s sokoldal\u00fa eszk\u00f6z vide\u00f3k k\u00e9sz\u00edt\u00e9s\u00e9hez f\u00e9nyk\u00e9pekkel \u00e9s zen\u00e9vel, \u00edgy kezd\u0151k \u00e9s profik sz\u00e1m\u00e1ra egyar\u00e1nt j\u00f3 v\u00e1laszt\u00e1s.<\/p>\n\n\n\n<h2 class=\"wp-block-heading\">2. Quik a GoPro-t\u00f3l<\/h2>\n\n\n\n<p>A Quik egy GoPro \u00e1ltal fejlesztett alkalmaz\u00e1s, amely akci\u00f3kamer\u00e1ir\u00f3l ismert. Ez az alkalmaz\u00e1s kiv\u00e1l\u00f3 v\u00e1laszt\u00e1s azok sz\u00e1m\u00e1ra, akik gyorsan \u00e9s egyszer\u0171en szeretn\u00e9nek vide\u00f3kat k\u00e9sz\u00edteni fot\u00f3kkal \u00e9s zen\u00e9vel. A Quik f\u0151bb jellemz\u0151i a k\u00f6vetkez\u0151k:<\/p>\n\n\n\n<ul>\n<li><strong>Automatiz\u00e1lt szerkeszt\u00e9s<\/strong>A Quik elemezni tudja a f\u00e9nyk\u00e9peit \u00e9s videoklipjeit, \u00e9s automatikusan l\u00e9trehoz egy szerkesztett vide\u00f3t a kiv\u00e1lasztott tartalom \u00e9s zene alapj\u00e1n.<\/li>\n\n\n\n<li><strong>Szem\u00e9lyre szab\u00e1s<\/strong>: M\u00f3dos\u00edthatod az automatikusan l\u00e9trehozott kiad\u00e1st, \u00e9s hozz\u00e1adhatod saj\u00e1t dalaidat, dalsz\u00f6vegeidet \u00e9s \u00e1tmeneteidet.<\/li>\n\n\n\n<li><strong>GoPro kompatibilit\u00e1s<\/strong>Ha GoPro kamer\u00e1d van, a Quik ide\u00e1lis v\u00e1laszt\u00e1s, mivel z\u00f6kken\u0151mentesen integr\u00e1l\u00f3dik a m\u00e1rka kamer\u00e1ival.<\/li>\n<\/ul>\n\n\n\n<p>A Quik egy k\u00e9nyelmes \u00e9s hat\u00e9kony lehet\u0151s\u00e9g azok sz\u00e1m\u00e1ra, akik lebilincsel\u0151 vide\u00f3kat szeretn\u00e9nek k\u00e9sz\u00edteni an\u00e9lk\u00fcl, hogy sok id\u0151t fektetn\u00e9nek a szerkeszt\u00e9si folyamatba.<\/p>\n\n\n\n<h2 class=\"wp-block-heading\">L\u00e1sd m\u00e9g<\/h2>\n\n\n\n<ul>\n<li><a href=\"https:\/\/universofamilia.com\/hu\/4338\/las-mejores-aplicaciones-para-ver-peliculas-y-series\/\">A legjobb alkalmaz\u00e1sok filmek \u00e9s sorozatok n\u00e9z\u00e9s\u00e9hez<\/a><\/li>\n\n\n\n<li><a href=\"https:\/\/universofamilia.com\/hu\/4298\/las-4-mejores-aplicaciones-para-ver-futbol-en-vivo-en-2023\/\">A 4 legjobb alkalmaz\u00e1s \u00e9l\u0151 focimeccsek n\u00e9z\u00e9s\u00e9re 2023-ban<\/a><\/li>\n<\/ul>\n\n\n\n<h2 class=\"wp-block-heading\">3. Adobe Premiere Rush<\/h2>\n\n\n\n<p>Azok sz\u00e1m\u00e1ra, akik fejlettebb szint\u0171 vez\u00e9rl\u00e9si \u00e9s szerkeszt\u00e9si funkci\u00f3kra v\u00e1gynak, az Adobe Premiere Rush kiv\u00e1l\u00f3 v\u00e1laszt\u00e1s. Ez az alkalmaz\u00e1s sz\u00e1mos funkci\u00f3t k\u00edn\u00e1l, t\u00f6bbek k\u00f6z\u00f6tt:<\/p>\n\n\n\n<ul>\n<li><strong>Professzion\u00e1lis kiad\u00e1s<\/strong>A Premiere Rush fejlett szerkeszt\u00e9si funkci\u00f3kat k\u00edn\u00e1l, mint p\u00e9ld\u00e1ul a pontos id\u0151vonal-vez\u00e9rl\u00e9s, a sz\u00ednkorrekci\u00f3 \u00e9s a hang.<\/li>\n\n\n\n<li><strong>Integr\u00e1ci\u00f3 az Adobe Creative Clouddal<\/strong>Ha m\u00e1r ismeri az Adobe m\u00e1s term\u00e9keit, p\u00e9ld\u00e1ul a Premiere Pr\u00f3t, a Creative Clouddal val\u00f3 integr\u00e1ci\u00f3 leegyszer\u0171s\u00edti a munkafolyamat\u00e1t.<\/li>\n\n\n\n<li><strong>Egyedi filmzene<\/strong>Egy\u00e9ni zen\u00e9t adhatsz hozz\u00e1, \u00e9s k\u00f6nnyed\u00e9n be\u00e1ll\u00edthatod a hang id\u0151z\u00edt\u00e9s\u00e9t.<\/li>\n\n\n\n<li><strong>Kiv\u00e1l\u00f3 min\u0151s\u00e9g\u0171 export<\/strong>A Premiere Rush lehet\u0151v\u00e9 teszi kiv\u00e1l\u00f3 min\u0151s\u00e9g\u0171 vide\u00f3k export\u00e1l\u00e1s\u00e1t, hogy a tartalom professzion\u00e1lis megjelen\u00e9s\u0171 legyen.<\/li>\n<\/ul>\n\n\n\n<p>Az Adobe Premiere Rush ide\u00e1lis v\u00e1laszt\u00e1s azoknak a tartalomk\u00e9sz\u00edt\u0151knek, akik magas szint\u0171 kontrollt szeretn\u00e9nek el\u00e9rni vide\u00f3projektjeik felett.<\/p>\n\n\n\n<h2 class=\"wp-block-heading\"><strong>Mentes\u00edt\u00e9s<\/strong>:<\/h2>\n\n\n\n<p>Let\u00f6lt\u00e9si link: InShot (<a href=\"https:\/\/play.google.com\/store\/apps\/details?id=com.camerasideas.instashot&amp;hl=pt_BR&amp;gl=US\">Android <\/a>\u00e9s <a href=\"https:\/\/apps.apple.com\/br\/app\/inshot-editor-de-v%C3%ADdeo-m%C3%BAsica\/id997362197\">iOS<\/a>)<\/p>\n\n\n\n<p>Let\u00f6lt\u00e9si link: FilmoraGo (<a href=\"https:\/\/play.google.com\/store\/apps\/details?id=com.wondershare.filmorago&amp;hl=pt&amp;gl=US\">Android<\/a> \u00e9s <a href=\"https:\/\/apps.apple.com\/br\/app\/filmora-editor-de-video\/id1019382747\">iOS<\/a>)<\/p>\n\n\n\n<p>Let\u00f6lt\u00e9si link: Magisto (<a href=\"https:\/\/play.google.com\/store\/apps\/details?id=com.magisto&amp;hl=en_US\">Android <\/a>\u00e9s <a href=\"https:\/\/apps.apple.com\/br\/app\/magisto-editor-de-v%C3%ADdeo\/id486781045\">iOS<\/a>)<\/p>\n\n\n<div class=\"wp-block-image\">\n<figure class=\"aligncenter size-full\"><img loading=\"lazy\" decoding=\"async\" width=\"550\" height=\"350\" src=\"http:\/\/universofamilia.com\/wp-content\/uploads\/sites\/148\/2023\/10\/P-550X350-UNIV-FAM-9.png\" alt=\"\" class=\"wp-image-4342\" srcset=\"https:\/\/universofamilia.com\/wp-content\/uploads\/sites\/148\/2023\/10\/P-550X350-UNIV-FAM-9.png 550w, https:\/\/universofamilia.com\/wp-content\/uploads\/sites\/148\/2023\/10\/P-550X350-UNIV-FAM-9-300x191.png 300w\" sizes=\"(max-width: 550px) 100vw, 550px\" \/><figcaption class=\"wp-element-caption\">A legjobb alkalmaz\u00e1sok vide\u00f3k k\u00e9sz\u00edt\u00e9s\u00e9hez f\u00e9nyk\u00e9pekkel \u00e9s zen\u00e9vel<\/figcaption><\/figure><\/div>\n\n\n<p>R\u00f6viden, a fot\u00f3- \u00e9s zenei vide\u00f3k\u00e9sz\u00edt\u0151 alkalmaz\u00e1sok kulcsszerepet j\u00e1tszanak a leny\u0171g\u00f6z\u0151 vizu\u00e1lis tartalmak l\u00e9trehoz\u00e1s\u00e1ban, legyen sz\u00f3 szem\u00e9lyes eml\u00e9kek megoszt\u00e1s\u00e1r\u00f3l, digit\u00e1lis marketingr\u0151l vagy k\u00f6z\u00f6ss\u00e9gi m\u00e9dia interakci\u00f3kr\u00f3l.<\/p>\n\n\n\n<p>Az olyan opci\u00f3kkal, mint az InShot, a Quik \u00e9s az Adobe Premiere Rush, a felhaszn\u00e1l\u00f3k sz\u00e1mos eszk\u00f6z k\u00f6z\u00fcl v\u00e1laszthatnak, hogy megfeleljenek ig\u00e9nyeiknek \u00e9s k\u00e9pzetts\u00e9gi szintj\u00fcknek.<\/p>\n\n\n\n<p>V\u00e1laszd ki az \u00edzl\u00e9sednek legink\u00e1bb megfelel\u0151 alkalmaz\u00e1st, \u00e9s kezdj el leny\u0171g\u00f6z\u0151 vide\u00f3kat k\u00e9sz\u00edteni m\u00e9g ma! A kreativit\u00e1s a kezedben van, \u00e9s ezek az alkalmaz\u00e1sok az eszk\u00f6zeid a felfedez\u00e9s\u00e9hez.<\/p>","protected":false},"excerpt":{"rendered":"<p>Las aplicaciones para crear videos con fotos y m\u00fasica se han vuelto populares en los \u00faltimos a\u00f1os, permitiendo a las personas expresar su creatividad de manera \u00fanica y atractiva. Con su facilidad de uso y la creciente demanda de contenido visual en las redes sociales, estas herramientas se han convertido en una parte esencial del [&hellip;]<\/p>","protected":false},"author":218,"featured_media":4342,"comment_status":"closed","ping_status":"open","sticky":false,"template":"","format":"standard","meta":{"footnotes":""},"categories":[2],"tags":[],"yoast_head":"<!-- This site is optimized with the Yoast SEO plugin v23.3 - https:\/\/yoast.com\/wordpress\/plugins\/seo\/ -->\n<title>Las Mejores Aplicaciones para Crear Videos con Fotos y M\u00fasica - Universo Fam\u00edlia<\/title>\n<meta name=\"description\" content=\"Las Mejores Aplicaciones para Crear Videos con Fotos y M\u00fasica\" \/>\n<meta name=\"robots\" content=\"index, follow, max-snippet:-1, max-image-preview:large, max-video-preview:-1\" \/>\n<link rel=\"canonical\" href=\"https:\/\/universofamilia.com\/hu\/las-mejores-aplicaciones-para-crear-videos-con-fotos-y-musica\/\" \/>\n<meta property=\"og:locale\" content=\"hu_HU\" \/>\n<meta property=\"og:type\" content=\"article\" \/>\n<meta property=\"og:title\" content=\"Las Mejores Aplicaciones para Crear Videos con Fotos y M\u00fasica - Universo Fam\u00edlia\" \/>\n<meta property=\"og:description\" content=\"Las Mejores Aplicaciones para Crear Videos con Fotos y M\u00fasica\" \/>\n<meta property=\"og:url\" content=\"https:\/\/universofamilia.com\/hu\/las-mejores-aplicaciones-para-crear-videos-con-fotos-y-musica\/\" \/>\n<meta property=\"og:site_name\" content=\"Universo Fam\u00edlia\" \/>\n<meta property=\"article:published_time\" content=\"2023-10-26T17:08:43+00:00\" \/>\n<meta property=\"article:modified_time\" content=\"2025-10-14T01:02:04+00:00\" \/>\n<meta property=\"og:image\" content=\"https:\/\/universofamilia.com\/wp-content\/uploads\/sites\/148\/2023\/10\/P-550X350-UNIV-FAM-9.png\" \/>\n\t<meta property=\"og:image:width\" content=\"550\" \/>\n\t<meta property=\"og:image:height\" content=\"350\" \/>\n\t<meta property=\"og:image:type\" content=\"image\/png\" \/>\n<meta name=\"author\" content=\"Jos\u00e9 Guilherme\" \/>\n<meta name=\"twitter:card\" content=\"summary_large_image\" \/>\n<meta name=\"twitter:label1\" content=\"Written by\" \/>\n\t<meta name=\"twitter:data1\" content=\"Jos\u00e9 Guilherme\" \/>\n\t<meta name=\"twitter:label2\" content=\"Est. reading time\" \/>\n\t<meta name=\"twitter:data2\" content=\"6 perc\" \/>\n<script type=\"application\/ld+json\" class=\"yoast-schema-graph\">{\"@context\":\"https:\/\/schema.org\",\"@graph\":[{\"@type\":\"WebPage\",\"@id\":\"https:\/\/universofamilia.com\/da\/las-mejores-aplicaciones-para-crear-videos-con-fotos-y-musica\/\",\"url\":\"https:\/\/universofamilia.com\/da\/las-mejores-aplicaciones-para-crear-videos-con-fotos-y-musica\/\",\"name\":\"Las Mejores Aplicaciones para Crear Videos con Fotos y M\u00fasica - Universo Fam\u00edlia\",\"isPartOf\":{\"@id\":\"http:\/\/universofamilia.com\/zh_hk\/#website\"},\"primaryImageOfPage\":{\"@id\":\"https:\/\/universofamilia.com\/da\/las-mejores-aplicaciones-para-crear-videos-con-fotos-y-musica\/#primaryimage\"},\"image\":{\"@id\":\"https:\/\/universofamilia.com\/da\/las-mejores-aplicaciones-para-crear-videos-con-fotos-y-musica\/#primaryimage\"},\"thumbnailUrl\":\"https:\/\/universofamilia.com\/wp-content\/uploads\/sites\/148\/2023\/10\/P-550X350-UNIV-FAM-9.png\",\"datePublished\":\"2023-10-26T17:08:43+00:00\",\"dateModified\":\"2025-10-14T01:02:04+00:00\",\"author\":{\"@id\":\"http:\/\/universofamilia.com\/zh_hk\/#\/schema\/person\/e25a79414e7b182a75ef38581f2644f0\"},\"description\":\"Las Mejores Aplicaciones para Crear Videos con Fotos y M\u00fasica\",\"breadcrumb\":{\"@id\":\"https:\/\/universofamilia.com\/da\/las-mejores-aplicaciones-para-crear-videos-con-fotos-y-musica\/#breadcrumb\"},\"inLanguage\":\"hu\",\"potentialAction\":[{\"@type\":\"ReadAction\",\"target\":[\"https:\/\/universofamilia.com\/da\/las-mejores-aplicaciones-para-crear-videos-con-fotos-y-musica\/\"]}]},{\"@type\":\"ImageObject\",\"inLanguage\":\"hu\",\"@id\":\"https:\/\/universofamilia.com\/da\/las-mejores-aplicaciones-para-crear-videos-con-fotos-y-musica\/#primaryimage\",\"url\":\"https:\/\/universofamilia.com\/wp-content\/uploads\/sites\/148\/2023\/10\/P-550X350-UNIV-FAM-9.png\",\"contentUrl\":\"https:\/\/universofamilia.com\/wp-content\/uploads\/sites\/148\/2023\/10\/P-550X350-UNIV-FAM-9.png\",\"width\":550,\"height\":350},{\"@type\":\"BreadcrumbList\",\"@id\":\"https:\/\/universofamilia.com\/da\/las-mejores-aplicaciones-para-crear-videos-con-fotos-y-musica\/#breadcrumb\",\"itemListElement\":[{\"@type\":\"ListItem\",\"position\":1,\"name\":\"Home\",\"item\":\"http:\/\/universofamilia.com\/zh_hk\/\"},{\"@type\":\"ListItem\",\"position\":2,\"name\":\"Las Mejores Aplicaciones para Crear Videos con Fotos y M\u00fasica\"}]},{\"@type\":\"WebSite\",\"@id\":\"http:\/\/universofamilia.com\/zh_hk\/#website\",\"url\":\"http:\/\/universofamilia.com\/zh_hk\/\",\"name\":\"Universo Fam\u00edlia\",\"description\":\"\",\"potentialAction\":[{\"@type\":\"SearchAction\",\"target\":{\"@type\":\"EntryPoint\",\"urlTemplate\":\"http:\/\/universofamilia.com\/zh_hk\/?s={search_term_string}\"},\"query-input\":\"required name=search_term_string\"}],\"inLanguage\":\"hu\"},{\"@type\":\"Person\",\"@id\":\"http:\/\/universofamilia.com\/zh_hk\/#\/schema\/person\/e25a79414e7b182a75ef38581f2644f0\",\"name\":\"Jos\u00e9 Guilherme\",\"image\":{\"@type\":\"ImageObject\",\"inLanguage\":\"hu\",\"@id\":\"http:\/\/universofamilia.com\/zh_hk\/#\/schema\/person\/image\/\",\"url\":\"https:\/\/secure.gravatar.com\/avatar\/032cf2a1d86541f7dbb0d90a17751441?s=96&d=mm&r=g\",\"contentUrl\":\"https:\/\/secure.gravatar.com\/avatar\/032cf2a1d86541f7dbb0d90a17751441?s=96&d=mm&r=g\",\"caption\":\"Jos\u00e9 Guilherme\"},\"url\":\"https:\/\/universofamilia.com\/hu\/author\/jguilherme\/\"}]}<\/script>\n<!-- \/ Yoast SEO plugin. -->","yoast_head_json":{"title":"Las Mejores Aplicaciones para Crear Videos con Fotos y M\u00fasica - Universo Fam\u00edlia","description":"Las Mejores Aplicaciones para Crear Videos con Fotos y M\u00fasica","robots":{"index":"index","follow":"follow","max-snippet":"max-snippet:-1","max-image-preview":"max-image-preview:large","max-video-preview":"max-video-preview:-1"},"canonical":"https:\/\/universofamilia.com\/hu\/las-mejores-aplicaciones-para-crear-videos-con-fotos-y-musica\/","og_locale":"hu_HU","og_type":"article","og_title":"Las Mejores Aplicaciones para Crear Videos con Fotos y M\u00fasica - Universo Fam\u00edlia","og_description":"Las Mejores Aplicaciones para Crear Videos con Fotos y M\u00fasica","og_url":"https:\/\/universofamilia.com\/hu\/las-mejores-aplicaciones-para-crear-videos-con-fotos-y-musica\/","og_site_name":"Universo Fam\u00edlia","article_published_time":"2023-10-26T17:08:43+00:00","article_modified_time":"2025-10-14T01:02:04+00:00","og_image":[{"width":550,"height":350,"url":"https:\/\/universofamilia.com\/wp-content\/uploads\/sites\/148\/2023\/10\/P-550X350-UNIV-FAM-9.png","type":"image\/png"}],"author":"Jos\u00e9 Guilherme","twitter_card":"summary_large_image","twitter_misc":{"Written by":"Jos\u00e9 Guilherme","Est. reading time":"6 perc"},"schema":{"@context":"https:\/\/schema.org","@graph":[{"@type":"WebPage","@id":"https:\/\/universofamilia.com\/da\/las-mejores-aplicaciones-para-crear-videos-con-fotos-y-musica\/","url":"https:\/\/universofamilia.com\/da\/las-mejores-aplicaciones-para-crear-videos-con-fotos-y-musica\/","name":"Las Mejores Aplicaciones para Crear Videos con Fotos y M\u00fasica - Universo Fam\u00edlia","isPartOf":{"@id":"http:\/\/universofamilia.com\/zh_hk\/#website"},"primaryImageOfPage":{"@id":"https:\/\/universofamilia.com\/da\/las-mejores-aplicaciones-para-crear-videos-con-fotos-y-musica\/#primaryimage"},"image":{"@id":"https:\/\/universofamilia.com\/da\/las-mejores-aplicaciones-para-crear-videos-con-fotos-y-musica\/#primaryimage"},"thumbnailUrl":"https:\/\/universofamilia.com\/wp-content\/uploads\/sites\/148\/2023\/10\/P-550X350-UNIV-FAM-9.png","datePublished":"2023-10-26T17:08:43+00:00","dateModified":"2025-10-14T01:02:04+00:00","author":{"@id":"http:\/\/universofamilia.com\/zh_hk\/#\/schema\/person\/e25a79414e7b182a75ef38581f2644f0"},"description":"Las Mejores Aplicaciones para Crear Videos con Fotos y M\u00fasica","breadcrumb":{"@id":"https:\/\/universofamilia.com\/da\/las-mejores-aplicaciones-para-crear-videos-con-fotos-y-musica\/#breadcrumb"},"inLanguage":"hu","potentialAction":[{"@type":"ReadAction","target":["https:\/\/universofamilia.com\/da\/las-mejores-aplicaciones-para-crear-videos-con-fotos-y-musica\/"]}]},{"@type":"ImageObject","inLanguage":"hu","@id":"https:\/\/universofamilia.com\/da\/las-mejores-aplicaciones-para-crear-videos-con-fotos-y-musica\/#primaryimage","url":"https:\/\/universofamilia.com\/wp-content\/uploads\/sites\/148\/2023\/10\/P-550X350-UNIV-FAM-9.png","contentUrl":"https:\/\/universofamilia.com\/wp-content\/uploads\/sites\/148\/2023\/10\/P-550X350-UNIV-FAM-9.png","width":550,"height":350},{"@type":"BreadcrumbList","@id":"https:\/\/universofamilia.com\/da\/las-mejores-aplicaciones-para-crear-videos-con-fotos-y-musica\/#breadcrumb","itemListElement":[{"@type":"ListItem","position":1,"name":"Home","item":"http:\/\/universofamilia.com\/zh_hk\/"},{"@type":"ListItem","position":2,"name":"Las Mejores Aplicaciones para Crear Videos con Fotos y M\u00fasica"}]},{"@type":"WebSite","@id":"http:\/\/universofamilia.com\/zh_hk\/#website","url":"http:\/\/universofamilia.com\/zh_hk\/","name":"Universo Fam\u00edlia","description":"","potentialAction":[{"@type":"SearchAction","target":{"@type":"EntryPoint","urlTemplate":"http:\/\/universofamilia.com\/zh_hk\/?s={search_term_string}"},"query-input":"required name=search_term_string"}],"inLanguage":"hu"},{"@type":"Person","@id":"http:\/\/universofamilia.com\/zh_hk\/#\/schema\/person\/e25a79414e7b182a75ef38581f2644f0","name":"Jos\u00e9 Guilherme","image":{"@type":"ImageObject","inLanguage":"hu","@id":"http:\/\/universofamilia.com\/zh_hk\/#\/schema\/person\/image\/","url":"https:\/\/secure.gravatar.com\/avatar\/032cf2a1d86541f7dbb0d90a17751441?s=96&d=mm&r=g","contentUrl":"https:\/\/secure.gravatar.com\/avatar\/032cf2a1d86541f7dbb0d90a17751441?s=96&d=mm&r=g","caption":"Jos\u00e9 Guilherme"},"url":"https:\/\/universofamilia.com\/hu\/author\/jguilherme\/"}]}},"_links":{"self":[{"href":"https:\/\/universofamilia.com\/hu\/wp-json\/wp\/v2\/posts\/4341"}],"collection":[{"href":"https:\/\/universofamilia.com\/hu\/wp-json\/wp\/v2\/posts"}],"about":[{"href":"https:\/\/universofamilia.com\/hu\/wp-json\/wp\/v2\/types\/post"}],"author":[{"embeddable":true,"href":"https:\/\/universofamilia.com\/hu\/wp-json\/wp\/v2\/users\/218"}],"replies":[{"embeddable":true,"href":"https:\/\/universofamilia.com\/hu\/wp-json\/wp\/v2\/comments?post=4341"}],"version-history":[{"count":1,"href":"https:\/\/universofamilia.com\/hu\/wp-json\/wp\/v2\/posts\/4341\/revisions"}],"predecessor-version":[{"id":10132,"href":"https:\/\/universofamilia.com\/hu\/wp-json\/wp\/v2\/posts\/4341\/revisions\/10132"}],"wp:featuredmedia":[{"embeddable":true,"href":"https:\/\/universofamilia.com\/hu\/wp-json\/wp\/v2\/media\/4342"}],"wp:attachment":[{"href":"https:\/\/universofamilia.com\/hu\/wp-json\/wp\/v2\/media?parent=4341"}],"wp:term":[{"taxonomy":"category","embeddable":true,"href":"https:\/\/universofamilia.com\/hu\/wp-json\/wp\/v2\/categories?post=4341"},{"taxonomy":"post_tag","embeddable":true,"href":"https:\/\/universofamilia.com\/hu\/wp-json\/wp\/v2\/tags?post=4341"}],"curies":[{"name":"wp","href":"https:\/\/api.w.org\/{rel}","templated":true}]}}