{"id":4365,"date":"2023-11-01T17:33:24","date_gmt":"2023-11-01T20:33:24","guid":{"rendered":"https:\/\/universofamilia.com\/?p=4365"},"modified":"2025-10-05T22:50:36","modified_gmt":"2025-10-06T01:50:36","slug":"aplicaciones-para-envejecer-con-sabiduria-digital","status":"publish","type":"post","link":"https:\/\/universofamilia.com\/hu\/aplicaciones-para-envejecer-con-sabiduria-digital\/","title":{"rendered":"Digit\u00e1lis b\u00f6lcsess\u00e9ggel rendelkez\u0151 alkalmaz\u00e1sok \u00f6reged\u00e9shez"},"content":{"rendered":"<p>Az \u00f6reged\u00e9s az \u00e9let term\u00e9szetes r\u00e9sze, de ez nem jelenti azt, hogy le kellene lass\u00edtanunk vagy le kellene mondanunk a technol\u00f3gi\u00e1r\u00f3l.<\/p>\n\n\n\n<p>\u00c9pp ellenkez\u0151leg, a technol\u00f3gia hat\u00e9kony sz\u00f6vets\u00e9ges lehet az akt\u00edv \u00e9s eg\u00e9szs\u00e9ges \u00f6reged\u00e9s el\u0151mozd\u00edt\u00e1s\u00e1ban.<\/p>\n\n\n\n<p>Ebben a cikkben h\u00e1rom olyan alkalmaz\u00e1st fogunk megvizsg\u00e1lni, amelyek c\u00e9lja, hogy seg\u00edtsenek az id\u0151seknek a technol\u00f3gia \u00e9s az id\u0151skor adta lehet\u0151s\u00e9geket a jobb \u00e9letmin\u0151s\u00e9g \u00e9rdek\u00e9ben kihaszn\u00e1lni.<\/p>\n\n\n\n<p>A sz\u00f3ban forg\u00f3 alkalmaz\u00e1sok az AgingBooth, a MyMajors \u00e9s a Wise Old Sayings.<\/p>\n\n\n\n<h2 class=\"wp-block-heading\">Az alkalmaz\u00e1sok fontoss\u00e1ga az \u00f6reged\u00e9sben<\/h2>\n\n\n\n<p>Ahogy \u00f6regsz\u00fcnk, \u00e9let\u00fcnkben kih\u00edv\u00e1sokkal \u00e9s v\u00e1ltoz\u00e1sokkal n\u00e9z\u00fcnk szembe.<\/p>\n\n\n\n<h2 class=\"wp-block-heading\">L\u00e1sd m\u00e9g<\/h2>\n\n\n\n<ul class=\"wp-block-list\">\n<li><a href=\"https:\/\/universofamilia.com\/hu\/4338\/las-mejores-aplicaciones-para-ver-peliculas-y-series\/\">A legjobb alkalmaz\u00e1sok filmek \u00e9s sorozatok n\u00e9z\u00e9s\u00e9hez<\/a><\/li>\n\n\n\n<li><a href=\"https:\/\/universofamilia.com\/hu\/4298\/las-4-mejores-aplicaciones-para-ver-futbol-en-vivo-en-2023\/\">A 4 legjobb alkalmaz\u00e1s \u00e9l\u0151 focimeccsek n\u00e9z\u00e9s\u00e9re 2023-ban<\/a><\/li>\n\n\n\n<li><a href=\"https:\/\/universofamilia.com\/hu\/4353\/aplicaciones-para-descubrir-con-que-celebridad-te-pareces\/\">Alkalmaz\u00e1sok, amelyekkel megtudhatod, melyik h\u00edress\u00e9gre hasonl\u00edtasz<\/a><\/li>\n<\/ul>\n\n\n\n<p>A technol\u00f3gia alapvet\u0151 szerepet j\u00e1tszhat az id\u0151sebb feln\u0151ttek \u00e9letmin\u0151s\u00e9g\u00e9nek jav\u00edt\u00e1s\u00e1ban az\u00e1ltal, hogy megk\u00f6nny\u00edti a mindennapi feladatokat, el\u0151seg\u00edti az \u00e9rzelmi j\u00f3l\u00e9tet, tanul\u00e1si lehet\u0151s\u00e9geket biztos\u00edt \u00e9s serkenti a t\u00e1rsas interakci\u00f3kat.<\/p>\n\n\n\n<h3 class=\"wp-block-heading\">1. \u00d6reged\u00e9si Kabin<\/h3>\n\n\n\n<p>Az AgingBooth egy k\u00e9pszerkeszt\u0151 alkalmaz\u00e1s, amely sz\u00f3rakoztat\u00f3, s\u0151t oktat\u00f3 jelleg\u0171 betekint\u00e9st ny\u00fajt az \u00f6reged\u00e9sbe. Lehet\u0151v\u00e9 teszi a felhaszn\u00e1l\u00f3k sz\u00e1m\u00e1ra, hogy l\u00e1ss\u00e1k, hogyan fognak kin\u00e9zni, ha meg\u00f6regszenek.<\/p>\n\n\n\n<p>B\u00e1r sz\u00f3rakoztat\u00e1sra sz\u00e1nt alkalmaz\u00e1s, \u00e9rdekes c\u00e9lja van az id\u0151sebb feln\u0151ttek sz\u00e1m\u00e1ra.<\/p>\n\n\n\n<p><strong>Az AgingBooth el\u0151nyei id\u0151sek sz\u00e1m\u00e1ra:<\/strong><\/p>\n\n\n\n<ul class=\"wp-block-list\">\n<li><strong>\u00d6reged\u00e9studatoss\u00e1g:<\/strong> Az AgingBooth seg\u00edthet az id\u0151seknek k\u00f6nnyedebben megk\u00f6zel\u00edteni az \u00f6reged\u00e9st, lehet\u0151v\u00e9 t\u00e9ve sz\u00e1mukra, hogy \u00e9lvezz\u00e9k az \u00f6reged\u00e9s gondolat\u00e1t.<\/li>\n\n\n\n<li><strong>Az \u00f6nbecs\u00fcl\u00e9s el\u0151mozd\u00edt\u00e1sa:<\/strong> Az \u00f6reged\u00e9si folyamat j\u00e1t\u00e9kos \u00e1br\u00e1zol\u00e1s\u00e1val az alkalmaz\u00e1s seg\u00edthet az id\u0151sebb feln\u0151tteknek nagyobb magabiztoss\u00e1ggal \u00e9s \u00f6nbecs\u00fcl\u00e9ssel elfogadni a megjelen\u00e9s\u00fckben bek\u00f6vetkezett v\u00e1ltoz\u00e1sokat.<\/li>\n\n\n\n<li><strong>Megoszt\u00e1s a csal\u00e1ddal:<\/strong> Az id\u0151sebb feln\u0151ttek az AgingBooth seg\u00edts\u00e9g\u00e9vel humoros k\u00e9peket k\u00e9sz\u00edthetnek magukr\u00f3l, \u00e9s megoszthatj\u00e1k azokat bar\u00e1taikkal \u00e9s csal\u00e1djukkal, er\u0151s\u00edtve a csal\u00e1di k\u00f6tel\u00e9keket.<\/li>\n<\/ul>\n\n\n\n<h3 class=\"wp-block-heading\">2. Saj\u00e1t szakok<\/h3>\n\n\n\n<p>A MyMajors egy olyan alkalmaz\u00e1s, amely seg\u00edt az id\u0151sebb feln\u0151tteknek a tanul\u00e1si \u00e9s tov\u00e1bbk\u00e9pz\u00e9si lehet\u0151s\u00e9gek azonos\u00edt\u00e1s\u00e1ban.<\/p>\n\n\n\n<p>R\u00e9szletes inform\u00e1ci\u00f3kat ny\u00fajt az egyetemi k\u00e9pz\u00e9sekr\u0151l \u00e9s k\u00e9pz\u00e9si programokr\u00f3l, valamint karrier- \u00e9s foglalkoztat\u00e1si tan\u00e1csad\u00e1st ny\u00fajt.<\/p>\n\n\n\n<p><strong>MyMajors El\u0151ny\u00f6k Id\u0151seknek:<\/strong><\/p>\n\n\n\n<ul class=\"wp-block-list\">\n<li><strong>Tanul\u00e1si lehet\u0151s\u00e9gek felt\u00e1r\u00e1sa:<\/strong> Az alkalmaz\u00e1s lehet\u0151v\u00e9 teszi az id\u0151sebb feln\u0151ttek sz\u00e1m\u00e1ra, hogy k\u00fcl\u00f6nf\u00e9le kurzusokat \u00e9s karriereket fedezzenek fel, seg\u00edtve \u0151ket \u00faj \u00e9rdekl\u0151d\u00e9si k\u00f6r\u00f6k \u00e9s szenved\u00e9lyek felfedez\u00e9s\u00e9ben.<\/li>\n\n\n\n<li><strong>Karriertervez\u00e9s:<\/strong> Az id\u0151sebb feln\u0151ttek a MyMajors seg\u00edts\u00e9g\u00e9vel karrierterveket k\u00e9sz\u00edthetnek a j\u00f6v\u0151re n\u00e9zve, tanulm\u00e1nyi \u00e9s szakmai c\u00e9lokat t\u0171zve ki.<\/li>\n\n\n\n<li><strong>Nagyobb gener\u00e1ci\u00f3k k\u00f6z\u00f6tti kapcsolat:<\/strong> Az alkalmaz\u00e1s arra \u00f6szt\u00f6n\u00f6zheti az id\u0151sebb feln\u0151tteket, hogy besz\u00e9lget\u00e9seket folytassanak az oktat\u00e1sr\u00f3l \u00e9s a karrierr\u0151l unok\u00e1ikkal \u00e9s fiatalabb rokonaikkal.<\/li>\n<\/ul>\n\n\n\n<h3 class=\"wp-block-heading\">3. B\u00f6lcs r\u00e9gi mond\u00e1sok<\/h3>\n\n\n\n<p>A Wise Old Saysings alkalmaz\u00e1s a b\u00f6lcsess\u00e9g gazdag forr\u00e1sa, amely k\u00f6zmond\u00e1sok, id\u00e9zetek \u00e9s inspir\u00e1l\u00f3 mond\u00e1sok gy\u0171jtem\u00e9ny\u00e9t k\u00edn\u00e1lja.<\/p>\n\n\n\n<p>Az id\u0151sebb feln\u0151ttek sz\u00e1m\u00e1ra ez a tud\u00e1s \u00e9s az inspir\u00e1ci\u00f3 kimer\u00edthetetlen forr\u00e1sa, amely gazdag\u00edthatja az \u00e9let\u00fcket.<\/p>\n\n\n\n<p><strong>A b\u00f6lcs r\u00e9gi mond\u00e1sok el\u0151nyei az id\u0151sek sz\u00e1m\u00e1ra:<\/strong><\/p>\n\n\n\n<ul class=\"wp-block-list\">\n<li><strong>Inspir\u00e1ci\u00f3 az elm\u00e9lked\u00e9shez:<\/strong> Az id\u00e9zetek \u00e9s k\u00f6zmond\u00e1sok arra \u00f6szt\u00f6n\u00f6zhetik az id\u0151sebb feln\u0151tteket, hogy elgondolkodjanak az \u00e9let\u00fck\u00f6n, \u00e9rt\u00e9keiken \u00e9s tapasztalataikon.<\/li>\n\n\n\n<li><strong>Ment\u00e1lis stimul\u00e1ci\u00f3:<\/strong> Ezen kifejez\u00e9sek olvas\u00e1sa \u00e9s \u00e1tgondol\u00e1sa seg\u00edt akt\u00edvan \u00e9s stimul\u00e1ltan tartani az elm\u00e9t, el\u0151seg\u00edtve a kognit\u00edv eg\u00e9szs\u00e9get.<\/li>\n\n\n\n<li><strong>B\u00f6lcsess\u00e9g megoszt\u00e1sa:<\/strong> Az id\u0151sebb feln\u0151ttek megoszthatj\u00e1k ezeket az \u00fczeneteket csal\u00e1djukkal \u00e9s bar\u00e1taikkal, \u00e1tadva az \u00e9vek sor\u00e1n felhalmozott b\u00f6lcsess\u00e9get.<\/li>\n<\/ul>\n\n\n<div class=\"wp-block-image\">\n<figure class=\"aligncenter size-full\"><img loading=\"lazy\" decoding=\"async\" width=\"550\" height=\"350\" src=\"http:\/\/universofamilia.com\/wp-content\/uploads\/sites\/148\/2023\/11\/P-550X350-UNIV-FAM-1.png\" alt=\"\" class=\"wp-image-4367\" srcset=\"https:\/\/universofamilia.com\/wp-content\/uploads\/sites\/148\/2023\/11\/P-550X350-UNIV-FAM-1.png 550w, https:\/\/universofamilia.com\/wp-content\/uploads\/sites\/148\/2023\/11\/P-550X350-UNIV-FAM-1-300x191.png 300w\" sizes=\"(max-width: 550px) 100vw, 550px\" \/><figcaption class=\"wp-element-caption\">Digit\u00e1lis b\u00f6lcsess\u00e9ggel rendelkez\u0151 alkalmaz\u00e1sok \u00f6reged\u00e9shez<\/figcaption><\/figure><\/div>\n\n\n<h2 class=\"wp-block-heading\">K\u00f6vetkeztet\u00e9s<\/h2>\n\n\n\n<p>Az akt\u00edv \u00f6reged\u00e9st seg\u00edt\u0151 alkalmaz\u00e1sok \u00e9rt\u00e9kes eszk\u00f6z\u00f6k, amelyek jav\u00edthatj\u00e1k az id\u0151sebb feln\u0151ttek \u00e9letmin\u0151s\u00e9g\u00e9t.<\/p>\n\n\n\n<p>Az AgingBooth sz\u00f3rakoztat\u00f3 m\u00f3don k\u00f6zel\u00edti meg az \u00f6reged\u00e9st, el\u0151seg\u00edtve a v\u00e1ltoz\u00e1shoz val\u00f3 pozit\u00edv hozz\u00e1\u00e1ll\u00e1st. A MyMajors az id\u0151sebb feln\u0151tteket seg\u00edti a tanul\u00e1si lehet\u0151s\u00e9gek keres\u00e9s\u00e9ben \u00e9s a karriertervez\u00e9sben.<\/p>\n\n\n\n<p>A b\u00f6lcs r\u00e9gi mond\u00e1sok b\u00f6lcsess\u00e9get \u00e9s inspir\u00e1ci\u00f3t adnak, gazdag\u00edtj\u00e1k az \u00e9letet \u00e9s serkentik az elm\u00e9t.<\/p>\n\n\n\n<p>Ahogy a technol\u00f3gia folyamatosan fejl\u0151dik, egyre t\u00f6bb alkalmaz\u00e1s \u00e9s er\u0151forr\u00e1s fog megjelenni az id\u0151sebb feln\u0151tt lakoss\u00e1g ig\u00e9nyeinek \u00e9s v\u00e1gyainak kiel\u00e9g\u00edt\u00e9s\u00e9re.<\/p>\n\n\n\n<p>Az id\u0151sebb feln\u0151ttek \u00f6szt\u00f6nz\u00e9se ezen eszk\u00f6z\u00f6k felfedez\u00e9s\u00e9re \u00e9s haszn\u00e1lat\u00e1ra hat\u00e9kony m\u00f3dja annak, hogy felk\u00e9sz\u00edts\u00fck \u0151ket a digit\u00e1lis \u00f6reged\u00e9sre, teljes m\u00e9rt\u00e9kben kihaszn\u00e1lva a technol\u00f3gia \u00e1ltal k\u00edn\u00e1lt el\u0151ny\u00f6ket.<\/p>\n\n\n\n<p>V\u00e9gt\u00e9re is, a kor csak egy sz\u00e1m, \u00e9s a technol\u00f3gia seg\u00edthet abban, hogy az \u00e9letnek ez a szakasza ugyanolyan kifizet\u0151d\u0151 legyen, mint az \u00f6sszes t\u00f6bbi.<\/p>\n\n\n\n<h2 class=\"wp-block-heading\"><strong>Mentes\u00edt\u00e9s<\/strong>:<\/h2>\n\n\n\n<div class=\"wp-block-group is-layout-constrained wp-block-group-is-layout-constrained\"><div class=\"wp-block-group__inner-container\">\n<ul class=\"wp-block-list\">\n<li>\u00d6reged\u00e9si f\u00fclke (<a href=\"https:\/\/apps.apple.com\/br\/app\/agingbooth\/id357467791\">iOS<\/a>)<\/li>\n\n\n\n<li>Szakjaim (<a href=\"https:\/\/www.mymajors.com\/emails\/mobile\/030811.html\">Android <\/a>\u00e9s <a href=\"https:\/\/www.mymajors.com\/emails\/mobile\/030811.html\">iOS<\/a>)<\/li>\n\n\n\n<li>B\u00f6lcs r\u00e9gi mond\u00e1sok (<a href=\"https:\/\/play.google.com\/store\/apps\/details?id=com.gvapps.wisdomquotes&amp;hl=en_US\">Android <\/a>\u00e9s <a href=\"https:\/\/apps.apple.com\/us\/app\/daily-words-of-wisdom\/id600135188\">iOS<\/a>)<\/li>\n<\/ul>\n<\/div><\/div>","protected":false},"excerpt":{"rendered":"<p>Az \u00f6reged\u00e9s az \u00e9let term\u00e9szetes szakasza, de ez nem jelenti azt, hogy le kellene lass\u00edtanunk vagy le kellene mondanunk a technol\u00f3gi\u00e1r\u00f3l. \u00c9pp ellenkez\u0151leg, a technol\u00f3gia hat\u00e9kony sz\u00f6vets\u00e9ges lehet az akt\u00edv \u00e9s eg\u00e9szs\u00e9ges \u00f6reged\u00e9s el\u0151mozd\u00edt\u00e1s\u00e1ban. Ebben a cikkben h\u00e1rom olyan alkalmaz\u00e1st vizsg\u00e1lunk meg, amelyek c\u00e9lja, hogy seg\u00edtsenek az id\u0151sebb feln\u0151tteknek a legt\u00f6bbet kihozni [\u2026]<\/p>","protected":false},"author":219,"featured_media":4367,"comment_status":"closed","ping_status":"open","sticky":false,"template":"","format":"standard","meta":{"footnotes":""},"categories":[2],"tags":[100,278,828],"yoast_head":"<!-- This site is optimized with the Yoast SEO plugin v23.3 - https:\/\/yoast.com\/wordpress\/plugins\/seo\/ -->\n<title>Aplicaciones para Envejecer con Sabidur\u00eda Digital - Universo Fam\u00edlia<\/title>\n<meta name=\"description\" content=\"Aplicaciones para Envejecer con Sabidur\u00eda Digital. El envejecimiento es una fase natural de la vida, pero esto no significa que debamos...\" \/>\n<meta name=\"robots\" content=\"index, follow, max-snippet:-1, max-image-preview:large, max-video-preview:-1\" \/>\n<link rel=\"canonical\" href=\"http:\/\/universofamilia.com\/hu\/aplicaciones-para-envejecer-con-sabiduria-digital\/\" \/>\n<meta property=\"og:locale\" content=\"hu_HU\" \/>\n<meta property=\"og:type\" content=\"article\" \/>\n<meta property=\"og:title\" content=\"Aplicaciones para Envejecer con Sabidur\u00eda Digital - Universo Fam\u00edlia\" \/>\n<meta property=\"og:description\" content=\"Aplicaciones para Envejecer con Sabidur\u00eda Digital. El envejecimiento es una fase natural de la vida, pero esto no significa que debamos...\" \/>\n<meta property=\"og:url\" content=\"http:\/\/universofamilia.com\/hu\/aplicaciones-para-envejecer-con-sabiduria-digital\/\" \/>\n<meta property=\"og:site_name\" content=\"Universo Fam\u00edlia\" \/>\n<meta property=\"article:published_time\" content=\"2023-11-01T20:33:24+00:00\" \/>\n<meta property=\"article:modified_time\" content=\"2025-10-06T01:50:36+00:00\" \/>\n<meta property=\"og:image\" content=\"http:\/\/universofamilia.com\/wp-content\/uploads\/sites\/148\/2023\/11\/P-550X350-UNIV-FAM-1.png\" \/>\n\t<meta property=\"og:image:width\" content=\"550\" \/>\n\t<meta property=\"og:image:height\" content=\"350\" \/>\n\t<meta property=\"og:image:type\" content=\"image\/png\" \/>\n<meta name=\"author\" content=\"Matheus Sangaletti\" \/>\n<meta name=\"twitter:card\" content=\"summary_large_image\" \/>\n<meta name=\"twitter:label1\" content=\"Written by\" \/>\n\t<meta name=\"twitter:data1\" content=\"Matheus Sangaletti\" \/>\n\t<meta name=\"twitter:label2\" content=\"Est. reading time\" \/>\n\t<meta name=\"twitter:data2\" content=\"5 perc\" \/>\n<script type=\"application\/ld+json\" class=\"yoast-schema-graph\">{\"@context\":\"https:\/\/schema.org\",\"@graph\":[{\"@type\":\"WebPage\",\"@id\":\"http:\/\/universofamilia.com\/pt\/aplicaciones-para-envejecer-con-sabiduria-digital\/\",\"url\":\"http:\/\/universofamilia.com\/pt\/aplicaciones-para-envejecer-con-sabiduria-digital\/\",\"name\":\"Aplicaciones para Envejecer con Sabidur\u00eda Digital - Universo Fam\u00edlia\",\"isPartOf\":{\"@id\":\"http:\/\/universofamilia.com\/zh_hk\/#website\"},\"primaryImageOfPage\":{\"@id\":\"http:\/\/universofamilia.com\/pt\/aplicaciones-para-envejecer-con-sabiduria-digital\/#primaryimage\"},\"image\":{\"@id\":\"http:\/\/universofamilia.com\/pt\/aplicaciones-para-envejecer-con-sabiduria-digital\/#primaryimage\"},\"thumbnailUrl\":\"https:\/\/universofamilia.com\/wp-content\/uploads\/sites\/148\/2023\/11\/P-550X350-UNIV-FAM-1.png\",\"datePublished\":\"2023-11-01T20:33:24+00:00\",\"dateModified\":\"2025-10-06T01:50:36+00:00\",\"author\":{\"@id\":\"http:\/\/universofamilia.com\/zh_hk\/#\/schema\/person\/92fcd07e9b1f4323bf74f3170fc0f78a\"},\"description\":\"Aplicaciones para Envejecer con Sabidur\u00eda Digital. El envejecimiento es una fase natural de la vida, pero esto no significa que debamos...\",\"breadcrumb\":{\"@id\":\"http:\/\/universofamilia.com\/pt\/aplicaciones-para-envejecer-con-sabiduria-digital\/#breadcrumb\"},\"inLanguage\":\"hu\",\"potentialAction\":[{\"@type\":\"ReadAction\",\"target\":[\"http:\/\/universofamilia.com\/pt\/aplicaciones-para-envejecer-con-sabiduria-digital\/\"]}]},{\"@type\":\"ImageObject\",\"inLanguage\":\"hu\",\"@id\":\"http:\/\/universofamilia.com\/pt\/aplicaciones-para-envejecer-con-sabiduria-digital\/#primaryimage\",\"url\":\"https:\/\/universofamilia.com\/wp-content\/uploads\/sites\/148\/2023\/11\/P-550X350-UNIV-FAM-1.png\",\"contentUrl\":\"https:\/\/universofamilia.com\/wp-content\/uploads\/sites\/148\/2023\/11\/P-550X350-UNIV-FAM-1.png\",\"width\":550,\"height\":350,\"caption\":\"Aplicaciones para Envejecer con Sabidur\u00eda Digital\"},{\"@type\":\"BreadcrumbList\",\"@id\":\"http:\/\/universofamilia.com\/pt\/aplicaciones-para-envejecer-con-sabiduria-digital\/#breadcrumb\",\"itemListElement\":[{\"@type\":\"ListItem\",\"position\":1,\"name\":\"Home\",\"item\":\"http:\/\/universofamilia.com\/zh_hk\/\"},{\"@type\":\"ListItem\",\"position\":2,\"name\":\"Aplicaciones para Envejecer con Sabidur\u00eda Digital\"}]},{\"@type\":\"WebSite\",\"@id\":\"http:\/\/universofamilia.com\/zh_hk\/#website\",\"url\":\"http:\/\/universofamilia.com\/zh_hk\/\",\"name\":\"Universo Fam\u00edlia\",\"description\":\"\",\"potentialAction\":[{\"@type\":\"SearchAction\",\"target\":{\"@type\":\"EntryPoint\",\"urlTemplate\":\"http:\/\/universofamilia.com\/zh_hk\/?s={search_term_string}\"},\"query-input\":\"required name=search_term_string\"}],\"inLanguage\":\"hu\"},{\"@type\":\"Person\",\"@id\":\"http:\/\/universofamilia.com\/zh_hk\/#\/schema\/person\/92fcd07e9b1f4323bf74f3170fc0f78a\",\"name\":\"Matheus Sangaletti\",\"image\":{\"@type\":\"ImageObject\",\"inLanguage\":\"hu\",\"@id\":\"http:\/\/universofamilia.com\/zh_hk\/#\/schema\/person\/image\/\",\"url\":\"https:\/\/secure.gravatar.com\/avatar\/280ea957a14a48e6a1ad2133d2cc27c9?s=96&d=mm&r=g\",\"contentUrl\":\"https:\/\/secure.gravatar.com\/avatar\/280ea957a14a48e6a1ad2133d2cc27c9?s=96&d=mm&r=g\",\"caption\":\"Matheus Sangaletti\"},\"url\":\"https:\/\/universofamilia.com\/hu\/author\/matheuss\/\"}]}<\/script>\n<!-- \/ Yoast SEO plugin. -->","yoast_head_json":{"title":"Aplicaciones para Envejecer con Sabidur\u00eda Digital - Universo Fam\u00edlia","description":"Aplicaciones para Envejecer con Sabidur\u00eda Digital. El envejecimiento es una fase natural de la vida, pero esto no significa que debamos...","robots":{"index":"index","follow":"follow","max-snippet":"max-snippet:-1","max-image-preview":"max-image-preview:large","max-video-preview":"max-video-preview:-1"},"canonical":"http:\/\/universofamilia.com\/hu\/aplicaciones-para-envejecer-con-sabiduria-digital\/","og_locale":"hu_HU","og_type":"article","og_title":"Aplicaciones para Envejecer con Sabidur\u00eda Digital - Universo Fam\u00edlia","og_description":"Aplicaciones para Envejecer con Sabidur\u00eda Digital. El envejecimiento es una fase natural de la vida, pero esto no significa que debamos...","og_url":"http:\/\/universofamilia.com\/hu\/aplicaciones-para-envejecer-con-sabiduria-digital\/","og_site_name":"Universo Fam\u00edlia","article_published_time":"2023-11-01T20:33:24+00:00","article_modified_time":"2025-10-06T01:50:36+00:00","og_image":[{"width":550,"height":350,"url":"http:\/\/universofamilia.com\/wp-content\/uploads\/sites\/148\/2023\/11\/P-550X350-UNIV-FAM-1.png","type":"image\/png"}],"author":"Matheus Sangaletti","twitter_card":"summary_large_image","twitter_misc":{"Written by":"Matheus Sangaletti","Est. reading time":"5 perc"},"schema":{"@context":"https:\/\/schema.org","@graph":[{"@type":"WebPage","@id":"http:\/\/universofamilia.com\/pt\/aplicaciones-para-envejecer-con-sabiduria-digital\/","url":"http:\/\/universofamilia.com\/pt\/aplicaciones-para-envejecer-con-sabiduria-digital\/","name":"Aplicaciones para Envejecer con Sabidur\u00eda Digital - Universo Fam\u00edlia","isPartOf":{"@id":"http:\/\/universofamilia.com\/zh_hk\/#website"},"primaryImageOfPage":{"@id":"http:\/\/universofamilia.com\/pt\/aplicaciones-para-envejecer-con-sabiduria-digital\/#primaryimage"},"image":{"@id":"http:\/\/universofamilia.com\/pt\/aplicaciones-para-envejecer-con-sabiduria-digital\/#primaryimage"},"thumbnailUrl":"https:\/\/universofamilia.com\/wp-content\/uploads\/sites\/148\/2023\/11\/P-550X350-UNIV-FAM-1.png","datePublished":"2023-11-01T20:33:24+00:00","dateModified":"2025-10-06T01:50:36+00:00","author":{"@id":"http:\/\/universofamilia.com\/zh_hk\/#\/schema\/person\/92fcd07e9b1f4323bf74f3170fc0f78a"},"description":"Aplicaciones para Envejecer con Sabidur\u00eda Digital. El envejecimiento es una fase natural de la vida, pero esto no significa que debamos...","breadcrumb":{"@id":"http:\/\/universofamilia.com\/pt\/aplicaciones-para-envejecer-con-sabiduria-digital\/#breadcrumb"},"inLanguage":"hu","potentialAction":[{"@type":"ReadAction","target":["http:\/\/universofamilia.com\/pt\/aplicaciones-para-envejecer-con-sabiduria-digital\/"]}]},{"@type":"ImageObject","inLanguage":"hu","@id":"http:\/\/universofamilia.com\/pt\/aplicaciones-para-envejecer-con-sabiduria-digital\/#primaryimage","url":"https:\/\/universofamilia.com\/wp-content\/uploads\/sites\/148\/2023\/11\/P-550X350-UNIV-FAM-1.png","contentUrl":"https:\/\/universofamilia.com\/wp-content\/uploads\/sites\/148\/2023\/11\/P-550X350-UNIV-FAM-1.png","width":550,"height":350,"caption":"Aplicaciones para Envejecer con Sabidur\u00eda Digital"},{"@type":"BreadcrumbList","@id":"http:\/\/universofamilia.com\/pt\/aplicaciones-para-envejecer-con-sabiduria-digital\/#breadcrumb","itemListElement":[{"@type":"ListItem","position":1,"name":"Home","item":"http:\/\/universofamilia.com\/zh_hk\/"},{"@type":"ListItem","position":2,"name":"Aplicaciones para Envejecer con Sabidur\u00eda Digital"}]},{"@type":"WebSite","@id":"http:\/\/universofamilia.com\/zh_hk\/#website","url":"http:\/\/universofamilia.com\/zh_hk\/","name":"Universo Fam\u00edlia","description":"","potentialAction":[{"@type":"SearchAction","target":{"@type":"EntryPoint","urlTemplate":"http:\/\/universofamilia.com\/zh_hk\/?s={search_term_string}"},"query-input":"required name=search_term_string"}],"inLanguage":"hu"},{"@type":"Person","@id":"http:\/\/universofamilia.com\/zh_hk\/#\/schema\/person\/92fcd07e9b1f4323bf74f3170fc0f78a","name":"Matheus Sangaletti","image":{"@type":"ImageObject","inLanguage":"hu","@id":"http:\/\/universofamilia.com\/zh_hk\/#\/schema\/person\/image\/","url":"https:\/\/secure.gravatar.com\/avatar\/280ea957a14a48e6a1ad2133d2cc27c9?s=96&d=mm&r=g","contentUrl":"https:\/\/secure.gravatar.com\/avatar\/280ea957a14a48e6a1ad2133d2cc27c9?s=96&d=mm&r=g","caption":"Matheus Sangaletti"},"url":"https:\/\/universofamilia.com\/hu\/author\/matheuss\/"}]}},"_links":{"self":[{"href":"https:\/\/universofamilia.com\/hu\/wp-json\/wp\/v2\/posts\/4365"}],"collection":[{"href":"https:\/\/universofamilia.com\/hu\/wp-json\/wp\/v2\/posts"}],"about":[{"href":"https:\/\/universofamilia.com\/hu\/wp-json\/wp\/v2\/types\/post"}],"author":[{"embeddable":true,"href":"https:\/\/universofamilia.com\/hu\/wp-json\/wp\/v2\/users\/219"}],"replies":[{"embeddable":true,"href":"https:\/\/universofamilia.com\/hu\/wp-json\/wp\/v2\/comments?post=4365"}],"version-history":[{"count":1,"href":"https:\/\/universofamilia.com\/hu\/wp-json\/wp\/v2\/posts\/4365\/revisions"}],"predecessor-version":[{"id":9881,"href":"https:\/\/universofamilia.com\/hu\/wp-json\/wp\/v2\/posts\/4365\/revisions\/9881"}],"wp:featuredmedia":[{"embeddable":true,"href":"https:\/\/universofamilia.com\/hu\/wp-json\/wp\/v2\/media\/4367"}],"wp:attachment":[{"href":"https:\/\/universofamilia.com\/hu\/wp-json\/wp\/v2\/media?parent=4365"}],"wp:term":[{"taxonomy":"category","embeddable":true,"href":"https:\/\/universofamilia.com\/hu\/wp-json\/wp\/v2\/categories?post=4365"},{"taxonomy":"post_tag","embeddable":true,"href":"https:\/\/universofamilia.com\/hu\/wp-json\/wp\/v2\/tags?post=4365"}],"curies":[{"name":"wp","href":"https:\/\/api.w.org\/{rel}","templated":true}]}}