{"id":4375,"date":"2023-11-03T15:07:38","date_gmt":"2023-11-03T18:07:38","guid":{"rendered":"https:\/\/universofamilia.com\/?p=4375"},"modified":"2026-04-15T11:32:04","modified_gmt":"2026-04-15T14:32:04","slug":"aplicaciones-para-cambiar-tu-cabello","status":"publish","type":"post","link":"https:\/\/universofamilia.com\/hu\/aplicaciones-para-cambiar-tu-cabello\/","title":{"rendered":"Alkalmaz\u00e1sok a frizura megv\u00e1ltoztat\u00e1s\u00e1hoz"},"content":{"rendered":"<p>A mobiltechnol\u00f3gia sz\u00e1mos \u00faj\u00edt\u00e1st hozott a sz\u00e9ps\u00e9g\u00e1pol\u00e1s vil\u00e1g\u00e1ba, lehet\u0151v\u00e9 t\u00e9ve az emberek sz\u00e1m\u00e1ra, hogy k\u00e9nyelmes \u00e9s kreat\u00edv m\u00f3don k\u00eds\u00e9rletezzenek \u00e9s jav\u00edts\u00e1k megjelen\u00e9s\u00fcket.<\/p>\n\n\n\n<p>A sz\u00e1mos trend k\u00f6z\u00fcl a hajform\u00e1z\u00f3 alkalmaz\u00e1sok emelkednek ki, mint hihetetlen eszk\u00f6z\u00f6k a k\u00fcl\u00f6nb\u00f6z\u0151 frizur\u00e1k, sz\u00ednek \u00e9s hajv\u00e1g\u00e1sok kipr\u00f3b\u00e1l\u00e1s\u00e1ra, miel\u0151tt v\u00e9gleges d\u00f6nt\u00e9st hozn\u00e1nk.<\/p>\n\n\n\n<p>Ebben a cikkben megvizsg\u00e1ljuk ezen alkalmaz\u00e1sok fontoss\u00e1g\u00e1t, \u00e9s r\u00e9szletesen bemutatunk h\u00e1rmat k\u00f6z\u00fcl\u00fck.<\/p>\n\n\n\n<h2 class=\"wp-block-heading\">Az alkalmaz\u00e1sok fontoss\u00e1ga a haj megv\u00e1ltoztat\u00e1s\u00e1ban<\/h2>\n\n\n\n<p>A frizuraalkalmaz\u00e1sok kulcsszerepet j\u00e1tszanak a szem\u00e9lyes megjelen\u00e9s \u00e1talak\u00edt\u00e1s\u00e1ban.<\/p>\n\n\n\n<h2 class=\"wp-block-heading\">L\u00e1sd m\u00e9g<\/h2>\n\n\n\n<ul>\n<li><a href=\"https:\/\/universofamilia.com\/hu\/4338\/las-mejores-aplicaciones-para-ver-peliculas-y-series\/\">A legjobb alkalmaz\u00e1sok filmek \u00e9s sorozatok n\u00e9z\u00e9s\u00e9hez<\/a><\/li>\n\n\n\n<li><a href=\"https:\/\/universofamilia.com\/hu\/4298\/las-4-mejores-aplicaciones-para-ver-futbol-en-vivo-en-2023\/\">A 4 legjobb alkalmaz\u00e1s \u00e9l\u0151 focimeccsek n\u00e9z\u00e9s\u00e9re 2023-ban<\/a><\/li>\n\n\n\n<li><a href=\"https:\/\/universofamilia.com\/hu\/4353\/aplicaciones-para-descubrir-con-que-celebridad-te-pareces\/\">Alkalmaz\u00e1sok, amelyekkel megtudhatod, melyik h\u00edress\u00e9gre hasonl\u00edtasz<\/a><\/li>\n\n\n\n<li><a href=\"https:\/\/universofamilia.com\/hu\/4369\/las-aplicaciones-de-musica-en-el-estado-de-whatsapp\/\">Zenei alkalmaz\u00e1sok a WhatsApp \u00e1llapot\u00e1ban<\/a><\/li>\n<\/ul>\n\n\n\n<p>Lehet\u0151v\u00e9 teszik a felhaszn\u00e1l\u00f3k sz\u00e1m\u00e1ra, hogy elk\u00e9pzelj\u00e9k, hogyan n\u00e9zne ki rajtuk egy \u00faj frizura vagy hajsz\u00edn, miel\u0151tt t\u00e9nylegesen v\u00e1ltoztatn\u00e1nak rajta.<\/p>\n\n\n\n<p>Ez cs\u00f6kkenti a megb\u00e1n\u00e1s kock\u00e1zat\u00e1t, \u00e9s seg\u00edt az embereknek abban, hogy magabiztosabbak legyenek sz\u00e9ps\u00e9g\u00e1pol\u00e1si d\u00f6nt\u00e9seikben. R\u00e1ad\u00e1sul ezek az eszk\u00f6z\u00f6k sz\u00f3rakoztat\u00f3 \u00e9s kreat\u00edv \u00e9lm\u00e9nyt ny\u00fajtanak, izgalmasabb\u00e1 t\u00e9ve a megjelen\u00e9s megv\u00e1ltoztat\u00e1s\u00e1nak folyamat\u00e1t.<\/p>\n\n\n\n<p>A frizurav\u00e1lt\u00f3 alkalmaz\u00e1sok hasznosak a sz\u00e9ps\u00e9giparban dolgoz\u00f3 szakemberek, p\u00e9ld\u00e1ul a fodr\u00e1szok \u00e9s stylistok sz\u00e1m\u00e1ra is, akik frizuraopci\u00f3kat szeretn\u00e9nek bemutatni az \u00fcgyfeleiknek.<\/p>\n\n\n\n<p>Ez seg\u00edti a kommunik\u00e1ci\u00f3 jav\u00edt\u00e1s\u00e1t az \u00fcgyf\u00e9l \u00e9s a szakember k\u00f6z\u00f6tt, \u00e9s biztos\u00edtja, hogy mindketten egyet\u00e9rtsenek a k\u00edv\u00e1nt eredm\u00e9nyt illet\u0151en.<\/p>\n\n\n\n<h2 class=\"wp-block-heading\">1. Frizura \u00e1talak\u00edt\u00e1sa<\/h2>\n\n\n\n<p>A Frizura\u00e1talak\u00edt\u00e1s egy nagyon n\u00e9pszer\u0171 alkalmaz\u00e1s, amellyel k\u00fcl\u00f6nb\u00f6z\u0151 frizur\u00e1k \u00e9s hajsz\u00ednek kipr\u00f3b\u00e1lhat\u00f3k.<\/p>\n\n\n\n<p>Sz\u00e9lesk\u00f6r\u0171 opci\u00f3kat \u00e9s funkci\u00f3kat k\u00edn\u00e1l, hogy a felhaszn\u00e1l\u00f3k a saj\u00e1t preferenci\u00e1iknak megfelel\u0151en testre szabhass\u00e1k a megjelen\u00e9s\u00e9t. \u00cdme n\u00e9h\u00e1ny kiemelt elem:<\/p>\n\n\n\n<ul>\n<li><strong>Frizur\u00e1k katal\u00f3gus<\/strong>Az alkalmaz\u00e1s sz\u00e9les v\u00e1laszt\u00e9kot k\u00edn\u00e1l k\u00fcl\u00f6nb\u00f6z\u0151 st\u00edlus\u00fa, hossz\u00fas\u00e1g\u00fa \u00e9s text\u00far\u00e1j\u00fa frizur\u00e1kb\u00f3l. A felhaszn\u00e1l\u00f3k v\u00e1laszthatnak r\u00f6vid, hossz\u00fa, g\u00f6nd\u00f6r, egyenes \u00e9s egyebek k\u00f6z\u00fcl.<\/li>\n\n\n\n<li><strong>Hajfest\u00e9s<\/strong>A frizur\u00e1k mellett a Frizura\u00e1talak\u00edt\u00e1s lehet\u0151v\u00e9 teszi a felhaszn\u00e1l\u00f3k sz\u00e1m\u00e1ra, hogy k\u00eds\u00e9rletezzenek a hajsz\u00ednekkel. Sz\u00e1mos \u00e1rnyalat k\u00f6z\u00fcl v\u00e1laszthatnak, a term\u00e9szetest\u0151l a mer\u00e9szig.<\/li>\n\n\n\n<li><strong>Val\u00f3s idej\u0171 szimul\u00e1ci\u00f3<\/strong>Az alkalmaz\u00e1s egyik figyelemre m\u00e9lt\u00f3 tulajdons\u00e1ga a val\u00f3s idej\u0171 szimul\u00e1ci\u00f3. A felhaszn\u00e1l\u00f3k eszk\u00f6z\u00fck kamer\u00e1j\u00e1val l\u00e1thatj\u00e1k, hogyan mutatna az arcukon a v\u00e1lasztott frizura vagy hajsz\u00edn. Ez val\u00f3s\u00e1gh\u0171bb k\u00e9pet ad a v\u00e9geredm\u00e9nyr\u0151l.<\/li>\n<\/ul>\n\n\n\n<p>A Frizura\u00e1talak\u00edt\u00e1s egy hat\u00e9kony eszk\u00f6z azok sz\u00e1m\u00e1ra, akik kellemetlen meglepet\u00e9sek n\u00e9lk\u00fcl szeretn\u00e9nek v\u00e1ltoztatni a hajukon.<\/p>\n\n\n\n<p>Felbecs\u00fclhetetlen \u00e9rt\u00e9k\u0171 l\u00e1tni, hogy n\u00e9zne ki a megjelen\u00e9s a val\u00f3 vil\u00e1gban.<\/p>\n\n\n\n<h2 class=\"wp-block-heading\">2. YouCam smink<\/h2>\n\n\n\n<p>A YouCam Makeup egy teljes \u00e9rt\u00e9k\u0171 sz\u00e9ps\u00e9g\u00e1pol\u00e1si alkalmaz\u00e1s, amely sz\u00e1mos funkci\u00f3t k\u00edn\u00e1l a k\u00fcl\u00f6nb\u00f6z\u0151 megjelen\u00e9sek kipr\u00f3b\u00e1l\u00e1s\u00e1hoz. <\/p>\n\n\n\n<p>B\u00e1r els\u0151sorban sminkfunkci\u00f3ir\u00f3l ismert, az alkalmaz\u00e1s tartalmaz egy modult frizur\u00e1k \u00e9s hajsz\u00ednek kipr\u00f3b\u00e1l\u00e1s\u00e1ra is.<\/p>\n\n\n\n<p>Az alkalmaz\u00e1s n\u00e9h\u00e1ny figyelemre m\u00e9lt\u00f3 funkci\u00f3ja a k\u00f6vetkez\u0151:<\/p>\n\n\n\n<ul>\n<li><strong>3D frizur\u00e1k<\/strong>A YouCam Makeup fejlett arcfelismer\u0151 technol\u00f3gi\u00e1t haszn\u00e1l az arcod 3D-s felt\u00e9rk\u00e9pez\u00e9s\u00e9hez. Ez azt jelenti, hogy a frizur\u00e1k \u00e9s a hajsz\u00ednek pontosan az arcodhoz igazodnak, \u00edgy rendk\u00edv\u00fcl realisztikus \u00e9lm\u00e9nyt ny\u00fajtanak.<\/li>\n\n\n\n<li><strong>Tippek \u00e9s oktat\u00f3anyagok<\/strong>Az alkalmaz\u00e1s tippeket \u00e9s oktat\u00f3anyagokat k\u00edn\u00e1l konkr\u00e9t frizur\u00e1k k\u00e9sz\u00edt\u00e9s\u00e9hez. Ez hasznos azok sz\u00e1m\u00e1ra, akik meg akarj\u00e1k tanulni, hogyan form\u00e1zz\u00e1k hat\u00e9konyan a hajukat.<\/li>\n\n\n\n<li><strong>Integr\u00e1ci\u00f3 a k\u00f6z\u00f6ss\u00e9gi h\u00e1l\u00f3zatokba<\/strong>A felhaszn\u00e1l\u00f3k megoszthatj\u00e1k alkot\u00e1saikat \u00e9s k\u00eds\u00e9rleteiket a k\u00f6z\u00f6ss\u00e9gi m\u00e9di\u00e1ban, lehet\u0151v\u00e9 t\u00e9ve bar\u00e1taik \u00e9s k\u00f6vet\u0151ik sz\u00e1m\u00e1ra, hogy komment\u00e1lj\u00e1k v\u00e1laszt\u00e1saikat.<\/li>\n<\/ul>\n\n\n\n<p>A YouCam Makeup remek v\u00e1laszt\u00e1s azok sz\u00e1m\u00e1ra, akik \u00e1tfog\u00f3 megk\u00f6zel\u00edt\u00e9st szeretn\u00e9nek a megjelen\u00e9s\u00fck \u00e1talak\u00edt\u00e1s\u00e1hoz, bele\u00e9rtve a frizur\u00e1t, a sminket \u00e9s egyebeket.<\/p>\n\n\n\n<h2 class=\"wp-block-heading\">3. Hajsz\u00edn<\/h2>\n\n\n\n<p>A Hair Color egy alkalmaz\u00e1s, amely a hajsz\u00edn megv\u00e1ltoztat\u00e1s\u00e1ra specializ\u00e1l\u00f3dott. B\u00e1r ink\u00e1bb a fest\u00e9sre \u00f6sszpontos\u00edt, l\u00e9tfontoss\u00e1g\u00fa szerepet j\u00e1tszik a frizur\u00e1k \u00e9s sz\u00ednek k\u00eds\u00e9rletez\u00e9s\u00e9ben. Az alkalmaz\u00e1s f\u0151bb jellemz\u0151i a k\u00f6vetkez\u0151k:<\/p>\n\n\n\n<ul>\n<li><strong>Sz\u00e9les sz\u00ednpaletta<\/strong>Az alkalmaz\u00e1s sz\u00e9les v\u00e1laszt\u00e9kban k\u00edn\u00e1l hajsz\u00edneket, a legterm\u00e9szetesebb \u00e1rnyalatokt\u00f3l a leg\u00e9l\u00e9nkebbekig. A felhaszn\u00e1l\u00f3k kiv\u00e1laszthatnak egy sz\u00ednt, \u00e9s azt a megl\u00e9v\u0151 hajukra alkalmazhatj\u00e1k.<\/li>\n\n\n\n<li><strong>Speci\u00e1lis szerkeszt\u0151eszk\u00f6z\u00f6k<\/strong>A Hajsz\u00edn szerkeszt\u0151eszk\u00f6z\u00f6kkel a felhaszn\u00e1l\u00f3k a f\u00e9ny, a tel\u00edtetts\u00e9g \u00e9s a sz\u00edn\u00e1rnyalat alapj\u00e1n m\u00f3dos\u00edthatj\u00e1k az alkalmazott sz\u00ednt. Ez seg\u00edt a felhaszn\u00e1l\u00f3knak el\u00e9rni a k\u00edv\u00e1nt sz\u00ednt.<\/li>\n\n\n\n<li><strong>K\u00f6nny\u0171 megoszt\u00e1s<\/strong>: M\u00e1s alkalmaz\u00e1sokhoz hasonl\u00f3an a Hair Color is lehet\u0151v\u00e9 teszi a felhaszn\u00e1l\u00f3k sz\u00e1m\u00e1ra, hogy megoszthass\u00e1k alkot\u00e1saikat a k\u00f6z\u00f6ss\u00e9gi m\u00e9di\u00e1ban vagy bar\u00e1taikkal \u00e9s csal\u00e1djukkal.<\/li>\n<\/ul>\n\n\n\n<p>A hajfest\u00e9k kiv\u00e1l\u00f3 v\u00e1laszt\u00e1s azok sz\u00e1m\u00e1ra, akik k\u00fcl\u00f6nb\u00f6z\u0151 hajsz\u00ednekkel szeretn\u00e9nek k\u00eds\u00e9rletezni, miel\u0151tt v\u00e9gleges v\u00e1ltoz\u00e1sra sz\u00e1nn\u00e1k el magukat.<\/p>\n\n\n<div class=\"wp-block-image\">\n<figure class=\"aligncenter size-full\"><img loading=\"lazy\" decoding=\"async\" width=\"550\" height=\"350\" src=\"http:\/\/universofamilia.com\/wp-content\/uploads\/sites\/148\/2023\/11\/P-550X350-UNIV-FAM-8-1.png\" alt=\"\" class=\"wp-image-4377\" srcset=\"https:\/\/universofamilia.com\/wp-content\/uploads\/sites\/148\/2023\/11\/P-550X350-UNIV-FAM-8-1.png 550w, https:\/\/universofamilia.com\/wp-content\/uploads\/sites\/148\/2023\/11\/P-550X350-UNIV-FAM-8-1-300x191.png 300w\" sizes=\"(max-width: 550px) 100vw, 550px\" \/><figcaption class=\"wp-element-caption\">Alkalmaz\u00e1sok a frizura megv\u00e1ltoztat\u00e1s\u00e1hoz<\/figcaption><\/figure><\/div>\n\n\n<p>R\u00f6viden, a hajform\u00e1z\u00f3 alkalmaz\u00e1sok fontos szerepet j\u00e1tszanak sok ember sz\u00e9ps\u00e9g\u00e1talak\u00edt\u00e1si folyamat\u00e1ban.<\/p>\n\n\n\n<p>Lehet\u0151s\u00e9get k\u00edn\u00e1lnak a frizur\u00e1kkal \u00e9s hajsz\u00ednekkel val\u00f3 k\u00eds\u00e9rletez\u00e9sre realisztikus \u00e9s sz\u00f3rakoztat\u00f3 m\u00f3don. A Frizura\u00e1talak\u00edt\u00e1s, a YouCam Makeup \u00e9s a Hair Color csak n\u00e9h\u00e1ny p\u00e9lda azokra az alkalmaz\u00e1sokra, amelyek seg\u00edthetnek ezt a folyamatot k\u00f6nnyebb\u00e9 \u00e9s izgalmasabb\u00e1 tenni.<\/p>\n\n\n\n<p>Teh\u00e1t, ha a frizur\u00e1d megv\u00e1ltoztat\u00e1s\u00e1n gondolkodsz, pr\u00f3b\u00e1ld ki az al\u00e1bbi alkalmaz\u00e1sok egyik\u00e9t, miel\u0151tt meghozod a v\u00e9gs\u0151 d\u00f6nt\u00e9sedet.<\/p>\n\n\n\n<p>V\u00e9gt\u00e9re is, a sz\u00e9ps\u00e9g az \u00f6nbizalommal kezd\u0151dik, \u00e9s ezek az eszk\u00f6z\u00f6k seg\u00edthetnek fokozni azt.<\/p>\n\n\n\n<h2 class=\"wp-block-heading\"><strong>Mentes\u00edt\u00e9s<\/strong>:<\/h2>\n\n\n\n<div class=\"wp-block-group is-layout-constrained wp-block-group-is-layout-constrained\"><div class=\"wp-block-group__inner-container\">\n<ul>\n<li><strong>Frizura \u00e1talak\u00edt\u00e1sa <\/strong>(<a href=\"https:\/\/play.google.com\/store\/apps\/details?id=hairstyle.colorChanger.haircut_salon&amp;hl=en\">Android <\/a>\u00e9s <a href=\"https:\/\/apps.apple.com\/us\/iphone\/today\">iOS<\/a>)<\/li>\n\n\n\n<li><strong>YouCam smink<\/strong> (<a href=\"https:\/\/play.google.com\/store\/apps\/details?id=com.cyberlink.youcammakeup&amp;hl=pt_BR&amp;gl=US\">Android <\/a>\u00e9s <a href=\"https:\/\/apps.apple.com\/us\/iphone\/today\">iOS<\/a>)<\/li>\n\n\n\n<li><strong>Hajsz\u00edn<\/strong> (<a href=\"https:\/\/apps.apple.com\/us\/iphone\/today\">iOS<\/a>)<\/li>\n<\/ul>\n<\/div><\/div>","protected":false},"excerpt":{"rendered":"<p>A mobiltechnol\u00f3gia sz\u00e1mos \u00faj\u00edt\u00e1st hozott a sz\u00e9ps\u00e9g\u00e1pol\u00e1s vil\u00e1g\u00e1ba, lehet\u0151v\u00e9 t\u00e9ve az emberek sz\u00e1m\u00e1ra, hogy k\u00e9nyelmes \u00e9s kreat\u00edv m\u00f3don k\u00eds\u00e9rletezzenek \u00e9s jav\u00edts\u00e1k megjelen\u00e9s\u00fcket. A sz\u00e1mos trend k\u00f6z\u00fcl a hajform\u00e1z\u00f3 alkalmaz\u00e1sok emelkednek ki, mint hihetetlen eszk\u00f6z\u00f6k, amelyekkel k\u00eds\u00e9rletezhet\u00fcnk k\u00fcl\u00f6nb\u00f6z\u0151 frizur\u00e1k, sz\u00ednek \u00e9s fazonok kipr\u00f3b\u00e1l\u00e1s\u00e1val, miel\u0151tt d\u00f6nt\u00e9st hozn\u00e1nk.<\/p>","protected":false},"author":139,"featured_media":4376,"comment_status":"closed","ping_status":"open","sticky":false,"template":"","format":"standard","meta":{"footnotes":""},"categories":[2],"tags":[171,263,540],"yoast_head":"<!-- This site is optimized with the Yoast SEO plugin v23.3 - https:\/\/yoast.com\/wordpress\/plugins\/seo\/ -->\n<title>Aplicaciones para Cambiar Tu Cabello - Universo Fam\u00edlia<\/title>\n<meta name=\"description\" content=\"Aplicaciones para Cambiar Tu Cabello. La tecnolog\u00eda m\u00f3vil ha tra\u00eddo numerosas innovaciones al mundo de la belleza, permitiendo a las...\" \/>\n<meta name=\"robots\" content=\"index, follow, max-snippet:-1, max-image-preview:large, max-video-preview:-1\" \/>\n<link rel=\"canonical\" href=\"http:\/\/universofamilia.com\/hu\/aplicaciones-para-cambiar-tu-cabello\/\" \/>\n<meta property=\"og:locale\" content=\"hu_HU\" \/>\n<meta property=\"og:type\" content=\"article\" \/>\n<meta property=\"og:title\" content=\"Aplicaciones para Cambiar Tu Cabello - Universo Fam\u00edlia\" \/>\n<meta property=\"og:description\" content=\"Aplicaciones para Cambiar Tu Cabello. La tecnolog\u00eda m\u00f3vil ha tra\u00eddo numerosas innovaciones al mundo de la belleza, permitiendo a las...\" \/>\n<meta property=\"og:url\" content=\"http:\/\/universofamilia.com\/hu\/aplicaciones-para-cambiar-tu-cabello\/\" \/>\n<meta property=\"og:site_name\" content=\"Universo Fam\u00edlia\" \/>\n<meta property=\"article:published_time\" content=\"2023-11-03T18:07:38+00:00\" \/>\n<meta property=\"article:modified_time\" content=\"2026-04-15T14:32:04+00:00\" \/>\n<meta property=\"og:image\" content=\"http:\/\/universofamilia.com\/wp-content\/uploads\/sites\/148\/2023\/11\/P-550X350-UNIV-FAM-8.png\" \/>\n\t<meta property=\"og:image:width\" content=\"550\" \/>\n\t<meta property=\"og:image:height\" content=\"350\" \/>\n\t<meta property=\"og:image:type\" content=\"image\/png\" \/>\n<meta name=\"author\" content=\"Pedro Henrique\" \/>\n<meta name=\"twitter:card\" content=\"summary_large_image\" \/>\n<meta name=\"twitter:label1\" content=\"Written by\" \/>\n\t<meta name=\"twitter:data1\" content=\"Pedro Henrique\" \/>\n\t<meta name=\"twitter:label2\" content=\"Est. reading time\" \/>\n\t<meta name=\"twitter:data2\" content=\"6 perc\" \/>\n<script type=\"application\/ld+json\" class=\"yoast-schema-graph\">{\"@context\":\"https:\/\/schema.org\",\"@graph\":[{\"@type\":\"WebPage\",\"@id\":\"http:\/\/universofamilia.com\/hr\/aplicaciones-para-cambiar-tu-cabello\/\",\"url\":\"http:\/\/universofamilia.com\/hr\/aplicaciones-para-cambiar-tu-cabello\/\",\"name\":\"Aplicaciones para Cambiar Tu Cabello - Universo Fam\u00edlia\",\"isPartOf\":{\"@id\":\"http:\/\/universofamilia.com\/zh_hk\/#website\"},\"primaryImageOfPage\":{\"@id\":\"http:\/\/universofamilia.com\/hr\/aplicaciones-para-cambiar-tu-cabello\/#primaryimage\"},\"image\":{\"@id\":\"http:\/\/universofamilia.com\/hr\/aplicaciones-para-cambiar-tu-cabello\/#primaryimage\"},\"thumbnailUrl\":\"https:\/\/universofamilia.com\/wp-content\/uploads\/sites\/148\/2023\/11\/P-550X350-UNIV-FAM-8.png\",\"datePublished\":\"2023-11-03T18:07:38+00:00\",\"dateModified\":\"2026-04-15T14:32:04+00:00\",\"author\":{\"@id\":\"http:\/\/universofamilia.com\/zh_hk\/#\/schema\/person\/f07ce98187dd84d31154262e79b3b7ca\"},\"description\":\"Aplicaciones para Cambiar Tu Cabello. La tecnolog\u00eda m\u00f3vil ha tra\u00eddo numerosas innovaciones al mundo de la belleza, permitiendo a las...\",\"breadcrumb\":{\"@id\":\"http:\/\/universofamilia.com\/hr\/aplicaciones-para-cambiar-tu-cabello\/#breadcrumb\"},\"inLanguage\":\"hu\",\"potentialAction\":[{\"@type\":\"ReadAction\",\"target\":[\"http:\/\/universofamilia.com\/hr\/aplicaciones-para-cambiar-tu-cabello\/\"]}]},{\"@type\":\"ImageObject\",\"inLanguage\":\"hu\",\"@id\":\"http:\/\/universofamilia.com\/hr\/aplicaciones-para-cambiar-tu-cabello\/#primaryimage\",\"url\":\"https:\/\/universofamilia.com\/wp-content\/uploads\/sites\/148\/2023\/11\/P-550X350-UNIV-FAM-8.png\",\"contentUrl\":\"https:\/\/universofamilia.com\/wp-content\/uploads\/sites\/148\/2023\/11\/P-550X350-UNIV-FAM-8.png\",\"width\":550,\"height\":350,\"caption\":\"Aplicaciones para Cambiar Tu Cabello\"},{\"@type\":\"BreadcrumbList\",\"@id\":\"http:\/\/universofamilia.com\/hr\/aplicaciones-para-cambiar-tu-cabello\/#breadcrumb\",\"itemListElement\":[{\"@type\":\"ListItem\",\"position\":1,\"name\":\"Home\",\"item\":\"http:\/\/universofamilia.com\/zh_hk\/\"},{\"@type\":\"ListItem\",\"position\":2,\"name\":\"Aplicaciones para Cambiar Tu Cabello\"}]},{\"@type\":\"WebSite\",\"@id\":\"http:\/\/universofamilia.com\/zh_hk\/#website\",\"url\":\"http:\/\/universofamilia.com\/zh_hk\/\",\"name\":\"Universo Fam\u00edlia\",\"description\":\"\",\"potentialAction\":[{\"@type\":\"SearchAction\",\"target\":{\"@type\":\"EntryPoint\",\"urlTemplate\":\"http:\/\/universofamilia.com\/zh_hk\/?s={search_term_string}\"},\"query-input\":\"required name=search_term_string\"}],\"inLanguage\":\"hu\"},{\"@type\":\"Person\",\"@id\":\"http:\/\/universofamilia.com\/zh_hk\/#\/schema\/person\/f07ce98187dd84d31154262e79b3b7ca\",\"name\":\"Pedro Henrique\",\"image\":{\"@type\":\"ImageObject\",\"inLanguage\":\"hu\",\"@id\":\"http:\/\/universofamilia.com\/zh_hk\/#\/schema\/person\/image\/\",\"url\":\"https:\/\/secure.gravatar.com\/avatar\/9edfeb808cb4e1599f64d6e45b130154?s=96&d=mm&r=g\",\"contentUrl\":\"https:\/\/secure.gravatar.com\/avatar\/9edfeb808cb4e1599f64d6e45b130154?s=96&d=mm&r=g\",\"caption\":\"Pedro Henrique\"},\"url\":\"https:\/\/universofamilia.com\/hu\/author\/editor01\/\"}]}<\/script>\n<!-- \/ Yoast SEO plugin. -->","yoast_head_json":{"title":"Aplicaciones para Cambiar Tu Cabello - Universo Fam\u00edlia","description":"Aplicaciones para Cambiar Tu Cabello. La tecnolog\u00eda m\u00f3vil ha tra\u00eddo numerosas innovaciones al mundo de la belleza, permitiendo a las...","robots":{"index":"index","follow":"follow","max-snippet":"max-snippet:-1","max-image-preview":"max-image-preview:large","max-video-preview":"max-video-preview:-1"},"canonical":"http:\/\/universofamilia.com\/hu\/aplicaciones-para-cambiar-tu-cabello\/","og_locale":"hu_HU","og_type":"article","og_title":"Aplicaciones para Cambiar Tu Cabello - Universo Fam\u00edlia","og_description":"Aplicaciones para Cambiar Tu Cabello. La tecnolog\u00eda m\u00f3vil ha tra\u00eddo numerosas innovaciones al mundo de la belleza, permitiendo a las...","og_url":"http:\/\/universofamilia.com\/hu\/aplicaciones-para-cambiar-tu-cabello\/","og_site_name":"Universo Fam\u00edlia","article_published_time":"2023-11-03T18:07:38+00:00","article_modified_time":"2026-04-15T14:32:04+00:00","og_image":[{"width":550,"height":350,"url":"http:\/\/universofamilia.com\/wp-content\/uploads\/sites\/148\/2023\/11\/P-550X350-UNIV-FAM-8.png","type":"image\/png"}],"author":"Pedro Henrique","twitter_card":"summary_large_image","twitter_misc":{"Written by":"Pedro Henrique","Est. reading time":"6 perc"},"schema":{"@context":"https:\/\/schema.org","@graph":[{"@type":"WebPage","@id":"http:\/\/universofamilia.com\/hr\/aplicaciones-para-cambiar-tu-cabello\/","url":"http:\/\/universofamilia.com\/hr\/aplicaciones-para-cambiar-tu-cabello\/","name":"Aplicaciones para Cambiar Tu Cabello - Universo Fam\u00edlia","isPartOf":{"@id":"http:\/\/universofamilia.com\/zh_hk\/#website"},"primaryImageOfPage":{"@id":"http:\/\/universofamilia.com\/hr\/aplicaciones-para-cambiar-tu-cabello\/#primaryimage"},"image":{"@id":"http:\/\/universofamilia.com\/hr\/aplicaciones-para-cambiar-tu-cabello\/#primaryimage"},"thumbnailUrl":"https:\/\/universofamilia.com\/wp-content\/uploads\/sites\/148\/2023\/11\/P-550X350-UNIV-FAM-8.png","datePublished":"2023-11-03T18:07:38+00:00","dateModified":"2026-04-15T14:32:04+00:00","author":{"@id":"http:\/\/universofamilia.com\/zh_hk\/#\/schema\/person\/f07ce98187dd84d31154262e79b3b7ca"},"description":"Aplicaciones para Cambiar Tu Cabello. La tecnolog\u00eda m\u00f3vil ha tra\u00eddo numerosas innovaciones al mundo de la belleza, permitiendo a las...","breadcrumb":{"@id":"http:\/\/universofamilia.com\/hr\/aplicaciones-para-cambiar-tu-cabello\/#breadcrumb"},"inLanguage":"hu","potentialAction":[{"@type":"ReadAction","target":["http:\/\/universofamilia.com\/hr\/aplicaciones-para-cambiar-tu-cabello\/"]}]},{"@type":"ImageObject","inLanguage":"hu","@id":"http:\/\/universofamilia.com\/hr\/aplicaciones-para-cambiar-tu-cabello\/#primaryimage","url":"https:\/\/universofamilia.com\/wp-content\/uploads\/sites\/148\/2023\/11\/P-550X350-UNIV-FAM-8.png","contentUrl":"https:\/\/universofamilia.com\/wp-content\/uploads\/sites\/148\/2023\/11\/P-550X350-UNIV-FAM-8.png","width":550,"height":350,"caption":"Aplicaciones para Cambiar Tu Cabello"},{"@type":"BreadcrumbList","@id":"http:\/\/universofamilia.com\/hr\/aplicaciones-para-cambiar-tu-cabello\/#breadcrumb","itemListElement":[{"@type":"ListItem","position":1,"name":"Home","item":"http:\/\/universofamilia.com\/zh_hk\/"},{"@type":"ListItem","position":2,"name":"Aplicaciones para Cambiar Tu Cabello"}]},{"@type":"WebSite","@id":"http:\/\/universofamilia.com\/zh_hk\/#website","url":"http:\/\/universofamilia.com\/zh_hk\/","name":"Universo Fam\u00edlia","description":"","potentialAction":[{"@type":"SearchAction","target":{"@type":"EntryPoint","urlTemplate":"http:\/\/universofamilia.com\/zh_hk\/?s={search_term_string}"},"query-input":"required name=search_term_string"}],"inLanguage":"hu"},{"@type":"Person","@id":"http:\/\/universofamilia.com\/zh_hk\/#\/schema\/person\/f07ce98187dd84d31154262e79b3b7ca","name":"Pedro Henrique","image":{"@type":"ImageObject","inLanguage":"hu","@id":"http:\/\/universofamilia.com\/zh_hk\/#\/schema\/person\/image\/","url":"https:\/\/secure.gravatar.com\/avatar\/9edfeb808cb4e1599f64d6e45b130154?s=96&d=mm&r=g","contentUrl":"https:\/\/secure.gravatar.com\/avatar\/9edfeb808cb4e1599f64d6e45b130154?s=96&d=mm&r=g","caption":"Pedro Henrique"},"url":"https:\/\/universofamilia.com\/hu\/author\/editor01\/"}]}},"_links":{"self":[{"href":"https:\/\/universofamilia.com\/hu\/wp-json\/wp\/v2\/posts\/4375"}],"collection":[{"href":"https:\/\/universofamilia.com\/hu\/wp-json\/wp\/v2\/posts"}],"about":[{"href":"https:\/\/universofamilia.com\/hu\/wp-json\/wp\/v2\/types\/post"}],"author":[{"embeddable":true,"href":"https:\/\/universofamilia.com\/hu\/wp-json\/wp\/v2\/users\/139"}],"replies":[{"embeddable":true,"href":"https:\/\/universofamilia.com\/hu\/wp-json\/wp\/v2\/comments?post=4375"}],"version-history":[{"count":2,"href":"https:\/\/universofamilia.com\/hu\/wp-json\/wp\/v2\/posts\/4375\/revisions"}],"predecessor-version":[{"id":10759,"href":"https:\/\/universofamilia.com\/hu\/wp-json\/wp\/v2\/posts\/4375\/revisions\/10759"}],"wp:featuredmedia":[{"embeddable":true,"href":"https:\/\/universofamilia.com\/hu\/wp-json\/wp\/v2\/media\/4376"}],"wp:attachment":[{"href":"https:\/\/universofamilia.com\/hu\/wp-json\/wp\/v2\/media?parent=4375"}],"wp:term":[{"taxonomy":"category","embeddable":true,"href":"https:\/\/universofamilia.com\/hu\/wp-json\/wp\/v2\/categories?post=4375"},{"taxonomy":"post_tag","embeddable":true,"href":"https:\/\/universofamilia.com\/hu\/wp-json\/wp\/v2\/tags?post=4375"}],"curies":[{"name":"wp","href":"https:\/\/api.w.org\/{rel}","templated":true}]}}