{"id":4856,"date":"2024-01-13T01:01:22","date_gmt":"2024-01-13T01:01:22","guid":{"rendered":"https:\/\/universofamilia.com\/?p=4856"},"modified":"2025-10-11T18:25:34","modified_gmt":"2025-10-11T21:25:34","slug":"como-recuperar-fotos-eliminadas-en-el-telefono-movil","status":"publish","type":"post","link":"https:\/\/universofamilia.com\/hu\/como-recuperar-fotos-eliminadas-en-el-telefono-movil\/","title":{"rendered":"Hogyan lehet vissza\u00e1ll\u00edtani a t\u00f6r\u00f6lt f\u00e9nyk\u00e9peket a mobiltelefonj\u00e1n"},"content":{"rendered":"<p>Okostelefonjaink igazi eml\u00e9kt\u00e1rakk\u00e1 v\u00e1ltak, meg\u00f6r\u00f6k\u00edtve azokat a k\u00fcl\u00f6nleges pillanatokat, amelyeket \u00f6r\u00f6kre meg szeretn\u00e9nk \u0151rizni.<\/p>\n\n\n\n<p>A fot\u00f3k \u00e9s vide\u00f3k nem csup\u00e1n digit\u00e1lis f\u00e1jlok; \u00e9let\u00fcnk id\u0151ben megfagyott t\u00f6red\u00e9kei.<\/p>\n\n\n\n<p>Ezeknek az eml\u00e9keknek a v\u00e9letlen elveszt\u00e9se szorong\u00e1st okozhat, de a megfelel\u0151 eszk\u00f6z\u00f6kkel, p\u00e9ld\u00e1ul a DiskDiggerrel \u00e9s a Photo Recovery alkalmaz\u00e1sokkal, lehets\u00e9ges a t\u00f6r\u00f6lt elemek vissza\u00e1ll\u00edt\u00e1sa.<\/p>\n\n\n\n<h2 class=\"wp-block-heading\"><em>Hogyan haszn\u00e1lhatom ezeket az alkalmaz\u00e1sokat az elveszett eml\u00e9kek visszaszerz\u00e9s\u00e9re?<\/em><\/h2>\n\n\n\n<h3 class=\"wp-block-heading\"><strong>DiskDigger: T\u00f6r\u00f6lt f\u00e9nyk\u00e9pek el\u0151\u00e1s\u00e1sa<\/strong><\/h3>\n\n\n\n<p>A DiskDigger egy hat\u00e9kony adat-helyre\u00e1ll\u00edt\u00f3 eszk\u00f6z, amely lehet\u0151v\u00e9 teszi a felhaszn\u00e1l\u00f3k sz\u00e1m\u00e1ra, hogy m\u00e9lyen bele\u00e1ss\u00e1k magukat Android-eszk\u00f6zeikbe, \u00e9s megtal\u00e1lj\u00e1k a t\u00f6r\u00f6lt f\u00e9nyk\u00e9peket.<\/p>\n\n\n\n<h2 class=\"wp-block-heading\">L\u00e1sd m\u00e9g<\/h2>\n\n\n\n<ul>\n<li><a href=\"https:\/\/universofamilia.com\/hu\/4419\/aplicaciones-para-editar-y-crear-reels\/\">Alkalmaz\u00e1sok ors\u00f3k szerkeszt\u00e9s\u00e9hez \u00e9s l\u00e9trehoz\u00e1s\u00e1hoz<\/a><\/li>\n\n\n\n<li><a href=\"https:\/\/universofamilia.com\/hu\/4338\/las-mejores-aplicaciones-para-ver-peliculas-y-series\/\">A legjobb alkalmaz\u00e1sok filmek \u00e9s sorozatok n\u00e9z\u00e9s\u00e9hez<\/a><\/li>\n\n\n\n<li><a href=\"https:\/\/universofamilia.com\/hu\/4829\/aprende-a-tocar-la-guitarra-de-forma-facil-y-practica\/\">Tanulj meg git\u00e1rozni k\u00f6nnyed\u00e9n \u00e9s praktikusan<\/a><\/li>\n\n\n\n<li><a href=\"https:\/\/universofamilia.com\/hu\/4369\/las-aplicaciones-de-musica-en-el-estado-de-whatsapp\/\">Zenei alkalmaz\u00e1sok a WhatsApp \u00e1llapot\u00e1ban<\/a><\/li>\n<\/ul>\n\n\n\n<p>Intuit\u00edv \u00e9s hat\u00e9kony fel\u00fclet\u00e9nek k\u00f6sz\u00f6nhet\u0151en a helyre\u00e1ll\u00edt\u00e1si folyamat m\u00e9g a kev\u00e9sb\u00e9 tapasztalt felhaszn\u00e1l\u00f3k sz\u00e1m\u00e1ra is k\u00f6nnyen elv\u00e9gezhet\u0151.<\/p>\n\n\n\n<ol>\n<li><strong>Let\u00f6lt\u00e9s \u00e9s telep\u00edt\u00e9s:<\/strong>\n<ul>\n<li>Nyisd meg a Google Play \u00c1ruh\u00e1zat Android-eszk\u00f6z\u00f6d\u00f6n.<\/li>\n\n\n\n<li>Keresd meg a \u201eDiskDigger\u201d kifejez\u00e9st, \u00e9s t\u00f6ltsd le ingyen.<\/li>\n\n\n\n<li>A telep\u00edt\u00e9s ut\u00e1n nyissa meg az alkalmaz\u00e1st.<\/li>\n<\/ul>\n<\/li>\n\n\n\n<li><strong>M\u00e9diav\u00e1laszt\u00e1s:<\/strong>\n<ul>\n<li>V\u00e1lasszon az \u201eAlapvet\u0151 tiszt\u00edt\u00e1s\u201d k\u00f6z\u00fcl a gyors vizsg\u00e1lathoz, vagy a \u201eTeljes tiszt\u00edt\u00e1s\u201d k\u00f6z\u00fcl az alaposabb keres\u00e9shez.<\/li>\n\n\n\n<li>V\u00e1lassza ki a k\u00edv\u00e1nt f\u00e1jlt\u00edpust, p\u00e9ld\u00e1ul f\u00e9nyk\u00e9peket vagy vide\u00f3kat.<\/li>\n<\/ul>\n<\/li>\n\n\n\n<li><strong>Szkennel\u00e9s \u00e9s helyre\u00e1ll\u00edt\u00e1s:<\/strong>\n<ul>\n<li>K\u00e9rj\u00fck, v\u00e1rjon, am\u00edg a DiskDigger beolvassa az eszk\u00f6z\u00e9t.<\/li>\n\n\n\n<li>A befejez\u00e9s ut\u00e1n tekintse meg a helyre\u00e1ll\u00edthat\u00f3 f\u00e9nyk\u00e9peket, \u00e9s v\u00e1lassza ki azokat, amelyeket vissza szeretne \u00e1ll\u00edtani.<\/li>\n\n\n\n<li>V\u00e1lasszon egy helyet a vissza\u00e1ll\u00edtott f\u00e9nyk\u00e9pek ment\u00e9s\u00e9hez, lehet\u0151leg az eredetit\u0151l elt\u00e9r\u0151 helyet, hogy elker\u00fclje az adatok fel\u00fcl\u00edr\u00e1s\u00e1t.<\/li>\n<\/ul>\n<\/li>\n<\/ol>\n\n\n\n<h3 class=\"wp-block-heading\"><strong>Fot\u00f3-helyre\u00e1ll\u00edt\u00e1s: Eml\u00e9kek vissza\u00e1ll\u00edt\u00e1sa az iOS vil\u00e1g\u00e1ban<\/strong><\/h3>\n\n\n\n<p>iOS-felhaszn\u00e1l\u00f3k sz\u00e1m\u00e1ra a Photo Recovery hat\u00e9kony lehet\u0151s\u00e9g a t\u00f6r\u00f6lt f\u00e9nyk\u00e9pek iPhone-okr\u00f3l \u00e9s iPad-ekr\u0151l t\u00f6rt\u00e9n\u0151 vissza\u00e1ll\u00edt\u00e1s\u00e1ra.<\/p>\n\n\n\n<p>Ez az alkalmaz\u00e1s leegyszer\u0171s\u00edti a folyamatot, \u00edgy m\u00e9g azok sz\u00e1m\u00e1ra is el\u00e9rhet\u0151, akik nem j\u00e1rtasak a technol\u00f3gi\u00e1ban.<\/p>\n\n\n\n<ol>\n<li><strong>Let\u00f6lt\u00e9s \u00e9s telep\u00edt\u00e9s:<\/strong>\n<ul>\n<li>Nyisd meg az App Store-t iOS-eszk\u00f6z\u00f6d\u00f6n.<\/li>\n\n\n\n<li>Keresd meg a \u201ePhoto Recovery\u201d kifejez\u00e9st, \u00e9s t\u00f6ltsd le ingyenesen.<\/li>\n\n\n\n<li>A let\u00f6lt\u00e9s ut\u00e1n ind\u00edtsa el az alkalmaz\u00e1st.<\/li>\n<\/ul>\n<\/li>\n\n\n\n<li><strong>Csatlakoz\u00e1s az iCloudhoz:<\/strong>\n<ul>\n<li>Jelentkezz be az iCloud-fi\u00f3kodba.<\/li>\n\n\n\n<li>V\u00e1lassza ki a t\u00f6r\u00f6lt f\u00e9nyk\u00e9peket tartalmaz\u00f3 biztons\u00e1gi ment\u00e9st.<\/li>\n<\/ul>\n<\/li>\n\n\n\n<li><strong>Egyszer\u0171 helyre\u00e1ll\u00edt\u00e1s:<\/strong>\n<ul>\n<li>V\u00e1lassza ki a helyre\u00e1ll\u00edtand\u00f3 f\u00e1jlt\u00edpust, p\u00e9ld\u00e1ul a f\u00e9nyk\u00e9peket.<\/li>\n\n\n\n<li>A Photo Recovery megkeresi a biztons\u00e1gi ment\u00e9st, \u00e9s megjelen\u00edti a helyre\u00e1ll\u00edt\u00e1shoz el\u00e9rhet\u0151 f\u00e9nyk\u00e9peket.<\/li>\n\n\n\n<li>Jel\u00f6ld ki a k\u00edv\u00e1nt k\u00e9peket, \u00e9s \u00e1ll\u00edtsd vissza \u0151ket az eszk\u00f6z\u00f6dre.<\/li>\n<\/ul>\n<\/li>\n<\/ol>\n\n\n\n<h2 class=\"wp-block-heading\"><em>Magyar\u00e1zza el az alkalmaz\u00e1sok jellemz\u0151it<\/em><\/h2>\n\n\n\n<p>Mindk\u00e9t alkalmaz\u00e1s fejlett funkci\u00f3kat k\u00edn\u00e1l, p\u00e9ld\u00e1ul a f\u00e9nyk\u00e9pek megtekint\u00e9s\u00e9t a helyre\u00e1ll\u00edt\u00e1s el\u0151tt, az eredm\u00e9nyek sz\u0171r\u00e9s\u00e9t f\u00e1jlt\u00edpus szerint, valamint a k\u00fcl\u00f6nf\u00e9le k\u00e9pform\u00e1tumok t\u00e1mogat\u00e1s\u00e1t.<\/p>\n\n\n\n<p>R\u00e1ad\u00e1sul felhaszn\u00e1l\u00f3bar\u00e1t kialak\u00edt\u00e1s\u00faak, biztos\u00edtva, hogy az elveszett f\u00e9nyk\u00e9pek helyre\u00e1ll\u00edt\u00e1sa mindenki sz\u00e1m\u00e1ra el\u00e9rhet\u0151 legyen.<\/p>\n\n\n<div class=\"wp-block-image\">\n<figure class=\"aligncenter size-full\"><img loading=\"lazy\" decoding=\"async\" width=\"550\" height=\"350\" src=\"http:\/\/universofamilia.com\/wp-content\/uploads\/sites\/148\/2024\/01\/P-550x350-2-2.jpg\" alt=\"\" class=\"wp-image-4859\" srcset=\"https:\/\/universofamilia.com\/wp-content\/uploads\/sites\/148\/2024\/01\/P-550x350-2-2.jpg 550w, https:\/\/universofamilia.com\/wp-content\/uploads\/sites\/148\/2024\/01\/P-550x350-2-2-300x191.jpg 300w\" sizes=\"(max-width: 550px) 100vw, 550px\" \/><figcaption class=\"wp-element-caption\">Hogyan lehet vissza\u00e1ll\u00edtani a t\u00f6r\u00f6lt f\u00e9nyk\u00e9peket a mobiltelefonj\u00e1n<\/figcaption><\/figure><\/div>\n\n\n<h2 class=\"wp-block-heading\"><em>Mit gondolnak a felhaszn\u00e1l\u00f3k az alkalmaz\u00e1sokr\u00f3l?<\/em><\/h2>\n\n\n\n<p>A felhaszn\u00e1l\u00f3i v\u00e9lem\u00e9nyek kiemelik ezen alkalmaz\u00e1sok hat\u00e9konys\u00e1g\u00e1t \u00e9s egyszer\u0171 haszn\u00e1lat\u00e1t. Sokan megk\u00f6nnyebb\u00fcl\u00e9s\u00fcket fejezik ki, hogy visszanyert\u00e9k azokat az \u00e9rt\u00e9kes f\u00e9nyk\u00e9peket, amelyeket \u00f6r\u00f6kre elveszettnek hittek.<\/p>\n\n\n\n<p>A felhaszn\u00e1l\u00f3i k\u00f6z\u00f6ss\u00e9g dics\u00e9ri az intuit\u00edv kezel\u0151fel\u00fcletet, a gyors szkennel\u00e9st \u00e9s a leny\u0171g\u00f6z\u0151 adat-helyre\u00e1ll\u00edt\u00e1si sikerar\u00e1nyt.<\/p>\n\n\n\n<h2 class=\"wp-block-heading\"><strong>Konkl\u00fazi\u00f3: Eml\u00e9kek visszaszerz\u00e9se k\u00f6nnyed\u00e9n<\/strong><\/h2>\n\n\n\n<p>Eml\u00e9keink meg\u0151rz\u00e9se elengedhetetlen, \u00e9s a DiskDigger, valamint a Photo Recovery \u00e9rt\u00e9kes eszk\u00f6z\u00f6kk\u00e9nt kiemelkednek a t\u00f6r\u00f6lt f\u00e9nyk\u00e9pek vissza\u00e1ll\u00edt\u00e1s\u00e1hoz.<\/p>\n\n\n\n<p>Ak\u00e1r Android, ak\u00e1r iOS felhaszn\u00e1l\u00f3 vagy, ezek az alkalmaz\u00e1sok hat\u00e9kony megold\u00e1st k\u00edn\u00e1lnak a v\u00e9letlen\u00fcl elvesztett f\u00e9nyk\u00e9pek okozta kellemetlens\u00e9gekre.<\/p>\n\n\n\n<p><strong>Let\u00f6lt\u00e9si linkek:<\/strong><\/p>\n\n\n\n<ul>\n<li>LemezDigger<a href=\"https:\/\/play.google.com\/store\/apps\/details?id=com.defianttech.diskdigger&amp;hl=pt_BR&amp;gl=US\"> Androidra<\/a> <\/li>\n\n\n\n<li>Fot\u00f3 helyre\u00e1ll\u00edt\u00e1s<a href=\"https:\/\/play.google.com\/store\/apps\/details?id=Face.Sorter&amp;hl=pt_BR&amp;gl=US\"> Androidra<\/a> \/ <a href=\"https:\/\/apps.apple.com\/br\/app\/photo-recovery-phone-i-cloud\/id1482562954\">iOS-re<\/a><\/li>\n<\/ul>","protected":false},"excerpt":{"rendered":"<p>Okostelefonjaink igazi eml\u00e9kt\u00e1rakk\u00e1 v\u00e1ltak, meg\u00f6r\u00f6k\u00edtve azokat a k\u00fcl\u00f6nleges pillanatokat, amelyeket \u00f6r\u00f6kre meg szeretn\u00e9nk \u0151rizni. A fot\u00f3k \u00e9s vide\u00f3k nem csup\u00e1n digit\u00e1lis f\u00e1jlok; \u00e9let\u00fcnk id\u0151ben megfagyott t\u00f6red\u00e9kei. Ezeknek az eml\u00e9keknek a v\u00e9letlen elveszt\u00e9se lehangol\u00f3 lehet, de a megfelel\u0151 eszk\u00f6z\u00f6kkel, p\u00e9ld\u00e1ul a DiskDigger alkalmaz\u00e1sokkal [\u2026]<\/p>","protected":false},"author":219,"featured_media":4859,"comment_status":"closed","ping_status":"open","sticky":false,"template":"","format":"standard","meta":{"footnotes":""},"categories":[3],"tags":[151,620,622],"yoast_head":"<!-- This site is optimized with the Yoast SEO plugin v23.3 - https:\/\/yoast.com\/wordpress\/plugins\/seo\/ -->\n<title>C\u00f3mo Recuperar Fotos Eliminadas en el Tel\u00e9fono M\u00f3vil - Universo Fam\u00edlia<\/title>\n<meta name=\"description\" content=\"C\u00f3mo Recuperar Fotos Eliminadas en el Tel\u00e9fono M\u00f3vil. Nuestros tel\u00e9fonos inteligentes se han convertido en verdaderos dep\u00f3sitos de memorias..\" \/>\n<meta name=\"robots\" content=\"index, follow, max-snippet:-1, max-image-preview:large, max-video-preview:-1\" \/>\n<link rel=\"canonical\" href=\"https:\/\/universofamilia.com\/hu\/como-recuperar-fotos-eliminadas-en-el-telefono-movil\/\" \/>\n<meta property=\"og:locale\" content=\"hu_HU\" \/>\n<meta property=\"og:type\" content=\"article\" \/>\n<meta property=\"og:title\" content=\"C\u00f3mo Recuperar Fotos Eliminadas en el Tel\u00e9fono M\u00f3vil - Universo Fam\u00edlia\" \/>\n<meta property=\"og:description\" content=\"C\u00f3mo Recuperar Fotos Eliminadas en el Tel\u00e9fono M\u00f3vil. Nuestros tel\u00e9fonos inteligentes se han convertido en verdaderos dep\u00f3sitos de memorias..\" \/>\n<meta property=\"og:url\" content=\"https:\/\/universofamilia.com\/hu\/como-recuperar-fotos-eliminadas-en-el-telefono-movil\/\" \/>\n<meta property=\"og:site_name\" content=\"Universo Fam\u00edlia\" \/>\n<meta property=\"article:published_time\" content=\"2024-01-13T01:01:22+00:00\" \/>\n<meta property=\"article:modified_time\" content=\"2025-10-11T21:25:34+00:00\" \/>\n<meta property=\"og:image\" content=\"https:\/\/universofamilia.com\/wp-content\/uploads\/sites\/148\/2024\/01\/P-550x350-2-2.jpg\" \/>\n\t<meta property=\"og:image:width\" content=\"550\" \/>\n\t<meta property=\"og:image:height\" content=\"350\" \/>\n\t<meta property=\"og:image:type\" content=\"image\/jpeg\" \/>\n<meta name=\"author\" content=\"Matheus Sangaletti\" \/>\n<meta name=\"twitter:card\" content=\"summary_large_image\" \/>\n<meta name=\"twitter:label1\" content=\"Written by\" \/>\n\t<meta name=\"twitter:data1\" content=\"Matheus Sangaletti\" \/>\n\t<meta name=\"twitter:label2\" content=\"Est. reading time\" \/>\n\t<meta name=\"twitter:data2\" content=\"4 perc\" \/>\n<script type=\"application\/ld+json\" class=\"yoast-schema-graph\">{\"@context\":\"https:\/\/schema.org\",\"@graph\":[{\"@type\":\"WebPage\",\"@id\":\"https:\/\/universofamilia.com\/hr\/como-recuperar-fotos-eliminadas-en-el-telefono-movil\/\",\"url\":\"https:\/\/universofamilia.com\/hr\/como-recuperar-fotos-eliminadas-en-el-telefono-movil\/\",\"name\":\"C\u00f3mo Recuperar Fotos Eliminadas en el Tel\u00e9fono M\u00f3vil - Universo Fam\u00edlia\",\"isPartOf\":{\"@id\":\"https:\/\/universofamilia.com\/el\/#website\"},\"primaryImageOfPage\":{\"@id\":\"https:\/\/universofamilia.com\/hr\/como-recuperar-fotos-eliminadas-en-el-telefono-movil\/#primaryimage\"},\"image\":{\"@id\":\"https:\/\/universofamilia.com\/hr\/como-recuperar-fotos-eliminadas-en-el-telefono-movil\/#primaryimage\"},\"thumbnailUrl\":\"https:\/\/universofamilia.com\/wp-content\/uploads\/sites\/148\/2024\/01\/P-550x350-2-2.jpg\",\"datePublished\":\"2024-01-13T01:01:22+00:00\",\"dateModified\":\"2025-10-11T21:25:34+00:00\",\"author\":{\"@id\":\"https:\/\/universofamilia.com\/el\/#\/schema\/person\/92fcd07e9b1f4323bf74f3170fc0f78a\"},\"description\":\"C\u00f3mo Recuperar Fotos Eliminadas en el Tel\u00e9fono M\u00f3vil. Nuestros tel\u00e9fonos inteligentes se han convertido en verdaderos dep\u00f3sitos de memorias..\",\"breadcrumb\":{\"@id\":\"https:\/\/universofamilia.com\/hr\/como-recuperar-fotos-eliminadas-en-el-telefono-movil\/#breadcrumb\"},\"inLanguage\":\"hu\",\"potentialAction\":[{\"@type\":\"ReadAction\",\"target\":[\"https:\/\/universofamilia.com\/hr\/como-recuperar-fotos-eliminadas-en-el-telefono-movil\/\"]}]},{\"@type\":\"ImageObject\",\"inLanguage\":\"hu\",\"@id\":\"https:\/\/universofamilia.com\/hr\/como-recuperar-fotos-eliminadas-en-el-telefono-movil\/#primaryimage\",\"url\":\"https:\/\/universofamilia.com\/wp-content\/uploads\/sites\/148\/2024\/01\/P-550x350-2-2.jpg\",\"contentUrl\":\"https:\/\/universofamilia.com\/wp-content\/uploads\/sites\/148\/2024\/01\/P-550x350-2-2.jpg\",\"width\":550,\"height\":350,\"caption\":\"C\u00f3mo Recuperar Fotos Eliminadas en el Tel\u00e9fono M\u00f3vil\"},{\"@type\":\"BreadcrumbList\",\"@id\":\"https:\/\/universofamilia.com\/hr\/como-recuperar-fotos-eliminadas-en-el-telefono-movil\/#breadcrumb\",\"itemListElement\":[{\"@type\":\"ListItem\",\"position\":1,\"name\":\"Home\",\"item\":\"https:\/\/universofamilia.com\/el\/\"},{\"@type\":\"ListItem\",\"position\":2,\"name\":\"C\u00f3mo Recuperar Fotos Eliminadas en el Tel\u00e9fono M\u00f3vil\"}]},{\"@type\":\"WebSite\",\"@id\":\"https:\/\/universofamilia.com\/el\/#website\",\"url\":\"https:\/\/universofamilia.com\/el\/\",\"name\":\"Universo Fam\u00edlia\",\"description\":\"\",\"potentialAction\":[{\"@type\":\"SearchAction\",\"target\":{\"@type\":\"EntryPoint\",\"urlTemplate\":\"https:\/\/universofamilia.com\/el\/?s={search_term_string}\"},\"query-input\":\"required name=search_term_string\"}],\"inLanguage\":\"hu\"},{\"@type\":\"Person\",\"@id\":\"https:\/\/universofamilia.com\/el\/#\/schema\/person\/92fcd07e9b1f4323bf74f3170fc0f78a\",\"name\":\"Matheus Sangaletti\",\"image\":{\"@type\":\"ImageObject\",\"inLanguage\":\"hu\",\"@id\":\"https:\/\/universofamilia.com\/el\/#\/schema\/person\/image\/\",\"url\":\"https:\/\/secure.gravatar.com\/avatar\/280ea957a14a48e6a1ad2133d2cc27c9?s=96&d=mm&r=g\",\"contentUrl\":\"https:\/\/secure.gravatar.com\/avatar\/280ea957a14a48e6a1ad2133d2cc27c9?s=96&d=mm&r=g\",\"caption\":\"Matheus Sangaletti\"},\"url\":\"https:\/\/universofamilia.com\/hu\/author\/matheuss\/\"}]}<\/script>\n<!-- \/ Yoast SEO plugin. -->","yoast_head_json":{"title":"C\u00f3mo Recuperar Fotos Eliminadas en el Tel\u00e9fono M\u00f3vil - Universo Fam\u00edlia","description":"C\u00f3mo Recuperar Fotos Eliminadas en el Tel\u00e9fono M\u00f3vil. Nuestros tel\u00e9fonos inteligentes se han convertido en verdaderos dep\u00f3sitos de memorias..","robots":{"index":"index","follow":"follow","max-snippet":"max-snippet:-1","max-image-preview":"max-image-preview:large","max-video-preview":"max-video-preview:-1"},"canonical":"https:\/\/universofamilia.com\/hu\/como-recuperar-fotos-eliminadas-en-el-telefono-movil\/","og_locale":"hu_HU","og_type":"article","og_title":"C\u00f3mo Recuperar Fotos Eliminadas en el Tel\u00e9fono M\u00f3vil - Universo Fam\u00edlia","og_description":"C\u00f3mo Recuperar Fotos Eliminadas en el Tel\u00e9fono M\u00f3vil. Nuestros tel\u00e9fonos inteligentes se han convertido en verdaderos dep\u00f3sitos de memorias..","og_url":"https:\/\/universofamilia.com\/hu\/como-recuperar-fotos-eliminadas-en-el-telefono-movil\/","og_site_name":"Universo Fam\u00edlia","article_published_time":"2024-01-13T01:01:22+00:00","article_modified_time":"2025-10-11T21:25:34+00:00","og_image":[{"width":550,"height":350,"url":"https:\/\/universofamilia.com\/wp-content\/uploads\/sites\/148\/2024\/01\/P-550x350-2-2.jpg","type":"image\/jpeg"}],"author":"Matheus Sangaletti","twitter_card":"summary_large_image","twitter_misc":{"Written by":"Matheus Sangaletti","Est. reading time":"4 perc"},"schema":{"@context":"https:\/\/schema.org","@graph":[{"@type":"WebPage","@id":"https:\/\/universofamilia.com\/hr\/como-recuperar-fotos-eliminadas-en-el-telefono-movil\/","url":"https:\/\/universofamilia.com\/hr\/como-recuperar-fotos-eliminadas-en-el-telefono-movil\/","name":"C\u00f3mo Recuperar Fotos Eliminadas en el Tel\u00e9fono M\u00f3vil - Universo Fam\u00edlia","isPartOf":{"@id":"https:\/\/universofamilia.com\/el\/#website"},"primaryImageOfPage":{"@id":"https:\/\/universofamilia.com\/hr\/como-recuperar-fotos-eliminadas-en-el-telefono-movil\/#primaryimage"},"image":{"@id":"https:\/\/universofamilia.com\/hr\/como-recuperar-fotos-eliminadas-en-el-telefono-movil\/#primaryimage"},"thumbnailUrl":"https:\/\/universofamilia.com\/wp-content\/uploads\/sites\/148\/2024\/01\/P-550x350-2-2.jpg","datePublished":"2024-01-13T01:01:22+00:00","dateModified":"2025-10-11T21:25:34+00:00","author":{"@id":"https:\/\/universofamilia.com\/el\/#\/schema\/person\/92fcd07e9b1f4323bf74f3170fc0f78a"},"description":"C\u00f3mo Recuperar Fotos Eliminadas en el Tel\u00e9fono M\u00f3vil. Nuestros tel\u00e9fonos inteligentes se han convertido en verdaderos dep\u00f3sitos de memorias..","breadcrumb":{"@id":"https:\/\/universofamilia.com\/hr\/como-recuperar-fotos-eliminadas-en-el-telefono-movil\/#breadcrumb"},"inLanguage":"hu","potentialAction":[{"@type":"ReadAction","target":["https:\/\/universofamilia.com\/hr\/como-recuperar-fotos-eliminadas-en-el-telefono-movil\/"]}]},{"@type":"ImageObject","inLanguage":"hu","@id":"https:\/\/universofamilia.com\/hr\/como-recuperar-fotos-eliminadas-en-el-telefono-movil\/#primaryimage","url":"https:\/\/universofamilia.com\/wp-content\/uploads\/sites\/148\/2024\/01\/P-550x350-2-2.jpg","contentUrl":"https:\/\/universofamilia.com\/wp-content\/uploads\/sites\/148\/2024\/01\/P-550x350-2-2.jpg","width":550,"height":350,"caption":"C\u00f3mo Recuperar Fotos Eliminadas en el Tel\u00e9fono M\u00f3vil"},{"@type":"BreadcrumbList","@id":"https:\/\/universofamilia.com\/hr\/como-recuperar-fotos-eliminadas-en-el-telefono-movil\/#breadcrumb","itemListElement":[{"@type":"ListItem","position":1,"name":"Home","item":"https:\/\/universofamilia.com\/el\/"},{"@type":"ListItem","position":2,"name":"C\u00f3mo Recuperar Fotos Eliminadas en el Tel\u00e9fono M\u00f3vil"}]},{"@type":"WebSite","@id":"https:\/\/universofamilia.com\/el\/#website","url":"https:\/\/universofamilia.com\/el\/","name":"Universo Fam\u00edlia","description":"","potentialAction":[{"@type":"SearchAction","target":{"@type":"EntryPoint","urlTemplate":"https:\/\/universofamilia.com\/el\/?s={search_term_string}"},"query-input":"required name=search_term_string"}],"inLanguage":"hu"},{"@type":"Person","@id":"https:\/\/universofamilia.com\/el\/#\/schema\/person\/92fcd07e9b1f4323bf74f3170fc0f78a","name":"Matheus Sangaletti","image":{"@type":"ImageObject","inLanguage":"hu","@id":"https:\/\/universofamilia.com\/el\/#\/schema\/person\/image\/","url":"https:\/\/secure.gravatar.com\/avatar\/280ea957a14a48e6a1ad2133d2cc27c9?s=96&d=mm&r=g","contentUrl":"https:\/\/secure.gravatar.com\/avatar\/280ea957a14a48e6a1ad2133d2cc27c9?s=96&d=mm&r=g","caption":"Matheus Sangaletti"},"url":"https:\/\/universofamilia.com\/hu\/author\/matheuss\/"}]}},"_links":{"self":[{"href":"https:\/\/universofamilia.com\/hu\/wp-json\/wp\/v2\/posts\/4856"}],"collection":[{"href":"https:\/\/universofamilia.com\/hu\/wp-json\/wp\/v2\/posts"}],"about":[{"href":"https:\/\/universofamilia.com\/hu\/wp-json\/wp\/v2\/types\/post"}],"author":[{"embeddable":true,"href":"https:\/\/universofamilia.com\/hu\/wp-json\/wp\/v2\/users\/219"}],"replies":[{"embeddable":true,"href":"https:\/\/universofamilia.com\/hu\/wp-json\/wp\/v2\/comments?post=4856"}],"version-history":[{"count":1,"href":"https:\/\/universofamilia.com\/hu\/wp-json\/wp\/v2\/posts\/4856\/revisions"}],"predecessor-version":[{"id":9999,"href":"https:\/\/universofamilia.com\/hu\/wp-json\/wp\/v2\/posts\/4856\/revisions\/9999"}],"wp:featuredmedia":[{"embeddable":true,"href":"https:\/\/universofamilia.com\/hu\/wp-json\/wp\/v2\/media\/4859"}],"wp:attachment":[{"href":"https:\/\/universofamilia.com\/hu\/wp-json\/wp\/v2\/media?parent=4856"}],"wp:term":[{"taxonomy":"category","embeddable":true,"href":"https:\/\/universofamilia.com\/hu\/wp-json\/wp\/v2\/categories?post=4856"},{"taxonomy":"post_tag","embeddable":true,"href":"https:\/\/universofamilia.com\/hu\/wp-json\/wp\/v2\/tags?post=4856"}],"curies":[{"name":"wp","href":"https:\/\/api.w.org\/{rel}","templated":true}]}}