{"id":5099,"date":"2024-01-30T20:13:27","date_gmt":"2024-01-30T20:13:27","guid":{"rendered":"https:\/\/universofamilia.com\/?p=5099"},"modified":"2025-01-28T13:10:41","modified_gmt":"2025-01-28T13:10:41","slug":"restaurar-fotos-eliminadas-en-el-telefono-movil","status":"publish","type":"post","link":"https:\/\/universofamilia.com\/hu\/restaurar-fotos-eliminadas-en-el-telefono-movil\/","title":{"rendered":"T\u00f6r\u00f6lt fot\u00f3k vissza\u00e1ll\u00edt\u00e1sa mobiltelefonon"},"content":{"rendered":"<p>A f\u00e9nyk\u00e9pek var\u00e1zslatos ablakok a m\u00faltba, meg\u00f6r\u00f6k\u00edtve az \u00e9let\u00fcnk fontos pillanatait.<\/p>\n\n\n\n<p>A digit\u00e1lis vil\u00e1gban, ahol az okostelefonok l\u00e9tez\u00e9s\u00fcnk kiterjeszt\u00e9seiv\u00e9 v\u00e1ltak, a f\u00e9nyk\u00e9pek v\u00e9letlen t\u00f6rl\u00e9se helyrehozhatatlan vesztes\u00e9gnek t\u0171nhet.<\/p>\n\n\n\n<p>V\u00e9g\u00fcl is ezek a k\u00e9pek nem puszt\u00e1n pixelek egy k\u00e9perny\u0151n, hanem eml\u00e9kek t\u00f6red\u00e9kei, amelyek form\u00e1lj\u00e1k identit\u00e1sunkat \u00e9s \u00f6sszekapcsolnak minket szeretteinkkel.<\/p>\n\n\n\n<h2 class=\"wp-block-heading\">Hogyan haszn\u00e1lhatom ezeket az alkalmaz\u00e1sokat az elveszett eml\u00e9kek visszaszerz\u00e9s\u00e9re?<\/h2>\n\n\n\n<p>Szerencs\u00e9re a technol\u00f3gia hat\u00e9kony megold\u00e1sokat k\u00edn\u00e1l a t\u00f6r\u00f6lt fot\u00f3k helyre\u00e1ll\u00edt\u00e1s\u00e1ra.<\/p>\n\n\n\n<p>K\u00e9t figyelemre m\u00e9lt\u00f3 alkalmaz\u00e1s, a DiskDigger \u00e9s a Photo Recovery emelkedik ki ebb\u0151l a forgat\u00f3k\u00f6nyvb\u0151l, amelyek hat\u00e9kony eszk\u00f6z\u00f6ket k\u00edn\u00e1lnak elveszett digit\u00e1lis eml\u00e9keink vissza\u00e1ll\u00edt\u00e1s\u00e1hoz.<\/p>\n\n\n\n<h2 class=\"wp-block-heading\">L\u00e1sd m\u00e9g<\/h2>\n\n\n\n<ul class=\"wp-block-list\">\n<li><a href=\"https:\/\/universofamilia.com\/hu\/5095\/app-para-identificar-quien-visualiza-tu-perfil-en-redes-sociales\/\">Alkalmaz\u00e1s, amivel azonos\u00edthatod, hogy kik tekintik meg a profilodat a k\u00f6z\u00f6ss\u00e9gi h\u00e1l\u00f3zatokon<\/a><\/li>\n\n\n\n<li><a href=\"https:\/\/universofamilia.com\/hu\/4353\/aplicaciones-para-descubrir-con-que-celebridad-te-pareces\/\">Alkalmaz\u00e1sok, amelyekkel megtudhatod, melyik h\u00edress\u00e9gre hasonl\u00edtasz<\/a><\/li>\n\n\n\n<li><a href=\"https:\/\/universofamilia.com\/hu\/4369\/las-aplicaciones-de-musica-en-el-estado-de-whatsapp\/\">Zenei alkalmaz\u00e1sok a WhatsApp \u00e1llapot\u00e1ban<\/a><\/li>\n<\/ul>\n\n\n\n<h2 class=\"wp-block-heading\">Az alkalmaz\u00e1sok jellemz\u0151inek magyar\u00e1zata<\/h2>\n\n\n\n<h3 class=\"wp-block-heading\">DiskDigger: Digit\u00e1lis kincsek felt\u00e1r\u00e1sa<\/h3>\n\n\n\n<p>A DiskDigger egy \u00e1tfog\u00f3 adat-helyre\u00e1ll\u00edt\u00f3 eszk\u00f6z, amely sz\u00e1mos f\u00e1jlform\u00e1tum vissza\u00e1ll\u00edt\u00e1s\u00e1ban kiv\u00e1l\u00f3an alkalmas.<\/p>\n\n\n\n<p>Ak\u00e1r v\u00e9letlen\u00fcl t\u00f6r\u00f6lt f\u00e9nyk\u00e9pr\u0151l, ak\u00e1r elveszett vide\u00f3r\u00f3l van sz\u00f3, a DiskDigger \u00e1tvizsg\u00e1lja az eszk\u00f6z t\u00e1rhely\u00e9t digit\u00e1lis nyomok ut\u00e1n kutatva.<\/p>\n\n\n\n<h4 class=\"wp-block-heading\">A DiskDigger f\u0151bb jellemz\u0151i a k\u00f6vetkez\u0151k:<\/h4>\n\n\n\n<ol class=\"wp-block-list\">\n<li><strong>M\u00e9lyszkennel\u00e9s:<\/strong> Az alkalmaz\u00e1s m\u00e9lyrehat\u00f3 vizsg\u00e1latot v\u00e9gez az eszk\u00f6z t\u00e1rhely\u00e9n, olyan adatt\u00f6red\u00e9keket keresve, amelyek helyre\u00e1ll\u00edthat\u00f3k.<\/li>\n\n\n\n<li><strong>El\u0151n\u00e9zet a helyre\u00e1ll\u00edt\u00e1s el\u0151tt:<\/strong> A helyre\u00e1ll\u00edt\u00e1s v\u00e9grehajt\u00e1sa el\u0151tt a DiskDigger lehet\u0151v\u00e9 teszi a felhaszn\u00e1l\u00f3k sz\u00e1m\u00e1ra a helyre\u00e1ll\u00edthat\u00f3 k\u00e9pek el\u0151n\u00e9zet\u00e9t, biztos\u00edtva, hogy csak a k\u00edv\u00e1nt f\u00e1jlok legyenek vissza\u00e1ll\u00edtva.<\/li>\n\n\n\n<li><strong>K\u00fcl\u00f6nb\u00f6z\u0151 m\u00e9diat\u00edpusok t\u00e1mogat\u00e1sa:<\/strong> A f\u00e9nyk\u00e9pek mellett a DiskDigger vide\u00f3kat \u00e9s m\u00e1s f\u00e1jlt\u00edpusokat is k\u00e9pes helyre\u00e1ll\u00edtani, \u00edgy teljes k\u00f6r\u0171 megold\u00e1st k\u00edn\u00e1l az adatveszt\u00e9sre.<\/li>\n<\/ol>\n\n\n\n<h3 class=\"wp-block-heading\"><strong>Fot\u00f3ment\u00e9s: \u00c9rt\u00e9kes pillanatok megment\u00e9se<\/strong><\/h3>\n\n\n\n<p>A Photo Recovery kifejezetten az elveszett f\u00e9nyk\u00e9pek helyre\u00e1ll\u00edt\u00e1s\u00e1ra \u00f6sszpontos\u00edt, egyszer\u0171 \u00e9s k\u00f6nnyen \u00e9rthet\u0151 fel\u00fclettel, amely megk\u00f6nny\u00edti a helyre\u00e1ll\u00edt\u00e1si folyamatot.<\/p>\n\n\n\n<h4 class=\"wp-block-heading\">A Photo Recovery kiemelt funkci\u00f3i a k\u00f6vetkez\u0151k:<\/h4>\n\n\n\n<ol class=\"wp-block-list\">\n<li><strong>Gyors m\u00f3d \u00e9s teljes m\u00f3d:<\/strong> A felhaszn\u00e1l\u00f3k a helyre\u00e1ll\u00edt\u00e1s s\u00fcrg\u0151ss\u00e9g\u00e9t\u0151l \u00e9s \u00f6sszetetts\u00e9g\u00e9t\u0151l f\u00fcgg\u0151en v\u00e1laszthatnak gyors vagy teljes vizsg\u00e1latot.<\/li>\n\n\n\n<li><strong>Kateg\u00f3ri\u00e1k szerinti rendez\u00e9s:<\/strong> Az alkalmaz\u00e1s kateg\u00f3ri\u00e1kba rendezi a vissza\u00e1ll\u00edtott f\u00e9nyk\u00e9peket, \u00edgy k\u00f6nnyen megtal\u00e1lhatja \u00e9s kiv\u00e1laszthatja a k\u00edv\u00e1nt k\u00e9peket.<\/li>\n\n\n\n<li><strong>Egyszer\u0171 export\u00e1l\u00e1s:<\/strong> A helyre\u00e1ll\u00edt\u00e1s ut\u00e1n a f\u00e9nyk\u00e9pek k\u00f6nnyen export\u00e1lhat\u00f3k az eszk\u00f6z fot\u00f3album\u00e1ba, \u00edgy biztos\u00edtva a folyamatos hozz\u00e1f\u00e9rhet\u0151s\u00e9get.<\/li>\n<\/ol>\n\n\n\n<h2 class=\"wp-block-heading\">Mit gondolnak a felhaszn\u00e1l\u00f3k ezekr\u0151l az alkalmaz\u00e1sokr\u00f3l?<\/h2>\n\n\n\n<p>A felhaszn\u00e1l\u00f3i visszajelz\u00e9sek ezekr\u0151l az alkalmaz\u00e1sokr\u00f3l kulcsfontoss\u00e1g\u00faak a gyakorlati hat\u00e9konys\u00e1guk felm\u00e9r\u00e9s\u00e9hez.<\/p>\n\n\n\n<p>Sokan dics\u00e9rik a k\u00f6nny\u0171 haszn\u00e1latot, a helyre\u00e1ll\u00edt\u00e1s gyorsas\u00e1g\u00e1t \u00e9s a k\u00fcl\u00f6nf\u00e9le f\u00e1jlok vissza\u00e1ll\u00edt\u00e1s\u00e1nak k\u00e9pess\u00e9g\u00e9t.<\/p>\n\n\n\n<p>Tov\u00e1bb\u00e1 a vissza\u00e1ll\u00edt\u00e1s el\u0151tti el\u0151n\u00e9zet lehet\u0151s\u00e9g\u00e9t gyakran \u00e9rt\u00e9kes funkci\u00f3k\u00e9nt emelik ki, amely lehet\u0151v\u00e9 teszi a felhaszn\u00e1l\u00f3k sz\u00e1m\u00e1ra, hogy gondosan kiv\u00e1lassz\u00e1k a vissza\u00e1ll\u00edtand\u00f3 elemeket.<\/p>\n\n\n\n<p>R\u00f6viden, mind a DiskDigger, mind a Photo Recovery hat\u00e9kony eszk\u00f6z\u00f6k a t\u00f6r\u00f6lt f\u00e9nyk\u00e9pek helyre\u00e1ll\u00edt\u00e1s\u00e1hoz, \u00e9s a k\u00f6zt\u00fck l\u00e9v\u0151 v\u00e1laszt\u00e1s a felhaszn\u00e1l\u00f3 egyedi ig\u00e9nyeit\u0151l f\u00fcgg.<\/p>\n\n\n<div class=\"wp-block-image\">\n<figure class=\"aligncenter size-full\"><img loading=\"lazy\" decoding=\"async\" width=\"550\" height=\"350\" src=\"http:\/\/universofamilia.com\/wp-content\/uploads\/sites\/148\/2024\/01\/P-550x350-13.jpg\" alt=\"\" class=\"wp-image-5100\" srcset=\"https:\/\/universofamilia.com\/wp-content\/uploads\/sites\/148\/2024\/01\/P-550x350-13.jpg 550w, https:\/\/universofamilia.com\/wp-content\/uploads\/sites\/148\/2024\/01\/P-550x350-13-300x191.jpg 300w\" sizes=\"(max-width: 550px) 100vw, 550px\" \/><figcaption class=\"wp-element-caption\">\u00datmutat\u00f3 a t\u00f6r\u00f6lt f\u00e9nyk\u00e9pek vissza\u00e1ll\u00edt\u00e1s\u00e1hoz a mobiltelefonon<\/figcaption><\/figure><\/div>\n\n\n<h2 class=\"wp-block-heading\">Konkl\u00fazi\u00f3: Digit\u00e1lis eml\u00e9keink meg\u0151rz\u00e9se<\/h2>\n\n\n\n<p>Egy olyan vil\u00e1gban, ahol a kamera minden egyes kattan\u00e1sa m\u00faland\u00f3 pillanatokat \u00f6r\u00f6k\u00edt meg, a f\u00e9nyk\u00e9pek elveszt\u00e9se lehangol\u00f3 lehet.<\/p>\n\n\n\n<p>Azonban olyan alkalmaz\u00e1soknak k\u00f6sz\u00f6nhet\u0151en, mint a DiskDigger \u00e9s a Photo Recovery, megmenthetj\u00fck ezeket az \u00e9rt\u00e9kes eml\u00e9keket.<\/p>\n\n\n\n<p>Ne feledd, hogy a gyorsas\u00e1g kulcsfontoss\u00e1g\u00fa; min\u00e9l el\u0151bb pr\u00f3b\u00e1lod meg vissza\u00e1ll\u00edtani a fot\u00f3idat, ann\u00e1l nagyobb az es\u00e9lyed a sikerre.<\/p>\n\n\n\n<h3 class=\"wp-block-heading\"><strong>Let\u00f6lt\u00e9s most:<\/strong><\/h3>\n\n\n\n<ul class=\"wp-block-list\">\n<li>DiskDigger a k\u00f6vetkez\u0151h\u00f6z: <a href=\"https:\/\/play.google.com\/store\/apps\/details?id=com.defianttech.diskdigger&amp;hl=pt_BR&amp;gl=US\">Android<\/a><\/li>\n\n\n\n<li>Recuva a k\u00f6vetkez\u0151h\u00f6z:<a href=\"https:\/\/play.google.com\/store\/apps\/details?id=com.recovercontacts.rootchecker&amp;hl=pt_BR&amp;gl=US\"> Android<\/a> \/ Yo<a href=\"https:\/\/drfone.wondershare.com.br\/recycle-bin-data\/recuva-iphone.html\">TE<\/a><\/li>\n<\/ul>\n\n\n\n<p>Ne hagyd, hogy az eml\u00e9keid elveszjenek a hatalmas digit\u00e1lis univerzumban. Haszn\u00e1ld b\u00f6lcsen ezeket az eszk\u00f6z\u00f6ket, \u00e9s \u0151rizd meg tov\u00e1bbra is azokat a vizu\u00e1lis narrat\u00edv\u00e1kat, amelyek \u00e9leted sz\u00f6ved\u00e9k\u00e9t alkotj\u00e1k.<\/p>","protected":false},"excerpt":{"rendered":"<p>A f\u00e9nyk\u00e9pek var\u00e1zslatos ablakok a m\u00faltba, amelyek \u00e9rt\u00e9kes pillanatokat \u00f6r\u00f6k\u00edtenek meg, \u00e9s elmes\u00e9lik \u00e9let\u00fcnk t\u00f6rt\u00e9net\u00e9t. A digit\u00e1lis vil\u00e1gban, ahol az okostelefonok l\u00e9tez\u00e9s\u00fcnk kiterjeszt\u00e9seiv\u00e9 v\u00e1ltak, a f\u00e9nyk\u00e9pek v\u00e9letlen t\u00f6rl\u00e9se helyrehozhatatlan vesztes\u00e9gnek t\u0171nhet. V\u00e9g\u00fcl is ezek a k\u00e9pek nem csak pixelek egy k\u00e9perny\u0151n, [\u2026]<\/p>","protected":false},"author":139,"featured_media":5100,"comment_status":"closed","ping_status":"open","sticky":false,"template":"","format":"standard","meta":{"footnotes":""},"categories":[2],"tags":[110,151,1536],"yoast_head":"<!-- This site is optimized with the Yoast SEO plugin v23.3 - https:\/\/yoast.com\/wordpress\/plugins\/seo\/ -->\n<title>Restaurar Fotos Eliminadas en el Tel\u00e9fono M\u00f3vil - Universo Fam\u00edlia<\/title>\n<meta name=\"description\" content=\"Restaurar Fotos Eliminadas en el Tel\u00e9fono M\u00f3vil. Las fotograf\u00edas son ventanas m\u00e1gicas al pasado, capturando momentos...\" \/>\n<meta name=\"robots\" content=\"index, follow, max-snippet:-1, max-image-preview:large, max-video-preview:-1\" \/>\n<link rel=\"canonical\" href=\"https:\/\/universofamilia.com\/hu\/restaurar-fotos-eliminadas-en-el-telefono-movil\/\" \/>\n<meta property=\"og:locale\" content=\"hu_HU\" \/>\n<meta property=\"og:type\" content=\"article\" \/>\n<meta property=\"og:title\" content=\"Restaurar Fotos Eliminadas en el Tel\u00e9fono M\u00f3vil - Universo Fam\u00edlia\" \/>\n<meta property=\"og:description\" content=\"Restaurar Fotos Eliminadas en el Tel\u00e9fono M\u00f3vil. Las fotograf\u00edas son ventanas m\u00e1gicas al pasado, capturando momentos...\" \/>\n<meta property=\"og:url\" content=\"https:\/\/universofamilia.com\/hu\/restaurar-fotos-eliminadas-en-el-telefono-movil\/\" \/>\n<meta property=\"og:site_name\" content=\"Universo Fam\u00edlia\" \/>\n<meta property=\"article:published_time\" content=\"2024-01-30T20:13:27+00:00\" \/>\n<meta property=\"article:modified_time\" content=\"2025-01-28T13:10:41+00:00\" \/>\n<meta property=\"og:image\" content=\"https:\/\/universofamilia.com\/wp-content\/uploads\/sites\/148\/2024\/01\/P-550x350-13.jpg\" \/>\n\t<meta property=\"og:image:width\" content=\"550\" \/>\n\t<meta property=\"og:image:height\" content=\"350\" \/>\n\t<meta property=\"og:image:type\" content=\"image\/jpeg\" \/>\n<meta name=\"author\" content=\"Pedro Henrique\" \/>\n<meta name=\"twitter:card\" content=\"summary_large_image\" \/>\n<meta name=\"twitter:label1\" content=\"Written by\" \/>\n\t<meta name=\"twitter:data1\" content=\"Pedro Henrique\" \/>\n\t<meta name=\"twitter:label2\" content=\"Est. reading time\" \/>\n\t<meta name=\"twitter:data2\" content=\"4 perc\" \/>\n<script type=\"application\/ld+json\" class=\"yoast-schema-graph\">{\"@context\":\"https:\/\/schema.org\",\"@graph\":[{\"@type\":\"WebPage\",\"@id\":\"https:\/\/universofamilia.com\/ja\/restaurar-fotos-eliminadas-en-el-telefono-movil\/\",\"url\":\"https:\/\/universofamilia.com\/ja\/restaurar-fotos-eliminadas-en-el-telefono-movil\/\",\"name\":\"Restaurar Fotos Eliminadas en el Tel\u00e9fono M\u00f3vil - Universo Fam\u00edlia\",\"isPartOf\":{\"@id\":\"https:\/\/universofamilia.com\/el\/#website\"},\"primaryImageOfPage\":{\"@id\":\"https:\/\/universofamilia.com\/ja\/restaurar-fotos-eliminadas-en-el-telefono-movil\/#primaryimage\"},\"image\":{\"@id\":\"https:\/\/universofamilia.com\/ja\/restaurar-fotos-eliminadas-en-el-telefono-movil\/#primaryimage\"},\"thumbnailUrl\":\"https:\/\/universofamilia.com\/wp-content\/uploads\/sites\/148\/2024\/01\/P-550x350-13.jpg\",\"datePublished\":\"2024-01-30T20:13:27+00:00\",\"dateModified\":\"2025-01-28T13:10:41+00:00\",\"author\":{\"@id\":\"https:\/\/universofamilia.com\/el\/#\/schema\/person\/f07ce98187dd84d31154262e79b3b7ca\"},\"description\":\"Restaurar Fotos Eliminadas en el Tel\u00e9fono M\u00f3vil. Las fotograf\u00edas son ventanas m\u00e1gicas al pasado, capturando momentos...\",\"breadcrumb\":{\"@id\":\"https:\/\/universofamilia.com\/ja\/restaurar-fotos-eliminadas-en-el-telefono-movil\/#breadcrumb\"},\"inLanguage\":\"hu\",\"potentialAction\":[{\"@type\":\"ReadAction\",\"target\":[\"https:\/\/universofamilia.com\/ja\/restaurar-fotos-eliminadas-en-el-telefono-movil\/\"]}]},{\"@type\":\"ImageObject\",\"inLanguage\":\"hu\",\"@id\":\"https:\/\/universofamilia.com\/ja\/restaurar-fotos-eliminadas-en-el-telefono-movil\/#primaryimage\",\"url\":\"https:\/\/universofamilia.com\/wp-content\/uploads\/sites\/148\/2024\/01\/P-550x350-13.jpg\",\"contentUrl\":\"https:\/\/universofamilia.com\/wp-content\/uploads\/sites\/148\/2024\/01\/P-550x350-13.jpg\",\"width\":550,\"height\":350,\"caption\":\"Una Gu\u00eda para Restaurar Fotos Eliminadas en el Tel\u00e9fono M\u00f3vil\"},{\"@type\":\"BreadcrumbList\",\"@id\":\"https:\/\/universofamilia.com\/ja\/restaurar-fotos-eliminadas-en-el-telefono-movil\/#breadcrumb\",\"itemListElement\":[{\"@type\":\"ListItem\",\"position\":1,\"name\":\"Home\",\"item\":\"https:\/\/universofamilia.com\/el\/\"},{\"@type\":\"ListItem\",\"position\":2,\"name\":\"Restaurar Fotos Eliminadas en el Tel\u00e9fono M\u00f3vil\"}]},{\"@type\":\"WebSite\",\"@id\":\"https:\/\/universofamilia.com\/el\/#website\",\"url\":\"https:\/\/universofamilia.com\/el\/\",\"name\":\"Universo Fam\u00edlia\",\"description\":\"\",\"potentialAction\":[{\"@type\":\"SearchAction\",\"target\":{\"@type\":\"EntryPoint\",\"urlTemplate\":\"https:\/\/universofamilia.com\/el\/?s={search_term_string}\"},\"query-input\":\"required name=search_term_string\"}],\"inLanguage\":\"hu\"},{\"@type\":\"Person\",\"@id\":\"https:\/\/universofamilia.com\/el\/#\/schema\/person\/f07ce98187dd84d31154262e79b3b7ca\",\"name\":\"Pedro Henrique\",\"image\":{\"@type\":\"ImageObject\",\"inLanguage\":\"hu\",\"@id\":\"https:\/\/universofamilia.com\/el\/#\/schema\/person\/image\/\",\"url\":\"https:\/\/secure.gravatar.com\/avatar\/9edfeb808cb4e1599f64d6e45b130154?s=96&d=mm&r=g\",\"contentUrl\":\"https:\/\/secure.gravatar.com\/avatar\/9edfeb808cb4e1599f64d6e45b130154?s=96&d=mm&r=g\",\"caption\":\"Pedro Henrique\"},\"url\":\"https:\/\/universofamilia.com\/hu\/author\/editor01\/\"}]}<\/script>\n<!-- \/ Yoast SEO plugin. -->","yoast_head_json":{"title":"Restaurar Fotos Eliminadas en el Tel\u00e9fono M\u00f3vil - Universo Fam\u00edlia","description":"Restaurar Fotos Eliminadas en el Tel\u00e9fono M\u00f3vil. Las fotograf\u00edas son ventanas m\u00e1gicas al pasado, capturando momentos...","robots":{"index":"index","follow":"follow","max-snippet":"max-snippet:-1","max-image-preview":"max-image-preview:large","max-video-preview":"max-video-preview:-1"},"canonical":"https:\/\/universofamilia.com\/hu\/restaurar-fotos-eliminadas-en-el-telefono-movil\/","og_locale":"hu_HU","og_type":"article","og_title":"Restaurar Fotos Eliminadas en el Tel\u00e9fono M\u00f3vil - Universo Fam\u00edlia","og_description":"Restaurar Fotos Eliminadas en el Tel\u00e9fono M\u00f3vil. Las fotograf\u00edas son ventanas m\u00e1gicas al pasado, capturando momentos...","og_url":"https:\/\/universofamilia.com\/hu\/restaurar-fotos-eliminadas-en-el-telefono-movil\/","og_site_name":"Universo Fam\u00edlia","article_published_time":"2024-01-30T20:13:27+00:00","article_modified_time":"2025-01-28T13:10:41+00:00","og_image":[{"width":550,"height":350,"url":"https:\/\/universofamilia.com\/wp-content\/uploads\/sites\/148\/2024\/01\/P-550x350-13.jpg","type":"image\/jpeg"}],"author":"Pedro Henrique","twitter_card":"summary_large_image","twitter_misc":{"Written by":"Pedro Henrique","Est. reading time":"4 perc"},"schema":{"@context":"https:\/\/schema.org","@graph":[{"@type":"WebPage","@id":"https:\/\/universofamilia.com\/ja\/restaurar-fotos-eliminadas-en-el-telefono-movil\/","url":"https:\/\/universofamilia.com\/ja\/restaurar-fotos-eliminadas-en-el-telefono-movil\/","name":"Restaurar Fotos Eliminadas en el Tel\u00e9fono M\u00f3vil - Universo Fam\u00edlia","isPartOf":{"@id":"https:\/\/universofamilia.com\/el\/#website"},"primaryImageOfPage":{"@id":"https:\/\/universofamilia.com\/ja\/restaurar-fotos-eliminadas-en-el-telefono-movil\/#primaryimage"},"image":{"@id":"https:\/\/universofamilia.com\/ja\/restaurar-fotos-eliminadas-en-el-telefono-movil\/#primaryimage"},"thumbnailUrl":"https:\/\/universofamilia.com\/wp-content\/uploads\/sites\/148\/2024\/01\/P-550x350-13.jpg","datePublished":"2024-01-30T20:13:27+00:00","dateModified":"2025-01-28T13:10:41+00:00","author":{"@id":"https:\/\/universofamilia.com\/el\/#\/schema\/person\/f07ce98187dd84d31154262e79b3b7ca"},"description":"Restaurar Fotos Eliminadas en el Tel\u00e9fono M\u00f3vil. Las fotograf\u00edas son ventanas m\u00e1gicas al pasado, capturando momentos...","breadcrumb":{"@id":"https:\/\/universofamilia.com\/ja\/restaurar-fotos-eliminadas-en-el-telefono-movil\/#breadcrumb"},"inLanguage":"hu","potentialAction":[{"@type":"ReadAction","target":["https:\/\/universofamilia.com\/ja\/restaurar-fotos-eliminadas-en-el-telefono-movil\/"]}]},{"@type":"ImageObject","inLanguage":"hu","@id":"https:\/\/universofamilia.com\/ja\/restaurar-fotos-eliminadas-en-el-telefono-movil\/#primaryimage","url":"https:\/\/universofamilia.com\/wp-content\/uploads\/sites\/148\/2024\/01\/P-550x350-13.jpg","contentUrl":"https:\/\/universofamilia.com\/wp-content\/uploads\/sites\/148\/2024\/01\/P-550x350-13.jpg","width":550,"height":350,"caption":"Una Gu\u00eda para Restaurar Fotos Eliminadas en el Tel\u00e9fono M\u00f3vil"},{"@type":"BreadcrumbList","@id":"https:\/\/universofamilia.com\/ja\/restaurar-fotos-eliminadas-en-el-telefono-movil\/#breadcrumb","itemListElement":[{"@type":"ListItem","position":1,"name":"Home","item":"https:\/\/universofamilia.com\/el\/"},{"@type":"ListItem","position":2,"name":"Restaurar Fotos Eliminadas en el Tel\u00e9fono M\u00f3vil"}]},{"@type":"WebSite","@id":"https:\/\/universofamilia.com\/el\/#website","url":"https:\/\/universofamilia.com\/el\/","name":"Universo Fam\u00edlia","description":"","potentialAction":[{"@type":"SearchAction","target":{"@type":"EntryPoint","urlTemplate":"https:\/\/universofamilia.com\/el\/?s={search_term_string}"},"query-input":"required name=search_term_string"}],"inLanguage":"hu"},{"@type":"Person","@id":"https:\/\/universofamilia.com\/el\/#\/schema\/person\/f07ce98187dd84d31154262e79b3b7ca","name":"Pedro Henrique","image":{"@type":"ImageObject","inLanguage":"hu","@id":"https:\/\/universofamilia.com\/el\/#\/schema\/person\/image\/","url":"https:\/\/secure.gravatar.com\/avatar\/9edfeb808cb4e1599f64d6e45b130154?s=96&d=mm&r=g","contentUrl":"https:\/\/secure.gravatar.com\/avatar\/9edfeb808cb4e1599f64d6e45b130154?s=96&d=mm&r=g","caption":"Pedro Henrique"},"url":"https:\/\/universofamilia.com\/hu\/author\/editor01\/"}]}},"_links":{"self":[{"href":"https:\/\/universofamilia.com\/hu\/wp-json\/wp\/v2\/posts\/5099"}],"collection":[{"href":"https:\/\/universofamilia.com\/hu\/wp-json\/wp\/v2\/posts"}],"about":[{"href":"https:\/\/universofamilia.com\/hu\/wp-json\/wp\/v2\/types\/post"}],"author":[{"embeddable":true,"href":"https:\/\/universofamilia.com\/hu\/wp-json\/wp\/v2\/users\/139"}],"replies":[{"embeddable":true,"href":"https:\/\/universofamilia.com\/hu\/wp-json\/wp\/v2\/comments?post=5099"}],"version-history":[{"count":1,"href":"https:\/\/universofamilia.com\/hu\/wp-json\/wp\/v2\/posts\/5099\/revisions"}],"predecessor-version":[{"id":8353,"href":"https:\/\/universofamilia.com\/hu\/wp-json\/wp\/v2\/posts\/5099\/revisions\/8353"}],"wp:featuredmedia":[{"embeddable":true,"href":"https:\/\/universofamilia.com\/hu\/wp-json\/wp\/v2\/media\/5100"}],"wp:attachment":[{"href":"https:\/\/universofamilia.com\/hu\/wp-json\/wp\/v2\/media?parent=5099"}],"wp:term":[{"taxonomy":"category","embeddable":true,"href":"https:\/\/universofamilia.com\/hu\/wp-json\/wp\/v2\/categories?post=5099"},{"taxonomy":"post_tag","embeddable":true,"href":"https:\/\/universofamilia.com\/hu\/wp-json\/wp\/v2\/tags?post=5099"}],"curies":[{"name":"wp","href":"https:\/\/api.w.org\/{rel}","templated":true}]}}