{"id":5133,"date":"2024-02-02T22:19:55","date_gmt":"2024-02-02T22:19:55","guid":{"rendered":"https:\/\/universofamilia.com\/?p=5133"},"modified":"2025-10-13T16:27:50","modified_gmt":"2025-10-13T19:27:50","slug":"ahora-escucha-la-santa-biblia-en-tu-movil-y-la-palabra-del-dia","status":"publish","type":"post","link":"https:\/\/universofamilia.com\/hu\/ahora-escucha-la-santa-biblia-en-tu-movil-y-la-palabra-del-dia\/","title":{"rendered":"Most hallgasd a Szent Bibli\u00e1t a mobilodon \u00e9s a nap szav\u00e1t"},"content":{"rendered":"<p>Lelki utunkon a bibliaolvas\u00e1s alapvet\u0151 szerepet j\u00e1tszik, eligaz\u00edt minket a hit \u00f6sv\u00e9nyein, \u00e9s m\u00e9lyebb meg\u00e9rt\u00e9st k\u00edn\u00e1l az isteni c\u00e9lr\u00f3l. Most hallgasd a Szent Bibli\u00e1t a telefonodon \u00e9s a Nap Ig\u00e9j\u00e9t.<\/p>\n\n\n\n<p>Isten Ig\u00e9je egy jelz\u0151f\u00e9ny, amely megvil\u00e1g\u00edtja utjainkat, vigaszt, \u00fatmutat\u00e1st \u00e9s rem\u00e9nyt ny\u00fajt.<\/p>\n\n\n\n<p>Egy egyre ink\u00e1bb digit\u00e1lisan \u00f6sszekapcsolt vil\u00e1gban a bibliahallgat\u00f3 \u00e9s -olvas\u00f3 alkalmaz\u00e1sok haszn\u00e1lata \u00e9rt\u00e9kes eszk\u00f6zz\u00e9 v\u00e1lt sok h\u00edv\u0151 sz\u00e1m\u00e1ra.<\/p>\n\n\n\n<h2 class=\"wp-block-heading\"><strong>A Biblia olvas\u00e1s\u00e1nak fontoss\u00e1ga<\/strong><\/h2>\n\n\n\n<p>A bibliaolvas\u00e1s egy olyan gyakorlat, amely \u00e1tl\u00e9pi az id\u0151 hat\u00e1rait, k\u00f6zvetlen kapcsolatot biztos\u00edt a spiritualit\u00e1ssal \u00e9s az isteni tan\u00edt\u00e1sok m\u00e9lyebb meg\u00e9rt\u00e9s\u00e9hez vezet.<\/p>\n\n\n\n<p>Ezeken a szent lapokon kereszt\u00fcl tal\u00e1lunk v\u00e1laszt a l\u00e9lek legm\u00e9lyebb k\u00e9rd\u00e9seire, \u00e9s fedezz\u00fck fel az utat egy teljes \u00e9s \u00e9rtelmes \u00e9lethez.<\/p>\n\n\n\n<p>A Biblia t\u00f6bb k\u00f6nyvb\u0151l \u00e1ll, amelyek mindegyike egyedi perspekt\u00edv\u00e1t k\u00edn\u00e1l a hitr\u0151l, az erk\u00f6lcsr\u0151l \u00e9s az emberi viselked\u00e9sr\u0151l.<\/p>\n\n\n\n<h2 class=\"wp-block-heading\">L\u00e1sd m\u00e9g<\/h2>\n\n\n\n<ul>\n<li><a href=\"https:\/\/universofamilia.com\/hu\/4338\/las-mejores-aplicaciones-para-ver-peliculas-y-series\/\">A legjobb alkalmaz\u00e1sok filmek \u00e9s sorozatok n\u00e9z\u00e9s\u00e9hez<\/a><\/li>\n\n\n\n<li><a href=\"https:\/\/universofamilia.com\/hu\/4399\/aplicaciones-para-la-identificacion-de-plantas\/\">N\u00f6v\u00e9nyazonos\u00edt\u00e1si k\u00e9relmek<\/a><\/li>\n\n\n\n<li><a href=\"https:\/\/universofamilia.com\/hu\/4353\/aplicaciones-para-descubrir-con-que-celebridad-te-pareces\/\">Alkalmaz\u00e1sok, amelyekkel megtudhatod, melyik h\u00edress\u00e9gre hasonl\u00edtasz<\/a><\/li>\n\n\n\n<li><a href=\"https:\/\/universofamilia.com\/hu\/4369\/las-aplicaciones-de-musica-en-el-estado-de-whatsapp\/\">Zenei alkalmaz\u00e1sok a WhatsApp \u00e1llapot\u00e1ban<\/a><\/li>\n<\/ul>\n\n\n\n<h2 class=\"wp-block-heading\"><strong>A legkeresettebb \u00e9s legk\u00f6nnyebben \u00e9rthet\u0151 k\u00f6nyvek<\/strong><\/h2>\n\n\n\n<p>A Biblia legkeresettebb k\u00f6nyvei k\u00f6z\u00fcl kiemelkedik a Zsolt\u00e1rok k\u00f6nyve, egy k\u00f6lt\u0151i gy\u0171jtem\u00e9ny, amely dics\u00e9retet, k\u00f6ny\u00f6rg\u00e9seket \u00e9s elm\u00e9lked\u00e9seket fejez ki.<\/p>\n\n\n\n<p>A P\u00e9ldabesz\u00e9dek k\u00f6nyv\u00e9t gyakran keresik a gyakorlati tan\u00edt\u00e1sai \u00e9s a mindennapi \u00e9letre vonatkoz\u00f3 b\u00f6lcs tan\u00e1csai miatt.<\/p>\n\n\n\n<p>M\u00e1sr\u00e9szt J\u00e1nos evang\u00e9lium\u00e1t az\u00e9rt \u00e9rt\u00e9kelik, mert m\u00e9lyen f\u00f3kusz\u00e1l J\u00e9zus Krisztus \u00e9let\u00e9re \u00e9s tan\u00edt\u00e1saira.<\/p>\n\n\n\n<p>Azok sz\u00e1m\u00e1ra, akik k\u00f6nnyebben meg\u00e9rtik J\u00e9zus \u00e9let\u00e9t, M\u00e1rk \u00e9s Luk\u00e1cs evang\u00e9liuma t\u00f6m\u00f6r \u00e9s vil\u00e1gos besz\u00e1mol\u00f3kat k\u00edn\u00e1l, megk\u00f6nny\u00edtve ezzel a kereszt\u00e9nys\u00e9g alapvet\u0151 tan\u00edt\u00e1sainak elsaj\u00e1t\u00edt\u00e1s\u00e1t.<\/p>\n\n\n\n<h2 class=\"wp-block-heading\"><strong>Alkalmaz\u00e1sok Isten Ig\u00e9j\u00e9nek meghallgat\u00e1s\u00e1ra<\/strong><\/h2>\n\n\n\n<p>A digit\u00e1lis vil\u00e1gban, amelyben \u00e9l\u00fcnk, az Isten Ig\u00e9j\u00e9nek hallgat\u00e1s\u00e1ra szolg\u00e1l\u00f3 alkalmaz\u00e1sok \u00e9rt\u00e9kes sz\u00f6vets\u00e9gesekk\u00e9 v\u00e1ltak lelki utunkon.<\/p>\n\n\n\n<p>Ezen figyelemre m\u00e9lt\u00f3 alkalmaz\u00e1sok k\u00f6z\u00fcl kett\u0151 a \u201eYouVersion\u201d \u00e9s a \u201eHoly Bible\u201d.<\/p>\n\n\n\n<h2 class=\"wp-block-heading\"><strong>YouVersion: Az online Biblia mindenkinek<\/strong><\/h2>\n\n\n\n<p>A YouVersion egy \u00e1tfog\u00f3 alkalmaz\u00e1s, amely t\u00f6bb bibliai verzi\u00f3hoz k\u00edn\u00e1l hozz\u00e1f\u00e9r\u00e9st, lehet\u0151v\u00e9 t\u00e9ve a felhaszn\u00e1l\u00f3k sz\u00e1m\u00e1ra, hogy kiv\u00e1lassz\u00e1k a sz\u00e1mukra legmegfelel\u0151bb ford\u00edt\u00e1st.<\/p>\n\n\n\n<p>Ezenk\u00edv\u00fcl az alkalmaz\u00e1s olvas\u00e1si terveket, \u00e1h\u00edtatokat \u00e9s hangos Bibli\u00e1kat is k\u00edn\u00e1l, gazdagabb\u00e1 t\u00e9ve az \u00e9lm\u00e9nyt.<\/p>\n\n\n\n<p>A YouVersion telep\u00edt\u00e9s\u00e9hez egyszer\u0171en menj az eszk\u00f6z\u00f6d alkalmaz\u00e1sboltj\u00e1ba, keresd meg a \u201eYouVersion\u201d kifejez\u00e9st, \u00e9s k\u00f6vesd a telep\u00edt\u00e9si utas\u00edt\u00e1sokat.<\/p>\n\n\n\n<p>Az alkalmaz\u00e1s intuit\u00edv fel\u00fclet\u00e9nek k\u00f6sz\u00f6nhet\u0151en egyszer\u0171 \u00e9s kellemes navig\u00e1ci\u00f3t biztos\u00edt.<\/p>\n\n\n\n<h2 class=\"wp-block-heading\"><strong>Szent Biblia: Isten szava mindenki sz\u00e1m\u00e1ra el\u00e9rhet\u0151 k\u00f6zels\u00e9gben<\/strong><\/h2>\n\n\n\n<p>A Szent Biblia alkalmaz\u00e1st \u00fagy tervezt\u00e9k, hogy z\u00f6kken\u0151mentes \u00e9s k\u00f6nnyen hozz\u00e1f\u00e9rhet\u0151 olvas\u00e1si \u00e9lm\u00e9nyt ny\u00fajtson.<\/p>\n\n\n\n<p>A felhaszn\u00e1l\u00f3k sz\u00e1mos el\u00e9rhet\u0151 ford\u00edt\u00e1ssal fedezhetik fel az isteni tan\u00edt\u00e1sokat kort\u00e1rs nyelven.<\/p>\n\n\n\n<p>Az olvas\u00e1s mellett az alkalmaz\u00e1s olyan forr\u00e1sokat is k\u00edn\u00e1l, mint a napi versek, bibliatanulm\u00e1nyoz\u00e1sok \u00e9s hanganyagok, amelyekkel Isten Ig\u00e9j\u00e9ben val\u00f3 elm\u00e9ly\u00fcl\u00e9st dinamikusabb\u00e1 tehetj\u00fck.<\/p>\n\n\n\n<p>A Szent Biblia telep\u00edt\u00e9s\u00e9hez egyszer\u0171en menj az alkalmaz\u00e1sboltba, keress r\u00e1 a \u201eSzent Biblia\u201d kifejez\u00e9sre, \u00e9s k\u00f6vesd a telep\u00edt\u00e9si folyamatot.<\/p>\n\n\n<div class=\"wp-block-image\">\n<figure class=\"aligncenter size-full\"><img loading=\"lazy\" decoding=\"async\" width=\"550\" height=\"350\" src=\"http:\/\/universofamilia.com\/wp-content\/uploads\/sites\/148\/2024\/02\/P-550x350-4.jpg\" alt=\"\" class=\"wp-image-5134\" srcset=\"https:\/\/universofamilia.com\/wp-content\/uploads\/sites\/148\/2024\/02\/P-550x350-4.jpg 550w, https:\/\/universofamilia.com\/wp-content\/uploads\/sites\/148\/2024\/02\/P-550x350-4-300x191.jpg 300w\" sizes=\"(max-width: 550px) 100vw, 550px\" \/><figcaption class=\"wp-element-caption\">Most hallgasd a Szent Bibli\u00e1t a mobilodon \u00e9s a nap szav\u00e1t<\/figcaption><\/figure><\/div>\n\n\n<h2 class=\"wp-block-heading\"><strong>Mit mondanak a felhaszn\u00e1l\u00f3k: \u00c1talakul\u00e1sr\u00f3l sz\u00f3l\u00f3 v\u00e9lem\u00e9nyek<\/strong><\/h2>\n\n\n\n<p>Ezen alkalmaz\u00e1sok felhaszn\u00e1l\u00f3i gyakran osztanak meg inspir\u00e1l\u00f3 besz\u00e1mol\u00f3kat arr\u00f3l, hogy a Biblia olvas\u00e1sa ezeken a platformokon kereszt\u00fcl milyen pozit\u00edv hat\u00e1ssal volt az \u00e9let\u00fckre.<\/p>\n\n\n\n<p>Sokan dics\u00e9rik azt a k\u00e9nyelmet, hogy Isten Ig\u00e9je mindig el\u00e9rhet\u0151 k\u00f6zels\u00e9gben van, ak\u00e1r szem\u00e9lyes \u00e1h\u00edtatr\u00f3l, ak\u00e1r a k\u00f6z\u00f6ss\u00e9ggel val\u00f3 tan\u00edt\u00e1smegoszt\u00e1sr\u00f3l van sz\u00f3.<\/p>\n\n\n\n<p>Az olvas\u00e1si tervek \u00e9s a bibliatanulm\u00e1nyoz\u00e1sok \u00e1ltal biztos\u00edtott interaktivit\u00e1s szint\u00e9n jelent\u0151s k\u00fcl\u00f6nbs\u00e9gk\u00e9nt t\u0171nik ki.<\/p>\n\n\n\n<p><strong>Let\u00f6lt\u00e9si linkek:<\/strong><\/p>\n\n\n\n<ul>\n<li>YouVersion \u2013 <a href=\"https:\/\/play.google.com\/store\/apps\/details?id=com.sirma.mobile.bible.android&amp;hl=en_US\">Android<\/a> \/ <a href=\"https:\/\/apps.apple.com\/br\/app\/b%C3%ADblia\/id282935706\">iOS<\/a><\/li>\n\n\n\n<li>Szent Biblia \u2013 <a href=\"https:\/\/play.google.com\/store\/apps\/details?id=com.bestweatherfor.bibleoffline_pt_ra&amp;hl=pt_BR&amp;gl=US\">Android<\/a> \/ <a href=\"https:\/\/apps.apple.com\/br\/app\/b%C3%ADblia\/id282935706\">iOS<\/a><\/li>\n<\/ul>\n\n\n\n<p>A technol\u00f3gia spiritu\u00e1lis tev\u00e9kenys\u00e9gekbe val\u00f3 integr\u00e1l\u00e1s\u00e1val ezek az alkalmaz\u00e1sok modern \u00e9s k\u00e9nyelmes m\u00f3dot k\u00edn\u00e1lnak Isten Ig\u00e9j\u00e9vel val\u00f3 kapcsolatteremt\u00e9sre.<\/p>\n\n\n\n<p>A hit \u00e9s a technol\u00f3gia ezen egyes\u00fcl\u00e9se \u00e1ltal k\u00edv\u00e1nom, hogy t\u00f6bb sz\u00edv tal\u00e1ljon vigaszt, b\u00f6lcsess\u00e9get \u00e9s ihletet a Biblia szent lapjain, ez\u00e1ltal meger\u0151s\u00edtve lelki \u00fatjukat.<\/p>","protected":false},"excerpt":{"rendered":"<p>En la jornada espiritual, la lectura de la Biblia desempe\u00f1a un papel fundamental, gui\u00e1ndonos en los caminos de la fe y ofreciendo una comprensi\u00f3n m\u00e1s profunda del prop\u00f3sito divino. Ahora escucha la Santa Biblia en tu m\u00f3vil y la palabra del d\u00eda. La Palabra de Dios es un faro que ilumina nuestros caminos, brindando consuelo, [&hellip;]<\/p>","protected":false},"author":219,"featured_media":5134,"comment_status":"closed","ping_status":"open","sticky":false,"template":"","format":"standard","meta":{"footnotes":""},"categories":[4],"tags":[51,52,1442],"yoast_head":"<!-- This site is optimized with the Yoast SEO plugin v23.3 - https:\/\/yoast.com\/wordpress\/plugins\/seo\/ -->\n<title>Ahora escucha la Santa Biblia en tu m\u00f3vil y la palabra del d\u00eda - Universo Fam\u00edlia<\/title>\n<meta name=\"description\" content=\"Ahora escucha la Santa Biblia en tu m\u00f3vil y la palabra del d\u00eda. En la jornada espiritual, la lectura de la Biblia desempe\u00f1a un papel...\" \/>\n<meta name=\"robots\" content=\"index, follow, max-snippet:-1, max-image-preview:large, max-video-preview:-1\" \/>\n<link rel=\"canonical\" href=\"https:\/\/universofamilia.com\/hu\/ahora-escucha-la-santa-biblia-en-tu-movil-y-la-palabra-del-dia\/\" \/>\n<meta property=\"og:locale\" content=\"hu_HU\" \/>\n<meta property=\"og:type\" content=\"article\" \/>\n<meta property=\"og:title\" content=\"Ahora escucha la Santa Biblia en tu m\u00f3vil y la palabra del d\u00eda - Universo Fam\u00edlia\" \/>\n<meta property=\"og:description\" content=\"Ahora escucha la Santa Biblia en tu m\u00f3vil y la palabra del d\u00eda. En la jornada espiritual, la lectura de la Biblia desempe\u00f1a un papel...\" \/>\n<meta property=\"og:url\" content=\"https:\/\/universofamilia.com\/hu\/ahora-escucha-la-santa-biblia-en-tu-movil-y-la-palabra-del-dia\/\" \/>\n<meta property=\"og:site_name\" content=\"Universo Fam\u00edlia\" \/>\n<meta property=\"article:published_time\" content=\"2024-02-02T22:19:55+00:00\" \/>\n<meta property=\"article:modified_time\" content=\"2025-10-13T19:27:50+00:00\" \/>\n<meta property=\"og:image\" content=\"https:\/\/universofamilia.com\/wp-content\/uploads\/sites\/148\/2024\/02\/P-550x350-4.jpg\" \/>\n\t<meta property=\"og:image:width\" content=\"550\" \/>\n\t<meta property=\"og:image:height\" content=\"350\" \/>\n\t<meta property=\"og:image:type\" content=\"image\/jpeg\" \/>\n<meta name=\"author\" content=\"Matheus Sangaletti\" \/>\n<meta name=\"twitter:card\" content=\"summary_large_image\" \/>\n<meta name=\"twitter:label1\" content=\"Written by\" \/>\n\t<meta name=\"twitter:data1\" content=\"Matheus Sangaletti\" \/>\n\t<meta name=\"twitter:label2\" content=\"Est. reading time\" \/>\n\t<meta name=\"twitter:data2\" content=\"5 perc\" \/>\n<script type=\"application\/ld+json\" class=\"yoast-schema-graph\">{\"@context\":\"https:\/\/schema.org\",\"@graph\":[{\"@type\":\"WebPage\",\"@id\":\"https:\/\/universofamilia.com\/ahora-escucha-la-santa-biblia-en-tu-movil-y-la-palabra-del-dia\/\",\"url\":\"https:\/\/universofamilia.com\/ahora-escucha-la-santa-biblia-en-tu-movil-y-la-palabra-del-dia\/\",\"name\":\"Ahora escucha la Santa Biblia en tu m\u00f3vil y la palabra del d\u00eda - Universo Fam\u00edlia\",\"isPartOf\":{\"@id\":\"https:\/\/universofamilia.com\/el\/#website\"},\"primaryImageOfPage\":{\"@id\":\"https:\/\/universofamilia.com\/ahora-escucha-la-santa-biblia-en-tu-movil-y-la-palabra-del-dia\/#primaryimage\"},\"image\":{\"@id\":\"https:\/\/universofamilia.com\/ahora-escucha-la-santa-biblia-en-tu-movil-y-la-palabra-del-dia\/#primaryimage\"},\"thumbnailUrl\":\"https:\/\/universofamilia.com\/wp-content\/uploads\/sites\/148\/2024\/02\/P-550x350-4.jpg\",\"datePublished\":\"2024-02-02T22:19:55+00:00\",\"dateModified\":\"2025-10-13T19:27:50+00:00\",\"author\":{\"@id\":\"https:\/\/universofamilia.com\/el\/#\/schema\/person\/92fcd07e9b1f4323bf74f3170fc0f78a\"},\"description\":\"Ahora escucha la Santa Biblia en tu m\u00f3vil y la palabra del d\u00eda. En la jornada espiritual, la lectura de la Biblia desempe\u00f1a un papel...\",\"breadcrumb\":{\"@id\":\"https:\/\/universofamilia.com\/ahora-escucha-la-santa-biblia-en-tu-movil-y-la-palabra-del-dia\/#breadcrumb\"},\"inLanguage\":\"hu\",\"potentialAction\":[{\"@type\":\"ReadAction\",\"target\":[\"https:\/\/universofamilia.com\/ahora-escucha-la-santa-biblia-en-tu-movil-y-la-palabra-del-dia\/\"]}]},{\"@type\":\"ImageObject\",\"inLanguage\":\"hu\",\"@id\":\"https:\/\/universofamilia.com\/ahora-escucha-la-santa-biblia-en-tu-movil-y-la-palabra-del-dia\/#primaryimage\",\"url\":\"https:\/\/universofamilia.com\/wp-content\/uploads\/sites\/148\/2024\/02\/P-550x350-4.jpg\",\"contentUrl\":\"https:\/\/universofamilia.com\/wp-content\/uploads\/sites\/148\/2024\/02\/P-550x350-4.jpg\",\"width\":550,\"height\":350,\"caption\":\"Ahora escucha la Santa Biblia en tu m\u00f3vil y la palabra del d\u00eda\"},{\"@type\":\"BreadcrumbList\",\"@id\":\"https:\/\/universofamilia.com\/ahora-escucha-la-santa-biblia-en-tu-movil-y-la-palabra-del-dia\/#breadcrumb\",\"itemListElement\":[{\"@type\":\"ListItem\",\"position\":1,\"name\":\"Home\",\"item\":\"https:\/\/universofamilia.com\/el\/\"},{\"@type\":\"ListItem\",\"position\":2,\"name\":\"Ahora escucha la Santa Biblia en tu m\u00f3vil y la palabra del d\u00eda\"}]},{\"@type\":\"WebSite\",\"@id\":\"https:\/\/universofamilia.com\/el\/#website\",\"url\":\"https:\/\/universofamilia.com\/el\/\",\"name\":\"Universo Fam\u00edlia\",\"description\":\"\",\"potentialAction\":[{\"@type\":\"SearchAction\",\"target\":{\"@type\":\"EntryPoint\",\"urlTemplate\":\"https:\/\/universofamilia.com\/el\/?s={search_term_string}\"},\"query-input\":\"required name=search_term_string\"}],\"inLanguage\":\"hu\"},{\"@type\":\"Person\",\"@id\":\"https:\/\/universofamilia.com\/el\/#\/schema\/person\/92fcd07e9b1f4323bf74f3170fc0f78a\",\"name\":\"Matheus Sangaletti\",\"image\":{\"@type\":\"ImageObject\",\"inLanguage\":\"hu\",\"@id\":\"https:\/\/universofamilia.com\/el\/#\/schema\/person\/image\/\",\"url\":\"https:\/\/secure.gravatar.com\/avatar\/280ea957a14a48e6a1ad2133d2cc27c9?s=96&d=mm&r=g\",\"contentUrl\":\"https:\/\/secure.gravatar.com\/avatar\/280ea957a14a48e6a1ad2133d2cc27c9?s=96&d=mm&r=g\",\"caption\":\"Matheus Sangaletti\"},\"url\":\"https:\/\/universofamilia.com\/hu\/author\/matheuss\/\"}]}<\/script>\n<!-- \/ Yoast SEO plugin. -->","yoast_head_json":{"title":"Ahora escucha la Santa Biblia en tu m\u00f3vil y la palabra del d\u00eda - Universo Fam\u00edlia","description":"Ahora escucha la Santa Biblia en tu m\u00f3vil y la palabra del d\u00eda. En la jornada espiritual, la lectura de la Biblia desempe\u00f1a un papel...","robots":{"index":"index","follow":"follow","max-snippet":"max-snippet:-1","max-image-preview":"max-image-preview:large","max-video-preview":"max-video-preview:-1"},"canonical":"https:\/\/universofamilia.com\/hu\/ahora-escucha-la-santa-biblia-en-tu-movil-y-la-palabra-del-dia\/","og_locale":"hu_HU","og_type":"article","og_title":"Ahora escucha la Santa Biblia en tu m\u00f3vil y la palabra del d\u00eda - Universo Fam\u00edlia","og_description":"Ahora escucha la Santa Biblia en tu m\u00f3vil y la palabra del d\u00eda. En la jornada espiritual, la lectura de la Biblia desempe\u00f1a un papel...","og_url":"https:\/\/universofamilia.com\/hu\/ahora-escucha-la-santa-biblia-en-tu-movil-y-la-palabra-del-dia\/","og_site_name":"Universo Fam\u00edlia","article_published_time":"2024-02-02T22:19:55+00:00","article_modified_time":"2025-10-13T19:27:50+00:00","og_image":[{"width":550,"height":350,"url":"https:\/\/universofamilia.com\/wp-content\/uploads\/sites\/148\/2024\/02\/P-550x350-4.jpg","type":"image\/jpeg"}],"author":"Matheus Sangaletti","twitter_card":"summary_large_image","twitter_misc":{"Written by":"Matheus Sangaletti","Est. reading time":"5 perc"},"schema":{"@context":"https:\/\/schema.org","@graph":[{"@type":"WebPage","@id":"https:\/\/universofamilia.com\/ahora-escucha-la-santa-biblia-en-tu-movil-y-la-palabra-del-dia\/","url":"https:\/\/universofamilia.com\/ahora-escucha-la-santa-biblia-en-tu-movil-y-la-palabra-del-dia\/","name":"Ahora escucha la Santa Biblia en tu m\u00f3vil y la palabra del d\u00eda - Universo Fam\u00edlia","isPartOf":{"@id":"https:\/\/universofamilia.com\/el\/#website"},"primaryImageOfPage":{"@id":"https:\/\/universofamilia.com\/ahora-escucha-la-santa-biblia-en-tu-movil-y-la-palabra-del-dia\/#primaryimage"},"image":{"@id":"https:\/\/universofamilia.com\/ahora-escucha-la-santa-biblia-en-tu-movil-y-la-palabra-del-dia\/#primaryimage"},"thumbnailUrl":"https:\/\/universofamilia.com\/wp-content\/uploads\/sites\/148\/2024\/02\/P-550x350-4.jpg","datePublished":"2024-02-02T22:19:55+00:00","dateModified":"2025-10-13T19:27:50+00:00","author":{"@id":"https:\/\/universofamilia.com\/el\/#\/schema\/person\/92fcd07e9b1f4323bf74f3170fc0f78a"},"description":"Ahora escucha la Santa Biblia en tu m\u00f3vil y la palabra del d\u00eda. En la jornada espiritual, la lectura de la Biblia desempe\u00f1a un papel...","breadcrumb":{"@id":"https:\/\/universofamilia.com\/ahora-escucha-la-santa-biblia-en-tu-movil-y-la-palabra-del-dia\/#breadcrumb"},"inLanguage":"hu","potentialAction":[{"@type":"ReadAction","target":["https:\/\/universofamilia.com\/ahora-escucha-la-santa-biblia-en-tu-movil-y-la-palabra-del-dia\/"]}]},{"@type":"ImageObject","inLanguage":"hu","@id":"https:\/\/universofamilia.com\/ahora-escucha-la-santa-biblia-en-tu-movil-y-la-palabra-del-dia\/#primaryimage","url":"https:\/\/universofamilia.com\/wp-content\/uploads\/sites\/148\/2024\/02\/P-550x350-4.jpg","contentUrl":"https:\/\/universofamilia.com\/wp-content\/uploads\/sites\/148\/2024\/02\/P-550x350-4.jpg","width":550,"height":350,"caption":"Ahora escucha la Santa Biblia en tu m\u00f3vil y la palabra del d\u00eda"},{"@type":"BreadcrumbList","@id":"https:\/\/universofamilia.com\/ahora-escucha-la-santa-biblia-en-tu-movil-y-la-palabra-del-dia\/#breadcrumb","itemListElement":[{"@type":"ListItem","position":1,"name":"Home","item":"https:\/\/universofamilia.com\/el\/"},{"@type":"ListItem","position":2,"name":"Ahora escucha la Santa Biblia en tu m\u00f3vil y la palabra del d\u00eda"}]},{"@type":"WebSite","@id":"https:\/\/universofamilia.com\/el\/#website","url":"https:\/\/universofamilia.com\/el\/","name":"Universo Fam\u00edlia","description":"","potentialAction":[{"@type":"SearchAction","target":{"@type":"EntryPoint","urlTemplate":"https:\/\/universofamilia.com\/el\/?s={search_term_string}"},"query-input":"required name=search_term_string"}],"inLanguage":"hu"},{"@type":"Person","@id":"https:\/\/universofamilia.com\/el\/#\/schema\/person\/92fcd07e9b1f4323bf74f3170fc0f78a","name":"Matheus Sangaletti","image":{"@type":"ImageObject","inLanguage":"hu","@id":"https:\/\/universofamilia.com\/el\/#\/schema\/person\/image\/","url":"https:\/\/secure.gravatar.com\/avatar\/280ea957a14a48e6a1ad2133d2cc27c9?s=96&d=mm&r=g","contentUrl":"https:\/\/secure.gravatar.com\/avatar\/280ea957a14a48e6a1ad2133d2cc27c9?s=96&d=mm&r=g","caption":"Matheus Sangaletti"},"url":"https:\/\/universofamilia.com\/hu\/author\/matheuss\/"}]}},"_links":{"self":[{"href":"https:\/\/universofamilia.com\/hu\/wp-json\/wp\/v2\/posts\/5133"}],"collection":[{"href":"https:\/\/universofamilia.com\/hu\/wp-json\/wp\/v2\/posts"}],"about":[{"href":"https:\/\/universofamilia.com\/hu\/wp-json\/wp\/v2\/types\/post"}],"author":[{"embeddable":true,"href":"https:\/\/universofamilia.com\/hu\/wp-json\/wp\/v2\/users\/219"}],"replies":[{"embeddable":true,"href":"https:\/\/universofamilia.com\/hu\/wp-json\/wp\/v2\/comments?post=5133"}],"version-history":[{"count":1,"href":"https:\/\/universofamilia.com\/hu\/wp-json\/wp\/v2\/posts\/5133\/revisions"}],"predecessor-version":[{"id":10107,"href":"https:\/\/universofamilia.com\/hu\/wp-json\/wp\/v2\/posts\/5133\/revisions\/10107"}],"wp:featuredmedia":[{"embeddable":true,"href":"https:\/\/universofamilia.com\/hu\/wp-json\/wp\/v2\/media\/5134"}],"wp:attachment":[{"href":"https:\/\/universofamilia.com\/hu\/wp-json\/wp\/v2\/media?parent=5133"}],"wp:term":[{"taxonomy":"category","embeddable":true,"href":"https:\/\/universofamilia.com\/hu\/wp-json\/wp\/v2\/categories?post=5133"},{"taxonomy":"post_tag","embeddable":true,"href":"https:\/\/universofamilia.com\/hu\/wp-json\/wp\/v2\/tags?post=5133"}],"curies":[{"name":"wp","href":"https:\/\/api.w.org\/{rel}","templated":true}]}}