{"id":5350,"date":"2024-03-06T19:27:12","date_gmt":"2024-03-06T19:27:12","guid":{"rendered":"https:\/\/universofamilia.com\/?p=5350"},"modified":"2025-12-26T16:27:22","modified_gmt":"2025-12-26T19:27:22","slug":"descubre-tu-nuevo-estilo-con-app-de-corte-de-cabello-y-color","status":"publish","type":"post","link":"https:\/\/universofamilia.com\/hu\/descubre-tu-nuevo-estilo-con-app-de-corte-de-cabello-y-color\/","title":{"rendered":"\ud83c\udf1fFedezze fel \u00faj st\u00edlus\u00e1t a Hajv\u00e1g\u00f3 \u00e9s -fest\u0151 alkalmaz\u00e1ssal!"},"content":{"rendered":"<h2 class=\"wp-block-heading\">\ud83d\ude80 <strong>Technol\u00f3giai evol\u00faci\u00f3 a tenyeredben<\/strong>.\ud83c\udf1f<strong>Fedezd fel az \u00faj st\u00edlusod a Hajv\u00e1g\u00e1s \u00e9s Sz\u00ednez\u00e9s Applik\u00e1ci\u00f3val! <\/strong>\ud83c\udf1f<\/h2>\n\n\n\n<p>Az els\u0151 sz\u00e9ps\u00e9g\u00e1pol\u00e1si alkalmaz\u00e1sok megjelen\u00e9se \u00f3ta a technol\u00f3gia forradalmas\u00edtotta azt, ahogyan gondoskodunk magunkr\u00f3l.<\/p>\n\n\n\n<p>\u00c9s ha \u00faj frizur\u00e1t vagy sz\u00ednt v\u00e1lasztunk, az evol\u00faci\u00f3 nem is lehetne izgalmasabb!<\/p>\n\n\n\n<p>\ud83d\udc87\u200d\u2640\ufe0f\ud83d\udc87\u200d\u2642\ufe0f Az okostelefonok egyszer\u0171s\u00e9g\u00e9nek k\u00f6sz\u00f6nhet\u0151en mostant\u00f3l otthonr\u00f3l is kipr\u00f3b\u00e1lhatsz k\u00fcl\u00f6nb\u00f6z\u0151 st\u00edlusokat.<\/p>\n\n\n\n<p>Olyan, mintha egy virtu\u00e1lis sz\u00e9ps\u00e9gszalon lenne a kezedben! \u00c9s a legjobb az eg\u00e9szben? Szuper m\u00f3ka! \ud83d\ude0e<\/p>\n\n\n\n<h2 class=\"wp-block-heading\">\ud83c\udfa8 <strong>A lehet\u0151s\u00e9gek vil\u00e1g\u00e1nak felfedez\u00e9se<\/strong><\/h2>\n\n\n\n<p>Egy \u00faj frizura vagy sz\u00edn kiv\u00e1laszt\u00e1sa izgalmas folyamat lehet, de n\u00e9ha neh\u00e9z lehet elk\u00e9pzelni a v\u00e9geredm\u00e9nyt.<\/p>\n\n\n\n<p>Itt j\u00f6nnek k\u00e9pbe a sz\u00e9ps\u00e9gappok, amelyek ezt a folyamatot minden eddigin\u00e9l egyszer\u0171bb\u00e9 \u00e9s izgalmasabb\u00e1 teszik!<\/p>\n\n\n\n<p>\ud83c\udf08 N\u00e9h\u00e1ny koppint\u00e1ssal felfedezhetsz egy hatalmas st\u00edlusk\u00f6nyvt\u00e1rat, az id\u0151tlen klasszikusokt\u00f3l a leg\u00fajabb trendekig. \u00c9s ez m\u00e9g nem minden!<\/p>\n\n\n\n<p>A r\u00e9szleteket, p\u00e9ld\u00e1ul a volument, a text\u00far\u00e1t \u00e9s a f\u00e9nyt is be\u00e1ll\u00edthatod, hogy az \u00faj megjelen\u00e9sed t\u00f6k\u00e9letes legyen sz\u00e1modra. \u2728<\/p>\n\n\n\n<h2 class=\"wp-block-heading\">L\u00e1sd m\u00e9g<\/h2>\n\n\n\n<ul class=\"has-medium-font-size\">\n<li class=\"has-medium-font-size\">\ud83d\udd0d\ud83d\udd75\ufe0f\u200d\u2640\ufe0f\ud83d\udd12 <a href=\"https:\/\/universofamilia.com\/hu\/5338\/las-aplicaciones-que-han-revolucionado-el-supermercado\/\">Az alkalmaz\u00e1sok, amelyek forradalmas\u00edtott\u00e1k a szupermarketeket!<\/a><\/li>\n\n\n\n<li class=\"has-medium-font-size\">\ud83d\udcf8\ud83d\uddbc\ufe0f\ud83d\udcf1 <a href=\"https:\/\/universofamilia.com\/hu\/5099\/restaurar-fotos-eliminadas-en-el-telefono-movil\/\">T\u00f6r\u00f6lt fot\u00f3k vissza\u00e1ll\u00edt\u00e1sa mobiltelefonon<\/a><\/li>\n\n\n\n<li class=\"has-medium-font-size\">\ud83d\udc91\u26ea\ufe0f\ud83d\udcd6 <a href=\"https:\/\/universofamilia.com\/hu\/5105\/noviazgo-cristiano-para-toda-la-vida\/\">Kereszt\u00e9ny randev\u00faz\u00e1s egy \u00e9letre<\/a><\/li>\n<\/ul>\n\n\n\n<h2 class=\"wp-block-heading\">\ud83d\udcf1 <strong>Ismerd meg a leny\u0171g\u00f6z\u0151 alkalmaz\u00e1sokat!<\/strong><\/h2>\n\n\n\n<p>Most pedig besz\u00e9lj\u00fcnk h\u00e1rom olyan alkalmaz\u00e1sr\u00f3l, amelyek forradalmi v\u00e1ltoz\u00e1sokat hoznak a hajv\u00e1g\u00e1sokkal \u00e9s sz\u00ednekkel val\u00f3 k\u00eds\u00e9rletez\u00e9s ter\u00e9n.<\/p>\n\n\n\n<p>K\u00e9sz\u00fclj fel, hogy leny\u0171g\u00f6z\u0151ek lesznek a lehet\u0151s\u00e9gek! \ud83d\udcab<\/p>\n\n\n\n<h3 class=\"wp-block-heading\">\ud83c\udf1f <strong>Nem fogod elhinni az eredm\u00e9nyeket!<\/strong><\/h3>\n\n\n\n<p>Miut\u00e1n \u00f3r\u00e1kat t\u00f6lt\u00f6tt\u00fcnk k\u00fcl\u00f6nb\u00f6z\u0151 st\u00edlusok kipr\u00f3b\u00e1l\u00e1s\u00e1val, itt az ideje, hogy megn\u00e9zz\u00fck, mit mondanak a felhaszn\u00e1l\u00f3k ezekr\u0151l a leny\u0171g\u00f6z\u0151 alkalmaz\u00e1sokr\u00f3l.<\/p>\n\n\n<div class=\"wp-block-image\">\n<figure class=\"aligncenter size-full\"><img loading=\"lazy\" decoding=\"async\" width=\"550\" height=\"350\" src=\"http:\/\/universofamilia.com\/wp-content\/uploads\/sites\/148\/2024\/03\/P-550x350-1-2.jpg\" alt=\"\" class=\"wp-image-5351\" srcset=\"https:\/\/universofamilia.com\/wp-content\/uploads\/sites\/148\/2024\/03\/P-550x350-1-2.jpg 550w, https:\/\/universofamilia.com\/wp-content\/uploads\/sites\/148\/2024\/03\/P-550x350-1-2-300x191.jpg 300w\" sizes=\"(max-width: 550px) 100vw, 550px\" \/><figcaption class=\"wp-element-caption\">\ud83c\udf1fFedezze fel \u00faj st\u00edlus\u00e1t a Hajv\u00e1g\u00f3 \u00e9s -fest\u0151 alkalmaz\u00e1ssal!<\/figcaption><\/figure><\/div>\n\n\n<p>\u00cdme h\u00e1rom pozit\u00edv t\u00f6rt\u00e9net, amik arra fognak inspir\u00e1lni, hogy \u00faj megjelen\u00e9seket pr\u00f3b\u00e1lj ki: \ud83d\ude0d<\/p>\n\n\n\n<ol>\n<li><strong>YouCam smink<\/strong>: \u201eIm\u00e1dom ezt az alkalmaz\u00e1st! Szuper k\u00f6nny\u0171 haszn\u00e1lni, \u00e9s hatalmas v\u00e1laszt\u00e9k k\u00f6z\u00fcl lehet v\u00e1lasztani. T\u00f6bb fazont \u00e9s sz\u00ednt is kipr\u00f3b\u00e1lhattam, miel\u0151tt elmentem a szalonba, \u00e9s eld\u00f6nt\u00f6ttem, melyik a legjobb nekem!\u201d<\/li>\n\n\n\n<li><strong>Frizurav\u00e1lt\u00f3<\/strong>: \u201eNagyon hasznos alkalmaz\u00e1s ahhoz, hogy k\u00e9pet kapjak arr\u00f3l, hogyan \u00e1llnak rajtam a k\u00fcl\u00f6nb\u00f6z\u0151 frizur\u00e1k. Tetszett, hogy egym\u00e1s mellett tudtam \u00f6sszehasonl\u00edtani a st\u00edlusokat, \u00e9s hogy meg tudtam osztani a fot\u00f3kat a bar\u00e1taimmal.\u201d<\/li>\n\n\n\n<li><strong>Haj\u00e1talak\u00edt\u00e1s<\/strong>: \u201eA kiterjesztett val\u00f3s\u00e1g technol\u00f3gia leny\u0171g\u00f6z\u0151! Nagyon realisztikusan l\u00e1ttam, hogyan mutatn\u00e1nak rajtam a frizur\u00e1k \u00e9s a sz\u00ednek. Az alkalmaz\u00e1s tippeket is ad a haj\u00e1pol\u00e1shoz, amit nagyon hasznosnak tal\u00e1ltam.\u201d<\/li>\n<\/ol>\n\n\n\n<h3 class=\"wp-block-heading\">\ud83d\udca1 <strong>Fontos tippek a sikerhez!<\/strong><\/h3>\n\n\n\n<p>Miel\u0151tt belev\u00e1gn\u00e1l ebbe az izgalmas \u00e9lm\u00e9nybe, \u00edme n\u00e9h\u00e1ny dolog, amit \u00e9rdemes szem el\u0151tt tartanod:<\/p>\n\n\n\n<p>\u2013 Az eredm\u00e9nyek a fot\u00f3min\u0151s\u00e9gt\u0151l \u00e9s a megvil\u00e1g\u00edt\u00e1st\u00f3l f\u00fcgg\u0151en elt\u00e9r\u0151ek lehetnek. \u2013 \u00daj frizura vagy sz\u00edn kiv\u00e1laszt\u00e1sakor tartsd szem el\u0151tt az arcform\u00e1dat, a hajszerkezetedet \u00e9s a szem\u00e9lyes st\u00edlusodat.<\/p>\n\n\n\n<h2 class=\"wp-block-heading\">\ud83d\udcf2 <strong>Ideje let\u00f6lteni \u00e9s ragyogni!<\/strong><\/h2>\n\n\n\n<p>Most, hogy k\u00e9szen \u00e1llsz az \u00e1talakul\u00e1sod megkezd\u00e9s\u00e9re, ne vesztegesd az id\u0151det, \u00e9s t\u00f6ltsd le ezeket a csod\u00e1latos alkalmaz\u00e1sokat most!<\/p>\n\n\n\n<ul>\n<li><strong>YouCam smink<\/strong>: <a href=\"https:\/\/apps.apple.com\/br\/app\/youcam-makeup-editor-de-fotos\/id863844475\">Link iOS-hez<\/a> | <a href=\"https:\/\/play.google.com\/store\/apps\/details?id=com.cyberlink.youcammakeup\">Link Androidra<\/a><\/li>\n\n\n\n<li><strong>Frizurav\u00e1lt\u00f3<\/strong>: <a href=\"https:\/\/apps.apple.com\/br\/app\/hairstyle-changer-makeup-art\/id1536112807\">Link iOS-hez<\/a> | <a href=\"https:\/\/play.google.com\/store\/apps\/details?id=salon.haircolor.womanhairstyle.hairstylechanger&amp;hl=pt_BR&amp;gl=US\">Link Androidra<\/a><\/li>\n\n\n\n<li><strong>Haj\u00e1talak\u00edt\u00e1s<\/strong>: <a href=\"https:\/\/apps.apple.com\/tr\/developer\/modiface\/id308030250\">Link iOS-hez<\/a> | <a href=\"https:\/\/play.google.com\/store\/apps\/details?id=hairstyle.colorChanger.haircut_salon&amp;hl=en\">Link Androidra<\/a><\/li>\n<\/ul>\n\n\n\n<p>\ud83d\udc87\u200d\u2642\ufe0f\ud83d\udc87\u200d\u2640\ufe0f <strong>K\u00e9szen \u00e1llsz egy radik\u00e1lis v\u00e1ltoz\u00e1sra? T\u00f6ltsd le most \u00e9s fedezd fel az \u00faj k\u00fcls\u0151det!<\/strong> \ud83d\udc87\u200d\u2640\ufe0f\ud83d\udc87\u200d\u2642\ufe0f<\/p>","protected":false},"excerpt":{"rendered":"<p>\ud83d\ude80 Evoluci\u00f3n Tecnol\u00f3gica en la Palma de tu Mano.\ud83c\udf1fDescubre Tu Nuevo Estilo con App de Corte de Cabello y Color! \ud83c\udf1f Desde el surgimiento de las primeras aplicaciones de belleza, la tecnolog\u00eda ha estado revolucionando la forma en que nos cuidamos. Y cuando se trata de elegir un nuevo corte de cabello o color, \u00a1la [&hellip;]<\/p>","protected":false},"author":219,"featured_media":5351,"comment_status":"closed","ping_status":"open","sticky":false,"template":"","format":"standard","meta":{"footnotes":""},"categories":[3],"tags":[387,1591],"yoast_head":"<!-- This site is optimized with the Yoast SEO plugin v23.3 - https:\/\/yoast.com\/wordpress\/plugins\/seo\/ -->\n<title>\ud83c\udf1fDescubre Tu Nuevo Estilo con App de Corte de Cabello y Color! - Universo Fam\u00edlia<\/title>\n<meta name=\"description\" content=\"\ud83c\udf1fDescubre Tu Nuevo Estilo con App de Corte de Cabello y Color! \ud83d\ude80 Evoluci\u00f3n Tecnol\u00f3gica en la Palma de tu Mano \ud83c\udf1f\" \/>\n<meta name=\"robots\" content=\"index, follow, max-snippet:-1, max-image-preview:large, max-video-preview:-1\" \/>\n<link rel=\"canonical\" href=\"https:\/\/universofamilia.com\/hu\/descubre-tu-nuevo-estilo-con-app-de-corte-de-cabello-y-color\/\" \/>\n<meta property=\"og:locale\" content=\"hu_HU\" \/>\n<meta property=\"og:type\" content=\"article\" \/>\n<meta property=\"og:title\" content=\"\ud83c\udf1fDescubre Tu Nuevo Estilo con App de Corte de Cabello y Color! - Universo Fam\u00edlia\" \/>\n<meta property=\"og:description\" content=\"\ud83c\udf1fDescubre Tu Nuevo Estilo con App de Corte de Cabello y Color! \ud83d\ude80 Evoluci\u00f3n Tecnol\u00f3gica en la Palma de tu Mano \ud83c\udf1f\" \/>\n<meta property=\"og:url\" content=\"https:\/\/universofamilia.com\/hu\/descubre-tu-nuevo-estilo-con-app-de-corte-de-cabello-y-color\/\" \/>\n<meta property=\"og:site_name\" content=\"Universo Fam\u00edlia\" \/>\n<meta property=\"article:published_time\" content=\"2024-03-06T19:27:12+00:00\" \/>\n<meta property=\"article:modified_time\" content=\"2025-12-26T19:27:22+00:00\" \/>\n<meta property=\"og:image\" content=\"https:\/\/universofamilia.com\/wp-content\/uploads\/sites\/148\/2024\/03\/P-550x350-1-2.jpg\" \/>\n\t<meta property=\"og:image:width\" content=\"550\" \/>\n\t<meta property=\"og:image:height\" content=\"350\" \/>\n\t<meta property=\"og:image:type\" content=\"image\/jpeg\" \/>\n<meta name=\"author\" content=\"Matheus Sangaletti\" \/>\n<meta name=\"twitter:card\" content=\"summary_large_image\" \/>\n<meta name=\"twitter:label1\" content=\"Written by\" \/>\n\t<meta name=\"twitter:data1\" content=\"Matheus Sangaletti\" \/>\n\t<meta name=\"twitter:label2\" content=\"Est. reading time\" \/>\n\t<meta name=\"twitter:data2\" content=\"4 perc\" \/>\n<script type=\"application\/ld+json\" class=\"yoast-schema-graph\">{\"@context\":\"https:\/\/schema.org\",\"@graph\":[{\"@type\":\"WebPage\",\"@id\":\"https:\/\/universofamilia.com\/hr\/descubre-tu-nuevo-estilo-con-app-de-corte-de-cabello-y-color\/\",\"url\":\"https:\/\/universofamilia.com\/hr\/descubre-tu-nuevo-estilo-con-app-de-corte-de-cabello-y-color\/\",\"name\":\"\ud83c\udf1fDescubre Tu Nuevo Estilo con App de Corte de Cabello y Color! - Universo Fam\u00edlia\",\"isPartOf\":{\"@id\":\"https:\/\/universofamilia.com\/el\/#website\"},\"primaryImageOfPage\":{\"@id\":\"https:\/\/universofamilia.com\/hr\/descubre-tu-nuevo-estilo-con-app-de-corte-de-cabello-y-color\/#primaryimage\"},\"image\":{\"@id\":\"https:\/\/universofamilia.com\/hr\/descubre-tu-nuevo-estilo-con-app-de-corte-de-cabello-y-color\/#primaryimage\"},\"thumbnailUrl\":\"https:\/\/universofamilia.com\/wp-content\/uploads\/sites\/148\/2024\/03\/P-550x350-1-2.jpg\",\"datePublished\":\"2024-03-06T19:27:12+00:00\",\"dateModified\":\"2025-12-26T19:27:22+00:00\",\"author\":{\"@id\":\"https:\/\/universofamilia.com\/el\/#\/schema\/person\/92fcd07e9b1f4323bf74f3170fc0f78a\"},\"description\":\"\ud83c\udf1fDescubre Tu Nuevo Estilo con App de Corte de Cabello y Color! \ud83d\ude80 Evoluci\u00f3n Tecnol\u00f3gica en la Palma de tu Mano \ud83c\udf1f\",\"breadcrumb\":{\"@id\":\"https:\/\/universofamilia.com\/hr\/descubre-tu-nuevo-estilo-con-app-de-corte-de-cabello-y-color\/#breadcrumb\"},\"inLanguage\":\"hu\",\"potentialAction\":[{\"@type\":\"ReadAction\",\"target\":[\"https:\/\/universofamilia.com\/hr\/descubre-tu-nuevo-estilo-con-app-de-corte-de-cabello-y-color\/\"]}]},{\"@type\":\"ImageObject\",\"inLanguage\":\"hu\",\"@id\":\"https:\/\/universofamilia.com\/hr\/descubre-tu-nuevo-estilo-con-app-de-corte-de-cabello-y-color\/#primaryimage\",\"url\":\"https:\/\/universofamilia.com\/wp-content\/uploads\/sites\/148\/2024\/03\/P-550x350-1-2.jpg\",\"contentUrl\":\"https:\/\/universofamilia.com\/wp-content\/uploads\/sites\/148\/2024\/03\/P-550x350-1-2.jpg\",\"width\":550,\"height\":350,\"caption\":\"\ud83c\udf1fDescubre Tu Nuevo Estilo con App de Corte de Cabello y Color!\"},{\"@type\":\"BreadcrumbList\",\"@id\":\"https:\/\/universofamilia.com\/hr\/descubre-tu-nuevo-estilo-con-app-de-corte-de-cabello-y-color\/#breadcrumb\",\"itemListElement\":[{\"@type\":\"ListItem\",\"position\":1,\"name\":\"Home\",\"item\":\"https:\/\/universofamilia.com\/el\/\"},{\"@type\":\"ListItem\",\"position\":2,\"name\":\"\ud83c\udf1fDescubre Tu Nuevo Estilo con App de Corte de Cabello y Color!\"}]},{\"@type\":\"WebSite\",\"@id\":\"https:\/\/universofamilia.com\/el\/#website\",\"url\":\"https:\/\/universofamilia.com\/el\/\",\"name\":\"Universo Fam\u00edlia\",\"description\":\"\",\"potentialAction\":[{\"@type\":\"SearchAction\",\"target\":{\"@type\":\"EntryPoint\",\"urlTemplate\":\"https:\/\/universofamilia.com\/el\/?s={search_term_string}\"},\"query-input\":\"required name=search_term_string\"}],\"inLanguage\":\"hu\"},{\"@type\":\"Person\",\"@id\":\"https:\/\/universofamilia.com\/el\/#\/schema\/person\/92fcd07e9b1f4323bf74f3170fc0f78a\",\"name\":\"Matheus Sangaletti\",\"image\":{\"@type\":\"ImageObject\",\"inLanguage\":\"hu\",\"@id\":\"https:\/\/universofamilia.com\/el\/#\/schema\/person\/image\/\",\"url\":\"https:\/\/secure.gravatar.com\/avatar\/280ea957a14a48e6a1ad2133d2cc27c9?s=96&d=mm&r=g\",\"contentUrl\":\"https:\/\/secure.gravatar.com\/avatar\/280ea957a14a48e6a1ad2133d2cc27c9?s=96&d=mm&r=g\",\"caption\":\"Matheus Sangaletti\"},\"url\":\"https:\/\/universofamilia.com\/hu\/author\/matheuss\/\"}]}<\/script>\n<!-- \/ Yoast SEO plugin. -->","yoast_head_json":{"title":"\ud83c\udf1fDescubre Tu Nuevo Estilo con App de Corte de Cabello y Color! - Universo Fam\u00edlia","description":"\ud83c\udf1fDescubre Tu Nuevo Estilo con App de Corte de Cabello y Color! \ud83d\ude80 Evoluci\u00f3n Tecnol\u00f3gica en la Palma de tu Mano \ud83c\udf1f","robots":{"index":"index","follow":"follow","max-snippet":"max-snippet:-1","max-image-preview":"max-image-preview:large","max-video-preview":"max-video-preview:-1"},"canonical":"https:\/\/universofamilia.com\/hu\/descubre-tu-nuevo-estilo-con-app-de-corte-de-cabello-y-color\/","og_locale":"hu_HU","og_type":"article","og_title":"\ud83c\udf1fDescubre Tu Nuevo Estilo con App de Corte de Cabello y Color! - Universo Fam\u00edlia","og_description":"\ud83c\udf1fDescubre Tu Nuevo Estilo con App de Corte de Cabello y Color! \ud83d\ude80 Evoluci\u00f3n Tecnol\u00f3gica en la Palma de tu Mano \ud83c\udf1f","og_url":"https:\/\/universofamilia.com\/hu\/descubre-tu-nuevo-estilo-con-app-de-corte-de-cabello-y-color\/","og_site_name":"Universo Fam\u00edlia","article_published_time":"2024-03-06T19:27:12+00:00","article_modified_time":"2025-12-26T19:27:22+00:00","og_image":[{"width":550,"height":350,"url":"https:\/\/universofamilia.com\/wp-content\/uploads\/sites\/148\/2024\/03\/P-550x350-1-2.jpg","type":"image\/jpeg"}],"author":"Matheus Sangaletti","twitter_card":"summary_large_image","twitter_misc":{"Written by":"Matheus Sangaletti","Est. reading time":"4 perc"},"schema":{"@context":"https:\/\/schema.org","@graph":[{"@type":"WebPage","@id":"https:\/\/universofamilia.com\/hr\/descubre-tu-nuevo-estilo-con-app-de-corte-de-cabello-y-color\/","url":"https:\/\/universofamilia.com\/hr\/descubre-tu-nuevo-estilo-con-app-de-corte-de-cabello-y-color\/","name":"\ud83c\udf1fDescubre Tu Nuevo Estilo con App de Corte de Cabello y Color! - Universo Fam\u00edlia","isPartOf":{"@id":"https:\/\/universofamilia.com\/el\/#website"},"primaryImageOfPage":{"@id":"https:\/\/universofamilia.com\/hr\/descubre-tu-nuevo-estilo-con-app-de-corte-de-cabello-y-color\/#primaryimage"},"image":{"@id":"https:\/\/universofamilia.com\/hr\/descubre-tu-nuevo-estilo-con-app-de-corte-de-cabello-y-color\/#primaryimage"},"thumbnailUrl":"https:\/\/universofamilia.com\/wp-content\/uploads\/sites\/148\/2024\/03\/P-550x350-1-2.jpg","datePublished":"2024-03-06T19:27:12+00:00","dateModified":"2025-12-26T19:27:22+00:00","author":{"@id":"https:\/\/universofamilia.com\/el\/#\/schema\/person\/92fcd07e9b1f4323bf74f3170fc0f78a"},"description":"\ud83c\udf1fDescubre Tu Nuevo Estilo con App de Corte de Cabello y Color! \ud83d\ude80 Evoluci\u00f3n Tecnol\u00f3gica en la Palma de tu Mano \ud83c\udf1f","breadcrumb":{"@id":"https:\/\/universofamilia.com\/hr\/descubre-tu-nuevo-estilo-con-app-de-corte-de-cabello-y-color\/#breadcrumb"},"inLanguage":"hu","potentialAction":[{"@type":"ReadAction","target":["https:\/\/universofamilia.com\/hr\/descubre-tu-nuevo-estilo-con-app-de-corte-de-cabello-y-color\/"]}]},{"@type":"ImageObject","inLanguage":"hu","@id":"https:\/\/universofamilia.com\/hr\/descubre-tu-nuevo-estilo-con-app-de-corte-de-cabello-y-color\/#primaryimage","url":"https:\/\/universofamilia.com\/wp-content\/uploads\/sites\/148\/2024\/03\/P-550x350-1-2.jpg","contentUrl":"https:\/\/universofamilia.com\/wp-content\/uploads\/sites\/148\/2024\/03\/P-550x350-1-2.jpg","width":550,"height":350,"caption":"\ud83c\udf1fDescubre Tu Nuevo Estilo con App de Corte de Cabello y Color!"},{"@type":"BreadcrumbList","@id":"https:\/\/universofamilia.com\/hr\/descubre-tu-nuevo-estilo-con-app-de-corte-de-cabello-y-color\/#breadcrumb","itemListElement":[{"@type":"ListItem","position":1,"name":"Home","item":"https:\/\/universofamilia.com\/el\/"},{"@type":"ListItem","position":2,"name":"\ud83c\udf1fDescubre Tu Nuevo Estilo con App de Corte de Cabello y Color!"}]},{"@type":"WebSite","@id":"https:\/\/universofamilia.com\/el\/#website","url":"https:\/\/universofamilia.com\/el\/","name":"Universo Fam\u00edlia","description":"","potentialAction":[{"@type":"SearchAction","target":{"@type":"EntryPoint","urlTemplate":"https:\/\/universofamilia.com\/el\/?s={search_term_string}"},"query-input":"required name=search_term_string"}],"inLanguage":"hu"},{"@type":"Person","@id":"https:\/\/universofamilia.com\/el\/#\/schema\/person\/92fcd07e9b1f4323bf74f3170fc0f78a","name":"Matheus Sangaletti","image":{"@type":"ImageObject","inLanguage":"hu","@id":"https:\/\/universofamilia.com\/el\/#\/schema\/person\/image\/","url":"https:\/\/secure.gravatar.com\/avatar\/280ea957a14a48e6a1ad2133d2cc27c9?s=96&d=mm&r=g","contentUrl":"https:\/\/secure.gravatar.com\/avatar\/280ea957a14a48e6a1ad2133d2cc27c9?s=96&d=mm&r=g","caption":"Matheus Sangaletti"},"url":"https:\/\/universofamilia.com\/hu\/author\/matheuss\/"}]}},"_links":{"self":[{"href":"https:\/\/universofamilia.com\/hu\/wp-json\/wp\/v2\/posts\/5350"}],"collection":[{"href":"https:\/\/universofamilia.com\/hu\/wp-json\/wp\/v2\/posts"}],"about":[{"href":"https:\/\/universofamilia.com\/hu\/wp-json\/wp\/v2\/types\/post"}],"author":[{"embeddable":true,"href":"https:\/\/universofamilia.com\/hu\/wp-json\/wp\/v2\/users\/219"}],"replies":[{"embeddable":true,"href":"https:\/\/universofamilia.com\/hu\/wp-json\/wp\/v2\/comments?post=5350"}],"version-history":[{"count":1,"href":"https:\/\/universofamilia.com\/hu\/wp-json\/wp\/v2\/posts\/5350\/revisions"}],"predecessor-version":[{"id":10477,"href":"https:\/\/universofamilia.com\/hu\/wp-json\/wp\/v2\/posts\/5350\/revisions\/10477"}],"wp:featuredmedia":[{"embeddable":true,"href":"https:\/\/universofamilia.com\/hu\/wp-json\/wp\/v2\/media\/5351"}],"wp:attachment":[{"href":"https:\/\/universofamilia.com\/hu\/wp-json\/wp\/v2\/media?parent=5350"}],"wp:term":[{"taxonomy":"category","embeddable":true,"href":"https:\/\/universofamilia.com\/hu\/wp-json\/wp\/v2\/categories?post=5350"},{"taxonomy":"post_tag","embeddable":true,"href":"https:\/\/universofamilia.com\/hu\/wp-json\/wp\/v2\/tags?post=5350"}],"curies":[{"name":"wp","href":"https:\/\/api.w.org\/{rel}","templated":true}]}}