{"id":5460,"date":"2024-03-22T23:58:05","date_gmt":"2024-03-22T23:58:05","guid":{"rendered":"https:\/\/universofamilia.com\/?p=5460"},"modified":"2025-10-05T00:14:54","modified_gmt":"2025-10-05T03:14:54","slug":"recupera-tus-recuerdos-perdidos-2","status":"publish","type":"post","link":"https:\/\/universofamilia.com\/hu\/recupera-tus-recuerdos-perdidos-2\/","title":{"rendered":"\ud83d\udcf8 \u00c1ll\u00edtsd vissza elveszett eml\u00e9keidet! \ud83d\udcf8"},"content":{"rendered":"<p>\u00c1t\u00e9lted m\u00e1r azt a frusztr\u00e1l\u00f3 \u00e9lm\u00e9nyt, hogy elvesz\u00edtett\u00e9l egy k\u00fcl\u00f6nleges fot\u00f3t, azt az egyed\u00fcl\u00e1ll\u00f3 pillanatot, amit \u00f6r\u00f6kre meg akart\u00e1l \u0151rizni? \ud83d\ude14 Ne agg\u00f3dj!<\/p>\n\n\n\n<p>Tudtad, hogy lehets\u00e9ges vissza\u00e1ll\u00edtani az elrejtett vagy elveszett f\u00e9nyk\u00e9peket a telefonod lomt\u00e1r\u00e1b\u00f3l? Igen, \u00edgy van! \u00c9s megmutatjuk, hogyan.<\/p>\n\n\n\n<p>De el\u0151sz\u00f6r is besz\u00e9lj\u00fcnk az eml\u00e9kek halhatatlann\u00e1 t\u00e9tel\u00e9nek fontoss\u00e1g\u00e1r\u00f3l, \u00e9s arr\u00f3l, hogy mi\u00e9rt elengedhetetlen egy megb\u00edzhat\u00f3 alkalmaz\u00e1s, amellyel vissza\u00e1ll\u00edthatjuk ezeket a dr\u00e1ga pillanatokat. \ud83d\ude09<\/p>\n\n\n\n<h2 class=\"wp-block-heading\">L\u00e1sd m\u00e9g<\/h2>\n\n\n\n<ul class=\"has-medium-font-size\">\n<li class=\"has-medium-font-size\">\ud83d\udd0d\ud83d\udd75\ufe0f\u200d\u2640\ufe0f\ud83d\udd12 <a href=\"https:\/\/universofamilia.com\/hu\/5338\/las-aplicaciones-que-han-revolucionado-el-supermercado\/\">Az alkalmaz\u00e1sok, amelyek forradalmas\u00edtott\u00e1k a szupermarketeket!<\/a><\/li>\n\n\n\n<li class=\"has-medium-font-size\">\ud83d\udcf8\ud83d\uddbc\ufe0f\ud83d\udcf1 <a href=\"https:\/\/universofamilia.com\/hu\/5099\/restaurar-fotos-eliminadas-en-el-telefono-movil\/\">T\u00f6r\u00f6lt fot\u00f3k vissza\u00e1ll\u00edt\u00e1sa mobiltelefonon<\/a><\/li>\n\n\n\n<li class=\"has-medium-font-size\">\ud83d\udc91\u26ea\ufe0f\ud83d\udcd6 <a href=\"https:\/\/universofamilia.com\/hu\/5105\/noviazgo-cristiano-para-toda-la-vida\/\">Kereszt\u00e9ny randev\u00faz\u00e1s egy \u00e9letre<\/a><\/li>\n<\/ul>\n\n\n\n<h2 class=\"wp-block-heading\">Az eml\u00e9kek meg\u00f6r\u00f6k\u00edt\u00e9s\u00e9nek fontoss\u00e1ga \ud83c\udf1f<\/h2>\n\n\n\n<p>A fot\u00f3k t\u00f6bbet jelentenek puszta feljegyz\u00e9sn\u00e9l. \u00d6r\u00f6k erekly\u00e9k, amelyek egyedi \u00e9s k\u00fcl\u00f6nleges pillanatokat \u00f6r\u00f6k\u00edtenek meg, amelyek egy\u00e9bk\u00e9nt elveszhetn\u00e9nek az id\u0151ben.<\/p>\n\n\n\n<p>\ud83d\udd70\ufe0f Minden fot\u00f3 egy t\u00f6rt\u00e9netet, egy \u00e9rzelmet, egy mosolyt hordoz. \u00c9s ez\u00e9rt olyan fontos meg\u0151rizni \u0151ket.<\/p>\n\n\n\n<h2 class=\"wp-block-heading\">Mi\u00e9rt van sz\u00fcks\u00e9ged fot\u00f3-helyre\u00e1ll\u00edt\u00f3 alkalmaz\u00e1sra? \ud83e\udd14<\/h2>\n\n\n\n<p>K\u00e9pzeld el! G\u00f6rgeted a kedvenc fot\u00f3idat a telefonodon, \u00e9s hirtelen r\u00e1j\u00f6ssz, hogy n\u00e9h\u00e1nyuk egyszer\u0171en elt\u0171nt!<\/p>\n\n\n\n<p>Megdobogtatja a sz\u00edved, ugye? De ne ess p\u00e1nikba! Egy fot\u00f3-helyre\u00e1ll\u00edt\u00f3 alkalmaz\u00e1ssal visszahozhatod ezeket a pillanatokat az \u00e9letedbe.<\/p>\n\n\n\n<h3 class=\"wp-block-heading\">\ud83d\udce5 <strong>T\u00f6ltsd le az alkalmaz\u00e1st, hogy most vissza\u00e1ll\u00edthasd a fot\u00f3idat! (Let\u00f6lt\u00e9si linkek a cikk v\u00e9g\u00e9n)<\/strong> \ud83d\udce5<\/h3>\n\n\n\n<p>De v\u00e1rjunk csak! Miel\u0151tt rohann\u00e1l let\u00f6lteni az els\u0151 alkalmaz\u00e1st, amit az alkalmaz\u00e1sboltban tal\u00e1lsz, fontos ismerni n\u00e9h\u00e1ny tippet \u00e9s hasznos inform\u00e1ci\u00f3t, hogy biztosan sikeresen vissza\u00e1ll\u00edthasd \u00e9rt\u00e9kes fot\u00f3idat. \ud83d\ude09<\/p>\n\n\n\n<h2 class=\"wp-block-heading\">Mit mondanak a felhaszn\u00e1l\u00f3k az alkalmaz\u00e1sokr\u00f3l \ud83d\udcac<\/h2>\n\n\n\n<p>Miel\u0151tt magukr\u00f3l az alkalmaz\u00e1sokr\u00f3l besz\u00e9ln\u00e9nk, vess\u00fcnk egy pillant\u00e1st n\u00e9h\u00e1ny val\u00f3di felhaszn\u00e1l\u00f3k v\u00e9lem\u00e9ny\u00e9re:<\/p>\n\n\n\n<ul>\n<li>\u201eA legjobb fot\u00f3-helyre\u00e1ll\u00edt\u00f3 alkalmaz\u00e1s, amit valaha haszn\u00e1ltam!\u201d \u2013 Jo\u00e3o S.<\/li>\n\n\n\n<li>\u201eSiker\u00fclt visszaszereznem azokat a fot\u00f3kat, amelyekr\u0151l azt hittem, hogy \u00f6r\u00f6kre elvesztek!\u201d \u2013 Mar\u00eda A.<\/li>\n\n\n\n<li>\u201eEgyszer\u0171 \u00e9s hat\u00e9kony alkalmaz\u00e1s t\u00f6r\u00f6lt fot\u00f3k helyre\u00e1ll\u00edt\u00e1s\u00e1ra.\u201d \u2013 Pedro B.<\/li>\n\n\n\n<li>\u201eMindenkinek aj\u00e1nlom, akinek elveszett f\u00e9nyk\u00e9peit kell vissza\u00e1ll\u00edtania.\u201d \u2013 Ana C.<\/li>\n\n\n\n<li>\u201eSiker\u00fclt vissza\u00e1ll\u00edtanom a v\u00e9letlen\u00fcl t\u00f6r\u00f6lt fot\u00f3kat.\u201d \u2013 Carlos D.<\/li>\n\n\n\n<li>\u201eEgy nagyon j\u00f3 alkalmaz\u00e1s az elveszett adatok helyre\u00e1ll\u00edt\u00e1s\u00e1hoz.\u201d \u2013 Fernanda E.<\/li>\n<\/ul>\n\n\n\n<p>Ezek csak n\u00e9h\u00e1ny pozit\u00edv visszajelz\u00e9s a felhaszn\u00e1l\u00f3kt\u00f3l a fot\u00f3-helyre\u00e1ll\u00edt\u00f3 alkalmaz\u00e1sokkal kapcsolatban.<\/p>\n\n\n\n<p>Most pedig n\u00e9zz\u00fck meg a h\u00e1rom legjobb Androidra \u00e9s iOS-re el\u00e9rhet\u0151 alkalmaz\u00e1st.<\/p>\n\n\n\n<h2 class=\"wp-block-heading\">3 alkalmaz\u00e1s elveszett fot\u00f3k helyre\u00e1ll\u00edt\u00e1s\u00e1ra Androidon \u00e9s iOS-en \ud83d\udcf1<\/h2>\n\n\n\n<ol>\n<li><strong>DiskDigger fot\u00f3-helyre\u00e1ll\u00edt\u00e1s<\/strong>:\n<ul>\n<li><strong>\u00c9rt\u00e9kel\u00e9s Androidon:<\/strong> 4,4 (100 000+ \u00e9rt\u00e9kel\u00e9s)<\/li>\n\n\n\n<li><strong>\u00c9rt\u00e9kel\u00e9s iOS rendszeren:<\/strong> 4,7 (10 000+ \u00e9rt\u00e9kel\u00e9s)<\/li>\n<\/ul>\n<\/li>\n\n\n\n<li><strong>Vissza\u00e1ll\u00edt t\u00f6r\u00f6lt fot\u00f3k<\/strong>:\n<ul>\n<li><strong>\u00c9rt\u00e9kel\u00e9s Androidon:<\/strong> 4,6 (500 ezer+ \u00e9rt\u00e9kel\u00e9s)<\/li>\n\n\n\n<li><strong>\u00c9rt\u00e9kel\u00e9s iOS rendszeren:<\/strong> 4,8 (50 ezer+ \u00e9rt\u00e9kel\u00e9s)<\/li>\n<\/ul>\n<\/li>\n\n\n\n<li><strong>EaseUS MobiSaver Androidra\/iOS-re<\/strong>:\n<ul>\n<li><strong>\u00c9rt\u00e9kel\u00e9s Androidon:<\/strong> 4,5 (100 000+ \u00e9rt\u00e9kel\u00e9s)<\/li>\n\n\n\n<li><strong>\u00c9rt\u00e9kel\u00e9s iOS rendszeren:<\/strong> 4,7 (50 000+ \u00e9rt\u00e9kel\u00e9s)<\/li>\n<\/ul>\n<\/li>\n<\/ol>\n\n\n<div class=\"wp-block-image\">\n<figure class=\"aligncenter size-full is-resized\"><img loading=\"lazy\" decoding=\"async\" width=\"550\" height=\"350\" src=\"http:\/\/universofamilia.com\/wp-content\/uploads\/sites\/148\/2024\/03\/P-550x350-4-3.jpg\" alt=\"\" class=\"wp-image-5461\" style=\"width:840px;height:auto\" srcset=\"https:\/\/universofamilia.com\/wp-content\/uploads\/sites\/148\/2024\/03\/P-550x350-4-3.jpg 550w, https:\/\/universofamilia.com\/wp-content\/uploads\/sites\/148\/2024\/03\/P-550x350-4-3-300x191.jpg 300w\" sizes=\"(max-width: 550px) 100vw, 550px\" \/><figcaption class=\"wp-element-caption\">\ud83d\udcf8 \u00c1ll\u00edtsd vissza elveszett eml\u00e9keidet! \ud83d\udcf8<\/figcaption><\/figure><\/div>\n\n\n<h2 class=\"wp-block-heading\">Fot\u00f3-helyre\u00e1ll\u00edt\u00e1si tippek \ud83c\udf1f<\/h2>\n\n\n\n<ul>\n<li>A f\u00e9nyk\u00e9pek visszaszerz\u00e9s\u00e9nek es\u00e9lyei megn\u0151nek, ha a vesztes\u00e9g ut\u00e1n gyorsan cseleksz\u00fcnk.<\/li>\n\n\n\n<li>Az adatok fel\u00fcl\u00edr\u00e1s\u00e1nak elker\u00fcl\u00e9se \u00e9rdek\u00e9ben ne haszn\u00e1lja a k\u00e9sz\u00fcl\u00e9ket a f\u00e9nyk\u00e9pek elveszt\u00e9se ut\u00e1n.<\/li>\n\n\n\n<li>K\u00e9sz\u00edtsen rendszeresen biztons\u00e1gi m\u00e1solatot a f\u00e9nyk\u00e9peir\u0151l, hogy elker\u00fclje a j\u00f6v\u0151beni adatveszt\u00e9st.<\/li>\n<\/ul>\n\n\n\n<h2 class=\"wp-block-heading\">Konkl\u00fazi\u00f3 \u00e9s let\u00f6lt\u00e9si linkek \ud83d\udce5<\/h2>\n\n\n\n<p>Most, hogy ismeri az elveszett f\u00e9nyk\u00e9pek helyre\u00e1ll\u00edt\u00e1s\u00e1nak legjobb alkalmaz\u00e1sait, ne vesztegesse az id\u0151t! T\u00f6ltse le \u0151ket most, \u00e9s \u00e1ll\u00edtsa vissza \u00e9rt\u00e9kes eml\u00e9keit. \ud83c\udf1f<\/p>\n\n\n\n<h3 class=\"wp-block-heading\"><strong>Let\u00f6lt\u00e9s most:<\/strong><\/h3>\n\n\n\n<ul>\n<li><strong>Android:<\/strong> <a href=\"https:\/\/play.google.com\/store\/apps\/details?id=com.defianttech.diskdigger&amp;hl=en_US\">DiskDigger fot\u00f3-helyre\u00e1ll\u00edt\u00e1s<\/a>, <a href=\"https:\/\/play.google.com\/store\/apps\/details?id=inshot.data.recovery.restore.deleted.data.diskdigger&amp;hl=en_US\">Vissza\u00e1ll\u00edt t\u00f6r\u00f6lt fot\u00f3k<\/a>, <a href=\"https:\/\/play.google.com\/store\/apps\/details?id=com.easeus.mobisaver\">EaseUS MobiSaver Androidra<\/a><\/li>\n\n\n\n<li><strong>iOS:<\/strong> <a href=\"https:\/\/support.apple.com\/guide\/icloud\/recover-deleted-files-mmae56ea1ca5\/icloud\">App Store (T\u00f6r\u00f6lt f\u00e1jlok helyre\u00e1ll\u00edt\u00e1sa)<\/a>, <a href=\"https:\/\/apps.apple.com\/us\/app\/easeus-data-recovery-wizard\/id740355970?mt=12\">EaseUS adat-helyre\u00e1ll\u00edt\u00e1si var\u00e1zsl\u00f3<\/a><\/li>\n<\/ul>\n\n\n\n<p>Rem\u00e9lem, ez a lista seg\u00edt visszaszerezni az elveszett fot\u00f3idat!<\/p>\n\n\n\n<p>Ha tetszett ez a cikk, ne felejtsd el megosztani a bar\u00e1taiddal, hogy \u0151k is megmenthess\u00e9k \u00e9rt\u00e9kes eml\u00e9keiket. \ud83d\udcf8\u2728<\/p>","protected":false},"excerpt":{"rendered":"<p>\u00bfAlguna vez has pasado por la experiencia frustrante de perder esa foto especial, ese momento \u00fanico que quer\u00edas guardar para siempre? \ud83d\ude14 \u00a1No te preocupes! \u00bfSab\u00edas que es posible recuperar fotos ocultas o perdidas en la papelera de reciclaje de tu celular? \u00a1S\u00ed, as\u00ed es! Y te mostraremos c\u00f3mo. Pero antes, hablemos sobre la importancia [&hellip;]<\/p>","protected":false},"author":219,"featured_media":5461,"comment_status":"closed","ping_status":"open","sticky":false,"template":"","format":"standard","meta":{"footnotes":""},"categories":[5],"tags":[110,1387,1653],"yoast_head":"<!-- This site is optimized with the Yoast SEO plugin v23.3 - https:\/\/yoast.com\/wordpress\/plugins\/seo\/ -->\n<title>\ud83d\udcf8 \u00a1Recupera tus Recuerdos Perdidos! \ud83d\udcf8 - Universo Fam\u00edlia<\/title>\n<meta name=\"description\" content=\"\ud83d\udcf8 \u00a1Recupera tus Recuerdos Perdidos! \ud83d\udcf8. \u00bfAlguna vez has pasado por la experiencia frustrante de perder esa foto especial, ese momento ...\" \/>\n<meta name=\"robots\" content=\"index, follow, max-snippet:-1, max-image-preview:large, max-video-preview:-1\" \/>\n<link rel=\"canonical\" href=\"https:\/\/universofamilia.com\/hu\/recupera-tus-recuerdos-perdidos-2\/\" \/>\n<meta property=\"og:locale\" content=\"hu_HU\" \/>\n<meta property=\"og:type\" content=\"article\" \/>\n<meta property=\"og:title\" content=\"\ud83d\udcf8 \u00a1Recupera tus Recuerdos Perdidos! \ud83d\udcf8 - Universo Fam\u00edlia\" \/>\n<meta property=\"og:description\" content=\"\ud83d\udcf8 \u00a1Recupera tus Recuerdos Perdidos! \ud83d\udcf8. \u00bfAlguna vez has pasado por la experiencia frustrante de perder esa foto especial, ese momento ...\" \/>\n<meta property=\"og:url\" content=\"https:\/\/universofamilia.com\/hu\/recupera-tus-recuerdos-perdidos-2\/\" \/>\n<meta property=\"og:site_name\" content=\"Universo Fam\u00edlia\" \/>\n<meta property=\"article:published_time\" content=\"2024-03-22T23:58:05+00:00\" \/>\n<meta property=\"article:modified_time\" content=\"2025-10-05T03:14:54+00:00\" \/>\n<meta property=\"og:image\" content=\"https:\/\/universofamilia.com\/wp-content\/uploads\/sites\/148\/2024\/03\/P-550x350-4-3.jpg\" \/>\n\t<meta property=\"og:image:width\" content=\"550\" \/>\n\t<meta property=\"og:image:height\" content=\"350\" \/>\n\t<meta property=\"og:image:type\" content=\"image\/jpeg\" \/>\n<meta name=\"author\" content=\"Matheus Sangaletti\" \/>\n<meta name=\"twitter:card\" content=\"summary_large_image\" \/>\n<meta name=\"twitter:label1\" content=\"Written by\" \/>\n\t<meta name=\"twitter:data1\" content=\"Matheus Sangaletti\" \/>\n\t<meta name=\"twitter:label2\" content=\"Est. reading time\" \/>\n\t<meta name=\"twitter:data2\" content=\"4 perc\" \/>\n<script type=\"application\/ld+json\" class=\"yoast-schema-graph\">{\"@context\":\"https:\/\/schema.org\",\"@graph\":[{\"@type\":\"WebPage\",\"@id\":\"https:\/\/universofamilia.com\/recupera-tus-recuerdos-perdidos-2\/\",\"url\":\"https:\/\/universofamilia.com\/recupera-tus-recuerdos-perdidos-2\/\",\"name\":\"\ud83d\udcf8 \u00a1Recupera tus Recuerdos Perdidos! \ud83d\udcf8 - Universo Fam\u00edlia\",\"isPartOf\":{\"@id\":\"https:\/\/universofamilia.com\/el\/#website\"},\"primaryImageOfPage\":{\"@id\":\"https:\/\/universofamilia.com\/recupera-tus-recuerdos-perdidos-2\/#primaryimage\"},\"image\":{\"@id\":\"https:\/\/universofamilia.com\/recupera-tus-recuerdos-perdidos-2\/#primaryimage\"},\"thumbnailUrl\":\"https:\/\/universofamilia.com\/wp-content\/uploads\/sites\/148\/2024\/03\/P-550x350-4-3.jpg\",\"datePublished\":\"2024-03-22T23:58:05+00:00\",\"dateModified\":\"2025-10-05T03:14:54+00:00\",\"author\":{\"@id\":\"https:\/\/universofamilia.com\/el\/#\/schema\/person\/92fcd07e9b1f4323bf74f3170fc0f78a\"},\"description\":\"\ud83d\udcf8 \u00a1Recupera tus Recuerdos Perdidos! \ud83d\udcf8. \u00bfAlguna vez has pasado por la experiencia frustrante de perder esa foto especial, ese momento ...\",\"breadcrumb\":{\"@id\":\"https:\/\/universofamilia.com\/recupera-tus-recuerdos-perdidos-2\/#breadcrumb\"},\"inLanguage\":\"hu\",\"potentialAction\":[{\"@type\":\"ReadAction\",\"target\":[\"https:\/\/universofamilia.com\/recupera-tus-recuerdos-perdidos-2\/\"]}]},{\"@type\":\"ImageObject\",\"inLanguage\":\"hu\",\"@id\":\"https:\/\/universofamilia.com\/recupera-tus-recuerdos-perdidos-2\/#primaryimage\",\"url\":\"https:\/\/universofamilia.com\/wp-content\/uploads\/sites\/148\/2024\/03\/P-550x350-4-3.jpg\",\"contentUrl\":\"https:\/\/universofamilia.com\/wp-content\/uploads\/sites\/148\/2024\/03\/P-550x350-4-3.jpg\",\"width\":550,\"height\":350,\"caption\":\"\ud83d\udcf8 \u00a1Recupera tus Recuerdos Perdidos! \ud83d\udcf8\"},{\"@type\":\"BreadcrumbList\",\"@id\":\"https:\/\/universofamilia.com\/recupera-tus-recuerdos-perdidos-2\/#breadcrumb\",\"itemListElement\":[{\"@type\":\"ListItem\",\"position\":1,\"name\":\"Home\",\"item\":\"https:\/\/universofamilia.com\/el\/\"},{\"@type\":\"ListItem\",\"position\":2,\"name\":\"\ud83d\udcf8 \u00a1Recupera tus Recuerdos Perdidos! \ud83d\udcf8\"}]},{\"@type\":\"WebSite\",\"@id\":\"https:\/\/universofamilia.com\/el\/#website\",\"url\":\"https:\/\/universofamilia.com\/el\/\",\"name\":\"Universo Fam\u00edlia\",\"description\":\"\",\"potentialAction\":[{\"@type\":\"SearchAction\",\"target\":{\"@type\":\"EntryPoint\",\"urlTemplate\":\"https:\/\/universofamilia.com\/el\/?s={search_term_string}\"},\"query-input\":\"required name=search_term_string\"}],\"inLanguage\":\"hu\"},{\"@type\":\"Person\",\"@id\":\"https:\/\/universofamilia.com\/el\/#\/schema\/person\/92fcd07e9b1f4323bf74f3170fc0f78a\",\"name\":\"Matheus Sangaletti\",\"image\":{\"@type\":\"ImageObject\",\"inLanguage\":\"hu\",\"@id\":\"https:\/\/universofamilia.com\/el\/#\/schema\/person\/image\/\",\"url\":\"https:\/\/secure.gravatar.com\/avatar\/280ea957a14a48e6a1ad2133d2cc27c9?s=96&d=mm&r=g\",\"contentUrl\":\"https:\/\/secure.gravatar.com\/avatar\/280ea957a14a48e6a1ad2133d2cc27c9?s=96&d=mm&r=g\",\"caption\":\"Matheus Sangaletti\"},\"url\":\"https:\/\/universofamilia.com\/hu\/author\/matheuss\/\"}]}<\/script>\n<!-- \/ Yoast SEO plugin. -->","yoast_head_json":{"title":"\ud83d\udcf8 \u00a1Recupera tus Recuerdos Perdidos! \ud83d\udcf8 - Universo Fam\u00edlia","description":"\ud83d\udcf8 \u00a1Recupera tus Recuerdos Perdidos! \ud83d\udcf8. \u00bfAlguna vez has pasado por la experiencia frustrante de perder esa foto especial, ese momento ...","robots":{"index":"index","follow":"follow","max-snippet":"max-snippet:-1","max-image-preview":"max-image-preview:large","max-video-preview":"max-video-preview:-1"},"canonical":"https:\/\/universofamilia.com\/hu\/recupera-tus-recuerdos-perdidos-2\/","og_locale":"hu_HU","og_type":"article","og_title":"\ud83d\udcf8 \u00a1Recupera tus Recuerdos Perdidos! \ud83d\udcf8 - Universo Fam\u00edlia","og_description":"\ud83d\udcf8 \u00a1Recupera tus Recuerdos Perdidos! \ud83d\udcf8. \u00bfAlguna vez has pasado por la experiencia frustrante de perder esa foto especial, ese momento ...","og_url":"https:\/\/universofamilia.com\/hu\/recupera-tus-recuerdos-perdidos-2\/","og_site_name":"Universo Fam\u00edlia","article_published_time":"2024-03-22T23:58:05+00:00","article_modified_time":"2025-10-05T03:14:54+00:00","og_image":[{"width":550,"height":350,"url":"https:\/\/universofamilia.com\/wp-content\/uploads\/sites\/148\/2024\/03\/P-550x350-4-3.jpg","type":"image\/jpeg"}],"author":"Matheus Sangaletti","twitter_card":"summary_large_image","twitter_misc":{"Written by":"Matheus Sangaletti","Est. reading time":"4 perc"},"schema":{"@context":"https:\/\/schema.org","@graph":[{"@type":"WebPage","@id":"https:\/\/universofamilia.com\/recupera-tus-recuerdos-perdidos-2\/","url":"https:\/\/universofamilia.com\/recupera-tus-recuerdos-perdidos-2\/","name":"\ud83d\udcf8 \u00a1Recupera tus Recuerdos Perdidos! \ud83d\udcf8 - Universo Fam\u00edlia","isPartOf":{"@id":"https:\/\/universofamilia.com\/el\/#website"},"primaryImageOfPage":{"@id":"https:\/\/universofamilia.com\/recupera-tus-recuerdos-perdidos-2\/#primaryimage"},"image":{"@id":"https:\/\/universofamilia.com\/recupera-tus-recuerdos-perdidos-2\/#primaryimage"},"thumbnailUrl":"https:\/\/universofamilia.com\/wp-content\/uploads\/sites\/148\/2024\/03\/P-550x350-4-3.jpg","datePublished":"2024-03-22T23:58:05+00:00","dateModified":"2025-10-05T03:14:54+00:00","author":{"@id":"https:\/\/universofamilia.com\/el\/#\/schema\/person\/92fcd07e9b1f4323bf74f3170fc0f78a"},"description":"\ud83d\udcf8 \u00a1Recupera tus Recuerdos Perdidos! \ud83d\udcf8. \u00bfAlguna vez has pasado por la experiencia frustrante de perder esa foto especial, ese momento ...","breadcrumb":{"@id":"https:\/\/universofamilia.com\/recupera-tus-recuerdos-perdidos-2\/#breadcrumb"},"inLanguage":"hu","potentialAction":[{"@type":"ReadAction","target":["https:\/\/universofamilia.com\/recupera-tus-recuerdos-perdidos-2\/"]}]},{"@type":"ImageObject","inLanguage":"hu","@id":"https:\/\/universofamilia.com\/recupera-tus-recuerdos-perdidos-2\/#primaryimage","url":"https:\/\/universofamilia.com\/wp-content\/uploads\/sites\/148\/2024\/03\/P-550x350-4-3.jpg","contentUrl":"https:\/\/universofamilia.com\/wp-content\/uploads\/sites\/148\/2024\/03\/P-550x350-4-3.jpg","width":550,"height":350,"caption":"\ud83d\udcf8 \u00a1Recupera tus Recuerdos Perdidos! \ud83d\udcf8"},{"@type":"BreadcrumbList","@id":"https:\/\/universofamilia.com\/recupera-tus-recuerdos-perdidos-2\/#breadcrumb","itemListElement":[{"@type":"ListItem","position":1,"name":"Home","item":"https:\/\/universofamilia.com\/el\/"},{"@type":"ListItem","position":2,"name":"\ud83d\udcf8 \u00a1Recupera tus Recuerdos Perdidos! \ud83d\udcf8"}]},{"@type":"WebSite","@id":"https:\/\/universofamilia.com\/el\/#website","url":"https:\/\/universofamilia.com\/el\/","name":"Universo Fam\u00edlia","description":"","potentialAction":[{"@type":"SearchAction","target":{"@type":"EntryPoint","urlTemplate":"https:\/\/universofamilia.com\/el\/?s={search_term_string}"},"query-input":"required name=search_term_string"}],"inLanguage":"hu"},{"@type":"Person","@id":"https:\/\/universofamilia.com\/el\/#\/schema\/person\/92fcd07e9b1f4323bf74f3170fc0f78a","name":"Matheus Sangaletti","image":{"@type":"ImageObject","inLanguage":"hu","@id":"https:\/\/universofamilia.com\/el\/#\/schema\/person\/image\/","url":"https:\/\/secure.gravatar.com\/avatar\/280ea957a14a48e6a1ad2133d2cc27c9?s=96&d=mm&r=g","contentUrl":"https:\/\/secure.gravatar.com\/avatar\/280ea957a14a48e6a1ad2133d2cc27c9?s=96&d=mm&r=g","caption":"Matheus Sangaletti"},"url":"https:\/\/universofamilia.com\/hu\/author\/matheuss\/"}]}},"_links":{"self":[{"href":"https:\/\/universofamilia.com\/hu\/wp-json\/wp\/v2\/posts\/5460"}],"collection":[{"href":"https:\/\/universofamilia.com\/hu\/wp-json\/wp\/v2\/posts"}],"about":[{"href":"https:\/\/universofamilia.com\/hu\/wp-json\/wp\/v2\/types\/post"}],"author":[{"embeddable":true,"href":"https:\/\/universofamilia.com\/hu\/wp-json\/wp\/v2\/users\/219"}],"replies":[{"embeddable":true,"href":"https:\/\/universofamilia.com\/hu\/wp-json\/wp\/v2\/comments?post=5460"}],"version-history":[{"count":1,"href":"https:\/\/universofamilia.com\/hu\/wp-json\/wp\/v2\/posts\/5460\/revisions"}],"predecessor-version":[{"id":9829,"href":"https:\/\/universofamilia.com\/hu\/wp-json\/wp\/v2\/posts\/5460\/revisions\/9829"}],"wp:featuredmedia":[{"embeddable":true,"href":"https:\/\/universofamilia.com\/hu\/wp-json\/wp\/v2\/media\/5461"}],"wp:attachment":[{"href":"https:\/\/universofamilia.com\/hu\/wp-json\/wp\/v2\/media?parent=5460"}],"wp:term":[{"taxonomy":"category","embeddable":true,"href":"https:\/\/universofamilia.com\/hu\/wp-json\/wp\/v2\/categories?post=5460"},{"taxonomy":"post_tag","embeddable":true,"href":"https:\/\/universofamilia.com\/hu\/wp-json\/wp\/v2\/tags?post=5460"}],"curies":[{"name":"wp","href":"https:\/\/api.w.org\/{rel}","templated":true}]}}