{"id":5472,"date":"2024-03-25T19:40:04","date_gmt":"2024-03-25T19:40:04","guid":{"rendered":"https:\/\/universofamilia.com\/?p=5472"},"modified":"2025-01-29T01:27:42","modified_gmt":"2025-01-29T01:27:42","slug":"descubre-la-red-social-de-una-persona-con-solo-una-foto","status":"publish","type":"post","link":"https:\/\/universofamilia.com\/hu\/descubre-la-red-social-de-una-persona-con-solo-una-foto\/","title":{"rendered":"Fedezd fel egy szem\u00e9ly k\u00f6z\u00f6ss\u00e9gi oldal\u00e1t egyetlen fot\u00f3val\ud83d\udcf8"},"content":{"rendered":"<p>Fedezd fel egy szem\u00e9ly k\u00f6z\u00f6ss\u00e9gi oldal\u00e1t egyetlen fot\u00f3val\ud83d\udcf8. A mai digit\u00e1lis vil\u00e1gban a biztons\u00e1g \u00e9s az adatv\u00e9delem kulcsfontoss\u00e1g\u00fa szempont.<\/p>\n\n\n\n<p>A k\u00f6z\u00f6ss\u00e9gi m\u00e9dia t\u00e9rnyer\u00e9s\u00e9vel a felhaszn\u00e1l\u00f3k egyre k\u00f6nnyebben tudnak kapcsolatba l\u00e9pni egym\u00e1ssal, de ez a szem\u00e9lyes adatok kisziv\u00e1rg\u00e1s\u00e1val kapcsolatos agg\u00e1lyokat is felvet.<\/p>\n\n\n\n<p>Hogyan biztos\u00edthatjuk teh\u00e1t a biztons\u00e1gunkat, mik\u00f6zben a k\u00f6z\u00f6ss\u00e9gi m\u00e9dia hatalmas t\u00e1jk\u00e9p\u00e9t fedezz\u00fck fel?<\/p>\n\n\n\n<p>Az egyik egyre n\u00e9pszer\u0171bb eszk\u00f6z a Facecheck.id, egy olyan oldal, amely azt \u00edg\u00e9ri, hogy puszt\u00e1n a fot\u00f3ja alapj\u00e1n felfedi egy szem\u00e9ly k\u00f6z\u00f6ss\u00e9gi h\u00e1l\u00f3zat\u00e1t.<\/p>\n\n\n\n<p>Mer\u00fclj\u00fcnk el m\u00e9lyebben ebben az \u00e9rdekes eszk\u00f6zben, \u00e9s \u00e9rts\u00fck meg, hogyan m\u0171k\u00f6dik.<\/p>\n\n\n\n<h2 class=\"wp-block-heading\">L\u00e1sd m\u00e9g<\/h2>\n\n\n\n<ul class=\"has-medium-font-size\">\n<li class=\"has-medium-font-size\">\ud83d\udd0d\ud83d\udd75\ufe0f\u200d\u2640\ufe0f\ud83d\udd12 <a href=\"https:\/\/universofamilia.com\/hu\/5338\/las-aplicaciones-que-han-revolucionado-el-supermercado\/\">Az alkalmaz\u00e1sok, amelyek forradalmas\u00edtott\u00e1k a szupermarketeket!<\/a><\/li>\n\n\n\n<li class=\"has-medium-font-size\">\ud83d\udcf8\ud83d\uddbc\ufe0f\ud83d\udcf1 <a href=\"https:\/\/universofamilia.com\/hu\/5099\/restaurar-fotos-eliminadas-en-el-telefono-movil\/\">T\u00f6r\u00f6lt fot\u00f3k vissza\u00e1ll\u00edt\u00e1sa mobiltelefonon<\/a><\/li>\n\n\n\n<li class=\"has-medium-font-size\">\ud83d\udc91\u26ea\ufe0f\ud83d\udcd6 <a href=\"https:\/\/universofamilia.com\/hu\/5105\/noviazgo-cristiano-para-toda-la-vida\/\">Kereszt\u00e9ny randev\u00faz\u00e1s egy \u00e9letre<\/a><\/li>\n<\/ul>\n\n\n\n<h2 class=\"wp-block-heading\">Mi az a Facecheck.id? \ud83d\udd75\ufe0f\u200d\u2642\ufe0f<\/h2>\n\n\n\n<p>A Facecheck.id egy olyan oldal, amely \u00f6sszehasonl\u00edt\u00f3 k\u00e9pek hatalmas adatb\u00e1zis\u00e1t haszn\u00e1lja, hogy olyan embereket tal\u00e1ljon, akik hasonl\u00f3ak az azonos\u00edtani k\u00edv\u00e1nt szem\u00e9lyhez.<\/p>\n\n\n\n<p>Ak\u00e1r biztons\u00e1gr\u00f3l, k\u00edv\u00e1ncsis\u00e1gr\u00f3l vagy ak\u00e1r kutat\u00e1sr\u00f3l van sz\u00f3, a Facecheck.id gyors \u00e9s egyszer\u0171 m\u00f3dot k\u00edn\u00e1l arra, hogy egyetlen fot\u00f3b\u00f3l inform\u00e1ci\u00f3kat tudjunk meg egy szem\u00e9lyr\u0151l.<\/p>\n\n\n\n<h2 class=\"wp-block-heading\">Hogyan m\u0171k\u00f6dik? \ud83d\udd04<\/h2>\n\n\n\n<p>Amikor felt\u00f6ltesz egy fot\u00f3t a Facecheck.id oldalra, az oldal algoritmusa \u00e1tkutatja az adatb\u00e1zis\u00e1t, amely t\u00f6bb milli\u00f3 k\u00e9pet tartalmaz.<\/p>\n\n\n\n<p>Keressen arcvon\u00e1sokat \u00e9s m\u00e1s jellegzetes tulajdons\u00e1gokat a k\u00f6zeli egyez\u00e9sek megtal\u00e1l\u00e1s\u00e1hoz.<\/p>\n\n\n\n<p>Fontos megjegyezni, hogy a hatalmas adatmennyis\u00e9g \u00e9s az \u00f6sszehasonl\u00edt\u00e1sok \u00f6sszetetts\u00e9ge miatt a pontoss\u00e1g v\u00e1ltozhat.<\/p>\n\n\n\n<h2 class=\"wp-block-heading\">Biztons\u00e1gi v\u00e9delem enged\u00e9lyezve: Legyen k\u00f6r\u00fcltekint\u0151 a Facecheck.id haszn\u00e1lat\u00e1val \ud83d\udea8<\/h2>\n\n\n\n<p>B\u00e1r a Facecheck.id hasznos eszk\u00f6z lehet sz\u00e1mos helyzetben, kulcsfontoss\u00e1g\u00fa, hogy k\u00f6r\u00fcltekint\u0151en haszn\u00e1ljuk, k\u00fcl\u00f6n\u00f6sen az adatv\u00e9delem \u00e9s a biztons\u00e1g szempontj\u00e1b\u00f3l.<\/p>\n\n\n\n<p>\u00cdme n\u00e9h\u00e1ny l\u00e9p\u00e9s, amit megtehetsz az adatv\u00e9delem \u00e9rdek\u00e9ben a Facecheck.id haszn\u00e1latakor:<\/p>\n\n\n\n<h3 class=\"wp-block-heading\">1. <strong>A kock\u00e1zatok meg\u00e9rt\u00e9se<\/strong><\/h3>\n\n\n\n<p>Miel\u0151tt b\u00e1rmilyen keres\u00e9st v\u00e9gezn\u00e9nk, fontos meg\u00e9rteni a szem\u00e9lyes adatok felfed\u00e9s\u00e9vel j\u00e1r\u00f3 kock\u00e1zatokat.<\/p>\n\n\n\n<p>Gondold \u00e1t alaposan, hogy mi\u00e9rt haszn\u00e1lod a Facecheck.id-t, \u00e9s hogy hajland\u00f3 vagy-e elfogadni az eredm\u00e9nyeket.<\/p>\n\n\n\n<h3 class=\"wp-block-heading\">2. <strong>Szem\u00e9lyes fot\u00f3k haszn\u00e1lat\u00e1nak korl\u00e1toz\u00e1sa<\/strong><\/h3>\n\n\n\n<p>Ker\u00fcld a szem\u00e9lyes vagy bizalmas fot\u00f3k felt\u00f6lt\u00e9s\u00e9t a Facecheck.id oldalra, k\u00fcl\u00f6n\u00f6sen azokat, amelyek szem\u00e9lyes inform\u00e1ci\u00f3kat fedhetnek fel r\u00f3lad vagy m\u00e1sokr\u00f3l.<\/p>\n\n\n\n<p>Haszn\u00e1lj \u00e1ltal\u00e1nos vagy nyilv\u00e1nos k\u00e9peket, amikor csak lehets\u00e9ges.<\/p>\n\n\n\n<h3 class=\"wp-block-heading\">3. <strong>Diszkr\u00e9ten ellen\u0151rizze az eredm\u00e9nyeket<\/strong><\/h3>\n\n\n\n<p>Ha a Facecheck.id oldalr\u00f3l kapsz eredm\u00e9nyeket, k\u00e9rj\u00fck, diszkr\u00e9ten \u00e9s k\u00f6r\u00fcltekint\u0151en ellen\u0151rizd azokat.<\/p>\n\n\n\n<p>Ne osszon meg \u00e9rz\u00e9keny vagy szem\u00e9lyes inform\u00e1ci\u00f3kat az \u00e9rintett szem\u00e9ly megfelel\u0151 hozz\u00e1j\u00e1rul\u00e1sa n\u00e9lk\u00fcl.<\/p>\n\n\n\n<h3 class=\"wp-block-heading\">4. <strong>Szem\u00e9lyes adatok bizalmas kezel\u00e9se<\/strong><\/h3>\n\n\n\n<p>F\u00fcggetlen\u00fcl a kapott eredm\u00e9nyekt\u0151l, fontos, hogy szem\u00e9lyes adatait bizalmasan \u00e9s biztons\u00e1gban tartsa.<\/p>\n\n\n\n<p>L\u00e9gy tiszt\u00e1ban azzal, hogy online tev\u00e9kenys\u00e9geid hogyan befoly\u00e1solhatj\u00e1k a biztons\u00e1godat, \u00e9s tedd meg a sz\u00fcks\u00e9ges l\u00e9p\u00e9seket a mag\u00e1n\u00e9leted v\u00e9delme \u00e9rdek\u00e9ben.<\/p>\n\n\n<div class=\"wp-block-image\">\n<figure class=\"aligncenter size-full\"><img loading=\"lazy\" decoding=\"async\" width=\"550\" height=\"350\" src=\"http:\/\/universofamilia.com\/wp-content\/uploads\/sites\/148\/2024\/03\/P-550x350-3-9.jpg\" alt=\"\" class=\"wp-image-5473\" srcset=\"https:\/\/universofamilia.com\/wp-content\/uploads\/sites\/148\/2024\/03\/P-550x350-3-9.jpg 550w, https:\/\/universofamilia.com\/wp-content\/uploads\/sites\/148\/2024\/03\/P-550x350-3-9-300x191.jpg 300w\" sizes=\"(max-width: 550px) 100vw, 550px\" \/><figcaption class=\"wp-element-caption\">Fedezd fel egy szem\u00e9ly k\u00f6z\u00f6ss\u00e9gi oldal\u00e1t egyetlen fot\u00f3val\ud83d\udcf8<\/figcaption><\/figure><\/div>\n\n\n<h2 class=\"wp-block-heading\">Konkl\u00fazi\u00f3: Egy hat\u00e9kony eszk\u00f6z felel\u0151ss\u00e9ggel \ud83c\udf1f<\/h2>\n\n\n\n<p>A Facecheck.id k\u00e9nyelmes m\u00f3dot k\u00edn\u00e1l arra, hogy egy szem\u00e9ly k\u00f6z\u00f6ss\u00e9gi h\u00e1l\u00f3zat\u00e1t puszt\u00e1n a fot\u00f3ja alapj\u00e1n felfedezz\u00fck. Ez a k\u00e9nyelem azonban kock\u00e1zatokkal is j\u00e1r.<\/p>\n\n\n\n<p>Fontos, hogy ezt az eszk\u00f6zt k\u00f6r\u00fcltekint\u0151en haszn\u00e1ld, v\u00e9dve a saj\u00e1t \u00e9s m\u00e1sok mag\u00e1n\u00e9let\u00e9t.<\/p>\n\n\n\n<p>A kock\u00e1zatok meg\u00e9rt\u00e9s\u00e9vel \u00e9s a biztons\u00e1gos gyakorlatok alkalmaz\u00e1s\u00e1val felel\u0151ss\u00e9gteljesen kihaszn\u00e1lhatja a Facecheck.id el\u0151nyeit.<\/p>\n\n\n\n<p>Teh\u00e1t, amikor legk\u00f6zelebb a Facecheck.id haszn\u00e1lat\u00e1t fontolgatja, ne feledkezzen meg ezekr\u0151l a biztons\u00e1gi int\u00e9zked\u00e9sekr\u0151l, \u00e9s haszn\u00e1lja felel\u0151ss\u00e9gteljesen ezt az eszk\u00f6zt.<\/p>\n\n\n\n<p>Tudj meg t\u00f6bbet a Facecheck.id-r\u0151l <a href=\"https:\/\/www.facecheck.id\/\">itt<\/a>, iOS-re \u00e9s Androidra is el\u00e9rhet\u0151.<\/p>\n\n\n\n<p>Ezekkel a tippekkel biztons\u00e1gosabban \u00e9s tudatosabban fedezheted fel a k\u00f6z\u00f6ss\u00e9gi m\u00e9dia vil\u00e1g\u00e1t. \ud83d\udee1\ufe0f<\/p>","protected":false},"excerpt":{"rendered":"<p>Descubre la Red Social de una Persona con Solo una Foto\ud83d\udcf8. En el mundo digital de hoy, la seguridad y la privacidad son preocupaciones fundamentales. Con la proliferaci\u00f3n de las redes sociales, es cada vez m\u00e1s f\u00e1cil para los usuarios conectarse, pero tambi\u00e9n trae consigo preocupaciones sobre la exposici\u00f3n de informaci\u00f3n personal. Entonces, \u00bfc\u00f3mo podemos [&hellip;]<\/p>","protected":false},"author":139,"featured_media":5473,"comment_status":"closed","ping_status":"open","sticky":false,"template":"","format":"standard","meta":{"footnotes":""},"categories":[2],"tags":[736,737],"yoast_head":"<!-- This site is optimized with the Yoast SEO plugin v23.3 - https:\/\/yoast.com\/wordpress\/plugins\/seo\/ -->\n<title>Descubre la Red Social de una Persona con Solo una Foto\ud83d\udcf8 - Universo Fam\u00edlia<\/title>\n<meta name=\"description\" content=\"Descubre la Red Social de una Persona con Solo una Foto\ud83d\udcf8. En el mundo digital de hoy, la seguridad y la privacidad son preocupaciones...\" \/>\n<meta name=\"robots\" content=\"index, follow, max-snippet:-1, max-image-preview:large, max-video-preview:-1\" \/>\n<link rel=\"canonical\" href=\"https:\/\/universofamilia.com\/hu\/descubre-la-red-social-de-una-persona-con-solo-una-foto\/\" \/>\n<meta property=\"og:locale\" content=\"hu_HU\" \/>\n<meta property=\"og:type\" content=\"article\" \/>\n<meta property=\"og:title\" content=\"Descubre la Red Social de una Persona con Solo una Foto\ud83d\udcf8 - Universo Fam\u00edlia\" \/>\n<meta property=\"og:description\" content=\"Descubre la Red Social de una Persona con Solo una Foto\ud83d\udcf8. En el mundo digital de hoy, la seguridad y la privacidad son preocupaciones...\" \/>\n<meta property=\"og:url\" content=\"https:\/\/universofamilia.com\/hu\/descubre-la-red-social-de-una-persona-con-solo-una-foto\/\" \/>\n<meta property=\"og:site_name\" content=\"Universo Fam\u00edlia\" \/>\n<meta property=\"article:published_time\" content=\"2024-03-25T19:40:04+00:00\" \/>\n<meta property=\"article:modified_time\" content=\"2025-01-29T01:27:42+00:00\" \/>\n<meta property=\"og:image\" content=\"https:\/\/universofamilia.com\/wp-content\/uploads\/sites\/148\/2024\/03\/P-550x350-3-9.jpg\" \/>\n\t<meta property=\"og:image:width\" content=\"550\" \/>\n\t<meta property=\"og:image:height\" content=\"350\" \/>\n\t<meta property=\"og:image:type\" content=\"image\/jpeg\" \/>\n<meta name=\"author\" content=\"Pedro Henrique\" \/>\n<meta name=\"twitter:card\" content=\"summary_large_image\" \/>\n<meta name=\"twitter:label1\" content=\"Written by\" \/>\n\t<meta name=\"twitter:data1\" content=\"Pedro Henrique\" \/>\n\t<meta name=\"twitter:label2\" content=\"Est. reading time\" \/>\n\t<meta name=\"twitter:data2\" content=\"4 perc\" \/>\n<script type=\"application\/ld+json\" class=\"yoast-schema-graph\">{\"@context\":\"https:\/\/schema.org\",\"@graph\":[{\"@type\":\"WebPage\",\"@id\":\"https:\/\/universofamilia.com\/hr\/descubre-la-red-social-de-una-persona-con-solo-una-foto\/\",\"url\":\"https:\/\/universofamilia.com\/hr\/descubre-la-red-social-de-una-persona-con-solo-una-foto\/\",\"name\":\"Descubre la Red Social de una Persona con Solo una Foto\ud83d\udcf8 - Universo Fam\u00edlia\",\"isPartOf\":{\"@id\":\"https:\/\/universofamilia.com\/el\/#website\"},\"primaryImageOfPage\":{\"@id\":\"https:\/\/universofamilia.com\/hr\/descubre-la-red-social-de-una-persona-con-solo-una-foto\/#primaryimage\"},\"image\":{\"@id\":\"https:\/\/universofamilia.com\/hr\/descubre-la-red-social-de-una-persona-con-solo-una-foto\/#primaryimage\"},\"thumbnailUrl\":\"https:\/\/universofamilia.com\/wp-content\/uploads\/sites\/148\/2024\/03\/P-550x350-3-9.jpg\",\"datePublished\":\"2024-03-25T19:40:04+00:00\",\"dateModified\":\"2025-01-29T01:27:42+00:00\",\"author\":{\"@id\":\"https:\/\/universofamilia.com\/el\/#\/schema\/person\/f07ce98187dd84d31154262e79b3b7ca\"},\"description\":\"Descubre la Red Social de una Persona con Solo una Foto\ud83d\udcf8. En el mundo digital de hoy, la seguridad y la privacidad son preocupaciones...\",\"breadcrumb\":{\"@id\":\"https:\/\/universofamilia.com\/hr\/descubre-la-red-social-de-una-persona-con-solo-una-foto\/#breadcrumb\"},\"inLanguage\":\"hu\",\"potentialAction\":[{\"@type\":\"ReadAction\",\"target\":[\"https:\/\/universofamilia.com\/hr\/descubre-la-red-social-de-una-persona-con-solo-una-foto\/\"]}]},{\"@type\":\"ImageObject\",\"inLanguage\":\"hu\",\"@id\":\"https:\/\/universofamilia.com\/hr\/descubre-la-red-social-de-una-persona-con-solo-una-foto\/#primaryimage\",\"url\":\"https:\/\/universofamilia.com\/wp-content\/uploads\/sites\/148\/2024\/03\/P-550x350-3-9.jpg\",\"contentUrl\":\"https:\/\/universofamilia.com\/wp-content\/uploads\/sites\/148\/2024\/03\/P-550x350-3-9.jpg\",\"width\":550,\"height\":350,\"caption\":\"Descubre la Red Social de una Persona con Solo una Foto\ud83d\udcf8\"},{\"@type\":\"BreadcrumbList\",\"@id\":\"https:\/\/universofamilia.com\/hr\/descubre-la-red-social-de-una-persona-con-solo-una-foto\/#breadcrumb\",\"itemListElement\":[{\"@type\":\"ListItem\",\"position\":1,\"name\":\"Home\",\"item\":\"https:\/\/universofamilia.com\/el\/\"},{\"@type\":\"ListItem\",\"position\":2,\"name\":\"Descubre la Red Social de una Persona con Solo una Foto\ud83d\udcf8\"}]},{\"@type\":\"WebSite\",\"@id\":\"https:\/\/universofamilia.com\/el\/#website\",\"url\":\"https:\/\/universofamilia.com\/el\/\",\"name\":\"Universo Fam\u00edlia\",\"description\":\"\",\"potentialAction\":[{\"@type\":\"SearchAction\",\"target\":{\"@type\":\"EntryPoint\",\"urlTemplate\":\"https:\/\/universofamilia.com\/el\/?s={search_term_string}\"},\"query-input\":\"required name=search_term_string\"}],\"inLanguage\":\"hu\"},{\"@type\":\"Person\",\"@id\":\"https:\/\/universofamilia.com\/el\/#\/schema\/person\/f07ce98187dd84d31154262e79b3b7ca\",\"name\":\"Pedro Henrique\",\"image\":{\"@type\":\"ImageObject\",\"inLanguage\":\"hu\",\"@id\":\"https:\/\/universofamilia.com\/el\/#\/schema\/person\/image\/\",\"url\":\"https:\/\/secure.gravatar.com\/avatar\/9edfeb808cb4e1599f64d6e45b130154?s=96&d=mm&r=g\",\"contentUrl\":\"https:\/\/secure.gravatar.com\/avatar\/9edfeb808cb4e1599f64d6e45b130154?s=96&d=mm&r=g\",\"caption\":\"Pedro Henrique\"},\"url\":\"https:\/\/universofamilia.com\/hu\/author\/editor01\/\"}]}<\/script>\n<!-- \/ Yoast SEO plugin. -->","yoast_head_json":{"title":"Descubre la Red Social de una Persona con Solo una Foto\ud83d\udcf8 - Universo Fam\u00edlia","description":"Descubre la Red Social de una Persona con Solo una Foto\ud83d\udcf8. En el mundo digital de hoy, la seguridad y la privacidad son preocupaciones...","robots":{"index":"index","follow":"follow","max-snippet":"max-snippet:-1","max-image-preview":"max-image-preview:large","max-video-preview":"max-video-preview:-1"},"canonical":"https:\/\/universofamilia.com\/hu\/descubre-la-red-social-de-una-persona-con-solo-una-foto\/","og_locale":"hu_HU","og_type":"article","og_title":"Descubre la Red Social de una Persona con Solo una Foto\ud83d\udcf8 - Universo Fam\u00edlia","og_description":"Descubre la Red Social de una Persona con Solo una Foto\ud83d\udcf8. En el mundo digital de hoy, la seguridad y la privacidad son preocupaciones...","og_url":"https:\/\/universofamilia.com\/hu\/descubre-la-red-social-de-una-persona-con-solo-una-foto\/","og_site_name":"Universo Fam\u00edlia","article_published_time":"2024-03-25T19:40:04+00:00","article_modified_time":"2025-01-29T01:27:42+00:00","og_image":[{"width":550,"height":350,"url":"https:\/\/universofamilia.com\/wp-content\/uploads\/sites\/148\/2024\/03\/P-550x350-3-9.jpg","type":"image\/jpeg"}],"author":"Pedro Henrique","twitter_card":"summary_large_image","twitter_misc":{"Written by":"Pedro Henrique","Est. reading time":"4 perc"},"schema":{"@context":"https:\/\/schema.org","@graph":[{"@type":"WebPage","@id":"https:\/\/universofamilia.com\/hr\/descubre-la-red-social-de-una-persona-con-solo-una-foto\/","url":"https:\/\/universofamilia.com\/hr\/descubre-la-red-social-de-una-persona-con-solo-una-foto\/","name":"Descubre la Red Social de una Persona con Solo una Foto\ud83d\udcf8 - Universo Fam\u00edlia","isPartOf":{"@id":"https:\/\/universofamilia.com\/el\/#website"},"primaryImageOfPage":{"@id":"https:\/\/universofamilia.com\/hr\/descubre-la-red-social-de-una-persona-con-solo-una-foto\/#primaryimage"},"image":{"@id":"https:\/\/universofamilia.com\/hr\/descubre-la-red-social-de-una-persona-con-solo-una-foto\/#primaryimage"},"thumbnailUrl":"https:\/\/universofamilia.com\/wp-content\/uploads\/sites\/148\/2024\/03\/P-550x350-3-9.jpg","datePublished":"2024-03-25T19:40:04+00:00","dateModified":"2025-01-29T01:27:42+00:00","author":{"@id":"https:\/\/universofamilia.com\/el\/#\/schema\/person\/f07ce98187dd84d31154262e79b3b7ca"},"description":"Descubre la Red Social de una Persona con Solo una Foto\ud83d\udcf8. En el mundo digital de hoy, la seguridad y la privacidad son preocupaciones...","breadcrumb":{"@id":"https:\/\/universofamilia.com\/hr\/descubre-la-red-social-de-una-persona-con-solo-una-foto\/#breadcrumb"},"inLanguage":"hu","potentialAction":[{"@type":"ReadAction","target":["https:\/\/universofamilia.com\/hr\/descubre-la-red-social-de-una-persona-con-solo-una-foto\/"]}]},{"@type":"ImageObject","inLanguage":"hu","@id":"https:\/\/universofamilia.com\/hr\/descubre-la-red-social-de-una-persona-con-solo-una-foto\/#primaryimage","url":"https:\/\/universofamilia.com\/wp-content\/uploads\/sites\/148\/2024\/03\/P-550x350-3-9.jpg","contentUrl":"https:\/\/universofamilia.com\/wp-content\/uploads\/sites\/148\/2024\/03\/P-550x350-3-9.jpg","width":550,"height":350,"caption":"Descubre la Red Social de una Persona con Solo una Foto\ud83d\udcf8"},{"@type":"BreadcrumbList","@id":"https:\/\/universofamilia.com\/hr\/descubre-la-red-social-de-una-persona-con-solo-una-foto\/#breadcrumb","itemListElement":[{"@type":"ListItem","position":1,"name":"Home","item":"https:\/\/universofamilia.com\/el\/"},{"@type":"ListItem","position":2,"name":"Descubre la Red Social de una Persona con Solo una Foto\ud83d\udcf8"}]},{"@type":"WebSite","@id":"https:\/\/universofamilia.com\/el\/#website","url":"https:\/\/universofamilia.com\/el\/","name":"Universo Fam\u00edlia","description":"","potentialAction":[{"@type":"SearchAction","target":{"@type":"EntryPoint","urlTemplate":"https:\/\/universofamilia.com\/el\/?s={search_term_string}"},"query-input":"required name=search_term_string"}],"inLanguage":"hu"},{"@type":"Person","@id":"https:\/\/universofamilia.com\/el\/#\/schema\/person\/f07ce98187dd84d31154262e79b3b7ca","name":"Pedro Henrique","image":{"@type":"ImageObject","inLanguage":"hu","@id":"https:\/\/universofamilia.com\/el\/#\/schema\/person\/image\/","url":"https:\/\/secure.gravatar.com\/avatar\/9edfeb808cb4e1599f64d6e45b130154?s=96&d=mm&r=g","contentUrl":"https:\/\/secure.gravatar.com\/avatar\/9edfeb808cb4e1599f64d6e45b130154?s=96&d=mm&r=g","caption":"Pedro Henrique"},"url":"https:\/\/universofamilia.com\/hu\/author\/editor01\/"}]}},"_links":{"self":[{"href":"https:\/\/universofamilia.com\/hu\/wp-json\/wp\/v2\/posts\/5472"}],"collection":[{"href":"https:\/\/universofamilia.com\/hu\/wp-json\/wp\/v2\/posts"}],"about":[{"href":"https:\/\/universofamilia.com\/hu\/wp-json\/wp\/v2\/types\/post"}],"author":[{"embeddable":true,"href":"https:\/\/universofamilia.com\/hu\/wp-json\/wp\/v2\/users\/139"}],"replies":[{"embeddable":true,"href":"https:\/\/universofamilia.com\/hu\/wp-json\/wp\/v2\/comments?post=5472"}],"version-history":[{"count":1,"href":"https:\/\/universofamilia.com\/hu\/wp-json\/wp\/v2\/posts\/5472\/revisions"}],"predecessor-version":[{"id":8470,"href":"https:\/\/universofamilia.com\/hu\/wp-json\/wp\/v2\/posts\/5472\/revisions\/8470"}],"wp:featuredmedia":[{"embeddable":true,"href":"https:\/\/universofamilia.com\/hu\/wp-json\/wp\/v2\/media\/5473"}],"wp:attachment":[{"href":"https:\/\/universofamilia.com\/hu\/wp-json\/wp\/v2\/media?parent=5472"}],"wp:term":[{"taxonomy":"category","embeddable":true,"href":"https:\/\/universofamilia.com\/hu\/wp-json\/wp\/v2\/categories?post=5472"},{"taxonomy":"post_tag","embeddable":true,"href":"https:\/\/universofamilia.com\/hu\/wp-json\/wp\/v2\/tags?post=5472"}],"curies":[{"name":"wp","href":"https:\/\/api.w.org\/{rel}","templated":true}]}}