{"id":5520,"date":"2024-03-30T20:33:27","date_gmt":"2024-03-30T20:33:27","guid":{"rendered":"https:\/\/universofamilia.com\/?p=5520"},"modified":"2025-01-28T12:38:09","modified_gmt":"2025-01-28T12:38:09","slug":"recuperando-memorias-perdidas","status":"publish","type":"post","link":"https:\/\/universofamilia.com\/hu\/recuperando-memorias-perdidas\/","title":{"rendered":"\ud83d\udcf8 Elveszett eml\u00e9kek felid\u00e9z\u00e9se \ud83d\udcf8"},"content":{"rendered":"<p>\ud83d\udd0d Ha valaha is olyan k\u00e9ts\u00e9gbeejt\u0151 helyzetben tal\u00e1ltad magad, hogy elvesz\u00edtett\u00e9l egy k\u00fcl\u00f6nleges fot\u00f3t, akkor tudod, milyen f\u00e1jdalmas lehet a gondolat, hogy \u00e9rt\u00e9kes pillanatok \u00f6r\u00f6kre elveszhetnek.<\/p>\n\n\n\n<p>De ne agg\u00f3dj, vegy\u00e9l egy m\u00e9ly l\u00e9legzetet, \u00e9s ne ess k\u00e9ts\u00e9gbe.<\/p>\n\n\n\n<p>Manaps\u00e1g, a technol\u00f3gia el\u00e9rhet\u0151s\u00e9g\u00e9nek k\u00f6sz\u00f6nhet\u0151en, hihetetlen alkalmaz\u00e1sok \u00e1llnak rendelkez\u00e9sre, amelyek seg\u00edthetnek visszaszerezni azokat az eml\u00e9keket, amelyek elvesztek a telefonod lomt\u00e1r\u00e1ban.<\/p>\n\n\n\n<p>\u00c9s hidd el, ezek a fot\u00f3k nem csak k\u00e9pek, hanem igazi erekly\u00e9k, amelyek egyedi \u00e9s felejthetetlen pillanatokat \u0151riznek.<\/p>\n\n\n\n<h2 class=\"wp-block-heading\">\u27a1\ufe0f <strong>Az \u00f6r\u00f6kk\u00e9val\u00f3 eml\u00e9kek var\u00e1zsa<\/strong><\/h2>\n\n\n\n<p>Sokunk sz\u00e1m\u00e1ra a fot\u00f3k t\u00f6bbet jelentenek puszta k\u00e9pn\u00e9l; \u00e9rt\u00e9kes eml\u00e9kek olyan pillanatokr\u00f3l, amelyeket soha nem akarunk elfelejteni.<\/p>\n\n\n\n<h2 class=\"wp-block-heading\">L\u00e1sd m\u00e9g<\/h2>\n\n\n\n<div class=\"wp-block-buttons is-layout-flex wp-block-buttons-is-layout-flex\">\n<div class=\"wp-block-button is-style-outline\"><a class=\"wp-block-button__link wp-element-button\" href=\"https:\/\/universofamilia.com\/hu\/5099\/restaurar-fotos-eliminadas-en-el-telefono-movil\/\"><font style=\"vertical-align: inherit\"><font style=\"vertical-align: inherit\">\ud83d\udcf8\ud83d\uddbc\ufe0f\ud83d\udcf1 T\u00f6r\u00f6lt fot\u00f3k vissza\u00e1ll\u00edt\u00e1sa mobiltelefonon<\/font><\/font><\/a><\/div>\n<\/div>\n\n\n\n<div class=\"wp-block-buttons is-layout-flex wp-block-buttons-is-layout-flex\">\n<div class=\"wp-block-button is-style-outline\"><a class=\"wp-block-button__link wp-element-button\" href=\"https:\/\/universofamilia.com\/hu\/5491\/aprender-a-conducir-una-revolucion-tecnologica-en-2024\/\"><font style=\"vertical-align: inherit\"><font style=\"vertical-align: inherit\">\ud83d\ude97\ud83d\udca1 Vezet\u00e9s tanul\u00e1sa: Technol\u00f3giai forradalom 2024-ben<\/font><\/font><\/a><\/div>\n<\/div>\n\n\n\n<p>A k\u00e1pr\u00e1zatos naplement\u00e9t\u0151l a tengerparton eg\u00e9szen a felejthetetlen bar\u00e1ti buliig minden fot\u00f3 egy t\u00f6rt\u00e9netet, egy \u00e9rz\u00e9st, egy \u00e9rzelmet ragad meg.<\/p>\n\n\n\n<p>Olyanok, mint a m\u00faltba ny\u00edl\u00f3 ablakok, amelyek lehet\u0151v\u00e9 teszik sz\u00e1munkra, hogy b\u00e1rmikor \u00fajra \u00e1t\u00e9lj\u00fck a k\u00fcl\u00f6nleges pillanatokat. \u00c9s ez\u00e9rt olyan fontos meg\u0151rizni \u0151ket.<\/p>\n\n\n\n<h2 class=\"wp-block-heading\">\ud83c\udf1f <strong>Egy alkalmaz\u00e1s, ami megmenti a napot<\/strong><\/h2>\n\n\n\n<p>K\u00e9pzeld el: a fot\u00f3gal\u00e9ri\u00e1dban keresel egy bizonyos eml\u00e9ket, \u00e9s hirtelen r\u00e1j\u00f6ssz, hogy egyszer\u0171en elt\u0171nt.<\/p>\n\n\n\n<p>Ha ez m\u00e1r megt\u00f6rt\u00e9nt veled, tudod, milyen frusztr\u00e1l\u00f3 tud lenni. De ne agg\u00f3dj, van megold\u00e1sunk!<\/p>\n\n\n\n<p>Az al\u00e1bbiakban linkeket tal\u00e1lsz olyan alkalmaz\u00e1sok let\u00f6lt\u00e9s\u00e9hez, amelyek seg\u00edthetnek az elveszett f\u00e9nyk\u00e9pek vissza\u00e1ll\u00edt\u00e1s\u00e1ban.<\/p>\n\n\n\n<p>De el\u0151sz\u00f6r is n\u00e9zz\u00fck meg, hogyan m\u0171k\u00f6dnek ezek az alkalmaz\u00e1sok, \u00e9s mit mondanak r\u00f3luk a felhaszn\u00e1l\u00f3k.<\/p>\n\n\n\n<h2 class=\"wp-block-heading\">\ud83d\udd04 <strong>Mit mondanak a felhaszn\u00e1l\u00f3k?<\/strong><\/h2>\n\n\n\n<p>Sokan m\u00e1r profit\u00e1ltak ezekb\u0151l az alkalmaz\u00e1sokb\u00f3l, \u00e9s megosztott\u00e1k pozit\u00edv tapasztalataikat.<\/p>\n\n\n\n<p>Jo\u00e3o S. p\u00e9ld\u00e1ul dics\u00e9rte az alkalmaz\u00e1st, mondv\u00e1n, hogy ez a legjobb, amit valaha haszn\u00e1lt elveszett f\u00e9nyk\u00e9pek visszaszerz\u00e9s\u00e9re.<\/p>\n\n\n\n<p>Maria A. meglep\u0151d\u00f6tt, hogy siker\u00fclt megmentenie azokat a f\u00e9nyk\u00e9peket, amelyekr\u0151l azt hitte, hogy \u00f6r\u00f6kre elvesztek.<\/p>\n\n\n\n<p>Pedro B. egy m\u00e1sik alkalmaz\u00e1s egyszer\u0171s\u00e9g\u00e9t \u00e9s hat\u00e9konys\u00e1g\u00e1t emelte ki, m\u00edg Ana C. azoknak aj\u00e1nlotta az eszk\u00f6zt, akiknek elveszett f\u00e9nyk\u00e9peket kell vissza\u00e1ll\u00edtaniuk.<\/p>\n\n\n\n<p>A felhaszn\u00e1l\u00f3i v\u00e9lem\u00e9nyek t\u00fckr\u00f6zik ezen alkalmaz\u00e1sok hat\u00e9konys\u00e1g\u00e1t \u00e9s megb\u00edzhat\u00f3s\u00e1g\u00e1t.<\/p>\n\n\n\n<h2 class=\"wp-block-heading\">\ud83d\udcf1 <strong>A m\u00e1gikus alkalmaz\u00e1sok<\/strong><\/h2>\n\n\n\n<p>Most, hogy meg\u00e9rtetted az eml\u00e9keid meg\u0151rz\u00e9s\u00e9nek fontoss\u00e1g\u00e1t, \u00e9s l\u00e1ttad, mit mondanak m\u00e1s felhaszn\u00e1l\u00f3k ezekr\u0151l az alkalmaz\u00e1sokr\u00f3l, itt az ideje bemutatni \u0151ket.<\/p>\n\n\n\n<p>\u00cdme h\u00e1rom nagyszer\u0171 alkalmaz\u00e1s, amelyek seg\u00edthetnek az elveszett f\u00e9nyk\u00e9pek vissza\u00e1ll\u00edt\u00e1s\u00e1ban a telefonodon:<\/p>\n\n\n\n<ol>\n<li><strong>DiskDigger fot\u00f3-helyre\u00e1ll\u00edt\u00e1s<\/strong>: Ez az alkalmaz\u00e1s magas \u00e9rt\u00e9kel\u00e9ssel rendelkezik mind a Google Play \u00c1ruh\u00e1zban, mind az App Store-ban, \u00e9s dics\u00e9rik az elveszett f\u00e9nyk\u00e9pek helyre\u00e1ll\u00edt\u00e1s\u00e1ban ny\u00fajtott hat\u00e9konys\u00e1g\u00e1t.<\/li>\n\n\n\n<li><strong>Vissza\u00e1ll\u00edt t\u00f6r\u00f6lt fot\u00f3k<\/strong>: Ez az alkalmaz\u00e1s egy m\u00e1sik nagyszer\u0171 lehet\u0151s\u00e9g a t\u00f6r\u00f6lt f\u00e9nyk\u00e9pek helyre\u00e1ll\u00edt\u00e1s\u00e1ra, \u00e9s dics\u00e9retet kapott egyszer\u0171s\u00e9g\u00e9\u00e9rt \u00e9s hat\u00e9konys\u00e1g\u00e1\u00e9rt.<\/li>\n\n\n\n<li><strong>EaseUS MobiSaver Androidra\/iOS-re<\/strong>Magas felhaszn\u00e1l\u00f3i el\u00e9gedetts\u00e9gi r\u00e1t\u00e1val ez az alkalmaz\u00e1s megb\u00edzhat\u00f3 megold\u00e1s az elveszett adatok, bele\u00e9rtve a f\u00e9nyk\u00e9peket is, helyre\u00e1ll\u00edt\u00e1s\u00e1ra.<\/li>\n<\/ol>\n\n\n<div class=\"wp-block-image\">\n<figure class=\"aligncenter size-full\"><img loading=\"lazy\" decoding=\"async\" width=\"550\" height=\"350\" src=\"http:\/\/universofamilia.com\/wp-content\/uploads\/sites\/148\/2024\/03\/P-550x350-3-12.jpg\" alt=\"\" class=\"wp-image-5521\" srcset=\"https:\/\/universofamilia.com\/wp-content\/uploads\/sites\/148\/2024\/03\/P-550x350-3-12.jpg 550w, https:\/\/universofamilia.com\/wp-content\/uploads\/sites\/148\/2024\/03\/P-550x350-3-12-300x191.jpg 300w\" sizes=\"(max-width: 550px) 100vw, 550px\" \/><figcaption class=\"wp-element-caption\">\ud83d\udcf8 Elveszett eml\u00e9kek felid\u00e9z\u00e9se \ud83d\udcf8<\/figcaption><\/figure><\/div>\n\n\n<h2 class=\"wp-block-heading\">\ud83d\udca1 <strong>Tippek a sikerhez<\/strong><\/h2>\n\n\n\n<p>Miel\u0151tt sietn\u00e9l let\u00f6lteni ezeket az \u00e9letment\u0151 alkalmaz\u00e1sokat, \u00edme n\u00e9h\u00e1ny gyors tipp, amelyekkel n\u00f6velheted az elveszett f\u00e9nyk\u00e9pek visszaszerz\u00e9s\u00e9nek es\u00e9lyeit:<\/p>\n\n\n\n<ul>\n<li>Cselekedjen gyorsan, miut\u00e1n \u00e9szrevette a f\u00e9nyk\u00e9pek elveszt\u00e9s\u00e9t.<\/li>\n\n\n\n<li>Az adatok fel\u00fcl\u00edr\u00e1s\u00e1nak elker\u00fcl\u00e9se \u00e9rdek\u00e9ben ne haszn\u00e1lja az eszk\u00f6zt az adatveszt\u00e9s ut\u00e1n.<\/li>\n\n\n\n<li>K\u00e9sz\u00edtsen rendszeres biztons\u00e1gi ment\u00e9seket a j\u00f6v\u0151beni adatveszt\u00e9sek elker\u00fcl\u00e9se \u00e9rdek\u00e9ben.<\/li>\n<\/ul>\n\n\n\n<h2 class=\"wp-block-heading\">L\u00e1sd m\u00e9g<\/h2>\n\n\n\n<div class=\"wp-block-buttons is-layout-flex wp-block-buttons-is-layout-flex\">\n<div class=\"wp-block-button is-style-outline\"><a class=\"wp-block-button__link wp-element-button\" href=\"https:\/\/universofamilia.com\/hu\/5099\/restaurar-fotos-eliminadas-en-el-telefono-movil\/\"><font style=\"vertical-align: inherit\"><font style=\"vertical-align: inherit\">\ud83d\udcf8\ud83d\uddbc\ufe0f\ud83d\udcf1 T\u00f6r\u00f6lt fot\u00f3k vissza\u00e1ll\u00edt\u00e1sa mobiltelefonon<\/font><\/font><\/a><\/div>\n<\/div>\n\n\n\n<div class=\"wp-block-buttons is-layout-flex wp-block-buttons-is-layout-flex\">\n<div class=\"wp-block-button is-style-outline\"><a class=\"wp-block-button__link wp-element-button\" href=\"https:\/\/universofamilia.com\/hu\/5491\/aprender-a-conducir-una-revolucion-tecnologica-en-2024\/\"><font style=\"vertical-align: inherit\"><font style=\"vertical-align: inherit\">\ud83d\ude97\ud83d\udca1 Vezet\u00e9s tanul\u00e1sa: Technol\u00f3giai forradalom 2024-ben<\/font><\/font><\/a><\/div>\n<\/div>\n\n\n\n<h2 class=\"wp-block-heading\">\ud83d\udce5 <strong>Hol lehet let\u00f6lteni?<\/strong><\/h2>\n\n\n\n<p>Most, hogy k\u00e9szen \u00e1llsz elveszett eml\u00e9keid visszaszerz\u00e9s\u00e9re, kattints az al\u00e1bbi linkekre az alkalmaz\u00e1sok let\u00f6lt\u00e9s\u00e9hez:<\/p>\n\n\n\n<ul>\n<li><strong>DiskDigger fot\u00f3-helyre\u00e1ll\u00edt\u00e1s<\/strong>: <a href=\"https:\/\/play.google.com\/store\/apps\/details?id=com.defianttech.diskdigger&amp;hl=en_US\" target=\"_blank\" rel=\"noreferrer noopener\">Google Play \u00c1ruh\u00e1z<\/a><\/li>\n\n\n\n<li><strong>Vissza\u00e1ll\u00edt t\u00f6r\u00f6lt fot\u00f3k<\/strong>: <a href=\"https:\/\/play.google.com\/store\/apps\/details?id=inshot.data.recovery.restore.deleted.data.diskdigger&amp;hl=en_US\" target=\"_blank\" rel=\"noreferrer noopener\">Google Play \u00c1ruh\u00e1z<\/a> | <a href=\"https:\/\/support.apple.com\/guide\/icloud\/recover-deleted-files-mmae56ea1ca5\/icloud\" target=\"_blank\" rel=\"noreferrer noopener\">App Store<\/a><\/li>\n\n\n\n<li><strong>EaseUS MobiSaver Androidra\/iOS-re<\/strong>: <a href=\"https:\/\/play.google.com\/store\/apps\/details?id=com.easeus.mobisaver\" target=\"_blank\" rel=\"noreferrer noopener\">Google Play \u00c1ruh\u00e1z<\/a> | <a href=\"https:\/\/apps.apple.com\/us\/app\/easeus-data-recovery-wizard\/id740355970?mt=12\" target=\"_blank\" rel=\"noreferrer noopener\">App Store<\/a><\/li>\n<\/ul>\n\n\n\n<h2 class=\"wp-block-heading\">\ud83d\udd10 <strong>Konkl\u00fazi\u00f3: \u0150rizd meg az eml\u00e9keidet<\/strong><\/h2>\n\n\n\n<p>Az eml\u00e9keink \u00e9rt\u00e9kes kincsek, amelyeket meg kell \u0151rizn\u00fcnk.<\/p>\n\n\n\n<p>Ezeknek a csod\u00e1latos alkalmaz\u00e1soknak a seg\u00edts\u00e9g\u00e9vel vissza\u00e1ll\u00edthatod az elveszett f\u00e9nyk\u00e9peket, \u00e9s biztos\u00edthatod, hogy ezek a k\u00fcl\u00f6nleges pillanatok \u00f6r\u00f6kre \u00e9ljenek.<\/p>\n\n\n\n<p>Sz\u00f3val ne vesztegesd az id\u0151d, t\u00f6ltsd le most ezeket az alkalmaz\u00e1sokat, \u00e9s mentsd meg elveszett eml\u00e9keidet! \ud83d\udcf1\u2728<\/p>","protected":false},"excerpt":{"rendered":"<p>\ud83d\udd0d Si alguna vez te has encontrado en la desesperante situaci\u00f3n de haber perdido esa foto especial, sabes lo doloroso que puede ser pensar que momentos preciosos pueden haberse perdido para siempre. Pero tranquilo, respira hondo y no te desesperes. Hoy en d\u00eda, con la tecnolog\u00eda a nuestro alcance, existen aplicaciones incre\u00edbles que pueden ayudarte [&hellip;]<\/p>","protected":false},"author":139,"featured_media":5521,"comment_status":"closed","ping_status":"open","sticky":false,"template":"","format":"standard","meta":{"footnotes":""},"categories":[2],"tags":[110,347,1657],"yoast_head":"<!-- This site is optimized with the Yoast SEO plugin v23.3 - https:\/\/yoast.com\/wordpress\/plugins\/seo\/ -->\n<title>\ud83d\udcf8 Recuperando Memorias Perdidas \ud83d\udcf8 - Universo Fam\u00edlia<\/title>\n<meta name=\"description\" content=\"\ud83d\udcf8 Recuperando Memorias Perdidas \ud83d\udcf8. \ud83d\udd0d Si alguna vez te has encontrado en la desesperante situaci\u00f3n de haber perdido esa foto...\" \/>\n<meta name=\"robots\" content=\"index, follow, max-snippet:-1, max-image-preview:large, max-video-preview:-1\" \/>\n<link rel=\"canonical\" href=\"https:\/\/universofamilia.com\/hu\/recuperando-memorias-perdidas\/\" \/>\n<meta property=\"og:locale\" content=\"hu_HU\" \/>\n<meta property=\"og:type\" content=\"article\" \/>\n<meta property=\"og:title\" content=\"\ud83d\udcf8 Recuperando Memorias Perdidas \ud83d\udcf8 - Universo Fam\u00edlia\" \/>\n<meta property=\"og:description\" content=\"\ud83d\udcf8 Recuperando Memorias Perdidas \ud83d\udcf8. \ud83d\udd0d Si alguna vez te has encontrado en la desesperante situaci\u00f3n de haber perdido esa foto...\" \/>\n<meta property=\"og:url\" content=\"https:\/\/universofamilia.com\/hu\/recuperando-memorias-perdidas\/\" \/>\n<meta property=\"og:site_name\" content=\"Universo Fam\u00edlia\" \/>\n<meta property=\"article:published_time\" content=\"2024-03-30T20:33:27+00:00\" \/>\n<meta property=\"article:modified_time\" content=\"2025-01-28T12:38:09+00:00\" \/>\n<meta property=\"og:image\" content=\"https:\/\/universofamilia.com\/wp-content\/uploads\/sites\/148\/2024\/03\/P-550x350-3-12.jpg\" \/>\n\t<meta property=\"og:image:width\" content=\"550\" \/>\n\t<meta property=\"og:image:height\" content=\"350\" \/>\n\t<meta property=\"og:image:type\" content=\"image\/jpeg\" \/>\n<meta name=\"author\" content=\"Pedro Henrique\" \/>\n<meta name=\"twitter:card\" content=\"summary_large_image\" \/>\n<meta name=\"twitter:label1\" content=\"Written by\" \/>\n\t<meta name=\"twitter:data1\" content=\"Pedro Henrique\" \/>\n\t<meta name=\"twitter:label2\" content=\"Est. reading time\" \/>\n\t<meta name=\"twitter:data2\" content=\"5 perc\" \/>\n<script type=\"application\/ld+json\" class=\"yoast-schema-graph\">{\"@context\":\"https:\/\/schema.org\",\"@graph\":[{\"@type\":\"WebPage\",\"@id\":\"https:\/\/universofamilia.com\/pl\/recuperando-memorias-perdidas\/\",\"url\":\"https:\/\/universofamilia.com\/pl\/recuperando-memorias-perdidas\/\",\"name\":\"\ud83d\udcf8 Recuperando Memorias Perdidas \ud83d\udcf8 - Universo Fam\u00edlia\",\"isPartOf\":{\"@id\":\"https:\/\/universofamilia.com\/el\/#website\"},\"primaryImageOfPage\":{\"@id\":\"https:\/\/universofamilia.com\/pl\/recuperando-memorias-perdidas\/#primaryimage\"},\"image\":{\"@id\":\"https:\/\/universofamilia.com\/pl\/recuperando-memorias-perdidas\/#primaryimage\"},\"thumbnailUrl\":\"https:\/\/universofamilia.com\/wp-content\/uploads\/sites\/148\/2024\/03\/P-550x350-3-12.jpg\",\"datePublished\":\"2024-03-30T20:33:27+00:00\",\"dateModified\":\"2025-01-28T12:38:09+00:00\",\"author\":{\"@id\":\"https:\/\/universofamilia.com\/el\/#\/schema\/person\/f07ce98187dd84d31154262e79b3b7ca\"},\"description\":\"\ud83d\udcf8 Recuperando Memorias Perdidas \ud83d\udcf8. \ud83d\udd0d Si alguna vez te has encontrado en la desesperante situaci\u00f3n de haber perdido esa foto...\",\"breadcrumb\":{\"@id\":\"https:\/\/universofamilia.com\/pl\/recuperando-memorias-perdidas\/#breadcrumb\"},\"inLanguage\":\"hu\",\"potentialAction\":[{\"@type\":\"ReadAction\",\"target\":[\"https:\/\/universofamilia.com\/pl\/recuperando-memorias-perdidas\/\"]}]},{\"@type\":\"ImageObject\",\"inLanguage\":\"hu\",\"@id\":\"https:\/\/universofamilia.com\/pl\/recuperando-memorias-perdidas\/#primaryimage\",\"url\":\"https:\/\/universofamilia.com\/wp-content\/uploads\/sites\/148\/2024\/03\/P-550x350-3-12.jpg\",\"contentUrl\":\"https:\/\/universofamilia.com\/wp-content\/uploads\/sites\/148\/2024\/03\/P-550x350-3-12.jpg\",\"width\":550,\"height\":350,\"caption\":\"\ud83d\udcf8 Recuperando Memorias Perdidas \ud83d\udcf8\"},{\"@type\":\"BreadcrumbList\",\"@id\":\"https:\/\/universofamilia.com\/pl\/recuperando-memorias-perdidas\/#breadcrumb\",\"itemListElement\":[{\"@type\":\"ListItem\",\"position\":1,\"name\":\"Home\",\"item\":\"https:\/\/universofamilia.com\/el\/\"},{\"@type\":\"ListItem\",\"position\":2,\"name\":\"\ud83d\udcf8 Recuperando Memorias Perdidas \ud83d\udcf8\"}]},{\"@type\":\"WebSite\",\"@id\":\"https:\/\/universofamilia.com\/el\/#website\",\"url\":\"https:\/\/universofamilia.com\/el\/\",\"name\":\"Universo Fam\u00edlia\",\"description\":\"\",\"potentialAction\":[{\"@type\":\"SearchAction\",\"target\":{\"@type\":\"EntryPoint\",\"urlTemplate\":\"https:\/\/universofamilia.com\/el\/?s={search_term_string}\"},\"query-input\":\"required name=search_term_string\"}],\"inLanguage\":\"hu\"},{\"@type\":\"Person\",\"@id\":\"https:\/\/universofamilia.com\/el\/#\/schema\/person\/f07ce98187dd84d31154262e79b3b7ca\",\"name\":\"Pedro Henrique\",\"image\":{\"@type\":\"ImageObject\",\"inLanguage\":\"hu\",\"@id\":\"https:\/\/universofamilia.com\/el\/#\/schema\/person\/image\/\",\"url\":\"https:\/\/secure.gravatar.com\/avatar\/9edfeb808cb4e1599f64d6e45b130154?s=96&d=mm&r=g\",\"contentUrl\":\"https:\/\/secure.gravatar.com\/avatar\/9edfeb808cb4e1599f64d6e45b130154?s=96&d=mm&r=g\",\"caption\":\"Pedro Henrique\"},\"url\":\"https:\/\/universofamilia.com\/hu\/author\/editor01\/\"}]}<\/script>\n<!-- \/ Yoast SEO plugin. -->","yoast_head_json":{"title":"\ud83d\udcf8 Recuperando Memorias Perdidas \ud83d\udcf8 - Universo Fam\u00edlia","description":"\ud83d\udcf8 Recuperando Memorias Perdidas \ud83d\udcf8. \ud83d\udd0d Si alguna vez te has encontrado en la desesperante situaci\u00f3n de haber perdido esa foto...","robots":{"index":"index","follow":"follow","max-snippet":"max-snippet:-1","max-image-preview":"max-image-preview:large","max-video-preview":"max-video-preview:-1"},"canonical":"https:\/\/universofamilia.com\/hu\/recuperando-memorias-perdidas\/","og_locale":"hu_HU","og_type":"article","og_title":"\ud83d\udcf8 Recuperando Memorias Perdidas \ud83d\udcf8 - Universo Fam\u00edlia","og_description":"\ud83d\udcf8 Recuperando Memorias Perdidas \ud83d\udcf8. \ud83d\udd0d Si alguna vez te has encontrado en la desesperante situaci\u00f3n de haber perdido esa foto...","og_url":"https:\/\/universofamilia.com\/hu\/recuperando-memorias-perdidas\/","og_site_name":"Universo Fam\u00edlia","article_published_time":"2024-03-30T20:33:27+00:00","article_modified_time":"2025-01-28T12:38:09+00:00","og_image":[{"width":550,"height":350,"url":"https:\/\/universofamilia.com\/wp-content\/uploads\/sites\/148\/2024\/03\/P-550x350-3-12.jpg","type":"image\/jpeg"}],"author":"Pedro Henrique","twitter_card":"summary_large_image","twitter_misc":{"Written by":"Pedro Henrique","Est. reading time":"5 perc"},"schema":{"@context":"https:\/\/schema.org","@graph":[{"@type":"WebPage","@id":"https:\/\/universofamilia.com\/pl\/recuperando-memorias-perdidas\/","url":"https:\/\/universofamilia.com\/pl\/recuperando-memorias-perdidas\/","name":"\ud83d\udcf8 Recuperando Memorias Perdidas \ud83d\udcf8 - Universo Fam\u00edlia","isPartOf":{"@id":"https:\/\/universofamilia.com\/el\/#website"},"primaryImageOfPage":{"@id":"https:\/\/universofamilia.com\/pl\/recuperando-memorias-perdidas\/#primaryimage"},"image":{"@id":"https:\/\/universofamilia.com\/pl\/recuperando-memorias-perdidas\/#primaryimage"},"thumbnailUrl":"https:\/\/universofamilia.com\/wp-content\/uploads\/sites\/148\/2024\/03\/P-550x350-3-12.jpg","datePublished":"2024-03-30T20:33:27+00:00","dateModified":"2025-01-28T12:38:09+00:00","author":{"@id":"https:\/\/universofamilia.com\/el\/#\/schema\/person\/f07ce98187dd84d31154262e79b3b7ca"},"description":"\ud83d\udcf8 Recuperando Memorias Perdidas \ud83d\udcf8. \ud83d\udd0d Si alguna vez te has encontrado en la desesperante situaci\u00f3n de haber perdido esa foto...","breadcrumb":{"@id":"https:\/\/universofamilia.com\/pl\/recuperando-memorias-perdidas\/#breadcrumb"},"inLanguage":"hu","potentialAction":[{"@type":"ReadAction","target":["https:\/\/universofamilia.com\/pl\/recuperando-memorias-perdidas\/"]}]},{"@type":"ImageObject","inLanguage":"hu","@id":"https:\/\/universofamilia.com\/pl\/recuperando-memorias-perdidas\/#primaryimage","url":"https:\/\/universofamilia.com\/wp-content\/uploads\/sites\/148\/2024\/03\/P-550x350-3-12.jpg","contentUrl":"https:\/\/universofamilia.com\/wp-content\/uploads\/sites\/148\/2024\/03\/P-550x350-3-12.jpg","width":550,"height":350,"caption":"\ud83d\udcf8 Recuperando Memorias Perdidas \ud83d\udcf8"},{"@type":"BreadcrumbList","@id":"https:\/\/universofamilia.com\/pl\/recuperando-memorias-perdidas\/#breadcrumb","itemListElement":[{"@type":"ListItem","position":1,"name":"Home","item":"https:\/\/universofamilia.com\/el\/"},{"@type":"ListItem","position":2,"name":"\ud83d\udcf8 Recuperando Memorias Perdidas \ud83d\udcf8"}]},{"@type":"WebSite","@id":"https:\/\/universofamilia.com\/el\/#website","url":"https:\/\/universofamilia.com\/el\/","name":"Universo Fam\u00edlia","description":"","potentialAction":[{"@type":"SearchAction","target":{"@type":"EntryPoint","urlTemplate":"https:\/\/universofamilia.com\/el\/?s={search_term_string}"},"query-input":"required name=search_term_string"}],"inLanguage":"hu"},{"@type":"Person","@id":"https:\/\/universofamilia.com\/el\/#\/schema\/person\/f07ce98187dd84d31154262e79b3b7ca","name":"Pedro Henrique","image":{"@type":"ImageObject","inLanguage":"hu","@id":"https:\/\/universofamilia.com\/el\/#\/schema\/person\/image\/","url":"https:\/\/secure.gravatar.com\/avatar\/9edfeb808cb4e1599f64d6e45b130154?s=96&d=mm&r=g","contentUrl":"https:\/\/secure.gravatar.com\/avatar\/9edfeb808cb4e1599f64d6e45b130154?s=96&d=mm&r=g","caption":"Pedro Henrique"},"url":"https:\/\/universofamilia.com\/hu\/author\/editor01\/"}]}},"_links":{"self":[{"href":"https:\/\/universofamilia.com\/hu\/wp-json\/wp\/v2\/posts\/5520"}],"collection":[{"href":"https:\/\/universofamilia.com\/hu\/wp-json\/wp\/v2\/posts"}],"about":[{"href":"https:\/\/universofamilia.com\/hu\/wp-json\/wp\/v2\/types\/post"}],"author":[{"embeddable":true,"href":"https:\/\/universofamilia.com\/hu\/wp-json\/wp\/v2\/users\/139"}],"replies":[{"embeddable":true,"href":"https:\/\/universofamilia.com\/hu\/wp-json\/wp\/v2\/comments?post=5520"}],"version-history":[{"count":1,"href":"https:\/\/universofamilia.com\/hu\/wp-json\/wp\/v2\/posts\/5520\/revisions"}],"predecessor-version":[{"id":8327,"href":"https:\/\/universofamilia.com\/hu\/wp-json\/wp\/v2\/posts\/5520\/revisions\/8327"}],"wp:featuredmedia":[{"embeddable":true,"href":"https:\/\/universofamilia.com\/hu\/wp-json\/wp\/v2\/media\/5521"}],"wp:attachment":[{"href":"https:\/\/universofamilia.com\/hu\/wp-json\/wp\/v2\/media?parent=5520"}],"wp:term":[{"taxonomy":"category","embeddable":true,"href":"https:\/\/universofamilia.com\/hu\/wp-json\/wp\/v2\/categories?post=5520"},{"taxonomy":"post_tag","embeddable":true,"href":"https:\/\/universofamilia.com\/hu\/wp-json\/wp\/v2\/tags?post=5520"}],"curies":[{"name":"wp","href":"https:\/\/api.w.org\/{rel}","templated":true}]}}