{"id":5564,"date":"2024-04-04T17:39:03","date_gmt":"2024-04-04T20:39:03","guid":{"rendered":"https:\/\/universofamilia.com\/?p=5564"},"modified":"2025-12-26T16:24:36","modified_gmt":"2025-12-26T19:24:36","slug":"por-que-mi-amor-esconde-el-celular","status":"publish","type":"post","link":"https:\/\/universofamilia.com\/hu\/por-que-mi-amor-esconde-el-celular\/","title":{"rendered":"\ud83d\udd12 Mi\u00e9rt rejti el a szerelmem a mobilj\u00e1t?"},"content":{"rendered":"<p>\ud83d\udd12 Mi\u00e9rt rejti el a szerelmem a telefonj\u00e1t? \u00cdgy v\u00e9dhetj\u00fck meg azokat, akiket szeret\u00fcnk.<\/p>\n\n\n\n<p>Elgondolkodt\u00e1l m\u00e1r azon, hogy mi\u00e9rt rejti el ennyire a p\u00e1rod a mobiltelefonj\u00e1t?<\/p>\n\n\n\n<p>Az a kiss\u00e9 gyan\u00fas hozz\u00e1\u00e1ll\u00e1s, hogy \u00fczenet \u00e9rkez\u00e9sekor lehajtod a k\u00e9perny\u0151t, vagy ak\u00e1r el is mozdulsz g\u00e9pel\u00e9s k\u00f6zben.<\/p>\n\n\n\n<p>Nos, nem kell paranoi\u00e1snak lenni, de mindig j\u00f3 \u00e9bernek lenni, k\u00fcl\u00f6n\u00f6sen a digit\u00e1lis korban, amiben \u00e9l\u00fcnk.<\/p>\n\n\n\n<h2 class=\"wp-block-heading\">\ud83d\udca1 A csal\u00e1dv\u00e9delem fontoss\u00e1ga<\/h2>\n\n\n\n<p>A szeretteink v\u00e9delme a legfontosabb, nem igaz?<\/p>\n\n\n\n<p>Az \u00fczenetfigyel\u0151 alkalmaz\u00e1sok t\u00e9rnyer\u00e9s\u00e9vel pedig most m\u00e1r lehet\u0151s\u00e9g\u00fcnk van arra, hogy v\u00e9d\u0151szemmel tartsuk szeretteinket.<\/p>\n\n\n\n<p>Legyen sz\u00f3 feles\u00e9gedr\u0151l, f\u00e9rjedr\u0151l, gyermekeidr\u0151l, sz\u00fcleidr\u0151l vagy nagysz\u00fcleidr\u0151l, a biztons\u00e1guk a mi kez\u00fcnkben van.<\/p>\n\n\n\n<h2 class=\"wp-block-heading\">L\u00e1sd m\u00e9g<\/h2>\n\n\n\n<div class=\"wp-block-buttons is-layout-flex wp-block-buttons-is-layout-flex\">\n<div class=\"wp-block-button is-style-outline\"><a class=\"wp-block-button__link wp-element-button\" href=\"https:\/\/universofamilia.com\/hu\/5099\/restaurar-fotos-eliminadas-en-el-telefono-movil\/\"><font style=\"vertical-align: inherit\"><font style=\"vertical-align: inherit\">\ud83d\udcf8\ud83d\uddbc\ufe0f\ud83d\udcf1 T\u00f6r\u00f6lt fot\u00f3k vissza\u00e1ll\u00edt\u00e1sa mobiltelefonon<\/font><\/font><\/a><\/div>\n<\/div>\n\n\n\n<div class=\"wp-block-buttons is-layout-flex wp-block-buttons-is-layout-flex\">\n<div class=\"wp-block-button is-style-outline\"><a class=\"wp-block-button__link wp-element-button\" href=\"https:\/\/universofamilia.com\/hu\/5491\/aprender-a-conducir-una-revolucion-tecnologica-en-2024\/\"><font style=\"vertical-align: inherit\"><font style=\"vertical-align: inherit\">\ud83d\ude97\ud83d\udca1 Vezet\u00e9s tanul\u00e1sa: Technol\u00f3giai forradalom 2024-ben<\/font><\/font><\/a><\/div>\n<\/div>\n\n\n\n<h2 class=\"wp-block-heading\">\ud83d\udea8 Vesz\u00e9lyek a vonalak k\u00f6z\u00f6tt<\/h2>\n\n\n\n<p>Sajnos nem mindenkinek vannak a legjobb sz\u00e1nd\u00e9kai. Vannak emberek, akik \u00e1rtani akarnak azoknak, akiket szeret\u00fcnk.<\/p>\n\n\n\n<p>Ak\u00e1r nem megfelel\u0151 kapcsolatokr\u00f3l, idegenekkel val\u00f3 online kapcsolatfelv\u00e9telr\u0151l, ak\u00e1r csal\u00e1sok \u00e1ldozat\u00e1v\u00e1 v\u00e1l\u00e1sr\u00f3l van sz\u00f3, sz\u00e1mos vesz\u00e9ly leselkedik a digit\u00e1lis vil\u00e1gban.<\/p>\n\n\n\n<p>\u00c9s mi a helyzet az id\u0151sebb szeretteinkkel? Lehet, hogy \u0151k nem annyira ismerik az internet kock\u00e1zatait, mint mi.<\/p>\n\n\n\n<p>Itt j\u00f6n k\u00e9pbe a megfigyel\u00e9s fontoss\u00e1ga. Ez nem a mag\u00e1n\u00e9let megs\u00e9rt\u00e9se, hanem v\u00e9delem.<\/p>\n\n\n\n<h2 class=\"wp-block-heading\">\ud83d\udc75 V\u00e9delmi t\u00f6rt\u00e9netek<\/h2>\n\n\n\n<p>\u00cdme h\u00e1rom val\u00f3s t\u00f6rt\u00e9net, amelyek r\u00e1vil\u00e1g\u00edtanak a monitoroz\u00f3 alkalmaz\u00e1sok fontoss\u00e1g\u00e1ra:<\/p>\n\n\n\n<ol>\n<li><strong>Sz\u00fcl\u0151i fel\u00fcgyelet<\/strong>\u201eMindig is agg\u00f3dtam, hogy mennyi id\u0151t t\u00f6lt a fiam a telefonj\u00e1n. Az alkalmaz\u00e1ssal jobban tudom figyelni \u0151t, s\u0151t, ak\u00e1r azokat az alkalmaz\u00e1sokat is blokkolhatom, amelyeket nem megfelel\u0151nek tartok.\u201d<\/li>\n\n\n\n<li><strong>Online biztons\u00e1g<\/strong>\u201eA fiam furcs\u00e1n kezdett viselkedni. Felfedeztem, hogy idegenekkel besz\u00e9lget online. Az alkalmaz\u00e1s figyelmeztetett, \u00e9s id\u0151ben be tudtunk avatkozni.\u201d<\/li>\n\n\n\n<li><strong>A lelki b\u00e9ke<\/strong>\u201eAz ap\u00e1m id\u0151s \u00e9s Alzheimer-k\u00f3ros. Az alkalmaz\u00e1ssal figyelemmel k\u00eds\u00e9rhetem a tart\u00f3zkod\u00e1si hely\u00e9t, \u00e9s megbizonyosodhatok r\u00f3la, hogy biztons\u00e1gban van, amikor elhagyja a h\u00e1zat.\u201d<\/li>\n<\/ol>\n\n\n\n<h2 class=\"wp-block-heading\">\ud83d\udcf1 Alkalmaz\u00e1sok monitoroz\u00e1sa<\/h2>\n\n\n\n<p>Most, hogy meg\u00e9rtett\u00fck a fontoss\u00e1g\u00e1t, besz\u00e9lj\u00fcnk azokr\u00f3l az alkalmaz\u00e1sokr\u00f3l, amelyek seg\u00edthetnek nek\u00fcnk ebben a v\u00e9delmi k\u00fcldet\u00e9sben.<\/p>\n\n\n\n<p>T\u00f6bb lehet\u0151s\u00e9g is van, de h\u00e1rom kiemelkedik:<\/p>\n\n\n<div class=\"wp-block-image\">\n<figure class=\"aligncenter size-full\"><img loading=\"lazy\" decoding=\"async\" width=\"550\" height=\"350\" src=\"http:\/\/universofamilia.com\/wp-content\/uploads\/sites\/148\/2024\/04\/P-550x350-2-1.jpg\" alt=\"\" class=\"wp-image-5565\" srcset=\"https:\/\/universofamilia.com\/wp-content\/uploads\/sites\/148\/2024\/04\/P-550x350-2-1.jpg 550w, https:\/\/universofamilia.com\/wp-content\/uploads\/sites\/148\/2024\/04\/P-550x350-2-1-300x191.jpg 300w\" sizes=\"(max-width: 550px) 100vw, 550px\" \/><figcaption class=\"wp-element-caption\">\ud83d\udd12 Mi\u00e9rt rejti el a szerelmem a mobilj\u00e1t?<\/figcaption><\/figure><\/div>\n\n\n<h3 class=\"wp-block-heading\">mSpy<\/h3>\n\n\n\n<p>Az mSpy az egyik legismertebb a piacon, \u00e9s sz\u00e1mos funkci\u00f3t k\u00edn\u00e1l az Android \u00e9s iOS eszk\u00f6z\u00f6k monitoroz\u00e1s\u00e1hoz.<\/p>\n\n\n\n<p>Egy k\u00f6nnyen haszn\u00e1lhat\u00f3 fel\u00fclettel lehet\u0151v\u00e9 teszi az \u00fczenetek, a h\u00edv\u00e1snapl\u00f3, s\u0151t a megfigyelt eszk\u00f6z val\u00f3s idej\u0171 helyadatainak megtekint\u00e9s\u00e9t is.<\/p>\n\n\n\n<h3 class=\"wp-block-heading\">Let\u00e9tkezel\u0151<\/h3>\n\n\n\n<p>A Qustodio \u00e1tfog\u00f3 sz\u00fcl\u0151i fel\u00fcgyeleti lehet\u0151s\u00e9geket k\u00edn\u00e1l, \u00edgy ide\u00e1lis azoknak a sz\u00fcl\u0151knek, akik agg\u00f3dnak gyermekeik online t\u00f6lt\u00f6tt ideje miatt.<\/p>\n\n\n\n<p>Az online tev\u00e9kenys\u00e9gek figyel\u00e9se mellett lehet\u0151v\u00e9 teszi a nem k\u00edv\u00e1nt webhelyek \u00e9s alkalmaz\u00e1sok blokkol\u00e1s\u00e1t is.<\/p>\n\n\n\n<h2 class=\"wp-block-heading\">Csal\u00e1di Id\u0151<\/h2>\n\n\n\n<p>Ahogy a neve is sugallja, a FamilyTime arra \u00f6sszpontos\u00edt, hogy a csal\u00e1dokat biztons\u00e1gos digit\u00e1lis k\u00f6rnyezetben hozza \u00f6ssze.<\/p>\n\n\n\n<p>A helyk\u00f6vet\u00e9snek, a k\u00e9perny\u0151 el\u0151tt t\u00f6lt\u00f6tt id\u0151 szab\u00e1lyoz\u00e1s\u00e1nak \u00e9s a nem megfelel\u0151 tartalmak blokkol\u00e1s\u00e1nak funkci\u00f3ival n\u00e9pszer\u0171 v\u00e1laszt\u00e1s szeretteink biztons\u00e1g\u00e1nak meg\u0151rz\u00e9s\u00e9re.<\/p>\n\n\n\n<h2 class=\"wp-block-heading\">\ud83d\udea8 Fontos szempontok<\/h2>\n\n\n\n<p>Fontos megjegyezni, hogy ezeket az alkalmaz\u00e1sokat felel\u0151ss\u00e9gteljesen \u00e9s etikusan kell haszn\u00e1lni.<\/p>\n\n\n\n<p>A bizalom ki\u00e9p\u00edt\u00e9se \u00e9s a konfliktusok elker\u00fcl\u00e9se \u00e9rdek\u00e9ben elengedhetetlen, hogy ny\u00edltan besz\u00e9ljen gyermekeivel a megfigyel\u00e9sr\u0151l.<\/p>\n\n\n\n<h2 class=\"wp-block-heading\">L\u00e1sd m\u00e9g<\/h2>\n\n\n\n<div class=\"wp-block-buttons is-layout-flex wp-block-buttons-is-layout-flex\">\n<div class=\"wp-block-button is-style-outline\"><a class=\"wp-block-button__link wp-element-button\" href=\"https:\/\/universofamilia.com\/hu\/5099\/restaurar-fotos-eliminadas-en-el-telefono-movil\/\"><font style=\"vertical-align: inherit\"><font style=\"vertical-align: inherit\">\ud83d\udcf8\ud83d\uddbc\ufe0f\ud83d\udcf1 T\u00f6r\u00f6lt fot\u00f3k vissza\u00e1ll\u00edt\u00e1sa mobiltelefonon<\/font><\/font><\/a><\/div>\n<\/div>\n\n\n\n<div class=\"wp-block-buttons is-layout-flex wp-block-buttons-is-layout-flex\">\n<div class=\"wp-block-button is-style-outline\"><a class=\"wp-block-button__link wp-element-button\" href=\"https:\/\/universofamilia.com\/hu\/5491\/aprender-a-conducir-una-revolucion-tecnologica-en-2024\/\"><font style=\"vertical-align: inherit\"><font style=\"vertical-align: inherit\">\ud83d\ude97\ud83d\udca1 Vezet\u00e9s tanul\u00e1sa: Technol\u00f3giai forradalom 2024-ben<\/font><\/font><\/a><\/div>\n<\/div>\n\n\n\n<h3 class=\"wp-block-heading\">\ud83d\udce5 T\u00f6ltsd le most!<\/h3>\n\n\n\n<p>Ha k\u00e9szen \u00e1llsz megv\u00e9deni szeretteidet, t\u00f6ltsd le most az al\u00e1bbi alkalmaz\u00e1sok egyik\u00e9t:<\/p>\n\n\n\n<ul>\n<li><strong>mSpy<\/strong>: <a href=\"https:\/\/play.google.com\/store\/apps\/details?id=com.mspy.lite&amp;hl=pt&amp;gl=US\">Google Play \u00c1ruh\u00e1z<\/a> | <a href=\"https:\/\/apps.apple.com\/br\/app\/monitoramento-m%C3%B3vel-mspy-lite\/id1182397829\">App Store<\/a><\/li>\n\n\n\n<li><strong>Let\u00e9tkezel\u0151<\/strong>: <a href=\"https:\/\/play.google.com\/store\/apps\/details?id=com.qustodio.family.parental.control.app.screentime&amp;hl=pt_BR&amp;gl=US\">Google Play \u00c1ruh\u00e1z<\/a> | <a href=\"https:\/\/apps.apple.com\/br\/app\/qustodio-controle-parental\/id1501720596\">App Store<\/a><\/li>\n\n\n\n<li><strong>Csal\u00e1di Id\u0151<\/strong>: <a href=\"https:\/\/play.google.com\/store\/apps\/details?id=io.familytime.dashboard&amp;hl=pt_BR&amp;gl=US\">Google Play \u00c1ruh\u00e1z<\/a> | <a href=\"https:\/\/play.google.com\/store\/apps\/details?id=io.familytime.dashboard&amp;hl=pt_BR&amp;gl=US#:~:text=Em%20quais%20sistemas%20operacionais%20o,dispositivos%20ilimitados%20de%20sua%20conta\">App Store<\/a><\/li>\n<\/ul>\n\n\n\n<p>V\u00e9dd meg azokat, akiket szeretsz. T\u00f6ltsd le most, \u00e9s \u00e9lvezd a nyugalmadat!<\/p>\n\n\n\n<h2 class=\"wp-block-heading\">\ud83d\udccc K\u00f6vetkeztet\u00e9s<\/h2>\n\n\n\n<p>Nincs \u00e1ra szeretteink biztons\u00e1g\u00e1nak. A megfigyel\u0151alkalmaz\u00e1sokkal biztos\u00edthatjuk szeretteink v\u00e9delm\u00e9t az egyre \u00f6sszetettebb digit\u00e1lis vil\u00e1gban.<\/p>\n\n\n\n<p>Ne feledd, a megel\u0151z\u00e9s mindig jobb, mint a gy\u00f3gy\u00edt\u00e1s. T\u00f6ltsd le most, \u00e9s v\u00e9dd meg a szerelmedet, a csal\u00e1dodat \u00e9s a lelki b\u00e9k\u00e9det.<\/p>\n\n\n\n<p>Ne feledkezz meg a ny\u00edlt \u00e9s \u0151szinte kommunik\u00e1ci\u00f3r\u00f3l, mivel semmi sem p\u00f3tolhatja a bizalmon alapul\u00f3 kapcsolat erej\u00e9t.<\/p>\n\n\n\n<p>Egy\u00fcttesen lek\u00fczdhetj\u00fck a digit\u00e1lis kih\u00edv\u00e1sokat, \u00e9s biztons\u00e1gos k\u00f6rnyezetet teremthet\u00fcnk mindenki sz\u00e1m\u00e1ra.<\/p>\n\n\n\n<p>T\u00f6ltsd le most \u00e9s v\u00e9dd meg azokat, akiket szeretsz!<\/p>","protected":false},"excerpt":{"rendered":"<p>\ud83d\udd12 Mi\u00e9rt rejti el a szerelmem a telefonj\u00e1t? Hogyan v\u00e9dj\u00fck azokat, akiket szeret\u00fcnk. Elgondolkodt\u00e1l m\u00e1r azon, hogy a partnered mi\u00e9rt rejti el ennyire a telefonj\u00e1t? Az a kiss\u00e9 gyan\u00fas viselked\u00e9s, hogy lehajtja a k\u00e9perny\u0151t, amikor \u00fczenet \u00e9rkezik, vagy ak\u00e1r els\u00e9t\u00e1l, mik\u00f6zben g\u00e9pel. Nos, nem kell paranoi\u00e1snak lenned, de [\u2026]<\/p>","protected":false},"author":219,"featured_media":5565,"comment_status":"closed","ping_status":"open","sticky":false,"template":"","format":"standard","meta":{"footnotes":""},"categories":[2],"tags":[133,1021,1690],"yoast_head":"<!-- This site is optimized with the Yoast SEO plugin v23.3 - https:\/\/yoast.com\/wordpress\/plugins\/seo\/ -->\n<title>\ud83d\udd12 \u00bfPor Qu\u00e9 Mi Amor Esconde el Celular? - Universo Fam\u00edlia<\/title>\n<meta name=\"description\" content=\"\ud83d\udd12 \u00bfPor Qu\u00e9 Mi Amor Esconde el Celular?. Protegiendo a Quienes Amamos.\" \/>\n<meta name=\"robots\" content=\"index, follow, max-snippet:-1, max-image-preview:large, max-video-preview:-1\" \/>\n<link rel=\"canonical\" href=\"https:\/\/universofamilia.com\/hu\/por-que-mi-amor-esconde-el-celular\/\" \/>\n<meta property=\"og:locale\" content=\"hu_HU\" \/>\n<meta property=\"og:type\" content=\"article\" \/>\n<meta property=\"og:title\" content=\"\ud83d\udd12 \u00bfPor Qu\u00e9 Mi Amor Esconde el Celular? - Universo Fam\u00edlia\" \/>\n<meta property=\"og:description\" content=\"\ud83d\udd12 \u00bfPor Qu\u00e9 Mi Amor Esconde el Celular?. Protegiendo a Quienes Amamos.\" \/>\n<meta property=\"og:url\" content=\"https:\/\/universofamilia.com\/hu\/por-que-mi-amor-esconde-el-celular\/\" \/>\n<meta property=\"og:site_name\" content=\"Universo Fam\u00edlia\" \/>\n<meta property=\"article:published_time\" content=\"2024-04-04T20:39:03+00:00\" \/>\n<meta property=\"article:modified_time\" content=\"2025-12-26T19:24:36+00:00\" \/>\n<meta property=\"og:image\" content=\"https:\/\/universofamilia.com\/wp-content\/uploads\/sites\/148\/2024\/04\/P-550x350-2-1.jpg\" \/>\n\t<meta property=\"og:image:width\" content=\"550\" \/>\n\t<meta property=\"og:image:height\" content=\"350\" \/>\n\t<meta property=\"og:image:type\" content=\"image\/jpeg\" \/>\n<meta name=\"author\" content=\"Matheus Sangaletti\" \/>\n<meta name=\"twitter:card\" content=\"summary_large_image\" \/>\n<meta name=\"twitter:label1\" content=\"Written by\" \/>\n\t<meta name=\"twitter:data1\" content=\"Matheus Sangaletti\" \/>\n\t<meta name=\"twitter:label2\" content=\"Est. reading time\" \/>\n\t<meta name=\"twitter:data2\" content=\"5 perc\" \/>\n<script type=\"application\/ld+json\" class=\"yoast-schema-graph\">{\"@context\":\"https:\/\/schema.org\",\"@graph\":[{\"@type\":\"WebPage\",\"@id\":\"https:\/\/universofamilia.com\/pt\/por-que-mi-amor-esconde-el-celular\/\",\"url\":\"https:\/\/universofamilia.com\/pt\/por-que-mi-amor-esconde-el-celular\/\",\"name\":\"\ud83d\udd12 \u00bfPor Qu\u00e9 Mi Amor Esconde el Celular? - Universo Fam\u00edlia\",\"isPartOf\":{\"@id\":\"https:\/\/universofamilia.com\/el\/#website\"},\"primaryImageOfPage\":{\"@id\":\"https:\/\/universofamilia.com\/pt\/por-que-mi-amor-esconde-el-celular\/#primaryimage\"},\"image\":{\"@id\":\"https:\/\/universofamilia.com\/pt\/por-que-mi-amor-esconde-el-celular\/#primaryimage\"},\"thumbnailUrl\":\"https:\/\/universofamilia.com\/wp-content\/uploads\/sites\/148\/2024\/04\/P-550x350-2-1.jpg\",\"datePublished\":\"2024-04-04T20:39:03+00:00\",\"dateModified\":\"2025-12-26T19:24:36+00:00\",\"author\":{\"@id\":\"https:\/\/universofamilia.com\/el\/#\/schema\/person\/92fcd07e9b1f4323bf74f3170fc0f78a\"},\"description\":\"\ud83d\udd12 \u00bfPor Qu\u00e9 Mi Amor Esconde el Celular?. Protegiendo a Quienes Amamos.\",\"breadcrumb\":{\"@id\":\"https:\/\/universofamilia.com\/pt\/por-que-mi-amor-esconde-el-celular\/#breadcrumb\"},\"inLanguage\":\"hu\",\"potentialAction\":[{\"@type\":\"ReadAction\",\"target\":[\"https:\/\/universofamilia.com\/pt\/por-que-mi-amor-esconde-el-celular\/\"]}]},{\"@type\":\"ImageObject\",\"inLanguage\":\"hu\",\"@id\":\"https:\/\/universofamilia.com\/pt\/por-que-mi-amor-esconde-el-celular\/#primaryimage\",\"url\":\"https:\/\/universofamilia.com\/wp-content\/uploads\/sites\/148\/2024\/04\/P-550x350-2-1.jpg\",\"contentUrl\":\"https:\/\/universofamilia.com\/wp-content\/uploads\/sites\/148\/2024\/04\/P-550x350-2-1.jpg\",\"width\":550,\"height\":350,\"caption\":\"\ud83d\udd12 \u00bfPor Qu\u00e9 Mi Amor Esconde el Celular?\"},{\"@type\":\"BreadcrumbList\",\"@id\":\"https:\/\/universofamilia.com\/pt\/por-que-mi-amor-esconde-el-celular\/#breadcrumb\",\"itemListElement\":[{\"@type\":\"ListItem\",\"position\":1,\"name\":\"Home\",\"item\":\"https:\/\/universofamilia.com\/el\/\"},{\"@type\":\"ListItem\",\"position\":2,\"name\":\"\ud83d\udd12 \u00bfPor Qu\u00e9 Mi Amor Esconde el Celular?\"}]},{\"@type\":\"WebSite\",\"@id\":\"https:\/\/universofamilia.com\/el\/#website\",\"url\":\"https:\/\/universofamilia.com\/el\/\",\"name\":\"Universo Fam\u00edlia\",\"description\":\"\",\"potentialAction\":[{\"@type\":\"SearchAction\",\"target\":{\"@type\":\"EntryPoint\",\"urlTemplate\":\"https:\/\/universofamilia.com\/el\/?s={search_term_string}\"},\"query-input\":\"required name=search_term_string\"}],\"inLanguage\":\"hu\"},{\"@type\":\"Person\",\"@id\":\"https:\/\/universofamilia.com\/el\/#\/schema\/person\/92fcd07e9b1f4323bf74f3170fc0f78a\",\"name\":\"Matheus Sangaletti\",\"image\":{\"@type\":\"ImageObject\",\"inLanguage\":\"hu\",\"@id\":\"https:\/\/universofamilia.com\/el\/#\/schema\/person\/image\/\",\"url\":\"https:\/\/secure.gravatar.com\/avatar\/280ea957a14a48e6a1ad2133d2cc27c9?s=96&d=mm&r=g\",\"contentUrl\":\"https:\/\/secure.gravatar.com\/avatar\/280ea957a14a48e6a1ad2133d2cc27c9?s=96&d=mm&r=g\",\"caption\":\"Matheus Sangaletti\"},\"url\":\"https:\/\/universofamilia.com\/hu\/author\/matheuss\/\"}]}<\/script>\n<!-- \/ Yoast SEO plugin. -->","yoast_head_json":{"title":"\ud83d\udd12 \u00bfPor Qu\u00e9 Mi Amor Esconde el Celular? - Universo Fam\u00edlia","description":"\ud83d\udd12 \u00bfPor Qu\u00e9 Mi Amor Esconde el Celular?. Protegiendo a Quienes Amamos.","robots":{"index":"index","follow":"follow","max-snippet":"max-snippet:-1","max-image-preview":"max-image-preview:large","max-video-preview":"max-video-preview:-1"},"canonical":"https:\/\/universofamilia.com\/hu\/por-que-mi-amor-esconde-el-celular\/","og_locale":"hu_HU","og_type":"article","og_title":"\ud83d\udd12 \u00bfPor Qu\u00e9 Mi Amor Esconde el Celular? - Universo Fam\u00edlia","og_description":"\ud83d\udd12 \u00bfPor Qu\u00e9 Mi Amor Esconde el Celular?. Protegiendo a Quienes Amamos.","og_url":"https:\/\/universofamilia.com\/hu\/por-que-mi-amor-esconde-el-celular\/","og_site_name":"Universo Fam\u00edlia","article_published_time":"2024-04-04T20:39:03+00:00","article_modified_time":"2025-12-26T19:24:36+00:00","og_image":[{"width":550,"height":350,"url":"https:\/\/universofamilia.com\/wp-content\/uploads\/sites\/148\/2024\/04\/P-550x350-2-1.jpg","type":"image\/jpeg"}],"author":"Matheus Sangaletti","twitter_card":"summary_large_image","twitter_misc":{"Written by":"Matheus Sangaletti","Est. reading time":"5 perc"},"schema":{"@context":"https:\/\/schema.org","@graph":[{"@type":"WebPage","@id":"https:\/\/universofamilia.com\/pt\/por-que-mi-amor-esconde-el-celular\/","url":"https:\/\/universofamilia.com\/pt\/por-que-mi-amor-esconde-el-celular\/","name":"\ud83d\udd12 \u00bfPor Qu\u00e9 Mi Amor Esconde el Celular? - Universo Fam\u00edlia","isPartOf":{"@id":"https:\/\/universofamilia.com\/el\/#website"},"primaryImageOfPage":{"@id":"https:\/\/universofamilia.com\/pt\/por-que-mi-amor-esconde-el-celular\/#primaryimage"},"image":{"@id":"https:\/\/universofamilia.com\/pt\/por-que-mi-amor-esconde-el-celular\/#primaryimage"},"thumbnailUrl":"https:\/\/universofamilia.com\/wp-content\/uploads\/sites\/148\/2024\/04\/P-550x350-2-1.jpg","datePublished":"2024-04-04T20:39:03+00:00","dateModified":"2025-12-26T19:24:36+00:00","author":{"@id":"https:\/\/universofamilia.com\/el\/#\/schema\/person\/92fcd07e9b1f4323bf74f3170fc0f78a"},"description":"\ud83d\udd12 \u00bfPor Qu\u00e9 Mi Amor Esconde el Celular?. Protegiendo a Quienes Amamos.","breadcrumb":{"@id":"https:\/\/universofamilia.com\/pt\/por-que-mi-amor-esconde-el-celular\/#breadcrumb"},"inLanguage":"hu","potentialAction":[{"@type":"ReadAction","target":["https:\/\/universofamilia.com\/pt\/por-que-mi-amor-esconde-el-celular\/"]}]},{"@type":"ImageObject","inLanguage":"hu","@id":"https:\/\/universofamilia.com\/pt\/por-que-mi-amor-esconde-el-celular\/#primaryimage","url":"https:\/\/universofamilia.com\/wp-content\/uploads\/sites\/148\/2024\/04\/P-550x350-2-1.jpg","contentUrl":"https:\/\/universofamilia.com\/wp-content\/uploads\/sites\/148\/2024\/04\/P-550x350-2-1.jpg","width":550,"height":350,"caption":"\ud83d\udd12 \u00bfPor Qu\u00e9 Mi Amor Esconde el Celular?"},{"@type":"BreadcrumbList","@id":"https:\/\/universofamilia.com\/pt\/por-que-mi-amor-esconde-el-celular\/#breadcrumb","itemListElement":[{"@type":"ListItem","position":1,"name":"Home","item":"https:\/\/universofamilia.com\/el\/"},{"@type":"ListItem","position":2,"name":"\ud83d\udd12 \u00bfPor Qu\u00e9 Mi Amor Esconde el Celular?"}]},{"@type":"WebSite","@id":"https:\/\/universofamilia.com\/el\/#website","url":"https:\/\/universofamilia.com\/el\/","name":"Universo Fam\u00edlia","description":"","potentialAction":[{"@type":"SearchAction","target":{"@type":"EntryPoint","urlTemplate":"https:\/\/universofamilia.com\/el\/?s={search_term_string}"},"query-input":"required name=search_term_string"}],"inLanguage":"hu"},{"@type":"Person","@id":"https:\/\/universofamilia.com\/el\/#\/schema\/person\/92fcd07e9b1f4323bf74f3170fc0f78a","name":"Matheus Sangaletti","image":{"@type":"ImageObject","inLanguage":"hu","@id":"https:\/\/universofamilia.com\/el\/#\/schema\/person\/image\/","url":"https:\/\/secure.gravatar.com\/avatar\/280ea957a14a48e6a1ad2133d2cc27c9?s=96&d=mm&r=g","contentUrl":"https:\/\/secure.gravatar.com\/avatar\/280ea957a14a48e6a1ad2133d2cc27c9?s=96&d=mm&r=g","caption":"Matheus Sangaletti"},"url":"https:\/\/universofamilia.com\/hu\/author\/matheuss\/"}]}},"_links":{"self":[{"href":"https:\/\/universofamilia.com\/hu\/wp-json\/wp\/v2\/posts\/5564"}],"collection":[{"href":"https:\/\/universofamilia.com\/hu\/wp-json\/wp\/v2\/posts"}],"about":[{"href":"https:\/\/universofamilia.com\/hu\/wp-json\/wp\/v2\/types\/post"}],"author":[{"embeddable":true,"href":"https:\/\/universofamilia.com\/hu\/wp-json\/wp\/v2\/users\/219"}],"replies":[{"embeddable":true,"href":"https:\/\/universofamilia.com\/hu\/wp-json\/wp\/v2\/comments?post=5564"}],"version-history":[{"count":2,"href":"https:\/\/universofamilia.com\/hu\/wp-json\/wp\/v2\/posts\/5564\/revisions"}],"predecessor-version":[{"id":10476,"href":"https:\/\/universofamilia.com\/hu\/wp-json\/wp\/v2\/posts\/5564\/revisions\/10476"}],"wp:featuredmedia":[{"embeddable":true,"href":"https:\/\/universofamilia.com\/hu\/wp-json\/wp\/v2\/media\/5565"}],"wp:attachment":[{"href":"https:\/\/universofamilia.com\/hu\/wp-json\/wp\/v2\/media?parent=5564"}],"wp:term":[{"taxonomy":"category","embeddable":true,"href":"https:\/\/universofamilia.com\/hu\/wp-json\/wp\/v2\/categories?post=5564"},{"taxonomy":"post_tag","embeddable":true,"href":"https:\/\/universofamilia.com\/hu\/wp-json\/wp\/v2\/tags?post=5564"}],"curies":[{"name":"wp","href":"https:\/\/api.w.org\/{rel}","templated":true}]}}