{"id":5570,"date":"2024-04-05T14:31:44","date_gmt":"2024-04-05T17:31:44","guid":{"rendered":"https:\/\/universofamilia.com\/?p=5570"},"modified":"2025-01-28T12:39:15","modified_gmt":"2025-01-28T12:39:15","slug":"recuperando-memorias-perdidas-un-viaje-emocionante","status":"publish","type":"post","link":"https:\/\/universofamilia.com\/hu\/recuperando-memorias-perdidas-un-viaje-emocionante\/","title":{"rendered":"\ud83d\udcf8 Elveszett eml\u00e9kek felid\u00e9z\u00e9se: Egy izgalmas utaz\u00e1s"},"content":{"rendered":"<p>A mobileszk\u00f6zeinkkel meg\u00f6r\u00f6k\u00edtett \u00e9rt\u00e9kes pillanatok elveszt\u00e9se digit\u00e1lis \u00e9let\u00fcnk egyik legelkeser\u00edt\u0151bb \u00e9lm\u00e9nye lehet.<\/p>\n\n\n\n<p>V\u00e9g\u00fcl is ezek a fot\u00f3k nem csup\u00e1n k\u00e9pek; meg\u00e9lt pillanatok t\u00f6red\u00e9kei, meg\u00f6r\u00f6k\u00edtett eml\u00e9kek, amelyeket \u00f6r\u00f6kre meg szeretn\u00e9nk \u0151rizni.<\/p>\n\n\n\n<p>De ne agg\u00f3dj! Ha valaha is ker\u00fclt\u00e9l m\u00e1r ilyen helyzetbe, van rem\u00e9ny.<\/p>\n\n\n\n<p>Vannak olyan alkalmaz\u00e1sok, amelyek seg\u00edthetnek visszaszerezni az elveszett \u00e9rt\u00e9kes t\u00e1rgyakat.<\/p>\n\n\n\n<p>Mer\u00fclj\u00fcnk el ebbe a vil\u00e1gba, \u00e9s fedezz\u00fck fel, hogyan menthetj\u00fck meg eml\u00e9keinket!<\/p>\n\n\n\n<h2 class=\"wp-block-heading\">L\u00e1sd m\u00e9g<\/h2>\n\n\n\n<div class=\"wp-block-buttons is-layout-flex wp-block-buttons-is-layout-flex\">\n<div class=\"wp-block-button is-style-outline\"><a class=\"wp-block-button__link wp-element-button\" href=\"https:\/\/universofamilia.com\/hu\/5099\/restaurar-fotos-eliminadas-en-el-telefono-movil\/\"><font style=\"vertical-align: inherit\"><font style=\"vertical-align: inherit\">\ud83d\udcf8\ud83d\uddbc\ufe0f\ud83d\udcf1 T\u00f6r\u00f6lt fot\u00f3k vissza\u00e1ll\u00edt\u00e1sa mobiltelefonon<\/font><\/font><\/a><\/div>\n<\/div>\n\n\n\n<div class=\"wp-block-buttons is-layout-flex wp-block-buttons-is-layout-flex\">\n<div class=\"wp-block-button is-style-outline\"><a class=\"wp-block-button__link wp-element-button\" href=\"https:\/\/universofamilia.com\/hu\/5491\/aprender-a-conducir-una-revolucion-tecnologica-en-2024\/\"><font style=\"vertical-align: inherit\"><font style=\"vertical-align: inherit\">\ud83d\ude97\ud83d\udca1 Vezet\u00e9s tanul\u00e1sa: Technol\u00f3giai forradalom 2024-ben<\/font><\/font><\/a><\/div>\n<\/div>\n\n\n\n<h2 class=\"wp-block-heading\">\ud83d\udd0e <strong>Elveszett eml\u00e9kek nyom\u00e1ban<\/strong><\/h2>\n\n\n\n<p>Ki ne tal\u00e1lta volna mag\u00e1t azon, hogy nosztalgikus mosollyal az arc\u00e1n n\u00e9zeget egy r\u00e9gi f\u00e9nyk\u00e9pet?<\/p>\n\n\n\n<p>A f\u00e9nyk\u00e9peknek var\u00e1zslatos erej\u00fck van arra, hogy visszarep\u00edtsenek minket az id\u0151ben, hogy \u00fajra \u00e1t\u00e9lhess\u00fck a k\u00fcl\u00f6nleges pillanatokat, \u00e9s ez\u00e9rt olyan f\u00e1jdalmas, amikor elvesz\u00edtj\u00fck \u0151ket.<\/p>\n\n\n\n<p>Mintha t\u00f6rt\u00e9nelm\u00fcnk egy darabj\u00e1t kit\u00e9pt\u00e9k volna kez\u00fcnkb\u0151l.<\/p>\n\n\n\n<p>K\u00e9pzeld el: az a k\u00e1pr\u00e1zatos naplemente, az a felejthetetlen buli, vagy ak\u00e1r a szeretteid mosolya... mindez egy szempillant\u00e1s alatt elt\u0171nhet egy hiba, baleset vagy ak\u00e1r figyelmetlens\u00e9g miatt.<\/p>\n\n\n\n<p>De ne cs\u00fcggedj\u00fcnk! A technol\u00f3gia a mi oldalunkon \u00e1ll, hogy seg\u00edtsen visszaszerezni, ami elveszett.<\/p>\n\n\n\n<h2 class=\"wp-block-heading\">\ud83d\udca1 <strong>A helyre\u00e1ll\u00edt\u00e1si alkalmaz\u00e1s fontoss\u00e1ga<\/strong><\/h2>\n\n\n\n<p>Ha valaha is \u00e1t\u00e9lted m\u00e1r a fontos f\u00e9nyk\u00e9pek elveszt\u00e9s\u00e9nek frusztr\u00e1ci\u00f3j\u00e1t, akkor tudod, milyen neh\u00e9z lehet megbirk\u00f3zni ezzel.<\/p>\n\n\n\n<p>De ne agg\u00f3dj, nem vagy egyed\u00fcl ezen az \u00faton!<\/p>\n\n\n\n<p>A j\u00f3 h\u00edr az, hogy vannak kifejezetten az elveszett f\u00e9nyk\u00e9pek mobil eszk\u00f6z\u00f6k\u00f6n t\u00f6rt\u00e9n\u0151 helyre\u00e1ll\u00edt\u00e1s\u00e1ra tervezett alkalmaz\u00e1sok.<\/p>\n\n\n\n<p>Ezek az alkalmaz\u00e1sok olyanok, mint a rejtett apr\u00f3 kincsek, k\u00e9szen arra, hogy seg\u00edtsenek megfejteni a digit\u00e1lis vil\u00e1g rejt\u00e9lyeit, \u00e9s \u00e9letre kelts\u00e9k azokat az eml\u00e9keket, amelyeket \u00f6r\u00f6kre elveszettnek hitt\u00fcnk.<\/p>\n\n\n\n<p>\u00c9s ami a legjobb az eg\u00e9szben, ezek az alkalmaz\u00e1sok k\u00f6nnyen haszn\u00e1lhat\u00f3k, \u00e9s \u00e9letment\u0151ek lehetnek azokban a pillanatokban, amikor k\u00e9ts\u00e9gbeesetten sz\u00fcks\u00e9g\u00fcnk van egy elveszett fot\u00f3 visszaszerz\u00e9s\u00e9re.<\/p>\n\n\n<div class=\"wp-block-image\">\n<figure class=\"aligncenter size-full\"><img loading=\"lazy\" decoding=\"async\" width=\"550\" height=\"350\" src=\"http:\/\/universofamilia.com\/wp-content\/uploads\/sites\/148\/2024\/04\/P-550x350-7.jpg\" alt=\"\" class=\"wp-image-5571\" srcset=\"https:\/\/universofamilia.com\/wp-content\/uploads\/sites\/148\/2024\/04\/P-550x350-7.jpg 550w, https:\/\/universofamilia.com\/wp-content\/uploads\/sites\/148\/2024\/04\/P-550x350-7-300x191.jpg 300w\" sizes=\"(max-width: 550px) 100vw, 550px\" \/><figcaption class=\"wp-element-caption\">\ud83d\udcf8 Elveszett eml\u00e9kek felid\u00e9z\u00e9se: Egy izgalmas utaz\u00e1s<\/figcaption><\/figure><\/div>\n\n\n<h2 class=\"wp-block-heading\">\ud83d\udcf1 <strong>Az el nem \u00e9nekelt h\u0151s\u00f6k: Helyre\u00e1ll\u00edt\u00f3 alkalmaz\u00e1sok<\/strong><\/h2>\n\n\n\n<p>Most, hogy meg\u00e9rtetted, mi\u00e9rt fontos egy fot\u00f3-helyre\u00e1ll\u00edt\u00f3 alkalmaz\u00e1s a digit\u00e1lis arzen\u00e1lodban, itt az ideje bemutatni a kev\u00e9sb\u00e9 ismert h\u0151seinket, akik k\u00e9szen \u00e1llnak arra, hogy akci\u00f3ba lend\u00fcljenek \u00e9s megments\u00e9k elveszett eml\u00e9keidet.<\/p>\n\n\n\n<h2 class=\"wp-block-heading\">\ud83d\udd0d <strong>DiskDigger fot\u00f3-helyre\u00e1ll\u00edt\u00e1s<\/strong><\/h2>\n\n\n\n<p>Ez az alkalmaz\u00e1s olyan, mint egy digit\u00e1lis detekt\u00edv, amely a k\u00e9sz\u00fcl\u00e9k legs\u00f6t\u00e9tebb sarkait keresi az elveszett f\u00e9nyk\u00e9pek ut\u00e1n.<\/p>\n\n\n\n<p>Egy egyszer\u0171 \u00e9s hat\u00e9kony fel\u00fclettel a DiskDigger Photo Recovery m\u00e1r t\u00f6bb ezer felhaszn\u00e1l\u00f3 sz\u00edv\u00e9t nyerte el, akik igazi digit\u00e1lis \u00e9letment\u0151nek tartj\u00e1k.<\/p>\n\n\n\n<h2 class=\"wp-block-heading\">\ud83d\udd0d <strong>Vissza\u00e1ll\u00edt t\u00f6r\u00f6lt fot\u00f3k<\/strong><\/h2>\n\n\n\n<p>Az Undeleter egy m\u00e1sik er\u0151s sz\u00f6vets\u00e9ges az elveszett f\u00e9nyk\u00e9pek visszaszerz\u00e9s\u00e9ben, amely egyszer\u0171s\u00e9g\u00e9r\u0151l \u00e9s hat\u00e9konys\u00e1g\u00e1r\u00f3l ismert.<\/p>\n\n\n\n<p>Seg\u00edts\u00e9g\u00e9vel visszahozhatod azokat a fot\u00f3kat, amelyekr\u0151l azt hitted, soha t\u00f6bb\u00e9 nem fogod l\u00e1tni.<\/p>\n\n\n\n<h2 class=\"wp-block-heading\">\ud83d\udd0d <strong>EaseUS MobiSaver Androidra\/iOS-re<\/strong><\/h2>\n\n\n\n<p>Ez az alkalmaz\u00e1s val\u00f3di seg\u00edts\u00e9get ny\u00fajt az elveszett adatok helyre\u00e1ll\u00edt\u00e1s\u00e1ban.<\/p>\n\n\n\n<p>Intuit\u00edv kezel\u0151fel\u00fclet\u00e9nek \u00e9s hat\u00e9kony helyre\u00e1ll\u00edt\u00e1si eszk\u00f6zeinek k\u00f6sz\u00f6nhet\u0151en az EaseUS MobiSaver sz\u00e1mos felhaszn\u00e1l\u00f3 kedvenc\u00e9v\u00e9 v\u00e1lt, akiknek vissza kell \u00e1ll\u00edtaniuk elveszett eml\u00e9keiket.<\/p>\n\n\n\n<h2 class=\"wp-block-heading\">L\u00e1sd m\u00e9g<\/h2>\n\n\n\n<div class=\"wp-block-buttons is-layout-flex wp-block-buttons-is-layout-flex\">\n<div class=\"wp-block-button is-style-outline\"><a class=\"wp-block-button__link wp-element-button\" href=\"https:\/\/universofamilia.com\/hu\/5099\/restaurar-fotos-eliminadas-en-el-telefono-movil\/\"><font style=\"vertical-align: inherit\"><font style=\"vertical-align: inherit\">\ud83d\udcf8\ud83d\uddbc\ufe0f\ud83d\udcf1 T\u00f6r\u00f6lt fot\u00f3k vissza\u00e1ll\u00edt\u00e1sa mobiltelefonon<\/font><\/font><\/a><\/div>\n<\/div>\n\n\n\n<div class=\"wp-block-buttons is-layout-flex wp-block-buttons-is-layout-flex\">\n<div class=\"wp-block-button is-style-outline\"><a class=\"wp-block-button__link wp-element-button\" href=\"https:\/\/universofamilia.com\/hu\/5491\/aprender-a-conducir-una-revolucion-tecnologica-en-2024\/\"><font style=\"vertical-align: inherit\"><font style=\"vertical-align: inherit\">\ud83d\ude97\ud83d\udca1 Vezet\u00e9s tanul\u00e1sa: Technol\u00f3giai forradalom 2024-ben<\/font><\/font><\/a><\/div>\n<\/div>\n\n\n\n<h2 class=\"wp-block-heading\">\ud83d\udd11 <strong>Tippek a sikeres fel\u00e9p\u00fcl\u00e9shez<\/strong><\/h2>\n\n\n\n<p>Most, hogy ismered azokat a h\u0151s\u00f6ket, akik seg\u00edthetnek elveszett fot\u00f3id visszaszerz\u00e9s\u00e9ben, itt az ideje, hogy ezeket a tippeket a gyakorlatba is \u00e1t\u00fcltesd, \u00e9s n\u00f6veld a helyre\u00e1ll\u00edt\u00e1s siker\u00e9nek es\u00e9lyeit:<\/p>\n\n\n\n<ul>\n<li>A f\u00e9nyk\u00e9pek visszaszerz\u00e9s\u00e9nek es\u00e9lyei megn\u0151nek, ha a vesztes\u00e9g ut\u00e1n gyorsan cseleksz\u00fcnk.<\/li>\n\n\n\n<li>Az adatok fel\u00fcl\u00edr\u00e1s\u00e1nak elker\u00fcl\u00e9se \u00e9rdek\u00e9ben ne haszn\u00e1lja a k\u00e9sz\u00fcl\u00e9ket a f\u00e9nyk\u00e9pek elveszt\u00e9se ut\u00e1n.<\/li>\n\n\n\n<li>K\u00e9sz\u00edtsen rendszeresen biztons\u00e1gi m\u00e1solatot a f\u00e9nyk\u00e9peir\u0151l, hogy elker\u00fclje a j\u00f6v\u0151beni adatveszt\u00e9st.<\/li>\n<\/ul>\n\n\n\n<h2 class=\"wp-block-heading\">\ud83d\udce5 <strong>Hol tal\u00e1lom ezeket a digit\u00e1lis h\u0151s\u00f6ket?<\/strong><\/h2>\n\n\n\n<p>Most, hogy k\u00e9szen \u00e1llsz az elveszett eml\u00e9kek visszaszerz\u00e9s\u00e9nek \u00fatj\u00e1ra, let\u00f6ltheted ezeket az alkalmaz\u00e1sokat a k\u00f6vetkez\u0151 linkekr\u0151l:<\/p>\n\n\n\n<ul>\n<li><strong>DiskDigger fot\u00f3-helyre\u00e1ll\u00edt\u00e1s<\/strong>: <a href=\"https:\/\/play.google.com\/store\/apps\/details?id=com.defianttech.diskdigger&amp;hl=en_US\" target=\"_blank\" rel=\"noreferrer noopener\">Android<\/a><\/li>\n\n\n\n<li><strong>Vissza\u00e1ll\u00edt t\u00f6r\u00f6lt fot\u00f3k<\/strong>: <a href=\"https:\/\/play.google.com\/store\/apps\/details?id=inshot.data.recovery.restore.deleted.data.diskdigger&amp;hl=en_US\" target=\"_blank\" rel=\"noreferrer noopener\">Android<\/a> \/ <a href=\"https:\/\/support.apple.com\/guide\/icloud\/recover-deleted-files-mmae56ea1ca5\/icloud\" target=\"_blank\" rel=\"noreferrer noopener\">iOS<\/a><\/li>\n\n\n\n<li><strong>EaseUS MobiSaver Androidra\/iOS-re<\/strong>: <a href=\"https:\/\/play.google.com\/store\/apps\/details?id=com.easeus.mobisaver\" target=\"_blank\" rel=\"noreferrer noopener\">Android<\/a> \/ <a href=\"https:\/\/apps.apple.com\/us\/app\/easeus-data-recovery-wizard\/id740355970?mt=12\" target=\"_blank\" rel=\"noreferrer noopener\">iOS<\/a><\/li>\n<\/ul>\n\n\n\n<p>Ezekkel az alkalmaz\u00e1sokkal k\u00e9szen \u00e1llsz arra, hogy visszaszerezd elveszett eml\u00e9keidet, \u00e9s \u00fajra\u00e9ld azokat a k\u00fcl\u00f6nleges pillanatokat, amelyekr\u0151l azt hitted, hogy \u00f6r\u00f6kre elvesztek.<\/p>\n\n\n\n<p>Ne hagyd, hogy eml\u00e9keid feled\u00e9sbe mer\u00fcljenek a digit\u00e1lis limbusban.<\/p>\n\n\n\n<p>T\u00f6ltsd le most ezeket az alkalmaz\u00e1sokat, \u00e9s keltsd \u00e9letre eml\u00e9keidet! \ud83c\udf1f<\/p>","protected":false},"excerpt":{"rendered":"<p>Perder momentos preciosos registrados en nuestros dispositivos m\u00f3viles puede ser una de las experiencias m\u00e1s desalentadoras en nuestra vida digital. Despu\u00e9s de todo, estas fotos no son solo im\u00e1genes; son fragmentos de momentos vividos, recuerdos capturados que deseamos conservar para siempre. \u00a1Pero no te preocupes! Si alguna vez te has encontrado en esta situaci\u00f3n, hay [&hellip;]<\/p>","protected":false},"author":139,"featured_media":5571,"comment_status":"closed","ping_status":"open","sticky":false,"template":"","format":"standard","meta":{"footnotes":""},"categories":[2],"tags":[110,737,1658],"yoast_head":"<!-- This site is optimized with the Yoast SEO plugin v23.3 - https:\/\/yoast.com\/wordpress\/plugins\/seo\/ -->\n<title>\ud83d\udcf8 Recuperando Memorias Perdidas: Un Viaje Emocionante - Universo Fam\u00edlia<\/title>\n<meta name=\"description\" content=\"\ud83d\udcf8 Recuperando Memorias Perdidas: Un Viaje Emocionante. Perder momentos preciosos registrados en nuestros dispositivos m\u00f3viles...\" \/>\n<meta name=\"robots\" content=\"index, follow, max-snippet:-1, max-image-preview:large, max-video-preview:-1\" \/>\n<link rel=\"canonical\" href=\"http:\/\/universofamilia.com\/hu\/recuperando-memorias-perdidas-un-viaje-emocionante\/\" \/>\n<meta property=\"og:locale\" content=\"hu_HU\" \/>\n<meta property=\"og:type\" content=\"article\" \/>\n<meta property=\"og:title\" content=\"\ud83d\udcf8 Recuperando Memorias Perdidas: Un Viaje Emocionante - Universo Fam\u00edlia\" \/>\n<meta property=\"og:description\" content=\"\ud83d\udcf8 Recuperando Memorias Perdidas: Un Viaje Emocionante. Perder momentos preciosos registrados en nuestros dispositivos m\u00f3viles...\" \/>\n<meta property=\"og:url\" content=\"http:\/\/universofamilia.com\/hu\/recuperando-memorias-perdidas-un-viaje-emocionante\/\" \/>\n<meta property=\"og:site_name\" content=\"Universo Fam\u00edlia\" \/>\n<meta property=\"article:published_time\" content=\"2024-04-05T17:31:44+00:00\" \/>\n<meta property=\"article:modified_time\" content=\"2025-01-28T12:39:15+00:00\" \/>\n<meta property=\"og:image\" content=\"http:\/\/universofamilia.com\/wp-content\/uploads\/sites\/148\/2024\/04\/P-550x350-7.jpg\" \/>\n\t<meta property=\"og:image:width\" content=\"550\" \/>\n\t<meta property=\"og:image:height\" content=\"350\" \/>\n\t<meta property=\"og:image:type\" content=\"image\/jpeg\" \/>\n<meta name=\"author\" content=\"Pedro Henrique\" \/>\n<meta name=\"twitter:card\" content=\"summary_large_image\" \/>\n<meta name=\"twitter:label1\" content=\"Written by\" \/>\n\t<meta name=\"twitter:data1\" content=\"Pedro Henrique\" \/>\n\t<meta name=\"twitter:label2\" content=\"Est. reading time\" \/>\n\t<meta name=\"twitter:data2\" content=\"5 perc\" \/>\n<script type=\"application\/ld+json\" class=\"yoast-schema-graph\">{\"@context\":\"https:\/\/schema.org\",\"@graph\":[{\"@type\":\"WebPage\",\"@id\":\"http:\/\/universofamilia.com\/nl\/recuperando-memorias-perdidas-un-viaje-emocionante\/\",\"url\":\"http:\/\/universofamilia.com\/nl\/recuperando-memorias-perdidas-un-viaje-emocionante\/\",\"name\":\"\ud83d\udcf8 Recuperando Memorias Perdidas: Un Viaje Emocionante - Universo Fam\u00edlia\",\"isPartOf\":{\"@id\":\"https:\/\/universofamilia.com\/el\/#website\"},\"primaryImageOfPage\":{\"@id\":\"http:\/\/universofamilia.com\/nl\/recuperando-memorias-perdidas-un-viaje-emocionante\/#primaryimage\"},\"image\":{\"@id\":\"http:\/\/universofamilia.com\/nl\/recuperando-memorias-perdidas-un-viaje-emocionante\/#primaryimage\"},\"thumbnailUrl\":\"https:\/\/universofamilia.com\/wp-content\/uploads\/sites\/148\/2024\/04\/P-550x350-7.jpg\",\"datePublished\":\"2024-04-05T17:31:44+00:00\",\"dateModified\":\"2025-01-28T12:39:15+00:00\",\"author\":{\"@id\":\"https:\/\/universofamilia.com\/el\/#\/schema\/person\/f07ce98187dd84d31154262e79b3b7ca\"},\"description\":\"\ud83d\udcf8 Recuperando Memorias Perdidas: Un Viaje Emocionante. Perder momentos preciosos registrados en nuestros dispositivos m\u00f3viles...\",\"breadcrumb\":{\"@id\":\"http:\/\/universofamilia.com\/nl\/recuperando-memorias-perdidas-un-viaje-emocionante\/#breadcrumb\"},\"inLanguage\":\"hu\",\"potentialAction\":[{\"@type\":\"ReadAction\",\"target\":[\"http:\/\/universofamilia.com\/nl\/recuperando-memorias-perdidas-un-viaje-emocionante\/\"]}]},{\"@type\":\"ImageObject\",\"inLanguage\":\"hu\",\"@id\":\"http:\/\/universofamilia.com\/nl\/recuperando-memorias-perdidas-un-viaje-emocionante\/#primaryimage\",\"url\":\"https:\/\/universofamilia.com\/wp-content\/uploads\/sites\/148\/2024\/04\/P-550x350-7.jpg\",\"contentUrl\":\"https:\/\/universofamilia.com\/wp-content\/uploads\/sites\/148\/2024\/04\/P-550x350-7.jpg\",\"width\":550,\"height\":350,\"caption\":\"\ud83d\udcf8 Recuperando Memorias Perdidas: Un Viaje Emocionante\"},{\"@type\":\"BreadcrumbList\",\"@id\":\"http:\/\/universofamilia.com\/nl\/recuperando-memorias-perdidas-un-viaje-emocionante\/#breadcrumb\",\"itemListElement\":[{\"@type\":\"ListItem\",\"position\":1,\"name\":\"Home\",\"item\":\"https:\/\/universofamilia.com\/el\/\"},{\"@type\":\"ListItem\",\"position\":2,\"name\":\"\ud83d\udcf8 Recuperando Memorias Perdidas: Un Viaje Emocionante\"}]},{\"@type\":\"WebSite\",\"@id\":\"https:\/\/universofamilia.com\/el\/#website\",\"url\":\"https:\/\/universofamilia.com\/el\/\",\"name\":\"Universo Fam\u00edlia\",\"description\":\"\",\"potentialAction\":[{\"@type\":\"SearchAction\",\"target\":{\"@type\":\"EntryPoint\",\"urlTemplate\":\"https:\/\/universofamilia.com\/el\/?s={search_term_string}\"},\"query-input\":\"required name=search_term_string\"}],\"inLanguage\":\"hu\"},{\"@type\":\"Person\",\"@id\":\"https:\/\/universofamilia.com\/el\/#\/schema\/person\/f07ce98187dd84d31154262e79b3b7ca\",\"name\":\"Pedro Henrique\",\"image\":{\"@type\":\"ImageObject\",\"inLanguage\":\"hu\",\"@id\":\"https:\/\/universofamilia.com\/el\/#\/schema\/person\/image\/\",\"url\":\"https:\/\/secure.gravatar.com\/avatar\/9edfeb808cb4e1599f64d6e45b130154?s=96&d=mm&r=g\",\"contentUrl\":\"https:\/\/secure.gravatar.com\/avatar\/9edfeb808cb4e1599f64d6e45b130154?s=96&d=mm&r=g\",\"caption\":\"Pedro Henrique\"},\"url\":\"https:\/\/universofamilia.com\/hu\/author\/editor01\/\"}]}<\/script>\n<!-- \/ Yoast SEO plugin. -->","yoast_head_json":{"title":"\ud83d\udcf8 Recuperando Memorias Perdidas: Un Viaje Emocionante - Universo Fam\u00edlia","description":"\ud83d\udcf8 Recuperando Memorias Perdidas: Un Viaje Emocionante. Perder momentos preciosos registrados en nuestros dispositivos m\u00f3viles...","robots":{"index":"index","follow":"follow","max-snippet":"max-snippet:-1","max-image-preview":"max-image-preview:large","max-video-preview":"max-video-preview:-1"},"canonical":"http:\/\/universofamilia.com\/hu\/recuperando-memorias-perdidas-un-viaje-emocionante\/","og_locale":"hu_HU","og_type":"article","og_title":"\ud83d\udcf8 Recuperando Memorias Perdidas: Un Viaje Emocionante - Universo Fam\u00edlia","og_description":"\ud83d\udcf8 Recuperando Memorias Perdidas: Un Viaje Emocionante. Perder momentos preciosos registrados en nuestros dispositivos m\u00f3viles...","og_url":"http:\/\/universofamilia.com\/hu\/recuperando-memorias-perdidas-un-viaje-emocionante\/","og_site_name":"Universo Fam\u00edlia","article_published_time":"2024-04-05T17:31:44+00:00","article_modified_time":"2025-01-28T12:39:15+00:00","og_image":[{"width":550,"height":350,"url":"http:\/\/universofamilia.com\/wp-content\/uploads\/sites\/148\/2024\/04\/P-550x350-7.jpg","type":"image\/jpeg"}],"author":"Pedro Henrique","twitter_card":"summary_large_image","twitter_misc":{"Written by":"Pedro Henrique","Est. reading time":"5 perc"},"schema":{"@context":"https:\/\/schema.org","@graph":[{"@type":"WebPage","@id":"http:\/\/universofamilia.com\/nl\/recuperando-memorias-perdidas-un-viaje-emocionante\/","url":"http:\/\/universofamilia.com\/nl\/recuperando-memorias-perdidas-un-viaje-emocionante\/","name":"\ud83d\udcf8 Recuperando Memorias Perdidas: Un Viaje Emocionante - Universo Fam\u00edlia","isPartOf":{"@id":"https:\/\/universofamilia.com\/el\/#website"},"primaryImageOfPage":{"@id":"http:\/\/universofamilia.com\/nl\/recuperando-memorias-perdidas-un-viaje-emocionante\/#primaryimage"},"image":{"@id":"http:\/\/universofamilia.com\/nl\/recuperando-memorias-perdidas-un-viaje-emocionante\/#primaryimage"},"thumbnailUrl":"https:\/\/universofamilia.com\/wp-content\/uploads\/sites\/148\/2024\/04\/P-550x350-7.jpg","datePublished":"2024-04-05T17:31:44+00:00","dateModified":"2025-01-28T12:39:15+00:00","author":{"@id":"https:\/\/universofamilia.com\/el\/#\/schema\/person\/f07ce98187dd84d31154262e79b3b7ca"},"description":"\ud83d\udcf8 Recuperando Memorias Perdidas: Un Viaje Emocionante. Perder momentos preciosos registrados en nuestros dispositivos m\u00f3viles...","breadcrumb":{"@id":"http:\/\/universofamilia.com\/nl\/recuperando-memorias-perdidas-un-viaje-emocionante\/#breadcrumb"},"inLanguage":"hu","potentialAction":[{"@type":"ReadAction","target":["http:\/\/universofamilia.com\/nl\/recuperando-memorias-perdidas-un-viaje-emocionante\/"]}]},{"@type":"ImageObject","inLanguage":"hu","@id":"http:\/\/universofamilia.com\/nl\/recuperando-memorias-perdidas-un-viaje-emocionante\/#primaryimage","url":"https:\/\/universofamilia.com\/wp-content\/uploads\/sites\/148\/2024\/04\/P-550x350-7.jpg","contentUrl":"https:\/\/universofamilia.com\/wp-content\/uploads\/sites\/148\/2024\/04\/P-550x350-7.jpg","width":550,"height":350,"caption":"\ud83d\udcf8 Recuperando Memorias Perdidas: Un Viaje Emocionante"},{"@type":"BreadcrumbList","@id":"http:\/\/universofamilia.com\/nl\/recuperando-memorias-perdidas-un-viaje-emocionante\/#breadcrumb","itemListElement":[{"@type":"ListItem","position":1,"name":"Home","item":"https:\/\/universofamilia.com\/el\/"},{"@type":"ListItem","position":2,"name":"\ud83d\udcf8 Recuperando Memorias Perdidas: Un Viaje Emocionante"}]},{"@type":"WebSite","@id":"https:\/\/universofamilia.com\/el\/#website","url":"https:\/\/universofamilia.com\/el\/","name":"Universo Fam\u00edlia","description":"","potentialAction":[{"@type":"SearchAction","target":{"@type":"EntryPoint","urlTemplate":"https:\/\/universofamilia.com\/el\/?s={search_term_string}"},"query-input":"required name=search_term_string"}],"inLanguage":"hu"},{"@type":"Person","@id":"https:\/\/universofamilia.com\/el\/#\/schema\/person\/f07ce98187dd84d31154262e79b3b7ca","name":"Pedro Henrique","image":{"@type":"ImageObject","inLanguage":"hu","@id":"https:\/\/universofamilia.com\/el\/#\/schema\/person\/image\/","url":"https:\/\/secure.gravatar.com\/avatar\/9edfeb808cb4e1599f64d6e45b130154?s=96&d=mm&r=g","contentUrl":"https:\/\/secure.gravatar.com\/avatar\/9edfeb808cb4e1599f64d6e45b130154?s=96&d=mm&r=g","caption":"Pedro Henrique"},"url":"https:\/\/universofamilia.com\/hu\/author\/editor01\/"}]}},"_links":{"self":[{"href":"https:\/\/universofamilia.com\/hu\/wp-json\/wp\/v2\/posts\/5570"}],"collection":[{"href":"https:\/\/universofamilia.com\/hu\/wp-json\/wp\/v2\/posts"}],"about":[{"href":"https:\/\/universofamilia.com\/hu\/wp-json\/wp\/v2\/types\/post"}],"author":[{"embeddable":true,"href":"https:\/\/universofamilia.com\/hu\/wp-json\/wp\/v2\/users\/139"}],"replies":[{"embeddable":true,"href":"https:\/\/universofamilia.com\/hu\/wp-json\/wp\/v2\/comments?post=5570"}],"version-history":[{"count":1,"href":"https:\/\/universofamilia.com\/hu\/wp-json\/wp\/v2\/posts\/5570\/revisions"}],"predecessor-version":[{"id":8331,"href":"https:\/\/universofamilia.com\/hu\/wp-json\/wp\/v2\/posts\/5570\/revisions\/8331"}],"wp:featuredmedia":[{"embeddable":true,"href":"https:\/\/universofamilia.com\/hu\/wp-json\/wp\/v2\/media\/5571"}],"wp:attachment":[{"href":"https:\/\/universofamilia.com\/hu\/wp-json\/wp\/v2\/media?parent=5570"}],"wp:term":[{"taxonomy":"category","embeddable":true,"href":"https:\/\/universofamilia.com\/hu\/wp-json\/wp\/v2\/categories?post=5570"},{"taxonomy":"post_tag","embeddable":true,"href":"https:\/\/universofamilia.com\/hu\/wp-json\/wp\/v2\/tags?post=5570"}],"curies":[{"name":"wp","href":"https:\/\/api.w.org\/{rel}","templated":true}]}}