{"id":5588,"date":"2024-04-10T16:21:45","date_gmt":"2024-04-10T19:21:45","guid":{"rendered":"https:\/\/universofamilia.com\/?p=5588"},"modified":"2025-01-28T12:38:08","modified_gmt":"2025-01-28T12:38:08","slug":"recuperando-memorias-perdida","status":"publish","type":"post","link":"https:\/\/universofamilia.com\/hu\/recuperando-memorias-perdida\/","title":{"rendered":"\ud83d\udcf8 Elveszett eml\u00e9kek helyre\u00e1ll\u00edt\u00e1sa\ud83d\udcf1"},"content":{"rendered":"<p>\ud83d\udcf8 Elveszett eml\u00e9kek helyre\u00e1ll\u00edt\u00e1sa: A t\u00f6k\u00e9letes \u00fatmutat\u00f3 az elfeledett f\u00e9nyk\u00e9pek megment\u00e9s\u00e9hez! \ud83d\udcf1<\/p>\n\n\n\n<p>\u00c9rezt\u00e9l m\u00e1r sz\u00edvf\u00e1jdalmat, amikor elvesz\u00edtetted azokat a csod\u00e1latos fot\u00f3kat, amelyek \u00e9leted k\u00fcl\u00f6nleges pillanatait \u00f6r\u00f6k\u00edtett\u00e9k meg?<\/p>\n\n\n\n<p>Sz\u00edvszor\u00edt\u00f3 \u00e9rz\u00e9s, nem igaz?<\/p>\n\n\n\n<p>V\u00e9gt\u00e9re is, a fot\u00f3k nem csup\u00e1n digit\u00e1lis k\u00e9pek; \u00e9let\u00fcnk apr\u00f3 darabjai, olyan pillanatok \u00e9rt\u00e9kes feljegyz\u00e9sei, amelyeket nem akarunk elfelejteni.<\/p>\n\n\n\n<p>De ne ess k\u00e9ts\u00e9gbe! Ha elvesztek a fot\u00f3id a telefonodon vagy b\u00e1rmilyen m\u00e1s eszk\u00f6z\u00f6d\u00f6n tal\u00e1lhat\u00f3 rejtett mapp\u00e1kban, ez az \u00fatmutat\u00f3 neked sz\u00f3l!<\/p>\n\n\n\n<p>Megmutatjuk, hogyan \u00e1ll\u00edthatod vissza ezeket a dr\u00e1ga eml\u00e9keket gyorsan \u00e9s egyszer\u0171en.<\/p>\n\n\n\n<h2 class=\"wp-block-heading\">L\u00e1sd m\u00e9g<\/h2>\n\n\n\n<div class=\"wp-block-buttons is-layout-flex wp-block-buttons-is-layout-flex\">\n<div class=\"wp-block-button is-style-outline\"><a class=\"wp-block-button__link wp-element-button\" href=\"https:\/\/universofamilia.com\/hu\/5099\/restaurar-fotos-eliminadas-en-el-telefono-movil\/\"><font style=\"vertical-align: inherit\"><font style=\"vertical-align: inherit\">\ud83d\udcf8\ud83d\uddbc\ufe0f\ud83d\udcf1 T\u00f6r\u00f6lt fot\u00f3k vissza\u00e1ll\u00edt\u00e1sa mobiltelefonon<\/font><\/font><\/a><\/div>\n<\/div>\n\n\n\n<div class=\"wp-block-buttons is-layout-flex wp-block-buttons-is-layout-flex\">\n<div class=\"wp-block-button is-style-outline\"><a class=\"wp-block-button__link wp-element-button\" href=\"https:\/\/universofamilia.com\/hu\/5491\/aprender-a-conducir-una-revolucion-tecnologica-en-2024\/\"><font style=\"vertical-align: inherit\"><font style=\"vertical-align: inherit\">\ud83d\ude97\ud83d\udca1 Vezet\u00e9s tanul\u00e1sa: Technol\u00f3giai forradalom 2024-ben<\/font><\/font><\/a><\/div>\n<\/div>\n\n\n\n<h2 class=\"wp-block-heading\">\ud83d\ude22 <strong>Az eml\u00e9kek halhatatlann\u00e1 t\u00e9tel\u00e9nek fontoss\u00e1ga<\/strong><\/h2>\n\n\n\n<p>Ki ne lapozgatott volna r\u00e9gi fot\u00f3albumokat, \u00e9s mer\u00fclt volna el nosztalgikus eml\u00e9kekben?<\/p>\n\n\n\n<p>A f\u00e9nyk\u00e9peknek var\u00e1zslatos erej\u00fck van arra, hogy visszarep\u00edtsenek minket a m\u00falt boldog pillanataiba, fel\u00e9lessz\u00e9k az elveszettnek hitt \u00e9rzelmeket \u00e9s mosolyokat.<\/p>\n\n\n\n<p>Ezek olyan feljegyz\u00e9sek, amelyek \u00f6sszekapcsolnak minket a t\u00f6rt\u00e9nelm\u00fcnkkel, szeretteinkkel \u00e9s eml\u00e9kezetes \u00e9lm\u00e9nyekkel.<\/p>\n\n\n\n<p>Azoknak a f\u00e9nyk\u00e9peknek az elveszt\u00e9se olyan, mintha elvesz\u00edten\u00e9nk egy darabot \u00f6nmagunkb\u00f3l, egy \u00e9rt\u00e9kes eml\u00e9kek arch\u00edvum\u00e1t, amit soha nem kaphatunk vissza.<\/p>\n\n\n\n<h2 class=\"wp-block-heading\">\ud83d\udcc2 <strong>Fot\u00f3k helyre\u00e1ll\u00edt\u00e1sa rejtett mapp\u00e1kb\u00f3l a mobiltelefonon<\/strong><\/h2>\n\n\n\n<p>De ne agg\u00f3dj! Ha a fot\u00f3id rejtett mapp\u00e1kba ker\u00fcltek a telefonodon, m\u00e9g mindig van rem\u00e9ny a visszaszerz\u00e9s\u00fckre.<\/p>\n\n\n\n<p>Az els\u0151 l\u00e9p\u00e9s a gyors cselekv\u00e9s. Min\u00e9l tov\u00e1bb kell v\u00e1rni, ann\u00e1l kisebb az es\u00e9lye a gy\u00f3gyul\u00e1snak.<\/p>\n\n\n\n<p>Az al\u00e1bbiakban linkeket tal\u00e1lsz olyan alkalmaz\u00e1sok let\u00f6lt\u00e9s\u00e9hez, amelyek seg\u00edthetnek ebben a ment\u0151akci\u00f3ban.<\/p>\n\n\n\n<p>De el\u0151sz\u00f6r n\u00e9zz\u00fck meg, mit mondanak a felhaszn\u00e1l\u00f3k ezekr\u0151l az alkalmaz\u00e1sokr\u00f3l.<\/p>\n\n\n\n<h2 class=\"wp-block-heading\">\ud83d\udcac <strong>Felhaszn\u00e1l\u00f3i v\u00e9lem\u00e9nyek az alkalmaz\u00e1sokr\u00f3l<\/strong><\/h2>\n\n\n\n<p>Miut\u00e1n sz\u00e1mos alkalmaz\u00e1st megvizsg\u00e1ltak \u00e9s teszteltek, a felhaszn\u00e1l\u00f3k megosztott\u00e1k tapasztalataikat \u00e9s v\u00e9lem\u00e9ny\u00fcket azokr\u00f3l, amelyek kiemelkedtek az elveszett f\u00e9nyk\u00e9pek visszaszerz\u00e9s\u00e9nek k\u00fcldet\u00e9s\u00e9ben.<\/p>\n\n\n\n<ul>\n<li>\u201eA legjobb fot\u00f3-helyre\u00e1ll\u00edt\u00f3 alkalmaz\u00e1s, amit valaha haszn\u00e1ltam!\u201d \u2013 Jo\u00e3o S.<\/li>\n\n\n\n<li>\u201eSiker\u00fclt visszaszereznem azokat a fot\u00f3kat, amelyekr\u0151l azt hittem, hogy \u00f6r\u00f6kre elvesztek!\u201d \u2013 Mar\u00eda A.<\/li>\n\n\n\n<li>\u201eEgyszer\u0171 \u00e9s hat\u00e9kony alkalmaz\u00e1s t\u00f6r\u00f6lt fot\u00f3k helyre\u00e1ll\u00edt\u00e1s\u00e1ra.\u201d \u2013 Pedro B.<\/li>\n\n\n\n<li>\u201eMindenkinek aj\u00e1nlom, akinek elveszett f\u00e9nyk\u00e9peit kell vissza\u00e1ll\u00edtania.\u201d \u2013 Ana C.<\/li>\n\n\n\n<li>\u201eSiker\u00fclt vissza\u00e1ll\u00edtanom a v\u00e9letlen\u00fcl t\u00f6r\u00f6lt fot\u00f3kat.\u201d \u2013 Carlos D.<\/li>\n\n\n\n<li>\u201eEgy nagyon j\u00f3 alkalmaz\u00e1s az elveszett adatok helyre\u00e1ll\u00edt\u00e1s\u00e1hoz.\u201d \u2013 Fernanda E.<\/li>\n<\/ul>\n\n\n\n<h2 class=\"wp-block-heading\">\ud83d\udcf1 <strong>3 alkalmaz\u00e1s az elveszett f\u00e9nyk\u00e9pek helyre\u00e1ll\u00edt\u00e1s\u00e1hoz Androidon \u00e9s iOS-en<\/strong><\/h2>\n\n\n\n<p>Most, hogy hallott\u00e1l egy kicsit a felhaszn\u00e1l\u00f3i \u00e9lm\u00e9nyekr\u0151l, itt az ideje, hogy megismerkedj\u00fcnk az elveszett f\u00e9nyk\u00e9peket ment\u0151 alkalmaz\u00e1sokkal.<\/p>\n\n\n\n<p>N\u00e9zd meg al\u00e1bb!<\/p>\n\n\n\n<ol>\n<li><strong>DiskDigger fot\u00f3-helyre\u00e1ll\u00edt\u00e1s<\/strong>\n<ul>\n<li>\u00c9rt\u00e9kel\u00e9s:\n<ul>\n<li>Android: 4.4 (t\u00f6bb mint 100 000 \u00e9rt\u00e9kel\u00e9s)<\/li>\n\n\n\n<li>Let\u00f6lt\u00e9si link: <a href=\"https:\/\/play.google.com\/store\/apps\/details?id=com.defianttech.diskdigger&amp;hl=en_US\">Google Play \u00c1ruh\u00e1z<\/a><\/li>\n<\/ul>\n<\/li>\n<\/ul>\n<\/li>\n\n\n\n<li><strong>Vissza\u00e1ll\u00edt t\u00f6r\u00f6lt fot\u00f3k<\/strong>\n<ul>\n<li>\u00c9rt\u00e9kel\u00e9s:\n<ul>\n<li>Android: 4.6 (500 ezer+ \u00e9rt\u00e9kel\u00e9s)<\/li>\n\n\n\n<li>iOS: 4.8 (50 000+ \u00e9rt\u00e9kel\u00e9s)<\/li>\n<\/ul>\n<\/li>\n\n\n\n<li>Let\u00f6lt\u00e9si link: <a href=\"https:\/\/play.google.com\/store\/apps\/details?id=inshot.data.recovery.restore.deleted.data.diskdigger&amp;hl=en_US\">Google Play \u00c1ruh\u00e1z<\/a> | <a href=\"https:\/\/support.apple.com\/guide\/icloud\/recover-deleted-files-mmae56ea1ca5\/icloud\">App Store<\/a><\/li>\n<\/ul>\n<\/li>\n\n\n\n<li><strong>EaseUS MobiSaver Androidra\/iOS-re<\/strong>\n<ul>\n<li>\u00c9rt\u00e9kel\u00e9s:\n<ul>\n<li>Android: 4.5 (t\u00f6bb mint 100 000 \u00e9rt\u00e9kel\u00e9s)<\/li>\n\n\n\n<li>iOS: 4.7 (t\u00f6bb mint 50 000 \u00e9rt\u00e9kel\u00e9s)<\/li>\n<\/ul>\n<\/li>\n\n\n\n<li>Let\u00f6lt\u00e9si link: <a href=\"https:\/\/play.google.com\/store\/apps\/details?id=com.easeus.mobisaver\">Google Play \u00c1ruh\u00e1z<\/a> | <a href=\"https:\/\/apps.apple.com\/us\/app\/easeus-data-recovery-wizard\/id740355970?mt=12\">App Store<\/a><\/li>\n<\/ul>\n<\/li>\n<\/ol>\n\n\n<div class=\"wp-block-image\">\n<figure class=\"aligncenter size-full\"><img loading=\"lazy\" decoding=\"async\" width=\"550\" height=\"350\" src=\"http:\/\/universofamilia.com\/wp-content\/uploads\/sites\/148\/2024\/04\/P-550x350-1-1.jpg\" alt=\"\" class=\"wp-image-5589\" srcset=\"https:\/\/universofamilia.com\/wp-content\/uploads\/sites\/148\/2024\/04\/P-550x350-1-1.jpg 550w, https:\/\/universofamilia.com\/wp-content\/uploads\/sites\/148\/2024\/04\/P-550x350-1-1-300x191.jpg 300w\" sizes=\"(max-width: 550px) 100vw, 550px\" \/><figcaption class=\"wp-element-caption\">\ud83d\udcf8 Elveszett eml\u00e9kek helyre\u00e1ll\u00edt\u00e1sa\ud83d\udcf1<\/figcaption><\/figure><\/div>\n\n\n<h2 class=\"wp-block-heading\">\ud83d\udd0d <strong>Tippek a f\u00e9nyk\u00e9pek helyre\u00e1ll\u00edt\u00e1s\u00e1hoz<\/strong><\/h2>\n\n\n\n<ul>\n<li>A f\u00e9nyk\u00e9pek visszaszerz\u00e9s\u00e9nek es\u00e9lyei megn\u0151nek, ha a vesztes\u00e9g ut\u00e1n gyorsan cseleksz\u00fcnk.<\/li>\n\n\n\n<li>Ker\u00fclje a k\u00e9sz\u00fcl\u00e9k haszn\u00e1lat\u00e1t a f\u00e9nyk\u00e9pek elveszt\u00e9se ut\u00e1n, hogy elker\u00fclje az adatok fel\u00fcl\u00edr\u00e1s\u00e1t.<\/li>\n\n\n\n<li>K\u00e9sz\u00edtsen rendszeresen biztons\u00e1gi m\u00e1solatot a f\u00e9nyk\u00e9peir\u0151l, hogy elker\u00fclje a j\u00f6v\u0151beni adatveszt\u00e9st.<\/li>\n<\/ul>\n\n\n\n<h2 class=\"wp-block-heading\">\ud83d\udcdd <strong>Jegyzet<\/strong><\/h2>\n\n\n\n<p>K\u00e9rj\u00fck, vegye figyelembe, hogy az er\u0151forr\u00e1sok el\u00e9rhet\u0151s\u00e9ge \u00e9s \u00e1ra alkalmaz\u00e1sonk\u00e9nt \u00e9s platformonk\u00e9nt elt\u00e9r\u0151 lehet.<\/p>\n\n\n\n<p>Rem\u00e9lj\u00fck, hogy ez a lista seg\u00edt visszaszerezni az elveszett f\u00e9nyk\u00e9peit!<\/p>\n\n\n\n<h2 class=\"wp-block-heading\">L\u00e1sd m\u00e9g<\/h2>\n\n\n\n<div class=\"wp-block-buttons is-layout-flex wp-block-buttons-is-layout-flex\">\n<div class=\"wp-block-button is-style-outline\"><a class=\"wp-block-button__link wp-element-button\" href=\"https:\/\/universofamilia.com\/hu\/5099\/restaurar-fotos-eliminadas-en-el-telefono-movil\/\"><font style=\"vertical-align: inherit\"><font style=\"vertical-align: inherit\">\ud83d\udcf8\ud83d\uddbc\ufe0f\ud83d\udcf1 T\u00f6r\u00f6lt fot\u00f3k vissza\u00e1ll\u00edt\u00e1sa mobiltelefonon<\/font><\/font><\/a><\/div>\n<\/div>\n\n\n\n<div class=\"wp-block-buttons is-layout-flex wp-block-buttons-is-layout-flex\">\n<div class=\"wp-block-button is-style-outline\"><a class=\"wp-block-button__link wp-element-button\" href=\"https:\/\/universofamilia.com\/hu\/5491\/aprender-a-conducir-una-revolucion-tecnologica-en-2024\/\"><font style=\"vertical-align: inherit\"><font style=\"vertical-align: inherit\">\ud83d\ude97\ud83d\udca1 Vezet\u00e9s tanul\u00e1sa: Technol\u00f3giai forradalom 2024-ben<\/font><\/font><\/a><\/div>\n<\/div>\n\n\n\n<h3 class=\"wp-block-heading\">\ud83d\udce5 <strong>T\u00f6ltsd le most!<\/strong><\/h3>\n\n\n\n<p>Most, hogy ismeri az aj\u00e1nlott alkalmaz\u00e1sokat, itt az ideje cselekedni \u00e9s megmenteni \u00e9rt\u00e9kes eml\u00e9keit.<\/p>\n\n\n\n<p>Kattintson az al\u00e1bbi linkekre a let\u00f6lt\u00e9shez:<\/p>\n\n\n\n<ul>\n<li><strong>DiskDigger fot\u00f3-helyre\u00e1ll\u00edt\u00e1s<\/strong>: <a href=\"https:\/\/play.google.com\/store\/apps\/details?id=com.defianttech.diskdigger&amp;hl=en_US\">Android<\/a><\/li>\n\n\n\n<li><strong>Vissza\u00e1ll\u00edt t\u00f6r\u00f6lt fot\u00f3k<\/strong>: <a href=\"https:\/\/play.google.com\/store\/apps\/details?id=inshot.data.recovery.restore.deleted.data.diskdigger&amp;hl=en_US\">Android<\/a> | <a href=\"https:\/\/support.apple.com\/guide\/icloud\/recover-deleted-files-mmae56ea1ca5\/icloud\">iOS<\/a><\/li>\n\n\n\n<li><strong>EaseUS MobiSaver Androidra\/iOS-re<\/strong>: <a href=\"https:\/\/play.google.com\/store\/apps\/details?id=com.easeus.mobisaver\">Android<\/a> | <a href=\"https:\/\/apps.apple.com\/us\/app\/easeus-data-recovery-wizard\/id740355970?mt=12\">iOS<\/a><\/li>\n<\/ul>\n\n\n\n<p>M\u00e1r csak annyi a dolgod, hogy megmentsd a fot\u00f3idat, \u00e9s \u00fajra \u00e1t\u00e9ld az \u00f6sszes k\u00fcl\u00f6nleges pillanatot! \ud83d\udcf8\u2728<\/p>","protected":false},"excerpt":{"rendered":"<p>\ud83d\udcf8 Elveszett eml\u00e9kek visszaszerz\u00e9se: A t\u00f6k\u00e9letes \u00fatmutat\u00f3 az elfeledett f\u00e9nyk\u00e9pek megment\u00e9s\u00e9hez! \ud83d\udcf1 \u00c9rezt\u00e9l m\u00e1r sz\u00edvf\u00e1jdalmat, amikor elvesz\u00edtetted azokat a csod\u00e1latos fot\u00f3kat, amelyek \u00e9leted egyedi pillanatait \u00f6r\u00f6k\u00edtett\u00e9k meg? Les\u00fajt\u00f3 \u00e9rz\u00e9s, nem igaz? V\u00e9g\u00fcl is a fot\u00f3k nem csak digit\u00e1lis k\u00e9pek; \u00e9let\u00fcnk apr\u00f3 darabjai, a pillanatok \u00e9rt\u00e9kes feljegyz\u00e9sei [\u2026]<\/p>","protected":false},"author":139,"featured_media":5589,"comment_status":"closed","ping_status":"open","sticky":false,"template":"","format":"standard","meta":{"footnotes":""},"categories":[2],"tags":[110,151,1387,1659],"yoast_head":"<!-- This site is optimized with the Yoast SEO plugin v23.3 - https:\/\/yoast.com\/wordpress\/plugins\/seo\/ -->\n<title>\ud83d\udcf8 Recuperando Memorias Perdidas\ud83d\udcf1 - Universo Fam\u00edlia<\/title>\n<meta name=\"description\" content=\"\ud83d\udcf8 Recuperando Memorias Perdidas\ud83d\udcf1. \u00bfAlguna vez has experimentado la angustia de perder esas fotos incre\u00edbles que capturaron momentos...\" \/>\n<meta name=\"robots\" content=\"index, follow, max-snippet:-1, max-image-preview:large, max-video-preview:-1\" \/>\n<link rel=\"canonical\" href=\"https:\/\/universofamilia.com\/hu\/recuperando-memorias-perdida\/\" \/>\n<meta property=\"og:locale\" content=\"hu_HU\" \/>\n<meta property=\"og:type\" content=\"article\" \/>\n<meta property=\"og:title\" content=\"\ud83d\udcf8 Recuperando Memorias Perdidas\ud83d\udcf1 - Universo Fam\u00edlia\" \/>\n<meta property=\"og:description\" content=\"\ud83d\udcf8 Recuperando Memorias Perdidas\ud83d\udcf1. \u00bfAlguna vez has experimentado la angustia de perder esas fotos incre\u00edbles que capturaron momentos...\" \/>\n<meta property=\"og:url\" content=\"https:\/\/universofamilia.com\/hu\/recuperando-memorias-perdida\/\" \/>\n<meta property=\"og:site_name\" content=\"Universo Fam\u00edlia\" \/>\n<meta property=\"article:published_time\" content=\"2024-04-10T19:21:45+00:00\" \/>\n<meta property=\"article:modified_time\" content=\"2025-01-28T12:38:08+00:00\" \/>\n<meta property=\"og:image\" content=\"https:\/\/universofamilia.com\/wp-content\/uploads\/sites\/148\/2024\/04\/P-550x350-1-1.jpg\" \/>\n\t<meta property=\"og:image:width\" content=\"550\" \/>\n\t<meta property=\"og:image:height\" content=\"350\" \/>\n\t<meta property=\"og:image:type\" content=\"image\/jpeg\" \/>\n<meta name=\"author\" content=\"Pedro Henrique\" \/>\n<meta name=\"twitter:card\" content=\"summary_large_image\" \/>\n<meta name=\"twitter:label1\" content=\"Written by\" \/>\n\t<meta name=\"twitter:data1\" content=\"Pedro Henrique\" \/>\n\t<meta name=\"twitter:label2\" content=\"Est. reading time\" \/>\n\t<meta name=\"twitter:data2\" content=\"4 perc\" \/>\n<script type=\"application\/ld+json\" class=\"yoast-schema-graph\">{\"@context\":\"https:\/\/schema.org\",\"@graph\":[{\"@type\":\"WebPage\",\"@id\":\"https:\/\/universofamilia.com\/da\/recuperando-memorias-perdida\/\",\"url\":\"https:\/\/universofamilia.com\/da\/recuperando-memorias-perdida\/\",\"name\":\"\ud83d\udcf8 Recuperando Memorias Perdidas\ud83d\udcf1 - Universo Fam\u00edlia\",\"isPartOf\":{\"@id\":\"https:\/\/universofamilia.com\/el\/#website\"},\"primaryImageOfPage\":{\"@id\":\"https:\/\/universofamilia.com\/da\/recuperando-memorias-perdida\/#primaryimage\"},\"image\":{\"@id\":\"https:\/\/universofamilia.com\/da\/recuperando-memorias-perdida\/#primaryimage\"},\"thumbnailUrl\":\"https:\/\/universofamilia.com\/wp-content\/uploads\/sites\/148\/2024\/04\/P-550x350-1-1.jpg\",\"datePublished\":\"2024-04-10T19:21:45+00:00\",\"dateModified\":\"2025-01-28T12:38:08+00:00\",\"author\":{\"@id\":\"https:\/\/universofamilia.com\/el\/#\/schema\/person\/f07ce98187dd84d31154262e79b3b7ca\"},\"description\":\"\ud83d\udcf8 Recuperando Memorias Perdidas\ud83d\udcf1. \u00bfAlguna vez has experimentado la angustia de perder esas fotos incre\u00edbles que capturaron momentos...\",\"breadcrumb\":{\"@id\":\"https:\/\/universofamilia.com\/da\/recuperando-memorias-perdida\/#breadcrumb\"},\"inLanguage\":\"hu\",\"potentialAction\":[{\"@type\":\"ReadAction\",\"target\":[\"https:\/\/universofamilia.com\/da\/recuperando-memorias-perdida\/\"]}]},{\"@type\":\"ImageObject\",\"inLanguage\":\"hu\",\"@id\":\"https:\/\/universofamilia.com\/da\/recuperando-memorias-perdida\/#primaryimage\",\"url\":\"https:\/\/universofamilia.com\/wp-content\/uploads\/sites\/148\/2024\/04\/P-550x350-1-1.jpg\",\"contentUrl\":\"https:\/\/universofamilia.com\/wp-content\/uploads\/sites\/148\/2024\/04\/P-550x350-1-1.jpg\",\"width\":550,\"height\":350,\"caption\":\"\ud83d\udcf8 Recuperando Memorias Perdidas\ud83d\udcf1\"},{\"@type\":\"BreadcrumbList\",\"@id\":\"https:\/\/universofamilia.com\/da\/recuperando-memorias-perdida\/#breadcrumb\",\"itemListElement\":[{\"@type\":\"ListItem\",\"position\":1,\"name\":\"Home\",\"item\":\"https:\/\/universofamilia.com\/el\/\"},{\"@type\":\"ListItem\",\"position\":2,\"name\":\"\ud83d\udcf8 Recuperando Memorias Perdidas\ud83d\udcf1\"}]},{\"@type\":\"WebSite\",\"@id\":\"https:\/\/universofamilia.com\/el\/#website\",\"url\":\"https:\/\/universofamilia.com\/el\/\",\"name\":\"Universo Fam\u00edlia\",\"description\":\"\",\"potentialAction\":[{\"@type\":\"SearchAction\",\"target\":{\"@type\":\"EntryPoint\",\"urlTemplate\":\"https:\/\/universofamilia.com\/el\/?s={search_term_string}\"},\"query-input\":\"required name=search_term_string\"}],\"inLanguage\":\"hu\"},{\"@type\":\"Person\",\"@id\":\"https:\/\/universofamilia.com\/el\/#\/schema\/person\/f07ce98187dd84d31154262e79b3b7ca\",\"name\":\"Pedro Henrique\",\"image\":{\"@type\":\"ImageObject\",\"inLanguage\":\"hu\",\"@id\":\"https:\/\/universofamilia.com\/el\/#\/schema\/person\/image\/\",\"url\":\"https:\/\/secure.gravatar.com\/avatar\/9edfeb808cb4e1599f64d6e45b130154?s=96&d=mm&r=g\",\"contentUrl\":\"https:\/\/secure.gravatar.com\/avatar\/9edfeb808cb4e1599f64d6e45b130154?s=96&d=mm&r=g\",\"caption\":\"Pedro Henrique\"},\"url\":\"https:\/\/universofamilia.com\/hu\/author\/editor01\/\"}]}<\/script>\n<!-- \/ Yoast SEO plugin. -->","yoast_head_json":{"title":"\ud83d\udcf8 Recuperando Memorias Perdidas\ud83d\udcf1 - Universo Fam\u00edlia","description":"\ud83d\udcf8 Recuperando Memorias Perdidas\ud83d\udcf1. \u00bfAlguna vez has experimentado la angustia de perder esas fotos incre\u00edbles que capturaron momentos...","robots":{"index":"index","follow":"follow","max-snippet":"max-snippet:-1","max-image-preview":"max-image-preview:large","max-video-preview":"max-video-preview:-1"},"canonical":"https:\/\/universofamilia.com\/hu\/recuperando-memorias-perdida\/","og_locale":"hu_HU","og_type":"article","og_title":"\ud83d\udcf8 Recuperando Memorias Perdidas\ud83d\udcf1 - Universo Fam\u00edlia","og_description":"\ud83d\udcf8 Recuperando Memorias Perdidas\ud83d\udcf1. \u00bfAlguna vez has experimentado la angustia de perder esas fotos incre\u00edbles que capturaron momentos...","og_url":"https:\/\/universofamilia.com\/hu\/recuperando-memorias-perdida\/","og_site_name":"Universo Fam\u00edlia","article_published_time":"2024-04-10T19:21:45+00:00","article_modified_time":"2025-01-28T12:38:08+00:00","og_image":[{"width":550,"height":350,"url":"https:\/\/universofamilia.com\/wp-content\/uploads\/sites\/148\/2024\/04\/P-550x350-1-1.jpg","type":"image\/jpeg"}],"author":"Pedro Henrique","twitter_card":"summary_large_image","twitter_misc":{"Written by":"Pedro Henrique","Est. reading time":"4 perc"},"schema":{"@context":"https:\/\/schema.org","@graph":[{"@type":"WebPage","@id":"https:\/\/universofamilia.com\/da\/recuperando-memorias-perdida\/","url":"https:\/\/universofamilia.com\/da\/recuperando-memorias-perdida\/","name":"\ud83d\udcf8 Recuperando Memorias Perdidas\ud83d\udcf1 - Universo Fam\u00edlia","isPartOf":{"@id":"https:\/\/universofamilia.com\/el\/#website"},"primaryImageOfPage":{"@id":"https:\/\/universofamilia.com\/da\/recuperando-memorias-perdida\/#primaryimage"},"image":{"@id":"https:\/\/universofamilia.com\/da\/recuperando-memorias-perdida\/#primaryimage"},"thumbnailUrl":"https:\/\/universofamilia.com\/wp-content\/uploads\/sites\/148\/2024\/04\/P-550x350-1-1.jpg","datePublished":"2024-04-10T19:21:45+00:00","dateModified":"2025-01-28T12:38:08+00:00","author":{"@id":"https:\/\/universofamilia.com\/el\/#\/schema\/person\/f07ce98187dd84d31154262e79b3b7ca"},"description":"\ud83d\udcf8 Recuperando Memorias Perdidas\ud83d\udcf1. \u00bfAlguna vez has experimentado la angustia de perder esas fotos incre\u00edbles que capturaron momentos...","breadcrumb":{"@id":"https:\/\/universofamilia.com\/da\/recuperando-memorias-perdida\/#breadcrumb"},"inLanguage":"hu","potentialAction":[{"@type":"ReadAction","target":["https:\/\/universofamilia.com\/da\/recuperando-memorias-perdida\/"]}]},{"@type":"ImageObject","inLanguage":"hu","@id":"https:\/\/universofamilia.com\/da\/recuperando-memorias-perdida\/#primaryimage","url":"https:\/\/universofamilia.com\/wp-content\/uploads\/sites\/148\/2024\/04\/P-550x350-1-1.jpg","contentUrl":"https:\/\/universofamilia.com\/wp-content\/uploads\/sites\/148\/2024\/04\/P-550x350-1-1.jpg","width":550,"height":350,"caption":"\ud83d\udcf8 Recuperando Memorias Perdidas\ud83d\udcf1"},{"@type":"BreadcrumbList","@id":"https:\/\/universofamilia.com\/da\/recuperando-memorias-perdida\/#breadcrumb","itemListElement":[{"@type":"ListItem","position":1,"name":"Home","item":"https:\/\/universofamilia.com\/el\/"},{"@type":"ListItem","position":2,"name":"\ud83d\udcf8 Recuperando Memorias Perdidas\ud83d\udcf1"}]},{"@type":"WebSite","@id":"https:\/\/universofamilia.com\/el\/#website","url":"https:\/\/universofamilia.com\/el\/","name":"Universo Fam\u00edlia","description":"","potentialAction":[{"@type":"SearchAction","target":{"@type":"EntryPoint","urlTemplate":"https:\/\/universofamilia.com\/el\/?s={search_term_string}"},"query-input":"required name=search_term_string"}],"inLanguage":"hu"},{"@type":"Person","@id":"https:\/\/universofamilia.com\/el\/#\/schema\/person\/f07ce98187dd84d31154262e79b3b7ca","name":"Pedro Henrique","image":{"@type":"ImageObject","inLanguage":"hu","@id":"https:\/\/universofamilia.com\/el\/#\/schema\/person\/image\/","url":"https:\/\/secure.gravatar.com\/avatar\/9edfeb808cb4e1599f64d6e45b130154?s=96&d=mm&r=g","contentUrl":"https:\/\/secure.gravatar.com\/avatar\/9edfeb808cb4e1599f64d6e45b130154?s=96&d=mm&r=g","caption":"Pedro Henrique"},"url":"https:\/\/universofamilia.com\/hu\/author\/editor01\/"}]}},"_links":{"self":[{"href":"https:\/\/universofamilia.com\/hu\/wp-json\/wp\/v2\/posts\/5588"}],"collection":[{"href":"https:\/\/universofamilia.com\/hu\/wp-json\/wp\/v2\/posts"}],"about":[{"href":"https:\/\/universofamilia.com\/hu\/wp-json\/wp\/v2\/types\/post"}],"author":[{"embeddable":true,"href":"https:\/\/universofamilia.com\/hu\/wp-json\/wp\/v2\/users\/139"}],"replies":[{"embeddable":true,"href":"https:\/\/universofamilia.com\/hu\/wp-json\/wp\/v2\/comments?post=5588"}],"version-history":[{"count":1,"href":"https:\/\/universofamilia.com\/hu\/wp-json\/wp\/v2\/posts\/5588\/revisions"}],"predecessor-version":[{"id":8329,"href":"https:\/\/universofamilia.com\/hu\/wp-json\/wp\/v2\/posts\/5588\/revisions\/8329"}],"wp:featuredmedia":[{"embeddable":true,"href":"https:\/\/universofamilia.com\/hu\/wp-json\/wp\/v2\/media\/5589"}],"wp:attachment":[{"href":"https:\/\/universofamilia.com\/hu\/wp-json\/wp\/v2\/media?parent=5588"}],"wp:term":[{"taxonomy":"category","embeddable":true,"href":"https:\/\/universofamilia.com\/hu\/wp-json\/wp\/v2\/categories?post=5588"},{"taxonomy":"post_tag","embeddable":true,"href":"https:\/\/universofamilia.com\/hu\/wp-json\/wp\/v2\/tags?post=5588"}],"curies":[{"name":"wp","href":"https:\/\/api.w.org\/{rel}","templated":true}]}}