{"id":5619,"date":"2024-04-13T16:32:05","date_gmt":"2024-04-13T19:32:05","guid":{"rendered":"https:\/\/universofamilia.com\/?p=5619"},"modified":"2025-08-04T21:51:47","modified_gmt":"2025-08-05T00:51:47","slug":"recuperando-momentos-perdidos","status":"publish","type":"post","link":"https:\/\/universofamilia.com\/hu\/recuperando-momentos-perdidos\/","title":{"rendered":"\ud83d\udcf8 Elveszett pillanatok visszaszerz\u00e9se \ud83d\udcf1"},"content":{"rendered":"<p>\ud83d\udcf8 Elveszett pillanatok felid\u00e9z\u00e9se: Az eml\u00e9kek meg\u0151rz\u00e9s\u00e9nek fontoss\u00e1ga \ud83d\udcf1<\/p>\n\n\n\n<p>Az \u00e9rt\u00e9kes f\u00e9nyk\u00e9pek elveszt\u00e9se olyan, mintha egy szempillant\u00e1s alatt elsuhann\u00e1nak az \u00f6r\u00f6kk\u00e9val\u00f3v\u00e1 v\u00e1lt pillanatok.<\/p>\n\n\n\n<p>Ki ne \u00e9rzett volna m\u00e1r sz\u00edvszor\u00edt\u00e1st, amikor r\u00e1j\u00f6tt, hogy az a k\u00fcl\u00f6nleges fot\u00f3 elt\u0171nt a telefonj\u00e1r\u00f3l?<\/p>\n\n\n\n<p>De ne ess k\u00e9ts\u00e9gbe! Manaps\u00e1g m\u00e1r l\u00e9teznek hat\u00e9kony alkalmaz\u00e1sok, amelyek k\u00e9pesek vissza\u00e1ll\u00edtani az elveszett eml\u00e9keket.<\/p>\n\n\n\n<p>Mer\u00fclj\u00fcnk el ebbe az univerzumba, \u00e9s fedezz\u00fck fel, hogyan \u00e1ll\u00edthatjuk vissza elfeledett f\u00e9nyk\u00e9peinket.<\/p>\n\n\n\n<h2 class=\"wp-block-heading\">\ud83d\udc94 Az \u00e9rt\u00e9kes eml\u00e9kek elveszt\u00e9s\u00e9nek f\u00e1jdalma<\/h2>\n\n\n\n<p>K\u00e9pzeld el gyermeked mosoly\u00e1t a sz\u00fclet\u00e9snapj\u00e1n, a szoros \u00f6lel\u00e9st, amit a bar\u00e1taival oszt meg egy kir\u00e1ndul\u00e1son, vagy a t\u00f6k\u00e9letes naplement\u00e9t egy ny\u00e1ri d\u00e9lut\u00e1non.<\/p>\n\n\n\n<h2 class=\"wp-block-heading\">Olvasd el m\u00e9g:<\/h2>\n\n\n\n<div class=\"wp-block-buttons is-layout-flex wp-block-buttons-is-layout-flex\">\n<div class=\"wp-block-button is-style-outline\"><a class=\"wp-block-button__link wp-element-button\" href=\"https:\/\/universofamilia.com\/hu\/5099\/restaurar-fotos-eliminadas-en-el-telefono-movil\/\"><font style=\"vertical-align: inherit\"><font style=\"vertical-align: inherit\">\ud83d\udccc T\u00f6r\u00f6lt fot\u00f3k vissza\u00e1ll\u00edt\u00e1sa mobiltelefonon<\/font><\/font><\/a><\/div>\n<\/div>\n\n\n\n<div class=\"wp-block-buttons is-layout-flex wp-block-buttons-is-layout-flex\">\n<div class=\"wp-block-button is-style-outline\"><a class=\"wp-block-button__link wp-element-button\" href=\"https:\/\/universofamilia.com\/hu\/5491\/aprender-a-conducir-una-revolucion-tecnologica-en-2024\/\"><font style=\"vertical-align: inherit\"><font style=\"vertical-align: inherit\">\ud83d\udccc Vezet\u00e9s tanul\u00e1sa: Technol\u00f3giai forradalom 2024-ben<\/font><\/font><\/a><\/div>\n<\/div>\n\n\n\n<p>Ezek a pillanatok egyediek \u00e9s \u00e9rt\u00e9kesek, ez\u00e9rt k\u00e9sz\u00edt\u00fcnk fot\u00f3kat, hogy \u00f6r\u00f6kre meg\u0151rizz\u00fck ezeket az eml\u00e9keket.<\/p>\n\n\n\n<p>Amikor azonban ezek a fot\u00f3k elt\u0171nnek, a vesztes\u00e9g \u00e9rz\u00e9se elviselhetetlen. Mintha egy darabot kit\u00e9ptek volna bel\u0151l\u00fcnk, f\u00e1jdalmas \u0171rt hagyva maga ut\u00e1n.<\/p>\n\n\n\n<h2 class=\"wp-block-heading\">\ud83c\udf1f Fot\u00f3k: \u00d6r\u00f6kk\u00e9val\u00f3 erekly\u00e9k<\/h2>\n\n\n\n<p>A fot\u00f3k t\u00f6bbet jelentenek puszta k\u00e9pn\u00e9l. Visszatekint\u00e9st ny\u00fajtanak k\u00fcl\u00f6nleges pillanatokba, lehet\u0151s\u00e9get adnak arra, hogy \u00fajra \u00e1t\u00e9lj\u00fck az \u00e9rzelmeket \u00e9s t\u00f6rt\u00e9neteket osszunk meg szeretteinkkel.<\/p>\n\n\n\n<p>Minden fot\u00f3 egy \u00f6r\u00f6k ereklye, egy kincs, amelyet meg kell v\u00e9deni \u00e9s meg kell \u0151rizni. Ez\u00e9rt olyan fontos, hogy megtal\u00e1ljuk a m\u00f3dj\u00e1t az elveszett f\u00e9nyk\u00e9pek visszaszerz\u00e9s\u00e9nek.<\/p>\n\n\n\n<h2 class=\"wp-block-heading\">\ud83d\udcf1 Sz\u00f6vets\u00e9ges az elveszett eml\u00e9kek keres\u00e9s\u00e9ben<\/h2>\n\n\n\n<p>Ha valaha is \u00e1t\u00e9lted m\u00e1r a \u00e9rt\u00e9kes f\u00e9nyk\u00e9pek elveszt\u00e9s\u00e9nek gy\u00f6trelm\u00e9t, akkor tudod, milyen frusztr\u00e1l\u00f3 tud lenni.<\/p>\n\n\n\n<p>Szerencs\u00e9re a technol\u00f3gia a mi oldalunkon \u00e1ll, \u00e9s kifejezetten az elveszett kincsek visszaszerz\u00e9s\u00e9re tervezett alkalmaz\u00e1sokat k\u00edn\u00e1l.<\/p>\n\n\n\n<p>De miel\u0151tt felfedn\u00e9nk ezeket a titkokat, n\u00e9zz\u00fcnk meg n\u00e9h\u00e1ny fontos tippet, amelyekkel n\u00f6velhetj\u00fck a fot\u00f3-helyre\u00e1ll\u00edt\u00e1s siker\u00e9nek es\u00e9lyeit.<\/p>\n\n\n<div class=\"wp-block-image\">\n<figure class=\"aligncenter size-full\"><img loading=\"lazy\" decoding=\"async\" width=\"550\" height=\"350\" src=\"http:\/\/universofamilia.com\/wp-content\/uploads\/sites\/148\/2024\/04\/P-550x350-12.jpg\" alt=\"\" class=\"wp-image-5620\" srcset=\"https:\/\/universofamilia.com\/wp-content\/uploads\/sites\/148\/2024\/04\/P-550x350-12.jpg 550w, https:\/\/universofamilia.com\/wp-content\/uploads\/sites\/148\/2024\/04\/P-550x350-12-300x191.jpg 300w\" sizes=\"(max-width: 550px) 100vw, 550px\" \/><figcaption class=\"wp-element-caption\">\ud83d\udcf8 Elveszett pillanatok visszaszerz\u00e9se \ud83d\udcf1<\/figcaption><\/figure><\/div>\n\n\n<h2 class=\"wp-block-heading\">\ud83c\udf89 Tippek az eml\u00e9kek felid\u00e9z\u00e9s\u00e9hez:<\/h2>\n\n\n\n<ol>\n<li><strong>Cselekedj gyorsan:<\/strong> Amint r\u00e1j\u00f6ssz, hogy a fot\u00f3k elt\u0171ntek, ne vesztegesd az id\u0151t. Min\u00e9l gyorsabban cselekszel, ann\u00e1l nagyobb az es\u00e9lyed a gy\u00f3gyul\u00e1sra.<\/li>\n\n\n\n<li><strong>Ker\u00fclje a k\u00e9sz\u00fcl\u00e9k haszn\u00e1lat\u00e1t:<\/strong> Fot\u00f3k elveszt\u00e9se ut\u00e1n a lehet\u0151 legkevesebbet pr\u00f3b\u00e1ld meg elker\u00fclni a telefon haszn\u00e1lat\u00e1t. Ez seg\u00edt megel\u0151zni az adatok fel\u00fcl\u00edr\u00e1s\u00e1t, \u00e9s n\u00f6veli a helyre\u00e1ll\u00edt\u00e1s es\u00e9ly\u00e9t.<\/li>\n\n\n\n<li><strong>Rendszeres biztons\u00e1gi ment\u00e9sek k\u00e9sz\u00edt\u00e9se:<\/strong> A megel\u0151z\u00e9s mindig jobb, mint a gy\u00f3gy\u00edt\u00e1s. K\u00e9sz\u00edtsen rendszeres biztons\u00e1gi m\u00e1solatot a f\u00e9nyk\u00e9peir\u0151l, hogy elker\u00fclje a j\u00f6v\u0151beni fejf\u00e1j\u00e1st.<\/li>\n<\/ol>\n\n\n\n<p>Most, hogy felv\u00e9rtezve ezekkel az \u00e9rt\u00e9kes tippekkel, itt az ideje, hogy felfedj\u00fck azokat a h\u0151s\u00f6ket, akik megmenthetik elveszett fot\u00f3idat.<\/p>\n\n\n\n<p>Bemutatkozik az alkalmaz\u00e1s, amely seg\u00edt visszaszerezni \u00e9rt\u00e9kes eml\u00e9keit!<\/p>\n\n\n\n<h2 class=\"wp-block-heading\">\ud83c\udf1f Ismerd meg a Fel\u00e9p\u00fcl\u00e9s H\u0151seit:<\/h2>\n\n\n\n<h3 class=\"wp-block-heading\">1. <strong>DiskDigger fot\u00f3-helyre\u00e1ll\u00edt\u00e1s:<\/strong><\/h3>\n\n\n\n<ul>\n<li><strong>\u00c9rt\u00e9kel\u00e9s:<\/strong> Android \u2013 4.4 \/ iOS \u2013 4.7<\/li>\n\n\n\n<li><strong>V\u00e9lem\u00e9nyek:<\/strong> \u201eA legjobb fot\u00f3-helyre\u00e1ll\u00edt\u00f3 alkalmaz\u00e1s, amit valaha haszn\u00e1ltam!\u201d \u2013 Jo\u00e3o S. \/ \u201eSiker\u00fclt vissza\u00e1ll\u00edtanom azokat a fot\u00f3kat, amelyekr\u0151l azt hittem, hogy \u00f6r\u00f6kre elvesztek!\u201d \u2013 Maria A.<\/li>\n<\/ul>\n\n\n\n<h3 class=\"wp-block-heading\">2. <strong>T\u00f6r\u00f6lt fot\u00f3k vissza\u00e1ll\u00edt\u00e1sa: Undeleter<\/strong><\/h3>\n\n\n\n<ul>\n<li><strong>\u00c9rt\u00e9kel\u00e9s:<\/strong> Android \u2013 4.6 \/ iOS \u2013 4.8<\/li>\n\n\n\n<li><strong>V\u00e9lem\u00e9nyek:<\/strong> \u201eEgyszer\u0171 \u00e9s hat\u00e9kony alkalmaz\u00e1s t\u00f6r\u00f6lt fot\u00f3k helyre\u00e1ll\u00edt\u00e1s\u00e1ra.\u201d \u2013 Pedro B. \/ \u201eAzoknak aj\u00e1nlom, akiknek elveszett f\u00e9nyk\u00e9peket kell vissza\u00e1ll\u00edtaniuk.\u201d \u2013 Ana C.<\/li>\n<\/ul>\n\n\n\n<h3 class=\"wp-block-heading\">3. <strong>EaseUS MobiSaver Androidra\/iOS-re:<\/strong><\/h3>\n\n\n\n<ul>\n<li><strong>\u00c9rt\u00e9kel\u00e9s:<\/strong> Android \u2013 4.5 \/ iOS \u2013 4.7<\/li>\n\n\n\n<li><strong>V\u00e9lem\u00e9nyek:<\/strong> \u201eSiker\u00fclt vissza\u00e1ll\u00edtanom a v\u00e9letlen\u00fcl t\u00f6r\u00f6lt f\u00e9nyk\u00e9peket.\u201d \u2013 Carlos D. \/ \u201eEgy nagyon j\u00f3 alkalmaz\u00e1s az elveszett adatok helyre\u00e1ll\u00edt\u00e1s\u00e1hoz.\u201d \u2013 Fernanda E.<\/li>\n<\/ul>\n\n\n\n<p>Most, hogy ismered a h\u0151s\u00f6ket, k\u00e9szen \u00e1llsz az elveszett fot\u00f3k helyre\u00e1ll\u00edt\u00e1s\u00e1ra!<\/p>\n\n\n\n<p>Ne feledd, b\u00e1rmilyen siv\u00e1rnak is t\u0171nik a helyzet, mindig van rem\u00e9ny, ha a dr\u00e1ga eml\u00e9kek meg\u0151rz\u00e9s\u00e9r\u0151l van sz\u00f3.<\/p>\n\n\n\n<h2 class=\"wp-block-heading\">Olvasd el m\u00e9g:<\/h2>\n\n\n\n<div class=\"wp-block-buttons is-layout-flex wp-block-buttons-is-layout-flex\">\n<div class=\"wp-block-button is-style-outline\"><a class=\"wp-block-button__link wp-element-button\" href=\"https:\/\/universofamilia.com\/hu\/5099\/restaurar-fotos-eliminadas-en-el-telefono-movil\/\"><font style=\"vertical-align: inherit\"><font style=\"vertical-align: inherit\">\ud83d\udccc T\u00f6r\u00f6lt fot\u00f3k vissza\u00e1ll\u00edt\u00e1sa mobiltelefonon<\/font><\/font><\/a><\/div>\n<\/div>\n\n\n\n<div class=\"wp-block-buttons is-layout-flex wp-block-buttons-is-layout-flex\">\n<div class=\"wp-block-button is-style-outline\"><a class=\"wp-block-button__link wp-element-button\" href=\"https:\/\/universofamilia.com\/hu\/5491\/aprender-a-conducir-una-revolucion-tecnologica-en-2024\/\"><font style=\"vertical-align: inherit\"><font style=\"vertical-align: inherit\">\ud83d\udccc Vezet\u00e9s tanul\u00e1sa: Technol\u00f3giai forradalom 2024-ben<\/font><\/font><\/a><\/div>\n<\/div>\n\n\n\n<h2 class=\"wp-block-heading\">\ud83d\udce5 T\u00f6ltsd le \u00e9s mentsd el az eml\u00e9keidet!<\/h2>\n\n\n\n<p>Elj\u00f6tt az id\u0151 a cselekv\u00e9sre! Ne hagyd, hogy \u00e9rt\u00e9kes eml\u00e9keid elveszjenek a digit\u00e1lis limbusban.<\/p>\n\n\n\n<p>T\u00f6ltsd le most az alkalmaz\u00e1sokat, \u00e9s keltsd \u00e9letre kedvenc fot\u00f3idat.<\/p>\n\n\n\n<ul>\n<li><strong>Let\u00f6lt\u00e9s Androidra:<\/strong> <a href=\"https:\/\/play.google.com\/store\/apps\/details?id=com.defianttech.diskdigger&amp;hl=en_US\" target=\"_blank\" rel=\"noreferrer noopener\">LemezDigger<\/a> | <a href=\"https:\/\/play.google.com\/store\/apps\/details?id=inshot.data.recovery.restore.deleted.data.diskdigger&amp;hl=en_US\" target=\"_blank\" rel=\"noreferrer noopener\">Vissza\u00e1ll\u00edt<\/a> | <a href=\"https:\/\/play.google.com\/store\/apps\/details?id=com.easeus.mobisaver\" target=\"_blank\" rel=\"noreferrer noopener\">EaseUS MobiSaver<\/a><\/li>\n<\/ul>\n\n\n\n<p>Rem\u00e9lj\u00fck, hogy ez az alkalmaz\u00e1slista a f\u00e9ny a digit\u00e1lis alag\u00fat v\u00e9g\u00e9n.<\/p>\n\n\n\n<p>Szerezd vissza elveszett fot\u00f3idat, \u00e9s folytasd a felejthetetlen pillanatok megoszt\u00e1s\u00e1t szeretteiddel! \ud83d\udcf8\u2728<\/p>","protected":false},"excerpt":{"rendered":"<p>\ud83d\udcf8 Recuperando Momentos Perdidos: La Importancia de Preservar Memorias \ud83d\udcf1 Perder fotos preciosas es como dejar escapar momentos eternizados en un instante. \u00bfQui\u00e9n no ha sentido ese apret\u00f3n en el coraz\u00f3n al darse cuenta de que esa foto especial simplemente desapareci\u00f3 del celular? \u00a1Pero no te desesperes! Hoy en d\u00eda, existen aplicativos poderosos capaces de [&hellip;]<\/p>","protected":false},"author":139,"featured_media":5620,"comment_status":"closed","ping_status":"open","sticky":false,"template":"","format":"standard","meta":{"footnotes":""},"categories":[2],"tags":[110,151,1661],"yoast_head":"<!-- This site is optimized with the Yoast SEO plugin v23.3 - https:\/\/yoast.com\/wordpress\/plugins\/seo\/ -->\n<title>\ud83d\udcf8 Recuperando Momentos Perdidos\ud83d\udcf1 - Universo Fam\u00edlia<\/title>\n<meta name=\"description\" content=\"\ud83d\udcf8 Recuperando Momentos Perdidos\ud83d\udcf1. Perder fotos preciosas es como dejar escapar momentos eternizados en un instante.\" \/>\n<meta name=\"robots\" content=\"index, follow, max-snippet:-1, max-image-preview:large, max-video-preview:-1\" \/>\n<link rel=\"canonical\" href=\"https:\/\/universofamilia.com\/hu\/recuperando-momentos-perdidos\/\" \/>\n<meta property=\"og:locale\" content=\"hu_HU\" \/>\n<meta property=\"og:type\" content=\"article\" \/>\n<meta property=\"og:title\" content=\"\ud83d\udcf8 Recuperando Momentos Perdidos\ud83d\udcf1 - Universo Fam\u00edlia\" \/>\n<meta property=\"og:description\" content=\"\ud83d\udcf8 Recuperando Momentos Perdidos\ud83d\udcf1. Perder fotos preciosas es como dejar escapar momentos eternizados en un instante.\" \/>\n<meta property=\"og:url\" content=\"https:\/\/universofamilia.com\/hu\/recuperando-momentos-perdidos\/\" \/>\n<meta property=\"og:site_name\" content=\"Universo Fam\u00edlia\" \/>\n<meta property=\"article:published_time\" content=\"2024-04-13T19:32:05+00:00\" \/>\n<meta property=\"article:modified_time\" content=\"2025-08-05T00:51:47+00:00\" \/>\n<meta property=\"og:image\" content=\"https:\/\/universofamilia.com\/wp-content\/uploads\/sites\/148\/2024\/04\/P-550x350-12.jpg\" \/>\n\t<meta property=\"og:image:width\" content=\"550\" \/>\n\t<meta property=\"og:image:height\" content=\"350\" \/>\n\t<meta property=\"og:image:type\" content=\"image\/jpeg\" \/>\n<meta name=\"author\" content=\"Pedro Henrique\" \/>\n<meta name=\"twitter:card\" content=\"summary_large_image\" \/>\n<meta name=\"twitter:label1\" content=\"Written by\" \/>\n\t<meta name=\"twitter:data1\" content=\"Pedro Henrique\" \/>\n\t<meta name=\"twitter:label2\" content=\"Est. reading time\" \/>\n\t<meta name=\"twitter:data2\" content=\"5 perc\" \/>\n<script type=\"application\/ld+json\" class=\"yoast-schema-graph\">{\"@context\":\"https:\/\/schema.org\",\"@graph\":[{\"@type\":\"WebPage\",\"@id\":\"https:\/\/universofamilia.com\/cs\/recuperando-momentos-perdidos\/\",\"url\":\"https:\/\/universofamilia.com\/cs\/recuperando-momentos-perdidos\/\",\"name\":\"\ud83d\udcf8 Recuperando Momentos Perdidos\ud83d\udcf1 - Universo Fam\u00edlia\",\"isPartOf\":{\"@id\":\"https:\/\/universofamilia.com\/el\/#website\"},\"primaryImageOfPage\":{\"@id\":\"https:\/\/universofamilia.com\/cs\/recuperando-momentos-perdidos\/#primaryimage\"},\"image\":{\"@id\":\"https:\/\/universofamilia.com\/cs\/recuperando-momentos-perdidos\/#primaryimage\"},\"thumbnailUrl\":\"https:\/\/universofamilia.com\/wp-content\/uploads\/sites\/148\/2024\/04\/P-550x350-12.jpg\",\"datePublished\":\"2024-04-13T19:32:05+00:00\",\"dateModified\":\"2025-08-05T00:51:47+00:00\",\"author\":{\"@id\":\"https:\/\/universofamilia.com\/el\/#\/schema\/person\/f07ce98187dd84d31154262e79b3b7ca\"},\"description\":\"\ud83d\udcf8 Recuperando Momentos Perdidos\ud83d\udcf1. Perder fotos preciosas es como dejar escapar momentos eternizados en un instante.\",\"breadcrumb\":{\"@id\":\"https:\/\/universofamilia.com\/cs\/recuperando-momentos-perdidos\/#breadcrumb\"},\"inLanguage\":\"hu\",\"potentialAction\":[{\"@type\":\"ReadAction\",\"target\":[\"https:\/\/universofamilia.com\/cs\/recuperando-momentos-perdidos\/\"]}]},{\"@type\":\"ImageObject\",\"inLanguage\":\"hu\",\"@id\":\"https:\/\/universofamilia.com\/cs\/recuperando-momentos-perdidos\/#primaryimage\",\"url\":\"https:\/\/universofamilia.com\/wp-content\/uploads\/sites\/148\/2024\/04\/P-550x350-12.jpg\",\"contentUrl\":\"https:\/\/universofamilia.com\/wp-content\/uploads\/sites\/148\/2024\/04\/P-550x350-12.jpg\",\"width\":550,\"height\":350,\"caption\":\"\ud83d\udcf8 Recuperando Momentos Perdidos\ud83d\udcf1\"},{\"@type\":\"BreadcrumbList\",\"@id\":\"https:\/\/universofamilia.com\/cs\/recuperando-momentos-perdidos\/#breadcrumb\",\"itemListElement\":[{\"@type\":\"ListItem\",\"position\":1,\"name\":\"Home\",\"item\":\"https:\/\/universofamilia.com\/el\/\"},{\"@type\":\"ListItem\",\"position\":2,\"name\":\"\ud83d\udcf8 Recuperando Momentos Perdidos\ud83d\udcf1\"}]},{\"@type\":\"WebSite\",\"@id\":\"https:\/\/universofamilia.com\/el\/#website\",\"url\":\"https:\/\/universofamilia.com\/el\/\",\"name\":\"Universo Fam\u00edlia\",\"description\":\"\",\"potentialAction\":[{\"@type\":\"SearchAction\",\"target\":{\"@type\":\"EntryPoint\",\"urlTemplate\":\"https:\/\/universofamilia.com\/el\/?s={search_term_string}\"},\"query-input\":\"required name=search_term_string\"}],\"inLanguage\":\"hu\"},{\"@type\":\"Person\",\"@id\":\"https:\/\/universofamilia.com\/el\/#\/schema\/person\/f07ce98187dd84d31154262e79b3b7ca\",\"name\":\"Pedro Henrique\",\"image\":{\"@type\":\"ImageObject\",\"inLanguage\":\"hu\",\"@id\":\"https:\/\/universofamilia.com\/el\/#\/schema\/person\/image\/\",\"url\":\"https:\/\/secure.gravatar.com\/avatar\/9edfeb808cb4e1599f64d6e45b130154?s=96&d=mm&r=g\",\"contentUrl\":\"https:\/\/secure.gravatar.com\/avatar\/9edfeb808cb4e1599f64d6e45b130154?s=96&d=mm&r=g\",\"caption\":\"Pedro Henrique\"},\"url\":\"https:\/\/universofamilia.com\/hu\/author\/editor01\/\"}]}<\/script>\n<!-- \/ Yoast SEO plugin. -->","yoast_head_json":{"title":"\ud83d\udcf8 Recuperando Momentos Perdidos\ud83d\udcf1 - Universo Fam\u00edlia","description":"\ud83d\udcf8 Recuperando Momentos Perdidos\ud83d\udcf1. Perder fotos preciosas es como dejar escapar momentos eternizados en un instante.","robots":{"index":"index","follow":"follow","max-snippet":"max-snippet:-1","max-image-preview":"max-image-preview:large","max-video-preview":"max-video-preview:-1"},"canonical":"https:\/\/universofamilia.com\/hu\/recuperando-momentos-perdidos\/","og_locale":"hu_HU","og_type":"article","og_title":"\ud83d\udcf8 Recuperando Momentos Perdidos\ud83d\udcf1 - Universo Fam\u00edlia","og_description":"\ud83d\udcf8 Recuperando Momentos Perdidos\ud83d\udcf1. Perder fotos preciosas es como dejar escapar momentos eternizados en un instante.","og_url":"https:\/\/universofamilia.com\/hu\/recuperando-momentos-perdidos\/","og_site_name":"Universo Fam\u00edlia","article_published_time":"2024-04-13T19:32:05+00:00","article_modified_time":"2025-08-05T00:51:47+00:00","og_image":[{"width":550,"height":350,"url":"https:\/\/universofamilia.com\/wp-content\/uploads\/sites\/148\/2024\/04\/P-550x350-12.jpg","type":"image\/jpeg"}],"author":"Pedro Henrique","twitter_card":"summary_large_image","twitter_misc":{"Written by":"Pedro Henrique","Est. reading time":"5 perc"},"schema":{"@context":"https:\/\/schema.org","@graph":[{"@type":"WebPage","@id":"https:\/\/universofamilia.com\/cs\/recuperando-momentos-perdidos\/","url":"https:\/\/universofamilia.com\/cs\/recuperando-momentos-perdidos\/","name":"\ud83d\udcf8 Recuperando Momentos Perdidos\ud83d\udcf1 - Universo Fam\u00edlia","isPartOf":{"@id":"https:\/\/universofamilia.com\/el\/#website"},"primaryImageOfPage":{"@id":"https:\/\/universofamilia.com\/cs\/recuperando-momentos-perdidos\/#primaryimage"},"image":{"@id":"https:\/\/universofamilia.com\/cs\/recuperando-momentos-perdidos\/#primaryimage"},"thumbnailUrl":"https:\/\/universofamilia.com\/wp-content\/uploads\/sites\/148\/2024\/04\/P-550x350-12.jpg","datePublished":"2024-04-13T19:32:05+00:00","dateModified":"2025-08-05T00:51:47+00:00","author":{"@id":"https:\/\/universofamilia.com\/el\/#\/schema\/person\/f07ce98187dd84d31154262e79b3b7ca"},"description":"\ud83d\udcf8 Recuperando Momentos Perdidos\ud83d\udcf1. Perder fotos preciosas es como dejar escapar momentos eternizados en un instante.","breadcrumb":{"@id":"https:\/\/universofamilia.com\/cs\/recuperando-momentos-perdidos\/#breadcrumb"},"inLanguage":"hu","potentialAction":[{"@type":"ReadAction","target":["https:\/\/universofamilia.com\/cs\/recuperando-momentos-perdidos\/"]}]},{"@type":"ImageObject","inLanguage":"hu","@id":"https:\/\/universofamilia.com\/cs\/recuperando-momentos-perdidos\/#primaryimage","url":"https:\/\/universofamilia.com\/wp-content\/uploads\/sites\/148\/2024\/04\/P-550x350-12.jpg","contentUrl":"https:\/\/universofamilia.com\/wp-content\/uploads\/sites\/148\/2024\/04\/P-550x350-12.jpg","width":550,"height":350,"caption":"\ud83d\udcf8 Recuperando Momentos Perdidos\ud83d\udcf1"},{"@type":"BreadcrumbList","@id":"https:\/\/universofamilia.com\/cs\/recuperando-momentos-perdidos\/#breadcrumb","itemListElement":[{"@type":"ListItem","position":1,"name":"Home","item":"https:\/\/universofamilia.com\/el\/"},{"@type":"ListItem","position":2,"name":"\ud83d\udcf8 Recuperando Momentos Perdidos\ud83d\udcf1"}]},{"@type":"WebSite","@id":"https:\/\/universofamilia.com\/el\/#website","url":"https:\/\/universofamilia.com\/el\/","name":"Universo Fam\u00edlia","description":"","potentialAction":[{"@type":"SearchAction","target":{"@type":"EntryPoint","urlTemplate":"https:\/\/universofamilia.com\/el\/?s={search_term_string}"},"query-input":"required name=search_term_string"}],"inLanguage":"hu"},{"@type":"Person","@id":"https:\/\/universofamilia.com\/el\/#\/schema\/person\/f07ce98187dd84d31154262e79b3b7ca","name":"Pedro Henrique","image":{"@type":"ImageObject","inLanguage":"hu","@id":"https:\/\/universofamilia.com\/el\/#\/schema\/person\/image\/","url":"https:\/\/secure.gravatar.com\/avatar\/9edfeb808cb4e1599f64d6e45b130154?s=96&d=mm&r=g","contentUrl":"https:\/\/secure.gravatar.com\/avatar\/9edfeb808cb4e1599f64d6e45b130154?s=96&d=mm&r=g","caption":"Pedro Henrique"},"url":"https:\/\/universofamilia.com\/hu\/author\/editor01\/"}]}},"_links":{"self":[{"href":"https:\/\/universofamilia.com\/hu\/wp-json\/wp\/v2\/posts\/5619"}],"collection":[{"href":"https:\/\/universofamilia.com\/hu\/wp-json\/wp\/v2\/posts"}],"about":[{"href":"https:\/\/universofamilia.com\/hu\/wp-json\/wp\/v2\/types\/post"}],"author":[{"embeddable":true,"href":"https:\/\/universofamilia.com\/hu\/wp-json\/wp\/v2\/users\/139"}],"replies":[{"embeddable":true,"href":"https:\/\/universofamilia.com\/hu\/wp-json\/wp\/v2\/comments?post=5619"}],"version-history":[{"count":1,"href":"https:\/\/universofamilia.com\/hu\/wp-json\/wp\/v2\/posts\/5619\/revisions"}],"predecessor-version":[{"id":9664,"href":"https:\/\/universofamilia.com\/hu\/wp-json\/wp\/v2\/posts\/5619\/revisions\/9664"}],"wp:featuredmedia":[{"embeddable":true,"href":"https:\/\/universofamilia.com\/hu\/wp-json\/wp\/v2\/media\/5620"}],"wp:attachment":[{"href":"https:\/\/universofamilia.com\/hu\/wp-json\/wp\/v2\/media?parent=5619"}],"wp:term":[{"taxonomy":"category","embeddable":true,"href":"https:\/\/universofamilia.com\/hu\/wp-json\/wp\/v2\/categories?post=5619"},{"taxonomy":"post_tag","embeddable":true,"href":"https:\/\/universofamilia.com\/hu\/wp-json\/wp\/v2\/tags?post=5619"}],"curies":[{"name":"wp","href":"https:\/\/api.w.org\/{rel}","templated":true}]}}