{"id":5622,"date":"2024-04-13T17:06:47","date_gmt":"2024-04-13T20:06:47","guid":{"rendered":"https:\/\/universofamilia.com\/?p=5622"},"modified":"2025-07-12T17:49:17","modified_gmt":"2025-07-12T20:49:17","slug":"recuperar-fotos-perdidas-una-mision-emocionante","status":"publish","type":"post","link":"https:\/\/universofamilia.com\/hu\/recuperar-fotos-perdidas-una-mision-emocionante\/","title":{"rendered":"Elveszett fot\u00f3k visszaszerz\u00e9se: Izgalmas k\u00fcldet\u00e9s! \ud83d\udcf8"},"content":{"rendered":"<p>Elveszett fot\u00f3k visszaszerz\u00e9se: Izgalmas k\u00fcldet\u00e9s! \ud83d\udcf8 \u00c1t\u00e9lted m\u00e1r valaha annak a k\u00fcl\u00f6nleges fot\u00f3nak, annak az egyed\u00fcl\u00e1ll\u00f3 pillanatnak az elveszt\u00e9s\u00e9t, amelyet annyira becsben tartott\u00e1l?<\/p>\n\n\n\n<p>Az \u00e9rz\u00e9s, amikor egy lemez elt\u0171nik, les\u00fajt\u00f3 lehet.<\/p>\n\n\n\n<p>V\u00e9g\u00fcl is a f\u00e9nyk\u00e9peink t\u00f6bbet jelentenek puszta k\u00e9pn\u00e9l; \u00e9rt\u00e9kes eml\u00e9kt\u00f6red\u00e9kek, apr\u00f3 kincsek, amelyeket az \u00f6r\u00f6kk\u00e9val\u00f3s\u00e1g sz\u00e1m\u00e1ra meg\u0151riz\u00fcnk.<\/p>\n\n\n\n<p>De ne ess k\u00e9ts\u00e9gbe! Ma arr\u00f3l fogunk besz\u00e9lni, hogyan lehet visszahozni ezeket az elveszett pillanatokat, \u00e9s hogyan lehet \u00fajra \u00e9letre kelteni \u0151ket. \ud83d\ude14\u2728<\/p>\n\n\n\n<h2 class=\"wp-block-heading\">\u00d6r\u00f6kk\u00e9val\u00f3 pillanatok: A fot\u00f3k fontoss\u00e1ga \ud83c\udf1f<\/h2>\n\n\n\n<p>A fot\u00f3k olyanok, mint az id\u0151kapszul\u00e1k, amelyek meg\u00f6r\u00f6k\u00edtik azokat a pillanatokat, amelyek soha nem t\u00e9rnek vissza. Lehet\u0151v\u00e9 teszik sz\u00e1munkra, hogy \u00fajra \u00e1t\u00e9lj\u00fck a mosolyokat, az \u00e9rzelmeket \u00e9s a kalandokat.<\/p>\n\n\n\n<p>Ki ne lapozgatott volna m\u00e1r egy csal\u00e1di albumot, \u00e9s ne hatotta volna meg egy t\u00e1voli m\u00falt k\u00e9pei?<\/p>\n\n\n\n<h2 class=\"wp-block-heading\">Olvasd el m\u00e9g:<\/h2>\n\n\n\n<div class=\"wp-block-buttons is-layout-flex wp-block-buttons-is-layout-flex\">\n<div class=\"wp-block-button is-style-outline\"><a class=\"wp-block-button__link wp-element-button\" href=\"https:\/\/universofamilia.com\/hu\/5099\/restaurar-fotos-eliminadas-en-el-telefono-movil\/\"><font style=\"vertical-align: inherit\"><font style=\"vertical-align: inherit\">\ud83d\udccc T\u00f6r\u00f6lt fot\u00f3k vissza\u00e1ll\u00edt\u00e1sa mobiltelefonon<\/font><\/font><\/a><\/div>\n<\/div>\n\n\n\n<div class=\"wp-block-buttons is-layout-flex wp-block-buttons-is-layout-flex\">\n<div class=\"wp-block-button is-style-outline\"><a class=\"wp-block-button__link wp-element-button\" href=\"https:\/\/universofamilia.com\/hu\/5491\/aprender-a-conducir-una-revolucion-tecnologica-en-2024\/\"><font style=\"vertical-align: inherit\"><font style=\"vertical-align: inherit\">\ud83d\udccc Vezet\u00e9s tanul\u00e1sa: Technol\u00f3giai forradalom 2024-ben<\/font><\/font><\/a><\/div>\n<\/div>\n\n\n\n<p>Ezekben a feljegyz\u00e9sekben tal\u00e1ljuk meg t\u00f6rt\u00e9nelm\u00fcnk, kapcsolataink \u00e9s fejl\u0151d\u00e9s\u00fcnk l\u00e9nyeg\u00e9t.<\/p>\n\n\n\n<p>Ez\u00e9rt elengedhetetlen ezeknek a pillanatoknak a meg\u0151rz\u00e9se, hogy az eml\u00e9kek l\u00e1ngja \u00e9letben maradjon. \ud83d\udd25\ud83d\udc96<\/p>\n\n\n\n<h2 class=\"wp-block-heading\">A felvett pillanatok elveszt\u00e9s\u00e9nek f\u00e1jdalma \ud83d\ude22<\/h2>\n\n\n\n<p>Azonban b\u00e1rmilyen \u00f3vatosak is vagyunk, n\u00e9ha elvesz\u00edtj\u00fck ezeket az \u00e9rt\u00e9kes feljegyz\u00e9seket.<\/p>\n\n\n\n<p>Ak\u00e1r gondatlans\u00e1gr\u00f3l, konfigur\u00e1ci\u00f3s hib\u00e1r\u00f3l, ak\u00e1r technikai mal\u0151rr\u0151l van sz\u00f3, egy f\u00e9nyk\u00e9p elt\u0171n\u00e9s\u00e9nek l\u00e1tv\u00e1nya lehangol\u00f3 \u00e9rz\u00e9s.<\/p>\n\n\n\n<p>Mintha a m\u00faltunk egy darabj\u00e1t el\u0151zetes figyelmeztet\u00e9s n\u00e9lk\u00fcl elszak\u00edtott\u00e1k volna t\u0151l\u00fcnk. De ne add \u00e1t magad a szomor\u00fas\u00e1gnak!<\/p>\n\n\n\n<p>A technol\u00f3gia a mi oldalunkon \u00e1ll, k\u00e9szen \u00e1ll, hogy seg\u00edtsen megmenteni az elveszett pillanatokat. \ud83d\udcaa\ud83d\udd0d<\/p>\n\n\n\n<h2 class=\"wp-block-heading\">A Rescue: Fot\u00f3-helyre\u00e1ll\u00edt\u00f3 Alkalmaz\u00e1sok \ud83d\ude80<\/h2>\n\n\n\n<p>De hogyan tegy\u00fck? Hogyan hozhatjuk vissza azokat a f\u00e9nyk\u00e9peket, amelyekr\u0151l azt hitt\u00fck, hogy \u00f6r\u00f6kre elvesztek? A v\u00e1lasz a speci\u00e1lis adat-helyre\u00e1ll\u00edt\u00f3 alkalmaz\u00e1sokban rejlik.<\/p>\n\n\n\n<p>Ezek az igaz\u00e1n var\u00e1zslatos eszk\u00f6z\u00f6k k\u00e9pesek \u00e1tkutatni a telefonod f\u00e1jljait, hogy megtal\u00e1ld az elveszett feljegyz\u00e9seidet. \u00c9s ami a legjobb: k\u00f6nnyen haszn\u00e1lhat\u00f3ak \u00e9s mindenki sz\u00e1m\u00e1ra el\u00e9rhet\u0151ek. \ud83d\ude32\ud83d\udcf2<\/p>\n\n\n\n<p>Miel\u0151tt azonban bemutatn\u00e1nk ezeket a leny\u0171g\u00f6z\u0151 alkalmaz\u00e1sokat, eml\u00e9kezz\u00fcnk n\u00e9h\u00e1ny fontos tippre.<\/p>\n\n\n\n<p>A f\u00e9nyk\u00e9pek visszaszerz\u00e9s\u00e9nek es\u00e9lyei jelent\u0151sen megn\u0151nek, ha a vesztes\u00e9g ut\u00e1n gyorsan cseleksz\u00fcnk.<\/p>\n\n\n<div class=\"wp-block-image\">\n<figure class=\"aligncenter size-full\"><img loading=\"lazy\" decoding=\"async\" width=\"550\" height=\"350\" src=\"http:\/\/universofamilia.com\/wp-content\/uploads\/sites\/148\/2024\/04\/P-550x350-1-3.jpg\" alt=\"\" class=\"wp-image-5623\" srcset=\"https:\/\/universofamilia.com\/wp-content\/uploads\/sites\/148\/2024\/04\/P-550x350-1-3.jpg 550w, https:\/\/universofamilia.com\/wp-content\/uploads\/sites\/148\/2024\/04\/P-550x350-1-3-300x191.jpg 300w\" sizes=\"(max-width: 550px) 100vw, 550px\" \/><figcaption class=\"wp-element-caption\">Elveszett fot\u00f3k visszaszerz\u00e9se: Izgalmas k\u00fcldet\u00e9s! \ud83d\udcf8<\/figcaption><\/figure><\/div>\n\n\n<p>Sz\u00f3val, amint r\u00e1j\u00f6ssz, hogy egy fot\u00f3 elt\u0171nt, ne vesztegesd az id\u0151t!<\/p>\n\n\n\n<p>Ker\u00fcld az eszk\u00f6z haszn\u00e1lat\u00e1t is, hogy elker\u00fcld az elveszett adatok fel\u00fcl\u00edr\u00e1s\u00e1t. \u00c9s ne felejtsd el rendszeresen biztons\u00e1gi m\u00e1solatot k\u00e9sz\u00edteni a fot\u00f3idr\u00f3l, hogy elker\u00fcld a j\u00f6v\u0151beni fejf\u00e1j\u00e1st. A megel\u0151z\u00e9s mindig jobb, mint a gy\u00f3gy\u00edt\u00e1s! \ud83d\ude09<\/p>\n\n\n\n<h2 class=\"wp-block-heading\">Ismerd meg a Fot\u00f3-helyre\u00e1ll\u00edt\u00e1si H\u0151s\u00f6ket \ud83e\uddb8\u200d\u2642\ufe0f\ud83e\uddb8\u200d\u2640\ufe0f<\/h2>\n\n\n\n<p>Most, hogy felv\u00e9rtezve ezekkel az \u00e9rt\u00e9kes tippekkel, \u00edme a h\u0151s\u00f6k, akik seg\u00edtenek megmenteni elveszett fot\u00f3idat:<\/p>\n\n\n\n<ol>\n<li><strong>DiskDigger fot\u00f3-helyre\u00e1ll\u00edt\u00e1s:<\/strong> Ez az alkalmaz\u00e1s olyan, mint egy kincsvad\u00e1sz az elveszett fot\u00f3id ut\u00e1n. Leny\u0171g\u00f6z\u0151 \u00e9rt\u00e9kel\u00e9sekkel a Play \u00c1ruh\u00e1zban \u00e9s az App Store-ban, hat\u00e9konys\u00e1g\u00e1val \u00e9s egyszer\u0171 haszn\u00e1lhat\u00f3s\u00e1g\u00e1val elnyerte a felhaszn\u00e1l\u00f3k sz\u00edv\u00e9t.<\/li>\n\n\n\n<li><strong>T\u00f6r\u00f6lt fot\u00f3k vissza\u00e1ll\u00edt\u00e1sa: Undeleter<\/strong> Egy \u00fajabb er\u0151s sz\u00f6vets\u00e9ges az elveszett f\u00e9nyk\u00e9pek felkutat\u00e1s\u00e1ban. Kiemelked\u0151 \u00e9rt\u00e9kel\u00e9s\u00e9vel \u00e9s a vil\u00e1g minden t\u00e1j\u00e1r\u00f3l \u00e9rkez\u0151 felhaszn\u00e1l\u00f3k pozit\u00edv v\u00e9lem\u00e9nyeivel ez az alkalmaz\u00e1s hat\u00e9konys\u00e1g\u00e1val \u00e9s praktikum\u00e1val t\u0171nik ki.<\/li>\n\n\n\n<li><strong>EaseUS MobiSaver Androidra\/iOS-re:<\/strong> Ez az alkalmaz\u00e1s igazi \u00e9letment\u0151 azok sz\u00e1m\u00e1ra, akik elveszett adatokat szeretn\u00e9nek vissza\u00e1ll\u00edtani. Intuit\u00edv fel\u00fclet\u00e9vel \u00e9s a felhaszn\u00e1l\u00f3k \u00e1ltal magasra \u00e9rt\u00e9kelt min\u0151s\u00e9g\u00e9vel megb\u00edzhat\u00f3 megold\u00e1st k\u00edn\u00e1l a f\u00e9nyk\u00e9p-helyre\u00e1ll\u00edt\u00e1si ig\u00e9nyekre.<\/li>\n<\/ol>\n\n\n\n<h2 class=\"wp-block-heading\">Olvasd el m\u00e9g:<\/h2>\n\n\n\n<div class=\"wp-block-buttons is-layout-flex wp-block-buttons-is-layout-flex\">\n<div class=\"wp-block-button is-style-outline\"><a class=\"wp-block-button__link wp-element-button\" href=\"https:\/\/universofamilia.com\/hu\/5099\/restaurar-fotos-eliminadas-en-el-telefono-movil\/\"><font style=\"vertical-align: inherit\"><font style=\"vertical-align: inherit\">\ud83d\udccc T\u00f6r\u00f6lt fot\u00f3k vissza\u00e1ll\u00edt\u00e1sa mobiltelefonon<\/font><\/font><\/a><\/div>\n<\/div>\n\n\n\n<div class=\"wp-block-buttons is-layout-flex wp-block-buttons-is-layout-flex\">\n<div class=\"wp-block-button is-style-outline\"><a class=\"wp-block-button__link wp-element-button\" href=\"https:\/\/universofamilia.com\/hu\/5491\/aprender-a-conducir-una-revolucion-tecnologica-en-2024\/\"><font style=\"vertical-align: inherit\"><font style=\"vertical-align: inherit\">\ud83d\udccc Vezet\u00e9s tanul\u00e1sa: Technol\u00f3giai forradalom 2024-ben<\/font><\/font><\/a><\/div>\n<\/div>\n\n\n\n<h2 class=\"wp-block-heading\">Konkl\u00fazi\u00f3: \u00c1ll\u00edtsd vissza elveszett eml\u00e9keidet! \ud83c\udf89\ud83d\udd17<\/h2>\n\n\n\n<p>Most, hogy ismered ezeket a csod\u00e1latos alkalmaz\u00e1sokat, itt az ideje, hogy visszahozd az elveszett eml\u00e9keidet.<\/p>\n\n\n\n<p>Ne hagyd, hogy a dr\u00e1ga pillanatok elveszjenek a digit\u00e1lis \u0171rben!<\/p>\n\n\n\n<p>Kattints az al\u00e1bbi linkekre az alkalmaz\u00e1sok let\u00f6lt\u00e9s\u00e9hez \u00e9s a ment\u00e9si utaz\u00e1s megkezd\u00e9s\u00e9hez:<\/p>\n\n\n\n<ul>\n<li><strong>Let\u00f6lt\u00e9s Androidra:<\/strong> <a href=\"https:\/\/play.google.com\/store\/apps\/details?id=com.defianttech.diskdigger&amp;hl=en_US\" target=\"_blank\" rel=\"noreferrer noopener\">LemezDigger<\/a> | <a href=\"https:\/\/play.google.com\/store\/apps\/details?id=inshot.data.recovery.restore.deleted.data.diskdigger&amp;hl=en_US\" target=\"_blank\" rel=\"noreferrer noopener\">Vissza\u00e1ll\u00edt<\/a> | <a href=\"https:\/\/play.google.com\/store\/apps\/details?id=com.easeus.mobisaver\" target=\"_blank\" rel=\"noreferrer noopener\">EaseUS MobiSaver<\/a><\/li>\n\n\n\n<li><strong>Let\u00f6lt\u00e9s iOS-re:<\/strong> <a href=\"https:\/\/apps.apple.com\/br\/app\/diskdigger-photo-recovery\/id6741019146\" target=\"_blank\" rel=\"noreferrer noopener\">LemezDigger<\/a> | <a href=\"https:\/\/support.apple.com\/guide\/icloud\/recover-deleted-files-mmae56ea1ca5\/icloud\" target=\"_blank\" rel=\"noreferrer noopener\">Vissza\u00e1ll\u00edt<\/a> | <a href=\"https:\/\/apps.apple.com\/us\/app\/easeus-data-recovery-wizard\/id740355970?mt=12\" target=\"_blank\" rel=\"noreferrer noopener\">EaseUS MobiSaver<\/a><\/li>\n<\/ul>\n\n\n\n<p>Rem\u00e9lem, ez az \u00fatmutat\u00f3 seg\u00edtett visszaszerezni az elveszett f\u00e9nyk\u00e9peidet \u00e9s feleleven\u00edteni a legf\u00e9ltettebb eml\u00e9keidet! \u2728\ud83d\udcf8<\/p>","protected":false},"excerpt":{"rendered":"<p>Elveszett fot\u00f3k visszaszerz\u00e9se: Egy izgalmas k\u00fcldet\u00e9s! \ud83d\udcf8 \u00c1t\u00e9lted m\u00e1r valaha annak a k\u00fcl\u00f6nleges fot\u00f3nak, annak az egyed\u00fcl\u00e1ll\u00f3 pillanatnak az elveszt\u00e9s\u00e9t, amelyet oly becsben tartott\u00e1l? Az az \u00e9rz\u00e9s, amikor ezt az eml\u00e9ket elt\u0171nni l\u00e1tod, les\u00fajt\u00f3 lehet. V\u00e9g\u00fcl is a fot\u00f3ink t\u00f6bbet jelentenek puszta k\u00e9pn\u00e9l; \u00e9rt\u00e9kes eml\u00e9kt\u00f6red\u00e9kek, apr\u00f3 kincsek, amelyeket [\u2026] meg\u0151riz\u00fcnk.<\/p>","protected":false},"author":139,"featured_media":5623,"comment_status":"closed","ping_status":"open","sticky":false,"template":"","format":"standard","meta":{"footnotes":""},"categories":[2],"tags":[110,1387,1392],"yoast_head":"<!-- This site is optimized with the Yoast SEO plugin v23.3 - https:\/\/yoast.com\/wordpress\/plugins\/seo\/ -->\n<title>Recuperar Fotos Perdidas: \u00a1Una Misi\u00f3n Emocionante! \ud83d\udcf8 - Universo Fam\u00edlia<\/title>\n<meta name=\"description\" content=\"Recuperar Fotos Perdidas: \u00a1Una Misi\u00f3n Emocionante! \ud83d\udcf8. \u00bfAlguna vez has experimentado la p\u00e9rdida de esa foto especial, ese momento...\" \/>\n<meta name=\"robots\" content=\"index, follow, max-snippet:-1, max-image-preview:large, max-video-preview:-1\" \/>\n<link rel=\"canonical\" href=\"https:\/\/universofamilia.com\/hu\/recuperar-fotos-perdidas-una-mision-emocionante\/\" \/>\n<meta property=\"og:locale\" content=\"hu_HU\" \/>\n<meta property=\"og:type\" content=\"article\" \/>\n<meta property=\"og:title\" content=\"Recuperar Fotos Perdidas: \u00a1Una Misi\u00f3n Emocionante! \ud83d\udcf8 - Universo Fam\u00edlia\" \/>\n<meta property=\"og:description\" content=\"Recuperar Fotos Perdidas: \u00a1Una Misi\u00f3n Emocionante! \ud83d\udcf8. \u00bfAlguna vez has experimentado la p\u00e9rdida de esa foto especial, ese momento...\" \/>\n<meta property=\"og:url\" content=\"https:\/\/universofamilia.com\/hu\/recuperar-fotos-perdidas-una-mision-emocionante\/\" \/>\n<meta property=\"og:site_name\" content=\"Universo Fam\u00edlia\" \/>\n<meta property=\"article:published_time\" content=\"2024-04-13T20:06:47+00:00\" \/>\n<meta property=\"article:modified_time\" content=\"2025-07-12T20:49:17+00:00\" \/>\n<meta property=\"og:image\" content=\"https:\/\/universofamilia.com\/wp-content\/uploads\/sites\/148\/2024\/04\/P-550x350-1-3.jpg\" \/>\n\t<meta property=\"og:image:width\" content=\"550\" \/>\n\t<meta property=\"og:image:height\" content=\"350\" \/>\n\t<meta property=\"og:image:type\" content=\"image\/jpeg\" \/>\n<meta name=\"author\" content=\"Pedro Henrique\" \/>\n<meta name=\"twitter:card\" content=\"summary_large_image\" \/>\n<meta name=\"twitter:label1\" content=\"Written by\" \/>\n\t<meta name=\"twitter:data1\" content=\"Pedro Henrique\" \/>\n\t<meta name=\"twitter:label2\" content=\"Est. reading time\" \/>\n\t<meta name=\"twitter:data2\" content=\"5 perc\" \/>\n<script type=\"application\/ld+json\" class=\"yoast-schema-graph\">{\"@context\":\"https:\/\/schema.org\",\"@graph\":[{\"@type\":\"WebPage\",\"@id\":\"https:\/\/universofamilia.com\/zh_hk\/recuperar-fotos-perdidas-una-mision-emocionante\/\",\"url\":\"https:\/\/universofamilia.com\/zh_hk\/recuperar-fotos-perdidas-una-mision-emocionante\/\",\"name\":\"Recuperar Fotos Perdidas: \u00a1Una Misi\u00f3n Emocionante! \ud83d\udcf8 - Universo Fam\u00edlia\",\"isPartOf\":{\"@id\":\"https:\/\/universofamilia.com\/el\/#website\"},\"primaryImageOfPage\":{\"@id\":\"https:\/\/universofamilia.com\/zh_hk\/recuperar-fotos-perdidas-una-mision-emocionante\/#primaryimage\"},\"image\":{\"@id\":\"https:\/\/universofamilia.com\/zh_hk\/recuperar-fotos-perdidas-una-mision-emocionante\/#primaryimage\"},\"thumbnailUrl\":\"https:\/\/universofamilia.com\/wp-content\/uploads\/sites\/148\/2024\/04\/P-550x350-1-3.jpg\",\"datePublished\":\"2024-04-13T20:06:47+00:00\",\"dateModified\":\"2025-07-12T20:49:17+00:00\",\"author\":{\"@id\":\"https:\/\/universofamilia.com\/el\/#\/schema\/person\/f07ce98187dd84d31154262e79b3b7ca\"},\"description\":\"Recuperar Fotos Perdidas: \u00a1Una Misi\u00f3n Emocionante! \ud83d\udcf8. \u00bfAlguna vez has experimentado la p\u00e9rdida de esa foto especial, ese momento...\",\"breadcrumb\":{\"@id\":\"https:\/\/universofamilia.com\/zh_hk\/recuperar-fotos-perdidas-una-mision-emocionante\/#breadcrumb\"},\"inLanguage\":\"hu\",\"potentialAction\":[{\"@type\":\"ReadAction\",\"target\":[\"https:\/\/universofamilia.com\/zh_hk\/recuperar-fotos-perdidas-una-mision-emocionante\/\"]}]},{\"@type\":\"ImageObject\",\"inLanguage\":\"hu\",\"@id\":\"https:\/\/universofamilia.com\/zh_hk\/recuperar-fotos-perdidas-una-mision-emocionante\/#primaryimage\",\"url\":\"https:\/\/universofamilia.com\/wp-content\/uploads\/sites\/148\/2024\/04\/P-550x350-1-3.jpg\",\"contentUrl\":\"https:\/\/universofamilia.com\/wp-content\/uploads\/sites\/148\/2024\/04\/P-550x350-1-3.jpg\",\"width\":550,\"height\":350,\"caption\":\"Recuperar Fotos Perdidas: \u00a1Una Misi\u00f3n Emocionante! \ud83d\udcf8\"},{\"@type\":\"BreadcrumbList\",\"@id\":\"https:\/\/universofamilia.com\/zh_hk\/recuperar-fotos-perdidas-una-mision-emocionante\/#breadcrumb\",\"itemListElement\":[{\"@type\":\"ListItem\",\"position\":1,\"name\":\"Home\",\"item\":\"https:\/\/universofamilia.com\/el\/\"},{\"@type\":\"ListItem\",\"position\":2,\"name\":\"Recuperar Fotos Perdidas: \u00a1Una Misi\u00f3n Emocionante! \ud83d\udcf8\"}]},{\"@type\":\"WebSite\",\"@id\":\"https:\/\/universofamilia.com\/el\/#website\",\"url\":\"https:\/\/universofamilia.com\/el\/\",\"name\":\"Universo Fam\u00edlia\",\"description\":\"\",\"potentialAction\":[{\"@type\":\"SearchAction\",\"target\":{\"@type\":\"EntryPoint\",\"urlTemplate\":\"https:\/\/universofamilia.com\/el\/?s={search_term_string}\"},\"query-input\":\"required name=search_term_string\"}],\"inLanguage\":\"hu\"},{\"@type\":\"Person\",\"@id\":\"https:\/\/universofamilia.com\/el\/#\/schema\/person\/f07ce98187dd84d31154262e79b3b7ca\",\"name\":\"Pedro Henrique\",\"image\":{\"@type\":\"ImageObject\",\"inLanguage\":\"hu\",\"@id\":\"https:\/\/universofamilia.com\/el\/#\/schema\/person\/image\/\",\"url\":\"https:\/\/secure.gravatar.com\/avatar\/9edfeb808cb4e1599f64d6e45b130154?s=96&d=mm&r=g\",\"contentUrl\":\"https:\/\/secure.gravatar.com\/avatar\/9edfeb808cb4e1599f64d6e45b130154?s=96&d=mm&r=g\",\"caption\":\"Pedro Henrique\"},\"url\":\"https:\/\/universofamilia.com\/hu\/author\/editor01\/\"}]}<\/script>\n<!-- \/ Yoast SEO plugin. -->","yoast_head_json":{"title":"Recuperar Fotos Perdidas: \u00a1Una Misi\u00f3n Emocionante! \ud83d\udcf8 - Universo Fam\u00edlia","description":"Recuperar Fotos Perdidas: \u00a1Una Misi\u00f3n Emocionante! \ud83d\udcf8. \u00bfAlguna vez has experimentado la p\u00e9rdida de esa foto especial, ese momento...","robots":{"index":"index","follow":"follow","max-snippet":"max-snippet:-1","max-image-preview":"max-image-preview:large","max-video-preview":"max-video-preview:-1"},"canonical":"https:\/\/universofamilia.com\/hu\/recuperar-fotos-perdidas-una-mision-emocionante\/","og_locale":"hu_HU","og_type":"article","og_title":"Recuperar Fotos Perdidas: \u00a1Una Misi\u00f3n Emocionante! \ud83d\udcf8 - Universo Fam\u00edlia","og_description":"Recuperar Fotos Perdidas: \u00a1Una Misi\u00f3n Emocionante! \ud83d\udcf8. \u00bfAlguna vez has experimentado la p\u00e9rdida de esa foto especial, ese momento...","og_url":"https:\/\/universofamilia.com\/hu\/recuperar-fotos-perdidas-una-mision-emocionante\/","og_site_name":"Universo Fam\u00edlia","article_published_time":"2024-04-13T20:06:47+00:00","article_modified_time":"2025-07-12T20:49:17+00:00","og_image":[{"width":550,"height":350,"url":"https:\/\/universofamilia.com\/wp-content\/uploads\/sites\/148\/2024\/04\/P-550x350-1-3.jpg","type":"image\/jpeg"}],"author":"Pedro Henrique","twitter_card":"summary_large_image","twitter_misc":{"Written by":"Pedro Henrique","Est. reading time":"5 perc"},"schema":{"@context":"https:\/\/schema.org","@graph":[{"@type":"WebPage","@id":"https:\/\/universofamilia.com\/zh_hk\/recuperar-fotos-perdidas-una-mision-emocionante\/","url":"https:\/\/universofamilia.com\/zh_hk\/recuperar-fotos-perdidas-una-mision-emocionante\/","name":"Recuperar Fotos Perdidas: \u00a1Una Misi\u00f3n Emocionante! \ud83d\udcf8 - Universo Fam\u00edlia","isPartOf":{"@id":"https:\/\/universofamilia.com\/el\/#website"},"primaryImageOfPage":{"@id":"https:\/\/universofamilia.com\/zh_hk\/recuperar-fotos-perdidas-una-mision-emocionante\/#primaryimage"},"image":{"@id":"https:\/\/universofamilia.com\/zh_hk\/recuperar-fotos-perdidas-una-mision-emocionante\/#primaryimage"},"thumbnailUrl":"https:\/\/universofamilia.com\/wp-content\/uploads\/sites\/148\/2024\/04\/P-550x350-1-3.jpg","datePublished":"2024-04-13T20:06:47+00:00","dateModified":"2025-07-12T20:49:17+00:00","author":{"@id":"https:\/\/universofamilia.com\/el\/#\/schema\/person\/f07ce98187dd84d31154262e79b3b7ca"},"description":"Recuperar Fotos Perdidas: \u00a1Una Misi\u00f3n Emocionante! \ud83d\udcf8. \u00bfAlguna vez has experimentado la p\u00e9rdida de esa foto especial, ese momento...","breadcrumb":{"@id":"https:\/\/universofamilia.com\/zh_hk\/recuperar-fotos-perdidas-una-mision-emocionante\/#breadcrumb"},"inLanguage":"hu","potentialAction":[{"@type":"ReadAction","target":["https:\/\/universofamilia.com\/zh_hk\/recuperar-fotos-perdidas-una-mision-emocionante\/"]}]},{"@type":"ImageObject","inLanguage":"hu","@id":"https:\/\/universofamilia.com\/zh_hk\/recuperar-fotos-perdidas-una-mision-emocionante\/#primaryimage","url":"https:\/\/universofamilia.com\/wp-content\/uploads\/sites\/148\/2024\/04\/P-550x350-1-3.jpg","contentUrl":"https:\/\/universofamilia.com\/wp-content\/uploads\/sites\/148\/2024\/04\/P-550x350-1-3.jpg","width":550,"height":350,"caption":"Recuperar Fotos Perdidas: \u00a1Una Misi\u00f3n Emocionante! \ud83d\udcf8"},{"@type":"BreadcrumbList","@id":"https:\/\/universofamilia.com\/zh_hk\/recuperar-fotos-perdidas-una-mision-emocionante\/#breadcrumb","itemListElement":[{"@type":"ListItem","position":1,"name":"Home","item":"https:\/\/universofamilia.com\/el\/"},{"@type":"ListItem","position":2,"name":"Recuperar Fotos Perdidas: \u00a1Una Misi\u00f3n Emocionante! \ud83d\udcf8"}]},{"@type":"WebSite","@id":"https:\/\/universofamilia.com\/el\/#website","url":"https:\/\/universofamilia.com\/el\/","name":"Universo Fam\u00edlia","description":"","potentialAction":[{"@type":"SearchAction","target":{"@type":"EntryPoint","urlTemplate":"https:\/\/universofamilia.com\/el\/?s={search_term_string}"},"query-input":"required name=search_term_string"}],"inLanguage":"hu"},{"@type":"Person","@id":"https:\/\/universofamilia.com\/el\/#\/schema\/person\/f07ce98187dd84d31154262e79b3b7ca","name":"Pedro Henrique","image":{"@type":"ImageObject","inLanguage":"hu","@id":"https:\/\/universofamilia.com\/el\/#\/schema\/person\/image\/","url":"https:\/\/secure.gravatar.com\/avatar\/9edfeb808cb4e1599f64d6e45b130154?s=96&d=mm&r=g","contentUrl":"https:\/\/secure.gravatar.com\/avatar\/9edfeb808cb4e1599f64d6e45b130154?s=96&d=mm&r=g","caption":"Pedro Henrique"},"url":"https:\/\/universofamilia.com\/hu\/author\/editor01\/"}]}},"_links":{"self":[{"href":"https:\/\/universofamilia.com\/hu\/wp-json\/wp\/v2\/posts\/5622"}],"collection":[{"href":"https:\/\/universofamilia.com\/hu\/wp-json\/wp\/v2\/posts"}],"about":[{"href":"https:\/\/universofamilia.com\/hu\/wp-json\/wp\/v2\/types\/post"}],"author":[{"embeddable":true,"href":"https:\/\/universofamilia.com\/hu\/wp-json\/wp\/v2\/users\/139"}],"replies":[{"embeddable":true,"href":"https:\/\/universofamilia.com\/hu\/wp-json\/wp\/v2\/comments?post=5622"}],"version-history":[{"count":1,"href":"https:\/\/universofamilia.com\/hu\/wp-json\/wp\/v2\/posts\/5622\/revisions"}],"predecessor-version":[{"id":9583,"href":"https:\/\/universofamilia.com\/hu\/wp-json\/wp\/v2\/posts\/5622\/revisions\/9583"}],"wp:featuredmedia":[{"embeddable":true,"href":"https:\/\/universofamilia.com\/hu\/wp-json\/wp\/v2\/media\/5623"}],"wp:attachment":[{"href":"https:\/\/universofamilia.com\/hu\/wp-json\/wp\/v2\/media?parent=5622"}],"wp:term":[{"taxonomy":"category","embeddable":true,"href":"https:\/\/universofamilia.com\/hu\/wp-json\/wp\/v2\/categories?post=5622"},{"taxonomy":"post_tag","embeddable":true,"href":"https:\/\/universofamilia.com\/hu\/wp-json\/wp\/v2\/tags?post=5622"}],"curies":[{"name":"wp","href":"https:\/\/api.w.org\/{rel}","templated":true}]}}