{"id":5701,"date":"2024-04-22T16:20:36","date_gmt":"2024-04-22T19:20:36","guid":{"rendered":"https:\/\/universofamilia.com\/?p=5701"},"modified":"2025-10-13T16:26:14","modified_gmt":"2025-10-13T19:26:14","slug":"recuperando-momentos-perdidos-2","status":"publish","type":"post","link":"https:\/\/universofamilia.com\/hu\/recuperando-momentos-perdidos-2\/","title":{"rendered":"Elveszett pillanatok visszaszerz\u00e9se"},"content":{"rendered":"<p><strong>\ud83d\udcf8 Elveszett pillanatok felid\u00e9z\u00e9se: A f\u00e9nyk\u00e9pek megment\u00e9s\u00e9nek fontoss\u00e1ga<\/strong>.<\/p>\n\n\n\n<p>H\u00e1nyszor fordult m\u00e1r el\u0151, hogy lemaradt\u00e1l arr\u00f3l a k\u00fcl\u00f6nleges fot\u00f3r\u00f3l, amelyet egy k\u00fcl\u00f6nleges pillanatban k\u00e9sz\u00edtett\u00e9l a csal\u00e1doddal vagy a bar\u00e1taiddal?<\/p>\n\n\n\n<p>Sz\u00f6rny\u0171 \u00e9rz\u00e9s, nem igaz? A f\u00e9nyk\u00e9pek t\u00f6bbet jelentenek puszta k\u00e9pn\u00e9l; \u00e9rt\u00e9kes eml\u00e9kek olyan pillanatokr\u00f3l, amelyekre \u00f6r\u00f6kre eml\u00e9kezni szeretn\u00e9nk.<\/p>\n\n\n\n<p>\u00c9s amikor ezek az eml\u00e9kek elt\u0171nnek, a szomor\u00fas\u00e1g m\u00e9rhetetlen.<\/p>\n\n\n\n<p>De ne agg\u00f3dj, van f\u00e9ny az alag\u00fat v\u00e9g\u00e9n, vagyis egy alkalmaz\u00e1s, amely seg\u00edthet megmenteni az elveszett kincseket.<\/p>\n\n\n\n<p>Olvasson tov\u00e1bb, hogy megtudja, hogyan \u00e1ll\u00edthatja vissza f\u00e9nyk\u00e9peit, \u00e9s hogyan gondoskodhat arr\u00f3l, hogy ezek a pillanatok \u00f6r\u00f6kk\u00e9 tartsanak.<\/p>\n\n\n\n<h2 class=\"wp-block-heading\">Olvasd el m\u00e9g:<\/h2>\n\n\n\n<div class=\"wp-block-buttons is-layout-flex wp-block-buttons-is-layout-flex\">\n<div class=\"wp-block-button is-style-outline\"><a class=\"wp-block-button__link wp-element-button\" href=\"https:\/\/universofamilia.com\/hu\/5099\/restaurar-fotos-eliminadas-en-el-telefono-movil\/\" target=\"_blank\" rel=\"noreferrer noopener\"><font style=\"vertical-align: inherit\"><font style=\"vertical-align: inherit\">\ud83d\udccc T\u00f6r\u00f6lt fot\u00f3k vissza\u00e1ll\u00edt\u00e1sa mobiltelefonon<\/font><\/font><\/a><\/div>\n<\/div>\n\n\n\n<div class=\"wp-block-buttons is-layout-flex wp-block-buttons-is-layout-flex\">\n<div class=\"wp-block-button is-style-outline\"><a class=\"wp-block-button__link wp-element-button\" href=\"https:\/\/universofamilia.com\/hu\/5491\/aprender-a-conducir-una-revolucion-tecnologica-en-2024\/\" target=\"_blank\" rel=\"noreferrer noopener\"><font style=\"vertical-align: inherit\"><font style=\"vertical-align: inherit\">\ud83d\udccc Vezet\u00e9s tanul\u00e1sa: Technol\u00f3giai forradalom 2024-ben<\/font><\/font><\/a><\/div>\n<\/div>\n\n\n\n<h2 class=\"wp-block-heading\">\ud83d\udd0d <strong>Hol vannak a fot\u00f3im?<\/strong><\/h2>\n\n\n\n<p>El\u0151fordulhat, hogy gondatlans\u00e1gb\u00f3l vagy ak\u00e1r rendszerhib\u00e1b\u00f3l ad\u00f3d\u00f3an a f\u00e9nyk\u00e9pek elt\u0171nnek a mobiltelefonunkr\u00f3l.<\/p>\n\n\n\n<p>\u00c9s amikor ez megt\u00f6rt\u00e9nik, olyan, mintha eml\u00e9keink egy darabja \u00f6r\u00f6kre elveszne. Fontos azonban tudni, hogy nem minden veszett el.<\/p>\n\n\n\n<p>A technol\u00f3giai fejl\u0151d\u00e9snek k\u00f6sz\u00f6nhet\u0151en ma m\u00e1r lehet\u0151s\u00e9g van v\u00e9letlen\u00fcl t\u00f6r\u00f6lt vagy valamilyen m\u00f3don elveszett f\u00e9nyk\u00e9pek helyre\u00e1ll\u00edt\u00e1s\u00e1ra.<\/p>\n\n\n\n<h2 class=\"wp-block-heading\">\ud83d\udcf2 <strong>\u00c9letment\u0151 alkalmaz\u00e1sok<\/strong><\/h2>\n\n\n\n<p>Most, hogy meg\u00e9rtette az elveszett f\u00e9nyk\u00e9pek visszaszerz\u00e9s\u00e9nek fontoss\u00e1g\u00e1t, besz\u00e9lj\u00fcnk arr\u00f3l, hogyan kell ezt csin\u00e1lni.<\/p>\n\n\n\n<p>Az al\u00e1bbiakban h\u00e1rom alkalmaz\u00e1s tal\u00e1lhat\u00f3, amelyek seg\u00edthetnek ebben a ment\u0151akci\u00f3ban:<\/p>\n\n\n\n<ol class=\"wp-block-list\">\n<li><strong>DiskDigger fot\u00f3-helyre\u00e1ll\u00edt\u00e1s<\/strong>Ez az alkalmaz\u00e1s nagyszer\u0171 seg\u00edts\u00e9get ny\u00fajt az elveszett f\u00e9nyk\u00e9pek helyre\u00e1ll\u00edt\u00e1s\u00e1ban. Magas \u00e9rt\u00e9kel\u00e9s\u00e9vel \u00e9s t\u00f6bb ezer pozit\u00edv v\u00e9lem\u00e9ny\u00e9vel a DiskDigger megb\u00edzhat\u00f3 eszk\u00f6zz\u00e9 v\u00e1lt az \u00e9rt\u00e9kes k\u00e9pek helyre\u00e1ll\u00edt\u00e1s\u00e1ban.<\/li>\n\n\n\n<li><strong>Vissza\u00e1ll\u00edt t\u00f6r\u00f6lt fot\u00f3k<\/strong>Egy m\u00e1sik hat\u00e9kony lehet\u0151s\u00e9g a t\u00f6r\u00f6lt f\u00e9nyk\u00e9pek vissza\u00e1ll\u00edt\u00e1s\u00e1ra az Undeleter. Egyszer\u0171 \u00e9s hat\u00e9kony fel\u00fclet\u00e9vel ez az alkalmaz\u00e1s sz\u00e1mos felhaszn\u00e1l\u00f3 sz\u00edv\u00e9t elnyerte, akiknek siker\u00fclt visszaszerezni\u00fck elveszett fot\u00f3ikat.<\/li>\n\n\n\n<li><strong>EaseUS MobiSaver Androidra\/iOS-re<\/strong>Ha \u00e1tfog\u00f3 megold\u00e1st keresel nemcsak a f\u00e9nyk\u00e9pek, hanem m\u00e1s t\u00edpus\u00fa elveszett adatok helyre\u00e1ll\u00edt\u00e1s\u00e1ra is, az EaseUS MobiSaver a megfelel\u0151 v\u00e1laszt\u00e1s. Magas \u00e9rt\u00e9kel\u00e9s\u00e9vel \u00e9s pozit\u00edv v\u00e9lem\u00e9nyeivel ez az alkalmaz\u00e1s hat\u00e9kony eszk\u00f6zk\u00e9nt t\u0171nik ki \u00e9rt\u00e9kes f\u00e1jljaid helyre\u00e1ll\u00edt\u00e1s\u00e1hoz.<\/li>\n<\/ol>\n\n\n<div class=\"wp-block-image\">\n<figure class=\"aligncenter size-full\"><img loading=\"lazy\" decoding=\"async\" width=\"550\" height=\"350\" src=\"http:\/\/universofamilia.com\/wp-content\/uploads\/sites\/148\/2024\/04\/P-550x350-14.jpg\" alt=\"\" class=\"wp-image-5702\" srcset=\"https:\/\/universofamilia.com\/wp-content\/uploads\/sites\/148\/2024\/04\/P-550x350-14.jpg 550w, https:\/\/universofamilia.com\/wp-content\/uploads\/sites\/148\/2024\/04\/P-550x350-14-300x191.jpg 300w\" sizes=\"(max-width: 550px) 100vw, 550px\" \/><figcaption class=\"wp-element-caption\">Elveszett pillanatok visszaszerz\u00e9se<\/figcaption><\/figure><\/div>\n\n\n<h2 class=\"wp-block-heading\">\ud83d\udca1 <strong>Fontos tippek<\/strong><\/h2>\n\n\n\n<p>Miel\u0151tt b\u00e1rmelyik alkalmaz\u00e1st haszn\u00e1ln\u00e1, fontos megjegyezni n\u00e9h\u00e1ny tippet, amelyek n\u00f6velhetik a gy\u00f3gyul\u00e1s es\u00e9lyeit:<\/p>\n\n\n\n<ul class=\"wp-block-list\">\n<li><strong>Cselekedj gyorsan<\/strong>Min\u00e9l el\u0151bb cselekszel a f\u00e9nyk\u00e9pek elveszt\u00e9se ut\u00e1n, ann\u00e1l nagyobb az es\u00e9lye a sikeres helyre\u00e1ll\u00edt\u00e1suknak.<\/li>\n\n\n\n<li><strong>Ker\u00fclje a k\u00e9sz\u00fcl\u00e9k haszn\u00e1lat\u00e1t<\/strong>: Miut\u00e1n \u00e9szrevette, hogy elvesztek a f\u00e9nyk\u00e9pei, ne haszn\u00e1lja a k\u00e9sz\u00fcl\u00e9ket az adatok fel\u00fcl\u00edr\u00e1s\u00e1nak elker\u00fcl\u00e9se \u00e9rdek\u00e9ben.<\/li>\n\n\n\n<li><strong>Rendszeres biztons\u00e1gi ment\u00e9sek k\u00e9sz\u00edt\u00e9se<\/strong>A j\u00f6v\u0151beni probl\u00e9m\u00e1k elker\u00fcl\u00e9se \u00e9rdek\u00e9ben mindig \u00e9rdemes rendszeresen biztons\u00e1gi m\u00e1solatot k\u00e9sz\u00edteni a f\u00e9nyk\u00e9peir\u0151l \u00e9s m\u00e1s fontos f\u00e1jljair\u00f3l.<\/li>\n<\/ul>\n\n\n\n<h2 class=\"wp-block-heading\">Olvasd el m\u00e9g:<\/h2>\n\n\n\n<div class=\"wp-block-buttons is-layout-flex wp-block-buttons-is-layout-flex\">\n<div class=\"wp-block-button is-style-outline\"><a class=\"wp-block-button__link wp-element-button\" href=\"https:\/\/universofamilia.com\/hu\/5099\/restaurar-fotos-eliminadas-en-el-telefono-movil\/\" target=\"_blank\" rel=\"noreferrer noopener\"><font style=\"vertical-align: inherit\"><font style=\"vertical-align: inherit\">\ud83d\udccc T\u00f6r\u00f6lt fot\u00f3k vissza\u00e1ll\u00edt\u00e1sa mobiltelefonon<\/font><\/font><\/a><\/div>\n<\/div>\n\n\n\n<div class=\"wp-block-buttons is-layout-flex wp-block-buttons-is-layout-flex\">\n<div class=\"wp-block-button is-style-outline\"><a class=\"wp-block-button__link wp-element-button\" href=\"https:\/\/universofamilia.com\/hu\/5491\/aprender-a-conducir-una-revolucion-tecnologica-en-2024\/\" target=\"_blank\" rel=\"noreferrer noopener\"><font style=\"vertical-align: inherit\"><font style=\"vertical-align: inherit\">\ud83d\udccc Vezet\u00e9s tanul\u00e1sa: Technol\u00f3giai forradalom 2024-ben<\/font><\/font><\/a><\/div>\n<\/div>\n\n\n\n<h2 class=\"wp-block-heading\">\ud83d\udce5 <strong>T\u00f6ltsd le most!<\/strong><\/h2>\n\n\n\n<p>Most, hogy ismeri az elveszett f\u00e9nyk\u00e9pek visszaszerz\u00e9s\u00e9nek lehet\u0151s\u00e9geit, ne vesztegesse az idej\u00e9t!<\/p>\n\n\n\n<p>Kattintson az al\u00e1bbi linkekre az eszk\u00f6z\u00e9vel kompatibilis alkalmaz\u00e1s let\u00f6lt\u00e9s\u00e9hez:<\/p>\n\n\n\n<ul class=\"wp-block-list\">\n<li><strong>Androidra<\/strong>: <a href=\"https:\/\/play.google.com\/store\/apps\/details?id=com.defianttech.diskdigger&amp;hl=es\" target=\"_blank\" rel=\"noreferrer noopener\">DiskDigger fot\u00f3-helyre\u00e1ll\u00edt\u00e1s<\/a>, <a href=\"https:\/\/play.google.com\/store\/apps\/details?id=inshot.data.recovery.restore.deleted.data.diskdigger&amp;hl=es\" target=\"_blank\" rel=\"noreferrer noopener\">Vissza\u00e1ll\u00edt t\u00f6r\u00f6lt fot\u00f3k<\/a>, <a href=\"https:\/\/play.google.com\/store\/apps\/details?id=com.easeus.mobisaver\" target=\"_blank\" rel=\"noreferrer noopener\">EaseUS MobiSaver Androidra<\/a><\/li>\n\n\n\n<li><strong>iOS-re<\/strong>:  <a href=\"https:\/\/support.apple.com\/guide\/icloud\/recover-deleted-files-mmae56ea1ca5\/icloud\" target=\"_blank\" rel=\"noreferrer noopener\">Vissza\u00e1ll\u00edt t\u00f6r\u00f6lt fot\u00f3k<\/a>, <a href=\"https:\/\/apps.apple.com\/us\/app\/easeus-data-recovery-wizard\/id740355970?mt=12\" target=\"_blank\" rel=\"noreferrer noopener\">EaseUS MobiSaver iOS-re<\/a><\/li>\n<\/ul>\n\n\n\n<h2 class=\"wp-block-heading\">\ud83d\udcf8 <strong>\u00c1ll\u00edtsd vissza elveszett eml\u00e9keidet!<\/strong><\/h2>\n\n\n\n<p>Ne hagyd, hogy az \u00e9rt\u00e9kes pillanatok elveszjenek az id\u0151ben.<\/p>\n\n\n\n<p>Ezekkel az alkalmaz\u00e1sokkal helyre\u00e1ll\u00edthatod a fot\u00f3idat, \u00e9s biztos\u00edthatod, hogy ezek az eml\u00e9kek \u00f6r\u00f6kre megmaradjanak.<\/p>\n\n\n\n<p>Ne vesztegess t\u00f6bb id\u0151t, t\u00f6ltsd le most \u00e9s mentsd meg elveszett eml\u00e9keidet!<\/p>","protected":false},"excerpt":{"rendered":"<p>\ud83d\udcf8 Recuperando Momentos Perdidos: La Importancia de Rescatar Tus Fotos. \u00bfCu\u00e1ntas veces te has encontrado perdiendo esa foto especial, tomada en un momento \u00fanico con tu familia o amigos? Es una sensaci\u00f3n terrible, \u00bfverdad? Las fotograf\u00edas son m\u00e1s que simples im\u00e1genes; son registros preciosos de momentos que queremos recordar para siempre. Y cuando estos recuerdos [&hellip;]<\/p>","protected":false},"author":219,"featured_media":5702,"comment_status":"closed","ping_status":"open","sticky":false,"template":"","format":"standard","meta":{"footnotes":""},"categories":[2],"tags":[110,116,1379],"yoast_head":"<!-- This site is optimized with the Yoast SEO plugin v23.3 - https:\/\/yoast.com\/wordpress\/plugins\/seo\/ -->\n<title>Recuperando Momentos Perdidos - Universo Fam\u00edlia<\/title>\n<meta name=\"description\" content=\"Recuperando Momentos Perdidos. \u00bfCu\u00e1ntas veces te has encontrado perdiendo esa foto especial, tomada en un momento \u00fanico...\" \/>\n<meta name=\"robots\" content=\"index, follow, max-snippet:-1, max-image-preview:large, max-video-preview:-1\" \/>\n<link rel=\"canonical\" href=\"https:\/\/universofamilia.com\/hu\/recuperando-momentos-perdidos-2\/\" \/>\n<meta property=\"og:locale\" content=\"hu_HU\" \/>\n<meta property=\"og:type\" content=\"article\" \/>\n<meta property=\"og:title\" content=\"Recuperando Momentos Perdidos - Universo Fam\u00edlia\" \/>\n<meta property=\"og:description\" content=\"Recuperando Momentos Perdidos. \u00bfCu\u00e1ntas veces te has encontrado perdiendo esa foto especial, tomada en un momento \u00fanico...\" \/>\n<meta property=\"og:url\" content=\"https:\/\/universofamilia.com\/hu\/recuperando-momentos-perdidos-2\/\" \/>\n<meta property=\"og:site_name\" content=\"Universo Fam\u00edlia\" \/>\n<meta property=\"article:published_time\" content=\"2024-04-22T19:20:36+00:00\" \/>\n<meta property=\"article:modified_time\" content=\"2025-10-13T19:26:14+00:00\" \/>\n<meta property=\"og:image\" content=\"https:\/\/universofamilia.com\/wp-content\/uploads\/sites\/148\/2024\/04\/P-550x350-14.jpg\" \/>\n\t<meta property=\"og:image:width\" content=\"550\" \/>\n\t<meta property=\"og:image:height\" content=\"350\" \/>\n\t<meta property=\"og:image:type\" content=\"image\/jpeg\" \/>\n<meta name=\"author\" content=\"Matheus Sangaletti\" \/>\n<meta name=\"twitter:card\" content=\"summary_large_image\" \/>\n<meta name=\"twitter:label1\" content=\"Written by\" \/>\n\t<meta name=\"twitter:data1\" content=\"Matheus Sangaletti\" \/>\n\t<meta name=\"twitter:label2\" content=\"Est. reading time\" \/>\n\t<meta name=\"twitter:data2\" content=\"4 perc\" \/>\n<script type=\"application\/ld+json\" class=\"yoast-schema-graph\">{\"@context\":\"https:\/\/schema.org\",\"@graph\":[{\"@type\":\"WebPage\",\"@id\":\"https:\/\/universofamilia.com\/fr\/recuperando-momentos-perdidos-2\/\",\"url\":\"https:\/\/universofamilia.com\/fr\/recuperando-momentos-perdidos-2\/\",\"name\":\"Recuperando Momentos Perdidos - Universo Fam\u00edlia\",\"isPartOf\":{\"@id\":\"https:\/\/universofamilia.com\/el\/#website\"},\"primaryImageOfPage\":{\"@id\":\"https:\/\/universofamilia.com\/fr\/recuperando-momentos-perdidos-2\/#primaryimage\"},\"image\":{\"@id\":\"https:\/\/universofamilia.com\/fr\/recuperando-momentos-perdidos-2\/#primaryimage\"},\"thumbnailUrl\":\"https:\/\/universofamilia.com\/wp-content\/uploads\/sites\/148\/2024\/04\/P-550x350-14.jpg\",\"datePublished\":\"2024-04-22T19:20:36+00:00\",\"dateModified\":\"2025-10-13T19:26:14+00:00\",\"author\":{\"@id\":\"https:\/\/universofamilia.com\/el\/#\/schema\/person\/92fcd07e9b1f4323bf74f3170fc0f78a\"},\"description\":\"Recuperando Momentos Perdidos. \u00bfCu\u00e1ntas veces te has encontrado perdiendo esa foto especial, tomada en un momento \u00fanico...\",\"breadcrumb\":{\"@id\":\"https:\/\/universofamilia.com\/fr\/recuperando-momentos-perdidos-2\/#breadcrumb\"},\"inLanguage\":\"hu\",\"potentialAction\":[{\"@type\":\"ReadAction\",\"target\":[\"https:\/\/universofamilia.com\/fr\/recuperando-momentos-perdidos-2\/\"]}]},{\"@type\":\"ImageObject\",\"inLanguage\":\"hu\",\"@id\":\"https:\/\/universofamilia.com\/fr\/recuperando-momentos-perdidos-2\/#primaryimage\",\"url\":\"https:\/\/universofamilia.com\/wp-content\/uploads\/sites\/148\/2024\/04\/P-550x350-14.jpg\",\"contentUrl\":\"https:\/\/universofamilia.com\/wp-content\/uploads\/sites\/148\/2024\/04\/P-550x350-14.jpg\",\"width\":550,\"height\":350,\"caption\":\"Recuperando Momentos Perdidos\"},{\"@type\":\"BreadcrumbList\",\"@id\":\"https:\/\/universofamilia.com\/fr\/recuperando-momentos-perdidos-2\/#breadcrumb\",\"itemListElement\":[{\"@type\":\"ListItem\",\"position\":1,\"name\":\"Home\",\"item\":\"https:\/\/universofamilia.com\/el\/\"},{\"@type\":\"ListItem\",\"position\":2,\"name\":\"Recuperando Momentos Perdidos\"}]},{\"@type\":\"WebSite\",\"@id\":\"https:\/\/universofamilia.com\/el\/#website\",\"url\":\"https:\/\/universofamilia.com\/el\/\",\"name\":\"Universo Fam\u00edlia\",\"description\":\"\",\"potentialAction\":[{\"@type\":\"SearchAction\",\"target\":{\"@type\":\"EntryPoint\",\"urlTemplate\":\"https:\/\/universofamilia.com\/el\/?s={search_term_string}\"},\"query-input\":\"required name=search_term_string\"}],\"inLanguage\":\"hu\"},{\"@type\":\"Person\",\"@id\":\"https:\/\/universofamilia.com\/el\/#\/schema\/person\/92fcd07e9b1f4323bf74f3170fc0f78a\",\"name\":\"Matheus Sangaletti\",\"image\":{\"@type\":\"ImageObject\",\"inLanguage\":\"hu\",\"@id\":\"https:\/\/universofamilia.com\/el\/#\/schema\/person\/image\/\",\"url\":\"https:\/\/secure.gravatar.com\/avatar\/280ea957a14a48e6a1ad2133d2cc27c9?s=96&d=mm&r=g\",\"contentUrl\":\"https:\/\/secure.gravatar.com\/avatar\/280ea957a14a48e6a1ad2133d2cc27c9?s=96&d=mm&r=g\",\"caption\":\"Matheus Sangaletti\"},\"url\":\"https:\/\/universofamilia.com\/hu\/author\/matheuss\/\"}]}<\/script>\n<!-- \/ Yoast SEO plugin. -->","yoast_head_json":{"title":"Recuperando Momentos Perdidos - Universo Fam\u00edlia","description":"Recuperando Momentos Perdidos. \u00bfCu\u00e1ntas veces te has encontrado perdiendo esa foto especial, tomada en un momento \u00fanico...","robots":{"index":"index","follow":"follow","max-snippet":"max-snippet:-1","max-image-preview":"max-image-preview:large","max-video-preview":"max-video-preview:-1"},"canonical":"https:\/\/universofamilia.com\/hu\/recuperando-momentos-perdidos-2\/","og_locale":"hu_HU","og_type":"article","og_title":"Recuperando Momentos Perdidos - Universo Fam\u00edlia","og_description":"Recuperando Momentos Perdidos. \u00bfCu\u00e1ntas veces te has encontrado perdiendo esa foto especial, tomada en un momento \u00fanico...","og_url":"https:\/\/universofamilia.com\/hu\/recuperando-momentos-perdidos-2\/","og_site_name":"Universo Fam\u00edlia","article_published_time":"2024-04-22T19:20:36+00:00","article_modified_time":"2025-10-13T19:26:14+00:00","og_image":[{"width":550,"height":350,"url":"https:\/\/universofamilia.com\/wp-content\/uploads\/sites\/148\/2024\/04\/P-550x350-14.jpg","type":"image\/jpeg"}],"author":"Matheus Sangaletti","twitter_card":"summary_large_image","twitter_misc":{"Written by":"Matheus Sangaletti","Est. reading time":"4 perc"},"schema":{"@context":"https:\/\/schema.org","@graph":[{"@type":"WebPage","@id":"https:\/\/universofamilia.com\/fr\/recuperando-momentos-perdidos-2\/","url":"https:\/\/universofamilia.com\/fr\/recuperando-momentos-perdidos-2\/","name":"Recuperando Momentos Perdidos - Universo Fam\u00edlia","isPartOf":{"@id":"https:\/\/universofamilia.com\/el\/#website"},"primaryImageOfPage":{"@id":"https:\/\/universofamilia.com\/fr\/recuperando-momentos-perdidos-2\/#primaryimage"},"image":{"@id":"https:\/\/universofamilia.com\/fr\/recuperando-momentos-perdidos-2\/#primaryimage"},"thumbnailUrl":"https:\/\/universofamilia.com\/wp-content\/uploads\/sites\/148\/2024\/04\/P-550x350-14.jpg","datePublished":"2024-04-22T19:20:36+00:00","dateModified":"2025-10-13T19:26:14+00:00","author":{"@id":"https:\/\/universofamilia.com\/el\/#\/schema\/person\/92fcd07e9b1f4323bf74f3170fc0f78a"},"description":"Recuperando Momentos Perdidos. \u00bfCu\u00e1ntas veces te has encontrado perdiendo esa foto especial, tomada en un momento \u00fanico...","breadcrumb":{"@id":"https:\/\/universofamilia.com\/fr\/recuperando-momentos-perdidos-2\/#breadcrumb"},"inLanguage":"hu","potentialAction":[{"@type":"ReadAction","target":["https:\/\/universofamilia.com\/fr\/recuperando-momentos-perdidos-2\/"]}]},{"@type":"ImageObject","inLanguage":"hu","@id":"https:\/\/universofamilia.com\/fr\/recuperando-momentos-perdidos-2\/#primaryimage","url":"https:\/\/universofamilia.com\/wp-content\/uploads\/sites\/148\/2024\/04\/P-550x350-14.jpg","contentUrl":"https:\/\/universofamilia.com\/wp-content\/uploads\/sites\/148\/2024\/04\/P-550x350-14.jpg","width":550,"height":350,"caption":"Recuperando Momentos Perdidos"},{"@type":"BreadcrumbList","@id":"https:\/\/universofamilia.com\/fr\/recuperando-momentos-perdidos-2\/#breadcrumb","itemListElement":[{"@type":"ListItem","position":1,"name":"Home","item":"https:\/\/universofamilia.com\/el\/"},{"@type":"ListItem","position":2,"name":"Recuperando Momentos Perdidos"}]},{"@type":"WebSite","@id":"https:\/\/universofamilia.com\/el\/#website","url":"https:\/\/universofamilia.com\/el\/","name":"Universo Fam\u00edlia","description":"","potentialAction":[{"@type":"SearchAction","target":{"@type":"EntryPoint","urlTemplate":"https:\/\/universofamilia.com\/el\/?s={search_term_string}"},"query-input":"required name=search_term_string"}],"inLanguage":"hu"},{"@type":"Person","@id":"https:\/\/universofamilia.com\/el\/#\/schema\/person\/92fcd07e9b1f4323bf74f3170fc0f78a","name":"Matheus Sangaletti","image":{"@type":"ImageObject","inLanguage":"hu","@id":"https:\/\/universofamilia.com\/el\/#\/schema\/person\/image\/","url":"https:\/\/secure.gravatar.com\/avatar\/280ea957a14a48e6a1ad2133d2cc27c9?s=96&d=mm&r=g","contentUrl":"https:\/\/secure.gravatar.com\/avatar\/280ea957a14a48e6a1ad2133d2cc27c9?s=96&d=mm&r=g","caption":"Matheus Sangaletti"},"url":"https:\/\/universofamilia.com\/hu\/author\/matheuss\/"}]}},"_links":{"self":[{"href":"https:\/\/universofamilia.com\/hu\/wp-json\/wp\/v2\/posts\/5701"}],"collection":[{"href":"https:\/\/universofamilia.com\/hu\/wp-json\/wp\/v2\/posts"}],"about":[{"href":"https:\/\/universofamilia.com\/hu\/wp-json\/wp\/v2\/types\/post"}],"author":[{"embeddable":true,"href":"https:\/\/universofamilia.com\/hu\/wp-json\/wp\/v2\/users\/219"}],"replies":[{"embeddable":true,"href":"https:\/\/universofamilia.com\/hu\/wp-json\/wp\/v2\/comments?post=5701"}],"version-history":[{"count":1,"href":"https:\/\/universofamilia.com\/hu\/wp-json\/wp\/v2\/posts\/5701\/revisions"}],"predecessor-version":[{"id":10106,"href":"https:\/\/universofamilia.com\/hu\/wp-json\/wp\/v2\/posts\/5701\/revisions\/10106"}],"wp:featuredmedia":[{"embeddable":true,"href":"https:\/\/universofamilia.com\/hu\/wp-json\/wp\/v2\/media\/5702"}],"wp:attachment":[{"href":"https:\/\/universofamilia.com\/hu\/wp-json\/wp\/v2\/media?parent=5701"}],"wp:term":[{"taxonomy":"category","embeddable":true,"href":"https:\/\/universofamilia.com\/hu\/wp-json\/wp\/v2\/categories?post=5701"},{"taxonomy":"post_tag","embeddable":true,"href":"https:\/\/universofamilia.com\/hu\/wp-json\/wp\/v2\/tags?post=5701"}],"curies":[{"name":"wp","href":"https:\/\/api.w.org\/{rel}","templated":true}]}}