{"id":5704,"date":"2024-04-23T16:54:53","date_gmt":"2024-04-23T19:54:53","guid":{"rendered":"https:\/\/universofamilia.com\/?p=5704"},"modified":"2025-10-13T14:04:43","modified_gmt":"2025-10-13T17:04:43","slug":"la-aventura-de-conocer-a-mis-antepasados-por-el-apellido","status":"publish","type":"post","link":"https:\/\/universofamilia.com\/hu\/la-aventura-de-conocer-a-mis-antepasados-por-el-apellido\/","title":{"rendered":"\ud83d\udd0dAz \u0151seimmel val\u00f3 tal\u00e1lkoz\u00e1s kalandja a vezet\u00e9knev\u00fck alapj\u00e1n"},"content":{"rendered":"<p>\ud83c\udf1f Felfedezni, honnan j\u00f6v\u00fcnk, olyan, mint egy nagy rejt\u00e9ly megfejt\u00e9se, egy kaland, amely \u00f6sszek\u00f6t minket a gy\u00f6kereinkkel, \u00e9s seg\u00edt meg\u00e9rteni, hogy kik vagyunk.<\/p>\n\n\n\n<p>Sokunk sz\u00e1m\u00e1ra ez monument\u00e1lis feladatnak t\u0171nhet, de a technol\u00f3gia seg\u00edts\u00e9g\u00e9vel ez az utaz\u00e1s minden eddigin\u00e9l el\u00e9rhet\u0151bb\u00e9 \u00e9s csod\u00e1latosabb\u00e1 v\u00e1lt.<\/p>\n\n\n\n<p>Elk\u00e9pzelted m\u00e1r, hogy az \u0151seid valamilyen m\u00f3don forradalmas\u00edtott\u00e1k a vil\u00e1got?<\/p>\n\n\n\n<p>Fedezz\u00fck fel egy\u00fctt, hogyan vezethet hihetetlen felfedez\u00e9sekhez a gy\u00f6kereink felfedez\u00e9se!<\/p>\n\n\n\n<h2 class=\"wp-block-heading\">\ud83d\udd0d <strong>A sz\u00e1rmaz\u00e1sunk ismeret\u00e9nek fontoss\u00e1ga<\/strong><\/h2>\n\n\n\n<p>Ismerni a sz\u00e1rmaz\u00e1sunkat olyan, mintha kinyitn\u00e1nk egy k\u00f6nyvet a csal\u00e1dunk t\u00f6rt\u00e9net\u00e9r\u0151l.<\/p>\n\n\n\n<p>Minden oldal \u00faj t\u00f6rt\u00e9neteket, hagyom\u00e1nyokat \u00e9s m\u00e9g titkokat is felt\u00e1r, amelyek form\u00e1lt\u00e1k azt, akik ma vagyunk.<\/p>\n\n\n\n<p>Ha tudjuk, honnan j\u00f6v\u00fcnk, az seg\u00edt jobban meg\u00e9rteni \u00f6nmagunkat \u00e9s er\u0151s\u00edti a valahov\u00e1 tartoz\u00e1s \u00e9rz\u00e9s\u00e9t.<\/p>\n\n\n\n<h2 class=\"wp-block-heading\">Olvasd el m\u00e9g:<\/h2>\n\n\n\n<div class=\"wp-block-buttons is-layout-flex wp-block-buttons-is-layout-flex\">\n<div class=\"wp-block-button is-style-outline\"><a class=\"wp-block-button__link wp-element-button\" href=\"https:\/\/universofamilia.com\/hu\/5099\/restaurar-fotos-eliminadas-en-el-telefono-movil\/\" target=\"_blank\" rel=\"noreferrer noopener\"><font style=\"vertical-align: inherit\"><font style=\"vertical-align: inherit\">\ud83d\udccc T\u00f6r\u00f6lt fot\u00f3k vissza\u00e1ll\u00edt\u00e1sa mobiltelefonon<\/font><\/font><\/a><\/div>\n<\/div>\n\n\n\n<div class=\"wp-block-buttons is-layout-flex wp-block-buttons-is-layout-flex\">\n<div class=\"wp-block-button is-style-outline\"><a class=\"wp-block-button__link wp-element-button\" href=\"https:\/\/universofamilia.com\/hu\/5491\/aprender-a-conducir-una-revolucion-tecnologica-en-2024\/\" target=\"_blank\" rel=\"noreferrer noopener\"><font style=\"vertical-align: inherit\"><font style=\"vertical-align: inherit\">\ud83d\udccc Vezet\u00e9s tanul\u00e1sa: Technol\u00f3giai forradalom 2024-ben<\/font><\/font><\/a><\/div>\n<\/div>\n\n\n\n<h2 class=\"wp-block-heading\">\ud83d\udd0d <strong>Az \u0151s\u00f6k meglep\u0151 forradalma<\/strong><\/h2>\n\n\n\n<p>Most gondolj bele: mi lett volna, ha az \u0151seid fontos szerepet j\u00e1tszottak volna a t\u00f6rt\u00e9nelemben?<\/p>\n\n\n\n<p>K\u00e9pzeld el, hogy felfedezed, hogy az egyik \u0151sed h\u00edres feltal\u00e1l\u00f3, rettenthetetlen felfedez\u0151, vagy ak\u00e1r forradalmi vezet\u0151 volt!<\/p>\n\n\n\n<p>Az igazs\u00e1g az, hogy \u0151seink leny\u0171g\u00f6z\u0151 \u00f6r\u00f6ks\u00e9get hagyhattak maguk ut\u00e1n, \u00e9s ezeknek a kapcsolatoknak a felfedez\u00e9se igaz\u00e1n izgalmas lehet.<\/p>\n\n\n\n<h2 class=\"wp-block-heading\">\ud83d\udd0d <strong>A technol\u00f3gia fejl\u0151d\u00e9se, amely seg\u00edt minket ezekben a felfedez\u00e9sekben<\/strong><\/h2>\n\n\n\n<p>A technol\u00f3gia fejl\u0151d\u00e9s\u00e9nek k\u00f6sz\u00f6nhet\u0151en \u0151seink felfedez\u00e9se minden eddigin\u00e9l k\u00f6nnyebb \u00e9s izgalmasabb.<\/p>\n\n\n\n<p>Mostant\u00f3l mind\u00f6ssze n\u00e9h\u00e1ny koppint\u00e1ssal a telefonod k\u00e9perny\u0151j\u00e9n elmer\u00fclhetsz a m\u00faltban, \u00e9s felfedezheted csal\u00e1df\u00e1d titkait.<\/p>\n\n\n\n<h2 class=\"wp-block-heading\">\ud83d\udd0d <strong>Az alkalmaz\u00e1sok, amelyek ezt lehet\u0151v\u00e9 teszik<\/strong><\/h2>\n\n\n\n<p>Most, hogy alig v\u00e1rod, hogy elkezdhesd a saj\u00e1t felfedez\u0151utad, mes\u00e9lek h\u00e1rom leny\u0171g\u00f6z\u0151 alkalmaz\u00e1sr\u00f3l, amelyek seg\u00edtenek ebben az izgalmas k\u00fcldet\u00e9sben.<\/p>\n\n\n\n<p>De miel\u0151tt felfedn\u00e9nk a nev\u00fcket, ne feledj\u00e9tek, hogy al\u00e1bb megtal\u00e1lj\u00e1tok a let\u00f6lt\u00e9si linkeket!<\/p>\n\n\n\n<h2 class=\"wp-block-heading\">\ud83d\udd0d <strong>A felt\u00e1rt alkalmaz\u00e1sok<\/strong><\/h2>\n\n\n\n<p>V\u00e9g\u00fcl itt az ideje megismerni azokat az alkalmaz\u00e1sokat, amelyek megv\u00e1ltoztatj\u00e1k a csal\u00e1dt\u00f6rt\u00e9netedr\u0151l alkotott n\u00e9z\u0151pontodat:<\/p>\n\n\n\n<ol>\n<li><strong>Sz\u00e1rmaz\u00e1s<\/strong>Ez az alkalmaz\u00e1s olyan, mint egy kincsesb\u00e1nya, tele inform\u00e1ci\u00f3kkal az \u0151seidr\u0151l. A t\u00f6rt\u00e9nelmi feljegyz\u00e9sek, f\u00e9nyk\u00e9pek hatalmas gy\u0171jtem\u00e9ny\u00e9vel, s\u0151t, a t\u00e1voli rokonokkal val\u00f3 kapcsolatfelv\u00e9tel lehet\u0151s\u00e9g\u00e9vel az Ancestry leny\u0171g\u00f6z majd felfedez\u00e9seivel.<\/li>\n\n\n\n<li><strong>MyHeritage<\/strong>Olyan funkci\u00f3kkal, mint a csal\u00e1dfa\u00e9p\u00edt\u00e9s \u00e9s a DNS-vizsg\u00e1lat, a MyHeritage egy hat\u00e9kony eszk\u00f6z azok sz\u00e1m\u00e1ra, akik a sz\u00e1rmaz\u00e1sukat keresik. R\u00e1ad\u00e1sul a kisz\u00ednezett r\u00e9gi fot\u00f3k egyenesen visszarep\u00edtenek az id\u0151ben.<\/li>\n\n\n\n<li><strong>Csal\u00e1di keres\u00e9s<\/strong>Az ingyenes \u00e9s forr\u00e1sokban gazdag FamilySearch kiv\u00e1l\u00f3 v\u00e1laszt\u00e1s azok sz\u00e1m\u00e1ra, akik szeretn\u00e9k felfedezni csal\u00e1djuk t\u00f6rt\u00e9net\u00e9t. A t\u00f6rt\u00e9nelmi feljegyz\u00e9sek hatalmas adatb\u00e1zis\u00e1hoz val\u00f3 hozz\u00e1f\u00e9r\u00e9ssel biztosan rejtett kincsekre bukkanhat \u0151seir\u0151l.<\/li>\n<\/ol>\n\n\n<div class=\"wp-block-image\">\n<figure class=\"aligncenter size-full\"><img loading=\"lazy\" decoding=\"async\" width=\"550\" height=\"350\" src=\"http:\/\/universofamilia.com\/wp-content\/uploads\/sites\/148\/2024\/04\/P-550x350-2.png\" alt=\"\" class=\"wp-image-5705\" srcset=\"https:\/\/universofamilia.com\/wp-content\/uploads\/sites\/148\/2024\/04\/P-550x350-2.png 550w, https:\/\/universofamilia.com\/wp-content\/uploads\/sites\/148\/2024\/04\/P-550x350-2-300x191.png 300w\" sizes=\"(max-width: 550px) 100vw, 550px\" \/><figcaption class=\"wp-element-caption\">\ud83d\udd0dAz \u0151seimmel val\u00f3 tal\u00e1lkoz\u00e1s kalandja a vezet\u00e9knev\u00fck alapj\u00e1n<\/figcaption><\/figure><\/div>\n\n\n<h2 class=\"wp-block-heading\">\ud83d\udcf1 <strong>Let\u00f6lt\u00e9si linkek \u00e9s v\u00e9gs\u0151 megfontol\u00e1sok<\/strong><\/h2>\n\n\n\n<p>Most, hogy ismered ezeket a fantasztikus alkalmaz\u00e1sokat, itt az ideje, hogy elindulj a saj\u00e1t felfedez\u0151\u00fatdon!<\/p>\n\n\n\n<p>Az al\u00e1bbiakban let\u00f6lt\u00e9si linkeket tal\u00e1lsz iOS \u00e9s Android eszk\u00f6z\u00f6kh\u00f6z.<\/p>\n\n\n\n<h2 class=\"wp-block-heading\">Olvasd el m\u00e9g:<\/h2>\n\n\n\n<div class=\"wp-block-buttons is-layout-flex wp-block-buttons-is-layout-flex\">\n<div class=\"wp-block-button is-style-outline\"><a class=\"wp-block-button__link wp-element-button\" href=\"https:\/\/universofamilia.com\/hu\/5099\/restaurar-fotos-eliminadas-en-el-telefono-movil\/\" target=\"_blank\" rel=\"noreferrer noopener\"><font style=\"vertical-align: inherit\"><font style=\"vertical-align: inherit\">\ud83d\udccc T\u00f6r\u00f6lt fot\u00f3k vissza\u00e1ll\u00edt\u00e1sa mobiltelefonon<\/font><\/font><\/a><\/div>\n<\/div>\n\n\n\n<div class=\"wp-block-buttons is-layout-flex wp-block-buttons-is-layout-flex\">\n<div class=\"wp-block-button is-style-outline\"><a class=\"wp-block-button__link wp-element-button\" href=\"https:\/\/universofamilia.com\/hu\/5491\/aprender-a-conducir-una-revolucion-tecnologica-en-2024\/\" target=\"_blank\" rel=\"noreferrer noopener\"><font style=\"vertical-align: inherit\"><font style=\"vertical-align: inherit\">\ud83d\udccc Vezet\u00e9s tanul\u00e1sa: Technol\u00f3giai forradalom 2024-ben<\/font><\/font><\/a><\/div>\n<\/div>\n\n\n\n<p>Ne feledd, a csal\u00e1dfakutat\u00e1s hossz\u00fa folyamat lehet, de minden felfedez\u00e9s meg\u00e9ri a f\u00e1rads\u00e1got!<\/p>\n\n\n\n<h3 class=\"wp-block-heading\">iOS:<\/h3>\n\n\n\n<ul>\n<li>Sz\u00e1rmaz\u00e1s: <a href=\"https:\/\/apps.apple.com\/us\/developer\/ancestry-com\/id349554266\" target=\"_blank\" rel=\"noreferrer noopener\">Let\u00f6lt\u00e9si link<\/a><\/li>\n\n\n\n<li>MyHeritage: <a href=\"https:\/\/apps.apple.com\/us\/app\/myheritage-family-tree-dna\/id477971748\" target=\"_blank\" rel=\"noreferrer noopener\">Let\u00f6lt\u00e9si link<\/a><\/li>\n\n\n\n<li>Csal\u00e1di keres\u00e9s: <a href=\"https:\/\/apps.apple.com\/us\/app\/familysearch-tree\/id885982973\" target=\"_blank\" rel=\"noreferrer noopener\">Let\u00f6lt\u00e9si link<\/a><\/li>\n<\/ul>\n\n\n\n<h3 class=\"wp-block-heading\">Android:<\/h3>\n\n\n\n<ul>\n<li>Sz\u00e1rmaz\u00e1s: <a href=\"https:\/\/play.google.com\/store\/apps\/details?id=com.ancestry.android.apps.ancestry&amp;hl=en_US\" target=\"_blank\" rel=\"noreferrer noopener\">Let\u00f6lt\u00e9si link<\/a><\/li>\n\n\n\n<li>MyHeritage: <a href=\"https:\/\/play.google.com\/store\/apps\/details?id=air.com.myheritage.mobile&amp;hl=en&amp;gl=US\" target=\"_blank\" rel=\"noreferrer noopener\">Let\u00f6lt\u00e9si link<\/a><\/li>\n\n\n\n<li>Csal\u00e1di keres\u00e9s: <a href=\"https:\/\/play.google.com\/store\/apps\/details?id=org.familysearch.mobile&amp;hl=en&amp;gl=US\" target=\"_blank\" rel=\"noreferrer noopener\">Let\u00f6lt\u00e9si link<\/a><\/li>\n<\/ul>\n\n\n\n<p>Sz\u00f3val mire v\u00e1rsz?<\/p>\n\n\n\n<p>T\u00f6ltsd le ezeket az alkalmaz\u00e1sokat, \u00e9s indulj el egy izgalmas kalandban, hogy felfedezd a gy\u00f6kereidet!<\/p>\n\n\n\n<p>\ud83d\udd0d A gy\u00f6kereid felfedez\u00e9se t\u00f6bb, mint egy id\u0151utaz\u00e1s: ez egy \u00f6nfelfedez\u0151 utaz\u00e1s, amely megv\u00e1ltoztathatja a magadr\u00f3l \u00e9s a k\u00f6r\u00fcl\u00f6tted l\u00e9v\u0151 vil\u00e1gr\u00f3l alkotott n\u00e9z\u0151pontodat.<\/p>\n\n\n\n<p>Ezeknek a leny\u0171g\u00f6z\u0151 alkalmaz\u00e1soknak a seg\u00edts\u00e9g\u00e9vel egy olyan kalandra indulhatsz, amely minden felfedez\u00e9ssel leny\u0171g\u00f6z majd!<\/p>","protected":false},"excerpt":{"rendered":"<p>Felfedezni, honnan j\u00f6v\u00fcnk, olyan, mint egy nagy rejt\u00e9ly megfejt\u00e9se, egy kaland, amely \u00f6sszek\u00f6t minket a gy\u00f6kereinkkel, \u00e9s seg\u00edt meg\u00e9rteni, hogy kik vagyunk. Sokunk sz\u00e1m\u00e1ra ez monument\u00e1lis feladatnak t\u0171nhet, de a technol\u00f3gia seg\u00edts\u00e9g\u00e9vel ez az utaz\u00e1s minden eddigin\u00e9l el\u00e9rhet\u0151bb\u00e9 \u00e9s meglep\u0151bb\u00e9 v\u00e1lt. L\u00e1ttad m\u00e1r valaha [\u2026]<\/p>","protected":false},"author":219,"featured_media":5705,"comment_status":"closed","ping_status":"open","sticky":false,"template":"","format":"standard","meta":{"footnotes":""},"categories":[2],"tags":[92,98,1682],"yoast_head":"<!-- This site is optimized with the Yoast SEO plugin v23.3 - https:\/\/yoast.com\/wordpress\/plugins\/seo\/ -->\n<title>\ud83d\udd0dLa Aventura de Conocer a Mis Antepasados por el Apellido - Universo Fam\u00edlia<\/title>\n<meta name=\"description\" content=\"\ud83d\udd0dLa Aventura de Conocer a Mis Antepasados por el Apellido. \ud83c\udf1f Descubrir de d\u00f3nde venimos es como desentra\u00f1ar un gran misterio,\" \/>\n<meta name=\"robots\" content=\"index, follow, max-snippet:-1, max-image-preview:large, max-video-preview:-1\" \/>\n<link rel=\"canonical\" href=\"https:\/\/universofamilia.com\/hu\/la-aventura-de-conocer-a-mis-antepasados-por-el-apellido\/\" \/>\n<meta property=\"og:locale\" content=\"hu_HU\" \/>\n<meta property=\"og:type\" content=\"article\" \/>\n<meta property=\"og:title\" content=\"\ud83d\udd0dLa Aventura de Conocer a Mis Antepasados por el Apellido - Universo Fam\u00edlia\" \/>\n<meta property=\"og:description\" content=\"\ud83d\udd0dLa Aventura de Conocer a Mis Antepasados por el Apellido. \ud83c\udf1f Descubrir de d\u00f3nde venimos es como desentra\u00f1ar un gran misterio,\" \/>\n<meta property=\"og:url\" content=\"https:\/\/universofamilia.com\/hu\/la-aventura-de-conocer-a-mis-antepasados-por-el-apellido\/\" \/>\n<meta property=\"og:site_name\" content=\"Universo Fam\u00edlia\" \/>\n<meta property=\"article:published_time\" content=\"2024-04-23T19:54:53+00:00\" \/>\n<meta property=\"article:modified_time\" content=\"2025-10-13T17:04:43+00:00\" \/>\n<meta property=\"og:image\" content=\"https:\/\/universofamilia.com\/wp-content\/uploads\/sites\/148\/2024\/04\/P-550x350-2.png\" \/>\n\t<meta property=\"og:image:width\" content=\"550\" \/>\n\t<meta property=\"og:image:height\" content=\"350\" \/>\n\t<meta property=\"og:image:type\" content=\"image\/png\" \/>\n<meta name=\"author\" content=\"Matheus Sangaletti\" \/>\n<meta name=\"twitter:card\" content=\"summary_large_image\" \/>\n<meta name=\"twitter:label1\" content=\"Written by\" \/>\n\t<meta name=\"twitter:data1\" content=\"Matheus Sangaletti\" \/>\n\t<meta name=\"twitter:label2\" content=\"Est. reading time\" \/>\n\t<meta name=\"twitter:data2\" content=\"4 perc\" \/>\n<script type=\"application\/ld+json\" class=\"yoast-schema-graph\">{\"@context\":\"https:\/\/schema.org\",\"@graph\":[{\"@type\":\"WebPage\",\"@id\":\"https:\/\/universofamilia.com\/cs\/la-aventura-de-conocer-a-mis-antepasados-por-el-apellido\/\",\"url\":\"https:\/\/universofamilia.com\/cs\/la-aventura-de-conocer-a-mis-antepasados-por-el-apellido\/\",\"name\":\"\ud83d\udd0dLa Aventura de Conocer a Mis Antepasados por el Apellido - Universo Fam\u00edlia\",\"isPartOf\":{\"@id\":\"https:\/\/universofamilia.com\/el\/#website\"},\"primaryImageOfPage\":{\"@id\":\"https:\/\/universofamilia.com\/cs\/la-aventura-de-conocer-a-mis-antepasados-por-el-apellido\/#primaryimage\"},\"image\":{\"@id\":\"https:\/\/universofamilia.com\/cs\/la-aventura-de-conocer-a-mis-antepasados-por-el-apellido\/#primaryimage\"},\"thumbnailUrl\":\"https:\/\/universofamilia.com\/wp-content\/uploads\/sites\/148\/2024\/04\/P-550x350-2.png\",\"datePublished\":\"2024-04-23T19:54:53+00:00\",\"dateModified\":\"2025-10-13T17:04:43+00:00\",\"author\":{\"@id\":\"https:\/\/universofamilia.com\/el\/#\/schema\/person\/92fcd07e9b1f4323bf74f3170fc0f78a\"},\"description\":\"\ud83d\udd0dLa Aventura de Conocer a Mis Antepasados por el Apellido. \ud83c\udf1f Descubrir de d\u00f3nde venimos es como desentra\u00f1ar un gran misterio,\",\"breadcrumb\":{\"@id\":\"https:\/\/universofamilia.com\/cs\/la-aventura-de-conocer-a-mis-antepasados-por-el-apellido\/#breadcrumb\"},\"inLanguage\":\"hu\",\"potentialAction\":[{\"@type\":\"ReadAction\",\"target\":[\"https:\/\/universofamilia.com\/cs\/la-aventura-de-conocer-a-mis-antepasados-por-el-apellido\/\"]}]},{\"@type\":\"ImageObject\",\"inLanguage\":\"hu\",\"@id\":\"https:\/\/universofamilia.com\/cs\/la-aventura-de-conocer-a-mis-antepasados-por-el-apellido\/#primaryimage\",\"url\":\"https:\/\/universofamilia.com\/wp-content\/uploads\/sites\/148\/2024\/04\/P-550x350-2.png\",\"contentUrl\":\"https:\/\/universofamilia.com\/wp-content\/uploads\/sites\/148\/2024\/04\/P-550x350-2.png\",\"width\":550,\"height\":350,\"caption\":\"\ud83d\udd0dLa Aventura de Conocer a Mis Antepasados por el Apellido\"},{\"@type\":\"BreadcrumbList\",\"@id\":\"https:\/\/universofamilia.com\/cs\/la-aventura-de-conocer-a-mis-antepasados-por-el-apellido\/#breadcrumb\",\"itemListElement\":[{\"@type\":\"ListItem\",\"position\":1,\"name\":\"Home\",\"item\":\"https:\/\/universofamilia.com\/el\/\"},{\"@type\":\"ListItem\",\"position\":2,\"name\":\"\ud83d\udd0dLa Aventura de Conocer a Mis Antepasados por el Apellido\"}]},{\"@type\":\"WebSite\",\"@id\":\"https:\/\/universofamilia.com\/el\/#website\",\"url\":\"https:\/\/universofamilia.com\/el\/\",\"name\":\"Universo Fam\u00edlia\",\"description\":\"\",\"potentialAction\":[{\"@type\":\"SearchAction\",\"target\":{\"@type\":\"EntryPoint\",\"urlTemplate\":\"https:\/\/universofamilia.com\/el\/?s={search_term_string}\"},\"query-input\":\"required name=search_term_string\"}],\"inLanguage\":\"hu\"},{\"@type\":\"Person\",\"@id\":\"https:\/\/universofamilia.com\/el\/#\/schema\/person\/92fcd07e9b1f4323bf74f3170fc0f78a\",\"name\":\"Matheus Sangaletti\",\"image\":{\"@type\":\"ImageObject\",\"inLanguage\":\"hu\",\"@id\":\"https:\/\/universofamilia.com\/el\/#\/schema\/person\/image\/\",\"url\":\"https:\/\/secure.gravatar.com\/avatar\/280ea957a14a48e6a1ad2133d2cc27c9?s=96&d=mm&r=g\",\"contentUrl\":\"https:\/\/secure.gravatar.com\/avatar\/280ea957a14a48e6a1ad2133d2cc27c9?s=96&d=mm&r=g\",\"caption\":\"Matheus Sangaletti\"},\"url\":\"https:\/\/universofamilia.com\/hu\/author\/matheuss\/\"}]}<\/script>\n<!-- \/ Yoast SEO plugin. -->","yoast_head_json":{"title":"\ud83d\udd0dLa Aventura de Conocer a Mis Antepasados por el Apellido - Universo Fam\u00edlia","description":"\ud83d\udd0dLa Aventura de Conocer a Mis Antepasados por el Apellido. \ud83c\udf1f Descubrir de d\u00f3nde venimos es como desentra\u00f1ar un gran misterio,","robots":{"index":"index","follow":"follow","max-snippet":"max-snippet:-1","max-image-preview":"max-image-preview:large","max-video-preview":"max-video-preview:-1"},"canonical":"https:\/\/universofamilia.com\/hu\/la-aventura-de-conocer-a-mis-antepasados-por-el-apellido\/","og_locale":"hu_HU","og_type":"article","og_title":"\ud83d\udd0dLa Aventura de Conocer a Mis Antepasados por el Apellido - Universo Fam\u00edlia","og_description":"\ud83d\udd0dLa Aventura de Conocer a Mis Antepasados por el Apellido. \ud83c\udf1f Descubrir de d\u00f3nde venimos es como desentra\u00f1ar un gran misterio,","og_url":"https:\/\/universofamilia.com\/hu\/la-aventura-de-conocer-a-mis-antepasados-por-el-apellido\/","og_site_name":"Universo Fam\u00edlia","article_published_time":"2024-04-23T19:54:53+00:00","article_modified_time":"2025-10-13T17:04:43+00:00","og_image":[{"width":550,"height":350,"url":"https:\/\/universofamilia.com\/wp-content\/uploads\/sites\/148\/2024\/04\/P-550x350-2.png","type":"image\/png"}],"author":"Matheus Sangaletti","twitter_card":"summary_large_image","twitter_misc":{"Written by":"Matheus Sangaletti","Est. reading time":"4 perc"},"schema":{"@context":"https:\/\/schema.org","@graph":[{"@type":"WebPage","@id":"https:\/\/universofamilia.com\/cs\/la-aventura-de-conocer-a-mis-antepasados-por-el-apellido\/","url":"https:\/\/universofamilia.com\/cs\/la-aventura-de-conocer-a-mis-antepasados-por-el-apellido\/","name":"\ud83d\udd0dLa Aventura de Conocer a Mis Antepasados por el Apellido - Universo Fam\u00edlia","isPartOf":{"@id":"https:\/\/universofamilia.com\/el\/#website"},"primaryImageOfPage":{"@id":"https:\/\/universofamilia.com\/cs\/la-aventura-de-conocer-a-mis-antepasados-por-el-apellido\/#primaryimage"},"image":{"@id":"https:\/\/universofamilia.com\/cs\/la-aventura-de-conocer-a-mis-antepasados-por-el-apellido\/#primaryimage"},"thumbnailUrl":"https:\/\/universofamilia.com\/wp-content\/uploads\/sites\/148\/2024\/04\/P-550x350-2.png","datePublished":"2024-04-23T19:54:53+00:00","dateModified":"2025-10-13T17:04:43+00:00","author":{"@id":"https:\/\/universofamilia.com\/el\/#\/schema\/person\/92fcd07e9b1f4323bf74f3170fc0f78a"},"description":"\ud83d\udd0dLa Aventura de Conocer a Mis Antepasados por el Apellido. \ud83c\udf1f Descubrir de d\u00f3nde venimos es como desentra\u00f1ar un gran misterio,","breadcrumb":{"@id":"https:\/\/universofamilia.com\/cs\/la-aventura-de-conocer-a-mis-antepasados-por-el-apellido\/#breadcrumb"},"inLanguage":"hu","potentialAction":[{"@type":"ReadAction","target":["https:\/\/universofamilia.com\/cs\/la-aventura-de-conocer-a-mis-antepasados-por-el-apellido\/"]}]},{"@type":"ImageObject","inLanguage":"hu","@id":"https:\/\/universofamilia.com\/cs\/la-aventura-de-conocer-a-mis-antepasados-por-el-apellido\/#primaryimage","url":"https:\/\/universofamilia.com\/wp-content\/uploads\/sites\/148\/2024\/04\/P-550x350-2.png","contentUrl":"https:\/\/universofamilia.com\/wp-content\/uploads\/sites\/148\/2024\/04\/P-550x350-2.png","width":550,"height":350,"caption":"\ud83d\udd0dLa Aventura de Conocer a Mis Antepasados por el Apellido"},{"@type":"BreadcrumbList","@id":"https:\/\/universofamilia.com\/cs\/la-aventura-de-conocer-a-mis-antepasados-por-el-apellido\/#breadcrumb","itemListElement":[{"@type":"ListItem","position":1,"name":"Home","item":"https:\/\/universofamilia.com\/el\/"},{"@type":"ListItem","position":2,"name":"\ud83d\udd0dLa Aventura de Conocer a Mis Antepasados por el Apellido"}]},{"@type":"WebSite","@id":"https:\/\/universofamilia.com\/el\/#website","url":"https:\/\/universofamilia.com\/el\/","name":"Universo Fam\u00edlia","description":"","potentialAction":[{"@type":"SearchAction","target":{"@type":"EntryPoint","urlTemplate":"https:\/\/universofamilia.com\/el\/?s={search_term_string}"},"query-input":"required name=search_term_string"}],"inLanguage":"hu"},{"@type":"Person","@id":"https:\/\/universofamilia.com\/el\/#\/schema\/person\/92fcd07e9b1f4323bf74f3170fc0f78a","name":"Matheus Sangaletti","image":{"@type":"ImageObject","inLanguage":"hu","@id":"https:\/\/universofamilia.com\/el\/#\/schema\/person\/image\/","url":"https:\/\/secure.gravatar.com\/avatar\/280ea957a14a48e6a1ad2133d2cc27c9?s=96&d=mm&r=g","contentUrl":"https:\/\/secure.gravatar.com\/avatar\/280ea957a14a48e6a1ad2133d2cc27c9?s=96&d=mm&r=g","caption":"Matheus Sangaletti"},"url":"https:\/\/universofamilia.com\/hu\/author\/matheuss\/"}]}},"_links":{"self":[{"href":"https:\/\/universofamilia.com\/hu\/wp-json\/wp\/v2\/posts\/5704"}],"collection":[{"href":"https:\/\/universofamilia.com\/hu\/wp-json\/wp\/v2\/posts"}],"about":[{"href":"https:\/\/universofamilia.com\/hu\/wp-json\/wp\/v2\/types\/post"}],"author":[{"embeddable":true,"href":"https:\/\/universofamilia.com\/hu\/wp-json\/wp\/v2\/users\/219"}],"replies":[{"embeddable":true,"href":"https:\/\/universofamilia.com\/hu\/wp-json\/wp\/v2\/comments?post=5704"}],"version-history":[{"count":1,"href":"https:\/\/universofamilia.com\/hu\/wp-json\/wp\/v2\/posts\/5704\/revisions"}],"predecessor-version":[{"id":10082,"href":"https:\/\/universofamilia.com\/hu\/wp-json\/wp\/v2\/posts\/5704\/revisions\/10082"}],"wp:featuredmedia":[{"embeddable":true,"href":"https:\/\/universofamilia.com\/hu\/wp-json\/wp\/v2\/media\/5705"}],"wp:attachment":[{"href":"https:\/\/universofamilia.com\/hu\/wp-json\/wp\/v2\/media?parent=5704"}],"wp:term":[{"taxonomy":"category","embeddable":true,"href":"https:\/\/universofamilia.com\/hu\/wp-json\/wp\/v2\/categories?post=5704"},{"taxonomy":"post_tag","embeddable":true,"href":"https:\/\/universofamilia.com\/hu\/wp-json\/wp\/v2\/tags?post=5704"}],"curies":[{"name":"wp","href":"https:\/\/api.w.org\/{rel}","templated":true}]}}