{"id":5734,"date":"2024-04-26T16:50:30","date_gmt":"2024-04-26T19:50:30","guid":{"rendered":"https:\/\/universofamilia.com\/?p=5734"},"modified":"2025-08-04T21:47:54","modified_gmt":"2025-08-05T00:47:54","slug":"aplicativos-para-medir-a-glicose","status":"publish","type":"post","link":"https:\/\/universofamilia.com\/hu\/aplicativos-para-medir-a-glicose\/","title":{"rendered":"\ud83d\udcf1 Alkalmaz\u00e1sok a gl\u00fck\u00f3z m\u00e9r\u00e9s\u00e9re"},"content":{"rendered":"<p>\ud83d\udcf1 Alkalmaz\u00e1sok a gl\u00fck\u00f3z m\u00e9r\u00e9s\u00e9re: Forradalom a cukorbetegs\u00e9g kezel\u00e9s\u00e9ben<\/p>\n\n\n\n<p>Amikor az eg\u00e9szs\u00e9gr\u0151l besz\u00e9l\u00fcnk, a gl\u00fck\u00f3z egy olyan sz\u00f3, amelyet nem szabad figyelmen k\u00edv\u00fcl hagyni.<\/p>\n\n\n\n<p>\ud83e\ude78 Sok ember sz\u00e1m\u00e1ra, k\u00fcl\u00f6n\u00f6sen a cukorbetegek sz\u00e1m\u00e1ra, a v\u00e9rcukorszint monitoroz\u00e1sa elengedhetetlen az eg\u00e9szs\u00e9ges \u00e9let fenntart\u00e1s\u00e1hoz.<\/p>\n\n\n\n<p>De hogyan lehet ezt egyszer\u0171en \u00e9s k\u00f6nnyen el\u00e9rhet\u0151 m\u00f3don megtenni?<\/p>\n\n\n\n<p>L\u00e1ttam a technol\u00f3gi\u00e1t, amely megv\u00e1laszolhatja ezt a k\u00e9rd\u00e9st, \u00e9s sz\u00e1mos mobiltelefon-alkalmaz\u00e1st hozott l\u00e9tre, amelyek leegyszer\u0171s\u00edtik a gl\u00fck\u00f3zszint monitoroz\u00e1s\u00e1t.<\/p>\n\n\n\n<h2 class=\"wp-block-heading\">Olvasd el m\u00e9g:<\/h2>\n\n\n\n<div class=\"wp-block-buttons is-layout-flex wp-block-buttons-is-layout-flex\">\n<div class=\"wp-block-button is-style-outline\"><a class=\"wp-block-button__link wp-element-button\" href=\"https:\/\/universofamilia.com\/hu\/5099\/restaurar-fotos-eliminadas-en-el-telefono-movil\/\" target=\"_blank\" rel=\"noreferrer noopener\"><font style=\"vertical-align: inherit\"><font style=\"vertical-align: inherit\">\ud83d\udccc T\u00f6r\u00f6lt fot\u00f3k vissza\u00e1ll\u00edt\u00e1sa mobiltelefonon<\/font><\/font><\/a><\/div>\n<\/div>\n\n\n\n<div class=\"wp-block-buttons is-layout-flex wp-block-buttons-is-layout-flex\">\n<div class=\"wp-block-button is-style-outline\"><a class=\"wp-block-button__link wp-element-button\" href=\"https:\/\/universofamilia.com\/hu\/5491\/aprender-a-conducir-una-revolucion-tecnologica-en-2024\/\" target=\"_blank\" rel=\"noreferrer noopener\"><font style=\"vertical-align: inherit\"><font style=\"vertical-align: inherit\">\ud83d\udccc Vezet\u00e9s tanul\u00e1sa: Technol\u00f3giai forradalom 2024-ben<\/font><\/font><\/a><\/div>\n<\/div>\n\n\n\n<h2 class=\"wp-block-heading\">A cukorbetegs\u00e9g m\u00e9r\u00e9s\u00e9nek fontoss\u00e1ga<\/h2>\n\n\n\n<p>K\u00e9pzeld el, hogy a tested egy g\u00e9pezet, amelynek gl\u00fck\u00f3zja \u00e9s \u00fczemanyaga m\u0171k\u00f6dteti.<\/p>\n\n\n\n<p>\ud83d\udca1 A cukorbetegs\u00e9g olyan \u00e1llapot, amelyben a szervezet nehezen dolgozza fel ezt az \u00fczemanyagot, ami magas v\u00e9rcukorszintet eredm\u00e9nyez.<\/p>\n\n\n\n<p>Ez sz\u00e1mos s\u00falyos sz\u00f6v\u0151dm\u00e9nyhez vezethet, p\u00e9ld\u00e1ul sz\u00edvprobl\u00e9m\u00e1khoz, idegk\u00e1rosod\u00e1shoz \u00e9s ak\u00e1r vaks\u00e1ghoz is.<\/p>\n\n\n\n<p>Ezen sz\u00f6v\u0151dm\u00e9nyek elker\u00fcl\u00e9se \u00e9rdek\u00e9ben elengedhetetlen a v\u00e9rcukorszint rendszeres ellen\u0151rz\u00e9se. \ud83d\udcca<\/p>\n\n\n\n<p>Ez lehet\u0151v\u00e9 teszi a cukorbetegek sz\u00e1m\u00e1ra, hogy gyorsan elkezdj\u00e9k fenntartani a v\u00e9rcukorszintj\u00fcket az eg\u00e9szs\u00e9ges szinten, ak\u00e1r di\u00e9ta m\u00f3dos\u00edt\u00e1s\u00e1val, testmozg\u00e1ssal, ak\u00e1r sz\u00fcks\u00e9g eset\u00e9n inzulin adagol\u00e1s\u00e1val.<\/p>\n\n\n\n<h2 class=\"wp-block-heading\">Sz\u00fcks\u00e9ges felszerel\u00e9s a mobiltelefon-alkalmaz\u00e1sok haszn\u00e1lat\u00e1hoz<\/h2>\n\n\n\n<p>A v\u00e9rcukorszint m\u00e9r\u00e9s\u00e9hez \u00e1ltal\u00e1ban csak egy gl\u00fck\u00f3zm\u00e9r\u0151re \u00e9s reagenscs\u00edkokra van sz\u00fcks\u00e9g. \ud83d\udccf<\/p>\n\n\n\n<p>Ezeket az eszk\u00f6z\u00f6ket arra haszn\u00e1lj\u00e1k, hogy kis mennyis\u00e9g\u0171 v\u00e9rt gy\u0171jtsenek, amelyet azt\u00e1n a m\u00e9r\u0151re helyeznek a gl\u00fck\u00f3zszint meghat\u00e1roz\u00e1sa \u00e9rdek\u00e9ben.<\/p>\n\n\n\n<p>A technol\u00f3gia fejl\u0151d\u00e9s\u00e9vel azonban ma m\u00e1r lehet\u0151s\u00e9g van a gl\u00fck\u00f3z m\u00e9r\u00e9s\u00e9re puszt\u00e1n az okostelefonunkkal is!<\/p>\n\n\n\n<h2 class=\"wp-block-heading\">Hogyan m\u0171k\u00f6dnek a gl\u00fck\u00f3zm\u00e9r\u0151 alkalmaz\u00e1sok?<\/h2>\n\n\n\n<p>A v\u00e9rcukorszint m\u00e9r\u00e9s\u00e9re szolg\u00e1l\u00f3 alkalmaz\u00e1sok k\u00e9nyelmes \u00e9s hat\u00e9kony m\u00f3dot k\u00edn\u00e1lnak a gl\u00fck\u00f3zszint monitoroz\u00e1s\u00e1ra.<\/p>\n\n\n\n<p>\ud83d\udcf1 Speci\u00e1lis eszk\u00f6z\u00f6kbe, p\u00e9ld\u00e1ul folyamatos gl\u00fck\u00f3z\u00e9rz\u00e9kel\u0151kbe vagy hagyom\u00e1nyos gl\u00fck\u00f3zm\u00e9r\u0151kbe integr\u00e1l\u00f3dnak, lehet\u0151v\u00e9 t\u00e9ve a felhaszn\u00e1l\u00f3k sz\u00e1m\u00e1ra, hogy val\u00f3s id\u0151ben gy\u0171jts\u00e9k \u00e9s figyelj\u00e9k adataikat.<\/p>\n\n\n\n<h2 class=\"wp-block-heading\">Ezek az alkalmaz\u00e1sok sz\u00e1mos hasznos inform\u00e1ci\u00f3t ny\u00fajtanak, t\u00f6bbek k\u00f6z\u00f6tt:<\/h2>\n\n\n\n<ul>\n<li><strong>A jelenlegi gl\u00fck\u00f3zszint:<\/strong> Az alkalmaz\u00e1sok val\u00f3s id\u0151ben jelen\u00edtik meg a nem v\u00e9rz\u0151 gl\u00fck\u00f3zszinteket, lehet\u0151v\u00e9 t\u00e9ve a felhaszn\u00e1l\u00f3k sz\u00e1m\u00e1ra, hogy pontosan tudj\u00e1k, hol tartanak az eg\u00e9szs\u00e9ges \u00e9lethez k\u00e9pest.<\/li>\n\n\n\n<li><strong>Gl\u00fck\u00f3z trendek:<\/strong> Emellett grafikonokat is mutatnak a gl\u00fck\u00f3zszint id\u0151beli alakul\u00e1s\u00e1r\u00f3l, seg\u00edtve a felhaszn\u00e1l\u00f3kat a mint\u00e1zatok azonos\u00edt\u00e1s\u00e1ban \u00e9s a megel\u0151z\u0151 int\u00e9zked\u00e9sek megt\u00e9tel\u00e9ben.<\/li>\n\n\n\n<li><strong>Szem\u00e9lyre szabott riaszt\u00e1sok:<\/strong> Egyes alkalmaz\u00e1sok lehet\u0151s\u00e9get k\u00edn\u00e1lnak a magas vagy alacsony v\u00e9rcukorszintre vonatkoz\u00f3 riaszt\u00e1sok konfigur\u00e1l\u00e1s\u00e1ra, biztos\u00edtva, hogy a felhaszn\u00e1l\u00f3k azonnal \u00e9rtes\u00fcljenek probl\u00e9m\u00e1k eset\u00e9n.<\/li>\n\n\n\n<li><strong>Kockamegoszt\u00e1s:<\/strong> Ezenk\u00edv\u00fcl sz\u00e1mos alkalmaz\u00e1s lehet\u0151v\u00e9 teszi a felhaszn\u00e1l\u00f3k sz\u00e1m\u00e1ra, hogy megossz\u00e1k adataikat csal\u00e1dtagjaikkal \u00e9s eg\u00e9szs\u00e9g\u00fcgyi szakemberekkel, megk\u00f6nny\u00edtve a t\u00e1voli k\u00eds\u00e9retet \u00e9s beavatkoz\u00e1st, amikor sz\u00fcks\u00e9ges.<\/li>\n<\/ul>\n\n\n\n<h2 class=\"wp-block-heading\">Felhaszn\u00e1l\u00f3i v\u00e9lem\u00e9nyek az alkalmaz\u00e1sokr\u00f3l<\/h2>\n\n\n\n<p>Ezen alkalmaz\u00e1sok felhaszn\u00e1l\u00f3i sz\u00e1mos pozit\u00edv v\u00e9lem\u00e9nyt nyilv\u00e1n\u00edtottak a tapasztalataikr\u00f3l:<\/p>\n\n\n\n<ul>\n<li>\u201eIm\u00e1dom, hogy milyen k\u00f6nnyen haszn\u00e1lhat\u00f3 az alkalmaz\u00e1s! Seg\u00edt a v\u00e9rcukorszintem szab\u00e1lyoz\u00e1s\u00e1ban olyan egyszer\u0171 m\u00f3don, ami m\u00e9g soha nem volt.\u201d<\/li>\n\n\n\n<li>\u201eA grafikonok \u00e9s trendek seg\u00edtenek jobban meg\u00e9rteni, hogyan v\u00e1ltozik a v\u00e9rcukorszintem a nap folyam\u00e1n. \u00c9s hogyan tal\u00e1lhatok szem\u00e9lyi edz\u0151t a cukorbetegs\u00e9gem kezel\u00e9s\u00e9re!\u201d<\/li>\n\n\n\n<li>\u201eAmi\u00f3ta elkezdtem haszn\u00e1lni az alkalmaz\u00e1st, jobban k\u00f6t\u0151d\u00f6m a k\u00f6z\u00f6ss\u00e9gemhez. J\u00f3 tudni, hogy ma nem vagyok egyed\u00fcl.\u201d<\/li>\n<\/ul>\n\n\n<div class=\"wp-block-image\">\n<figure class=\"aligncenter size-full\"><img loading=\"lazy\" decoding=\"async\" width=\"550\" height=\"350\" src=\"http:\/\/universofamilia.com\/wp-content\/uploads\/sites\/148\/2024\/04\/P-550x350-3-7.jpg\" alt=\"\" class=\"wp-image-5735\" srcset=\"https:\/\/universofamilia.com\/wp-content\/uploads\/sites\/148\/2024\/04\/P-550x350-3-7.jpg 550w, https:\/\/universofamilia.com\/wp-content\/uploads\/sites\/148\/2024\/04\/P-550x350-3-7-300x191.jpg 300w\" sizes=\"(max-width: 550px) 100vw, 550px\" \/><figcaption class=\"wp-element-caption\">\ud83d\udcf1 Alkalmaz\u00e1sok a gl\u00fck\u00f3z m\u00e9r\u00e9s\u00e9re<\/figcaption><\/figure><\/div>\n\n\n<h2 class=\"wp-block-heading\">A legjobb alkalmaz\u00e1sok a gl\u00fck\u00f3z m\u00e9r\u00e9s\u00e9re<\/h2>\n\n\n\n<p>Most, hogy meg\u00e9rtett\u00fck ezen alkalmaz\u00e1sok m\u0171k\u00f6d\u00e9s\u00e9nek fontoss\u00e1g\u00e1t, bemutatjuk a legjobb el\u00e9rhet\u0151 lehet\u0151s\u00e9geket:<\/p>\n\n\n\n<ol>\n<li><strong>mySugr \u2013 Di\u00e1rio da Diabetes:<\/strong> Felhaszn\u00e1l\u00f3bar\u00e1t fel\u00fclet\u00e9vel \u00e9s sz\u00e1mos hasznos eszk\u00f6z\u00e9vel, mint p\u00e9ld\u00e1ul a b\u00f3luskalkul\u00e1tor \u00e9s a sz\u00e9nhidr\u00e1tk\u00f6vet\u0151, a mySugr n\u00e9pszer\u0171 v\u00e1laszt\u00e1s a felhaszn\u00e1l\u00f3k k\u00f6r\u00e9ben.<\/li>\n\n\n\n<li><strong>FreeStyle LibreLink:<\/strong> A FreeStyle Libre rendszerbe integr\u00e1lva ez az alkalmaz\u00e1s r\u00e9szletes grafikonokat \u00e9s szem\u00e9lyre szabott riaszt\u00e1sokat k\u00edn\u00e1l a teljes k\u00f6r\u0171 gl\u00fck\u00f3zmonitoroz\u00e1si \u00e9lm\u00e9ny \u00e9rdek\u00e9ben.<\/li>\n\n\n\n<li><strong>Cukorbetegs\u00e9g: MOM \u2013 Speci\u00e1lis monitoroz\u00e1s:<\/strong> Egy egyszer\u0171 \u00e9s intuit\u00edv fel\u00fclettel ez az alkalmaz\u00e1s \u00e1tfog\u00f3 nyomon k\u00f6veti a k\u00fcl\u00f6nb\u00f6z\u0151 cukorbetegs\u00e9g-param\u00e9tereket, valamint r\u00e9szletes jelent\u00e9seket k\u00e9sz\u00edt az el\u0151rehalad\u00e1s nyomon k\u00f6vet\u00e9s\u00e9hez.<\/li>\n<\/ol>\n\n\n\n<h2 class=\"wp-block-heading\">K\u00f6vetkeztet\u00e9s<\/h2>\n\n\n\n<p>\u00d6sszefoglalva, a nem sejtes gl\u00fck\u00f3z m\u00e9r\u00e9s\u00e9nek alkalmaz\u00e1sa forradalmat jelent a cukorbetegs\u00e9g kezel\u00e9s\u00e9ben.<\/p>\n\n\n\n<p>\ud83c\udf1f K\u00e9nyelmes \u00e9s hat\u00e9kony m\u00f3dot k\u00edn\u00e1lunk a gl\u00fck\u00f3zszint monitoroz\u00e1s\u00e1ra, lehet\u0151v\u00e9 t\u00e9ve a felhaszn\u00e1l\u00f3k sz\u00e1m\u00e1ra, hogy hat\u00e9konyabban szab\u00e1lyozz\u00e1k \u00e1llapotukat.<\/p>\n\n\n\n<p>Ha neked vagy egy ismer\u0151s\u00f6dnek figyelnie kell a gl\u00fck\u00f3zszintj\u00e9t, ne hagyd abba ezeknek a hihetetlen alkalmaz\u00e1soknak a kipr\u00f3b\u00e1l\u00e1s\u00e1t!<\/p>\n\n\n\n<h2 class=\"wp-block-heading\">Olvasd el m\u00e9g:<\/h2>\n\n\n\n<div class=\"wp-block-buttons is-layout-flex wp-block-buttons-is-layout-flex\">\n<div class=\"wp-block-button is-style-outline\"><a class=\"wp-block-button__link wp-element-button\" href=\"https:\/\/universofamilia.com\/hu\/5099\/restaurar-fotos-eliminadas-en-el-telefono-movil\/\" target=\"_blank\" rel=\"noreferrer noopener\"><font style=\"vertical-align: inherit\"><font style=\"vertical-align: inherit\">\ud83d\udccc T\u00f6r\u00f6lt fot\u00f3k vissza\u00e1ll\u00edt\u00e1sa mobiltelefonon<\/font><\/font><\/a><\/div>\n<\/div>\n\n\n\n<div class=\"wp-block-buttons is-layout-flex wp-block-buttons-is-layout-flex\">\n<div class=\"wp-block-button is-style-outline\"><a class=\"wp-block-button__link wp-element-button\" href=\"https:\/\/universofamilia.com\/hu\/5491\/aprender-a-conducir-una-revolucion-tecnologica-en-2024\/\" target=\"_blank\" rel=\"noreferrer noopener\"><font style=\"vertical-align: inherit\"><font style=\"vertical-align: inherit\">\ud83d\udccc Vezet\u00e9s tanul\u00e1sa: Technol\u00f3giai forradalom 2024-ben<\/font><\/font><\/a><\/div>\n<\/div>\n\n\n\n<p>Az alkalmaz\u00e1sok let\u00f6lt\u00e9s\u00e9hez \u00e9s a gl\u00fck\u00f3zszint intelligensebb nyomon k\u00f6vet\u00e9s\u00e9hez kattintson az al\u00e1bbi linkekre:<\/p>\n\n\n\n<ul>\n<li><strong>mySugr \u2013 Di\u00e1rio da Diabetes:<\/strong>\n<ul>\n<li><a href=\"https:\/\/apps.apple.com\/us\/app\/mysugr-diabetes-tracker-log\/id516509211\" target=\"_blank\" rel=\"noreferrer noopener\">Let\u00f6lt\u00e9s iOS-re<\/a><\/li>\n\n\n\n<li><a href=\"https:\/\/play.google.com\/store\/apps\/details?id=com.mysugr.android.companion&amp;hl=en\" target=\"_blank\" rel=\"noreferrer noopener\">Let\u00f6lt\u00e9s Androidra<\/a><\/li>\n<\/ul>\n<\/li>\n\n\n\n<li><strong>FreeStyle LibreLink:<\/strong>\n<ul>\n<li><a href=\"https:\/\/apps.apple.com\/us\/app\/freestyle-librelink-us\/id1325992472\" target=\"_blank\" rel=\"noreferrer noopener\">Let\u00f6lt\u00e9s iOS-re<\/a><\/li>\n\n\n\n<li><a href=\"https:\/\/play.google.com\/store\/apps\/details?id=com.freestylelibre.app.us&amp;hl=en&amp;gl=US\" target=\"_blank\" rel=\"noreferrer noopener\">Let\u00f6lt\u00e9s Androidra<\/a><\/li>\n<\/ul>\n<\/li>\n\n\n\n<li><strong>Cukorbetegs\u00e9g: MOM \u2013 Speci\u00e1lis monitoroz\u00e1s:<\/strong>\n<ul>\n<li><a href=\"https:\/\/apps.apple.com\/us\/app\/diabetes-m\/id1196733537\" target=\"_blank\" rel=\"noreferrer noopener\">Let\u00f6lt\u00e9s iOS-re<\/a><\/li>\n\n\n\n<li><a href=\"https:\/\/play.google.com\/store\/apps\/details?id=com.mydiabetes&amp;hl=en&amp;gl=US\" target=\"_blank\" rel=\"noreferrer noopener\">Let\u00f6lt\u00e9s Androidra<\/a><\/li>\n<\/ul>\n<\/li>\n<\/ul>\n\n\n\n<p>A v\u00e9rcukorszint m\u00e9r\u00e9s\u00e9re szolg\u00e1l\u00f3 alkalmaz\u00e1s haszn\u00e1lata el\u0151tt mindig aj\u00e1nlott orvoshoz fordulni, \u00e9s szem\u00e9lyre szabott kezel\u00e9si tervet k\u00f6vetni a cukorbetegs\u00e9g sikeres kezel\u00e9se \u00e9rdek\u00e9ben. \ud83e\ude7a\ud83d\udcaa<\/p>","protected":false},"excerpt":{"rendered":"<p>\ud83d\udcf1 Alkalmaz\u00e1sok a gl\u00fck\u00f3z m\u00e9r\u00e9s\u00e9re: Forradalom a cukorbetegs\u00e9g kezel\u00e9s\u00e9ben Amikor az eg\u00e9szs\u00e9gr\u0151l besz\u00e9l\u00fcnk, a gl\u00fck\u00f3z egy olyan sz\u00f3, amelyet nem szabad figyelmen k\u00edv\u00fcl hagyni. \ud83e\ude78 Sok ember sz\u00e1m\u00e1ra, k\u00fcl\u00f6n\u00f6sen a cukorbetegek sz\u00e1m\u00e1ra, a v\u00e9rcukorszint monitoroz\u00e1sa elengedhetetlen az eg\u00e9szs\u00e9ges \u00e9let fenntart\u00e1s\u00e1hoz. De hogyan lehet ezt egyszer\u0171en [\u2026]<\/p>","protected":false},"author":139,"featured_media":5735,"comment_status":"closed","ping_status":"open","sticky":false,"template":"","format":"standard","meta":{"footnotes":""},"categories":[2],"tags":[138,941,1621],"yoast_head":"<!-- This site is optimized with the Yoast SEO plugin v23.3 - https:\/\/yoast.com\/wordpress\/plugins\/seo\/ -->\n<title>\ud83d\udcf1 Aplicativos para Medir a Glicose - Universo Fam\u00edlia<\/title>\n<meta name=\"description\" content=\"\ud83d\udcf1 Aplicativos para Medir a Glicose. Quando falamos sobre sa\u00fade, a glicose \u00e9 uma palavra que n\u00e3o pode ser ignorada....\" \/>\n<meta name=\"robots\" content=\"index, follow, max-snippet:-1, max-image-preview:large, max-video-preview:-1\" \/>\n<link rel=\"canonical\" href=\"https:\/\/universofamilia.com\/hu\/aplicativos-para-medir-a-glicose\/\" \/>\n<meta property=\"og:locale\" content=\"hu_HU\" \/>\n<meta property=\"og:type\" content=\"article\" \/>\n<meta property=\"og:title\" content=\"\ud83d\udcf1 Aplicativos para Medir a Glicose - Universo Fam\u00edlia\" \/>\n<meta property=\"og:description\" content=\"\ud83d\udcf1 Aplicativos para Medir a Glicose. Quando falamos sobre sa\u00fade, a glicose \u00e9 uma palavra que n\u00e3o pode ser ignorada....\" \/>\n<meta property=\"og:url\" content=\"https:\/\/universofamilia.com\/hu\/aplicativos-para-medir-a-glicose\/\" \/>\n<meta property=\"og:site_name\" content=\"Universo Fam\u00edlia\" \/>\n<meta property=\"article:published_time\" content=\"2024-04-26T19:50:30+00:00\" \/>\n<meta property=\"article:modified_time\" content=\"2025-08-05T00:47:54+00:00\" \/>\n<meta property=\"og:image\" content=\"https:\/\/universofamilia.com\/wp-content\/uploads\/sites\/148\/2024\/04\/P-550x350-3-7.jpg\" \/>\n\t<meta property=\"og:image:width\" content=\"550\" \/>\n\t<meta property=\"og:image:height\" content=\"350\" \/>\n\t<meta property=\"og:image:type\" content=\"image\/jpeg\" \/>\n<meta name=\"author\" content=\"Pedro Henrique\" \/>\n<meta name=\"twitter:card\" content=\"summary_large_image\" \/>\n<meta name=\"twitter:label1\" content=\"Written by\" \/>\n\t<meta name=\"twitter:data1\" content=\"Pedro Henrique\" \/>\n\t<meta name=\"twitter:label2\" content=\"Est. reading time\" \/>\n\t<meta name=\"twitter:data2\" content=\"5 perc\" \/>\n<script type=\"application\/ld+json\" class=\"yoast-schema-graph\">{\"@context\":\"https:\/\/schema.org\",\"@graph\":[{\"@type\":\"WebPage\",\"@id\":\"https:\/\/universofamilia.com\/sr\/aplicativos-para-medir-a-glicose\/\",\"url\":\"https:\/\/universofamilia.com\/sr\/aplicativos-para-medir-a-glicose\/\",\"name\":\"\ud83d\udcf1 Aplicativos para Medir a Glicose - Universo Fam\u00edlia\",\"isPartOf\":{\"@id\":\"https:\/\/universofamilia.com\/el\/#website\"},\"primaryImageOfPage\":{\"@id\":\"https:\/\/universofamilia.com\/sr\/aplicativos-para-medir-a-glicose\/#primaryimage\"},\"image\":{\"@id\":\"https:\/\/universofamilia.com\/sr\/aplicativos-para-medir-a-glicose\/#primaryimage\"},\"thumbnailUrl\":\"https:\/\/universofamilia.com\/wp-content\/uploads\/sites\/148\/2024\/04\/P-550x350-3-7.jpg\",\"datePublished\":\"2024-04-26T19:50:30+00:00\",\"dateModified\":\"2025-08-05T00:47:54+00:00\",\"author\":{\"@id\":\"https:\/\/universofamilia.com\/el\/#\/schema\/person\/f07ce98187dd84d31154262e79b3b7ca\"},\"description\":\"\ud83d\udcf1 Aplicativos para Medir a Glicose. Quando falamos sobre sa\u00fade, a glicose \u00e9 uma palavra que n\u00e3o pode ser ignorada....\",\"breadcrumb\":{\"@id\":\"https:\/\/universofamilia.com\/sr\/aplicativos-para-medir-a-glicose\/#breadcrumb\"},\"inLanguage\":\"hu\",\"potentialAction\":[{\"@type\":\"ReadAction\",\"target\":[\"https:\/\/universofamilia.com\/sr\/aplicativos-para-medir-a-glicose\/\"]}]},{\"@type\":\"ImageObject\",\"inLanguage\":\"hu\",\"@id\":\"https:\/\/universofamilia.com\/sr\/aplicativos-para-medir-a-glicose\/#primaryimage\",\"url\":\"https:\/\/universofamilia.com\/wp-content\/uploads\/sites\/148\/2024\/04\/P-550x350-3-7.jpg\",\"contentUrl\":\"https:\/\/universofamilia.com\/wp-content\/uploads\/sites\/148\/2024\/04\/P-550x350-3-7.jpg\",\"width\":550,\"height\":350,\"caption\":\"\ud83d\udcf1 Aplicativos para Medir a Glicose\"},{\"@type\":\"BreadcrumbList\",\"@id\":\"https:\/\/universofamilia.com\/sr\/aplicativos-para-medir-a-glicose\/#breadcrumb\",\"itemListElement\":[{\"@type\":\"ListItem\",\"position\":1,\"name\":\"Home\",\"item\":\"https:\/\/universofamilia.com\/el\/\"},{\"@type\":\"ListItem\",\"position\":2,\"name\":\"\ud83d\udcf1 Aplicativos para Medir a Glicose\"}]},{\"@type\":\"WebSite\",\"@id\":\"https:\/\/universofamilia.com\/el\/#website\",\"url\":\"https:\/\/universofamilia.com\/el\/\",\"name\":\"Universo Fam\u00edlia\",\"description\":\"\",\"potentialAction\":[{\"@type\":\"SearchAction\",\"target\":{\"@type\":\"EntryPoint\",\"urlTemplate\":\"https:\/\/universofamilia.com\/el\/?s={search_term_string}\"},\"query-input\":\"required name=search_term_string\"}],\"inLanguage\":\"hu\"},{\"@type\":\"Person\",\"@id\":\"https:\/\/universofamilia.com\/el\/#\/schema\/person\/f07ce98187dd84d31154262e79b3b7ca\",\"name\":\"Pedro Henrique\",\"image\":{\"@type\":\"ImageObject\",\"inLanguage\":\"hu\",\"@id\":\"https:\/\/universofamilia.com\/el\/#\/schema\/person\/image\/\",\"url\":\"https:\/\/secure.gravatar.com\/avatar\/9edfeb808cb4e1599f64d6e45b130154?s=96&d=mm&r=g\",\"contentUrl\":\"https:\/\/secure.gravatar.com\/avatar\/9edfeb808cb4e1599f64d6e45b130154?s=96&d=mm&r=g\",\"caption\":\"Pedro Henrique\"},\"url\":\"https:\/\/universofamilia.com\/hu\/author\/editor01\/\"}]}<\/script>\n<!-- \/ Yoast SEO plugin. -->","yoast_head_json":{"title":"\ud83d\udcf1 Aplicativos para Medir a Glicose - Universo Fam\u00edlia","description":"\ud83d\udcf1 Aplicativos para Medir a Glicose. Quando falamos sobre sa\u00fade, a glicose \u00e9 uma palavra que n\u00e3o pode ser ignorada....","robots":{"index":"index","follow":"follow","max-snippet":"max-snippet:-1","max-image-preview":"max-image-preview:large","max-video-preview":"max-video-preview:-1"},"canonical":"https:\/\/universofamilia.com\/hu\/aplicativos-para-medir-a-glicose\/","og_locale":"hu_HU","og_type":"article","og_title":"\ud83d\udcf1 Aplicativos para Medir a Glicose - Universo Fam\u00edlia","og_description":"\ud83d\udcf1 Aplicativos para Medir a Glicose. Quando falamos sobre sa\u00fade, a glicose \u00e9 uma palavra que n\u00e3o pode ser ignorada....","og_url":"https:\/\/universofamilia.com\/hu\/aplicativos-para-medir-a-glicose\/","og_site_name":"Universo Fam\u00edlia","article_published_time":"2024-04-26T19:50:30+00:00","article_modified_time":"2025-08-05T00:47:54+00:00","og_image":[{"width":550,"height":350,"url":"https:\/\/universofamilia.com\/wp-content\/uploads\/sites\/148\/2024\/04\/P-550x350-3-7.jpg","type":"image\/jpeg"}],"author":"Pedro Henrique","twitter_card":"summary_large_image","twitter_misc":{"Written by":"Pedro Henrique","Est. reading time":"5 perc"},"schema":{"@context":"https:\/\/schema.org","@graph":[{"@type":"WebPage","@id":"https:\/\/universofamilia.com\/sr\/aplicativos-para-medir-a-glicose\/","url":"https:\/\/universofamilia.com\/sr\/aplicativos-para-medir-a-glicose\/","name":"\ud83d\udcf1 Aplicativos para Medir a Glicose - Universo Fam\u00edlia","isPartOf":{"@id":"https:\/\/universofamilia.com\/el\/#website"},"primaryImageOfPage":{"@id":"https:\/\/universofamilia.com\/sr\/aplicativos-para-medir-a-glicose\/#primaryimage"},"image":{"@id":"https:\/\/universofamilia.com\/sr\/aplicativos-para-medir-a-glicose\/#primaryimage"},"thumbnailUrl":"https:\/\/universofamilia.com\/wp-content\/uploads\/sites\/148\/2024\/04\/P-550x350-3-7.jpg","datePublished":"2024-04-26T19:50:30+00:00","dateModified":"2025-08-05T00:47:54+00:00","author":{"@id":"https:\/\/universofamilia.com\/el\/#\/schema\/person\/f07ce98187dd84d31154262e79b3b7ca"},"description":"\ud83d\udcf1 Aplicativos para Medir a Glicose. Quando falamos sobre sa\u00fade, a glicose \u00e9 uma palavra que n\u00e3o pode ser ignorada....","breadcrumb":{"@id":"https:\/\/universofamilia.com\/sr\/aplicativos-para-medir-a-glicose\/#breadcrumb"},"inLanguage":"hu","potentialAction":[{"@type":"ReadAction","target":["https:\/\/universofamilia.com\/sr\/aplicativos-para-medir-a-glicose\/"]}]},{"@type":"ImageObject","inLanguage":"hu","@id":"https:\/\/universofamilia.com\/sr\/aplicativos-para-medir-a-glicose\/#primaryimage","url":"https:\/\/universofamilia.com\/wp-content\/uploads\/sites\/148\/2024\/04\/P-550x350-3-7.jpg","contentUrl":"https:\/\/universofamilia.com\/wp-content\/uploads\/sites\/148\/2024\/04\/P-550x350-3-7.jpg","width":550,"height":350,"caption":"\ud83d\udcf1 Aplicativos para Medir a Glicose"},{"@type":"BreadcrumbList","@id":"https:\/\/universofamilia.com\/sr\/aplicativos-para-medir-a-glicose\/#breadcrumb","itemListElement":[{"@type":"ListItem","position":1,"name":"Home","item":"https:\/\/universofamilia.com\/el\/"},{"@type":"ListItem","position":2,"name":"\ud83d\udcf1 Aplicativos para Medir a Glicose"}]},{"@type":"WebSite","@id":"https:\/\/universofamilia.com\/el\/#website","url":"https:\/\/universofamilia.com\/el\/","name":"Universo Fam\u00edlia","description":"","potentialAction":[{"@type":"SearchAction","target":{"@type":"EntryPoint","urlTemplate":"https:\/\/universofamilia.com\/el\/?s={search_term_string}"},"query-input":"required name=search_term_string"}],"inLanguage":"hu"},{"@type":"Person","@id":"https:\/\/universofamilia.com\/el\/#\/schema\/person\/f07ce98187dd84d31154262e79b3b7ca","name":"Pedro Henrique","image":{"@type":"ImageObject","inLanguage":"hu","@id":"https:\/\/universofamilia.com\/el\/#\/schema\/person\/image\/","url":"https:\/\/secure.gravatar.com\/avatar\/9edfeb808cb4e1599f64d6e45b130154?s=96&d=mm&r=g","contentUrl":"https:\/\/secure.gravatar.com\/avatar\/9edfeb808cb4e1599f64d6e45b130154?s=96&d=mm&r=g","caption":"Pedro Henrique"},"url":"https:\/\/universofamilia.com\/hu\/author\/editor01\/"}]}},"_links":{"self":[{"href":"https:\/\/universofamilia.com\/hu\/wp-json\/wp\/v2\/posts\/5734"}],"collection":[{"href":"https:\/\/universofamilia.com\/hu\/wp-json\/wp\/v2\/posts"}],"about":[{"href":"https:\/\/universofamilia.com\/hu\/wp-json\/wp\/v2\/types\/post"}],"author":[{"embeddable":true,"href":"https:\/\/universofamilia.com\/hu\/wp-json\/wp\/v2\/users\/139"}],"replies":[{"embeddable":true,"href":"https:\/\/universofamilia.com\/hu\/wp-json\/wp\/v2\/comments?post=5734"}],"version-history":[{"count":1,"href":"https:\/\/universofamilia.com\/hu\/wp-json\/wp\/v2\/posts\/5734\/revisions"}],"predecessor-version":[{"id":9662,"href":"https:\/\/universofamilia.com\/hu\/wp-json\/wp\/v2\/posts\/5734\/revisions\/9662"}],"wp:featuredmedia":[{"embeddable":true,"href":"https:\/\/universofamilia.com\/hu\/wp-json\/wp\/v2\/media\/5735"}],"wp:attachment":[{"href":"https:\/\/universofamilia.com\/hu\/wp-json\/wp\/v2\/media?parent=5734"}],"wp:term":[{"taxonomy":"category","embeddable":true,"href":"https:\/\/universofamilia.com\/hu\/wp-json\/wp\/v2\/categories?post=5734"},{"taxonomy":"post_tag","embeddable":true,"href":"https:\/\/universofamilia.com\/hu\/wp-json\/wp\/v2\/tags?post=5734"}],"curies":[{"name":"wp","href":"https:\/\/api.w.org\/{rel}","templated":true}]}}